{"id":1049,"date":"2024-05-09T23:06:16","date_gmt":"2024-05-09T23:06:16","guid":{"rendered":"https:\/\/hueleaazufre.com\/wordpress_a\/?p=1049"},"modified":"2024-05-17T00:52:00","modified_gmt":"2024-05-17T00:52:00","slug":"colombia-crisis-total-de-la-paz","status":"publish","type":"post","link":"https:\/\/hueleaazufre.com\/wordpress_a\/index.php\/2024\/05\/09\/colombia-crisis-total-de-la-paz\/","title":{"rendered":"Colombia, crisis total de la Paz."},"content":{"rendered":"<p>&nbsp;<\/p>\n<p>Mucho hemos hablado en estos d\u00edas de la crisis en la Mesa de di\u00e1logos entre el Gobierno colombiano y el Ej\u00e9rcito de Liberaci\u00f3n Nacional (ELN) por la importancia que reviste este proceso no s\u00f3lo para Colombia sino para toda la regi\u00f3n y entendiendo que esa Paz no es algo que se pueda pactar entre el gobierno de turno y los grupos armados insurgentes, mucho menos con los delincuenciales, sino una construcci\u00f3n hist\u00f3rica en la que el protagonista debe ser el Pueblo colombiano, lo que implica que el Pueblo debe tener la posibilidad de organizarse con consciencia en la defensa de sus intereses, es decir, de convertirse en Poder Popular.<\/p>\n<p>Por eso, el llamado a la \u201cPaz Total\u201d del primer gobierno progresista de Colombia gener\u00f3 muchas expectativas, pues se aspiraba que \u00e9ste pudiera realmente llegar a ser una expresi\u00f3n de ese poder y que lograse una correlaci\u00f3n de fuerzas suficientemente favorable para dirigir el Estado y su transformaci\u00f3n.<\/p>\n<p>Sin embargo la Mesa de Di\u00e1logos, se encontr\u00f3 recientemente ante su crisis m\u00e1s importante. La reuni\u00f3n extraordinaria entre las delegaciones del gobierno colombiano y el ej\u00e9rcito de liberaci\u00f3n nacional desarrollada en Caracas a mediados de abril de este a\u00f1o termin\u00f3 sin arrojar humo blanco y su \u00fanica conclusi\u00f3n fue la de proyectar una pr\u00f3xima cita para recibir el documento final del Comit\u00e9 Nacional de Participaci\u00f3n, condenar el asesinato del l\u00edder social del Coordinador Nacional Agrario, Narciso Bele\u00f1o y respaldar a M\u00e9xico por la inusitada violaci\u00f3n de su Embajada en Ecuador.<\/p>\n<p>Luego de unos d\u00edas la Jefa de la Delegaci\u00f3n de Paz del Gobierno y el Senador Iv\u00e1n Cepeda publicaron una <a href=\"https:\/\/www.noticiasrcn.com\/colombia\/piden-a-petro-definir-la-continuidad-del-proceso-de-paz-con-eln-687530\">carta<\/a> al presidente Gustavo Petro con la que se conseguir\u00eda superar ese escollo, pero que signific\u00f3 en s\u00ed misma un desconocimiento a la oficina del Alto Comisionado y ex Jefe de la Delegaci\u00f3n de Paz del Gobierno, Otty Pati\u00f1o cuyo actual rol resulta difuso. Ahora, una nueva crisis se genera tras el anuncio del ELN de retomar las retenciones con fines econ\u00f3micos.<\/p>\n<p>Pero hoy los problemas m\u00e1s preocupantes para la Mesa de Di\u00e1logos tienen que ver con una <a href=\"https:\/\/youtu.be\/OauICdcv_BE?si=B4k3FwMazn4Pwk4B\">crisis<\/a> m\u00e1s org\u00e1nica que impacta directamente en la posibilidad de lograr la Paz de Colombia: la inestabilidad del gobierno que hoy se encuentra a las puertas de un golpe de Estado y que en dos a\u00f1os no ha logrado tener el poder suficiente para gobernar, mucho menos para realmente dirigir el Estado y las transformaciones estructurales que requiere para superar el conflicto social y armado.<\/p>\n<p>Prueba m\u00ednima de ello ha sido la imposibilidad de sacar adelante las reformas legales que ha planteado y que tocan importantes intereses econ\u00f3micos enquistados en el pa\u00eds, as\u00ed como la imposibilidad de cumplir promesas de campa\u00f1a, entre ellas la eliminaci\u00f3n del Escuadr\u00f3n M\u00f3vil Antidisturbios de la Polic\u00eda, al que simplemente logr\u00f3 reestructurar, y la liberaci\u00f3n de los muchachos y muchachas de la primera l\u00ednea de los levantamientos populares del 2021. Y aunque logr\u00f3 un cambio dif\u00edcil en la Fiscal\u00eda General de la Naci\u00f3n, en parte de la c\u00fapula de las Fuerzas Militares y ha logrado implementar algunas pol\u00edticas en favor de los intereses populares, no ha podido construir una estructura de gobierno diferente y por ejemplo, ayer mismo, la Corte Constitucional <a href=\"https:\/\/www.rtvcnoticias.com\/ministerio-de-la-igualdad-corte-constitucional\">dictamin\u00f3<\/a> que para el 2026 ya no existir\u00e1 el Ministerio de la Igualdad, que hoy dirige la vice presidenta Francia M\u00e1rquez quien por cierto, se ha invisibilizado en la pol\u00edtica nacional.<\/p>\n<p>M\u00e1s grave a\u00fan, a estas alturas cuando apenas faltan dos a\u00f1os para terminar el mandato, el propio presidente Petro denuncia un golpe de Estado en ejecuci\u00f3n por v\u00eda de un lawfare. Hay que recordar que Gustavo Petro sabe lo que dice cuando hace esta denuncia porque una operaci\u00f3n de guerra jur\u00eddica logr\u00f3 <a href=\"https:\/\/www.eltiempo.com\/archivo\/documento\/CMS-13873902\">destituirlo temporalmente<\/a> del cargo de Alcalde de Bogot\u00e1 a finales del 2013.<\/p>\n<p>La posibilidad de que este golpe blando se concrete y se le retire del cargo de Presidente de la Rep\u00fablica e incluso se le inhabilite para otros cargos, es real. Adem\u00e1s, el pa\u00eds se encuentra casi exactamente a dos a\u00f1os de las pr\u00f3ximas elecciones presidenciales y el presidente Petro ha reiterado su negativa a usar cualquier estrategia legal que le permita continuar por un per\u00edodo m\u00e1s en el Palacio de Nari\u00f1o.<\/p>\n<p>Por destituci\u00f3n o por t\u00e9rmino de mandato, lo cierto es que el Pacto Hist\u00f3rico no tiene hasta ahora ninguna propuesta para la de antemano dif\u00edcil tarea de sustituir a Petro y esa es una gran debilidad para el cambio hist\u00f3rico que reclamaron las protestas que este gobierno se propuso encarnar.<\/p>\n<p>Parece imposible que ingenuamente alguien haya pensado que las transformaciones estructurales que le urgen al pa\u00eds se iban a concretar en un periodo de cuatro a\u00f1os. Menos a\u00fan, cuando las grandes mafias de las corporaciones medi\u00e1ticas en Colombia contin\u00faan bombardeando a la opini\u00f3n p\u00fablica y el gobierno no ha desarrollado una verdadera pol\u00edtica comunicacional para confrontarlas.<\/p>\n<p>Volviendo a la Mesa por ejemplo, lo aqu\u00ed reflexionado hace que el gobierno luzca como un negociador d\u00e9bil. Cabe preguntarse c\u00f3mo podr\u00eda garantizar que cualquier acuerdo que se firme hoy con el ELN, o con cualquier otra organizaci\u00f3n armada, se va a poder cumplir en un a\u00f1o, dos o diez. Si lo pactado en el 2016 entre las FARC-EP y Juan Manuel Santos fue incumplido en principio por el propio gobierno del Partido de la U y luego desconocido por el de Iv\u00e1n Duque, por qu\u00e9 alguien podr\u00eda pensar que lo que firme el gobierno actual podr\u00eda sobrevivir a un eventual regreso del uribismo a la presidencia.<\/p>\n<p>Y aqu\u00ed hay que entrar a evaluar el impacto de la situaci\u00f3n geopol\u00edtica inmediata, porque hay una gran probabilidad de que en las elecciones de noviembre de este a\u00f1o en los Estados Unidos, \u00a0el siempre previsible retorno de Trump a la presidencia se concrete. Eso fortalecer\u00eda a los gobiernos ultra derechistas que se han venido posicionando en Nuestra Am\u00e9rica, como el de Milei en Argentina, Bukele en El Salvador, Noboa en Ecuador y el recientemente electo presidente de Panam\u00e1, Mulino, estos \u00faltimos pa\u00edses fronterizos con Colombia. As\u00ed que, aunque el actual gobierno logre terminar tranquilamente este periodo, el cambio en la correlaci\u00f3n de fuerzas internacionales impulsar\u00eda el regreso del uribismo a la presidencia de Colombia y del bolsonarismo en Brasil en el 2026, indiferentemente de qui\u00e9nes representen para ese entonces a dichas doctrinas ultraderechistas en ambos pa\u00edses.<\/p>\n<p>En ese mismo sentido, tal como otras concesiones dadas a partidos tradicionales dentro del gobierno han generado los m\u00e1s grandes esc\u00e1ndalos de corrupci\u00f3n que hoy utiliza la oposici\u00f3n en su contra, la desafortunada llegada de Murillo como cuota de Juan Manuel Santos a la Canciller\u00eda de Colombia, marc\u00f3 un retroceso en la pol\u00edtica exterior colombiana, al enturbiar las relaciones con Venezuela.<\/p>\n<p>Pero lo m\u00e1s definitivo de todo, es que los Estados Unidos, la OTAN y el sionismo siguen teniendo el mismo poder econ\u00f3mico y militar que han tenido siempre en Colombia y es f\u00e1cilmente deducible que el lobby sionista est\u00e9 operando actualmente contra Petro, luego de la valiente decisi\u00f3n de romper las relaciones diplom\u00e1ticas y comerciales con Israel.<\/p>\n<p>La ejecuci\u00f3n del proyecto comprometido hace 8 a\u00f1os con los Estados Unidos en la Isla Gorgona, la apertura de una oficina de la Polic\u00eda de Nueva York en Bogot\u00e1 y la permanencia incuestionada de Colombia dentro de la OTAN en calidad de \u201csocio global\u201d, muestran que la injerencia de esos poderes se mantiene. Tambi\u00e9n es evidente que el pa\u00eds contin\u00faa en el triste papel de ser la base militar estadounidense m\u00e1s grande en la regi\u00f3n al servicio de los intereses imperialistas, sigue siendo depredada por las trasnacionales y permanece como enclave del narcotr\u00e1fico. En consecuencia, el paramilitarismo ha aumentado, llegando a lugares en los que nunca antes hab\u00eda logrado posicionarse con una nueva modalidad de relacionamiento con las comunidades, que reconfigura su accionar y complejiza a\u00fan m\u00e1s la situaci\u00f3n en los territorios.<\/p>\n<p>Es precisamente all\u00ed, en los territorios de Colombia donde la Paz cuesta la vida. Donde han sido asesinados y asesinadas m\u00e1s de 400 firmantes del acuerdo de Paz entre las FARC EP y el Estado colombiano desde el 2016, donde contin\u00faa el proceso genocida contra l\u00edderes y lideresas sociales, entre ellos Bele\u00f1o, presidente de la Federaci\u00f3n Agrominera del Sur de Bol\u00edvar (Fedeagromisbol), asesinado recientemente por paramilitares unos d\u00edas despu\u00e9s de que \u00e9ste organizara un espacio de participaci\u00f3n social en torno a la Mesa de Di\u00e1logos entre el Gobierno y el ELN.<\/p>\n<p>En suma, las miles de personas que han decidido responder al llamado a participar en esa Mesa de di\u00e1logos, y en particular quienes integran ese interesant\u00edsimo espacio de participaci\u00f3n popular que es el Comit\u00e9 Nacional de Participaci\u00f3n, arriesgan su vida porque no hay garant\u00edas para la participaci\u00f3n social cuando el paramilitarismo se multiplica. Incluso representantes del Pacto Hist\u00f3rico en las regiones han sido asesinadas en los \u00faltimos meses.<\/p>\n<p>El fortalecimiento del paramilitarismo, tambi\u00e9n tiene mucho que ver con el hecho de que hasta el momento no se ha impulsado ning\u00fan cambio en la doctrina militar de Colombia.<\/p>\n<p>En fin, la crisis actual trasciende a la Mesa de Di\u00e1logos entre el gobierno y el ELN. Es el proyecto hist\u00f3rico de Paz en Colombia el que se tambalea.<\/p>\n<p>Ayer, durante un excelente <a href=\"https:\/\/www.youtube.com\/watch?v=p-JIZ1SzifM\">discurso<\/a> dado en Cartagena, donde disert\u00f3 sobre la desigualdad y la historia pol\u00edtica del pa\u00eds, \u00a0el presidente Petro denunci\u00f3 p\u00fablicamente que el golpe de Estado en su contra ha comenzado y lanz\u00f3 una alerta nacional e internacional, convocando a la movilizaci\u00f3n en defensa de la democracia en Colombia.<\/p>\n<p><em>\u201cEra muy dif\u00edcil que estos poderes mafiosos de la corrupci\u00f3n, lo que \u00c1lvaro G\u00f3mez Hurtado llam\u00f3 el r\u00e9gimen de la corrupci\u00f3n en Colombia, acostumbrado al genocidio sobre el pueblo y acostumbrados a concentrar la riqueza nacional en sus propias manos y\u00a0 rob\u00e1rsela, dejando el hambre detr\u00e1s de s\u00ed y dejando la muerte, fuese a aceptar que alguien que no es de ellos, que alguien que es del pueblo, que haya triunfado en las elecciones limpiamente con la mayor\u00eda popular, con el voto chocoano, nari\u00f1ense, caucano, del litoral pac\u00edfico, con el voto bogotano de los barrios populares, de los obreros y obreras, con el voto de la juventud masiva, con el voto de nuestro Caribe libertario, lo fuesen a dejar gobernar en Paz. No son capaces, no son capaces de aceptar la democracia\u2026\u201d<\/em><\/p>\n<p>El presidente Petro parece haber descrito hermosamente \u201cel hilo negro\u201d, al caracterizar una verdad obvia para la izquierda colombiana que a pesar de ello, decidi\u00f3 acompa\u00f1ar su gobierno por considerarlo una gran oportunidad hist\u00f3rica para el pueblo.<\/p>\n<p>Al final, se hizo evidente que negociar y conciliar con la oligarqu\u00eda m\u00e1s violenta del continente para tratar de gobernar, ofreciendo incluso espacios en el poder ejecutivo, no funciona.<\/p>\n<p>En momentos como estos los gobiernos progresistas tienen dos opciones, o profundizan el Poder Popular, agudizan las contradicciones con las oligarqu\u00edas y recuperan la soberan\u00eda de las garras del imperialismo, asumiendo las batallas que vendr\u00e1n o contin\u00faan cediendo hasta mimetizarse con los gobiernos tradicionales y defraudan las expectativas que les llevaron hasta all\u00ed.<\/p>\n<p>Por su parte, el Pueblo, como sujeto hist\u00f3rico definitivo, ser\u00e1 quien decida si empuja y acompa\u00f1a con fuerza al gobierno en una radicalizaci\u00f3n del cambio o si por el contrario se resigna a la imposibilidad de transformar el pa\u00eds. En \u00faltimas, tambi\u00e9n puede optar entre dejarse guiar o ir a la vanguardia en defensa del anhelo de una Colombia en Paz.<\/p>\n<p>En esta coyuntura, Petro ha reiterado la convocatoria al Poder Constituyente, lo que resulta alentador, aunque a\u00fan sea una propuesta poco clara. Invocar los poderes creadores del pueblo, puede ser un avance verdaderamente revolucionario que no s\u00f3lo garantice la estabilidad del gobierno y su continuidad, sino que adem\u00e1s profundice las transformaciones que requiere la Paz, en tanto haya voluntad pol\u00edtica real del gobierno y del otro lado, consciencia, capacidad organizativa y sabidur\u00eda para la dif\u00edcil unidad popular.<\/p>\n<p>Ante esta grave situaci\u00f3n, lo \u00fanico que no se puede permitir el pueblo colombiano, ni sus hermanos vecinos, es la indiferencia, porque ella traer\u00eda consigo m\u00e1s y nuevos escenarios de guerra para toda Nuestra Am\u00e9rica.<\/p>\n<p>&nbsp;<\/p>\n<p><strong>Autora: Mar\u00eda Fernanda Barreto.<\/strong><\/p>\n","protected":false},"excerpt":{"rendered":"<p>&nbsp; Mucho hemos hablado en estos d\u00edas de la crisis en la Mesa de di\u00e1logos&#8230;<\/p>\n","protected":false},"author":1,"featured_media":1050,"comment_status":"open","ping_status":"closed","sticky":false,"template":"","format":"standard","meta":{"footnotes":""},"categories":[69,1],"tags":[262],"class_list":["post-1049","post","type-post","status-publish","format-standard","has-post-thumbnail","hentry","category-exclusivo","category-maria-fernanda-barreto","tag-colombia-petro-paztotal-paz"],"yoast_head":"<!-- This site is optimized with the Yoast SEO plugin v27.5 - https:\/\/yoast.com\/product\/yoast-seo-wordpress\/ -->\n<title>Colombia, crisis total de la Paz. -<\/title>\n<meta name=\"robots\" content=\"index, follow, max-snippet:-1, max-image-preview:large, max-video-preview:-1\" \/>\n<link rel=\"canonical\" href=\"https:\/\/hueleaazufre.com\/wordpress_a\/index.php\/2024\/05\/09\/colombia-crisis-total-de-la-paz\/\" \/>\n<meta property=\"og:locale\" content=\"es_ES\" \/>\n<meta property=\"og:type\" content=\"article\" \/>\n<meta property=\"og:title\" content=\"Colombia, crisis total de la Paz. -\" \/>\n<meta property=\"og:description\" content=\"&nbsp; Mucho hemos hablado en estos d\u00edas de la crisis en la Mesa de di\u00e1logos...\" \/>\n<meta property=\"og:url\" content=\"https:\/\/hueleaazufre.com\/wordpress_a\/index.php\/2024\/05\/09\/colombia-crisis-total-de-la-paz\/\" \/>\n<meta property=\"article:published_time\" content=\"2024-05-09T23:06:16+00:00\" \/>\n<meta property=\"article:modified_time\" content=\"2024-05-17T00:52:00+00:00\" \/>\n<meta property=\"og:image\" content=\"https:\/\/hueleaazufre.com\/wordpress_a\/wp-content\/uploads\/2024\/05\/Petro.jpg\" \/>\n\t<meta property=\"og:image:width\" content=\"600\" \/>\n\t<meta property=\"og:image:height\" content=\"338\" \/>\n\t<meta property=\"og:image:type\" content=\"image\/jpeg\" \/>\n<meta name=\"author\" content=\"Huele a azufre\" \/>\n<meta name=\"twitter:card\" content=\"summary_large_image\" \/>\n<meta name=\"twitter:label1\" content=\"Escrito por\" \/>\n\t<meta name=\"twitter:data1\" content=\"Huele a azufre\" \/>\n\t<meta name=\"twitter:label2\" content=\"Tiempo de lectura\" \/>\n\t<meta name=\"twitter:data2\" content=\"10 minutos\" \/>\n<script type=\"application\/ld+json\" class=\"yoast-schema-graph\">{\"@context\":\"https:\\\/\\\/schema.org\",\"@graph\":[{\"@type\":\"Article\",\"@id\":\"https:\\\/\\\/hueleaazufre.com\\\/wordpress_a\\\/index.php\\\/2024\\\/05\\\/09\\\/colombia-crisis-total-de-la-paz\\\/#article\",\"isPartOf\":{\"@id\":\"https:\\\/\\\/hueleaazufre.com\\\/wordpress_a\\\/index.php\\\/2024\\\/05\\\/09\\\/colombia-crisis-total-de-la-paz\\\/\"},\"author\":{\"name\":\"Huele a azufre\",\"@id\":\"https:\\\/\\\/hueleaazufre.com\\\/wordpress_a\\\/#\\\/schema\\\/person\\\/549dd871707ea7f9f1a686323ebe9baa\"},\"headline\":\"Colombia, crisis total de la Paz.\",\"datePublished\":\"2024-05-09T23:06:16+00:00\",\"dateModified\":\"2024-05-17T00:52:00+00:00\",\"mainEntityOfPage\":{\"@id\":\"https:\\\/\\\/hueleaazufre.com\\\/wordpress_a\\\/index.php\\\/2024\\\/05\\\/09\\\/colombia-crisis-total-de-la-paz\\\/\"},\"wordCount\":2176,\"commentCount\":2,\"image\":{\"@id\":\"https:\\\/\\\/hueleaazufre.com\\\/wordpress_a\\\/index.php\\\/2024\\\/05\\\/09\\\/colombia-crisis-total-de-la-paz\\\/#primaryimage\"},\"thumbnailUrl\":\"https:\\\/\\\/hueleaazufre.com\\\/wordpress_a\\\/wp-content\\\/uploads\\\/2024\\\/05\\\/Petro.jpg\",\"keywords\":[\"#Colombia #Petro #PazTotal #Paz\"],\"articleSection\":[\"Exclusivo\",\"Mar\u00eda Fernanda Barreto\"],\"inLanguage\":\"es\",\"potentialAction\":[{\"@type\":\"CommentAction\",\"name\":\"Comment\",\"target\":[\"https:\\\/\\\/hueleaazufre.com\\\/wordpress_a\\\/index.php\\\/2024\\\/05\\\/09\\\/colombia-crisis-total-de-la-paz\\\/#respond\"]}]},{\"@type\":\"WebPage\",\"@id\":\"https:\\\/\\\/hueleaazufre.com\\\/wordpress_a\\\/index.php\\\/2024\\\/05\\\/09\\\/colombia-crisis-total-de-la-paz\\\/\",\"url\":\"https:\\\/\\\/hueleaazufre.com\\\/wordpress_a\\\/index.php\\\/2024\\\/05\\\/09\\\/colombia-crisis-total-de-la-paz\\\/\",\"name\":\"Colombia, crisis total de la Paz. -\",\"isPartOf\":{\"@id\":\"https:\\\/\\\/hueleaazufre.com\\\/wordpress_a\\\/#website\"},\"primaryImageOfPage\":{\"@id\":\"https:\\\/\\\/hueleaazufre.com\\\/wordpress_a\\\/index.php\\\/2024\\\/05\\\/09\\\/colombia-crisis-total-de-la-paz\\\/#primaryimage\"},\"image\":{\"@id\":\"https:\\\/\\\/hueleaazufre.com\\\/wordpress_a\\\/index.php\\\/2024\\\/05\\\/09\\\/colombia-crisis-total-de-la-paz\\\/#primaryimage\"},\"thumbnailUrl\":\"https:\\\/\\\/hueleaazufre.com\\\/wordpress_a\\\/wp-content\\\/uploads\\\/2024\\\/05\\\/Petro.jpg\",\"datePublished\":\"2024-05-09T23:06:16+00:00\",\"dateModified\":\"2024-05-17T00:52:00+00:00\",\"author\":{\"@id\":\"https:\\\/\\\/hueleaazufre.com\\\/wordpress_a\\\/#\\\/schema\\\/person\\\/549dd871707ea7f9f1a686323ebe9baa\"},\"breadcrumb\":{\"@id\":\"https:\\\/\\\/hueleaazufre.com\\\/wordpress_a\\\/index.php\\\/2024\\\/05\\\/09\\\/colombia-crisis-total-de-la-paz\\\/#breadcrumb\"},\"inLanguage\":\"es\",\"potentialAction\":[{\"@type\":\"ReadAction\",\"target\":[\"https:\\\/\\\/hueleaazufre.com\\\/wordpress_a\\\/index.php\\\/2024\\\/05\\\/09\\\/colombia-crisis-total-de-la-paz\\\/\"]}]},{\"@type\":\"ImageObject\",\"inLanguage\":\"es\",\"@id\":\"https:\\\/\\\/hueleaazufre.com\\\/wordpress_a\\\/index.php\\\/2024\\\/05\\\/09\\\/colombia-crisis-total-de-la-paz\\\/#primaryimage\",\"url\":\"https:\\\/\\\/hueleaazufre.com\\\/wordpress_a\\\/wp-content\\\/uploads\\\/2024\\\/05\\\/Petro.jpg\",\"contentUrl\":\"https:\\\/\\\/hueleaazufre.com\\\/wordpress_a\\\/wp-content\\\/uploads\\\/2024\\\/05\\\/Petro.jpg\",\"width\":600,\"height\":338},{\"@type\":\"BreadcrumbList\",\"@id\":\"https:\\\/\\\/hueleaazufre.com\\\/wordpress_a\\\/index.php\\\/2024\\\/05\\\/09\\\/colombia-crisis-total-de-la-paz\\\/#breadcrumb\",\"itemListElement\":[{\"@type\":\"ListItem\",\"position\":1,\"name\":\"Portada\",\"item\":\"https:\\\/\\\/hueleaazufre.com\\\/wordpress_a\\\/\"},{\"@type\":\"ListItem\",\"position\":2,\"name\":\"Colombia, crisis total de la Paz.\"}]},{\"@type\":\"WebSite\",\"@id\":\"https:\\\/\\\/hueleaazufre.com\\\/wordpress_a\\\/#website\",\"url\":\"https:\\\/\\\/hueleaazufre.com\\\/wordpress_a\\\/\",\"name\":\"\",\"description\":\"Huele a azufre es una plataforma digital de an\u00e1lisis geopol\u00edtico.\",\"potentialAction\":[{\"@type\":\"SearchAction\",\"target\":{\"@type\":\"EntryPoint\",\"urlTemplate\":\"https:\\\/\\\/hueleaazufre.com\\\/wordpress_a\\\/?s={search_term_string}\"},\"query-input\":{\"@type\":\"PropertyValueSpecification\",\"valueRequired\":true,\"valueName\":\"search_term_string\"}}],\"inLanguage\":\"es\"},{\"@type\":\"Person\",\"@id\":\"https:\\\/\\\/hueleaazufre.com\\\/wordpress_a\\\/#\\\/schema\\\/person\\\/549dd871707ea7f9f1a686323ebe9baa\",\"name\":\"Huele a azufre\",\"image\":{\"@type\":\"ImageObject\",\"inLanguage\":\"es\",\"@id\":\"https:\\\/\\\/secure.gravatar.com\\\/avatar\\\/e972d5c124b9bf80eb4c9d322a90dd86a59d447f5da36700a77516f13637d44e?s=96&d=mm&r=g\",\"url\":\"https:\\\/\\\/secure.gravatar.com\\\/avatar\\\/e972d5c124b9bf80eb4c9d322a90dd86a59d447f5da36700a77516f13637d44e?s=96&d=mm&r=g\",\"contentUrl\":\"https:\\\/\\\/secure.gravatar.com\\\/avatar\\\/e972d5c124b9bf80eb4c9d322a90dd86a59d447f5da36700a77516f13637d44e?s=96&d=mm&r=g\",\"caption\":\"Huele a azufre\"},\"description\":\"Huele a azufre es una plataforma digital de an\u00e1lisis geopol\u00edtico\u00a0 contrahegem\u00f3nico, que busca visibilizar las voces y los discursos silenciados por el poder medi\u00e1tico.\",\"sameAs\":[\"https:\\\/\\\/hueleaazufre.com\\\/wordpress_a\"],\"url\":\"https:\\\/\\\/hueleaazufre.com\\\/wordpress_a\\\/index.php\\\/author\\\/admin_tupapa\\\/\"}]}<\/script>\n<!-- \/ Yoast SEO plugin. -->","yoast_head_json":{"title":"Colombia, crisis total de la Paz. -","robots":{"index":"index","follow":"follow","max-snippet":"max-snippet:-1","max-image-preview":"max-image-preview:large","max-video-preview":"max-video-preview:-1"},"canonical":"https:\/\/hueleaazufre.com\/wordpress_a\/index.php\/2024\/05\/09\/colombia-crisis-total-de-la-paz\/","og_locale":"es_ES","og_type":"article","og_title":"Colombia, crisis total de la Paz. -","og_description":"&nbsp; Mucho hemos hablado en estos d\u00edas de la crisis en la Mesa de di\u00e1logos...","og_url":"https:\/\/hueleaazufre.com\/wordpress_a\/index.php\/2024\/05\/09\/colombia-crisis-total-de-la-paz\/","article_published_time":"2024-05-09T23:06:16+00:00","article_modified_time":"2024-05-17T00:52:00+00:00","og_image":[{"width":600,"height":338,"url":"https:\/\/hueleaazufre.com\/wordpress_a\/wp-content\/uploads\/2024\/05\/Petro.jpg","type":"image\/jpeg"}],"author":"Huele a azufre","twitter_card":"summary_large_image","twitter_misc":{"Escrito por":"Huele a azufre","Tiempo de lectura":"10 minutos"},"schema":{"@context":"https:\/\/schema.org","@graph":[{"@type":"Article","@id":"https:\/\/hueleaazufre.com\/wordpress_a\/index.php\/2024\/05\/09\/colombia-crisis-total-de-la-paz\/#article","isPartOf":{"@id":"https:\/\/hueleaazufre.com\/wordpress_a\/index.php\/2024\/05\/09\/colombia-crisis-total-de-la-paz\/"},"author":{"name":"Huele a azufre","@id":"https:\/\/hueleaazufre.com\/wordpress_a\/#\/schema\/person\/549dd871707ea7f9f1a686323ebe9baa"},"headline":"Colombia, crisis total de la Paz.","datePublished":"2024-05-09T23:06:16+00:00","dateModified":"2024-05-17T00:52:00+00:00","mainEntityOfPage":{"@id":"https:\/\/hueleaazufre.com\/wordpress_a\/index.php\/2024\/05\/09\/colombia-crisis-total-de-la-paz\/"},"wordCount":2176,"commentCount":2,"image":{"@id":"https:\/\/hueleaazufre.com\/wordpress_a\/index.php\/2024\/05\/09\/colombia-crisis-total-de-la-paz\/#primaryimage"},"thumbnailUrl":"https:\/\/hueleaazufre.com\/wordpress_a\/wp-content\/uploads\/2024\/05\/Petro.jpg","keywords":["#Colombia #Petro #PazTotal #Paz"],"articleSection":["Exclusivo","Mar\u00eda Fernanda Barreto"],"inLanguage":"es","potentialAction":[{"@type":"CommentAction","name":"Comment","target":["https:\/\/hueleaazufre.com\/wordpress_a\/index.php\/2024\/05\/09\/colombia-crisis-total-de-la-paz\/#respond"]}]},{"@type":"WebPage","@id":"https:\/\/hueleaazufre.com\/wordpress_a\/index.php\/2024\/05\/09\/colombia-crisis-total-de-la-paz\/","url":"https:\/\/hueleaazufre.com\/wordpress_a\/index.php\/2024\/05\/09\/colombia-crisis-total-de-la-paz\/","name":"Colombia, crisis total de la Paz. -","isPartOf":{"@id":"https:\/\/hueleaazufre.com\/wordpress_a\/#website"},"primaryImageOfPage":{"@id":"https:\/\/hueleaazufre.com\/wordpress_a\/index.php\/2024\/05\/09\/colombia-crisis-total-de-la-paz\/#primaryimage"},"image":{"@id":"https:\/\/hueleaazufre.com\/wordpress_a\/index.php\/2024\/05\/09\/colombia-crisis-total-de-la-paz\/#primaryimage"},"thumbnailUrl":"https:\/\/hueleaazufre.com\/wordpress_a\/wp-content\/uploads\/2024\/05\/Petro.jpg","datePublished":"2024-05-09T23:06:16+00:00","dateModified":"2024-05-17T00:52:00+00:00","author":{"@id":"https:\/\/hueleaazufre.com\/wordpress_a\/#\/schema\/person\/549dd871707ea7f9f1a686323ebe9baa"},"breadcrumb":{"@id":"https:\/\/hueleaazufre.com\/wordpress_a\/index.php\/2024\/05\/09\/colombia-crisis-total-de-la-paz\/#breadcrumb"},"inLanguage":"es","potentialAction":[{"@type":"ReadAction","target":["https:\/\/hueleaazufre.com\/wordpress_a\/index.php\/2024\/05\/09\/colombia-crisis-total-de-la-paz\/"]}]},{"@type":"ImageObject","inLanguage":"es","@id":"https:\/\/hueleaazufre.com\/wordpress_a\/index.php\/2024\/05\/09\/colombia-crisis-total-de-la-paz\/#primaryimage","url":"https:\/\/hueleaazufre.com\/wordpress_a\/wp-content\/uploads\/2024\/05\/Petro.jpg","contentUrl":"https:\/\/hueleaazufre.com\/wordpress_a\/wp-content\/uploads\/2024\/05\/Petro.jpg","width":600,"height":338},{"@type":"BreadcrumbList","@id":"https:\/\/hueleaazufre.com\/wordpress_a\/index.php\/2024\/05\/09\/colombia-crisis-total-de-la-paz\/#breadcrumb","itemListElement":[{"@type":"ListItem","position":1,"name":"Portada","item":"https:\/\/hueleaazufre.com\/wordpress_a\/"},{"@type":"ListItem","position":2,"name":"Colombia, crisis total de la Paz."}]},{"@type":"WebSite","@id":"https:\/\/hueleaazufre.com\/wordpress_a\/#website","url":"https:\/\/hueleaazufre.com\/wordpress_a\/","name":"","description":"Huele a azufre es una plataforma digital de an\u00e1lisis geopol\u00edtico.","potentialAction":[{"@type":"SearchAction","target":{"@type":"EntryPoint","urlTemplate":"https:\/\/hueleaazufre.com\/wordpress_a\/?s={search_term_string}"},"query-input":{"@type":"PropertyValueSpecification","valueRequired":true,"valueName":"search_term_string"}}],"inLanguage":"es"},{"@type":"Person","@id":"https:\/\/hueleaazufre.com\/wordpress_a\/#\/schema\/person\/549dd871707ea7f9f1a686323ebe9baa","name":"Huele a azufre","image":{"@type":"ImageObject","inLanguage":"es","@id":"https:\/\/secure.gravatar.com\/avatar\/e972d5c124b9bf80eb4c9d322a90dd86a59d447f5da36700a77516f13637d44e?s=96&d=mm&r=g","url":"https:\/\/secure.gravatar.com\/avatar\/e972d5c124b9bf80eb4c9d322a90dd86a59d447f5da36700a77516f13637d44e?s=96&d=mm&r=g","contentUrl":"https:\/\/secure.gravatar.com\/avatar\/e972d5c124b9bf80eb4c9d322a90dd86a59d447f5da36700a77516f13637d44e?s=96&d=mm&r=g","caption":"Huele a azufre"},"description":"Huele a azufre es una plataforma digital de an\u00e1lisis geopol\u00edtico\u00a0 contrahegem\u00f3nico, que busca visibilizar las voces y los discursos silenciados por el poder medi\u00e1tico.","sameAs":["https:\/\/hueleaazufre.com\/wordpress_a"],"url":"https:\/\/hueleaazufre.com\/wordpress_a\/index.php\/author\/admin_tupapa\/"}]}},"_links":{"self":[{"href":"https:\/\/hueleaazufre.com\/wordpress_a\/index.php\/wp-json\/wp\/v2\/posts\/1049","targetHints":{"allow":["GET"]}}],"collection":[{"href":"https:\/\/hueleaazufre.com\/wordpress_a\/index.php\/wp-json\/wp\/v2\/posts"}],"about":[{"href":"https:\/\/hueleaazufre.com\/wordpress_a\/index.php\/wp-json\/wp\/v2\/types\/post"}],"author":[{"embeddable":true,"href":"https:\/\/hueleaazufre.com\/wordpress_a\/index.php\/wp-json\/wp\/v2\/users\/1"}],"replies":[{"embeddable":true,"href":"https:\/\/hueleaazufre.com\/wordpress_a\/index.php\/wp-json\/wp\/v2\/comments?post=1049"}],"version-history":[{"count":6,"href":"https:\/\/hueleaazufre.com\/wordpress_a\/index.php\/wp-json\/wp\/v2\/posts\/1049\/revisions"}],"predecessor-version":[{"id":1056,"href":"https:\/\/hueleaazufre.com\/wordpress_a\/index.php\/wp-json\/wp\/v2\/posts\/1049\/revisions\/1056"}],"wp:featuredmedia":[{"embeddable":true,"href":"https:\/\/hueleaazufre.com\/wordpress_a\/index.php\/wp-json\/wp\/v2\/media\/1050"}],"wp:attachment":[{"href":"https:\/\/hueleaazufre.com\/wordpress_a\/index.php\/wp-json\/wp\/v2\/media?parent=1049"}],"wp:term":[{"taxonomy":"category","embeddable":true,"href":"https:\/\/hueleaazufre.com\/wordpress_a\/index.php\/wp-json\/wp\/v2\/categories?post=1049"},{"taxonomy":"post_tag","embeddable":true,"href":"https:\/\/hueleaazufre.com\/wordpress_a\/index.php\/wp-json\/wp\/v2\/tags?post=1049"}],"curies":[{"name":"wp","href":"https:\/\/api.w.org\/{rel}","templated":true}]}}