{"id":1075,"date":"2024-05-13T06:00:45","date_gmt":"2024-05-13T06:00:45","guid":{"rendered":"https:\/\/hueleaazufre.com\/wordpress_a\/?p=1075"},"modified":"2024-05-13T06:00:45","modified_gmt":"2024-05-13T06:00:45","slug":"exclusivo-medios-asesinos-cobertura-de-la-causa-palestina-en-medios-occidentales","status":"publish","type":"post","link":"https:\/\/hueleaazufre.com\/wordpress_a\/index.php\/2024\/05\/13\/exclusivo-medios-asesinos-cobertura-de-la-causa-palestina-en-medios-occidentales\/","title":{"rendered":"Exclusivo. Medios asesinos: cobertura de la causa palestina en medios occidentales"},"content":{"rendered":"<p><span style=\"font-weight: 400;\">Hay mucho asombro por la forma en que los medios de comunicaci\u00f3n y los funcionarios occidentales abordan lo que est\u00e1 sucediendo en Palestina, espec\u00edficamente, en la Franja de Gaza y la naturaleza de las \u201csoluciones\u201d que se proponen para este \u201cconflicto\u201d; incluida, por ejemplo, la limpieza \u00e9tnica que comprende la posibilidad de \u201ctransferir\u201d a los palestinos a los pa\u00edses \u00e1rabes vecinos.\u00a0<\/span><\/p>\n<p><span style=\"font-weight: 400;\">Esa <\/span><i><span style=\"font-weight: 400;\">soluci\u00f3n <\/span><\/i><span style=\"font-weight: 400;\">es, exactamente, la que han promovido en las pel\u00edculas de Hollywood, los \u00e1rabes viven en el extenso desierto, por lo que no hay problema con que se agreguen 2 millones de palestinos.\u00a0<\/span><\/p>\n<p><span style=\"font-weight: 400;\">El Estado Sionista de Israel promueve la transferencia de la poblaci\u00f3n palestina a Egipto, Siria, Irak, o incluso a la Rep\u00fablica Democr\u00e1tica del Congo \u2014que est\u00e1 a miles de kil\u00f3metros de Palestina\u2014 ya que, seg\u00fan la mentalidad racista y supremacista del sionismo, todos esos pa\u00edses son atrasados \u200b\u200by acostumbrados a las guerras y unos pocos millones de refugiados palestinos, adicionales, no supondr\u00edan una diferencia.<\/span><\/p>\n<p><span style=\"font-weight: 400;\">Todo esto no es sorprendente, por supuesto, pero al mismo tiempo es impactante. La frase pudiera resultar confusa, pero Owen Jones, periodista y escritor ingl\u00e9s de \u201cThe Guardian\u201d, no pudo encontrar una mejor manera de describir la situaci\u00f3n actual. Jones sab\u00eda que hab\u00eda cierto grado de racismo en la cobertura de los medios de su pa\u00eds, en diversos acontecimientos de Oriente Medio y \u00c1frica; pero no lleg\u00f3 a imaginar que se manifestar\u00eda con tanta claridad en 2024, sobre todo despu\u00e9s de que Occidente mostr\u00f3 \u201cgrandes avances\u201d en el camino de los derechos humanos y las libertades.<\/span><\/p>\n<p><span style=\"font-weight: 400;\">Esta contradicci\u00f3n, entre lo esperado y la realidad, de hecho, no es una contradicci\u00f3n en absoluto; \u00e9sta es la verdad que todo el mundo sabe, pero los voceros de la \u201ccivilizaci\u00f3n occidental\u201d se niegan a reconocer. La \u201ccivilizaci\u00f3n occidental\u201d no admite ning\u00fan derecho a los pueblos. Nunca hubo una decisi\u00f3n voluntaria de dicha \u201ccivilizaci\u00f3n\u201d, derivada del sentimiento humano.\u00a0<\/span><\/p>\n<p><span style=\"font-weight: 400;\">Los supuestos \u201cgrandes avances\u201d parecen una elecci\u00f3n consciente, precedida por una admisi\u00f3n de error y serios intentos de purificar y expiar siglos de cr\u00edmenes \u2014esclavitud directa, limpieza \u00e9tnica, saqueo, genocidio\u2014 pero en realidad son una derrota de uno de los modelos de dominio capitalista occidental.<\/span><\/p>\n<p><span style=\"font-weight: 400;\">Esta introducci\u00f3n es muy importante para interpretar el fen\u00f3meno del racismo de los medios de comunicaci\u00f3n en torno a la causa palestina. Y tambi\u00e9n para comprender sus antecedentes.\u00a0<\/span><\/p>\n<p><b>Voces de la derecha ampliadas por los medios<\/b><\/p>\n<p><span style=\"font-weight: 400;\">Cientos de los periodistas, corresponsales y locutores de los principales medios de comunicaci\u00f3n occidentales llenos de racismo, ignorancia y hasta desprecio sobre los palestinos \u2014y otros pueblos\u2014 no aparecieron repentinamente de la nada; tampoco fueron creados para necesidades excepcionales de emergencia. Ellos son voceros de la derecha que creen firmemente en sus postulados y que adem\u00e1s tienen la oportunidad de revelar su pensamiento porque se les permite.<\/span><\/p>\n<p><span style=\"font-weight: 400;\">Ya en este momento circulan numerosos intentos de documentar el sesgo y de transformar los argumentos verbales en cifras s\u00f3lidas, que son dif\u00edciles de negar o discutir. Uno de esos intentos es el de Mona Shalabi, periodista inglesa y escritora para medios ingleses como \u201cThe Guardian\u201d, entre otros. Ella analiz\u00f3 la cobertura de la cadena brit\u00e1nica BBC durante el per\u00edodo de octubre \u2013 diciembre de 2023, y obtuvo resultados impactantes.<\/span><\/p>\n<p><span style=\"font-weight: 400;\">El estudio de Mona \u2014que analiza palabras y el lenguaje de descripci\u00f3n utilizado\u2014 arroj\u00f3 que, a pesar de que los muertos palestinos eran mencionados tantas veces, eran completamente desproporcionadas con respecto a su n\u00famero; que los periodistas del BBC utilizan deliberadamente descripciones an\u00f3nimas mientras cubren la noticia de muertes palestinas, como \u201cpersonas\u201d o \u201cgente\u201d o incluso sin mencionar el tema en absoluto, por ejemplo: \u201c150 murieron hoy en Gaza\u201d; mientras que a los israel\u00edes muertos se les presentan descripciones de sus relaciones familiares y sociales como \u201cmadre\u201d, \u201cabuela\u201d, \u201camiga\u201d, \u201chermano\u201d, \u201chijo\u201d y \u201cnieta\u201d.<\/span><\/p>\n<p><a href=\"https:\/\/github.com\/liet-git\/bbc-bias?tab=readme-ov-file\"><b>Para revisar los datos obtenidos de la investigaci\u00f3n de Mona Shalabi<\/b><\/a><\/p>\n<p><span style=\"font-weight: 400;\">Se evidencia aqu\u00ed, por supuesto, el intento de anulaci\u00f3n de humanidad de las y los palestinos; es como si estas \u201cpersonas\u201d no fueran hermanos y hermanas, nietos y nietas, abuelos y abuelas, padres y madres, esposos o esposas y, por lo tanto, no dejan ausencias: hu\u00e9rfanos y hu\u00e9rfanas o viudas y viudos. Es como si su asesinato no afectara su la red de relaciones familiares y sociales.\u00a0<\/span><\/p>\n<p><span style=\"font-weight: 400;\">Esta es una estrat\u00e9gia dise\u00f1ada para dificultarles \u2014a quienes escuchan o leen\u2014 alguna conexi\u00f3n humana con la situaci\u00f3n que se les muestra; se les impide deliberadamente que simpaticen con la opresi\u00f3n del pueblo palestino.<\/span><\/p>\n<p><span style=\"font-weight: 400;\">Lo que Mona tambi\u00e9n descubri\u00f3 en la cobertura de la BBC, y que creo que usted mismo not\u00f3, es que el palestino generalmente \u201cmuere\u201d o \u201cfallece\u201d a diferencia del israel\u00ed que, a menudo, es \u201casesinado\u201d o \u201cmasacrado\u201d o \u201cmutilado\u201d<\/span><b>.<\/b><\/p>\n<p><span style=\"font-weight: 400;\">El punto m\u00e1s doloroso y, al mismo tiempo, racista, es que este trato brutal de los medios se extendi\u00f3 a los ni\u00f1os, las mujeres y los periodistas; los grupos que suelen despertar m\u00e1s simpat\u00eda entre los espectadores, oyentes y lectores. Los ni\u00f1os israel\u00edes son ni\u00f1os, por supuesto, mientras que los ni\u00f1os palestinos son \u201cpersonas menores de 18 a\u00f1os\u201d o \u201cmenores de edad\u201d. En un intento diab\u00f3lico de eludir el hecho de que, lo creas o no, en realidad son ni\u00f1os.<\/span><\/p>\n<p><b>Acusaciones infundadas y repercusiones tr\u00e1gicas<\/b><\/p>\n<p><span style=\"font-weight: 400;\">Estos patrones se han exacerbado a la luz de la actual agresi\u00f3n israel\u00ed. Apuntalados en la difusi\u00f3n de acusaciones infundadas en las que se acusan a los combatientes de Hamas de decapitar a ni\u00f1os israel\u00edes, quemar sus cuerpos, adem\u00e1s de violar a ni\u00f1as israel\u00edes. Esto, junto a la acusaci\u00f3n de que la Resistencia posee t\u00faneles secretos e instalaciones militares ocultas bajo infraestructura civil, como hospitales y campos de refugiados, han creado un contexto favorable para posicionar el racismo y el odio.<\/span><\/p>\n<p><span style=\"font-weight: 400;\">Estas narrativas no comprobadas, me siento obligado a insistir en ello, se difundieron ampliamente en las redes sociales y ocuparon un lugar destacado en los mass media. Lamentablemente nadie, o pocos, se tomaron la molestia de difundir los reportes israel\u00ed que demuestran, con testigos, que no hubo ning\u00fan beb\u00e9 muerto ni tampoco mujeres violadas.<\/span><\/p>\n<p><span style=\"font-weight: 400;\">Por el contrario, tenemos casos como el de Leila Al-Erian, doble ganadora del premio Emmy, quien el 24 de noviembre de 2023 tuite\u00f3: \u201cIsrael afirm\u00f3 que hay un centro de mando y control de Ham\u00e1s bajo el hospital Shifa en Gaza\u201d y los medios estadounidenses se hicieron eco de estas acusaciones, sin miramientos. Y, cuando qued\u00f3 claro que no era cierto, no hubo intenci\u00f3n de \u201ccorregir\u201d el \u201cerror\u201d. Finalmente, todos siguieron con sus vidas, como si nada. Pero, en el cotidiano, palestinos y palestinas han muerto a causa de estas mentiras, incluidos pacientes en unidades de cuidados intensivos.\u00a0<\/span><\/p>\n<p><span style=\"font-weight: 400;\">Esto lo que refleja es un patr\u00f3n intencional de los medios occidentales por difundir informaci\u00f3n enga\u00f1osa, en lugar de cumplir cuidadosamente con su deber period\u00edstico de verificaci\u00f3n e investigaci\u00f3n de hechos. El costo de difundir mentiras similares y no corregirlas, es la p\u00e9rdida de miles de vidas inocentes.<\/span><\/p>\n<p><span style=\"font-weight: 400;\">Los factores que hemos se\u00f1alado ac\u00e1 han impuesto una narrativa sesgada o falsa sobre la situaci\u00f3n en Palestina y esta narrativa afecta las mentes de millones de personas en occidente. Las palabras son importantes, pero tambi\u00e9n lo es el contexto. Y su importancia aument\u00f3 en medio de esta feroz campa\u00f1a militar que ha asesinado a miles de personas inocentes, la mayor\u00eda mujeres, ni\u00f1os e incluso beb\u00e9s en incubadoras.\u00a0<\/span><\/p>\n<p><a href=\"https:\/\/www.hispantv.com\/noticias\/asia-occidental\/584191\/tsunami-diplomatico-israel\"><b>Para leer sobre reacci\u00f3n diplom\u00e1tica en el mundo contra el gobierno de Israel<\/b><\/a><\/p>\n<p><b>Las voces disidentes molestan<\/b><\/p>\n<p><span style=\"font-weight: 400;\">Cualquier intento por defender la soberan\u00eda es lo que la mayor\u00eda de los medios de comunicaci\u00f3n occidentales necesitan para desatar su racismo. Lo demuestra la experiencia en Irak, Siria, L\u00edbano, Cuba, Venezuela o cualquier pa\u00eds cuyo origen no sea occidental o israel\u00ed; esto es suficiente para convertir a sus pueblos en \u201cpersonas an\u00f3nimas\u201d, considerar a sus hijos como \u201cmenores\u201d y reducirlos a n\u00fameros o seres desalmados que no construyen conexiones humanas. En su intento de negar la verdad y ocultarla de los ojos del mundo nos deshumanizan.<\/span><\/p>\n<p><span style=\"font-weight: 400;\">Estas son las verdades duras, s\u00f3lidas pero abstractas, y el problema con las verdades duras, s\u00f3lidas pero abstractas es que nos pasamos la vida tratando de comprenderlas y, una vez que lo logramos, nos paralizamos. Nos enfrentamos, como palestinos y palestinas, a naciones que tienen bombas que pesan toneladas; nos enfrentamos a sus medios de comunicaci\u00f3n, a sus pol\u00edticos y a sus ej\u00e9rcitos. Nos enfrentamos a que nos desprecien porque somos quien somos sin agachar la cabeza o bajar la mirada.\u00a0<\/span><\/p>\n<p><span style=\"font-weight: 400;\">Esta es la dura, s\u00f3lida y precisa verdad con la que intercambiamos miradas silenciosas con aquellos que no se preocupan por nuestros sentimientos.<\/span><\/p>\n<p><span style=\"font-weight: 400;\">Y es por eso que valoramos infinitamente al trabajo y lucha que viene haciendo un medios como Telesur, que con muy pocos recursos, se ha posicionado firmemente ante los intentos de censura y desacreditaci\u00f3n, y demuestra una vez m\u00e1s la estrat\u00e9gica y sabia decisi\u00f3n de los comandantes Fidel y Ch\u00e1vez de crear esa plataforma para concientizar e informar con la verdad a los pueblos del sur, y por esa misma labor es que el imperialismo y sus lacayos regionales se esfuerzan para acabar con la verdad, por eso que el Comando Sur de EE. UU ataca a Telesur, y por eso mismo el lacayo y nazi fascista de Milei la saca del aire, \u00a1mundo patas arriba!<\/span><\/p>\n<p><b>Un tropel que sorprende<\/b><\/p>\n<p><span style=\"font-weight: 400;\">Para sorpresa de los sionistas, y a pesar de todo su arsenal medi\u00e1tico, vemos como estudiantes de decenas de universidades estadounidenses y europeas se han despertado y levantado sus voces en contra del genocidio.\u00a0<\/span><\/p>\n<p><span style=\"font-weight: 400;\">Lo que m\u00e1s sorprendi\u00f3 al sionismo y a la \u00e9lite gobernante en los EE. UU es que esas huelgas estudiantiles nunca se hab\u00edan dado con esa fortaleza, claridad y firmeza, a sabiendas que las universidades norteamericanas son la cuna del liderazgo pol\u00edtico, econ\u00f3mico y social de ese pa\u00eds.\u00a0<\/span><\/p>\n<p><a href=\"https:\/\/www.hispantv.com\/noticias\/ee-uu-\/584207\/estudiantes-profesores-detenidos-propalestinas\"><b>Para leer sobre encarcelamiento de estudiantes y profesores en protestas pro-palestina<\/b><\/a><\/p>\n<p><span style=\"font-weight: 400;\">En esas huelgas figuraron la participaci\u00f3n tanto de estudiantes como de profesores y personal administrativo, ello a pesar de los programas financiados por cifras millonarias a favor del sionismo y el Estado de Israel \u2026 esos valientes estudiantes y profesores, est\u00e1n arriesgando, literalmente, sus estudios, su vida y su futuro.<\/span><\/p>\n<p><span style=\"font-weight: 400;\">El lobby sionista en las universidades norteamericanas tiene, desde hace a\u00f1os, sitios web dedicados a difamar a cualquier estudiante o profesor que critique las pr\u00e1cticas genocidas del estado de Israel; los acusan de ser antisemitas \u00a1a pesar de que muchos son estudiantes jud\u00edos! El sionismo difunde esas listas a las grandes empresas y los amenazan de futuras consecuencias si llegan a ofrecerle trabajo a alguien que haya estado en sus diab\u00f3licas listas\u2026\u00a0<\/span><\/p>\n<p><a href=\"https:\/\/canarymission.org\/\"><b>Para ver informaci\u00f3n sobre p\u00e1gina con listas negras de estudiantes propalestina<\/b><\/a><\/p>\n<p><span style=\"font-weight: 400;\">A\u00fan nos falta mucho por caminar hasta conquistar un mundo sin el sionismo, un mundo sin hegemon\u00edas imperiales donde los pueblos ejerzan libre y soberanamente sus derechos a la autodeterminaci\u00f3n, sin colonizaci\u00f3n de ning\u00fan tipo, sin sanciones, sin injerencias en los asuntos internos, sin deshumanizar a los pueblos del sur.\u00a0<\/span><\/p>\n<p><span style=\"font-weight: 400;\">Sin embargo, estoy seguro de que estamos mucho m\u00e1s cerca gracias a la heroica y legendaria lucha de la resistencia palestina, a su firmeza ante un mundo sordo y ciego, esa firmeza que despert\u00f3 a millones, esta firmeza no ser\u00e1 doblegada jam\u00e1s. Y todos tenemos la obligaci\u00f3n humana y moral de reconocer a esa resistencia; no permitir que el imperialismo logre aislarla bajo ning\u00fan pretexto, reconocerla y defenderla porque los pueblos luchamos contra el mismo monstruo imperialista y sionista, unamos nuestras voces, y hagamos realidad el canto de Al\u00ed Primera:\u00a0<\/span><\/p>\n<p><i><span style=\"font-weight: 400;\">\u00a1No dejaremos que cierren la linda puerta que siempre ha estado abierta a la vida!<\/span><\/i><\/p>\n<p><i><span style=\"font-weight: 400;\">\u00a1Yo no me quedo en la casa, pues al combate me voy!<\/span><\/i><\/p>\n<p><b>Autor: Muaz Mussa<\/b><\/p>\n<p>&nbsp;<\/p>\n","protected":false},"excerpt":{"rendered":"<p>Hay mucho asombro por la forma en que los medios de comunicaci\u00f3n y los funcionarios&#8230;<\/p>\n","protected":false},"author":1,"featured_media":1076,"comment_status":"open","ping_status":"closed","sticky":false,"template":"","format":"standard","meta":{"footnotes":""},"categories":[69,23],"tags":[89,91,104],"class_list":["post-1075","post","type-post","status-publish","format-standard","has-post-thumbnail","hentry","category-exclusivo","category-muaz-mussa","tag-ee-uu","tag-gaza","tag-palestina"],"yoast_head":"<!-- This site is optimized with the Yoast SEO plugin v27.5 - https:\/\/yoast.com\/product\/yoast-seo-wordpress\/ -->\n<title>Exclusivo. Medios asesinos: cobertura de la causa palestina en medios occidentales -<\/title>\n<meta name=\"description\" content=\"Hay mucho asombro por la forma en que los medios de comunicaci\u00f3n y los funcionarios occidentales abordan lo que est\u00e1 sucediendo en Palestina, espec\u00edficamente, en la Franja de Gaza y la naturaleza de las \u201csoluciones\u201d que se proponen para este \u201cconflicto\u201d; incluida, por ejemplo, la limpieza \u00e9tnica que comprende la posibilidad de \u201ctransferir\u201d a los palestinos a los pa\u00edses \u00e1rabes vecinos.\u00a0\" \/>\n<meta name=\"robots\" content=\"index, follow, max-snippet:-1, max-image-preview:large, max-video-preview:-1\" \/>\n<link rel=\"canonical\" href=\"https:\/\/hueleaazufre.com\/wordpress_a\/index.php\/2024\/05\/13\/exclusivo-medios-asesinos-cobertura-de-la-causa-palestina-en-medios-occidentales\/\" \/>\n<meta property=\"og:locale\" content=\"es_ES\" \/>\n<meta property=\"og:type\" content=\"article\" \/>\n<meta property=\"og:title\" content=\"Exclusivo. Medios asesinos: cobertura de la causa palestina en medios occidentales -\" \/>\n<meta property=\"og:description\" content=\"Hay mucho asombro por la forma en que los medios de comunicaci\u00f3n y los funcionarios occidentales abordan lo que est\u00e1 sucediendo en Palestina, espec\u00edficamente, en la Franja de Gaza y la naturaleza de las \u201csoluciones\u201d que se proponen para este \u201cconflicto\u201d; incluida, por ejemplo, la limpieza \u00e9tnica que comprende la posibilidad de \u201ctransferir\u201d a los palestinos a los pa\u00edses \u00e1rabes vecinos.\u00a0\" \/>\n<meta property=\"og:url\" content=\"https:\/\/hueleaazufre.com\/wordpress_a\/index.php\/2024\/05\/13\/exclusivo-medios-asesinos-cobertura-de-la-causa-palestina-en-medios-occidentales\/\" \/>\n<meta property=\"article:published_time\" content=\"2024-05-13T06:00:45+00:00\" \/>\n<meta property=\"og:image\" content=\"https:\/\/hueleaazufre.com\/wordpress_a\/wp-content\/uploads\/2024\/05\/reportero-cubriendo-un-ataque-de-misiles-realizado-en-palestina-504823396-1.jpeg\" \/>\n\t<meta property=\"og:image:width\" content=\"1024\" \/>\n\t<meta property=\"og:image:height\" content=\"1024\" \/>\n\t<meta property=\"og:image:type\" content=\"image\/jpeg\" \/>\n<meta name=\"author\" content=\"Huele a azufre\" \/>\n<meta name=\"twitter:card\" content=\"summary_large_image\" \/>\n<meta name=\"twitter:label1\" content=\"Escrito por\" \/>\n\t<meta name=\"twitter:data1\" content=\"Huele a azufre\" \/>\n\t<meta name=\"twitter:label2\" content=\"Tiempo de lectura\" \/>\n\t<meta name=\"twitter:data2\" content=\"10 minutos\" \/>\n<script type=\"application\/ld+json\" class=\"yoast-schema-graph\">{\"@context\":\"https:\\\/\\\/schema.org\",\"@graph\":[{\"@type\":\"Article\",\"@id\":\"https:\\\/\\\/hueleaazufre.com\\\/wordpress_a\\\/index.php\\\/2024\\\/05\\\/13\\\/exclusivo-medios-asesinos-cobertura-de-la-causa-palestina-en-medios-occidentales\\\/#article\",\"isPartOf\":{\"@id\":\"https:\\\/\\\/hueleaazufre.com\\\/wordpress_a\\\/index.php\\\/2024\\\/05\\\/13\\\/exclusivo-medios-asesinos-cobertura-de-la-causa-palestina-en-medios-occidentales\\\/\"},\"author\":{\"name\":\"Huele a azufre\",\"@id\":\"https:\\\/\\\/hueleaazufre.com\\\/wordpress_a\\\/#\\\/schema\\\/person\\\/549dd871707ea7f9f1a686323ebe9baa\"},\"headline\":\"Exclusivo. Medios asesinos: cobertura de la causa palestina en medios occidentales\",\"datePublished\":\"2024-05-13T06:00:45+00:00\",\"mainEntityOfPage\":{\"@id\":\"https:\\\/\\\/hueleaazufre.com\\\/wordpress_a\\\/index.php\\\/2024\\\/05\\\/13\\\/exclusivo-medios-asesinos-cobertura-de-la-causa-palestina-en-medios-occidentales\\\/\"},\"wordCount\":2070,\"commentCount\":0,\"image\":{\"@id\":\"https:\\\/\\\/hueleaazufre.com\\\/wordpress_a\\\/index.php\\\/2024\\\/05\\\/13\\\/exclusivo-medios-asesinos-cobertura-de-la-causa-palestina-en-medios-occidentales\\\/#primaryimage\"},\"thumbnailUrl\":\"https:\\\/\\\/hueleaazufre.com\\\/wordpress_a\\\/wp-content\\\/uploads\\\/2024\\\/05\\\/reportero-cubriendo-un-ataque-de-misiles-realizado-en-palestina-504823396-1.jpeg\",\"keywords\":[\"EE.UU\",\"Gaza\",\"Palestina\"],\"articleSection\":[\"Exclusivo\",\"Muaz Mussa\"],\"inLanguage\":\"es\",\"potentialAction\":[{\"@type\":\"CommentAction\",\"name\":\"Comment\",\"target\":[\"https:\\\/\\\/hueleaazufre.com\\\/wordpress_a\\\/index.php\\\/2024\\\/05\\\/13\\\/exclusivo-medios-asesinos-cobertura-de-la-causa-palestina-en-medios-occidentales\\\/#respond\"]}]},{\"@type\":\"WebPage\",\"@id\":\"https:\\\/\\\/hueleaazufre.com\\\/wordpress_a\\\/index.php\\\/2024\\\/05\\\/13\\\/exclusivo-medios-asesinos-cobertura-de-la-causa-palestina-en-medios-occidentales\\\/\",\"url\":\"https:\\\/\\\/hueleaazufre.com\\\/wordpress_a\\\/index.php\\\/2024\\\/05\\\/13\\\/exclusivo-medios-asesinos-cobertura-de-la-causa-palestina-en-medios-occidentales\\\/\",\"name\":\"Exclusivo. Medios asesinos: cobertura de la causa palestina en medios occidentales -\",\"isPartOf\":{\"@id\":\"https:\\\/\\\/hueleaazufre.com\\\/wordpress_a\\\/#website\"},\"primaryImageOfPage\":{\"@id\":\"https:\\\/\\\/hueleaazufre.com\\\/wordpress_a\\\/index.php\\\/2024\\\/05\\\/13\\\/exclusivo-medios-asesinos-cobertura-de-la-causa-palestina-en-medios-occidentales\\\/#primaryimage\"},\"image\":{\"@id\":\"https:\\\/\\\/hueleaazufre.com\\\/wordpress_a\\\/index.php\\\/2024\\\/05\\\/13\\\/exclusivo-medios-asesinos-cobertura-de-la-causa-palestina-en-medios-occidentales\\\/#primaryimage\"},\"thumbnailUrl\":\"https:\\\/\\\/hueleaazufre.com\\\/wordpress_a\\\/wp-content\\\/uploads\\\/2024\\\/05\\\/reportero-cubriendo-un-ataque-de-misiles-realizado-en-palestina-504823396-1.jpeg\",\"datePublished\":\"2024-05-13T06:00:45+00:00\",\"author\":{\"@id\":\"https:\\\/\\\/hueleaazufre.com\\\/wordpress_a\\\/#\\\/schema\\\/person\\\/549dd871707ea7f9f1a686323ebe9baa\"},\"description\":\"Hay mucho asombro por la forma en que los medios de comunicaci\u00f3n y los funcionarios occidentales abordan lo que est\u00e1 sucediendo en Palestina, espec\u00edficamente, en la Franja de Gaza y la naturaleza de las \u201csoluciones\u201d que se proponen para este \u201cconflicto\u201d; incluida, por ejemplo, la limpieza \u00e9tnica que comprende la posibilidad de \u201ctransferir\u201d a los palestinos a los pa\u00edses \u00e1rabes vecinos.\u00a0\",\"breadcrumb\":{\"@id\":\"https:\\\/\\\/hueleaazufre.com\\\/wordpress_a\\\/index.php\\\/2024\\\/05\\\/13\\\/exclusivo-medios-asesinos-cobertura-de-la-causa-palestina-en-medios-occidentales\\\/#breadcrumb\"},\"inLanguage\":\"es\",\"potentialAction\":[{\"@type\":\"ReadAction\",\"target\":[\"https:\\\/\\\/hueleaazufre.com\\\/wordpress_a\\\/index.php\\\/2024\\\/05\\\/13\\\/exclusivo-medios-asesinos-cobertura-de-la-causa-palestina-en-medios-occidentales\\\/\"]}]},{\"@type\":\"ImageObject\",\"inLanguage\":\"es\",\"@id\":\"https:\\\/\\\/hueleaazufre.com\\\/wordpress_a\\\/index.php\\\/2024\\\/05\\\/13\\\/exclusivo-medios-asesinos-cobertura-de-la-causa-palestina-en-medios-occidentales\\\/#primaryimage\",\"url\":\"https:\\\/\\\/hueleaazufre.com\\\/wordpress_a\\\/wp-content\\\/uploads\\\/2024\\\/05\\\/reportero-cubriendo-un-ataque-de-misiles-realizado-en-palestina-504823396-1.jpeg\",\"contentUrl\":\"https:\\\/\\\/hueleaazufre.com\\\/wordpress_a\\\/wp-content\\\/uploads\\\/2024\\\/05\\\/reportero-cubriendo-un-ataque-de-misiles-realizado-en-palestina-504823396-1.jpeg\",\"width\":1024,\"height\":1024},{\"@type\":\"BreadcrumbList\",\"@id\":\"https:\\\/\\\/hueleaazufre.com\\\/wordpress_a\\\/index.php\\\/2024\\\/05\\\/13\\\/exclusivo-medios-asesinos-cobertura-de-la-causa-palestina-en-medios-occidentales\\\/#breadcrumb\",\"itemListElement\":[{\"@type\":\"ListItem\",\"position\":1,\"name\":\"Portada\",\"item\":\"https:\\\/\\\/hueleaazufre.com\\\/wordpress_a\\\/\"},{\"@type\":\"ListItem\",\"position\":2,\"name\":\"Exclusivo. Medios asesinos: cobertura de la causa palestina en medios occidentales\"}]},{\"@type\":\"WebSite\",\"@id\":\"https:\\\/\\\/hueleaazufre.com\\\/wordpress_a\\\/#website\",\"url\":\"https:\\\/\\\/hueleaazufre.com\\\/wordpress_a\\\/\",\"name\":\"\",\"description\":\"Huele a azufre es una plataforma digital de an\u00e1lisis geopol\u00edtico.\",\"potentialAction\":[{\"@type\":\"SearchAction\",\"target\":{\"@type\":\"EntryPoint\",\"urlTemplate\":\"https:\\\/\\\/hueleaazufre.com\\\/wordpress_a\\\/?s={search_term_string}\"},\"query-input\":{\"@type\":\"PropertyValueSpecification\",\"valueRequired\":true,\"valueName\":\"search_term_string\"}}],\"inLanguage\":\"es\"},{\"@type\":\"Person\",\"@id\":\"https:\\\/\\\/hueleaazufre.com\\\/wordpress_a\\\/#\\\/schema\\\/person\\\/549dd871707ea7f9f1a686323ebe9baa\",\"name\":\"Huele a azufre\",\"image\":{\"@type\":\"ImageObject\",\"inLanguage\":\"es\",\"@id\":\"https:\\\/\\\/secure.gravatar.com\\\/avatar\\\/e972d5c124b9bf80eb4c9d322a90dd86a59d447f5da36700a77516f13637d44e?s=96&d=mm&r=g\",\"url\":\"https:\\\/\\\/secure.gravatar.com\\\/avatar\\\/e972d5c124b9bf80eb4c9d322a90dd86a59d447f5da36700a77516f13637d44e?s=96&d=mm&r=g\",\"contentUrl\":\"https:\\\/\\\/secure.gravatar.com\\\/avatar\\\/e972d5c124b9bf80eb4c9d322a90dd86a59d447f5da36700a77516f13637d44e?s=96&d=mm&r=g\",\"caption\":\"Huele a azufre\"},\"description\":\"Huele a azufre es una plataforma digital de an\u00e1lisis geopol\u00edtico\u00a0 contrahegem\u00f3nico, que busca visibilizar las voces y los discursos silenciados por el poder medi\u00e1tico.\",\"sameAs\":[\"https:\\\/\\\/hueleaazufre.com\\\/wordpress_a\"],\"url\":\"https:\\\/\\\/hueleaazufre.com\\\/wordpress_a\\\/index.php\\\/author\\\/admin_tupapa\\\/\"}]}<\/script>\n<!-- \/ Yoast SEO plugin. -->","yoast_head_json":{"title":"Exclusivo. Medios asesinos: cobertura de la causa palestina en medios occidentales -","description":"Hay mucho asombro por la forma en que los medios de comunicaci\u00f3n y los funcionarios occidentales abordan lo que est\u00e1 sucediendo en Palestina, espec\u00edficamente, en la Franja de Gaza y la naturaleza de las \u201csoluciones\u201d que se proponen para este \u201cconflicto\u201d; incluida, por ejemplo, la limpieza \u00e9tnica que comprende la posibilidad de \u201ctransferir\u201d a los palestinos a los pa\u00edses \u00e1rabes vecinos.\u00a0","robots":{"index":"index","follow":"follow","max-snippet":"max-snippet:-1","max-image-preview":"max-image-preview:large","max-video-preview":"max-video-preview:-1"},"canonical":"https:\/\/hueleaazufre.com\/wordpress_a\/index.php\/2024\/05\/13\/exclusivo-medios-asesinos-cobertura-de-la-causa-palestina-en-medios-occidentales\/","og_locale":"es_ES","og_type":"article","og_title":"Exclusivo. Medios asesinos: cobertura de la causa palestina en medios occidentales -","og_description":"Hay mucho asombro por la forma en que los medios de comunicaci\u00f3n y los funcionarios occidentales abordan lo que est\u00e1 sucediendo en Palestina, espec\u00edficamente, en la Franja de Gaza y la naturaleza de las \u201csoluciones\u201d que se proponen para este \u201cconflicto\u201d; incluida, por ejemplo, la limpieza \u00e9tnica que comprende la posibilidad de \u201ctransferir\u201d a los palestinos a los pa\u00edses \u00e1rabes vecinos.\u00a0","og_url":"https:\/\/hueleaazufre.com\/wordpress_a\/index.php\/2024\/05\/13\/exclusivo-medios-asesinos-cobertura-de-la-causa-palestina-en-medios-occidentales\/","article_published_time":"2024-05-13T06:00:45+00:00","og_image":[{"width":1024,"height":1024,"url":"https:\/\/hueleaazufre.com\/wordpress_a\/wp-content\/uploads\/2024\/05\/reportero-cubriendo-un-ataque-de-misiles-realizado-en-palestina-504823396-1.jpeg","type":"image\/jpeg"}],"author":"Huele a azufre","twitter_card":"summary_large_image","twitter_misc":{"Escrito por":"Huele a azufre","Tiempo de lectura":"10 minutos"},"schema":{"@context":"https:\/\/schema.org","@graph":[{"@type":"Article","@id":"https:\/\/hueleaazufre.com\/wordpress_a\/index.php\/2024\/05\/13\/exclusivo-medios-asesinos-cobertura-de-la-causa-palestina-en-medios-occidentales\/#article","isPartOf":{"@id":"https:\/\/hueleaazufre.com\/wordpress_a\/index.php\/2024\/05\/13\/exclusivo-medios-asesinos-cobertura-de-la-causa-palestina-en-medios-occidentales\/"},"author":{"name":"Huele a azufre","@id":"https:\/\/hueleaazufre.com\/wordpress_a\/#\/schema\/person\/549dd871707ea7f9f1a686323ebe9baa"},"headline":"Exclusivo. Medios asesinos: cobertura de la causa palestina en medios occidentales","datePublished":"2024-05-13T06:00:45+00:00","mainEntityOfPage":{"@id":"https:\/\/hueleaazufre.com\/wordpress_a\/index.php\/2024\/05\/13\/exclusivo-medios-asesinos-cobertura-de-la-causa-palestina-en-medios-occidentales\/"},"wordCount":2070,"commentCount":0,"image":{"@id":"https:\/\/hueleaazufre.com\/wordpress_a\/index.php\/2024\/05\/13\/exclusivo-medios-asesinos-cobertura-de-la-causa-palestina-en-medios-occidentales\/#primaryimage"},"thumbnailUrl":"https:\/\/hueleaazufre.com\/wordpress_a\/wp-content\/uploads\/2024\/05\/reportero-cubriendo-un-ataque-de-misiles-realizado-en-palestina-504823396-1.jpeg","keywords":["EE.UU","Gaza","Palestina"],"articleSection":["Exclusivo","Muaz Mussa"],"inLanguage":"es","potentialAction":[{"@type":"CommentAction","name":"Comment","target":["https:\/\/hueleaazufre.com\/wordpress_a\/index.php\/2024\/05\/13\/exclusivo-medios-asesinos-cobertura-de-la-causa-palestina-en-medios-occidentales\/#respond"]}]},{"@type":"WebPage","@id":"https:\/\/hueleaazufre.com\/wordpress_a\/index.php\/2024\/05\/13\/exclusivo-medios-asesinos-cobertura-de-la-causa-palestina-en-medios-occidentales\/","url":"https:\/\/hueleaazufre.com\/wordpress_a\/index.php\/2024\/05\/13\/exclusivo-medios-asesinos-cobertura-de-la-causa-palestina-en-medios-occidentales\/","name":"Exclusivo. Medios asesinos: cobertura de la causa palestina en medios occidentales -","isPartOf":{"@id":"https:\/\/hueleaazufre.com\/wordpress_a\/#website"},"primaryImageOfPage":{"@id":"https:\/\/hueleaazufre.com\/wordpress_a\/index.php\/2024\/05\/13\/exclusivo-medios-asesinos-cobertura-de-la-causa-palestina-en-medios-occidentales\/#primaryimage"},"image":{"@id":"https:\/\/hueleaazufre.com\/wordpress_a\/index.php\/2024\/05\/13\/exclusivo-medios-asesinos-cobertura-de-la-causa-palestina-en-medios-occidentales\/#primaryimage"},"thumbnailUrl":"https:\/\/hueleaazufre.com\/wordpress_a\/wp-content\/uploads\/2024\/05\/reportero-cubriendo-un-ataque-de-misiles-realizado-en-palestina-504823396-1.jpeg","datePublished":"2024-05-13T06:00:45+00:00","author":{"@id":"https:\/\/hueleaazufre.com\/wordpress_a\/#\/schema\/person\/549dd871707ea7f9f1a686323ebe9baa"},"description":"Hay mucho asombro por la forma en que los medios de comunicaci\u00f3n y los funcionarios occidentales abordan lo que est\u00e1 sucediendo en Palestina, espec\u00edficamente, en la Franja de Gaza y la naturaleza de las \u201csoluciones\u201d que se proponen para este \u201cconflicto\u201d; incluida, por ejemplo, la limpieza \u00e9tnica que comprende la posibilidad de \u201ctransferir\u201d a los palestinos a los pa\u00edses \u00e1rabes vecinos.\u00a0","breadcrumb":{"@id":"https:\/\/hueleaazufre.com\/wordpress_a\/index.php\/2024\/05\/13\/exclusivo-medios-asesinos-cobertura-de-la-causa-palestina-en-medios-occidentales\/#breadcrumb"},"inLanguage":"es","potentialAction":[{"@type":"ReadAction","target":["https:\/\/hueleaazufre.com\/wordpress_a\/index.php\/2024\/05\/13\/exclusivo-medios-asesinos-cobertura-de-la-causa-palestina-en-medios-occidentales\/"]}]},{"@type":"ImageObject","inLanguage":"es","@id":"https:\/\/hueleaazufre.com\/wordpress_a\/index.php\/2024\/05\/13\/exclusivo-medios-asesinos-cobertura-de-la-causa-palestina-en-medios-occidentales\/#primaryimage","url":"https:\/\/hueleaazufre.com\/wordpress_a\/wp-content\/uploads\/2024\/05\/reportero-cubriendo-un-ataque-de-misiles-realizado-en-palestina-504823396-1.jpeg","contentUrl":"https:\/\/hueleaazufre.com\/wordpress_a\/wp-content\/uploads\/2024\/05\/reportero-cubriendo-un-ataque-de-misiles-realizado-en-palestina-504823396-1.jpeg","width":1024,"height":1024},{"@type":"BreadcrumbList","@id":"https:\/\/hueleaazufre.com\/wordpress_a\/index.php\/2024\/05\/13\/exclusivo-medios-asesinos-cobertura-de-la-causa-palestina-en-medios-occidentales\/#breadcrumb","itemListElement":[{"@type":"ListItem","position":1,"name":"Portada","item":"https:\/\/hueleaazufre.com\/wordpress_a\/"},{"@type":"ListItem","position":2,"name":"Exclusivo. Medios asesinos: cobertura de la causa palestina en medios occidentales"}]},{"@type":"WebSite","@id":"https:\/\/hueleaazufre.com\/wordpress_a\/#website","url":"https:\/\/hueleaazufre.com\/wordpress_a\/","name":"","description":"Huele a azufre es una plataforma digital de an\u00e1lisis geopol\u00edtico.","potentialAction":[{"@type":"SearchAction","target":{"@type":"EntryPoint","urlTemplate":"https:\/\/hueleaazufre.com\/wordpress_a\/?s={search_term_string}"},"query-input":{"@type":"PropertyValueSpecification","valueRequired":true,"valueName":"search_term_string"}}],"inLanguage":"es"},{"@type":"Person","@id":"https:\/\/hueleaazufre.com\/wordpress_a\/#\/schema\/person\/549dd871707ea7f9f1a686323ebe9baa","name":"Huele a azufre","image":{"@type":"ImageObject","inLanguage":"es","@id":"https:\/\/secure.gravatar.com\/avatar\/e972d5c124b9bf80eb4c9d322a90dd86a59d447f5da36700a77516f13637d44e?s=96&d=mm&r=g","url":"https:\/\/secure.gravatar.com\/avatar\/e972d5c124b9bf80eb4c9d322a90dd86a59d447f5da36700a77516f13637d44e?s=96&d=mm&r=g","contentUrl":"https:\/\/secure.gravatar.com\/avatar\/e972d5c124b9bf80eb4c9d322a90dd86a59d447f5da36700a77516f13637d44e?s=96&d=mm&r=g","caption":"Huele a azufre"},"description":"Huele a azufre es una plataforma digital de an\u00e1lisis geopol\u00edtico\u00a0 contrahegem\u00f3nico, que busca visibilizar las voces y los discursos silenciados por el poder medi\u00e1tico.","sameAs":["https:\/\/hueleaazufre.com\/wordpress_a"],"url":"https:\/\/hueleaazufre.com\/wordpress_a\/index.php\/author\/admin_tupapa\/"}]}},"_links":{"self":[{"href":"https:\/\/hueleaazufre.com\/wordpress_a\/index.php\/wp-json\/wp\/v2\/posts\/1075","targetHints":{"allow":["GET"]}}],"collection":[{"href":"https:\/\/hueleaazufre.com\/wordpress_a\/index.php\/wp-json\/wp\/v2\/posts"}],"about":[{"href":"https:\/\/hueleaazufre.com\/wordpress_a\/index.php\/wp-json\/wp\/v2\/types\/post"}],"author":[{"embeddable":true,"href":"https:\/\/hueleaazufre.com\/wordpress_a\/index.php\/wp-json\/wp\/v2\/users\/1"}],"replies":[{"embeddable":true,"href":"https:\/\/hueleaazufre.com\/wordpress_a\/index.php\/wp-json\/wp\/v2\/comments?post=1075"}],"version-history":[{"count":2,"href":"https:\/\/hueleaazufre.com\/wordpress_a\/index.php\/wp-json\/wp\/v2\/posts\/1075\/revisions"}],"predecessor-version":[{"id":1078,"href":"https:\/\/hueleaazufre.com\/wordpress_a\/index.php\/wp-json\/wp\/v2\/posts\/1075\/revisions\/1078"}],"wp:featuredmedia":[{"embeddable":true,"href":"https:\/\/hueleaazufre.com\/wordpress_a\/index.php\/wp-json\/wp\/v2\/media\/1076"}],"wp:attachment":[{"href":"https:\/\/hueleaazufre.com\/wordpress_a\/index.php\/wp-json\/wp\/v2\/media?parent=1075"}],"wp:term":[{"taxonomy":"category","embeddable":true,"href":"https:\/\/hueleaazufre.com\/wordpress_a\/index.php\/wp-json\/wp\/v2\/categories?post=1075"},{"taxonomy":"post_tag","embeddable":true,"href":"https:\/\/hueleaazufre.com\/wordpress_a\/index.php\/wp-json\/wp\/v2\/tags?post=1075"}],"curies":[{"name":"wp","href":"https:\/\/api.w.org\/{rel}","templated":true}]}}