{"id":1121,"date":"2024-05-22T04:10:06","date_gmt":"2024-05-22T04:10:06","guid":{"rendered":"https:\/\/hueleaazufre.com\/wordpress_a\/?p=1121"},"modified":"2024-05-22T04:10:06","modified_gmt":"2024-05-22T04:10:06","slug":"para-raisi-palestina-era-la-cuestion-principal-de-musulmanes","status":"publish","type":"post","link":"https:\/\/hueleaazufre.com\/wordpress_a\/index.php\/2024\/05\/22\/para-raisi-palestina-era-la-cuestion-principal-de-musulmanes\/","title":{"rendered":"Para Raisi, Palestina era la cuesti\u00f3n principal de musulmanes"},"content":{"rendered":"<p><b>Mientras personas de todo el mundo lloran la tr\u00e1gica muerte del presidente Ebrahim Raisi en un accidente de helic\u00f3ptero, es hora de recordar su ilustre vida y legado y c\u00f3mo defendi\u00f3 la causa de los oprimidos.<\/b><\/p>\n<p><span style=\"font-weight: 400;\">Una de las causas que defendi\u00f3 firmemente fue la de Palestina. No se anduvo con rodeos al denunciar la guerra genocida del r\u00e9gimen israel\u00ed contra los palestinos e inst\u00f3 a las naciones musulmanas a unirse.<\/span><\/p>\n<p><span style=\"font-weight: 400;\">Palestina ocup\u00f3 un lugar destacado en su agenda de pol\u00edtica exterior, lo que se reflej\u00f3 en sus discursos.<\/span><\/p>\n<p><span style=\"font-weight: 400;\">Durante las elecciones presidenciales de 2021, el presidente Raisi se referir\u00eda con frecuencia a la cuesti\u00f3n de Palestina. Despu\u00e9s de tomar el mandato, predic\u00f3 y se dedic\u00f3 a la causa, siguiendo los pasos del fundador de la Rep\u00fablica Isl\u00e1mica, el Imam Jomeini (que descanse en paz), y del L\u00edder de la Revoluci\u00f3n Isl\u00e1mica, el ayatol\u00e1 Seyed Ali Jamenei, las dos personalidades que admiraba mucho.<\/span><\/p>\n<p><span style=\"font-weight: 400;\">En sus elocuentes discursos, siempre mencionaba la cuesti\u00f3n de la Mezquita Al-Aqsa como la cuesti\u00f3n m\u00e1s importante del mundo musulm\u00e1n e instaba a las naciones musulmanas a mantener viva la lucha por su liberaci\u00f3n.<\/span><\/p>\n<p><span style=\"font-weight: 400;\">En su ceremonia de juramento en agosto de 2021, el presidente Raisi calific\u00f3 el apoyo de Ir\u00e1n al pueblo oprimido de Palestina como un claro ejemplo de la verdadera amistad del pueblo iran\u00ed hacia Palestina.<\/span><\/p>\n<p><span style=\"font-weight: 400;\">\u201cA pesar de todas las presiones y restricciones impuestas contra Ir\u00e1n, estamos cumpliendo con nuestro deber religioso y humanitario de defender los derechos del pueblo palestino y esperamos que los pa\u00edses musulmanes y \u00e1rabes desempe\u00f1en un papel de liderazgo en este sentido\u201d, se\u00f1al\u00f3 en ese momento.<\/span><\/p>\n<p><span style=\"font-weight: 400;\">S\u00f3lo tres d\u00edas despu\u00e9s de asumir el cargo presidencial, el presidente Raisi celebr\u00f3 una reuni\u00f3n oficial con el l\u00edder del Movimiento de Resistencia Isl\u00e1mica de Palestina (HAMAS), Ismail Haniya, el l\u00edder de la Yihad Isl\u00e1mica Palestina, Ziad al-Najala, y el l\u00edder del Frente Popular para la Liberaci\u00f3n de Palestina (FPLP), Talal Nayi.<\/span><\/p>\n<p><span style=\"font-weight: 400;\">En los encuentros destac\u00f3 que la Rep\u00fablica Isl\u00e1mica de Ir\u00e1n siempre apoyar\u00e1 a los palestinos.<\/span><\/p>\n<p><span style=\"font-weight: 400;\">\u201cNunca hemos tenido dudas sobre esta pol\u00edtica. En nuestra opini\u00f3n, Palestina ha sido y ser\u00e1 el primer tema del mundo isl\u00e1mico\u201d, recalc\u00f3 en ese momento.<\/span><\/p>\n<p><span style=\"font-weight: 400;\">Elogi\u00f3 a los dos movimientos de la Resistencia palestinos por defender valientemente los derechos del pueblo palestino y puso de manifiesto que el poder de determinar el destino de Palestina hoy est\u00e1 en manos de la Resistencia.<\/span><\/p>\n<p><a href=\"https:\/\/espanol.almayadeen.net\/noticias\/politica\/1860464\/alba-tcp-lamenta-muerte-de-presidente-iran%C3%AD-ibrahim-raisi\"><b>Para leer mensajes de condolencia del bloque ALBA, al pueblo iran\u00ed<\/b><\/a><\/p>\n<p><b>Reacci\u00f3n a la operaci\u00f3n Tormenta de Al-Aqsa<\/b><\/p>\n<p><span style=\"font-weight: 400;\">Dos d\u00edas despu\u00e9s del inicio de la operaci\u00f3n Tormenta de Al-Aqsa en octubre del a\u00f1o pasado, el presidente Raisi mantuvo importantes conversaciones telef\u00f3nicas por separado con Haniya y Al-Najala, abordando los acontecimientos en la bloqueada Franja de Gaza y reafirmando el apoyo de Ir\u00e1n a la Resistencia.<\/span><\/p>\n<p><span style=\"font-weight: 400;\">En un mensaje de ese momento, subray\u00f3 que confiaba en que los palestinos saldr\u00edan victoriosos.<\/span><\/p>\n<p><span style=\"font-weight: 400;\">El presidente Raisi invit\u00f3 al mundo a observar el hecho de que la opresi\u00f3n y la injusticia ejercidas contra la oprimida naci\u00f3n palestina, la continuaci\u00f3n de los insultos y la profanaci\u00f3n de mujeres y prisioneros, y la profanaci\u00f3n de la santa Al-Quds, la primera Qibla (direcci\u00f3n de la oraci\u00f3n) de los musulmanes, no pueden continuar para siempre.<\/span><\/p>\n<p><span style=\"font-weight: 400;\">\u201cIr\u00e1n apoya la leg\u00edtima defensa de la naci\u00f3n palestina. El r\u00e9gimen sionista y sus partidarios tienen la responsabilidad de poner en peligro la seguridad de las naciones de la regi\u00f3n, y deben rendir cuentas por ello\u201d, afirm\u00f3 en aquel momento.<\/span><\/p>\n<p><span style=\"font-weight: 400;\">Tambi\u00e9n inst\u00f3 a los gobiernos musulmanes a unirse para apoyar honestamente a la naci\u00f3n palestina, y agreg\u00f3 que el enemigo sionista tambi\u00e9n deber\u00eda saber que el equilibrio de poder ha cambiado.<\/span><\/p>\n<p><span style=\"font-weight: 400;\">Al final del mensaje, salud\u00f3 a las fuerzas de la Resistencia en la regi\u00f3n, desde Palestina, El L\u00edbano y Siria hasta Irak, Afganist\u00e1n y Yemen, recordando los esfuerzos realizados por el general Qasem Soleimani, el Imam Jomeini y el ayatol\u00e1 Seyed Ali Jamenei en apoyo a la Resistencia.<\/span><\/p>\n<p><span style=\"font-weight: 400;\">Tres d\u00edas despu\u00e9s, el presidente Raisi declar\u00f3 que todos los pa\u00edses isl\u00e1micos y \u00e1rabes y todos los pueblos del mundo que buscan la libertad deben llegar a una convergencia y cooperaci\u00f3n serias en el camino para detener los cr\u00edmenes del r\u00e9gimen sionista contra la oprimida naci\u00f3n palestina.<\/span><\/p>\n<p><span style=\"font-weight: 400;\">A\u00f1adi\u00f3 que Ir\u00e1n intentar\u00e1 lograr esa coordinaci\u00f3n contactando a los l\u00edderes de los pa\u00edses isl\u00e1micos y encarg\u00f3 al Ministerio de Asuntos Exteriores que organice reuniones con los l\u00edderes regionales.<\/span><\/p>\n<p><span style=\"font-weight: 400;\">En los d\u00edas siguientes, mantuvo conversaciones con funcionarios de Irak, Siria, Turqu\u00eda, Catar, Om\u00e1n y otros pa\u00edses, condenando los cr\u00edmenes israel\u00edes contra el pueblo de Gaza e instando a una acci\u00f3n diplom\u00e1tica en\u00e9rgica.<\/span><\/p>\n<p><a href=\"https:\/\/twitter.com\/Nexo_Latino\/status\/1792995431841984568\"><span style=\"font-weight: 400;\">(8) HispanTV en X: \u00ab\u26ab\ufe0f \ud83c\uddee\ud83c\uddf7 \u00bf\ud835\udde4\ud835\ude02\ud835\uddf2\u0301 \ud835\ude00\ud835\uddf6\ud835\uddf4\ud835\uddfb\ud835\uddf6\ud835\uddf3\ud835\uddf6\ud835\uddf0\ud835\uddfc\u0301 \ud835\uddfd\ud835\uddee\ud835\uddff\ud835\uddee \ud835\uddf2\ud835\uddf9 \ud835\uddfd\ud835\uddff\ud835\uddf2\ud835\ude00\ud835\uddf6\ud835\uddf1\ud835\uddf2\ud835\uddfb\ud835\ude01\ud835\uddf2 \ud835\udde5\ud835\uddee\ud835\uddf6\ud835\ude00\ud835\uddf6 \ud835\uddf9\ud835\uddee \ud835\uddf0\ud835\uddee\ud835\ude02\ud835\ude00\ud835\uddee \ud835\uddfd\ud835\uddee\ud835\uddf9\ud835\uddf2\ud835\ude00\ud835\ude01\ud835\uddf6\ud835\uddfb\ud835\uddee?\u2063 \u2063 El difunto presidente Ebrahim #Raisi no escatim\u00f3 esfuerzos para denunciar en todas las instancias posibles la guerra genocida del r\u00e9gimen israel\u00ed contra Gaza. https:\/\/t.co\/hkZlRmNdJK\u00bb \/ X (twitter.com)<\/span><\/a><\/p>\n<p><b>Propuesta de 10 puntos en la cumbre de Riad<\/b><\/p>\n<p><span style=\"font-weight: 400;\">Un mes despu\u00e9s de que el r\u00e9gimen israel\u00ed lanzara su agresi\u00f3n genocida, el presidente Raisi fue uno de los 57 l\u00edderes musulmanes que asistieron a la cumbre extraordinaria sobre Palestina en Riad, la capital saud\u00ed.<\/span><\/p>\n<p><span style=\"font-weight: 400;\">Originalmente, se esperaba que los 22 miembros de la Liga \u00c1rabe asistieran a la cumbre de Riad, pero luego se ampli\u00f3 para incluir a la Organizaci\u00f3n de Cooperaci\u00f3n Isl\u00e1mica (OCI), formada por 57 pa\u00edses, en su mayor\u00eda musulmanes.<\/span><\/p>\n<p><span style=\"font-weight: 400;\">A diferencia de otros l\u00edderes que asistieron a la reuni\u00f3n, el presidente Raisi no se anduvo con rodeos al condenar inequ\u00edvocamente el genocidio israel\u00ed en Gaza e inst\u00f3 a la comunidad mundial a boicotear y procesar al r\u00e9gimen infanticida, que seg\u00fan \u00e9l es un \u201chijo ileg\u00edtimo de Estados Unidos\u201d.<\/span><\/p>\n<p><span style=\"font-weight: 400;\">\u201cLo que ha sucedido en las \u00faltimas cinco semanas en Gaza y partes de la Cisjordania ocupada es una fuente hist\u00f3rica de verg\u00fcenza para la \u00e9tica, la ley y la humanidad\u201d, precis\u00f3 en ese momento, instando a la OCI a actuar como fuerza unificadora para ayudar al pueblo palestino.<\/span><\/p>\n<p><span style=\"font-weight: 400;\">El presidente Raisi reiter\u00f3 la posici\u00f3n de larga data de Ir\u00e1n de celebrar un refer\u00e9ndum en el que todos los musulmanes, jud\u00edos y cristianos palestinos, desde el r\u00edo hasta el mar [es decir la Palestina hist\u00f3rica que va desde el r\u00edo Jord\u00e1n hasta el mar Mediterr\u00e1neo], incluidos los expulsados de esas zonas, participar\u00edan y decidir\u00edan su destino.<\/span><\/p>\n<p><span style=\"font-weight: 400;\">Durante su discurso, tambi\u00e9n propuso una serie de medidas contra el r\u00e9gimen israel\u00ed y en apoyo a Palestina, resumidas en diez puntos clave.<\/span><\/p>\n<p><span style=\"font-weight: 400;\">Los primeros tres puntos ped\u00edan el fin de la masacre de civiles en Gaza, el levantamiento completo del bloqueo humanitario y la retirada inmediata del ej\u00e9rcito del r\u00e9gimen sionista de la zona.<\/span><\/p>\n<p><span style=\"font-weight: 400;\">Los tres puntos siguientes se refer\u00edan a la actitud de los miembros de la OCI hacia el r\u00e9gimen sionista y ped\u00edan la suspensi\u00f3n de las relaciones pol\u00edticas y econ\u00f3micas, la designaci\u00f3n del ej\u00e9rcito israel\u00ed como organizaci\u00f3n terrorista y el establecimiento de un tribunal internacional para castigar los cr\u00edmenes israel\u00edes.<\/span><\/p>\n<p><span style=\"font-weight: 400;\">Los \u00faltimos cuatro puntos versaban sobre la Gaza de posguerra, e inclu\u00edan la reconstrucci\u00f3n de infraestructuras en el territorio asediado a trav\u00e9s de un fondo, as\u00ed como ayuda humanitaria, declarando la fecha del bombardeo del hospital Al-Ahli Arab como d\u00eda de genocidio en los calendarios oficiales de los pa\u00edses isl\u00e1micos y armar al pueblo de Gaza si contin\u00faan los implacables cr\u00edmenes del r\u00e9gimen de Israel.<\/span><\/p>\n<p><a href=\"https:\/\/twitter.com\/Nexo_Latino\/status\/1792563092351582294\"><span style=\"font-weight: 400;\">https:\/\/x.com\/Nexo_Latino\/status\/1792563092351582294(8) HispanTV en X: \u00ab\u270a#Raisi abanderado en la lucha por #PalestinaLibre\ud83c\uddf5\ud83c\uddf8 \ud83d\udcacPalestina ha pasado de ser la primera cuesti\u00f3n del mundo isl\u00e1mico a convertirse en el principal problema de la humanidad, subray\u00f3 el m\u00e1rtir presidente Ebrahim Raisi\ud83c\uddee\ud83c\uddf7 en una conferencia sobre #Gaza #PalestinaNoEst\u00e1Sola https:\/\/t.co\/n1enDTpRkd\u00bb \/ X (twitter.com)<\/span><\/a><\/p>\n<blockquote>\n<h2><b><i>\u201cEn su discurso en la Conferencia Internacional Tormenta de Al-Aqsa y el Despertar de la Conciencia Humana en enero, el presidente Raisi reiter\u00f3 la importancia de Palestina para la Umma (comunidad) isl\u00e1mica, calific\u00e1ndola tambi\u00e9n como \u2018la primera cuesti\u00f3n de la humanidad y de todos los pueblos libres del mundo\u2019\u201d<\/i><\/b><\/h2>\n<\/blockquote>\n<p><b>Expuso la fragilidad del r\u00e9gimen israel\u00ed<\/b><\/p>\n<p><span style=\"font-weight: 400;\">En noviembre, el presidente Raisi indic\u00f3 que los brutales cr\u00edmenes de Israel en Gaza eran el resultado de la frustraci\u00f3n porque hab\u00edan sufrido una derrota militar humillante y no hab\u00edan logrado ninguno de sus objetivos estrat\u00e9gicos.<\/span><\/p>\n<p><span style=\"font-weight: 400;\">Tambi\u00e9n anot\u00f3 que \u201cel asesinato de mujeres y ni\u00f1os no significan victoria\u201d y que esas masacres de civiles \u201ccrearon una atm\u00f3sfera sin precedentes de odio antisionista en todo el mundo\u201d.<\/span><\/p>\n<p><span style=\"font-weight: 400;\">Hablando en una conferencia sobre la implementaci\u00f3n de la Constituci\u00f3n a principios de diciembre en Teher\u00e1n, el presidente Raisi se\u00f1al\u00f3 que el apoyo de Ir\u00e1n a Gaza y Palestina cumple totalmente con la Constituci\u00f3n, que ha obligado al gobierno isl\u00e1mico a respaldar a los oprimidos.<\/span><\/p>\n<p><span style=\"font-weight: 400;\">En los d\u00edas siguientes realiz\u00f3 una visita oficial a los Emiratos \u00c1rabes Unidos, Arabia Saud\u00ed y Rusia, donde, por iniciativa suya, Palestina fue uno de los principales puntos de discusi\u00f3n.<\/span><\/p>\n<p><a href=\"https:\/\/www.hispantv.com\/noticias\/rusia\/594760\/lavrov-no-cambios-relaciones-iran-rusia-raisi\"><b>Para leer declaraciones de Sergu\u00e9i Lavrov\u00a0 sobre relaciones de Rusia e Ir\u00e1n ante situaci\u00f3n actual<\/b><\/a><\/p>\n<p><span style=\"font-weight: 400;\">Tambi\u00e9n abord\u00f3 el tema con funcionarios de Egipto, Pakist\u00e1n, Malasia y Argelia, fortaleciendo las relaciones bilaterales de Ir\u00e1n con estos pa\u00edses.<\/span><\/p>\n<p><span style=\"font-weight: 400;\">En su discurso en la Conferencia Internacional Tormenta de Al-Aqsa y el Despertar de la Conciencia Humana en enero, el presidente Raisi reiter\u00f3 la importancia de Palestina para la Umma (comunidad) isl\u00e1mica, calific\u00e1ndola tambi\u00e9n como \u201cla primera cuesti\u00f3n de la humanidad y de todos los pueblos libres del mundo\u201d.<\/span><\/p>\n<p><span style=\"font-weight: 400;\">Cit\u00f3 las palabras del Imam Jomeini (P), describiendo la cuesti\u00f3n de Palestina como la primera cuesti\u00f3n del mundo isl\u00e1mico y la libertad de la santa Al-Quds como la prioridad del mundo isl\u00e1mico.<\/span><\/p>\n<p><span style=\"font-weight: 400;\">En otro discurso, el presidente Raisi elogi\u00f3 el papel de los movimientos de la Resistencia en El L\u00edbano, Yemen e Irak, que se unieron a las operaciones de represalia propalestina contra el r\u00e9gimen sionista.<\/span><\/p>\n<blockquote>\n<h2><b><i>\u201cEn el V Congreso Internacional del Imam Reza (P), celebrado a mediados de mayo, remarc\u00f3 que la sangre de 15 mil ni\u00f1os martirizados de Gaza es tan poderosa que no s\u00f3lo acabar\u00eda con el r\u00e9gimen sionista, sino que tambi\u00e9n llevar\u00eda al fin de las injusticias globales\u201d<\/i><\/b><\/h2>\n<\/blockquote>\n<p><b>Pidi\u00f3 a las naciones musulmanas que eviten la hipocres\u00eda<\/b><\/p>\n<p><span style=\"font-weight: 400;\">Tambi\u00e9n reprendi\u00f3 a ciertos pa\u00edses isl\u00e1micos que mantienen relaciones econ\u00f3micas clandestinas con el r\u00e9gimen sionista a pesar del genocidio en curso contra Gaza, inst\u00e1ndolos a cambiar de rumbo.<\/span><\/p>\n<p><span style=\"font-weight: 400;\">Asimismo, conden\u00f3 al r\u00e9gimen estadounidense por vetar las Resoluciones de la Organizaci\u00f3n de Naciones Unidas (ONU) que ped\u00edan un alto el fuego en Gaza, describiendo a Washington como el centro del Eje del Mal. Tambi\u00e9n critic\u00f3 a los medios occidentales por su cobertura distorsionada del genocidio israel\u00ed-estadounidense en Gaza.<\/span><\/p>\n<p><span style=\"font-weight: 400;\">En marzo, el presidente Raisi aprovech\u00f3 la ocasi\u00f3n del Noruz (A\u00f1os Nuevo iran\u00ed) para pedir a sus hom\u00f3logos de los pa\u00edses de la regi\u00f3n que adoptaran medidas pr\u00e1cticas para detener las atrocidades israel\u00edes contra el pueblo palestino en la Franja de Gaza.<\/span><\/p>\n<p><span style=\"font-weight: 400;\">Adem\u00e1s, con motivo del env\u00edo de mensajes de felicitaci\u00f3n por el Eid al-Fitr (jornada que marca el fin del mes sagrado de Ramad\u00e1n) en abril, pidi\u00f3 a los l\u00edderes de todos los pa\u00edses isl\u00e1micos que se comprometan m\u00e1s firmemente a apoyar a los palestinos.<\/span><\/p>\n<p><span style=\"font-weight: 400;\">Ese mismo mes, conden\u00f3 a los pa\u00edses occidentales que se proyectan como protectores de los derechos humanos mientras apoyan abierta o silenciosamente al r\u00e9gimen israel\u00ed, calific\u00e1ndolos de c\u00f3mplices de los cr\u00edmenes sionistas.<\/span><\/p>\n<p><span style=\"font-weight: 400;\">El presidente Raisi tambi\u00e9n conden\u00f3 la brutal represi\u00f3n de las protestas estudiantiles antisionistas en las universidades occidentales en las \u00faltimas semanas, especialmente en Estados Unidos.<\/span><\/p>\n<p><span style=\"font-weight: 400;\">\u201cHoy, gracias a la sangre limpia de los m\u00e1rtires oprimidos de Gaza, el verdadero rostro de la civilizaci\u00f3n occidental ha sido revelado m\u00e1s que nunca frente a los pueblos del mundo, y ha quedado claro que aquellos que hacen afirmaciones sobre la defensa de la libertad de expresi\u00f3n no est\u00e1n comprometidos con ninguna moralidad, sino que intentan preservar su hegemon\u00eda sobre los dem\u00e1s\u00bb, asever\u00f3.<\/span><\/p>\n<p><span style=\"font-weight: 400;\">A principios de mayo, en una declaraci\u00f3n con motivo del D\u00eda Mundial de la Cruz Roja y de la Media Luna Roja, hizo un llamamiento a los organismos mundiales y a todas las conciencias humanas despiertas para que ayudaran al oprimido pueblo palestino de Gaza y proporcionaran las bases para enviar ayuda humanitaria.<\/span><\/p>\n<p><span style=\"font-weight: 400;\">Unos d\u00edas m\u00e1s tarde, durante su visita a la 35.\u00aa Feria Internacional del Libro de Teher\u00e1n, el presidente Raisi llam\u00f3 a escritores y artistas iran\u00edes a representar el conflicto entre el honor y el mal en Gaza.<\/span><\/p>\n<p><span style=\"font-weight: 400;\">En el V Congreso Internacional del Imam Reza (P), celebrado a mediados de mayo, remarc\u00f3 que la sangre de 15 mil ni\u00f1os martirizados de Gaza es tan poderosa que no s\u00f3lo acabar\u00eda con el r\u00e9gimen sionista, sino que tambi\u00e9n llevar\u00eda al fin de las injusticias globales.<\/span><\/p>\n<p><span style=\"font-weight: 400;\">En sus recientes viajes oficiales, de Sri Lanka a Azerbaiy\u00e1n, el presidente Raisi se esforz\u00f3 por mejorar las relaciones bilaterales, al tiempo que destac\u00f3 posiciones comunes sobre la cuesti\u00f3n palestina.<\/span><\/p>\n<p><b>Autor: Ivan Kesic\/ HispanTv<\/b><\/p>\n<p><b><i>Para leer en el original: <\/i><\/b><a href=\"https:\/\/www.hispantv.com\/noticias\/opinion\/594701\/martir-raisi-palestina-cuestion-principal-musulmanes\"><b><i>Para Raisi, Palestina era la cuesti\u00f3n principal de musulmanes | HISPANTV<\/i><\/b><\/a><\/p>\n","protected":false},"excerpt":{"rendered":"<p>Mientras personas de todo el mundo lloran la tr\u00e1gica muerte del presidente Ebrahim Raisi en&#8230;<\/p>\n","protected":false},"author":1,"featured_media":1122,"comment_status":"open","ping_status":"closed","sticky":false,"template":"","format":"standard","meta":{"footnotes":""},"categories":[56],"tags":[288,104,287],"class_list":["post-1121","post","type-post","status-publish","format-standard","has-post-thumbnail","hentry","category-medios-aliados","tag-musulman","tag-palestina","tag-raisi"],"yoast_head":"<!-- This site is optimized with the Yoast SEO plugin v27.5 - https:\/\/yoast.com\/product\/yoast-seo-wordpress\/ -->\n<title>Para Raisi, Palestina era la cuesti\u00f3n principal de musulmanes -<\/title>\n<meta name=\"description\" content=\"Mientras personas de todo el mundo lloran la tr\u00e1gica muerte del presidente Ebrahim Raisi en un accidente de helic\u00f3ptero, es hora de recordar su ilustre vida y legado y c\u00f3mo defendi\u00f3 la causa de los oprimidos.\" \/>\n<meta name=\"robots\" content=\"index, follow, max-snippet:-1, max-image-preview:large, max-video-preview:-1\" \/>\n<link rel=\"canonical\" href=\"https:\/\/hueleaazufre.com\/wordpress_a\/index.php\/2024\/05\/22\/para-raisi-palestina-era-la-cuestion-principal-de-musulmanes\/\" \/>\n<meta property=\"og:locale\" content=\"es_ES\" \/>\n<meta property=\"og:type\" content=\"article\" \/>\n<meta property=\"og:title\" content=\"Para Raisi, Palestina era la cuesti\u00f3n principal de musulmanes -\" \/>\n<meta property=\"og:description\" content=\"Mientras personas de todo el mundo lloran la tr\u00e1gica muerte del presidente Ebrahim Raisi en un accidente de helic\u00f3ptero, es hora de recordar su ilustre vida y legado y c\u00f3mo defendi\u00f3 la causa de los oprimidos.\" \/>\n<meta property=\"og:url\" content=\"https:\/\/hueleaazufre.com\/wordpress_a\/index.php\/2024\/05\/22\/para-raisi-palestina-era-la-cuestion-principal-de-musulmanes\/\" \/>\n<meta property=\"article:published_time\" content=\"2024-05-22T04:10:06+00:00\" \/>\n<meta property=\"og:image\" content=\"https:\/\/hueleaazufre.com\/wordpress_a\/wp-content\/uploads\/2024\/05\/1-2.jpg\" \/>\n\t<meta property=\"og:image:width\" content=\"800\" \/>\n\t<meta property=\"og:image:height\" content=\"445\" \/>\n\t<meta property=\"og:image:type\" content=\"image\/jpeg\" \/>\n<meta name=\"author\" content=\"Huele a azufre\" \/>\n<meta name=\"twitter:card\" content=\"summary_large_image\" \/>\n<meta name=\"twitter:label1\" content=\"Escrito por\" \/>\n\t<meta name=\"twitter:data1\" content=\"Huele a azufre\" \/>\n\t<meta name=\"twitter:label2\" content=\"Tiempo de lectura\" \/>\n\t<meta name=\"twitter:data2\" content=\"10 minutos\" \/>\n<script type=\"application\/ld+json\" class=\"yoast-schema-graph\">{\"@context\":\"https:\\\/\\\/schema.org\",\"@graph\":[{\"@type\":\"Article\",\"@id\":\"https:\\\/\\\/hueleaazufre.com\\\/wordpress_a\\\/index.php\\\/2024\\\/05\\\/22\\\/para-raisi-palestina-era-la-cuestion-principal-de-musulmanes\\\/#article\",\"isPartOf\":{\"@id\":\"https:\\\/\\\/hueleaazufre.com\\\/wordpress_a\\\/index.php\\\/2024\\\/05\\\/22\\\/para-raisi-palestina-era-la-cuestion-principal-de-musulmanes\\\/\"},\"author\":{\"name\":\"Huele a azufre\",\"@id\":\"https:\\\/\\\/hueleaazufre.com\\\/wordpress_a\\\/#\\\/schema\\\/person\\\/549dd871707ea7f9f1a686323ebe9baa\"},\"headline\":\"Para Raisi, Palestina era la cuesti\u00f3n principal de musulmanes\",\"datePublished\":\"2024-05-22T04:10:06+00:00\",\"mainEntityOfPage\":{\"@id\":\"https:\\\/\\\/hueleaazufre.com\\\/wordpress_a\\\/index.php\\\/2024\\\/05\\\/22\\\/para-raisi-palestina-era-la-cuestion-principal-de-musulmanes\\\/\"},\"wordCount\":2379,\"commentCount\":0,\"image\":{\"@id\":\"https:\\\/\\\/hueleaazufre.com\\\/wordpress_a\\\/index.php\\\/2024\\\/05\\\/22\\\/para-raisi-palestina-era-la-cuestion-principal-de-musulmanes\\\/#primaryimage\"},\"thumbnailUrl\":\"https:\\\/\\\/hueleaazufre.com\\\/wordpress_a\\\/wp-content\\\/uploads\\\/2024\\\/05\\\/1-2.jpg\",\"keywords\":[\"musulman\",\"Palestina\",\"Raisi\"],\"articleSection\":[\"Medios aliados\"],\"inLanguage\":\"es\",\"potentialAction\":[{\"@type\":\"CommentAction\",\"name\":\"Comment\",\"target\":[\"https:\\\/\\\/hueleaazufre.com\\\/wordpress_a\\\/index.php\\\/2024\\\/05\\\/22\\\/para-raisi-palestina-era-la-cuestion-principal-de-musulmanes\\\/#respond\"]}]},{\"@type\":\"WebPage\",\"@id\":\"https:\\\/\\\/hueleaazufre.com\\\/wordpress_a\\\/index.php\\\/2024\\\/05\\\/22\\\/para-raisi-palestina-era-la-cuestion-principal-de-musulmanes\\\/\",\"url\":\"https:\\\/\\\/hueleaazufre.com\\\/wordpress_a\\\/index.php\\\/2024\\\/05\\\/22\\\/para-raisi-palestina-era-la-cuestion-principal-de-musulmanes\\\/\",\"name\":\"Para Raisi, Palestina era la cuesti\u00f3n principal de musulmanes -\",\"isPartOf\":{\"@id\":\"https:\\\/\\\/hueleaazufre.com\\\/wordpress_a\\\/#website\"},\"primaryImageOfPage\":{\"@id\":\"https:\\\/\\\/hueleaazufre.com\\\/wordpress_a\\\/index.php\\\/2024\\\/05\\\/22\\\/para-raisi-palestina-era-la-cuestion-principal-de-musulmanes\\\/#primaryimage\"},\"image\":{\"@id\":\"https:\\\/\\\/hueleaazufre.com\\\/wordpress_a\\\/index.php\\\/2024\\\/05\\\/22\\\/para-raisi-palestina-era-la-cuestion-principal-de-musulmanes\\\/#primaryimage\"},\"thumbnailUrl\":\"https:\\\/\\\/hueleaazufre.com\\\/wordpress_a\\\/wp-content\\\/uploads\\\/2024\\\/05\\\/1-2.jpg\",\"datePublished\":\"2024-05-22T04:10:06+00:00\",\"author\":{\"@id\":\"https:\\\/\\\/hueleaazufre.com\\\/wordpress_a\\\/#\\\/schema\\\/person\\\/549dd871707ea7f9f1a686323ebe9baa\"},\"description\":\"Mientras personas de todo el mundo lloran la tr\u00e1gica muerte del presidente Ebrahim Raisi en un accidente de helic\u00f3ptero, es hora de recordar su ilustre vida y legado y c\u00f3mo defendi\u00f3 la causa de los oprimidos.\",\"breadcrumb\":{\"@id\":\"https:\\\/\\\/hueleaazufre.com\\\/wordpress_a\\\/index.php\\\/2024\\\/05\\\/22\\\/para-raisi-palestina-era-la-cuestion-principal-de-musulmanes\\\/#breadcrumb\"},\"inLanguage\":\"es\",\"potentialAction\":[{\"@type\":\"ReadAction\",\"target\":[\"https:\\\/\\\/hueleaazufre.com\\\/wordpress_a\\\/index.php\\\/2024\\\/05\\\/22\\\/para-raisi-palestina-era-la-cuestion-principal-de-musulmanes\\\/\"]}]},{\"@type\":\"ImageObject\",\"inLanguage\":\"es\",\"@id\":\"https:\\\/\\\/hueleaazufre.com\\\/wordpress_a\\\/index.php\\\/2024\\\/05\\\/22\\\/para-raisi-palestina-era-la-cuestion-principal-de-musulmanes\\\/#primaryimage\",\"url\":\"https:\\\/\\\/hueleaazufre.com\\\/wordpress_a\\\/wp-content\\\/uploads\\\/2024\\\/05\\\/1-2.jpg\",\"contentUrl\":\"https:\\\/\\\/hueleaazufre.com\\\/wordpress_a\\\/wp-content\\\/uploads\\\/2024\\\/05\\\/1-2.jpg\",\"width\":800,\"height\":445},{\"@type\":\"BreadcrumbList\",\"@id\":\"https:\\\/\\\/hueleaazufre.com\\\/wordpress_a\\\/index.php\\\/2024\\\/05\\\/22\\\/para-raisi-palestina-era-la-cuestion-principal-de-musulmanes\\\/#breadcrumb\",\"itemListElement\":[{\"@type\":\"ListItem\",\"position\":1,\"name\":\"Portada\",\"item\":\"https:\\\/\\\/hueleaazufre.com\\\/wordpress_a\\\/\"},{\"@type\":\"ListItem\",\"position\":2,\"name\":\"Para Raisi, Palestina era la cuesti\u00f3n principal de musulmanes\"}]},{\"@type\":\"WebSite\",\"@id\":\"https:\\\/\\\/hueleaazufre.com\\\/wordpress_a\\\/#website\",\"url\":\"https:\\\/\\\/hueleaazufre.com\\\/wordpress_a\\\/\",\"name\":\"\",\"description\":\"Huele a azufre es una plataforma digital de an\u00e1lisis geopol\u00edtico.\",\"potentialAction\":[{\"@type\":\"SearchAction\",\"target\":{\"@type\":\"EntryPoint\",\"urlTemplate\":\"https:\\\/\\\/hueleaazufre.com\\\/wordpress_a\\\/?s={search_term_string}\"},\"query-input\":{\"@type\":\"PropertyValueSpecification\",\"valueRequired\":true,\"valueName\":\"search_term_string\"}}],\"inLanguage\":\"es\"},{\"@type\":\"Person\",\"@id\":\"https:\\\/\\\/hueleaazufre.com\\\/wordpress_a\\\/#\\\/schema\\\/person\\\/549dd871707ea7f9f1a686323ebe9baa\",\"name\":\"Huele a azufre\",\"image\":{\"@type\":\"ImageObject\",\"inLanguage\":\"es\",\"@id\":\"https:\\\/\\\/secure.gravatar.com\\\/avatar\\\/e972d5c124b9bf80eb4c9d322a90dd86a59d447f5da36700a77516f13637d44e?s=96&d=mm&r=g\",\"url\":\"https:\\\/\\\/secure.gravatar.com\\\/avatar\\\/e972d5c124b9bf80eb4c9d322a90dd86a59d447f5da36700a77516f13637d44e?s=96&d=mm&r=g\",\"contentUrl\":\"https:\\\/\\\/secure.gravatar.com\\\/avatar\\\/e972d5c124b9bf80eb4c9d322a90dd86a59d447f5da36700a77516f13637d44e?s=96&d=mm&r=g\",\"caption\":\"Huele a azufre\"},\"description\":\"Huele a azufre es una plataforma digital de an\u00e1lisis geopol\u00edtico\u00a0 contrahegem\u00f3nico, que busca visibilizar las voces y los discursos silenciados por el poder medi\u00e1tico.\",\"sameAs\":[\"https:\\\/\\\/hueleaazufre.com\\\/wordpress_a\"],\"url\":\"https:\\\/\\\/hueleaazufre.com\\\/wordpress_a\\\/index.php\\\/author\\\/admin_tupapa\\\/\"}]}<\/script>\n<!-- \/ Yoast SEO plugin. -->","yoast_head_json":{"title":"Para Raisi, Palestina era la cuesti\u00f3n principal de musulmanes -","description":"Mientras personas de todo el mundo lloran la tr\u00e1gica muerte del presidente Ebrahim Raisi en un accidente de helic\u00f3ptero, es hora de recordar su ilustre vida y legado y c\u00f3mo defendi\u00f3 la causa de los oprimidos.","robots":{"index":"index","follow":"follow","max-snippet":"max-snippet:-1","max-image-preview":"max-image-preview:large","max-video-preview":"max-video-preview:-1"},"canonical":"https:\/\/hueleaazufre.com\/wordpress_a\/index.php\/2024\/05\/22\/para-raisi-palestina-era-la-cuestion-principal-de-musulmanes\/","og_locale":"es_ES","og_type":"article","og_title":"Para Raisi, Palestina era la cuesti\u00f3n principal de musulmanes -","og_description":"Mientras personas de todo el mundo lloran la tr\u00e1gica muerte del presidente Ebrahim Raisi en un accidente de helic\u00f3ptero, es hora de recordar su ilustre vida y legado y c\u00f3mo defendi\u00f3 la causa de los oprimidos.","og_url":"https:\/\/hueleaazufre.com\/wordpress_a\/index.php\/2024\/05\/22\/para-raisi-palestina-era-la-cuestion-principal-de-musulmanes\/","article_published_time":"2024-05-22T04:10:06+00:00","og_image":[{"width":800,"height":445,"url":"https:\/\/hueleaazufre.com\/wordpress_a\/wp-content\/uploads\/2024\/05\/1-2.jpg","type":"image\/jpeg"}],"author":"Huele a azufre","twitter_card":"summary_large_image","twitter_misc":{"Escrito por":"Huele a azufre","Tiempo de lectura":"10 minutos"},"schema":{"@context":"https:\/\/schema.org","@graph":[{"@type":"Article","@id":"https:\/\/hueleaazufre.com\/wordpress_a\/index.php\/2024\/05\/22\/para-raisi-palestina-era-la-cuestion-principal-de-musulmanes\/#article","isPartOf":{"@id":"https:\/\/hueleaazufre.com\/wordpress_a\/index.php\/2024\/05\/22\/para-raisi-palestina-era-la-cuestion-principal-de-musulmanes\/"},"author":{"name":"Huele a azufre","@id":"https:\/\/hueleaazufre.com\/wordpress_a\/#\/schema\/person\/549dd871707ea7f9f1a686323ebe9baa"},"headline":"Para Raisi, Palestina era la cuesti\u00f3n principal de musulmanes","datePublished":"2024-05-22T04:10:06+00:00","mainEntityOfPage":{"@id":"https:\/\/hueleaazufre.com\/wordpress_a\/index.php\/2024\/05\/22\/para-raisi-palestina-era-la-cuestion-principal-de-musulmanes\/"},"wordCount":2379,"commentCount":0,"image":{"@id":"https:\/\/hueleaazufre.com\/wordpress_a\/index.php\/2024\/05\/22\/para-raisi-palestina-era-la-cuestion-principal-de-musulmanes\/#primaryimage"},"thumbnailUrl":"https:\/\/hueleaazufre.com\/wordpress_a\/wp-content\/uploads\/2024\/05\/1-2.jpg","keywords":["musulman","Palestina","Raisi"],"articleSection":["Medios aliados"],"inLanguage":"es","potentialAction":[{"@type":"CommentAction","name":"Comment","target":["https:\/\/hueleaazufre.com\/wordpress_a\/index.php\/2024\/05\/22\/para-raisi-palestina-era-la-cuestion-principal-de-musulmanes\/#respond"]}]},{"@type":"WebPage","@id":"https:\/\/hueleaazufre.com\/wordpress_a\/index.php\/2024\/05\/22\/para-raisi-palestina-era-la-cuestion-principal-de-musulmanes\/","url":"https:\/\/hueleaazufre.com\/wordpress_a\/index.php\/2024\/05\/22\/para-raisi-palestina-era-la-cuestion-principal-de-musulmanes\/","name":"Para Raisi, Palestina era la cuesti\u00f3n principal de musulmanes -","isPartOf":{"@id":"https:\/\/hueleaazufre.com\/wordpress_a\/#website"},"primaryImageOfPage":{"@id":"https:\/\/hueleaazufre.com\/wordpress_a\/index.php\/2024\/05\/22\/para-raisi-palestina-era-la-cuestion-principal-de-musulmanes\/#primaryimage"},"image":{"@id":"https:\/\/hueleaazufre.com\/wordpress_a\/index.php\/2024\/05\/22\/para-raisi-palestina-era-la-cuestion-principal-de-musulmanes\/#primaryimage"},"thumbnailUrl":"https:\/\/hueleaazufre.com\/wordpress_a\/wp-content\/uploads\/2024\/05\/1-2.jpg","datePublished":"2024-05-22T04:10:06+00:00","author":{"@id":"https:\/\/hueleaazufre.com\/wordpress_a\/#\/schema\/person\/549dd871707ea7f9f1a686323ebe9baa"},"description":"Mientras personas de todo el mundo lloran la tr\u00e1gica muerte del presidente Ebrahim Raisi en un accidente de helic\u00f3ptero, es hora de recordar su ilustre vida y legado y c\u00f3mo defendi\u00f3 la causa de los oprimidos.","breadcrumb":{"@id":"https:\/\/hueleaazufre.com\/wordpress_a\/index.php\/2024\/05\/22\/para-raisi-palestina-era-la-cuestion-principal-de-musulmanes\/#breadcrumb"},"inLanguage":"es","potentialAction":[{"@type":"ReadAction","target":["https:\/\/hueleaazufre.com\/wordpress_a\/index.php\/2024\/05\/22\/para-raisi-palestina-era-la-cuestion-principal-de-musulmanes\/"]}]},{"@type":"ImageObject","inLanguage":"es","@id":"https:\/\/hueleaazufre.com\/wordpress_a\/index.php\/2024\/05\/22\/para-raisi-palestina-era-la-cuestion-principal-de-musulmanes\/#primaryimage","url":"https:\/\/hueleaazufre.com\/wordpress_a\/wp-content\/uploads\/2024\/05\/1-2.jpg","contentUrl":"https:\/\/hueleaazufre.com\/wordpress_a\/wp-content\/uploads\/2024\/05\/1-2.jpg","width":800,"height":445},{"@type":"BreadcrumbList","@id":"https:\/\/hueleaazufre.com\/wordpress_a\/index.php\/2024\/05\/22\/para-raisi-palestina-era-la-cuestion-principal-de-musulmanes\/#breadcrumb","itemListElement":[{"@type":"ListItem","position":1,"name":"Portada","item":"https:\/\/hueleaazufre.com\/wordpress_a\/"},{"@type":"ListItem","position":2,"name":"Para Raisi, Palestina era la cuesti\u00f3n principal de musulmanes"}]},{"@type":"WebSite","@id":"https:\/\/hueleaazufre.com\/wordpress_a\/#website","url":"https:\/\/hueleaazufre.com\/wordpress_a\/","name":"","description":"Huele a azufre es una plataforma digital de an\u00e1lisis geopol\u00edtico.","potentialAction":[{"@type":"SearchAction","target":{"@type":"EntryPoint","urlTemplate":"https:\/\/hueleaazufre.com\/wordpress_a\/?s={search_term_string}"},"query-input":{"@type":"PropertyValueSpecification","valueRequired":true,"valueName":"search_term_string"}}],"inLanguage":"es"},{"@type":"Person","@id":"https:\/\/hueleaazufre.com\/wordpress_a\/#\/schema\/person\/549dd871707ea7f9f1a686323ebe9baa","name":"Huele a azufre","image":{"@type":"ImageObject","inLanguage":"es","@id":"https:\/\/secure.gravatar.com\/avatar\/e972d5c124b9bf80eb4c9d322a90dd86a59d447f5da36700a77516f13637d44e?s=96&d=mm&r=g","url":"https:\/\/secure.gravatar.com\/avatar\/e972d5c124b9bf80eb4c9d322a90dd86a59d447f5da36700a77516f13637d44e?s=96&d=mm&r=g","contentUrl":"https:\/\/secure.gravatar.com\/avatar\/e972d5c124b9bf80eb4c9d322a90dd86a59d447f5da36700a77516f13637d44e?s=96&d=mm&r=g","caption":"Huele a azufre"},"description":"Huele a azufre es una plataforma digital de an\u00e1lisis geopol\u00edtico\u00a0 contrahegem\u00f3nico, que busca visibilizar las voces y los discursos silenciados por el poder medi\u00e1tico.","sameAs":["https:\/\/hueleaazufre.com\/wordpress_a"],"url":"https:\/\/hueleaazufre.com\/wordpress_a\/index.php\/author\/admin_tupapa\/"}]}},"_links":{"self":[{"href":"https:\/\/hueleaazufre.com\/wordpress_a\/index.php\/wp-json\/wp\/v2\/posts\/1121","targetHints":{"allow":["GET"]}}],"collection":[{"href":"https:\/\/hueleaazufre.com\/wordpress_a\/index.php\/wp-json\/wp\/v2\/posts"}],"about":[{"href":"https:\/\/hueleaazufre.com\/wordpress_a\/index.php\/wp-json\/wp\/v2\/types\/post"}],"author":[{"embeddable":true,"href":"https:\/\/hueleaazufre.com\/wordpress_a\/index.php\/wp-json\/wp\/v2\/users\/1"}],"replies":[{"embeddable":true,"href":"https:\/\/hueleaazufre.com\/wordpress_a\/index.php\/wp-json\/wp\/v2\/comments?post=1121"}],"version-history":[{"count":1,"href":"https:\/\/hueleaazufre.com\/wordpress_a\/index.php\/wp-json\/wp\/v2\/posts\/1121\/revisions"}],"predecessor-version":[{"id":1123,"href":"https:\/\/hueleaazufre.com\/wordpress_a\/index.php\/wp-json\/wp\/v2\/posts\/1121\/revisions\/1123"}],"wp:featuredmedia":[{"embeddable":true,"href":"https:\/\/hueleaazufre.com\/wordpress_a\/index.php\/wp-json\/wp\/v2\/media\/1122"}],"wp:attachment":[{"href":"https:\/\/hueleaazufre.com\/wordpress_a\/index.php\/wp-json\/wp\/v2\/media?parent=1121"}],"wp:term":[{"taxonomy":"category","embeddable":true,"href":"https:\/\/hueleaazufre.com\/wordpress_a\/index.php\/wp-json\/wp\/v2\/categories?post=1121"},{"taxonomy":"post_tag","embeddable":true,"href":"https:\/\/hueleaazufre.com\/wordpress_a\/index.php\/wp-json\/wp\/v2\/tags?post=1121"}],"curies":[{"name":"wp","href":"https:\/\/api.w.org\/{rel}","templated":true}]}}