{"id":1189,"date":"2024-06-10T16:57:40","date_gmt":"2024-06-10T16:57:40","guid":{"rendered":"https:\/\/hueleaazufre.com\/wordpress_a\/?p=1189"},"modified":"2024-06-10T16:57:40","modified_gmt":"2024-06-10T16:57:40","slug":"desembarco-de-normandia","status":"publish","type":"post","link":"https:\/\/hueleaazufre.com\/wordpress_a\/index.php\/2024\/06\/10\/desembarco-de-normandia\/","title":{"rendered":"La otra cara del desembarco de Normand\u00eda"},"content":{"rendered":"<p><span style=\"font-weight: 400;\">Entre agosto de 1942 y febrero de 1943 se desarroll\u00f3 el enfrentamiento b\u00e9lico de mayor dimensi\u00f3n en la historia de la humanidad.<\/span><b> La batalla de Stalingrado produjo un poco m\u00e1s de 2 millones de bajas entre soldados de ambos ej\u00e9rcitos y civiles sovi\u00e9ticos.<\/b><\/p>\n<p><span style=\"font-weight: 400;\">La victoria sovi\u00e9tica signific\u00f3 un punto de inflexi\u00f3n en la intenci\u00f3n nazi de derrotar a ese pa\u00eds y el inicio de una contra ofensiva de las Fuerzas Armadas al mando del mariscal Zhukov, que no se detuvo hasta la victoria definitiva en Berl\u00edn en mayo de 1945.\u00a0<\/span><\/p>\n<blockquote class=\"wp-embedded-content\" data-secret=\"zA5rMvFzGj\"><p><a href=\"https:\/\/hueleaazufre.com\/wordpress_a\/index.php\/2024\/05\/31\/luchar-por-la-paz-evitar-la-3ra-guerra-mundial\/\">Luchar por la paz. Evitar la 3ra Guerra Mundial<\/a><\/p><\/blockquote>\n<p><iframe class=\"wp-embedded-content\" sandbox=\"allow-scripts\" security=\"restricted\" style=\"position: absolute; clip: rect(1px, 1px, 1px, 1px);\" title=\"\u00abLuchar por la paz. Evitar la 3ra Guerra Mundial\u00bb \u2014 \" src=\"https:\/\/hueleaazufre.com\/wordpress_a\/index.php\/2024\/05\/31\/luchar-por-la-paz-evitar-la-3ra-guerra-mundial\/embed\/#?secret=MsOhD7JzXI#?secret=zA5rMvFzGj\" data-secret=\"zA5rMvFzGj\" width=\"600\" height=\"338\" frameborder=\"0\" marginwidth=\"0\" marginheight=\"0\" scrolling=\"no\"><\/iframe><\/p>\n<p><span style=\"font-weight: 400;\">En esa medida, Stalingrado, encarn\u00f3 un cambio en la correlaci\u00f3n estrat\u00e9gica de fuerzas de la segunda guerra mundial y la convicci\u00f3n de Occidente que el poder sovi\u00e9tico no iba a caer por la fuerza avasalladora del ej\u00e9rcito nazi, aspiraci\u00f3n suprema de las fuerzas aliadas que durante los dos a\u00f1os anteriores miraban con ambici\u00f3n no oculta que ese hecho ocurriera.<\/span><\/p>\n<p><b>Intentando contener a las tropas sovi\u00e9ticas, en julio de 1943 Hitler orden\u00f3 el ataque de sus principales fuerzas, lo que dio origen a la Batalla de Kursk<\/b><span style=\"font-weight: 400;\">, (en territorio ucraniano), considerada la de mayor dimensi\u00f3n en cuanto a la participaci\u00f3n de blindados (8 mil) y de aviones (5 mil) entre ambos contendientes.\u00a0<\/span><\/p>\n<p><span style=\"font-weight: 400;\">Los sovi\u00e9ticos pasaron a la ofensiva y entre julio y agosto lograron derrotar a la mayor agrupaci\u00f3n de fuerzas alemanas sobrevivientes de Stalingrado convenientemente reforzadas por Hitler. <\/span><b>La derrota en Kursk fue el \u00faltimo intento nazi de pasar a la ofensiva en el frente oriental.<\/b><span style=\"font-weight: 400;\">\u00a0<\/span><\/p>\n<p><span style=\"font-weight: 400;\">De inmediato, <\/span><b>el mando sovi\u00e9tico orden\u00f3 dar continuidad a la contra ofensiva para aprovechar el alto grado de desmoralizaci\u00f3n que produjeron las derrotas del ej\u00e9rcito nazi en Stalingrado y Kursk<\/b><span style=\"font-weight: 400;\">, por lo que entre agosto y octubre de 1943 se desencaden\u00f3 la Batalla de Smolensk\u00a0 que ocasion\u00f3 alrededor de 250 mil bajas alemanas y de sus aliados y 400 mil entre soldados y civiles sovi\u00e9ticos. Esta contienda permiti\u00f3 la entrada de las tropas en Bielorrusia, iniciando los combates por la liberaci\u00f3n de esa rep\u00fablica.<\/span><\/p>\n<p><b>Para leer sobre el fascismo y su avance en la pol\u00edtica:<\/b> <a href=\"https:\/\/hueleaazufre.com\/wordpress_a\/index.php\/2024\/06\/05\/fascismo-occidental-vox\/\"><span style=\"font-weight: 400;\">Fascismo en los tiempos de la decadencia occidental &#8211; (hueleaazufre.com)<\/span><\/a><\/p>\n<blockquote>\n<h2><b><i>\u201cFueron liberadas Kiev, Crimea, Odessa, Sebastopol y N\u00f3vgorod, creando condiciones para romper el cerco sobre Leningrado que hab\u00eda durado 900 d\u00edas ininterrumpidamente desde septiembre de 1941 hasta el 27 de enero de 1944 sin que el alto mando nazi hubiera logrado el objetivo de capturar la ciudad\u201d<\/i><\/b><\/h2>\n<\/blockquote>\n<p><span style=\"font-weight: 400;\">Simult\u00e1neamente, en agosto de ese a\u00f1o, dio inicio la Batalla del Dni\u00e9per. Al finalizar la misma en diciembre, las fuerzas nazis tuvieron un mill\u00f3n 700 mil bajas y las sovi\u00e9ticas un mill\u00f3n 250 mil. Este enfrentamiento tambi\u00e9n est\u00e1 considerado uno de los de mayor dimensi\u00f3n en la historia, con la participaci\u00f3n de alrededor de 4 millones de combatientes entre ambos bandos.<\/span><\/p>\n<p><a href=\"https:\/\/x.com\/mae_rusia\/status\/1298569595729653766\"><span style=\"font-weight: 400;\">(9) Canciller\u00eda de Rusia \ud83c\uddf7\ud83c\uddfa en X: \u00ab\u2694\ufe0fEl 26 de agosto de 1943 comenz\u00f3 la Batalla del Dni\u00e9per- la gran operaci\u00f3n del #Ej\u00e9rcitoRojo que dur\u00f3 casi 4 meses. Gracias a los esfuerzos de millones de combatientes&amp;trabajadores de retaguardia\ud83c\uddfa\ud83c\udde6#Kiev y #Ucrania de la Margen Izquierda fueron completamente liberados de nazis. https:\/\/t.co\/lGHbiFedfQ\u00bb \/ X<\/span><\/a><\/p>\n<p><span style=\"font-weight: 400;\">Durante los \u00faltimos meses de 1943 y primeros del a\u00f1o 1944 el avance de las tropas sovi\u00e9ticas hacia el oeste se mantuvo indetenible. <\/span><b>\u00a0Fueron liberadas Kiev, Crimea, Odessa, Sebastopol y N\u00f3vgorod, creando condiciones para romper el cerco sobre Leningrado que hab\u00eda durado 900 d\u00edas ininterrumpidamente<\/b><span style=\"font-weight: 400;\"> desde septiembre de 1941 hasta el 27 de enero de 1944 sin que el alto mando nazi hubiera logrado el objetivo de capturar la ciudad.<\/span><\/p>\n<p><span style=\"font-weight: 400;\">As\u00ed, el Estado Mayor de las Fuerzas Armadas sovi\u00e9ticas prepar\u00f3 para el verano de 1944 la Operaci\u00f3n Bagration encaminada a desplazar a los alemanes de Bielorrusia y los pa\u00edses b\u00e1lticos, liberar totalmente su vasto territorio de toda presencia militar extranjera y entrar a la Europa ocupada a trav\u00e9s de Polonia. Esta batalla signific\u00f3 el aniquilamiento total de 17 divisiones del ej\u00e9rcito nazi, quedando adem\u00e1s 50 de ellas gravemente disminuidas.\u00a0\u00a0\u00a0<\/span><\/p>\n<p><b>La Operaci\u00f3n Bagration bas\u00f3 su \u00e9xito en el extraordinario trabajo de la inteligencia sovi\u00e9tica que logr\u00f3 detectar los planes alemanes hasta el \u00faltimo detalle<\/b><span style=\"font-weight: 400;\">, logrando planificar de antemano las operaciones, adelantarse en las mismas y quitarle toda posibilidad de iniciativa al enemigo que se vio sorprendido y sin capacidad de respuesta ante la acometida de las tropas al mando de los mariscales Zhukov, Vasilevsky, Bagrami\u00e1n, y Rokossovsky y el General de Ej\u00e9rcito Iv\u00e1n Chernyajovsky, muerto en combate en Polonia en febrero de 1945<\/span><\/p>\n<p><span style=\"font-weight: 400;\">De manera tal que esa era la situaci\u00f3n en los campos de batalla cuando, por fin, el alto mando aliado decidi\u00f3 abrir el frente occidental ejecutando el Plan Overlord y el desembarco en Normand\u00eda como parte de \u00e9l. A partir de ese momento la mitolog\u00eda occidental se ha encargado de transformar el desembarco en Normand\u00eda \u2014a trav\u00e9s de Hollywood y su gran aparato ideol\u00f3gico y de propaganda\u2014 en la \u201cbatalla decisiva\u201d de la segunda guerra mundial, adjudic\u00e1ndole a las fuerzas armadas estadounidenses un papel que no le cabe en la historia.\u00a0<\/span><\/p>\n<p><a href=\"https:\/\/x.com\/EduSalaOne\/status\/1798585219223838820\"><span style=\"font-weight: 400;\">(9) Edu Sala en X: \u00abHoy se cumplen 80 a\u00f1os del d\u00eda D. El desembarco de Normand\u00eda que Spielberg nos estamp\u00f3 en la cara en uno de los mejores inicios de la historia del cine. 12 millones de d\u00f3lares y 1000 extras. Incre\u00edble. https:\/\/t.co\/LRuynU2mjA\u00bb \/ X<\/span><\/a><\/p>\n<p><span style=\"font-weight: 400;\">No se trata de minimizar la contribuci\u00f3n de los aliados en la contienda, pero\u00a0 la realizaci\u00f3n tard\u00eda e interesada del desembarco persigui\u00f3 objetivos pol\u00edticos vinculados a la situaci\u00f3n que habr\u00eda de crearse en la posguerra.\u00a0<\/span><\/p>\n<p><span style=\"font-weight: 400;\">Lo cierto es que, <\/span><b>el sostenido avance sovi\u00e9tico en el este, despert\u00f3 inquietud en la alianza atl\u00e1ntica en la carrera por llegar primero a Berl\u00edn y, en primera instancia a Par\u00eds, en una Francia que resist\u00eda a trav\u00e9s de sus partisanos comunistas<\/b><span style=\"font-weight: 400;\"> mientras el General De Gaulle viv\u00eda en Londres y refunfu\u00f1aba con imprecaciones de toda \u00edndole por la demora estadounidense-brit\u00e1nica en ejecutar el ansiado desembarco, cuyo retraso amenazaba con poner en entredicho su propia capacidad de liderar el proceso de liberaci\u00f3n de Francia.\u00a0<\/span><\/p>\n<p><span style=\"font-weight: 400;\">Debe decirse que a mediados de junio de ese a\u00f1o, la inteligencia sovi\u00e9tica hab\u00eda logrado desinformar a Alemania acerca de sus planes en el frente oriental, por lo cual concentraba grandes cantidades de unidades en el este que jam\u00e1s pudo desplazar al oeste.\u00a0<\/span><\/p>\n<p><span style=\"font-weight: 400;\">Adem\u00e1s, sus tropas se encontraban diseminadas en un amplio frente de combate que iba desde el B\u00e1ltico hasta el Mediterr\u00e1neo, donde adem\u00e1s de las tropas sovi\u00e9ticas combat\u00edan heroicamente fuerzas guerrilleras rurales y urbanas en Italia, Yugoslavia, Eslovaquia, Polonia y Grecia.<\/span><\/p>\n<p><a href=\"https:\/\/x.com\/Chancams\/status\/1798751440212783272\"><span style=\"font-weight: 400;\">(9) Jose Solano en X: \u00abHan pasado 80 a\u00f1os desde el desembarco de Normand\u00eda. En poco m\u00e1s de tres generaciones, un alto porcentaje de europeos elije en las urnas el fascismo que desencaden\u00f3 60 millones de muertes. De la Historia se han adue\u00f1ado los fascistas, y la interpretan en beneficio propio. https:\/\/t.co\/g9mXk7gA5U\u00bb \/ X<\/span><\/a><\/p>\n<p><span style=\"font-weight: 400;\">Sin desmerecer a los miles de soldados aliados y a los civiles franceses ca\u00eddos durante y despu\u00e9s del desembarco en Normand\u00eda, quienes arriesgaron su vida a favor de destruir la plaga del nazismo, la cifra de 214 mil bajas aliadas y de 300 mil alemanes entre muertos y heridos, palidece ante las dimensiones antes relatadas de las \u00e9picas jornadas de combate que sufri\u00f3 la Uni\u00f3n Sovi\u00e9tica durante 3 a\u00f1os.\u00a0<\/span><\/p>\n<p><b>Si se pudiera comparar en t\u00e9rminos militares, el desembarco en Normand\u00eda con las batallas en Stalingrado, Leningrado, Smolensk, Kursk o el Dni\u00e9per habr\u00eda que decir que la primera fue una simple escaramuza,<\/b><span style=\"font-weight: 400;\"> no tanto por la magnitud de las fuerzas militares y el armamento terrestre, a\u00e9reo y naval ocupado en las operaciones, sino sobre todo porque a diferencia de los sovi\u00e9ticos que luchaban por liberar territorio patrio y su pueblo sufr\u00eda en carne propia los desmanes y la represi\u00f3n indiscriminada del aparato de guerra y represi\u00f3n nazi, <\/span><b>Estados Unidos y Gran Breta\u00f1a luchaban fuera de su territorio, ocupados en una batalla geopol\u00edtica para impedir que el pa\u00eds de los soviets fuera el primero en llegar a Berl\u00edn y lograra la gloria de derrotar al Tercer Reich en su propia madriguera.<\/b><span style=\"font-weight: 400;\"> Era parte de la guerra fr\u00eda y el mundo bipolar.\u00a0<\/span><\/p>\n<p><span style=\"font-weight: 400;\">Es cierto que 45 a\u00f1os despu\u00e9s la Uni\u00f3n Sovi\u00e9tica fue derrotada y desapareci\u00f3, que sus l\u00edderes de entonces no tuvieron la misma grandeza de los que lo condujeron en la Gran Guerra Patria y que su desvanecimiento anunci\u00f3 \u201cel fin de la historia\u201d.\u00a0<\/span><\/p>\n<p><span style=\"font-weight: 400;\">Pero esa es una cosa, y otra es que se pretenda por v\u00eda cinematogr\u00e1fica tergiversar la historia, construir falsos \u00eddolos y esquilmar a los pueblos de la Uni\u00f3n Sovi\u00e9tica el sustantivo aporte que hicieron a la libertad no s\u00f3lo de ellos mismos, sino de toda la humanidad.<\/span><\/p>\n<p><span style=\"font-weight: 400;\">\u201cHonrar, honra\u201d, dijo Jos\u00e9 Mart\u00ed y se debe reconocer la honra del presidente franc\u00e9s Francois Hollande cuando durante los actos en conmemoraci\u00f3n del 70 aniversario del desembarco aliado el pasado 6 de junio, en las playas normandas destac\u00f3 <\/span><b>\u201cel valor del Ej\u00e9rcito Rojo y la contribuci\u00f3n del pueblo de la entonces Uni\u00f3n Sovi\u00e9tica a la derrota del nazismo en la II Guerra Mundial\u201d<\/b><span style=\"font-weight: 400;\">. Hollande hizo patente su deseo de \u201c\u2026saludar el coraje del Ej\u00e9rcito Rojo que, lejos de aqu\u00ed, frente a 150 divisiones alemanas, fue capaz de hacerlas retroceder\u201d<\/span><\/p>\n<p><span style=\"font-weight: 400;\">En el acto que cont\u00f3 con la presencia de 19 jefes de Estado entre los cuales destacaba Barack Obama de Estados Unidos y Vladimir Putin de Rusia, Hollande destac\u00f3 \u00ab\u2026la contribuci\u00f3n decisiva de los pueblos de la llamada Uni\u00f3n Sovi\u00e9tica\u00bb durante esa contienda.<\/span><\/p>\n<p><span style=\"font-weight: 400;\">En ese sentido, la agencia Prensa Latina recordaba que \u201cCuando el mando aliado decidi\u00f3 abrir el Frente Occidental con el desembarco de m\u00e1s de 130 mil efectivos de varios pa\u00edses en Normand\u00eda, ya el Ej\u00e9rcito Rojo hab\u00eda pr\u00e1cticamente derrotado a las fuerzas alemanas que invadieron a su pa\u00eds agregando que \u201cLa confrontaci\u00f3n cost\u00f3 a la hoy extinta Uni\u00f3n Sovi\u00e9tica un duro precio de m\u00e1s de 20 millones de vidas humanas, as\u00ed como la destrucci\u00f3n de una gran parte de su territorio\u201d.<\/span><\/p>\n<p><b><i>NOTA DEL AUTOR<\/i><\/b><i><span style=\"font-weight: 400;\">: El mundo ha retrocedido tanto que hace solo 10 a\u00f1os atr\u00e1s, en 2014, los presidentes de Rusia y Estados Unidos pod\u00edan conmemorar juntos la derrota del nazi-fascismo en Europa. Igualmente, la regresi\u00f3n ha sido tan atroz que hace una d\u00e9cada el presidente de Francia reconoc\u00eda el relevante papel de la Uni\u00f3n Sovi\u00e9tica en la derrota de las hordas nazis. Hoy, en 2024, por el contrario, Estados Unidos y Francia apoyan al nazi fascismo, lo promocionan, arman a sus fuerzas y entrenan a sus soldados. He ah\u00ed el paup\u00e9rrimo nivel del liderazgo occidental, ignorante y genuflexo ante el nazismo, al que apoyan para conducir al mundo a una tercera guerra mundial, suponiendo que, al igual que en 1941, una derrota de Rusia, les va a llevar a la salvaci\u00f3n del capitalismo y al sostenimiento de la hegemon\u00eda que sustentan.\u00a0<\/span><\/i><\/p>\n<p><b>Autor: Sergio Rodr\u00edguez Gelfenstein<\/b><\/p>\n<p><a href=\"http:\/\/www.sergioro07.blogspot.com\"><b>www.sergioro07.blogspot.com<\/b><\/a><\/p>\n","protected":false},"excerpt":{"rendered":"<p>Entre agosto de 1942 y febrero de 1943 se desarroll\u00f3 el enfrentamiento b\u00e9lico de mayor&#8230;<\/p>\n","protected":false},"author":1,"featured_media":1190,"comment_status":"open","ping_status":"closed","sticky":false,"template":"","format":"standard","meta":{"footnotes":""},"categories":[70,52],"tags":[320,319,318,321],"class_list":["post-1189","post","type-post","status-publish","format-standard","has-post-thumbnail","hentry","category-otras-voces","category-sergio-rodriguez-gelfenstein","tag-ii-guerra-mundial","tag-kiev","tag-normandia","tag-stalingrado"],"yoast_head":"<!-- This site is optimized with the Yoast SEO plugin v27.5 - https:\/\/yoast.com\/product\/yoast-seo-wordpress\/ -->\n<title>La otra cara del desembarco de Normand\u00eda -<\/title>\n<meta name=\"description\" content=\"Entre agosto de 1942 y febrero de 1943 se desarroll\u00f3 el enfrentamiento b\u00e9lico de mayor dimensi\u00f3n en la historia de la humanidad.\" \/>\n<meta name=\"robots\" content=\"index, follow, max-snippet:-1, max-image-preview:large, max-video-preview:-1\" \/>\n<link rel=\"canonical\" href=\"https:\/\/hueleaazufre.com\/wordpress_a\/index.php\/2024\/06\/10\/desembarco-de-normandia\/\" \/>\n<meta property=\"og:locale\" content=\"es_ES\" \/>\n<meta property=\"og:type\" content=\"article\" \/>\n<meta property=\"og:title\" content=\"La otra cara del desembarco de Normand\u00eda -\" \/>\n<meta property=\"og:description\" content=\"Entre agosto de 1942 y febrero de 1943 se desarroll\u00f3 el enfrentamiento b\u00e9lico de mayor dimensi\u00f3n en la historia de la humanidad.\" \/>\n<meta property=\"og:url\" content=\"https:\/\/hueleaazufre.com\/wordpress_a\/index.php\/2024\/06\/10\/desembarco-de-normandia\/\" \/>\n<meta property=\"article:published_time\" content=\"2024-06-10T16:57:40+00:00\" \/>\n<meta property=\"og:image\" content=\"https:\/\/hueleaazufre.com\/wordpress_a\/wp-content\/uploads\/2024\/06\/guerra-kiev-crimea-odessa-298036245.jpeg\" \/>\n\t<meta property=\"og:image:width\" content=\"1024\" \/>\n\t<meta property=\"og:image:height\" content=\"1024\" \/>\n\t<meta property=\"og:image:type\" content=\"image\/jpeg\" \/>\n<meta name=\"author\" content=\"Huele a azufre\" \/>\n<meta name=\"twitter:card\" content=\"summary_large_image\" \/>\n<meta name=\"twitter:label1\" content=\"Escrito por\" \/>\n\t<meta name=\"twitter:data1\" content=\"Huele a azufre\" \/>\n\t<meta name=\"twitter:label2\" content=\"Tiempo de lectura\" \/>\n\t<meta name=\"twitter:data2\" content=\"9 minutos\" \/>\n<script type=\"application\/ld+json\" class=\"yoast-schema-graph\">{\"@context\":\"https:\\\/\\\/schema.org\",\"@graph\":[{\"@type\":\"Article\",\"@id\":\"https:\\\/\\\/hueleaazufre.com\\\/wordpress_a\\\/index.php\\\/2024\\\/06\\\/10\\\/desembarco-de-normandia\\\/#article\",\"isPartOf\":{\"@id\":\"https:\\\/\\\/hueleaazufre.com\\\/wordpress_a\\\/index.php\\\/2024\\\/06\\\/10\\\/desembarco-de-normandia\\\/\"},\"author\":{\"name\":\"Huele a azufre\",\"@id\":\"https:\\\/\\\/hueleaazufre.com\\\/wordpress_a\\\/#\\\/schema\\\/person\\\/549dd871707ea7f9f1a686323ebe9baa\"},\"headline\":\"La otra cara del desembarco de Normand\u00eda\",\"datePublished\":\"2024-06-10T16:57:40+00:00\",\"mainEntityOfPage\":{\"@id\":\"https:\\\/\\\/hueleaazufre.com\\\/wordpress_a\\\/index.php\\\/2024\\\/06\\\/10\\\/desembarco-de-normandia\\\/\"},\"wordCount\":1934,\"commentCount\":0,\"image\":{\"@id\":\"https:\\\/\\\/hueleaazufre.com\\\/wordpress_a\\\/index.php\\\/2024\\\/06\\\/10\\\/desembarco-de-normandia\\\/#primaryimage\"},\"thumbnailUrl\":\"https:\\\/\\\/hueleaazufre.com\\\/wordpress_a\\\/wp-content\\\/uploads\\\/2024\\\/06\\\/guerra-kiev-crimea-odessa-298036245.jpeg\",\"keywords\":[\"II Guerra Mundial\",\"Kiev\",\"Normand\u00eda\",\"Stalingrado\"],\"articleSection\":[\"Otras voces\",\"Sergio Rodr\u00edguez Gelfenstein\"],\"inLanguage\":\"es\",\"potentialAction\":[{\"@type\":\"CommentAction\",\"name\":\"Comment\",\"target\":[\"https:\\\/\\\/hueleaazufre.com\\\/wordpress_a\\\/index.php\\\/2024\\\/06\\\/10\\\/desembarco-de-normandia\\\/#respond\"]}]},{\"@type\":\"WebPage\",\"@id\":\"https:\\\/\\\/hueleaazufre.com\\\/wordpress_a\\\/index.php\\\/2024\\\/06\\\/10\\\/desembarco-de-normandia\\\/\",\"url\":\"https:\\\/\\\/hueleaazufre.com\\\/wordpress_a\\\/index.php\\\/2024\\\/06\\\/10\\\/desembarco-de-normandia\\\/\",\"name\":\"La otra cara del desembarco de Normand\u00eda -\",\"isPartOf\":{\"@id\":\"https:\\\/\\\/hueleaazufre.com\\\/wordpress_a\\\/#website\"},\"primaryImageOfPage\":{\"@id\":\"https:\\\/\\\/hueleaazufre.com\\\/wordpress_a\\\/index.php\\\/2024\\\/06\\\/10\\\/desembarco-de-normandia\\\/#primaryimage\"},\"image\":{\"@id\":\"https:\\\/\\\/hueleaazufre.com\\\/wordpress_a\\\/index.php\\\/2024\\\/06\\\/10\\\/desembarco-de-normandia\\\/#primaryimage\"},\"thumbnailUrl\":\"https:\\\/\\\/hueleaazufre.com\\\/wordpress_a\\\/wp-content\\\/uploads\\\/2024\\\/06\\\/guerra-kiev-crimea-odessa-298036245.jpeg\",\"datePublished\":\"2024-06-10T16:57:40+00:00\",\"author\":{\"@id\":\"https:\\\/\\\/hueleaazufre.com\\\/wordpress_a\\\/#\\\/schema\\\/person\\\/549dd871707ea7f9f1a686323ebe9baa\"},\"description\":\"Entre agosto de 1942 y febrero de 1943 se desarroll\u00f3 el enfrentamiento b\u00e9lico de mayor dimensi\u00f3n en la historia de la humanidad.\",\"breadcrumb\":{\"@id\":\"https:\\\/\\\/hueleaazufre.com\\\/wordpress_a\\\/index.php\\\/2024\\\/06\\\/10\\\/desembarco-de-normandia\\\/#breadcrumb\"},\"inLanguage\":\"es\",\"potentialAction\":[{\"@type\":\"ReadAction\",\"target\":[\"https:\\\/\\\/hueleaazufre.com\\\/wordpress_a\\\/index.php\\\/2024\\\/06\\\/10\\\/desembarco-de-normandia\\\/\"]}]},{\"@type\":\"ImageObject\",\"inLanguage\":\"es\",\"@id\":\"https:\\\/\\\/hueleaazufre.com\\\/wordpress_a\\\/index.php\\\/2024\\\/06\\\/10\\\/desembarco-de-normandia\\\/#primaryimage\",\"url\":\"https:\\\/\\\/hueleaazufre.com\\\/wordpress_a\\\/wp-content\\\/uploads\\\/2024\\\/06\\\/guerra-kiev-crimea-odessa-298036245.jpeg\",\"contentUrl\":\"https:\\\/\\\/hueleaazufre.com\\\/wordpress_a\\\/wp-content\\\/uploads\\\/2024\\\/06\\\/guerra-kiev-crimea-odessa-298036245.jpeg\",\"width\":1024,\"height\":1024},{\"@type\":\"BreadcrumbList\",\"@id\":\"https:\\\/\\\/hueleaazufre.com\\\/wordpress_a\\\/index.php\\\/2024\\\/06\\\/10\\\/desembarco-de-normandia\\\/#breadcrumb\",\"itemListElement\":[{\"@type\":\"ListItem\",\"position\":1,\"name\":\"Portada\",\"item\":\"https:\\\/\\\/hueleaazufre.com\\\/wordpress_a\\\/\"},{\"@type\":\"ListItem\",\"position\":2,\"name\":\"La otra cara del desembarco de Normand\u00eda\"}]},{\"@type\":\"WebSite\",\"@id\":\"https:\\\/\\\/hueleaazufre.com\\\/wordpress_a\\\/#website\",\"url\":\"https:\\\/\\\/hueleaazufre.com\\\/wordpress_a\\\/\",\"name\":\"\",\"description\":\"Huele a azufre es una plataforma digital de an\u00e1lisis geopol\u00edtico.\",\"potentialAction\":[{\"@type\":\"SearchAction\",\"target\":{\"@type\":\"EntryPoint\",\"urlTemplate\":\"https:\\\/\\\/hueleaazufre.com\\\/wordpress_a\\\/?s={search_term_string}\"},\"query-input\":{\"@type\":\"PropertyValueSpecification\",\"valueRequired\":true,\"valueName\":\"search_term_string\"}}],\"inLanguage\":\"es\"},{\"@type\":\"Person\",\"@id\":\"https:\\\/\\\/hueleaazufre.com\\\/wordpress_a\\\/#\\\/schema\\\/person\\\/549dd871707ea7f9f1a686323ebe9baa\",\"name\":\"Huele a azufre\",\"image\":{\"@type\":\"ImageObject\",\"inLanguage\":\"es\",\"@id\":\"https:\\\/\\\/secure.gravatar.com\\\/avatar\\\/e972d5c124b9bf80eb4c9d322a90dd86a59d447f5da36700a77516f13637d44e?s=96&d=mm&r=g\",\"url\":\"https:\\\/\\\/secure.gravatar.com\\\/avatar\\\/e972d5c124b9bf80eb4c9d322a90dd86a59d447f5da36700a77516f13637d44e?s=96&d=mm&r=g\",\"contentUrl\":\"https:\\\/\\\/secure.gravatar.com\\\/avatar\\\/e972d5c124b9bf80eb4c9d322a90dd86a59d447f5da36700a77516f13637d44e?s=96&d=mm&r=g\",\"caption\":\"Huele a azufre\"},\"description\":\"Huele a azufre es una plataforma digital de an\u00e1lisis geopol\u00edtico\u00a0 contrahegem\u00f3nico, que busca visibilizar las voces y los discursos silenciados por el poder medi\u00e1tico.\",\"sameAs\":[\"https:\\\/\\\/hueleaazufre.com\\\/wordpress_a\"],\"url\":\"https:\\\/\\\/hueleaazufre.com\\\/wordpress_a\\\/index.php\\\/author\\\/admin_tupapa\\\/\"}]}<\/script>\n<!-- \/ Yoast SEO plugin. -->","yoast_head_json":{"title":"La otra cara del desembarco de Normand\u00eda -","description":"Entre agosto de 1942 y febrero de 1943 se desarroll\u00f3 el enfrentamiento b\u00e9lico de mayor dimensi\u00f3n en la historia de la humanidad.","robots":{"index":"index","follow":"follow","max-snippet":"max-snippet:-1","max-image-preview":"max-image-preview:large","max-video-preview":"max-video-preview:-1"},"canonical":"https:\/\/hueleaazufre.com\/wordpress_a\/index.php\/2024\/06\/10\/desembarco-de-normandia\/","og_locale":"es_ES","og_type":"article","og_title":"La otra cara del desembarco de Normand\u00eda -","og_description":"Entre agosto de 1942 y febrero de 1943 se desarroll\u00f3 el enfrentamiento b\u00e9lico de mayor dimensi\u00f3n en la historia de la humanidad.","og_url":"https:\/\/hueleaazufre.com\/wordpress_a\/index.php\/2024\/06\/10\/desembarco-de-normandia\/","article_published_time":"2024-06-10T16:57:40+00:00","og_image":[{"width":1024,"height":1024,"url":"https:\/\/hueleaazufre.com\/wordpress_a\/wp-content\/uploads\/2024\/06\/guerra-kiev-crimea-odessa-298036245.jpeg","type":"image\/jpeg"}],"author":"Huele a azufre","twitter_card":"summary_large_image","twitter_misc":{"Escrito por":"Huele a azufre","Tiempo de lectura":"9 minutos"},"schema":{"@context":"https:\/\/schema.org","@graph":[{"@type":"Article","@id":"https:\/\/hueleaazufre.com\/wordpress_a\/index.php\/2024\/06\/10\/desembarco-de-normandia\/#article","isPartOf":{"@id":"https:\/\/hueleaazufre.com\/wordpress_a\/index.php\/2024\/06\/10\/desembarco-de-normandia\/"},"author":{"name":"Huele a azufre","@id":"https:\/\/hueleaazufre.com\/wordpress_a\/#\/schema\/person\/549dd871707ea7f9f1a686323ebe9baa"},"headline":"La otra cara del desembarco de Normand\u00eda","datePublished":"2024-06-10T16:57:40+00:00","mainEntityOfPage":{"@id":"https:\/\/hueleaazufre.com\/wordpress_a\/index.php\/2024\/06\/10\/desembarco-de-normandia\/"},"wordCount":1934,"commentCount":0,"image":{"@id":"https:\/\/hueleaazufre.com\/wordpress_a\/index.php\/2024\/06\/10\/desembarco-de-normandia\/#primaryimage"},"thumbnailUrl":"https:\/\/hueleaazufre.com\/wordpress_a\/wp-content\/uploads\/2024\/06\/guerra-kiev-crimea-odessa-298036245.jpeg","keywords":["II Guerra Mundial","Kiev","Normand\u00eda","Stalingrado"],"articleSection":["Otras voces","Sergio Rodr\u00edguez Gelfenstein"],"inLanguage":"es","potentialAction":[{"@type":"CommentAction","name":"Comment","target":["https:\/\/hueleaazufre.com\/wordpress_a\/index.php\/2024\/06\/10\/desembarco-de-normandia\/#respond"]}]},{"@type":"WebPage","@id":"https:\/\/hueleaazufre.com\/wordpress_a\/index.php\/2024\/06\/10\/desembarco-de-normandia\/","url":"https:\/\/hueleaazufre.com\/wordpress_a\/index.php\/2024\/06\/10\/desembarco-de-normandia\/","name":"La otra cara del desembarco de Normand\u00eda -","isPartOf":{"@id":"https:\/\/hueleaazufre.com\/wordpress_a\/#website"},"primaryImageOfPage":{"@id":"https:\/\/hueleaazufre.com\/wordpress_a\/index.php\/2024\/06\/10\/desembarco-de-normandia\/#primaryimage"},"image":{"@id":"https:\/\/hueleaazufre.com\/wordpress_a\/index.php\/2024\/06\/10\/desembarco-de-normandia\/#primaryimage"},"thumbnailUrl":"https:\/\/hueleaazufre.com\/wordpress_a\/wp-content\/uploads\/2024\/06\/guerra-kiev-crimea-odessa-298036245.jpeg","datePublished":"2024-06-10T16:57:40+00:00","author":{"@id":"https:\/\/hueleaazufre.com\/wordpress_a\/#\/schema\/person\/549dd871707ea7f9f1a686323ebe9baa"},"description":"Entre agosto de 1942 y febrero de 1943 se desarroll\u00f3 el enfrentamiento b\u00e9lico de mayor dimensi\u00f3n en la historia de la humanidad.","breadcrumb":{"@id":"https:\/\/hueleaazufre.com\/wordpress_a\/index.php\/2024\/06\/10\/desembarco-de-normandia\/#breadcrumb"},"inLanguage":"es","potentialAction":[{"@type":"ReadAction","target":["https:\/\/hueleaazufre.com\/wordpress_a\/index.php\/2024\/06\/10\/desembarco-de-normandia\/"]}]},{"@type":"ImageObject","inLanguage":"es","@id":"https:\/\/hueleaazufre.com\/wordpress_a\/index.php\/2024\/06\/10\/desembarco-de-normandia\/#primaryimage","url":"https:\/\/hueleaazufre.com\/wordpress_a\/wp-content\/uploads\/2024\/06\/guerra-kiev-crimea-odessa-298036245.jpeg","contentUrl":"https:\/\/hueleaazufre.com\/wordpress_a\/wp-content\/uploads\/2024\/06\/guerra-kiev-crimea-odessa-298036245.jpeg","width":1024,"height":1024},{"@type":"BreadcrumbList","@id":"https:\/\/hueleaazufre.com\/wordpress_a\/index.php\/2024\/06\/10\/desembarco-de-normandia\/#breadcrumb","itemListElement":[{"@type":"ListItem","position":1,"name":"Portada","item":"https:\/\/hueleaazufre.com\/wordpress_a\/"},{"@type":"ListItem","position":2,"name":"La otra cara del desembarco de Normand\u00eda"}]},{"@type":"WebSite","@id":"https:\/\/hueleaazufre.com\/wordpress_a\/#website","url":"https:\/\/hueleaazufre.com\/wordpress_a\/","name":"","description":"Huele a azufre es una plataforma digital de an\u00e1lisis geopol\u00edtico.","potentialAction":[{"@type":"SearchAction","target":{"@type":"EntryPoint","urlTemplate":"https:\/\/hueleaazufre.com\/wordpress_a\/?s={search_term_string}"},"query-input":{"@type":"PropertyValueSpecification","valueRequired":true,"valueName":"search_term_string"}}],"inLanguage":"es"},{"@type":"Person","@id":"https:\/\/hueleaazufre.com\/wordpress_a\/#\/schema\/person\/549dd871707ea7f9f1a686323ebe9baa","name":"Huele a azufre","image":{"@type":"ImageObject","inLanguage":"es","@id":"https:\/\/secure.gravatar.com\/avatar\/e972d5c124b9bf80eb4c9d322a90dd86a59d447f5da36700a77516f13637d44e?s=96&d=mm&r=g","url":"https:\/\/secure.gravatar.com\/avatar\/e972d5c124b9bf80eb4c9d322a90dd86a59d447f5da36700a77516f13637d44e?s=96&d=mm&r=g","contentUrl":"https:\/\/secure.gravatar.com\/avatar\/e972d5c124b9bf80eb4c9d322a90dd86a59d447f5da36700a77516f13637d44e?s=96&d=mm&r=g","caption":"Huele a azufre"},"description":"Huele a azufre es una plataforma digital de an\u00e1lisis geopol\u00edtico\u00a0 contrahegem\u00f3nico, que busca visibilizar las voces y los discursos silenciados por el poder medi\u00e1tico.","sameAs":["https:\/\/hueleaazufre.com\/wordpress_a"],"url":"https:\/\/hueleaazufre.com\/wordpress_a\/index.php\/author\/admin_tupapa\/"}]}},"_links":{"self":[{"href":"https:\/\/hueleaazufre.com\/wordpress_a\/index.php\/wp-json\/wp\/v2\/posts\/1189","targetHints":{"allow":["GET"]}}],"collection":[{"href":"https:\/\/hueleaazufre.com\/wordpress_a\/index.php\/wp-json\/wp\/v2\/posts"}],"about":[{"href":"https:\/\/hueleaazufre.com\/wordpress_a\/index.php\/wp-json\/wp\/v2\/types\/post"}],"author":[{"embeddable":true,"href":"https:\/\/hueleaazufre.com\/wordpress_a\/index.php\/wp-json\/wp\/v2\/users\/1"}],"replies":[{"embeddable":true,"href":"https:\/\/hueleaazufre.com\/wordpress_a\/index.php\/wp-json\/wp\/v2\/comments?post=1189"}],"version-history":[{"count":1,"href":"https:\/\/hueleaazufre.com\/wordpress_a\/index.php\/wp-json\/wp\/v2\/posts\/1189\/revisions"}],"predecessor-version":[{"id":1191,"href":"https:\/\/hueleaazufre.com\/wordpress_a\/index.php\/wp-json\/wp\/v2\/posts\/1189\/revisions\/1191"}],"wp:featuredmedia":[{"embeddable":true,"href":"https:\/\/hueleaazufre.com\/wordpress_a\/index.php\/wp-json\/wp\/v2\/media\/1190"}],"wp:attachment":[{"href":"https:\/\/hueleaazufre.com\/wordpress_a\/index.php\/wp-json\/wp\/v2\/media?parent=1189"}],"wp:term":[{"taxonomy":"category","embeddable":true,"href":"https:\/\/hueleaazufre.com\/wordpress_a\/index.php\/wp-json\/wp\/v2\/categories?post=1189"},{"taxonomy":"post_tag","embeddable":true,"href":"https:\/\/hueleaazufre.com\/wordpress_a\/index.php\/wp-json\/wp\/v2\/tags?post=1189"}],"curies":[{"name":"wp","href":"https:\/\/api.w.org\/{rel}","templated":true}]}}