{"id":1335,"date":"2024-07-15T17:52:26","date_gmt":"2024-07-15T17:52:26","guid":{"rendered":"https:\/\/hueleaazufre.com\/wordpress_a\/?p=1335"},"modified":"2024-07-15T17:52:26","modified_gmt":"2024-07-15T17:52:26","slug":"los-think-tanks-y-la-dominacion-simbolica-del-capitalismo-contemporaneo","status":"publish","type":"post","link":"https:\/\/hueleaazufre.com\/wordpress_a\/index.php\/2024\/07\/15\/los-think-tanks-y-la-dominacion-simbolica-del-capitalismo-contemporaneo\/","title":{"rendered":"Los think tanks y la dominaci\u00f3n simb\u00f3lica del capitalismo contempor\u00e1neo"},"content":{"rendered":"<p><b>El capitalismo contempor\u00e1neo, como sistema de producci\u00f3n hegem\u00f3nico, cuenta a su favor con la espont\u00e1nea producci\u00f3n ideol\u00f3gica que implican las relaciones de producci\u00f3n<\/b><span style=\"font-weight: 400;\">. Pero esta, por s\u00ed misma, no es suficiente para garantizar el predominio del sistema por largos per\u00edodos de tiempo.\u00a0<\/span><\/p>\n<p><span style=\"font-weight: 400;\">La contradicci\u00f3n esencial, que ya apuntara Marx en el lejano siglo XIX, entre el car\u00e1cter social de la producci\u00f3n y el car\u00e1cter privado de la apropiaci\u00f3n de la riqueza producida, va generando tambi\u00e9n, espont\u00e1neamente, la contradicci\u00f3n del proletario con esas relaciones.<\/span><\/p>\n<p><b>Para leer otros an\u00e1lisis sobre el nuevo fascismo<\/b><\/p>\n<blockquote class=\"wp-embedded-content\" data-secret=\"KrOdtB4gbr\"><p><a href=\"https:\/\/hueleaazufre.com\/wordpress_a\/index.php\/2024\/07\/11\/neofascismo-como-fenomeno-organicol\/\">El Neofascismo como fen\u00f3meno org\u00e1nico de un nuevo momento del capital<\/a><\/p><\/blockquote>\n<p><iframe class=\"wp-embedded-content\" sandbox=\"allow-scripts\" security=\"restricted\" style=\"position: absolute; clip: rect(1px, 1px, 1px, 1px);\" title=\"\u00abEl Neofascismo como fen\u00f3meno org\u00e1nico de un nuevo momento del capital\u00bb \u2014 \" src=\"https:\/\/hueleaazufre.com\/wordpress_a\/index.php\/2024\/07\/11\/neofascismo-como-fenomeno-organicol\/embed\/#?secret=iHfMBoE5IV#?secret=KrOdtB4gbr\" data-secret=\"KrOdtB4gbr\" width=\"600\" height=\"338\" frameborder=\"0\" marginwidth=\"0\" marginheight=\"0\" scrolling=\"no\"><\/iframe><\/p>\n<p><span style=\"font-weight: 400;\">En la medida en que se agudizan los niveles de apropiaci\u00f3n privada, sumado a las crisis c\u00edclicas del capital y los modelos de desinversi\u00f3n y privatizaci\u00f3n de lo p\u00fablico que implica el esquema neoliberal, aumenta el grado de contradicci\u00f3n entre las clases trabajadoras y la clase que detenta el poder en una sociedad determinada.<\/span><\/p>\n<p><span style=\"font-weight: 400;\">Como el capital no puede funcionar con otra l\u00f3gica que no sea la de la apropiaci\u00f3n privada del producto del trabajo colectivo, el propio capital debe buscar entonces f\u00f3rmulas que le permitan controlar, comprender, canalizar y manipular el descontento popular. F\u00f3rmulas que, mediante manejos pol\u00edticos o de otra \u00edndole, le den la posibilidad de evitar que las contradicciones entre capital y trabajo lleguen a un punto antag\u00f3nico. <\/span><b>Y tambi\u00e9n f\u00f3rmulas que le permitan subvertir y eventualmente transformar aquellas propuestas contrahegem\u00f3nicas que puedan surgir,<\/b><span style=\"font-weight: 400;\"> ya sea en el seno de las sociedades centrales del capitalismo o en los n\u00facleos perif\u00e9ricos.<\/span><\/p>\n<p><b>Para leer otros art\u00edculos del autor en nuestra plataforma<\/b><\/p>\n<p><a href=\"https:\/\/hueleaazufre.com\/wordpress_a\/index.php\/category\/jose-ernesto-novaez-guerrero\/\">https:\/\/hueleaazufre.com\/wordpress_a\/index.php\/category\/jose-ernesto-novaez-guerrero\/<\/a><\/p>\n<p><span style=\"font-weight: 400;\">Para poder cumplir con sus objetivos, el capitalismo desarroll\u00f3 en el siglo XX una estructura que ser\u00eda fundamental para su desarrollo posterior: los denominados <\/span><i><span style=\"font-weight: 400;\">think tanks<\/span><\/i><span style=\"font-weight: 400;\"> o tanques pensantes.<\/span><\/p>\n<p><b>El Oxford Dictionary define a los think tanks como un cuerpo de expertos que proporcionan asesor\u00eda e ideas sobre problemas pol\u00edticos o econ\u00f3micos espec\u00edficos.<\/b><span style=\"font-weight: 400;\"> Desde luego su funci\u00f3n real es mucho m\u00e1s abarcadora y tiene un importante v\u00ednculo con los intereses dominantes.<\/span><\/p>\n<blockquote>\n<h2><b><i>\u201cDesde estos centros de estudios, que se cuentan en decenas de miles, salen muchos de los grandes fil\u00f3sofos, te\u00f3ricos y cient\u00edficos del mundo contempor\u00e1neo. Su uso eficiente de los medios de comunicaci\u00f3n y su articulaci\u00f3n les permite presentar sus descubrimientos, en ocasiones de naturaleza marcadamente ideol\u00f3gica, como as\u00e9pticas verdades cient\u00edficas\u201d<\/i><\/b><\/h2>\n<\/blockquote>\n<p><b>El desarrollo de estas estructuras viene de la mano con el ascenso de la hegemon\u00eda norteamericana despu\u00e9s de la II Guerra Mundial.<\/b><span style=\"font-weight: 400;\"> En 1945 se crea la que posteriormente se conocer\u00eda como <\/span><i><span style=\"font-weight: 400;\">RAND Corporation<\/span><\/i><span style=\"font-weight: 400;\"> (<\/span><i><span style=\"font-weight: 400;\">Research and Developmen<\/span><\/i><span style=\"font-weight: 400;\">t), la cual devendr\u00eda prototipo de este tipo de instituciones en el futuro. Desde su surgimiento, la RAND tuvo fuertes v\u00ednculos con el entramado militar y pol\u00edtico estadounidense, lo cual determin\u00f3 el car\u00e1cter pr\u00e1ctico e ideol\u00f3gico de muchas de sus investigaciones hasta el d\u00eda de hoy.<\/span><\/p>\n<p><b>Pronto los <\/b><b><i>think tanks<\/i><\/b><b> demostraron ser un elemento importante para la reconstrucci\u00f3n de la hegemon\u00eda global de Occidente,<\/b><span style=\"font-weight: 400;\"> agrietada por sucesos como el triunfo de la Revoluci\u00f3n Socialista de Octubre en Rusia, la II Guerra Mundial y la Revoluci\u00f3n China de 1949. Su car\u00e1cter de centros orientados a la investigaci\u00f3n con fines pol\u00edticos pr\u00e1cticos, su aceptaci\u00f3n de premisas b\u00e1sicas del liberalismo, su articulaci\u00f3n con los gobiernos y su concatenaci\u00f3n los han convertido en una red de estructuras claves.<\/span><\/p>\n<blockquote class=\"twitter-tweet\">\n<p dir=\"ltr\" lang=\"es\">Ivo Daalder, bur\u00f3crata vinculado a la OTAN, sus think tanks y el complejo industrial militar dice que enviar tropas europeas a Ucrania ser\u00e1 inevitable, pero que primero Kiev debe enviar al matadero a sus j\u00f3venes de 18 a 21.<\/p>\n<p>Las guillotinas est\u00e1n cogiendo polvo en los museos. <a href=\"https:\/\/t.co\/LmQNxrB4rX\">pic.twitter.com\/LmQNxrB4rX<\/a><\/p>\n<p>\u2014 Quasi-Modo\u24b6 (@QuasiDixit) <a href=\"https:\/\/twitter.com\/QuasiDixit\/status\/1811028374480957905?ref_src=twsrc%5Etfw\">July 10, 2024<\/a><\/p><\/blockquote>\n<p><script async src=\"https:\/\/platform.twitter.com\/widgets.js\" charset=\"utf-8\"><\/script><\/p>\n<p><span style=\"font-weight: 400;\">Desde estos centros de estudios, que se cuentan en decenas de miles, salen muchos de los grandes fil\u00f3sofos, te\u00f3ricos y cient\u00edficos del mundo contempor\u00e1neo. Su uso eficiente de los medios de comunicaci\u00f3n y <\/span><b>su articulaci\u00f3n les permite presentar sus descubrimientos, en ocasiones de naturaleza marcadamente ideol\u00f3gica, como as\u00e9pticas verdades cient\u00edficas<\/b><span style=\"font-weight: 400;\"> y sus manuales de manipulaci\u00f3n pol\u00edtica y golpe blando como pura ciencia politol\u00f3gica, lo cual los exonera de los usos que se pueda dar a sus descubrimientos.<\/span><\/p>\n<p><span style=\"font-weight: 400;\">Seg\u00fan estad\u00edsticas del \u00cdndice Global <\/span><i><span style=\"font-weight: 400;\">Go to Think Tank<\/span><\/i><span style=\"font-weight: 400;\"> en 2018 en el mundo exist\u00edan 7815 de estas instituciones. De ellas, alrededor del 51,4 % en Estados Unidos y Europa. Y conviene resaltar que muchas de las m\u00e1s relevantes en Asia, \u00c1frica y Am\u00e9rica Latina son, en la pr\u00e1ctica, meras extensiones de sus hom\u00f3logas europeas o estadounidenses.<\/span><\/p>\n<p><b>Tras esta vasta red de <\/b><b><i>think tanks<\/i><\/b><b> corre generoso el dinero de numerosas fundaciones, gobiernos y capitalistas privados,<\/b><span style=\"font-weight: 400;\"> aunque muchos eluden declarar con claridad la naturaleza y origen del financiamiento que reciben. El resultado final es una malla de instituciones que sustenta, a su vez, toda una pl\u00e9yade de centros de estudios, p\u00e1ginas web, revistas cient\u00edficas, editoriales, etc, <\/span><b>tras cuya aparente diversidad se esconde la homogeneidad de ser herramientas que sustentan una estructura de dominaci\u00f3n global.<\/b><\/p>\n<p><b>Uno de los objetivos no declarados de esta red de dominaci\u00f3n milmillonaria es crear la sensaci\u00f3n de que determinados presupuestos est\u00e1n m\u00e1s all\u00e1 de lo ideol\u00f3gico<\/b><span style=\"font-weight: 400;\">, son verdades que deben aceptarse sin someterse jam\u00e1s a cr\u00edtica. En su amplia caja de resonancia no tiene lugar el pensamiento contrahegem\u00f3nico y libertario, sino el discurso oportunista liberal repleto de abstracciones que no comprometen a nada.<\/span><\/p>\n<p><span style=\"font-weight: 400;\">En su generoso sistema de becas y oportunidades quedan entrampadas generaciones de investigadores que, a cambio de un determinado estatus y nivel de vida, sacrifican por completo cualquier posibilidad de pensamiento cr\u00edtico. <\/span><b>As\u00ed, los <\/b><b><i>think tank<\/i><\/b><b> no solo producen pensamiento al servicio de la dominaci\u00f3n capitalista, sino que adem\u00e1s neutralizan cualquier foco que pueda surgir de disidencia en lo acad\u00e9mico.<\/b><\/p>\n<blockquote class=\"twitter-tweet\">\n<p dir=\"ltr\" lang=\"es\">\u00bfSorpresa? Ninguna.<a href=\"https:\/\/t.co\/YkhjH5EDSq\">https:\/\/t.co\/YkhjH5EDSq<\/a> <a href=\"https:\/\/t.co\/wIx0sNaoNt\">pic.twitter.com\/wIx0sNaoNt<\/a><\/p>\n<p>\u2014 Roi Lopez Rivas (@RoiLopezRivas) <a href=\"https:\/\/twitter.com\/RoiLopezRivas\/status\/1666631732961918979?ref_src=twsrc%5Etfw\">June 8, 2023<\/a><\/p><\/blockquote>\n<p><script async src=\"https:\/\/platform.twitter.com\/widgets.js\" charset=\"utf-8\"><\/script><\/p>\n<p><span style=\"font-weight: 400;\">\u00a0Son los guardianes simb\u00f3licos de las fronteras. Sus teor\u00edas, abonadas con premios y prestigio, van permeando las academias y acad\u00e9micos tradicionales, produciendo generaciones de educandos con una conciencia liberal y mistificada, incapaces de llegar a una cr\u00edtica radical y transformadora del orden establecido.<\/span><\/p>\n<p><b>La red de <\/b><b><i>think tanks<\/i><\/b><b> combina entonces con sus tareas de naturaleza pol\u00edtica las de creaci\u00f3n de un ecosistema intelectual para la hegemon\u00eda del capitalismo.<\/b><span style=\"font-weight: 400;\"> Su articulaci\u00f3n con otros sectores de la dominaci\u00f3n simb\u00f3lica del capital, fundamentalmente con las industrias culturales, ha permitido neutralizar potenciales focos culturales antisistema y llevarlo a posiciones manejables en el seno del mismo.\u00a0<\/span><\/p>\n<p><span style=\"font-weight: 400;\">Igual ha pasado con la producci\u00f3n de una izquierda incapaz de oponerse realmente al capital o la asimilaci\u00f3n de movimientos que luchan por los derechos de las minor\u00edas. As\u00ed, el racista, machista, hom\u00f3fobo (y un largo etc\u00e9tera) <\/span><b>capitalismo contempor\u00e1neo ha logrado autopresentarse como todo lo contrario y contar en el seno de estos movimientos con furibundos defensores.<\/b><\/p>\n<blockquote>\n<h2><b><i>\u201cPor eso fallan en denunciar, explicar y proponer soluciones para problemas como el cambio clim\u00e1tico, la desigualdad creciente, el hambre o el visible ascenso del fascismo en numerosos pa\u00edses. La soluci\u00f3n real de estos problemas implicar\u00eda la superaci\u00f3n del orden de cosas que los produce\u201d<\/i><\/b><\/h2>\n<\/blockquote>\n<p><span style=\"font-weight: 400;\">Este control hubiera sido mucho m\u00e1s dif\u00edcil para el sistema si no hubiera contado con la producci\u00f3n intelectual que, desde el criterio de expertos formados en prestigiosos institutos, acabase llevando a estos movimientos a posiciones tras cuya aparente libertad se oculta la m\u00e1s completa sujeci\u00f3n.<\/span><\/p>\n<p><b>El mercado de ideas que defienden estas instituciones no es m\u00e1s que la libertad de los ricos y poderosos de comprar discursos y saberes<\/b><span style=\"font-weight: 400;\"> para sustentar posiciones m\u00e1s all\u00e1 de toda \u00e9tica, para lavar el rostro a las esencias mismas del sistema. Por eso fallan en denunciar, explicar y proponer soluciones para problemas como el cambio clim\u00e1tico, la desigualdad creciente, el hambre o el visible ascenso del fascismo en numerosos pa\u00edses. La soluci\u00f3n real de estos problemas implicar\u00eda la superaci\u00f3n del orden de cosas que los produce. Algo impensable para el modelo de pensamiento domesticado que estos centros sostienen.<\/span><\/p>\n<blockquote class=\"twitter-tweet\">\n<p dir=\"ltr\" lang=\"en\">Think tanks are essential actors in global policy-making, and those from the Global South are gaining relevance. On the sixth day of the Nasser Fellowship for International Leadership, we discussed how \u201cthink tanks\u201d work in partnership development and decision-making.<\/p>\n<p>Osama\u2026 <a href=\"https:\/\/t.co\/NuV0Uryr8P\">pic.twitter.com\/NuV0Uryr8P<\/a><\/p>\n<p>\u2014 Venance Majula (@VenanceMajula) <a href=\"https:\/\/twitter.com\/VenanceMajula\/status\/1666369540542849025?ref_src=twsrc%5Etfw\">June 7, 2023<\/a><\/p><\/blockquote>\n<p><script async src=\"https:\/\/platform.twitter.com\/widgets.js\" charset=\"utf-8\"><\/script><\/p>\n<p><span style=\"font-weight: 400;\">Convendr\u00eda, antes de concluir, hacer \u00e9nfasis en los riesgos que implica para el Sur Global y en particular para Cuba, la asimilaci\u00f3n acr\u00edtica de la profusi\u00f3n de teor\u00edas, filosof\u00edas y un largo etc\u00e9tera de productos intelectuales que provienen de estos n\u00facleos ideol\u00f3gicos del capitalismo contempor\u00e1neo. <\/span><b>No hay que ser alguien demasiado avisado para ver c\u00f3mo se han impuesto estas nociones y se reproducen profusamente en clases y art\u00edculos, sin someterlos al menor ejercicio de la cr\u00edtica. <\/b><span style=\"font-weight: 400;\">Estamos produciendo as\u00ed los asalariados dom\u00e9sticos que el capital necesita. No puede sorprendernos que una generaci\u00f3n educada bajo esas teor\u00edas, tenga una visi\u00f3n en esencial liberal del mundo en que vive.<\/span><\/p>\n<p><b>El primer ejercicio de resistencia efectivo contra esta ofensiva articulada que dura ya d\u00e9cadas, es articular nosotros tambi\u00e9n, desde el pensamiento cr\u00edtico, frentes de resistencia simb\u00f3lica<\/b><span style=\"font-weight: 400;\"> que nos permitan ir desmontando, una por una, las premisas sobre las cu\u00e1les se sustenta su discurso ideol\u00f3gico, algo que ya han venido haciendo muchos de los m\u00e1s grandes intelectuales y revolucionarios latinoamericanos, en ocasiones en una casi completa soledad. <\/span><b>Ante las redes de ara\u00f1a del capital, debemos crear nuestras propias redes de resistencia.<\/b><\/p>\n<p><b>Autor: Jos\u00e9 Ernesto Nov\u00e1ez Guerrero\/ Mate Amargo<\/b><\/p>\n<p><span style=\"font-weight: 400;\">En X: @NovaezJose<\/span><\/p>\n<p><b><i>Para leer el art\u00edculo en la fuente original: <\/i><\/b><a href=\"https:\/\/www.mateamargo.org.uy\/2024\/07\/11\/los-think-tanks-y-la-dominacion-simbolica-del-capitalismo-contemporaneo\/\"><b><i>Los think tanks y la dominaci\u00f3n simb\u00f3lica del capitalismo contempor\u00e1neo | Mate Amargo<\/i><\/b><\/a><\/p>\n","protected":false},"excerpt":{"rendered":"<p>El capitalismo contempor\u00e1neo, como sistema de producci\u00f3n hegem\u00f3nico, cuenta a su favor con la espont\u00e1nea&#8230;<\/p>\n","protected":false},"author":1,"featured_media":1336,"comment_status":"open","ping_status":"closed","sticky":false,"template":"","format":"standard","meta":{"footnotes":""},"categories":[84,70],"tags":[174,76,378],"class_list":["post-1335","post","type-post","status-publish","format-standard","has-post-thumbnail","hentry","category-jose-ernesto-novaez-guerrero","category-otras-voces","tag-capitalismo","tag-cuba","tag-resistencia"],"yoast_head":"<!-- This site is optimized with the Yoast SEO plugin v27.5 - https:\/\/yoast.com\/product\/yoast-seo-wordpress\/ -->\n<title>Los think tanks y la dominaci\u00f3n simb\u00f3lica del capitalismo contempor\u00e1neo -<\/title>\n<meta name=\"description\" content=\"El capitalismo contempor\u00e1neo, como sistema de producci\u00f3n hegem\u00f3nico, cuenta a su favor con la espont\u00e1nea producci\u00f3n ideol\u00f3gica...\" \/>\n<meta name=\"robots\" content=\"index, follow, max-snippet:-1, max-image-preview:large, max-video-preview:-1\" \/>\n<link rel=\"canonical\" href=\"https:\/\/hueleaazufre.com\/wordpress_a\/index.php\/2024\/07\/15\/los-think-tanks-y-la-dominacion-simbolica-del-capitalismo-contemporaneo\/\" \/>\n<meta property=\"og:locale\" content=\"es_ES\" \/>\n<meta property=\"og:type\" content=\"article\" \/>\n<meta property=\"og:title\" content=\"Los think tanks y la dominaci\u00f3n simb\u00f3lica del capitalismo contempor\u00e1neo -\" \/>\n<meta property=\"og:description\" content=\"El capitalismo contempor\u00e1neo, como sistema de producci\u00f3n hegem\u00f3nico, cuenta a su favor con la espont\u00e1nea producci\u00f3n ideol\u00f3gica...\" \/>\n<meta property=\"og:url\" content=\"https:\/\/hueleaazufre.com\/wordpress_a\/index.php\/2024\/07\/15\/los-think-tanks-y-la-dominacion-simbolica-del-capitalismo-contemporaneo\/\" \/>\n<meta property=\"article:published_time\" content=\"2024-07-15T17:52:26+00:00\" \/>\n<meta property=\"og:image\" content=\"https:\/\/hueleaazufre.com\/wordpress_a\/wp-content\/uploads\/2024\/07\/capitalismo-agencia-federal-norteamericana-481900952.jpeg\" \/>\n\t<meta property=\"og:image:width\" content=\"876\" \/>\n\t<meta property=\"og:image:height\" content=\"1168\" \/>\n\t<meta property=\"og:image:type\" content=\"image\/jpeg\" \/>\n<meta name=\"author\" content=\"Huele a azufre\" \/>\n<meta name=\"twitter:card\" content=\"summary_large_image\" \/>\n<meta name=\"twitter:label1\" content=\"Escrito por\" \/>\n\t<meta name=\"twitter:data1\" content=\"Huele a azufre\" \/>\n\t<meta name=\"twitter:label2\" content=\"Tiempo de lectura\" \/>\n\t<meta name=\"twitter:data2\" content=\"7 minutos\" \/>\n<script type=\"application\/ld+json\" class=\"yoast-schema-graph\">{\"@context\":\"https:\\\/\\\/schema.org\",\"@graph\":[{\"@type\":\"Article\",\"@id\":\"https:\\\/\\\/hueleaazufre.com\\\/wordpress_a\\\/index.php\\\/2024\\\/07\\\/15\\\/los-think-tanks-y-la-dominacion-simbolica-del-capitalismo-contemporaneo\\\/#article\",\"isPartOf\":{\"@id\":\"https:\\\/\\\/hueleaazufre.com\\\/wordpress_a\\\/index.php\\\/2024\\\/07\\\/15\\\/los-think-tanks-y-la-dominacion-simbolica-del-capitalismo-contemporaneo\\\/\"},\"author\":{\"name\":\"Huele a azufre\",\"@id\":\"https:\\\/\\\/hueleaazufre.com\\\/wordpress_a\\\/#\\\/schema\\\/person\\\/549dd871707ea7f9f1a686323ebe9baa\"},\"headline\":\"Los think tanks y la dominaci\u00f3n simb\u00f3lica del capitalismo contempor\u00e1neo\",\"datePublished\":\"2024-07-15T17:52:26+00:00\",\"mainEntityOfPage\":{\"@id\":\"https:\\\/\\\/hueleaazufre.com\\\/wordpress_a\\\/index.php\\\/2024\\\/07\\\/15\\\/los-think-tanks-y-la-dominacion-simbolica-del-capitalismo-contemporaneo\\\/\"},\"wordCount\":1751,\"commentCount\":0,\"image\":{\"@id\":\"https:\\\/\\\/hueleaazufre.com\\\/wordpress_a\\\/index.php\\\/2024\\\/07\\\/15\\\/los-think-tanks-y-la-dominacion-simbolica-del-capitalismo-contemporaneo\\\/#primaryimage\"},\"thumbnailUrl\":\"https:\\\/\\\/hueleaazufre.com\\\/wordpress_a\\\/wp-content\\\/uploads\\\/2024\\\/07\\\/capitalismo-agencia-federal-norteamericana-481900952.jpeg\",\"keywords\":[\"capitalismo\",\"Cuba\",\"resistencia\"],\"articleSection\":[\"Jos\u00e9 Ernesto Nov\u00e1ez Guerrero\",\"Otras voces\"],\"inLanguage\":\"es\",\"potentialAction\":[{\"@type\":\"CommentAction\",\"name\":\"Comment\",\"target\":[\"https:\\\/\\\/hueleaazufre.com\\\/wordpress_a\\\/index.php\\\/2024\\\/07\\\/15\\\/los-think-tanks-y-la-dominacion-simbolica-del-capitalismo-contemporaneo\\\/#respond\"]}]},{\"@type\":\"WebPage\",\"@id\":\"https:\\\/\\\/hueleaazufre.com\\\/wordpress_a\\\/index.php\\\/2024\\\/07\\\/15\\\/los-think-tanks-y-la-dominacion-simbolica-del-capitalismo-contemporaneo\\\/\",\"url\":\"https:\\\/\\\/hueleaazufre.com\\\/wordpress_a\\\/index.php\\\/2024\\\/07\\\/15\\\/los-think-tanks-y-la-dominacion-simbolica-del-capitalismo-contemporaneo\\\/\",\"name\":\"Los think tanks y la dominaci\u00f3n simb\u00f3lica del capitalismo contempor\u00e1neo -\",\"isPartOf\":{\"@id\":\"https:\\\/\\\/hueleaazufre.com\\\/wordpress_a\\\/#website\"},\"primaryImageOfPage\":{\"@id\":\"https:\\\/\\\/hueleaazufre.com\\\/wordpress_a\\\/index.php\\\/2024\\\/07\\\/15\\\/los-think-tanks-y-la-dominacion-simbolica-del-capitalismo-contemporaneo\\\/#primaryimage\"},\"image\":{\"@id\":\"https:\\\/\\\/hueleaazufre.com\\\/wordpress_a\\\/index.php\\\/2024\\\/07\\\/15\\\/los-think-tanks-y-la-dominacion-simbolica-del-capitalismo-contemporaneo\\\/#primaryimage\"},\"thumbnailUrl\":\"https:\\\/\\\/hueleaazufre.com\\\/wordpress_a\\\/wp-content\\\/uploads\\\/2024\\\/07\\\/capitalismo-agencia-federal-norteamericana-481900952.jpeg\",\"datePublished\":\"2024-07-15T17:52:26+00:00\",\"author\":{\"@id\":\"https:\\\/\\\/hueleaazufre.com\\\/wordpress_a\\\/#\\\/schema\\\/person\\\/549dd871707ea7f9f1a686323ebe9baa\"},\"description\":\"El capitalismo contempor\u00e1neo, como sistema de producci\u00f3n hegem\u00f3nico, cuenta a su favor con la espont\u00e1nea producci\u00f3n ideol\u00f3gica...\",\"breadcrumb\":{\"@id\":\"https:\\\/\\\/hueleaazufre.com\\\/wordpress_a\\\/index.php\\\/2024\\\/07\\\/15\\\/los-think-tanks-y-la-dominacion-simbolica-del-capitalismo-contemporaneo\\\/#breadcrumb\"},\"inLanguage\":\"es\",\"potentialAction\":[{\"@type\":\"ReadAction\",\"target\":[\"https:\\\/\\\/hueleaazufre.com\\\/wordpress_a\\\/index.php\\\/2024\\\/07\\\/15\\\/los-think-tanks-y-la-dominacion-simbolica-del-capitalismo-contemporaneo\\\/\"]}]},{\"@type\":\"ImageObject\",\"inLanguage\":\"es\",\"@id\":\"https:\\\/\\\/hueleaazufre.com\\\/wordpress_a\\\/index.php\\\/2024\\\/07\\\/15\\\/los-think-tanks-y-la-dominacion-simbolica-del-capitalismo-contemporaneo\\\/#primaryimage\",\"url\":\"https:\\\/\\\/hueleaazufre.com\\\/wordpress_a\\\/wp-content\\\/uploads\\\/2024\\\/07\\\/capitalismo-agencia-federal-norteamericana-481900952.jpeg\",\"contentUrl\":\"https:\\\/\\\/hueleaazufre.com\\\/wordpress_a\\\/wp-content\\\/uploads\\\/2024\\\/07\\\/capitalismo-agencia-federal-norteamericana-481900952.jpeg\",\"width\":876,\"height\":1168,\"caption\":\"El capitalismo\"},{\"@type\":\"BreadcrumbList\",\"@id\":\"https:\\\/\\\/hueleaazufre.com\\\/wordpress_a\\\/index.php\\\/2024\\\/07\\\/15\\\/los-think-tanks-y-la-dominacion-simbolica-del-capitalismo-contemporaneo\\\/#breadcrumb\",\"itemListElement\":[{\"@type\":\"ListItem\",\"position\":1,\"name\":\"Portada\",\"item\":\"https:\\\/\\\/hueleaazufre.com\\\/wordpress_a\\\/\"},{\"@type\":\"ListItem\",\"position\":2,\"name\":\"Los think tanks y la dominaci\u00f3n simb\u00f3lica del capitalismo contempor\u00e1neo\"}]},{\"@type\":\"WebSite\",\"@id\":\"https:\\\/\\\/hueleaazufre.com\\\/wordpress_a\\\/#website\",\"url\":\"https:\\\/\\\/hueleaazufre.com\\\/wordpress_a\\\/\",\"name\":\"\",\"description\":\"Huele a azufre es una plataforma digital de an\u00e1lisis geopol\u00edtico.\",\"potentialAction\":[{\"@type\":\"SearchAction\",\"target\":{\"@type\":\"EntryPoint\",\"urlTemplate\":\"https:\\\/\\\/hueleaazufre.com\\\/wordpress_a\\\/?s={search_term_string}\"},\"query-input\":{\"@type\":\"PropertyValueSpecification\",\"valueRequired\":true,\"valueName\":\"search_term_string\"}}],\"inLanguage\":\"es\"},{\"@type\":\"Person\",\"@id\":\"https:\\\/\\\/hueleaazufre.com\\\/wordpress_a\\\/#\\\/schema\\\/person\\\/549dd871707ea7f9f1a686323ebe9baa\",\"name\":\"Huele a azufre\",\"image\":{\"@type\":\"ImageObject\",\"inLanguage\":\"es\",\"@id\":\"https:\\\/\\\/secure.gravatar.com\\\/avatar\\\/e972d5c124b9bf80eb4c9d322a90dd86a59d447f5da36700a77516f13637d44e?s=96&d=mm&r=g\",\"url\":\"https:\\\/\\\/secure.gravatar.com\\\/avatar\\\/e972d5c124b9bf80eb4c9d322a90dd86a59d447f5da36700a77516f13637d44e?s=96&d=mm&r=g\",\"contentUrl\":\"https:\\\/\\\/secure.gravatar.com\\\/avatar\\\/e972d5c124b9bf80eb4c9d322a90dd86a59d447f5da36700a77516f13637d44e?s=96&d=mm&r=g\",\"caption\":\"Huele a azufre\"},\"description\":\"Huele a azufre es una plataforma digital de an\u00e1lisis geopol\u00edtico\u00a0 contrahegem\u00f3nico, que busca visibilizar las voces y los discursos silenciados por el poder medi\u00e1tico.\",\"sameAs\":[\"https:\\\/\\\/hueleaazufre.com\\\/wordpress_a\"],\"url\":\"https:\\\/\\\/hueleaazufre.com\\\/wordpress_a\\\/index.php\\\/author\\\/admin_tupapa\\\/\"}]}<\/script>\n<!-- \/ Yoast SEO plugin. -->","yoast_head_json":{"title":"Los think tanks y la dominaci\u00f3n simb\u00f3lica del capitalismo contempor\u00e1neo -","description":"El capitalismo contempor\u00e1neo, como sistema de producci\u00f3n hegem\u00f3nico, cuenta a su favor con la espont\u00e1nea producci\u00f3n ideol\u00f3gica...","robots":{"index":"index","follow":"follow","max-snippet":"max-snippet:-1","max-image-preview":"max-image-preview:large","max-video-preview":"max-video-preview:-1"},"canonical":"https:\/\/hueleaazufre.com\/wordpress_a\/index.php\/2024\/07\/15\/los-think-tanks-y-la-dominacion-simbolica-del-capitalismo-contemporaneo\/","og_locale":"es_ES","og_type":"article","og_title":"Los think tanks y la dominaci\u00f3n simb\u00f3lica del capitalismo contempor\u00e1neo -","og_description":"El capitalismo contempor\u00e1neo, como sistema de producci\u00f3n hegem\u00f3nico, cuenta a su favor con la espont\u00e1nea producci\u00f3n ideol\u00f3gica...","og_url":"https:\/\/hueleaazufre.com\/wordpress_a\/index.php\/2024\/07\/15\/los-think-tanks-y-la-dominacion-simbolica-del-capitalismo-contemporaneo\/","article_published_time":"2024-07-15T17:52:26+00:00","og_image":[{"width":876,"height":1168,"url":"https:\/\/hueleaazufre.com\/wordpress_a\/wp-content\/uploads\/2024\/07\/capitalismo-agencia-federal-norteamericana-481900952.jpeg","type":"image\/jpeg"}],"author":"Huele a azufre","twitter_card":"summary_large_image","twitter_misc":{"Escrito por":"Huele a azufre","Tiempo de lectura":"7 minutos"},"schema":{"@context":"https:\/\/schema.org","@graph":[{"@type":"Article","@id":"https:\/\/hueleaazufre.com\/wordpress_a\/index.php\/2024\/07\/15\/los-think-tanks-y-la-dominacion-simbolica-del-capitalismo-contemporaneo\/#article","isPartOf":{"@id":"https:\/\/hueleaazufre.com\/wordpress_a\/index.php\/2024\/07\/15\/los-think-tanks-y-la-dominacion-simbolica-del-capitalismo-contemporaneo\/"},"author":{"name":"Huele a azufre","@id":"https:\/\/hueleaazufre.com\/wordpress_a\/#\/schema\/person\/549dd871707ea7f9f1a686323ebe9baa"},"headline":"Los think tanks y la dominaci\u00f3n simb\u00f3lica del capitalismo contempor\u00e1neo","datePublished":"2024-07-15T17:52:26+00:00","mainEntityOfPage":{"@id":"https:\/\/hueleaazufre.com\/wordpress_a\/index.php\/2024\/07\/15\/los-think-tanks-y-la-dominacion-simbolica-del-capitalismo-contemporaneo\/"},"wordCount":1751,"commentCount":0,"image":{"@id":"https:\/\/hueleaazufre.com\/wordpress_a\/index.php\/2024\/07\/15\/los-think-tanks-y-la-dominacion-simbolica-del-capitalismo-contemporaneo\/#primaryimage"},"thumbnailUrl":"https:\/\/hueleaazufre.com\/wordpress_a\/wp-content\/uploads\/2024\/07\/capitalismo-agencia-federal-norteamericana-481900952.jpeg","keywords":["capitalismo","Cuba","resistencia"],"articleSection":["Jos\u00e9 Ernesto Nov\u00e1ez Guerrero","Otras voces"],"inLanguage":"es","potentialAction":[{"@type":"CommentAction","name":"Comment","target":["https:\/\/hueleaazufre.com\/wordpress_a\/index.php\/2024\/07\/15\/los-think-tanks-y-la-dominacion-simbolica-del-capitalismo-contemporaneo\/#respond"]}]},{"@type":"WebPage","@id":"https:\/\/hueleaazufre.com\/wordpress_a\/index.php\/2024\/07\/15\/los-think-tanks-y-la-dominacion-simbolica-del-capitalismo-contemporaneo\/","url":"https:\/\/hueleaazufre.com\/wordpress_a\/index.php\/2024\/07\/15\/los-think-tanks-y-la-dominacion-simbolica-del-capitalismo-contemporaneo\/","name":"Los think tanks y la dominaci\u00f3n simb\u00f3lica del capitalismo contempor\u00e1neo -","isPartOf":{"@id":"https:\/\/hueleaazufre.com\/wordpress_a\/#website"},"primaryImageOfPage":{"@id":"https:\/\/hueleaazufre.com\/wordpress_a\/index.php\/2024\/07\/15\/los-think-tanks-y-la-dominacion-simbolica-del-capitalismo-contemporaneo\/#primaryimage"},"image":{"@id":"https:\/\/hueleaazufre.com\/wordpress_a\/index.php\/2024\/07\/15\/los-think-tanks-y-la-dominacion-simbolica-del-capitalismo-contemporaneo\/#primaryimage"},"thumbnailUrl":"https:\/\/hueleaazufre.com\/wordpress_a\/wp-content\/uploads\/2024\/07\/capitalismo-agencia-federal-norteamericana-481900952.jpeg","datePublished":"2024-07-15T17:52:26+00:00","author":{"@id":"https:\/\/hueleaazufre.com\/wordpress_a\/#\/schema\/person\/549dd871707ea7f9f1a686323ebe9baa"},"description":"El capitalismo contempor\u00e1neo, como sistema de producci\u00f3n hegem\u00f3nico, cuenta a su favor con la espont\u00e1nea producci\u00f3n ideol\u00f3gica...","breadcrumb":{"@id":"https:\/\/hueleaazufre.com\/wordpress_a\/index.php\/2024\/07\/15\/los-think-tanks-y-la-dominacion-simbolica-del-capitalismo-contemporaneo\/#breadcrumb"},"inLanguage":"es","potentialAction":[{"@type":"ReadAction","target":["https:\/\/hueleaazufre.com\/wordpress_a\/index.php\/2024\/07\/15\/los-think-tanks-y-la-dominacion-simbolica-del-capitalismo-contemporaneo\/"]}]},{"@type":"ImageObject","inLanguage":"es","@id":"https:\/\/hueleaazufre.com\/wordpress_a\/index.php\/2024\/07\/15\/los-think-tanks-y-la-dominacion-simbolica-del-capitalismo-contemporaneo\/#primaryimage","url":"https:\/\/hueleaazufre.com\/wordpress_a\/wp-content\/uploads\/2024\/07\/capitalismo-agencia-federal-norteamericana-481900952.jpeg","contentUrl":"https:\/\/hueleaazufre.com\/wordpress_a\/wp-content\/uploads\/2024\/07\/capitalismo-agencia-federal-norteamericana-481900952.jpeg","width":876,"height":1168,"caption":"El capitalismo"},{"@type":"BreadcrumbList","@id":"https:\/\/hueleaazufre.com\/wordpress_a\/index.php\/2024\/07\/15\/los-think-tanks-y-la-dominacion-simbolica-del-capitalismo-contemporaneo\/#breadcrumb","itemListElement":[{"@type":"ListItem","position":1,"name":"Portada","item":"https:\/\/hueleaazufre.com\/wordpress_a\/"},{"@type":"ListItem","position":2,"name":"Los think tanks y la dominaci\u00f3n simb\u00f3lica del capitalismo contempor\u00e1neo"}]},{"@type":"WebSite","@id":"https:\/\/hueleaazufre.com\/wordpress_a\/#website","url":"https:\/\/hueleaazufre.com\/wordpress_a\/","name":"","description":"Huele a azufre es una plataforma digital de an\u00e1lisis geopol\u00edtico.","potentialAction":[{"@type":"SearchAction","target":{"@type":"EntryPoint","urlTemplate":"https:\/\/hueleaazufre.com\/wordpress_a\/?s={search_term_string}"},"query-input":{"@type":"PropertyValueSpecification","valueRequired":true,"valueName":"search_term_string"}}],"inLanguage":"es"},{"@type":"Person","@id":"https:\/\/hueleaazufre.com\/wordpress_a\/#\/schema\/person\/549dd871707ea7f9f1a686323ebe9baa","name":"Huele a azufre","image":{"@type":"ImageObject","inLanguage":"es","@id":"https:\/\/secure.gravatar.com\/avatar\/e972d5c124b9bf80eb4c9d322a90dd86a59d447f5da36700a77516f13637d44e?s=96&d=mm&r=g","url":"https:\/\/secure.gravatar.com\/avatar\/e972d5c124b9bf80eb4c9d322a90dd86a59d447f5da36700a77516f13637d44e?s=96&d=mm&r=g","contentUrl":"https:\/\/secure.gravatar.com\/avatar\/e972d5c124b9bf80eb4c9d322a90dd86a59d447f5da36700a77516f13637d44e?s=96&d=mm&r=g","caption":"Huele a azufre"},"description":"Huele a azufre es una plataforma digital de an\u00e1lisis geopol\u00edtico\u00a0 contrahegem\u00f3nico, que busca visibilizar las voces y los discursos silenciados por el poder medi\u00e1tico.","sameAs":["https:\/\/hueleaazufre.com\/wordpress_a"],"url":"https:\/\/hueleaazufre.com\/wordpress_a\/index.php\/author\/admin_tupapa\/"}]}},"_links":{"self":[{"href":"https:\/\/hueleaazufre.com\/wordpress_a\/index.php\/wp-json\/wp\/v2\/posts\/1335","targetHints":{"allow":["GET"]}}],"collection":[{"href":"https:\/\/hueleaazufre.com\/wordpress_a\/index.php\/wp-json\/wp\/v2\/posts"}],"about":[{"href":"https:\/\/hueleaazufre.com\/wordpress_a\/index.php\/wp-json\/wp\/v2\/types\/post"}],"author":[{"embeddable":true,"href":"https:\/\/hueleaazufre.com\/wordpress_a\/index.php\/wp-json\/wp\/v2\/users\/1"}],"replies":[{"embeddable":true,"href":"https:\/\/hueleaazufre.com\/wordpress_a\/index.php\/wp-json\/wp\/v2\/comments?post=1335"}],"version-history":[{"count":1,"href":"https:\/\/hueleaazufre.com\/wordpress_a\/index.php\/wp-json\/wp\/v2\/posts\/1335\/revisions"}],"predecessor-version":[{"id":1337,"href":"https:\/\/hueleaazufre.com\/wordpress_a\/index.php\/wp-json\/wp\/v2\/posts\/1335\/revisions\/1337"}],"wp:featuredmedia":[{"embeddable":true,"href":"https:\/\/hueleaazufre.com\/wordpress_a\/index.php\/wp-json\/wp\/v2\/media\/1336"}],"wp:attachment":[{"href":"https:\/\/hueleaazufre.com\/wordpress_a\/index.php\/wp-json\/wp\/v2\/media?parent=1335"}],"wp:term":[{"taxonomy":"category","embeddable":true,"href":"https:\/\/hueleaazufre.com\/wordpress_a\/index.php\/wp-json\/wp\/v2\/categories?post=1335"},{"taxonomy":"post_tag","embeddable":true,"href":"https:\/\/hueleaazufre.com\/wordpress_a\/index.php\/wp-json\/wp\/v2\/tags?post=1335"}],"curies":[{"name":"wp","href":"https:\/\/api.w.org\/{rel}","templated":true}]}}