{"id":1478,"date":"2024-08-14T18:33:17","date_gmt":"2024-08-14T18:33:17","guid":{"rendered":"https:\/\/hueleaazufre.com\/wordpress_a\/?p=1478"},"modified":"2024-08-14T18:33:46","modified_gmt":"2024-08-14T18:33:46","slug":"palestina-es-maestra-de-resistencia-christian-nader","status":"publish","type":"post","link":"https:\/\/hueleaazufre.com\/wordpress_a\/index.php\/2024\/08\/14\/palestina-es-maestra-de-resistencia-christian-nader\/","title":{"rendered":"Palestina es maestra de resistencia para el mundo"},"content":{"rendered":"<p><b><i>Sobre la construcci\u00f3n de la paz, los procesos de guerra y la creaci\u00f3n del mundo multipolar, habl\u00f3 el comunicador pol\u00edtico y maestro de Historia mexicano, Christian Nader, para la revista venezolana Nuestra Am\u00e9rica en Palabras<\/i><\/b><span style=\"font-weight: 400;\">.<\/span><\/p>\n<p><b>\u201cEl sionismo es un poder que cobra fuerza, y a pesar del brutal genocidio que comete \u2018Israel\u2019 desde hace m\u00e1s de siete d\u00e9cadas, hay quienes reniegan del derecho del pueblo palestino a defenderse de una ocupaci\u00f3n vista como legal por acuerdos internacionales\u201d,<\/b><span style=\"font-weight: 400;\"> valor\u00f3 el comunicador pol\u00edtico y maestro de la Escuela Nacional de Antropolog\u00eda e Historia en M\u00e9xico, Christian Nader.<\/span><\/p>\n<p><span style=\"font-weight: 400;\">Durante una entrevista para la revista venezolana Nuestra Am\u00e9rica en Palabras, Nader reflexion\u00f3 sobre la necesidad de comprender las complejidades de la guerra en el mundo para entender la paz como una construcci\u00f3n hist\u00f3rica.<\/span><\/p>\n<p><b>Para leer sobre el fascismo en Venezuela: <\/b><a href=\"https:\/\/hueleaazufre.com\/wordpress_a\/index.php\/2024\/08\/12\/notas-sobre-el-fascismo-y-sus-expresiones-en-venezuela\/\"><span style=\"font-weight: 400;\">Notas sobre el fascismo y sus expresiones en Venezuela &#8211; (hueleaazufre.com)<\/span><\/a><span style=\"font-weight: 400;\">\u00a0<\/span><\/p>\n<blockquote class=\"wp-embedded-content\" data-secret=\"eVfbJi7gNE\"><p><a href=\"https:\/\/hueleaazufre.com\/wordpress_a\/index.php\/2024\/08\/12\/notas-sobre-el-fascismo-y-sus-expresiones-en-venezuela\/\">Notas sobre el fascismo y sus expresiones en Venezuela<\/a><\/p><\/blockquote>\n<p><iframe class=\"wp-embedded-content\" sandbox=\"allow-scripts\" security=\"restricted\" style=\"position: absolute; visibility: hidden;\" title=\"\u00abNotas sobre el fascismo y sus expresiones en Venezuela\u00bb \u2014 \" src=\"https:\/\/hueleaazufre.com\/wordpress_a\/index.php\/2024\/08\/12\/notas-sobre-el-fascismo-y-sus-expresiones-en-venezuela\/embed\/#?secret=H4NX3E9ccQ#?secret=eVfbJi7gNE\" data-secret=\"eVfbJi7gNE\" width=\"600\" height=\"338\" frameborder=\"0\" marginwidth=\"0\" marginheight=\"0\" scrolling=\"no\"><\/iframe><\/p>\n<p><span style=\"font-weight: 400;\">En ese sentido, llam\u00f3 a tratar a la violencia en su justa medida, pues <\/span><b>hay quienes la ejercen para forzar a otros, y quienes utilizan las armas para resistir a esa violencia, y sobrevivir, y en ese caso es leg\u00edtima defensa<\/b><span style=\"font-weight: 400;\">.<\/span><\/p>\n<p><span style=\"font-weight: 400;\">Uno de los casos analizados en su di\u00e1logo con Mar\u00eda Fernanda Barreto fue el de <\/span><b>Palestina y sus m\u00e1s de 76 a\u00f1os de heroica resistencia, empezada incluso antes de la fundaci\u00f3n del ente sionista, la cual \u201cha servido de ejemplo a m\u00faltiples pueblos, <\/b><span style=\"font-weight: 400;\">porque sin armas ni ej\u00e9rcito se enfrenta a una superpotencia militar, amparada por las grandes potencias a nivel global como Gran Breta\u00f1a, primero, y luego Estados Unidos\u201d.\u00a0<\/span><\/p>\n<p><b>Palestina resiste incluso con piedras y palos, como en la primera Intifada<\/b><span style=\"font-weight: 400;\">, remarc\u00f3: \u201cEs como la digna rabia, la digna justicia, la digna rebeld\u00eda\u201d. Y de esos valores aprenden otros grupos en resistencia en cualquier contexto, y sobre todo en los contextos perif\u00e9ricos.<\/span><\/p>\n<p><b>Cuba es otro de los grandes ejemplos de resistencia, de resiliencia y sobre todo de unidad internacionalista,<\/b><span style=\"font-weight: 400;\"> remarc\u00f3.<\/span><\/p>\n<p><span style=\"font-weight: 400;\">A juicio de este historiador de izquierda, lo que se ve hoy en Venezuela y Colombia, a pesar de contar con gobiernos progresistas, y <\/span><b>lo vivido en Am\u00e9rica Latina desde el siglo XIX, es una experiencia que conecta directamente con la causa palestina;<\/b><span style=\"font-weight: 400;\"> y lo mismo ocurre con los procesos africanos, y en el sur y sudeste de Asia.<\/span><\/p>\n<p><b>En un mundo asediado por Occidente, hasta Rusia, a pesar de ser un gran poder a nivel planetario, ha vivido bajo esas agresiones desde hace siglos<\/b><span style=\"font-weight: 400;\">. \u201cNo nada m\u00e1s en el periodo sovi\u00e9tico, incluso antes, como imperio zarista\u201d, enfatiz\u00f3 Nader.<\/span><\/p>\n<p><span style=\"font-weight: 400;\">Para todos esos pa\u00edses y procesos, <\/span><b>Palestina es una gran maestra, y tambi\u00e9n Venezuela: dos grandes referentes en cuanto a la resistencia<\/b><span style=\"font-weight: 400;\"> desde distintos puntos, asegur\u00f3 Maria Fernanda.<\/span><\/p>\n<p><span style=\"font-weight: 400;\">Desde la perspectiva de Nader, los primeros pasos del mundo multipolar ya est\u00e1n dados, en tanto emergen m\u00faltiples polos, sin un epicentro concreto; como una especie de epicentro m\u00f3vil en distintos contextos.<\/span><\/p>\n<p><span style=\"font-weight: 400;\">Ante esa realidad, <\/span><b>Estados Unidos intenta \u201cdefender su terru\u00f1o\u201d, que en su l\u00f3gica imperial es Am\u00e9rica Latina,<\/b><span style=\"font-weight: 400;\"> pues as\u00ed lo ven desde que en 1847 arrebataron a M\u00e9xico la mitad de su territorio.\u00a0<\/span><\/p>\n<p><b>La uni\u00f3n norte\u00f1a entr\u00f3 en un per\u00edodo de<\/b><b><i> senectud<\/i><\/b><b>, pero sigue siendo una superpotencia<\/b><span style=\"font-weight: 400;\">, y logra apaciguar la rebeld\u00eda en el continente latinoamericano a trav\u00e9s de gobiernos t\u00edteres, oligarqu\u00edas que se sirven del petr\u00f3leo, record\u00f3 Nader.\u00a0<\/span><\/p>\n<p><span style=\"font-weight: 400;\">Pero ocurren estos movimientos, y surge en Venezuela un personaje como Hugo Ch\u00e1vez, arropado por m\u00faltiples sectores.<\/span><\/p>\n<p><b>El nuevo siglo no es el fin de la Historia<\/b><\/p>\n<p><b>El experto hizo un recorrido hist\u00f3rico sobre el <\/b><b><i>triunfo<\/i><\/b><b> del imperialismo a nivel global a inicios de este milenio, tras la ca\u00edda de la URSS<\/b><span style=\"font-weight: 400;\"> y el campo socialista en su conjunto, y el impacto que ese fen\u00f3meno social trajo a otros pa\u00edses, no solo por el patrocinio econ\u00f3mico, sino porque perdieron su referente: un proyecto de lucha popular que se concret\u00f3 en un estado y marc\u00f3 la historia del siglo XX.<\/span><\/p>\n<p><span style=\"font-weight: 400;\">\u201c<\/span><b>Rusia tard\u00f3 20 a\u00f1os en recuperarse de esa renuncia al proyecto sovi\u00e9tico<\/b><span style=\"font-weight: 400;\">. Para los rusos y a las rep\u00fablicas sovi\u00e9ticas les afect\u00f3 dur\u00edsimo, pr\u00e1cticamente fue el fin del mundo, porque hab\u00eda cuatro generaciones que no hab\u00edan conocido otra realidad que no fuese el proyecto socialista\u201d, acot\u00f3 Naser.<\/span><\/p>\n<p><span style=\"font-weight: 400;\">Fue tal el impacto que empiezan a deslegitimarse los discursos contrahegem\u00f3nicos, sobre todo en Am\u00e9rica Latina, record\u00f3 el historiador.<\/span><\/p>\n<p><span style=\"font-weight: 400;\">En ese momento, <\/span><b>China todav\u00eda no era lo que es ahora, y Cuba, una econom\u00eda isle\u00f1a carente de muchos recursos,<\/b><span style=\"font-weight: 400;\"> perdi\u00f3 su principal aliado y se recrudeci\u00f3 su asedio, al punto de llegar a la crisis conocida como per\u00edodo especial.<\/span><\/p>\n<p><b>Pero el capitalismo no puede existir sin antagonismo, mucho menos el imperialismo, y deciden crear enemigos fantasmas:<\/b><span style=\"font-weight: 400;\"> la resistencia es la nueva fuente de animadversi\u00f3n para Washington, a\u00fan despu\u00e9s de recuperarse el mundo del 911 (ataque a las Torres Gemelas, el 9 de septiembre de 2000).\u00a0<\/span><\/p>\n<p><b>Otro ejemplo citado por Nadier fue el de Yugoslavia<\/b><span style=\"font-weight: 400;\">, referente de socialismo a\u00fan despu\u00e9s de sembrado \u201cel semillero del proceso de empobrecimiento\u201d en la antigua URSS, y por tanto <\/span><b>Occidente no pod\u00eda permitir que un pa\u00eds de esa envergadura existiera en la Europa possovi\u00e9tica, poscomunista<\/b><span style=\"font-weight: 400;\">.\u00a0<\/span><\/p>\n<p><span style=\"font-weight: 400;\">\u201c<\/span><b>El capitalismo no puede existir si no hay explotaci\u00f3n de los seres humanos.<\/b><span style=\"font-weight: 400;\"> Hubo mucha expresi\u00f3n popular de resistencia que continu\u00f3 viva en los 90, a pesar de esos discursos domesticadores\u201d, y eso demuestra que la Historia no acab\u00f3 en 2001.<\/span><\/p>\n<p><span style=\"font-weight: 400;\">De hecho, valor\u00f3 el investigador, 2001 es una fecha clave porque se declara el proyecto del Nuevo Siglo Americano (The New American Century), la llamada <\/span><i><span style=\"font-weight: 400;\">Pax <\/span><\/i><span style=\"font-weight: 400;\">Americana, otro constructo hist\u00f3rico.<\/span><\/p>\n<p><span style=\"font-weight: 400;\">\u201cSomos el resultado de nuestra propia historia. Mientras los estadounidenses llegaron a un punto en que la historia los est\u00e1 rebasando, nosotros empezamos a vivir la nuestra\u201d.\u00a0<\/span><\/p>\n<p><span style=\"font-weight: 400;\">A su criterio, <\/span><b>Am\u00e9rica Latina no conoce a\u00fan un verdadero periodo de emancipaci\u00f3n: vive sumida en el yugo de Estados Unidos y su doctrina Monroe<\/b><span style=\"font-weight: 400;\">, formulada por todo un equipo de pensadores geopol\u00edticos supremacistas.<\/span><\/p>\n<p><b>El imperialismo teme la forja de v\u00ednculos de resistencia con otros contextos<\/b><span style=\"font-weight: 400;\">. Si la vivida al un\u00edsono en Am\u00e9rica Latina ya era problem\u00e1tica, esos lazos con pa\u00edses de Asia Central, del Marek, del Magreb, de las profundidades africanas, lo vuelven todav\u00eda m\u00e1s complicado para Washington, minado por el ascenso de grandes potencias: el resurgimiento del poder\u00edo de Rusia y China como la mayor potencia econ\u00f3mica del orbe, la Rep\u00fablica Isl\u00e1mica de Ir\u00e1n, la Rep\u00fablica Bolivariana de Venezuela\u2026\u00a0<\/span><\/p>\n<p><b>Para Nader, no basta hablar de poder popular, sino tambi\u00e9n de la estrategia militar y la estrategia de inteligencia de esas resistencias<\/b><span style=\"font-weight: 400;\">, como se demuestra en Venezuela, por ejemplo, c\u00f3mo se desarticularon m\u00faltiples intentos de magnicidio, de golpe de Estado y las famosas Guarimbas.<\/span><\/p>\n<p><b>Ese mismo escenario se dio en Ucrania, y hoy se ve el resultado del \u00e9xito de la desestabilizaci\u00f3n<\/b><span style=\"font-weight: 400;\">: \u201cuna sociedad devastada, neonazificada, y ese es el futuro que Washington le pone a cualquier pa\u00eds\u201d, advirti\u00f3, como demuestran tambi\u00e9n el narco paramilitarismo colombiano o en suelo guatemalteco.<\/span><\/p>\n<p><span style=\"font-weight: 400;\">Al decir del estudioso, \u201cla casu\u00edstica de necro capitalismo, o imperialismo, es bastante amplia\u201d; y <\/span><b>en este nuevo periodo se avecina una violencia sin parang\u00f3n, en la cual no entrar\u00e1n directamente, sino poniendo a naciones en contra de naciones,<\/b><span style=\"font-weight: 400;\"> a la usanza del siglo XIX.<\/span><\/p>\n<p><span style=\"font-weight: 400;\">Pero tambi\u00e9n se avecina una fase de resistencia, a la cual consider\u00f3 \u201cla prueba de fuego\u201d: la emancipaci\u00f3n latinoamericana, en el caso venezolano, el boliviano y otros.<\/span><\/p>\n<p><b>Autor: Al Mayadeen<\/b><\/p>\n<p><b><i>Para leer este art\u00edculo en su fuente original: <\/i><\/b><a href=\"https:\/\/espanol.almayadeen.net\/noticias\/politica\/1899023\/palestina-es-maestra-de-resistencia-para-el-mundo\"><b><i>Palestina es maestra de resistencia para el mundo | Al Mayadeen Espa\u00f1ol<\/i><\/b><\/a><\/p>\n<p><b>Para ver la entrevista en el canal YouTube de Nuestra Am\u00e8rica en Palabras:<\/b><\/p>\n<p><iframe title=\"Nuestra Am\u00e9rica en Palabras. Entrevista EXCLUSIVA a Christian Nader.\" width=\"640\" height=\"360\" src=\"https:\/\/www.youtube.com\/embed\/2gKmz7qMAZU?start=1752&#038;feature=oembed\" frameborder=\"0\" allow=\"accelerometer; autoplay; clipboard-write; encrypted-media; gyroscope; picture-in-picture; web-share\" referrerpolicy=\"strict-origin-when-cross-origin\" allowfullscreen><\/iframe><\/p>\n<p>&nbsp;<\/p>\n","protected":false},"excerpt":{"rendered":"<p>Sobre la construcci\u00f3n de la paz, los procesos de guerra y la creaci\u00f3n del mundo&#8230;<\/p>\n","protected":false},"author":1,"featured_media":1475,"comment_status":"open","ping_status":"closed","sticky":false,"template":"","format":"standard","meta":{"footnotes":""},"categories":[56],"tags":[10,104,378,24],"class_list":["post-1478","post","type-post","status-publish","format-standard","has-post-thumbnail","hentry","category-medios-aliados","tag-historia","tag-palestina","tag-resistencia","tag-sionismo"],"yoast_head":"<!-- This site is optimized with the Yoast SEO plugin v27.5 - https:\/\/yoast.com\/product\/yoast-seo-wordpress\/ -->\n<title>Palestina es maestra de resistencia para el mundo -<\/title>\n<meta name=\"description\" content=\"Palestina. Sobre la construcci\u00f3n de la paz, los procesos de guerra y la creaci\u00f3n del mundo multipolar. Christian Nader\" \/>\n<meta name=\"robots\" content=\"index, follow, max-snippet:-1, max-image-preview:large, max-video-preview:-1\" \/>\n<link rel=\"canonical\" href=\"https:\/\/hueleaazufre.com\/wordpress_a\/index.php\/2024\/08\/14\/palestina-es-maestra-de-resistencia-christian-nader\/\" \/>\n<meta property=\"og:locale\" content=\"es_ES\" \/>\n<meta property=\"og:type\" content=\"article\" \/>\n<meta property=\"og:title\" content=\"Palestina es maestra de resistencia para el mundo -\" \/>\n<meta property=\"og:description\" content=\"Palestina. Sobre la construcci\u00f3n de la paz, los procesos de guerra y la creaci\u00f3n del mundo multipolar. Christian Nader\" \/>\n<meta property=\"og:url\" content=\"https:\/\/hueleaazufre.com\/wordpress_a\/index.php\/2024\/08\/14\/palestina-es-maestra-de-resistencia-christian-nader\/\" \/>\n<meta property=\"article:published_time\" content=\"2024-08-14T18:33:17+00:00\" \/>\n<meta property=\"article:modified_time\" content=\"2024-08-14T18:33:46+00:00\" \/>\n<meta property=\"og:image\" content=\"https:\/\/hueleaazufre.com\/wordpress_a\/wp-content\/uploads\/2024\/08\/entrevista.jpg\" \/>\n\t<meta property=\"og:image:width\" content=\"978\" \/>\n\t<meta property=\"og:image:height\" content=\"556\" \/>\n\t<meta property=\"og:image:type\" content=\"image\/jpeg\" \/>\n<meta name=\"author\" content=\"Huele a azufre\" \/>\n<meta name=\"twitter:card\" content=\"summary_large_image\" \/>\n<meta name=\"twitter:label1\" content=\"Escrito por\" \/>\n\t<meta name=\"twitter:data1\" content=\"Huele a azufre\" \/>\n\t<meta name=\"twitter:label2\" content=\"Tiempo de lectura\" \/>\n\t<meta name=\"twitter:data2\" content=\"6 minutos\" \/>\n<script type=\"application\/ld+json\" class=\"yoast-schema-graph\">{\"@context\":\"https:\\\/\\\/schema.org\",\"@graph\":[{\"@type\":\"Article\",\"@id\":\"https:\\\/\\\/hueleaazufre.com\\\/wordpress_a\\\/index.php\\\/2024\\\/08\\\/14\\\/palestina-es-maestra-de-resistencia-christian-nader\\\/#article\",\"isPartOf\":{\"@id\":\"https:\\\/\\\/hueleaazufre.com\\\/wordpress_a\\\/index.php\\\/2024\\\/08\\\/14\\\/palestina-es-maestra-de-resistencia-christian-nader\\\/\"},\"author\":{\"name\":\"Huele a azufre\",\"@id\":\"https:\\\/\\\/hueleaazufre.com\\\/wordpress_a\\\/#\\\/schema\\\/person\\\/549dd871707ea7f9f1a686323ebe9baa\"},\"headline\":\"Palestina es maestra de resistencia para el mundo\",\"datePublished\":\"2024-08-14T18:33:17+00:00\",\"dateModified\":\"2024-08-14T18:33:46+00:00\",\"mainEntityOfPage\":{\"@id\":\"https:\\\/\\\/hueleaazufre.com\\\/wordpress_a\\\/index.php\\\/2024\\\/08\\\/14\\\/palestina-es-maestra-de-resistencia-christian-nader\\\/\"},\"wordCount\":1376,\"commentCount\":0,\"image\":{\"@id\":\"https:\\\/\\\/hueleaazufre.com\\\/wordpress_a\\\/index.php\\\/2024\\\/08\\\/14\\\/palestina-es-maestra-de-resistencia-christian-nader\\\/#primaryimage\"},\"thumbnailUrl\":\"https:\\\/\\\/hueleaazufre.com\\\/wordpress_a\\\/wp-content\\\/uploads\\\/2024\\\/08\\\/entrevista.webp\",\"keywords\":[\"Historia\",\"Palestina\",\"resistencia\",\"Sionismo\"],\"articleSection\":[\"Medios aliados\"],\"inLanguage\":\"es\",\"potentialAction\":[{\"@type\":\"CommentAction\",\"name\":\"Comment\",\"target\":[\"https:\\\/\\\/hueleaazufre.com\\\/wordpress_a\\\/index.php\\\/2024\\\/08\\\/14\\\/palestina-es-maestra-de-resistencia-christian-nader\\\/#respond\"]}]},{\"@type\":\"WebPage\",\"@id\":\"https:\\\/\\\/hueleaazufre.com\\\/wordpress_a\\\/index.php\\\/2024\\\/08\\\/14\\\/palestina-es-maestra-de-resistencia-christian-nader\\\/\",\"url\":\"https:\\\/\\\/hueleaazufre.com\\\/wordpress_a\\\/index.php\\\/2024\\\/08\\\/14\\\/palestina-es-maestra-de-resistencia-christian-nader\\\/\",\"name\":\"Palestina es maestra de resistencia para el mundo -\",\"isPartOf\":{\"@id\":\"https:\\\/\\\/hueleaazufre.com\\\/wordpress_a\\\/#website\"},\"primaryImageOfPage\":{\"@id\":\"https:\\\/\\\/hueleaazufre.com\\\/wordpress_a\\\/index.php\\\/2024\\\/08\\\/14\\\/palestina-es-maestra-de-resistencia-christian-nader\\\/#primaryimage\"},\"image\":{\"@id\":\"https:\\\/\\\/hueleaazufre.com\\\/wordpress_a\\\/index.php\\\/2024\\\/08\\\/14\\\/palestina-es-maestra-de-resistencia-christian-nader\\\/#primaryimage\"},\"thumbnailUrl\":\"https:\\\/\\\/hueleaazufre.com\\\/wordpress_a\\\/wp-content\\\/uploads\\\/2024\\\/08\\\/entrevista.webp\",\"datePublished\":\"2024-08-14T18:33:17+00:00\",\"dateModified\":\"2024-08-14T18:33:46+00:00\",\"author\":{\"@id\":\"https:\\\/\\\/hueleaazufre.com\\\/wordpress_a\\\/#\\\/schema\\\/person\\\/549dd871707ea7f9f1a686323ebe9baa\"},\"description\":\"Palestina. Sobre la construcci\u00f3n de la paz, los procesos de guerra y la creaci\u00f3n del mundo multipolar. Christian Nader\",\"breadcrumb\":{\"@id\":\"https:\\\/\\\/hueleaazufre.com\\\/wordpress_a\\\/index.php\\\/2024\\\/08\\\/14\\\/palestina-es-maestra-de-resistencia-christian-nader\\\/#breadcrumb\"},\"inLanguage\":\"es\",\"potentialAction\":[{\"@type\":\"ReadAction\",\"target\":[\"https:\\\/\\\/hueleaazufre.com\\\/wordpress_a\\\/index.php\\\/2024\\\/08\\\/14\\\/palestina-es-maestra-de-resistencia-christian-nader\\\/\"]}]},{\"@type\":\"ImageObject\",\"inLanguage\":\"es\",\"@id\":\"https:\\\/\\\/hueleaazufre.com\\\/wordpress_a\\\/index.php\\\/2024\\\/08\\\/14\\\/palestina-es-maestra-de-resistencia-christian-nader\\\/#primaryimage\",\"url\":\"https:\\\/\\\/hueleaazufre.com\\\/wordpress_a\\\/wp-content\\\/uploads\\\/2024\\\/08\\\/entrevista.webp\",\"contentUrl\":\"https:\\\/\\\/hueleaazufre.com\\\/wordpress_a\\\/wp-content\\\/uploads\\\/2024\\\/08\\\/entrevista.webp\",\"width\":978,\"height\":556,\"caption\":\"Christian Nader. Nuestra Am\u00e9rica en Palabras\"},{\"@type\":\"BreadcrumbList\",\"@id\":\"https:\\\/\\\/hueleaazufre.com\\\/wordpress_a\\\/index.php\\\/2024\\\/08\\\/14\\\/palestina-es-maestra-de-resistencia-christian-nader\\\/#breadcrumb\",\"itemListElement\":[{\"@type\":\"ListItem\",\"position\":1,\"name\":\"Portada\",\"item\":\"https:\\\/\\\/hueleaazufre.com\\\/wordpress_a\\\/\"},{\"@type\":\"ListItem\",\"position\":2,\"name\":\"Palestina es maestra de resistencia para el mundo\"}]},{\"@type\":\"WebSite\",\"@id\":\"https:\\\/\\\/hueleaazufre.com\\\/wordpress_a\\\/#website\",\"url\":\"https:\\\/\\\/hueleaazufre.com\\\/wordpress_a\\\/\",\"name\":\"\",\"description\":\"Huele a azufre es una plataforma digital de an\u00e1lisis geopol\u00edtico.\",\"potentialAction\":[{\"@type\":\"SearchAction\",\"target\":{\"@type\":\"EntryPoint\",\"urlTemplate\":\"https:\\\/\\\/hueleaazufre.com\\\/wordpress_a\\\/?s={search_term_string}\"},\"query-input\":{\"@type\":\"PropertyValueSpecification\",\"valueRequired\":true,\"valueName\":\"search_term_string\"}}],\"inLanguage\":\"es\"},{\"@type\":\"Person\",\"@id\":\"https:\\\/\\\/hueleaazufre.com\\\/wordpress_a\\\/#\\\/schema\\\/person\\\/549dd871707ea7f9f1a686323ebe9baa\",\"name\":\"Huele a azufre\",\"image\":{\"@type\":\"ImageObject\",\"inLanguage\":\"es\",\"@id\":\"https:\\\/\\\/secure.gravatar.com\\\/avatar\\\/e972d5c124b9bf80eb4c9d322a90dd86a59d447f5da36700a77516f13637d44e?s=96&d=mm&r=g\",\"url\":\"https:\\\/\\\/secure.gravatar.com\\\/avatar\\\/e972d5c124b9bf80eb4c9d322a90dd86a59d447f5da36700a77516f13637d44e?s=96&d=mm&r=g\",\"contentUrl\":\"https:\\\/\\\/secure.gravatar.com\\\/avatar\\\/e972d5c124b9bf80eb4c9d322a90dd86a59d447f5da36700a77516f13637d44e?s=96&d=mm&r=g\",\"caption\":\"Huele a azufre\"},\"description\":\"Huele a azufre es una plataforma digital de an\u00e1lisis geopol\u00edtico\u00a0 contrahegem\u00f3nico, que busca visibilizar las voces y los discursos silenciados por el poder medi\u00e1tico.\",\"sameAs\":[\"https:\\\/\\\/hueleaazufre.com\\\/wordpress_a\"],\"url\":\"https:\\\/\\\/hueleaazufre.com\\\/wordpress_a\\\/index.php\\\/author\\\/admin_tupapa\\\/\"}]}<\/script>\n<!-- \/ Yoast SEO plugin. -->","yoast_head_json":{"title":"Palestina es maestra de resistencia para el mundo -","description":"Palestina. Sobre la construcci\u00f3n de la paz, los procesos de guerra y la creaci\u00f3n del mundo multipolar. Christian Nader","robots":{"index":"index","follow":"follow","max-snippet":"max-snippet:-1","max-image-preview":"max-image-preview:large","max-video-preview":"max-video-preview:-1"},"canonical":"https:\/\/hueleaazufre.com\/wordpress_a\/index.php\/2024\/08\/14\/palestina-es-maestra-de-resistencia-christian-nader\/","og_locale":"es_ES","og_type":"article","og_title":"Palestina es maestra de resistencia para el mundo -","og_description":"Palestina. Sobre la construcci\u00f3n de la paz, los procesos de guerra y la creaci\u00f3n del mundo multipolar. Christian Nader","og_url":"https:\/\/hueleaazufre.com\/wordpress_a\/index.php\/2024\/08\/14\/palestina-es-maestra-de-resistencia-christian-nader\/","article_published_time":"2024-08-14T18:33:17+00:00","article_modified_time":"2024-08-14T18:33:46+00:00","og_image":[{"width":978,"height":556,"url":"https:\/\/hueleaazufre.com\/wordpress_a\/wp-content\/uploads\/2024\/08\/entrevista.jpg","type":"image\/jpeg"}],"author":"Huele a azufre","twitter_card":"summary_large_image","twitter_misc":{"Escrito por":"Huele a azufre","Tiempo de lectura":"6 minutos"},"schema":{"@context":"https:\/\/schema.org","@graph":[{"@type":"Article","@id":"https:\/\/hueleaazufre.com\/wordpress_a\/index.php\/2024\/08\/14\/palestina-es-maestra-de-resistencia-christian-nader\/#article","isPartOf":{"@id":"https:\/\/hueleaazufre.com\/wordpress_a\/index.php\/2024\/08\/14\/palestina-es-maestra-de-resistencia-christian-nader\/"},"author":{"name":"Huele a azufre","@id":"https:\/\/hueleaazufre.com\/wordpress_a\/#\/schema\/person\/549dd871707ea7f9f1a686323ebe9baa"},"headline":"Palestina es maestra de resistencia para el mundo","datePublished":"2024-08-14T18:33:17+00:00","dateModified":"2024-08-14T18:33:46+00:00","mainEntityOfPage":{"@id":"https:\/\/hueleaazufre.com\/wordpress_a\/index.php\/2024\/08\/14\/palestina-es-maestra-de-resistencia-christian-nader\/"},"wordCount":1376,"commentCount":0,"image":{"@id":"https:\/\/hueleaazufre.com\/wordpress_a\/index.php\/2024\/08\/14\/palestina-es-maestra-de-resistencia-christian-nader\/#primaryimage"},"thumbnailUrl":"https:\/\/hueleaazufre.com\/wordpress_a\/wp-content\/uploads\/2024\/08\/entrevista.webp","keywords":["Historia","Palestina","resistencia","Sionismo"],"articleSection":["Medios aliados"],"inLanguage":"es","potentialAction":[{"@type":"CommentAction","name":"Comment","target":["https:\/\/hueleaazufre.com\/wordpress_a\/index.php\/2024\/08\/14\/palestina-es-maestra-de-resistencia-christian-nader\/#respond"]}]},{"@type":"WebPage","@id":"https:\/\/hueleaazufre.com\/wordpress_a\/index.php\/2024\/08\/14\/palestina-es-maestra-de-resistencia-christian-nader\/","url":"https:\/\/hueleaazufre.com\/wordpress_a\/index.php\/2024\/08\/14\/palestina-es-maestra-de-resistencia-christian-nader\/","name":"Palestina es maestra de resistencia para el mundo -","isPartOf":{"@id":"https:\/\/hueleaazufre.com\/wordpress_a\/#website"},"primaryImageOfPage":{"@id":"https:\/\/hueleaazufre.com\/wordpress_a\/index.php\/2024\/08\/14\/palestina-es-maestra-de-resistencia-christian-nader\/#primaryimage"},"image":{"@id":"https:\/\/hueleaazufre.com\/wordpress_a\/index.php\/2024\/08\/14\/palestina-es-maestra-de-resistencia-christian-nader\/#primaryimage"},"thumbnailUrl":"https:\/\/hueleaazufre.com\/wordpress_a\/wp-content\/uploads\/2024\/08\/entrevista.webp","datePublished":"2024-08-14T18:33:17+00:00","dateModified":"2024-08-14T18:33:46+00:00","author":{"@id":"https:\/\/hueleaazufre.com\/wordpress_a\/#\/schema\/person\/549dd871707ea7f9f1a686323ebe9baa"},"description":"Palestina. Sobre la construcci\u00f3n de la paz, los procesos de guerra y la creaci\u00f3n del mundo multipolar. Christian Nader","breadcrumb":{"@id":"https:\/\/hueleaazufre.com\/wordpress_a\/index.php\/2024\/08\/14\/palestina-es-maestra-de-resistencia-christian-nader\/#breadcrumb"},"inLanguage":"es","potentialAction":[{"@type":"ReadAction","target":["https:\/\/hueleaazufre.com\/wordpress_a\/index.php\/2024\/08\/14\/palestina-es-maestra-de-resistencia-christian-nader\/"]}]},{"@type":"ImageObject","inLanguage":"es","@id":"https:\/\/hueleaazufre.com\/wordpress_a\/index.php\/2024\/08\/14\/palestina-es-maestra-de-resistencia-christian-nader\/#primaryimage","url":"https:\/\/hueleaazufre.com\/wordpress_a\/wp-content\/uploads\/2024\/08\/entrevista.webp","contentUrl":"https:\/\/hueleaazufre.com\/wordpress_a\/wp-content\/uploads\/2024\/08\/entrevista.webp","width":978,"height":556,"caption":"Christian Nader. Nuestra Am\u00e9rica en Palabras"},{"@type":"BreadcrumbList","@id":"https:\/\/hueleaazufre.com\/wordpress_a\/index.php\/2024\/08\/14\/palestina-es-maestra-de-resistencia-christian-nader\/#breadcrumb","itemListElement":[{"@type":"ListItem","position":1,"name":"Portada","item":"https:\/\/hueleaazufre.com\/wordpress_a\/"},{"@type":"ListItem","position":2,"name":"Palestina es maestra de resistencia para el mundo"}]},{"@type":"WebSite","@id":"https:\/\/hueleaazufre.com\/wordpress_a\/#website","url":"https:\/\/hueleaazufre.com\/wordpress_a\/","name":"","description":"Huele a azufre es una plataforma digital de an\u00e1lisis geopol\u00edtico.","potentialAction":[{"@type":"SearchAction","target":{"@type":"EntryPoint","urlTemplate":"https:\/\/hueleaazufre.com\/wordpress_a\/?s={search_term_string}"},"query-input":{"@type":"PropertyValueSpecification","valueRequired":true,"valueName":"search_term_string"}}],"inLanguage":"es"},{"@type":"Person","@id":"https:\/\/hueleaazufre.com\/wordpress_a\/#\/schema\/person\/549dd871707ea7f9f1a686323ebe9baa","name":"Huele a azufre","image":{"@type":"ImageObject","inLanguage":"es","@id":"https:\/\/secure.gravatar.com\/avatar\/e972d5c124b9bf80eb4c9d322a90dd86a59d447f5da36700a77516f13637d44e?s=96&d=mm&r=g","url":"https:\/\/secure.gravatar.com\/avatar\/e972d5c124b9bf80eb4c9d322a90dd86a59d447f5da36700a77516f13637d44e?s=96&d=mm&r=g","contentUrl":"https:\/\/secure.gravatar.com\/avatar\/e972d5c124b9bf80eb4c9d322a90dd86a59d447f5da36700a77516f13637d44e?s=96&d=mm&r=g","caption":"Huele a azufre"},"description":"Huele a azufre es una plataforma digital de an\u00e1lisis geopol\u00edtico\u00a0 contrahegem\u00f3nico, que busca visibilizar las voces y los discursos silenciados por el poder medi\u00e1tico.","sameAs":["https:\/\/hueleaazufre.com\/wordpress_a"],"url":"https:\/\/hueleaazufre.com\/wordpress_a\/index.php\/author\/admin_tupapa\/"}]}},"_links":{"self":[{"href":"https:\/\/hueleaazufre.com\/wordpress_a\/index.php\/wp-json\/wp\/v2\/posts\/1478","targetHints":{"allow":["GET"]}}],"collection":[{"href":"https:\/\/hueleaazufre.com\/wordpress_a\/index.php\/wp-json\/wp\/v2\/posts"}],"about":[{"href":"https:\/\/hueleaazufre.com\/wordpress_a\/index.php\/wp-json\/wp\/v2\/types\/post"}],"author":[{"embeddable":true,"href":"https:\/\/hueleaazufre.com\/wordpress_a\/index.php\/wp-json\/wp\/v2\/users\/1"}],"replies":[{"embeddable":true,"href":"https:\/\/hueleaazufre.com\/wordpress_a\/index.php\/wp-json\/wp\/v2\/comments?post=1478"}],"version-history":[{"count":1,"href":"https:\/\/hueleaazufre.com\/wordpress_a\/index.php\/wp-json\/wp\/v2\/posts\/1478\/revisions"}],"predecessor-version":[{"id":1479,"href":"https:\/\/hueleaazufre.com\/wordpress_a\/index.php\/wp-json\/wp\/v2\/posts\/1478\/revisions\/1479"}],"wp:featuredmedia":[{"embeddable":true,"href":"https:\/\/hueleaazufre.com\/wordpress_a\/index.php\/wp-json\/wp\/v2\/media\/1475"}],"wp:attachment":[{"href":"https:\/\/hueleaazufre.com\/wordpress_a\/index.php\/wp-json\/wp\/v2\/media?parent=1478"}],"wp:term":[{"taxonomy":"category","embeddable":true,"href":"https:\/\/hueleaazufre.com\/wordpress_a\/index.php\/wp-json\/wp\/v2\/categories?post=1478"},{"taxonomy":"post_tag","embeddable":true,"href":"https:\/\/hueleaazufre.com\/wordpress_a\/index.php\/wp-json\/wp\/v2\/tags?post=1478"}],"curies":[{"name":"wp","href":"https:\/\/api.w.org\/{rel}","templated":true}]}}