{"id":1521,"date":"2024-09-02T05:07:39","date_gmt":"2024-09-02T05:07:39","guid":{"rendered":"https:\/\/hueleaazufre.com\/wordpress_a\/?p=1521"},"modified":"2024-09-02T05:07:39","modified_gmt":"2024-09-02T05:07:39","slug":"claudio-katz-sionismo","status":"publish","type":"post","link":"https:\/\/hueleaazufre.com\/wordpress_a\/index.php\/2024\/09\/02\/claudio-katz-sionismo\/","title":{"rendered":"Claudio Katz: \u201cEl sionismo es incompatible con el humanitarismo de la cultura jud\u00eda\u201d"},"content":{"rendered":"<p><i><span style=\"font-weight: 400;\">Alejandro Bodart, dirigente del Movimiento Socialista de los Trabajadores (MST) fue sobrese\u00eddo el 21 de agosto en la causa que le inici\u00f3 la Delegaci\u00f3n de Asociaciones Israelitas Argentinas (DAIA) por supuesto \u201cantisemitismo\u201d, por haber denunciado el genocidio perpetrado por el Estado de Israel en Palestina.<\/span><\/i><\/p>\n<p><i><span style=\"font-weight: 400;\">En defensa de Bodart dieron testimonio una veintena de referentes, entre ellos el economista e investigador Claudio Katz, con quien dialogamos. \u201cLa tramposa asociaci\u00f3n del antisemitismo con el antisionismo \u2014o con cualquier cr\u00edtica al Estado de Israel\u2014 busca criminalizar la solidaridad con el pueblo palestino. Esa confusi\u00f3n es particularmente perversa, porque olvida que las v\u00edctimas palestinas de las matanzas sionistas comparten la misma ra\u00edz sem\u00edtica de los pobladores jud\u00edos\u201d, asegur\u00f3 Katz.<\/span><\/i><\/p>\n<p><b>\u00bfC\u00f3mo fue tu participaci\u00f3n en el juicio por antisemitismo que afront\u00f3 exitosamente el dirigente socialista Alejandro Bodart?<\/b><\/p>\n<p><span style=\"font-weight: 400;\">Fue una experiencia impactante y coronada con la absoluci\u00f3n. De entrada, me sorprendi\u00f3 la querella que iniciaron las organizaciones sionistas de Argentina. Lo demandaron por las cr\u00edticas que expuso a trav\u00e9s de simples tweets contra el Estado de Israel. All\u00ed expresaba su indignaci\u00f3n por la atroz violencia que impone en la regi\u00f3n. Me pareci\u00f3 obvio que defender la causa palestina no puede ser un delito y que se estaba vulnerando el derecho de expresi\u00f3n. Como soy de origen jud\u00edo, me result\u00f3 particularmente chocante la banal y arbitraria acusaci\u00f3n de antisemitismo. Bodart, yo e incontables militantes de muchas corrientes somos antisionistas, pero no antisemitas. Son dos cosas muy distintas.<\/span><\/p>\n<p><b>\u00bfCu\u00e1l es la diferencia?<\/b><\/p>\n<p><span style=\"font-weight: 400;\">El antisemita es un racista que rechaza al jud\u00edo por su pertenencia a cierta comunidad. Es la misma conducta que tienen los que discriminan a un negro, a un \u00e1rabe, a un musulm\u00e1n o a un boliviano. Los socialistas somos internacionalistas, compartimos un ideal de igualdad y solidaridad entre los pueblos y nunca podr\u00edamos ser antisemitas, anti negros, anti \u00e1rabes o anti bolivianos. Adoptamos una posici\u00f3n pol\u00edtica antisionista, que es coherente con nuestra postura antiimperialista.<\/span><\/p>\n<p><b>Pero frecuentemente se confunden ambos planos\u2026<\/b><\/p>\n<p><span style=\"font-weight: 400;\">S\u00ed y por eso hay que diferenciarlos. El juda\u00edsmo es una religi\u00f3n, una cultura o una tradici\u00f3n de un pueblo diseminado por muchos pa\u00edses. En cambio, el sionismo es una ideolog\u00eda colonialista que justifica la expropiaci\u00f3n de los territorios palestinos, con extravagantes teor\u00edas de pertenencia de esa zona a los inmigrantes jud\u00edos. Los antisionistas nos oponemos a ese colonialismo, sin adoptar actitudes antijud\u00edas o antisemitas.<\/span><\/p>\n<p><span style=\"font-weight: 400;\">Y para ser m\u00e1s precisos te dir\u00eda que me opongo tambi\u00e9n a la pol\u00edtica del Estado de Israel, sin ser anti israel\u00ed, de la misma forma que rechazo las agresiones imperialistas de Estados Unidos sin ser antiestadounidense. La tramposa asociaci\u00f3n del antisemitismo con el antisionismo \u2014o con cualquier cr\u00edtica al Estado de Israel\u2014 busca criminalizar la solidaridad con el pueblo palestino. Esa confusi\u00f3n es particularmente perversa, porque olvida que las v\u00edctimas palestinas de las matanzas sionistas comparten la misma ra\u00edz sem\u00edtica de los pobladores jud\u00edos.<\/span><\/p>\n<p><b>Igualmente, la memoria del Holocausto recrea el temor a que se repita esa tragedia.<\/b><\/p>\n<p><span style=\"font-weight: 400;\">Es cierto, pero actualmente las comunidades jud\u00edas del mundo no afrontan ning\u00fan peligro significativo. Los sionistas resucitan el miedo al antisemitismo en numerosos pa\u00edses, para erosionar la convivencia y la mixtura de los jud\u00edos con otras colectividades. No solo propician esos antagonismos para fomentar la emigraci\u00f3n a Israel. Tambi\u00e9n generan un clima de persecuci\u00f3n interna dentro de la colectividad jud\u00eda, contra quienes rechazan esa pol\u00edtica de auto segregaci\u00f3n. La simple b\u00fasqueda de coexistencias e integraciones es mal vista por los forjadores de una identidad separada. Presentan a los cr\u00edticos de ese aislamiento como traidores, que \u201cse odian a s\u00ed mismos\u201d. De esa forma exacerban las viejas modalidades del nacionalismo reaccionario para justificar el despojo colonial en Medio Oriente, con reivindicaciones misioneras del \u201cpueblo elegido\u201d.<\/span><\/p>\n<p><b>Invierten la realidad de lo que est\u00e1 sucediendo\u2026<\/b><\/p>\n<p><span style=\"font-weight: 400;\">Exactamente. El peligro actual de Holocausto no afecta a los jud\u00edos, sino a los palestinos. Lo que est\u00e1 ocurriendo en Gaza es espeluznante. Gran parte de los 40 mil muertos son ni\u00f1os, hay dos millones de desplazados y brutalidades infinitas. Palestinos atados al frente de un cami\u00f3n como escudos humanos, centenares de asesinados por bombardeos a escuelas y hospitales, una cat\u00e1strofe humanitaria de remedios y alimentos. Los relatos de violaciones, torturas, descargas el\u00e9ctricas, perros y quemaduras en los centros de detenci\u00f3n ya no tienen calificativos.<\/span><\/p>\n<p><span style=\"font-weight: 400;\">Hay un genocidio a la vista de todo el mundo, con uso de la Inteligencia Artificial para consumar matanzas personalizadas. Recurren a los datos almacenados para seleccionar objetivos y definir el alcance de cada masacre. El contrato Lavender ha provisto los algoritmos requeridos para concretar el mismo tipo de aniquilaci\u00f3n met\u00f3dica e industrializada, que sufrieron los jud\u00edos bajo el nazismo. A su vez el castigo indiscriminado con bombardeos a la poblaci\u00f3n civil rememora lo sucedido en Vietnam del Norte en los a\u00f1os 70 o el padecimiento previo de las multitudes indefensas en Dresde o Hiroshima. Afortunadamente, muchas voces se est\u00e1n levantando contra esta terrible afrenta al g\u00e9nero humano.<\/span><\/p>\n<p><b>\u00bfPens\u00e1s que el \u00e9xito logrado en el juicio se inscribe en esas respuestas?<\/b><\/p>\n<p>&nbsp;<\/p>\n<p><span style=\"font-weight: 400;\">S\u00ed, es muy probable, porque la indignaci\u00f3n aumenta y se verifica en todas partes. Hay un rechazo semejante al que afectaba al Apartheid de Sud\u00e1frica. A diferencia de lo ocurrido en la \u00e9poca de Vietnam, los j\u00f3venes que actualmente protestan en Estados Unidos no est\u00e1n motivados por el temor de ser reclutados. Salen a la calle impactados por lo que est\u00e1 ocurriendo y en muchas universidades imponen la ruptura de los convenios con Israel. Ya sucedi\u00f3 en Brown, Dubl\u00edn, Barcelona o Granada. Son actos de solidaridad humanitaria totalmente ajenos al antisemitismo.<\/span><\/p>\n<p><span style=\"font-weight: 400;\">Esa reacci\u00f3n es un principio de Intifada global, contra la limpieza \u00e9tnica que consuman los ocupantes de las tierras palestinas. Basta observar los sucesivos mapas de Israel de 1948, 1973, 2001 y 2021 para constatar la dimensi\u00f3n de esa expansi\u00f3n colonialista, que ahora supone una nueva Nakba hacia Egipto o Sina\u00ed. Netanyahu est\u00e1 dispuesto a todo y tantea una extensi\u00f3n de la guerra a otras zonas de la regi\u00f3n. Por eso generaliza el m\u00e9todo del asesinato internacional en el L\u00edbano e Ir\u00e1n. Los propios israel\u00edes son v\u00edctimas de esa alucinante beligerancia y las protestas en el mundo contribuyen a despertarlos de su indiferencia ante la muerte.<\/span><\/p>\n<p><b>\u00bfC\u00f3mo se explica esa insensibilidad?<\/b><\/p>\n<p><span style=\"font-weight: 400;\">Porque el sionismo ha generado una deshumanizaci\u00f3n estructural de la poblaci\u00f3n israel\u00ed, que est\u00e1 sometida a un tormentoso y prolongado servicio militar. Esa conscripci\u00f3n adoctrina y disciplina a todas las generaciones a un dispositivo criminal, que a su vez alimenta la informatizada y rentable econom\u00eda b\u00e9lica del pa\u00eds.<\/span><\/p>\n<p><span style=\"font-weight: 400;\">Al cabo de varias d\u00e9cadas de militarizaci\u00f3n extrema, gran parte de la sociedad israel\u00ed ha naturalizado el crimen contra sus vecinos y ni siquiera la matanza de ni\u00f1os suscita reacciones compasivas. Se han acostumbrado a convivir con la crueldad y la validaci\u00f3n del terrorismo de Estado, que acentuaron los gobiernos derechistas de los \u00faltimos 20 a\u00f1os. Esa impiedad es reforzada por la doble vara que mantienen los grandes medios de comunicaci\u00f3n. Para ellos, la vida de un ni\u00f1o israel\u00ed tiene un valor incalculable y la supervivencia de un peque\u00f1o palestino es irrelevante.<\/span><\/p>\n<p><b>Esa atrocidad es muy impactante para nosotros en Argentina y en toda la regi\u00f3n\u2026<\/b><\/p>\n<p><span style=\"font-weight: 400;\">S\u00ed, porque el Estado de Israel es el mayor exportador per c\u00e1pita de armas del mundo y est\u00e1 muy involucrado en el submundo del espionaje y el tr\u00e1fico de pertrechos. En Colombia adiestraron paramilitares, en Chile ense\u00f1aron a disparar a los ojos de los manifestantes y en Centroam\u00e9rica comandaron las incursiones de la guerra sucia.<\/span><\/p>\n<p><span style=\"font-weight: 400;\">Como en toda Am\u00e9rica Latina tuvimos dictaduras y resistencias en los a\u00f1os 70, nos resulta insultante la presentaci\u00f3n de las organizaciones palestinas como grupos terroristas. Te dir\u00eda que esa absurda identificaci\u00f3n nos afecta m\u00e1s a los jud\u00edos, puesto que con esa mirada tambi\u00e9n los heroicos sublevados del gueto de Varsovia deber\u00edan ser calificados de terroristas. Simplemente se omite que las organizaciones palestinas cuentan con el sost\u00e9n masivo de la poblaci\u00f3n, que concurri\u00f3 varias veces a las urnas para seleccionar su liderazgo.<\/span><\/p>\n<p><b>\u00bfY cu\u00e1l ser\u00eda tu respuesta a qui\u00e9nes afirman que solo el sionismo permite defender los derechos del pueblo jud\u00edo?<\/b><\/p>\n<p><span style=\"font-weight: 400;\">Qu\u00e9 ese derecho no puede sostenerse en la opresi\u00f3n de otra colectividad. Cuando un colono confisca las parcelas de un palestino, aplasta derechos ajenos en lugar de ejercer los propios. Lo mismo vale para un soldado que responde con balas a las piedras lanzadas por los resistentes.<\/span><\/p>\n<p><span style=\"font-weight: 400;\">El sionismo se opone a las dos modalidades de una soluci\u00f3n pac\u00edfica del drama de Medio Oriente. Han pulverizado todas las posibilidades de concretar la coexistencia de dos Estados y rechazan con virulencia la mejor salida, que es un solo Estado laico, democr\u00e1tico e integrado por todos los habitantes del territorio. Desconocen que los derechos nacionales de los israel\u00edes, tienen la misma validez que los enarbolados por los palestinos y que en un solo Estado resultar\u00eda posible concretar la cohabitaci\u00f3n binacional.<\/span><\/p>\n<p><b>\u00bfEsta visi\u00f3n tiene eco dentro de la comunidad jud\u00eda de Argentina?<\/b><\/p>\n<p><span style=\"font-weight: 400;\">Es una mirada que gana adherentes especialmente en la juventud. Yo me identifico con las pancartas que dicen \u201cNo en mi nombre\u201d y con las organizaciones que adoptan la emblem\u00e1tica denominaci\u00f3n de \u201cjud\u00edos por Palestina\u201d. Ellos proclaman que la DAIA no nos representa y que las terribles masacres del sionismo son incompatibles con las ra\u00edces, las tradiciones y el humanitarismo de la cultura jud\u00eda.<\/span><\/p>\n<p><b>Autor: Indymedia Argentina<\/b><\/p>\n<p><b><i>Para leer este art\u00edculo en su fuente original: <\/i><\/b><a href=\"https:\/\/argentina.indymedia.org\/2024\/08\/29\/claudio-katz-el-sionismo-es-incompatible-con-el-humanitarismo-de-la-cultura-judia\/\"><b><i>Claudio Katz: \u00abEl sionismo es incompatible con el humanitarismo de la cultura jud\u00eda\u00bb &#8211; Indymedia Argentina Centro de Medios Independientes (( i ))<\/i><\/b><\/a><\/p>\n","protected":false},"excerpt":{"rendered":"<p>Alejandro Bodart, dirigente del Movimiento Socialista de los Trabajadores (MST) fue sobrese\u00eddo el 21 de&#8230;<\/p>\n","protected":false},"author":1,"featured_media":1522,"comment_status":"open","ping_status":"closed","sticky":false,"template":"","format":"standard","meta":{"footnotes":""},"categories":[38,70],"tags":[329,25,104,24],"class_list":["post-1521","post","type-post","status-publish","format-standard","has-post-thumbnail","hentry","category-claudio-katz","category-otras-voces","tag-holocausto","tag-israel","tag-palestina","tag-sionismo"],"yoast_head":"<!-- This site is optimized with the Yoast SEO plugin v27.5 - https:\/\/yoast.com\/product\/yoast-seo-wordpress\/ -->\n<title>Claudio Katz: \u201cEl sionismo es incompatible con el humanitarismo de la cultura jud\u00eda\u201d -<\/title>\n<meta name=\"description\" content=\"\u201cLa tramposa asociaci\u00f3n del antisemitismo con el antisionismo \u2014o con cualquier cr\u00edtica al Estado de Israel\u2014 busca criminalizar...&quot;\" \/>\n<meta name=\"robots\" content=\"index, follow, max-snippet:-1, max-image-preview:large, max-video-preview:-1\" \/>\n<link rel=\"canonical\" href=\"https:\/\/hueleaazufre.com\/wordpress_a\/index.php\/2024\/09\/02\/claudio-katz-sionismo\/\" \/>\n<meta property=\"og:locale\" content=\"es_ES\" \/>\n<meta property=\"og:type\" content=\"article\" \/>\n<meta property=\"og:title\" content=\"Claudio Katz: \u201cEl sionismo es incompatible con el humanitarismo de la cultura jud\u00eda\u201d -\" \/>\n<meta property=\"og:description\" content=\"\u201cLa tramposa asociaci\u00f3n del antisemitismo con el antisionismo \u2014o con cualquier cr\u00edtica al Estado de Israel\u2014 busca criminalizar...&quot;\" \/>\n<meta property=\"og:url\" content=\"https:\/\/hueleaazufre.com\/wordpress_a\/index.php\/2024\/09\/02\/claudio-katz-sionismo\/\" \/>\n<meta property=\"article:published_time\" content=\"2024-09-02T05:07:39+00:00\" \/>\n<meta property=\"og:image\" content=\"https:\/\/hueleaazufre.com\/wordpress_a\/wp-content\/uploads\/2024\/09\/bodart-causa-por-tweets-contra-el-sionismo.jpeg\" \/>\n\t<meta property=\"og:image:width\" content=\"1440\" \/>\n\t<meta property=\"og:image:height\" content=\"959\" \/>\n\t<meta property=\"og:image:type\" content=\"image\/jpeg\" \/>\n<meta name=\"author\" content=\"Huele a azufre\" \/>\n<meta name=\"twitter:card\" content=\"summary_large_image\" \/>\n<meta name=\"twitter:label1\" content=\"Escrito por\" \/>\n\t<meta name=\"twitter:data1\" content=\"Huele a azufre\" \/>\n\t<meta name=\"twitter:label2\" content=\"Tiempo de lectura\" \/>\n\t<meta name=\"twitter:data2\" content=\"8 minutos\" \/>\n<script type=\"application\/ld+json\" class=\"yoast-schema-graph\">{\"@context\":\"https:\\\/\\\/schema.org\",\"@graph\":[{\"@type\":\"Article\",\"@id\":\"https:\\\/\\\/hueleaazufre.com\\\/wordpress_a\\\/index.php\\\/2024\\\/09\\\/02\\\/claudio-katz-sionismo\\\/#article\",\"isPartOf\":{\"@id\":\"https:\\\/\\\/hueleaazufre.com\\\/wordpress_a\\\/index.php\\\/2024\\\/09\\\/02\\\/claudio-katz-sionismo\\\/\"},\"author\":{\"name\":\"Huele a azufre\",\"@id\":\"https:\\\/\\\/hueleaazufre.com\\\/wordpress_a\\\/#\\\/schema\\\/person\\\/549dd871707ea7f9f1a686323ebe9baa\"},\"headline\":\"Claudio Katz: \u201cEl sionismo es incompatible con el humanitarismo de la cultura jud\u00eda\u201d\",\"datePublished\":\"2024-09-02T05:07:39+00:00\",\"mainEntityOfPage\":{\"@id\":\"https:\\\/\\\/hueleaazufre.com\\\/wordpress_a\\\/index.php\\\/2024\\\/09\\\/02\\\/claudio-katz-sionismo\\\/\"},\"wordCount\":1717,\"commentCount\":0,\"image\":{\"@id\":\"https:\\\/\\\/hueleaazufre.com\\\/wordpress_a\\\/index.php\\\/2024\\\/09\\\/02\\\/claudio-katz-sionismo\\\/#primaryimage\"},\"thumbnailUrl\":\"https:\\\/\\\/hueleaazufre.com\\\/wordpress_a\\\/wp-content\\\/uploads\\\/2024\\\/09\\\/bodart-causa-por-tweets-contra-el-sionismo.webp\",\"keywords\":[\"Holocausto\",\"Israel\",\"Palestina\",\"Sionismo\"],\"articleSection\":[\"Claudio Katz\",\"Otras voces\"],\"inLanguage\":\"es\",\"potentialAction\":[{\"@type\":\"CommentAction\",\"name\":\"Comment\",\"target\":[\"https:\\\/\\\/hueleaazufre.com\\\/wordpress_a\\\/index.php\\\/2024\\\/09\\\/02\\\/claudio-katz-sionismo\\\/#respond\"]}]},{\"@type\":\"WebPage\",\"@id\":\"https:\\\/\\\/hueleaazufre.com\\\/wordpress_a\\\/index.php\\\/2024\\\/09\\\/02\\\/claudio-katz-sionismo\\\/\",\"url\":\"https:\\\/\\\/hueleaazufre.com\\\/wordpress_a\\\/index.php\\\/2024\\\/09\\\/02\\\/claudio-katz-sionismo\\\/\",\"name\":\"Claudio Katz: \u201cEl sionismo es incompatible con el humanitarismo de la cultura jud\u00eda\u201d -\",\"isPartOf\":{\"@id\":\"https:\\\/\\\/hueleaazufre.com\\\/wordpress_a\\\/#website\"},\"primaryImageOfPage\":{\"@id\":\"https:\\\/\\\/hueleaazufre.com\\\/wordpress_a\\\/index.php\\\/2024\\\/09\\\/02\\\/claudio-katz-sionismo\\\/#primaryimage\"},\"image\":{\"@id\":\"https:\\\/\\\/hueleaazufre.com\\\/wordpress_a\\\/index.php\\\/2024\\\/09\\\/02\\\/claudio-katz-sionismo\\\/#primaryimage\"},\"thumbnailUrl\":\"https:\\\/\\\/hueleaazufre.com\\\/wordpress_a\\\/wp-content\\\/uploads\\\/2024\\\/09\\\/bodart-causa-por-tweets-contra-el-sionismo.webp\",\"datePublished\":\"2024-09-02T05:07:39+00:00\",\"author\":{\"@id\":\"https:\\\/\\\/hueleaazufre.com\\\/wordpress_a\\\/#\\\/schema\\\/person\\\/549dd871707ea7f9f1a686323ebe9baa\"},\"description\":\"\u201cLa tramposa asociaci\u00f3n del antisemitismo con el antisionismo \u2014o con cualquier cr\u00edtica al Estado de Israel\u2014 busca criminalizar...\\\"\",\"breadcrumb\":{\"@id\":\"https:\\\/\\\/hueleaazufre.com\\\/wordpress_a\\\/index.php\\\/2024\\\/09\\\/02\\\/claudio-katz-sionismo\\\/#breadcrumb\"},\"inLanguage\":\"es\",\"potentialAction\":[{\"@type\":\"ReadAction\",\"target\":[\"https:\\\/\\\/hueleaazufre.com\\\/wordpress_a\\\/index.php\\\/2024\\\/09\\\/02\\\/claudio-katz-sionismo\\\/\"]}]},{\"@type\":\"ImageObject\",\"inLanguage\":\"es\",\"@id\":\"https:\\\/\\\/hueleaazufre.com\\\/wordpress_a\\\/index.php\\\/2024\\\/09\\\/02\\\/claudio-katz-sionismo\\\/#primaryimage\",\"url\":\"https:\\\/\\\/hueleaazufre.com\\\/wordpress_a\\\/wp-content\\\/uploads\\\/2024\\\/09\\\/bodart-causa-por-tweets-contra-el-sionismo.webp\",\"contentUrl\":\"https:\\\/\\\/hueleaazufre.com\\\/wordpress_a\\\/wp-content\\\/uploads\\\/2024\\\/09\\\/bodart-causa-por-tweets-contra-el-sionismo.webp\",\"width\":1440,\"height\":959,\"caption\":\"sionismo\"},{\"@type\":\"BreadcrumbList\",\"@id\":\"https:\\\/\\\/hueleaazufre.com\\\/wordpress_a\\\/index.php\\\/2024\\\/09\\\/02\\\/claudio-katz-sionismo\\\/#breadcrumb\",\"itemListElement\":[{\"@type\":\"ListItem\",\"position\":1,\"name\":\"Portada\",\"item\":\"https:\\\/\\\/hueleaazufre.com\\\/wordpress_a\\\/\"},{\"@type\":\"ListItem\",\"position\":2,\"name\":\"Claudio Katz: \u201cEl sionismo es incompatible con el humanitarismo de la cultura jud\u00eda\u201d\"}]},{\"@type\":\"WebSite\",\"@id\":\"https:\\\/\\\/hueleaazufre.com\\\/wordpress_a\\\/#website\",\"url\":\"https:\\\/\\\/hueleaazufre.com\\\/wordpress_a\\\/\",\"name\":\"\",\"description\":\"Huele a azufre es una plataforma digital de an\u00e1lisis geopol\u00edtico.\",\"potentialAction\":[{\"@type\":\"SearchAction\",\"target\":{\"@type\":\"EntryPoint\",\"urlTemplate\":\"https:\\\/\\\/hueleaazufre.com\\\/wordpress_a\\\/?s={search_term_string}\"},\"query-input\":{\"@type\":\"PropertyValueSpecification\",\"valueRequired\":true,\"valueName\":\"search_term_string\"}}],\"inLanguage\":\"es\"},{\"@type\":\"Person\",\"@id\":\"https:\\\/\\\/hueleaazufre.com\\\/wordpress_a\\\/#\\\/schema\\\/person\\\/549dd871707ea7f9f1a686323ebe9baa\",\"name\":\"Huele a azufre\",\"image\":{\"@type\":\"ImageObject\",\"inLanguage\":\"es\",\"@id\":\"https:\\\/\\\/secure.gravatar.com\\\/avatar\\\/e972d5c124b9bf80eb4c9d322a90dd86a59d447f5da36700a77516f13637d44e?s=96&d=mm&r=g\",\"url\":\"https:\\\/\\\/secure.gravatar.com\\\/avatar\\\/e972d5c124b9bf80eb4c9d322a90dd86a59d447f5da36700a77516f13637d44e?s=96&d=mm&r=g\",\"contentUrl\":\"https:\\\/\\\/secure.gravatar.com\\\/avatar\\\/e972d5c124b9bf80eb4c9d322a90dd86a59d447f5da36700a77516f13637d44e?s=96&d=mm&r=g\",\"caption\":\"Huele a azufre\"},\"description\":\"Huele a azufre es una plataforma digital de an\u00e1lisis geopol\u00edtico\u00a0 contrahegem\u00f3nico, que busca visibilizar las voces y los discursos silenciados por el poder medi\u00e1tico.\",\"sameAs\":[\"https:\\\/\\\/hueleaazufre.com\\\/wordpress_a\"],\"url\":\"https:\\\/\\\/hueleaazufre.com\\\/wordpress_a\\\/index.php\\\/author\\\/admin_tupapa\\\/\"}]}<\/script>\n<!-- \/ Yoast SEO plugin. -->","yoast_head_json":{"title":"Claudio Katz: \u201cEl sionismo es incompatible con el humanitarismo de la cultura jud\u00eda\u201d -","description":"\u201cLa tramposa asociaci\u00f3n del antisemitismo con el antisionismo \u2014o con cualquier cr\u00edtica al Estado de Israel\u2014 busca criminalizar...\"","robots":{"index":"index","follow":"follow","max-snippet":"max-snippet:-1","max-image-preview":"max-image-preview:large","max-video-preview":"max-video-preview:-1"},"canonical":"https:\/\/hueleaazufre.com\/wordpress_a\/index.php\/2024\/09\/02\/claudio-katz-sionismo\/","og_locale":"es_ES","og_type":"article","og_title":"Claudio Katz: \u201cEl sionismo es incompatible con el humanitarismo de la cultura jud\u00eda\u201d -","og_description":"\u201cLa tramposa asociaci\u00f3n del antisemitismo con el antisionismo \u2014o con cualquier cr\u00edtica al Estado de Israel\u2014 busca criminalizar...\"","og_url":"https:\/\/hueleaazufre.com\/wordpress_a\/index.php\/2024\/09\/02\/claudio-katz-sionismo\/","article_published_time":"2024-09-02T05:07:39+00:00","og_image":[{"width":1440,"height":959,"url":"https:\/\/hueleaazufre.com\/wordpress_a\/wp-content\/uploads\/2024\/09\/bodart-causa-por-tweets-contra-el-sionismo.jpeg","type":"image\/jpeg"}],"author":"Huele a azufre","twitter_card":"summary_large_image","twitter_misc":{"Escrito por":"Huele a azufre","Tiempo de lectura":"8 minutos"},"schema":{"@context":"https:\/\/schema.org","@graph":[{"@type":"Article","@id":"https:\/\/hueleaazufre.com\/wordpress_a\/index.php\/2024\/09\/02\/claudio-katz-sionismo\/#article","isPartOf":{"@id":"https:\/\/hueleaazufre.com\/wordpress_a\/index.php\/2024\/09\/02\/claudio-katz-sionismo\/"},"author":{"name":"Huele a azufre","@id":"https:\/\/hueleaazufre.com\/wordpress_a\/#\/schema\/person\/549dd871707ea7f9f1a686323ebe9baa"},"headline":"Claudio Katz: \u201cEl sionismo es incompatible con el humanitarismo de la cultura jud\u00eda\u201d","datePublished":"2024-09-02T05:07:39+00:00","mainEntityOfPage":{"@id":"https:\/\/hueleaazufre.com\/wordpress_a\/index.php\/2024\/09\/02\/claudio-katz-sionismo\/"},"wordCount":1717,"commentCount":0,"image":{"@id":"https:\/\/hueleaazufre.com\/wordpress_a\/index.php\/2024\/09\/02\/claudio-katz-sionismo\/#primaryimage"},"thumbnailUrl":"https:\/\/hueleaazufre.com\/wordpress_a\/wp-content\/uploads\/2024\/09\/bodart-causa-por-tweets-contra-el-sionismo.webp","keywords":["Holocausto","Israel","Palestina","Sionismo"],"articleSection":["Claudio Katz","Otras voces"],"inLanguage":"es","potentialAction":[{"@type":"CommentAction","name":"Comment","target":["https:\/\/hueleaazufre.com\/wordpress_a\/index.php\/2024\/09\/02\/claudio-katz-sionismo\/#respond"]}]},{"@type":"WebPage","@id":"https:\/\/hueleaazufre.com\/wordpress_a\/index.php\/2024\/09\/02\/claudio-katz-sionismo\/","url":"https:\/\/hueleaazufre.com\/wordpress_a\/index.php\/2024\/09\/02\/claudio-katz-sionismo\/","name":"Claudio Katz: \u201cEl sionismo es incompatible con el humanitarismo de la cultura jud\u00eda\u201d -","isPartOf":{"@id":"https:\/\/hueleaazufre.com\/wordpress_a\/#website"},"primaryImageOfPage":{"@id":"https:\/\/hueleaazufre.com\/wordpress_a\/index.php\/2024\/09\/02\/claudio-katz-sionismo\/#primaryimage"},"image":{"@id":"https:\/\/hueleaazufre.com\/wordpress_a\/index.php\/2024\/09\/02\/claudio-katz-sionismo\/#primaryimage"},"thumbnailUrl":"https:\/\/hueleaazufre.com\/wordpress_a\/wp-content\/uploads\/2024\/09\/bodart-causa-por-tweets-contra-el-sionismo.webp","datePublished":"2024-09-02T05:07:39+00:00","author":{"@id":"https:\/\/hueleaazufre.com\/wordpress_a\/#\/schema\/person\/549dd871707ea7f9f1a686323ebe9baa"},"description":"\u201cLa tramposa asociaci\u00f3n del antisemitismo con el antisionismo \u2014o con cualquier cr\u00edtica al Estado de Israel\u2014 busca criminalizar...\"","breadcrumb":{"@id":"https:\/\/hueleaazufre.com\/wordpress_a\/index.php\/2024\/09\/02\/claudio-katz-sionismo\/#breadcrumb"},"inLanguage":"es","potentialAction":[{"@type":"ReadAction","target":["https:\/\/hueleaazufre.com\/wordpress_a\/index.php\/2024\/09\/02\/claudio-katz-sionismo\/"]}]},{"@type":"ImageObject","inLanguage":"es","@id":"https:\/\/hueleaazufre.com\/wordpress_a\/index.php\/2024\/09\/02\/claudio-katz-sionismo\/#primaryimage","url":"https:\/\/hueleaazufre.com\/wordpress_a\/wp-content\/uploads\/2024\/09\/bodart-causa-por-tweets-contra-el-sionismo.webp","contentUrl":"https:\/\/hueleaazufre.com\/wordpress_a\/wp-content\/uploads\/2024\/09\/bodart-causa-por-tweets-contra-el-sionismo.webp","width":1440,"height":959,"caption":"sionismo"},{"@type":"BreadcrumbList","@id":"https:\/\/hueleaazufre.com\/wordpress_a\/index.php\/2024\/09\/02\/claudio-katz-sionismo\/#breadcrumb","itemListElement":[{"@type":"ListItem","position":1,"name":"Portada","item":"https:\/\/hueleaazufre.com\/wordpress_a\/"},{"@type":"ListItem","position":2,"name":"Claudio Katz: \u201cEl sionismo es incompatible con el humanitarismo de la cultura jud\u00eda\u201d"}]},{"@type":"WebSite","@id":"https:\/\/hueleaazufre.com\/wordpress_a\/#website","url":"https:\/\/hueleaazufre.com\/wordpress_a\/","name":"","description":"Huele a azufre es una plataforma digital de an\u00e1lisis geopol\u00edtico.","potentialAction":[{"@type":"SearchAction","target":{"@type":"EntryPoint","urlTemplate":"https:\/\/hueleaazufre.com\/wordpress_a\/?s={search_term_string}"},"query-input":{"@type":"PropertyValueSpecification","valueRequired":true,"valueName":"search_term_string"}}],"inLanguage":"es"},{"@type":"Person","@id":"https:\/\/hueleaazufre.com\/wordpress_a\/#\/schema\/person\/549dd871707ea7f9f1a686323ebe9baa","name":"Huele a azufre","image":{"@type":"ImageObject","inLanguage":"es","@id":"https:\/\/secure.gravatar.com\/avatar\/e972d5c124b9bf80eb4c9d322a90dd86a59d447f5da36700a77516f13637d44e?s=96&d=mm&r=g","url":"https:\/\/secure.gravatar.com\/avatar\/e972d5c124b9bf80eb4c9d322a90dd86a59d447f5da36700a77516f13637d44e?s=96&d=mm&r=g","contentUrl":"https:\/\/secure.gravatar.com\/avatar\/e972d5c124b9bf80eb4c9d322a90dd86a59d447f5da36700a77516f13637d44e?s=96&d=mm&r=g","caption":"Huele a azufre"},"description":"Huele a azufre es una plataforma digital de an\u00e1lisis geopol\u00edtico\u00a0 contrahegem\u00f3nico, que busca visibilizar las voces y los discursos silenciados por el poder medi\u00e1tico.","sameAs":["https:\/\/hueleaazufre.com\/wordpress_a"],"url":"https:\/\/hueleaazufre.com\/wordpress_a\/index.php\/author\/admin_tupapa\/"}]}},"_links":{"self":[{"href":"https:\/\/hueleaazufre.com\/wordpress_a\/index.php\/wp-json\/wp\/v2\/posts\/1521","targetHints":{"allow":["GET"]}}],"collection":[{"href":"https:\/\/hueleaazufre.com\/wordpress_a\/index.php\/wp-json\/wp\/v2\/posts"}],"about":[{"href":"https:\/\/hueleaazufre.com\/wordpress_a\/index.php\/wp-json\/wp\/v2\/types\/post"}],"author":[{"embeddable":true,"href":"https:\/\/hueleaazufre.com\/wordpress_a\/index.php\/wp-json\/wp\/v2\/users\/1"}],"replies":[{"embeddable":true,"href":"https:\/\/hueleaazufre.com\/wordpress_a\/index.php\/wp-json\/wp\/v2\/comments?post=1521"}],"version-history":[{"count":1,"href":"https:\/\/hueleaazufre.com\/wordpress_a\/index.php\/wp-json\/wp\/v2\/posts\/1521\/revisions"}],"predecessor-version":[{"id":1523,"href":"https:\/\/hueleaazufre.com\/wordpress_a\/index.php\/wp-json\/wp\/v2\/posts\/1521\/revisions\/1523"}],"wp:featuredmedia":[{"embeddable":true,"href":"https:\/\/hueleaazufre.com\/wordpress_a\/index.php\/wp-json\/wp\/v2\/media\/1522"}],"wp:attachment":[{"href":"https:\/\/hueleaazufre.com\/wordpress_a\/index.php\/wp-json\/wp\/v2\/media?parent=1521"}],"wp:term":[{"taxonomy":"category","embeddable":true,"href":"https:\/\/hueleaazufre.com\/wordpress_a\/index.php\/wp-json\/wp\/v2\/categories?post=1521"},{"taxonomy":"post_tag","embeddable":true,"href":"https:\/\/hueleaazufre.com\/wordpress_a\/index.php\/wp-json\/wp\/v2\/tags?post=1521"}],"curies":[{"name":"wp","href":"https:\/\/api.w.org\/{rel}","templated":true}]}}