{"id":1527,"date":"2024-09-02T05:25:01","date_gmt":"2024-09-02T05:25:01","guid":{"rendered":"https:\/\/hueleaazufre.com\/wordpress_a\/?p=1527"},"modified":"2024-09-02T05:25:01","modified_gmt":"2024-09-02T05:25:01","slug":"nuestro-deseo-como-humanidad-es-el-comun-mismo","status":"publish","type":"post","link":"https:\/\/hueleaazufre.com\/wordpress_a\/index.php\/2024\/09\/02\/nuestro-deseo-como-humanidad-es-el-comun-mismo\/","title":{"rendered":"Nuestro deseo como Humanidad es el \u201ccomun-mismo\u201d"},"content":{"rendered":"<p><b>El accionar de la humanidad est\u00e1 \u00edntimamente ligado a una aspiraci\u00f3n, a un deseo, a un fin a\u00fan no concretado<\/b><span style=\"font-weight: 400;\">. Este \u201cno concretado\u201d representa una producci\u00f3n teleol\u00f3gica, un objetivo construido, un \u201cposible deseable\u201d que no ha sido realizado. Desde una perspectiva filos\u00f3fica, el fundamento de toda acci\u00f3n es entonces la negaci\u00f3n de lo dado como existente hacia un no ser, o una nada, que se proyecta hacia un futuro como posible. <\/span><b>Es lo que centralmente define nuestra existencia como seres humanos y por ende, sociales.<\/b><\/p>\n<p><b>La (in)comunicaci\u00f3n a trav\u00e9s de WhatsApp<\/b><span style=\"font-weight: 400;\"> (conversaci\u00f3n), las publicaciones en Instagram donde mostramos nuestra (in)felicidad, la (des)socializaci\u00f3n en Facebook y la (des)informaci\u00f3n en Twitter, el uso extendido de plataformas como TikTok para entretenimiento, la visualizaci\u00f3n de contenido (contra)educativo y recreativo en YouTube, y <\/span><b>el uso de un conjunto inabordable de plataformas, contribuyen a la omnipresencia digital <\/b><span style=\"font-weight: 400;\">que influye en nuestras vidas diarias y conforma un encuadre que subsume nuestra atenci\u00f3n al punto de obviar esa negatividad.<\/span><\/p>\n<p><b>Para leer sobre el neofascismo en la regi\u00f3n:<\/b> <a href=\"https:\/\/hueleaazufre.com\/wordpress_a\/index.php\/2024\/08\/12\/neofascismos-en-la-region-el-territorio-virtual-como-ambito-de-construccion-de-poder\/\"><span style=\"font-weight: 400;\">Neofascismos en la regi\u00f3n: el territorio virtual como \u00e1mbito de construcci\u00f3n de poder &#8211; (hueleaazufre.com)<\/span><\/a><\/p>\n<blockquote class=\"wp-embedded-content\" data-secret=\"0KVIh6pfvo\"><p><a href=\"https:\/\/hueleaazufre.com\/wordpress_a\/index.php\/2024\/08\/12\/neofascismos-en-la-region-el-territorio-virtual-como-ambito-de-construccion-de-poder\/\">Neofascismos en la regi\u00f3n: el territorio virtual como \u00e1mbito de construcci\u00f3n de poder<\/a><\/p><\/blockquote>\n<p><iframe class=\"wp-embedded-content\" sandbox=\"allow-scripts\" security=\"restricted\" style=\"position: absolute; visibility: hidden;\" title=\"\u00abNeofascismos en la regi\u00f3n: el territorio virtual como \u00e1mbito de construcci\u00f3n de poder\u00bb \u2014 \" src=\"https:\/\/hueleaazufre.com\/wordpress_a\/index.php\/2024\/08\/12\/neofascismos-en-la-region-el-territorio-virtual-como-ambito-de-construccion-de-poder\/embed\/#?secret=v3uRES72pz#?secret=0KVIh6pfvo\" data-secret=\"0KVIh6pfvo\" width=\"600\" height=\"338\" frameborder=\"0\" marginwidth=\"0\" marginheight=\"0\" scrolling=\"no\"><\/iframe><\/p>\n<p><b>La relaci\u00f3n entre la acci\u00f3n humana y la negatividad se vuelve crucial cuando nos enfrentamos a un sistema social que aparenta poseer un control absoluto<\/b><span style=\"font-weight: 400;\">. Esta negatividad, lejos de ser una simple carencia, act\u00faa como el motor de un devenir que desaf\u00eda lo dado. <\/span><b>Sin embargo, en un contexto donde las estructuras de poder parecen omnipresentes, la negatividad no se presenta de manera obvia<\/b><span style=\"font-weight: 400;\">. Es necesario adentrarse m\u00e1s all\u00e1 de las cr\u00edticas superficiales que abordan s\u00f3lo los s\u00edntomas visibles, para identificar c\u00f3mo esta negatividad subyacente opera en la construcci\u00f3n de lo posible.<\/span><\/p>\n<p><b>Lo cotidiano, aquello que habitamos, nos brinda una comodidad aparente que neutraliza las posibilidades de la negatividad<\/b><span style=\"font-weight: 400;\"> y nos arrastra a un estado de pasividad. <\/span><b>En esta nueva fase del capital, nuestra creatividad es colonizada<\/b><span style=\"font-weight: 400;\">, nuestra imaginaci\u00f3n invadida, sumergi\u00e9ndonos en una realidad donde parece no haber escapatoria ante los hilos invisibles de explotaci\u00f3n.<\/span><\/p>\n<p><b>Para leer an\u00e1lisis sobre el foco medi\u00e1tico sobre Venezuela:<\/b> <a href=\"https:\/\/hueleaazufre.com\/wordpress_a\/index.php\/2024\/08\/19\/narrativa-mediatica-venezuela\/\"><span style=\"font-weight: 400;\">Atenci\u00f3n medi\u00e1tica en torno a Venezuela es impulsada por \u00ablas necesidades geopol\u00edticas\u00bb de EEUU &#8211; (hueleaazufre.com)<\/span><\/a><\/p>\n<blockquote class=\"wp-embedded-content\" data-secret=\"RfQ45sf3mb\"><p><a href=\"https:\/\/hueleaazufre.com\/wordpress_a\/index.php\/2024\/08\/19\/narrativa-mediatica-venezuela\/\">Atenci\u00f3n medi\u00e1tica en torno a Venezuela es impulsada por &#8220;las necesidades geopol\u00edticas&#8221; de EEUU<\/a><\/p><\/blockquote>\n<p><iframe class=\"wp-embedded-content\" sandbox=\"allow-scripts\" security=\"restricted\" style=\"position: absolute; visibility: hidden;\" title=\"\u00abAtenci\u00f3n medi\u00e1tica en torno a Venezuela es impulsada por &#8220;las necesidades geopol\u00edticas&#8221; de EEUU\u00bb \u2014 \" src=\"https:\/\/hueleaazufre.com\/wordpress_a\/index.php\/2024\/08\/19\/narrativa-mediatica-venezuela\/embed\/#?secret=4QPDAql0Cf#?secret=RfQ45sf3mb\" data-secret=\"RfQ45sf3mb\" width=\"600\" height=\"338\" frameborder=\"0\" marginwidth=\"0\" marginheight=\"0\" scrolling=\"no\"><\/iframe><\/p>\n<p><b>En sociedades complejas como las nuestras, la vida econ\u00f3mica desarrolla mediaciones no econ\u00f3micas<\/b><span style=\"font-weight: 400;\">, creando sistemas de valores que act\u00faan como alternativas de decisi\u00f3n entre lo valioso y lo no valioso. <\/span><b>Hoy en d\u00eda, estas mediaciones se originan en la virtualidad<\/b><span style=\"font-weight: 400;\">, sirviendo como esquemas reguladores que se imprimen en la praxis de los sujetos. <\/span><b>Los algoritmos de las plataformas digitales no solo reflejan nuestras preferencias, sino que tambi\u00e9n las configuran y las orientan.<\/b><\/p>\n<blockquote>\n<h2><b><i>\u201cNos convertimos en prosumidores, fusionando consumo y producci\u00f3n con nuestro trabajo. Las desgracias se naturalizan, los deseos fabricados se multiplican y nos sumergen en un estado de carencia permanente, impuls\u00e1ndonos a perseguir fines ajenos en lugar de los propios\u201d<\/i><\/b><\/h2>\n<\/blockquote>\n<p><b>Se produce as\u00ed un trastocamiento de los fundamentos de la praxis (acci\u00f3n) humana misma: el trabajo.<\/b><span style=\"font-weight: 400;\"> Teniendo en cuenta los factores simples que intervienen en su proceso, sabemos que el o la trabajadora no se limita a hacer cambiar de forma la materia (proveniente de la naturaleza) que trabaja sino que realiza en ella su fin, es decir, pone en juego su voluntad consciente supeditada a dicho fin, que se define como atenci\u00f3n. Atenci\u00f3n que debe ser concentrada con esfuerzo cuanto menos atractivo o m\u00e1s empobrecido sea el trabajo en cuesti\u00f3n.<\/span><\/p>\n<p><span style=\"font-weight: 400;\">La frase \u201cno lo saben, pero lo hacen\u201d captura perfectamente la din\u00e1mica actual. La nueva arquitectura social genera tendencias causales a trav\u00e9s de la actividad voluntaria de los individuos, y simult\u00e1neamente, produce causalidades objetivas no voluntarias que repercuten en los sujetos.<\/span><b> Estas leyes tendenciales no dependen de la voluntad individual, pero se manifiestan a trav\u00e9s de ella.<\/b><span style=\"font-weight: 400;\"> De este modo, la virtualidad no s\u00f3lo se convierte en un espacio de interacci\u00f3n, sino en un terreno donde se reproduce y perpet\u00faa la explotaci\u00f3n, disfrazada de conectividad y entretenimiento.<\/span><\/p>\n<p><b>Este sistema digital est\u00e1 configurando un GPSocial (devenir) que orienta nuestras acciones hacia la construcci\u00f3n de un mundo virtual<\/b><span style=\"font-weight: 400;\">. Nos convertimos en prosumidores, fusionando consumo y producci\u00f3n con nuestro trabajo. Las desgracias se naturalizan, los deseos fabricados se multiplican y nos sumergen en un estado de carencia permanente, impuls\u00e1ndonos a perseguir fines ajenos en lugar de los propios.<\/span><\/p>\n<p><b>En los tiempos actuales, surgen innumerables mediaciones que nos distancian de la naturaleza, hasta rozar la extinci\u00f3n de la misma en nuestra cotidianidad<\/b><span style=\"font-weight: 400;\">. La virtualidad potencia la socializaci\u00f3n de perfiles digitales, o \u201cavatares\u201d<\/span><b>(1) <\/b><span style=\"font-weight: 400;\">en su versi\u00f3n m\u00e1s novedosa, mientras suprime y distorsiona la identidad de nuestros cuerpos, ahogados por las m\u00e9tricas de aprobaci\u00f3n y castigo que las plataformas definen.<\/span><\/p>\n<p><span style=\"font-weight: 400;\">Si no estudiamos las categor\u00edas del sistema capitalista industrial-digital-virtual desde la realidad social, desde una ontolog\u00eda y desde una totalidad del ser social, con una profunda concientizaci\u00f3n de las categor\u00edas de la existencia, no escaparemos de las trampas ideol\u00f3gicas y anal\u00edticas dominantes.<\/span><\/p>\n<p><b>Debemos reflexionar sobre nuestros sufrimientos como una exterioridad que exterioriza nuestra interioridad<\/b><span style=\"font-weight: 400;\">. En otras palabras, si la exterioridad es individualidad, fragmentaci\u00f3n, odio y codicia dentro de un sistema digital virtual, esto influye en nuestras subjetividades y nos impulsa a actuar en consecuencia, de la misma forma que nuestra praxis impacta en los entramados heterog\u00e9neos de los complejos sociales.<\/span><\/p>\n<p><b>Es necesario que nuestro deseo sea el de producir humanidad, algo ut\u00f3pico y aparentemente irrealizable.<\/b><span style=\"font-weight: 400;\"> Pero, \u00bfqu\u00e9 ser\u00eda la negatividad sin un deseo magn\u00e1nimo? \u00bfSer\u00eda simplemente comodidad? Concebir este sistema capitalista-digital, con su presente tenebroso y su futuro incierto, es construir una negatividad estructural acompa\u00f1ada de un deseo compartido y poderoso. Un deseo que enfrente las adversidades de nuestra situaci\u00f3n actual, que tensione la cotidianeidad en la que estamos inmersos, para transformarla.<\/span><\/p>\n<p><b>La relaci\u00f3n con los dem\u00e1s nos lleva a reconocer los sufrimientos sociales, las miserias que habitamos, que deben convertirse en un motor que nos impulse hacia una intenci\u00f3n com\u00fan<\/b><span style=\"font-weight: 400;\">, permitiendo que nuestra acci\u00f3n se convierta en una praxis popular, tan fuerte y profunda que construya un fin transformador y humano. Esto nos obliga a tensionar con nuestro pasado, a pensar comunitariamente un futuro que a\u00fan no es, pero que sin embargo moviliza a la acci\u00f3n como finalidad. La humanidad debe hacerse ser; nuestro deseo es el \u00abcomun-mismo\u00bb.<\/span><\/p>\n<p><b><i>Nota<\/i><\/b><\/p>\n<p><b><i>[1] Tanto en ingl\u00e9s como en espa\u00f1ol, \u201cavatar\u00bb tiene, entre otros, el significado de \u2018reencarnaci\u00f3n, transformaci\u00f3n\u2019. En el marco del hinduismo u otras religiones, un avatar es la encarnaci\u00f3n terrestre de un dios. La palabra ha adquirido un nuevo significado tras empezar a usarse en internet: la imagen o personaje que un usuario o usuaria adopta para interactuar con otros en un entorno virtual, ya sea en redes sociales, plataformas de juegos o comunidades en l\u00ednea, un \u201calter ego\u201d virtual.<\/i><\/b><\/p>\n<p><b>Autor: Lucas Aguilera\/ Estrategia.la<\/b><\/p>\n<p><b><i>Para leer este art\u00edculo en su fuente original: <\/i><\/b><a href=\"https:\/\/estrategia.la\/2024\/08\/24\/nuestro-deseo-como-humanidad-es-el-comun-mismo\/\"><b><i>Nuestro deseo como Humanidad es el \u00abcomun-mismo\u00bb &#8211; CLAE (estrategia.la)<\/i><\/b><\/a><\/p>\n","protected":false},"excerpt":{"rendered":"<p>El accionar de la humanidad est\u00e1 \u00edntimamente ligado a una aspiraci\u00f3n, a un deseo, a&#8230;<\/p>\n","protected":false},"author":1,"featured_media":1528,"comment_status":"open","ping_status":"closed","sticky":false,"template":"","format":"standard","meta":{"footnotes":""},"categories":[327,70],"tags":[211,427,426],"class_list":["post-1527","post","type-post","status-publish","format-standard","has-post-thumbnail","hentry","category-lucas-aguilera","category-otras-voces","tag-comunismo","tag-extincion","tag-humanidad"],"yoast_head":"<!-- This site is optimized with the Yoast SEO plugin v27.5 - https:\/\/yoast.com\/product\/yoast-seo-wordpress\/ -->\n<title>Nuestro deseo como Humanidad es el \u201ccomun-mismo\u201d -<\/title>\n<meta name=\"description\" content=\"El accionar de la humanidad est\u00e1 \u00edntimamente ligado a una aspiraci\u00f3n, a un deseo, a un fin a\u00fan no concretado.\" \/>\n<meta name=\"robots\" content=\"index, follow, max-snippet:-1, max-image-preview:large, max-video-preview:-1\" \/>\n<link rel=\"canonical\" href=\"https:\/\/hueleaazufre.com\/wordpress_a\/index.php\/2024\/09\/02\/nuestro-deseo-como-humanidad-es-el-comun-mismo\/\" \/>\n<meta property=\"og:locale\" content=\"es_ES\" \/>\n<meta property=\"og:type\" content=\"article\" \/>\n<meta property=\"og:title\" content=\"Nuestro deseo como Humanidad es el \u201ccomun-mismo\u201d -\" \/>\n<meta property=\"og:description\" content=\"El accionar de la humanidad est\u00e1 \u00edntimamente ligado a una aspiraci\u00f3n, a un deseo, a un fin a\u00fan no concretado.\" \/>\n<meta property=\"og:url\" content=\"https:\/\/hueleaazufre.com\/wordpress_a\/index.php\/2024\/09\/02\/nuestro-deseo-como-humanidad-es-el-comun-mismo\/\" \/>\n<meta property=\"article:published_time\" content=\"2024-09-02T05:25:01+00:00\" \/>\n<meta property=\"og:image\" content=\"https:\/\/hueleaazufre.com\/wordpress_a\/wp-content\/uploads\/2024\/09\/manos.jpeg\" \/>\n\t<meta property=\"og:image:width\" content=\"929\" \/>\n\t<meta property=\"og:image:height\" content=\"609\" \/>\n\t<meta property=\"og:image:type\" content=\"image\/jpeg\" \/>\n<meta name=\"author\" content=\"Huele a azufre\" \/>\n<meta name=\"twitter:card\" content=\"summary_large_image\" \/>\n<meta name=\"twitter:label1\" content=\"Escrito por\" \/>\n\t<meta name=\"twitter:data1\" content=\"Huele a azufre\" \/>\n\t<meta name=\"twitter:label2\" content=\"Tiempo de lectura\" \/>\n\t<meta name=\"twitter:data2\" content=\"6 minutos\" \/>\n<script type=\"application\/ld+json\" class=\"yoast-schema-graph\">{\"@context\":\"https:\\\/\\\/schema.org\",\"@graph\":[{\"@type\":\"Article\",\"@id\":\"https:\\\/\\\/hueleaazufre.com\\\/wordpress_a\\\/index.php\\\/2024\\\/09\\\/02\\\/nuestro-deseo-como-humanidad-es-el-comun-mismo\\\/#article\",\"isPartOf\":{\"@id\":\"https:\\\/\\\/hueleaazufre.com\\\/wordpress_a\\\/index.php\\\/2024\\\/09\\\/02\\\/nuestro-deseo-como-humanidad-es-el-comun-mismo\\\/\"},\"author\":{\"name\":\"Huele a azufre\",\"@id\":\"https:\\\/\\\/hueleaazufre.com\\\/wordpress_a\\\/#\\\/schema\\\/person\\\/549dd871707ea7f9f1a686323ebe9baa\"},\"headline\":\"Nuestro deseo como Humanidad es el \u201ccomun-mismo\u201d\",\"datePublished\":\"2024-09-02T05:25:01+00:00\",\"mainEntityOfPage\":{\"@id\":\"https:\\\/\\\/hueleaazufre.com\\\/wordpress_a\\\/index.php\\\/2024\\\/09\\\/02\\\/nuestro-deseo-como-humanidad-es-el-comun-mismo\\\/\"},\"wordCount\":1246,\"commentCount\":0,\"image\":{\"@id\":\"https:\\\/\\\/hueleaazufre.com\\\/wordpress_a\\\/index.php\\\/2024\\\/09\\\/02\\\/nuestro-deseo-como-humanidad-es-el-comun-mismo\\\/#primaryimage\"},\"thumbnailUrl\":\"https:\\\/\\\/hueleaazufre.com\\\/wordpress_a\\\/wp-content\\\/uploads\\\/2024\\\/09\\\/manos.webp\",\"keywords\":[\"Comunismo\",\"extinci\u00f3n\",\"Humanidad\"],\"articleSection\":[\"Lucas Aguilera\",\"Otras voces\"],\"inLanguage\":\"es\",\"potentialAction\":[{\"@type\":\"CommentAction\",\"name\":\"Comment\",\"target\":[\"https:\\\/\\\/hueleaazufre.com\\\/wordpress_a\\\/index.php\\\/2024\\\/09\\\/02\\\/nuestro-deseo-como-humanidad-es-el-comun-mismo\\\/#respond\"]}]},{\"@type\":\"WebPage\",\"@id\":\"https:\\\/\\\/hueleaazufre.com\\\/wordpress_a\\\/index.php\\\/2024\\\/09\\\/02\\\/nuestro-deseo-como-humanidad-es-el-comun-mismo\\\/\",\"url\":\"https:\\\/\\\/hueleaazufre.com\\\/wordpress_a\\\/index.php\\\/2024\\\/09\\\/02\\\/nuestro-deseo-como-humanidad-es-el-comun-mismo\\\/\",\"name\":\"Nuestro deseo como Humanidad es el \u201ccomun-mismo\u201d -\",\"isPartOf\":{\"@id\":\"https:\\\/\\\/hueleaazufre.com\\\/wordpress_a\\\/#website\"},\"primaryImageOfPage\":{\"@id\":\"https:\\\/\\\/hueleaazufre.com\\\/wordpress_a\\\/index.php\\\/2024\\\/09\\\/02\\\/nuestro-deseo-como-humanidad-es-el-comun-mismo\\\/#primaryimage\"},\"image\":{\"@id\":\"https:\\\/\\\/hueleaazufre.com\\\/wordpress_a\\\/index.php\\\/2024\\\/09\\\/02\\\/nuestro-deseo-como-humanidad-es-el-comun-mismo\\\/#primaryimage\"},\"thumbnailUrl\":\"https:\\\/\\\/hueleaazufre.com\\\/wordpress_a\\\/wp-content\\\/uploads\\\/2024\\\/09\\\/manos.webp\",\"datePublished\":\"2024-09-02T05:25:01+00:00\",\"author\":{\"@id\":\"https:\\\/\\\/hueleaazufre.com\\\/wordpress_a\\\/#\\\/schema\\\/person\\\/549dd871707ea7f9f1a686323ebe9baa\"},\"description\":\"El accionar de la humanidad est\u00e1 \u00edntimamente ligado a una aspiraci\u00f3n, a un deseo, a un fin a\u00fan no concretado.\",\"breadcrumb\":{\"@id\":\"https:\\\/\\\/hueleaazufre.com\\\/wordpress_a\\\/index.php\\\/2024\\\/09\\\/02\\\/nuestro-deseo-como-humanidad-es-el-comun-mismo\\\/#breadcrumb\"},\"inLanguage\":\"es\",\"potentialAction\":[{\"@type\":\"ReadAction\",\"target\":[\"https:\\\/\\\/hueleaazufre.com\\\/wordpress_a\\\/index.php\\\/2024\\\/09\\\/02\\\/nuestro-deseo-como-humanidad-es-el-comun-mismo\\\/\"]}]},{\"@type\":\"ImageObject\",\"inLanguage\":\"es\",\"@id\":\"https:\\\/\\\/hueleaazufre.com\\\/wordpress_a\\\/index.php\\\/2024\\\/09\\\/02\\\/nuestro-deseo-como-humanidad-es-el-comun-mismo\\\/#primaryimage\",\"url\":\"https:\\\/\\\/hueleaazufre.com\\\/wordpress_a\\\/wp-content\\\/uploads\\\/2024\\\/09\\\/manos.webp\",\"contentUrl\":\"https:\\\/\\\/hueleaazufre.com\\\/wordpress_a\\\/wp-content\\\/uploads\\\/2024\\\/09\\\/manos.webp\",\"width\":929,\"height\":609},{\"@type\":\"BreadcrumbList\",\"@id\":\"https:\\\/\\\/hueleaazufre.com\\\/wordpress_a\\\/index.php\\\/2024\\\/09\\\/02\\\/nuestro-deseo-como-humanidad-es-el-comun-mismo\\\/#breadcrumb\",\"itemListElement\":[{\"@type\":\"ListItem\",\"position\":1,\"name\":\"Portada\",\"item\":\"https:\\\/\\\/hueleaazufre.com\\\/wordpress_a\\\/\"},{\"@type\":\"ListItem\",\"position\":2,\"name\":\"Nuestro deseo como Humanidad es el \u201ccomun-mismo\u201d\"}]},{\"@type\":\"WebSite\",\"@id\":\"https:\\\/\\\/hueleaazufre.com\\\/wordpress_a\\\/#website\",\"url\":\"https:\\\/\\\/hueleaazufre.com\\\/wordpress_a\\\/\",\"name\":\"\",\"description\":\"Huele a azufre es una plataforma digital de an\u00e1lisis geopol\u00edtico.\",\"potentialAction\":[{\"@type\":\"SearchAction\",\"target\":{\"@type\":\"EntryPoint\",\"urlTemplate\":\"https:\\\/\\\/hueleaazufre.com\\\/wordpress_a\\\/?s={search_term_string}\"},\"query-input\":{\"@type\":\"PropertyValueSpecification\",\"valueRequired\":true,\"valueName\":\"search_term_string\"}}],\"inLanguage\":\"es\"},{\"@type\":\"Person\",\"@id\":\"https:\\\/\\\/hueleaazufre.com\\\/wordpress_a\\\/#\\\/schema\\\/person\\\/549dd871707ea7f9f1a686323ebe9baa\",\"name\":\"Huele a azufre\",\"image\":{\"@type\":\"ImageObject\",\"inLanguage\":\"es\",\"@id\":\"https:\\\/\\\/secure.gravatar.com\\\/avatar\\\/e972d5c124b9bf80eb4c9d322a90dd86a59d447f5da36700a77516f13637d44e?s=96&d=mm&r=g\",\"url\":\"https:\\\/\\\/secure.gravatar.com\\\/avatar\\\/e972d5c124b9bf80eb4c9d322a90dd86a59d447f5da36700a77516f13637d44e?s=96&d=mm&r=g\",\"contentUrl\":\"https:\\\/\\\/secure.gravatar.com\\\/avatar\\\/e972d5c124b9bf80eb4c9d322a90dd86a59d447f5da36700a77516f13637d44e?s=96&d=mm&r=g\",\"caption\":\"Huele a azufre\"},\"description\":\"Huele a azufre es una plataforma digital de an\u00e1lisis geopol\u00edtico\u00a0 contrahegem\u00f3nico, que busca visibilizar las voces y los discursos silenciados por el poder medi\u00e1tico.\",\"sameAs\":[\"https:\\\/\\\/hueleaazufre.com\\\/wordpress_a\"],\"url\":\"https:\\\/\\\/hueleaazufre.com\\\/wordpress_a\\\/index.php\\\/author\\\/admin_tupapa\\\/\"}]}<\/script>\n<!-- \/ Yoast SEO plugin. -->","yoast_head_json":{"title":"Nuestro deseo como Humanidad es el \u201ccomun-mismo\u201d -","description":"El accionar de la humanidad est\u00e1 \u00edntimamente ligado a una aspiraci\u00f3n, a un deseo, a un fin a\u00fan no concretado.","robots":{"index":"index","follow":"follow","max-snippet":"max-snippet:-1","max-image-preview":"max-image-preview:large","max-video-preview":"max-video-preview:-1"},"canonical":"https:\/\/hueleaazufre.com\/wordpress_a\/index.php\/2024\/09\/02\/nuestro-deseo-como-humanidad-es-el-comun-mismo\/","og_locale":"es_ES","og_type":"article","og_title":"Nuestro deseo como Humanidad es el \u201ccomun-mismo\u201d -","og_description":"El accionar de la humanidad est\u00e1 \u00edntimamente ligado a una aspiraci\u00f3n, a un deseo, a un fin a\u00fan no concretado.","og_url":"https:\/\/hueleaazufre.com\/wordpress_a\/index.php\/2024\/09\/02\/nuestro-deseo-como-humanidad-es-el-comun-mismo\/","article_published_time":"2024-09-02T05:25:01+00:00","og_image":[{"width":929,"height":609,"url":"https:\/\/hueleaazufre.com\/wordpress_a\/wp-content\/uploads\/2024\/09\/manos.jpeg","type":"image\/jpeg"}],"author":"Huele a azufre","twitter_card":"summary_large_image","twitter_misc":{"Escrito por":"Huele a azufre","Tiempo de lectura":"6 minutos"},"schema":{"@context":"https:\/\/schema.org","@graph":[{"@type":"Article","@id":"https:\/\/hueleaazufre.com\/wordpress_a\/index.php\/2024\/09\/02\/nuestro-deseo-como-humanidad-es-el-comun-mismo\/#article","isPartOf":{"@id":"https:\/\/hueleaazufre.com\/wordpress_a\/index.php\/2024\/09\/02\/nuestro-deseo-como-humanidad-es-el-comun-mismo\/"},"author":{"name":"Huele a azufre","@id":"https:\/\/hueleaazufre.com\/wordpress_a\/#\/schema\/person\/549dd871707ea7f9f1a686323ebe9baa"},"headline":"Nuestro deseo como Humanidad es el \u201ccomun-mismo\u201d","datePublished":"2024-09-02T05:25:01+00:00","mainEntityOfPage":{"@id":"https:\/\/hueleaazufre.com\/wordpress_a\/index.php\/2024\/09\/02\/nuestro-deseo-como-humanidad-es-el-comun-mismo\/"},"wordCount":1246,"commentCount":0,"image":{"@id":"https:\/\/hueleaazufre.com\/wordpress_a\/index.php\/2024\/09\/02\/nuestro-deseo-como-humanidad-es-el-comun-mismo\/#primaryimage"},"thumbnailUrl":"https:\/\/hueleaazufre.com\/wordpress_a\/wp-content\/uploads\/2024\/09\/manos.webp","keywords":["Comunismo","extinci\u00f3n","Humanidad"],"articleSection":["Lucas Aguilera","Otras voces"],"inLanguage":"es","potentialAction":[{"@type":"CommentAction","name":"Comment","target":["https:\/\/hueleaazufre.com\/wordpress_a\/index.php\/2024\/09\/02\/nuestro-deseo-como-humanidad-es-el-comun-mismo\/#respond"]}]},{"@type":"WebPage","@id":"https:\/\/hueleaazufre.com\/wordpress_a\/index.php\/2024\/09\/02\/nuestro-deseo-como-humanidad-es-el-comun-mismo\/","url":"https:\/\/hueleaazufre.com\/wordpress_a\/index.php\/2024\/09\/02\/nuestro-deseo-como-humanidad-es-el-comun-mismo\/","name":"Nuestro deseo como Humanidad es el \u201ccomun-mismo\u201d -","isPartOf":{"@id":"https:\/\/hueleaazufre.com\/wordpress_a\/#website"},"primaryImageOfPage":{"@id":"https:\/\/hueleaazufre.com\/wordpress_a\/index.php\/2024\/09\/02\/nuestro-deseo-como-humanidad-es-el-comun-mismo\/#primaryimage"},"image":{"@id":"https:\/\/hueleaazufre.com\/wordpress_a\/index.php\/2024\/09\/02\/nuestro-deseo-como-humanidad-es-el-comun-mismo\/#primaryimage"},"thumbnailUrl":"https:\/\/hueleaazufre.com\/wordpress_a\/wp-content\/uploads\/2024\/09\/manos.webp","datePublished":"2024-09-02T05:25:01+00:00","author":{"@id":"https:\/\/hueleaazufre.com\/wordpress_a\/#\/schema\/person\/549dd871707ea7f9f1a686323ebe9baa"},"description":"El accionar de la humanidad est\u00e1 \u00edntimamente ligado a una aspiraci\u00f3n, a un deseo, a un fin a\u00fan no concretado.","breadcrumb":{"@id":"https:\/\/hueleaazufre.com\/wordpress_a\/index.php\/2024\/09\/02\/nuestro-deseo-como-humanidad-es-el-comun-mismo\/#breadcrumb"},"inLanguage":"es","potentialAction":[{"@type":"ReadAction","target":["https:\/\/hueleaazufre.com\/wordpress_a\/index.php\/2024\/09\/02\/nuestro-deseo-como-humanidad-es-el-comun-mismo\/"]}]},{"@type":"ImageObject","inLanguage":"es","@id":"https:\/\/hueleaazufre.com\/wordpress_a\/index.php\/2024\/09\/02\/nuestro-deseo-como-humanidad-es-el-comun-mismo\/#primaryimage","url":"https:\/\/hueleaazufre.com\/wordpress_a\/wp-content\/uploads\/2024\/09\/manos.webp","contentUrl":"https:\/\/hueleaazufre.com\/wordpress_a\/wp-content\/uploads\/2024\/09\/manos.webp","width":929,"height":609},{"@type":"BreadcrumbList","@id":"https:\/\/hueleaazufre.com\/wordpress_a\/index.php\/2024\/09\/02\/nuestro-deseo-como-humanidad-es-el-comun-mismo\/#breadcrumb","itemListElement":[{"@type":"ListItem","position":1,"name":"Portada","item":"https:\/\/hueleaazufre.com\/wordpress_a\/"},{"@type":"ListItem","position":2,"name":"Nuestro deseo como Humanidad es el \u201ccomun-mismo\u201d"}]},{"@type":"WebSite","@id":"https:\/\/hueleaazufre.com\/wordpress_a\/#website","url":"https:\/\/hueleaazufre.com\/wordpress_a\/","name":"","description":"Huele a azufre es una plataforma digital de an\u00e1lisis geopol\u00edtico.","potentialAction":[{"@type":"SearchAction","target":{"@type":"EntryPoint","urlTemplate":"https:\/\/hueleaazufre.com\/wordpress_a\/?s={search_term_string}"},"query-input":{"@type":"PropertyValueSpecification","valueRequired":true,"valueName":"search_term_string"}}],"inLanguage":"es"},{"@type":"Person","@id":"https:\/\/hueleaazufre.com\/wordpress_a\/#\/schema\/person\/549dd871707ea7f9f1a686323ebe9baa","name":"Huele a azufre","image":{"@type":"ImageObject","inLanguage":"es","@id":"https:\/\/secure.gravatar.com\/avatar\/e972d5c124b9bf80eb4c9d322a90dd86a59d447f5da36700a77516f13637d44e?s=96&d=mm&r=g","url":"https:\/\/secure.gravatar.com\/avatar\/e972d5c124b9bf80eb4c9d322a90dd86a59d447f5da36700a77516f13637d44e?s=96&d=mm&r=g","contentUrl":"https:\/\/secure.gravatar.com\/avatar\/e972d5c124b9bf80eb4c9d322a90dd86a59d447f5da36700a77516f13637d44e?s=96&d=mm&r=g","caption":"Huele a azufre"},"description":"Huele a azufre es una plataforma digital de an\u00e1lisis geopol\u00edtico\u00a0 contrahegem\u00f3nico, que busca visibilizar las voces y los discursos silenciados por el poder medi\u00e1tico.","sameAs":["https:\/\/hueleaazufre.com\/wordpress_a"],"url":"https:\/\/hueleaazufre.com\/wordpress_a\/index.php\/author\/admin_tupapa\/"}]}},"_links":{"self":[{"href":"https:\/\/hueleaazufre.com\/wordpress_a\/index.php\/wp-json\/wp\/v2\/posts\/1527","targetHints":{"allow":["GET"]}}],"collection":[{"href":"https:\/\/hueleaazufre.com\/wordpress_a\/index.php\/wp-json\/wp\/v2\/posts"}],"about":[{"href":"https:\/\/hueleaazufre.com\/wordpress_a\/index.php\/wp-json\/wp\/v2\/types\/post"}],"author":[{"embeddable":true,"href":"https:\/\/hueleaazufre.com\/wordpress_a\/index.php\/wp-json\/wp\/v2\/users\/1"}],"replies":[{"embeddable":true,"href":"https:\/\/hueleaazufre.com\/wordpress_a\/index.php\/wp-json\/wp\/v2\/comments?post=1527"}],"version-history":[{"count":1,"href":"https:\/\/hueleaazufre.com\/wordpress_a\/index.php\/wp-json\/wp\/v2\/posts\/1527\/revisions"}],"predecessor-version":[{"id":1529,"href":"https:\/\/hueleaazufre.com\/wordpress_a\/index.php\/wp-json\/wp\/v2\/posts\/1527\/revisions\/1529"}],"wp:featuredmedia":[{"embeddable":true,"href":"https:\/\/hueleaazufre.com\/wordpress_a\/index.php\/wp-json\/wp\/v2\/media\/1528"}],"wp:attachment":[{"href":"https:\/\/hueleaazufre.com\/wordpress_a\/index.php\/wp-json\/wp\/v2\/media?parent=1527"}],"wp:term":[{"taxonomy":"category","embeddable":true,"href":"https:\/\/hueleaazufre.com\/wordpress_a\/index.php\/wp-json\/wp\/v2\/categories?post=1527"},{"taxonomy":"post_tag","embeddable":true,"href":"https:\/\/hueleaazufre.com\/wordpress_a\/index.php\/wp-json\/wp\/v2\/tags?post=1527"}],"curies":[{"name":"wp","href":"https:\/\/api.w.org\/{rel}","templated":true}]}}