{"id":1530,"date":"2024-09-04T16:53:33","date_gmt":"2024-09-04T16:53:33","guid":{"rendered":"https:\/\/hueleaazufre.com\/wordpress_a\/?p=1530"},"modified":"2024-09-04T16:53:33","modified_gmt":"2024-09-04T16:53:33","slug":"tristes-quimeras","status":"publish","type":"post","link":"https:\/\/hueleaazufre.com\/wordpress_a\/index.php\/2024\/09\/04\/tristes-quimeras\/","title":{"rendered":"Tristes quimeras"},"content":{"rendered":"<p><span style=\"font-weight: 400;\">Muchos se interrogan o preguntan sobre el futuro del proceso de paz del ELN con el Gobierno nacional, de la profunda crisis en que se encuentra y de las causas que la produjeron.<\/span><\/p>\n<p><b>Podr\u00edamos decir que nos encontramos en las sin salidas a las que todos los gobiernos han conducido los procesos de paz con el ELN,<\/b><span style=\"font-weight: 400;\"> pues el deseo, la intenci\u00f3n u objetivo ha sido lograr la desmovilizaci\u00f3n, el desarme y reincorporaci\u00f3n de los alzados en armas en poco tiempo, luego de unas reuniones escurridizas donde ese es objetivo casi \u00fanico o central de los gobiernos, y por ende el Estado, a cambio de unas promesas de reformas, de ofrecimientos que el Estado se \u00abajuiciar\u00e1\u00bb en el respeto con los Derechos Humanos, etc., etc., etc.<\/span><\/p>\n<p><b>Para leer otras reflexiones del autor sobre la Paz en Colombia:<\/b> <a href=\"https:\/\/hueleaazufre.com\/wordpress_a\/index.php\/2024\/08\/27\/la-paz-embolatada\/\"><span style=\"font-weight: 400;\">La paz embolatada &#8211; (hueleaazufre.com)<\/span><\/a><\/p>\n<blockquote class=\"wp-embedded-content\" data-secret=\"fvNfd8srJb\"><p><a href=\"https:\/\/hueleaazufre.com\/wordpress_a\/index.php\/2024\/08\/27\/la-paz-embolatada\/\">La paz embolatada<\/a><\/p><\/blockquote>\n<p><iframe class=\"wp-embedded-content\" sandbox=\"allow-scripts\" security=\"restricted\" style=\"position: absolute; visibility: hidden;\" title=\"\u00abLa paz embolatada\u00bb \u2014 \" src=\"https:\/\/hueleaazufre.com\/wordpress_a\/index.php\/2024\/08\/27\/la-paz-embolatada\/embed\/#?secret=lx7Q9kFHvN#?secret=fvNfd8srJb\" data-secret=\"fvNfd8srJb\" width=\"600\" height=\"338\" frameborder=\"0\" marginwidth=\"0\" marginheight=\"0\" scrolling=\"no\"><\/iframe><\/p>\n<p><b>En el Gobierno de Santos se avanz\u00f3 un tramo, pero luego de firmar la Agenda en marzo de 2016, antes de entrar a la fase p\u00fablica, como era lo acordado, coloc\u00f3 condicionamientos<\/b><span style=\"font-weight: 400;\">, asuntos no acordados y quer\u00eda obligar al ELN a cumplirlos. Al final negociamos ciertos asuntos referidos a situaciones humanitarias y posteriormente avanzamos hasta un Cese el Fuego Bilateral y Temporal por 101 d\u00edas.<\/span><\/p>\n<p><b>A ese Gobierno no le dio el tiempo, y no pudo asegurar para que el siguiente Gobierno le diera continuidad<\/b><span style=\"font-weight: 400;\">, Duque ni siquiera quiso hacer el empalme respectivo con el gobierno saliente, pues ten\u00eda preparadas varias operaciones militares contra el Comando Central, con base en inteligencia adelantada por Santos, las Fuerzas Militares y la Polic\u00eda Nacional. <\/span><b>Al Gobierno le vendieron la idea de que el \u00abaniquilamiento del ELN\u00bb estaba a la vuelta de la esquina.<\/b><span style=\"font-weight: 400;\"> Adem\u00e1s realiz\u00f3 varias operaciones militares a las que el ELN tambi\u00e9n respondi\u00f3.<\/span><\/p>\n<p><b>Para leer art\u00edculo sobre c\u00f3mo las plataformas digitales influyen en nuestra cotidianidad:<\/b> <a href=\"https:\/\/hueleaazufre.com\/wordpress_a\/index.php\/2024\/09\/02\/nuestro-deseo-como-humanidad-es-el-comun-mismo\/\"><span style=\"font-weight: 400;\">Nuestro deseo como Humanidad es el \u201ccomun-mismo\u201d &#8211; (hueleaazufre.com)<\/span><\/a><\/p>\n<blockquote class=\"wp-embedded-content\" data-secret=\"yWN9LuRhfu\"><p><a href=\"https:\/\/hueleaazufre.com\/wordpress_a\/index.php\/2024\/09\/02\/nuestro-deseo-como-humanidad-es-el-comun-mismo\/\">Nuestro deseo como Humanidad es el \u201ccomun-mismo\u201d<\/a><\/p><\/blockquote>\n<p><iframe class=\"wp-embedded-content\" sandbox=\"allow-scripts\" security=\"restricted\" style=\"position: absolute; visibility: hidden;\" title=\"\u00abNuestro deseo como Humanidad es el \u201ccomun-mismo\u201d\u00bb \u2014 \" src=\"https:\/\/hueleaazufre.com\/wordpress_a\/index.php\/2024\/09\/02\/nuestro-deseo-como-humanidad-es-el-comun-mismo\/embed\/#?secret=JCqOAsWik7#?secret=yWN9LuRhfu\" data-secret=\"yWN9LuRhfu\" width=\"600\" height=\"338\" frameborder=\"0\" marginwidth=\"0\" marginheight=\"0\" scrolling=\"no\"><\/iframe><\/p>\n<p><b>Desde luego que recibimos golpes, pero cuando nosotros los damos, son calificados con juicios de valor.<\/b><span style=\"font-weight: 400;\"> Para el Gobierno y los militares lo que ellos hacen son \u00abexitosos bombardeos\u00bb, pero cuando los hace el ELN son \u00abmasacres\u00bb. Es elemental y de sentido com\u00fan, si yo ataco debo estar preparado para recibir golpes del mismo tipo. Hay que tener en cuenta que el ELN no realiza acciones en contra de la \u00e9tica ni que violen el DIH, como la tortura, masacres, desaparecidos y otras tantas. <\/span><b>Existe un doble rasero para calificar lo que cada parte hace contra la otra.<\/b><\/p>\n<p><b>En el ELN sabemos que hay militares y algunos oficiales que son patriotas y se resisten a actuar como lo ordenan el alto mando y la instituci\u00f3n<\/b><span style=\"font-weight: 400;\">, y nos ven tambi\u00e9n como patriotas que defendemos la soberan\u00eda del pa\u00eds y la naci\u00f3n, que no comparten como las \u00e9lites gobiernan a Colombia; muy seguramente hacia adelante nos encontraremos en un camino de construcci\u00f3n de futuro.<\/span><\/p>\n<p><span style=\"font-weight: 400;\">As\u00ed con Duque, se perdieron cuatro a\u00f1os y la oportunidad de avanzar. Lo que le vendieron a Duque result\u00f3 mentira y el ELN trascendi\u00f3 la mediocridad de su gobierno.<\/span><\/p>\n<blockquote>\n<h2><b><i>\u201cal final hubo el ofrecimiento de construir un Fondo Multidonante con apoyo de la comunidad internacional. Llegaron entonces las especulaciones, invenciones y suposiciones, la guerra medi\u00e1tica, donde se dec\u00eda que el ELN se financiar\u00eda con dineros del Estado colombiano, a lo que hemos dicho que el ELN no recibir\u00e1 un peso de su contraparte que combate, no es aceptable ni \u00e9tica ni pol\u00edticamente\u201d<\/i><\/b><\/h2>\n<\/blockquote>\n<p><b>El actual gobierno, que lleg\u00f3 luego de m\u00e1s de tres a\u00f1os de estallidos sociales, fue elegido por el apoyo de los inconformes que nunca votan<\/b><span style=\"font-weight: 400;\">, ofreci\u00f3 una posibilidad de continuar con el camino de la paz emprendido desde Santos. Se retom\u00f3 la Agenda pactada y fue mejorada sustancialmente de manera conjunta.<\/span><\/p>\n<p><b>Luego vinieron los peros, las dobles agendas, una que se maneja en la Mesa y la otra que lleva todo el c\u00e1lculo estrat\u00e9gico.<\/b><span style=\"font-weight: 400;\"> Desde luego que eso es l\u00edcito, pues ambas partes hacen c\u00e1lculo estrat\u00e9gico y sus respectivos planes; pero otra cosa es que el Gobierno quiera montar su \u00abagenda estrat\u00e9gica\u00bb en la Mesa y que el ritmo y camino del proceso est\u00e9 definido por \u00abimposiciones\u00bb, que son temas o asuntos que nunca se han pactado formalmente.<\/span><\/p>\n<p><span style=\"font-weight: 400;\">As\u00ed vimos aparecer el l\u00edmite de tiempo donde \u00abla guerrilla del ELN\u00bb llegaba hasta mayo de 2025, cuando jam\u00e1s dicho asunto se hab\u00eda acordado.<\/span><\/p>\n<p><b>La realizaci\u00f3n de acciones econ\u00f3micas, entre las que est\u00e1n las privaciones de la libertad con dicho prop\u00f3sito, jam\u00e1s fueron pactadas.<\/b><span style=\"font-weight: 400;\"> Se les dijo con toda claridad que el ELN necesitaba finanzas para mantener sus combatientes, y de llegarse a un Cese el Fuego habr\u00eda limitaciones para hacerlo sin los recursos requeridos. <\/span><b>Se argument\u00f3 y al final hubo el ofrecimiento de construir un Fondo Multidonante con apoyo de la comunidad internacional.<\/b><span style=\"font-weight: 400;\"> Llegaron entonces las especulaciones, invenciones y suposiciones, la guerra medi\u00e1tica, donde se dec\u00eda que el ELN se financiar\u00eda con dineros del Estado colombiano, a lo que hemos dicho que el ELN no recibir\u00e1 un peso de su contraparte que combate, no es aceptable ni \u00e9tica ni pol\u00edticamente, por supuesto que es el pensamiento del ELN, pues el rosario de desmovilizados terminan de empleados del gobierno y hasta \u00abemprendedores\u00bb se dicen.<\/span><\/p>\n<p><b>Se comprometieron a construir el Fondo Multidonante, que convirtieron en un simple ofrecimiento<\/b><span style=\"font-weight: 400;\">, pero el ELN s\u00ed deb\u00eda comprometerse, no pod\u00eda hacer tambi\u00e9n el ofrecimiento, que en una negociaci\u00f3n ser\u00eda l\u00edcito, siendo para ambas partes. Como el Gobierno no se mov\u00eda, hicimos el gesto unilateral de suspender por tres meses dichas retenciones econ\u00f3micas. Eso fue concreto y se cumpli\u00f3, pero la contraparte no movi\u00f3 un dedo para concretar el Fondo.<\/span><\/p>\n<p><b>Podr\u00eda seguir con el rosario de hechos que desde antes ya ven\u00edan aconteciendo, como ha sido la no retirada del ELN de la lista de los Gaos<\/b><span style=\"font-weight: 400;\">. Los gobiernos, y este no se escapa, siguen con la misma pr\u00e1ctica y visi\u00f3n, a la guerrilla hay que desmovilizarla, y entre m\u00e1s barato nos resulte mejor. L\u00f3gico, quedarse en los simples ofrecimientos de papel resulta barato.<\/span><\/p>\n<p><span style=\"font-weight: 400;\">Si estos asuntos introductorios los gobiernos no son capaces de cumplirlos, los de m\u00e1s de fondo resultar\u00e1n una triste quimera.<\/span><\/p>\n<p><b>Se trata de un proceso de paz, de una negociaci\u00f3n donde se busca terminar con el conflicto armado y las causas que lo originaron<\/b><span style=\"font-weight: 400;\"> y siguen reproduciendo, ya casi que se completa la decena de organizaciones desmovilizadas y nada que el pa\u00eds cambia. Coloquemos en esa l\u00f3gica y seguramente nos entenderemos.<\/span><\/p>\n<p><b>Ahora, \u00bfqu\u00e9 sigue? Que el gobierno cumpla lo acordado hasta este momento, eso es seriedad en cumplir lo que se firma<\/b><span style=\"font-weight: 400;\">; al menos que empiece por uno, que es el de retirar al ELN de la lista de los Gaos, eso permitir\u00eda retomar conversaciones para examinar la crisis y buscar salidas. Pero mientras se le exija solo al ELN que cumpla, no ser\u00eda equilibrado y estar\u00edamos ante un sometimiento o claudicaci\u00f3n. Y para eso no est\u00e1 el ELN.\u00a0<\/span><\/p>\n<p><span style=\"font-weight: 400;\">Lo que argumentamos no es ning\u00fan ultim\u00e1tum, pues se trata que el gobierno cumpla con lo acordado, simplemente es solicitar que la contraparte cumpla con lo que firm\u00f3 en la Mesa.<\/span><\/p>\n<p><b>Autor: Antonio Garc\u00eda<\/b><\/p>\n","protected":false},"excerpt":{"rendered":"<p>Muchos se interrogan o preguntan sobre el futuro del proceso de paz del ELN con&#8230;<\/p>\n","protected":false},"author":1,"featured_media":1531,"comment_status":"open","ping_status":"closed","sticky":false,"template":"","format":"standard","meta":{"footnotes":""},"categories":[12,70],"tags":[57,19,51,428],"class_list":["post-1530","post","type-post","status-publish","format-standard","has-post-thumbnail","hentry","category-antonio-garcia","category-otras-voces","tag-colombia","tag-eln","tag-paz","tag-procesos-de-paz"],"yoast_head":"<!-- This site is optimized with the Yoast SEO plugin v27.5 - https:\/\/yoast.com\/product\/yoast-seo-wordpress\/ -->\n<title>Tristes quimeras -<\/title>\n<meta name=\"description\" content=\"Tristes quimeras. El futuro del proceso de paz del ELN con el Gobierno nacional, de la profunda crisis en que se encuentra y de las causas que la produjeron.\" \/>\n<meta name=\"robots\" content=\"index, follow, max-snippet:-1, max-image-preview:large, max-video-preview:-1\" \/>\n<link rel=\"canonical\" href=\"https:\/\/hueleaazufre.com\/wordpress_a\/index.php\/2024\/09\/04\/tristes-quimeras\/\" \/>\n<meta property=\"og:locale\" content=\"es_ES\" \/>\n<meta property=\"og:type\" content=\"article\" \/>\n<meta property=\"og:title\" content=\"Tristes quimeras -\" \/>\n<meta property=\"og:description\" content=\"Tristes quimeras. El futuro del proceso de paz del ELN con el Gobierno nacional, de la profunda crisis en que se encuentra y de las causas que la produjeron.\" \/>\n<meta property=\"og:url\" content=\"https:\/\/hueleaazufre.com\/wordpress_a\/index.php\/2024\/09\/04\/tristes-quimeras\/\" \/>\n<meta property=\"article:published_time\" content=\"2024-09-04T16:53:33+00:00\" \/>\n<meta property=\"og:image\" content=\"https:\/\/hueleaazufre.com\/wordpress_a\/wp-content\/uploads\/2024\/09\/quimera.jpg\" \/>\n\t<meta property=\"og:image:width\" content=\"797\" \/>\n\t<meta property=\"og:image:height\" content=\"605\" \/>\n\t<meta property=\"og:image:type\" content=\"image\/jpeg\" \/>\n<meta name=\"author\" content=\"Huele a azufre\" \/>\n<meta name=\"twitter:card\" content=\"summary_large_image\" \/>\n<meta name=\"twitter:label1\" content=\"Escrito por\" \/>\n\t<meta name=\"twitter:data1\" content=\"Huele a azufre\" \/>\n\t<meta name=\"twitter:label2\" content=\"Tiempo de lectura\" \/>\n\t<meta name=\"twitter:data2\" content=\"6 minutos\" \/>\n<script type=\"application\/ld+json\" class=\"yoast-schema-graph\">{\"@context\":\"https:\\\/\\\/schema.org\",\"@graph\":[{\"@type\":\"Article\",\"@id\":\"https:\\\/\\\/hueleaazufre.com\\\/wordpress_a\\\/index.php\\\/2024\\\/09\\\/04\\\/tristes-quimeras\\\/#article\",\"isPartOf\":{\"@id\":\"https:\\\/\\\/hueleaazufre.com\\\/wordpress_a\\\/index.php\\\/2024\\\/09\\\/04\\\/tristes-quimeras\\\/\"},\"author\":{\"name\":\"Huele a azufre\",\"@id\":\"https:\\\/\\\/hueleaazufre.com\\\/wordpress_a\\\/#\\\/schema\\\/person\\\/549dd871707ea7f9f1a686323ebe9baa\"},\"headline\":\"Tristes quimeras\",\"datePublished\":\"2024-09-04T16:53:33+00:00\",\"mainEntityOfPage\":{\"@id\":\"https:\\\/\\\/hueleaazufre.com\\\/wordpress_a\\\/index.php\\\/2024\\\/09\\\/04\\\/tristes-quimeras\\\/\"},\"wordCount\":1267,\"commentCount\":0,\"image\":{\"@id\":\"https:\\\/\\\/hueleaazufre.com\\\/wordpress_a\\\/index.php\\\/2024\\\/09\\\/04\\\/tristes-quimeras\\\/#primaryimage\"},\"thumbnailUrl\":\"https:\\\/\\\/hueleaazufre.com\\\/wordpress_a\\\/wp-content\\\/uploads\\\/2024\\\/09\\\/quimera.webp\",\"keywords\":[\"Colombia\",\"ELN\",\"PAZ\",\"procesos de paz\"],\"articleSection\":[\"Antonio Garc\u00eda\u00a0\",\"Otras voces\"],\"inLanguage\":\"es\",\"potentialAction\":[{\"@type\":\"CommentAction\",\"name\":\"Comment\",\"target\":[\"https:\\\/\\\/hueleaazufre.com\\\/wordpress_a\\\/index.php\\\/2024\\\/09\\\/04\\\/tristes-quimeras\\\/#respond\"]}]},{\"@type\":\"WebPage\",\"@id\":\"https:\\\/\\\/hueleaazufre.com\\\/wordpress_a\\\/index.php\\\/2024\\\/09\\\/04\\\/tristes-quimeras\\\/\",\"url\":\"https:\\\/\\\/hueleaazufre.com\\\/wordpress_a\\\/index.php\\\/2024\\\/09\\\/04\\\/tristes-quimeras\\\/\",\"name\":\"Tristes quimeras -\",\"isPartOf\":{\"@id\":\"https:\\\/\\\/hueleaazufre.com\\\/wordpress_a\\\/#website\"},\"primaryImageOfPage\":{\"@id\":\"https:\\\/\\\/hueleaazufre.com\\\/wordpress_a\\\/index.php\\\/2024\\\/09\\\/04\\\/tristes-quimeras\\\/#primaryimage\"},\"image\":{\"@id\":\"https:\\\/\\\/hueleaazufre.com\\\/wordpress_a\\\/index.php\\\/2024\\\/09\\\/04\\\/tristes-quimeras\\\/#primaryimage\"},\"thumbnailUrl\":\"https:\\\/\\\/hueleaazufre.com\\\/wordpress_a\\\/wp-content\\\/uploads\\\/2024\\\/09\\\/quimera.webp\",\"datePublished\":\"2024-09-04T16:53:33+00:00\",\"author\":{\"@id\":\"https:\\\/\\\/hueleaazufre.com\\\/wordpress_a\\\/#\\\/schema\\\/person\\\/549dd871707ea7f9f1a686323ebe9baa\"},\"description\":\"Tristes quimeras. El futuro del proceso de paz del ELN con el Gobierno nacional, de la profunda crisis en que se encuentra y de las causas que la produjeron.\",\"breadcrumb\":{\"@id\":\"https:\\\/\\\/hueleaazufre.com\\\/wordpress_a\\\/index.php\\\/2024\\\/09\\\/04\\\/tristes-quimeras\\\/#breadcrumb\"},\"inLanguage\":\"es\",\"potentialAction\":[{\"@type\":\"ReadAction\",\"target\":[\"https:\\\/\\\/hueleaazufre.com\\\/wordpress_a\\\/index.php\\\/2024\\\/09\\\/04\\\/tristes-quimeras\\\/\"]}]},{\"@type\":\"ImageObject\",\"inLanguage\":\"es\",\"@id\":\"https:\\\/\\\/hueleaazufre.com\\\/wordpress_a\\\/index.php\\\/2024\\\/09\\\/04\\\/tristes-quimeras\\\/#primaryimage\",\"url\":\"https:\\\/\\\/hueleaazufre.com\\\/wordpress_a\\\/wp-content\\\/uploads\\\/2024\\\/09\\\/quimera.webp\",\"contentUrl\":\"https:\\\/\\\/hueleaazufre.com\\\/wordpress_a\\\/wp-content\\\/uploads\\\/2024\\\/09\\\/quimera.webp\",\"width\":797,\"height\":605,\"caption\":\"Tristes quimeras\"},{\"@type\":\"BreadcrumbList\",\"@id\":\"https:\\\/\\\/hueleaazufre.com\\\/wordpress_a\\\/index.php\\\/2024\\\/09\\\/04\\\/tristes-quimeras\\\/#breadcrumb\",\"itemListElement\":[{\"@type\":\"ListItem\",\"position\":1,\"name\":\"Portada\",\"item\":\"https:\\\/\\\/hueleaazufre.com\\\/wordpress_a\\\/\"},{\"@type\":\"ListItem\",\"position\":2,\"name\":\"Tristes quimeras\"}]},{\"@type\":\"WebSite\",\"@id\":\"https:\\\/\\\/hueleaazufre.com\\\/wordpress_a\\\/#website\",\"url\":\"https:\\\/\\\/hueleaazufre.com\\\/wordpress_a\\\/\",\"name\":\"\",\"description\":\"Huele a azufre es una plataforma digital de an\u00e1lisis geopol\u00edtico.\",\"potentialAction\":[{\"@type\":\"SearchAction\",\"target\":{\"@type\":\"EntryPoint\",\"urlTemplate\":\"https:\\\/\\\/hueleaazufre.com\\\/wordpress_a\\\/?s={search_term_string}\"},\"query-input\":{\"@type\":\"PropertyValueSpecification\",\"valueRequired\":true,\"valueName\":\"search_term_string\"}}],\"inLanguage\":\"es\"},{\"@type\":\"Person\",\"@id\":\"https:\\\/\\\/hueleaazufre.com\\\/wordpress_a\\\/#\\\/schema\\\/person\\\/549dd871707ea7f9f1a686323ebe9baa\",\"name\":\"Huele a azufre\",\"image\":{\"@type\":\"ImageObject\",\"inLanguage\":\"es\",\"@id\":\"https:\\\/\\\/secure.gravatar.com\\\/avatar\\\/e972d5c124b9bf80eb4c9d322a90dd86a59d447f5da36700a77516f13637d44e?s=96&d=mm&r=g\",\"url\":\"https:\\\/\\\/secure.gravatar.com\\\/avatar\\\/e972d5c124b9bf80eb4c9d322a90dd86a59d447f5da36700a77516f13637d44e?s=96&d=mm&r=g\",\"contentUrl\":\"https:\\\/\\\/secure.gravatar.com\\\/avatar\\\/e972d5c124b9bf80eb4c9d322a90dd86a59d447f5da36700a77516f13637d44e?s=96&d=mm&r=g\",\"caption\":\"Huele a azufre\"},\"description\":\"Huele a azufre es una plataforma digital de an\u00e1lisis geopol\u00edtico\u00a0 contrahegem\u00f3nico, que busca visibilizar las voces y los discursos silenciados por el poder medi\u00e1tico.\",\"sameAs\":[\"https:\\\/\\\/hueleaazufre.com\\\/wordpress_a\"],\"url\":\"https:\\\/\\\/hueleaazufre.com\\\/wordpress_a\\\/index.php\\\/author\\\/admin_tupapa\\\/\"}]}<\/script>\n<!-- \/ Yoast SEO plugin. -->","yoast_head_json":{"title":"Tristes quimeras -","description":"Tristes quimeras. El futuro del proceso de paz del ELN con el Gobierno nacional, de la profunda crisis en que se encuentra y de las causas que la produjeron.","robots":{"index":"index","follow":"follow","max-snippet":"max-snippet:-1","max-image-preview":"max-image-preview:large","max-video-preview":"max-video-preview:-1"},"canonical":"https:\/\/hueleaazufre.com\/wordpress_a\/index.php\/2024\/09\/04\/tristes-quimeras\/","og_locale":"es_ES","og_type":"article","og_title":"Tristes quimeras -","og_description":"Tristes quimeras. El futuro del proceso de paz del ELN con el Gobierno nacional, de la profunda crisis en que se encuentra y de las causas que la produjeron.","og_url":"https:\/\/hueleaazufre.com\/wordpress_a\/index.php\/2024\/09\/04\/tristes-quimeras\/","article_published_time":"2024-09-04T16:53:33+00:00","og_image":[{"width":797,"height":605,"url":"https:\/\/hueleaazufre.com\/wordpress_a\/wp-content\/uploads\/2024\/09\/quimera.jpg","type":"image\/jpeg"}],"author":"Huele a azufre","twitter_card":"summary_large_image","twitter_misc":{"Escrito por":"Huele a azufre","Tiempo de lectura":"6 minutos"},"schema":{"@context":"https:\/\/schema.org","@graph":[{"@type":"Article","@id":"https:\/\/hueleaazufre.com\/wordpress_a\/index.php\/2024\/09\/04\/tristes-quimeras\/#article","isPartOf":{"@id":"https:\/\/hueleaazufre.com\/wordpress_a\/index.php\/2024\/09\/04\/tristes-quimeras\/"},"author":{"name":"Huele a azufre","@id":"https:\/\/hueleaazufre.com\/wordpress_a\/#\/schema\/person\/549dd871707ea7f9f1a686323ebe9baa"},"headline":"Tristes quimeras","datePublished":"2024-09-04T16:53:33+00:00","mainEntityOfPage":{"@id":"https:\/\/hueleaazufre.com\/wordpress_a\/index.php\/2024\/09\/04\/tristes-quimeras\/"},"wordCount":1267,"commentCount":0,"image":{"@id":"https:\/\/hueleaazufre.com\/wordpress_a\/index.php\/2024\/09\/04\/tristes-quimeras\/#primaryimage"},"thumbnailUrl":"https:\/\/hueleaazufre.com\/wordpress_a\/wp-content\/uploads\/2024\/09\/quimera.webp","keywords":["Colombia","ELN","PAZ","procesos de paz"],"articleSection":["Antonio Garc\u00eda\u00a0","Otras voces"],"inLanguage":"es","potentialAction":[{"@type":"CommentAction","name":"Comment","target":["https:\/\/hueleaazufre.com\/wordpress_a\/index.php\/2024\/09\/04\/tristes-quimeras\/#respond"]}]},{"@type":"WebPage","@id":"https:\/\/hueleaazufre.com\/wordpress_a\/index.php\/2024\/09\/04\/tristes-quimeras\/","url":"https:\/\/hueleaazufre.com\/wordpress_a\/index.php\/2024\/09\/04\/tristes-quimeras\/","name":"Tristes quimeras -","isPartOf":{"@id":"https:\/\/hueleaazufre.com\/wordpress_a\/#website"},"primaryImageOfPage":{"@id":"https:\/\/hueleaazufre.com\/wordpress_a\/index.php\/2024\/09\/04\/tristes-quimeras\/#primaryimage"},"image":{"@id":"https:\/\/hueleaazufre.com\/wordpress_a\/index.php\/2024\/09\/04\/tristes-quimeras\/#primaryimage"},"thumbnailUrl":"https:\/\/hueleaazufre.com\/wordpress_a\/wp-content\/uploads\/2024\/09\/quimera.webp","datePublished":"2024-09-04T16:53:33+00:00","author":{"@id":"https:\/\/hueleaazufre.com\/wordpress_a\/#\/schema\/person\/549dd871707ea7f9f1a686323ebe9baa"},"description":"Tristes quimeras. El futuro del proceso de paz del ELN con el Gobierno nacional, de la profunda crisis en que se encuentra y de las causas que la produjeron.","breadcrumb":{"@id":"https:\/\/hueleaazufre.com\/wordpress_a\/index.php\/2024\/09\/04\/tristes-quimeras\/#breadcrumb"},"inLanguage":"es","potentialAction":[{"@type":"ReadAction","target":["https:\/\/hueleaazufre.com\/wordpress_a\/index.php\/2024\/09\/04\/tristes-quimeras\/"]}]},{"@type":"ImageObject","inLanguage":"es","@id":"https:\/\/hueleaazufre.com\/wordpress_a\/index.php\/2024\/09\/04\/tristes-quimeras\/#primaryimage","url":"https:\/\/hueleaazufre.com\/wordpress_a\/wp-content\/uploads\/2024\/09\/quimera.webp","contentUrl":"https:\/\/hueleaazufre.com\/wordpress_a\/wp-content\/uploads\/2024\/09\/quimera.webp","width":797,"height":605,"caption":"Tristes quimeras"},{"@type":"BreadcrumbList","@id":"https:\/\/hueleaazufre.com\/wordpress_a\/index.php\/2024\/09\/04\/tristes-quimeras\/#breadcrumb","itemListElement":[{"@type":"ListItem","position":1,"name":"Portada","item":"https:\/\/hueleaazufre.com\/wordpress_a\/"},{"@type":"ListItem","position":2,"name":"Tristes quimeras"}]},{"@type":"WebSite","@id":"https:\/\/hueleaazufre.com\/wordpress_a\/#website","url":"https:\/\/hueleaazufre.com\/wordpress_a\/","name":"","description":"Huele a azufre es una plataforma digital de an\u00e1lisis geopol\u00edtico.","potentialAction":[{"@type":"SearchAction","target":{"@type":"EntryPoint","urlTemplate":"https:\/\/hueleaazufre.com\/wordpress_a\/?s={search_term_string}"},"query-input":{"@type":"PropertyValueSpecification","valueRequired":true,"valueName":"search_term_string"}}],"inLanguage":"es"},{"@type":"Person","@id":"https:\/\/hueleaazufre.com\/wordpress_a\/#\/schema\/person\/549dd871707ea7f9f1a686323ebe9baa","name":"Huele a azufre","image":{"@type":"ImageObject","inLanguage":"es","@id":"https:\/\/secure.gravatar.com\/avatar\/e972d5c124b9bf80eb4c9d322a90dd86a59d447f5da36700a77516f13637d44e?s=96&d=mm&r=g","url":"https:\/\/secure.gravatar.com\/avatar\/e972d5c124b9bf80eb4c9d322a90dd86a59d447f5da36700a77516f13637d44e?s=96&d=mm&r=g","contentUrl":"https:\/\/secure.gravatar.com\/avatar\/e972d5c124b9bf80eb4c9d322a90dd86a59d447f5da36700a77516f13637d44e?s=96&d=mm&r=g","caption":"Huele a azufre"},"description":"Huele a azufre es una plataforma digital de an\u00e1lisis geopol\u00edtico\u00a0 contrahegem\u00f3nico, que busca visibilizar las voces y los discursos silenciados por el poder medi\u00e1tico.","sameAs":["https:\/\/hueleaazufre.com\/wordpress_a"],"url":"https:\/\/hueleaazufre.com\/wordpress_a\/index.php\/author\/admin_tupapa\/"}]}},"_links":{"self":[{"href":"https:\/\/hueleaazufre.com\/wordpress_a\/index.php\/wp-json\/wp\/v2\/posts\/1530","targetHints":{"allow":["GET"]}}],"collection":[{"href":"https:\/\/hueleaazufre.com\/wordpress_a\/index.php\/wp-json\/wp\/v2\/posts"}],"about":[{"href":"https:\/\/hueleaazufre.com\/wordpress_a\/index.php\/wp-json\/wp\/v2\/types\/post"}],"author":[{"embeddable":true,"href":"https:\/\/hueleaazufre.com\/wordpress_a\/index.php\/wp-json\/wp\/v2\/users\/1"}],"replies":[{"embeddable":true,"href":"https:\/\/hueleaazufre.com\/wordpress_a\/index.php\/wp-json\/wp\/v2\/comments?post=1530"}],"version-history":[{"count":1,"href":"https:\/\/hueleaazufre.com\/wordpress_a\/index.php\/wp-json\/wp\/v2\/posts\/1530\/revisions"}],"predecessor-version":[{"id":1532,"href":"https:\/\/hueleaazufre.com\/wordpress_a\/index.php\/wp-json\/wp\/v2\/posts\/1530\/revisions\/1532"}],"wp:featuredmedia":[{"embeddable":true,"href":"https:\/\/hueleaazufre.com\/wordpress_a\/index.php\/wp-json\/wp\/v2\/media\/1531"}],"wp:attachment":[{"href":"https:\/\/hueleaazufre.com\/wordpress_a\/index.php\/wp-json\/wp\/v2\/media?parent=1530"}],"wp:term":[{"taxonomy":"category","embeddable":true,"href":"https:\/\/hueleaazufre.com\/wordpress_a\/index.php\/wp-json\/wp\/v2\/categories?post=1530"},{"taxonomy":"post_tag","embeddable":true,"href":"https:\/\/hueleaazufre.com\/wordpress_a\/index.php\/wp-json\/wp\/v2\/tags?post=1530"}],"curies":[{"name":"wp","href":"https:\/\/api.w.org\/{rel}","templated":true}]}}