{"id":1589,"date":"2024-09-18T18:24:29","date_gmt":"2024-09-18T18:24:29","guid":{"rendered":"https:\/\/hueleaazufre.com\/wordpress_a\/?p=1589"},"modified":"2024-09-18T18:24:29","modified_gmt":"2024-09-18T18:24:29","slug":"el-fascismo-que-podria-venir","status":"publish","type":"post","link":"https:\/\/hueleaazufre.com\/wordpress_a\/index.php\/2024\/09\/18\/el-fascismo-que-podria-venir\/","title":{"rendered":"El fascismo que podr\u00eda venir"},"content":{"rendered":"<p><span style=\"font-weight: 400;\">Durante su intervenci\u00f3n en el Congreso Mundial Antifascista, Delcy Rodr\u00edguez se\u00f1al\u00f3 que recientemente en Am\u00e9rica han aparecido 17 y en Europa 21 movimientos fascistas o protofascistas. Nada extra\u00f1o: el fascismo surge de las crisis capitalistas, y las agrava.\u00a0<\/span><\/p>\n<p><b>Con Franz von Neumann, pensamos que el fascismo es el capital actuando en la m\u00e1s absoluta complicidad con el Estado<\/b><span style=\"font-weight: 400;\">. Recordemos la denuncia de Foxham seg\u00fan la cual s\u00f3lo un 1 % de la poblaci\u00f3n posee casi el 50 % de la propiedad global, y s\u00f3lo un 10 % acapara m\u00e1s del 80 % de toda la propiedad del planeta. Las crisis econ\u00f3micas de 2008 y\u00a0 de 2019, esta \u00faltima camuflada por las extremas medidas contra la pandemia, aceleraron exponencialmente esta hiperconcentraci\u00f3n.<\/span><\/p>\n<p><b>Para leer sobre la necesidad de imponer l\u00edmites que frenen al fascismo digital:<\/b> <a href=\"https:\/\/hueleaazufre.com\/wordpress_a\/index.php\/2024\/09\/16\/la-urgencia-de-reglas-y-limites-para-frenar-y-derrotar-al-fascismo-digital-exclusivo\/\"><span style=\"font-weight: 400;\">La urgencia de reglas y l\u00edmites para frenar y derrotar al fascismo digital EXCLUSIVO &#8211; (hueleaazufre.com)<\/span><\/a><\/p>\n<blockquote class=\"wp-embedded-content\" data-secret=\"SxkubBg0E5\"><p><a href=\"https:\/\/hueleaazufre.com\/wordpress_a\/index.php\/2024\/09\/16\/la-urgencia-de-reglas-y-limites-para-frenar-y-derrotar-al-fascismo-digital-exclusivo\/\">La urgencia de reglas y l\u00edmites para frenar y derrotar al fascismo digital EXCLUSIVO<\/a><\/p><\/blockquote>\n<p><iframe class=\"wp-embedded-content\" sandbox=\"allow-scripts\" security=\"restricted\" style=\"position: absolute; visibility: hidden;\" title=\"\u00abLa urgencia de reglas y l\u00edmites para frenar y derrotar al fascismo digital EXCLUSIVO\u00bb \u2014 \" src=\"https:\/\/hueleaazufre.com\/wordpress_a\/index.php\/2024\/09\/16\/la-urgencia-de-reglas-y-limites-para-frenar-y-derrotar-al-fascismo-digital-exclusivo\/embed\/#?secret=sdQaBoWZsY#?secret=SxkubBg0E5\" data-secret=\"SxkubBg0E5\" width=\"600\" height=\"338\" frameborder=\"0\" marginwidth=\"0\" marginheight=\"0\" scrolling=\"no\"><\/iframe><\/p>\n<p><b>El fascismo no es m\u00e1s que uno de los disfraces del capital<\/b><span style=\"font-weight: 400;\"> ante las situaciones socioecon\u00f3micas dif\u00edciles que podr\u00edan posibilitar la Revoluci\u00f3n. Mientras \u00e9sta no triunfe, seguir\u00e1 el capital reconcentr\u00e1ndose, hasta que una docena de mega-empresas acaparen la casi totalidad de la propiedad mundial.\u00a0<\/span><\/p>\n<p><b>Hoy en d\u00eda vemos una cuasi acumulaci\u00f3n tit\u00e1nica del poder econ\u00f3mico privado tanto entre los bloques del mundo unipolar como en los del multipola<\/b><span style=\"font-weight: 400;\">r: el Mercosur,\u00a0 el BRICS, el ASEAN, los No Alineados. En la medida en que el capitalismo avance en la tarea de eliminar a sus adversarios, bajo las m\u00e1s diversas m\u00e1scaras y disfraces tendremos un cada vez m\u00e1s unitario bloque fascista de hiperconcentraci\u00f3n pol\u00edtica y econ\u00f3mica golpeando con todas las t\u00e1cticas y estrategias imaginables a la humanidad.\u00a0<\/span><\/p>\n<p><b>Para leer sobre relaciones que se dan el neoliberalismo, el capitalismo de vigilancia y las distintas corrientes fascistas del mundo<\/b><span style=\"font-weight: 400;\">:<\/span> <a href=\"https:\/\/hueleaazufre.com\/wordpress_a\/index.php\/2024\/09\/09\/relacion-entre-neoliberalismo-capitalismo-de-vigilancia\/\"><span style=\"font-weight: 400;\">Relaci\u00f3n entre neoliberalismo, capitalismo de vigilancia, fascismo, neofascismo, posfascismo y ciberfascismo EXCLUSIVO &#8211; (hueleaazufre.com)<\/span><\/a><\/p>\n<blockquote class=\"wp-embedded-content\" data-secret=\"VTZqeLnig8\"><p><a href=\"https:\/\/hueleaazufre.com\/wordpress_a\/index.php\/2024\/09\/09\/relacion-entre-neoliberalismo-capitalismo-de-vigilancia\/\">Relaci\u00f3n entre neoliberalismo, capitalismo de vigilancia, fascismo, neofascismo, posfascismo y ciberfascismo EXCLUSIVO<\/a><\/p><\/blockquote>\n<p><iframe class=\"wp-embedded-content\" sandbox=\"allow-scripts\" security=\"restricted\" style=\"position: absolute; visibility: hidden;\" title=\"\u00abRelaci\u00f3n entre neoliberalismo, capitalismo de vigilancia, fascismo, neofascismo, posfascismo y ciberfascismo EXCLUSIVO\u00bb \u2014 \" src=\"https:\/\/hueleaazufre.com\/wordpress_a\/index.php\/2024\/09\/09\/relacion-entre-neoliberalismo-capitalismo-de-vigilancia\/embed\/#?secret=Bb3g0lxwkg#?secret=VTZqeLnig8\" data-secret=\"VTZqeLnig8\" width=\"600\" height=\"338\" frameborder=\"0\" marginwidth=\"0\" marginheight=\"0\" scrolling=\"no\"><\/iframe><\/p>\n<blockquote>\n<h2><b><i>\u201cSeg\u00fan la Agencia Internacional de Energ\u00eda, British Petroleum, la OPEP y otros organismos competentes en la materia, las reservas de hidrocarburos al ritmo de consumo actual podr\u00edan durar s\u00f3lo cuatro o cinco d\u00e9cadas m\u00e1s. El combustible f\u00f3sil suple m\u00e1s del 80 % del consumo energ\u00e9tico global\u201d<\/i><\/b><\/h2>\n<\/blockquote>\n<p><b>El fascismo es o intenta ser imperialista<\/b><span style=\"font-weight: 400;\">. Desde los comienzos de la \u00c9poca Moderna este monstruo ha sobrevivido mediante el control planetario de los recursos naturales y humanos que posibilitan el modo de producci\u00f3n industrial. Pero el informe sobre los L\u00edmites del Desarrollo del Club de Roma ya en 1972 advirti\u00f3 que los recursos naturales son limitados, y que <\/span><b>no es posible una expansi\u00f3n industrial y demogr\u00e1fica infinitas en un planeta con recursos finitos.<\/b><span style=\"font-weight: 400;\">\u00a0\u00a0<\/span><\/p>\n<p><b>En el \u00faltimo siglo la rebati\u00f1a se concentra sobre la energ\u00eda f\u00f3sil.<\/b><span style=\"font-weight: 400;\"> Seg\u00fan la Agencia Internacional de Energ\u00eda, <\/span><i><span style=\"font-weight: 400;\">British Petroleum<\/span><\/i><span style=\"font-weight: 400;\">, la OPEP y otros organismos competentes en la materia, las reservas de hidrocarburos al ritmo de consumo actual podr\u00edan durar s\u00f3lo cuatro o cinco d\u00e9cadas m\u00e1s. El combustible f\u00f3sil suple m\u00e1s del 80 % del consumo energ\u00e9tico global: su control es la clave del dominio planetario durante el venidero medio siglo.\u00a0<\/span><\/p>\n<p><b>Hist\u00f3ricamente, los movimientos fascistas o protofascistas han adoptado una ideolog\u00eda elitista, racista y xen\u00f3foba<\/b><span style=\"font-weight: 400;\">: la propia clase, \u201craza\u201d, naci\u00f3n, religi\u00f3n o cultura han sido elegidas por Dios, la selecci\u00f3n natural o la competencia econ\u00f3mica para dominar, explotar y exterminar a las restantes. La misma ciencia que permiti\u00f3 el desarrollo industrial avanzado proporciona ahora los medios para fabricar elites objetivamente superiores.\u00a0<\/span><\/p>\n<blockquote>\n<h2><b><i>\u201cEl capitalismo y el fascismo avanzan un paso m\u00e1s, al empujar a la\u00a0 fuerza de trabajo por debajo del l\u00edmite de la subsistencia. Ejemplo de ello, los campos de trabajo forzado en los cuales Albert Speer intern\u00f3 a tres millones de trabajadores para prolongar el esfuerzo armamentista del Tercer Reich\u201d<\/i><\/b><\/h2>\n<\/blockquote>\n<p><span style=\"font-weight: 400;\">As\u00ed, las t\u00e9cnicas de edici\u00f3n de genes facultan a quienes puedan costearlas para predeterminar el grado de salud, longevidad, inmunidad contra infecciones y quiz\u00e1 hasta la inteligencia potencial de sus descendencias. <\/span><b>A la oligarqu\u00eda del capital o de la formaci\u00f3n acad\u00e9mica se podr\u00eda superponer una oligarqu\u00eda eugen\u00e9sica<\/b><span style=\"font-weight: 400;\"> que, como las anteriores, utilizar\u00eda sus capacidades para explotar y exterminar a quienes no formen parte de ella.\u00a0<\/span><\/p>\n<p><b>Pues al igual que el esclavismo, el feudalismo y el capitalismo, el fascismo se alimenta del saqueo de la naturaleza y de la fuerza de trabajo<\/b><span style=\"font-weight: 400;\">. O quiz\u00e1 los sobrepasa. Esclavo es quien no obtiene excedente econ\u00f3mico, porque su remuneraci\u00f3n se limita al m\u00ednimo que garantiza la subsistencia. La negaci\u00f3n del\u00a0 excedente lleva consigo todas las dem\u00e1s.<\/span><\/p>\n<p><b>El capitalismo y el fascismo avanzan un paso m\u00e1s, al empujar a la\u00a0 fuerza de trabajo por debajo del l\u00edmite de la subsistencia<\/b><span style=\"font-weight: 400;\">. Ejemplo de ello, los campos de trabajo forzado en los cuales Albert Speer intern\u00f3 a tres millones de trabajadores para prolongar el esfuerzo armamentista del Tercer Reich, los regidos por otros imperialistas en su fase colonialista.\u00a0<\/span><\/p>\n<p><b>Quiz\u00e1 es esclava la inmensa mayor\u00eda de la humanidad cuyos salarios no igualan o apenas cubren el costo de la canasta b\u00e1sica<\/b><span style=\"font-weight: 400;\">. Con mayor raz\u00f3n, la condenada a tal situaci\u00f3n por deudas contra\u00eddas, no por ellos ni sus padres, sino por sus Estados, deudas que en conjunto suman actualmente el 333 % del Producto Interno Global Anual.<\/span><\/p>\n<p><b>Por debajo de la subsistencia o del hambre no hay derechos culturales, sociales ni pol\u00edticos<\/b><span style=\"font-weight: 400;\">. Ni los deseos ni la opini\u00f3n ni el voto del pobre son considerados leg\u00edtimos por los poseedores, quienes s\u00f3lo tienen para los explotados un destino: el exterminio.\u00a0<\/span><\/p>\n<p><b>Pues se estima que la Inteligencia Artificial est\u00e1 por desplazar m\u00e1s del 40 % de los puestos de trabajo humanos<\/b><span style=\"font-weight: 400;\">. Ello convierte a una considerable masa, asimismo privada de propiedad, en in\u00fatil para la acumulaci\u00f3n de dividendos, objetivo final del capitalismo y del fascismo.\u00a0<\/span><\/p>\n<p><b>Bajo la l\u00f3gica contable, unos 4.000.000.000 de personas resultar\u00edan sobrantes en el reparto de la energ\u00eda<\/b><span style=\"font-weight: 400;\">, los alimentos y los recursos naturales bajo la dictadura del inter\u00e9s capitalista. Situaci\u00f3n para la cual siempre Capitalismo y Fascismo tienen pronta una Soluci\u00f3n Final.\u00a0<\/span><\/p>\n<p><b>Imposible parecer\u00eda que se perpetrara semejante c\u00famulo de horrores<\/b><span style=\"font-weight: 400;\">. Sin embargo, tanto el capitalismo como su etapa superior, el fascismo, llevan tiempo ejecut\u00e1ndolos, bajo los m\u00e1s diversos disfraces: colonialismo \u201ccivilizador\u201d, inversiones \u201cmodernizadoras\u201d, privatizaciones \u201cproductivas\u201d, entrega de recursos naturales a transnacionales\u00a0 \u201cdesarrollistas\u201d, sistemas fiscales que exoneran de impuestos al capital y los gravan sobre el trabajador, abolici\u00f3n de todas las conquistas laborales, sociales y sindicales por reg\u00edmenes \u201cespeciales\u201d.\u00a0<\/span><\/p>\n<p><b>Todo se ha hecho, se hace y se har\u00e1 en nombre de los m\u00e1s nobles y atractivos pretextos: libertad, progreso, democracia<\/b><span style=\"font-weight: 400;\">. El sistema comunicacional capitalista y fascista presenta sistem\u00e1ticamente cada cosa como su contrario: monopolio como prosperidad, ego\u00edsmo como solidaridad, desprotecci\u00f3n como oportunidad, miseria como abundancia, saqueo como progreso. Mecanismos de espionaje cibern\u00e9tico detectan, incrementan y anulan la disidencia. La falsificaci\u00f3n medi\u00e1tica de la realidad presentar\u00eda como redenci\u00f3n el exterminio.\u00a0<\/span><\/p>\n<p><b>El fascismo que describo podr\u00eda venir, pero s\u00f3lo si lo consentimos.<\/b><span style=\"font-weight: 400;\"> No m\u00e1s de una d\u00e9cima parte de la humanidad mueve su espantable maquinaria. Los p\u00e1rrafos anteriores no describen una pesadilla, sino una alerta. Arrancar la m\u00e1scara al fascismo es arrebatarle su\u00a0 fuerza.<\/span><\/p>\n<p><b>Autor: Luis Britto Garc\u00eda. <\/b><a href=\"https:\/\/luisbrittogarcia.blogspot.com\/\"><b>luisbrittogarcia<\/b><\/a><\/p>\n","protected":false},"excerpt":{"rendered":"<p>Durante su intervenci\u00f3n en el Congreso Mundial Antifascista, Delcy Rodr\u00edguez se\u00f1al\u00f3 que recientemente en Am\u00e9rica&#8230;<\/p>\n","protected":false},"author":1,"featured_media":1590,"comment_status":"open","ping_status":"closed","sticky":false,"template":"","format":"standard","meta":{"footnotes":""},"categories":[70],"tags":[174,294,372,453],"class_list":["post-1589","post","type-post","status-publish","format-standard","has-post-thumbnail","hentry","category-otras-voces","tag-capitalismo","tag-congreso","tag-fascismo","tag-ia"],"yoast_head":"<!-- This site is optimized with the Yoast SEO plugin v27.5 - https:\/\/yoast.com\/product\/yoast-seo-wordpress\/ -->\n<title>El fascismo que podr\u00eda venir -<\/title>\n<meta name=\"description\" content=\"Durante su intervenci\u00f3n en el Congreso Mundial Antifascista, Delcy Rodr\u00edguez se\u00f1al\u00f3 que recientemente en Am\u00e9rica han aparecido 17 y en Europa 21 movimientos fascistas\" \/>\n<meta name=\"robots\" content=\"index, follow, max-snippet:-1, max-image-preview:large, max-video-preview:-1\" \/>\n<link rel=\"canonical\" href=\"https:\/\/hueleaazufre.com\/wordpress_a\/index.php\/2024\/09\/18\/el-fascismo-que-podria-venir\/\" \/>\n<meta property=\"og:locale\" content=\"es_ES\" \/>\n<meta property=\"og:type\" content=\"article\" \/>\n<meta property=\"og:title\" content=\"El fascismo que podr\u00eda venir -\" \/>\n<meta property=\"og:description\" content=\"Durante su intervenci\u00f3n en el Congreso Mundial Antifascista, Delcy Rodr\u00edguez se\u00f1al\u00f3 que recientemente en Am\u00e9rica han aparecido 17 y en Europa 21 movimientos fascistas\" \/>\n<meta property=\"og:url\" content=\"https:\/\/hueleaazufre.com\/wordpress_a\/index.php\/2024\/09\/18\/el-fascismo-que-podria-venir\/\" \/>\n<meta property=\"article:published_time\" content=\"2024-09-18T18:24:29+00:00\" \/>\n<meta property=\"og:image\" content=\"https:\/\/hueleaazufre.com\/wordpress_a\/wp-content\/uploads\/2024\/09\/genera-una-imag-981f2906-d654-4f7c-b0cb-b37bc748b3c8.png\" \/>\n\t<meta property=\"og:image:width\" content=\"1024\" \/>\n\t<meta property=\"og:image:height\" content=\"1024\" \/>\n\t<meta property=\"og:image:type\" content=\"image\/png\" \/>\n<meta name=\"author\" content=\"Huele a azufre\" \/>\n<meta name=\"twitter:card\" content=\"summary_large_image\" \/>\n<meta name=\"twitter:label1\" content=\"Escrito por\" \/>\n\t<meta name=\"twitter:data1\" content=\"Huele a azufre\" \/>\n\t<meta name=\"twitter:label2\" content=\"Tiempo de lectura\" \/>\n\t<meta name=\"twitter:data2\" content=\"6 minutos\" \/>\n<script type=\"application\/ld+json\" class=\"yoast-schema-graph\">{\"@context\":\"https:\\\/\\\/schema.org\",\"@graph\":[{\"@type\":\"Article\",\"@id\":\"https:\\\/\\\/hueleaazufre.com\\\/wordpress_a\\\/index.php\\\/2024\\\/09\\\/18\\\/el-fascismo-que-podria-venir\\\/#article\",\"isPartOf\":{\"@id\":\"https:\\\/\\\/hueleaazufre.com\\\/wordpress_a\\\/index.php\\\/2024\\\/09\\\/18\\\/el-fascismo-que-podria-venir\\\/\"},\"author\":{\"name\":\"Huele a azufre\",\"@id\":\"https:\\\/\\\/hueleaazufre.com\\\/wordpress_a\\\/#\\\/schema\\\/person\\\/549dd871707ea7f9f1a686323ebe9baa\"},\"headline\":\"El fascismo que podr\u00eda venir\",\"datePublished\":\"2024-09-18T18:24:29+00:00\",\"mainEntityOfPage\":{\"@id\":\"https:\\\/\\\/hueleaazufre.com\\\/wordpress_a\\\/index.php\\\/2024\\\/09\\\/18\\\/el-fascismo-que-podria-venir\\\/\"},\"wordCount\":1284,\"commentCount\":0,\"image\":{\"@id\":\"https:\\\/\\\/hueleaazufre.com\\\/wordpress_a\\\/index.php\\\/2024\\\/09\\\/18\\\/el-fascismo-que-podria-venir\\\/#primaryimage\"},\"thumbnailUrl\":\"https:\\\/\\\/hueleaazufre.com\\\/wordpress_a\\\/wp-content\\\/uploads\\\/2024\\\/09\\\/genera-una-imag-981f2906-d654-4f7c-b0cb-b37bc748b3c8.png\",\"keywords\":[\"capitalismo\",\"Congreso\",\"fascismo\",\"IA\"],\"articleSection\":[\"Otras voces\"],\"inLanguage\":\"es\",\"potentialAction\":[{\"@type\":\"CommentAction\",\"name\":\"Comment\",\"target\":[\"https:\\\/\\\/hueleaazufre.com\\\/wordpress_a\\\/index.php\\\/2024\\\/09\\\/18\\\/el-fascismo-que-podria-venir\\\/#respond\"]}]},{\"@type\":\"WebPage\",\"@id\":\"https:\\\/\\\/hueleaazufre.com\\\/wordpress_a\\\/index.php\\\/2024\\\/09\\\/18\\\/el-fascismo-que-podria-venir\\\/\",\"url\":\"https:\\\/\\\/hueleaazufre.com\\\/wordpress_a\\\/index.php\\\/2024\\\/09\\\/18\\\/el-fascismo-que-podria-venir\\\/\",\"name\":\"El fascismo que podr\u00eda venir -\",\"isPartOf\":{\"@id\":\"https:\\\/\\\/hueleaazufre.com\\\/wordpress_a\\\/#website\"},\"primaryImageOfPage\":{\"@id\":\"https:\\\/\\\/hueleaazufre.com\\\/wordpress_a\\\/index.php\\\/2024\\\/09\\\/18\\\/el-fascismo-que-podria-venir\\\/#primaryimage\"},\"image\":{\"@id\":\"https:\\\/\\\/hueleaazufre.com\\\/wordpress_a\\\/index.php\\\/2024\\\/09\\\/18\\\/el-fascismo-que-podria-venir\\\/#primaryimage\"},\"thumbnailUrl\":\"https:\\\/\\\/hueleaazufre.com\\\/wordpress_a\\\/wp-content\\\/uploads\\\/2024\\\/09\\\/genera-una-imag-981f2906-d654-4f7c-b0cb-b37bc748b3c8.png\",\"datePublished\":\"2024-09-18T18:24:29+00:00\",\"author\":{\"@id\":\"https:\\\/\\\/hueleaazufre.com\\\/wordpress_a\\\/#\\\/schema\\\/person\\\/549dd871707ea7f9f1a686323ebe9baa\"},\"description\":\"Durante su intervenci\u00f3n en el Congreso Mundial Antifascista, Delcy Rodr\u00edguez se\u00f1al\u00f3 que recientemente en Am\u00e9rica han aparecido 17 y en Europa 21 movimientos fascistas\",\"breadcrumb\":{\"@id\":\"https:\\\/\\\/hueleaazufre.com\\\/wordpress_a\\\/index.php\\\/2024\\\/09\\\/18\\\/el-fascismo-que-podria-venir\\\/#breadcrumb\"},\"inLanguage\":\"es\",\"potentialAction\":[{\"@type\":\"ReadAction\",\"target\":[\"https:\\\/\\\/hueleaazufre.com\\\/wordpress_a\\\/index.php\\\/2024\\\/09\\\/18\\\/el-fascismo-que-podria-venir\\\/\"]}]},{\"@type\":\"ImageObject\",\"inLanguage\":\"es\",\"@id\":\"https:\\\/\\\/hueleaazufre.com\\\/wordpress_a\\\/index.php\\\/2024\\\/09\\\/18\\\/el-fascismo-que-podria-venir\\\/#primaryimage\",\"url\":\"https:\\\/\\\/hueleaazufre.com\\\/wordpress_a\\\/wp-content\\\/uploads\\\/2024\\\/09\\\/genera-una-imag-981f2906-d654-4f7c-b0cb-b37bc748b3c8.png\",\"contentUrl\":\"https:\\\/\\\/hueleaazufre.com\\\/wordpress_a\\\/wp-content\\\/uploads\\\/2024\\\/09\\\/genera-una-imag-981f2906-d654-4f7c-b0cb-b37bc748b3c8.png\",\"width\":1024,\"height\":1024,\"caption\":\"El fascismo\"},{\"@type\":\"BreadcrumbList\",\"@id\":\"https:\\\/\\\/hueleaazufre.com\\\/wordpress_a\\\/index.php\\\/2024\\\/09\\\/18\\\/el-fascismo-que-podria-venir\\\/#breadcrumb\",\"itemListElement\":[{\"@type\":\"ListItem\",\"position\":1,\"name\":\"Portada\",\"item\":\"https:\\\/\\\/hueleaazufre.com\\\/wordpress_a\\\/\"},{\"@type\":\"ListItem\",\"position\":2,\"name\":\"El fascismo que podr\u00eda venir\"}]},{\"@type\":\"WebSite\",\"@id\":\"https:\\\/\\\/hueleaazufre.com\\\/wordpress_a\\\/#website\",\"url\":\"https:\\\/\\\/hueleaazufre.com\\\/wordpress_a\\\/\",\"name\":\"\",\"description\":\"Huele a azufre es una plataforma digital de an\u00e1lisis geopol\u00edtico.\",\"potentialAction\":[{\"@type\":\"SearchAction\",\"target\":{\"@type\":\"EntryPoint\",\"urlTemplate\":\"https:\\\/\\\/hueleaazufre.com\\\/wordpress_a\\\/?s={search_term_string}\"},\"query-input\":{\"@type\":\"PropertyValueSpecification\",\"valueRequired\":true,\"valueName\":\"search_term_string\"}}],\"inLanguage\":\"es\"},{\"@type\":\"Person\",\"@id\":\"https:\\\/\\\/hueleaazufre.com\\\/wordpress_a\\\/#\\\/schema\\\/person\\\/549dd871707ea7f9f1a686323ebe9baa\",\"name\":\"Huele a azufre\",\"image\":{\"@type\":\"ImageObject\",\"inLanguage\":\"es\",\"@id\":\"https:\\\/\\\/secure.gravatar.com\\\/avatar\\\/e972d5c124b9bf80eb4c9d322a90dd86a59d447f5da36700a77516f13637d44e?s=96&d=mm&r=g\",\"url\":\"https:\\\/\\\/secure.gravatar.com\\\/avatar\\\/e972d5c124b9bf80eb4c9d322a90dd86a59d447f5da36700a77516f13637d44e?s=96&d=mm&r=g\",\"contentUrl\":\"https:\\\/\\\/secure.gravatar.com\\\/avatar\\\/e972d5c124b9bf80eb4c9d322a90dd86a59d447f5da36700a77516f13637d44e?s=96&d=mm&r=g\",\"caption\":\"Huele a azufre\"},\"description\":\"Huele a azufre es una plataforma digital de an\u00e1lisis geopol\u00edtico\u00a0 contrahegem\u00f3nico, que busca visibilizar las voces y los discursos silenciados por el poder medi\u00e1tico.\",\"sameAs\":[\"https:\\\/\\\/hueleaazufre.com\\\/wordpress_a\"],\"url\":\"https:\\\/\\\/hueleaazufre.com\\\/wordpress_a\\\/index.php\\\/author\\\/admin_tupapa\\\/\"}]}<\/script>\n<!-- \/ Yoast SEO plugin. -->","yoast_head_json":{"title":"El fascismo que podr\u00eda venir -","description":"Durante su intervenci\u00f3n en el Congreso Mundial Antifascista, Delcy Rodr\u00edguez se\u00f1al\u00f3 que recientemente en Am\u00e9rica han aparecido 17 y en Europa 21 movimientos fascistas","robots":{"index":"index","follow":"follow","max-snippet":"max-snippet:-1","max-image-preview":"max-image-preview:large","max-video-preview":"max-video-preview:-1"},"canonical":"https:\/\/hueleaazufre.com\/wordpress_a\/index.php\/2024\/09\/18\/el-fascismo-que-podria-venir\/","og_locale":"es_ES","og_type":"article","og_title":"El fascismo que podr\u00eda venir -","og_description":"Durante su intervenci\u00f3n en el Congreso Mundial Antifascista, Delcy Rodr\u00edguez se\u00f1al\u00f3 que recientemente en Am\u00e9rica han aparecido 17 y en Europa 21 movimientos fascistas","og_url":"https:\/\/hueleaazufre.com\/wordpress_a\/index.php\/2024\/09\/18\/el-fascismo-que-podria-venir\/","article_published_time":"2024-09-18T18:24:29+00:00","og_image":[{"width":1024,"height":1024,"url":"https:\/\/hueleaazufre.com\/wordpress_a\/wp-content\/uploads\/2024\/09\/genera-una-imag-981f2906-d654-4f7c-b0cb-b37bc748b3c8.png","type":"image\/png"}],"author":"Huele a azufre","twitter_card":"summary_large_image","twitter_misc":{"Escrito por":"Huele a azufre","Tiempo de lectura":"6 minutos"},"schema":{"@context":"https:\/\/schema.org","@graph":[{"@type":"Article","@id":"https:\/\/hueleaazufre.com\/wordpress_a\/index.php\/2024\/09\/18\/el-fascismo-que-podria-venir\/#article","isPartOf":{"@id":"https:\/\/hueleaazufre.com\/wordpress_a\/index.php\/2024\/09\/18\/el-fascismo-que-podria-venir\/"},"author":{"name":"Huele a azufre","@id":"https:\/\/hueleaazufre.com\/wordpress_a\/#\/schema\/person\/549dd871707ea7f9f1a686323ebe9baa"},"headline":"El fascismo que podr\u00eda venir","datePublished":"2024-09-18T18:24:29+00:00","mainEntityOfPage":{"@id":"https:\/\/hueleaazufre.com\/wordpress_a\/index.php\/2024\/09\/18\/el-fascismo-que-podria-venir\/"},"wordCount":1284,"commentCount":0,"image":{"@id":"https:\/\/hueleaazufre.com\/wordpress_a\/index.php\/2024\/09\/18\/el-fascismo-que-podria-venir\/#primaryimage"},"thumbnailUrl":"https:\/\/hueleaazufre.com\/wordpress_a\/wp-content\/uploads\/2024\/09\/genera-una-imag-981f2906-d654-4f7c-b0cb-b37bc748b3c8.png","keywords":["capitalismo","Congreso","fascismo","IA"],"articleSection":["Otras voces"],"inLanguage":"es","potentialAction":[{"@type":"CommentAction","name":"Comment","target":["https:\/\/hueleaazufre.com\/wordpress_a\/index.php\/2024\/09\/18\/el-fascismo-que-podria-venir\/#respond"]}]},{"@type":"WebPage","@id":"https:\/\/hueleaazufre.com\/wordpress_a\/index.php\/2024\/09\/18\/el-fascismo-que-podria-venir\/","url":"https:\/\/hueleaazufre.com\/wordpress_a\/index.php\/2024\/09\/18\/el-fascismo-que-podria-venir\/","name":"El fascismo que podr\u00eda venir -","isPartOf":{"@id":"https:\/\/hueleaazufre.com\/wordpress_a\/#website"},"primaryImageOfPage":{"@id":"https:\/\/hueleaazufre.com\/wordpress_a\/index.php\/2024\/09\/18\/el-fascismo-que-podria-venir\/#primaryimage"},"image":{"@id":"https:\/\/hueleaazufre.com\/wordpress_a\/index.php\/2024\/09\/18\/el-fascismo-que-podria-venir\/#primaryimage"},"thumbnailUrl":"https:\/\/hueleaazufre.com\/wordpress_a\/wp-content\/uploads\/2024\/09\/genera-una-imag-981f2906-d654-4f7c-b0cb-b37bc748b3c8.png","datePublished":"2024-09-18T18:24:29+00:00","author":{"@id":"https:\/\/hueleaazufre.com\/wordpress_a\/#\/schema\/person\/549dd871707ea7f9f1a686323ebe9baa"},"description":"Durante su intervenci\u00f3n en el Congreso Mundial Antifascista, Delcy Rodr\u00edguez se\u00f1al\u00f3 que recientemente en Am\u00e9rica han aparecido 17 y en Europa 21 movimientos fascistas","breadcrumb":{"@id":"https:\/\/hueleaazufre.com\/wordpress_a\/index.php\/2024\/09\/18\/el-fascismo-que-podria-venir\/#breadcrumb"},"inLanguage":"es","potentialAction":[{"@type":"ReadAction","target":["https:\/\/hueleaazufre.com\/wordpress_a\/index.php\/2024\/09\/18\/el-fascismo-que-podria-venir\/"]}]},{"@type":"ImageObject","inLanguage":"es","@id":"https:\/\/hueleaazufre.com\/wordpress_a\/index.php\/2024\/09\/18\/el-fascismo-que-podria-venir\/#primaryimage","url":"https:\/\/hueleaazufre.com\/wordpress_a\/wp-content\/uploads\/2024\/09\/genera-una-imag-981f2906-d654-4f7c-b0cb-b37bc748b3c8.png","contentUrl":"https:\/\/hueleaazufre.com\/wordpress_a\/wp-content\/uploads\/2024\/09\/genera-una-imag-981f2906-d654-4f7c-b0cb-b37bc748b3c8.png","width":1024,"height":1024,"caption":"El fascismo"},{"@type":"BreadcrumbList","@id":"https:\/\/hueleaazufre.com\/wordpress_a\/index.php\/2024\/09\/18\/el-fascismo-que-podria-venir\/#breadcrumb","itemListElement":[{"@type":"ListItem","position":1,"name":"Portada","item":"https:\/\/hueleaazufre.com\/wordpress_a\/"},{"@type":"ListItem","position":2,"name":"El fascismo que podr\u00eda venir"}]},{"@type":"WebSite","@id":"https:\/\/hueleaazufre.com\/wordpress_a\/#website","url":"https:\/\/hueleaazufre.com\/wordpress_a\/","name":"","description":"Huele a azufre es una plataforma digital de an\u00e1lisis geopol\u00edtico.","potentialAction":[{"@type":"SearchAction","target":{"@type":"EntryPoint","urlTemplate":"https:\/\/hueleaazufre.com\/wordpress_a\/?s={search_term_string}"},"query-input":{"@type":"PropertyValueSpecification","valueRequired":true,"valueName":"search_term_string"}}],"inLanguage":"es"},{"@type":"Person","@id":"https:\/\/hueleaazufre.com\/wordpress_a\/#\/schema\/person\/549dd871707ea7f9f1a686323ebe9baa","name":"Huele a azufre","image":{"@type":"ImageObject","inLanguage":"es","@id":"https:\/\/secure.gravatar.com\/avatar\/e972d5c124b9bf80eb4c9d322a90dd86a59d447f5da36700a77516f13637d44e?s=96&d=mm&r=g","url":"https:\/\/secure.gravatar.com\/avatar\/e972d5c124b9bf80eb4c9d322a90dd86a59d447f5da36700a77516f13637d44e?s=96&d=mm&r=g","contentUrl":"https:\/\/secure.gravatar.com\/avatar\/e972d5c124b9bf80eb4c9d322a90dd86a59d447f5da36700a77516f13637d44e?s=96&d=mm&r=g","caption":"Huele a azufre"},"description":"Huele a azufre es una plataforma digital de an\u00e1lisis geopol\u00edtico\u00a0 contrahegem\u00f3nico, que busca visibilizar las voces y los discursos silenciados por el poder medi\u00e1tico.","sameAs":["https:\/\/hueleaazufre.com\/wordpress_a"],"url":"https:\/\/hueleaazufre.com\/wordpress_a\/index.php\/author\/admin_tupapa\/"}]}},"_links":{"self":[{"href":"https:\/\/hueleaazufre.com\/wordpress_a\/index.php\/wp-json\/wp\/v2\/posts\/1589","targetHints":{"allow":["GET"]}}],"collection":[{"href":"https:\/\/hueleaazufre.com\/wordpress_a\/index.php\/wp-json\/wp\/v2\/posts"}],"about":[{"href":"https:\/\/hueleaazufre.com\/wordpress_a\/index.php\/wp-json\/wp\/v2\/types\/post"}],"author":[{"embeddable":true,"href":"https:\/\/hueleaazufre.com\/wordpress_a\/index.php\/wp-json\/wp\/v2\/users\/1"}],"replies":[{"embeddable":true,"href":"https:\/\/hueleaazufre.com\/wordpress_a\/index.php\/wp-json\/wp\/v2\/comments?post=1589"}],"version-history":[{"count":2,"href":"https:\/\/hueleaazufre.com\/wordpress_a\/index.php\/wp-json\/wp\/v2\/posts\/1589\/revisions"}],"predecessor-version":[{"id":1592,"href":"https:\/\/hueleaazufre.com\/wordpress_a\/index.php\/wp-json\/wp\/v2\/posts\/1589\/revisions\/1592"}],"wp:featuredmedia":[{"embeddable":true,"href":"https:\/\/hueleaazufre.com\/wordpress_a\/index.php\/wp-json\/wp\/v2\/media\/1590"}],"wp:attachment":[{"href":"https:\/\/hueleaazufre.com\/wordpress_a\/index.php\/wp-json\/wp\/v2\/media?parent=1589"}],"wp:term":[{"taxonomy":"category","embeddable":true,"href":"https:\/\/hueleaazufre.com\/wordpress_a\/index.php\/wp-json\/wp\/v2\/categories?post=1589"},{"taxonomy":"post_tag","embeddable":true,"href":"https:\/\/hueleaazufre.com\/wordpress_a\/index.php\/wp-json\/wp\/v2\/tags?post=1589"}],"curies":[{"name":"wp","href":"https:\/\/api.w.org\/{rel}","templated":true}]}}