{"id":1643,"date":"2024-09-30T16:14:05","date_gmt":"2024-09-30T16:14:05","guid":{"rendered":"https:\/\/hueleaazufre.com\/wordpress_a\/?p=1643"},"modified":"2024-09-30T16:14:05","modified_gmt":"2024-09-30T16:14:05","slug":"la-izquierda-en-america-latina-tendencias-y-perspectivas-ii","status":"publish","type":"post","link":"https:\/\/hueleaazufre.com\/wordpress_a\/index.php\/2024\/09\/30\/la-izquierda-en-america-latina-tendencias-y-perspectivas-ii\/","title":{"rendered":"La izquierda en Am\u00e9rica Latina. Tendencias y perspectivas (II)"},"content":{"rendered":"<p><b>Durante los primeros 15 a\u00f1os de este siglo, Am\u00e9rica Latina y el Caribe fue testigo de una serie de procesos democr\u00e1ticos y populares<\/b><span style=\"font-weight: 400;\"> que colocaron a las diferentes versiones de la izquierda en el centro de los acontecimientos.\u00a0<\/span><\/p>\n<p><b>Sin embargo, el protagonismo de Cuba y Venezuela<\/b><span style=\"font-weight: 400;\"> y la influencia avasalladora que le insuflaban al proceso los comandantes Fidel Castro y Hugo Ch\u00e1vez <\/span><b>generaron un proceso \u00fanico en la historia de la regi\u00f3n.<\/b><span style=\"font-weight: 400;\"> Por primera vez, el papel fundamental en los hechos, lo jugaba la izquierda.<\/span><\/p>\n<p><b>Para leer la primera parte de este art\u00edculo:<\/b> <a href=\"https:\/\/hueleaazufre.com\/wordpress_a\/index.php\/2024\/09\/20\/la-izquierda-en-america-latina-tendencias-y-perspectivas-i\/\"><span style=\"font-weight: 400;\">La izquierda en Am\u00e9rica Latina. Tendencias y perspectivas (I) &#8211; (hueleaazufre.com)<\/span><\/a><\/p>\n<blockquote class=\"wp-embedded-content\" data-secret=\"JNnz5kp8sQ\"><p><a href=\"https:\/\/hueleaazufre.com\/wordpress_a\/index.php\/2024\/09\/20\/la-izquierda-en-america-latina-tendencias-y-perspectivas-i\/\">La izquierda en Am\u00e9rica Latina. Tendencias y perspectivas (I)<\/a><\/p><\/blockquote>\n<p><iframe class=\"wp-embedded-content\" sandbox=\"allow-scripts\" security=\"restricted\" style=\"position: absolute; visibility: hidden;\" title=\"\u00abLa izquierda en Am\u00e9rica Latina. Tendencias y perspectivas (I)\u00bb \u2014 \" src=\"https:\/\/hueleaazufre.com\/wordpress_a\/index.php\/2024\/09\/20\/la-izquierda-en-america-latina-tendencias-y-perspectivas-i\/embed\/#?secret=ZWgT1JfmTi#?secret=JNnz5kp8sQ\" data-secret=\"JNnz5kp8sQ\" width=\"600\" height=\"338\" frameborder=\"0\" marginwidth=\"0\" marginheight=\"0\" scrolling=\"no\"><\/iframe><\/p>\n<p><span style=\"font-weight: 400;\">Como siempre, en la victoria las malas costuras quedan ocultas, pero en la derrota todas se ponen a la vista. <\/span><b>El reflujo iniciado en 2015 produjo profundo impacto en la izquierda<\/b><span style=\"font-weight: 400;\">. Esta vez, el esfuerzo medi\u00e1tico imperial sustentado en su poderoso aparato informativo-cultural y medi\u00e1tico, se transform\u00f3 en un instrumento principal para acentuar el retroceso, estimulando las percepciones negativas en torno a que en esta ocasi\u00f3n la regresi\u00f3n era definitiva y total.\u00a0<\/span><\/p>\n<p><span style=\"font-weight: 400;\">Era, en el fondo, una suerte de \u201cfin de la historia latinoamericana\u201d, la debilidad y la tibieza de algunos emergi\u00f3, estimulando la derrota por un lado y posiciones acomodaticias e intermedias que postulaban que \u201csi, pero no\u201d, por el otro.<\/span><\/p>\n<blockquote>\n<h2><b><i>\u201c&#8230;. un espacio de acoplamiento que, a pesar de tener no pocas contradicciones y debilidades, ha seguido expresando una dimensi\u00f3n antiimperialista, anticolonialista e internacionalista y una constante solidaridad con la Venezuela Bolivariana, la revoluci\u00f3n cubana, la Nicaragua sandinista y con los pa\u00edses integrantes del ALBA-TCP frente a las sanciones y la agresi\u00f3n imperialista\u201d<\/i><\/b><\/h2>\n<\/blockquote>\n<p><b>Para leer un recuento minucioso sobre c\u00f3mo se adjudic\u00f3 la categor\u00eda de Tercer Mundo al Sur Global:<\/b> <a href=\"https:\/\/hueleaazufre.com\/wordpress_a\/index.php\/2024\/09\/28\/cuando-nacio-el-tercer-mundo-exclusivo\/\"><span style=\"font-weight: 400;\">\u00bfCu\u00e1ndo naci\u00f3 el tercer mundo? &#8211; (hueleaazufre.com)<\/span><\/a><\/p>\n<blockquote class=\"wp-embedded-content\" data-secret=\"YbrfB4B80u\"><p><a href=\"https:\/\/hueleaazufre.com\/wordpress_a\/index.php\/2024\/09\/28\/cuando-nacio-el-tercer-mundo-exclusivo\/\">\u00bfCu\u00e1ndo naci\u00f3 el tercer mundo?<\/a><\/p><\/blockquote>\n<p><iframe class=\"wp-embedded-content\" sandbox=\"allow-scripts\" security=\"restricted\" style=\"position: absolute; visibility: hidden;\" title=\"\u00ab\u00bfCu\u00e1ndo naci\u00f3 el tercer mundo?\u00bb \u2014 \" src=\"https:\/\/hueleaazufre.com\/wordpress_a\/index.php\/2024\/09\/28\/cuando-nacio-el-tercer-mundo-exclusivo\/embed\/#?secret=Dur6i5Sghd#?secret=YbrfB4B80u\" data-secret=\"YbrfB4B80u\" width=\"600\" height=\"338\" frameborder=\"0\" marginwidth=\"0\" marginheight=\"0\" scrolling=\"no\"><\/iframe><\/p>\n<p><b>El\u00a0Foro de Sao Paulo<\/b><span style=\"font-weight: 400;\"> (convocado por Fidel y Lula en 1990 para hacer frente al retroceso y crisis de las izquierdas producto del derrumbe del socialismo real y del proclamado fin de la historia de Fukuyama) <\/span><b>es hasta hoy la principal y mayor instancia de articulaci\u00f3n de partidos y movimientos de izquierda<\/b><span style=\"font-weight: 400;\">, socialistas, comunistas, revolucionarios y populares de Latinoam\u00e9rica y el Caribe; un espacio de acoplamiento que, a pesar de tener no pocas contradicciones y debilidades, ha seguido expresando una dimensi\u00f3n antiimperialista, anticolonialista e internacionalista y una constante solidaridad con la Venezuela Bolivariana, la revoluci\u00f3n cubana, la Nicaragua sandinista y con los pa\u00edses integrantes del ALBA-TCP frente a las sanciones y la agresi\u00f3n imperialista, procurando impulsar con los movimientos populares y sociales la movilizaci\u00f3n social y alternativas al capitalismo salvaje y al neoliberalismo en la regi\u00f3n<\/span><b>.<\/b><\/p>\n<p><span style=\"font-weight: 400;\">En Estados Unidos, de la mano del sector \u201cimperialista de izquierda\u201d incrustado en el partido dem\u00f3crata y en algunos\u00a0pol\u00edticos e intelectuales europeos<\/span> <span style=\"font-weight: 400;\">surgi\u00f3 la \u201cInternacional Progresista\u201d, instrumento que re\u00fane individualidades y algunas organizaciones mediatizadoras de las luchas antiimperialistas y antineoliberales.<\/span><\/p>\n<p><span style=\"font-weight: 400;\">En Am\u00e9rica Latina, un\u00a0\u00a0personaje chileno que ha hecho de la mediatizaci\u00f3n pol\u00edtica un floreciente negocio, convenci\u00f3 a un atribulado gobernador de un estado mexicano para lanzar una\u00a0especie de versi\u00f3n\u00a0\u201clatinoamericana\u201d de esa \u201cinternacional progresista\u201d.<\/span><\/p>\n<p><b>As\u00ed surgi\u00f3 el \u201cGrupo de Puebla\u201d como instrumento\u00a0medi\u00e1tico\u00a0de referencia del \u00abprogresismo\u00bb\u00a0compuesto (a t\u00edtulo individual) por personas de izquierda y socialdem\u00f3cratas liberales<\/b><span style=\"font-weight: 400;\">, estos \u00faltimos son, los que el presidente Maduro ha denominado la \u201cizquierda cobarde\u201d.<\/span><b>\u00a0<\/b><span style=\"font-weight: 400;\">Escribo latinoamericano entre comillas, porque hasta un expresidente espa\u00f1ol\u00a0conocido lobbista de las transnacionales espa\u00f1olas\u00a0y de la corrupta monarqu\u00eda marroqu\u00ed, forma parte de ese tinglado variopinto que\u00a0es\u00a0una de las\u00a0expresiones\u00a0del declive ideol\u00f3gico de la izquierda latinoamericana.<\/span><\/p>\n<blockquote>\n<h2><b><i>\u201c&#8230;.conceptos como separaci\u00f3n de poderes, alternancia en el gobierno, libertad de prensa, libertad de expresi\u00f3n, democracia representativa y otros, son categor\u00edas inexistentes y falacias inventadas por la burgues\u00eda (cuando hizo su revoluci\u00f3n) para garantizar su dominio, control y\u00a0hegemon\u00eda\u00a0sobre la sociedad y el Estado\u201d<\/i><\/b><\/h2>\n<\/blockquote>\n<p><b>Todo esto se ha hecho evidente y se ha puesto sobre el tapete, tras las \u00faltimas elecciones en Venezuela.<\/b><span style=\"font-weight: 400;\"> La disyuntiva imperialismo y subordinaci\u00f3n vs. soberan\u00eda e independencia que deber\u00eda signar el parteaguas entre izquierda y derecha en el mundo de hoy, ha dado paso a una serie de interpretaciones que dan cuenta del \u00e9xito imperial en la cooptaci\u00f3n de sectores que pretenden adoptar las categor\u00edas y conceptos de la derecha para hacer pol\u00edtica de izquierda, sabiendo que eso es imposible.<\/span><\/p>\n<p><b>Para leer un detallado an\u00e1lisis de la importancia geoestrat\u00e9gica de Venezuela:<\/b> <a href=\"https:\/\/hueleaazufre.com\/wordpress_a\/index.php\/2024\/09\/11\/la-geografia-los-hilos-del-poder-y-el-caso-de-venezuela\/\"><span style=\"font-weight: 400;\">La geograf\u00eda, los hilos del poder y el caso de Venezuela &#8211; (hueleaazufre.com)<\/span><\/a><\/p>\n<blockquote class=\"wp-embedded-content\" data-secret=\"uDt8JUo2Oc\"><p><a href=\"https:\/\/hueleaazufre.com\/wordpress_a\/index.php\/2024\/09\/11\/la-geografia-los-hilos-del-poder-y-el-caso-de-venezuela\/\">La geograf\u00eda, los hilos del poder y el caso de Venezuela<\/a><\/p><\/blockquote>\n<p><iframe class=\"wp-embedded-content\" sandbox=\"allow-scripts\" security=\"restricted\" style=\"position: absolute; visibility: hidden;\" title=\"\u00abLa geograf\u00eda, los hilos del poder y el caso de Venezuela\u00bb \u2014 \" src=\"https:\/\/hueleaazufre.com\/wordpress_a\/index.php\/2024\/09\/11\/la-geografia-los-hilos-del-poder-y-el-caso-de-venezuela\/embed\/#?secret=3wZ15Hgre1#?secret=uDt8JUo2Oc\" data-secret=\"uDt8JUo2Oc\" width=\"600\" height=\"338\" frameborder=\"0\" marginwidth=\"0\" marginheight=\"0\" scrolling=\"no\"><\/iframe><\/p>\n<p><b>Ya lo he dicho, las propuestas de la revoluci\u00f3n francesa son instrumentos del pasado.<\/b><span style=\"font-weight: 400;\"> Finalmente, conceptos como separaci\u00f3n de poderes, alternancia en el gobierno, libertad de prensa, libertad de expresi\u00f3n, democracia representativa y otros, son categor\u00edas inexistentes y falacias inventadas por la burgues\u00eda (cuando hizo su revoluci\u00f3n) para garantizar su dominio, control y\u00a0hegemon\u00eda<\/span><b>\u00a0<\/b><span style=\"font-weight: 400;\">sobre la sociedad y el Estado. <\/span><b>No puede la izquierda suponer que haciendo uso de ellas, va a ser posible producir los cambios que la sociedad necesita.<\/b><\/p>\n<p><span style=\"font-weight: 400;\">Se trata de construir un nuevo cuerpo te\u00f3rico y conceptual que d\u00e9 cuenta de los cambios acaecidos en los \u00faltimos 230 a\u00f1os, tomando en cuenta los \u201ctsunamis\u201d generados por el triunfo de la revoluci\u00f3n de octubre en la Rusia de 1917, la segunda guerra mundial, el fin de la guerra fr\u00eda y la emergencia de China al escal\u00f3n de potencia global bajo la conducci\u00f3n de su partido comunista.\u00a0<\/span><\/p>\n<p><span style=\"font-weight: 400;\">En este marco y de forma acomodaticia, <\/span><b>ciertos sectores de la otrora izquierda latinoamericana, pretenden entender el proceso bolivariano como quiebre, no como continuidad<\/b><span style=\"font-weight: 400;\">. As\u00ed, intentan justificar sus debilidades y su actitud abyecta y subordinada al imperialismo, bajo el argumento de que \u201cCh\u00e1vez era una cosa y Maduro, otra\u201d. \u00bfQui\u00e9n puede negarlo? Claro que cada uno ha sido \u201c\u00e9l y sus circunstancias\u201d como lo se\u00f1al\u00f3 Ortega y Gasset.\u00a0<\/span><\/p>\n<p><span style=\"font-weight: 400;\">La m\u00e1s elemental dial\u00e9ctica expone la necesidad de dar respuesta a lo que a cada uno le toc\u00f3 vivir. Y no creo que el presidente Maduro quiera imitar al comandante Ch\u00e1vez sencillamente porque son dos personas distintas. Pero pretender usar eso para justificar las debilidades y las conveniencias propias. no deja de ser una actitud deleznable y cobarde.<\/span><\/p>\n<p><span style=\"font-weight: 400;\">En otro plano, <\/span><b>los tanques de pensamiento del enemigo han logrado desviar la atenci\u00f3n de importantes sectores de la izquierda hacia el abandono de las luchas antiimperialistas y antineoliberales<\/b><span style=\"font-weight: 400;\"> bajo el argumento que en el siglo XXI imperan las disputas sectoriales, logrando con ello la desmovilizaci\u00f3n y paralizaci\u00f3n de importantes contingentes de la izquierda que ahora se circunscriben a las controversias de minor\u00edas que no representan el inter\u00e9s general de la sociedad.\u00a0<\/span><\/p>\n<p><span style=\"font-weight: 400;\">Sin menoscabar la necesidad imperiosa de polemizar y enfrentar la misoginia, el racismo, la homofobia, la depredaci\u00f3n de la naturaleza y otras plagas, se debe entender que todas ellas y otras derivan de la sociedad de clases. <\/span><b>Ha sido el capitalismo, el que en su devastadora impronta, se ha llevado consigo valores y principios de la izquierda, pero la lucha de clases sigue estando en el centro de los combates<\/b><span style=\"font-weight: 400;\">. Es ella la que debe arrastrar consigo todos las batallas sectoriales que importan y ocupan a sectores avanzados de la sociedad.<\/span><\/p>\n<p><span style=\"font-weight: 400;\">Toda la situaci\u00f3n relatada nos lleva a concluir que de cara a la reciente victoria del chavismo en las elecciones presidenciales y los nuevos reacomodos que ello ha producido en la izquierda latinoamericana, hoy se pueden identificar seis izquierdas en la regi\u00f3n:<\/span><\/p>\n<ol>\n<li style=\"font-weight: 400;\" aria-level=\"1\"><span style=\"font-weight: 400;\">Cuba, Nicaragua, Venezuela, Bolivia, San Vicente y las Granadinas y Dominica que expresan la solidez de principios y la resistencia al imperialismo.<\/span><\/li>\n<li style=\"font-weight: 400;\" aria-level=\"1\"><span style=\"font-weight: 400;\">Importantes sectores sociales, organizaciones pol\u00edticas y movimientos populares de la regi\u00f3n que luchan por sus derechos y se organizan para sostener una clara posici\u00f3n antiimperialista y antineoliberal en sus luchas nacionales y sectoriales.<\/span><\/li>\n<li style=\"font-weight: 400;\" aria-level=\"1\"><span style=\"font-weight: 400;\">Una izquierda bien intencionada pero dubitativa, pusil\u00e1nime y cambiante que hoy exponen Lula, Gustavo Petro y l\u00edderes peronistas de Argentina como Cristina Fern\u00e1ndez, entre otros. Aqu\u00ed, se inscribe el vocinglero expresidente de Uruguay Jos\u00e9 Mujica. Casi todos ellos asumen la posici\u00f3n de \u201cDios\u201d que cuando hablan, suponen que est\u00e1n diciendo la \u00faltima palabra, En definitiva, act\u00faan en pol\u00edtica internacional pensando en el manejo de sus correlaciones de fuerzas internas, exponiendo las debilidades de su gesti\u00f3n.<\/span><\/li>\n<li style=\"font-weight: 400;\" aria-level=\"1\"><span style=\"font-weight: 400;\">La izquierda proimperialista social liberal encarnada en la ex Concertaci\u00f3n Democr\u00e1tica de Chile, su principal l\u00edder Michelle Bachelet y Gabriel Boric presidente actual de ese pa\u00eds que se han destacado por ser el instrumento preferido del imperio para exponer una izquierda \u201ccivilizada y decente\u201d que administra correctamente el modelo neoliberal en beneficio de las trasnacionales y los grandes empresarios y se subordinan plenamente a Estados Unidos. Son parte del proceso de \u201cisraelizaci\u00f3n\u201d de la pol\u00edtica, el cual recientemente se ha \u201cespa\u00f1olizado\u201d de manera tal que el eje\u00a0 se va desplazando cada vez m\u00e1s hacia la derecha hasta hacer casi desaparecer a la izquierda<\/span><\/li>\n<li style=\"font-weight: 400;\" aria-level=\"1\"><span style=\"font-weight: 400;\">Andr\u00e9s Manuel L\u00f3pez Obrador y la coalici\u00f3n que gobierna M\u00e9xico sosteniendo una irrestricta posici\u00f3n nacionalista y de defensa de la soberan\u00eda. En pol\u00edtica internacional, al no inmiscuirse en los asuntos internos de otros pa\u00edses, salvo que se produzcan aberrantes violaciones a los derechos humanos, la democracia y la soberan\u00eda, la izquierda mexicana ha generado una influencia positiva para el desarrollo de las luchas sociales en la regi\u00f3n.<\/span><\/li>\n<li style=\"font-weight: 400;\" aria-level=\"1\"><span style=\"font-weight: 400;\">\u00a0Peque\u00f1os pa\u00edses cuyas fuerzas populares y gobiernos que han emergido del infierno neoliberal en condiciones de extrema debilidad y que deben hacer grandes esfuerzos para superar la resistencia de las oligarqu\u00edas como Honduras, Antigua y Barbuda y otros pa\u00edses del Caribe. Probablemente, si la izquierda ganara las pr\u00f3ximas elecciones en Uruguay y Ecuador, podr\u00edan considerase parte de este grupo.<\/span><\/li>\n<\/ol>\n<p><span style=\"font-weight: 400;\">En este contexto diverso habr\u00e1 que aprender a trabajar. <\/span><b>La heterogeneidad caracter\u00edstica de la izquierda de la \u00e9poca es propia de las transformaciones ocurridas en la pol\u00edtica reciente. <\/b><span style=\"font-weight: 400;\">Vale decir que cuando vivimos momentos de crisis de la hegemon\u00eda occidental, una manera de aferrarse al poder por parte del imperio, es ampliar y fortalecer su aparato ideol\u00f3gico a fin de crear desconcierto y dividir al movimiento popular. Sus \u00e9xitos son notables.\u00a0<\/span><\/p>\n<p><span style=\"font-weight: 400;\">En el siglo XXI, ha emergido un movimiento\u00a0social y popular\u00a0difuso en el que no necesariamente ciertos sectores que se autoidentifican como izquierda, juegan el papel de motorizar las necesarias transformaciones econ\u00f3micas, sociales, pol\u00edticas y\u00a0culturales.<\/span><\/p>\n<p><b>\u00a0En esta medida, se vislumbra una perspectiva incierta en el proceso de transformaci\u00f3n del protagonismo del sujeto pol\u00edtico y los sujetos sociales.<\/b><span style=\"font-weight: 400;\"> La confrontaci\u00f3n en este aspecto <\/span><span style=\"font-weight: 400;\">\u2014<\/span><span style=\"font-weight: 400;\">como siempre<\/span><span style=\"font-weight: 400;\">\u2014<\/span><span style=\"font-weight: 400;\"> ser\u00e1 dura y dif\u00edcil. Habr\u00e1 que confrontar todo el poder\u00edo tecnol\u00f3gico, financiero y medi\u00e1tico del imperio.<\/span><\/p>\n<p><span style=\"font-weight: 400;\">El momento es de duda e incertidumbre. <\/span><b>En la medida que han emergido ciertas\u00a0izquierdas de inspiraci\u00f3n socialista, nacionalista y popular\u00a0y hasta partidos comunistas que en realidad se ubican a la derecha del espectro pol\u00edtico al punto de llegar a ser aliados del imperialismo<\/b><span style=\"font-weight: 400;\">, sostenedores de los instrumentos de control del capital y defensores del neoliberalismo, la confrontaci\u00f3n estrat\u00e9gica se complejiza y se hace dif\u00edcil porque las categor\u00edas de an\u00e1lisis del pasado, en particular las de la guerra fr\u00eda, ya no sirven como instrumentos\u00a0 de evaluaci\u00f3n del papel de las fuerzas de izquierda en Am\u00e9rica Latina.\u00a0<\/span><\/p>\n<p><b>El reto ser\u00e1 entonces, construir nuevas herramientas que nos conduzcan a an\u00e1lisis y a decisiones m\u00e1s acertadas <\/b><span style=\"font-weight: 400;\">en esta materia, sobre todo porque ello es necesario para definir al enemigo principal, construir la correlaci\u00f3n de fuerzas necesarias para seguir avanzando y elaborar una pol\u00edtica de alianzas correcta en el momento pol\u00edtico actual.<\/span><\/p>\n<p><b>Autor: Sergio Rodr\u00edguez Gelfenstein<\/b><\/p>\n<p><a href=\"http:\/\/www.sergioro07.blogspot.com\"><b>www.sergioro07.blogspot.com<\/b><\/a><\/p>\n","protected":false},"excerpt":{"rendered":"<p>Durante los primeros 15 a\u00f1os de este siglo, Am\u00e9rica Latina y el Caribe fue testigo&#8230;<\/p>\n","protected":false},"author":1,"featured_media":1644,"comment_status":"open","ping_status":"closed","sticky":false,"template":"","format":"standard","meta":{"footnotes":""},"categories":[70,52],"tags":[204,140,76,3,30],"class_list":["post-1643","post","type-post","status-publish","format-standard","has-post-thumbnail","hentry","category-otras-voces","category-sergio-rodriguez-gelfenstein","tag-america-latina","tag-caribe","tag-cuba","tag-izquierda","tag-venezuela"],"yoast_head":"<!-- This site is optimized with the Yoast SEO plugin v27.5 - https:\/\/yoast.com\/product\/yoast-seo-wordpress\/ -->\n<title>La izquierda en Am\u00e9rica Latina. Tendencias y perspectivas (II) -<\/title>\n<meta name=\"description\" content=\"Izquierda en Am\u00e9rica Latina. Durante los primeros 15 a\u00f1os de este siglo, Am\u00e9rica Latina y el Caribe fue testigo de una serie de procesos...\" \/>\n<meta name=\"robots\" content=\"index, follow, max-snippet:-1, max-image-preview:large, max-video-preview:-1\" \/>\n<link rel=\"canonical\" href=\"https:\/\/hueleaazufre.com\/wordpress_a\/index.php\/2024\/09\/30\/la-izquierda-en-america-latina-tendencias-y-perspectivas-ii\/\" \/>\n<meta property=\"og:locale\" content=\"es_ES\" \/>\n<meta property=\"og:type\" content=\"article\" \/>\n<meta property=\"og:title\" content=\"La izquierda en Am\u00e9rica Latina. Tendencias y perspectivas (II) -\" \/>\n<meta property=\"og:description\" content=\"Izquierda en Am\u00e9rica Latina. Durante los primeros 15 a\u00f1os de este siglo, Am\u00e9rica Latina y el Caribe fue testigo de una serie de procesos...\" \/>\n<meta property=\"og:url\" content=\"https:\/\/hueleaazufre.com\/wordpress_a\/index.php\/2024\/09\/30\/la-izquierda-en-america-latina-tendencias-y-perspectivas-ii\/\" \/>\n<meta property=\"article:published_time\" content=\"2024-09-30T16:14:05+00:00\" \/>\n<meta property=\"og:image\" content=\"https:\/\/hueleaazufre.com\/wordpress_a\/wp-content\/uploads\/2024\/09\/andividtualizat-146152f5-f1de-484f-9ff3-d58409524e6d.png\" \/>\n\t<meta property=\"og:image:width\" content=\"1024\" \/>\n\t<meta property=\"og:image:height\" content=\"1024\" \/>\n\t<meta property=\"og:image:type\" content=\"image\/png\" \/>\n<meta name=\"author\" content=\"Huele a azufre\" \/>\n<meta name=\"twitter:card\" content=\"summary_large_image\" \/>\n<meta name=\"twitter:label1\" content=\"Escrito por\" \/>\n\t<meta name=\"twitter:data1\" content=\"Huele a azufre\" \/>\n\t<meta name=\"twitter:label2\" content=\"Tiempo de lectura\" \/>\n\t<meta name=\"twitter:data2\" content=\"9 minutos\" \/>\n<script type=\"application\/ld+json\" class=\"yoast-schema-graph\">{\"@context\":\"https:\\\/\\\/schema.org\",\"@graph\":[{\"@type\":\"Article\",\"@id\":\"https:\\\/\\\/hueleaazufre.com\\\/wordpress_a\\\/index.php\\\/2024\\\/09\\\/30\\\/la-izquierda-en-america-latina-tendencias-y-perspectivas-ii\\\/#article\",\"isPartOf\":{\"@id\":\"https:\\\/\\\/hueleaazufre.com\\\/wordpress_a\\\/index.php\\\/2024\\\/09\\\/30\\\/la-izquierda-en-america-latina-tendencias-y-perspectivas-ii\\\/\"},\"author\":{\"name\":\"Huele a azufre\",\"@id\":\"https:\\\/\\\/hueleaazufre.com\\\/wordpress_a\\\/#\\\/schema\\\/person\\\/549dd871707ea7f9f1a686323ebe9baa\"},\"headline\":\"La izquierda en Am\u00e9rica Latina. Tendencias y perspectivas (II)\",\"datePublished\":\"2024-09-30T16:14:05+00:00\",\"mainEntityOfPage\":{\"@id\":\"https:\\\/\\\/hueleaazufre.com\\\/wordpress_a\\\/index.php\\\/2024\\\/09\\\/30\\\/la-izquierda-en-america-latina-tendencias-y-perspectivas-ii\\\/\"},\"wordCount\":2060,\"commentCount\":0,\"image\":{\"@id\":\"https:\\\/\\\/hueleaazufre.com\\\/wordpress_a\\\/index.php\\\/2024\\\/09\\\/30\\\/la-izquierda-en-america-latina-tendencias-y-perspectivas-ii\\\/#primaryimage\"},\"thumbnailUrl\":\"https:\\\/\\\/hueleaazufre.com\\\/wordpress_a\\\/wp-content\\\/uploads\\\/2024\\\/09\\\/andividtualizat-146152f5-f1de-484f-9ff3-d58409524e6d.png\",\"keywords\":[\"Am\u00e9rica Latina\",\"Caribe\",\"Cuba\",\"Izquierda\",\"Venezuela\"],\"articleSection\":[\"Otras voces\",\"Sergio Rodr\u00edguez Gelfenstein\"],\"inLanguage\":\"es\",\"potentialAction\":[{\"@type\":\"CommentAction\",\"name\":\"Comment\",\"target\":[\"https:\\\/\\\/hueleaazufre.com\\\/wordpress_a\\\/index.php\\\/2024\\\/09\\\/30\\\/la-izquierda-en-america-latina-tendencias-y-perspectivas-ii\\\/#respond\"]}]},{\"@type\":\"WebPage\",\"@id\":\"https:\\\/\\\/hueleaazufre.com\\\/wordpress_a\\\/index.php\\\/2024\\\/09\\\/30\\\/la-izquierda-en-america-latina-tendencias-y-perspectivas-ii\\\/\",\"url\":\"https:\\\/\\\/hueleaazufre.com\\\/wordpress_a\\\/index.php\\\/2024\\\/09\\\/30\\\/la-izquierda-en-america-latina-tendencias-y-perspectivas-ii\\\/\",\"name\":\"La izquierda en Am\u00e9rica Latina. Tendencias y perspectivas (II) -\",\"isPartOf\":{\"@id\":\"https:\\\/\\\/hueleaazufre.com\\\/wordpress_a\\\/#website\"},\"primaryImageOfPage\":{\"@id\":\"https:\\\/\\\/hueleaazufre.com\\\/wordpress_a\\\/index.php\\\/2024\\\/09\\\/30\\\/la-izquierda-en-america-latina-tendencias-y-perspectivas-ii\\\/#primaryimage\"},\"image\":{\"@id\":\"https:\\\/\\\/hueleaazufre.com\\\/wordpress_a\\\/index.php\\\/2024\\\/09\\\/30\\\/la-izquierda-en-america-latina-tendencias-y-perspectivas-ii\\\/#primaryimage\"},\"thumbnailUrl\":\"https:\\\/\\\/hueleaazufre.com\\\/wordpress_a\\\/wp-content\\\/uploads\\\/2024\\\/09\\\/andividtualizat-146152f5-f1de-484f-9ff3-d58409524e6d.png\",\"datePublished\":\"2024-09-30T16:14:05+00:00\",\"author\":{\"@id\":\"https:\\\/\\\/hueleaazufre.com\\\/wordpress_a\\\/#\\\/schema\\\/person\\\/549dd871707ea7f9f1a686323ebe9baa\"},\"description\":\"Izquierda en Am\u00e9rica Latina. Durante los primeros 15 a\u00f1os de este siglo, Am\u00e9rica Latina y el Caribe fue testigo de una serie de procesos...\",\"breadcrumb\":{\"@id\":\"https:\\\/\\\/hueleaazufre.com\\\/wordpress_a\\\/index.php\\\/2024\\\/09\\\/30\\\/la-izquierda-en-america-latina-tendencias-y-perspectivas-ii\\\/#breadcrumb\"},\"inLanguage\":\"es\",\"potentialAction\":[{\"@type\":\"ReadAction\",\"target\":[\"https:\\\/\\\/hueleaazufre.com\\\/wordpress_a\\\/index.php\\\/2024\\\/09\\\/30\\\/la-izquierda-en-america-latina-tendencias-y-perspectivas-ii\\\/\"]}]},{\"@type\":\"ImageObject\",\"inLanguage\":\"es\",\"@id\":\"https:\\\/\\\/hueleaazufre.com\\\/wordpress_a\\\/index.php\\\/2024\\\/09\\\/30\\\/la-izquierda-en-america-latina-tendencias-y-perspectivas-ii\\\/#primaryimage\",\"url\":\"https:\\\/\\\/hueleaazufre.com\\\/wordpress_a\\\/wp-content\\\/uploads\\\/2024\\\/09\\\/andividtualizat-146152f5-f1de-484f-9ff3-d58409524e6d.png\",\"contentUrl\":\"https:\\\/\\\/hueleaazufre.com\\\/wordpress_a\\\/wp-content\\\/uploads\\\/2024\\\/09\\\/andividtualizat-146152f5-f1de-484f-9ff3-d58409524e6d.png\",\"width\":1024,\"height\":1024,\"caption\":\"izquierda en Am\u00e9rica Latina.\"},{\"@type\":\"BreadcrumbList\",\"@id\":\"https:\\\/\\\/hueleaazufre.com\\\/wordpress_a\\\/index.php\\\/2024\\\/09\\\/30\\\/la-izquierda-en-america-latina-tendencias-y-perspectivas-ii\\\/#breadcrumb\",\"itemListElement\":[{\"@type\":\"ListItem\",\"position\":1,\"name\":\"Portada\",\"item\":\"https:\\\/\\\/hueleaazufre.com\\\/wordpress_a\\\/\"},{\"@type\":\"ListItem\",\"position\":2,\"name\":\"La izquierda en Am\u00e9rica Latina. Tendencias y perspectivas (II)\"}]},{\"@type\":\"WebSite\",\"@id\":\"https:\\\/\\\/hueleaazufre.com\\\/wordpress_a\\\/#website\",\"url\":\"https:\\\/\\\/hueleaazufre.com\\\/wordpress_a\\\/\",\"name\":\"\",\"description\":\"Huele a azufre es una plataforma digital de an\u00e1lisis geopol\u00edtico.\",\"potentialAction\":[{\"@type\":\"SearchAction\",\"target\":{\"@type\":\"EntryPoint\",\"urlTemplate\":\"https:\\\/\\\/hueleaazufre.com\\\/wordpress_a\\\/?s={search_term_string}\"},\"query-input\":{\"@type\":\"PropertyValueSpecification\",\"valueRequired\":true,\"valueName\":\"search_term_string\"}}],\"inLanguage\":\"es\"},{\"@type\":\"Person\",\"@id\":\"https:\\\/\\\/hueleaazufre.com\\\/wordpress_a\\\/#\\\/schema\\\/person\\\/549dd871707ea7f9f1a686323ebe9baa\",\"name\":\"Huele a azufre\",\"image\":{\"@type\":\"ImageObject\",\"inLanguage\":\"es\",\"@id\":\"https:\\\/\\\/secure.gravatar.com\\\/avatar\\\/e972d5c124b9bf80eb4c9d322a90dd86a59d447f5da36700a77516f13637d44e?s=96&d=mm&r=g\",\"url\":\"https:\\\/\\\/secure.gravatar.com\\\/avatar\\\/e972d5c124b9bf80eb4c9d322a90dd86a59d447f5da36700a77516f13637d44e?s=96&d=mm&r=g\",\"contentUrl\":\"https:\\\/\\\/secure.gravatar.com\\\/avatar\\\/e972d5c124b9bf80eb4c9d322a90dd86a59d447f5da36700a77516f13637d44e?s=96&d=mm&r=g\",\"caption\":\"Huele a azufre\"},\"description\":\"Huele a azufre es una plataforma digital de an\u00e1lisis geopol\u00edtico\u00a0 contrahegem\u00f3nico, que busca visibilizar las voces y los discursos silenciados por el poder medi\u00e1tico.\",\"sameAs\":[\"https:\\\/\\\/hueleaazufre.com\\\/wordpress_a\"],\"url\":\"https:\\\/\\\/hueleaazufre.com\\\/wordpress_a\\\/index.php\\\/author\\\/admin_tupapa\\\/\"}]}<\/script>\n<!-- \/ Yoast SEO plugin. -->","yoast_head_json":{"title":"La izquierda en Am\u00e9rica Latina. Tendencias y perspectivas (II) -","description":"Izquierda en Am\u00e9rica Latina. Durante los primeros 15 a\u00f1os de este siglo, Am\u00e9rica Latina y el Caribe fue testigo de una serie de procesos...","robots":{"index":"index","follow":"follow","max-snippet":"max-snippet:-1","max-image-preview":"max-image-preview:large","max-video-preview":"max-video-preview:-1"},"canonical":"https:\/\/hueleaazufre.com\/wordpress_a\/index.php\/2024\/09\/30\/la-izquierda-en-america-latina-tendencias-y-perspectivas-ii\/","og_locale":"es_ES","og_type":"article","og_title":"La izquierda en Am\u00e9rica Latina. Tendencias y perspectivas (II) -","og_description":"Izquierda en Am\u00e9rica Latina. Durante los primeros 15 a\u00f1os de este siglo, Am\u00e9rica Latina y el Caribe fue testigo de una serie de procesos...","og_url":"https:\/\/hueleaazufre.com\/wordpress_a\/index.php\/2024\/09\/30\/la-izquierda-en-america-latina-tendencias-y-perspectivas-ii\/","article_published_time":"2024-09-30T16:14:05+00:00","og_image":[{"width":1024,"height":1024,"url":"https:\/\/hueleaazufre.com\/wordpress_a\/wp-content\/uploads\/2024\/09\/andividtualizat-146152f5-f1de-484f-9ff3-d58409524e6d.png","type":"image\/png"}],"author":"Huele a azufre","twitter_card":"summary_large_image","twitter_misc":{"Escrito por":"Huele a azufre","Tiempo de lectura":"9 minutos"},"schema":{"@context":"https:\/\/schema.org","@graph":[{"@type":"Article","@id":"https:\/\/hueleaazufre.com\/wordpress_a\/index.php\/2024\/09\/30\/la-izquierda-en-america-latina-tendencias-y-perspectivas-ii\/#article","isPartOf":{"@id":"https:\/\/hueleaazufre.com\/wordpress_a\/index.php\/2024\/09\/30\/la-izquierda-en-america-latina-tendencias-y-perspectivas-ii\/"},"author":{"name":"Huele a azufre","@id":"https:\/\/hueleaazufre.com\/wordpress_a\/#\/schema\/person\/549dd871707ea7f9f1a686323ebe9baa"},"headline":"La izquierda en Am\u00e9rica Latina. Tendencias y perspectivas (II)","datePublished":"2024-09-30T16:14:05+00:00","mainEntityOfPage":{"@id":"https:\/\/hueleaazufre.com\/wordpress_a\/index.php\/2024\/09\/30\/la-izquierda-en-america-latina-tendencias-y-perspectivas-ii\/"},"wordCount":2060,"commentCount":0,"image":{"@id":"https:\/\/hueleaazufre.com\/wordpress_a\/index.php\/2024\/09\/30\/la-izquierda-en-america-latina-tendencias-y-perspectivas-ii\/#primaryimage"},"thumbnailUrl":"https:\/\/hueleaazufre.com\/wordpress_a\/wp-content\/uploads\/2024\/09\/andividtualizat-146152f5-f1de-484f-9ff3-d58409524e6d.png","keywords":["Am\u00e9rica Latina","Caribe","Cuba","Izquierda","Venezuela"],"articleSection":["Otras voces","Sergio Rodr\u00edguez Gelfenstein"],"inLanguage":"es","potentialAction":[{"@type":"CommentAction","name":"Comment","target":["https:\/\/hueleaazufre.com\/wordpress_a\/index.php\/2024\/09\/30\/la-izquierda-en-america-latina-tendencias-y-perspectivas-ii\/#respond"]}]},{"@type":"WebPage","@id":"https:\/\/hueleaazufre.com\/wordpress_a\/index.php\/2024\/09\/30\/la-izquierda-en-america-latina-tendencias-y-perspectivas-ii\/","url":"https:\/\/hueleaazufre.com\/wordpress_a\/index.php\/2024\/09\/30\/la-izquierda-en-america-latina-tendencias-y-perspectivas-ii\/","name":"La izquierda en Am\u00e9rica Latina. Tendencias y perspectivas (II) -","isPartOf":{"@id":"https:\/\/hueleaazufre.com\/wordpress_a\/#website"},"primaryImageOfPage":{"@id":"https:\/\/hueleaazufre.com\/wordpress_a\/index.php\/2024\/09\/30\/la-izquierda-en-america-latina-tendencias-y-perspectivas-ii\/#primaryimage"},"image":{"@id":"https:\/\/hueleaazufre.com\/wordpress_a\/index.php\/2024\/09\/30\/la-izquierda-en-america-latina-tendencias-y-perspectivas-ii\/#primaryimage"},"thumbnailUrl":"https:\/\/hueleaazufre.com\/wordpress_a\/wp-content\/uploads\/2024\/09\/andividtualizat-146152f5-f1de-484f-9ff3-d58409524e6d.png","datePublished":"2024-09-30T16:14:05+00:00","author":{"@id":"https:\/\/hueleaazufre.com\/wordpress_a\/#\/schema\/person\/549dd871707ea7f9f1a686323ebe9baa"},"description":"Izquierda en Am\u00e9rica Latina. Durante los primeros 15 a\u00f1os de este siglo, Am\u00e9rica Latina y el Caribe fue testigo de una serie de procesos...","breadcrumb":{"@id":"https:\/\/hueleaazufre.com\/wordpress_a\/index.php\/2024\/09\/30\/la-izquierda-en-america-latina-tendencias-y-perspectivas-ii\/#breadcrumb"},"inLanguage":"es","potentialAction":[{"@type":"ReadAction","target":["https:\/\/hueleaazufre.com\/wordpress_a\/index.php\/2024\/09\/30\/la-izquierda-en-america-latina-tendencias-y-perspectivas-ii\/"]}]},{"@type":"ImageObject","inLanguage":"es","@id":"https:\/\/hueleaazufre.com\/wordpress_a\/index.php\/2024\/09\/30\/la-izquierda-en-america-latina-tendencias-y-perspectivas-ii\/#primaryimage","url":"https:\/\/hueleaazufre.com\/wordpress_a\/wp-content\/uploads\/2024\/09\/andividtualizat-146152f5-f1de-484f-9ff3-d58409524e6d.png","contentUrl":"https:\/\/hueleaazufre.com\/wordpress_a\/wp-content\/uploads\/2024\/09\/andividtualizat-146152f5-f1de-484f-9ff3-d58409524e6d.png","width":1024,"height":1024,"caption":"izquierda en Am\u00e9rica Latina."},{"@type":"BreadcrumbList","@id":"https:\/\/hueleaazufre.com\/wordpress_a\/index.php\/2024\/09\/30\/la-izquierda-en-america-latina-tendencias-y-perspectivas-ii\/#breadcrumb","itemListElement":[{"@type":"ListItem","position":1,"name":"Portada","item":"https:\/\/hueleaazufre.com\/wordpress_a\/"},{"@type":"ListItem","position":2,"name":"La izquierda en Am\u00e9rica Latina. Tendencias y perspectivas (II)"}]},{"@type":"WebSite","@id":"https:\/\/hueleaazufre.com\/wordpress_a\/#website","url":"https:\/\/hueleaazufre.com\/wordpress_a\/","name":"","description":"Huele a azufre es una plataforma digital de an\u00e1lisis geopol\u00edtico.","potentialAction":[{"@type":"SearchAction","target":{"@type":"EntryPoint","urlTemplate":"https:\/\/hueleaazufre.com\/wordpress_a\/?s={search_term_string}"},"query-input":{"@type":"PropertyValueSpecification","valueRequired":true,"valueName":"search_term_string"}}],"inLanguage":"es"},{"@type":"Person","@id":"https:\/\/hueleaazufre.com\/wordpress_a\/#\/schema\/person\/549dd871707ea7f9f1a686323ebe9baa","name":"Huele a azufre","image":{"@type":"ImageObject","inLanguage":"es","@id":"https:\/\/secure.gravatar.com\/avatar\/e972d5c124b9bf80eb4c9d322a90dd86a59d447f5da36700a77516f13637d44e?s=96&d=mm&r=g","url":"https:\/\/secure.gravatar.com\/avatar\/e972d5c124b9bf80eb4c9d322a90dd86a59d447f5da36700a77516f13637d44e?s=96&d=mm&r=g","contentUrl":"https:\/\/secure.gravatar.com\/avatar\/e972d5c124b9bf80eb4c9d322a90dd86a59d447f5da36700a77516f13637d44e?s=96&d=mm&r=g","caption":"Huele a azufre"},"description":"Huele a azufre es una plataforma digital de an\u00e1lisis geopol\u00edtico\u00a0 contrahegem\u00f3nico, que busca visibilizar las voces y los discursos silenciados por el poder medi\u00e1tico.","sameAs":["https:\/\/hueleaazufre.com\/wordpress_a"],"url":"https:\/\/hueleaazufre.com\/wordpress_a\/index.php\/author\/admin_tupapa\/"}]}},"_links":{"self":[{"href":"https:\/\/hueleaazufre.com\/wordpress_a\/index.php\/wp-json\/wp\/v2\/posts\/1643","targetHints":{"allow":["GET"]}}],"collection":[{"href":"https:\/\/hueleaazufre.com\/wordpress_a\/index.php\/wp-json\/wp\/v2\/posts"}],"about":[{"href":"https:\/\/hueleaazufre.com\/wordpress_a\/index.php\/wp-json\/wp\/v2\/types\/post"}],"author":[{"embeddable":true,"href":"https:\/\/hueleaazufre.com\/wordpress_a\/index.php\/wp-json\/wp\/v2\/users\/1"}],"replies":[{"embeddable":true,"href":"https:\/\/hueleaazufre.com\/wordpress_a\/index.php\/wp-json\/wp\/v2\/comments?post=1643"}],"version-history":[{"count":1,"href":"https:\/\/hueleaazufre.com\/wordpress_a\/index.php\/wp-json\/wp\/v2\/posts\/1643\/revisions"}],"predecessor-version":[{"id":1645,"href":"https:\/\/hueleaazufre.com\/wordpress_a\/index.php\/wp-json\/wp\/v2\/posts\/1643\/revisions\/1645"}],"wp:featuredmedia":[{"embeddable":true,"href":"https:\/\/hueleaazufre.com\/wordpress_a\/index.php\/wp-json\/wp\/v2\/media\/1644"}],"wp:attachment":[{"href":"https:\/\/hueleaazufre.com\/wordpress_a\/index.php\/wp-json\/wp\/v2\/media?parent=1643"}],"wp:term":[{"taxonomy":"category","embeddable":true,"href":"https:\/\/hueleaazufre.com\/wordpress_a\/index.php\/wp-json\/wp\/v2\/categories?post=1643"},{"taxonomy":"post_tag","embeddable":true,"href":"https:\/\/hueleaazufre.com\/wordpress_a\/index.php\/wp-json\/wp\/v2\/tags?post=1643"}],"curies":[{"name":"wp","href":"https:\/\/api.w.org\/{rel}","templated":true}]}}