{"id":1646,"date":"2024-10-01T13:00:36","date_gmt":"2024-10-01T13:00:36","guid":{"rendered":"https:\/\/hueleaazufre.com\/wordpress_a\/?p=1646"},"modified":"2024-10-01T13:03:29","modified_gmt":"2024-10-01T13:03:29","slug":"colombia-los-retos-ante-el-nuevo-quiebre-politico","status":"publish","type":"post","link":"https:\/\/hueleaazufre.com\/wordpress_a\/index.php\/2024\/10\/01\/colombia-los-retos-ante-el-nuevo-quiebre-politico\/","title":{"rendered":"Colombia: Los retos ante el nuevo quiebre pol\u00edtico"},"content":{"rendered":"<p><em><span class=\"photo-credit\">(Foto: Foreign Policy)<\/span><\/em><\/p>\n<p>El regreso de la ultraderecha al poder del ejecutivo es una tendencia factible en este momento, la que en parte brota de las dificultades a las que ha sido enfrentado el gobierno de Petro. Tal posibilidad debe ser valorada permanentemente, en tanto podr\u00eda darse un escenario m\u00e1s complicado que el de Brasil con Bolsonaro, o Miley en Argentina, al considerarse el creciente poder paramilitar en varias regiones del pa\u00eds, fuerza tendiente a reconstituir el viejo r\u00e9gimen, al estilo de Uribe y sus falsos positivos. Por eso, asistimos a un posible recambio que podr\u00eda invertir la correlaci\u00f3n de fuerzas consolidada en las protestas de 2019 y 2021, raz\u00f3n por la cual es necesario poner a consideraci\u00f3n un r\u00e1pido ajuste en la orientaci\u00f3n de las luchas.<\/p>\n<p>En el an\u00e1lisis, es importante recordar la tendencia de largo plazo <em>en la que nos encontramos sumergidos<\/em>. Se trata de la crisis del capitalismo colombiano que se alarga durante varias d\u00e9cadas y cobra formas como la de una democracia elitista y de papel, una guerra civil cr\u00f3nica de baja intensidad y la creciente degradaci\u00f3n moral y cultural, condiciones convertidas en los medios extraordinarios y privilegiados bajo los cuales el gran capital, con sus partidos de ultraderecha y derecha, ejercen el poder. Esa permanente presi\u00f3n, que se descarga con violencias contra los trabajadores y dem\u00e1s sectores sociales del campo y la ciudad, termin\u00f3 por generar una situaci\u00f3n de agobio total, que fue respondida por medio de las protestas de 2019 y 2021, en claro reclamo de una salida a la crisis estructural que la supere.<\/p>\n<p>Las protestas de 2019 y 2021 pusieron en evidencia que la ultraderecha <em>perd\u00eda la direcci\u00f3n<\/em> que ven\u00eda ejerciendo en el pa\u00eds, debido al pleno fracaso de su programa pol\u00edtico, dirigido a favorecer al gran capital y su libre movimiento para explotar. Esa p\u00e9rdida de direcci\u00f3n pol\u00edtica se consolid\u00f3 cuando el gobierno de Duque cerr\u00f3 las puertas a los m\u00e1s m\u00ednimos cambios, al desestimar a las comisiones que acudieron a la Casa de Nari\u00f1o para negociar el cese del paro y apuntalar a la polic\u00eda y el ej\u00e9rcito contra los manifestantes. En ese punto, la direcci\u00f3n pol\u00edtica qued\u00f3 abierta a la disputa, y las fuerzas del partido Colombia Humana fueron capaces de maniobrar y crecer sobre el descontento. En contraste, el resto de la izquierda no tuvo la suficiente iniciativa y capacidad para compaginarse con la situaci\u00f3n, debido especialmente a su desconexi\u00f3n con el proletariado joven de las ciudades, que es el que m\u00e1s soporta la falta de empleo, educaci\u00f3n o vivienda, llegando hasta el parad\u00f3jico punto de negarse a asumir el papel de dirigencia, el que se supone han estado disputando desde hace varias d\u00e9cadas.<\/p>\n<p>En esa significativa coyuntura, el partido de la Colombia Humana fue muy sagaz, de un lado Gustavo Bol\u00edvar acompa\u00f1aba simb\u00f3licamente a los j\u00f3venes en las calles, mientras Petro se resguardaba y constru\u00eda la capacidad para encauzar el desbordado descontento social por el camino institucional-electoral. Esa perspectiva fue alentada por una parte de los partidos de izquierda institucional y las dirigencias del movimiento social, las que incluso propendieron por desactivar la movilizaci\u00f3n en favor de la posterior lucha electoral, mientras otra fracci\u00f3n breg\u00f3 en el sustento de las luchas y su proyecci\u00f3n hacia una fuerza pol\u00edtica con autonom\u00eda de clase expresada mediante una Asamblea Nacional Popular, sin que pudiese tornarse mayoritaria. Entonces, la negativa del gobierno de Duque fue traducida en sentimiento de frustraci\u00f3n y convertida en consiga para derrotar a la ultraderecha en las siguientes elecciones, como sucedi\u00f3 a fines de 2022. De esa manera el \u201cpetrismo\u201d, ahora ampliado por medio de una alianza de peque\u00f1os partidos que representan la izquierda institucionalista, <em>asumi\u00f3 la direcci\u00f3n intelectual y moral<\/em> sobre los sectores proletarios y populares, los que pasaron a asimilar su programa de gobierno como la ruta de una potencial salida a la crisis.<\/p>\n<p>Cerradas las protestas, la lucha se desplaz\u00f3 hacia la consolidaci\u00f3n program\u00e1tica de propuestas que lograsen encauzar a las mayor\u00edas del pa\u00eds.\u00a0 En ese nuevo momento el petrismo tom\u00f3 la delantera, mientras que las iniciativas del movimiento social s\u00f3lo alcanzaron para una lista extendida de iniciativas sin llegar a perfilar un proyecto de alternativo. A su vez, la izquierda proletaria no cont\u00f3 con una iniciativa fuerte y coherente, de modo que una buena parte de ella asumi\u00f3 un lugar de subordinaci\u00f3n, de acople program\u00e1tico y de acomodo al plano parlamentarista, promovi\u00e9ndose una tendencia hacia su burocratizaci\u00f3n.<\/p>\n<p>El programa de gobierno de Petro, en forma muy sint\u00e9tica, descans\u00f3 en la figura <em>de la transici\u00f3n<\/em>, en la idea de avanzar hacia una situaci\u00f3n de paz total que se soportase en un conjunto de reformas (salud, educaci\u00f3n, pensiones, laboral, a la justicia, de participaci\u00f3n pol\u00edtica\u2026), y en un cambio de matriz energ\u00e9tica, productiva y exportadora. Es decir, apropi\u00f3 buena parte de las demandas del movimiento social y las orient\u00f3 hacia una situaci\u00f3n <em>de conciliaci\u00f3n de clases<\/em> \u2013acuerdo nacional- destinada a relanzar el capitalismo. Requiri\u00e9ndose para su realizaci\u00f3n la desmovilizaci\u00f3n de grupos armados, el apoyo de los trabajadores y sectores sociales y el compromiso de cambio de la gran burgues\u00eda.<\/p>\n<p>Frente a esa propuesta, aquellas que pudieron brotar desde los movimientos sociales y del resto de la izquierda fueron de menor envergadura, o simplemente balbuceantes o inexistentes, resultando inapropiadas frente a la nueva situaci\u00f3n y devel\u00e1ndose su incapacidad para disputar la direcci\u00f3n pol\u00edtica. En consecuencia, como afirmar\u00eda Lenin, el proletariado y dem\u00e1s sectores y clases populares fueron puestos bajo la direcci\u00f3n de un programa caracter\u00edstico de la peque\u00f1a burgues\u00eda, y por ese medio, en \u00faltima instancia, de la burgues\u00eda nacional, en tanto que la transici\u00f3n no se plantea en ir m\u00e1s all\u00e1 de las relaciones capitalistas, reales causantes de la crisis general en que est\u00e1 sumida nuestra sociedad.<\/p>\n<p>Ahora bien, esa situaci\u00f3n de relativa hegemon\u00eda pol\u00edtica ha empezado nuevamente a \u201cfracturarse\u201d debido al fracaso de la salida mediante la conciliaci\u00f3n de clases para relanzar el capitalismo. De un lado, las negociaciones de paz con los diferentes grupos armados no han avanzado, y m\u00e1s bien es notorio su fortalecimiento militar, especialmente de los grupos paramilitares y sus bandas urbanas. De otro, los partidos que conforman la ultraderecha lograron bloquear las reformas y cercar al gobierno mediante el destape de esc\u00e1ndalos de corrupci\u00f3n e inefectividad en la ejecuci\u00f3n de los programas de gobierno, condiciones que han sido amplificadas por sus empresas capitalistas de comunicaci\u00f3n y convertidas en un medio que les permite ocupar las calles mediante importantes movilizaciones de masas.<\/p>\n<p>En este momento, el gobierno aparece cercado y muy desgastado, siendo su pol\u00edtica fundamentalmente defensiva al agitar la amenaza del golpe suave, a lo que se suman denuncias \u2013cre\u00edbles- de intentos de magnicidio. Sus dos frentes de batalla est\u00e1n estancados, porque no hay resultado de paz y las reformas est\u00e1n en el l\u00edmite de su hundimiento, y a la vez ha centrado su acci\u00f3n pol\u00edtica en las zonas rurales alejadas donde los temas ambientales y de violencia son apremiantes, priorizaci\u00f3n que le ha llevado a descuidar y desconectarse de los sectores proletarios urbanos, en especial los j\u00f3venes, quienes fueron fundamentales tanto en el momento de las protestas como en la victoria electoral. Por ello, la posibilidad de relanzar al capitalismo y reorganizar la sociedad por medio de la conciliaci\u00f3n, como f\u00f3rmula de salida de la crisis, queda obturada.<\/p>\n<p>Llegados a este punto, es evidente que <strong><em>la situaci\u00f3n pol\u00edtica se caracteriza por una especie de nuevo quiebre<\/em><\/strong>, en el que nuevamente emerge la cuesti\u00f3n de qu\u00e9 clase y sector podr\u00e1 asumir la direcci\u00f3n pol\u00edtica, y hegemonizar los destinos del pa\u00eds.<\/p>\n<p>De un lado, la ultraderecha ha logrado ganar posiciones al interior de las instituciones, los gremios, las empresas de comunicaci\u00f3n, las regiones en abierto conflicto, y en las calles mediante movilizaci\u00f3n. Su fortalecimiento abre la posibilidad cierta de su regreso al ejecutivo, creando una situaci\u00f3n algo comprable a la que vivi\u00f3 Brasil con Bolsonaro, o que enfrenta Argentina con Miley. Pero aqu\u00ed, significa una vuelta en la relaci\u00f3n de fuerzas abierta en 2019, que podr\u00eda ser de una magnitud peor, debido a la ampliaci\u00f3n territorial de las fuerzas de los paramilitares, tanto en regiones apartadas, como en las grandes ciudades, por medio de sus bandas.<\/p>\n<p>Por su lado, el gobierno intenta salir lo menos mal librado en el tiempo que les resta de mandato, mediante el relanzamiento de su iniciativa de pacto inter-clasista. Para ello, procura mejorar su maniobrabilidad y gesti\u00f3n nombrando como su escudero al ministro de Interior a J. Fernando Cristo, un cuadro santista m\u00e1s cercano a los intereses de la burgues\u00eda. Y, a la vez, rehace su v\u00ednculo con las \u201cmayor\u00edas populares\u201d mediante el desarrollo de la Asamblea Nacional por las Reformas, desde la cual se eman\u00f3 una clara agenda pol\u00edtica para la acci\u00f3n, con el objetivo de consolidar al conjunto de la izquierda institucional y parlamentaria como un partido de peso permanente en el tablero de la pol\u00edtica futura. Este intento apunta a neutralizar la ultraderecha mediante una alianza principal con los partidos que representan a la gran burgues\u00eda, en particular el santismo, pretendiendo funcionar como contrapeso hacia la izquierda, en caso de que termine por perder la capacidad de direcci\u00f3n y su fuerza electoral se mengue de cara a las elecciones presidenciales de 2026.<\/p>\n<p>Pero, en el marco de ese nuevo quiebre pol\u00edtico, tambi\u00e9n vuelve a brotar la pregunta sobre cu\u00e1l puede ser una senda de transformaciones posibles que permitan superar la profunda crisis en que estamos sumergidos. El que la propuesta dise\u00f1ada por el actual gobierno haya fracasado virtualmente no implica que la necesidad sobre c\u00f3mo encarar la crisis no siga permaneciendo en el orden del d\u00eda, puesto que su vigencia brota de los problemas antes citados: un capitalismo que no se sostiene sobre sus pies y tampoco logra identificar medios para reactivarse (de all\u00ed las varias y crecientes manifestaciones de crisis: salud, educaci\u00f3n, el\u00e9ctrica, de las pensiones, ambiental, de desempleo, productiva, entre muchas), una democracia de papel y elitista, y una guerra civil cr\u00f3nica, como medio de control sobre la poblaci\u00f3n inconforme. Por esto mismo, sigue siendo viable y necesario <em>consolidar una salida proletaria y popular a la crisis<\/em>, realidad que demanda identificar qu\u00e9 tipo de pasos, reformas y transformaciones estructurales son necesarias y mediante cuales formas y medios ser\u00e1 posible hacerla realidad.<\/p>\n<p>Es decir, el nuevo quiebre pol\u00edtico abre posibilidades y retos para que la izquierda proletario-popular tome la iniciativa en direcci\u00f3n a posibilitar una salida real a la crisis. Pero, en la actual condici\u00f3n, la situaci\u00f3n es m\u00e1s compleja porque un mayor desgaste del gobierno, o situaciones l\u00edmites a su colapso, remozar\u00eda la tendencia de la ultraderecha, con las subsecuentes afecciones a los movimientos sociales y organizaciones de izquierda. Es por ello que se impone una capacidad de maniobra mediante la cual, por un lado, se constituyan apoyos a la coalici\u00f3n del gobierno, a fin de evitar que la derecha se fortalezca m\u00e1s. Pero, del otro, a su vez, se debe impedir la neutralizaci\u00f3n de la acci\u00f3n cr\u00edtica por izquierda, y, sobre todo, la supeditaci\u00f3n del acumulado de las luchas proletarias a la mera defensa abstracta de la democracia contra el fascismo, como recientemente ha sucedido en Brasil, Argentina o Francia.<\/p>\n<p>En ese sentido, es importante impedir que los acumulados de las luchas proletario-populares sean colocados abiertamente al servicio de un gobierno de coalici\u00f3n con la derecha. Vale recordar que desde 2021 las protestas y movilizaciones han sido muy activas, pero en cuanto sus reivindicaciones a\u00fan carecen de horizonte estrat\u00e9gico resulta predominante el gremialismo, la particularidad y el economicismo, raz\u00f3n por la cual pierden efectividad y pueden ser manipuladas por quienes promueven la <em>institucionalizaci\u00f3n, el acomodamiento y el oportunismo<\/em>, caracter\u00edsticas que anidan en buena parte de la dirigencia de los partidos de izquierda y del movimiento social. Es por tanto necesario luchar contra la tendencia que pretende reducir la pol\u00edtica de alianzas y de lucha contra la ultraderecha a un medio para el mero acomodamiento al r\u00e9gimen pol\u00edtico, es decir contra aquellos que hacen de la acci\u00f3n institucional y parlamentaria el centro de las luchas, como si los problemas y la crisis del pa\u00eds se redujesen a las formas de la pol\u00edtica, pretendiendo con ello administrar y domesticar el agobio en que se desenvuelve la vida cotidiana de la poblaci\u00f3n.<\/p>\n<p>Se debe entonces evitar que el acumulado de fuerzas sociales sea reducido a la pol\u00edtica conciliadora, que al fin de cuentas las doblega al mando del capital y de sus fracciones reformistas. Para ello, la pol\u00edtica de apoyo al reformismo debe sostenerse en una postura con iniciativa, autonom\u00eda, capacidad de cr\u00edtica y sobre todo de acci\u00f3n, que se traduzca en la neutralizaci\u00f3n del oportunismo y del acomodamiento que promueven las dirigencias y los nuevos funcionarios del Estado, como del avance de la ultraderecha. Por eso, a su vez, <strong>resulta <em>decisivo consolidar y difundir la propuesta program\u00e1tica alternativa<\/em><\/strong>, pues <em>es la manera concreta a trav\u00e9s de la cual el proletariado &#8211;<\/em>que en la actualidad engloba la gran mayor\u00eda de las masas populares y sociales<em>&#8211; se disputa la direcci\u00f3n intelectual y moral<\/em>.<\/p>\n<p>Junto a ello, es necesario llevar el pulso sobre c\u00f3mo se desenvuelven las luchas pol\u00edticas en el periodo antecedente a las elecciones de 2026. Esto porque la ultraderecha se ha manifestado por un escenario en que logra sacar a Petro del gobierno, o cuando menos crea situaciones cercanas a su colapso, pues con ello propaga su discurso autoritario y anti-popular. Por lo pronto, los grandes capitales no parecen apoyar decididamente esa perspectiva, pues saben que la inestabilidad pol\u00edtica acarrea grandes costos econ\u00f3micos, y su situaci\u00f3n no da para tanto, debi\u00e9ndose interpretar en esa direcci\u00f3n el tremendo espaldarazo del embajador de los EEUU al actual gobierno, mediante en entrevista con Caracol Radio, en temas como Venezuela, manejo anti-drogas y las amenazas reales de asesinato. No obstante, la tendencia al cerco y desgaste del gobierno se acentuar\u00e1 a medida que se acerquen las elecciones, momento en que la disputa se tornar\u00e1 m\u00e1s que agr\u00eda, y en el cual ser\u00e1 necesario ser certeros en lo que significa contener a la ultraderecha, mediante el apoyo al gobierno, pero en el prop\u00f3sito de avanzar en espacios, ganar posiciones y lograr que las masas proletarias retomen la iniciativa alcanzada en 2022, momento en que las protestas se mostraron como la v\u00eda m\u00e1s adecuada para imponerle ciertas condiciones a la burgues\u00eda, plantando con ello la bandera por construir una salida proletaria y popular a la crisis.<\/p>\n<p>En esa direcci\u00f3n, el llamado de la Asamblea Nacional por las Reformas a constituir un Frente Amplio Social y Pol\u00edtico, a partir de <strong><em>Coordinadoras por el Cambio en municipios y departamentos<\/em><\/strong>, genera un espacio para la batalla intelectual, moral y pol\u00edtica, marco en el que es necesario ampliar el debate sobre la orientaci\u00f3n general que debe tener la salida a la crisis, el modo en que las reformas logren un verdadero contenido transformador, y que la democracia pueda ser entendida m\u00e1s all\u00e1 del elitismo y la representaci\u00f3n. Todo esto, para que como lo afirma el manifiesto de la Asamblea, se potencie la organizaci\u00f3n y movilizaci\u00f3n y se fomente el Poder Popular. Es decir, si estas Coordinadoras lograsen abrirse y recoger las iniciativas y propuestas que se vienen impulsando desde varios sectores, por ejemplo, las asambleas que vienen propiciando las juventudes proletarias, se podr\u00eda avanzar a una correlaci\u00f3n en que la postura proletario-popular pasase a ser decisoria y orientadora de los escenarios futuros en la disputa con la burgues\u00eda.<\/p>\n<p>Por tanto, en el marco del nuevo quiebre de direcci\u00f3n, la disputa por la orientaci\u00f3n de las masas pasa por adecuar la acci\u00f3n inmediata, por saber <strong><em>posicionarse en las Coordinadoras desde su impulso inicial<\/em><\/strong>, para desde ellas disputar todo el enfoque program\u00e1tico, no s\u00f3lo de cara a las lecciones de 2026, sino en una mirada puesta en la salida proletario-popular a la crisis. En ello, es importante que las Coordinadoras se conviertan en reales mecanismos de impulso de las asambleas populares -en f\u00e1bricas, universidades, barrios, veredas- en medio de las cuales se discutan los problemas y salidas que requiere el pa\u00eds. Es decir, <strong><em>las asambleas populares son un espacio a privilegiar en la disputa por la direcci\u00f3n intelectual y pol\u00edtica de las masas proletarias y populares<\/em><\/strong>, para que superen el actual dominio reformista mediante el cual se pretende que las luchas queden circunscritas a los estrechos l\u00edmites que impone el decadente capitalismo y su desgastada democracia burguesa.<\/p>\n<p>En esa direcci\u00f3n cr\u00edtica es que, desde 2019 <em>hemos propendido por una salida proletario-popular a la profunda crisis social del pa\u00eds<\/em>, entendida como un proceso que va mucho m\u00e1s all\u00e1 de las meras reformas. Por eso hemos planteado que inicialmente el conjunto de reformas sociales y econ\u00f3micas deben orientarse hacia una <em>Econom\u00eda de Fondos P\u00fablicos<\/em> bajo la cual se constituyan no s\u00f3lo Fondos de Inversi\u00f3n para el Desarrollo de las fuerzas productivas a fin de generar empleos productivos, con cobertura social universal y bien remunerados, sino que sustancialmente se dise\u00f1en e implementen Grupos Empresariales de Econom\u00eda Social P\u00fablica caracterizados por <em>la gesti\u00f3n popular de los trabajadores<\/em>, para que pasen a cubrir \u00e1reas vitales como pensiones, salud, educaci\u00f3n, ciencia y tecnolog\u00eda, insumos agropecuarios, transporte y distribuci\u00f3n, sistema de comedores populares, producci\u00f3n de vivienda, explotaci\u00f3n, aprovechamiento de recursos mineros y energ\u00e9ticos, entre otras muchas actividades. Siendo todo esto apenas la base material sobre la cual se <em>pueda ir constituyendo una democracia proletario-popular<\/em> cuyo sustrato fundamental sean los distintos modos de las asambleas populares que actualmente facilitan y vehiculizan la participaci\u00f3n directa de los proletarios y dem\u00e1s sectores sociales fundamentales del pa\u00eds.<\/p>\n<p><strong>Autor: Edgar Fern\u00e1ndez*<\/strong><\/p>\n<p>*Economista colombiano, integrante del Centro de Pensamiento y Teor\u00eda Cr\u00edtica.<\/p>\n","protected":false},"excerpt":{"rendered":"<p>(Foto: Foreign Policy) El regreso de la ultraderecha al poder del ejecutivo es una tendencia&#8230;<\/p>\n","protected":false},"author":1,"featured_media":1647,"comment_status":"open","ping_status":"closed","sticky":false,"template":"","format":"standard","meta":{"footnotes":""},"categories":[70],"tags":[57,116],"class_list":["post-1646","post","type-post","status-publish","format-standard","has-post-thumbnail","hentry","category-otras-voces","tag-colombia","tag-gustavo-petro"],"yoast_head":"<!-- This site is optimized with the Yoast SEO plugin v27.5 - https:\/\/yoast.com\/product\/yoast-seo-wordpress\/ -->\n<title>Colombia: Los retos ante el nuevo quiebre pol\u00edtico -<\/title>\n<meta name=\"robots\" content=\"index, follow, max-snippet:-1, max-image-preview:large, max-video-preview:-1\" \/>\n<link rel=\"canonical\" href=\"https:\/\/hueleaazufre.com\/wordpress_a\/index.php\/2024\/10\/01\/colombia-los-retos-ante-el-nuevo-quiebre-politico\/\" \/>\n<meta property=\"og:locale\" content=\"es_ES\" \/>\n<meta property=\"og:type\" content=\"article\" \/>\n<meta property=\"og:title\" content=\"Colombia: Los retos ante el nuevo quiebre pol\u00edtico -\" \/>\n<meta property=\"og:description\" content=\"(Foto: Foreign Policy) El regreso de la ultraderecha al poder del ejecutivo es una tendencia...\" \/>\n<meta property=\"og:url\" content=\"https:\/\/hueleaazufre.com\/wordpress_a\/index.php\/2024\/10\/01\/colombia-los-retos-ante-el-nuevo-quiebre-politico\/\" \/>\n<meta property=\"article:published_time\" content=\"2024-10-01T13:00:36+00:00\" \/>\n<meta property=\"article:modified_time\" content=\"2024-10-01T13:03:29+00:00\" \/>\n<meta property=\"og:image\" content=\"https:\/\/hueleaazufre.com\/wordpress_a\/wp-content\/uploads\/2024\/10\/petro-davos.png\" \/>\n\t<meta property=\"og:image:width\" content=\"712\" \/>\n\t<meta property=\"og:image:height\" content=\"400\" \/>\n\t<meta property=\"og:image:type\" content=\"image\/png\" \/>\n<meta name=\"author\" content=\"Huele a azufre\" \/>\n<meta name=\"twitter:card\" content=\"summary_large_image\" \/>\n<meta name=\"twitter:label1\" content=\"Escrito por\" \/>\n\t<meta name=\"twitter:data1\" content=\"Huele a azufre\" \/>\n\t<meta name=\"twitter:label2\" content=\"Tiempo de lectura\" \/>\n\t<meta name=\"twitter:data2\" content=\"14 minutos\" \/>\n<script type=\"application\/ld+json\" class=\"yoast-schema-graph\">{\"@context\":\"https:\\\/\\\/schema.org\",\"@graph\":[{\"@type\":\"Article\",\"@id\":\"https:\\\/\\\/hueleaazufre.com\\\/wordpress_a\\\/index.php\\\/2024\\\/10\\\/01\\\/colombia-los-retos-ante-el-nuevo-quiebre-politico\\\/#article\",\"isPartOf\":{\"@id\":\"https:\\\/\\\/hueleaazufre.com\\\/wordpress_a\\\/index.php\\\/2024\\\/10\\\/01\\\/colombia-los-retos-ante-el-nuevo-quiebre-politico\\\/\"},\"author\":{\"name\":\"Huele a azufre\",\"@id\":\"https:\\\/\\\/hueleaazufre.com\\\/wordpress_a\\\/#\\\/schema\\\/person\\\/549dd871707ea7f9f1a686323ebe9baa\"},\"headline\":\"Colombia: Los retos ante el nuevo quiebre pol\u00edtico\",\"datePublished\":\"2024-10-01T13:00:36+00:00\",\"dateModified\":\"2024-10-01T13:03:29+00:00\",\"mainEntityOfPage\":{\"@id\":\"https:\\\/\\\/hueleaazufre.com\\\/wordpress_a\\\/index.php\\\/2024\\\/10\\\/01\\\/colombia-los-retos-ante-el-nuevo-quiebre-politico\\\/\"},\"wordCount\":3144,\"commentCount\":0,\"image\":{\"@id\":\"https:\\\/\\\/hueleaazufre.com\\\/wordpress_a\\\/index.php\\\/2024\\\/10\\\/01\\\/colombia-los-retos-ante-el-nuevo-quiebre-politico\\\/#primaryimage\"},\"thumbnailUrl\":\"https:\\\/\\\/hueleaazufre.com\\\/wordpress_a\\\/wp-content\\\/uploads\\\/2024\\\/10\\\/petro-davos.png\",\"keywords\":[\"Colombia\",\"Gustavo Petro\"],\"articleSection\":[\"Otras voces\"],\"inLanguage\":\"es\",\"potentialAction\":[{\"@type\":\"CommentAction\",\"name\":\"Comment\",\"target\":[\"https:\\\/\\\/hueleaazufre.com\\\/wordpress_a\\\/index.php\\\/2024\\\/10\\\/01\\\/colombia-los-retos-ante-el-nuevo-quiebre-politico\\\/#respond\"]}]},{\"@type\":\"WebPage\",\"@id\":\"https:\\\/\\\/hueleaazufre.com\\\/wordpress_a\\\/index.php\\\/2024\\\/10\\\/01\\\/colombia-los-retos-ante-el-nuevo-quiebre-politico\\\/\",\"url\":\"https:\\\/\\\/hueleaazufre.com\\\/wordpress_a\\\/index.php\\\/2024\\\/10\\\/01\\\/colombia-los-retos-ante-el-nuevo-quiebre-politico\\\/\",\"name\":\"Colombia: Los retos ante el nuevo quiebre pol\u00edtico -\",\"isPartOf\":{\"@id\":\"https:\\\/\\\/hueleaazufre.com\\\/wordpress_a\\\/#website\"},\"primaryImageOfPage\":{\"@id\":\"https:\\\/\\\/hueleaazufre.com\\\/wordpress_a\\\/index.php\\\/2024\\\/10\\\/01\\\/colombia-los-retos-ante-el-nuevo-quiebre-politico\\\/#primaryimage\"},\"image\":{\"@id\":\"https:\\\/\\\/hueleaazufre.com\\\/wordpress_a\\\/index.php\\\/2024\\\/10\\\/01\\\/colombia-los-retos-ante-el-nuevo-quiebre-politico\\\/#primaryimage\"},\"thumbnailUrl\":\"https:\\\/\\\/hueleaazufre.com\\\/wordpress_a\\\/wp-content\\\/uploads\\\/2024\\\/10\\\/petro-davos.png\",\"datePublished\":\"2024-10-01T13:00:36+00:00\",\"dateModified\":\"2024-10-01T13:03:29+00:00\",\"author\":{\"@id\":\"https:\\\/\\\/hueleaazufre.com\\\/wordpress_a\\\/#\\\/schema\\\/person\\\/549dd871707ea7f9f1a686323ebe9baa\"},\"breadcrumb\":{\"@id\":\"https:\\\/\\\/hueleaazufre.com\\\/wordpress_a\\\/index.php\\\/2024\\\/10\\\/01\\\/colombia-los-retos-ante-el-nuevo-quiebre-politico\\\/#breadcrumb\"},\"inLanguage\":\"es\",\"potentialAction\":[{\"@type\":\"ReadAction\",\"target\":[\"https:\\\/\\\/hueleaazufre.com\\\/wordpress_a\\\/index.php\\\/2024\\\/10\\\/01\\\/colombia-los-retos-ante-el-nuevo-quiebre-politico\\\/\"]}]},{\"@type\":\"ImageObject\",\"inLanguage\":\"es\",\"@id\":\"https:\\\/\\\/hueleaazufre.com\\\/wordpress_a\\\/index.php\\\/2024\\\/10\\\/01\\\/colombia-los-retos-ante-el-nuevo-quiebre-politico\\\/#primaryimage\",\"url\":\"https:\\\/\\\/hueleaazufre.com\\\/wordpress_a\\\/wp-content\\\/uploads\\\/2024\\\/10\\\/petro-davos.png\",\"contentUrl\":\"https:\\\/\\\/hueleaazufre.com\\\/wordpress_a\\\/wp-content\\\/uploads\\\/2024\\\/10\\\/petro-davos.png\",\"width\":712,\"height\":400},{\"@type\":\"BreadcrumbList\",\"@id\":\"https:\\\/\\\/hueleaazufre.com\\\/wordpress_a\\\/index.php\\\/2024\\\/10\\\/01\\\/colombia-los-retos-ante-el-nuevo-quiebre-politico\\\/#breadcrumb\",\"itemListElement\":[{\"@type\":\"ListItem\",\"position\":1,\"name\":\"Portada\",\"item\":\"https:\\\/\\\/hueleaazufre.com\\\/wordpress_a\\\/\"},{\"@type\":\"ListItem\",\"position\":2,\"name\":\"Colombia: Los retos ante el nuevo quiebre pol\u00edtico\"}]},{\"@type\":\"WebSite\",\"@id\":\"https:\\\/\\\/hueleaazufre.com\\\/wordpress_a\\\/#website\",\"url\":\"https:\\\/\\\/hueleaazufre.com\\\/wordpress_a\\\/\",\"name\":\"\",\"description\":\"Huele a azufre es una plataforma digital de an\u00e1lisis geopol\u00edtico.\",\"potentialAction\":[{\"@type\":\"SearchAction\",\"target\":{\"@type\":\"EntryPoint\",\"urlTemplate\":\"https:\\\/\\\/hueleaazufre.com\\\/wordpress_a\\\/?s={search_term_string}\"},\"query-input\":{\"@type\":\"PropertyValueSpecification\",\"valueRequired\":true,\"valueName\":\"search_term_string\"}}],\"inLanguage\":\"es\"},{\"@type\":\"Person\",\"@id\":\"https:\\\/\\\/hueleaazufre.com\\\/wordpress_a\\\/#\\\/schema\\\/person\\\/549dd871707ea7f9f1a686323ebe9baa\",\"name\":\"Huele a azufre\",\"image\":{\"@type\":\"ImageObject\",\"inLanguage\":\"es\",\"@id\":\"https:\\\/\\\/secure.gravatar.com\\\/avatar\\\/e972d5c124b9bf80eb4c9d322a90dd86a59d447f5da36700a77516f13637d44e?s=96&d=mm&r=g\",\"url\":\"https:\\\/\\\/secure.gravatar.com\\\/avatar\\\/e972d5c124b9bf80eb4c9d322a90dd86a59d447f5da36700a77516f13637d44e?s=96&d=mm&r=g\",\"contentUrl\":\"https:\\\/\\\/secure.gravatar.com\\\/avatar\\\/e972d5c124b9bf80eb4c9d322a90dd86a59d447f5da36700a77516f13637d44e?s=96&d=mm&r=g\",\"caption\":\"Huele a azufre\"},\"description\":\"Huele a azufre es una plataforma digital de an\u00e1lisis geopol\u00edtico\u00a0 contrahegem\u00f3nico, que busca visibilizar las voces y los discursos silenciados por el poder medi\u00e1tico.\",\"sameAs\":[\"https:\\\/\\\/hueleaazufre.com\\\/wordpress_a\"],\"url\":\"https:\\\/\\\/hueleaazufre.com\\\/wordpress_a\\\/index.php\\\/author\\\/admin_tupapa\\\/\"}]}<\/script>\n<!-- \/ Yoast SEO plugin. -->","yoast_head_json":{"title":"Colombia: Los retos ante el nuevo quiebre pol\u00edtico -","robots":{"index":"index","follow":"follow","max-snippet":"max-snippet:-1","max-image-preview":"max-image-preview:large","max-video-preview":"max-video-preview:-1"},"canonical":"https:\/\/hueleaazufre.com\/wordpress_a\/index.php\/2024\/10\/01\/colombia-los-retos-ante-el-nuevo-quiebre-politico\/","og_locale":"es_ES","og_type":"article","og_title":"Colombia: Los retos ante el nuevo quiebre pol\u00edtico -","og_description":"(Foto: Foreign Policy) El regreso de la ultraderecha al poder del ejecutivo es una tendencia...","og_url":"https:\/\/hueleaazufre.com\/wordpress_a\/index.php\/2024\/10\/01\/colombia-los-retos-ante-el-nuevo-quiebre-politico\/","article_published_time":"2024-10-01T13:00:36+00:00","article_modified_time":"2024-10-01T13:03:29+00:00","og_image":[{"width":712,"height":400,"url":"https:\/\/hueleaazufre.com\/wordpress_a\/wp-content\/uploads\/2024\/10\/petro-davos.png","type":"image\/png"}],"author":"Huele a azufre","twitter_card":"summary_large_image","twitter_misc":{"Escrito por":"Huele a azufre","Tiempo de lectura":"14 minutos"},"schema":{"@context":"https:\/\/schema.org","@graph":[{"@type":"Article","@id":"https:\/\/hueleaazufre.com\/wordpress_a\/index.php\/2024\/10\/01\/colombia-los-retos-ante-el-nuevo-quiebre-politico\/#article","isPartOf":{"@id":"https:\/\/hueleaazufre.com\/wordpress_a\/index.php\/2024\/10\/01\/colombia-los-retos-ante-el-nuevo-quiebre-politico\/"},"author":{"name":"Huele a azufre","@id":"https:\/\/hueleaazufre.com\/wordpress_a\/#\/schema\/person\/549dd871707ea7f9f1a686323ebe9baa"},"headline":"Colombia: Los retos ante el nuevo quiebre pol\u00edtico","datePublished":"2024-10-01T13:00:36+00:00","dateModified":"2024-10-01T13:03:29+00:00","mainEntityOfPage":{"@id":"https:\/\/hueleaazufre.com\/wordpress_a\/index.php\/2024\/10\/01\/colombia-los-retos-ante-el-nuevo-quiebre-politico\/"},"wordCount":3144,"commentCount":0,"image":{"@id":"https:\/\/hueleaazufre.com\/wordpress_a\/index.php\/2024\/10\/01\/colombia-los-retos-ante-el-nuevo-quiebre-politico\/#primaryimage"},"thumbnailUrl":"https:\/\/hueleaazufre.com\/wordpress_a\/wp-content\/uploads\/2024\/10\/petro-davos.png","keywords":["Colombia","Gustavo Petro"],"articleSection":["Otras voces"],"inLanguage":"es","potentialAction":[{"@type":"CommentAction","name":"Comment","target":["https:\/\/hueleaazufre.com\/wordpress_a\/index.php\/2024\/10\/01\/colombia-los-retos-ante-el-nuevo-quiebre-politico\/#respond"]}]},{"@type":"WebPage","@id":"https:\/\/hueleaazufre.com\/wordpress_a\/index.php\/2024\/10\/01\/colombia-los-retos-ante-el-nuevo-quiebre-politico\/","url":"https:\/\/hueleaazufre.com\/wordpress_a\/index.php\/2024\/10\/01\/colombia-los-retos-ante-el-nuevo-quiebre-politico\/","name":"Colombia: Los retos ante el nuevo quiebre pol\u00edtico -","isPartOf":{"@id":"https:\/\/hueleaazufre.com\/wordpress_a\/#website"},"primaryImageOfPage":{"@id":"https:\/\/hueleaazufre.com\/wordpress_a\/index.php\/2024\/10\/01\/colombia-los-retos-ante-el-nuevo-quiebre-politico\/#primaryimage"},"image":{"@id":"https:\/\/hueleaazufre.com\/wordpress_a\/index.php\/2024\/10\/01\/colombia-los-retos-ante-el-nuevo-quiebre-politico\/#primaryimage"},"thumbnailUrl":"https:\/\/hueleaazufre.com\/wordpress_a\/wp-content\/uploads\/2024\/10\/petro-davos.png","datePublished":"2024-10-01T13:00:36+00:00","dateModified":"2024-10-01T13:03:29+00:00","author":{"@id":"https:\/\/hueleaazufre.com\/wordpress_a\/#\/schema\/person\/549dd871707ea7f9f1a686323ebe9baa"},"breadcrumb":{"@id":"https:\/\/hueleaazufre.com\/wordpress_a\/index.php\/2024\/10\/01\/colombia-los-retos-ante-el-nuevo-quiebre-politico\/#breadcrumb"},"inLanguage":"es","potentialAction":[{"@type":"ReadAction","target":["https:\/\/hueleaazufre.com\/wordpress_a\/index.php\/2024\/10\/01\/colombia-los-retos-ante-el-nuevo-quiebre-politico\/"]}]},{"@type":"ImageObject","inLanguage":"es","@id":"https:\/\/hueleaazufre.com\/wordpress_a\/index.php\/2024\/10\/01\/colombia-los-retos-ante-el-nuevo-quiebre-politico\/#primaryimage","url":"https:\/\/hueleaazufre.com\/wordpress_a\/wp-content\/uploads\/2024\/10\/petro-davos.png","contentUrl":"https:\/\/hueleaazufre.com\/wordpress_a\/wp-content\/uploads\/2024\/10\/petro-davos.png","width":712,"height":400},{"@type":"BreadcrumbList","@id":"https:\/\/hueleaazufre.com\/wordpress_a\/index.php\/2024\/10\/01\/colombia-los-retos-ante-el-nuevo-quiebre-politico\/#breadcrumb","itemListElement":[{"@type":"ListItem","position":1,"name":"Portada","item":"https:\/\/hueleaazufre.com\/wordpress_a\/"},{"@type":"ListItem","position":2,"name":"Colombia: Los retos ante el nuevo quiebre pol\u00edtico"}]},{"@type":"WebSite","@id":"https:\/\/hueleaazufre.com\/wordpress_a\/#website","url":"https:\/\/hueleaazufre.com\/wordpress_a\/","name":"","description":"Huele a azufre es una plataforma digital de an\u00e1lisis geopol\u00edtico.","potentialAction":[{"@type":"SearchAction","target":{"@type":"EntryPoint","urlTemplate":"https:\/\/hueleaazufre.com\/wordpress_a\/?s={search_term_string}"},"query-input":{"@type":"PropertyValueSpecification","valueRequired":true,"valueName":"search_term_string"}}],"inLanguage":"es"},{"@type":"Person","@id":"https:\/\/hueleaazufre.com\/wordpress_a\/#\/schema\/person\/549dd871707ea7f9f1a686323ebe9baa","name":"Huele a azufre","image":{"@type":"ImageObject","inLanguage":"es","@id":"https:\/\/secure.gravatar.com\/avatar\/e972d5c124b9bf80eb4c9d322a90dd86a59d447f5da36700a77516f13637d44e?s=96&d=mm&r=g","url":"https:\/\/secure.gravatar.com\/avatar\/e972d5c124b9bf80eb4c9d322a90dd86a59d447f5da36700a77516f13637d44e?s=96&d=mm&r=g","contentUrl":"https:\/\/secure.gravatar.com\/avatar\/e972d5c124b9bf80eb4c9d322a90dd86a59d447f5da36700a77516f13637d44e?s=96&d=mm&r=g","caption":"Huele a azufre"},"description":"Huele a azufre es una plataforma digital de an\u00e1lisis geopol\u00edtico\u00a0 contrahegem\u00f3nico, que busca visibilizar las voces y los discursos silenciados por el poder medi\u00e1tico.","sameAs":["https:\/\/hueleaazufre.com\/wordpress_a"],"url":"https:\/\/hueleaazufre.com\/wordpress_a\/index.php\/author\/admin_tupapa\/"}]}},"_links":{"self":[{"href":"https:\/\/hueleaazufre.com\/wordpress_a\/index.php\/wp-json\/wp\/v2\/posts\/1646","targetHints":{"allow":["GET"]}}],"collection":[{"href":"https:\/\/hueleaazufre.com\/wordpress_a\/index.php\/wp-json\/wp\/v2\/posts"}],"about":[{"href":"https:\/\/hueleaazufre.com\/wordpress_a\/index.php\/wp-json\/wp\/v2\/types\/post"}],"author":[{"embeddable":true,"href":"https:\/\/hueleaazufre.com\/wordpress_a\/index.php\/wp-json\/wp\/v2\/users\/1"}],"replies":[{"embeddable":true,"href":"https:\/\/hueleaazufre.com\/wordpress_a\/index.php\/wp-json\/wp\/v2\/comments?post=1646"}],"version-history":[{"count":1,"href":"https:\/\/hueleaazufre.com\/wordpress_a\/index.php\/wp-json\/wp\/v2\/posts\/1646\/revisions"}],"predecessor-version":[{"id":1648,"href":"https:\/\/hueleaazufre.com\/wordpress_a\/index.php\/wp-json\/wp\/v2\/posts\/1646\/revisions\/1648"}],"wp:featuredmedia":[{"embeddable":true,"href":"https:\/\/hueleaazufre.com\/wordpress_a\/index.php\/wp-json\/wp\/v2\/media\/1647"}],"wp:attachment":[{"href":"https:\/\/hueleaazufre.com\/wordpress_a\/index.php\/wp-json\/wp\/v2\/media?parent=1646"}],"wp:term":[{"taxonomy":"category","embeddable":true,"href":"https:\/\/hueleaazufre.com\/wordpress_a\/index.php\/wp-json\/wp\/v2\/categories?post=1646"},{"taxonomy":"post_tag","embeddable":true,"href":"https:\/\/hueleaazufre.com\/wordpress_a\/index.php\/wp-json\/wp\/v2\/tags?post=1646"}],"curies":[{"name":"wp","href":"https:\/\/api.w.org\/{rel}","templated":true}]}}