{"id":1693,"date":"2024-10-14T16:14:35","date_gmt":"2024-10-14T16:14:35","guid":{"rendered":"https:\/\/hueleaazufre.com\/wordpress_a\/?p=1693"},"modified":"2024-10-14T16:14:35","modified_gmt":"2024-10-14T16:14:35","slug":"12-de-octubre-genocidas-y-esclavistas-o-heroes-y-santos","status":"publish","type":"post","link":"https:\/\/hueleaazufre.com\/wordpress_a\/index.php\/2024\/10\/14\/12-de-octubre-genocidas-y-esclavistas-o-heroes-y-santos\/","title":{"rendered":"12 de octubre: \u201cGenocidas y esclavistas o h\u00e9roes y santos\u201d"},"content":{"rendered":"<p><b>La publicitada conmoci\u00f3n nacional ocurrida en Espa\u00f1a a ra\u00edz del hecho de que la presidenta de M\u00e9xico, Claudia Sheinbaum, no invitara al rey Borb\u00f3n a su toma de posesi\u00f3n<\/b><span style=\"font-weight: 400;\"> conduce a preguntarse si \u2014como dice un cartel ampliamente divulgado en estos d\u00edas en las calles espa\u00f1oles\u2014 los conquistadores fueron \u201cgenocidas y esclavistas\u201d o \u201ch\u00e9roes y santos\u201d.\u00a0<\/span><\/p>\n<p><b>Esta interrogante obliga a estudiar y conocer las causas y consecuencias del colonialismo<\/b><span style=\"font-weight: 400;\"> y sacar conclusiones respecto de un pa\u00eds que celebra como fiesta nacional la fecha de inicio de un genocidio.\u00a0<\/span><\/p>\n<p><b>Para leer sobre la historia de los partidos pol\u00edticos en Venezuela:<\/b> <a href=\"https:\/\/hueleaazufre.com\/wordpress_a\/index.php\/2024\/10\/07\/seis-partidos-clave-en-la-historia-politica-de-venezuela\/\"><span style=\"font-weight: 400;\">Seis partidos clave en la historia pol\u00edtica de Venezuela &#8211; (hueleaazufre.com)<\/span><\/a><\/p>\n<blockquote class=\"wp-embedded-content\" data-secret=\"mMCa7FihHo\"><p><a href=\"https:\/\/hueleaazufre.com\/wordpress_a\/index.php\/2024\/10\/07\/seis-partidos-clave-en-la-historia-politica-de-venezuela\/\">Seis partidos clave en la historia pol\u00edtica de Venezuela<\/a><\/p><\/blockquote>\n<p><iframe class=\"wp-embedded-content\" sandbox=\"allow-scripts\" security=\"restricted\" style=\"position: absolute; visibility: hidden;\" title=\"\u00abSeis partidos clave en la historia pol\u00edtica de Venezuela\u00bb \u2014 \" src=\"https:\/\/hueleaazufre.com\/wordpress_a\/index.php\/2024\/10\/07\/seis-partidos-clave-en-la-historia-politica-de-venezuela\/embed\/#?secret=x1KcURk32A#?secret=mMCa7FihHo\" data-secret=\"mMCa7FihHo\" width=\"600\" height=\"338\" frameborder=\"0\" marginwidth=\"0\" marginheight=\"0\" scrolling=\"no\"><\/iframe><\/p>\n<p><b>Vale la pena saber que solo en el primer siglo de la colonizaci\u00f3n, los espa\u00f1oles produjeron la muerte de 56 millones de habitantes en el Abya Yala<\/b><span style=\"font-weight: 400;\">, que es el nombre que los pueblos originarios usan para referirse al territorio de Nuestra Am\u00e9rica. Tambi\u00e9n es importante conocer que <\/span><b>en ese mismo per\u00edodo la monarqu\u00eda borb\u00f3nica se rob\u00f3 hasta\u00a09.550 toneladas\u00a0de oro y plata de la regi\u00f3n <\/b><span style=\"font-weight: 400;\">con la cual financiaron la opulencia propia y la de las otras casas reales de Europa.<\/span><\/p>\n<blockquote>\n<h2><b><i>\u201cHabida cuenta de las cifras antes mencionadas, no habr\u00eda que escandalizarse por la solicitud, ni tampoco considerarlo una afrenta nacional (aunque Espa\u00f1a no es una naci\u00f3n, sino una suma de ellas, bajo dominio de los castellanos)\u201d<\/i><\/b><\/h2>\n<\/blockquote>\n<p><span style=\"font-weight: 400;\">Cuando, el 25\u00a0 de marzo de 2019, <\/span><b>el presidente Andr\u00e9s Manuel L\u00f3pez Obrador\u00a0 le escribi\u00f3 al rey Felipe VI de Espa\u00f1a y al papa Francisco para solicitarles que pidieran perd\u00f3n a los pueblos originarios<\/b><span style=\"font-weight: 400;\"> de M\u00e9xico por los abusos cometidos durante la conquista del pa\u00eds, hace 500 a\u00f1os, se estaba refiriendo a eso.\u00a0<\/span><\/p>\n<p><b>Para leer art\u00edculo sobre el nuevo per\u00edodo presidencial en M\u00e9xico: <\/b><a href=\"https:\/\/hueleaazufre.com\/wordpress_a\/index.php\/2024\/06\/17\/mexico-2024-2030-retos-y-perspectivas\/\"><span style=\"font-weight: 400;\">EXCLUSIVO M\u00e9xico 2024-2030: retos y perspectivas &#8211; (hueleaazufre.com)<\/span><\/a><\/p>\n<blockquote class=\"wp-embedded-content\" data-secret=\"snxoFP2IFi\"><p><a href=\"https:\/\/hueleaazufre.com\/wordpress_a\/index.php\/2024\/06\/17\/mexico-2024-2030-retos-y-perspectivas\/\">EXCLUSIVO M\u00e9xico 2024-2030: retos y perspectivas<\/a><\/p><\/blockquote>\n<p><iframe class=\"wp-embedded-content\" sandbox=\"allow-scripts\" security=\"restricted\" style=\"position: absolute; visibility: hidden;\" title=\"\u00abEXCLUSIVO M\u00e9xico 2024-2030: retos y perspectivas\u00bb \u2014 \" src=\"https:\/\/hueleaazufre.com\/wordpress_a\/index.php\/2024\/06\/17\/mexico-2024-2030-retos-y-perspectivas\/embed\/#?secret=PDs0WKVHzH#?secret=snxoFP2IFi\" data-secret=\"snxoFP2IFi\" width=\"600\" height=\"338\" frameborder=\"0\" marginwidth=\"0\" marginheight=\"0\" scrolling=\"no\"><\/iframe><\/p>\n<p><span style=\"font-weight: 400;\">El entonces presidente mexicano les requer\u00eda \u201cque se hiciera un relato de agravios y se pidiera perd\u00f3n a los pueblos originarios por las violaciones a lo que ahora se conoce como derechos humanos\u00bb. Agreg\u00f3 que: \u00abHubo matanzas, imposiciones. La llamada conquista se hizo con la espada y con la cruz\u00bb.<\/span><\/p>\n<p><span style=\"font-weight: 400;\">Habida cuenta de las cifras antes mencionadas, no habr\u00eda que escandalizarse por la solicitud, ni tampoco considerarlo una afrenta nacional <\/span><b>(aunque Espa\u00f1a no es una naci\u00f3n, sino una suma de ellas, bajo dominio de los castellanos)<\/b><span style=\"font-weight: 400;\">. La propia familia Borb\u00f3n no tiene su origen en la Espa\u00f1a actual sino que proviene de Francia y fue impuesta en la pen\u00ednsula a trav\u00e9s de matrimonios arreglados para conquistar y sostener el poder.<\/span><\/p>\n<p><span style=\"font-weight: 400;\">A trav\u00e9s de una carta, dirigida al presidente mexicano, divulgada el 26 de septiembre de 2021 con motivo del aniversario de la independencia del pa\u00eds latinoamericano, <\/span><b>el Papa Francisco s\u00ed ofreci\u00f3 disculpas por los \u00abpecados\u00bb de la iglesia cat\u00f3lica en ese pa\u00eds.<\/b><span style=\"font-weight: 400;\"> La m\u00e1xima autoridad de la iglesia cat\u00f3lica expres\u00f3 que: \u00abTanto mis antecesores como yo mismo hemos pedido perd\u00f3n por los pecados personales y sociales, por todas las acciones u omisiones que no contribuyeron a la evangelizaci\u00f3n\u00bb.<\/span><\/p>\n<p><b>L\u00f3pez Obrador dijo que todos ten\u00edan que pedir perd\u00f3n con motivo de cumplirse 500 a\u00f1os de la ca\u00edda de Tenochtitl\u00e1n<\/b><span style=\"font-weight: 400;\">, la capital de los aztecas, tras dos meses y medio de asedio que derivaron en su captura por el cruel conquistador y aventurero extreme\u00f1o, Hern\u00e1n Cort\u00e9s; lo cual signific\u00f3 el derrumbe definitivo del imperio mexica.\u00a0<\/span><\/p>\n<p><b>Con ello intentaba que el a\u00f1o 2021 fuera de reconciliaci\u00f3n nacional e internacional.<\/b><span style=\"font-weight: 400;\"> Con total convicci\u00f3n dijo que era \u201cel tiempo ya de decir vamos a reconciliarnos, pero primero pidamos perd\u00f3n\u00bb. Dando el ejemplo, afirm\u00f3 que \u00e9l tambi\u00e9n lo iba a hacer \u201cporque\u00a0despu\u00e9s de la colonia hubo mucha represi\u00f3n a los pueblos originarios\u00bb, refiri\u00e9ndose al castigo que sufrieron los pueblos maya y yaqui durante el gobierno del presidente Porfirio D\u00edaz (1872-1910).<\/span><\/p>\n<p><b>Resulta de sumo inter\u00e9s que en esta solicitud de perd\u00f3n y b\u00fasqueda de reconciliaci\u00f3n<\/b><span style=\"font-weight: 400;\"> L\u00f3pez Obrador incluyera a la comunidad china que, durante la Revoluci\u00f3n mexicana, tambi\u00e9n fue reprimida; especialmente en los estados del norte del pa\u00eds.<\/span><\/p>\n<p><b>Pero el gobierno de Espa\u00f1a y su monarqu\u00eda corrupta se negaron a dar pasos positivos de futuro en el camino a una total reconciliaci\u00f3n.<\/b><span style=\"font-weight: 400;\"> Al contrario, ahora se sorprenden porque, por fin, mandatarios con dignidad, no invitaran al representante de la realeza a acompa\u00f1ar un hecho democr\u00e1tico emanado de la soberan\u00eda popular, algo que en Espa\u00f1a no conocen porque nunca han elegido a su jefe de Estado.<\/span><\/p>\n<p><b>Al contrario, el gobierno espa\u00f1ol, tratando de ocultar la verg\u00fcenza que emana de las desdichas e infortunios del proceso de conquista y colonizaci\u00f3n<\/b><span style=\"font-weight: 400;\">, lament\u00f3 que la carta de L\u00f3pez Obrador se hubiera hecho p\u00fablica. Se podr\u00eda asumir, entonces, que L\u00f3pez Obrador teniendo la raz\u00f3n, no debi\u00f3 manifestarla abiertamente \u201cpara no mancillar el honor de la monarqu\u00eda\u201d. Sinti\u00e9ndose ofendido, el gobierno de Madrid, coron\u00f3 su rid\u00edcula manifestaci\u00f3n afirmando que\u00a0 rechazaba \u201ccon toda firmeza\u00bb el contenido de la carta de L\u00f3pez Obrador.<\/span><\/p>\n<p><b>Tres a\u00f1os despu\u00e9s, ante el estupor y lamento de la \u00e9lite espa\u00f1ola por la no invitaci\u00f3n del rey Borb\u00f3n al cambio de gobierno en M\u00e9xico<\/b><span style=\"font-weight: 400;\">, con total transparencia, la presidenta Claudia Sheinbaum dijo que Espa\u00f1a s\u00ed hab\u00eda sido invitada a la ceremonia del 1\u00b0 de octubre, no as\u00ed el rey Felipe porque el monarca, con total desprecio se neg\u00f3 responder a la solicitud de L\u00f3pez Obrador en pro de la reconciliaci\u00f3n definitiva entre ambos pueblos; lo cual, seg\u00fan un comunicado emitido por Sheinbaum, \u201chubiera correspondido a la mejor pr\u00e1ctica diplom\u00e1tica de las relaciones bilaterales\u00bb. Fin del asunto.<\/span><\/p>\n<blockquote>\n<h2><b><i>\u201cEn este sentido, es relevante decir que no siempre los viajes de esa \u00e9poca fueron considerados \u201cdescubrimientos\u201d ni tampoco requirieron de la \u201ccruz y la espada\u201d para la imposici\u00f3n de culturas y religiones ajenas por v\u00eda de la fuerza\u201d<\/i><\/b><\/h2>\n<\/blockquote>\n<p><b>Para leer ponencia de I\u00f1aki Gil de San Vicente para el \u201cCongreso Mundial contra el Fascismo, Neofascismo y Expresiones Similares\u201d:<\/b> <a href=\"https:\/\/hueleaazufre.com\/wordpress_a\/index.php\/2024\/09\/07\/bolivar-y-el-antifascismo\/\"><span style=\"font-weight: 400;\">Bol\u00edvar y el antifascismo &#8211; (hueleaazufre.com)<\/span><\/a><\/p>\n<blockquote class=\"wp-embedded-content\" data-secret=\"Ea3Q5MIVIH\"><p><a href=\"https:\/\/hueleaazufre.com\/wordpress_a\/index.php\/2024\/09\/07\/bolivar-y-el-antifascismo\/\">Bol\u00edvar y el antifascismo<\/a><\/p><\/blockquote>\n<p><iframe class=\"wp-embedded-content\" sandbox=\"allow-scripts\" security=\"restricted\" style=\"position: absolute; visibility: hidden;\" title=\"\u00abBol\u00edvar y el antifascismo\u00bb \u2014 \" src=\"https:\/\/hueleaazufre.com\/wordpress_a\/index.php\/2024\/09\/07\/bolivar-y-el-antifascismo\/embed\/#?secret=8dvCazflIX#?secret=Ea3Q5MIVIH\" data-secret=\"Ea3Q5MIVIH\" width=\"600\" height=\"338\" frameborder=\"0\" marginwidth=\"0\" marginheight=\"0\" scrolling=\"no\"><\/iframe><\/p>\n<p><b>En otro plano, habr\u00eda que preguntarse si efectivamente, como dice la ultraderecha espa\u00f1ola, los conquistadores,<\/b><span style=\"font-weight: 400;\"> habida cuenta de los 56 millones de asesinados y las 9.550 toneladas de oro y plata robadas son, efectivamente, \u201ch\u00e9roes y santos\u201d. En este sentido, es relevante decir que no siempre los viajes de esa \u00e9poca fueron considerados \u201cdescubrimientos\u201d ni tampoco requirieron de la \u201ccruz y la espada\u201d para la imposici\u00f3n de culturas y religiones ajenas por v\u00eda de la fuerza.\u00a0<\/span><\/p>\n<p><b>En 1403, casi 90 a\u00f1os antes que Crist\u00f3bal Col\u00f3n usando sus artes amatorias \u201cconvenci\u00f3\u201d a la reina castellana Isabel II<\/b><span style=\"font-weight: 400;\"> para que financiara su aventura exploratoria hacia el oeste, el almirante chino Zheng He dio inici\u00f3 al primero de los siete viajes por el mar que conoc\u00edan como \u201cOc\u00e9ano Occidental\u201d.\u00a0<\/span><\/p>\n<p><b>Hasta 1433, los viajes de Zheng He se circunscribieron b\u00e1sicamente al Oc\u00e9ano \u00cdndico, recorriendo hasta 30 pa\u00edses de Asia y \u00c1frica<\/b><span style=\"font-weight: 400;\">, llegando a la costa oeste de la India y extendiendo posteriormente la navegaci\u00f3n hasta el golfo P\u00e9rsico y la costa oriental de \u00c1frica.<\/span><\/p>\n<p><b>Frente a los 25-30 metros de eslora y 6,5-9 metros de manga de las tres carabelas de Col\u00f3n<\/b><span style=\"font-weight: 400;\">, que cargaban alrededor de 25 marineros cada una, en 1492; la flota del almirante Zheng,\u00a0 en 1405, estaba compuesta por\u00a0 \u201cm\u00e1s de 240 barcos y m\u00e1s de 27.000 soldados y tripulantes [y] estaba equipada por diversos profesionales, incluidos barqueros, marineros, soldados, m\u00e9dicos, cocineros, int\u00e9rpretes, adivinos, e incluso peluqueros\u201d, seg\u00fan un estudio realizado por la profesora Wan Ming, investigadora\u00a0del Instituto de Historia Antigua de la Academia China de Ciencias Sociales (CASS) y presidenta\u00a0de la Sociedad China de Historia de las Relaciones Sino-Extranjeras, quien opina que los viajes de Zheng He deben ser considerados los mayores de su \u00e9poca en \u201ct\u00e9rminos de escala, n\u00famero de barcos y marinos y en la prolongaci\u00f3n en\u00a0el\u00a0tiempo\u201d.<\/span><\/p>\n<p><b>Zheng He organiz\u00f3 la flota a partir de una concepci\u00f3n n\u00e1utica que establec\u00eda la existencia de barcos diferenciados por su misi\u00f3n<\/b><span style=\"font-weight: 400;\">. As\u00ed, hab\u00eda \u00a0nav\u00edos\u00a0de mando,\u00a0de guerra y de\u00a0log\u00edstica. Entre estos \u00faltimos estaban los\u00a0 que se conoc\u00edan como \u201cbarcos del tesoro\u201d, que se usaban para el transporte de las mercanc\u00edas que se intercambiaban.\u00a0\u00a0<\/span><\/p>\n<p><span style=\"font-weight: 400;\">Los barcos del tesoro se ubicaban en el centro de la flota, y los de guerra a su alrededor. De hecho, las exitosas traves\u00edas de la flota de Zheng He demostraron tambi\u00e9n su excelente tecnolog\u00eda n\u00e1utica y habilidad para la navegaci\u00f3n.<\/span><\/p>\n<blockquote>\n<h2><b><i>\u201cA los l\u00edderes chinos de entonces les interesaba, sobremanera, que su prestigio aumentara en las regiones visitadas, sin que ello significara ocupar territorios o ejercer el control pol\u00edtico sobre ellos\u201d<\/i><\/b><\/h2>\n<\/blockquote>\n<p><b>Aunque la flota de Zheng He estaba dotada de medios de combate, estos ten\u00edan car\u00e1cter defensivo<\/b><span style=\"font-weight: 400;\">. La llegada de la flota a otros puertos significaba, en primer lugar, la b\u00fasqueda de relaciones amistosas con los pobladores para despu\u00e9s comenzar las tratativas comerciales a trav\u00e9s del intercambio y los tributos. Estos \u00faltimos no ten\u00edan el mismo significado que en Occidente sino que era una especie de ritual mediante el cual se presentaban los productos naturales del pa\u00eds y se hac\u00eda una ofrenda emblem\u00e1tica de los objetos que se brindaban a la contraparte. Pero su valor era equilibrado.\u00a0<\/span><\/p>\n<p><b>Esta pr\u00e1ctica era considerada por los chinos una expresi\u00f3n de respeto y reconocimiento al emperador<\/b><span style=\"font-weight: 400;\"> y una manera de manifestar agradecimiento por su protecci\u00f3n. Hab\u00eda un mandato, establecido en un edicto del emperador, por el cual el intercambio deb\u00eda ser mutuamente beneficioso.<\/span><\/p>\n<p><b>La misi\u00f3n emanada del Emperador para Zheng He establec\u00eda impl\u00edcitamente que deb\u00eda, adem\u00e1s de realizar labores comerciales, mantener la paz en los mares<\/b><span style=\"font-weight: 400;\">, garantizar la seguridad mar\u00edtima y mediar en los conflictos que pudieran encontrarse durante la traves\u00eda. A los l\u00edderes chinos de entonces les interesaba, sobremanera, que su prestigio aumentara en las regiones visitadas, sin que ello significara ocupar territorios o ejercer el control pol\u00edtico sobre ellos.\u00a0<\/span><\/p>\n<blockquote>\n<h2><b><i>\u201cEn la pr\u00e1ctica, lo que se hizo a trav\u00e9s del comercio fue establecer un nuevo sistema emanado del orden chino que se propon\u00eda \u2018compartir los beneficios de la paz\u2019 sin amenazar a ning\u00fan pa\u00eds. Conocer esto podr\u00eda explicar, de alguna manera, el comportamiento internacional de la China actual\u201d<\/i><\/b><\/h2>\n<\/blockquote>\n<p><b>As\u00ed mismo,\u00a0 deb\u00eda promover la prosperidad en los lugares donde llegaba y la interacci\u00f3n multicultural con los pueblos frecuentados.<\/b><span style=\"font-weight: 400;\"> Era com\u00fan que Zheng He no visitara los centros de poder, sino que se limitaba a las ciudades portuarias donde pod\u00eda comerciar sin tener el imperativo de relacionarse con los estamentos pol\u00edticos de esos pa\u00edses.\u00a0<\/span><\/p>\n<p><span style=\"font-weight: 400;\">Seg\u00fan la profesora Wan: \u201cLas flotas de Zheng He eran en realidad un equipo oficial de comercio internacional a gran escala que llevaba a cabo frecuentes actividades comerciales en los lugares a los que llegaba\u201d. <\/span><b>As\u00ed se puede explicar porque ning\u00fan pa\u00eds visitado fue sujeto de saqueo u ocupaci\u00f3n.\u00a0\u00a0<\/b><\/p>\n<p><b>La profesora Wan lo explica diciendo que, la raz\u00f3n principal de ello es que la diplomacia de la dinast\u00eda Ming gobernante establec\u00eda<\/b><span style=\"font-weight: 400;\">, claramente, que no se deb\u00eda conquistar otros pueblos sino compartir con ellos a fin de establecer un sistema internacional pac\u00edfico, sin recurrir a la fuerza. En la pr\u00e1ctica, lo que se hizo a trav\u00e9s del comercio fue establecer un nuevo sistema emanado del orden chino que se propon\u00eda \u201ccompartir los beneficios de la paz\u201d sin amenazar a ning\u00fan pa\u00eds. Conocer esto podr\u00eda explicar, de alguna manera, el comportamiento internacional de la China actual.\u00a0<\/span><\/p>\n<blockquote>\n<h2><b><i>\u201c&#8230;en ninguno de los territorios africanos o asi\u00e1ticos visitados por Zheng He, u otros navegantes originarios de ese pa\u00eds, se habla chino mandar\u00edan. De igual manera, aunque Zheng He era musulm\u00e1n, tampoco su religi\u00f3n o la budista que hab\u00eda sido introducida en China 1.600 a\u00f1os antes, fue impuesta en los pa\u00edses visitados\u201d<\/i><\/b><\/h2>\n<\/blockquote>\n<p><b>Aunque la mayor\u00eda de los investigadores coinciden en que los viajes de Zheng He recorrieron Asia oriental, central y occidental y \u00c1frica,<\/b><span style=\"font-weight: 400;\"> el escritor brit\u00e1nico Gavin Menzies escribi\u00f3 un libro titulado \u201c1421. El a\u00f1o en que China descubri\u00f3 el mundo\u201d,<\/span><b> en el que afirma que durante ese a\u00f1o los chinos llegaron a Am\u00e9rica<\/b><span style=\"font-weight: 400;\">.\u00a0<\/span><\/p>\n<p><span style=\"font-weight: 400;\">Esta obra ha sido rechazada por la historiograf\u00eda occidental pero esta opini\u00f3n ha sido refutada por el destacado sin\u00f3logo mexicano, Enrique Dussel Peters, quien afirm\u00f3 que: \u201c\u2026 por mis estudios hist\u00f3ricos (en los que utilizaba el mapa de Henricus Martellus de 1487, de la cuarta pen\u00ednsula del Asia), sus argumentos [los de Gavin Menzies] en cuanto a su tesis fundamental son irrefutables (puede haber detalles a corregirse, pero que no le quitan su contundencia). \u00a1Hay que contar con esta obra!\u201d.<\/span><\/p>\n<p><b>No es tema de este art\u00edculo, sin embargo es imperativo dejar establecido que existe la hip\u00f3tesis de que los chinos llegaron a Am\u00e9rica 71 a\u00f1os antes que Col\u00f3n. <\/b><span style=\"font-weight: 400;\">Es algo que deber\u00e1 seguirse investigando, pero en otras latitudes del planeta s\u00ed existe una evidencia clara: los chinos llegaron a comienzos del siglo XV y en ninguno de los territorios africanos o asi\u00e1ticos visitados por Zheng He, u otros navegantes originarios de ese pa\u00eds, se habla chino mandar\u00edan. De igual manera, aunque Zheng He era musulm\u00e1n, tampoco su religi\u00f3n o la budista \u2014que hab\u00eda sido introducida en China 1.600 a\u00f1os antes\u2014 fue impuesta en los pa\u00edses visitados.<\/span><\/p>\n<p><b>As\u00ed, se hace patente que era posible establecer v\u00ednculos orientados al comercio y el intercambio cultural entre los pueblos en la antig\u00fcedad.<\/b><span style=\"font-weight: 400;\"> China lo hizo, pero la civilizaci\u00f3n europea, intr\u00ednsecamente salvaje y violenta no pod\u00eda. Su ADN cruel ha llevado a la humanidad a las peores calamidades de la historia: racismo, colonialismo, esclavismo, fascismo, nazismo, capitalismo, imperialismo, sionismo y a las dos guerras m\u00e1s brutales jam\u00e1s vividas en el planeta. Basta ir a sus museos, para observar con cu\u00e1nto orgullo exhiben el producto de sus desmanes.<\/span><\/p>\n<p><b>Todas estas desgracias surgieron de suelo europeo. Lo \u00fanico que ped\u00eda el presidente L\u00f3pez Obrador era perd\u00f3n para avanzar en una reconciliaci\u00f3n necesaria.<\/b><span style=\"font-weight: 400;\"> Pero, para Espa\u00f1a esto no es posible, ya lo dije, la violencia y la imposici\u00f3n est\u00e1n en su ADN. Esto es lo que explica su apoyo actual al gobierno pro nazi de Ucrania y la ingente venta de armas a Israel mientras rasgan vestiduras con los derechos humanos de los palestinos.<\/span><\/p>\n<p><b>La guerra y el conflicto es la savia que alimenta sus cuerpos<\/b><span style=\"font-weight: 400;\">. Por eso no entienden ni entender\u00e1n que una creciente mayor\u00eda del planeta los rechaza y los repudia hasta que, en un futuro no muy lejano sean depositados definitivamente\u00a0 en el estercolero de la historia, un lugar donde siempre han estado y del que nunca podr\u00e1n salir.\u00a0<\/span><\/p>\n<p><b>Autor: Sergio Rodr\u00edguez Gelfenstein<\/b><\/p>\n<p><a href=\"http:\/\/www.sergioro07.blogspot.com\"><b>www.sergioro07.blogspot.com<\/b><\/a><\/p>\n","protected":false},"excerpt":{"rendered":"<p>La publicitada conmoci\u00f3n nacional ocurrida en Espa\u00f1a a ra\u00edz del hecho de que la presidenta&#8230;<\/p>\n","protected":false},"author":1,"featured_media":1694,"comment_status":"open","ping_status":"closed","sticky":false,"template":"","format":"standard","meta":{"footnotes":""},"categories":[70,52],"tags":[491,310,490,311],"class_list":["post-1693","post","type-post","status-publish","format-standard","has-post-thumbnail","hentry","category-otras-voces","category-sergio-rodriguez-gelfenstein","tag-esclavistas","tag-espana","tag-genocidas","tag-mexico"],"yoast_head":"<!-- This site is optimized with the Yoast SEO plugin v27.5 - https:\/\/yoast.com\/product\/yoast-seo-wordpress\/ -->\n<title>12 de octubre: \u201cGenocidas y esclavistas o h\u00e9roes y santos\u201d -<\/title>\n<meta name=\"description\" content=\"12 de octubre. La publicitada conmoci\u00f3n nacional ocurrida en Espa\u00f1a a ra\u00edz del hecho de que la presidenta de M\u00e9xico, Claudia Sheinbaum, no invitara al rey Borb\u00f3n a su toma de posesi\u00f3n\" \/>\n<meta name=\"robots\" content=\"index, follow, max-snippet:-1, max-image-preview:large, max-video-preview:-1\" \/>\n<link rel=\"canonical\" href=\"https:\/\/hueleaazufre.com\/wordpress_a\/index.php\/2024\/10\/14\/12-de-octubre-genocidas-y-esclavistas-o-heroes-y-santos\/\" \/>\n<meta property=\"og:locale\" content=\"es_ES\" \/>\n<meta property=\"og:type\" content=\"article\" \/>\n<meta property=\"og:title\" content=\"12 de octubre: \u201cGenocidas y esclavistas o h\u00e9roes y santos\u201d -\" \/>\n<meta property=\"og:description\" content=\"12 de octubre. La publicitada conmoci\u00f3n nacional ocurrida en Espa\u00f1a a ra\u00edz del hecho de que la presidenta de M\u00e9xico, Claudia Sheinbaum, no invitara al rey Borb\u00f3n a su toma de posesi\u00f3n\" \/>\n<meta property=\"og:url\" content=\"https:\/\/hueleaazufre.com\/wordpress_a\/index.php\/2024\/10\/14\/12-de-octubre-genocidas-y-esclavistas-o-heroes-y-santos\/\" \/>\n<meta property=\"article:published_time\" content=\"2024-10-14T16:14:35+00:00\" \/>\n<meta property=\"og:image\" content=\"https:\/\/hueleaazufre.com\/wordpress_a\/wp-content\/uploads\/2024\/10\/Mexico.jpg\" \/>\n\t<meta property=\"og:image:width\" content=\"800\" \/>\n\t<meta property=\"og:image:height\" content=\"450\" \/>\n\t<meta property=\"og:image:type\" content=\"image\/jpeg\" \/>\n<meta name=\"author\" content=\"Huele a azufre\" \/>\n<meta name=\"twitter:card\" content=\"summary_large_image\" \/>\n<meta name=\"twitter:label1\" content=\"Escrito por\" \/>\n\t<meta name=\"twitter:data1\" content=\"Huele a azufre\" \/>\n\t<meta name=\"twitter:label2\" content=\"Tiempo de lectura\" \/>\n\t<meta name=\"twitter:data2\" content=\"11 minutos\" \/>\n<script type=\"application\/ld+json\" class=\"yoast-schema-graph\">{\"@context\":\"https:\\\/\\\/schema.org\",\"@graph\":[{\"@type\":\"Article\",\"@id\":\"https:\\\/\\\/hueleaazufre.com\\\/wordpress_a\\\/index.php\\\/2024\\\/10\\\/14\\\/12-de-octubre-genocidas-y-esclavistas-o-heroes-y-santos\\\/#article\",\"isPartOf\":{\"@id\":\"https:\\\/\\\/hueleaazufre.com\\\/wordpress_a\\\/index.php\\\/2024\\\/10\\\/14\\\/12-de-octubre-genocidas-y-esclavistas-o-heroes-y-santos\\\/\"},\"author\":{\"name\":\"Huele a azufre\",\"@id\":\"https:\\\/\\\/hueleaazufre.com\\\/wordpress_a\\\/#\\\/schema\\\/person\\\/549dd871707ea7f9f1a686323ebe9baa\"},\"headline\":\"12 de octubre: \u201cGenocidas y esclavistas o h\u00e9roes y santos\u201d\",\"datePublished\":\"2024-10-14T16:14:35+00:00\",\"mainEntityOfPage\":{\"@id\":\"https:\\\/\\\/hueleaazufre.com\\\/wordpress_a\\\/index.php\\\/2024\\\/10\\\/14\\\/12-de-octubre-genocidas-y-esclavistas-o-heroes-y-santos\\\/\"},\"wordCount\":2635,\"commentCount\":0,\"image\":{\"@id\":\"https:\\\/\\\/hueleaazufre.com\\\/wordpress_a\\\/index.php\\\/2024\\\/10\\\/14\\\/12-de-octubre-genocidas-y-esclavistas-o-heroes-y-santos\\\/#primaryimage\"},\"thumbnailUrl\":\"https:\\\/\\\/hueleaazufre.com\\\/wordpress_a\\\/wp-content\\\/uploads\\\/2024\\\/10\\\/Mexico.jpg\",\"keywords\":[\"esclavistas\",\"Espa\u00f1a\",\"Genocidas\",\"M\u00e9xico\"],\"articleSection\":[\"Otras voces\",\"Sergio Rodr\u00edguez Gelfenstein\"],\"inLanguage\":\"es\",\"potentialAction\":[{\"@type\":\"CommentAction\",\"name\":\"Comment\",\"target\":[\"https:\\\/\\\/hueleaazufre.com\\\/wordpress_a\\\/index.php\\\/2024\\\/10\\\/14\\\/12-de-octubre-genocidas-y-esclavistas-o-heroes-y-santos\\\/#respond\"]}]},{\"@type\":\"WebPage\",\"@id\":\"https:\\\/\\\/hueleaazufre.com\\\/wordpress_a\\\/index.php\\\/2024\\\/10\\\/14\\\/12-de-octubre-genocidas-y-esclavistas-o-heroes-y-santos\\\/\",\"url\":\"https:\\\/\\\/hueleaazufre.com\\\/wordpress_a\\\/index.php\\\/2024\\\/10\\\/14\\\/12-de-octubre-genocidas-y-esclavistas-o-heroes-y-santos\\\/\",\"name\":\"12 de octubre: \u201cGenocidas y esclavistas o h\u00e9roes y santos\u201d -\",\"isPartOf\":{\"@id\":\"https:\\\/\\\/hueleaazufre.com\\\/wordpress_a\\\/#website\"},\"primaryImageOfPage\":{\"@id\":\"https:\\\/\\\/hueleaazufre.com\\\/wordpress_a\\\/index.php\\\/2024\\\/10\\\/14\\\/12-de-octubre-genocidas-y-esclavistas-o-heroes-y-santos\\\/#primaryimage\"},\"image\":{\"@id\":\"https:\\\/\\\/hueleaazufre.com\\\/wordpress_a\\\/index.php\\\/2024\\\/10\\\/14\\\/12-de-octubre-genocidas-y-esclavistas-o-heroes-y-santos\\\/#primaryimage\"},\"thumbnailUrl\":\"https:\\\/\\\/hueleaazufre.com\\\/wordpress_a\\\/wp-content\\\/uploads\\\/2024\\\/10\\\/Mexico.jpg\",\"datePublished\":\"2024-10-14T16:14:35+00:00\",\"author\":{\"@id\":\"https:\\\/\\\/hueleaazufre.com\\\/wordpress_a\\\/#\\\/schema\\\/person\\\/549dd871707ea7f9f1a686323ebe9baa\"},\"description\":\"12 de octubre. La publicitada conmoci\u00f3n nacional ocurrida en Espa\u00f1a a ra\u00edz del hecho de que la presidenta de M\u00e9xico, Claudia Sheinbaum, no invitara al rey Borb\u00f3n a su toma de posesi\u00f3n\",\"breadcrumb\":{\"@id\":\"https:\\\/\\\/hueleaazufre.com\\\/wordpress_a\\\/index.php\\\/2024\\\/10\\\/14\\\/12-de-octubre-genocidas-y-esclavistas-o-heroes-y-santos\\\/#breadcrumb\"},\"inLanguage\":\"es\",\"potentialAction\":[{\"@type\":\"ReadAction\",\"target\":[\"https:\\\/\\\/hueleaazufre.com\\\/wordpress_a\\\/index.php\\\/2024\\\/10\\\/14\\\/12-de-octubre-genocidas-y-esclavistas-o-heroes-y-santos\\\/\"]}]},{\"@type\":\"ImageObject\",\"inLanguage\":\"es\",\"@id\":\"https:\\\/\\\/hueleaazufre.com\\\/wordpress_a\\\/index.php\\\/2024\\\/10\\\/14\\\/12-de-octubre-genocidas-y-esclavistas-o-heroes-y-santos\\\/#primaryimage\",\"url\":\"https:\\\/\\\/hueleaazufre.com\\\/wordpress_a\\\/wp-content\\\/uploads\\\/2024\\\/10\\\/Mexico.jpg\",\"contentUrl\":\"https:\\\/\\\/hueleaazufre.com\\\/wordpress_a\\\/wp-content\\\/uploads\\\/2024\\\/10\\\/Mexico.jpg\",\"width\":800,\"height\":450,\"caption\":\"12 de octubre\"},{\"@type\":\"BreadcrumbList\",\"@id\":\"https:\\\/\\\/hueleaazufre.com\\\/wordpress_a\\\/index.php\\\/2024\\\/10\\\/14\\\/12-de-octubre-genocidas-y-esclavistas-o-heroes-y-santos\\\/#breadcrumb\",\"itemListElement\":[{\"@type\":\"ListItem\",\"position\":1,\"name\":\"Portada\",\"item\":\"https:\\\/\\\/hueleaazufre.com\\\/wordpress_a\\\/\"},{\"@type\":\"ListItem\",\"position\":2,\"name\":\"12 de octubre: \u201cGenocidas y esclavistas o h\u00e9roes y santos\u201d\"}]},{\"@type\":\"WebSite\",\"@id\":\"https:\\\/\\\/hueleaazufre.com\\\/wordpress_a\\\/#website\",\"url\":\"https:\\\/\\\/hueleaazufre.com\\\/wordpress_a\\\/\",\"name\":\"\",\"description\":\"Huele a azufre es una plataforma digital de an\u00e1lisis geopol\u00edtico.\",\"potentialAction\":[{\"@type\":\"SearchAction\",\"target\":{\"@type\":\"EntryPoint\",\"urlTemplate\":\"https:\\\/\\\/hueleaazufre.com\\\/wordpress_a\\\/?s={search_term_string}\"},\"query-input\":{\"@type\":\"PropertyValueSpecification\",\"valueRequired\":true,\"valueName\":\"search_term_string\"}}],\"inLanguage\":\"es\"},{\"@type\":\"Person\",\"@id\":\"https:\\\/\\\/hueleaazufre.com\\\/wordpress_a\\\/#\\\/schema\\\/person\\\/549dd871707ea7f9f1a686323ebe9baa\",\"name\":\"Huele a azufre\",\"image\":{\"@type\":\"ImageObject\",\"inLanguage\":\"es\",\"@id\":\"https:\\\/\\\/secure.gravatar.com\\\/avatar\\\/e972d5c124b9bf80eb4c9d322a90dd86a59d447f5da36700a77516f13637d44e?s=96&d=mm&r=g\",\"url\":\"https:\\\/\\\/secure.gravatar.com\\\/avatar\\\/e972d5c124b9bf80eb4c9d322a90dd86a59d447f5da36700a77516f13637d44e?s=96&d=mm&r=g\",\"contentUrl\":\"https:\\\/\\\/secure.gravatar.com\\\/avatar\\\/e972d5c124b9bf80eb4c9d322a90dd86a59d447f5da36700a77516f13637d44e?s=96&d=mm&r=g\",\"caption\":\"Huele a azufre\"},\"description\":\"Huele a azufre es una plataforma digital de an\u00e1lisis geopol\u00edtico\u00a0 contrahegem\u00f3nico, que busca visibilizar las voces y los discursos silenciados por el poder medi\u00e1tico.\",\"sameAs\":[\"https:\\\/\\\/hueleaazufre.com\\\/wordpress_a\"],\"url\":\"https:\\\/\\\/hueleaazufre.com\\\/wordpress_a\\\/index.php\\\/author\\\/admin_tupapa\\\/\"}]}<\/script>\n<!-- \/ Yoast SEO plugin. -->","yoast_head_json":{"title":"12 de octubre: \u201cGenocidas y esclavistas o h\u00e9roes y santos\u201d -","description":"12 de octubre. La publicitada conmoci\u00f3n nacional ocurrida en Espa\u00f1a a ra\u00edz del hecho de que la presidenta de M\u00e9xico, Claudia Sheinbaum, no invitara al rey Borb\u00f3n a su toma de posesi\u00f3n","robots":{"index":"index","follow":"follow","max-snippet":"max-snippet:-1","max-image-preview":"max-image-preview:large","max-video-preview":"max-video-preview:-1"},"canonical":"https:\/\/hueleaazufre.com\/wordpress_a\/index.php\/2024\/10\/14\/12-de-octubre-genocidas-y-esclavistas-o-heroes-y-santos\/","og_locale":"es_ES","og_type":"article","og_title":"12 de octubre: \u201cGenocidas y esclavistas o h\u00e9roes y santos\u201d -","og_description":"12 de octubre. La publicitada conmoci\u00f3n nacional ocurrida en Espa\u00f1a a ra\u00edz del hecho de que la presidenta de M\u00e9xico, Claudia Sheinbaum, no invitara al rey Borb\u00f3n a su toma de posesi\u00f3n","og_url":"https:\/\/hueleaazufre.com\/wordpress_a\/index.php\/2024\/10\/14\/12-de-octubre-genocidas-y-esclavistas-o-heroes-y-santos\/","article_published_time":"2024-10-14T16:14:35+00:00","og_image":[{"width":800,"height":450,"url":"https:\/\/hueleaazufre.com\/wordpress_a\/wp-content\/uploads\/2024\/10\/Mexico.jpg","type":"image\/jpeg"}],"author":"Huele a azufre","twitter_card":"summary_large_image","twitter_misc":{"Escrito por":"Huele a azufre","Tiempo de lectura":"11 minutos"},"schema":{"@context":"https:\/\/schema.org","@graph":[{"@type":"Article","@id":"https:\/\/hueleaazufre.com\/wordpress_a\/index.php\/2024\/10\/14\/12-de-octubre-genocidas-y-esclavistas-o-heroes-y-santos\/#article","isPartOf":{"@id":"https:\/\/hueleaazufre.com\/wordpress_a\/index.php\/2024\/10\/14\/12-de-octubre-genocidas-y-esclavistas-o-heroes-y-santos\/"},"author":{"name":"Huele a azufre","@id":"https:\/\/hueleaazufre.com\/wordpress_a\/#\/schema\/person\/549dd871707ea7f9f1a686323ebe9baa"},"headline":"12 de octubre: \u201cGenocidas y esclavistas o h\u00e9roes y santos\u201d","datePublished":"2024-10-14T16:14:35+00:00","mainEntityOfPage":{"@id":"https:\/\/hueleaazufre.com\/wordpress_a\/index.php\/2024\/10\/14\/12-de-octubre-genocidas-y-esclavistas-o-heroes-y-santos\/"},"wordCount":2635,"commentCount":0,"image":{"@id":"https:\/\/hueleaazufre.com\/wordpress_a\/index.php\/2024\/10\/14\/12-de-octubre-genocidas-y-esclavistas-o-heroes-y-santos\/#primaryimage"},"thumbnailUrl":"https:\/\/hueleaazufre.com\/wordpress_a\/wp-content\/uploads\/2024\/10\/Mexico.jpg","keywords":["esclavistas","Espa\u00f1a","Genocidas","M\u00e9xico"],"articleSection":["Otras voces","Sergio Rodr\u00edguez Gelfenstein"],"inLanguage":"es","potentialAction":[{"@type":"CommentAction","name":"Comment","target":["https:\/\/hueleaazufre.com\/wordpress_a\/index.php\/2024\/10\/14\/12-de-octubre-genocidas-y-esclavistas-o-heroes-y-santos\/#respond"]}]},{"@type":"WebPage","@id":"https:\/\/hueleaazufre.com\/wordpress_a\/index.php\/2024\/10\/14\/12-de-octubre-genocidas-y-esclavistas-o-heroes-y-santos\/","url":"https:\/\/hueleaazufre.com\/wordpress_a\/index.php\/2024\/10\/14\/12-de-octubre-genocidas-y-esclavistas-o-heroes-y-santos\/","name":"12 de octubre: \u201cGenocidas y esclavistas o h\u00e9roes y santos\u201d -","isPartOf":{"@id":"https:\/\/hueleaazufre.com\/wordpress_a\/#website"},"primaryImageOfPage":{"@id":"https:\/\/hueleaazufre.com\/wordpress_a\/index.php\/2024\/10\/14\/12-de-octubre-genocidas-y-esclavistas-o-heroes-y-santos\/#primaryimage"},"image":{"@id":"https:\/\/hueleaazufre.com\/wordpress_a\/index.php\/2024\/10\/14\/12-de-octubre-genocidas-y-esclavistas-o-heroes-y-santos\/#primaryimage"},"thumbnailUrl":"https:\/\/hueleaazufre.com\/wordpress_a\/wp-content\/uploads\/2024\/10\/Mexico.jpg","datePublished":"2024-10-14T16:14:35+00:00","author":{"@id":"https:\/\/hueleaazufre.com\/wordpress_a\/#\/schema\/person\/549dd871707ea7f9f1a686323ebe9baa"},"description":"12 de octubre. La publicitada conmoci\u00f3n nacional ocurrida en Espa\u00f1a a ra\u00edz del hecho de que la presidenta de M\u00e9xico, Claudia Sheinbaum, no invitara al rey Borb\u00f3n a su toma de posesi\u00f3n","breadcrumb":{"@id":"https:\/\/hueleaazufre.com\/wordpress_a\/index.php\/2024\/10\/14\/12-de-octubre-genocidas-y-esclavistas-o-heroes-y-santos\/#breadcrumb"},"inLanguage":"es","potentialAction":[{"@type":"ReadAction","target":["https:\/\/hueleaazufre.com\/wordpress_a\/index.php\/2024\/10\/14\/12-de-octubre-genocidas-y-esclavistas-o-heroes-y-santos\/"]}]},{"@type":"ImageObject","inLanguage":"es","@id":"https:\/\/hueleaazufre.com\/wordpress_a\/index.php\/2024\/10\/14\/12-de-octubre-genocidas-y-esclavistas-o-heroes-y-santos\/#primaryimage","url":"https:\/\/hueleaazufre.com\/wordpress_a\/wp-content\/uploads\/2024\/10\/Mexico.jpg","contentUrl":"https:\/\/hueleaazufre.com\/wordpress_a\/wp-content\/uploads\/2024\/10\/Mexico.jpg","width":800,"height":450,"caption":"12 de octubre"},{"@type":"BreadcrumbList","@id":"https:\/\/hueleaazufre.com\/wordpress_a\/index.php\/2024\/10\/14\/12-de-octubre-genocidas-y-esclavistas-o-heroes-y-santos\/#breadcrumb","itemListElement":[{"@type":"ListItem","position":1,"name":"Portada","item":"https:\/\/hueleaazufre.com\/wordpress_a\/"},{"@type":"ListItem","position":2,"name":"12 de octubre: \u201cGenocidas y esclavistas o h\u00e9roes y santos\u201d"}]},{"@type":"WebSite","@id":"https:\/\/hueleaazufre.com\/wordpress_a\/#website","url":"https:\/\/hueleaazufre.com\/wordpress_a\/","name":"","description":"Huele a azufre es una plataforma digital de an\u00e1lisis geopol\u00edtico.","potentialAction":[{"@type":"SearchAction","target":{"@type":"EntryPoint","urlTemplate":"https:\/\/hueleaazufre.com\/wordpress_a\/?s={search_term_string}"},"query-input":{"@type":"PropertyValueSpecification","valueRequired":true,"valueName":"search_term_string"}}],"inLanguage":"es"},{"@type":"Person","@id":"https:\/\/hueleaazufre.com\/wordpress_a\/#\/schema\/person\/549dd871707ea7f9f1a686323ebe9baa","name":"Huele a azufre","image":{"@type":"ImageObject","inLanguage":"es","@id":"https:\/\/secure.gravatar.com\/avatar\/e972d5c124b9bf80eb4c9d322a90dd86a59d447f5da36700a77516f13637d44e?s=96&d=mm&r=g","url":"https:\/\/secure.gravatar.com\/avatar\/e972d5c124b9bf80eb4c9d322a90dd86a59d447f5da36700a77516f13637d44e?s=96&d=mm&r=g","contentUrl":"https:\/\/secure.gravatar.com\/avatar\/e972d5c124b9bf80eb4c9d322a90dd86a59d447f5da36700a77516f13637d44e?s=96&d=mm&r=g","caption":"Huele a azufre"},"description":"Huele a azufre es una plataforma digital de an\u00e1lisis geopol\u00edtico\u00a0 contrahegem\u00f3nico, que busca visibilizar las voces y los discursos silenciados por el poder medi\u00e1tico.","sameAs":["https:\/\/hueleaazufre.com\/wordpress_a"],"url":"https:\/\/hueleaazufre.com\/wordpress_a\/index.php\/author\/admin_tupapa\/"}]}},"_links":{"self":[{"href":"https:\/\/hueleaazufre.com\/wordpress_a\/index.php\/wp-json\/wp\/v2\/posts\/1693","targetHints":{"allow":["GET"]}}],"collection":[{"href":"https:\/\/hueleaazufre.com\/wordpress_a\/index.php\/wp-json\/wp\/v2\/posts"}],"about":[{"href":"https:\/\/hueleaazufre.com\/wordpress_a\/index.php\/wp-json\/wp\/v2\/types\/post"}],"author":[{"embeddable":true,"href":"https:\/\/hueleaazufre.com\/wordpress_a\/index.php\/wp-json\/wp\/v2\/users\/1"}],"replies":[{"embeddable":true,"href":"https:\/\/hueleaazufre.com\/wordpress_a\/index.php\/wp-json\/wp\/v2\/comments?post=1693"}],"version-history":[{"count":1,"href":"https:\/\/hueleaazufre.com\/wordpress_a\/index.php\/wp-json\/wp\/v2\/posts\/1693\/revisions"}],"predecessor-version":[{"id":1695,"href":"https:\/\/hueleaazufre.com\/wordpress_a\/index.php\/wp-json\/wp\/v2\/posts\/1693\/revisions\/1695"}],"wp:featuredmedia":[{"embeddable":true,"href":"https:\/\/hueleaazufre.com\/wordpress_a\/index.php\/wp-json\/wp\/v2\/media\/1694"}],"wp:attachment":[{"href":"https:\/\/hueleaazufre.com\/wordpress_a\/index.php\/wp-json\/wp\/v2\/media?parent=1693"}],"wp:term":[{"taxonomy":"category","embeddable":true,"href":"https:\/\/hueleaazufre.com\/wordpress_a\/index.php\/wp-json\/wp\/v2\/categories?post=1693"},{"taxonomy":"post_tag","embeddable":true,"href":"https:\/\/hueleaazufre.com\/wordpress_a\/index.php\/wp-json\/wp\/v2\/tags?post=1693"}],"curies":[{"name":"wp","href":"https:\/\/api.w.org\/{rel}","templated":true}]}}