{"id":1785,"date":"2024-11-07T14:38:24","date_gmt":"2024-11-07T14:38:24","guid":{"rendered":"https:\/\/hueleaazufre.com\/wordpress_a\/?p=1785"},"modified":"2024-11-07T14:38:24","modified_gmt":"2024-11-07T14:38:24","slug":"la-tragedia-de-valencia-lecciones-de-un-desastre-y-la-eficacia-del-modelo-cubano-en-emergencias","status":"publish","type":"post","link":"https:\/\/hueleaazufre.com\/wordpress_a\/index.php\/2024\/11\/07\/la-tragedia-de-valencia-lecciones-de-un-desastre-y-la-eficacia-del-modelo-cubano-en-emergencias\/","title":{"rendered":"La tragedia de Valencia: Lecciones de un desastre y la eficacia del modelo cubano en emergencias"},"content":{"rendered":"<p><strong>Las devastadoras inundaciones en Valencia evidencian no solo una tragedia humana sino tambi\u00e9n una serie de fallos sist\u00e9micos en la gesti\u00f3n de riesgos y respuesta ante emergencias.<\/strong><\/p>\n<p><b>Es necesario poner sobre la mesa la incapacidad de un sistema descentralizado y profundamente influido por los intereses privados<\/b><span style=\"font-weight: 400;\"> para actuar r\u00e1pida y eficazmente en la protecci\u00f3n de las vidas humanas. Este enfoque nos permite establecer una comparaci\u00f3n con otros modelos, como el cubano, donde el Estado adopta un enfoque integral y humano frente a emergencias clim\u00e1ticas, priorizando la vida y la seguridad de la poblaci\u00f3n sobre cualquier inter\u00e9s econ\u00f3mico o pol\u00edtico.<\/span><\/p>\n<p><b>Para leer art\u00edculo sobre la crisis energ\u00e9tica en Cuba:<\/b> <a href=\"https:\/\/hueleaazufre.com\/wordpress_a\/index.php\/2024\/10\/26\/cuba-y-la-verguenza\/\"><span style=\"font-weight: 400;\">Cuba y la verg\u00fcenza &#8211;<\/span><\/a><\/p>\n<blockquote class=\"wp-embedded-content\" data-secret=\"WHCQH08O7g\"><p><a href=\"https:\/\/hueleaazufre.com\/wordpress_a\/index.php\/2024\/10\/26\/cuba-y-la-verguenza\/\">Cuba y la verg\u00fcenza<\/a><\/p><\/blockquote>\n<p><iframe class=\"wp-embedded-content\" sandbox=\"allow-scripts\" security=\"restricted\" style=\"position: absolute; visibility: hidden;\" title=\"\u00abCuba y la verg\u00fcenza\u00bb \u2014 \" src=\"https:\/\/hueleaazufre.com\/wordpress_a\/index.php\/2024\/10\/26\/cuba-y-la-verguenza\/embed\/#?secret=rU465Ox7VH#?secret=WHCQH08O7g\" data-secret=\"WHCQH08O7g\" width=\"600\" height=\"338\" frameborder=\"0\" marginwidth=\"0\" marginheight=\"0\" scrolling=\"no\"><\/iframe><\/p>\n<p><b>Fallas en la planificaci\u00f3n y gesti\u00f3n del riesgo<\/b><\/p>\n<p><b>El desastre en Valencia pone de relieve una alarmante falta de planificaci\u00f3n y coordinaci\u00f3n. <\/b><span style=\"font-weight: 400;\">A pesar de la existencia de alertas tempranas y el conocimiento previo sobre la vulnerabilidad de la regi\u00f3n a las lluvias torrenciales, la respuesta de las autoridades espa\u00f1olas fue fragmentada y tard\u00eda.<\/span><\/p>\n<p><b>Esto puede atribuirse en parte al modelo auton\u00f3mico de gesti\u00f3n,<\/b><span style=\"font-weight: 400;\"> donde las competencias est\u00e1n divididas entre el gobierno central y las comunidades aut\u00f3nomas. En este caso, dicha divisi\u00f3n no facilit\u00f3 una respuesta efectiva, sino que provoc\u00f3 descoordinaci\u00f3n e inacci\u00f3n en momentos cr\u00edticos.\u00a0<\/span><\/p>\n<p><span style=\"font-weight: 400;\">Esto contrasta con el enfoque centralizado que pa\u00edses como Cuba han desarrollado, donde la acci\u00f3n inmediata y bien estructurada es prioridad en las emergencias clim\u00e1ticas, precisamente para salvar vidas y minimizar el impacto.<\/span><\/p>\n<p><b>Para leer an\u00e1lisis de las contradicciones del proyecto de globalizaci\u00f3n de la clase capitalista mundial:<\/b> <a href=\"https:\/\/hueleaazufre.com\/wordpress_a\/index.php\/2024\/10\/22\/democracia-o-libertad-las-antinomias-de-la-nueva-fase-capitalista\/\"><span style=\"font-weight: 400;\">Democracia o libertad: las antinomias de la nueva fase capitalista &#8211;<\/span><\/a><\/p>\n<blockquote class=\"wp-embedded-content\" data-secret=\"ZBv2uwlpLq\"><p><a href=\"https:\/\/hueleaazufre.com\/wordpress_a\/index.php\/2024\/10\/22\/democracia-o-libertad-las-antinomias-de-la-nueva-fase-capitalista\/\">Democracia o libertad: las antinomias de la nueva fase capitalista<\/a><\/p><\/blockquote>\n<p><iframe class=\"wp-embedded-content\" sandbox=\"allow-scripts\" security=\"restricted\" style=\"position: absolute; visibility: hidden;\" title=\"\u00abDemocracia o libertad: las antinomias de la nueva fase capitalista\u00bb \u2014 \" src=\"https:\/\/hueleaazufre.com\/wordpress_a\/index.php\/2024\/10\/22\/democracia-o-libertad-las-antinomias-de-la-nueva-fase-capitalista\/embed\/#?secret=5u30YTeI4C#?secret=ZBv2uwlpLq\" data-secret=\"ZBv2uwlpLq\" width=\"600\" height=\"338\" frameborder=\"0\" marginwidth=\"0\" marginheight=\"0\" scrolling=\"no\"><\/iframe><\/p>\n<p><b>La prevenci\u00f3n y la evacuaci\u00f3n temprana como derecho humano<\/b><\/p>\n<p><span style=\"font-weight: 400;\">En Cuba, frente a la amenaza de huracanes o inundaciones, el sistema de protecci\u00f3n civil se activa de inmediato con un plan de acci\u00f3n claro: la evacuaci\u00f3n preventiva de comunidades vulnerables. <\/span><b>Este modelo no espera a que el desastre toque tierra ni se subordina a c\u00e1lculos de viabilidad econ\u00f3mica.<\/b><span style=\"font-weight: 400;\">\u00a0<\/span><\/p>\n<p><b>La infraestructura estatal y la movilizaci\u00f3n de recursos se orientan al cuidado y resguardo de las personas<\/b><span style=\"font-weight: 400;\">, con una notable cultura de evacuaci\u00f3n que implica a toda la comunidad en la prevenci\u00f3n de la tragedia.\u00a0<\/span><\/p>\n<p><span style=\"font-weight: 400;\">La actuaci\u00f3n r\u00e1pida de las fuerzas de seguridad y la implicaci\u00f3n de los ciudadanos en estos planes son componentes cruciales del sistema cubano, que ha demostrado eficacia al mantener bajas tasas de mortalidad incluso ante huracanes de gran magnitud.<\/span><\/p>\n<p><b>En Valencia, la falta de una evacuaci\u00f3n coordinada y oportuna dej\u00f3 a cientos de personas expuestas<\/b><span style=\"font-weight: 400;\"> a una situaci\u00f3n que se hab\u00eda anticipado con horas de antelaci\u00f3n. La falta de instrucciones claras y de un protocolo riguroso de evacuaci\u00f3n <\/span><b>muestra c\u00f3mo un sistema que prioriza la \u201clibertad de decisi\u00f3n\u201d individual o los intereses comerciales tiende a desproteger a la poblaci\u00f3n m\u00e1s vulnerable<\/b><span style=\"font-weight: 400;\">, dej\u00e1ndola en manos de la improvisaci\u00f3n y el caos.<\/span><\/p>\n<p><span style=\"font-weight: 400;\">En Valencia el despliegue del ej\u00e9rcito y las fuerzas de emergencia lleg\u00f3 despu\u00e9s de que el desastre ya estuviera en marcha, reflejando una preparaci\u00f3n inadecuada y la falta de una infraestructura estatal s\u00f3lida para anticiparse a la crisis.<\/span><\/p>\n<p><b>Impacto del modelo capitalista en la gesti\u00f3n del territorio y la infraestructura<\/b><\/p>\n<p><b>Otro factor a considerar es c\u00f3mo el desarrollo capitalista de la infraestructura ha empeorado la situaci\u00f3n de vulnerabilidad<\/b><span style=\"font-weight: 400;\"> en regiones como Valencia. Durante a\u00f1os, la presi\u00f3n del mercado inmobiliario y el turismo masivo han promovido la urbanizaci\u00f3n excesiva y la construcci\u00f3n en zonas de riesgo sin respetar las advertencias clim\u00e1ticas ni ambientales.\u00a0<\/span><\/p>\n<p><b>Esta urbanizaci\u00f3n sin control incrementa la impermeabilizaci\u00f3n del suelo<\/b><span style=\"font-weight: 400;\">, reduciendo la capacidad de absorci\u00f3n del agua y haciendo que lluvias intensas deriven r\u00e1pidamente en inundaciones catastr\u00f3ficas.<\/span><\/p>\n<p><b>Cuba, en cambio, enfrenta grandes limitaciones econ\u00f3micas, pero su modelo de desarrollo urbano evita construir en \u00e1reas de alto riesgo <\/b><span style=\"font-weight: 400;\">y prioriza los estudios de impacto ambiental en sus pol\u00edticas territoriales. Aunque enfrenta desaf\u00edos por su propia geograf\u00eda y las limitaciones del bloqueo, el enfoque cubano demuestra que una econom\u00eda orientada al bien com\u00fan puede reducir significativamente el impacto de desastres naturales.\u00a0<\/span><\/p>\n<p><b>La clave est\u00e1 en tratar el acceso a la seguridad y protecci\u00f3n como derechos universales<\/b><span style=\"font-weight: 400;\">, y no como servicios que dependan de la capacidad de pago o de la infraestructura privada.<\/span><\/p>\n<p><b>Es necesario un cambio de paradigma<\/b><\/p>\n<p><b>La cat\u00e1strofe en Valencia debe servir como una llamada de atenci\u00f3n sobre los l\u00edmites y las fallas del modelo de desarrollo y gesti\u00f3n de emergencias en el marco capitalista.<\/b><span style=\"font-weight: 400;\"> Las vidas perdidas y los bienes destruidos no son solo producto de un fen\u00f3meno meteorol\u00f3gico excepcional, sino tambi\u00e9n de un sistema que prioriza la ganancia, la autonom\u00eda fragmentada y la descentralizaci\u00f3n sin un plan de respaldo s\u00f3lido en situaciones de crisis.\u00a0<\/span><\/p>\n<p><span style=\"font-weight: 400;\">El ejemplo cubano, que coloca la vida y el bienestar de su gente en el centro de su respuesta ante emergencias, demuestra que es posible construir sistemas m\u00e1s justos y eficaces para enfrentar los desastres clim\u00e1ticos. <\/span><b>Para lograr un cambio de paradigma en Espa\u00f1a y otros pa\u00edses, se necesita avanzar hacia un modelo de gesti\u00f3n de riesgos que anteponga el inter\u00e9s colectivo<\/b><span style=\"font-weight: 400;\"> a la competencia pol\u00edtica y econ\u00f3mica.<\/span><\/p>\n<p><b>Autor: Joan Kravall\/ Antiimperialistas<\/b><\/p>\n<p><b><i>Para leer este art\u00edculo en su fuente original: <\/i><\/b><a href=\"https:\/\/antiimperialistas.com\/la-tragedia-de-valencia-lecciones-de-un-desastre-y-la-eficacia-del-modelo-cubano-en-emergencias\/\"><b><i>La tragedia de Valencia: Lecciones de un desastre y la eficacia del modelo cubano en emergencias \u2013 antiimperialistas.com<\/i><\/b><\/a><\/p>\n","protected":false},"excerpt":{"rendered":"<p>Las devastadoras inundaciones en Valencia evidencian no solo una tragedia humana sino tambi\u00e9n una serie&#8230;<\/p>\n","protected":false},"author":1,"featured_media":1786,"comment_status":"open","ping_status":"closed","sticky":false,"template":"","format":"standard","meta":{"footnotes":""},"categories":[70],"tags":[520,519,518],"class_list":["post-1785","post","type-post","status-publish","format-standard","has-post-thumbnail","hentry","category-otras-voces","tag-desastre","tag-emergencia","tag-valencia"],"yoast_head":"<!-- This site is optimized with the Yoast SEO plugin v27.4 - https:\/\/yoast.com\/product\/yoast-seo-wordpress\/ -->\n<title>La tragedia de Valencia: Lecciones de un desastre y la eficacia del modelo cubano en emergencias -<\/title>\n<meta name=\"description\" content=\"Las devastadoras inundaciones en Valencia evidencian no solo una tragedia humana sino tambi\u00e9n una serie de fallos sist\u00e9micos en la gesti\u00f3n...\" \/>\n<meta name=\"robots\" content=\"index, follow, max-snippet:-1, max-image-preview:large, max-video-preview:-1\" \/>\n<link rel=\"canonical\" href=\"https:\/\/hueleaazufre.com\/wordpress_a\/index.php\/2024\/11\/07\/la-tragedia-de-valencia-lecciones-de-un-desastre-y-la-eficacia-del-modelo-cubano-en-emergencias\/\" \/>\n<meta property=\"og:locale\" content=\"es_ES\" \/>\n<meta property=\"og:type\" content=\"article\" \/>\n<meta property=\"og:title\" content=\"La tragedia de Valencia: Lecciones de un desastre y la eficacia del modelo cubano en emergencias -\" \/>\n<meta property=\"og:description\" content=\"Las devastadoras inundaciones en Valencia evidencian no solo una tragedia humana sino tambi\u00e9n una serie de fallos sist\u00e9micos en la gesti\u00f3n...\" \/>\n<meta property=\"og:url\" content=\"https:\/\/hueleaazufre.com\/wordpress_a\/index.php\/2024\/11\/07\/la-tragedia-de-valencia-lecciones-de-un-desastre-y-la-eficacia-del-modelo-cubano-en-emergencias\/\" \/>\n<meta property=\"article:published_time\" content=\"2024-11-07T14:38:24+00:00\" \/>\n<meta property=\"og:image\" content=\"https:\/\/hueleaazufre.com\/wordpress_a\/wp-content\/uploads\/2024\/11\/Valencia.jpg\" \/>\n\t<meta property=\"og:image:width\" content=\"1024\" \/>\n\t<meta property=\"og:image:height\" content=\"577\" \/>\n\t<meta property=\"og:image:type\" content=\"image\/jpeg\" \/>\n<meta name=\"author\" content=\"Huele a azufre\" \/>\n<meta name=\"twitter:card\" content=\"summary_large_image\" \/>\n<meta name=\"twitter:label1\" content=\"Escrito por\" \/>\n\t<meta name=\"twitter:data1\" content=\"Huele a azufre\" \/>\n\t<meta name=\"twitter:label2\" content=\"Tiempo de lectura\" \/>\n\t<meta name=\"twitter:data2\" content=\"5 minutos\" \/>\n<script type=\"application\/ld+json\" class=\"yoast-schema-graph\">{\"@context\":\"https:\\\/\\\/schema.org\",\"@graph\":[{\"@type\":\"Article\",\"@id\":\"https:\\\/\\\/hueleaazufre.com\\\/wordpress_a\\\/index.php\\\/2024\\\/11\\\/07\\\/la-tragedia-de-valencia-lecciones-de-un-desastre-y-la-eficacia-del-modelo-cubano-en-emergencias\\\/#article\",\"isPartOf\":{\"@id\":\"https:\\\/\\\/hueleaazufre.com\\\/wordpress_a\\\/index.php\\\/2024\\\/11\\\/07\\\/la-tragedia-de-valencia-lecciones-de-un-desastre-y-la-eficacia-del-modelo-cubano-en-emergencias\\\/\"},\"author\":{\"name\":\"Huele a azufre\",\"@id\":\"https:\\\/\\\/hueleaazufre.com\\\/wordpress_a\\\/#\\\/schema\\\/person\\\/549dd871707ea7f9f1a686323ebe9baa\"},\"headline\":\"La tragedia de Valencia: Lecciones de un desastre y la eficacia del modelo cubano en emergencias\",\"datePublished\":\"2024-11-07T14:38:24+00:00\",\"mainEntityOfPage\":{\"@id\":\"https:\\\/\\\/hueleaazufre.com\\\/wordpress_a\\\/index.php\\\/2024\\\/11\\\/07\\\/la-tragedia-de-valencia-lecciones-de-un-desastre-y-la-eficacia-del-modelo-cubano-en-emergencias\\\/\"},\"wordCount\":999,\"commentCount\":0,\"image\":{\"@id\":\"https:\\\/\\\/hueleaazufre.com\\\/wordpress_a\\\/index.php\\\/2024\\\/11\\\/07\\\/la-tragedia-de-valencia-lecciones-de-un-desastre-y-la-eficacia-del-modelo-cubano-en-emergencias\\\/#primaryimage\"},\"thumbnailUrl\":\"https:\\\/\\\/hueleaazufre.com\\\/wordpress_a\\\/wp-content\\\/uploads\\\/2024\\\/11\\\/Valencia.jpg\",\"keywords\":[\"desastre\",\"emergencia\",\"Valencia\"],\"articleSection\":[\"Otras voces\"],\"inLanguage\":\"es\",\"potentialAction\":[{\"@type\":\"CommentAction\",\"name\":\"Comment\",\"target\":[\"https:\\\/\\\/hueleaazufre.com\\\/wordpress_a\\\/index.php\\\/2024\\\/11\\\/07\\\/la-tragedia-de-valencia-lecciones-de-un-desastre-y-la-eficacia-del-modelo-cubano-en-emergencias\\\/#respond\"]}]},{\"@type\":\"WebPage\",\"@id\":\"https:\\\/\\\/hueleaazufre.com\\\/wordpress_a\\\/index.php\\\/2024\\\/11\\\/07\\\/la-tragedia-de-valencia-lecciones-de-un-desastre-y-la-eficacia-del-modelo-cubano-en-emergencias\\\/\",\"url\":\"https:\\\/\\\/hueleaazufre.com\\\/wordpress_a\\\/index.php\\\/2024\\\/11\\\/07\\\/la-tragedia-de-valencia-lecciones-de-un-desastre-y-la-eficacia-del-modelo-cubano-en-emergencias\\\/\",\"name\":\"La tragedia de Valencia: Lecciones de un desastre y la eficacia del modelo cubano en emergencias -\",\"isPartOf\":{\"@id\":\"https:\\\/\\\/hueleaazufre.com\\\/wordpress_a\\\/#website\"},\"primaryImageOfPage\":{\"@id\":\"https:\\\/\\\/hueleaazufre.com\\\/wordpress_a\\\/index.php\\\/2024\\\/11\\\/07\\\/la-tragedia-de-valencia-lecciones-de-un-desastre-y-la-eficacia-del-modelo-cubano-en-emergencias\\\/#primaryimage\"},\"image\":{\"@id\":\"https:\\\/\\\/hueleaazufre.com\\\/wordpress_a\\\/index.php\\\/2024\\\/11\\\/07\\\/la-tragedia-de-valencia-lecciones-de-un-desastre-y-la-eficacia-del-modelo-cubano-en-emergencias\\\/#primaryimage\"},\"thumbnailUrl\":\"https:\\\/\\\/hueleaazufre.com\\\/wordpress_a\\\/wp-content\\\/uploads\\\/2024\\\/11\\\/Valencia.jpg\",\"datePublished\":\"2024-11-07T14:38:24+00:00\",\"author\":{\"@id\":\"https:\\\/\\\/hueleaazufre.com\\\/wordpress_a\\\/#\\\/schema\\\/person\\\/549dd871707ea7f9f1a686323ebe9baa\"},\"description\":\"Las devastadoras inundaciones en Valencia evidencian no solo una tragedia humana sino tambi\u00e9n una serie de fallos sist\u00e9micos en la gesti\u00f3n...\",\"breadcrumb\":{\"@id\":\"https:\\\/\\\/hueleaazufre.com\\\/wordpress_a\\\/index.php\\\/2024\\\/11\\\/07\\\/la-tragedia-de-valencia-lecciones-de-un-desastre-y-la-eficacia-del-modelo-cubano-en-emergencias\\\/#breadcrumb\"},\"inLanguage\":\"es\",\"potentialAction\":[{\"@type\":\"ReadAction\",\"target\":[\"https:\\\/\\\/hueleaazufre.com\\\/wordpress_a\\\/index.php\\\/2024\\\/11\\\/07\\\/la-tragedia-de-valencia-lecciones-de-un-desastre-y-la-eficacia-del-modelo-cubano-en-emergencias\\\/\"]}]},{\"@type\":\"ImageObject\",\"inLanguage\":\"es\",\"@id\":\"https:\\\/\\\/hueleaazufre.com\\\/wordpress_a\\\/index.php\\\/2024\\\/11\\\/07\\\/la-tragedia-de-valencia-lecciones-de-un-desastre-y-la-eficacia-del-modelo-cubano-en-emergencias\\\/#primaryimage\",\"url\":\"https:\\\/\\\/hueleaazufre.com\\\/wordpress_a\\\/wp-content\\\/uploads\\\/2024\\\/11\\\/Valencia.jpg\",\"contentUrl\":\"https:\\\/\\\/hueleaazufre.com\\\/wordpress_a\\\/wp-content\\\/uploads\\\/2024\\\/11\\\/Valencia.jpg\",\"width\":1024,\"height\":577,\"caption\":\"Valencia\"},{\"@type\":\"BreadcrumbList\",\"@id\":\"https:\\\/\\\/hueleaazufre.com\\\/wordpress_a\\\/index.php\\\/2024\\\/11\\\/07\\\/la-tragedia-de-valencia-lecciones-de-un-desastre-y-la-eficacia-del-modelo-cubano-en-emergencias\\\/#breadcrumb\",\"itemListElement\":[{\"@type\":\"ListItem\",\"position\":1,\"name\":\"Portada\",\"item\":\"https:\\\/\\\/hueleaazufre.com\\\/wordpress_a\\\/\"},{\"@type\":\"ListItem\",\"position\":2,\"name\":\"La tragedia de Valencia: Lecciones de un desastre y la eficacia del modelo cubano en emergencias\"}]},{\"@type\":\"WebSite\",\"@id\":\"https:\\\/\\\/hueleaazufre.com\\\/wordpress_a\\\/#website\",\"url\":\"https:\\\/\\\/hueleaazufre.com\\\/wordpress_a\\\/\",\"name\":\"\",\"description\":\"Huele a azufre es una plataforma digital de an\u00e1lisis geopol\u00edtico.\",\"potentialAction\":[{\"@type\":\"SearchAction\",\"target\":{\"@type\":\"EntryPoint\",\"urlTemplate\":\"https:\\\/\\\/hueleaazufre.com\\\/wordpress_a\\\/?s={search_term_string}\"},\"query-input\":{\"@type\":\"PropertyValueSpecification\",\"valueRequired\":true,\"valueName\":\"search_term_string\"}}],\"inLanguage\":\"es\"},{\"@type\":\"Person\",\"@id\":\"https:\\\/\\\/hueleaazufre.com\\\/wordpress_a\\\/#\\\/schema\\\/person\\\/549dd871707ea7f9f1a686323ebe9baa\",\"name\":\"Huele a azufre\",\"image\":{\"@type\":\"ImageObject\",\"inLanguage\":\"es\",\"@id\":\"https:\\\/\\\/secure.gravatar.com\\\/avatar\\\/e972d5c124b9bf80eb4c9d322a90dd86a59d447f5da36700a77516f13637d44e?s=96&d=mm&r=g\",\"url\":\"https:\\\/\\\/secure.gravatar.com\\\/avatar\\\/e972d5c124b9bf80eb4c9d322a90dd86a59d447f5da36700a77516f13637d44e?s=96&d=mm&r=g\",\"contentUrl\":\"https:\\\/\\\/secure.gravatar.com\\\/avatar\\\/e972d5c124b9bf80eb4c9d322a90dd86a59d447f5da36700a77516f13637d44e?s=96&d=mm&r=g\",\"caption\":\"Huele a azufre\"},\"description\":\"Huele a azufre es una plataforma digital de an\u00e1lisis geopol\u00edtico\u00a0 contrahegem\u00f3nico, que busca visibilizar las voces y los discursos silenciados por el poder medi\u00e1tico.\",\"sameAs\":[\"https:\\\/\\\/hueleaazufre.com\\\/wordpress_a\"],\"url\":\"https:\\\/\\\/hueleaazufre.com\\\/wordpress_a\\\/index.php\\\/author\\\/admin_tupapa\\\/\"}]}<\/script>\n<!-- \/ Yoast SEO plugin. -->","yoast_head_json":{"title":"La tragedia de Valencia: Lecciones de un desastre y la eficacia del modelo cubano en emergencias -","description":"Las devastadoras inundaciones en Valencia evidencian no solo una tragedia humana sino tambi\u00e9n una serie de fallos sist\u00e9micos en la gesti\u00f3n...","robots":{"index":"index","follow":"follow","max-snippet":"max-snippet:-1","max-image-preview":"max-image-preview:large","max-video-preview":"max-video-preview:-1"},"canonical":"https:\/\/hueleaazufre.com\/wordpress_a\/index.php\/2024\/11\/07\/la-tragedia-de-valencia-lecciones-de-un-desastre-y-la-eficacia-del-modelo-cubano-en-emergencias\/","og_locale":"es_ES","og_type":"article","og_title":"La tragedia de Valencia: Lecciones de un desastre y la eficacia del modelo cubano en emergencias -","og_description":"Las devastadoras inundaciones en Valencia evidencian no solo una tragedia humana sino tambi\u00e9n una serie de fallos sist\u00e9micos en la gesti\u00f3n...","og_url":"https:\/\/hueleaazufre.com\/wordpress_a\/index.php\/2024\/11\/07\/la-tragedia-de-valencia-lecciones-de-un-desastre-y-la-eficacia-del-modelo-cubano-en-emergencias\/","article_published_time":"2024-11-07T14:38:24+00:00","og_image":[{"width":1024,"height":577,"url":"https:\/\/hueleaazufre.com\/wordpress_a\/wp-content\/uploads\/2024\/11\/Valencia.jpg","type":"image\/jpeg"}],"author":"Huele a azufre","twitter_card":"summary_large_image","twitter_misc":{"Escrito por":"Huele a azufre","Tiempo de lectura":"5 minutos"},"schema":{"@context":"https:\/\/schema.org","@graph":[{"@type":"Article","@id":"https:\/\/hueleaazufre.com\/wordpress_a\/index.php\/2024\/11\/07\/la-tragedia-de-valencia-lecciones-de-un-desastre-y-la-eficacia-del-modelo-cubano-en-emergencias\/#article","isPartOf":{"@id":"https:\/\/hueleaazufre.com\/wordpress_a\/index.php\/2024\/11\/07\/la-tragedia-de-valencia-lecciones-de-un-desastre-y-la-eficacia-del-modelo-cubano-en-emergencias\/"},"author":{"name":"Huele a azufre","@id":"https:\/\/hueleaazufre.com\/wordpress_a\/#\/schema\/person\/549dd871707ea7f9f1a686323ebe9baa"},"headline":"La tragedia de Valencia: Lecciones de un desastre y la eficacia del modelo cubano en emergencias","datePublished":"2024-11-07T14:38:24+00:00","mainEntityOfPage":{"@id":"https:\/\/hueleaazufre.com\/wordpress_a\/index.php\/2024\/11\/07\/la-tragedia-de-valencia-lecciones-de-un-desastre-y-la-eficacia-del-modelo-cubano-en-emergencias\/"},"wordCount":999,"commentCount":0,"image":{"@id":"https:\/\/hueleaazufre.com\/wordpress_a\/index.php\/2024\/11\/07\/la-tragedia-de-valencia-lecciones-de-un-desastre-y-la-eficacia-del-modelo-cubano-en-emergencias\/#primaryimage"},"thumbnailUrl":"https:\/\/hueleaazufre.com\/wordpress_a\/wp-content\/uploads\/2024\/11\/Valencia.jpg","keywords":["desastre","emergencia","Valencia"],"articleSection":["Otras voces"],"inLanguage":"es","potentialAction":[{"@type":"CommentAction","name":"Comment","target":["https:\/\/hueleaazufre.com\/wordpress_a\/index.php\/2024\/11\/07\/la-tragedia-de-valencia-lecciones-de-un-desastre-y-la-eficacia-del-modelo-cubano-en-emergencias\/#respond"]}]},{"@type":"WebPage","@id":"https:\/\/hueleaazufre.com\/wordpress_a\/index.php\/2024\/11\/07\/la-tragedia-de-valencia-lecciones-de-un-desastre-y-la-eficacia-del-modelo-cubano-en-emergencias\/","url":"https:\/\/hueleaazufre.com\/wordpress_a\/index.php\/2024\/11\/07\/la-tragedia-de-valencia-lecciones-de-un-desastre-y-la-eficacia-del-modelo-cubano-en-emergencias\/","name":"La tragedia de Valencia: Lecciones de un desastre y la eficacia del modelo cubano en emergencias -","isPartOf":{"@id":"https:\/\/hueleaazufre.com\/wordpress_a\/#website"},"primaryImageOfPage":{"@id":"https:\/\/hueleaazufre.com\/wordpress_a\/index.php\/2024\/11\/07\/la-tragedia-de-valencia-lecciones-de-un-desastre-y-la-eficacia-del-modelo-cubano-en-emergencias\/#primaryimage"},"image":{"@id":"https:\/\/hueleaazufre.com\/wordpress_a\/index.php\/2024\/11\/07\/la-tragedia-de-valencia-lecciones-de-un-desastre-y-la-eficacia-del-modelo-cubano-en-emergencias\/#primaryimage"},"thumbnailUrl":"https:\/\/hueleaazufre.com\/wordpress_a\/wp-content\/uploads\/2024\/11\/Valencia.jpg","datePublished":"2024-11-07T14:38:24+00:00","author":{"@id":"https:\/\/hueleaazufre.com\/wordpress_a\/#\/schema\/person\/549dd871707ea7f9f1a686323ebe9baa"},"description":"Las devastadoras inundaciones en Valencia evidencian no solo una tragedia humana sino tambi\u00e9n una serie de fallos sist\u00e9micos en la gesti\u00f3n...","breadcrumb":{"@id":"https:\/\/hueleaazufre.com\/wordpress_a\/index.php\/2024\/11\/07\/la-tragedia-de-valencia-lecciones-de-un-desastre-y-la-eficacia-del-modelo-cubano-en-emergencias\/#breadcrumb"},"inLanguage":"es","potentialAction":[{"@type":"ReadAction","target":["https:\/\/hueleaazufre.com\/wordpress_a\/index.php\/2024\/11\/07\/la-tragedia-de-valencia-lecciones-de-un-desastre-y-la-eficacia-del-modelo-cubano-en-emergencias\/"]}]},{"@type":"ImageObject","inLanguage":"es","@id":"https:\/\/hueleaazufre.com\/wordpress_a\/index.php\/2024\/11\/07\/la-tragedia-de-valencia-lecciones-de-un-desastre-y-la-eficacia-del-modelo-cubano-en-emergencias\/#primaryimage","url":"https:\/\/hueleaazufre.com\/wordpress_a\/wp-content\/uploads\/2024\/11\/Valencia.jpg","contentUrl":"https:\/\/hueleaazufre.com\/wordpress_a\/wp-content\/uploads\/2024\/11\/Valencia.jpg","width":1024,"height":577,"caption":"Valencia"},{"@type":"BreadcrumbList","@id":"https:\/\/hueleaazufre.com\/wordpress_a\/index.php\/2024\/11\/07\/la-tragedia-de-valencia-lecciones-de-un-desastre-y-la-eficacia-del-modelo-cubano-en-emergencias\/#breadcrumb","itemListElement":[{"@type":"ListItem","position":1,"name":"Portada","item":"https:\/\/hueleaazufre.com\/wordpress_a\/"},{"@type":"ListItem","position":2,"name":"La tragedia de Valencia: Lecciones de un desastre y la eficacia del modelo cubano en emergencias"}]},{"@type":"WebSite","@id":"https:\/\/hueleaazufre.com\/wordpress_a\/#website","url":"https:\/\/hueleaazufre.com\/wordpress_a\/","name":"","description":"Huele a azufre es una plataforma digital de an\u00e1lisis geopol\u00edtico.","potentialAction":[{"@type":"SearchAction","target":{"@type":"EntryPoint","urlTemplate":"https:\/\/hueleaazufre.com\/wordpress_a\/?s={search_term_string}"},"query-input":{"@type":"PropertyValueSpecification","valueRequired":true,"valueName":"search_term_string"}}],"inLanguage":"es"},{"@type":"Person","@id":"https:\/\/hueleaazufre.com\/wordpress_a\/#\/schema\/person\/549dd871707ea7f9f1a686323ebe9baa","name":"Huele a azufre","image":{"@type":"ImageObject","inLanguage":"es","@id":"https:\/\/secure.gravatar.com\/avatar\/e972d5c124b9bf80eb4c9d322a90dd86a59d447f5da36700a77516f13637d44e?s=96&d=mm&r=g","url":"https:\/\/secure.gravatar.com\/avatar\/e972d5c124b9bf80eb4c9d322a90dd86a59d447f5da36700a77516f13637d44e?s=96&d=mm&r=g","contentUrl":"https:\/\/secure.gravatar.com\/avatar\/e972d5c124b9bf80eb4c9d322a90dd86a59d447f5da36700a77516f13637d44e?s=96&d=mm&r=g","caption":"Huele a azufre"},"description":"Huele a azufre es una plataforma digital de an\u00e1lisis geopol\u00edtico\u00a0 contrahegem\u00f3nico, que busca visibilizar las voces y los discursos silenciados por el poder medi\u00e1tico.","sameAs":["https:\/\/hueleaazufre.com\/wordpress_a"],"url":"https:\/\/hueleaazufre.com\/wordpress_a\/index.php\/author\/admin_tupapa\/"}]}},"_links":{"self":[{"href":"https:\/\/hueleaazufre.com\/wordpress_a\/index.php\/wp-json\/wp\/v2\/posts\/1785","targetHints":{"allow":["GET"]}}],"collection":[{"href":"https:\/\/hueleaazufre.com\/wordpress_a\/index.php\/wp-json\/wp\/v2\/posts"}],"about":[{"href":"https:\/\/hueleaazufre.com\/wordpress_a\/index.php\/wp-json\/wp\/v2\/types\/post"}],"author":[{"embeddable":true,"href":"https:\/\/hueleaazufre.com\/wordpress_a\/index.php\/wp-json\/wp\/v2\/users\/1"}],"replies":[{"embeddable":true,"href":"https:\/\/hueleaazufre.com\/wordpress_a\/index.php\/wp-json\/wp\/v2\/comments?post=1785"}],"version-history":[{"count":1,"href":"https:\/\/hueleaazufre.com\/wordpress_a\/index.php\/wp-json\/wp\/v2\/posts\/1785\/revisions"}],"predecessor-version":[{"id":1787,"href":"https:\/\/hueleaazufre.com\/wordpress_a\/index.php\/wp-json\/wp\/v2\/posts\/1785\/revisions\/1787"}],"wp:featuredmedia":[{"embeddable":true,"href":"https:\/\/hueleaazufre.com\/wordpress_a\/index.php\/wp-json\/wp\/v2\/media\/1786"}],"wp:attachment":[{"href":"https:\/\/hueleaazufre.com\/wordpress_a\/index.php\/wp-json\/wp\/v2\/media?parent=1785"}],"wp:term":[{"taxonomy":"category","embeddable":true,"href":"https:\/\/hueleaazufre.com\/wordpress_a\/index.php\/wp-json\/wp\/v2\/categories?post=1785"},{"taxonomy":"post_tag","embeddable":true,"href":"https:\/\/hueleaazufre.com\/wordpress_a\/index.php\/wp-json\/wp\/v2\/tags?post=1785"}],"curies":[{"name":"wp","href":"https:\/\/api.w.org\/{rel}","templated":true}]}}