{"id":1795,"date":"2024-11-14T01:48:45","date_gmt":"2024-11-14T01:48:45","guid":{"rendered":"https:\/\/hueleaazufre.com\/wordpress_a\/?p=1795"},"modified":"2024-11-14T01:54:16","modified_gmt":"2024-11-14T01:54:16","slug":"brasil-y-colombia-pelaron-el-cobre","status":"publish","type":"post","link":"https:\/\/hueleaazufre.com\/wordpress_a\/index.php\/2024\/11\/14\/brasil-y-colombia-pelaron-el-cobre\/","title":{"rendered":"PELARON EL COBRE"},"content":{"rendered":"<p dir=\"auto\"><strong>No ha sido casual el comportamiento de Brasil y Colombia en el escenario pol\u00edtico internacional<\/strong>, ambos con supuestos gobiernos de corte progresista, y como se dice en el argot popular: \u00abpelaron el cobre\u00bb, en referencia a su articulaci\u00f3n con los planes imperialistas de Estados Unidos contra Venezuela.<\/p>\n<p><b>Para leer art\u00edculo de Antonio Garc\u00eda sobre movimientos militares de EE.UU.:<\/b>\u00a0<a href=\"https:\/\/hueleaazufre.com\/wordpress_a\/index.php\/2024\/10\/09\/la-seguridad-global-del-imperio\/\" target=\"_blank\" rel=\"noopener noreferrer\" data-wpel-link=\"internal\">La seguridad global del imperio \u2013 (hueleaazufre.com)<\/a><\/p>\n<p><iframe class=\"wp-embedded-content\" title=\"\u00abLa seguridad global del imperio\u00bb \u2014 \" src=\"https:\/\/hueleaazufre.com\/wordpress_a\/index.php\/2024\/10\/09\/la-seguridad-global-del-imperio\/embed\/#?secret=FLfYEIfXLT#?secret=toVnfFD4KM\" width=\"600\" height=\"251\" frameborder=\"0\" marginwidth=\"0\" marginheight=\"0\" scrolling=\"no\" sandbox=\"allow-scripts\" data-secret=\"toVnfFD4KM\" data-mce-fragment=\"1\"><\/iframe><\/p>\n<p>&nbsp;<\/p>\n<p dir=\"auto\">Se habla de la <strong>existencia de un plan de cooperaci\u00f3n militar de los gobiernos de Colombia y Brasil<\/strong> y de sus respectivas Fuerzas Armadas con el Comando Sur de los Estados Unidos, que tras el manto de trabajar en la \u00abdesarticulaci\u00f3n de organizaciones criminales transnacionales\u00bb, tiene como verdadero objetivo \u00abderrocar el gobierno de Nicol\u00e1s Maduro\u00bb, plan que se activar\u00e1 en enero de 2025.<\/p>\n<p dir=\"auto\"><b>Para leer art\u00edculo de Antonio Garc\u00eda sobre La nueva doctrina del Cuerpo de Marines de EE.UU.:<\/b><\/p>\n<blockquote class=\"wp-embedded-content\" data-secret=\"5OqkPTFUZD\"><p><a href=\"https:\/\/hueleaazufre.com\/wordpress_a\/index.php\/2024\/10\/18\/marines-el-equivalente-de-un-golpe-de-estado\/\">El equivalente de un golpe de Estado<\/a><\/p><\/blockquote>\n<p><iframe class=\"wp-embedded-content\" sandbox=\"allow-scripts\" security=\"restricted\" style=\"position: absolute; visibility: hidden;\" title=\"\u00abEl equivalente de un golpe de Estado\u00bb \u2014 \" src=\"https:\/\/hueleaazufre.com\/wordpress_a\/index.php\/2024\/10\/18\/marines-el-equivalente-de-un-golpe-de-estado\/embed\/#?secret=s2nJwxhHuU#?secret=5OqkPTFUZD\" data-secret=\"5OqkPTFUZD\" width=\"600\" height=\"338\" frameborder=\"0\" marginwidth=\"0\" marginheight=\"0\" scrolling=\"no\"><\/iframe><\/p>\n<p dir=\"auto\">En esa direcci\u00f3n se han realizado reuniones entre las dos Fuerzas Armadas que han concluido en establecer un \u00abacuerdo estrat\u00e9gico\u00bb, con el objetivo de promover operaciones conjuntas de car\u00e1cter contrainsurgente contra el ELN en las fronteras, acciones que buscan justificar y proyectar las operaciones contra Venezuela, aprovechando el contexto poselectoral.<\/p>\n<p dir=\"auto\">Si bien en el plano de la pol\u00edtica internacional, tanto Brasil como Colombia han ambientado un sesgo pol\u00edtico, el plan militar ya est\u00e1 en curso, en ambos pa\u00edses hay despliegues militares en sus fronteras, donde tambi\u00e9n Ecuador y Per\u00fa se han prestado para jugar en la trastienda de la guerra.<\/p>\n<p dir=\"auto\">Se habla del uso de todo tipo de tecnolog\u00edas militares, de drones y misiles, empleados en acciones y ataques de locura, y mientras se condena lo que acontece en Gaza, puede estarse cocinando algo parecido en \u201cCasa\u201d, y para rematar, con los mismos utensilios y cocineros que lo hacen all\u00e1.<\/p>\n<p dir=\"auto\"><b>Autor: Antonio Garc\u00eda<\/b><\/p>\n","protected":false},"excerpt":{"rendered":"<p>No ha sido casual el comportamiento de Brasil y Colombia en el escenario pol\u00edtico internacional,&#8230;<\/p>\n","protected":false},"author":1,"featured_media":1796,"comment_status":"open","ping_status":"closed","sticky":false,"template":"","format":"standard","meta":{"footnotes":""},"categories":[12,70],"tags":[147,57,89],"class_list":["post-1795","post","type-post","status-publish","format-standard","has-post-thumbnail","hentry","category-antonio-garcia","category-otras-voces","tag-brasil","tag-colombia","tag-ee-uu"],"yoast_head":"<!-- This site is optimized with the Yoast SEO plugin v27.5 - https:\/\/yoast.com\/product\/yoast-seo-wordpress\/ -->\n<title>PELARON EL COBRE -<\/title>\n<meta name=\"description\" content=\"Brasil y Colombia. No ha sido casual el comportamiento de Brasil y Colombia en el escenario pol\u00edtico internacional.\" \/>\n<meta name=\"robots\" content=\"index, follow, max-snippet:-1, max-image-preview:large, max-video-preview:-1\" \/>\n<link rel=\"canonical\" href=\"https:\/\/hueleaazufre.com\/wordpress_a\/index.php\/2024\/11\/14\/brasil-y-colombia-pelaron-el-cobre\/\" \/>\n<meta property=\"og:locale\" content=\"es_ES\" \/>\n<meta property=\"og:type\" content=\"article\" \/>\n<meta property=\"og:title\" content=\"PELARON EL COBRE -\" \/>\n<meta property=\"og:description\" content=\"Brasil y Colombia. No ha sido casual el comportamiento de Brasil y Colombia en el escenario pol\u00edtico internacional.\" \/>\n<meta property=\"og:url\" content=\"https:\/\/hueleaazufre.com\/wordpress_a\/index.php\/2024\/11\/14\/brasil-y-colombia-pelaron-el-cobre\/\" \/>\n<meta property=\"article:published_time\" content=\"2024-11-14T01:48:45+00:00\" \/>\n<meta property=\"article:modified_time\" content=\"2024-11-14T01:54:16+00:00\" \/>\n<meta property=\"og:image\" content=\"https:\/\/hueleaazufre.com\/wordpress_a\/wp-content\/uploads\/2024\/11\/1a1f1e3a298b46ed83956dbe0893c7a2.jpeg\" \/>\n\t<meta property=\"og:image:width\" content=\"1024\" \/>\n\t<meta property=\"og:image:height\" content=\"768\" \/>\n\t<meta property=\"og:image:type\" content=\"image\/jpeg\" \/>\n<meta name=\"author\" content=\"Huele a azufre\" \/>\n<meta name=\"twitter:card\" content=\"summary_large_image\" \/>\n<meta name=\"twitter:label1\" content=\"Escrito por\" \/>\n\t<meta name=\"twitter:data1\" content=\"Huele a azufre\" \/>\n\t<meta name=\"twitter:label2\" content=\"Tiempo de lectura\" \/>\n\t<meta name=\"twitter:data2\" content=\"2 minutos\" \/>\n<script type=\"application\/ld+json\" class=\"yoast-schema-graph\">{\"@context\":\"https:\\\/\\\/schema.org\",\"@graph\":[{\"@type\":\"Article\",\"@id\":\"https:\\\/\\\/hueleaazufre.com\\\/wordpress_a\\\/index.php\\\/2024\\\/11\\\/14\\\/brasil-y-colombia-pelaron-el-cobre\\\/#article\",\"isPartOf\":{\"@id\":\"https:\\\/\\\/hueleaazufre.com\\\/wordpress_a\\\/index.php\\\/2024\\\/11\\\/14\\\/brasil-y-colombia-pelaron-el-cobre\\\/\"},\"author\":{\"name\":\"Huele a azufre\",\"@id\":\"https:\\\/\\\/hueleaazufre.com\\\/wordpress_a\\\/#\\\/schema\\\/person\\\/549dd871707ea7f9f1a686323ebe9baa\"},\"headline\":\"PELARON EL COBRE\",\"datePublished\":\"2024-11-14T01:48:45+00:00\",\"dateModified\":\"2024-11-14T01:54:16+00:00\",\"mainEntityOfPage\":{\"@id\":\"https:\\\/\\\/hueleaazufre.com\\\/wordpress_a\\\/index.php\\\/2024\\\/11\\\/14\\\/brasil-y-colombia-pelaron-el-cobre\\\/\"},\"wordCount\":328,\"commentCount\":0,\"image\":{\"@id\":\"https:\\\/\\\/hueleaazufre.com\\\/wordpress_a\\\/index.php\\\/2024\\\/11\\\/14\\\/brasil-y-colombia-pelaron-el-cobre\\\/#primaryimage\"},\"thumbnailUrl\":\"https:\\\/\\\/hueleaazufre.com\\\/wordpress_a\\\/wp-content\\\/uploads\\\/2024\\\/11\\\/1a1f1e3a298b46ed83956dbe0893c7a2.jpeg\",\"keywords\":[\"Brasil\",\"Colombia\",\"EE.UU\"],\"articleSection\":[\"Antonio Garc\u00eda\u00a0\",\"Otras voces\"],\"inLanguage\":\"es\",\"potentialAction\":[{\"@type\":\"CommentAction\",\"name\":\"Comment\",\"target\":[\"https:\\\/\\\/hueleaazufre.com\\\/wordpress_a\\\/index.php\\\/2024\\\/11\\\/14\\\/brasil-y-colombia-pelaron-el-cobre\\\/#respond\"]}]},{\"@type\":\"WebPage\",\"@id\":\"https:\\\/\\\/hueleaazufre.com\\\/wordpress_a\\\/index.php\\\/2024\\\/11\\\/14\\\/brasil-y-colombia-pelaron-el-cobre\\\/\",\"url\":\"https:\\\/\\\/hueleaazufre.com\\\/wordpress_a\\\/index.php\\\/2024\\\/11\\\/14\\\/brasil-y-colombia-pelaron-el-cobre\\\/\",\"name\":\"PELARON EL COBRE -\",\"isPartOf\":{\"@id\":\"https:\\\/\\\/hueleaazufre.com\\\/wordpress_a\\\/#website\"},\"primaryImageOfPage\":{\"@id\":\"https:\\\/\\\/hueleaazufre.com\\\/wordpress_a\\\/index.php\\\/2024\\\/11\\\/14\\\/brasil-y-colombia-pelaron-el-cobre\\\/#primaryimage\"},\"image\":{\"@id\":\"https:\\\/\\\/hueleaazufre.com\\\/wordpress_a\\\/index.php\\\/2024\\\/11\\\/14\\\/brasil-y-colombia-pelaron-el-cobre\\\/#primaryimage\"},\"thumbnailUrl\":\"https:\\\/\\\/hueleaazufre.com\\\/wordpress_a\\\/wp-content\\\/uploads\\\/2024\\\/11\\\/1a1f1e3a298b46ed83956dbe0893c7a2.jpeg\",\"datePublished\":\"2024-11-14T01:48:45+00:00\",\"dateModified\":\"2024-11-14T01:54:16+00:00\",\"author\":{\"@id\":\"https:\\\/\\\/hueleaazufre.com\\\/wordpress_a\\\/#\\\/schema\\\/person\\\/549dd871707ea7f9f1a686323ebe9baa\"},\"description\":\"Brasil y Colombia. No ha sido casual el comportamiento de Brasil y Colombia en el escenario pol\u00edtico internacional.\",\"breadcrumb\":{\"@id\":\"https:\\\/\\\/hueleaazufre.com\\\/wordpress_a\\\/index.php\\\/2024\\\/11\\\/14\\\/brasil-y-colombia-pelaron-el-cobre\\\/#breadcrumb\"},\"inLanguage\":\"es\",\"potentialAction\":[{\"@type\":\"ReadAction\",\"target\":[\"https:\\\/\\\/hueleaazufre.com\\\/wordpress_a\\\/index.php\\\/2024\\\/11\\\/14\\\/brasil-y-colombia-pelaron-el-cobre\\\/\"]}]},{\"@type\":\"ImageObject\",\"inLanguage\":\"es\",\"@id\":\"https:\\\/\\\/hueleaazufre.com\\\/wordpress_a\\\/index.php\\\/2024\\\/11\\\/14\\\/brasil-y-colombia-pelaron-el-cobre\\\/#primaryimage\",\"url\":\"https:\\\/\\\/hueleaazufre.com\\\/wordpress_a\\\/wp-content\\\/uploads\\\/2024\\\/11\\\/1a1f1e3a298b46ed83956dbe0893c7a2.jpeg\",\"contentUrl\":\"https:\\\/\\\/hueleaazufre.com\\\/wordpress_a\\\/wp-content\\\/uploads\\\/2024\\\/11\\\/1a1f1e3a298b46ed83956dbe0893c7a2.jpeg\",\"width\":1024,\"height\":768,\"caption\":\"Brasil y Colombia\"},{\"@type\":\"BreadcrumbList\",\"@id\":\"https:\\\/\\\/hueleaazufre.com\\\/wordpress_a\\\/index.php\\\/2024\\\/11\\\/14\\\/brasil-y-colombia-pelaron-el-cobre\\\/#breadcrumb\",\"itemListElement\":[{\"@type\":\"ListItem\",\"position\":1,\"name\":\"Portada\",\"item\":\"https:\\\/\\\/hueleaazufre.com\\\/wordpress_a\\\/\"},{\"@type\":\"ListItem\",\"position\":2,\"name\":\"PELARON EL COBRE\"}]},{\"@type\":\"WebSite\",\"@id\":\"https:\\\/\\\/hueleaazufre.com\\\/wordpress_a\\\/#website\",\"url\":\"https:\\\/\\\/hueleaazufre.com\\\/wordpress_a\\\/\",\"name\":\"\",\"description\":\"Huele a azufre es una plataforma digital de an\u00e1lisis geopol\u00edtico.\",\"potentialAction\":[{\"@type\":\"SearchAction\",\"target\":{\"@type\":\"EntryPoint\",\"urlTemplate\":\"https:\\\/\\\/hueleaazufre.com\\\/wordpress_a\\\/?s={search_term_string}\"},\"query-input\":{\"@type\":\"PropertyValueSpecification\",\"valueRequired\":true,\"valueName\":\"search_term_string\"}}],\"inLanguage\":\"es\"},{\"@type\":\"Person\",\"@id\":\"https:\\\/\\\/hueleaazufre.com\\\/wordpress_a\\\/#\\\/schema\\\/person\\\/549dd871707ea7f9f1a686323ebe9baa\",\"name\":\"Huele a azufre\",\"image\":{\"@type\":\"ImageObject\",\"inLanguage\":\"es\",\"@id\":\"https:\\\/\\\/secure.gravatar.com\\\/avatar\\\/e972d5c124b9bf80eb4c9d322a90dd86a59d447f5da36700a77516f13637d44e?s=96&d=mm&r=g\",\"url\":\"https:\\\/\\\/secure.gravatar.com\\\/avatar\\\/e972d5c124b9bf80eb4c9d322a90dd86a59d447f5da36700a77516f13637d44e?s=96&d=mm&r=g\",\"contentUrl\":\"https:\\\/\\\/secure.gravatar.com\\\/avatar\\\/e972d5c124b9bf80eb4c9d322a90dd86a59d447f5da36700a77516f13637d44e?s=96&d=mm&r=g\",\"caption\":\"Huele a azufre\"},\"description\":\"Huele a azufre es una plataforma digital de an\u00e1lisis geopol\u00edtico\u00a0 contrahegem\u00f3nico, que busca visibilizar las voces y los discursos silenciados por el poder medi\u00e1tico.\",\"sameAs\":[\"https:\\\/\\\/hueleaazufre.com\\\/wordpress_a\"],\"url\":\"https:\\\/\\\/hueleaazufre.com\\\/wordpress_a\\\/index.php\\\/author\\\/admin_tupapa\\\/\"}]}<\/script>\n<!-- \/ Yoast SEO plugin. -->","yoast_head_json":{"title":"PELARON EL COBRE -","description":"Brasil y Colombia. No ha sido casual el comportamiento de Brasil y Colombia en el escenario pol\u00edtico internacional.","robots":{"index":"index","follow":"follow","max-snippet":"max-snippet:-1","max-image-preview":"max-image-preview:large","max-video-preview":"max-video-preview:-1"},"canonical":"https:\/\/hueleaazufre.com\/wordpress_a\/index.php\/2024\/11\/14\/brasil-y-colombia-pelaron-el-cobre\/","og_locale":"es_ES","og_type":"article","og_title":"PELARON EL COBRE -","og_description":"Brasil y Colombia. No ha sido casual el comportamiento de Brasil y Colombia en el escenario pol\u00edtico internacional.","og_url":"https:\/\/hueleaazufre.com\/wordpress_a\/index.php\/2024\/11\/14\/brasil-y-colombia-pelaron-el-cobre\/","article_published_time":"2024-11-14T01:48:45+00:00","article_modified_time":"2024-11-14T01:54:16+00:00","og_image":[{"width":1024,"height":768,"url":"https:\/\/hueleaazufre.com\/wordpress_a\/wp-content\/uploads\/2024\/11\/1a1f1e3a298b46ed83956dbe0893c7a2.jpeg","type":"image\/jpeg"}],"author":"Huele a azufre","twitter_card":"summary_large_image","twitter_misc":{"Escrito por":"Huele a azufre","Tiempo de lectura":"2 minutos"},"schema":{"@context":"https:\/\/schema.org","@graph":[{"@type":"Article","@id":"https:\/\/hueleaazufre.com\/wordpress_a\/index.php\/2024\/11\/14\/brasil-y-colombia-pelaron-el-cobre\/#article","isPartOf":{"@id":"https:\/\/hueleaazufre.com\/wordpress_a\/index.php\/2024\/11\/14\/brasil-y-colombia-pelaron-el-cobre\/"},"author":{"name":"Huele a azufre","@id":"https:\/\/hueleaazufre.com\/wordpress_a\/#\/schema\/person\/549dd871707ea7f9f1a686323ebe9baa"},"headline":"PELARON EL COBRE","datePublished":"2024-11-14T01:48:45+00:00","dateModified":"2024-11-14T01:54:16+00:00","mainEntityOfPage":{"@id":"https:\/\/hueleaazufre.com\/wordpress_a\/index.php\/2024\/11\/14\/brasil-y-colombia-pelaron-el-cobre\/"},"wordCount":328,"commentCount":0,"image":{"@id":"https:\/\/hueleaazufre.com\/wordpress_a\/index.php\/2024\/11\/14\/brasil-y-colombia-pelaron-el-cobre\/#primaryimage"},"thumbnailUrl":"https:\/\/hueleaazufre.com\/wordpress_a\/wp-content\/uploads\/2024\/11\/1a1f1e3a298b46ed83956dbe0893c7a2.jpeg","keywords":["Brasil","Colombia","EE.UU"],"articleSection":["Antonio Garc\u00eda\u00a0","Otras voces"],"inLanguage":"es","potentialAction":[{"@type":"CommentAction","name":"Comment","target":["https:\/\/hueleaazufre.com\/wordpress_a\/index.php\/2024\/11\/14\/brasil-y-colombia-pelaron-el-cobre\/#respond"]}]},{"@type":"WebPage","@id":"https:\/\/hueleaazufre.com\/wordpress_a\/index.php\/2024\/11\/14\/brasil-y-colombia-pelaron-el-cobre\/","url":"https:\/\/hueleaazufre.com\/wordpress_a\/index.php\/2024\/11\/14\/brasil-y-colombia-pelaron-el-cobre\/","name":"PELARON EL COBRE -","isPartOf":{"@id":"https:\/\/hueleaazufre.com\/wordpress_a\/#website"},"primaryImageOfPage":{"@id":"https:\/\/hueleaazufre.com\/wordpress_a\/index.php\/2024\/11\/14\/brasil-y-colombia-pelaron-el-cobre\/#primaryimage"},"image":{"@id":"https:\/\/hueleaazufre.com\/wordpress_a\/index.php\/2024\/11\/14\/brasil-y-colombia-pelaron-el-cobre\/#primaryimage"},"thumbnailUrl":"https:\/\/hueleaazufre.com\/wordpress_a\/wp-content\/uploads\/2024\/11\/1a1f1e3a298b46ed83956dbe0893c7a2.jpeg","datePublished":"2024-11-14T01:48:45+00:00","dateModified":"2024-11-14T01:54:16+00:00","author":{"@id":"https:\/\/hueleaazufre.com\/wordpress_a\/#\/schema\/person\/549dd871707ea7f9f1a686323ebe9baa"},"description":"Brasil y Colombia. No ha sido casual el comportamiento de Brasil y Colombia en el escenario pol\u00edtico internacional.","breadcrumb":{"@id":"https:\/\/hueleaazufre.com\/wordpress_a\/index.php\/2024\/11\/14\/brasil-y-colombia-pelaron-el-cobre\/#breadcrumb"},"inLanguage":"es","potentialAction":[{"@type":"ReadAction","target":["https:\/\/hueleaazufre.com\/wordpress_a\/index.php\/2024\/11\/14\/brasil-y-colombia-pelaron-el-cobre\/"]}]},{"@type":"ImageObject","inLanguage":"es","@id":"https:\/\/hueleaazufre.com\/wordpress_a\/index.php\/2024\/11\/14\/brasil-y-colombia-pelaron-el-cobre\/#primaryimage","url":"https:\/\/hueleaazufre.com\/wordpress_a\/wp-content\/uploads\/2024\/11\/1a1f1e3a298b46ed83956dbe0893c7a2.jpeg","contentUrl":"https:\/\/hueleaazufre.com\/wordpress_a\/wp-content\/uploads\/2024\/11\/1a1f1e3a298b46ed83956dbe0893c7a2.jpeg","width":1024,"height":768,"caption":"Brasil y Colombia"},{"@type":"BreadcrumbList","@id":"https:\/\/hueleaazufre.com\/wordpress_a\/index.php\/2024\/11\/14\/brasil-y-colombia-pelaron-el-cobre\/#breadcrumb","itemListElement":[{"@type":"ListItem","position":1,"name":"Portada","item":"https:\/\/hueleaazufre.com\/wordpress_a\/"},{"@type":"ListItem","position":2,"name":"PELARON EL COBRE"}]},{"@type":"WebSite","@id":"https:\/\/hueleaazufre.com\/wordpress_a\/#website","url":"https:\/\/hueleaazufre.com\/wordpress_a\/","name":"","description":"Huele a azufre es una plataforma digital de an\u00e1lisis geopol\u00edtico.","potentialAction":[{"@type":"SearchAction","target":{"@type":"EntryPoint","urlTemplate":"https:\/\/hueleaazufre.com\/wordpress_a\/?s={search_term_string}"},"query-input":{"@type":"PropertyValueSpecification","valueRequired":true,"valueName":"search_term_string"}}],"inLanguage":"es"},{"@type":"Person","@id":"https:\/\/hueleaazufre.com\/wordpress_a\/#\/schema\/person\/549dd871707ea7f9f1a686323ebe9baa","name":"Huele a azufre","image":{"@type":"ImageObject","inLanguage":"es","@id":"https:\/\/secure.gravatar.com\/avatar\/e972d5c124b9bf80eb4c9d322a90dd86a59d447f5da36700a77516f13637d44e?s=96&d=mm&r=g","url":"https:\/\/secure.gravatar.com\/avatar\/e972d5c124b9bf80eb4c9d322a90dd86a59d447f5da36700a77516f13637d44e?s=96&d=mm&r=g","contentUrl":"https:\/\/secure.gravatar.com\/avatar\/e972d5c124b9bf80eb4c9d322a90dd86a59d447f5da36700a77516f13637d44e?s=96&d=mm&r=g","caption":"Huele a azufre"},"description":"Huele a azufre es una plataforma digital de an\u00e1lisis geopol\u00edtico\u00a0 contrahegem\u00f3nico, que busca visibilizar las voces y los discursos silenciados por el poder medi\u00e1tico.","sameAs":["https:\/\/hueleaazufre.com\/wordpress_a"],"url":"https:\/\/hueleaazufre.com\/wordpress_a\/index.php\/author\/admin_tupapa\/"}]}},"_links":{"self":[{"href":"https:\/\/hueleaazufre.com\/wordpress_a\/index.php\/wp-json\/wp\/v2\/posts\/1795","targetHints":{"allow":["GET"]}}],"collection":[{"href":"https:\/\/hueleaazufre.com\/wordpress_a\/index.php\/wp-json\/wp\/v2\/posts"}],"about":[{"href":"https:\/\/hueleaazufre.com\/wordpress_a\/index.php\/wp-json\/wp\/v2\/types\/post"}],"author":[{"embeddable":true,"href":"https:\/\/hueleaazufre.com\/wordpress_a\/index.php\/wp-json\/wp\/v2\/users\/1"}],"replies":[{"embeddable":true,"href":"https:\/\/hueleaazufre.com\/wordpress_a\/index.php\/wp-json\/wp\/v2\/comments?post=1795"}],"version-history":[{"count":1,"href":"https:\/\/hueleaazufre.com\/wordpress_a\/index.php\/wp-json\/wp\/v2\/posts\/1795\/revisions"}],"predecessor-version":[{"id":1797,"href":"https:\/\/hueleaazufre.com\/wordpress_a\/index.php\/wp-json\/wp\/v2\/posts\/1795\/revisions\/1797"}],"wp:featuredmedia":[{"embeddable":true,"href":"https:\/\/hueleaazufre.com\/wordpress_a\/index.php\/wp-json\/wp\/v2\/media\/1796"}],"wp:attachment":[{"href":"https:\/\/hueleaazufre.com\/wordpress_a\/index.php\/wp-json\/wp\/v2\/media?parent=1795"}],"wp:term":[{"taxonomy":"category","embeddable":true,"href":"https:\/\/hueleaazufre.com\/wordpress_a\/index.php\/wp-json\/wp\/v2\/categories?post=1795"},{"taxonomy":"post_tag","embeddable":true,"href":"https:\/\/hueleaazufre.com\/wordpress_a\/index.php\/wp-json\/wp\/v2\/tags?post=1795"}],"curies":[{"name":"wp","href":"https:\/\/api.w.org\/{rel}","templated":true}]}}