{"id":1801,"date":"2024-11-16T19:49:42","date_gmt":"2024-11-16T19:49:42","guid":{"rendered":"https:\/\/hueleaazufre.com\/wordpress_a\/?p=1801"},"modified":"2024-11-16T19:49:42","modified_gmt":"2024-11-16T19:49:42","slug":"el-imperio-cambia-de-administracion-que-esperar-para-america-latina-y-el-caribe","status":"publish","type":"post","link":"https:\/\/hueleaazufre.com\/wordpress_a\/index.php\/2024\/11\/16\/el-imperio-cambia-de-administracion-que-esperar-para-america-latina-y-el-caribe\/","title":{"rendered":"El imperio cambia de administraci\u00f3n: \u00bfqu\u00e9 esperar para Am\u00e9rica Latina y el Caribe?"},"content":{"rendered":"<p><b>El pasado martes 5 de noviembre, Estados Unidos vivi\u00f3 una jornada electoral que pasar\u00e1 a los libros de historia.<\/b><span style=\"font-weight: 400;\"> En un evento sin precedentes, el expresidente Donald Trump, magnate ligado a la industria inmobiliaria y la construcci\u00f3n, logr\u00f3 una contundente victoria, gan\u00e1ndose un segundo mandato, no consecutivo, y <\/span><b>demostrando que el impulso neoconservador sigue fuerte en un contexto de polarizaci\u00f3n ideol\u00f3gica<\/b><span style=\"font-weight: 400;\">.<\/span><\/p>\n<p><b>Este evento marca un hito, no solo dentro del \u00e1mbito pol\u00edtico estadounidense, sino tambi\u00e9n en el orden geopol\u00edtico mundial.<\/b><span style=\"font-weight: 400;\"> Tambi\u00e9n deja en evidencia una crisis estructural de orden multidimensional, que abarca aspectos econ\u00f3micos, sociales y tecnol\u00f3gicos.\u00a0<\/span><\/p>\n<p><span style=\"font-weight: 400;\">La pugna al interior del bloque GAFAM, entre globalistas y neoconservadores, refleja no solo diferencias ideol\u00f3gicas, sino tambi\u00e9n estrategias divergentes para enfrentar los desaf\u00edos de un mundo en r\u00e1pida transformaci\u00f3n.<\/span><\/p>\n<p><b>Para leer reflexiona sobre la pol\u00edtica exterior que los partidos, Dem\u00f3crata y Republicano han mantenido en Palestina:<\/b> <a href=\"https:\/\/hueleaazufre.com\/wordpress_a\/index.php\/2024\/11\/10\/victoria-de-trump-ilusiones-y-realidades\/\"><span style=\"font-weight: 400;\">Victoria de Trump: \u201cIlusiones y Realidades\u201d &#8211;<\/span><\/a><\/p>\n<blockquote class=\"wp-embedded-content\" data-secret=\"H9TuSjqrKS\"><p><a href=\"https:\/\/hueleaazufre.com\/wordpress_a\/index.php\/2024\/11\/10\/victoria-de-trump-ilusiones-y-realidades\/\">Victoria de Trump: \u201cIlusiones y Realidades\u201d<\/a><\/p><\/blockquote>\n<p><iframe class=\"wp-embedded-content\" sandbox=\"allow-scripts\" security=\"restricted\" style=\"position: absolute; visibility: hidden;\" title=\"\u00abVictoria de Trump: \u201cIlusiones y Realidades\u201d\u00bb \u2014 \" src=\"https:\/\/hueleaazufre.com\/wordpress_a\/index.php\/2024\/11\/10\/victoria-de-trump-ilusiones-y-realidades\/embed\/#?secret=L3zwep8JsE#?secret=H9TuSjqrKS\" data-secret=\"H9TuSjqrKS\" width=\"600\" height=\"338\" frameborder=\"0\" marginwidth=\"0\" marginheight=\"0\" scrolling=\"no\"><\/iframe><\/p>\n<p><span style=\"font-weight: 400;\">Trump vuelve a la Casa Blanca. A\u00fan con algunos c\u00f3mputos estatales incompletos, el panorama de las elecciones en Estados Unidos ya lo tiene como claro ganador en la carrera presidencial. <\/span><b>Trump super\u00f3 los 270 votos electorales necesarios y obtuvo el triunfo con 301 electores, llegando al 50.5 % del voto popular (74.264.469 votos), frente a los 226 electores y el 47,9 % (70.357.216) de Kamala Harris.<\/b><span style=\"font-weight: 400;\">\u00a0<\/span><\/p>\n<p><span style=\"font-weight: 400;\">Este resultado, adem\u00e1s, tiene fuertes implicaciones para el Congreso: en el Senado, los republicanos lideran con 52 esca\u00f1os sobre los 46 dem\u00f3cratas, y en la C\u00e1mara de Representantes, mantiene una ligera ventaja con 213 representantes contra los 204 dem\u00f3cratas.<\/span><b> En cuanto a las gobernaciones, el Partido Republicano controla 27, mientras que el Partido Dem\u00f3crata retiene 23<\/b><span style=\"font-weight: 400;\">.<\/span><\/p>\n<p><b>Para leer an\u00e1lisis de c\u00f3mo la poblaci\u00f3n de origen hispanoamericana ha modificado su tendencia dem\u00f3crata por la republicana:<\/b> <a href=\"https:\/\/hueleaazufre.com\/wordpress_a\/index.php\/2024\/11\/08\/el-voto-latino-vira-hacia-trump-cada-vez-asimilan-mas-la-cultura-anglosajona\/\"><span style=\"font-weight: 400;\">El voto latino vira hacia Trump: \u00abCada vez asimilan m\u00e1s la cultura anglosajona\u00bb &#8211;<\/span><\/a><\/p>\n<blockquote class=\"wp-embedded-content\" data-secret=\"HZuvXzJGrY\"><p><a href=\"https:\/\/hueleaazufre.com\/wordpress_a\/index.php\/2024\/11\/08\/el-voto-latino-vira-hacia-trump-cada-vez-asimilan-mas-la-cultura-anglosajona\/\">El voto latino vira hacia Trump: \u00abCada vez asimilan m\u00e1s la cultura anglosajona\u00bb<\/a><\/p><\/blockquote>\n<p><iframe class=\"wp-embedded-content\" sandbox=\"allow-scripts\" security=\"restricted\" style=\"position: absolute; visibility: hidden;\" title=\"\u00abEl voto latino vira hacia Trump: \u00abCada vez asimilan m\u00e1s la cultura anglosajona\u00bb\u00bb \u2014 \" src=\"https:\/\/hueleaazufre.com\/wordpress_a\/index.php\/2024\/11\/08\/el-voto-latino-vira-hacia-trump-cada-vez-asimilan-mas-la-cultura-anglosajona\/embed\/#?secret=83AGex6fm8#?secret=HZuvXzJGrY\" data-secret=\"HZuvXzJGrY\" width=\"600\" height=\"338\" frameborder=\"0\" marginwidth=\"0\" marginheight=\"0\" scrolling=\"no\"><\/iframe><\/p>\n<p><b>La mayor\u00eda republicana en el Congreso y en los gobiernos estatales refleja un s\u00f3lido respaldo que le permitir\u00e1 al partido impulsar su agenda pol\u00edtica neoconservadora.<\/b><span style=\"font-weight: 400;\"> A esto tambi\u00e9n contribuye la mayor\u00eda conservadora en la Corte Suprema de Justicia.\u00a0<\/span><\/p>\n<p><b>Un escenario que, de conjunto, hace presumir a un Donald Trump llegando nuevamente al despacho oval, ahora con mucha m\u00e1s fuerza.<\/b><span style=\"font-weight: 400;\"> Por supuesto, su gesti\u00f3n no se har\u00e1 sin la resistencia y el permanente contraataque de los hoy derrotados dem\u00f3cratas, de los actores econ\u00f3micos y estrat\u00e9gicos del globalismo, e incluso del <\/span><i><span style=\"font-weight: 400;\">deep state<\/span><\/i><span style=\"font-weight: 400;\">, los intereses permanentes del Estado profundo angloamericano.<\/span><\/p>\n<p><b>Trump y el Bloque Neoconservador presidiendo EEUU<\/b><\/p>\n<p><b>El impacto econ\u00f3mico de la presidencia de Biden seguramente es uno de los factores que explican el triunfo de Trump<\/b><span style=\"font-weight: 400;\">. Un Estados Unidos caracterizado por una inflaci\u00f3n elevada y despidos masivos en el sector tecnol\u00f3gico, dej\u00f3 una situaci\u00f3n de incertidumbre para muchos estadounidenses.\u00a0<\/span><\/p>\n<p><span style=\"font-weight: 400;\">Las empresas tecnol\u00f3gicas, como <\/span><i><span style=\"font-weight: 400;\">Intel<\/span><\/i><span style=\"font-weight: 400;\">, <\/span><i><span style=\"font-weight: 400;\">Dell <\/span><\/i><span style=\"font-weight: 400;\">y <\/span><i><span style=\"font-weight: 400;\">Tesla<\/span><\/i><span style=\"font-weight: 400;\">, han realizado recortes significativos, lo que apunta a una fase de ajuste en la econom\u00eda digital que afectar\u00e1 el empleo.<\/span><\/p>\n<blockquote>\n<h2><b><i>\u201cSanders: \u2018Hoy en d\u00eda, mientras que a los muy ricos les va fenomenalmente bien, el 60 % de los estadounidenses viven al d\u00eda. Tenemos m\u00e1s desigualdad de ingresos y riqueza que nunca. Incre\u00edblemente, los salarios semanales reales, descontada la inflaci\u00f3n, para el trabajador estadounidense promedio son en realidad m\u00e1s bajos ahora que hace 50 a\u00f1os\u2019.\u201d<\/i><\/b><\/h2>\n<\/blockquote>\n<p><b>El gobierno de Joe Biden logr\u00f3 un modesto aumento en los ingresos medios por hora, pero los efectos de la inflaci\u00f3n han opacado estos avances<\/b><span style=\"font-weight: 400;\">. La subida de precios, que alcanz\u00f3 un pico de los m\u00e1s grandes de la historia (con el 9,1 % en 2022), marc\u00f3 un desaf\u00edo persistente para la clase media y trabajadora, que a\u00fan enfrenta un costo de vida elevado.<\/span><\/p>\n<p><span style=\"font-weight: 400;\">Situaci\u00f3n que centr\u00f3 los argumentos del senador Bernie Sanders ante la victoria de Trump, asegurando en un comunicado que \u201c<\/span><b>no deber\u00eda ser una gran sorpresa que un partido dem\u00f3crata que ha abandonado a la gente de la clase trabajadora descubra que la clase trabajadora le ha abandonado<\/b><span style=\"font-weight: 400;\">\u201d.<\/span><\/p>\n<p><span style=\"font-weight: 400;\">\u201cPrimero fue la clase trabajadora blanca, y ahora son tambi\u00e9n los trabajadores latinos y negros. Mientras el liderazgo dem\u00f3crata defiende el <\/span><i><span style=\"font-weight: 400;\">status quo<\/span><\/i><span style=\"font-weight: 400;\">, el pueblo estadounidense est\u00e1 enojado y quiere un cambio. Y tienen raz\u00f3n. Hoy en d\u00eda, mientras que a los muy ricos les va fenomenalmente bien, el 60 % de los estadounidenses viven al d\u00eda. Tenemos m\u00e1s desigualdad de ingresos y riqueza que nunca. Incre\u00edblemente, los salarios semanales reales, descontada la inflaci\u00f3n, para el trabajador estadounidense promedio son en realidad m\u00e1s bajos ahora que hace 50 a\u00f1os\u201d, agreg\u00f3 el Senador por el estado de Vermont.<\/span><\/p>\n<p><b>La administraci\u00f3n de Trump llega con una promesa de \u201crestaurar la estabilidad econ\u00f3mica\u201d.<\/b><span style=\"font-weight: 400;\"> El foco de su pol\u00edtica econ\u00f3mica probablemente se centrar\u00e1 en fortalecer el d\u00f3lar y el sistema de la Reserva Federal, a partir de impuestos a las importaciones (en especial a los autos de origen chino) buscando el dominio estadounidense en los mercados.<\/span><\/p>\n<p><b>Trump y sus aliados ven en la reactivaci\u00f3n de las alianzas tradicionales con Israel y la reafirmaci\u00f3n de la Organizaci\u00f3n del Tratado del Atl\u00e1ntico Norte (OTAN) una v\u00eda para contrarrestar a China, su principal rival<\/b><span style=\"font-weight: 400;\">. El retorno de Donald Trump a la Casa Blanca implica una reafirmaci\u00f3n de las fuerzas neoconservadoras y su agenda imperialista. Su enfoque de pol\u00edtica exterior, abiertamente unilateral, y las prioridades que plantean para Am\u00e9rica Latina y el resto del mundo, configuran una estrategia de poder que difiere de la actual.<\/span><\/p>\n<blockquote>\n<h2><b><i>\u201cBancas como JP Morgan Chase Manhattan, Goldman Sachs, Bank of America, y grandes capitalistas como la familia Rockefeller y Warren Buffett (propietario del fondo Berkshire Hathaway, due\u00f1o de casi el 20 % de las acciones de Coca-Cola, el 15 % de la banca Wells Fargo, el 10 % de American Express y de Procter and Gamble, y el 6 % de Kraft Foods e IBM) constituyen una \u00e9lite econ\u00f3mica cuyos sus intereses se entrelazan en el programa de gobierno de Trump\u201d<\/i><\/b><\/h2>\n<\/blockquote>\n<p><span style=\"font-weight: 400;\">En lo que respecta a las pol\u00edticas para con Am\u00e9rica Latina se espera que las medidas econ\u00f3micas unilaterales, mal llamadas \u201csanciones\u201d, los bloqueos y las <\/span><b>estrategias de presi\u00f3n injerencista se intensificar\u00e1n, apuntando principalmente a Venezuela, un pa\u00eds que concentra recursos estrat\u00e9gicos y se enfrenta a Estados Unidos con una postura soberanista<\/b><span style=\"font-weight: 400;\">.\u00a0<\/span><\/p>\n<p><span style=\"font-weight: 400;\">Estas acciones no solo son un recordatorio del dominio estadounidense basado en su poder\u00edo militar y su control de la moneda para el comercio internacional, <\/span><b>sino que subrayan la importancia como pol\u00edtica de Estado que las presidencias estadounidenses otorgan a la preservaci\u00f3n de su influencia en Am\u00e9rica Latina frente a la expansi\u00f3n de China<\/b><span style=\"font-weight: 400;\">.<\/span><\/p>\n<p><b>El Poder detr\u00e1s del Poder: las finanzas y los think tanks<\/b><\/p>\n<p><b>La victoria de Trump no es solo el resultado de un candidato, sino tambi\u00e9n de una maquinaria de poder<\/b> <b>que incluye sectores clave del sistema financiero,<\/b><span style=\"font-weight: 400;\"> tecnol\u00f3gico y estrat\u00e9gico. Bancas como <\/span><i><span style=\"font-weight: 400;\">JP Morgan Chase Manhattan<\/span><\/i><span style=\"font-weight: 400;\">, <\/span><i><span style=\"font-weight: 400;\">Goldman Sachs<\/span><\/i><span style=\"font-weight: 400;\">, <\/span><i><span style=\"font-weight: 400;\">Bank of America<\/span><\/i><span style=\"font-weight: 400;\">, y grandes capitalistas como la familia Rockefeller y Warren Buffett (propietario del fondo <\/span><i><span style=\"font-weight: 400;\">Berkshire Hathaway<\/span><\/i><span style=\"font-weight: 400;\">, due\u00f1o de casi el 20 % de las acciones de Coca-Cola, el 15 % de la banca Wells Fargo, el 10 % de American Express y de Procter and Gamble, y el 6 % de Kraft Foods e IBM) constituyen una \u00e9lite econ\u00f3mica cuyos sus intereses se entrelazan en el programa de gobierno de Trump.<\/span><\/p>\n<p><b>Este se sustenta en un Estados Unidos, fortalecido a partir del complejo industrial, militar, farmac\u00e9utico y energ\u00e9tico<\/b><span style=\"font-weight: 400;\">. Su vocaci\u00f3n es construir una estrategia unilateral de poder pero con alcance global, a partir de volver a fortalecer la potencia imperial estadounidense, el d\u00f3lar y la Reserva Federal (Fed).<\/span><\/p>\n<p><span style=\"font-weight: 400;\">Tambi\u00e9n se encuentran representadas en este proyecto actores como tanques de pensamientos (<\/span><i><span style=\"font-weight: 400;\">think tanks<\/span><\/i><span style=\"font-weight: 400;\">), <\/span><b>en los que se destacan el <\/b><b><i>Brooking Institutions<\/i><\/b><b> y el <\/b><b><i>Manhattan Institute<\/i><\/b><b>, \u00e9ste \u00faltimo que ofici\u00f3 como el nodo fundacional de <\/b><b><i>Atlas Network<\/i><\/b><span style=\"font-weight: 400;\">.\u00a0<\/span><\/p>\n<p><span style=\"font-weight: 400;\">Sumando a medios de comunicaci\u00f3n como el diario <\/span><i><span style=\"font-weight: 400;\">Wall Street Journal <\/span><\/i><span style=\"font-weight: 400;\">y el canal FOX, que construyen un entramado coordinado de respaldo ideol\u00f3gico que justifica el discurso de Donald Trump, funcionando como motores de la agenda neoconservadora para acciones de disputa de sentido y golpes blandos.<\/span><\/p>\n<p><b>El desarrollo de tecnolog\u00edas digitales es el sector que ordena con mayor claridad los intereses en la agenda norteamericana para estas elecciones<\/b><span style=\"font-weight: 400;\">. Esto se afirm\u00f3 en la presencia de representantes del sector en las candidaturas a la vicepresidencia de ambos Partidos.\u00a0<\/span><\/p>\n<blockquote>\n<h2><b><i>\u201cLa postura de Trump sobre la inmigraci\u00f3n combina un enfoque inflexible hacia los migrantes indocumentados con un reconocimiento de la importancia econ\u00f3mica de ciertos grupos, como los beneficiarios del programa de migraci\u00f3n DACA, que han contribuido significativamente a sectores clave en Estados Unidos\u201d<\/i><\/b><\/h2>\n<\/blockquote>\n<p><b>En el caso republicano, James Vance, el joven electo vicepresidente, tiene una trayectoria que incluye servicio militar en Irak y estudios en Yale<\/b><span style=\"font-weight: 400;\">, que lo ha llevado desde <\/span><i><span style=\"font-weight: 400;\">Silicon Valley<\/span><\/i><span style=\"font-weight: 400;\"> hasta el Senado de los Estados Unidos en 2021 por el estado de Ohio, con el apoyo y el <\/span><i><span style=\"font-weight: 400;\">lobby <\/span><\/i><span style=\"font-weight: 400;\">de Peter Thiel, el cofundador con Elon Musk de Paypal. Vance se convirti\u00f3 en un personaje clave en la pol\u00edtica actual y futura de los Estados Unidos, y tiene una s\u00f3lida red de contactos en <\/span><i><span style=\"font-weight: 400;\">Silicon Valley<\/span><\/i><span style=\"font-weight: 400;\">. Estas incluyen ejecutivos e inversores multimillonarios.\u00a0<\/span><\/p>\n<p><b>Vance apoy\u00f3 a la Comisi\u00f3n Federal de Comercio en sus demandas antimonop\u00f3licas contra <\/b><b><i>Google <\/i><\/b><span style=\"font-weight: 400;\">(alineada al proyecto que representa Harris en las elecciones siendo Bill Gates uno de sus grandes aportantes), y ha pedido p\u00fablicamente su disoluci\u00f3n porque era una \u201cempresa tecnol\u00f3gica expl\u00edcitamente progresista\u201d.<\/span><\/p>\n<p><span style=\"font-weight: 400;\">Aparte de sus posicionamientos en la disputa tecnol\u00f3gica al interior de los EE.UU., <\/span><b>Vance realiz\u00f3 reiteradas cr\u00edticas a la pol\u00edtica exterior dem\u00f3crata, particularmente en relaci\u00f3n a Ucrania<\/b><span style=\"font-weight: 400;\">, y planteando la necesidad de adoptar una postura m\u00e1s \u201caislacionista\u201d. Sobre la inmigraci\u00f3n, ha intensificado su ret\u00f3rica antiinmigrante, vinculando a inmigrantes con delitos y apoyando la pol\u00edtica de deportaciones masivas.<\/span><\/p>\n<p><b>Am\u00e9rica Latina en la mira<\/b><\/p>\n<p><b>Una de las propuestas centrales de la administraci\u00f3n Trump es el tema migratorio.<\/b><span style=\"font-weight: 400;\"> La postura de Trump sobre la inmigraci\u00f3n combina un enfoque inflexible hacia los migrantes indocumentados con un reconocimiento de la importancia econ\u00f3mica de ciertos grupos, como los beneficiarios del programa de migraci\u00f3n DACA, que han contribuido significativamente a sectores clave en Estados Unidos.<\/span><\/p>\n<p><b>Esta dualidad refleja una \u201cpostura ambivalente\u201d para su administraci\u00f3n, marcada por una pol\u00edtica de endurecimiento hacia aquellos considerados una amenaza<\/b><span style=\"font-weight: 400;\"> y una aparente tolerancia hacia quienes aportan a la econom\u00eda.\u00a0<\/span><\/p>\n<blockquote>\n<h2><b><i>\u201cLas posiciones de Donald Trump, que reniegan de la negociaci\u00f3n y el softpower, ser\u00e1n mucho m\u00e1s agresivas. Am\u00e9rica Latina es un gran campo de inter\u00e9s, por sus cuantiosos y variados recursos naturales, particularmente aquellos que son claves en la actual fase digital del capitalismo\u201d<\/i><\/b><\/h2>\n<\/blockquote>\n<p><span style=\"font-weight: 400;\">Adem\u00e1s, Trump ha puesto la inmigraci\u00f3n y la seguridad fronteriza en el centro de su campa\u00f1a, bloqueando acuerdos bipartidistas sobre el tema e insistiendo en usar la \u201cLey de Enemigos Extranjeros\u201d, para expulsar a los miembros de pandillas, traficantes de drogas o miembros de c\u00e1rteles conocidos. o sospechosos de Estados Unidos.<\/span><\/p>\n<p><b>En el marco general, tanto Biden como Trump sostienen posturas firmes en contra de \u201cinfluencias estrat\u00e9gicas\u201d en la regi\u00f3n, particularmente de China<\/b><span style=\"font-weight: 400;\">. Por supuesto, las posiciones de Donald Trump, que reniegan de la negociaci\u00f3n y el <\/span><i><span style=\"font-weight: 400;\">softpower<\/span><\/i><span style=\"font-weight: 400;\">, ser\u00e1n mucho m\u00e1s agresivas. Am\u00e9rica Latina es un gran campo de inter\u00e9s, por sus cuantiosos y variados recursos naturales, particularmente aquellos que son claves en la actual fase digital del capitalismo.<\/span><\/p>\n<p><b>En cuanto a relaciones puntuales, el foco de las tensiones ser\u00e1 Venezuela, un pa\u00eds con una posici\u00f3n geopol\u00edtica relevante, con cuantioso petr\u00f3leo y sus recursos naturales<\/b><span style=\"font-weight: 400;\">, y con un proyecto pol\u00edtico que lucha con decisi\u00f3n por la soberan\u00eda y la justicia social. A esto hay que sumar la posibilidad de un comportamiento diferenciado para los aliados pol\u00edticos en posici\u00f3n de gobierno, como son los casos de El Salvador y Argentina.<\/span><\/p>\n<p><b>Menci\u00f3n especial: Las elecciones en Puerto Rico<\/b><\/p>\n<p><span style=\"font-weight: 400;\">De manera simult\u00e1nea,<\/span><b> el enclave neocolonial estadounidense de Puerto Rico eligi\u00f3, el mismo martes 5 de noviembre, como gobernadora a Jennifer Gonz\u00e1lez, con cerca del 40 % de los votos<\/b><span style=\"font-weight: 400;\">. Jessika Padilla, presidenta alterna de la Comisi\u00f3n Estatal de Elecciones, residente en Washington, certific\u00f3 preliminarmente a Gonz\u00e1lez, del oficialista Partido Nuevo Progresista, como ganadora de la contienda a la gobernaci\u00f3n, aventajando a Juan Dalmau, del Partido Independentista Puertorrique\u00f1o, con el 31 %, Jes\u00fas Manuel Ortiz del Partido Popular Democr\u00e1tico con<\/span><\/p>\n<p><span style=\"font-weight: 400;\">Esta elecci\u00f3n tiene el a\u00f1adido simb\u00f3lico de una elecci\u00f3n presidencial en la que los puertorrique\u00f1os manifestaron sus preferencias para la presidencia de Estados Unidos, aunque sin impacto en los resultados ya que es un territorio no incorporado y figura como estado libre asociado.\u00a0<\/span><\/p>\n<p><b>En esa elecci\u00f3n simb\u00f3lica, la candidata presidencial dem\u00f3crata, la vicepresidenta Harris, fue la preferida de los puertorrique\u00f1os, con m\u00e1s del 73 %<\/b><span style=\"font-weight: 400;\"> de los votos frente a casi los 26% de Trump, seg\u00fan resultados preliminares de la Comisi\u00f3n Estatal de Elecciones (CEE) del pa\u00eds caribe\u00f1o.<\/span><\/p>\n<p><b>Reflexiones finales<\/b><\/p>\n<p><b>La administraci\u00f3n Trump representar\u00e1 a sectores econ\u00f3micos, pol\u00edticos y estrat\u00e9gicos que promueven el dominio unilateral estadounidense<\/b><span style=\"font-weight: 400;\">, a expensas de las din\u00e1micas multilaterales y los principios de cooperaci\u00f3n internacional. Sin embargo, tambi\u00e9n revela las fracturas internas en un Estados Unidos, particularmente dividido al interior de su \u00e9lite financiera y tecnol\u00f3gica.<\/span><\/p>\n<p><b>En Am\u00e9rica Latina, esta reconfiguraci\u00f3n plantea un desaf\u00edo para los movimientos populares<\/b><span style=\"font-weight: 400;\">, las fuerzas pol\u00edticas progresistas, y los gobiernos que buscan mantener su independencia pol\u00edtica. La consolidaci\u00f3n del poder de Trump es un recordatorio de que la emancipaci\u00f3n de los pueblos latinoamericanos debe pasar por la creaci\u00f3n de estrategias aut\u00f3nomas que permitan una resistencia efectiva ante la agenda imperialista.\u00a0<\/span><\/p>\n<p><span style=\"font-weight: 400;\">Solo a trav\u00e9s de la unidad y la cooperaci\u00f3n regional ser\u00e1 posible enfrentar el avance de un modelo de poder global que cada vez se aleja m\u00e1s de las aspiraciones de justicia social y equidad.<\/span><\/p>\n<p><b>Las elecciones presidenciales de EEUU son mucho m\u00e1s que un simple proceso democr\u00e1tico nacional<\/b><span style=\"font-weight: 400;\">. Representan un punto de inflexi\u00f3n en la geopol\u00edtica mundial. El proceso electoral de EE.UU. es el laberinto democr\u00e1tico m\u00e1s determinante del planeta.\u00a0<\/span><\/p>\n<p><span style=\"font-weight: 400;\">Globalistas y neoconservadores pusieron en juego, en el tablero electoral estadounidense, todas sus diferencias estrat\u00e9gicas para conducir la territorialidad m\u00e1s importante del capitalismo mundial.<\/span><\/p>\n<p><b>En el escenario latinoamericano y mundial, el peligro radica en la pol\u00edtica imperialista en su conjunto<\/b><span style=\"font-weight: 400;\">. No obstante, es crucial entender la red de intereses, las estrategias y las visiones que se enfrentan al interior del bloque angloamericano, para as\u00ed orientar con \u00e9xito los marcos de acci\u00f3n popular y progresista.<\/span><\/p>\n<p><b>Identificar aliados y definir adversarios permitir\u00e1 acercarnos a nuestro horizonte de emancipaci\u00f3n pol\u00edtica.<\/b><span style=\"font-weight: 400;\"> Este es el momento de entender que las elecciones en Estados Unidos no solo afectan a su propia ciudadan\u00eda, sino tambi\u00e9n a la configuraci\u00f3n del sistema mundial en el que todos estamos inmersos.<\/span><\/p>\n<p><b>Autores: Paula Gim\u00e9nez y Mat\u00edas Caciabue\/ Estrategia.AL<\/b><\/p>\n<p><b><i>Para leer este art\u00edculo en su fuente original: <\/i><\/b><a href=\"https:\/\/estrategia.la\/2024\/11\/14\/el-imperio-cambia-de-administracion-que-esperar-para-america-latina-y-el-caribe\/\"><b><i>El imperio cambia de administraci\u00f3n: \u00bfqu\u00e9 esperar para Am\u00e9rica Latina y el Caribe? &#8211; CLAE<\/i><\/b><\/a><\/p>\n","protected":false},"excerpt":{"rendered":"<p>El pasado martes 5 de noviembre, Estados Unidos vivi\u00f3 una jornada electoral que pasar\u00e1 a&#8230;<\/p>\n","protected":false},"author":1,"featured_media":1802,"comment_status":"open","ping_status":"closed","sticky":false,"template":"","format":"standard","meta":{"footnotes":""},"categories":[414,70,59],"tags":[204,89,100,148],"class_list":["post-1801","post","type-post","status-publish","format-standard","has-post-thumbnail","hentry","category-matias-caciabue","category-otras-voces","category-paula-gimenez","tag-america-latina","tag-ee-uu","tag-otan","tag-trump"],"yoast_head":"<!-- This site is optimized with the Yoast SEO plugin v27.5 - https:\/\/yoast.com\/product\/yoast-seo-wordpress\/ -->\n<title>El imperio cambia de administraci\u00f3n: \u00bfqu\u00e9 esperar para Am\u00e9rica Latina y el Caribe? -<\/title>\n<meta name=\"description\" content=\"El imperio. El pasado martes 5 de noviembre, Estados Unidos vivi\u00f3 una jornada electoral que pasar\u00e1 a los libros de historia.\" \/>\n<meta name=\"robots\" content=\"index, follow, max-snippet:-1, max-image-preview:large, max-video-preview:-1\" \/>\n<link rel=\"canonical\" href=\"https:\/\/hueleaazufre.com\/wordpress_a\/index.php\/2024\/11\/16\/el-imperio-cambia-de-administracion-que-esperar-para-america-latina-y-el-caribe\/\" \/>\n<meta property=\"og:locale\" content=\"es_ES\" \/>\n<meta property=\"og:type\" content=\"article\" \/>\n<meta property=\"og:title\" content=\"El imperio cambia de administraci\u00f3n: \u00bfqu\u00e9 esperar para Am\u00e9rica Latina y el Caribe? -\" \/>\n<meta property=\"og:description\" content=\"El imperio. El pasado martes 5 de noviembre, Estados Unidos vivi\u00f3 una jornada electoral que pasar\u00e1 a los libros de historia.\" \/>\n<meta property=\"og:url\" content=\"https:\/\/hueleaazufre.com\/wordpress_a\/index.php\/2024\/11\/16\/el-imperio-cambia-de-administracion-que-esperar-para-america-latina-y-el-caribe\/\" \/>\n<meta property=\"article:published_time\" content=\"2024-11-16T19:49:42+00:00\" \/>\n<meta property=\"og:image\" content=\"https:\/\/hueleaazufre.com\/wordpress_a\/wp-content\/uploads\/2024\/11\/1-2.jpg\" \/>\n\t<meta property=\"og:image:width\" content=\"1200\" \/>\n\t<meta property=\"og:image:height\" content=\"800\" \/>\n\t<meta property=\"og:image:type\" content=\"image\/jpeg\" \/>\n<meta name=\"author\" content=\"Huele a azufre\" \/>\n<meta name=\"twitter:card\" content=\"summary_large_image\" \/>\n<meta name=\"twitter:label1\" content=\"Escrito por\" \/>\n\t<meta name=\"twitter:data1\" content=\"Huele a azufre\" \/>\n\t<meta name=\"twitter:label2\" content=\"Tiempo de lectura\" \/>\n\t<meta name=\"twitter:data2\" content=\"11 minutos\" \/>\n<script type=\"application\/ld+json\" class=\"yoast-schema-graph\">{\"@context\":\"https:\\\/\\\/schema.org\",\"@graph\":[{\"@type\":\"Article\",\"@id\":\"https:\\\/\\\/hueleaazufre.com\\\/wordpress_a\\\/index.php\\\/2024\\\/11\\\/16\\\/el-imperio-cambia-de-administracion-que-esperar-para-america-latina-y-el-caribe\\\/#article\",\"isPartOf\":{\"@id\":\"https:\\\/\\\/hueleaazufre.com\\\/wordpress_a\\\/index.php\\\/2024\\\/11\\\/16\\\/el-imperio-cambia-de-administracion-que-esperar-para-america-latina-y-el-caribe\\\/\"},\"author\":{\"name\":\"Huele a azufre\",\"@id\":\"https:\\\/\\\/hueleaazufre.com\\\/wordpress_a\\\/#\\\/schema\\\/person\\\/549dd871707ea7f9f1a686323ebe9baa\"},\"headline\":\"El imperio cambia de administraci\u00f3n: \u00bfqu\u00e9 esperar para Am\u00e9rica Latina y el Caribe?\",\"datePublished\":\"2024-11-16T19:49:42+00:00\",\"mainEntityOfPage\":{\"@id\":\"https:\\\/\\\/hueleaazufre.com\\\/wordpress_a\\\/index.php\\\/2024\\\/11\\\/16\\\/el-imperio-cambia-de-administracion-que-esperar-para-america-latina-y-el-caribe\\\/\"},\"wordCount\":2640,\"commentCount\":0,\"image\":{\"@id\":\"https:\\\/\\\/hueleaazufre.com\\\/wordpress_a\\\/index.php\\\/2024\\\/11\\\/16\\\/el-imperio-cambia-de-administracion-que-esperar-para-america-latina-y-el-caribe\\\/#primaryimage\"},\"thumbnailUrl\":\"https:\\\/\\\/hueleaazufre.com\\\/wordpress_a\\\/wp-content\\\/uploads\\\/2024\\\/11\\\/1-2.jpg\",\"keywords\":[\"Am\u00e9rica Latina\",\"EE.UU\",\"OTAN\",\"Trump\"],\"articleSection\":[\"Mat\u00edas Caciabue\",\"Otras voces\",\"Paula Gim\u00e9nez\"],\"inLanguage\":\"es\",\"potentialAction\":[{\"@type\":\"CommentAction\",\"name\":\"Comment\",\"target\":[\"https:\\\/\\\/hueleaazufre.com\\\/wordpress_a\\\/index.php\\\/2024\\\/11\\\/16\\\/el-imperio-cambia-de-administracion-que-esperar-para-america-latina-y-el-caribe\\\/#respond\"]}]},{\"@type\":\"WebPage\",\"@id\":\"https:\\\/\\\/hueleaazufre.com\\\/wordpress_a\\\/index.php\\\/2024\\\/11\\\/16\\\/el-imperio-cambia-de-administracion-que-esperar-para-america-latina-y-el-caribe\\\/\",\"url\":\"https:\\\/\\\/hueleaazufre.com\\\/wordpress_a\\\/index.php\\\/2024\\\/11\\\/16\\\/el-imperio-cambia-de-administracion-que-esperar-para-america-latina-y-el-caribe\\\/\",\"name\":\"El imperio cambia de administraci\u00f3n: \u00bfqu\u00e9 esperar para Am\u00e9rica Latina y el Caribe? -\",\"isPartOf\":{\"@id\":\"https:\\\/\\\/hueleaazufre.com\\\/wordpress_a\\\/#website\"},\"primaryImageOfPage\":{\"@id\":\"https:\\\/\\\/hueleaazufre.com\\\/wordpress_a\\\/index.php\\\/2024\\\/11\\\/16\\\/el-imperio-cambia-de-administracion-que-esperar-para-america-latina-y-el-caribe\\\/#primaryimage\"},\"image\":{\"@id\":\"https:\\\/\\\/hueleaazufre.com\\\/wordpress_a\\\/index.php\\\/2024\\\/11\\\/16\\\/el-imperio-cambia-de-administracion-que-esperar-para-america-latina-y-el-caribe\\\/#primaryimage\"},\"thumbnailUrl\":\"https:\\\/\\\/hueleaazufre.com\\\/wordpress_a\\\/wp-content\\\/uploads\\\/2024\\\/11\\\/1-2.jpg\",\"datePublished\":\"2024-11-16T19:49:42+00:00\",\"author\":{\"@id\":\"https:\\\/\\\/hueleaazufre.com\\\/wordpress_a\\\/#\\\/schema\\\/person\\\/549dd871707ea7f9f1a686323ebe9baa\"},\"description\":\"El imperio. El pasado martes 5 de noviembre, Estados Unidos vivi\u00f3 una jornada electoral que pasar\u00e1 a los libros de historia.\",\"breadcrumb\":{\"@id\":\"https:\\\/\\\/hueleaazufre.com\\\/wordpress_a\\\/index.php\\\/2024\\\/11\\\/16\\\/el-imperio-cambia-de-administracion-que-esperar-para-america-latina-y-el-caribe\\\/#breadcrumb\"},\"inLanguage\":\"es\",\"potentialAction\":[{\"@type\":\"ReadAction\",\"target\":[\"https:\\\/\\\/hueleaazufre.com\\\/wordpress_a\\\/index.php\\\/2024\\\/11\\\/16\\\/el-imperio-cambia-de-administracion-que-esperar-para-america-latina-y-el-caribe\\\/\"]}]},{\"@type\":\"ImageObject\",\"inLanguage\":\"es\",\"@id\":\"https:\\\/\\\/hueleaazufre.com\\\/wordpress_a\\\/index.php\\\/2024\\\/11\\\/16\\\/el-imperio-cambia-de-administracion-que-esperar-para-america-latina-y-el-caribe\\\/#primaryimage\",\"url\":\"https:\\\/\\\/hueleaazufre.com\\\/wordpress_a\\\/wp-content\\\/uploads\\\/2024\\\/11\\\/1-2.jpg\",\"contentUrl\":\"https:\\\/\\\/hueleaazufre.com\\\/wordpress_a\\\/wp-content\\\/uploads\\\/2024\\\/11\\\/1-2.jpg\",\"width\":1200,\"height\":800,\"caption\":\"El imperio\"},{\"@type\":\"BreadcrumbList\",\"@id\":\"https:\\\/\\\/hueleaazufre.com\\\/wordpress_a\\\/index.php\\\/2024\\\/11\\\/16\\\/el-imperio-cambia-de-administracion-que-esperar-para-america-latina-y-el-caribe\\\/#breadcrumb\",\"itemListElement\":[{\"@type\":\"ListItem\",\"position\":1,\"name\":\"Portada\",\"item\":\"https:\\\/\\\/hueleaazufre.com\\\/wordpress_a\\\/\"},{\"@type\":\"ListItem\",\"position\":2,\"name\":\"El imperio cambia de administraci\u00f3n: \u00bfqu\u00e9 esperar para Am\u00e9rica Latina y el Caribe?\"}]},{\"@type\":\"WebSite\",\"@id\":\"https:\\\/\\\/hueleaazufre.com\\\/wordpress_a\\\/#website\",\"url\":\"https:\\\/\\\/hueleaazufre.com\\\/wordpress_a\\\/\",\"name\":\"\",\"description\":\"Huele a azufre es una plataforma digital de an\u00e1lisis geopol\u00edtico.\",\"potentialAction\":[{\"@type\":\"SearchAction\",\"target\":{\"@type\":\"EntryPoint\",\"urlTemplate\":\"https:\\\/\\\/hueleaazufre.com\\\/wordpress_a\\\/?s={search_term_string}\"},\"query-input\":{\"@type\":\"PropertyValueSpecification\",\"valueRequired\":true,\"valueName\":\"search_term_string\"}}],\"inLanguage\":\"es\"},{\"@type\":\"Person\",\"@id\":\"https:\\\/\\\/hueleaazufre.com\\\/wordpress_a\\\/#\\\/schema\\\/person\\\/549dd871707ea7f9f1a686323ebe9baa\",\"name\":\"Huele a azufre\",\"image\":{\"@type\":\"ImageObject\",\"inLanguage\":\"es\",\"@id\":\"https:\\\/\\\/secure.gravatar.com\\\/avatar\\\/e972d5c124b9bf80eb4c9d322a90dd86a59d447f5da36700a77516f13637d44e?s=96&d=mm&r=g\",\"url\":\"https:\\\/\\\/secure.gravatar.com\\\/avatar\\\/e972d5c124b9bf80eb4c9d322a90dd86a59d447f5da36700a77516f13637d44e?s=96&d=mm&r=g\",\"contentUrl\":\"https:\\\/\\\/secure.gravatar.com\\\/avatar\\\/e972d5c124b9bf80eb4c9d322a90dd86a59d447f5da36700a77516f13637d44e?s=96&d=mm&r=g\",\"caption\":\"Huele a azufre\"},\"description\":\"Huele a azufre es una plataforma digital de an\u00e1lisis geopol\u00edtico\u00a0 contrahegem\u00f3nico, que busca visibilizar las voces y los discursos silenciados por el poder medi\u00e1tico.\",\"sameAs\":[\"https:\\\/\\\/hueleaazufre.com\\\/wordpress_a\"],\"url\":\"https:\\\/\\\/hueleaazufre.com\\\/wordpress_a\\\/index.php\\\/author\\\/admin_tupapa\\\/\"}]}<\/script>\n<!-- \/ Yoast SEO plugin. -->","yoast_head_json":{"title":"El imperio cambia de administraci\u00f3n: \u00bfqu\u00e9 esperar para Am\u00e9rica Latina y el Caribe? -","description":"El imperio. El pasado martes 5 de noviembre, Estados Unidos vivi\u00f3 una jornada electoral que pasar\u00e1 a los libros de historia.","robots":{"index":"index","follow":"follow","max-snippet":"max-snippet:-1","max-image-preview":"max-image-preview:large","max-video-preview":"max-video-preview:-1"},"canonical":"https:\/\/hueleaazufre.com\/wordpress_a\/index.php\/2024\/11\/16\/el-imperio-cambia-de-administracion-que-esperar-para-america-latina-y-el-caribe\/","og_locale":"es_ES","og_type":"article","og_title":"El imperio cambia de administraci\u00f3n: \u00bfqu\u00e9 esperar para Am\u00e9rica Latina y el Caribe? -","og_description":"El imperio. El pasado martes 5 de noviembre, Estados Unidos vivi\u00f3 una jornada electoral que pasar\u00e1 a los libros de historia.","og_url":"https:\/\/hueleaazufre.com\/wordpress_a\/index.php\/2024\/11\/16\/el-imperio-cambia-de-administracion-que-esperar-para-america-latina-y-el-caribe\/","article_published_time":"2024-11-16T19:49:42+00:00","og_image":[{"width":1200,"height":800,"url":"https:\/\/hueleaazufre.com\/wordpress_a\/wp-content\/uploads\/2024\/11\/1-2.jpg","type":"image\/jpeg"}],"author":"Huele a azufre","twitter_card":"summary_large_image","twitter_misc":{"Escrito por":"Huele a azufre","Tiempo de lectura":"11 minutos"},"schema":{"@context":"https:\/\/schema.org","@graph":[{"@type":"Article","@id":"https:\/\/hueleaazufre.com\/wordpress_a\/index.php\/2024\/11\/16\/el-imperio-cambia-de-administracion-que-esperar-para-america-latina-y-el-caribe\/#article","isPartOf":{"@id":"https:\/\/hueleaazufre.com\/wordpress_a\/index.php\/2024\/11\/16\/el-imperio-cambia-de-administracion-que-esperar-para-america-latina-y-el-caribe\/"},"author":{"name":"Huele a azufre","@id":"https:\/\/hueleaazufre.com\/wordpress_a\/#\/schema\/person\/549dd871707ea7f9f1a686323ebe9baa"},"headline":"El imperio cambia de administraci\u00f3n: \u00bfqu\u00e9 esperar para Am\u00e9rica Latina y el Caribe?","datePublished":"2024-11-16T19:49:42+00:00","mainEntityOfPage":{"@id":"https:\/\/hueleaazufre.com\/wordpress_a\/index.php\/2024\/11\/16\/el-imperio-cambia-de-administracion-que-esperar-para-america-latina-y-el-caribe\/"},"wordCount":2640,"commentCount":0,"image":{"@id":"https:\/\/hueleaazufre.com\/wordpress_a\/index.php\/2024\/11\/16\/el-imperio-cambia-de-administracion-que-esperar-para-america-latina-y-el-caribe\/#primaryimage"},"thumbnailUrl":"https:\/\/hueleaazufre.com\/wordpress_a\/wp-content\/uploads\/2024\/11\/1-2.jpg","keywords":["Am\u00e9rica Latina","EE.UU","OTAN","Trump"],"articleSection":["Mat\u00edas Caciabue","Otras voces","Paula Gim\u00e9nez"],"inLanguage":"es","potentialAction":[{"@type":"CommentAction","name":"Comment","target":["https:\/\/hueleaazufre.com\/wordpress_a\/index.php\/2024\/11\/16\/el-imperio-cambia-de-administracion-que-esperar-para-america-latina-y-el-caribe\/#respond"]}]},{"@type":"WebPage","@id":"https:\/\/hueleaazufre.com\/wordpress_a\/index.php\/2024\/11\/16\/el-imperio-cambia-de-administracion-que-esperar-para-america-latina-y-el-caribe\/","url":"https:\/\/hueleaazufre.com\/wordpress_a\/index.php\/2024\/11\/16\/el-imperio-cambia-de-administracion-que-esperar-para-america-latina-y-el-caribe\/","name":"El imperio cambia de administraci\u00f3n: \u00bfqu\u00e9 esperar para Am\u00e9rica Latina y el Caribe? -","isPartOf":{"@id":"https:\/\/hueleaazufre.com\/wordpress_a\/#website"},"primaryImageOfPage":{"@id":"https:\/\/hueleaazufre.com\/wordpress_a\/index.php\/2024\/11\/16\/el-imperio-cambia-de-administracion-que-esperar-para-america-latina-y-el-caribe\/#primaryimage"},"image":{"@id":"https:\/\/hueleaazufre.com\/wordpress_a\/index.php\/2024\/11\/16\/el-imperio-cambia-de-administracion-que-esperar-para-america-latina-y-el-caribe\/#primaryimage"},"thumbnailUrl":"https:\/\/hueleaazufre.com\/wordpress_a\/wp-content\/uploads\/2024\/11\/1-2.jpg","datePublished":"2024-11-16T19:49:42+00:00","author":{"@id":"https:\/\/hueleaazufre.com\/wordpress_a\/#\/schema\/person\/549dd871707ea7f9f1a686323ebe9baa"},"description":"El imperio. El pasado martes 5 de noviembre, Estados Unidos vivi\u00f3 una jornada electoral que pasar\u00e1 a los libros de historia.","breadcrumb":{"@id":"https:\/\/hueleaazufre.com\/wordpress_a\/index.php\/2024\/11\/16\/el-imperio-cambia-de-administracion-que-esperar-para-america-latina-y-el-caribe\/#breadcrumb"},"inLanguage":"es","potentialAction":[{"@type":"ReadAction","target":["https:\/\/hueleaazufre.com\/wordpress_a\/index.php\/2024\/11\/16\/el-imperio-cambia-de-administracion-que-esperar-para-america-latina-y-el-caribe\/"]}]},{"@type":"ImageObject","inLanguage":"es","@id":"https:\/\/hueleaazufre.com\/wordpress_a\/index.php\/2024\/11\/16\/el-imperio-cambia-de-administracion-que-esperar-para-america-latina-y-el-caribe\/#primaryimage","url":"https:\/\/hueleaazufre.com\/wordpress_a\/wp-content\/uploads\/2024\/11\/1-2.jpg","contentUrl":"https:\/\/hueleaazufre.com\/wordpress_a\/wp-content\/uploads\/2024\/11\/1-2.jpg","width":1200,"height":800,"caption":"El imperio"},{"@type":"BreadcrumbList","@id":"https:\/\/hueleaazufre.com\/wordpress_a\/index.php\/2024\/11\/16\/el-imperio-cambia-de-administracion-que-esperar-para-america-latina-y-el-caribe\/#breadcrumb","itemListElement":[{"@type":"ListItem","position":1,"name":"Portada","item":"https:\/\/hueleaazufre.com\/wordpress_a\/"},{"@type":"ListItem","position":2,"name":"El imperio cambia de administraci\u00f3n: \u00bfqu\u00e9 esperar para Am\u00e9rica Latina y el Caribe?"}]},{"@type":"WebSite","@id":"https:\/\/hueleaazufre.com\/wordpress_a\/#website","url":"https:\/\/hueleaazufre.com\/wordpress_a\/","name":"","description":"Huele a azufre es una plataforma digital de an\u00e1lisis geopol\u00edtico.","potentialAction":[{"@type":"SearchAction","target":{"@type":"EntryPoint","urlTemplate":"https:\/\/hueleaazufre.com\/wordpress_a\/?s={search_term_string}"},"query-input":{"@type":"PropertyValueSpecification","valueRequired":true,"valueName":"search_term_string"}}],"inLanguage":"es"},{"@type":"Person","@id":"https:\/\/hueleaazufre.com\/wordpress_a\/#\/schema\/person\/549dd871707ea7f9f1a686323ebe9baa","name":"Huele a azufre","image":{"@type":"ImageObject","inLanguage":"es","@id":"https:\/\/secure.gravatar.com\/avatar\/e972d5c124b9bf80eb4c9d322a90dd86a59d447f5da36700a77516f13637d44e?s=96&d=mm&r=g","url":"https:\/\/secure.gravatar.com\/avatar\/e972d5c124b9bf80eb4c9d322a90dd86a59d447f5da36700a77516f13637d44e?s=96&d=mm&r=g","contentUrl":"https:\/\/secure.gravatar.com\/avatar\/e972d5c124b9bf80eb4c9d322a90dd86a59d447f5da36700a77516f13637d44e?s=96&d=mm&r=g","caption":"Huele a azufre"},"description":"Huele a azufre es una plataforma digital de an\u00e1lisis geopol\u00edtico\u00a0 contrahegem\u00f3nico, que busca visibilizar las voces y los discursos silenciados por el poder medi\u00e1tico.","sameAs":["https:\/\/hueleaazufre.com\/wordpress_a"],"url":"https:\/\/hueleaazufre.com\/wordpress_a\/index.php\/author\/admin_tupapa\/"}]}},"_links":{"self":[{"href":"https:\/\/hueleaazufre.com\/wordpress_a\/index.php\/wp-json\/wp\/v2\/posts\/1801","targetHints":{"allow":["GET"]}}],"collection":[{"href":"https:\/\/hueleaazufre.com\/wordpress_a\/index.php\/wp-json\/wp\/v2\/posts"}],"about":[{"href":"https:\/\/hueleaazufre.com\/wordpress_a\/index.php\/wp-json\/wp\/v2\/types\/post"}],"author":[{"embeddable":true,"href":"https:\/\/hueleaazufre.com\/wordpress_a\/index.php\/wp-json\/wp\/v2\/users\/1"}],"replies":[{"embeddable":true,"href":"https:\/\/hueleaazufre.com\/wordpress_a\/index.php\/wp-json\/wp\/v2\/comments?post=1801"}],"version-history":[{"count":1,"href":"https:\/\/hueleaazufre.com\/wordpress_a\/index.php\/wp-json\/wp\/v2\/posts\/1801\/revisions"}],"predecessor-version":[{"id":1803,"href":"https:\/\/hueleaazufre.com\/wordpress_a\/index.php\/wp-json\/wp\/v2\/posts\/1801\/revisions\/1803"}],"wp:featuredmedia":[{"embeddable":true,"href":"https:\/\/hueleaazufre.com\/wordpress_a\/index.php\/wp-json\/wp\/v2\/media\/1802"}],"wp:attachment":[{"href":"https:\/\/hueleaazufre.com\/wordpress_a\/index.php\/wp-json\/wp\/v2\/media?parent=1801"}],"wp:term":[{"taxonomy":"category","embeddable":true,"href":"https:\/\/hueleaazufre.com\/wordpress_a\/index.php\/wp-json\/wp\/v2\/categories?post=1801"},{"taxonomy":"post_tag","embeddable":true,"href":"https:\/\/hueleaazufre.com\/wordpress_a\/index.php\/wp-json\/wp\/v2\/tags?post=1801"}],"curies":[{"name":"wp","href":"https:\/\/api.w.org\/{rel}","templated":true}]}}