{"id":1829,"date":"2024-11-25T16:52:20","date_gmt":"2024-11-25T16:52:20","guid":{"rendered":"https:\/\/hueleaazufre.com\/wordpress_a\/?p=1829"},"modified":"2024-11-25T16:52:20","modified_gmt":"2024-11-25T16:52:20","slug":"conceptos-para-explicar-la-transicion-hegemonica-iii","status":"publish","type":"post","link":"https:\/\/hueleaazufre.com\/wordpress_a\/index.php\/2024\/11\/25\/conceptos-para-explicar-la-transicion-hegemonica-iii\/","title":{"rendered":"Conceptos para explicar la transici\u00f3n hegem\u00f3nica (III)"},"content":{"rendered":"<p><b><i>La acci\u00f3n popular determinar\u00e1 el signo de cualquier transici\u00f3n futura. El desconocimiento de esa centralidad es un defecto tan frecuente, como la omisi\u00f3n de un giro hist\u00f3rico entrelazado con el socialismo.<\/i><\/b><\/p>\n<p><b>Protagonismo popular<\/b><\/p>\n<p><b>Un proyecto emancipador, alternativo y popular no puede circunscribirse a promover la transici\u00f3n hegem\u00f3nica, mediante el gen\u00e9rico despunte del Sur Global.<\/b><span style=\"font-weight: 400;\"> Tiene que ir m\u00e1s all\u00e1 de esos enunciados para fundarse en otros pilares, utilizando tambi\u00e9n otras denominaciones.<\/span><\/p>\n<p><b>Para leer la primera parte de este ensayo: <\/b><a href=\"https:\/\/hueleaazufre.com\/wordpress_a\/index.php\/2024\/11\/22\/conceptos-para-explicar-la-transicion-hegemonica-i\/\"><span style=\"font-weight: 400;\">Conceptos para explicar la transici\u00f3n hegem\u00f3nica (I) &#8211;<\/span><\/a><\/p>\n<blockquote class=\"wp-embedded-content\" data-secret=\"jMoI2wd64G\"><p><a href=\"https:\/\/hueleaazufre.com\/wordpress_a\/index.php\/2024\/11\/22\/conceptos-para-explicar-la-transicion-hegemonica-i\/\">Conceptos para explicar la transici\u00f3n hegem\u00f3nica (I)<\/a><\/p><\/blockquote>\n<p><iframe class=\"wp-embedded-content\" sandbox=\"allow-scripts\" security=\"restricted\" style=\"position: absolute; visibility: hidden;\" title=\"\u00abConceptos para explicar la transici\u00f3n hegem\u00f3nica (I)\u00bb \u2014 \" src=\"https:\/\/hueleaazufre.com\/wordpress_a\/index.php\/2024\/11\/22\/conceptos-para-explicar-la-transicion-hegemonica-i\/embed\/#?secret=spBiD51bPo#?secret=jMoI2wd64G\" data-secret=\"jMoI2wd64G\" width=\"600\" height=\"338\" frameborder=\"0\" marginwidth=\"0\" marginheight=\"0\" scrolling=\"no\"><\/iframe><\/p>\n<p><b>Existe, por ejemplo, una tesis que promueve propuestas pluripolares<\/b><span style=\"font-weight: 400;\">, objetando la ilusi\u00f3n multipolar de alcanzar transformaciones progresistas por medio de exclusivas pulseadas con las potencias de Norte. <\/span><b>Auspicia combinar esa dimensi\u00f3n geopol\u00edtica con la lucha de los pueblos, asignando un protagonismo central a los sujetos involucrados en esta \u00faltima acci\u00f3n.\u00a0<\/b><\/p>\n<p><b>Esa mirada rechaza los abordajes de la realidad social focalizados en las formas de gesti\u00f3n estatal, que predominan en las Ciencias Pol\u00edticas convencionales<\/b><span style=\"font-weight: 400;\">. Esos enfoques omiten por completo las luchas desde abajo. Suelen indagar c\u00f3mo gobiernan las clases dominantes articulando consenso, dominaci\u00f3n y hegemon\u00eda. Limitan sus observaciones a combinar dos l\u00f3gicas (una econ\u00f3mica y otra geopol\u00edtica) para desentra\u00f1ar la evoluci\u00f3n de la sociedad, desconociendo la gravitaci\u00f3n de la movilizaci\u00f3n popular.\u00a0<\/span><\/p>\n<p><b>Para leer la segunda parte de este ensayo:<\/b> <a href=\"https:\/\/hueleaazufre.com\/wordpress_a\/index.php\/2024\/11\/23\/conceptos-para-explicar-la-transicion-hegemonica-ii\/\"><span style=\"font-weight: 400;\">Conceptos para explicar la transici\u00f3n hegem\u00f3nica (II) &#8211;<\/span><\/a><\/p>\n<blockquote class=\"wp-embedded-content\" data-secret=\"HeXlFjscBX\"><p><a href=\"https:\/\/hueleaazufre.com\/wordpress_a\/index.php\/2024\/11\/23\/conceptos-para-explicar-la-transicion-hegemonica-ii\/\">Conceptos para explicar la transici\u00f3n hegem\u00f3nica (II)<\/a><\/p><\/blockquote>\n<p><iframe class=\"wp-embedded-content\" sandbox=\"allow-scripts\" security=\"restricted\" style=\"position: absolute; visibility: hidden;\" title=\"\u00abConceptos para explicar la transici\u00f3n hegem\u00f3nica (II)\u00bb \u2014 \" src=\"https:\/\/hueleaazufre.com\/wordpress_a\/index.php\/2024\/11\/23\/conceptos-para-explicar-la-transicion-hegemonica-ii\/embed\/#?secret=GNhXAPg511#?secret=HeXlFjscBX\" data-secret=\"HeXlFjscBX\" width=\"600\" height=\"338\" frameborder=\"0\" marginwidth=\"0\" marginheight=\"0\" scrolling=\"no\"><\/iframe><\/p>\n<p><span style=\"font-weight: 400;\">Para superar esta falencia hay que introducir una tercera l\u00f3gica de an\u00e1lisis de los procesos sociales centrada en la din\u00e1mica de esas protestas. La historia contempor\u00e1nea es un enigma incomprensible si se omite el impacto de las resistencias, las rebeliones y las revoluciones en curso de los acontecimientos.<\/span><\/p>\n<p><span style=\"font-weight: 400;\">La atenci\u00f3n a ese protagonismo permite, a su vez, concebir otros senderos futuros. <\/span><b>Esa trayectoria no se limitar\u00eda a sustituir la unipolaridad capitalista por la multipolaridad capitalista.<\/b><span style=\"font-weight: 400;\"> Auspiciar\u00eda acciones populares para revertir el opresivo escenario actual, imponiendo conquistas que apuntalen una desmercantilizaci\u00f3n de los recursos b\u00e1sicos, con reducci\u00f3n de la jornada de trabajo, nacionalizaci\u00f3n de los bancos y socializaci\u00f3n de las plataformas digitales, a fin de crear las bases de una econom\u00eda igualitaria.<\/span><\/p>\n<p><span style=\"font-weight: 400;\">La evaluaci\u00f3n de la lucha popular introduce, adem\u00e1s, otra mirada de la transici\u00f3n hegem\u00f3nica. Indaga las variantes de ese curso como escenarios en disputa derivados de la confrontaci\u00f3n social.<\/span><\/p>\n<p><b>Con ese enfoque, puede tambi\u00e9n evaluarse el contexto actual como un resultado de irrupciones populares fallidas. <\/b><span style=\"font-weight: 400;\">Primero se consum\u00f3 la tr\u00e1gica derrota de la Primavera \u00c1rabe, con represi\u00f3n, dictaduras, destrucci\u00f3n de pa\u00edses y preeminencia de la brutalidad del yihadismo. Luego se verific\u00f3 un reflujo de las protestas de indignados espa\u00f1oles, militantes griegos y chalecos amarillos franceses. Finalmente emergieron las obstrucciones a la continuidad de los movimientos globales del feminismo y el ambientalismo.<\/span><\/p>\n<p><b>En todo el Sur Global despuntaron una y otra vez rebeliones peri\u00f3dicas, que no desenvolvieron cursos revolucionarios<\/b><span style=\"font-weight: 400;\">. A diferencia de lo ocurrido en la segunda mitad del siglo XX, la din\u00e1mica de estas revueltas no deriv\u00f3 en construcciones paralelas al Estado, asentadas en la expansi\u00f3n del poder popular.\u00a0<\/span><\/p>\n<p><b>En estos desenlaces influy\u00f3 la segmentaci\u00f3n social generada por la precarizaci\u00f3n y la disminuci\u00f3n del protagonismo del proletariado.<\/b><span style=\"font-weight: 400;\"> Tambi\u00e9n impact\u00f3 la p\u00e9rdida de gravitaci\u00f3n del ideario socialista entre los trabajadores y la consiguiente penetraci\u00f3n ideol\u00f3gica de la derecha en las capas populares.<\/span><\/p>\n<p><span style=\"font-weight: 400;\">Ninguna de esas negativas tendencias es definitoria, en la medida que la resistencia popular ha permitido contrapesar la ofensiva del capital. La secuencia de luchas y conquistas resurge con peri\u00f3dica intensidad en distintos rincones del planeta.<\/span><\/p>\n<blockquote>\n<h2><b><i>\u201cCon una visi\u00f3n cr\u00edtica, ya no cabe tan solo esperar la llegada pr\u00f3xima o tard\u00eda de una transici\u00f3n hegem\u00f3nica predeterminada. Est\u00e1n abiertos otros escenarios, derivados del car\u00e1cter multiforme e imprevisible de los desenlaces hist\u00f3ricos\u201d<\/i><\/b><\/h2>\n<\/blockquote>\n<p><span style=\"font-weight: 400;\">Actualmente se verifica una gran recomposici\u00f3n de las movilizaciones salariales en Estados Unidos y Europa con victorias democr\u00e1ticas, como la obtenida con la liberaci\u00f3n de Assange. <\/span><b>La extraordinaria fuerza del movimiento de solidaridad con Palestina sienta las bases de una Intifada global,<\/b><span style=\"font-weight: 400;\"> que rememora las grandes batallas contra la guerra de Vietnam y el <\/span><i><span style=\"font-weight: 400;\">Apartheid<\/span><\/i><span style=\"font-weight: 400;\"> de Sud\u00e1frica. La acci\u00f3n popular defini\u00f3 el curso de la historia pasada y determinar\u00e1 el signo de cualquier transici\u00f3n futura.<\/span><\/p>\n<p><b>Horizontes socialistas<\/b><\/p>\n<p><b>La primac\u00eda asignada al sujeto popular introduce un razonamiento despejado y ajeno a todo fatalismo<\/b><span style=\"font-weight: 400;\">, a la hora de considerar el eventual devenir del Norte y el Sur Global. Ese criterio diverge de los enfoques estructuralistas, guiados por los r\u00edgidos par\u00e1metros del razonamiento inspirado en los ciclos sist\u00e9micos. Con una visi\u00f3n cr\u00edtica, ya no cabe tan solo esperar la llegada pr\u00f3xima o tard\u00eda de una transici\u00f3n hegem\u00f3nica predeterminada. Est\u00e1n abiertos otros escenarios, derivados del car\u00e1cter multiforme e imprevisible de los desenlaces hist\u00f3ricos.\u00a0<\/span><\/p>\n<p><span style=\"font-weight: 400;\">Esta mirada contrapuesta a cualquier inexorabilidad se inspira en la l\u00f3gica del desarrollo desigual y combinado, que estudia las complejas contradicciones del capitalismo en estrecha sincron\u00eda con la acci\u00f3n popular, resaltando el impacto rec\u00edproco de ambos procesos. Este principio inspir\u00f3 incluso algunas ambiciosas teor\u00edas de la revoluci\u00f3n contempor\u00e1nea.<\/span><\/p>\n<p><b>Es un enfoque que propone abordajes distintos a las Ondas Largas y a las sucesiones hegem\u00f3nicas.<\/b><span style=\"font-weight: 400;\"> Realza la centralidad de los sujetos sociales y la consiguiente gravitaci\u00f3n de la lucha de clases, en el desenlace de cada disyuntiva afrontada por la sociedad. Pone el acento en las tensiones internas del capitalismo y no en la predicci\u00f3n del futuro de ese sistema.<\/span><\/p>\n<p><b>Este enfoque es muy pertinente para estudiar una regi\u00f3n tan condicionada por el protagonismo popular, como es Am\u00e9rica Latina. <\/b><span style=\"font-weight: 400;\">El primer ciclo de rebeliones iniciado en 1989 (Venezuela, Bolivia, Ecuador, Argentina) fue sucedido por una segunda oleada comenzada en el 2019 (Bolivia, Chile, Colombia, Per\u00fa, Hait\u00ed, Guatemala). <\/span><b>Ninguno de los dos procesos desemboc\u00f3 en triunfos de envergadura hist\u00f3rica, pero tampoco deriv\u00f3 en derrotas de la magnitud padecida en los a\u00f1os 70.\u00a0<\/b><\/p>\n<p><b>Los levantamientos de los \u00faltimos a\u00f1os contuvieron la restauraci\u00f3n conservadora y tuvieron efectos electorales progresistas.<\/b><span style=\"font-weight: 400;\"> En el negativo contexto generado por la degradaci\u00f3n social, esos triunfos confrontan ahora con una intensa contraofensiva de la derecha.\u00a0<\/span><\/p>\n<blockquote>\n<h2><b><i>\u201cEl gigante asi\u00e1tico aprovecha la fragmentaci\u00f3n de sus clientes para obtener mayores r\u00e9ditos y el resultado est\u00e1 a la vista en la primarizaci\u00f3n, la ausencia de transferencias tecnol\u00f3gicas y la inversi\u00f3n en \u00e1reas no prioritarias. En este plano se verifican tensiones que podr\u00edan superarse dentro del propio del Sur Global\u201d<\/i><\/b><\/h2>\n<\/blockquote>\n<p><b>En este caso latinoamericano es muy visible la imposibilidad de comprender los acontecimientos, omitiendo la centralidad de la movilizaci\u00f3n popular. <\/b><span style=\"font-weight: 400;\">En ese cimiento se asienta tambi\u00e9n la formulaci\u00f3n de un proyecto de emancipaci\u00f3n, que presenta aristas de convergencia con la transici\u00f3n hegem\u00f3nica, sin amoldarse a la versi\u00f3n m\u00e1s corriente de esa mutaci\u00f3n.<\/span><\/p>\n<p><b>Am\u00e9rica Latina necesita ante todo batallar contra la dominaci\u00f3n de Estados Unidos,<\/b><span style=\"font-weight: 400;\"> porque no podr\u00e1 encarar ning\u00fan proyecto avanzado, sin conquistar la soberan\u00eda pol\u00edtica que sofocan las embajadas, las bases militares y las presiones del Departamento de Estado. La Casa Blanca veta cualquier rumbo regional diferente a su hoja de ruta y por esa raz\u00f3n, en este terreno existe un total empalme con las transiciones concebidas en choque frontal con el Norte Global.<\/span><\/p>\n<p><b>Pero Am\u00e9rica Latina tambi\u00e9n requiere una renegociaci\u00f3n econ\u00f3mica en bloque con China, <\/b><span style=\"font-weight: 400;\">para superar las ruinosas consecuencias econ\u00f3micas del <\/span><i><span style=\"font-weight: 400;\">status quo<\/span><\/i><span style=\"font-weight: 400;\">. El gigante asi\u00e1tico aprovecha la fragmentaci\u00f3n de sus clientes para obtener mayores r\u00e9ditos y el resultado est\u00e1 a la vista en la primarizaci\u00f3n, la ausencia de transferencias tecnol\u00f3gicas y la inversi\u00f3n en \u00e1reas no prioritarias. En este plano se verifican tensiones que podr\u00edan superarse dentro del propio del Sur Global, si se reconocen las contradicciones y disputas que afectan a ese entramado.<\/span><\/p>\n<blockquote>\n<h2><b><i>\u201c&#8230;el agravamiento de todos los desequilibrios del capitalismo dependiente (que la periferia padece como consecuencia de las transferencias de valor) es otro proceso decisivo del per\u00edodo en curso\u201d<\/i><\/b><\/h2>\n<\/blockquote>\n<p><b>El tercer pilar de un proyecto de izquierda para la Am\u00e9rica Latina es la integraci\u00f3n regional. <\/b><span style=\"font-weight: 400;\">Este sendero es insoslayable para erradicar el subdesarrollo y la desigualdad, forjando la soberan\u00eda financiera, energ\u00e9tica y alimentaria que necesita la regi\u00f3n. <\/span><b>Tambi\u00e9n aqu\u00ed aparece una singularidad de la zona que la distingue como bloque espec\u00edfico. <\/b><span style=\"font-weight: 400;\">Podr\u00eda converger como en la \u00e9poca del Tercer Mundo con alianzas m\u00e1s extendidas, pero ese empalme no ser\u00e1 indistinto, ni uniforme con todo el Sur Global.\u00a0<\/span><\/p>\n<p><b>La comprensi\u00f3n de estas singularidades exige superar la presentaci\u00f3n corriente de la transici\u00f3n hegem\u00f3nica, como un simplificado contrapunto entre el Norte y el Sur Global. <\/b><span style=\"font-weight: 400;\">Esos t\u00e9rminos son \u00fatiles y fruct\u00edferos, si quedan enmarcados en nociones m\u00e1s ordenadoras de la \u00e9poca actual.\u00a0<\/span><\/p>\n<p><b>El punto de partida de esa conceptualizaci\u00f3n son las contradicciones inherentes al capitalismo que ha potenciado la era neoliberal.<\/b><span style=\"font-weight: 400;\"> La dr\u00e1stica modificaci\u00f3n de las relaciones econ\u00f3micas internacionales que genera el desarrollo desigual y combinado es un corolario indispensable de esa evaluaci\u00f3n. A su vez, el agravamiento de todos los desequilibrios del capitalismo dependiente (que la periferia padece como consecuencia de las transferencias de valor) es otro proceso decisivo del per\u00edodo en curso.\u00a0<\/span><\/p>\n<p><span style=\"font-weight: 400;\">El contraste entre el Norte y el Sur global s\u00f3lo asume un contenido efectivo, si es enmarcado en la l\u00f3gica del imperialismo y del sistema imperial, en los jerarquizados escenarios del centro, la semiperiferia y la periferia.<\/span><\/p>\n<p><b>Finalmente, la transici\u00f3n hegem\u00f3nica no es un destino inexorable del futuro. <\/b><span style=\"font-weight: 400;\">Al igual que el ascenso del Sur Global puede asumir un curso provechoso u otro agobiante para las mayor\u00edas populares. Depende del perfil que adopte ese camino, como trayectoria de convalidaci\u00f3n o reversi\u00f3n de la opresi\u00f3n capitalista.\u00a0<\/span><\/p>\n<p><span style=\"font-weight: 400;\">El primer sendero augura nuevas versiones de las pesadillas que afrontan los despose\u00eddos. <\/span><b>El segundo rumbo abre las compuertas para el viejo sue\u00f1o del bienestar popular, la igualdad social y la convivencia pol\u00edtica.<\/b><span style=\"font-weight: 400;\"> Ese curso cobrar\u00eda fuerza con proyectos pluripolares, din\u00e1micas antiimperialistas y horizontes socialistas, que aportar\u00edan un renovado ideal a la transici\u00f3n protagonizada por el Sur Global.<\/span><\/p>\n<p><b>Autor: Claudio Katz<\/b><\/p>\n<p><b><i>Referencias usadas por el autor:<\/i><\/b><\/p>\n<p><b><i>-Las referencias, la bibliograf\u00eda y el sustento te\u00f3rico de los conceptos analizados en este texto pueden consultarse en: Katz, Claudio. La crisis del sistema imperial, Edici\u00f3n virtual, septiembre 2023 Jacobin, Buenos Aires, <\/i><\/b><a href=\"https:\/\/jacobinlat.com\/2023\/09\/29\/la-crisis-del-sistema-imperial-2\"><b><i>https:\/\/jacobinlat.com\/2023\/09\/29\/la-crisis-del-sistema-imperial-2<\/i><\/b><\/a><\/p>\n<p>&nbsp;<\/p>\n","protected":false},"excerpt":{"rendered":"<p>La acci\u00f3n popular determinar\u00e1 el signo de cualquier transici\u00f3n futura. El desconocimiento de esa centralidad&#8230;<\/p>\n","protected":false},"author":1,"featured_media":1830,"comment_status":"open","ping_status":"closed","sticky":false,"template":"","format":"standard","meta":{"footnotes":""},"categories":[38,70],"tags":[174,89,139,530,531],"class_list":["post-1829","post","type-post","status-publish","format-standard","has-post-thumbnail","hentry","category-claudio-katz","category-otras-voces","tag-capitalismo","tag-ee-uu","tag-hegemonia","tag-politicas","tag-transicion"],"yoast_head":"<!-- This site is optimized with the Yoast SEO plugin v27.5 - https:\/\/yoast.com\/product\/yoast-seo-wordpress\/ -->\n<title>Conceptos para explicar la transici\u00f3n hegem\u00f3nica (III) -<\/title>\n<meta name=\"description\" content=\"Hegemon\u00eda . La acci\u00f3n popular determinar\u00e1 el signo de cualquier transici\u00f3n futura.\" \/>\n<meta name=\"robots\" content=\"index, follow, max-snippet:-1, max-image-preview:large, max-video-preview:-1\" \/>\n<link rel=\"canonical\" href=\"https:\/\/hueleaazufre.com\/wordpress_a\/index.php\/2024\/11\/25\/conceptos-para-explicar-la-transicion-hegemonica-iii\/\" \/>\n<meta property=\"og:locale\" content=\"es_ES\" \/>\n<meta property=\"og:type\" content=\"article\" \/>\n<meta property=\"og:title\" content=\"Conceptos para explicar la transici\u00f3n hegem\u00f3nica (III) -\" \/>\n<meta property=\"og:description\" content=\"Hegemon\u00eda . La acci\u00f3n popular determinar\u00e1 el signo de cualquier transici\u00f3n futura.\" \/>\n<meta property=\"og:url\" content=\"https:\/\/hueleaazufre.com\/wordpress_a\/index.php\/2024\/11\/25\/conceptos-para-explicar-la-transicion-hegemonica-iii\/\" \/>\n<meta property=\"article:published_time\" content=\"2024-11-25T16:52:20+00:00\" \/>\n<meta property=\"og:image\" content=\"https:\/\/hueleaazufre.com\/wordpress_a\/wp-content\/uploads\/2024\/11\/1-5.jpg\" \/>\n\t<meta property=\"og:image:width\" content=\"880\" \/>\n\t<meta property=\"og:image:height\" content=\"495\" \/>\n\t<meta property=\"og:image:type\" content=\"image\/jpeg\" \/>\n<meta name=\"author\" content=\"Huele a azufre\" \/>\n<meta name=\"twitter:card\" content=\"summary_large_image\" \/>\n<meta name=\"twitter:label1\" content=\"Escrito por\" \/>\n\t<meta name=\"twitter:data1\" content=\"Huele a azufre\" \/>\n\t<meta name=\"twitter:label2\" content=\"Tiempo de lectura\" \/>\n\t<meta name=\"twitter:data2\" content=\"8 minutos\" \/>\n<script type=\"application\/ld+json\" class=\"yoast-schema-graph\">{\"@context\":\"https:\\\/\\\/schema.org\",\"@graph\":[{\"@type\":\"Article\",\"@id\":\"https:\\\/\\\/hueleaazufre.com\\\/wordpress_a\\\/index.php\\\/2024\\\/11\\\/25\\\/conceptos-para-explicar-la-transicion-hegemonica-iii\\\/#article\",\"isPartOf\":{\"@id\":\"https:\\\/\\\/hueleaazufre.com\\\/wordpress_a\\\/index.php\\\/2024\\\/11\\\/25\\\/conceptos-para-explicar-la-transicion-hegemonica-iii\\\/\"},\"author\":{\"name\":\"Huele a azufre\",\"@id\":\"https:\\\/\\\/hueleaazufre.com\\\/wordpress_a\\\/#\\\/schema\\\/person\\\/549dd871707ea7f9f1a686323ebe9baa\"},\"headline\":\"Conceptos para explicar la transici\u00f3n hegem\u00f3nica (III)\",\"datePublished\":\"2024-11-25T16:52:20+00:00\",\"mainEntityOfPage\":{\"@id\":\"https:\\\/\\\/hueleaazufre.com\\\/wordpress_a\\\/index.php\\\/2024\\\/11\\\/25\\\/conceptos-para-explicar-la-transicion-hegemonica-iii\\\/\"},\"wordCount\":1851,\"commentCount\":0,\"image\":{\"@id\":\"https:\\\/\\\/hueleaazufre.com\\\/wordpress_a\\\/index.php\\\/2024\\\/11\\\/25\\\/conceptos-para-explicar-la-transicion-hegemonica-iii\\\/#primaryimage\"},\"thumbnailUrl\":\"https:\\\/\\\/hueleaazufre.com\\\/wordpress_a\\\/wp-content\\\/uploads\\\/2024\\\/11\\\/1-5.jpg\",\"keywords\":[\"capitalismo\",\"EE.UU\",\"Hegemon\u00eda\",\"Pol\u00edticas\",\"transici\u00f3n\"],\"articleSection\":[\"Claudio Katz\",\"Otras voces\"],\"inLanguage\":\"es\",\"potentialAction\":[{\"@type\":\"CommentAction\",\"name\":\"Comment\",\"target\":[\"https:\\\/\\\/hueleaazufre.com\\\/wordpress_a\\\/index.php\\\/2024\\\/11\\\/25\\\/conceptos-para-explicar-la-transicion-hegemonica-iii\\\/#respond\"]}]},{\"@type\":\"WebPage\",\"@id\":\"https:\\\/\\\/hueleaazufre.com\\\/wordpress_a\\\/index.php\\\/2024\\\/11\\\/25\\\/conceptos-para-explicar-la-transicion-hegemonica-iii\\\/\",\"url\":\"https:\\\/\\\/hueleaazufre.com\\\/wordpress_a\\\/index.php\\\/2024\\\/11\\\/25\\\/conceptos-para-explicar-la-transicion-hegemonica-iii\\\/\",\"name\":\"Conceptos para explicar la transici\u00f3n hegem\u00f3nica (III) -\",\"isPartOf\":{\"@id\":\"https:\\\/\\\/hueleaazufre.com\\\/wordpress_a\\\/#website\"},\"primaryImageOfPage\":{\"@id\":\"https:\\\/\\\/hueleaazufre.com\\\/wordpress_a\\\/index.php\\\/2024\\\/11\\\/25\\\/conceptos-para-explicar-la-transicion-hegemonica-iii\\\/#primaryimage\"},\"image\":{\"@id\":\"https:\\\/\\\/hueleaazufre.com\\\/wordpress_a\\\/index.php\\\/2024\\\/11\\\/25\\\/conceptos-para-explicar-la-transicion-hegemonica-iii\\\/#primaryimage\"},\"thumbnailUrl\":\"https:\\\/\\\/hueleaazufre.com\\\/wordpress_a\\\/wp-content\\\/uploads\\\/2024\\\/11\\\/1-5.jpg\",\"datePublished\":\"2024-11-25T16:52:20+00:00\",\"author\":{\"@id\":\"https:\\\/\\\/hueleaazufre.com\\\/wordpress_a\\\/#\\\/schema\\\/person\\\/549dd871707ea7f9f1a686323ebe9baa\"},\"description\":\"Hegemon\u00eda . La acci\u00f3n popular determinar\u00e1 el signo de cualquier transici\u00f3n futura.\",\"breadcrumb\":{\"@id\":\"https:\\\/\\\/hueleaazufre.com\\\/wordpress_a\\\/index.php\\\/2024\\\/11\\\/25\\\/conceptos-para-explicar-la-transicion-hegemonica-iii\\\/#breadcrumb\"},\"inLanguage\":\"es\",\"potentialAction\":[{\"@type\":\"ReadAction\",\"target\":[\"https:\\\/\\\/hueleaazufre.com\\\/wordpress_a\\\/index.php\\\/2024\\\/11\\\/25\\\/conceptos-para-explicar-la-transicion-hegemonica-iii\\\/\"]}]},{\"@type\":\"ImageObject\",\"inLanguage\":\"es\",\"@id\":\"https:\\\/\\\/hueleaazufre.com\\\/wordpress_a\\\/index.php\\\/2024\\\/11\\\/25\\\/conceptos-para-explicar-la-transicion-hegemonica-iii\\\/#primaryimage\",\"url\":\"https:\\\/\\\/hueleaazufre.com\\\/wordpress_a\\\/wp-content\\\/uploads\\\/2024\\\/11\\\/1-5.jpg\",\"contentUrl\":\"https:\\\/\\\/hueleaazufre.com\\\/wordpress_a\\\/wp-content\\\/uploads\\\/2024\\\/11\\\/1-5.jpg\",\"width\":880,\"height\":495,\"caption\":\"hegemon\u00eda\"},{\"@type\":\"BreadcrumbList\",\"@id\":\"https:\\\/\\\/hueleaazufre.com\\\/wordpress_a\\\/index.php\\\/2024\\\/11\\\/25\\\/conceptos-para-explicar-la-transicion-hegemonica-iii\\\/#breadcrumb\",\"itemListElement\":[{\"@type\":\"ListItem\",\"position\":1,\"name\":\"Portada\",\"item\":\"https:\\\/\\\/hueleaazufre.com\\\/wordpress_a\\\/\"},{\"@type\":\"ListItem\",\"position\":2,\"name\":\"Conceptos para explicar la transici\u00f3n hegem\u00f3nica (III)\"}]},{\"@type\":\"WebSite\",\"@id\":\"https:\\\/\\\/hueleaazufre.com\\\/wordpress_a\\\/#website\",\"url\":\"https:\\\/\\\/hueleaazufre.com\\\/wordpress_a\\\/\",\"name\":\"\",\"description\":\"Huele a azufre es una plataforma digital de an\u00e1lisis geopol\u00edtico.\",\"potentialAction\":[{\"@type\":\"SearchAction\",\"target\":{\"@type\":\"EntryPoint\",\"urlTemplate\":\"https:\\\/\\\/hueleaazufre.com\\\/wordpress_a\\\/?s={search_term_string}\"},\"query-input\":{\"@type\":\"PropertyValueSpecification\",\"valueRequired\":true,\"valueName\":\"search_term_string\"}}],\"inLanguage\":\"es\"},{\"@type\":\"Person\",\"@id\":\"https:\\\/\\\/hueleaazufre.com\\\/wordpress_a\\\/#\\\/schema\\\/person\\\/549dd871707ea7f9f1a686323ebe9baa\",\"name\":\"Huele a azufre\",\"image\":{\"@type\":\"ImageObject\",\"inLanguage\":\"es\",\"@id\":\"https:\\\/\\\/secure.gravatar.com\\\/avatar\\\/e972d5c124b9bf80eb4c9d322a90dd86a59d447f5da36700a77516f13637d44e?s=96&d=mm&r=g\",\"url\":\"https:\\\/\\\/secure.gravatar.com\\\/avatar\\\/e972d5c124b9bf80eb4c9d322a90dd86a59d447f5da36700a77516f13637d44e?s=96&d=mm&r=g\",\"contentUrl\":\"https:\\\/\\\/secure.gravatar.com\\\/avatar\\\/e972d5c124b9bf80eb4c9d322a90dd86a59d447f5da36700a77516f13637d44e?s=96&d=mm&r=g\",\"caption\":\"Huele a azufre\"},\"description\":\"Huele a azufre es una plataforma digital de an\u00e1lisis geopol\u00edtico\u00a0 contrahegem\u00f3nico, que busca visibilizar las voces y los discursos silenciados por el poder medi\u00e1tico.\",\"sameAs\":[\"https:\\\/\\\/hueleaazufre.com\\\/wordpress_a\"],\"url\":\"https:\\\/\\\/hueleaazufre.com\\\/wordpress_a\\\/index.php\\\/author\\\/admin_tupapa\\\/\"}]}<\/script>\n<!-- \/ Yoast SEO plugin. -->","yoast_head_json":{"title":"Conceptos para explicar la transici\u00f3n hegem\u00f3nica (III) -","description":"Hegemon\u00eda . La acci\u00f3n popular determinar\u00e1 el signo de cualquier transici\u00f3n futura.","robots":{"index":"index","follow":"follow","max-snippet":"max-snippet:-1","max-image-preview":"max-image-preview:large","max-video-preview":"max-video-preview:-1"},"canonical":"https:\/\/hueleaazufre.com\/wordpress_a\/index.php\/2024\/11\/25\/conceptos-para-explicar-la-transicion-hegemonica-iii\/","og_locale":"es_ES","og_type":"article","og_title":"Conceptos para explicar la transici\u00f3n hegem\u00f3nica (III) -","og_description":"Hegemon\u00eda . La acci\u00f3n popular determinar\u00e1 el signo de cualquier transici\u00f3n futura.","og_url":"https:\/\/hueleaazufre.com\/wordpress_a\/index.php\/2024\/11\/25\/conceptos-para-explicar-la-transicion-hegemonica-iii\/","article_published_time":"2024-11-25T16:52:20+00:00","og_image":[{"width":880,"height":495,"url":"https:\/\/hueleaazufre.com\/wordpress_a\/wp-content\/uploads\/2024\/11\/1-5.jpg","type":"image\/jpeg"}],"author":"Huele a azufre","twitter_card":"summary_large_image","twitter_misc":{"Escrito por":"Huele a azufre","Tiempo de lectura":"8 minutos"},"schema":{"@context":"https:\/\/schema.org","@graph":[{"@type":"Article","@id":"https:\/\/hueleaazufre.com\/wordpress_a\/index.php\/2024\/11\/25\/conceptos-para-explicar-la-transicion-hegemonica-iii\/#article","isPartOf":{"@id":"https:\/\/hueleaazufre.com\/wordpress_a\/index.php\/2024\/11\/25\/conceptos-para-explicar-la-transicion-hegemonica-iii\/"},"author":{"name":"Huele a azufre","@id":"https:\/\/hueleaazufre.com\/wordpress_a\/#\/schema\/person\/549dd871707ea7f9f1a686323ebe9baa"},"headline":"Conceptos para explicar la transici\u00f3n hegem\u00f3nica (III)","datePublished":"2024-11-25T16:52:20+00:00","mainEntityOfPage":{"@id":"https:\/\/hueleaazufre.com\/wordpress_a\/index.php\/2024\/11\/25\/conceptos-para-explicar-la-transicion-hegemonica-iii\/"},"wordCount":1851,"commentCount":0,"image":{"@id":"https:\/\/hueleaazufre.com\/wordpress_a\/index.php\/2024\/11\/25\/conceptos-para-explicar-la-transicion-hegemonica-iii\/#primaryimage"},"thumbnailUrl":"https:\/\/hueleaazufre.com\/wordpress_a\/wp-content\/uploads\/2024\/11\/1-5.jpg","keywords":["capitalismo","EE.UU","Hegemon\u00eda","Pol\u00edticas","transici\u00f3n"],"articleSection":["Claudio Katz","Otras voces"],"inLanguage":"es","potentialAction":[{"@type":"CommentAction","name":"Comment","target":["https:\/\/hueleaazufre.com\/wordpress_a\/index.php\/2024\/11\/25\/conceptos-para-explicar-la-transicion-hegemonica-iii\/#respond"]}]},{"@type":"WebPage","@id":"https:\/\/hueleaazufre.com\/wordpress_a\/index.php\/2024\/11\/25\/conceptos-para-explicar-la-transicion-hegemonica-iii\/","url":"https:\/\/hueleaazufre.com\/wordpress_a\/index.php\/2024\/11\/25\/conceptos-para-explicar-la-transicion-hegemonica-iii\/","name":"Conceptos para explicar la transici\u00f3n hegem\u00f3nica (III) -","isPartOf":{"@id":"https:\/\/hueleaazufre.com\/wordpress_a\/#website"},"primaryImageOfPage":{"@id":"https:\/\/hueleaazufre.com\/wordpress_a\/index.php\/2024\/11\/25\/conceptos-para-explicar-la-transicion-hegemonica-iii\/#primaryimage"},"image":{"@id":"https:\/\/hueleaazufre.com\/wordpress_a\/index.php\/2024\/11\/25\/conceptos-para-explicar-la-transicion-hegemonica-iii\/#primaryimage"},"thumbnailUrl":"https:\/\/hueleaazufre.com\/wordpress_a\/wp-content\/uploads\/2024\/11\/1-5.jpg","datePublished":"2024-11-25T16:52:20+00:00","author":{"@id":"https:\/\/hueleaazufre.com\/wordpress_a\/#\/schema\/person\/549dd871707ea7f9f1a686323ebe9baa"},"description":"Hegemon\u00eda . La acci\u00f3n popular determinar\u00e1 el signo de cualquier transici\u00f3n futura.","breadcrumb":{"@id":"https:\/\/hueleaazufre.com\/wordpress_a\/index.php\/2024\/11\/25\/conceptos-para-explicar-la-transicion-hegemonica-iii\/#breadcrumb"},"inLanguage":"es","potentialAction":[{"@type":"ReadAction","target":["https:\/\/hueleaazufre.com\/wordpress_a\/index.php\/2024\/11\/25\/conceptos-para-explicar-la-transicion-hegemonica-iii\/"]}]},{"@type":"ImageObject","inLanguage":"es","@id":"https:\/\/hueleaazufre.com\/wordpress_a\/index.php\/2024\/11\/25\/conceptos-para-explicar-la-transicion-hegemonica-iii\/#primaryimage","url":"https:\/\/hueleaazufre.com\/wordpress_a\/wp-content\/uploads\/2024\/11\/1-5.jpg","contentUrl":"https:\/\/hueleaazufre.com\/wordpress_a\/wp-content\/uploads\/2024\/11\/1-5.jpg","width":880,"height":495,"caption":"hegemon\u00eda"},{"@type":"BreadcrumbList","@id":"https:\/\/hueleaazufre.com\/wordpress_a\/index.php\/2024\/11\/25\/conceptos-para-explicar-la-transicion-hegemonica-iii\/#breadcrumb","itemListElement":[{"@type":"ListItem","position":1,"name":"Portada","item":"https:\/\/hueleaazufre.com\/wordpress_a\/"},{"@type":"ListItem","position":2,"name":"Conceptos para explicar la transici\u00f3n hegem\u00f3nica (III)"}]},{"@type":"WebSite","@id":"https:\/\/hueleaazufre.com\/wordpress_a\/#website","url":"https:\/\/hueleaazufre.com\/wordpress_a\/","name":"","description":"Huele a azufre es una plataforma digital de an\u00e1lisis geopol\u00edtico.","potentialAction":[{"@type":"SearchAction","target":{"@type":"EntryPoint","urlTemplate":"https:\/\/hueleaazufre.com\/wordpress_a\/?s={search_term_string}"},"query-input":{"@type":"PropertyValueSpecification","valueRequired":true,"valueName":"search_term_string"}}],"inLanguage":"es"},{"@type":"Person","@id":"https:\/\/hueleaazufre.com\/wordpress_a\/#\/schema\/person\/549dd871707ea7f9f1a686323ebe9baa","name":"Huele a azufre","image":{"@type":"ImageObject","inLanguage":"es","@id":"https:\/\/secure.gravatar.com\/avatar\/e972d5c124b9bf80eb4c9d322a90dd86a59d447f5da36700a77516f13637d44e?s=96&d=mm&r=g","url":"https:\/\/secure.gravatar.com\/avatar\/e972d5c124b9bf80eb4c9d322a90dd86a59d447f5da36700a77516f13637d44e?s=96&d=mm&r=g","contentUrl":"https:\/\/secure.gravatar.com\/avatar\/e972d5c124b9bf80eb4c9d322a90dd86a59d447f5da36700a77516f13637d44e?s=96&d=mm&r=g","caption":"Huele a azufre"},"description":"Huele a azufre es una plataforma digital de an\u00e1lisis geopol\u00edtico\u00a0 contrahegem\u00f3nico, que busca visibilizar las voces y los discursos silenciados por el poder medi\u00e1tico.","sameAs":["https:\/\/hueleaazufre.com\/wordpress_a"],"url":"https:\/\/hueleaazufre.com\/wordpress_a\/index.php\/author\/admin_tupapa\/"}]}},"_links":{"self":[{"href":"https:\/\/hueleaazufre.com\/wordpress_a\/index.php\/wp-json\/wp\/v2\/posts\/1829","targetHints":{"allow":["GET"]}}],"collection":[{"href":"https:\/\/hueleaazufre.com\/wordpress_a\/index.php\/wp-json\/wp\/v2\/posts"}],"about":[{"href":"https:\/\/hueleaazufre.com\/wordpress_a\/index.php\/wp-json\/wp\/v2\/types\/post"}],"author":[{"embeddable":true,"href":"https:\/\/hueleaazufre.com\/wordpress_a\/index.php\/wp-json\/wp\/v2\/users\/1"}],"replies":[{"embeddable":true,"href":"https:\/\/hueleaazufre.com\/wordpress_a\/index.php\/wp-json\/wp\/v2\/comments?post=1829"}],"version-history":[{"count":1,"href":"https:\/\/hueleaazufre.com\/wordpress_a\/index.php\/wp-json\/wp\/v2\/posts\/1829\/revisions"}],"predecessor-version":[{"id":1831,"href":"https:\/\/hueleaazufre.com\/wordpress_a\/index.php\/wp-json\/wp\/v2\/posts\/1829\/revisions\/1831"}],"wp:featuredmedia":[{"embeddable":true,"href":"https:\/\/hueleaazufre.com\/wordpress_a\/index.php\/wp-json\/wp\/v2\/media\/1830"}],"wp:attachment":[{"href":"https:\/\/hueleaazufre.com\/wordpress_a\/index.php\/wp-json\/wp\/v2\/media?parent=1829"}],"wp:term":[{"taxonomy":"category","embeddable":true,"href":"https:\/\/hueleaazufre.com\/wordpress_a\/index.php\/wp-json\/wp\/v2\/categories?post=1829"},{"taxonomy":"post_tag","embeddable":true,"href":"https:\/\/hueleaazufre.com\/wordpress_a\/index.php\/wp-json\/wp\/v2\/tags?post=1829"}],"curies":[{"name":"wp","href":"https:\/\/api.w.org\/{rel}","templated":true}]}}