{"id":1844,"date":"2024-11-27T13:20:58","date_gmt":"2024-11-27T13:20:58","guid":{"rendered":"https:\/\/hueleaazufre.com\/wordpress_a\/?p=1844"},"modified":"2024-11-27T13:20:58","modified_gmt":"2024-11-27T13:20:58","slug":"fidel-lider-ejemplar","status":"publish","type":"post","link":"https:\/\/hueleaazufre.com\/wordpress_a\/index.php\/2024\/11\/27\/fidel-lider-ejemplar\/","title":{"rendered":"Fidel, l\u00edder ejemplar"},"content":{"rendered":"<p><span style=\"font-weight: 400;\">El 25 de noviembre se conmemoran ocho a\u00f1os de la transvivenciaci\u00f3n de Fidel. No sabr\u00eda decir cu\u00e1ntas conversaciones privadas sostuve con \u00e9l desde que lo conoc\u00ed en 1980. <\/span><b>Tras nuestro primer encuentro, en Managua, viaj\u00e9 en numerosas ocasiones a Cuba, y creo que, a partir de 1985, en casi todas ellas tuve la oportunidad de encontrarme con \u00e9l.<\/b><\/p>\n<p><span style=\"font-weight: 400;\">El 19 de febrero de 2016 me encontraba en La Habana; era mi \u00faltimo d\u00eda de estancia en la ciudad y ya ten\u00eda las maletas hechas para partir en la tarde de vuelta a Brasil. Por <\/span><b>la ma\u00f1ana fui a la Casa de las Am\u00e9ricas para asistir a la proyecci\u00f3n del filme <\/b><b><i>Bautismo de sangre<\/i><\/b><b>, basado en mi libro hom\u00f3nimo, y hab\u00eda quedado en almorzar con Homero Acosta<\/b><span style=\"font-weight: 400;\"> para, a continuaci\u00f3n, dirigirme al aeropuerto.<\/span><\/p>\n<p><span style=\"font-weight: 400;\">Para mi sorpresa, Homero lleg\u00f3 mucho antes de lo previsto y me sac\u00f3 de la sala donde se exhib\u00eda el filme. <\/span><b>Dalia Soto del Valle, la esposa de Fidel, lo hab\u00eda llamado para decirle que el Comandante ten\u00eda inter\u00e9s en hablar conmigo por tel\u00e9fono.<\/b><span style=\"font-weight: 400;\"> Por razones de seguridad, la llamada no pod\u00eda hacerse por celular. Ten\u00edamos que regresar al hotel para llamar desde el tel\u00e9fono fijo del cuarto en que me hab\u00eda alojado.<\/span><\/p>\n<p><span style=\"font-weight: 400;\">Ya yo hab\u00eda cerrado mi cuenta en el Meli\u00e1 Habana. Aun as\u00ed, Homero insisti\u00f3 en que volvi\u00e9ramos al hotel. Por suerte, el cuarto segu\u00eda vac\u00edo. Homero hizo la llamada y me pas\u00f3 el tel\u00e9fono. <\/span><b>Dalia me dijo que, lamentablemente, \u201cel jefe\u201d no hab\u00eda podido verme en aquellos d\u00edas, pero que quer\u00eda saludarme por tel\u00e9fono antes de que me fuera.<\/b><span style=\"font-weight: 400;\"> Fidel, siempre atento conmigo, me pregunt\u00f3 si ten\u00eda que regresar a Brasil aquella tarde, si no pod\u00eda quedarme unos d\u00edas. Le expliqu\u00e9 las dificultades para hacerlo.<\/span><\/p>\n<p><b>\u2013\u00bfPero no podr\u00edas por lo menos venir aqu\u00ed a tomarte un caf\u00e9? \u2014 me invit\u00f3.<\/b><\/p>\n<p><span style=\"font-weight: 400;\">Respond\u00ed que s\u00ed. Ya en el carro de Homero, ni \u00e9l ni Roberto, su chofer, sab\u00edan d\u00f3nde quedaba la casa de Fidel. Era un secreto guardado bajo mil llaves por razones de seguridad. Pero yo hab\u00eda estado all\u00ed varias veces y conoc\u00eda bien el trayecto. De modo que se dio una situaci\u00f3n inusitada: un fraile brasile\u00f1o les indic\u00f3 el camino hasta la residencia del Comandante a un alto funcionario del Palacio de la Revoluci\u00f3n y a su chofer. Adem\u00e1s, era la primera vez que Homero estaba personalmente con \u00e9l, lo que se repiti\u00f3 en muchas de mis visitas posteriores a Cuba, incluso el d\u00eda en que Fidel cumpli\u00f3 90 a\u00f1os.<\/span><\/p>\n<p><b>Lo que primero llamaba la atenci\u00f3n al ver a Fidel era lo imponente de su figura. Parec\u00eda m\u00e1s grande de lo que era<\/b><span style=\"font-weight: 400;\">, y la chaqueta verde olivo lo revest\u00eda de un simbolismo que transmit\u00eda autoridad y decisi\u00f3n. <\/span><b>Cuando entraba en una habitaci\u00f3n era como si todo el espacio fuera ocupado por su aura.<\/b><span style=\"font-weight: 400;\"> Quienes se encontraban alrededor se callaban, atentos a sus gestos y sus palabras. Los primeros momentos sol\u00edan ser de cohibici\u00f3n, porque todos se quedaban esperando a que tomara la iniciativa, escogiera el tema, hiciera una propuesta o lanzara una idea, <\/span><b>mientras \u00e9l persist\u00eda en la ilusi\u00f3n de que su presencia era una m\u00e1s y que lo tratar\u00edan de manera igualmente amigable, sin ceremonias ni reverencias. <\/b><span style=\"font-weight: 400;\">Como en la canci\u00f3n de Cole Porter, seguramente se preguntaba si no ser\u00eda m\u00e1s feliz siendo un sencillo hombre de campo, sin la fama que lo revest\u00eda.<\/span><\/p>\n<p><span style=\"font-weight: 400;\">Dice la leyenda que en altas horas de la madrugada sol\u00eda manejar de inc\u00f3gnito su jeep por las calles de La Habana. <\/span><b>S\u00e9 que ten\u00eda el h\u00e1bito de aparecer inesperadamente en las casas de sus amigos, siempre que viera una luz encendida, <\/b><span style=\"font-weight: 400;\">y aunque afirmaba que estar\u00eda solo cinco minutos, no era infrecuente que se quedara hasta que los primeros rayos de luz anunciaran la aurora.<\/span><\/p>\n<p><b>Otro detalle que sorprend\u00eda de Fidel era el timbre de su voz. El tono en falsete contrastaba con su corpulencia.<\/b><span style=\"font-weight: 400;\"> A veces sonaba tan bajito que sus interlocutores aguzaban los o\u00eddos como quien escucha secretos y revelaciones in\u00e9ditas. Y cuando hablaba no le gustaba que lo interrumpieran.<\/span><b> Magn\u00e1nimo, pasaba de la coyuntura internacional a una receta de espaguetis, de la zafra azucarera a recuerdos de juventud.<\/b><\/p>\n<p><b>Pero no era un monopolizador de la palabra. Jam\u00e1s he conocido a alguien a quien le gustara tanto conversar. <\/b><span style=\"font-weight: 400;\">Por eso no conced\u00eda audiencias. Le disgustaban los encuentros protocolares, en los que las mentiras diplom\u00e1ticas resuenan como verdades definitivas. <\/span><b>Fidel no sab\u00eda recibir a una persona por 15 o 20 minutos. Cuando se reun\u00eda con alguien el encuentro duraba al menos una hora.<\/b><span style=\"font-weight: 400;\"> Con frecuencia toda la noche, hasta que se daba cuenta de que era hora de ir a la casa, darse un ba\u00f1o, comer algo y dormir.<\/span><\/p>\n<p><span style=\"font-weight: 400;\">En las conversaciones personales, el l\u00edder cubano procuraba extraer el m\u00e1ximo de su interlocutor. <\/span><b>Cuando se entusiasmaba con un tema, quer\u00eda conocer todos sus aspectos. Indagaba todo: el clima de una ciudad, el corte de una ropa, el tipo de cuero de un portafolio o los aviones militares de un pa\u00eds<\/b><span style=\"font-weight: 400;\">. Si el interlocutor no dominaba los detalles del tema que hab\u00eda surgido, lo mejor era cambiar de asunto.<\/span><\/p>\n<p><span style=\"font-weight: 400;\">Aunque iniciara el di\u00e1logo c\u00f3modamente sentado, daba la impresi\u00f3n, al poco tiempo, de que todo asiento resultaba demasiado estrecho para su corpach\u00f3n. <\/span><b>Electrizado por el entusiasmo que le causaban sus propias ideas, Fidel se levantaba, caminaba de un lado a otro, se paraba en medio de la habitaci\u00f3n con los pies juntos, el tronco arqueado hacia atr\u00e1s, la cabeza inclinada sobre la nuca y el dedo en ristre;<\/b><span style=\"font-weight: 400;\"> se tomaba una dosis <\/span><i><span style=\"font-weight: 400;\">cowboy <\/span><\/i><span style=\"font-weight: 400;\">de wiski, probaba un canap\u00e9; se inclinaba sobre su interlocutor, le tocaba el hombro con la punta de los dedos \u00edndice y del medio, le susurraba al o\u00eddo; apuntaba incisivo con el \u00edndice de la mano derecha, gesticulaba con vehemencia, arg\u00fc\u00eda con el rostro enmarcado por la barba y abr\u00eda la boca exhibiendo los dientes peque\u00f1os y blancos, como si el impacto de una idea le exigiera reabastecer los pulmones; le clavaba al interlocutor sus ojos peque\u00f1os y brillantes, como quien quiere\u00a0 absorber toda informaci\u00f3n transmitida.<\/span><\/p>\n<p><span style=\"font-weight: 400;\">Era necesaria mucha agilidad para acompa\u00f1ar sus razonamientos. Su memoria prodigiosa se enriquec\u00eda con una envidiable capacidad para hacer complicadas operaciones matem\u00e1ticas en mente, como si echara a andar una computadora en el cerebro. <\/span><b>Le gustaba que le contaran an\u00e9cdotas e historias, le describieran procesos productivos, le trazaran el perfil de pol\u00edticos extranjeros. Pero no admit\u00eda que invadieran su privacidad, guardada bajo siete llaves.<\/b><span style=\"font-weight: 400;\"> A menos que el inter\u00e9s estuviera relacionado con su \u00fanica pasi\u00f3n: la Revoluci\u00f3n Cubana.<\/span><\/p>\n<p><span style=\"font-weight: 400;\">Siempre rodeado de atentos miembros de la seguridad personal, Fidel sab\u00eda que no era blanco solamente del afecto de sus admiradores. Entre 1960 y 1972, mafiosos como Johnny Roselli y Sam Giancana, deseosos de recuperar los casinos expropiados por la Revoluci\u00f3n, intentaron asesinarlo en colaboraci\u00f3n con la CIA.<\/span><\/p>\n<p><b>A pesar de todo, sobrevivi\u00f3. Y falleci\u00f3 a los 90 a\u00f1os serenamente, en su cama, rodeado por su familia.<\/b><\/p>\n<p><b>Hoy Cuba enfrenta una grave crisis econ\u00f3mica causada por el criminal bloqueo impuesto por la Casa Blanca.<\/b><span style=\"font-weight: 400;\"> Fidel ya no se encuentra al frente del pa\u00eds y, por tanto, el pueblo cubano no cuenta con el timonel que lo condujo durante los cinco a\u00f1os del Per\u00edodo Especial (1990-1995), que tuve la oportunidad de presenciar.<\/span><\/p>\n<p><span style=\"font-weight: 400;\">Ra\u00fal Castro, quien lo sucedi\u00f3, tiene una edad avanzada y se encuentra merecidamente retirado en su casa. <\/span><b>Y el pueblo cubano eligi\u00f3 democr\u00e1ticamente a D\u00edaz-Canel para presidir el pa\u00eds por segunda vez.<\/b><\/p>\n<p><b>Hay quienes dicen que Cuba no estar\u00eda enfrentando tantas dificultades si Fidel estuviera vivo y al frente del gobierno revolucionario. Pero esa opini\u00f3n no me parece justa.<\/b><span style=\"font-weight: 400;\"> Primero, porque la coyuntura actual, sobre todo en el nivel internacional, es muy diferente a la de la d\u00e9cada de 1990.<\/span><b> Hoy la hegemon\u00eda imperialista se ha visto fortalecida por la desaparici\u00f3n de la Uni\u00f3n Sovi\u00e9tica, y las medidas de Trump y Biden han reforzado a\u00fan m\u00e1s el bloqueo.<\/b><span style=\"font-weight: 400;\"> En segundo lugar, porque D\u00edaz-Canel no gobierna solo. La Cuba revolucionaria siempre ha tenido un gobierno colegiado, integrado por el Bur\u00f3 Pol\u00edtico, el Consejo de Estado y la Asamblea Nacional del Poder Popular.<\/span><\/p>\n<p><b>El gobierno actual realiza todos los esfuerzos posibles para reducir la crisis y preservar los principios fundamentales del socialismo, porque ellos le garantizan a Cuba independencia y soberan\u00eda, <\/b><span style=\"font-weight: 400;\">y evitan que el pa\u00eds se someta a los intereses neocoloniales de las naciones metropolitanas, como es el caso de la mayor\u00eda de los pa\u00edses de Am\u00e9rica Latina y el Caribe.<\/span><\/p>\n<p><b>Fidel fue un l\u00edder \u00fanico, dotado de un don que raros l\u00edderes pol\u00edticos poseen: carisma. <\/b><span style=\"font-weight: 400;\">Pero eso no lo hace insustituible. \u00c9l lo sab\u00eda, tanto que, a\u00fan en vida, le traspas\u00f3 el comando de la Revoluci\u00f3n a su hermano Ra\u00fal. Y particip\u00f3 en la elecci\u00f3n de D\u00edaz-Canel.<\/span><\/p>\n<p><span style=\"font-weight: 400;\">A la luz de esta conmemoraci\u00f3n (que significa hacer viva la memoria) de los ocho a\u00f1os de la desaparici\u00f3n f\u00edsica de Fidel <\/span><b>es imprescindible tener presente que las revoluciones y sus avances, entre crisis y desaf\u00edos, no dependen de un hombre o una mujer: dependen de un pueblo.<\/b><span style=\"font-weight: 400;\"> Sin el apoyo y la movilizaci\u00f3n populares todo poder tiene bases fr\u00e1giles. <\/span><b>Y est\u00e1n vivos el ejemplo y el pensamiento de Fidel para que el pueblo cubano demuestre, una vez m\u00e1s, su resiliencia revolucionaria<\/b><span style=\"font-weight: 400;\"> y su capacidad de superar las barreras que el enemigo intenta imponerle a su libertad.<\/span><\/p>\n<p><b>Autor: Frei Betto\/ Cubadebate<\/b><\/p>\n<p><b><i>Para leer este art\u00edculo en el original: <\/i><\/b><a href=\"http:\/\/www.cubadebate.cu\/opinion\/2024\/11\/26\/fidel-lider-ejemplar\/\"><i><span style=\"font-weight: 400;\">Cubadebate<\/span><\/i><\/a><\/p>\n","protected":false},"excerpt":{"rendered":"<p>El 25 de noviembre se conmemoran ocho a\u00f1os de la transvivenciaci\u00f3n de Fidel. No sabr\u00eda&#8230;<\/p>\n","protected":false},"author":1,"featured_media":1845,"comment_status":"open","ping_status":"closed","sticky":false,"template":"","format":"standard","meta":{"footnotes":""},"categories":[70],"tags":[21,65,76,251],"class_list":["post-1844","post","type-post","status-publish","format-standard","has-post-thumbnail","hentry","category-otras-voces","tag-cia","tag-comandante","tag-cuba","tag-fidel"],"yoast_head":"<!-- This site is optimized with the Yoast SEO plugin v27.5 - https:\/\/yoast.com\/product\/yoast-seo-wordpress\/ -->\n<title>Fidel, l\u00edder ejemplar -<\/title>\n<meta name=\"description\" content=\"El 25 de noviembre se conmemoran ocho a\u00f1os de la transvivenciaci\u00f3n de Fidel.\" \/>\n<meta name=\"robots\" content=\"index, follow, max-snippet:-1, max-image-preview:large, max-video-preview:-1\" \/>\n<link rel=\"canonical\" href=\"https:\/\/hueleaazufre.com\/wordpress_a\/index.php\/2024\/11\/27\/fidel-lider-ejemplar\/\" \/>\n<meta property=\"og:locale\" content=\"es_ES\" \/>\n<meta property=\"og:type\" content=\"article\" \/>\n<meta property=\"og:title\" content=\"Fidel, l\u00edder ejemplar -\" \/>\n<meta property=\"og:description\" content=\"El 25 de noviembre se conmemoran ocho a\u00f1os de la transvivenciaci\u00f3n de Fidel.\" \/>\n<meta property=\"og:url\" content=\"https:\/\/hueleaazufre.com\/wordpress_a\/index.php\/2024\/11\/27\/fidel-lider-ejemplar\/\" \/>\n<meta property=\"article:published_time\" content=\"2024-11-27T13:20:58+00:00\" \/>\n<meta property=\"og:image\" content=\"https:\/\/hueleaazufre.com\/wordpress_a\/wp-content\/uploads\/2024\/11\/Fidel-Castro-renuncia-a-la-presidencia-de-Cuba.jpg\" \/>\n\t<meta property=\"og:image:width\" content=\"1300\" \/>\n\t<meta property=\"og:image:height\" content=\"830\" \/>\n\t<meta property=\"og:image:type\" content=\"image\/jpeg\" \/>\n<meta name=\"author\" content=\"Huele a azufre\" \/>\n<meta name=\"twitter:card\" content=\"summary_large_image\" \/>\n<meta name=\"twitter:label1\" content=\"Escrito por\" \/>\n\t<meta name=\"twitter:data1\" content=\"Huele a azufre\" \/>\n\t<meta name=\"twitter:label2\" content=\"Tiempo de lectura\" \/>\n\t<meta name=\"twitter:data2\" content=\"8 minutos\" \/>\n<script type=\"application\/ld+json\" class=\"yoast-schema-graph\">{\"@context\":\"https:\\\/\\\/schema.org\",\"@graph\":[{\"@type\":\"Article\",\"@id\":\"https:\\\/\\\/hueleaazufre.com\\\/wordpress_a\\\/index.php\\\/2024\\\/11\\\/27\\\/fidel-lider-ejemplar\\\/#article\",\"isPartOf\":{\"@id\":\"https:\\\/\\\/hueleaazufre.com\\\/wordpress_a\\\/index.php\\\/2024\\\/11\\\/27\\\/fidel-lider-ejemplar\\\/\"},\"author\":{\"name\":\"Huele a azufre\",\"@id\":\"https:\\\/\\\/hueleaazufre.com\\\/wordpress_a\\\/#\\\/schema\\\/person\\\/549dd871707ea7f9f1a686323ebe9baa\"},\"headline\":\"Fidel, l\u00edder ejemplar\",\"datePublished\":\"2024-11-27T13:20:58+00:00\",\"mainEntityOfPage\":{\"@id\":\"https:\\\/\\\/hueleaazufre.com\\\/wordpress_a\\\/index.php\\\/2024\\\/11\\\/27\\\/fidel-lider-ejemplar\\\/\"},\"wordCount\":1705,\"commentCount\":0,\"image\":{\"@id\":\"https:\\\/\\\/hueleaazufre.com\\\/wordpress_a\\\/index.php\\\/2024\\\/11\\\/27\\\/fidel-lider-ejemplar\\\/#primaryimage\"},\"thumbnailUrl\":\"https:\\\/\\\/hueleaazufre.com\\\/wordpress_a\\\/wp-content\\\/uploads\\\/2024\\\/11\\\/Fidel-Castro-renuncia-a-la-presidencia-de-Cuba.jpg\",\"keywords\":[\"CIA\",\"comandante\",\"Cuba\",\"Fidel\"],\"articleSection\":[\"Otras voces\"],\"inLanguage\":\"es\",\"potentialAction\":[{\"@type\":\"CommentAction\",\"name\":\"Comment\",\"target\":[\"https:\\\/\\\/hueleaazufre.com\\\/wordpress_a\\\/index.php\\\/2024\\\/11\\\/27\\\/fidel-lider-ejemplar\\\/#respond\"]}]},{\"@type\":\"WebPage\",\"@id\":\"https:\\\/\\\/hueleaazufre.com\\\/wordpress_a\\\/index.php\\\/2024\\\/11\\\/27\\\/fidel-lider-ejemplar\\\/\",\"url\":\"https:\\\/\\\/hueleaazufre.com\\\/wordpress_a\\\/index.php\\\/2024\\\/11\\\/27\\\/fidel-lider-ejemplar\\\/\",\"name\":\"Fidel, l\u00edder ejemplar -\",\"isPartOf\":{\"@id\":\"https:\\\/\\\/hueleaazufre.com\\\/wordpress_a\\\/#website\"},\"primaryImageOfPage\":{\"@id\":\"https:\\\/\\\/hueleaazufre.com\\\/wordpress_a\\\/index.php\\\/2024\\\/11\\\/27\\\/fidel-lider-ejemplar\\\/#primaryimage\"},\"image\":{\"@id\":\"https:\\\/\\\/hueleaazufre.com\\\/wordpress_a\\\/index.php\\\/2024\\\/11\\\/27\\\/fidel-lider-ejemplar\\\/#primaryimage\"},\"thumbnailUrl\":\"https:\\\/\\\/hueleaazufre.com\\\/wordpress_a\\\/wp-content\\\/uploads\\\/2024\\\/11\\\/Fidel-Castro-renuncia-a-la-presidencia-de-Cuba.jpg\",\"datePublished\":\"2024-11-27T13:20:58+00:00\",\"author\":{\"@id\":\"https:\\\/\\\/hueleaazufre.com\\\/wordpress_a\\\/#\\\/schema\\\/person\\\/549dd871707ea7f9f1a686323ebe9baa\"},\"description\":\"El 25 de noviembre se conmemoran ocho a\u00f1os de la transvivenciaci\u00f3n de Fidel.\",\"breadcrumb\":{\"@id\":\"https:\\\/\\\/hueleaazufre.com\\\/wordpress_a\\\/index.php\\\/2024\\\/11\\\/27\\\/fidel-lider-ejemplar\\\/#breadcrumb\"},\"inLanguage\":\"es\",\"potentialAction\":[{\"@type\":\"ReadAction\",\"target\":[\"https:\\\/\\\/hueleaazufre.com\\\/wordpress_a\\\/index.php\\\/2024\\\/11\\\/27\\\/fidel-lider-ejemplar\\\/\"]}]},{\"@type\":\"ImageObject\",\"inLanguage\":\"es\",\"@id\":\"https:\\\/\\\/hueleaazufre.com\\\/wordpress_a\\\/index.php\\\/2024\\\/11\\\/27\\\/fidel-lider-ejemplar\\\/#primaryimage\",\"url\":\"https:\\\/\\\/hueleaazufre.com\\\/wordpress_a\\\/wp-content\\\/uploads\\\/2024\\\/11\\\/Fidel-Castro-renuncia-a-la-presidencia-de-Cuba.jpg\",\"contentUrl\":\"https:\\\/\\\/hueleaazufre.com\\\/wordpress_a\\\/wp-content\\\/uploads\\\/2024\\\/11\\\/Fidel-Castro-renuncia-a-la-presidencia-de-Cuba.jpg\",\"width\":1300,\"height\":830,\"caption\":\"Fidel\"},{\"@type\":\"BreadcrumbList\",\"@id\":\"https:\\\/\\\/hueleaazufre.com\\\/wordpress_a\\\/index.php\\\/2024\\\/11\\\/27\\\/fidel-lider-ejemplar\\\/#breadcrumb\",\"itemListElement\":[{\"@type\":\"ListItem\",\"position\":1,\"name\":\"Portada\",\"item\":\"https:\\\/\\\/hueleaazufre.com\\\/wordpress_a\\\/\"},{\"@type\":\"ListItem\",\"position\":2,\"name\":\"Fidel, l\u00edder ejemplar\"}]},{\"@type\":\"WebSite\",\"@id\":\"https:\\\/\\\/hueleaazufre.com\\\/wordpress_a\\\/#website\",\"url\":\"https:\\\/\\\/hueleaazufre.com\\\/wordpress_a\\\/\",\"name\":\"\",\"description\":\"Huele a azufre es una plataforma digital de an\u00e1lisis geopol\u00edtico.\",\"potentialAction\":[{\"@type\":\"SearchAction\",\"target\":{\"@type\":\"EntryPoint\",\"urlTemplate\":\"https:\\\/\\\/hueleaazufre.com\\\/wordpress_a\\\/?s={search_term_string}\"},\"query-input\":{\"@type\":\"PropertyValueSpecification\",\"valueRequired\":true,\"valueName\":\"search_term_string\"}}],\"inLanguage\":\"es\"},{\"@type\":\"Person\",\"@id\":\"https:\\\/\\\/hueleaazufre.com\\\/wordpress_a\\\/#\\\/schema\\\/person\\\/549dd871707ea7f9f1a686323ebe9baa\",\"name\":\"Huele a azufre\",\"image\":{\"@type\":\"ImageObject\",\"inLanguage\":\"es\",\"@id\":\"https:\\\/\\\/secure.gravatar.com\\\/avatar\\\/e972d5c124b9bf80eb4c9d322a90dd86a59d447f5da36700a77516f13637d44e?s=96&d=mm&r=g\",\"url\":\"https:\\\/\\\/secure.gravatar.com\\\/avatar\\\/e972d5c124b9bf80eb4c9d322a90dd86a59d447f5da36700a77516f13637d44e?s=96&d=mm&r=g\",\"contentUrl\":\"https:\\\/\\\/secure.gravatar.com\\\/avatar\\\/e972d5c124b9bf80eb4c9d322a90dd86a59d447f5da36700a77516f13637d44e?s=96&d=mm&r=g\",\"caption\":\"Huele a azufre\"},\"description\":\"Huele a azufre es una plataforma digital de an\u00e1lisis geopol\u00edtico\u00a0 contrahegem\u00f3nico, que busca visibilizar las voces y los discursos silenciados por el poder medi\u00e1tico.\",\"sameAs\":[\"https:\\\/\\\/hueleaazufre.com\\\/wordpress_a\"],\"url\":\"https:\\\/\\\/hueleaazufre.com\\\/wordpress_a\\\/index.php\\\/author\\\/admin_tupapa\\\/\"}]}<\/script>\n<!-- \/ Yoast SEO plugin. -->","yoast_head_json":{"title":"Fidel, l\u00edder ejemplar -","description":"El 25 de noviembre se conmemoran ocho a\u00f1os de la transvivenciaci\u00f3n de Fidel.","robots":{"index":"index","follow":"follow","max-snippet":"max-snippet:-1","max-image-preview":"max-image-preview:large","max-video-preview":"max-video-preview:-1"},"canonical":"https:\/\/hueleaazufre.com\/wordpress_a\/index.php\/2024\/11\/27\/fidel-lider-ejemplar\/","og_locale":"es_ES","og_type":"article","og_title":"Fidel, l\u00edder ejemplar -","og_description":"El 25 de noviembre se conmemoran ocho a\u00f1os de la transvivenciaci\u00f3n de Fidel.","og_url":"https:\/\/hueleaazufre.com\/wordpress_a\/index.php\/2024\/11\/27\/fidel-lider-ejemplar\/","article_published_time":"2024-11-27T13:20:58+00:00","og_image":[{"width":1300,"height":830,"url":"https:\/\/hueleaazufre.com\/wordpress_a\/wp-content\/uploads\/2024\/11\/Fidel-Castro-renuncia-a-la-presidencia-de-Cuba.jpg","type":"image\/jpeg"}],"author":"Huele a azufre","twitter_card":"summary_large_image","twitter_misc":{"Escrito por":"Huele a azufre","Tiempo de lectura":"8 minutos"},"schema":{"@context":"https:\/\/schema.org","@graph":[{"@type":"Article","@id":"https:\/\/hueleaazufre.com\/wordpress_a\/index.php\/2024\/11\/27\/fidel-lider-ejemplar\/#article","isPartOf":{"@id":"https:\/\/hueleaazufre.com\/wordpress_a\/index.php\/2024\/11\/27\/fidel-lider-ejemplar\/"},"author":{"name":"Huele a azufre","@id":"https:\/\/hueleaazufre.com\/wordpress_a\/#\/schema\/person\/549dd871707ea7f9f1a686323ebe9baa"},"headline":"Fidel, l\u00edder ejemplar","datePublished":"2024-11-27T13:20:58+00:00","mainEntityOfPage":{"@id":"https:\/\/hueleaazufre.com\/wordpress_a\/index.php\/2024\/11\/27\/fidel-lider-ejemplar\/"},"wordCount":1705,"commentCount":0,"image":{"@id":"https:\/\/hueleaazufre.com\/wordpress_a\/index.php\/2024\/11\/27\/fidel-lider-ejemplar\/#primaryimage"},"thumbnailUrl":"https:\/\/hueleaazufre.com\/wordpress_a\/wp-content\/uploads\/2024\/11\/Fidel-Castro-renuncia-a-la-presidencia-de-Cuba.jpg","keywords":["CIA","comandante","Cuba","Fidel"],"articleSection":["Otras voces"],"inLanguage":"es","potentialAction":[{"@type":"CommentAction","name":"Comment","target":["https:\/\/hueleaazufre.com\/wordpress_a\/index.php\/2024\/11\/27\/fidel-lider-ejemplar\/#respond"]}]},{"@type":"WebPage","@id":"https:\/\/hueleaazufre.com\/wordpress_a\/index.php\/2024\/11\/27\/fidel-lider-ejemplar\/","url":"https:\/\/hueleaazufre.com\/wordpress_a\/index.php\/2024\/11\/27\/fidel-lider-ejemplar\/","name":"Fidel, l\u00edder ejemplar -","isPartOf":{"@id":"https:\/\/hueleaazufre.com\/wordpress_a\/#website"},"primaryImageOfPage":{"@id":"https:\/\/hueleaazufre.com\/wordpress_a\/index.php\/2024\/11\/27\/fidel-lider-ejemplar\/#primaryimage"},"image":{"@id":"https:\/\/hueleaazufre.com\/wordpress_a\/index.php\/2024\/11\/27\/fidel-lider-ejemplar\/#primaryimage"},"thumbnailUrl":"https:\/\/hueleaazufre.com\/wordpress_a\/wp-content\/uploads\/2024\/11\/Fidel-Castro-renuncia-a-la-presidencia-de-Cuba.jpg","datePublished":"2024-11-27T13:20:58+00:00","author":{"@id":"https:\/\/hueleaazufre.com\/wordpress_a\/#\/schema\/person\/549dd871707ea7f9f1a686323ebe9baa"},"description":"El 25 de noviembre se conmemoran ocho a\u00f1os de la transvivenciaci\u00f3n de Fidel.","breadcrumb":{"@id":"https:\/\/hueleaazufre.com\/wordpress_a\/index.php\/2024\/11\/27\/fidel-lider-ejemplar\/#breadcrumb"},"inLanguage":"es","potentialAction":[{"@type":"ReadAction","target":["https:\/\/hueleaazufre.com\/wordpress_a\/index.php\/2024\/11\/27\/fidel-lider-ejemplar\/"]}]},{"@type":"ImageObject","inLanguage":"es","@id":"https:\/\/hueleaazufre.com\/wordpress_a\/index.php\/2024\/11\/27\/fidel-lider-ejemplar\/#primaryimage","url":"https:\/\/hueleaazufre.com\/wordpress_a\/wp-content\/uploads\/2024\/11\/Fidel-Castro-renuncia-a-la-presidencia-de-Cuba.jpg","contentUrl":"https:\/\/hueleaazufre.com\/wordpress_a\/wp-content\/uploads\/2024\/11\/Fidel-Castro-renuncia-a-la-presidencia-de-Cuba.jpg","width":1300,"height":830,"caption":"Fidel"},{"@type":"BreadcrumbList","@id":"https:\/\/hueleaazufre.com\/wordpress_a\/index.php\/2024\/11\/27\/fidel-lider-ejemplar\/#breadcrumb","itemListElement":[{"@type":"ListItem","position":1,"name":"Portada","item":"https:\/\/hueleaazufre.com\/wordpress_a\/"},{"@type":"ListItem","position":2,"name":"Fidel, l\u00edder ejemplar"}]},{"@type":"WebSite","@id":"https:\/\/hueleaazufre.com\/wordpress_a\/#website","url":"https:\/\/hueleaazufre.com\/wordpress_a\/","name":"","description":"Huele a azufre es una plataforma digital de an\u00e1lisis geopol\u00edtico.","potentialAction":[{"@type":"SearchAction","target":{"@type":"EntryPoint","urlTemplate":"https:\/\/hueleaazufre.com\/wordpress_a\/?s={search_term_string}"},"query-input":{"@type":"PropertyValueSpecification","valueRequired":true,"valueName":"search_term_string"}}],"inLanguage":"es"},{"@type":"Person","@id":"https:\/\/hueleaazufre.com\/wordpress_a\/#\/schema\/person\/549dd871707ea7f9f1a686323ebe9baa","name":"Huele a azufre","image":{"@type":"ImageObject","inLanguage":"es","@id":"https:\/\/secure.gravatar.com\/avatar\/e972d5c124b9bf80eb4c9d322a90dd86a59d447f5da36700a77516f13637d44e?s=96&d=mm&r=g","url":"https:\/\/secure.gravatar.com\/avatar\/e972d5c124b9bf80eb4c9d322a90dd86a59d447f5da36700a77516f13637d44e?s=96&d=mm&r=g","contentUrl":"https:\/\/secure.gravatar.com\/avatar\/e972d5c124b9bf80eb4c9d322a90dd86a59d447f5da36700a77516f13637d44e?s=96&d=mm&r=g","caption":"Huele a azufre"},"description":"Huele a azufre es una plataforma digital de an\u00e1lisis geopol\u00edtico\u00a0 contrahegem\u00f3nico, que busca visibilizar las voces y los discursos silenciados por el poder medi\u00e1tico.","sameAs":["https:\/\/hueleaazufre.com\/wordpress_a"],"url":"https:\/\/hueleaazufre.com\/wordpress_a\/index.php\/author\/admin_tupapa\/"}]}},"_links":{"self":[{"href":"https:\/\/hueleaazufre.com\/wordpress_a\/index.php\/wp-json\/wp\/v2\/posts\/1844","targetHints":{"allow":["GET"]}}],"collection":[{"href":"https:\/\/hueleaazufre.com\/wordpress_a\/index.php\/wp-json\/wp\/v2\/posts"}],"about":[{"href":"https:\/\/hueleaazufre.com\/wordpress_a\/index.php\/wp-json\/wp\/v2\/types\/post"}],"author":[{"embeddable":true,"href":"https:\/\/hueleaazufre.com\/wordpress_a\/index.php\/wp-json\/wp\/v2\/users\/1"}],"replies":[{"embeddable":true,"href":"https:\/\/hueleaazufre.com\/wordpress_a\/index.php\/wp-json\/wp\/v2\/comments?post=1844"}],"version-history":[{"count":1,"href":"https:\/\/hueleaazufre.com\/wordpress_a\/index.php\/wp-json\/wp\/v2\/posts\/1844\/revisions"}],"predecessor-version":[{"id":1846,"href":"https:\/\/hueleaazufre.com\/wordpress_a\/index.php\/wp-json\/wp\/v2\/posts\/1844\/revisions\/1846"}],"wp:featuredmedia":[{"embeddable":true,"href":"https:\/\/hueleaazufre.com\/wordpress_a\/index.php\/wp-json\/wp\/v2\/media\/1845"}],"wp:attachment":[{"href":"https:\/\/hueleaazufre.com\/wordpress_a\/index.php\/wp-json\/wp\/v2\/media?parent=1844"}],"wp:term":[{"taxonomy":"category","embeddable":true,"href":"https:\/\/hueleaazufre.com\/wordpress_a\/index.php\/wp-json\/wp\/v2\/categories?post=1844"},{"taxonomy":"post_tag","embeddable":true,"href":"https:\/\/hueleaazufre.com\/wordpress_a\/index.php\/wp-json\/wp\/v2\/tags?post=1844"}],"curies":[{"name":"wp","href":"https:\/\/api.w.org\/{rel}","templated":true}]}}