{"id":1848,"date":"2024-11-29T17:02:52","date_gmt":"2024-11-29T17:02:52","guid":{"rendered":"https:\/\/hueleaazufre.com\/wordpress_a\/?p=1848"},"modified":"2024-11-29T17:02:52","modified_gmt":"2024-11-29T17:02:52","slug":"adios-a-borrell-el-mas-duro-de-una-diplomacia-de-la-ue","status":"publish","type":"post","link":"https:\/\/hueleaazufre.com\/wordpress_a\/index.php\/2024\/11\/29\/adios-a-borrell-el-mas-duro-de-una-diplomacia-de-la-ue\/","title":{"rendered":"Adi\u00f3s a Borrell, el m\u00e1s duro de una diplomacia de la UE atrapada en la contradicci\u00f3n palestina"},"content":{"rendered":"<p><b><i>Josep Borrell no seguir\u00e1 al frente de la pol\u00edtica exterior en la Comisi\u00f3n Europea. Su paso se ha distinguido por la confrontaci\u00f3n con Rusia y el endurecimiento de una diplomacia militarizante que redunda en la creaci\u00f3n de un negociado de Defensa. No obstante, trasciende a su etapa la incoherencia de la UE para abordar la crisis en Oriente Medio.<\/i><\/b><\/p>\n<p><b>La Comisi\u00f3n Europea estrena equipo el 1 de diciembre.<\/b><span style=\"font-weight: 400;\"> Luego de largas negociaciones para confirmar en sus puestos <\/span><a href=\"https:\/\/noticiaslatam.lat\/20240917\/von-der-leyen-presenta-a-sus-candidatos-para-el-nuevo-mandato-de-la-comision-europea-1157569288.html\"><span style=\"font-weight: 400;\">a los nuevos comisarios<\/span><\/a><span style=\"font-weight: 400;\">, el \u00f3rgano de Gobierno que encabeza Ursula von der Leyen afrontar\u00e1 una legislatura de cinco a\u00f1os, hasta 2029.<\/span><\/p>\n<p><span style=\"font-weight: 400;\">Entre los cargos salientes destaca el espa\u00f1ol <\/span><b>Josep Borrell<\/b><span style=\"font-weight: 400;\">, un veterano de la arena pol\u00edtica del pa\u00eds ib\u00e9rico. Antes de desempe\u00f1arse como vicepresidente y alto representante de la Pol\u00edtica Exterior y de Seguridad de la UE, Borrell tuvo un amplio recorrido como eurodiputado en Bruselas, donde entre 2004 y 2007 adem\u00e1s fue presidente de la Euroc\u00e1mara. En Espa\u00f1a fue ministro de Obras P\u00fablicas (1991-1996) y de Asuntos Exteriores (2018-2019).<\/span><\/p>\n<p><span style=\"font-weight: 400;\">En los cinco a\u00f1os que ha permanecido al frente de la diplomacia europea (2019-2024), la acci\u00f3n exterior de la UE transform\u00f3 su tono. <\/span><a href=\"https:\/\/noticiaslatam.lat\/20240823\/borrell-por-primera-vez-confirma-publicamente-que-la-ue-es-parte-del-conflicto-en-ucrania-1157019855.html\"><span style=\"font-weight: 400;\">En particular, respecto a Rusia<\/span><\/a><span style=\"font-weight: 400;\">. Y en un contexto donde Bruselas acab\u00f3 por a\u00f1adir a sus fines el prop\u00f3sito de \u00abavanzar hacia la construcci\u00f3n de una Uni\u00f3n Europea de Defensa\u00bb, Borrell escenific\u00f3 como nadie el endurecimiento de tal ret\u00f3rica.<\/span><\/p>\n<p><span style=\"font-weight: 400;\">La presi\u00f3n del pol\u00edtico catal\u00e1n fue clave o, al menos, la m\u00e1s vistosa, para que Bruselas decidiera<\/span> <a href=\"https:\/\/noticiaslatam.lat\/20240624\/la-ue-gastara-rendimientos-de-activos-rusos-en-misiles-y-defensas-antiaereas-para-ucrania-1155683550.html\"><span style=\"font-weight: 400;\">canalizar el suministro de armas a Kiev<\/span><\/a><span style=\"font-weight: 400;\">, traspasando as\u00ed una l\u00ednea<\/span><i><span style=\"font-weight: 400;\"> a priori <\/span><\/i><span style=\"font-weight: 400;\">roja para muchos pa\u00edses del club comunitario. Borrell constituye una de las caras principales de los m\u00e1s de<\/span><b> 120.000 millones<\/b><span style=\"font-weight: 400;\"> de euros destinados a Ucrania y de las 14 rondas de sanciones contra Rusia.<\/span><\/p>\n<p><span style=\"font-weight: 400;\">\u00abDeja un recuerdo bastante agridulce\u00bb, asegura a Sputnik Antonio Alonso, profesor de Relaciones Internacionales en el CEU San Pablo de Madrid, que recuerda que Borrell no fue capaz de cumplir ciertas expectativas creadas al inicio de su mandato para obrar un entendimiento entre la UE y Rusia. \u00abPorque al final \u2013a\u00f1ade\u2013, lo que hizo fue consolidar la din\u00e1mica habitual de Bruselas de someterse a EEUU y enfrentarse con Rusia\u00bb.<\/span><\/p>\n<p><span style=\"font-weight: 400;\">\u00ab\u00c9l no ten\u00eda un especial sentimiento antirruso, lo cual se vio en 2019 durante su evaluaci\u00f3n para ser el alto representante de la UE\u00bb, prosigue agregando que \u00abluego se adapt\u00f3 a la posici\u00f3n com\u00fan en la UE\u00bb de oponerse a la situaci\u00f3n con la pen\u00ednsula de Crimea y de fomentar la din\u00e1mica \u00aben la que estamos ahora metidos\u00bb.<\/span><\/p>\n<p><span style=\"font-weight: 400;\">Borrell llev\u00f3 a su extremo dial\u00e9ctico responsabilidades inherentes al cargo, como la promoci\u00f3n del \u00abliderazgo mundial de la UE\u00bb y la defensa de \u00absus valores e intereses a nivel mundial\u00bb. As\u00ed sucedi\u00f3 en oto\u00f1o de 2022, cuando defini\u00f3 a la UE como un \u00abjard\u00edn\u00bb en comparaci\u00f3n con la \u00abjungla\u00bb que, seg\u00fan \u00e9l, representa \u00abla mayor parte del resto del mundo\u00bb. Varios pa\u00edses, especialmente del sur global, <\/span><a href=\"https:\/\/noticiaslatam.lat\/20221018\/emiratos-arabes-unidos-critica-el-racismo-del-jefe-de-la-diplomacia-de-la-union-europea-1131607352.html\"><span style=\"font-weight: 400;\">reprobaron tales palabras<\/span><\/a><span style=\"font-weight: 400;\"> por \u00absupremacistas y colonialistas\u00bb, emanadas de una visi\u00f3n \u00abeuroc\u00e9ntrica\u00bb.<\/span><\/p>\n<p><span style=\"font-weight: 400;\">\u00ab\u00c9l dijo entonces una gran verdad, que subyace a su discurso sobre el jard\u00edn: que las \u00e9lites europeas occidentales son profundamente racistas y supremacistas. Se consideran la culminaci\u00f3n de la civilizaci\u00f3n mundial\u00bb, explica a Sputnik el analista geopol\u00edtico <\/span><b>Fernando Morag\u00f3n<\/b><span style=\"font-weight: 400;\">, al respecto de aquellas declaraciones.<\/span><\/p>\n<h2><b>Diplomacia al choque<\/b><\/h2>\n<p><span style=\"font-weight: 400;\">El peso de la pol\u00edtica de seguridad es un factor determinante a la hora de entender el endurecimiento de la l\u00ednea de acci\u00f3n exterior de la UE. En un contexto de creciente implicaci\u00f3n en el conflicto de Ucrania a trav\u00e9s de la OTAN y de un deseo declarado de fortalecer sus capacidades militares, <\/span><a href=\"https:\/\/noticiaslatam.lat\/20241109\/rusia-dispuesta-a-un-dialogo-sincero-con-eeuu-mientras-la-ue-quiere-la-paz-con-mas-guerra-1158908524.html\"><span style=\"font-weight: 400;\">Bruselas resolvi\u00f3 crear un comisariado de Defensa y Espacio<\/span><\/a><span style=\"font-weight: 400;\">.<\/span><\/p>\n<p><span style=\"font-weight: 400;\">Cabe preguntarse si durante el proceso la diplomacia europea acus\u00f3 los cambios. \u00abLa Comisi\u00f3n es ahora m\u00e1s dura\u00bb, sostiene Morag\u00f3n, que asegura que la renovaci\u00f3n del mandato de <\/span><b>Ursula von der Leyen <\/b><span style=\"font-weight: 400;\">obedece a un deseo de \u00abcontinuar el enfrentamiento con Rusia\u00bb y de empezar una \u00abguerra comercial\u00bb contra China. \u00abEsto rematar\u00e1 a Europa, pero es lo que le interesa a EEUU\u00bb, afirma.<\/span><\/p>\n<p><span style=\"font-weight: 400;\">El lituano <\/span><b>Andrius Kubilius <\/b><span style=\"font-weight: 400;\">ser\u00e1 el primer comisario europeo de Defensa de la historia, pero no est\u00e1 claro que la pol\u00edtica exterior de la UE vaya a reconducirse por cauces m\u00e1s suaves, toda vez que la estoniana Kaja Kallas sustituye a Borrell en el cargo.<\/span><\/p>\n<p><span style=\"font-weight: 400;\">\u00abKallas es m\u00e1s de lo mismo o incluso peor\u00bb, sostiene Morag\u00f3n a tiempo de subrayar que el <\/span><a href=\"https:\/\/noticiaslatam.lat\/20240704\/union-europea-el-nido-de-halcones-antirrusos-se-vuelve-mas-extremista-1155920382.html\"><span style=\"font-weight: 400;\">acusado car\u00e1cter antirruso de los pol\u00edticos b\u00e1lticos<\/span><\/a><span style=\"font-weight: 400;\">, rayano con el fanatismo, aspecto que les hace \u00abpeligrosos\u00bb para la propia Europa. \u00abSu pasado y decisiones hablan por ella, est\u00e1 claro que es bastante rusof\u00f3bica\u00bb, a\u00f1ade Alonso, para quien Kallas reflejar\u00e1 en su nuevo puesto no exactamente el sentir de los pa\u00edses miembros, sino un sentir antirruso \u00abm\u00e1s cercano a su car\u00e1cter\u00bb.<\/span><\/p>\n<p><span style=\"font-weight: 400;\">Con todo, la figura del alto representante languidece ante la posici\u00f3n de poder de la presidenta de la Comisi\u00f3n, quien a su vez \u00absupedita a EEUU\u00bb las decisiones ulteriores, se\u00f1ala Morag\u00f3n. \u00abEs poco m\u00e1s que un portavoz y no tiene poder real, es Ursula von der Leyen quien lo tiene\u00bb, explica. El problema es que la impronta de Kallas y Kubilius a sus funciones supondr\u00e1n un factor de influencia a\u00f1adido.<\/span><\/p>\n<p><span style=\"font-weight: 400;\">\u00abEn una visita a mi universidad, Borrell explic\u00f3 que la creaci\u00f3n de la figura del nuevo comisario de Defensa estuvo precedida de una <\/span><b>gran tensi\u00f3n<\/b><span style=\"font-weight: 400;\"> entre el Consejo y la Comisi\u00f3n\u00bb, cuenta Alonso, que recuerda que Borrell admiti\u00f3 que el nuevo negociado de Kubilius \u00able iba a quitar buena parte de su cometido\u00bb.<\/span><\/p>\n<p><span style=\"font-weight: 400;\">\u00ab\u00c9l se resist\u00eda [a que parte de las atribuciones de Seguridad sean transferidas al nuevo comisario], pero la din\u00e1mica habitual de la UE y del conflicto lo hacen inevitable\u00bb, afirma este docente universitario, que se\u00f1ala que la nueva direcci\u00f3n de Defensa y Espacio es un \u00abindicio\u00bb de la voluntad de Bruselas de<\/span> <a href=\"https:\/\/noticiaslatam.lat\/20240628\/la-ue-debe-invertir-500000-millones-de-euros-en-defensa-en-los-proximos-10-anos-segun-la-ce-1155773261.html\"><span style=\"font-weight: 400;\">avanzar hacia un enfrentamiento con Rusia<\/span><\/a><span style=\"font-weight: 400;\">. <\/span><span style=\"font-weight: 400;\">Tal voluntad es tambi\u00e9n el precio contradictorio de ganar independencia frente a EEUU.<\/span><\/p>\n<p><span style=\"font-weight: 400;\">\u00abPorque se habla de profundizar en materia de defensa, precisamente para separarnos de EEUU. Es la autonom\u00eda estrat\u00e9gica de la que habla Borrell\u00bb, recuerda Alonso.<\/span><\/p>\n<p><span style=\"font-weight: 400;\">Pero esa autonom\u00eda estrat\u00e9gica implica la voluntad de avanzar hacia escenarios de enfrentamiento con Rusia y China. En este contexto, se hace patente que la UE es tambi\u00e9n un objetivo de Washington.<\/span><\/p>\n<p><span style=\"font-weight: 400;\">\u00abLa quiere convertir en un mercado cautivo y Trump seguir\u00e1 esa l\u00ednea\u00bb, opina Morag\u00f3n, que augura un <\/span><b>futuro sombr\u00edo<\/b><span style=\"font-weight: 400;\"> para el continente. \u00abLos europeos no somos sujetos de cambio alguno, Europa va en ca\u00edda libre y ya ha entrado en una segunda Edad Media\u00bb, concluye, en alusi\u00f3n <\/span><a href=\"https:\/\/noticiaslatam.lat\/20241004\/exito-total-de-la-ue-estamos-en-una-fase-terminal-de-la-desindustrializacion-de-europa-1158006533.html\"><span style=\"font-weight: 400;\">a su d\u00e9ficit energ\u00e9tico, progresiva desindustrializaci\u00f3n<\/span><\/a> <span style=\"font-weight: 400;\">y merma de derechos.<\/span><\/p>\n<h2><b>Palestina y el doble rasero<\/b><\/h2>\n<p><span style=\"font-weight: 400;\">Durante el \u00faltimo Consejo de Asuntos Exteriores que presidi\u00f3, Borrell lament\u00f3 no haber podido convencer a sus hom\u00f3logos europeos de la necesidad de romper relaciones diplom\u00e1ticas con Israel o, al menos, detener los contactos pol\u00edticos. \u00abEs una guerra contra los ni\u00f1os\u00bb, lleg\u00f3 a decir en la reuni\u00f3n, en alusi\u00f3n a la <\/span><b>matanza en Gaza<\/b><span style=\"font-weight: 400;\"> y sospechas de genocidio.<\/span><\/p>\n<p><span style=\"font-weight: 400;\">La Comisi\u00f3n Europea tampoco ha respondido a la petici\u00f3n cursada en febrero por Espa\u00f1a e Irlanda para comprobar de forma urgente si Israel cumple con el Acuerdo de Asociaci\u00f3n suscrito con la UE. En particular, con su cl\u00e1usula de respeto a los derechos humanos.<\/span><\/p>\n<p><span style=\"font-weight: 400;\">Bruselas tampoco ha prohibido la importaci\u00f3n de bienes manufacturados en los territorios ocupados, toda vez que la Corte Penal Internacional fall\u00f3 en julio que los asentamientos israel\u00edes en Palestina <\/span><b>son ilegales<\/b><span style=\"font-weight: 400;\"> y cabe detener su construcci\u00f3n de inmediato. La vulneraci\u00f3n de derechos humanos en Palestina y el L\u00edbano no figuran en la llamada \u00abbr\u00fajula estrat\u00e9gica\u00bb de la pol\u00edtica exterior de la UE. Kaja Kallas ni siquiera mencion\u00f3 a Gaza durante su proceso de evaluaci\u00f3n para el cargo.<\/span><\/p>\n<p><span style=\"font-weight: 400;\">Cabe preguntarse si la actitud de Borrell, que tambi\u00e9n ha instado a <\/span><a href=\"https:\/\/noticiaslatam.lat\/20241124\/borrell-admite-que-no-hay-voluntad-de-israel-para-un-alto-el-fuego-con-el-libano-1159251703.html\"><span style=\"font-weight: 400;\">respaldar la propuesta franco-estadounidense de alto el fuego en el L\u00edbano<\/span><\/a><span style=\"font-weight: 400;\"> y presionar al Gobierno israel\u00ed para que lo suscriba, es genuina o responde a la necesidad de salvar la incoherencia y <\/span><b>dobles raseros<\/b><span style=\"font-weight: 400;\"> de Bruselas seg\u00fan se trate del caso de Palestina o el de Ucrania. Al fin y al cabo, Borrell pertenece al Partido Socialista, cuyo Gobierno en Espa\u00f1a <\/span><a href=\"https:\/\/noticiaslatam.lat\/20240528\/espana-reconoce-oficialmente-el-estado-palestino-e-israel-sube-el-tono-que-implicaciones-trae-1150773733.html\"><span style=\"font-weight: 400;\">reconoci\u00f3 en mayo la estatalidad de Palestina<\/span><\/a><span style=\"font-weight: 400;\"> y critica la matanza indiscriminada en Gaza.<\/span><\/p>\n<p><span style=\"font-weight: 400;\">\u00abCreo que es una preocupaci\u00f3n sincera, tambi\u00e9n lo demuestran sus propias decisiones a lo largo de su carrera\u00bb, se\u00f1ala Alonso, que indica que el n\u00facleo de la UE no solo es contrario a romper relaciones con Israel, sino que incluso opta<\/span> <a href=\"https:\/\/noticiaslatam.lat\/20240301\/el-presidente-colombiano-acusa-a-eeuu-y-la-ue-de-apoyar-bombardeo-en-gaza-1148657897.html\"><span style=\"font-weight: 400;\">por seguir suministr\u00e1ndole armamentos<\/span><\/a><span style=\"font-weight: 400;\">. \u00abLa posici\u00f3n com\u00fan de la UE es apoyar a Israel s\u00ed o s\u00ed, porque es la fachada de Occidente en Oriente Pr\u00f3ximo\u00bb, asume.<\/span><\/p>\n<p><span style=\"font-weight: 400;\">\u00abEs pura ret\u00f3rica\u00bb, discrepa Morag\u00f3n, en su valoraci\u00f3n de la iniciativa infructuosa de Borrell. En su opini\u00f3n, la UE no puede permanecer inc\u00f3lume ante una situaci\u00f3n \u00abtan tremenda y obvia\u00bb, de ah\u00ed que escenifique su preocupaci\u00f3n a trav\u00e9s del alto representante, que sale \u00abaparentemente indignado\u00bb.<\/span><\/p>\n<p><span style=\"font-weight: 400;\">\u00abAl menos los que aplauden a Israel, no tienen una doble cara. Estos hacen lo mismo, pero luego dicen que Israel es muy malo. No nos cuente usted historias. Hable con la Comisi\u00f3n y haga algo. Porque la UE es corresponsable de lo que est\u00e1 pasando en Palestina y, si quiere, puede contribuir <\/span><b>de manera decisiva<\/b><span style=\"font-weight: 400;\"> a acabar con el conflicto. Por ejemplo, pongan a Israel las mismas sanciones que a Rusia. Pero no lo hacen. Es puro cinismo\u00bb, denuncia Morag\u00f3n.<\/span><\/p>\n<p><span style=\"font-weight: 400;\">\u00abEn efecto, el tema de los dobles raseros es muy notorio\u00bb, conviene Antonio Alonso, que lamenta que en la UE pasen desapercibidos o incluso lleguen a justificarse.<\/span><\/p>\n<p><span style=\"font-weight: 400;\">\u00abEl caso m\u00e1s evidente son las <\/span><a href=\"https:\/\/noticiaslatam.lat\/20241122\/pedido-de-detencion-contra-netanyahu-hay-que-frenar-el-envio-de-armas-a-israel-1159206824.html\"><span style=\"font-weight: 400;\">\u00f3rdenes de arresto de la Corte Penal Internacional<\/span><\/a><span style=\"font-weight: 400;\">. Si es contra [el presidente ruso, Vlad\u00edmir] Putin, hay alegr\u00eda. Si es contra [el primer ministro israel\u00ed, Benjam\u00edn] Netanyahu, sospecha. Y la UE no se da cuenta de que as\u00ed est\u00e1 cavando su propia tumba en \u00c1frica, en los pa\u00edses \u00e1rabes, en Asia y otras partes del mundo\u00bb, concluye.<\/span><\/p>\n<p><b>Autora: Yarisley Urrutia\/ Sputnik<\/b><\/p>\n<p><b><i>Para leer este art\u00edculo en su fuente original: <\/i><\/b><a href=\"https:\/\/noticiaslatam.lat\/20241126\/adios-a-borrell-el-mas-duro-de-una-diplomacia-de-la-ue-atrapada-en-la-contradiccion-palestina-1159292931.html\"><i><span style=\"font-weight: 400;\">https:\/\/noticiaslatam.lat\/20241126\/adios-a-borrell-el-mas-duro-de-una-diplomacia-de-la-ue-atrapada-en-la-contradiccion-palestina-1159292931.html<\/span><\/i><\/a><\/p>\n","protected":false},"excerpt":{"rendered":"<p>Josep Borrell no seguir\u00e1 al frente de la pol\u00edtica exterior en la Comisi\u00f3n Europea. Su&#8230;<\/p>\n","protected":false},"author":1,"featured_media":1849,"comment_status":"open","ping_status":"closed","sticky":false,"template":"","format":"standard","meta":{"footnotes":""},"categories":[70],"tags":[536,104,134,79],"class_list":["post-1848","post","type-post","status-publish","format-standard","has-post-thumbnail","hentry","category-otras-voces","tag-josep-borrell","tag-palestina","tag-rusia","tag-ue"],"yoast_head":"<!-- This site is optimized with the Yoast SEO plugin v27.5 - https:\/\/yoast.com\/product\/yoast-seo-wordpress\/ -->\n<title>Adi\u00f3s a Borrell, el m\u00e1s duro de una diplomacia de la UE atrapada en la contradicci\u00f3n palestina -<\/title>\n<meta name=\"description\" content=\"Josep Borrell no seguir\u00e1 al frente de la pol\u00edtica exterior en la Comisi\u00f3n Europea. Su paso se ha distinguido por la confrontaci\u00f3n con Rusia.\" \/>\n<meta name=\"robots\" content=\"index, follow, max-snippet:-1, max-image-preview:large, max-video-preview:-1\" \/>\n<link rel=\"canonical\" href=\"https:\/\/hueleaazufre.com\/wordpress_a\/index.php\/2024\/11\/29\/adios-a-borrell-el-mas-duro-de-una-diplomacia-de-la-ue\/\" \/>\n<meta property=\"og:locale\" content=\"es_ES\" \/>\n<meta property=\"og:type\" content=\"article\" \/>\n<meta property=\"og:title\" content=\"Adi\u00f3s a Borrell, el m\u00e1s duro de una diplomacia de la UE atrapada en la contradicci\u00f3n palestina -\" \/>\n<meta property=\"og:description\" content=\"Josep Borrell no seguir\u00e1 al frente de la pol\u00edtica exterior en la Comisi\u00f3n Europea. Su paso se ha distinguido por la confrontaci\u00f3n con Rusia.\" \/>\n<meta property=\"og:url\" content=\"https:\/\/hueleaazufre.com\/wordpress_a\/index.php\/2024\/11\/29\/adios-a-borrell-el-mas-duro-de-una-diplomacia-de-la-ue\/\" \/>\n<meta property=\"article:published_time\" content=\"2024-11-29T17:02:52+00:00\" \/>\n<meta property=\"og:image\" content=\"https:\/\/hueleaazufre.com\/wordpress_a\/wp-content\/uploads\/2024\/11\/2a-2.jpg\" \/>\n\t<meta property=\"og:image:width\" content=\"1280\" \/>\n\t<meta property=\"og:image:height\" content=\"720\" \/>\n\t<meta property=\"og:image:type\" content=\"image\/jpeg\" \/>\n<meta name=\"author\" content=\"Huele a azufre\" \/>\n<meta name=\"twitter:card\" content=\"summary_large_image\" \/>\n<meta name=\"twitter:label1\" content=\"Escrito por\" \/>\n\t<meta name=\"twitter:data1\" content=\"Huele a azufre\" \/>\n\t<meta name=\"twitter:label2\" content=\"Tiempo de lectura\" \/>\n\t<meta name=\"twitter:data2\" content=\"8 minutos\" \/>\n<script type=\"application\/ld+json\" class=\"yoast-schema-graph\">{\"@context\":\"https:\\\/\\\/schema.org\",\"@graph\":[{\"@type\":\"Article\",\"@id\":\"https:\\\/\\\/hueleaazufre.com\\\/wordpress_a\\\/index.php\\\/2024\\\/11\\\/29\\\/adios-a-borrell-el-mas-duro-de-una-diplomacia-de-la-ue\\\/#article\",\"isPartOf\":{\"@id\":\"https:\\\/\\\/hueleaazufre.com\\\/wordpress_a\\\/index.php\\\/2024\\\/11\\\/29\\\/adios-a-borrell-el-mas-duro-de-una-diplomacia-de-la-ue\\\/\"},\"author\":{\"name\":\"Huele a azufre\",\"@id\":\"https:\\\/\\\/hueleaazufre.com\\\/wordpress_a\\\/#\\\/schema\\\/person\\\/549dd871707ea7f9f1a686323ebe9baa\"},\"headline\":\"Adi\u00f3s a Borrell, el m\u00e1s duro de una diplomacia de la UE atrapada en la contradicci\u00f3n palestina\",\"datePublished\":\"2024-11-29T17:02:52+00:00\",\"mainEntityOfPage\":{\"@id\":\"https:\\\/\\\/hueleaazufre.com\\\/wordpress_a\\\/index.php\\\/2024\\\/11\\\/29\\\/adios-a-borrell-el-mas-duro-de-una-diplomacia-de-la-ue\\\/\"},\"wordCount\":1836,\"commentCount\":0,\"image\":{\"@id\":\"https:\\\/\\\/hueleaazufre.com\\\/wordpress_a\\\/index.php\\\/2024\\\/11\\\/29\\\/adios-a-borrell-el-mas-duro-de-una-diplomacia-de-la-ue\\\/#primaryimage\"},\"thumbnailUrl\":\"https:\\\/\\\/hueleaazufre.com\\\/wordpress_a\\\/wp-content\\\/uploads\\\/2024\\\/11\\\/2a-2.jpg\",\"keywords\":[\"Josep Borrell\",\"Palestina\",\"Rusia\",\"UE\"],\"articleSection\":[\"Otras voces\"],\"inLanguage\":\"es\",\"potentialAction\":[{\"@type\":\"CommentAction\",\"name\":\"Comment\",\"target\":[\"https:\\\/\\\/hueleaazufre.com\\\/wordpress_a\\\/index.php\\\/2024\\\/11\\\/29\\\/adios-a-borrell-el-mas-duro-de-una-diplomacia-de-la-ue\\\/#respond\"]}]},{\"@type\":\"WebPage\",\"@id\":\"https:\\\/\\\/hueleaazufre.com\\\/wordpress_a\\\/index.php\\\/2024\\\/11\\\/29\\\/adios-a-borrell-el-mas-duro-de-una-diplomacia-de-la-ue\\\/\",\"url\":\"https:\\\/\\\/hueleaazufre.com\\\/wordpress_a\\\/index.php\\\/2024\\\/11\\\/29\\\/adios-a-borrell-el-mas-duro-de-una-diplomacia-de-la-ue\\\/\",\"name\":\"Adi\u00f3s a Borrell, el m\u00e1s duro de una diplomacia de la UE atrapada en la contradicci\u00f3n palestina -\",\"isPartOf\":{\"@id\":\"https:\\\/\\\/hueleaazufre.com\\\/wordpress_a\\\/#website\"},\"primaryImageOfPage\":{\"@id\":\"https:\\\/\\\/hueleaazufre.com\\\/wordpress_a\\\/index.php\\\/2024\\\/11\\\/29\\\/adios-a-borrell-el-mas-duro-de-una-diplomacia-de-la-ue\\\/#primaryimage\"},\"image\":{\"@id\":\"https:\\\/\\\/hueleaazufre.com\\\/wordpress_a\\\/index.php\\\/2024\\\/11\\\/29\\\/adios-a-borrell-el-mas-duro-de-una-diplomacia-de-la-ue\\\/#primaryimage\"},\"thumbnailUrl\":\"https:\\\/\\\/hueleaazufre.com\\\/wordpress_a\\\/wp-content\\\/uploads\\\/2024\\\/11\\\/2a-2.jpg\",\"datePublished\":\"2024-11-29T17:02:52+00:00\",\"author\":{\"@id\":\"https:\\\/\\\/hueleaazufre.com\\\/wordpress_a\\\/#\\\/schema\\\/person\\\/549dd871707ea7f9f1a686323ebe9baa\"},\"description\":\"Josep Borrell no seguir\u00e1 al frente de la pol\u00edtica exterior en la Comisi\u00f3n Europea. Su paso se ha distinguido por la confrontaci\u00f3n con Rusia.\",\"breadcrumb\":{\"@id\":\"https:\\\/\\\/hueleaazufre.com\\\/wordpress_a\\\/index.php\\\/2024\\\/11\\\/29\\\/adios-a-borrell-el-mas-duro-de-una-diplomacia-de-la-ue\\\/#breadcrumb\"},\"inLanguage\":\"es\",\"potentialAction\":[{\"@type\":\"ReadAction\",\"target\":[\"https:\\\/\\\/hueleaazufre.com\\\/wordpress_a\\\/index.php\\\/2024\\\/11\\\/29\\\/adios-a-borrell-el-mas-duro-de-una-diplomacia-de-la-ue\\\/\"]}]},{\"@type\":\"ImageObject\",\"inLanguage\":\"es\",\"@id\":\"https:\\\/\\\/hueleaazufre.com\\\/wordpress_a\\\/index.php\\\/2024\\\/11\\\/29\\\/adios-a-borrell-el-mas-duro-de-una-diplomacia-de-la-ue\\\/#primaryimage\",\"url\":\"https:\\\/\\\/hueleaazufre.com\\\/wordpress_a\\\/wp-content\\\/uploads\\\/2024\\\/11\\\/2a-2.jpg\",\"contentUrl\":\"https:\\\/\\\/hueleaazufre.com\\\/wordpress_a\\\/wp-content\\\/uploads\\\/2024\\\/11\\\/2a-2.jpg\",\"width\":1280,\"height\":720,\"caption\":\"Borrell\"},{\"@type\":\"BreadcrumbList\",\"@id\":\"https:\\\/\\\/hueleaazufre.com\\\/wordpress_a\\\/index.php\\\/2024\\\/11\\\/29\\\/adios-a-borrell-el-mas-duro-de-una-diplomacia-de-la-ue\\\/#breadcrumb\",\"itemListElement\":[{\"@type\":\"ListItem\",\"position\":1,\"name\":\"Portada\",\"item\":\"https:\\\/\\\/hueleaazufre.com\\\/wordpress_a\\\/\"},{\"@type\":\"ListItem\",\"position\":2,\"name\":\"Adi\u00f3s a Borrell, el m\u00e1s duro de una diplomacia de la UE atrapada en la contradicci\u00f3n palestina\"}]},{\"@type\":\"WebSite\",\"@id\":\"https:\\\/\\\/hueleaazufre.com\\\/wordpress_a\\\/#website\",\"url\":\"https:\\\/\\\/hueleaazufre.com\\\/wordpress_a\\\/\",\"name\":\"\",\"description\":\"Huele a azufre es una plataforma digital de an\u00e1lisis geopol\u00edtico.\",\"potentialAction\":[{\"@type\":\"SearchAction\",\"target\":{\"@type\":\"EntryPoint\",\"urlTemplate\":\"https:\\\/\\\/hueleaazufre.com\\\/wordpress_a\\\/?s={search_term_string}\"},\"query-input\":{\"@type\":\"PropertyValueSpecification\",\"valueRequired\":true,\"valueName\":\"search_term_string\"}}],\"inLanguage\":\"es\"},{\"@type\":\"Person\",\"@id\":\"https:\\\/\\\/hueleaazufre.com\\\/wordpress_a\\\/#\\\/schema\\\/person\\\/549dd871707ea7f9f1a686323ebe9baa\",\"name\":\"Huele a azufre\",\"image\":{\"@type\":\"ImageObject\",\"inLanguage\":\"es\",\"@id\":\"https:\\\/\\\/secure.gravatar.com\\\/avatar\\\/e972d5c124b9bf80eb4c9d322a90dd86a59d447f5da36700a77516f13637d44e?s=96&d=mm&r=g\",\"url\":\"https:\\\/\\\/secure.gravatar.com\\\/avatar\\\/e972d5c124b9bf80eb4c9d322a90dd86a59d447f5da36700a77516f13637d44e?s=96&d=mm&r=g\",\"contentUrl\":\"https:\\\/\\\/secure.gravatar.com\\\/avatar\\\/e972d5c124b9bf80eb4c9d322a90dd86a59d447f5da36700a77516f13637d44e?s=96&d=mm&r=g\",\"caption\":\"Huele a azufre\"},\"description\":\"Huele a azufre es una plataforma digital de an\u00e1lisis geopol\u00edtico\u00a0 contrahegem\u00f3nico, que busca visibilizar las voces y los discursos silenciados por el poder medi\u00e1tico.\",\"sameAs\":[\"https:\\\/\\\/hueleaazufre.com\\\/wordpress_a\"],\"url\":\"https:\\\/\\\/hueleaazufre.com\\\/wordpress_a\\\/index.php\\\/author\\\/admin_tupapa\\\/\"}]}<\/script>\n<!-- \/ Yoast SEO plugin. -->","yoast_head_json":{"title":"Adi\u00f3s a Borrell, el m\u00e1s duro de una diplomacia de la UE atrapada en la contradicci\u00f3n palestina -","description":"Josep Borrell no seguir\u00e1 al frente de la pol\u00edtica exterior en la Comisi\u00f3n Europea. Su paso se ha distinguido por la confrontaci\u00f3n con Rusia.","robots":{"index":"index","follow":"follow","max-snippet":"max-snippet:-1","max-image-preview":"max-image-preview:large","max-video-preview":"max-video-preview:-1"},"canonical":"https:\/\/hueleaazufre.com\/wordpress_a\/index.php\/2024\/11\/29\/adios-a-borrell-el-mas-duro-de-una-diplomacia-de-la-ue\/","og_locale":"es_ES","og_type":"article","og_title":"Adi\u00f3s a Borrell, el m\u00e1s duro de una diplomacia de la UE atrapada en la contradicci\u00f3n palestina -","og_description":"Josep Borrell no seguir\u00e1 al frente de la pol\u00edtica exterior en la Comisi\u00f3n Europea. Su paso se ha distinguido por la confrontaci\u00f3n con Rusia.","og_url":"https:\/\/hueleaazufre.com\/wordpress_a\/index.php\/2024\/11\/29\/adios-a-borrell-el-mas-duro-de-una-diplomacia-de-la-ue\/","article_published_time":"2024-11-29T17:02:52+00:00","og_image":[{"width":1280,"height":720,"url":"https:\/\/hueleaazufre.com\/wordpress_a\/wp-content\/uploads\/2024\/11\/2a-2.jpg","type":"image\/jpeg"}],"author":"Huele a azufre","twitter_card":"summary_large_image","twitter_misc":{"Escrito por":"Huele a azufre","Tiempo de lectura":"8 minutos"},"schema":{"@context":"https:\/\/schema.org","@graph":[{"@type":"Article","@id":"https:\/\/hueleaazufre.com\/wordpress_a\/index.php\/2024\/11\/29\/adios-a-borrell-el-mas-duro-de-una-diplomacia-de-la-ue\/#article","isPartOf":{"@id":"https:\/\/hueleaazufre.com\/wordpress_a\/index.php\/2024\/11\/29\/adios-a-borrell-el-mas-duro-de-una-diplomacia-de-la-ue\/"},"author":{"name":"Huele a azufre","@id":"https:\/\/hueleaazufre.com\/wordpress_a\/#\/schema\/person\/549dd871707ea7f9f1a686323ebe9baa"},"headline":"Adi\u00f3s a Borrell, el m\u00e1s duro de una diplomacia de la UE atrapada en la contradicci\u00f3n palestina","datePublished":"2024-11-29T17:02:52+00:00","mainEntityOfPage":{"@id":"https:\/\/hueleaazufre.com\/wordpress_a\/index.php\/2024\/11\/29\/adios-a-borrell-el-mas-duro-de-una-diplomacia-de-la-ue\/"},"wordCount":1836,"commentCount":0,"image":{"@id":"https:\/\/hueleaazufre.com\/wordpress_a\/index.php\/2024\/11\/29\/adios-a-borrell-el-mas-duro-de-una-diplomacia-de-la-ue\/#primaryimage"},"thumbnailUrl":"https:\/\/hueleaazufre.com\/wordpress_a\/wp-content\/uploads\/2024\/11\/2a-2.jpg","keywords":["Josep Borrell","Palestina","Rusia","UE"],"articleSection":["Otras voces"],"inLanguage":"es","potentialAction":[{"@type":"CommentAction","name":"Comment","target":["https:\/\/hueleaazufre.com\/wordpress_a\/index.php\/2024\/11\/29\/adios-a-borrell-el-mas-duro-de-una-diplomacia-de-la-ue\/#respond"]}]},{"@type":"WebPage","@id":"https:\/\/hueleaazufre.com\/wordpress_a\/index.php\/2024\/11\/29\/adios-a-borrell-el-mas-duro-de-una-diplomacia-de-la-ue\/","url":"https:\/\/hueleaazufre.com\/wordpress_a\/index.php\/2024\/11\/29\/adios-a-borrell-el-mas-duro-de-una-diplomacia-de-la-ue\/","name":"Adi\u00f3s a Borrell, el m\u00e1s duro de una diplomacia de la UE atrapada en la contradicci\u00f3n palestina -","isPartOf":{"@id":"https:\/\/hueleaazufre.com\/wordpress_a\/#website"},"primaryImageOfPage":{"@id":"https:\/\/hueleaazufre.com\/wordpress_a\/index.php\/2024\/11\/29\/adios-a-borrell-el-mas-duro-de-una-diplomacia-de-la-ue\/#primaryimage"},"image":{"@id":"https:\/\/hueleaazufre.com\/wordpress_a\/index.php\/2024\/11\/29\/adios-a-borrell-el-mas-duro-de-una-diplomacia-de-la-ue\/#primaryimage"},"thumbnailUrl":"https:\/\/hueleaazufre.com\/wordpress_a\/wp-content\/uploads\/2024\/11\/2a-2.jpg","datePublished":"2024-11-29T17:02:52+00:00","author":{"@id":"https:\/\/hueleaazufre.com\/wordpress_a\/#\/schema\/person\/549dd871707ea7f9f1a686323ebe9baa"},"description":"Josep Borrell no seguir\u00e1 al frente de la pol\u00edtica exterior en la Comisi\u00f3n Europea. Su paso se ha distinguido por la confrontaci\u00f3n con Rusia.","breadcrumb":{"@id":"https:\/\/hueleaazufre.com\/wordpress_a\/index.php\/2024\/11\/29\/adios-a-borrell-el-mas-duro-de-una-diplomacia-de-la-ue\/#breadcrumb"},"inLanguage":"es","potentialAction":[{"@type":"ReadAction","target":["https:\/\/hueleaazufre.com\/wordpress_a\/index.php\/2024\/11\/29\/adios-a-borrell-el-mas-duro-de-una-diplomacia-de-la-ue\/"]}]},{"@type":"ImageObject","inLanguage":"es","@id":"https:\/\/hueleaazufre.com\/wordpress_a\/index.php\/2024\/11\/29\/adios-a-borrell-el-mas-duro-de-una-diplomacia-de-la-ue\/#primaryimage","url":"https:\/\/hueleaazufre.com\/wordpress_a\/wp-content\/uploads\/2024\/11\/2a-2.jpg","contentUrl":"https:\/\/hueleaazufre.com\/wordpress_a\/wp-content\/uploads\/2024\/11\/2a-2.jpg","width":1280,"height":720,"caption":"Borrell"},{"@type":"BreadcrumbList","@id":"https:\/\/hueleaazufre.com\/wordpress_a\/index.php\/2024\/11\/29\/adios-a-borrell-el-mas-duro-de-una-diplomacia-de-la-ue\/#breadcrumb","itemListElement":[{"@type":"ListItem","position":1,"name":"Portada","item":"https:\/\/hueleaazufre.com\/wordpress_a\/"},{"@type":"ListItem","position":2,"name":"Adi\u00f3s a Borrell, el m\u00e1s duro de una diplomacia de la UE atrapada en la contradicci\u00f3n palestina"}]},{"@type":"WebSite","@id":"https:\/\/hueleaazufre.com\/wordpress_a\/#website","url":"https:\/\/hueleaazufre.com\/wordpress_a\/","name":"","description":"Huele a azufre es una plataforma digital de an\u00e1lisis geopol\u00edtico.","potentialAction":[{"@type":"SearchAction","target":{"@type":"EntryPoint","urlTemplate":"https:\/\/hueleaazufre.com\/wordpress_a\/?s={search_term_string}"},"query-input":{"@type":"PropertyValueSpecification","valueRequired":true,"valueName":"search_term_string"}}],"inLanguage":"es"},{"@type":"Person","@id":"https:\/\/hueleaazufre.com\/wordpress_a\/#\/schema\/person\/549dd871707ea7f9f1a686323ebe9baa","name":"Huele a azufre","image":{"@type":"ImageObject","inLanguage":"es","@id":"https:\/\/secure.gravatar.com\/avatar\/e972d5c124b9bf80eb4c9d322a90dd86a59d447f5da36700a77516f13637d44e?s=96&d=mm&r=g","url":"https:\/\/secure.gravatar.com\/avatar\/e972d5c124b9bf80eb4c9d322a90dd86a59d447f5da36700a77516f13637d44e?s=96&d=mm&r=g","contentUrl":"https:\/\/secure.gravatar.com\/avatar\/e972d5c124b9bf80eb4c9d322a90dd86a59d447f5da36700a77516f13637d44e?s=96&d=mm&r=g","caption":"Huele a azufre"},"description":"Huele a azufre es una plataforma digital de an\u00e1lisis geopol\u00edtico\u00a0 contrahegem\u00f3nico, que busca visibilizar las voces y los discursos silenciados por el poder medi\u00e1tico.","sameAs":["https:\/\/hueleaazufre.com\/wordpress_a"],"url":"https:\/\/hueleaazufre.com\/wordpress_a\/index.php\/author\/admin_tupapa\/"}]}},"_links":{"self":[{"href":"https:\/\/hueleaazufre.com\/wordpress_a\/index.php\/wp-json\/wp\/v2\/posts\/1848","targetHints":{"allow":["GET"]}}],"collection":[{"href":"https:\/\/hueleaazufre.com\/wordpress_a\/index.php\/wp-json\/wp\/v2\/posts"}],"about":[{"href":"https:\/\/hueleaazufre.com\/wordpress_a\/index.php\/wp-json\/wp\/v2\/types\/post"}],"author":[{"embeddable":true,"href":"https:\/\/hueleaazufre.com\/wordpress_a\/index.php\/wp-json\/wp\/v2\/users\/1"}],"replies":[{"embeddable":true,"href":"https:\/\/hueleaazufre.com\/wordpress_a\/index.php\/wp-json\/wp\/v2\/comments?post=1848"}],"version-history":[{"count":1,"href":"https:\/\/hueleaazufre.com\/wordpress_a\/index.php\/wp-json\/wp\/v2\/posts\/1848\/revisions"}],"predecessor-version":[{"id":1850,"href":"https:\/\/hueleaazufre.com\/wordpress_a\/index.php\/wp-json\/wp\/v2\/posts\/1848\/revisions\/1850"}],"wp:featuredmedia":[{"embeddable":true,"href":"https:\/\/hueleaazufre.com\/wordpress_a\/index.php\/wp-json\/wp\/v2\/media\/1849"}],"wp:attachment":[{"href":"https:\/\/hueleaazufre.com\/wordpress_a\/index.php\/wp-json\/wp\/v2\/media?parent=1848"}],"wp:term":[{"taxonomy":"category","embeddable":true,"href":"https:\/\/hueleaazufre.com\/wordpress_a\/index.php\/wp-json\/wp\/v2\/categories?post=1848"},{"taxonomy":"post_tag","embeddable":true,"href":"https:\/\/hueleaazufre.com\/wordpress_a\/index.php\/wp-json\/wp\/v2\/tags?post=1848"}],"curies":[{"name":"wp","href":"https:\/\/api.w.org\/{rel}","templated":true}]}}