{"id":1975,"date":"2025-01-03T16:11:58","date_gmt":"2025-01-03T16:11:58","guid":{"rendered":"https:\/\/hueleaazufre.com\/wordpress_a\/?p=1975"},"modified":"2025-01-03T16:11:58","modified_gmt":"2025-01-03T16:11:58","slug":"presidente-maduro-venezuela-es-un-faro-de-democracia-y-estabilidad-en-un-mundo-turbulento","status":"publish","type":"post","link":"https:\/\/hueleaazufre.com\/wordpress_a\/index.php\/2025\/01\/03\/presidente-maduro-venezuela-es-un-faro-de-democracia-y-estabilidad-en-un-mundo-turbulento\/","title":{"rendered":"Presidente Maduro: Venezuela es un faro de democracia y estabilidad en un mundo turbulento"},"content":{"rendered":"<p><b>El jefe de Estado venezolano expres\u00f3 optimismo sobre el resurgimiento de Gobiernos de izquierda en Am\u00e9rica Latina, destacando la importancia de las iniciativas de integraci\u00f3n regional como el ALBA-TCP y Celac para fomentar la unidad y la cooperaci\u00f3n.<\/b><\/p>\n<p><i><span style=\"font-weight: 400;\">El presidente de Venezuela, Nicol\u00e1s Maduro, concedi\u00f3 una entrevista exclusiva al reconocido periodista Ignacio Ramonet, durante la cual conversaron sobre pol\u00edtica interior, econom\u00eda, tecnolog\u00eda y sociedad \u2014en espec\u00edfico las redes sociales\u2014, y pol\u00edtica internacional, adem\u00e1s de otros temas.<\/span><\/i><\/p>\n<p><i><span style=\"font-weight: 400;\">Durante el di\u00e1logo, el jefe de Estado describi\u00f3 al pa\u00eds como una naci\u00f3n en ascenso, que desaf\u00eda las presiones externas y las amenazas internas mientras traza un rumbo hacia una mayor prosperidad econ\u00f3mica y justicia social.<\/span><\/i><\/p>\n<p><b>Para leer an\u00e1lisis sobre la pretensi\u00f3n imperial de balcanizar Nuestram\u00e9rica:<\/b> <a href=\"https:\/\/hueleaazufre.com\/wordpress_a\/index.php\/2025\/01\/01\/fragmentacion-territorial-politica-imperial\/\"><span style=\"font-weight: 400;\">Fragmentaci\u00f3n territorial &#8211; Pol\u00edtica imperial &#8211;<\/span><\/a><\/p>\n<blockquote class=\"wp-embedded-content\" data-secret=\"iEXjydOBZz\"><p><a href=\"https:\/\/hueleaazufre.com\/wordpress_a\/index.php\/2025\/01\/01\/fragmentacion-territorial-politica-imperial\/\">Fragmentaci\u00f3n territorial &#8211; Pol\u00edtica imperial<\/a><\/p><\/blockquote>\n<p><iframe class=\"wp-embedded-content\" sandbox=\"allow-scripts\" security=\"restricted\" style=\"position: absolute; visibility: hidden;\" title=\"\u00abFragmentaci\u00f3n territorial &#8211; Pol\u00edtica imperial\u00bb \u2014 \" src=\"https:\/\/hueleaazufre.com\/wordpress_a\/index.php\/2025\/01\/01\/fragmentacion-territorial-politica-imperial\/embed\/#?secret=TWqOgCbO09#?secret=iEXjydOBZz\" data-secret=\"iEXjydOBZz\" width=\"600\" height=\"338\" frameborder=\"0\" marginwidth=\"0\" marginheight=\"0\" scrolling=\"no\"><\/iframe><\/p>\n<p><b>Ignacio Ramonet: Se\u00f1or Presidente, perm\u00edtame primero desearle un feliz a\u00f1o nuevo.<\/b><\/p>\n<p><span style=\"font-weight: 400;\">Nicol\u00e1s Maduro: Gracias.<\/span><\/p>\n<p><b>\u2014Y, por otra parte, agradecerle que haya aceptado usted hacer esta entrevista, que es la entrevista n\u00famero 10, desde que hemos empezado a estos encuentros de primero de a\u00f1o, que ya son como un cl\u00e1sico. Esta semana pasada sali\u00f3 un art\u00edculo en Francia, por ejemplo, en un semanario, haciendo un art\u00edculo contra m\u00ed y, en particular, centrado en el hecho de que soy el periodista que los entrevista cada primero de a\u00f1o.<\/b><\/p>\n<p><span style=\"font-weight: 400;\">\u2014Le tienen miedo a la entrevista, entonces, esa gente.<\/span><\/p>\n<p><b>\u2014S\u00ed, porque se trata de una conversaci\u00f3n, \u00bfverdad?, bien franca.<\/b><\/p>\n<p><span style=\"font-weight: 400;\">\u2014Para decir las verdades que tapan ellos. Y entonces, t\u00fa puedes revisar esas 10 entrevistas, 10 a\u00f1os continuos, lo que dijimos del a\u00f1o que pas\u00f3 y las proyecciones del a\u00f1o que ven\u00eda.<\/span><\/p>\n<p><b>\u2014Lo que se ha ido haciendo tambi\u00e9n, cada vez que estas entrevistas tienen tambi\u00e9n un car\u00e1cter de que permiten hacer un balance del a\u00f1o terminado y abrir perspectivas sobre el a\u00f1o nuevo.<\/b><\/p>\n<p><span style=\"font-weight: 400;\">\u2014Al que no le guste que abra el debate, pues abrimos un debate. A nosotros nos gusta mucho el debate, el debate de ideas, la batalla de la verdad contra tanta manipulaci\u00f3n, y para eso yo soy el que te agradezco a ti esta ventana de oportunidad, cuando empezamos estas entrevistas eran publicadas por escrito. Era otro siglo, otro mundo.<\/span><\/p>\n<p><b>\u2014Era otro mundo.<\/b><\/p>\n<p><span style=\"font-weight: 400;\">\u2014Ahora estas entrevistas corren dur\u00edsimo. Es por las llamadas redes sociales y las plataformas.<\/span><\/p>\n<p><b>\u2014Presidente, la entrevista va a ser como cada a\u00f1o, dividida esta vez en cuatro partes. Vamos a hablar de pol\u00edtica interior, que hay mucha tem\u00e1tica importante, de econom\u00eda, es un tema fundamental. Vamos a hablar de tecnolog\u00eda y sociedad, precisamente por esto que acaba usted de decir, de las redes sociales. Y terminaremos hablando de pol\u00edtica internacional.<\/b><\/p>\n<p><span style=\"font-weight: 400;\">\u2014Correcto.<\/span><\/p>\n<p><b>\u2014Entonces, quer\u00eda empezar con la pregunta siguiente, que tiene que ver con la cuesti\u00f3n de la democracia en Venezuela.<\/b><\/p>\n<p><b>En Venezuela, el a\u00f1o 24, el a\u00f1o que acaba de terminar, ha sido un a\u00f1o muy electoral. Ha habido las elecciones presidenciales, el 28 de julio; hubo el refer\u00e9ndum sobre la Guayana Esequiba; hubo tambi\u00e9n la consulta popular del 25 de agosto sobre los presupuestos participativos; hubo la elecci\u00f3n de los jueces de paz; y tambi\u00e9n este a\u00f1o que empieza va a haber elecciones locales, regionales, va a haber toda una serie de elecciones, tambi\u00e9n parlamentarias.\u00a0<\/b><\/p>\n<p><b>O sea, Venezuela, desde hace 25 a\u00f1os que empez\u00f3 la Revoluci\u00f3n Bolivariana, se caracteriza por la alta intensidad de elecciones. Pero recientemente usted ha dicho que est\u00e1 pensando en una eventual reforma constitucional para inyectar m\u00e1s democracia en Venezuela. Entonces, yo considero que ya hay bastante democracia, \u00bfqu\u00e9 es lo que estima usted que es necesario a\u00f1adirle a la democracia venezolana?<\/b><\/p>\n<p><span style=\"font-weight: 400;\">\u2014Bueno, son varios temas. En primer lugar, el balance que tenemos ahora que la Constituci\u00f3n cumpli\u00f3 25 a\u00f1os, el 15 de diciembre pasado, es muy auspicioso, muy positivo, porque a pesar de tantas conspiraciones, de tantos intentos de golpes de Estado, del golpe de Estado que pudimos revertir en abril de 2002, de la guerra econ\u00f3mica en distintas fases, de la guerra psicol\u00f3gica, cognitiva, de la guerra pol\u00edtica, nacional, internacional, nosotros hemos podido ver el reverdecer de la propuesta principal de la Constituyente en 1999, la construcci\u00f3n de una democracia participativa y protag\u00f3nica.\u00a0<\/span><\/p>\n<p><span style=\"font-weight: 400;\">Se dec\u00eda en el momento, finales de los a\u00f1os 90, el Comandante Ch\u00e1vez comenz\u00f3 a enarbolar la idea de superar la vieja, agotada democracia de partidos, democracia representativa. Porque, supuestamente siendo una democracia, bueno, es una gran limitaci\u00f3n verdaderamente a quien es due\u00f1o de la soberan\u00eda, del poder, que es el soberano, el pueblo. Y nosotros podemos decir que las ideas y propuestas de hace 25 a\u00f1os se cumplieron amplia y plenamente.<\/span><\/p>\n<p><span style=\"font-weight: 400;\">Nosotros hemos tenido 31 elecciones constitucionales, 31 elecciones, elecciones peri\u00f3dicas, permanentes, a tiempos impecables, elecciones de car\u00e1cter presidencial, cuando ha correspondido a pesar de todas las guerras, bloqueos, nunca ha habido excusas para posponer ninguna elecci\u00f3n presidencial, elecciones para gobernaciones y consejos legislativos, que es el poder estadal, elecciones para alcald\u00edas y consejos municipales, poder municipal. Hemos tenido 7 refer\u00e9ndums, incluyendo el refer\u00e9ndum de la Guayana Esequiba, para dirimir temas claves, fundamentales, hay que recordar un refer\u00e9ndum que fue muy importante, en 2007, para una reforma constitucional que lo perdimos por 20 mil votos, y reconocimos inmediatamente el resultado.\u00a0<\/span><\/p>\n<p><span style=\"font-weight: 400;\">Hay que recordar el refer\u00e9ndum de febrero de 2009, para hacer una enmienda a la Constituci\u00f3n, porque en Venezuela no se puede cambiar ni una coma, ni un punto, ni una palabra de la Constituci\u00f3n, sin llevarlo a refer\u00e9ndum. Eso es un mandato constituyente y un derecho constitucional del pueblo.<\/span><\/p>\n<p><span style=\"font-weight: 400;\">Ahora, m\u00e1s all\u00e1 de eso, el comandante Ch\u00e1vez empez\u00f3 en el 2006-2007 la construcci\u00f3n de una democracia popular directa, con la fundaci\u00f3n de los primeros consejos comunales, luego el desarrollo del concepto de comuna, que es la agregaci\u00f3n de los consejos comunales, y entregarle a los vecinos, a las vecinas, el poder del autogobierno.<\/span><\/p>\n<p><span style=\"font-weight: 400;\">Nosotros hemos retomado con mucha fuerza la idea de la democracia directa, de la democracia vecinal, comunitaria. En este caso, la construcci\u00f3n de lo que dice nuestro pueblo de un nuevo Estado comunal, de un nuevo Estado moderno, dentro de la idea de la modernidad socialista bolivariana del siglo XXI, no dentro de la idea de la modernidad fracasada del mundo occidental, ni de la posmodernidad, que fue una cr\u00edtica a la modernidad. En este caso, estamos tratando de construir un nuevo concepto, a partir de la Constituci\u00f3n del 99. Y los resultados han sido, y son, extraordinarios.\u00a0<\/span><\/p>\n<p><span style=\"font-weight: 400;\">Este a\u00f1o, el a\u00f1o 2024, hicimos tres consultas directas a las comunidades. Dos consultas para proyectos, para entrega de presupuestos, para proyectos comunitarios, decididos, definidos, planificados y votados y aprobados por el voto popular, directo, secreto, amplio, mayoritario. Eso implic\u00f3 la aprobaci\u00f3n de miles, miles de proyectos vecinales, para resolver problemas muchas veces acuciosos, que el burocratismo del viejo Estado no atiende, no resuelve.\u00a0<\/span><\/p>\n<p><span style=\"font-weight: 400;\">Yo fui testigo, en una regi\u00f3n llamada Guatire, Araira, aqu\u00ed en el estado Miranda, de un proyecto, de un muro de contenci\u00f3n para una v\u00eda principal de acceso a un \u00e1rea productiva, en la Ruta de la Mandarina. Y c\u00f3mo le estuvieron pidiendo al alcalde de all\u00ed, durante a\u00f1os, el muro de contenci\u00f3n, porque se les iba a caer toda la v\u00eda de acceso y no le dieron respuesta jam\u00e1s. Y nosotros, y la comunidad, en una de las consultas, la primera, aprob\u00f3 el proyecto, se le baj\u00f3 el recurso directo, algo as\u00ed como 10 mil d\u00f3lares, el equivalente a 10 mil d\u00f3lares, y la comunidad, en 4 meses, hizo el muro pero de una manera fant\u00e1stica, completa, segura, y le sobr\u00f3 dinero para recuperar un ambulatorio y recuperar una escuela, lo cual te demuestra que la democracia directa, la democracia vecinal, con la participaci\u00f3n, el ojo del pueblo, es infinitamente superior, mucho m\u00e1s eficiente que el viejo y vetusto Estado, burgu\u00e9s, desgastado, que a\u00fan todav\u00eda tenemos por ah\u00ed, que es como una convivencia extra\u00f1a entre ese viejo Estado que no termina de resolver los problemas en lo local, y esa fuerza tel\u00farica de un nuevo Estado que va surgiendo de las bases.<\/span><\/p>\n<p><span style=\"font-weight: 400;\">Nosotros hicimos, adem\u00e1s, ya finalizando el a\u00f1o, el 15 de diciembre, un experimento hermos\u00edsimo, porque la Asamblea Nacional aprob\u00f3 la Ley Org\u00e1nica de la Justicia de Paz comunal, y se eligieron en Venezuela, con el voto popular directo, 15 mil jueces y juezas de paz del territorio, de los vecinos, 15 mil principales, 15 mil suplentes.\u00a0<\/span><\/p>\n<p><span style=\"font-weight: 400;\">Esto no se dice en el mundo, porque en el mundo lo que le interesa es repetir que en Venezuela hay una dictadura, que no hay democracia, y que la \u00fanica democracia que existe es la democracia de ellos, del norte, del occidente, de este imperio colectivo degradado, descompuesto, y ya en etapa final de decadencia, y no decir que aqu\u00ed en el sur, en el sur global, en Sudam\u00e9rica, hay una experiencia que est\u00e1 naciendo hermosa de la democracia popular, la democracia directa, la democracia de los vecinos.<\/span><\/p>\n<p><span style=\"font-weight: 400;\">As\u00ed que hemos tenido un tiempo maravilloso para comprobar que es posible construir otra forma de hacer pol\u00edtica, que es posible, necesario y urgente para la humanidad, plantearse nuevos modelos. Y a partir de all\u00ed, de ese debate, surgi\u00f3 entonces una propuesta muy poderosa, ha sido muy bien acogido por toda la sociedad venezolana, que a partir de enero de 2025 avancemos hacia una reforma constitucional que democratice todo el Estado, que democratice toda la sociedad y que avance hacia un proceso de fortalecimiento de una nueva forma de hacer la pol\u00edtica, de una nueva democracia. Para all\u00e1 va dirigido, y adem\u00e1s con un m\u00e9todo dialogante, incluyente.<\/span><\/p>\n<p><span style=\"font-weight: 400;\">Yo estoy conformando un equipo especial de, pudi\u00e9ramos decir, expertos, asesores, consejeros, tengo el ojo puesto en las formas de consulta al poder popular que tanto nosotros aplicamos permanentemente, y tambi\u00e9n un conjunto de asesores, consejeros internacionales que se han ofrecido para apoyarnos, y muy pronto, quiz\u00e1s en los pr\u00f3ximos\u2026<\/span><\/p>\n<p><b>Para ver la entrevista por YouTube:<\/b> <a href=\"https:\/\/www.youtube.com\/watch?v=h31wT15O3W8\"><span style=\"font-weight: 400;\">Nicol\u00e1s Maduro | Entrevista con Ignacio Ramonet<\/span><\/a><\/p>\n<p><iframe title=\"Nicol\u00e1s Maduro | Entrevista con Ignacio Ramonet\" width=\"640\" height=\"360\" src=\"https:\/\/www.youtube.com\/embed\/h31wT15O3W8?feature=oembed\" frameborder=\"0\" allow=\"accelerometer; autoplay; clipboard-write; encrypted-media; gyroscope; picture-in-picture; web-share\" referrerpolicy=\"strict-origin-when-cross-origin\" allowfullscreen><\/iframe><\/p>\n<p><b>\u2014\u00bfTraducir esto en ley, en cierta medida?<\/b><\/p>\n<p><span style=\"font-weight: 400;\">\u2014S\u00ed, porque la reforma constitucional, para hacerse valer, tiene que hacerse un proyecto primero. La reforma tiene que ir a la Asamblea Nacional, Poder Legislativo de Venezuela, el Parlamento, el \u00fanico que existe en Venezuela, el Parlamento electo por el pueblo en el 2020, una vez que el Parlamento apruebe un proyecto, ese proyecto tiene que ir a la calle, al pueblo, al debate, al refer\u00e9ndum, y el que tiene la \u00faltima palabra en Venezuela para aprobar una reforma, para cambiar la Constituci\u00f3n, es el soberano, es la democracia directa, es el pueblo.<\/span><\/p>\n<p><b>\u2014Se\u00f1or Presidente, el mundo entero en este momento est\u00e1 como a la expectativa de dos tomas de posesi\u00f3n que van a tener lugar en los pr\u00f3ximos d\u00edas. Por una parte, la del presidente electo de Estados Unidos, Donald Trump, en Washington, que ser\u00e1 el 20 de enero pr\u00f3ximo, y la de usted, que ser\u00e1 dentro de unos d\u00edas, el 10 de enero.\u00a0<\/b><\/p>\n<p><b>La pregunta es, \u00bfc\u00f3mo explica usted que para tantos observadores internacionales haya como el mismo inter\u00e9s entre la toma de posesi\u00f3n en la primera potencia del mundo y el cambio de mando, que en este caso no se produce porque usted ha sido reelegido, en Venezuela?<\/b> <b>\u00bfQu\u00e9 tiene de particular Venezuela para ser el centro de atenci\u00f3n mundial?<\/b><\/p>\n<p><span style=\"font-weight: 400;\">\u2014Porque hay una disputa por el control y el dominio de Venezuela. Venezuela fue el centro de las luchas anticolonialistas, independentistas, de hace 200 a\u00f1os exactamente. Aqu\u00ed nos acompa\u00f1an, bueno, la espada, el sable libertador de Carabobo, con que el Libertador Sim\u00f3n Bol\u00edvar dirigi\u00f3 el 24 de junio de 1821 la batalla victoriosa que ech\u00f3 al ej\u00e9rcito imperial espa\u00f1ol de tierras de lo que hoy es Venezuela. Aqu\u00ed nos acompa\u00f1a la espada que le dio el pueblo de Lima, los pobres de Lima, los ind\u00edgenas, los artesanos, para declarar a Bol\u00edvar su Libertador, su salvador.\u00a0<\/span><\/p>\n<p><span style=\"font-weight: 400;\">Son dos espadas de una gran importancia simb\u00f3lica de nuestra historia, de una gran significancia. Y tambi\u00e9n aqu\u00ed tenemos una daga que perteneci\u00f3 al Gran Mariscal de Ayacucho, vencedor hace 200 a\u00f1os en Ayacucho, que termin\u00f3 de echar a los ej\u00e9rcitos imperiales de Europa, de Espa\u00f1a, de este territorio, de Sudam\u00e9rica. Todos estos s\u00edmbolos, la pistola del libertador Antonio Jos\u00e9 de Sucre, bueno, marcan con mucha fuerza las luchas que hoy nosotros llevamos adelante.<\/span><\/p>\n<p><b>\u2014Hay que decir, Presidente, que estamos en el despacho presidencial.<\/b><\/p>\n<p><span style=\"font-weight: 400;\">\u2014S\u00ed, este es el Despacho n\u00famero uno del Palacio de Miraflores, que es una casa, la casa del pueblo. Y precisamente estos s\u00edmbolos nos acompa\u00f1an diariamente, permanentemente. Y es un recordatorio permanente, Ramonet, de d\u00f3nde venimos, de cu\u00e1l es nuestro proyecto, de d\u00f3nde viene toda la fuerza y la energ\u00eda nuestra para el siglo XXI.<\/span><\/p>\n<p><span style=\"font-weight: 400;\">As\u00ed que, f\u00edjate, el imperio crey\u00f3 que en el 2024 pod\u00eda dar un golpe definitivo en Venezuela, hicieron un doble juego. Por un lado, lo que yo he llamado la diplomacia del enga\u00f1o, que lo practican mucho los imperios y el imperio estadounidense en el mundo, con sus distintas modalidades, la diplomacia del enga\u00f1o con falsa atracci\u00f3n, falsas ofertas, para tratar de ellos, luego de ganar espacio, clavarte el pu\u00f1al por la espalda; o tambi\u00e9n aplican en otros momentos la diplomacia del enga\u00f1o en base al chantaje, a la amenaza de invasi\u00f3n, de guerras econ\u00f3micas.<\/span><\/p>\n<p><span style=\"font-weight: 400;\">Nosotros conocemos todas esas formas de actuar del imperio estadounidense y sus aliados. Ellos creyeron que el 2024 era el a\u00f1o definitivo y aplicaron la diplomacia del enga\u00f1o, a partir de negociaciones que desarrollamos con el gobierno saliente Joe Biden, que ellos incumplieron plenamente.<\/span><\/p>\n<p><b>\u2014Lo que se llam\u00f3 las conversaciones de Barbados, \u00bfverdad?<\/b><\/p>\n<p><span style=\"font-weight: 400;\">\u2014Y de Qatar.<\/span><\/p>\n<p><b>\u2014Y de Qatar.<\/b><\/p>\n<p><span style=\"font-weight: 400;\">Correcto. Y la firma de los documentos. Ah\u00ed est\u00e1n los documentos que ellos incumplieron de manera vulgar, descarada. Y por debajo, favorecieron, financiaron, apoyaron y promovieron el resurgimiento de un brote de extrema derecha fascista que controlara a buena parte de la oposici\u00f3n venezolana, y que volvieran a enrumbarla hacia una gran conspiraci\u00f3n, el caballo de Troya que necesitan para destruir a los pa\u00edses. Y ellos cre\u00edan, una vez m\u00e1s, como lo creyeron en el golpe de Estado de 2002, subestim\u00e1ndonos, subestimando al pueblo de Venezuela, creyeron que ten\u00edan el plan perfecto. Pero un peque\u00f1o detalle, no contaron con el inmenso poder que tiene el bloque hist\u00f3rico de la Revoluci\u00f3n Bolivariana.\u00a0<\/span><\/p>\n<p><span style=\"font-weight: 400;\">No contaron que en Venezuela hay un bloque hist\u00f3rico poderoso y que tiene una fusi\u00f3n perfecta entre el poder popular, el poder militar y el poder policial. Es lo que llamamos la uni\u00f3n y la fusi\u00f3n c\u00edvico-militar-policial, que yo la he venido llamando la fusi\u00f3n popular-militar-policial del gran bloque hist\u00f3rico, tomando el concepto de Gramsci, desarrollado por Ch\u00e1vez, de la Revoluci\u00f3n Bolivariana.<\/span><\/p>\n<p><span style=\"font-weight: 400;\">As\u00ed que, este a\u00f1o nosotros hemos desmadrado el plan imperialista para tratar de destruir a la Revoluci\u00f3n Bolivariana. Y ellos mantienen su empe\u00f1o, obcecado, obsesionado, de desestabilizar a Venezuela. Y entonces tratan de convertir, as\u00ed como convirtieron las elecciones presidenciales el 28 de julio en una elecci\u00f3n mundial, y ahora con las redes sociales m\u00e1s todav\u00eda, la manipulaci\u00f3n de las redes sociales. \u00bfCu\u00e1ntas elecciones hubo en el 2024 en el mundo? Cientos de elecciones.<\/span><\/p>\n<p><b>\u2014Decenas por lo menos, es uno de los a\u00f1os m\u00e1s electorales de la historia.<\/b><\/p>\n<p><span style=\"font-weight: 400;\">\u2014Pero hubo solo dos elecciones, la de Venezuela el 28 de julio\u2026<\/span><\/p>\n<p><b>\u2014Y Estados Unidos.<\/b><\/p>\n<p><span style=\"font-weight: 400;\">\u2014Y Estados Unidos en noviembre. La convirtieron en una elecci\u00f3n mundial. Ahora quieren que el 10 de enero sea una toma de posesi\u00f3n mundial. Tratando de hacer lo que no han logrado ni van a lograr, que es desestabilizar nuestra patria, desestabilizar nuestra democracia, descarrilar a Venezuela y tratar de llevarlo por los caminos del caos, la divisi\u00f3n, llevarlo por los caminos del enfrentamiento y con el caos, la divisi\u00f3n, la violencia, hacer un llamado a una intervenci\u00f3n extranjera militar, que es el sue\u00f1o \u00faltimo de esta idea descocada del fascismo venezolano, de la extrema derecha, de tratar de aplicar un m\u00e9todo de m\u00e1xima presi\u00f3n, violencia y destrucci\u00f3n de las fuerzas revolucionarias del chavismo.<\/span><\/p>\n<p><span style=\"font-weight: 400;\">Sencillamente, Venezuela est\u00e1 en paz, calma, tranquila y segura de su destino, segura de su camino. Y as\u00ed como hemos sabido desgajar, desmadrar, desmontar, conspiraciones internas, caballos de Troya fascistas internos, presiones externas, conspiraciones, mercenarios, terroristas, durante estos 25 a\u00f1os, hemos tenido ya el aprendizaje y la capacidad para nosotros garantizarle al pueblo de Venezuela y a los pueblos del mundo que nos apoyan, que nos aman, que aman al pueblo de Venezuela, que Venezuela va a seguir su senda de independencia, paz y revoluci\u00f3n. Ten la seguridad de eso.<\/span><\/p>\n<p><b>\u2014Como usted lo est\u00e1 diciendo, Presidente, la campa\u00f1a medi\u00e1tica contra Venezuela dura desde hace 25 a\u00f1os y esta campa\u00f1a hemos visto c\u00f3mo se intensific\u00f3 a partir de la victoria electoral suya el 28 de julio pasado. En particular los medios conservadores internacionales han modificado sin ning\u00fan pudor el relato de lo que pas\u00f3 al d\u00eda siguiente de las elecciones, lo que ocurri\u00f3 el 29 de julio.\u00a0<\/b><\/p>\n<p><b>O sea, cuando grupos armados organizados atacaron una serie de instituciones oficiales y provocaron una treintena de muertos. La versi\u00f3n que se ha dado en los medios internacionales, que han difundido las redes sociales, es que esas v\u00edctimas han sido causadas por las autoridades. Entonces, un poco el mundo al rev\u00e9s, como dec\u00eda Eduardo Galeano.\u00a0<\/b><\/p>\n<p><b>Usted ha reaccionado contra esas mentiras y ha lanzado, no s\u00f3lo ha relanzado el movimiento revolucionario, en particular con el bloque hist\u00f3rico, sino tambi\u00e9n con una gran ofensiva antifascista. Usted ha organizado, se ha organizado en Caracas una serie de congresos antifascistas, de movimientos antifascistas. El antifascismo internacional se ha dado cita ahora en Caracas, en apoyo de la Revoluci\u00f3n Bolivariana.<\/b><\/p>\n<p><b>Y yo quer\u00eda preguntarle, por una parte, su opini\u00f3n sobre esta nueva campa\u00f1a internacional, aunque lo acaba de decir en cierta medida, y qu\u00e9 balance hace usted de estos congresos antifascistas que se est\u00e1n sucediendo en Caracas en estos \u00faltimos meses.<\/b><\/p>\n<p><span style=\"font-weight: 400;\">\u2014Los congresos antifascistas de Venezuela han puesto en evidencia el inmenso apoyo que tenemos en todos los movimientos mundiales, anticolonialistas, antifascistas, progresistas, de izquierda, revolucionarios, en todos los movimientos humanistas. Aqu\u00ed en Venezuela se ha venido a reunir gente de la inmensa diversidad civilizatoria, de todos los continentes, de todos los pa\u00edses, que est\u00e1n buscando, \u00bfqu\u00e9? Una alternativa, una alternativa para que el mundo unipolar no vuelva, para que se acabe el hegemonismo, y adem\u00e1s dici\u00e9ndole a los due\u00f1os, a las empresas privadas, due\u00f1as de las redes sociales, de los portales y grandes medios del mundo, hay otro mundo posible. Y el mundo de la realidad en Venezuela nosotros lo apoyamos, en primer lugar.\u00a0<\/span><\/p>\n<p><span style=\"font-weight: 400;\">En segundo lugar, el inmenso apoyo del pueblo de Venezuela a los congresos antifascistas. Yo fui testigo de varias experiencias donde, digamos, visitantes, delegados de movimientos sociales, de intelectuales, pol\u00edticos del mundo, de Asia, de \u00c1frica, de Europa, de Estados Unidos, de Am\u00e9rica Latina y el Caribe, fueron a visitar las comunidades de distintos estados del pa\u00eds, pudieron circular por las calles de las distintas ciudades y pueblos, y pudieron constatar en la calle el deseo del pueblo venezolano de tranquilidad, de estabilidad, de paz, de que se nos respete, de que nadie se meta en los asuntos internos de Venezuela, de que los imperios dejen quieto a Venezuela, de que esta es la patria de Bol\u00edvar.<\/span><\/p>\n<p><span style=\"font-weight: 400;\">As\u00ed que, en segundo lugar, se pudo constatar el inmenso apoyo y admiraci\u00f3n del pueblo de Venezuela a los congresos antifascistas.<\/span><\/p>\n<p><span style=\"font-weight: 400;\">En tercer lugar, te puedo decir, en Venezuela se est\u00e1 decidiendo el futuro de los movimientos progresistas del mundo, de los movimientos revolucionarios del mundo, y estoy convencido que ese mensaje, esa conciencia y esa alerta est\u00e1 en la mente de millones de hombres y mujeres de todos los continentes, de todos los pa\u00edses, de todas las religiones, de todas las culturas, porque sabe que Venezuela tiene una voz muy poderosa para denunciar los cr\u00edmenes mundiales, tiene una voz muy poderosa para denunciar la decadencia del mundo occidental, tiene una voz muy poderosa para hacer propuestas que permitan el acercamiento de los pueblos, de las civilizaciones, en funci\u00f3n de nuevos modelos de desarrollo m\u00e1s igualitarios que propugnen la mayor felicidad social, como era el planteamiento del Libertador Sim\u00f3n Bol\u00edvar. As\u00ed que la gente estuvo observando.\u00a0<\/span><\/p>\n<p><span style=\"font-weight: 400;\">As\u00ed como hay manipulaci\u00f3n de las redes sociales, de los sicarios mercenarios que escriben art\u00edculos por aqu\u00ed, por all\u00e1, en portales, en medios de comunicaci\u00f3n, ten la seguridad, porque lo estoy viendo y lo hemos constatado, que as\u00ed como hay una inmensa manipulaci\u00f3n, tambi\u00e9n hay una inmensa operaci\u00f3n para defender la verdad de nuestro pa\u00eds.\u00a0<\/span><\/p>\n<p><span style=\"font-weight: 400;\">Y la gente sabe qu\u00e9 signific\u00f3 la conspiraci\u00f3n para utilizar las elecciones del 28 de julio y llenar de violencia al pa\u00eds, dar un golpe de Estado con una intervenci\u00f3n extranjera. La gente tiene conciencia del inmenso valor del esfuerzo del pueblo venezolano para, en 48 horas, restablecer la tranquilidad y la paz, para hacer justicia.<\/span><\/p>\n<p><span style=\"font-weight: 400;\">Los \u00f3rganos de justicia en Venezuela, el Ministerio P\u00fablico, el Sistema Judicial, t\u00fa sabes que han adelantado una investigaci\u00f3n profunda, profesional, ajustada al derecho interno, inclusive ajustado a los c\u00e1nones internacionales, para establecer a los responsables de los actos de violencia, de los cr\u00edmenes de odio que se cometieron. Todas las personas asesinadas en los hechos violentos del brote fascista del 29 y 30 de julio, todas fueron v\u00edctimas de estos grupos llamados los comanditos, de estos grupos de delincuentes pagos, de estos grupos que salieron a las calles a quemar, a romper, porque pretend\u00edan, una vez m\u00e1s, no es la primera vez, pretend\u00edan con esta guarimba de esta versi\u00f3n a\u00f1o 2024, provocar una conmoci\u00f3n de tal magnitud que le diera la justificaci\u00f3n a los gringos y a sus aliados de la derecha de tratar de meter fuerza militar en Venezuela, y convertir a Venezuela en un \u00e1rea de combate, de conflicto.\u00a0<\/span><\/p>\n<p><span style=\"font-weight: 400;\">Pero hay fortaleza, hay conciencia, hay capacidad, y en 48 horas se restableci\u00f3 constitucionalmente la paz, se ha hecho justicia, se va a seguir haciendo justicia, y yo te puedo decir con absoluta convicci\u00f3n que si t\u00fa sales a las calles de cualquier comunidad, en cualquier lugar del pa\u00eds, y t\u00fa le preguntas a los venezolanos \u00bfUstedes quieren que vuelva la guarimba? \u00bfUstedes quieren que vuelva la violencia? \u00bfUstedes quieren que vuelvan los cr\u00edmenes de odio, los ataques, la intolerancia? M\u00e1s del 90 % de este pa\u00eds te contestar\u00e1 en una sola voz, no queremos intolerancia, no queremos odio, no queremos divisi\u00f3n, no queremos violencia. Nosotros estamos encaminados por el rumbo de la paz y te puedo asegurar que este hombre que est\u00e1 aqu\u00ed, que t\u00fa conoces muy bien, Nicol\u00e1s Maduro Moros, presidente reelecto, es la mayor garant\u00eda, junto a nuestro pueblo, de paz, estabilidad e independencia de Venezuela.<\/span><\/p>\n<p><span style=\"font-weight: 400;\">Y los congresos antifascistas continuar\u00e1n dentro de unos pocos d\u00edas, del 7 al 12 de enero, se har\u00e1 un inmenso Congreso Antifascista de la Juventud Mundial. Y se har\u00e1 el segundo cap\u00edtulo del Congreso Antifascista de Movimientos Sociales y Pol\u00edticos. As\u00ed que estamos esperando la llegada, entre el 7 al 12 de julio, de m\u00e1s de 2 mil l\u00edderes y lideresas de movimientos sociales y pol\u00edticos de todos los continentes, que vienen junto a Venezuela a celebrar las victorias del antifascismo. Porque en Venezuela se est\u00e1 decidiendo el futuro de la lucha contra ese modelo macabro que trata de resurgir, que es el fascismo.<\/span><\/p>\n<p><b>\u2014Se\u00f1or Presidente, vamos a hablar de econom\u00eda, que es un tema extremadamente importante. Y quer\u00eda comentarle, hace unos d\u00edas la vicepresidenta ejecutiva, Delcy Rodr\u00edguez, anunci\u00f3 que usted hab\u00eda decidido modificar la denominaci\u00f3n del Ministerio del Poder Popular del Petr\u00f3leo, que a partir de ahora pasa a llamarse Ministerio del Poder Popular de Hidrocarburos. Y Delcy Rodr\u00edguez dijo que esa modificaci\u00f3n traduc\u00eda un giro estrat\u00e9gico en la manera de abordar la cuesti\u00f3n energ\u00e9tica.\u00a0<\/b><\/p>\n<p><b>Yo quisiera que usted nos explicara en qu\u00e9 consiste este giro estrat\u00e9gico.<\/b><\/p>\n<p><span style=\"font-weight: 400;\">\u2014Nosotros definimos en el a\u00f1o 2016, 18 motores. Luego vinieron todas las sanciones criminales, toda la persecuci\u00f3n econ\u00f3mica, comercial, financiera contra Venezuela. Y nosotros fuimos llevando con mucha paciencia todo el desarrollo de los 18 motores, \u00bfverdad? Uno de esos motores es el Motor de Hidrocarburos.\u00a0<\/span><\/p>\n<p><span style=\"font-weight: 400;\">Visto integralmente, Venezuela es una potencia en materia de energ\u00eda. Tenemos la mayor reserva petrolera del planeta Tierra. Tenemos la cuarta reserva de gas. Tenemos una poderosa industria petroqu\u00edmica. As\u00ed que estamos abordando el Motor Hidrocarburos como un motor muy importante en su desarrollo.\u00a0<\/span><\/p>\n<p><span style=\"font-weight: 400;\">Eso s\u00ed con una visi\u00f3n de no volver a depender, o romper la dependencia del Motor Hidrocarburos. Que sea un motor de soporte poderoso al desarrollo de la econom\u00eda del pa\u00eds. Palanca poderosa, pero sin volver a depender, porque ya nosotros hemos tomado la decisi\u00f3n de construir una econom\u00eda productiva que se sustente mucho m\u00e1s all\u00e1 del petr\u00f3leo. Y creo que hemos tenido buenos avances.<\/span><\/p>\n<p><b>\u2014Una econom\u00eda m\u00e1s diversificada.<\/b><\/p>\n<p><span style=\"font-weight: 400;\">\u2014Correcto. Con diversas propiedades o, digamos, diversas capacidades potenciales de desarrollo para garantizar y satisfacer las necesidades internas y desarrollar la vocaci\u00f3n exportadora y de sustituci\u00f3n de importaciones que el pa\u00eds tiene que tener.<\/span><\/p>\n<p><b>\u2014Se\u00f1or Presidente, desde hace unos a\u00f1os Venezuela est\u00e1 conociendo lo que los analistas llaman un milagro econ\u00f3mico. Seg\u00fan cifras de organizaciones internacionales independientes y fiables, Venezuela conoci\u00f3 un crecimiento en 2022 del 12 %. El a\u00f1o pasado, 23, a\u00f1o antepasado, el crecimiento fue de 5 %. Y probablemente, cuando las cifras est\u00e9n publicadas, el crecimiento del a\u00f1o 24 que acaba de terminar ser\u00e1 del 6 %.\u00a0<\/b><\/p>\n<p><b>Y todo eso con un pa\u00eds asediado, un pa\u00eds sometido a decenas de criminales medidas coercitivas unilaterales. Los analistas se preguntan c\u00f3mo hacen ustedes. \u00bfCu\u00e1l es su receta?<\/b><\/p>\n<p><span style=\"font-weight: 400;\">\u2014En primer lugar, tener un plan. Aqu\u00ed tengo, mira, la s\u00edntesis. Este es mi documento de trabajo. Este es el documento m\u00edo. No te lo voy a mostrar. Aqu\u00ed nosotros, de manera permanente, vamos siguiendo la estrategia econ\u00f3mica. Lo primero fue establecer en el a\u00f1o 2016, con mucha claridad, los motores reales para el desarrollo nacional.\u00a0<\/span><\/p>\n<p><span style=\"font-weight: 400;\">Lo segundo fue establecer la necesidad de construir equilibrios macroecon\u00f3micos propios de un esfuerzo productivo. Y lo tercero fue construir una estrategia de desarrollo que permitiera, de manera autosustentable, con esfuerzo propio, siempre cito a Artigas, el gran libertador de la Banda Oriental del Uruguay, cuando yo digo no esperemos nada, sino nosotros mismos. Eso, mira, lo tengo aqu\u00ed, ping, ping, ping, en la estrategia de desarrollo de cada sector de la econom\u00eda nacional. Nos planteamos grandes objetivos. Aqu\u00ed los estamos ratificando.\u00a0<\/span><\/p>\n<p><span style=\"font-weight: 400;\">Un objetivo fundamental era producir los alimentos. Yo hice una reingenier\u00eda de la Gran Misi\u00f3n Agrovenezuela que cre\u00f3 el comandante Ch\u00e1vez, e hicimos una reingenier\u00eda en debate con el movimiento campesino nacional y asumimos en la pr\u00e1ctica acciones que permitieron liberar las fuerzas productivas del campo. Y Venezuela pas\u00f3 de un 80 % de dependencia de productos alimentarios del exterior.<\/span><\/p>\n<p><span style=\"font-weight: 400;\">Ten\u00edamos 120 a\u00f1os comprando toda la comida en el exterior. \u00bfPor qu\u00e9? Porque, mira, la chequera petrolera. Pasamos de un 80 % de dependencia. Pasamos de un 80 % de desabastecimiento en la calle, a un 100 % de abastecimiento de productos agroecol\u00f3gicos, de productos org\u00e1nicos, buscando respuestas con el movimiento productivo del campo, con el movimiento campesino, con el empresariado del campo.<\/span><\/p>\n<p><span style=\"font-weight: 400;\">Es fundamental lo que es el desarrollo del campo, de la tierra, del alimento. Y hemos ido recuperando la capacidad de la industria venezolana, que lleg\u00f3 a estar hasta en 8 %. Venezuela tiene una industria importante en todos los sectores, con un buen nivel. El Comandante Ch\u00e1vez hizo una buena inversi\u00f3n industrial en el pa\u00eds a trav\u00e9s de sistemas crediticios, etc\u00e9tera, etc\u00e9tera. Llegamos a tener el sistema industrial venezolano en un 8\u00a0 %. Este a\u00f1o, globalmente, estamos cerrando en 45 %.\u00a0<\/span><\/p>\n<p><span style=\"font-weight: 400;\">Yo el pr\u00f3ximo a\u00f1o le he planteado a la vicepresidenta, a la rectora de la econom\u00eda, Delcy Rodr\u00edguez, que tenemos que llegar al 70% para completar el ciclo de sustituci\u00f3n de importaciones, que es un ciclo necesario para romper el ciclo negativo de importaciones, de cosas que podemos producir aqu\u00ed; producir todo aqu\u00ed y fortalecer el nuevo ciclo de vocaci\u00f3n exportadora que permite que entre, mira, platica, divisas convertibles para fortalecer el sistema cambiario de Venezuela, tener dinero para muchas otras cosas.<\/span><\/p>\n<p><span style=\"font-weight: 400;\">Aqu\u00ed yo tengo el plan. Todo esto lo voy a ir\u2026 Ya yo plante\u00e9 las 7 Transformaciones. La primera de todas, la gran transformaci\u00f3n econ\u00f3mica de Venezuela. Seguir avanzando en el desarrollo de una fuerte econom\u00eda. F\u00edjate que hemos desarrollado un fuerte mercado interno. Ahorita tuvimos el 81 % de crecimiento del comercio interno nacional en el \u00faltimo trimestre.\u00a0<\/span><\/p>\n<p><span style=\"font-weight: 400;\">Es lo que yo he calificado como un sobrecalentamiento del consumo interno, que te demuestra gran capacidad de compra y consumo de la poblaci\u00f3n y te demuestra un alto nivel de abastecimiento por producci\u00f3n interna, pero tambi\u00e9n por importaciones. Entonces hay que buscar un equilibrio ah\u00ed que no se importe tanto, y que se produzca todo aqu\u00ed, eso es un elemento fundamental.<\/span><\/p>\n<p><span style=\"font-weight: 400;\">As\u00ed que tenemos buenas cifras econ\u00f3micas, t\u00fa hablabas del a\u00f1o 2022.<\/span><\/p>\n<p><b>\u201412 % de crecimiento.<\/b><\/p>\n<p><span style=\"font-weight: 400;\">\u2014Te corrijo, si me lo permites.<\/span><\/p>\n<p><b>\u00a0\u2014S\u00ed. Por favor.<\/b><\/p>\n<p><span style=\"font-weight: 400;\">Fue el 15 % de crecimiento del a\u00f1o 2022, fue el primer a\u00f1o de crecimiento despu\u00e9s de los misiles, de las sanciones criminales econ\u00f3micas, cayeron los misiles, soportamos, resistimos y el primer a\u00f1o de crecimiento de la econom\u00eda real fue el 2022, 15 %.<\/span><\/p>\n<p><span style=\"font-weight: 400;\">El segundo a\u00f1o fue 2023, el a\u00f1o 2023 tuvimos el 5.5 %, el 2024, de acuerdo a todos los datos cient\u00edficos, estad\u00edsticos, t\u00e9cnicos, va a superar el 9 % del crecimiento del Producto Interno Bruto con un alt\u00edsimo nivel de crecimiento de la econom\u00eda real, y tambi\u00e9n de la econom\u00eda de los hidrocarburos, que nos vamos recuperando, Ramonet, con inversi\u00f3n propia, con tecnolog\u00eda propia y con el inmenso esfuerzo, sabidur\u00eda y preparaci\u00f3n y capacitaci\u00f3n de la clase obrera de los hidrocarburos venezolanos, con su conocimiento; porque deben saber que seguimos nosotros sufriendo la persecuci\u00f3n econ\u00f3mica contra nuestra industria petrolera, nuestra industria gas\u00edfera.<\/span><\/p>\n<p><span style=\"font-weight: 400;\">As\u00ed que hay buenos elementos, estamos teniendo en el 2024 la inflaci\u00f3n m\u00e1s baja en los \u00faltimos 20 a\u00f1os; estamos teniendo en el 2024, hemos cerrado con 14 trimestres de crecimiento. As\u00ed que es todo auspicioso para asumir seis a\u00f1os, como vamos a asumir, de construcci\u00f3n de un modelo econ\u00f3mico autosustentable, productivo, que abastezca al pa\u00eds, que desarrolle su vocaci\u00f3n exportadora y que genere riquezas para recuperar todos los derechos sociales, laborales de nuestra clase obrera y de nuestro pueblo.<\/span><\/p>\n<p><b>\u2014Se\u00f1or Presidente, en la continuidad de lo que acaba de decir, ahora que la situaci\u00f3n econ\u00f3mica est\u00e1 mejorando notablemente, \u00bfqu\u00e9 buenas medidas puede usted anunciar en esta \u00e9poca de fiestas, para mejorar la vida cotidiana de los venezolanos y las venezolanas en el a\u00f1o 2025?<\/b><\/p>\n<p><span style=\"font-weight: 400;\">\u2014Bueno, aqu\u00ed tengo el plan. En primer lugar, consolidar la autosuficiencia alimentaria e integral del pa\u00eds, vital, y la vocaci\u00f3n exportadora. Estamos obteniendo grandes inversiones en el campo venezolano para avanzar en ese objetivo. En segundo lugar, consolidar la estabilidad del sistema cambiario venezolano y la lucha contra la inflaci\u00f3n.\u00a0<\/span><\/p>\n<p><span style=\"font-weight: 400;\">Eso es vital para tener las mejores condiciones del desarrollo econ\u00f3mico-social del pa\u00eds. Aqu\u00ed hay un conjunto de elementos que est\u00e1n bien articulados, bien activados. Seguir garantizando las inversiones y la tecnolog\u00eda propia con nuestros aliados del mundo, para estabilizar el servicio el\u00e9ctrico y seguir estabilizando los combustibles en el consumo interno, la recuperaci\u00f3n de todo el sistema de refinaci\u00f3n venezolano, son elementos fundamentales dentro del plan.\u00a0<\/span><\/p>\n<p><span style=\"font-weight: 400;\">A nivel social, nosotros en el a\u00f1o 2023, yo cre\u00e9 la f\u00f3rmula de la indexaci\u00f3n del ingreso integral de los trabajadores. En el a\u00f1o 2024 lo profundizamos y lo llevamos hasta m\u00e1s all\u00e1 de lo que pod\u00edamos, porque los ingresos dependen de los ingresos del pa\u00eds; yo te podr\u00eda decir nosotros apenas hemos recuperado el 10 % de los ingresos que el pa\u00eds tuvo y con eso tenemos nosotros que invertir y recuperar todo.<\/span><\/p>\n<p><span style=\"font-weight: 400;\">Pero este a\u00f1o 2025 vamos a avanzar en fortalecer el concepto de indexaci\u00f3n y de recuperaci\u00f3n de los ingresos reales para ir creciendo en la misma medida que va creciendo la generaci\u00f3n de riquezas nacional. Tambi\u00e9n el plan para completar este a\u00f1o 2025, la recuperaci\u00f3n del 100 % de los establecimientos de salud del pa\u00eds, con plena garant\u00eda de funcionamiento, la tecnolog\u00eda, hemos avanzado con las Brigadas Comunitarias Militares que ha sido un milagro; y tambi\u00e9n este a\u00f1o 2025 vamos a recuperar el 100 % de escuelas y liceos de todo el pa\u00eds con esta f\u00f3rmula maravillosa, las Bricomiles.<\/span><\/p>\n<p><span style=\"font-weight: 400;\">Trabajar en todas las direcciones, lo que te dec\u00eda, para m\u00ed tiene una gran importancia y lo pongo en las prioridades, este a\u00f1o vamos a hacer seis consultas para entregar recursos directos a las comunidades, cuatro de esas consultas para proyectos comunitarios generales, una de esas consultas, la quinta, para proyectos espec\u00edficamente de la juventud y para la juventud; y otra para proyectos de los cultores, cultoras y todo lo que tiene que ver en la gran misi\u00f3n cultura, la Gran Misi\u00f3n Viva Venezuela Mi Patria Querida.<\/span><\/p>\n<p><span style=\"font-weight: 400;\">Y la aplicaci\u00f3n del nuevo presupuesto comunal, que ah\u00ed tiene una modalidad que la gente va a empezar a conocer, yo cre\u00e9 el Fondo Presupuestario para Proyectos Comunitarios y ese fondo estimamos nosotros, proyectamos que va a tener el equivalente a 600 millones de d\u00f3lares extra, es el presupuesto de la naci\u00f3n puesto directamente a las comunidades y ellos decidiendo sus prioridades, eso va a tener un impacto inmenso en la calidad de vida en el territorio, en las comunidades.<\/span><\/p>\n<p><span style=\"font-weight: 400;\">Y bueno tambi\u00e9n vamos a avanzar como iniciamos en el 2024, en el desarrollo de las grandes misiones de nueva generaci\u00f3n, las grandes misiones de nueva generaci\u00f3n tomando el concepto originario del Comandante Ch\u00e1vez, de las misiones, grandes misiones; las grandes misiones de nueva generaci\u00f3n est\u00e1n pensadas desde el punto de vista estructural estrat\u00e9gico hacia sectores que fueron los m\u00e1s golpeados en la guerra econ\u00f3mica, con las sanciones criminales de los gringos; La Gran Misi\u00f3n Venezuela Mujer, seguir avanzando en los v\u00e9rtices de atenci\u00f3n integral a la mujer de manera espec\u00edfica, particular, en la construcci\u00f3n de ese inmenso movimiento de mujeres del pa\u00eds; la Gran Misi\u00f3n Venezuela Joven, seguir fortaleciendo el derecho de los j\u00f3venes al estudio, al trabajo, a la cultura, a la educaci\u00f3n; la Gran Misi\u00f3n Abuelos y Abuelas de la Patria, esa es mi gran misi\u00f3n porque yo soy un abuelo tambi\u00e9n.<\/span><\/p>\n<p><b>\u2014Yo tambi\u00e9n [risa].<\/b><\/p>\n<p><span style=\"font-weight: 400;\">\u2014Somos abuelos de la patria, de la patria humana: la Gran Misi\u00f3n Viva Venezuela Mi Patria Querida, la identidad, la cultura, la independencia del esp\u00edritu, del alma, de las mentes; la Gran Misi\u00f3n de Igualdad; y al lado de esto, bueno, lo que tiene que ver con la vivienda y el h\u00e1bitat, que es la repotenciaci\u00f3n y unificaci\u00f3n en un solo esfuerzo de la Gran Misi\u00f3n Vivienda Venezuela y la Gran Misi\u00f3n Barrio Nuevo Barrio Tricolor.<\/span><\/p>\n<p><b>\u2014Muy bonito el Barrio Nuevo Barrio Tricolor.<\/b><\/p>\n<p><span style=\"font-weight: 400;\">\u2014Eso ya est\u00e1 bello, est\u00e1 bien elaborado y creo que vamos a avanzar con nuevos m\u00e9todos que la gente quiere, nuevos m\u00e9todos para construir vivienda, arreglar vivienda, arreglar.<\/span><\/p>\n<p><span style=\"font-weight: 400;\">Tenemos las prioridades muy claras, tenemos el plan, tenemos la voluntad, tenemos el apoyo del pueblo y creo que el a\u00f1o 2025 y estos a\u00f1os que van a transcurrir van a ser verdaderamente excepcionales, maravillosos.<\/span><\/p>\n<p><span style=\"font-weight: 400;\">\u2014<\/span><b>Presidente, vamos a pasar ahora a este tema de la tecnolog\u00eda y la sociedad.<\/b><\/p>\n<p><span style=\"font-weight: 400;\">\u2014Correcto.<\/span><\/p>\n<p><b>\u2014Yo s\u00e9 que a usted le interesa much\u00edsimo\u2026<\/b><\/p>\n<p><span style=\"font-weight: 400;\">\u2014\u00bfMe aceptas un tecito? Malojillo con lim\u00f3n y jengibre. \u00bfS\u00ed?<\/span><\/p>\n<p><b>\u2014S\u00ed, con mucho placer.<\/b><\/p>\n<p><span style=\"font-weight: 400;\">\u2014Muy bueno para la salud.<\/span><\/p>\n<p><b>\u2014Bueno. Absolutamente.<\/b><\/p>\n<p><b>Me gustar\u00eda abordar un tema que s\u00e9 que a usted le interesa mucho que es el tema de las redes sociales y de su influencia en nuestras sociedades. Recientemente varios gobiernos han tomado medidas para limitar el acceso a las redes sociales.\u00a0<\/b><\/p>\n<p><b>Por ejemplo, Albania decidi\u00f3 prohibir TikTok durante un a\u00f1o. Por ejemplo, Brasil decidi\u00f3 prohibir el acceso de los dispositivos electr\u00f3nicos, los tel\u00e9fonos inteligentes en los establecimientos escolares. Y Australia ha decidido prohibir las redes sociales a todos los menores de 16 a\u00f1os. Entonces yo quisiera preguntarle si aqu\u00ed en Venezuela, si su gobierno est\u00e1 pensando en adoptar alguna de estas medidas de precauci\u00f3n.<\/b><\/p>\n<p><span style=\"font-weight: 400;\">\u2014 Lo primero es que hay que entender el fen\u00f3meno mundial de las redes sociales y de c\u00f3mo unas empresas privadas son due\u00f1as del inmenso poder de comunicaci\u00f3n, que nunca antes nadie hab\u00eda tenido en la historia de la humanidad. De llegarle a trav\u00e9s del tel\u00e9fono a millones, miles de millones de hombres y mujeres del planeta Tierra. Y de la capacidad que han creado, primero por razones econ\u00f3micas comerciales, para influir en la mente de la gente. Capacidad que ya han desarrollado con el marketing que conocimos. T\u00fa lo estudiaste muy bien en este libro, las capacidades, este es el libro del a\u00f1o 2007 tuyo, donde estudia las capacidades de manipulaci\u00f3n e influencia en radio, prensa y televisi\u00f3n, en el momento.<\/span><\/p>\n<p><b>\u2014Y cine.<\/b><\/p>\n<p><span style=\"font-weight: 400;\">\u2014Y cine, correcto. Entonces ahora esto lo han llevado a un nivel nunca antes pensado. Y saben, el gusto personalizado tuyo Ramonet, y m\u00edo, y tuyo tambi\u00e9n, qu\u00e9 te gusta a ti, si a ti te gustan los gaticos, los perritos, o te gusta tal refresco, tal comida, saben todos los gustos personales.\u00a0<\/span><\/p>\n<p><span style=\"font-weight: 400;\">Pero no se queda ah\u00ed, ya ha sido llevado a nivel de lo que es el poder pol\u00edtico, para la manipulaci\u00f3n de procesos electorales, para la manipulaci\u00f3n de procesos pol\u00edticos, para la desestabilizaci\u00f3n de pa\u00edses, de hecho las grandes potencias del mundo tienen control sobre las redes sociales de sus pa\u00edses, la Rep\u00fablica Popular China, India, Rusia, bueno y los Estados Unidos, que controla las grandes empresas privadas de multimillonarios due\u00f1os de Facebook, WhatsApp.<\/span><\/p>\n<p><b>\u2014Instagram.<\/b><\/p>\n<p><span style=\"font-weight: 400;\">\u2014Instagram, YouTube y ahora TikTok. Pero al final TikTok ha terminado sucumbiendo al chantaje y al mando de los poderosos de Estados Unidos. Primero hay que entender, yo me he puesto a estudiar mucho el tema, porque no es f\u00e1cil. Es m\u00e1s, he visto gente que lo entiende te\u00f3ricamente, pero que es v\u00edctima de la influencia de las redes sociales, porque hay mucha gente que sabe bastante de redes sociales, pero tambi\u00e9n es una v\u00edctima m\u00e1s.<\/span><\/p>\n<p><span style=\"font-weight: 400;\">Yo me puse a leer este libro, este libro me lo trajo Juan Carlos Monedero en los d\u00edas del brote fascista en Caracas. Te lo recomiendo, yo recomiendo estos libros a todos. Los estuve leyendo este a\u00f1o y los repaso.<\/span><i><span style=\"font-weight: 400;\"> Fascismo mainstream<\/span><\/i><span style=\"font-weight: 400;\">, de Carles Senso, Periodismo, conspiraciones, algoritmos y bots al servicio de la extrema derecha. T\u00fa lees este libro y crees que lo escribieron para interpretar lo que sucedi\u00f3 en Venezuela el 27, 28, 29 y 30 de julio. Esto que dice el libro se aplic\u00f3 en Venezuela para un golpe de Estado fascista. Nosotros nos sabemos el libro de memoria, pero en la pr\u00e1ctica. El libro es muy valioso.<\/span><\/p>\n<p><span style=\"font-weight: 400;\">Aqu\u00ed hay un libro que cay\u00f3 en mis manos tambi\u00e9n, me lo regalaron, de Jonathan Haidt, un estadounidense, no lo conozco. Muy buen libro, best seller del <\/span><i><span style=\"font-weight: 400;\">New York Times<\/span><\/i><span style=\"font-weight: 400;\">,<\/span><i><span style=\"font-weight: 400;\"> La Generaci\u00f3n Ansiosa<\/span><\/i><span style=\"font-weight: 400;\">. \u00bfPor qu\u00e9 las redes sociales est\u00e1n causando una epidemia de enfermedades mentales entre nuestros j\u00f3venes? Lo escribe un intelectual estadounidense. Lo recomiendo.<\/span><\/p>\n<p><b>\u2014La palabra del a\u00f1o, este a\u00f1o, ha sido podredumbre cerebral.<\/b><\/p>\n<p><span style=\"font-weight: 400;\">\u2014Podredumbre cerebral. Que es lo que crean las redes sociales. Pudren las emociones, el cerebro, la capacidad de reacci\u00f3n. Aqu\u00ed tengo otro libro de Marta Peirano, una espa\u00f1ola: El enemigo conoce el sistema: Manipulaci\u00f3n de ideas, personas e influencias despu\u00e9s de la econom\u00eda de la atenci\u00f3n.\u00a0<\/span><\/p>\n<p><span style=\"font-weight: 400;\">Son libros, mira, de gente, esto es un grupo de venezolanos, dos oficiales, un capit\u00e1n de fragata, Francisco Felipe L\u00f3pez Crespo, el mayor Jos\u00e9 Gregorio Silva Fern\u00e1ndez: <\/span><i><span style=\"font-weight: 400;\">La guerra de la informaci\u00f3n en el siglo XXI,<\/span><\/i><span style=\"font-weight: 400;\"> extraordinario libro, extraordinario, sobre todo este fen\u00f3meno de militares venezolanos.<\/span><\/p>\n<p>&nbsp;<\/p>\n<p><span style=\"font-weight: 400;\">Tengo un libro que cay\u00f3 temprano en mis manos, de Michel Desmurget, <\/span><i><span style=\"font-weight: 400;\">M\u00e1s libros y menos pantalla: C\u00f3mo acabar con los cretinos digitales<\/span><\/i><span style=\"font-weight: 400;\">.<\/span><\/p>\n<p><b>\u2014 Excelente [risa].<\/b><\/p>\n<p><span style=\"font-weight: 400;\">\u2014De verdad que hay bastante material de investigaci\u00f3n y estamos obligados a entenderlo.<\/span><\/p>\n<p><b>\u2014Absolutamente.<\/b><\/p>\n<p><span style=\"font-weight: 400;\">\u2014Porque estamos obligados a proteger la salud mental de nuestros pa\u00edses. Pero especialmente estamos muy obligados a proteger la salud mental de los ni\u00f1os, de las ni\u00f1as, de la juventud que est\u00e1 creciendo. Porque ese concepto que llaman podredumbre cerebral ya est\u00e1 estudiado, est\u00e1 afectando gravemente, inclusive, el desarrollo cognitivo de funciones cerebrales de nuestros ni\u00f1os y ni\u00f1as dedicados a las pantallas.\u00a0<\/span><\/p>\n<p><span style=\"font-weight: 400;\">Aqu\u00ed en Venezuela, en estos d\u00edas, la Sala Constitucional del Tribunal Supremo de Justicia que lleva este tema, un grupo de padres y madres de escuelas y liceos, metieron un recurso de amparo, producto de que por uno de los retos virales de TikTok hubo el fallecimiento de dos ni\u00f1os, una ni\u00f1a y un ni\u00f1o. Uno de esos retos virales. Recientemente, otra persona fue quemada y tuvo 70 % de destrucci\u00f3n de su cuerpo cumpliendo en vivo, transmitido en vivo, un reto viral de TikTok.\u00a0<\/span><\/p>\n<p><span style=\"font-weight: 400;\">El Estado venezolano actu\u00f3 a trav\u00e9s de la autoridad competente Conatel, que es el Consejo Nacional de Telecomunicaciones. Este grupo de padres y madres actu\u00f3 ante la Sala Constitucional. La Sala Constitucional convoc\u00f3 un conjunto de audiencias, de eventos de car\u00e1cter judicial y ha emitido una primera sentencia, clara, contundente, para obligar a TikTok a abrir una oficina en Venezuela y a someterse a las leyes venezolanas.<\/span><\/p>\n<p><span style=\"font-weight: 400;\">En segundo lugar, le ha impuesto una multa por el equivalente de 10 millones de d\u00f3lares. Y en tercer lugar, ha dicho que en el caso de que esto no se cumpla, tomar\u00e1 medidas de protecci\u00f3n m\u00e1s severas en el \u00e1mbito del espacio venezolano. Yo solamente lo que puedo decir, me pongo al servicio de quienes en la humanidad quieren defender el derecho a la salud mental, y de la Sala Constitucional de Venezuela, para hacer lo que haya que hacer para proteger a nuestros ni\u00f1os, ni\u00f1as, j\u00f3venes y a toda la sociedad.\u00a0<\/span><\/p>\n<p><span style=\"font-weight: 400;\">Ya nosotros vimos el brote fascista, TikTok fue el principal instrumento de campa\u00f1a para el brote fascista en Venezuela, 27, 28, 29 y 30 de julio. Yo te puedo decir que yo estaba en este mismo despacho, aqu\u00ed mismo estaba sentado, el 29 y 30 de julio, y me met\u00ed en mi cuenta TikTok, yo tengo una cuenta TikTok, t\u00fa la has visto, \u00bfverdad?<\/span><\/p>\n<p><b>\u2014S\u00ed, claro.<\/b><\/p>\n<p><span style=\"font-weight: 400;\">\u2014Yo me met\u00ed en mi cuenta TikTok y la abr\u00ed, mira, la voy a abrir, para que t\u00fa veas, aqu\u00ed la voy a abrir, aqu\u00ed me llega un video bien bonito de Gualberto Ibarreto. Bueno, aqu\u00ed en la cuenta TikTok, de cada 10 videos que me llegaban, 8 eran promocionando la violencia en las calles, \u00bfme vas a decir que TikTok no sab\u00eda, ah? Me vas a decir, ellos utilizan lo que se llama censura selectiva, ellos censuran a quienes les dan la gana, le quitan la cuenta, le quitan videos, pero cuando era violencia contra Venezuela, lo promovieron, y ahora est\u00e1n promoviendo estos retos virales, que han hecho que en Albania los suspendan por un a\u00f1o, que en Australia hayan tomado medidas radicales tambi\u00e9n, y estoy seguro que en el a\u00f1o 2025 vamos a ver en el mundo c\u00f3mo proliferan leyes y decisiones para proteger a los ciudadanos y ciudadanas de la infecci\u00f3n de antivalores y de insalubridad mental que promueve, no solo TikTok, sino muchas redes sociales.<\/span><\/p>\n<p><b>\u2014Se\u00f1or Presidente, en la misma perspectiva, no es exactamente el tema, pero se desarrolla\u2026<\/b><\/p>\n<p><span style=\"font-weight: 400;\">\u2014\u00a1Aqu\u00ed est\u00e1 el t\u00e9, buen provecho!<\/span><\/p>\n<p><b>\u2014Muchas gracias. Me gustar\u00eda conocer sus reflexiones, ya que veo que usted trabaja bastante el tema, sobre la cuesti\u00f3n de la inteligencia artificial, porque sobre todo el tipo de marco internacional, en la perspectiva de lo que dec\u00eda usted al final de su intervenci\u00f3n, \u00bfqu\u00e9 marco internacional habr\u00eda que definir para, por una parte, no impedir que siga la reflexi\u00f3n tecnol\u00f3gica, cient\u00edfica, sobre la inteligencia artificial, que puede aportar bastante a la sociedad, pero, por otra parte, para limitar los efectos nocivos de la inteligencia artificial y las amenazas que pueden representar en el futuro; muchos cient\u00edficos alertan contra esto.<\/b><\/p>\n<p><span style=\"font-weight: 400;\">\u2014La inteligencia artificial, sin lugar a dudas, es un avance tecnol\u00f3gico que sorprende a la humanidad. Dicen que hay cuatro fuentes de inteligencia artificial en el mundo, dos tiene Estados Unidos, China tiene otro, y la otra Europa, eso es lo que se conoce hasta ahora, yo he estudiado bastante el tema; aqu\u00ed tambi\u00e9n tengo algunos libros que recomiendo, este me lo regal\u00f3 H\u00e9ctor Rodr\u00edguez, el d\u00eda de mi cumplea\u00f1os, no, por la Navidad, ya lo estoy leyendo, <\/span><i><span style=\"font-weight: 400;\">La Era de la Inteligencia Artificial y nuestro futuro humano<\/span><\/i><span style=\"font-weight: 400;\">, tiene varios escritores, Henry Kissinger, escribi\u00f3 antes de morir, Eric Schmidt y Daniel Huttenlocher. Lo estoy trabajando y aqu\u00ed explica c\u00f3mo se inici\u00f3 la inteligencia artificial, cu\u00e1les fueron las primeras supercomputadoras, c\u00f3mo las alimentaron.<\/span><\/p>\n<p><span style=\"font-weight: 400;\">Tambi\u00e9n aqu\u00ed hay un libro que me regalaron, estoy leyendo la editorial Debate, se llama <\/span><i><span style=\"font-weight: 400;\">Artificial. La nueva inteligencia y el contorno del humano<\/span><\/i><span style=\"font-weight: 400;\">, de Mariano Sigman y Santiago Bilinkins.<\/span><\/p>\n<p><b>\u2014S\u00ed, lo conozco bien a Mariano Sigman.<\/b><\/p>\n<p><span style=\"font-weight: 400;\">\u2014\u00bfAh, verdad?<\/span><\/p>\n<p><b>\u2014S\u00ed, s\u00ed, es un chico argentino, un cient\u00edfico muy brillante.<\/b><\/p>\n<p><span style=\"font-weight: 400;\">\u2014Correcto. Y aqu\u00ed un descendiente de japoneses, Michio Kaku, la <\/span><i><span style=\"font-weight: 400;\">Supremac\u00eda cu\u00e1ntica, <\/span><\/i><span style=\"font-weight: 400;\">la revoluci\u00f3n tecnol\u00f3gica que lo cambiar\u00e1 todo.<\/span><\/p>\n<p><b>\u2014Claro, los computadores cu\u00e1nticos pueden hacer miles de millones de operaciones donde antes tardaba siglos, ahora tarda segundos.<\/b><\/p>\n<p><span style=\"font-weight: 400;\">\u2014Es lo que ya est\u00e1n llamando la s\u00faper inteligencia artificial. Y nuestros pa\u00edses tienen la obligaci\u00f3n de conocer esta tecnolog\u00eda, conocerla muy bien, ahora est\u00e1 combinado inclusive, Ramonet, yo lo he dicho bastante, pero t\u00fa sabes que tapan muchas cosas que uno dice. Combinan la inteligencia artificial, m\u00e1s all\u00e1 del Big Data, de lo que era el Big Data, para conocer los pa\u00edses y ya las redes sociales est\u00e1n direccionadas por inteligencia artificial, para la influencia de segmentos.<\/span><\/p>\n<p><b>\u2014Los algoritmos ya son inteligencia artificial.<\/b><\/p>\n<p><span style=\"font-weight: 400;\">\u2014Y los bots.<\/span><\/p>\n<p><b>\u2014Y los bots.<\/b><\/p>\n<p><span style=\"font-weight: 400;\">\u2014Por ejemplo, saben tus redes sociales y conocen completo todo tu historial, tu vida. Y ahora, todo lo que t\u00fa publicas, en lo fundamental, cuando te llegan comentarios ya te llegan comentarios particularizados.<\/span><\/p>\n<p><span style=\"font-weight: 400;\">Yo se lo dec\u00eda en estos d\u00edas a un muchacho, a un artista. Un artista que empezaron a atacar desde Miami, la ultraderecha. Bueno, porque \u00e9l habl\u00f3 bonito de Venezuela, un artista famoso de Venezuela. Habl\u00f3 bonito de Venezuela, vino a Venezuela. Y entonces despu\u00e9s \u00e9l se quejaba. Me llegaron mil mensajes. Y yo le dije, los mensajes que te llegaron, te llegaron por bots.\u00a0<\/span><\/p>\n<p><span style=\"font-weight: 400;\">Pero los bots, los robots, ya no son un almac\u00e9n donde hay un poco de gente con unos tel\u00e9fonos mandando mensajes, no. Ya eso se lo ahorraron. Ahora es inteligencia artificial aplicada a redes sociales. Y te conocen tu historia y saben d\u00f3nde golpearte. Entonces, te amenazan una hija, te amenazan a una persona querida, te dicen algo que te puede ofender. Entonces, cuando t\u00fa lees los mensajes que te env\u00edan, es una guerra cognitiva. Es una masacre psicol\u00f3gica lo que intentan hacer. La inteligencia artificial, nosotros estamos trabajando.\u00a0<\/span><\/p>\n<p><span style=\"font-weight: 400;\">Recientemente inaugur\u00e9 la Universidad de la Ciencias Humberto Fern\u00e1ndez Mor\u00e1n. Tiene una carrera de 4 a\u00f1os de inteligencia artificial, ingenier\u00eda y tecnolog\u00eda de inteligencia artificial. Ah\u00ed estamos dando diplomados tambi\u00e9n. Estamos preparando al personal nacional y adem\u00e1s con colaboraci\u00f3n con Cuba, con China, con Ir\u00e1n, con Rusia. Porque tenemos que prepararnos. Estamos en el mundo de la inteligencia artificial. Y lo que dice el presidente Xi Jinping, que lo he le\u00eddo de \u00e9l, un l\u00edder tan esclarecido como el presidente Xi Jinping, as\u00ed como es una amenaza, y lo es\u2026 Cuid\u00e9monos.<\/span><\/p>\n<p><b>\u2014 Es una oportunidad.<\/b><\/p>\n<p><span style=\"font-weight: 400;\">\u2014Tambi\u00e9n es una oportunidad. As\u00ed que es un gran tema por los a\u00f1os que est\u00e1n por venir.<\/span><\/p>\n<p><b>\u2014Presidente, vamos a pasar al \u00faltimo segmento de nuestra conversaci\u00f3n sobre pol\u00edtica internacional. Usted ha viajado bastante a Oriente pr\u00f3ximo, conoce bien el mundo \u00e1rabe. Por otra parte, aqu\u00ed en Venezuela hay una comunidad \u00e1rabe importante, en particular hay una comunidad de origen sirio, que tambi\u00e9n es importante.\u00a0<\/b><\/p>\n<p><b>Y quer\u00eda preguntarle, \u00bfUsted se sorprendi\u00f3 de lo que ocurri\u00f3 el pasado 8 de diciembre cuando fuerzas insurgentes entraron en Damasco casi sin resistencia? Y se derrumb\u00f3 el estado basista, \u00bfqu\u00e9 an\u00e1lisis hace usted de este acontecimiento?<\/b><\/p>\n<p><span style=\"font-weight: 400;\">\u2014Bueno, yo creo que todav\u00eda estamos en evaluaci\u00f3n. Yo creo que ni los que llegaron al poder saben c\u00f3mo llegaron, ni por qu\u00e9 llegaron. Uno ve declaraciones y acciones permanentes. Esperemos que se calmen las aguas y poder saber la verdad de lo que sucedi\u00f3. Se sabe que hubo fuerzas muy poderosas que actuaron con la mayor tecnolog\u00eda. Yo todos esos d\u00edas estuve en comunicaci\u00f3n con nuestro embajador.<\/span><\/p>\n<p><b>\u2014En Damasco.<\/b><\/p>\n<p><span style=\"font-weight: 400;\">\u2014Un gran embajador, un gran compa\u00f1ero. Estuvo all\u00ed hasta hace apenas unos d\u00edas que sali\u00f3 de Damasco por las amenazas que hay de asesinato de diplom\u00e1ticos todav\u00eda all\u00e1. Y estuve al tanto de todos los acontecimientos.\u00a0<\/span><\/p>\n<p><span style=\"font-weight: 400;\">A m\u00ed me llam\u00f3 mucho la atenci\u00f3n c\u00f3mo tomaron las redes sociales y c\u00f3mo el Estado Sirio no ten\u00eda instrumentos para evitarlo. Y c\u00f3mo lograron imponer el terrorismo digital, el terrorismo en redes sociales y paralizaron a la sociedad completa. Habr\u00eda muchas formas de explicar lo que sucedi\u00f3, esperemos en su momento. Todo eso va dejando lecciones a los que luchamos por la libertad, por la independencia, por un mundo para nosotros, los hombres y mujeres del sur, va dejando lecciones muy importantes, de lo que es la consolidaci\u00f3n de estados democr\u00e1ticos, profundos, con pueblo, con uni\u00f3n; la consolidaci\u00f3n de fuerzas militares bien entrenadas, bien preparadas. Va dejando lecciones en lo que tiene que ver el manejo de las redes sociales. La sociedad siria es una sociedad compleja.\u00a0<\/span><\/p>\n<p><span style=\"font-weight: 400;\">En Venezuela tenemos una comunidad grande, que tenemos una amistad profunda, un gran respeto. El pueblo sirio es uno de los pueblos que tiene una de las civilizaciones originarias, all\u00ed naci\u00f3 la civilizaci\u00f3n, entre el Tigris y el \u00c9ufrates, en esa tierra maravillosa, entre lo que hoy es Irak, lo que hoy es Siria, Egipto. Las maravillas del mundo. Y al lado de todos ellos la cultura persa, y las tierras sagradas de Palestina, el L\u00edbano, donde estuvo nuestro Se\u00f1or Jesucristo. Tiene una historia maravillosa desde el punto de vista humano, civilizatorio, desde el punto de vista cultural, religioso, toda esa regi\u00f3n.\u00a0<\/span><\/p>\n<p><span style=\"font-weight: 400;\">Nosotros lo que aspiramos es que esa regi\u00f3n encuentre su propio camino y consolide su propio modelo; m\u00e1s temprano que tarde estoy seguro que eso va a suceder, y los que hoy sacan cuentas de victorias p\u00edrricas, se arrepentir\u00e1n, porque ese pueblo sirio es un pueblo que conocemos y es maravilloso, y tiene una fuerza tambi\u00e9n tel\u00farica, profunda, milenaria, y no van a poder someterlo ni dominar, t\u00fa vas a ver.<\/span><\/p>\n<p><b>\u2014Se\u00f1or Presidente, hace unas semanas en Bak\u00fa, en Azerbaiy\u00e1n, no lejos del Oriente Pr\u00f3ximo, se clausur\u00f3 la COP-29, la Cumbre Mundial del Clima. Yo recuerdo que usted estuvo en una Cumbre del Clima en Copenhague. Una de las conclusiones de la Cumbre del Clima es que hay que reducir las emisiones de los gases de efecto invernadero y, en particular, las que emiten las energ\u00edas carbonatadas, el petr\u00f3leo, el gas y el carb\u00f3n.\u00a0<\/b><\/p>\n<p><b>Y la pregunta es, \u00bfc\u00f3mo piensa Venezuela, que es un gran productor de hidrocarburos, como usted lo recordaba al instante, contribuir a ese efecto colectivo para tratar de disminuir la posibilidad del cambio clim\u00e1tico?<\/b><\/p>\n<p><span style=\"font-weight: 400;\">\u2014Aqu\u00ed quienes tienen que contribuir son los pa\u00edses que m\u00e1s consumen. Estados Unidos, los pa\u00edses europeos, bueno, que han destruido el clima y que pretendieron desde Copenhague crear una especie de bonos de carbono, que fue una oferta enga\u00f1osa, falsa, la diplomacia de enga\u00f1o. Ofrecieron crear un fondo de bonos de carbono para ellos pagar la contaminaci\u00f3n que ellos creaban all\u00e1 en el norte a los pa\u00edses que no contaminamos. Venezuela no es un pa\u00eds que tiene una emisi\u00f3n de efectos gases, efectos invernaderos importantes.<\/span><\/p>\n<p><b>\u2014Al contrario, toda la selva amaz\u00f3nica es productor de ox\u00edgeno.<\/b><\/p>\n<p><span style=\"font-weight: 400;\">\u2014Correcto. Y bueno, la humanidad tiene que comenzar a avanzar, sin lugar a duda, hacia formas de energ\u00eda no contaminante. En eso nosotros estamos totalmente incorporados. Tenemos un conjunto de cient\u00edficos en el m\u00e1s alto gobierno avanzando como pa\u00eds hacia formas descarbonizadas, y producir toda nuestra energ\u00eda el\u00e9ctrica. Ahora producimos el 75 % de nuestra energ\u00eda el\u00e9ctrica por fuentes hidrol\u00f3gicas y ese porcentaje va a crecer en los a\u00f1os que est\u00e1n por venir.\u00a0<\/span><\/p>\n<p><span style=\"font-weight: 400;\">Tambi\u00e9n estamos invirtiendo en energ\u00eda solar, que llama fotovoltaica y le ponen un poco de nombres para que la gente no entienda. Energ\u00eda provocada y producida por el sol, que es una energ\u00eda ultralimpia. El panel solar que est\u00e1 avanzando tanto ahora y el panel solar que te produce la electricidad.<\/span><\/p>\n<p>&nbsp;<\/p>\n<p><span style=\"font-weight: 400;\">Creo que la humanidad en este momento est\u00e1 en condiciones de avanzar a pasos agigantados, hacia formas alternativas de producci\u00f3n energ\u00e9tica no contaminante. Ya se ve, recientemente estuvo nuestra vicepresidenta Delcy Rodr\u00edguez en China, en varias ciudades, y le mostraron una tecnolog\u00eda, Ramonet, que t\u00fa te quedas loco.<\/span><\/p>\n<p><b>\u2014De producci\u00f3n de energ\u00eda.<\/b><\/p>\n<p><span style=\"font-weight: 400;\">\u2014S\u00ed. Y China ha avanzado, por ejemplo, en lo que son los veh\u00edculos. Ha avanzado en veh\u00edculos que se sostienen por energ\u00eda solar directa. Ni siquiera hay que conectarlos para que consuman. Nosotros estamos ya haciendo una negociaci\u00f3n con una de las empresas chinas de producci\u00f3n de veh\u00edculos el\u00e9ctricos para ensamblar en Venezuela, producir veh\u00edculos el\u00e9ctricos con energ\u00eda solar.<\/span><\/p>\n<p><span style=\"font-weight: 400;\">Hay cosas maravillosas que la tecnolog\u00eda permite. Y tambi\u00e9n es muy importante, yo lo explicaba a un grupo de j\u00f3venes en estos d\u00edas, lo que tiene que ver con la agricultura regenerativa, que est\u00e1n aplicando en algunos lugares en \u00c1frica, para recuperar zonas totalmente desiertas, totalmente \u00e1ridas, en la misma medida que vayamos recuperando zonas boscosas, defendi\u00e9ndolas, como el Amazonas, en la misma medida que vayamos regenerando zonas que ya est\u00e1n desertificadas, en la misma medida que vayamos fortaleciendo los micro h\u00e1bitats a partir de un proceso regenerativo verde, creo que se podr\u00e1n equilibrar las cargas del inmenso da\u00f1o que en 150 a\u00f1os el capitalismo depredador le hizo a r\u00edos, bosques, mares y a todo el ambiente en general. Es una de las l\u00edneas prioritarias de acci\u00f3n nuestra.<\/span><\/p>\n<p><b>\u2014Se\u00f1or Presidente, el pasado 24 de noviembre en Uruguay, el candidato Yamand\u00fa Orsi del Frente Amplio gan\u00f3 la segunda vuelta de las elecciones y por consiguiente la izquierda est\u00e1 regresando al poder en ese pa\u00eds. Con la izquierda en el poder en Uruguay ya son 11 pa\u00edses de Latinoam\u00e9rica gobernados por partidos de izquierda.\u00a0<\/b><\/p>\n<p><b>Por otra parte, hace unos d\u00edas tambi\u00e9n se cumpli\u00f3 el vig\u00e9simo aniversario del ALBA, de este mecanismo de integraci\u00f3n regional que hab\u00eda fundado el Comandante Ch\u00e1vez y Fidel Castro. \u00bfC\u00f3mo ve usted hoy la cuesti\u00f3n de la integraci\u00f3n regional? \u00bfUsted piensa que habiendo m\u00e1s gobiernos de izquierda en Am\u00e9rica Latina que desde hace mucho tiempo, el tema de la integraci\u00f3n regional puede avanzar m\u00e1s r\u00e1pidamente?<\/b><\/p>\n<p><span style=\"font-weight: 400;\">\u2014Pienso que este nuevo proceso que se est\u00e1 dando tiene la explicaci\u00f3n en el agotamiento prematuro, r\u00e1pido, temprano, de las alternativas que desde la derecha han creado, las oligarqu\u00edas, las redes sociales, es un agotamiento tremendo pues. \u00bfQu\u00e9 alternativas han creado ellos ante el agotamiento tambi\u00e9n de algunas f\u00f3rmulas socialdem\u00f3cratas, llamadas progresistas? El fascismo. \u00bfQu\u00e9 es Milei? Es una respuesta extremista al fracaso de un modelo que se trat\u00f3 de aplicar.<\/span><\/p>\n<p><b>\u2014El neoliberalismo.<\/b><\/p>\n<p><span style=\"font-weight: 400;\">\u2014Todav\u00eda en los l\u00edmites del neoliberalismo. \u00bfY Milei puede ser alternativa para el pueblo argentino? Milei, con su locura, su histrionismo, su extremismo, su insensibilidad s\u00e1dica contra el pueblo, su modelo de destrucci\u00f3n del Estado, de la econom\u00eda argentina, \u00bfpuede ser una alternativa para Argentina? No, nunca. As\u00ed que seguramente a Milei le tendr\u00e1 que venir alguna alternativa propia de Argentina, con ideas de avanzada, con ideas de justicia social, de igualdad, de m\u00e1s democracia, a lo argentino. Eso est\u00e1 sucediendo en todos los pa\u00edses.\u00a0<\/span><\/p>\n<p><span style=\"font-weight: 400;\">Y yo creo que la a\u00f1orada primera primavera que tuvo el movimiento progresista dej\u00f3 muchas lecciones. Yo la viv\u00ed desde cerca. Yo era canciller de Comandante Ch\u00e1vez y yo vi crecer la primera primavera junto a nuestro jefe, nuestro Comandante. Yo vi c\u00f3mo surgi\u00f3 el ALBA 2004, c\u00f3mo surgi\u00f3 Petrocaribe, c\u00f3mo el fortalecimiento del ALBA Petrocaribe recuper\u00f3 a los pueblos del continente, c\u00f3mo surgi\u00f3 la Misi\u00f3n Milagro que atendi\u00f3 a m\u00e1s de 8 millones de pobres de nuestro continente, c\u00f3mo surgi\u00f3 la Misi\u00f3n de Alfabetizaci\u00f3n Yo Si Puedo, c\u00f3mo surgieron las misiones de salud para todos nuestros pueblos y c\u00f3mo Petrocaribe le dio estabilidad a todo un continente pr\u00e1cticamente, 18 Estados favorecidos por Petrocaribe; y c\u00f3mo de esa uni\u00f3n entre Fidel y Ch\u00e1vez, el ALBA, luego fue expandi\u00e9ndose el regreso del Frente Sandinista y del comandante Daniel Ortega, el triunfo de Evo Morales en Bolivia, el triunfo de Correa el triunfo de Lula, la llegada de N\u00e9stor Kirchner y el peronismo, que fue una gran sorpresa, el liderazgo valiente, muy valiente, decidido, transformador, de N\u00e9stor Kirchner; el surgimiento y la llegada del Frente Amplio, con Tabar\u00e9, luego con Pepe, y c\u00f3mo se conform\u00f3 en toda Am\u00e9rica del Sur, Am\u00e9rica Central, la llegada del Frente Farabundo Mart\u00ed para la Liberaci\u00f3n Nacional en El Salvador, la unificaci\u00f3n del presidente Mel Zelaya al ALBA, c\u00f3mo se dio una primera primavera que ten\u00eda una caracter\u00edstica central, la uni\u00f3n en la diversidad, el respeto entre todos los liderazgos y los proyectos nacionales.\u00a0<\/span><\/p>\n<p><span style=\"font-weight: 400;\">Seguramente siempre hay diferencias, \u00bfc\u00f3mo podemos ser todos iguales en el pensamiento pol\u00edtico, en la doctrina? Pero se logr\u00f3, bajo la conducci\u00f3n del Comandante Ch\u00e1vez y los l\u00edderes del momento, un nivel de convivencia que permiti\u00f3 el nacimiento de UNASUR.\u00a0<\/span><\/p>\n<p><span style=\"font-weight: 400;\">Hay que recordar, porque lo recuerdo perfectamente, el 17 de abril del a\u00f1o 2007, en la Isla de Margarita, cuando nace el concepto de UNASUR, hay que recordar que all\u00ed estaba Al\u00e1n Garc\u00eda, que en paz descanse, presidente de derecha en el Per\u00fa. Hay que recordar que en esa reuni\u00f3n de nacimiento de UNASUR estaba \u00c1lvaro Uribe V\u00e9lez, jefe paramilitar de la ultraderecha colombiana. La uni\u00f3n en la diversidad de los movimientos progresistas de izquierda y la uni\u00f3n en la diversidad de otras ideolog\u00edas del continente. Y luego, yo lo recuerdo perfectamente, Caracas, Venezuela, 2 y 3 de diciembre de 2011, estaba el Comandante Ch\u00e1vez ya enfermo, atendi\u00e9ndose, y se fund\u00f3 aqu\u00ed la Comunidad de Estados Latinoamericanos y Caribe\u00f1os, la CELAC, ya con los 33 estados de Am\u00e9rica Latina, desde M\u00e9xico hasta la Patagonia y todo el Caribe, por primera vez unidos, pudi\u00e9ramos decir el gran sue\u00f1o del Congreso Anficti\u00f3nico del Libertador Sim\u00f3n Bol\u00edvar, un gran sue\u00f1o unitario.<\/span><\/p>\n<p><span style=\"font-weight: 400;\">As\u00ed que saquemos lecciones de esa primera primavera para lo que est\u00e1 surgiendo ahora. Permita la tolerancia, el entendimiento y sobre todo comprender con profundidad que necesitamos unir a la Am\u00e9rica Latina caribe\u00f1a para poder construir un bloque de fuerzas, una confederaci\u00f3n de fuerzas, de pa\u00edses y de gobiernos que nos permita a nosotros transitar el resto del siglo XXI. Hay mucha intriga, Ramonet, palabra cierta, ves, hay mucha intriga para dividirnos y tratar de decir la izquierda buena y la izquierda mala, el progresismo bueno y el progresismo malo. Echemos a un lado la intriga, ve\u00e1monos a las caras y tengamos un plan claro de uni\u00f3n de Am\u00e9rica Latina y el Caribe.<\/span><\/p>\n<p><b>\u2014Se\u00f1or Presidente, el presidente electo estadounidense, Donald Trump, ha anunciado hace unos d\u00edas que nombraba a un ex embajador, el se\u00f1or Richard Grenell, como enviado presidencial para misiones especiales y en particular le ha confiado el seguimiento de las relaciones con Venezuela. \u00bfQu\u00e9 opini\u00f3n le merece a usted esta iniciativa?<\/b><\/p>\n<p><span style=\"font-weight: 400;\">\u2014Me parece que est\u00e1 bien. Yo he dicho, esperemos que el presidente electo de Estados Unidos, Donald Trump, llegue a la Casa Blanca.<\/span><\/p>\n<p><b>\u2014 El 20 de enero.<\/b><\/p>\n<p><span style=\"font-weight: 400;\">\u2014Y, luego que llegue a la Casa Blanca, veremos, pues. Si t\u00fa me preguntaras, \u00bfcu\u00e1l es la pol\u00edtica del bolivarianismo del siglo XXI? Nosotros, los bolivarianos del siglo XXI. \u00bfCu\u00e1l es la pol\u00edtica que me ense\u00f1\u00f3 a m\u00ed el Comandante Ch\u00e1vez? \u00bfY cu\u00e1l es la pol\u00edtica que yo he practicado con Estados Unidos? Te dir\u00eda, di\u00e1logo, respeto y entendimiento. Aqu\u00ed de este lado, en esta silla presidencial, estar\u00e1 Nicol\u00e1s Maduro Moros con la experiencia de todos estos a\u00f1os. Y siempre listo a pasar la p\u00e1gina para relaciones de respeto, de di\u00e1logo, de cooperaci\u00f3n, con el gobierno de los Estados Unidos, con la sociedad estadounidense y, bueno, todo el pueblo de Venezuela. As\u00ed que, ojal\u00e1, sea ese el rumbo, el destino de nuestras relaciones.<\/span><\/p>\n<p><b>\u2014Si el se\u00f1or Grenell se presenta en Caracas, usted lo recibe.<\/b><\/p>\n<p><span style=\"font-weight: 400;\">\u2014Bueno, esperemos que llegue primero Donald Trump a la Casa Blanca. Y despu\u00e9s veremos.<\/span><\/p>\n<p><b>\u2014Est\u00e1 bien, Presidente. \u00daltima pregunta, Presidente. La situaci\u00f3n internacional es muy preocupante hoy d\u00eda. Evidentemente, ya hemos hablado de algunos de los temas. Se est\u00e1 cometiendo un genocidio, ante nuestros ojos, en Gaza. Desde hace 15 meses y nadie hace nada. Las guerras se est\u00e1n multiplicando. No solo en Oriente pr\u00f3ximo, en el L\u00edbano, en Siria, en Yemen. Pero tambi\u00e9n en \u00c1frica, en Sud\u00e1n, en el Sahara, en el Congo. Las desigualdades, las migraciones, la cuesti\u00f3n del clima que hemos abordado aqu\u00ed. El sentimiento general de la ciudadan\u00eda a trav\u00e9s del mundo es que no hay autoridad internacional. El mundo funciona sin gu\u00eda, sin modo de empleo. \u00bfCree usted que hay razones para seguir creyendo en el Sistema de Naciones Unidas y en las instituciones internacionales?<\/b><\/p>\n<p><span style=\"font-weight: 400;\">\u2014Yo creo que estamos en una transici\u00f3n. La transici\u00f3n del mundo hegem\u00f3nico, imperial, que ha durado siglos. Pudiera decir milenios. Pero, particularmente, el mundo que conocemos ahora es un mundo que surgi\u00f3 de la Segunda Guerra Mundial. Hubo un gran cambio en los a\u00f1os 90, porque la gran potencia, la Uni\u00f3n de Rep\u00fablicas Socialistas Sovi\u00e9ticas y el mundo del socialismo real, que no era socialismo ni real, no era nada, bueno, se desplom\u00f3. Ahora ha surgido una nueva correlaci\u00f3n de fuerzas, donde hay grandes superpotencias. La superpotencia del siglo XXI se llama Rep\u00fablica Popular China. Otras superpotencias han surgido, la Federaci\u00f3n de Rusia es otra de las superpotencias, India, que en el pasado se llam\u00f3 Bharat, nombre legendario de un pueblo que yo amo mucho, el pueblo de la India. Son como las tres superpotencias m\u00e1s importantes y un conjunto de potencias intermedias de avanzada, como la Rep\u00fablica Isl\u00e1mica de Ir\u00e1n, Arabia Saudita, Emiratos \u00c1rabes Unidos, T\u00fcrkiye\u2026<\/span><\/p>\n<p><b>\u2014Rep\u00fablica de Sud\u00e1frica.<\/b><\/p>\n<p><span style=\"font-weight: 400;\">\u2014S\u00ed, Sud\u00e1frica, que son potencias intermedias en proceso de desarrollo. Y han surgido pa\u00edses y regiones independientes en \u00c1frica. En \u00c1frica, se habla que es el continente potencia del futuro, con su crecimiento econ\u00f3mico que va a tener, y a la vanguardia hay pa\u00edses importantes, como Egipto, T\u00fanez, Argelia, entre otros.<\/span><\/p>\n<p><b>\u2014Etiop\u00eda, Nigeria.<\/b><\/p>\n<p><span style=\"font-weight: 400;\">\u2014Todos, Etiop\u00eda, Nigeria. Todo el proceso de descolonizaci\u00f3n de las antiguas colonias francesas, el nuevo eje que est\u00e1 surgiendo. Y aqu\u00ed en Am\u00e9rica Latina tambi\u00e9n. Tenemos a Brasil, que es el pa\u00eds continente, que est\u00e1 destinado, est\u00e1 condenado Brasil a ser la gran potencia suramericana y latinoamericana. M\u00e9xico tambi\u00e9n. M\u00e9xico, que tiene una excelente conductora, tuvo un excelente conductor seis a\u00f1os el presidente L\u00f3pez Obrador, ahora tiene una excelente conductora la presidenta Claudia Sheinbaum.\u00a0<\/span><\/p>\n<p><span style=\"font-weight: 400;\">As\u00ed que hay un reacomodo de las fuerzas mundiales, de la correlaci\u00f3n de fuerzas. Y eso tiene su efecto en el organismo multilateral que tenemos, que es la ONU. La ONU est\u00e1 viviendo en este momento un proceso de agotamiento grave, vista la disputa de poder, porque los imperios occidentales han decidido, a trocha y mocha, utilizar su poder militar, su tecnolog\u00eda militar, para amenazar al mundo, para agredir al mundo y para tratar de crear conflictos en general.\u00a0<\/span><\/p>\n<p><span style=\"font-weight: 400;\">El conflicto que crearon Ucrania-Rusia, la masacre contra el pueblo palestino, que es una guerra de exterminio, como dijo el Papa Francisco, no es una guerra, es un genocidio. La masacre contra el pueblo del L\u00edbano, ahora los bombardeos contra el pueblo de Siria, las amenazas latentes contra el pueblo de Irak, de Ir\u00e1n, de Jordania\u2026<\/span><\/p>\n<p><b>\u2014De Yemen.<\/b><\/p>\n<p><span style=\"font-weight: 400;\">\u2014De Yemen. As\u00ed que hay un reacomodo. Veamos qu\u00e9 va a surgir de esta etapa. Nosotros creemos en el derecho internacional, denunciamos cuando son utilizados mecanismos de la ONU para favorecer los intereses de Estados Unidos o del imperio occidental global, y estamos en una disputa, en una lucha, que nadie se canse. Estoy seguro que al final va a prevalecer los valores universales, el derecho internacional, y al final van a prevalecer los intereses de los pueblos del mundo.\u00a0<\/span><\/p>\n<p><span style=\"font-weight: 400;\">Pero particularmente, al final de este camino, va a prevalecer los derechos hist\u00f3ricos, el legado hist\u00f3rico de los pueblos del sur global. As\u00ed que, entendamos que estamos en una transici\u00f3n, en una pugna muy dura de poder, abrac\u00e9monos a las grandes causas que defienden nuestro pueblo, y desde Venezuela decimos, con Bol\u00edvar, avancemos hacia el equilibrio del mundo, donde nosotros podamos existir con nuestra identidad, con nuestro proyecto y nuestro orgullo de ser venezolanos, latinoamericanos y caribe\u00f1os. As\u00ed que tenemos mucho elemento en el legado hist\u00f3rico para poder entender y agarrarnos al futuro que nos pertenece.<\/span><\/p>\n<p><span style=\"font-weight: 400;\">Ch\u00e1vez dec\u00eda, Ramonet, nos dec\u00eda a nosotros, hace 30 a\u00f1os exactamente, lo recuerdo, por estos d\u00edas de diciembre del a\u00f1o 94, est\u00e1bamos elaborando ideas hacia el futuro y \u00e9l empez\u00f3 a hablar del mundo multipolar. Y esa juventud, tan joven que \u00e9ramos, nos sorprend\u00edamos de su concepto, mundo multipolar. Y despu\u00e9s le dec\u00eda al pueblo, cuando sal\u00edamos a las calles, sal\u00edamos de barrio en barrio, de plaza en plaza con \u00e9l, y \u00e9l le dec\u00eda al pueblo, nos han robado el siglo XX, nos robaron el siglo XIX, pero el siglo XXI ser\u00e1 nuestro siglo y ser\u00e1 un siglo multipolar. Aqu\u00ed estamos en plena batalla, es nuestro siglo, nadie nos lo va a arrebatar, tengamos esa seguridad.<\/span><\/p>\n<p><b>\u2014Muchas gracias, se\u00f1or Presidente. Y de nuevo, feliz a\u00f1o nuevo para usted, para el pueblo de Venezuela.<\/b><\/p>\n<p><span style=\"font-weight: 400;\">\u2014Bueno, felicidades.<\/span><\/p>\n<p><b>\u2014Y hasta el a\u00f1o pr\u00f3ximo, nos decimos entonces, tiene usted la bondad de volver a recibirnos.<\/b><\/p>\n<p><span style=\"font-weight: 400;\">\u2014Seguro, aqu\u00ed siempre a la orden. Y saludo a todos los que por redes y medios nos ven, aqu\u00ed en Venezuela siempre, en batalla y en victoria.<\/span><\/p>\n<p><b>\u2014Muchas gracias.<\/b><\/p>\n<p><span style=\"font-weight: 400;\">\u2014Gracias.<\/span><\/p>\n<p><b>Autor: Ignacio Ramonet y Nicol\u00e1s Maduro <\/b><b>Moros<\/b><b>\/ Telesur<\/b><\/p>\n<p><b><i>Para leer este art\u00edculo en su fuente original:<\/i><\/b> <a href=\"https:\/\/www.telesurtv.net\/presidente-maduro-venezuela-es-un-faro-de-democracia-y-estabilidad-en-un-mundo-turbulento\/\"><i><span style=\"font-weight: 400;\">Presidente Maduro: Venezuela es un faro de democracia y estabilidad en un mundo turbulento &#8211; teleSUR<\/span><\/i><\/a><\/p>\n<p>&nbsp;<\/p>\n","protected":false},"excerpt":{"rendered":"<p>El jefe de Estado venezolano expres\u00f3 optimismo sobre el resurgimiento de Gobiernos de izquierda en&#8230;<\/p>\n","protected":false},"author":1,"featured_media":1976,"comment_status":"open","ping_status":"closed","sticky":false,"template":"","format":"standard","meta":{"footnotes":""},"categories":[56],"tags":[203,275,71,30],"class_list":["post-1975","post","type-post","status-publish","format-standard","has-post-thumbnail","hentry","category-medios-aliados","tag-democracia","tag-ignacio-ramonet","tag-maduro","tag-venezuela"],"yoast_head":"<!-- This site is optimized with the Yoast SEO plugin v27.5 - https:\/\/yoast.com\/product\/yoast-seo-wordpress\/ -->\n<title>Presidente Maduro: Venezuela es un faro de democracia y estabilidad en un mundo turbulento -<\/title>\n<meta name=\"description\" content=\"El Presidente del Estado venezolano expres\u00f3 optimismo sobre el resurgimiento de Gobiernos de izquierda en Am\u00e9rica Latina.\" \/>\n<meta name=\"robots\" content=\"index, follow, max-snippet:-1, max-image-preview:large, max-video-preview:-1\" \/>\n<link rel=\"canonical\" href=\"https:\/\/hueleaazufre.com\/wordpress_a\/index.php\/2025\/01\/03\/presidente-maduro-venezuela-es-un-faro-de-democracia-y-estabilidad-en-un-mundo-turbulento\/\" \/>\n<meta property=\"og:locale\" content=\"es_ES\" \/>\n<meta property=\"og:type\" content=\"article\" \/>\n<meta property=\"og:title\" content=\"Presidente Maduro: Venezuela es un faro de democracia y estabilidad en un mundo turbulento -\" \/>\n<meta property=\"og:description\" content=\"El Presidente del Estado venezolano expres\u00f3 optimismo sobre el resurgimiento de Gobiernos de izquierda en Am\u00e9rica Latina.\" \/>\n<meta property=\"og:url\" content=\"https:\/\/hueleaazufre.com\/wordpress_a\/index.php\/2025\/01\/03\/presidente-maduro-venezuela-es-un-faro-de-democracia-y-estabilidad-en-un-mundo-turbulento\/\" \/>\n<meta property=\"article:published_time\" content=\"2025-01-03T16:11:58+00:00\" \/>\n<meta property=\"og:image\" content=\"https:\/\/hueleaazufre.com\/wordpress_a\/wp-content\/uploads\/2025\/01\/nicolas-maduro-e-ignacio-ramonet-.webp\" \/>\n\t<meta property=\"og:image:width\" content=\"768\" \/>\n\t<meta property=\"og:image:height\" content=\"432\" \/>\n\t<meta property=\"og:image:type\" content=\"image\/webp\" \/>\n<meta name=\"author\" content=\"Huele a azufre\" \/>\n<meta name=\"twitter:card\" content=\"summary_large_image\" \/>\n<meta name=\"twitter:label1\" content=\"Escrito por\" \/>\n\t<meta name=\"twitter:data1\" content=\"Huele a azufre\" \/>\n\t<meta name=\"twitter:label2\" content=\"Tiempo de lectura\" \/>\n\t<meta name=\"twitter:data2\" content=\"51 minutos\" \/>\n<script type=\"application\/ld+json\" class=\"yoast-schema-graph\">{\"@context\":\"https:\\\/\\\/schema.org\",\"@graph\":[{\"@type\":\"Article\",\"@id\":\"https:\\\/\\\/hueleaazufre.com\\\/wordpress_a\\\/index.php\\\/2025\\\/01\\\/03\\\/presidente-maduro-venezuela-es-un-faro-de-democracia-y-estabilidad-en-un-mundo-turbulento\\\/#article\",\"isPartOf\":{\"@id\":\"https:\\\/\\\/hueleaazufre.com\\\/wordpress_a\\\/index.php\\\/2025\\\/01\\\/03\\\/presidente-maduro-venezuela-es-un-faro-de-democracia-y-estabilidad-en-un-mundo-turbulento\\\/\"},\"author\":{\"name\":\"Huele a azufre\",\"@id\":\"https:\\\/\\\/hueleaazufre.com\\\/wordpress_a\\\/#\\\/schema\\\/person\\\/549dd871707ea7f9f1a686323ebe9baa\"},\"headline\":\"Presidente Maduro: Venezuela es un faro de democracia y estabilidad en un mundo turbulento\",\"datePublished\":\"2025-01-03T16:11:58+00:00\",\"mainEntityOfPage\":{\"@id\":\"https:\\\/\\\/hueleaazufre.com\\\/wordpress_a\\\/index.php\\\/2025\\\/01\\\/03\\\/presidente-maduro-venezuela-es-un-faro-de-democracia-y-estabilidad-en-un-mundo-turbulento\\\/\"},\"wordCount\":11692,\"commentCount\":0,\"image\":{\"@id\":\"https:\\\/\\\/hueleaazufre.com\\\/wordpress_a\\\/index.php\\\/2025\\\/01\\\/03\\\/presidente-maduro-venezuela-es-un-faro-de-democracia-y-estabilidad-en-un-mundo-turbulento\\\/#primaryimage\"},\"thumbnailUrl\":\"https:\\\/\\\/hueleaazufre.com\\\/wordpress_a\\\/wp-content\\\/uploads\\\/2025\\\/01\\\/nicolas-maduro-e-ignacio-ramonet-.webp\",\"keywords\":[\"democracia\",\"Ignacio Ramonet\",\"Maduro\",\"Venezuela\"],\"articleSection\":[\"Medios aliados\"],\"inLanguage\":\"es\",\"potentialAction\":[{\"@type\":\"CommentAction\",\"name\":\"Comment\",\"target\":[\"https:\\\/\\\/hueleaazufre.com\\\/wordpress_a\\\/index.php\\\/2025\\\/01\\\/03\\\/presidente-maduro-venezuela-es-un-faro-de-democracia-y-estabilidad-en-un-mundo-turbulento\\\/#respond\"]}]},{\"@type\":\"WebPage\",\"@id\":\"https:\\\/\\\/hueleaazufre.com\\\/wordpress_a\\\/index.php\\\/2025\\\/01\\\/03\\\/presidente-maduro-venezuela-es-un-faro-de-democracia-y-estabilidad-en-un-mundo-turbulento\\\/\",\"url\":\"https:\\\/\\\/hueleaazufre.com\\\/wordpress_a\\\/index.php\\\/2025\\\/01\\\/03\\\/presidente-maduro-venezuela-es-un-faro-de-democracia-y-estabilidad-en-un-mundo-turbulento\\\/\",\"name\":\"Presidente Maduro: Venezuela es un faro de democracia y estabilidad en un mundo turbulento -\",\"isPartOf\":{\"@id\":\"https:\\\/\\\/hueleaazufre.com\\\/wordpress_a\\\/#website\"},\"primaryImageOfPage\":{\"@id\":\"https:\\\/\\\/hueleaazufre.com\\\/wordpress_a\\\/index.php\\\/2025\\\/01\\\/03\\\/presidente-maduro-venezuela-es-un-faro-de-democracia-y-estabilidad-en-un-mundo-turbulento\\\/#primaryimage\"},\"image\":{\"@id\":\"https:\\\/\\\/hueleaazufre.com\\\/wordpress_a\\\/index.php\\\/2025\\\/01\\\/03\\\/presidente-maduro-venezuela-es-un-faro-de-democracia-y-estabilidad-en-un-mundo-turbulento\\\/#primaryimage\"},\"thumbnailUrl\":\"https:\\\/\\\/hueleaazufre.com\\\/wordpress_a\\\/wp-content\\\/uploads\\\/2025\\\/01\\\/nicolas-maduro-e-ignacio-ramonet-.webp\",\"datePublished\":\"2025-01-03T16:11:58+00:00\",\"author\":{\"@id\":\"https:\\\/\\\/hueleaazufre.com\\\/wordpress_a\\\/#\\\/schema\\\/person\\\/549dd871707ea7f9f1a686323ebe9baa\"},\"description\":\"El Presidente del Estado venezolano expres\u00f3 optimismo sobre el resurgimiento de Gobiernos de izquierda en Am\u00e9rica Latina.\",\"breadcrumb\":{\"@id\":\"https:\\\/\\\/hueleaazufre.com\\\/wordpress_a\\\/index.php\\\/2025\\\/01\\\/03\\\/presidente-maduro-venezuela-es-un-faro-de-democracia-y-estabilidad-en-un-mundo-turbulento\\\/#breadcrumb\"},\"inLanguage\":\"es\",\"potentialAction\":[{\"@type\":\"ReadAction\",\"target\":[\"https:\\\/\\\/hueleaazufre.com\\\/wordpress_a\\\/index.php\\\/2025\\\/01\\\/03\\\/presidente-maduro-venezuela-es-un-faro-de-democracia-y-estabilidad-en-un-mundo-turbulento\\\/\"]}]},{\"@type\":\"ImageObject\",\"inLanguage\":\"es\",\"@id\":\"https:\\\/\\\/hueleaazufre.com\\\/wordpress_a\\\/index.php\\\/2025\\\/01\\\/03\\\/presidente-maduro-venezuela-es-un-faro-de-democracia-y-estabilidad-en-un-mundo-turbulento\\\/#primaryimage\",\"url\":\"https:\\\/\\\/hueleaazufre.com\\\/wordpress_a\\\/wp-content\\\/uploads\\\/2025\\\/01\\\/nicolas-maduro-e-ignacio-ramonet-.webp\",\"contentUrl\":\"https:\\\/\\\/hueleaazufre.com\\\/wordpress_a\\\/wp-content\\\/uploads\\\/2025\\\/01\\\/nicolas-maduro-e-ignacio-ramonet-.webp\",\"width\":768,\"height\":432,\"caption\":\"Presidente\"},{\"@type\":\"BreadcrumbList\",\"@id\":\"https:\\\/\\\/hueleaazufre.com\\\/wordpress_a\\\/index.php\\\/2025\\\/01\\\/03\\\/presidente-maduro-venezuela-es-un-faro-de-democracia-y-estabilidad-en-un-mundo-turbulento\\\/#breadcrumb\",\"itemListElement\":[{\"@type\":\"ListItem\",\"position\":1,\"name\":\"Portada\",\"item\":\"https:\\\/\\\/hueleaazufre.com\\\/wordpress_a\\\/\"},{\"@type\":\"ListItem\",\"position\":2,\"name\":\"Presidente Maduro: Venezuela es un faro de democracia y estabilidad en un mundo turbulento\"}]},{\"@type\":\"WebSite\",\"@id\":\"https:\\\/\\\/hueleaazufre.com\\\/wordpress_a\\\/#website\",\"url\":\"https:\\\/\\\/hueleaazufre.com\\\/wordpress_a\\\/\",\"name\":\"\",\"description\":\"Huele a azufre es una plataforma digital de an\u00e1lisis geopol\u00edtico.\",\"potentialAction\":[{\"@type\":\"SearchAction\",\"target\":{\"@type\":\"EntryPoint\",\"urlTemplate\":\"https:\\\/\\\/hueleaazufre.com\\\/wordpress_a\\\/?s={search_term_string}\"},\"query-input\":{\"@type\":\"PropertyValueSpecification\",\"valueRequired\":true,\"valueName\":\"search_term_string\"}}],\"inLanguage\":\"es\"},{\"@type\":\"Person\",\"@id\":\"https:\\\/\\\/hueleaazufre.com\\\/wordpress_a\\\/#\\\/schema\\\/person\\\/549dd871707ea7f9f1a686323ebe9baa\",\"name\":\"Huele a azufre\",\"image\":{\"@type\":\"ImageObject\",\"inLanguage\":\"es\",\"@id\":\"https:\\\/\\\/secure.gravatar.com\\\/avatar\\\/e972d5c124b9bf80eb4c9d322a90dd86a59d447f5da36700a77516f13637d44e?s=96&d=mm&r=g\",\"url\":\"https:\\\/\\\/secure.gravatar.com\\\/avatar\\\/e972d5c124b9bf80eb4c9d322a90dd86a59d447f5da36700a77516f13637d44e?s=96&d=mm&r=g\",\"contentUrl\":\"https:\\\/\\\/secure.gravatar.com\\\/avatar\\\/e972d5c124b9bf80eb4c9d322a90dd86a59d447f5da36700a77516f13637d44e?s=96&d=mm&r=g\",\"caption\":\"Huele a azufre\"},\"description\":\"Huele a azufre es una plataforma digital de an\u00e1lisis geopol\u00edtico\u00a0 contrahegem\u00f3nico, que busca visibilizar las voces y los discursos silenciados por el poder medi\u00e1tico.\",\"sameAs\":[\"https:\\\/\\\/hueleaazufre.com\\\/wordpress_a\"],\"url\":\"https:\\\/\\\/hueleaazufre.com\\\/wordpress_a\\\/index.php\\\/author\\\/admin_tupapa\\\/\"}]}<\/script>\n<!-- \/ Yoast SEO plugin. -->","yoast_head_json":{"title":"Presidente Maduro: Venezuela es un faro de democracia y estabilidad en un mundo turbulento -","description":"El Presidente del Estado venezolano expres\u00f3 optimismo sobre el resurgimiento de Gobiernos de izquierda en Am\u00e9rica Latina.","robots":{"index":"index","follow":"follow","max-snippet":"max-snippet:-1","max-image-preview":"max-image-preview:large","max-video-preview":"max-video-preview:-1"},"canonical":"https:\/\/hueleaazufre.com\/wordpress_a\/index.php\/2025\/01\/03\/presidente-maduro-venezuela-es-un-faro-de-democracia-y-estabilidad-en-un-mundo-turbulento\/","og_locale":"es_ES","og_type":"article","og_title":"Presidente Maduro: Venezuela es un faro de democracia y estabilidad en un mundo turbulento -","og_description":"El Presidente del Estado venezolano expres\u00f3 optimismo sobre el resurgimiento de Gobiernos de izquierda en Am\u00e9rica Latina.","og_url":"https:\/\/hueleaazufre.com\/wordpress_a\/index.php\/2025\/01\/03\/presidente-maduro-venezuela-es-un-faro-de-democracia-y-estabilidad-en-un-mundo-turbulento\/","article_published_time":"2025-01-03T16:11:58+00:00","og_image":[{"width":768,"height":432,"url":"https:\/\/hueleaazufre.com\/wordpress_a\/wp-content\/uploads\/2025\/01\/nicolas-maduro-e-ignacio-ramonet-.webp","type":"image\/webp"}],"author":"Huele a azufre","twitter_card":"summary_large_image","twitter_misc":{"Escrito por":"Huele a azufre","Tiempo de lectura":"51 minutos"},"schema":{"@context":"https:\/\/schema.org","@graph":[{"@type":"Article","@id":"https:\/\/hueleaazufre.com\/wordpress_a\/index.php\/2025\/01\/03\/presidente-maduro-venezuela-es-un-faro-de-democracia-y-estabilidad-en-un-mundo-turbulento\/#article","isPartOf":{"@id":"https:\/\/hueleaazufre.com\/wordpress_a\/index.php\/2025\/01\/03\/presidente-maduro-venezuela-es-un-faro-de-democracia-y-estabilidad-en-un-mundo-turbulento\/"},"author":{"name":"Huele a azufre","@id":"https:\/\/hueleaazufre.com\/wordpress_a\/#\/schema\/person\/549dd871707ea7f9f1a686323ebe9baa"},"headline":"Presidente Maduro: Venezuela es un faro de democracia y estabilidad en un mundo turbulento","datePublished":"2025-01-03T16:11:58+00:00","mainEntityOfPage":{"@id":"https:\/\/hueleaazufre.com\/wordpress_a\/index.php\/2025\/01\/03\/presidente-maduro-venezuela-es-un-faro-de-democracia-y-estabilidad-en-un-mundo-turbulento\/"},"wordCount":11692,"commentCount":0,"image":{"@id":"https:\/\/hueleaazufre.com\/wordpress_a\/index.php\/2025\/01\/03\/presidente-maduro-venezuela-es-un-faro-de-democracia-y-estabilidad-en-un-mundo-turbulento\/#primaryimage"},"thumbnailUrl":"https:\/\/hueleaazufre.com\/wordpress_a\/wp-content\/uploads\/2025\/01\/nicolas-maduro-e-ignacio-ramonet-.webp","keywords":["democracia","Ignacio Ramonet","Maduro","Venezuela"],"articleSection":["Medios aliados"],"inLanguage":"es","potentialAction":[{"@type":"CommentAction","name":"Comment","target":["https:\/\/hueleaazufre.com\/wordpress_a\/index.php\/2025\/01\/03\/presidente-maduro-venezuela-es-un-faro-de-democracia-y-estabilidad-en-un-mundo-turbulento\/#respond"]}]},{"@type":"WebPage","@id":"https:\/\/hueleaazufre.com\/wordpress_a\/index.php\/2025\/01\/03\/presidente-maduro-venezuela-es-un-faro-de-democracia-y-estabilidad-en-un-mundo-turbulento\/","url":"https:\/\/hueleaazufre.com\/wordpress_a\/index.php\/2025\/01\/03\/presidente-maduro-venezuela-es-un-faro-de-democracia-y-estabilidad-en-un-mundo-turbulento\/","name":"Presidente Maduro: Venezuela es un faro de democracia y estabilidad en un mundo turbulento -","isPartOf":{"@id":"https:\/\/hueleaazufre.com\/wordpress_a\/#website"},"primaryImageOfPage":{"@id":"https:\/\/hueleaazufre.com\/wordpress_a\/index.php\/2025\/01\/03\/presidente-maduro-venezuela-es-un-faro-de-democracia-y-estabilidad-en-un-mundo-turbulento\/#primaryimage"},"image":{"@id":"https:\/\/hueleaazufre.com\/wordpress_a\/index.php\/2025\/01\/03\/presidente-maduro-venezuela-es-un-faro-de-democracia-y-estabilidad-en-un-mundo-turbulento\/#primaryimage"},"thumbnailUrl":"https:\/\/hueleaazufre.com\/wordpress_a\/wp-content\/uploads\/2025\/01\/nicolas-maduro-e-ignacio-ramonet-.webp","datePublished":"2025-01-03T16:11:58+00:00","author":{"@id":"https:\/\/hueleaazufre.com\/wordpress_a\/#\/schema\/person\/549dd871707ea7f9f1a686323ebe9baa"},"description":"El Presidente del Estado venezolano expres\u00f3 optimismo sobre el resurgimiento de Gobiernos de izquierda en Am\u00e9rica Latina.","breadcrumb":{"@id":"https:\/\/hueleaazufre.com\/wordpress_a\/index.php\/2025\/01\/03\/presidente-maduro-venezuela-es-un-faro-de-democracia-y-estabilidad-en-un-mundo-turbulento\/#breadcrumb"},"inLanguage":"es","potentialAction":[{"@type":"ReadAction","target":["https:\/\/hueleaazufre.com\/wordpress_a\/index.php\/2025\/01\/03\/presidente-maduro-venezuela-es-un-faro-de-democracia-y-estabilidad-en-un-mundo-turbulento\/"]}]},{"@type":"ImageObject","inLanguage":"es","@id":"https:\/\/hueleaazufre.com\/wordpress_a\/index.php\/2025\/01\/03\/presidente-maduro-venezuela-es-un-faro-de-democracia-y-estabilidad-en-un-mundo-turbulento\/#primaryimage","url":"https:\/\/hueleaazufre.com\/wordpress_a\/wp-content\/uploads\/2025\/01\/nicolas-maduro-e-ignacio-ramonet-.webp","contentUrl":"https:\/\/hueleaazufre.com\/wordpress_a\/wp-content\/uploads\/2025\/01\/nicolas-maduro-e-ignacio-ramonet-.webp","width":768,"height":432,"caption":"Presidente"},{"@type":"BreadcrumbList","@id":"https:\/\/hueleaazufre.com\/wordpress_a\/index.php\/2025\/01\/03\/presidente-maduro-venezuela-es-un-faro-de-democracia-y-estabilidad-en-un-mundo-turbulento\/#breadcrumb","itemListElement":[{"@type":"ListItem","position":1,"name":"Portada","item":"https:\/\/hueleaazufre.com\/wordpress_a\/"},{"@type":"ListItem","position":2,"name":"Presidente Maduro: Venezuela es un faro de democracia y estabilidad en un mundo turbulento"}]},{"@type":"WebSite","@id":"https:\/\/hueleaazufre.com\/wordpress_a\/#website","url":"https:\/\/hueleaazufre.com\/wordpress_a\/","name":"","description":"Huele a azufre es una plataforma digital de an\u00e1lisis geopol\u00edtico.","potentialAction":[{"@type":"SearchAction","target":{"@type":"EntryPoint","urlTemplate":"https:\/\/hueleaazufre.com\/wordpress_a\/?s={search_term_string}"},"query-input":{"@type":"PropertyValueSpecification","valueRequired":true,"valueName":"search_term_string"}}],"inLanguage":"es"},{"@type":"Person","@id":"https:\/\/hueleaazufre.com\/wordpress_a\/#\/schema\/person\/549dd871707ea7f9f1a686323ebe9baa","name":"Huele a azufre","image":{"@type":"ImageObject","inLanguage":"es","@id":"https:\/\/secure.gravatar.com\/avatar\/e972d5c124b9bf80eb4c9d322a90dd86a59d447f5da36700a77516f13637d44e?s=96&d=mm&r=g","url":"https:\/\/secure.gravatar.com\/avatar\/e972d5c124b9bf80eb4c9d322a90dd86a59d447f5da36700a77516f13637d44e?s=96&d=mm&r=g","contentUrl":"https:\/\/secure.gravatar.com\/avatar\/e972d5c124b9bf80eb4c9d322a90dd86a59d447f5da36700a77516f13637d44e?s=96&d=mm&r=g","caption":"Huele a azufre"},"description":"Huele a azufre es una plataforma digital de an\u00e1lisis geopol\u00edtico\u00a0 contrahegem\u00f3nico, que busca visibilizar las voces y los discursos silenciados por el poder medi\u00e1tico.","sameAs":["https:\/\/hueleaazufre.com\/wordpress_a"],"url":"https:\/\/hueleaazufre.com\/wordpress_a\/index.php\/author\/admin_tupapa\/"}]}},"_links":{"self":[{"href":"https:\/\/hueleaazufre.com\/wordpress_a\/index.php\/wp-json\/wp\/v2\/posts\/1975","targetHints":{"allow":["GET"]}}],"collection":[{"href":"https:\/\/hueleaazufre.com\/wordpress_a\/index.php\/wp-json\/wp\/v2\/posts"}],"about":[{"href":"https:\/\/hueleaazufre.com\/wordpress_a\/index.php\/wp-json\/wp\/v2\/types\/post"}],"author":[{"embeddable":true,"href":"https:\/\/hueleaazufre.com\/wordpress_a\/index.php\/wp-json\/wp\/v2\/users\/1"}],"replies":[{"embeddable":true,"href":"https:\/\/hueleaazufre.com\/wordpress_a\/index.php\/wp-json\/wp\/v2\/comments?post=1975"}],"version-history":[{"count":1,"href":"https:\/\/hueleaazufre.com\/wordpress_a\/index.php\/wp-json\/wp\/v2\/posts\/1975\/revisions"}],"predecessor-version":[{"id":1977,"href":"https:\/\/hueleaazufre.com\/wordpress_a\/index.php\/wp-json\/wp\/v2\/posts\/1975\/revisions\/1977"}],"wp:featuredmedia":[{"embeddable":true,"href":"https:\/\/hueleaazufre.com\/wordpress_a\/index.php\/wp-json\/wp\/v2\/media\/1976"}],"wp:attachment":[{"href":"https:\/\/hueleaazufre.com\/wordpress_a\/index.php\/wp-json\/wp\/v2\/media?parent=1975"}],"wp:term":[{"taxonomy":"category","embeddable":true,"href":"https:\/\/hueleaazufre.com\/wordpress_a\/index.php\/wp-json\/wp\/v2\/categories?post=1975"},{"taxonomy":"post_tag","embeddable":true,"href":"https:\/\/hueleaazufre.com\/wordpress_a\/index.php\/wp-json\/wp\/v2\/tags?post=1975"}],"curies":[{"name":"wp","href":"https:\/\/api.w.org\/{rel}","templated":true}]}}