{"id":2003,"date":"2025-01-10T03:51:04","date_gmt":"2025-01-10T03:51:04","guid":{"rendered":"https:\/\/hueleaazufre.com\/wordpress_a\/?p=2003"},"modified":"2025-01-10T03:51:04","modified_gmt":"2025-01-10T03:51:04","slug":"por-que-gobiernan-trump-y-milei-ii-parte","status":"publish","type":"post","link":"https:\/\/hueleaazufre.com\/wordpress_a\/index.php\/2025\/01\/10\/por-que-gobiernan-trump-y-milei-ii-parte\/","title":{"rendered":"\u00bfPor qu\u00e9 gobiernan Trump y Milei? II Parte"},"content":{"rendered":"<p><b><i>En esta entrega el autor analiza la radicalizaci\u00f3n en las falsas creencias que implant\u00f3 la ideolog\u00eda neoliberal y el usufructo de los resultados adversos de la lucha social as\u00ed como de las dificultades de la izquierda para erigir alternativas. Adem\u00e1s muestra c\u00f3mo Estados Unidos y Argentina se ubican en las ant\u00edpodas en el escenario de mayor regulaci\u00f3n econ\u00f3mica que sucedi\u00f3 a la crisis financiera del 2008.<\/i><\/b><\/p>\n<p><b>Una matriz neoliberal radicalizada<\/b><\/p>\n<p><b>Un importante cimiento de Trump y Milei es la regresi\u00f3n ideol\u00f3gica generada por cuatro d\u00e9cadas de neoliberalismo.<\/b><span style=\"font-weight: 400;\"> En ese per\u00edodo fueron introducidos todos los mitos que actualmente exacerba la ultraderecha. La inserci\u00f3n de esas falacias les permite a los l\u00edderes reaccionarios capitalizar el descontento suscitado por el modelo que los precedi\u00f3. Son al mismo tiempo un producto de ese esquema y una reacci\u00f3n frente a sus consecuencias.<\/span><\/p>\n<p><b>Para leer la primera parte de este an\u00e1lisis:<\/b> <a href=\"https:\/\/hueleaazufre.com\/wordpress_a\/index.php\/2025\/01\/06\/por-que-gobiernan-trump-y-milei-i-parte\/\"><span style=\"font-weight: 400;\">\u00bfPor qu\u00e9 gobiernan Trump y Milei? I Parte &#8211;<\/span><\/a><\/p>\n<blockquote class=\"wp-embedded-content\" data-secret=\"MCBGiDEwaZ\"><p><a href=\"https:\/\/hueleaazufre.com\/wordpress_a\/index.php\/2025\/01\/06\/por-que-gobiernan-trump-y-milei-i-parte\/\">\u00bfPor qu\u00e9 gobiernan Trump y Milei? I Parte<\/a><\/p><\/blockquote>\n<p><iframe class=\"wp-embedded-content\" sandbox=\"allow-scripts\" security=\"restricted\" style=\"position: absolute; visibility: hidden;\" title=\"\u00ab\u00bfPor qu\u00e9 gobiernan Trump y Milei? I Parte\u00bb \u2014 \" src=\"https:\/\/hueleaazufre.com\/wordpress_a\/index.php\/2025\/01\/06\/por-que-gobiernan-trump-y-milei-i-parte\/embed\/#?secret=VzyEL4sVqW#?secret=MCBGiDEwaZ\" data-secret=\"MCBGiDEwaZ\" width=\"600\" height=\"338\" frameborder=\"0\" marginwidth=\"0\" marginheight=\"0\" scrolling=\"no\"><\/iframe><\/p>\n<p><span style=\"font-weight: 400;\">Durante la prolongada etapa de preeminencia neoliberal \u2014que inaugur\u00f3 el thatcherismo y consolid\u00f3 la implosi\u00f3n de la Uni\u00f3n Sovi\u00e9tica\u2014 la ideolog\u00eda de la competencia, el mercado y el individualismo penetr\u00f3 en vastos sectores de la poblaci\u00f3n. <\/span><b>Ese impacto desbord\u00f3 su tradicional gravitaci\u00f3n entre las \u00e9lites y su conocida incidencia en los sectores medios, para capturar significativas franjas populares. <\/b><span style=\"font-weight: 400;\">Esa influencia cre\u00f3 las condiciones para qu\u00e9 irrumpieran en la \u00faltima d\u00e9cada, las creencias ultraderechistas que radicalizan la matriz neoliberal.<\/span><\/p>\n<p><span style=\"font-weight: 400;\">Ese viraje hacia formas extremas del mismo cimiento explica la erosi\u00f3n de la solidaridad entre los propios trabajadores.<\/span><b> El neoliberalismo generaliz\u00f3 la presunci\u00f3n individualista de que el asalariado es culpable de sus penurias.<\/b><span style=\"font-weight: 400;\"> Postula que esa responsabilidad deriva de su ineficiencia cuando est\u00e1 empleado y de su reducida capacitaci\u00f3n cuando est\u00e1 desocupado.\u00a0<\/span><\/p>\n<p><b>Para leer un recorrido por los distintos escenarios conflictivos que se pueden desarrollar e intensificar en Nuestram\u00e9rica:<\/b> <a href=\"https:\/\/hueleaazufre.com\/wordpress_a\/index.php\/2025\/01\/07\/2025-algunas-perspectivas-geopoliticas-exclusivo\/\"><span style=\"font-weight: 400;\">2025: algunas perspectivas geopol\u00edticas EXCLUSIVO &#8211;<\/span><\/a><\/p>\n<blockquote class=\"wp-embedded-content\" data-secret=\"97S3x3OEco\"><p><a href=\"https:\/\/hueleaazufre.com\/wordpress_a\/index.php\/2025\/01\/07\/2025-algunas-perspectivas-geopoliticas-exclusivo\/\">2025: algunas perspectivas geopol\u00edticas EXCLUSIVO<\/a><\/p><\/blockquote>\n<p><iframe class=\"wp-embedded-content\" sandbox=\"allow-scripts\" security=\"restricted\" style=\"position: absolute; visibility: hidden;\" title=\"\u00ab2025: algunas perspectivas geopol\u00edticas EXCLUSIVO\u00bb \u2014 \" src=\"https:\/\/hueleaazufre.com\/wordpress_a\/index.php\/2025\/01\/07\/2025-algunas-perspectivas-geopoliticas-exclusivo\/embed\/#?secret=YrbRTWibNP#?secret=97S3x3OEco\" data-secret=\"97S3x3OEco\" width=\"600\" height=\"338\" frameborder=\"0\" marginwidth=\"0\" marginheight=\"0\" scrolling=\"no\"><\/iframe><\/p>\n<p><b>Ese mito ha sido desmentido por la desigualdad, los bajos ingresos y la precarizaci\u00f3n laboral,<\/b><span style=\"font-weight: 400;\"> que expandieron los capitalistas para incrementar su rentabilidad bajo el neoliberalismo. Pero esa evidencia no redund\u00f3 en un resurgimiento de la conciencia socialista, sino en un proceso inverso de captura ultraderechista del malestar popular.\u00a0<\/span><\/p>\n<p><span style=\"font-weight: 400;\">Esas vertientes transformaron el principio neoliberal de responsabilidad del propio pueblo por sus desgracias, en un criterio beligerante de culpabilidad de los sectores m\u00e1s sumergidos.<\/span><b> El yerro individual fue reemplazado por la denigraci\u00f3n de los m\u00e1s oprimidos, pero sin alterar nunca la absoluci\u00f3n de los capitalistas.<\/b><span style=\"font-weight: 400;\"> La campa\u00f1a contra los inmigrantes, los pobres y los informales se asienta en d\u00e9cadas de creencias neoliberales, que eximen a los millonarios y acusan a los desamparados por las desventuras que afronta la sociedad.<\/span><\/p>\n<blockquote>\n<h2><b><i>\u201cDesde la pandemia se instal\u00f3 un espectro de visiones paranoicas y conspiraciones malignas, con fuertes condimentos de terraplanismo y antivacunaci\u00f3n. Esos desvar\u00edos prosperan por el campo f\u00e9rtil de creencias que introdujo el neoliberalismo y reformula la ultraderecha\u201d<\/i><\/b><\/h2>\n<\/blockquote>\n<p><b>Trump se monta en esa inversi\u00f3n de la realidad para denigrar a los inmigrantes y Milei recurre a la misma falacia para atacar a los piqueteros precarizados.<\/b><span style=\"font-weight: 400;\"> En los dos pa\u00edses aprovechan la internalizaci\u00f3n de las f\u00e1bulas competitivas del neoliberalismo, para contraponer a los pobres con los m\u00e1s pobres.<\/span><\/p>\n<p><b>Esa misma radicalizaci\u00f3n de la matriz ideol\u00f3gica neoliberal se verifica en otros planos. <\/b><span style=\"font-weight: 400;\">La exaltaci\u00f3n de la desregulaci\u00f3n, el elogio a las privatizaciones y la adulaci\u00f3n de mercado han derivado en apolog\u00edas al capitalismo que enaltecen la desigualdad social. Los elogios a los emprendedores han desembocado, a su vez, en una glorificaci\u00f3n mayor de los patrones.<\/span><\/p>\n<p><b>El neoliberalismo utiliz\u00f3 durante d\u00e9cadas la alabanza al capitalista para denigrar el socialismo,<\/b><span style=\"font-weight: 400;\"> proclamar \u201cel fin de la historia\u201d y decretar el entierro de cualquier proyecto de igualdad. Montada en ese cimiento, la ultraderecha despliega un anticomunismo delirante. Trump ubica a Biden en la proximidad de esa perdici\u00f3n y Milei denuncia irradiaciones del mismo mal en Petro, Lula y L\u00f3pez Obrador.<\/span><\/p>\n<p><b>Ciertamente el universo de redes gobernadas por la mentira ha contribuido a potenciar esos delirios.<\/b><span style=\"font-weight: 400;\"> Desde la pandemia se instal\u00f3 un espectro de visiones paranoicas y conspiraciones malignas, con fuertes condimentos de terraplanismo y antivacunaci\u00f3n. Esos desvar\u00edos prosperan por el campo f\u00e9rtil de creencias que introdujo el neoliberalismo y reformula la ultraderecha.<\/span><\/p>\n<p><b>Adversidades sociales y pol\u00edticas<\/b><\/p>\n<p><b>La ultraderecha canaliza el descontento con el neoliberalismo en todo el mundo por la debilidad de la izquierda. <\/b><span style=\"font-weight: 400;\">Todas las vertientes anticapitalistas contin\u00faan afectadas por la crisis de credibilidad en el proyecto comunista, que inaugur\u00f3 el derrumbe de la Uni\u00f3n Sovi\u00e9tica. Ese golpe a la conciencia socialista no es un dato invariable, ni eterno, pero ha sido recreado por las desalentadoras experiencias del progresismo.<\/span><\/p>\n<p><span style=\"font-weight: 400;\">La oleada marr\u00f3n tambi\u00e9n se asienta en la transformaci\u00f3n social regresiva, que introdujo el neoliberalismo con la segmentaci\u00f3n de la clase obrera, la expansi\u00f3n de la precarizaci\u00f3n laboral, el aumento del desempleo y la creciente informalidad del trabajo. <\/span><b>Esa ruptura de la cohesi\u00f3n social del proletariado facilita la erosi\u00f3n de las tradiciones cooperativas y debilita la organizaci\u00f3n sindical.<\/b><span style=\"font-weight: 400;\"> Ha creado un campo f\u00e9rtil para la impugnaci\u00f3n derechista de la acci\u00f3n colectiva.\u00a0<\/span><\/p>\n<p><b>Pero el principal soporte de la derecha proviene de los resultados de la lucha de clases. <\/b><span style=\"font-weight: 400;\">Varias adversidades recrearon escenarios negativos de gran incidencia global. La tr\u00e1gica derrota de la Primavera \u00c1rabe \u2014con dictaduras, destrucci\u00f3n de pa\u00edses y preeminencia de la brutalidad yihadista\u2014 tuvo ese impacto.\u00a0<\/span><\/p>\n<blockquote>\n<h2><b><i>\u201cLa lucha educativa cuenta con gran acompa\u00f1amiento social por el prestigio de la universidad p\u00fablica, que tradicionalmente concentr\u00f3 la mayor expectativa de ascenso social. Esa instituci\u00f3n contin\u00faa despertando esperanzas entre las familias empobrecidas\u201d<\/i><\/b><\/h2>\n<\/blockquote>\n<p><span style=\"font-weight: 400;\">A otra escala ha sido tambi\u00e9n relevante el reflujo de movimientos que despertaron esperanzas en Europa, como los indignados de Espa\u00f1a, los militantes de Grecia y los chalecos amarillos de Francia. Dos sectores gravitantes como el feminismo y el ambientalismo afrontaron, adem\u00e1s, serias obstrucciones.<\/span><\/p>\n<p><b>En el \u00e9xito electoral de Trump influy\u00f3 el retroceso acumulativo de las luchas populares. <\/b><span style=\"font-weight: 400;\">Ese repliegue no fue revertido por las movilizaciones m\u00e1s recientes de mujeres, afroamericanos, sindicatos y j\u00f3venes por Palestina. El despunte que tuvo Bernie Sanders (y la corriente de los Dem\u00f3cratas por el Socialismo) se estanc\u00f3, antes de alcanzar la incidencia requerida para disputar franjas significativas del electorado.<\/span><\/p>\n<p><b>En Argentina, Milei lleg\u00f3 al gobierno montado en un reflujo de luchas sociales y afront\u00f3 inicialmente una gran resistencia popular, <\/b><span style=\"font-weight: 400;\">con dos paros generales y una extraordinaria marcha educativa. Pero logr\u00f3 posteriormente forzar el declive de la movilizaci\u00f3n, mediante la intimidaci\u00f3n represiva, la presi\u00f3n del desempleo y el aumento de la pobreza.\u00a0<\/span><\/p>\n<p><b>El anarcocapitalista utiliza esos recursos para atacar a los sindicatos estatales y contener la lucha de los jubilados.<\/b><span style=\"font-weight: 400;\"> Ha contado con la complicidad de la burocracia sindical y con el sost\u00e9n del Congreso para aprobar las leyes del ajuste. Ese respaldo lo envalent\u00f3 para multiplicar sus agresiones.\u00a0<\/span><\/p>\n<p><b>Pero esa andanada podr\u00eda ser frenada, si la acci\u00f3n de los educadores recobra energ\u00edas y deriva en un movimiento perdurable, <\/b><span style=\"font-weight: 400;\">como el protagonizado por el estudiantado chileno. La lucha educativa cuenta con gran acompa\u00f1amiento social por el prestigio de la universidad p\u00fablica, que tradicionalmente concentr\u00f3 la mayor expectativa de ascenso social. Esa instituci\u00f3n contin\u00faa despertando esperanzas entre las familias empobrecidas, como un \u00e1mbito de gratuidad que permitir\u00eda revertir el desplome de sus ingresos.<\/span><\/p>\n<p><b>Milei corona su primer a\u00f1o de gobierno con triunfalismo y en un clima de cierta estabilidad.<\/b><span style=\"font-weight: 400;\"> La principal explicaci\u00f3n de ese resultado se encuentra en el reflujo que impuso al movimiento popular. Como el prop\u00f3sito central de su mandato es doblegar a los trabajadores, ese indicador es el principal bar\u00f3metro de su gesti\u00f3n.\u00a0<\/span><\/p>\n<p><b>Si en los pr\u00f3ximos meses resurge la resistencia social, Milei podr\u00eda afrontar la misma derrota en las calles que sign\u00f3 el destino de Macri en el 2018.<\/b><span style=\"font-weight: 400;\"> Si, por el contrario, logra consolidar el repliegue de esa lucha (y consigue proyectar ese dato a un buen resultado electoral), podr\u00eda situarse cerca del \u00e9xito contra las huelgas que logr\u00f3 Menem, para iniciar la convertibilidad.\u00a0<\/span><\/p>\n<p><b>Para leer m\u00e1s an\u00e1lisis sobre Donald Trump:<\/b> <a href=\"https:\/\/hueleaazufre.com\/wordpress_a\/index.php\/2024\/12\/18\/piromano-en-la-casa-blanca\/\"><span style=\"font-weight: 400;\">Pir\u00f3mano en la Casa Blanca &#8211;<\/span><\/a><\/p>\n<blockquote class=\"wp-embedded-content\" data-secret=\"8HN67wWq2o\"><p><a href=\"https:\/\/hueleaazufre.com\/wordpress_a\/index.php\/2024\/12\/18\/piromano-en-la-casa-blanca\/\">Pir\u00f3mano en la Casa Blanca<\/a><\/p><\/blockquote>\n<p><iframe class=\"wp-embedded-content\" sandbox=\"allow-scripts\" security=\"restricted\" style=\"position: absolute; visibility: hidden;\" title=\"\u00abPir\u00f3mano en la Casa Blanca\u00bb \u2014 \" src=\"https:\/\/hueleaazufre.com\/wordpress_a\/index.php\/2024\/12\/18\/piromano-en-la-casa-blanca\/embed\/#?secret=gz78aJVWhG#?secret=8HN67wWq2o\" data-secret=\"8HN67wWq2o\" width=\"600\" height=\"338\" frameborder=\"0\" marginwidth=\"0\" marginheight=\"0\" scrolling=\"no\"><\/iframe><\/p>\n<p><b>Otro escenario econ\u00f3mico\u00a0<\/b><\/p>\n<p><b>Trump y Milei emergen en el mismo contexto de crisis de la globalizaci\u00f3n neoliberal, inaugurada en el 2008 con el gran colapso y rescate de los bancos<\/b><span style=\"font-weight: 400;\">. Ese impacto defini\u00f3 dos per\u00edodos muy distintos del modelo capitalista actual. La gran expansi\u00f3n inicial de la mundializaci\u00f3n financiera, productiva y comercial qued\u00f3 sustituida por el proteccionismo y la reorganizaci\u00f3n actual de las cadenas de valor.\u00a0<\/span><\/p>\n<p><span style=\"font-weight: 400;\">Esta remodelaci\u00f3n alienta la proximidad de los suministros (<\/span><i><span style=\"font-weight: 400;\">nearshoring<\/span><\/i><span style=\"font-weight: 400;\">) y reubica plantas en localidades cercanas a las casas matrices (<\/span><i><span style=\"font-weight: 400;\">friendshoring<\/span><\/i><span style=\"font-weight: 400;\">), para reducir el riesgo de un corte de los abastecimientos (<\/span><i><span style=\"font-weight: 400;\">derisking<\/span><\/i><span style=\"font-weight: 400;\">), en el tenso escenario de bloques comerciales en conflicto.<\/span><\/p>\n<p><span style=\"font-weight: 400;\">Actualmente se debate si esa reestructuraci\u00f3n desacelera la mundializaci\u00f3n (<\/span><i><span style=\"font-weight: 400;\">slowbalisation<\/span><\/i><span style=\"font-weight: 400;\">) o la revierte (desglobalizaci\u00f3n). Pero la ascendente internacionalizaci\u00f3n se ha frenado y ese giro facilita la sustituci\u00f3n del globalismo neoliberal por el nacionalismo ultraderechista.<\/span><\/p>\n<p><b>Ese viraje incluye una creciente intervenci\u00f3n de los Estados, ya no para socorrer a los bancos en la emergencia, sino para sostener la marcha de la econom\u00eda<\/b><span style=\"font-weight: 400;\"> con las regulaciones que intent\u00f3 eliminar el neoliberalismo. El modelo en curso contin\u00faa el esquema previo, pero con formas diferentes a su matriz inicial y en convivencia con pol\u00edticas neokeynesianas.<\/span><\/p>\n<p><b>En esa ambig\u00fcedad navega la ultraderecha, que en algunos temas apuntala el intervencionismo y en otros extrema el neoliberalismo.<\/b><span style=\"font-weight: 400;\"> La fuerte presencia estatal para lidiar con el resurgimiento de la inflaci\u00f3n y el descontrol de la deuda p\u00fablica es un ejemplo del primer libreto.\u00a0<\/span><\/p>\n<blockquote>\n<h2><b><i>\u201cPromociona [Trump] un extractivismo petrolero que potencia la destrucci\u00f3n del medio ambiente y el consiguiente incremento de las sequ\u00edas, las inundaciones y las oleadas de fr\u00edo polar o calor tropical\u201d<\/i><\/b><\/h2>\n<\/blockquote>\n<p><span style=\"font-weight: 400;\">Esas acciones intentan prevenir la repetici\u00f3n del estallido financiero del 2008, que puso en peligro la subsistencia de los siete principales bancos de Occidente y la consiguiente continuidad del capitalismo. Esa crisis dej\u00f3 una perdurable sensaci\u00f3n de temor, que se verifica en el desliz de p\u00e1nico que acompa\u00f1a a cada temblor de Wall Street. Nadie sabe si esos sacudones forman parte de la rutina burs\u00e1til o reanudan la convulsi\u00f3n del sistema financiero.<\/span><\/p>\n<p><b>Gran parte del programa econ\u00f3mico de Trump es coherente con este nuevo escenario de intervenci\u00f3n estatal.<\/b><span style=\"font-weight: 400;\"> Pero su injerencia est\u00e1 motivada tambi\u00e9n por la p\u00e9rdida de competitividad de la econom\u00eda estadounidense frente al rival chino y ese declive no se corrige con simples regulaciones o aumentos de aranceles. Esas medidas tan solo ilustran la improvisaci\u00f3n defensiva de una potencia, que no logra contener el deterioro de su productividad (Roberts, 2024).<\/span><\/p>\n<p><b>En otros terrenos, Trump recrea las desregulaciones m\u00e1s extremas del neoliberalismo. <\/b><span style=\"font-weight: 400;\">Esa inclinaci\u00f3n se verifica en el negacionismo clim\u00e1tico. Promociona un extractivismo petrolero que potencia la destrucci\u00f3n del medio ambiente y el consiguiente incremento de las sequ\u00edas, las inundaciones y las oleadas de fr\u00edo polar o calor tropical. Ese auspicio obedece a su estrecha asociaci\u00f3n con las empresas petroleras y el complejo industrial-militar. Por eso alienta la fantas\u00eda antiverde de resolver el desastre clim\u00e1tico con alguna respuesta espont\u00e1nea del mercado. Entre sus allegados pululan incluso los personajes que relacionan la crisis ambiental con castigos divinos a los pecadores que se apartaron de la religi\u00f3n (Seymour, 2024).<\/span><\/p>\n<p><b>Otra conexi\u00f3n con el neoliberalismo puro se observa en el entrelazamiento del trumpismo con la econom\u00eda digital de Elon Musk. <\/b><span style=\"font-weight: 400;\">Ese favoritismo tiende a acentuar la preeminencia de un sector que navega en la frontera de la sobreinversi\u00f3n. Si la descontrolada expectativa en los negocios que abrir\u00eda la Inteligencia Artificial contin\u00faa atrayendo capitales superiores a la rentabilidad que genera esa rama, tomar\u00e1 cuerpo el peligro de una burbuja tecnol\u00f3gica.\u00a0<\/span><\/p>\n<p><b>Un estallido de ese tipo (crisis de las <\/b><b><i>Punto.com<\/i><\/b><b>) sacudi\u00f3 a todos los mercados a principios del nuevo siglo.<\/b><span style=\"font-weight: 400;\"> El trumpismo no puede sustraerse de esa repetici\u00f3n, porque potencia varios desequilibrios que introdujo el neoliberalismo sin corregir los restantes. En \u00faltima instancia gestiona el mismo sistema capitalista que suscita esas tensiones.<\/span><\/p>\n<p><b>En ese terreno econ\u00f3mico Milei contrasta frontalmente con su mandante. <\/b><span style=\"font-weight: 400;\">Despliega una ret\u00f3rica ultraliberal y anti estatista muy contrapuesta con el declamado intervencionismo de Trump. <\/span><b>No solo la apertura comercial de Argentina choca con el proteccionismo estadounidense. Tambi\u00e9n las privatizaciones y el desmantelamiento de la obra p\u00fablica en el Cono Sur <\/b><span style=\"font-weight: 400;\">se ubican en las ant\u00edpodas de las subvenciones que apuntala el magnate del Norte.<\/span><\/p>\n<blockquote>\n<h2><b><i>\u201cA mediano plazo, el novedoso excedente comercial que generar\u00e1n las exportaciones de petr\u00f3leo y miner\u00eda podr\u00eda tambi\u00e9n contrarrestar la falta de d\u00f3lares. Milei espera estabilizar su modelo, relanzando el endeudamiento\u201d<\/i><\/b><\/h2>\n<\/blockquote>\n<p><span style=\"font-weight: 400;\">Por ese radical contrapunto, la econom\u00eda argentina ha quedado muy desguarnecida frente al giro americanista en curso. El pa\u00eds ser\u00e1 un vertedero de las mercanc\u00edas sobrantes en el mundo, si comienza la guerra de aranceles que propicia Trump. Es muy improbable que el proteccionista de la Casa Blanca except\u00fae a la Argentina de las murallas comerciales.<\/span><\/p>\n<p><b>Mucho m\u00e1s peligrosas son las potenciales consecuencias del incremento de las tasas de inter\u00e9s, que impondr\u00edan los reguladores financieros de Estados Unidos<\/b><span style=\"font-weight: 400;\"> (FED), para atemperar la inflaci\u00f3n desatada por el conflicto arancelario. Si esa medida repite la usual salida de capitales hacia el Norte, el actual veranito financiero de Argentina podr\u00eda naufragar abruptamente.<\/span><\/p>\n<p><span style=\"font-weight: 400;\">Los especuladores que ingresan fondos del exterior para lucrar con el alt\u00edsimo rendimiento de los bonos y las acciones locales, afrontar\u00edan la tentaci\u00f3n de poner fin a la bicicleta, para proteger sus ganancias retornando al refugio estadounidense. Esa secuencia precipit\u00f3 los estallidos financieros que en las \u00faltimas d\u00e9cadas desmoronaron a la econom\u00eda argentina.<\/span><\/p>\n<p><b>Es cierto que ese eventual desplome est\u00e1 atemperado por un blanqueo, que premia por en\u00e9sima vez a los grandes evasores.<\/b><span style=\"font-weight: 400;\"> A mediano plazo, el novedoso excedente comercial que generar\u00e1n las exportaciones de petr\u00f3leo y miner\u00eda podr\u00eda tambi\u00e9n contrarrestar la falta de d\u00f3lares. Milei espera estabilizar su modelo, relanzando el endeudamiento y supone que Trump facilitar\u00e1 esa hipoteca apuntalando un nuevo cr\u00e9dito del FMI.<\/span><\/p>\n<p><b>Pero ninguna de esas hip\u00f3tesis diluye el peligro de una convulsi\u00f3n financiera, precipitada por alg\u00fan imprevisto local o internacional.<\/b><span style=\"font-weight: 400;\"> Esos cisnes negros desataron los desmadres de 1982, 1989, 2001 y 2018. Milei ha fragilizado como nunca a la econom\u00eda argentina frente a esos peligros, al recrear el modelo de plata dulce y d\u00f3lar barato que incentiva el endeudamiento, disuade la inversi\u00f3n, despilfarra las divisas y destruye el aparato productivo.\u00a0<\/span><\/p>\n<p><span style=\"font-weight: 400;\">Mientras los socios del pa\u00eds deval\u00faan para afrontar la tormenta que prepara Trump, Argentina se encarece en d\u00f3lares y se apresta a repetir una variante de la Convertibilidad, mucho m\u00e1s da\u00f1ina que la padecida en los a\u00f1os 90.<\/span><\/p>\n<p><b>El pa\u00eds es una gran vidriera de los experimentos internacionales de la ultraderecha. <\/b><span style=\"font-weight: 400;\">Pero comprender el significado de ese ensayo requiere evaluaciones conceptuales, que abordaremos en el pr\u00f3ximo texto.\u00a0<\/span><\/p>\n<p><b>Autor: Claudio Kats<\/b><\/p>\n<p><b><i>REFERENCIAS<\/i><\/b><\/p>\n<p><i><span style=\"font-weight: 400;\">Fraser, Nancy (2019). \u00bfPodemos entender el populismo sin llamarlo fascista?, 11-4-2019 <\/span><\/i><a href=\"http:\/\/www.sinpermiso.info\/textos\/podemos-entender-el-populismo-sin-llamarlo-fascista-entrevista\"><i><span style=\"font-weight: 400;\">http:\/\/www.sinpermiso.info\/textos<\/span><\/i><\/a><\/p>\n<p><i><span style=\"font-weight: 400;\">Selfa, Lance; Smith, Sharon (2024) Es la econom\u00eda, est\u00fapido13\/11, <\/span><\/i><a href=\"https:\/\/www.cadtm.org\/Es-la-economia-estupido\"><i><span style=\"font-weight: 400;\">https:\/\/www.cadtm.org\/Es-la-economia-estupido<\/span><\/i><\/a><i><span style=\"font-weight: 400;\">.<\/span><\/i><\/p>\n<p><i><span style=\"font-weight: 400;\">Vergara, Jimena; Davis, Sybil (2024) La elecci\u00f3n presidencial en EE. UU., la nueva derecha y c\u00f3mo enfrentarla, <\/span><\/i><a href=\"https:\/\/www.aporrea.org\/internacionales\/a335842.html\"><i><span style=\"font-weight: 400;\">https:\/\/www.aporrea.org\/internacionales\/a335842.html<\/span><\/i><\/a><\/p>\n<p><i><span style=\"font-weight: 400;\">Saferstein, Ezequiel (2024) Agust\u00edn Laje, el cruzado de la nueva derecha latinoamericana. enero<\/span><\/i><\/p>\n<p><a href=\"https:\/\/nuso.org\/articulo\/agustin-laje-el-cruzado-de-la-nueva-derecha-latinoamericana\/\"><i><span style=\"font-weight: 400;\">https:\/\/nuso.org\/articulo\/agustin-laje-el-cruzado-de-la-nueva-derecha-latinoamericana\/<\/span><\/i><\/a><\/p>\n<p><i><span style=\"font-weight: 400;\">Katz, Claudio (2024). Am\u00e9rica Latina en la encrucijada global, Buenos Aires Batalla de Ideas; La Habana: Editorial de Ciencias Sociales.<\/span><\/i><\/p>\n<p><i><span style=\"font-weight: 400;\">Urb\u00e1n, Miguel (2024). La extrema derecha ha recogido el elemento rebelde de la izquierda<\/span><\/i><\/p>\n<p><a href=\"https:\/\/www.pagina12.com.ar\/723698-miguel-urban-la-extrema-derecha-ha-recogido-el-elemento-rebe\"><i><span style=\"font-weight: 400;\">https:\/\/www.pagina12.com.ar\/723698-miguel-urban-la-extrema-derecha-ha-recogido-el-elemento-rebe<\/span><\/i><\/a><\/p>\n<p><i><span style=\"font-weight: 400;\">Sztulwark, Diego (2024) \u00bfUn presidente gramsciano? <\/span><\/i><a href=\"https:\/\/www.pagina12.com.ar\/783571-un-presidente-gramsciano\"><i><span style=\"font-weight: 400;\">https:\/\/www.pagina12.com.ar\/783571-un-presidente-gramsciano<\/span><\/i><\/a><\/p>\n<p><i><span style=\"font-weight: 400;\">Merino, Gabriel (2023). Un nuevo consenso de Washington https:\/\/www.iade.org.ar\/noticias\/un-nuevo-consenso-de-washington<\/span><\/i><\/p>\n<p><i><span style=\"font-weight: 400;\">Johannes, Javier Molina (2022). La batalla cultural Usos de Gramsci por las derechas\u00a0<\/span><\/i><\/p>\n<p><a href=\"https:\/\/www.academia.edu\/93514187\/La_batalla_cultural_usos_de_Gramsci_por_las_derechas_latinoamericanas_contempor%C3%A1neas\"><i><span style=\"font-weight: 400;\">https:\/\/www.academia.edu\/93514187\/La_batalla_cultural_usos_de_Gramsci_por_las_derechas_latinoamericanas_contempor%C3%A1neas<\/span><\/i><\/a><\/p>\n<p><i><span style=\"font-weight: 400;\">Roberts, Michael (2024) EEUU: Unas elecciones sobre la econom\u00eda, la inmigraci\u00f3n y las pol\u00edticas de identidad <\/span><\/i><a href=\"https:\/\/contrahegemoniaweb.com.ar\/2024\/11\/11\/eeuu-unas-elecciones-sobre-la-economia-la-inmigracion-y-las-politicas-de-identidad\/\"><i><span style=\"font-weight: 400;\">https:\/\/contrahegemoniaweb.com.ar\/2024\/11\/11\/eeuu-unas-elecciones-sobre-la-economia-la-inmigracion-y-las-politicas-de-identidad\/<\/span><\/i><\/a><\/p>\n<p><i><span style=\"font-weight: 400;\">Seymour, Richard (2024). Entrevista al pensador marxistasobre c\u00f3mo la extrema derecha explota la crisis medioambiental <\/span><\/i><a href=\"https:\/\/vientosur.info\/richard-seymour-no-puedes-pegarle-un-tiro-al-cambio-climatico\/\"><i><span style=\"font-weight: 400;\">https:\/\/vientosur.info\/richard-seymour-no-puedes-pegarle-un-tiro-al-cambio-climatico\/<\/span><\/i><\/a><\/p>\n<p>&nbsp;<\/p>\n","protected":false},"excerpt":{"rendered":"<p>En esta entrega el autor analiza la radicalizaci\u00f3n en las falsas creencias que implant\u00f3 la&#8230;<\/p>\n","protected":false},"author":1,"featured_media":2004,"comment_status":"open","ping_status":"closed","sticky":false,"template":"","format":"standard","meta":{"footnotes":""},"categories":[38,70],"tags":[18,89,17,530,148],"class_list":["post-2003","post","type-post","status-publish","format-standard","has-post-thumbnail","hentry","category-claudio-katz","category-otras-voces","tag-argentina","tag-ee-uu","tag-milei","tag-politicas","tag-trump"],"yoast_head":"<!-- This site is optimized with the Yoast SEO plugin v27.5 - https:\/\/yoast.com\/product\/yoast-seo-wordpress\/ -->\n<title>\u00bfPor qu\u00e9 gobiernan Trump y Milei? II Parte -<\/title>\n<meta name=\"description\" content=\"Trump. En esta entrega el autor analiza la radicalizaci\u00f3n en las falsas creencias que implant\u00f3 la ideolog\u00eda neoliberal.\" \/>\n<meta name=\"robots\" content=\"index, follow, max-snippet:-1, max-image-preview:large, max-video-preview:-1\" \/>\n<link rel=\"canonical\" href=\"https:\/\/hueleaazufre.com\/wordpress_a\/index.php\/2025\/01\/10\/por-que-gobiernan-trump-y-milei-ii-parte\/\" \/>\n<meta property=\"og:locale\" content=\"es_ES\" \/>\n<meta property=\"og:type\" content=\"article\" \/>\n<meta property=\"og:title\" content=\"\u00bfPor qu\u00e9 gobiernan Trump y Milei? II Parte -\" \/>\n<meta property=\"og:description\" content=\"Trump. En esta entrega el autor analiza la radicalizaci\u00f3n en las falsas creencias que implant\u00f3 la ideolog\u00eda neoliberal.\" \/>\n<meta property=\"og:url\" content=\"https:\/\/hueleaazufre.com\/wordpress_a\/index.php\/2025\/01\/10\/por-que-gobiernan-trump-y-milei-ii-parte\/\" \/>\n<meta property=\"article:published_time\" content=\"2025-01-10T03:51:04+00:00\" \/>\n<meta property=\"og:image\" content=\"https:\/\/hueleaazufre.com\/wordpress_a\/wp-content\/uploads\/2025\/01\/2-1.webp\" \/>\n\t<meta property=\"og:image:width\" content=\"880\" \/>\n\t<meta property=\"og:image:height\" content=\"494\" \/>\n\t<meta property=\"og:image:type\" content=\"image\/webp\" \/>\n<meta name=\"author\" content=\"Huele a azufre\" \/>\n<meta name=\"twitter:card\" content=\"summary_large_image\" \/>\n<meta name=\"twitter:label1\" content=\"Escrito por\" \/>\n\t<meta name=\"twitter:data1\" content=\"Huele a azufre\" \/>\n\t<meta name=\"twitter:label2\" content=\"Tiempo de lectura\" \/>\n\t<meta name=\"twitter:data2\" content=\"12 minutos\" \/>\n<script type=\"application\/ld+json\" class=\"yoast-schema-graph\">{\"@context\":\"https:\\\/\\\/schema.org\",\"@graph\":[{\"@type\":\"Article\",\"@id\":\"https:\\\/\\\/hueleaazufre.com\\\/wordpress_a\\\/index.php\\\/2025\\\/01\\\/10\\\/por-que-gobiernan-trump-y-milei-ii-parte\\\/#article\",\"isPartOf\":{\"@id\":\"https:\\\/\\\/hueleaazufre.com\\\/wordpress_a\\\/index.php\\\/2025\\\/01\\\/10\\\/por-que-gobiernan-trump-y-milei-ii-parte\\\/\"},\"author\":{\"name\":\"Huele a azufre\",\"@id\":\"https:\\\/\\\/hueleaazufre.com\\\/wordpress_a\\\/#\\\/schema\\\/person\\\/549dd871707ea7f9f1a686323ebe9baa\"},\"headline\":\"\u00bfPor qu\u00e9 gobiernan Trump y Milei? II Parte\",\"datePublished\":\"2025-01-10T03:51:04+00:00\",\"mainEntityOfPage\":{\"@id\":\"https:\\\/\\\/hueleaazufre.com\\\/wordpress_a\\\/index.php\\\/2025\\\/01\\\/10\\\/por-que-gobiernan-trump-y-milei-ii-parte\\\/\"},\"wordCount\":2853,\"commentCount\":0,\"image\":{\"@id\":\"https:\\\/\\\/hueleaazufre.com\\\/wordpress_a\\\/index.php\\\/2025\\\/01\\\/10\\\/por-que-gobiernan-trump-y-milei-ii-parte\\\/#primaryimage\"},\"thumbnailUrl\":\"https:\\\/\\\/hueleaazufre.com\\\/wordpress_a\\\/wp-content\\\/uploads\\\/2025\\\/01\\\/2-1.webp\",\"keywords\":[\"Argentina\",\"EE.UU\",\"Milei\",\"Pol\u00edticas\",\"Trump\"],\"articleSection\":[\"Claudio Katz\",\"Otras voces\"],\"inLanguage\":\"es\",\"potentialAction\":[{\"@type\":\"CommentAction\",\"name\":\"Comment\",\"target\":[\"https:\\\/\\\/hueleaazufre.com\\\/wordpress_a\\\/index.php\\\/2025\\\/01\\\/10\\\/por-que-gobiernan-trump-y-milei-ii-parte\\\/#respond\"]}]},{\"@type\":\"WebPage\",\"@id\":\"https:\\\/\\\/hueleaazufre.com\\\/wordpress_a\\\/index.php\\\/2025\\\/01\\\/10\\\/por-que-gobiernan-trump-y-milei-ii-parte\\\/\",\"url\":\"https:\\\/\\\/hueleaazufre.com\\\/wordpress_a\\\/index.php\\\/2025\\\/01\\\/10\\\/por-que-gobiernan-trump-y-milei-ii-parte\\\/\",\"name\":\"\u00bfPor qu\u00e9 gobiernan Trump y Milei? II Parte -\",\"isPartOf\":{\"@id\":\"https:\\\/\\\/hueleaazufre.com\\\/wordpress_a\\\/#website\"},\"primaryImageOfPage\":{\"@id\":\"https:\\\/\\\/hueleaazufre.com\\\/wordpress_a\\\/index.php\\\/2025\\\/01\\\/10\\\/por-que-gobiernan-trump-y-milei-ii-parte\\\/#primaryimage\"},\"image\":{\"@id\":\"https:\\\/\\\/hueleaazufre.com\\\/wordpress_a\\\/index.php\\\/2025\\\/01\\\/10\\\/por-que-gobiernan-trump-y-milei-ii-parte\\\/#primaryimage\"},\"thumbnailUrl\":\"https:\\\/\\\/hueleaazufre.com\\\/wordpress_a\\\/wp-content\\\/uploads\\\/2025\\\/01\\\/2-1.webp\",\"datePublished\":\"2025-01-10T03:51:04+00:00\",\"author\":{\"@id\":\"https:\\\/\\\/hueleaazufre.com\\\/wordpress_a\\\/#\\\/schema\\\/person\\\/549dd871707ea7f9f1a686323ebe9baa\"},\"description\":\"Trump. En esta entrega el autor analiza la radicalizaci\u00f3n en las falsas creencias que implant\u00f3 la ideolog\u00eda neoliberal.\",\"breadcrumb\":{\"@id\":\"https:\\\/\\\/hueleaazufre.com\\\/wordpress_a\\\/index.php\\\/2025\\\/01\\\/10\\\/por-que-gobiernan-trump-y-milei-ii-parte\\\/#breadcrumb\"},\"inLanguage\":\"es\",\"potentialAction\":[{\"@type\":\"ReadAction\",\"target\":[\"https:\\\/\\\/hueleaazufre.com\\\/wordpress_a\\\/index.php\\\/2025\\\/01\\\/10\\\/por-que-gobiernan-trump-y-milei-ii-parte\\\/\"]}]},{\"@type\":\"ImageObject\",\"inLanguage\":\"es\",\"@id\":\"https:\\\/\\\/hueleaazufre.com\\\/wordpress_a\\\/index.php\\\/2025\\\/01\\\/10\\\/por-que-gobiernan-trump-y-milei-ii-parte\\\/#primaryimage\",\"url\":\"https:\\\/\\\/hueleaazufre.com\\\/wordpress_a\\\/wp-content\\\/uploads\\\/2025\\\/01\\\/2-1.webp\",\"contentUrl\":\"https:\\\/\\\/hueleaazufre.com\\\/wordpress_a\\\/wp-content\\\/uploads\\\/2025\\\/01\\\/2-1.webp\",\"width\":880,\"height\":494,\"caption\":\"Trump\"},{\"@type\":\"BreadcrumbList\",\"@id\":\"https:\\\/\\\/hueleaazufre.com\\\/wordpress_a\\\/index.php\\\/2025\\\/01\\\/10\\\/por-que-gobiernan-trump-y-milei-ii-parte\\\/#breadcrumb\",\"itemListElement\":[{\"@type\":\"ListItem\",\"position\":1,\"name\":\"Portada\",\"item\":\"https:\\\/\\\/hueleaazufre.com\\\/wordpress_a\\\/\"},{\"@type\":\"ListItem\",\"position\":2,\"name\":\"\u00bfPor qu\u00e9 gobiernan Trump y Milei? II Parte\"}]},{\"@type\":\"WebSite\",\"@id\":\"https:\\\/\\\/hueleaazufre.com\\\/wordpress_a\\\/#website\",\"url\":\"https:\\\/\\\/hueleaazufre.com\\\/wordpress_a\\\/\",\"name\":\"\",\"description\":\"Huele a azufre es una plataforma digital de an\u00e1lisis geopol\u00edtico.\",\"potentialAction\":[{\"@type\":\"SearchAction\",\"target\":{\"@type\":\"EntryPoint\",\"urlTemplate\":\"https:\\\/\\\/hueleaazufre.com\\\/wordpress_a\\\/?s={search_term_string}\"},\"query-input\":{\"@type\":\"PropertyValueSpecification\",\"valueRequired\":true,\"valueName\":\"search_term_string\"}}],\"inLanguage\":\"es\"},{\"@type\":\"Person\",\"@id\":\"https:\\\/\\\/hueleaazufre.com\\\/wordpress_a\\\/#\\\/schema\\\/person\\\/549dd871707ea7f9f1a686323ebe9baa\",\"name\":\"Huele a azufre\",\"image\":{\"@type\":\"ImageObject\",\"inLanguage\":\"es\",\"@id\":\"https:\\\/\\\/secure.gravatar.com\\\/avatar\\\/e972d5c124b9bf80eb4c9d322a90dd86a59d447f5da36700a77516f13637d44e?s=96&d=mm&r=g\",\"url\":\"https:\\\/\\\/secure.gravatar.com\\\/avatar\\\/e972d5c124b9bf80eb4c9d322a90dd86a59d447f5da36700a77516f13637d44e?s=96&d=mm&r=g\",\"contentUrl\":\"https:\\\/\\\/secure.gravatar.com\\\/avatar\\\/e972d5c124b9bf80eb4c9d322a90dd86a59d447f5da36700a77516f13637d44e?s=96&d=mm&r=g\",\"caption\":\"Huele a azufre\"},\"description\":\"Huele a azufre es una plataforma digital de an\u00e1lisis geopol\u00edtico\u00a0 contrahegem\u00f3nico, que busca visibilizar las voces y los discursos silenciados por el poder medi\u00e1tico.\",\"sameAs\":[\"https:\\\/\\\/hueleaazufre.com\\\/wordpress_a\"],\"url\":\"https:\\\/\\\/hueleaazufre.com\\\/wordpress_a\\\/index.php\\\/author\\\/admin_tupapa\\\/\"}]}<\/script>\n<!-- \/ Yoast SEO plugin. -->","yoast_head_json":{"title":"\u00bfPor qu\u00e9 gobiernan Trump y Milei? II Parte -","description":"Trump. En esta entrega el autor analiza la radicalizaci\u00f3n en las falsas creencias que implant\u00f3 la ideolog\u00eda neoliberal.","robots":{"index":"index","follow":"follow","max-snippet":"max-snippet:-1","max-image-preview":"max-image-preview:large","max-video-preview":"max-video-preview:-1"},"canonical":"https:\/\/hueleaazufre.com\/wordpress_a\/index.php\/2025\/01\/10\/por-que-gobiernan-trump-y-milei-ii-parte\/","og_locale":"es_ES","og_type":"article","og_title":"\u00bfPor qu\u00e9 gobiernan Trump y Milei? II Parte -","og_description":"Trump. En esta entrega el autor analiza la radicalizaci\u00f3n en las falsas creencias que implant\u00f3 la ideolog\u00eda neoliberal.","og_url":"https:\/\/hueleaazufre.com\/wordpress_a\/index.php\/2025\/01\/10\/por-que-gobiernan-trump-y-milei-ii-parte\/","article_published_time":"2025-01-10T03:51:04+00:00","og_image":[{"width":880,"height":494,"url":"https:\/\/hueleaazufre.com\/wordpress_a\/wp-content\/uploads\/2025\/01\/2-1.webp","type":"image\/webp"}],"author":"Huele a azufre","twitter_card":"summary_large_image","twitter_misc":{"Escrito por":"Huele a azufre","Tiempo de lectura":"12 minutos"},"schema":{"@context":"https:\/\/schema.org","@graph":[{"@type":"Article","@id":"https:\/\/hueleaazufre.com\/wordpress_a\/index.php\/2025\/01\/10\/por-que-gobiernan-trump-y-milei-ii-parte\/#article","isPartOf":{"@id":"https:\/\/hueleaazufre.com\/wordpress_a\/index.php\/2025\/01\/10\/por-que-gobiernan-trump-y-milei-ii-parte\/"},"author":{"name":"Huele a azufre","@id":"https:\/\/hueleaazufre.com\/wordpress_a\/#\/schema\/person\/549dd871707ea7f9f1a686323ebe9baa"},"headline":"\u00bfPor qu\u00e9 gobiernan Trump y Milei? II Parte","datePublished":"2025-01-10T03:51:04+00:00","mainEntityOfPage":{"@id":"https:\/\/hueleaazufre.com\/wordpress_a\/index.php\/2025\/01\/10\/por-que-gobiernan-trump-y-milei-ii-parte\/"},"wordCount":2853,"commentCount":0,"image":{"@id":"https:\/\/hueleaazufre.com\/wordpress_a\/index.php\/2025\/01\/10\/por-que-gobiernan-trump-y-milei-ii-parte\/#primaryimage"},"thumbnailUrl":"https:\/\/hueleaazufre.com\/wordpress_a\/wp-content\/uploads\/2025\/01\/2-1.webp","keywords":["Argentina","EE.UU","Milei","Pol\u00edticas","Trump"],"articleSection":["Claudio Katz","Otras voces"],"inLanguage":"es","potentialAction":[{"@type":"CommentAction","name":"Comment","target":["https:\/\/hueleaazufre.com\/wordpress_a\/index.php\/2025\/01\/10\/por-que-gobiernan-trump-y-milei-ii-parte\/#respond"]}]},{"@type":"WebPage","@id":"https:\/\/hueleaazufre.com\/wordpress_a\/index.php\/2025\/01\/10\/por-que-gobiernan-trump-y-milei-ii-parte\/","url":"https:\/\/hueleaazufre.com\/wordpress_a\/index.php\/2025\/01\/10\/por-que-gobiernan-trump-y-milei-ii-parte\/","name":"\u00bfPor qu\u00e9 gobiernan Trump y Milei? II Parte -","isPartOf":{"@id":"https:\/\/hueleaazufre.com\/wordpress_a\/#website"},"primaryImageOfPage":{"@id":"https:\/\/hueleaazufre.com\/wordpress_a\/index.php\/2025\/01\/10\/por-que-gobiernan-trump-y-milei-ii-parte\/#primaryimage"},"image":{"@id":"https:\/\/hueleaazufre.com\/wordpress_a\/index.php\/2025\/01\/10\/por-que-gobiernan-trump-y-milei-ii-parte\/#primaryimage"},"thumbnailUrl":"https:\/\/hueleaazufre.com\/wordpress_a\/wp-content\/uploads\/2025\/01\/2-1.webp","datePublished":"2025-01-10T03:51:04+00:00","author":{"@id":"https:\/\/hueleaazufre.com\/wordpress_a\/#\/schema\/person\/549dd871707ea7f9f1a686323ebe9baa"},"description":"Trump. En esta entrega el autor analiza la radicalizaci\u00f3n en las falsas creencias que implant\u00f3 la ideolog\u00eda neoliberal.","breadcrumb":{"@id":"https:\/\/hueleaazufre.com\/wordpress_a\/index.php\/2025\/01\/10\/por-que-gobiernan-trump-y-milei-ii-parte\/#breadcrumb"},"inLanguage":"es","potentialAction":[{"@type":"ReadAction","target":["https:\/\/hueleaazufre.com\/wordpress_a\/index.php\/2025\/01\/10\/por-que-gobiernan-trump-y-milei-ii-parte\/"]}]},{"@type":"ImageObject","inLanguage":"es","@id":"https:\/\/hueleaazufre.com\/wordpress_a\/index.php\/2025\/01\/10\/por-que-gobiernan-trump-y-milei-ii-parte\/#primaryimage","url":"https:\/\/hueleaazufre.com\/wordpress_a\/wp-content\/uploads\/2025\/01\/2-1.webp","contentUrl":"https:\/\/hueleaazufre.com\/wordpress_a\/wp-content\/uploads\/2025\/01\/2-1.webp","width":880,"height":494,"caption":"Trump"},{"@type":"BreadcrumbList","@id":"https:\/\/hueleaazufre.com\/wordpress_a\/index.php\/2025\/01\/10\/por-que-gobiernan-trump-y-milei-ii-parte\/#breadcrumb","itemListElement":[{"@type":"ListItem","position":1,"name":"Portada","item":"https:\/\/hueleaazufre.com\/wordpress_a\/"},{"@type":"ListItem","position":2,"name":"\u00bfPor qu\u00e9 gobiernan Trump y Milei? II Parte"}]},{"@type":"WebSite","@id":"https:\/\/hueleaazufre.com\/wordpress_a\/#website","url":"https:\/\/hueleaazufre.com\/wordpress_a\/","name":"","description":"Huele a azufre es una plataforma digital de an\u00e1lisis geopol\u00edtico.","potentialAction":[{"@type":"SearchAction","target":{"@type":"EntryPoint","urlTemplate":"https:\/\/hueleaazufre.com\/wordpress_a\/?s={search_term_string}"},"query-input":{"@type":"PropertyValueSpecification","valueRequired":true,"valueName":"search_term_string"}}],"inLanguage":"es"},{"@type":"Person","@id":"https:\/\/hueleaazufre.com\/wordpress_a\/#\/schema\/person\/549dd871707ea7f9f1a686323ebe9baa","name":"Huele a azufre","image":{"@type":"ImageObject","inLanguage":"es","@id":"https:\/\/secure.gravatar.com\/avatar\/e972d5c124b9bf80eb4c9d322a90dd86a59d447f5da36700a77516f13637d44e?s=96&d=mm&r=g","url":"https:\/\/secure.gravatar.com\/avatar\/e972d5c124b9bf80eb4c9d322a90dd86a59d447f5da36700a77516f13637d44e?s=96&d=mm&r=g","contentUrl":"https:\/\/secure.gravatar.com\/avatar\/e972d5c124b9bf80eb4c9d322a90dd86a59d447f5da36700a77516f13637d44e?s=96&d=mm&r=g","caption":"Huele a azufre"},"description":"Huele a azufre es una plataforma digital de an\u00e1lisis geopol\u00edtico\u00a0 contrahegem\u00f3nico, que busca visibilizar las voces y los discursos silenciados por el poder medi\u00e1tico.","sameAs":["https:\/\/hueleaazufre.com\/wordpress_a"],"url":"https:\/\/hueleaazufre.com\/wordpress_a\/index.php\/author\/admin_tupapa\/"}]}},"_links":{"self":[{"href":"https:\/\/hueleaazufre.com\/wordpress_a\/index.php\/wp-json\/wp\/v2\/posts\/2003","targetHints":{"allow":["GET"]}}],"collection":[{"href":"https:\/\/hueleaazufre.com\/wordpress_a\/index.php\/wp-json\/wp\/v2\/posts"}],"about":[{"href":"https:\/\/hueleaazufre.com\/wordpress_a\/index.php\/wp-json\/wp\/v2\/types\/post"}],"author":[{"embeddable":true,"href":"https:\/\/hueleaazufre.com\/wordpress_a\/index.php\/wp-json\/wp\/v2\/users\/1"}],"replies":[{"embeddable":true,"href":"https:\/\/hueleaazufre.com\/wordpress_a\/index.php\/wp-json\/wp\/v2\/comments?post=2003"}],"version-history":[{"count":1,"href":"https:\/\/hueleaazufre.com\/wordpress_a\/index.php\/wp-json\/wp\/v2\/posts\/2003\/revisions"}],"predecessor-version":[{"id":2005,"href":"https:\/\/hueleaazufre.com\/wordpress_a\/index.php\/wp-json\/wp\/v2\/posts\/2003\/revisions\/2005"}],"wp:featuredmedia":[{"embeddable":true,"href":"https:\/\/hueleaazufre.com\/wordpress_a\/index.php\/wp-json\/wp\/v2\/media\/2004"}],"wp:attachment":[{"href":"https:\/\/hueleaazufre.com\/wordpress_a\/index.php\/wp-json\/wp\/v2\/media?parent=2003"}],"wp:term":[{"taxonomy":"category","embeddable":true,"href":"https:\/\/hueleaazufre.com\/wordpress_a\/index.php\/wp-json\/wp\/v2\/categories?post=2003"},{"taxonomy":"post_tag","embeddable":true,"href":"https:\/\/hueleaazufre.com\/wordpress_a\/index.php\/wp-json\/wp\/v2\/tags?post=2003"}],"curies":[{"name":"wp","href":"https:\/\/api.w.org\/{rel}","templated":true}]}}