{"id":2010,"date":"2025-01-10T18:15:44","date_gmt":"2025-01-10T18:15:44","guid":{"rendered":"https:\/\/hueleaazufre.com\/wordpress_a\/?p=2010"},"modified":"2025-01-10T18:15:44","modified_gmt":"2025-01-10T18:15:44","slug":"algunas-apreciaciones-sobre-el-proximo-gobierno-de-donald-trump","status":"publish","type":"post","link":"https:\/\/hueleaazufre.com\/wordpress_a\/index.php\/2025\/01\/10\/algunas-apreciaciones-sobre-el-proximo-gobierno-de-donald-trump\/","title":{"rendered":"Algunas apreciaciones sobre el pr\u00f3ximo gobierno de Donald Trump"},"content":{"rendered":"<p><b>A dos semanas de la entronizaci\u00f3n de Donald Trump como presidente de Estados Unidos me voy a aventurar a hacer algunas apreciaciones <\/b><span style=\"font-weight: 400;\">acerca de las perspectivas del nuevo gobierno, en primer lugar sobre su pol\u00edtica exterior sobre todo despu\u00e9s de sus arrogantes declaraciones confrontacionales con M\u00e9xico, Panam\u00e1, Venezuela y Dinamarca (por Groenlandia).<\/span><\/p>\n<p><b>Al respecto se puede concluir que la impertinencia es un rasgo de personalidad del nuevo mandatario estadounidense <\/b><span style=\"font-weight: 400;\">que mezcla con una mirada empresarial agresiva como forma de lograr sus objetivos.\u00a0 Antes de asumir su primer gobierno, tras haber ganado las elecciones en 2016 y cuando proced\u00eda a designar\u00a0 a los miembros de la administraci\u00f3n, su mejor amigo Steven Witkoff le recomend\u00f3 que no incorporara a John Bolton al gabinete. Le contest\u00f3 que era una recomendaci\u00f3n tard\u00eda porque ya lo hab\u00eda hecho.<\/span><\/p>\n<p><b>Para leer m\u00e1s an\u00e1lisis sobre Donald Trump:<\/b> <a href=\"https:\/\/hueleaazufre.com\/wordpress_a\/index.php\/2024\/12\/18\/piromano-en-la-casa-blanca\/\"><span style=\"font-weight: 400;\">Pir\u00f3mano en la Casa Blanca &#8211;<\/span><\/a><\/p>\n<blockquote class=\"wp-embedded-content\" data-secret=\"RW6pcouiXs\"><p><a href=\"https:\/\/hueleaazufre.com\/wordpress_a\/index.php\/2024\/12\/18\/piromano-en-la-casa-blanca\/\">Pir\u00f3mano en la Casa Blanca<\/a><\/p><\/blockquote>\n<p><iframe class=\"wp-embedded-content\" sandbox=\"allow-scripts\" security=\"restricted\" style=\"position: absolute; visibility: hidden;\" title=\"\u00abPir\u00f3mano en la Casa Blanca\u00bb \u2014 \" src=\"https:\/\/hueleaazufre.com\/wordpress_a\/index.php\/2024\/12\/18\/piromano-en-la-casa-blanca\/embed\/#?secret=tKfOXhJ9Xn#?secret=RW6pcouiXs\" data-secret=\"RW6pcouiXs\" width=\"600\" height=\"338\" frameborder=\"0\" marginwidth=\"0\" marginheight=\"0\" scrolling=\"no\"><\/iframe><\/p>\n<p><span style=\"font-weight: 400;\">Ahora, Trump opina que al construir su primer gobierno debi\u00f3 aceptar muchas imposiciones porque \u00e9l no era pol\u00edtico, no ten\u00eda experiencia, no controlaba al partido republicano, ni a sus senadores y representantes, tampoco a los medios ni a las redes sociales.<\/span><\/p>\n<p><b>Esa situaci\u00f3n ha cambiado ahora<\/b><span style=\"font-weight: 400;\">. Ocho a\u00f1os despu\u00e9s, Trump aprecia que a pesar de que Bolton le hizo gran da\u00f1o a su primera administraci\u00f3n, tambi\u00e9n lo hab\u00eda ayudado porque siendo tan odiado por todos, hac\u00eda el trabajo sucio, tras lo cual \u00e9l llegaba a dialogar ya sobre una situaci\u00f3n en la que se hab\u00eda creado un espacio para negociar y hasta para ceder, con lo cual, muchas veces pudo capitalizar \u201cel arreglo\u201d de las controversias. Era el viejo juego del \u201cpolic\u00eda malo y el polic\u00eda bueno\u201d aplicado a la pol\u00edtica.<\/span><\/p>\n<p><b>Para leer an\u00e1lisis y proyecciones para el 2025: <\/b><a href=\"https:\/\/hueleaazufre.com\/wordpress_a\/index.php\/2025\/01\/07\/2025-algunas-perspectivas-geopoliticas-exclusivo\/\"><span style=\"font-weight: 400;\">2025: algunas perspectivas geopol\u00edticas EXCLUSIVO &#8211;<\/span><\/a><\/p>\n<blockquote class=\"wp-embedded-content\" data-secret=\"LhrzUD0uvz\"><p><a href=\"https:\/\/hueleaazufre.com\/wordpress_a\/index.php\/2025\/01\/07\/2025-algunas-perspectivas-geopoliticas-exclusivo\/\">2025: algunas perspectivas geopol\u00edticas EXCLUSIVO<\/a><\/p><\/blockquote>\n<p><iframe class=\"wp-embedded-content\" sandbox=\"allow-scripts\" security=\"restricted\" style=\"position: absolute; visibility: hidden;\" title=\"\u00ab2025: algunas perspectivas geopol\u00edticas EXCLUSIVO\u00bb \u2014 \" src=\"https:\/\/hueleaazufre.com\/wordpress_a\/index.php\/2025\/01\/07\/2025-algunas-perspectivas-geopoliticas-exclusivo\/embed\/#?secret=WtPmJ1wgGp#?secret=LhrzUD0uvz\" data-secret=\"LhrzUD0uvz\" width=\"600\" height=\"338\" frameborder=\"0\" marginwidth=\"0\" marginheight=\"0\" scrolling=\"no\"><\/iframe><\/p>\n<p><b>Este relato refleja en gran medida la forma como Trump se propone actuar en pol\u00edtica exterior<\/b><span style=\"font-weight: 400;\">. En el fondo, su principal objetivo es detener a China y a ello va a volcar la mayor parte de sus energ\u00edas. Por ejemplo, las presiones sobre Panam\u00e1 no persiguen el objetivo de apoderarse del Canal sino sacar a China de ese pa\u00eds.\u00a0<\/span><\/p>\n<p><span style=\"font-weight: 400;\">Ahora, ya puso el tema sobre la mesa de negociaciones y cuando le pida al gobierno paname\u00f1o que tome medidas contra China, va a aparecer como si estuviera cediendo respecto de su objetivo de apoderarse del Canal.<\/span><b> Es decir, va a \u201cceder\u201d en ese objetivo a cambio de que Panam\u00e1 expulse a China de su territorio. <\/b><span style=\"font-weight: 400;\">De la misma manera ocurre con Groenlandia, al final terminar\u00e1 controlando el territorio sin necesidad de apoderarse de \u00e9l, lo cual tambi\u00e9n ser\u00e1 considerado como una cesi\u00f3n de su parte.<\/span><\/p>\n<blockquote>\n<h2><b><i>\u201c&#8230;a pesar de que el pr\u00f3ximo presidente \u2014a diferencia de su primer gobierno\u2014 controla hoy al partido republicano, todav\u00eda existen algunos senadores que mantienen autonom\u00eda y que podr\u00edan enfrentarlo como se ha visto en el hecho de que muy probablemente Trump tenga que desistir del nombramiento de Pete Hegseth como secretario de defensa\u201d<\/i><\/b><\/h2>\n<\/blockquote>\n<p><span style=\"font-weight: 400;\">Si se consideran todos los nombramientos de personajes leales al margen del <\/span><i><span style=\"font-weight: 400;\">establishment<\/span><\/i><span style=\"font-weight: 400;\"> hechos por Trump (ver mi art\u00edculo anterior \u201c\u00bfQue har\u00e1 Marco Rubio?\u201d), quisiera reiterar que la pregunta m\u00e1s importante sigue siendo cu\u00e1l ser\u00e1 el rol del departamento de Estado en la ejecuci\u00f3n de la pol\u00edtica exterior de Estados Unidos.<\/span><\/p>\n<p><b>La respuesta es que se dedicar\u00e1 a ejercer presi\u00f3n para restarle espacio a China en el mundo y en especial en Am\u00e9rica Latina y el Caribe<\/b><span style=\"font-weight: 400;\"> donde Rubio tiene firmes relaciones con gobiernos, partidos y dirigentes de la derecha y la extrema derecha algunos de los cuales son tambi\u00e9n considerados como amigos por China.\u00a0<\/span><\/p>\n<p><span style=\"font-weight: 400;\">De manera que este tambi\u00e9n ser\u00e1 un escenario en disputa, toda vez que \u2014quisiera insistir\u2014\u00a0 China ser\u00e1 el objetivo n\u00famero 1 de la pol\u00edtica exterior de Estados Unidos y no precisamente para cooperar, al contrario ser\u00e1 para entorpecer los v\u00ednculos bilaterales e impedir que \u2014aunque China no se lo haya propuesto\u2014 le dispute a Washington la hegemon\u00eda global.<\/span><\/p>\n<p><b>Si esto es as\u00ed, valdr\u00eda la pena preguntarse porque Trump nombr\u00f3 a Rubio en la secretar\u00eda de Estado<\/b><span style=\"font-weight: 400;\">, sabiendo que no conf\u00eda en \u00e9l porque es un \u201chalc\u00f3n\u201d leal a los neoconservadores. Y la respuesta es que a pesar de que el pr\u00f3ximo presidente \u2014a diferencia de su primer gobierno\u2014 controla hoy al partido republicano, todav\u00eda existen algunos senadores que mantienen autonom\u00eda y que podr\u00edan enfrentarlo como se ha visto en el hecho de que muy probablemente Trump tenga que desistir del nombramiento de Pete Hegseth como secretario de defensa por la resistencia que tiene entre senadores de su propio partido. Trump los necesita, sobre todo para garantizar el nombramiento de algunas figuras de su gabinete particularmente Tulsi Gabbard proveniente del partido dem\u00f3crata y a quien sus antiguos colegas no desean en el cargo por conocer muchos secretos internos.\u00a0\u00a0<\/span><\/p>\n<p><b>Por otro lado, es un hecho cierto que Trump retomar\u00e1 la \u201cguerra comercial\u201d contra China estableciendo nuevas tarifas comerciales<\/b><span style=\"font-weight: 400;\"> y elevando otras a fin de que Beijing se vea obligada a devaluar su moneda, encareciendo sus exportaciones y afectando su comercio. <\/span><b>Las econom\u00edas latinoamericanas altamente importadoras de China se ver\u00e1n afectadas por esta medida. <\/b><span style=\"font-weight: 400;\">\u00a0<\/span><\/p>\n<blockquote>\n<h2><b><i>\u201cEntre los dem\u00f3cratas hay una corriente neoconservadora atlantista que se enfrenta al viejo partido que propici\u00f3 el Estado de bienestar, que no desea la guerra y que cree en la necesidad de incrementar la inversi\u00f3n social, todo lo cual manifiesta una discusi\u00f3n no resuelta\u201d<\/i><\/b><\/h2>\n<\/blockquote>\n<p><span style=\"font-weight: 400;\">De igual forma, como instrumento de an\u00e1lisis, no debe obviarse que Trump tiene una personalidad caracterizada por decisiones intempestivas y generaci\u00f3n de incertidumbre como instrumentos de coerci\u00f3n. Esto conduce a que gobiernos y canciller\u00edas se vean limitadas en su capacidad de prever acontecimientos. <\/span><b>Trump no act\u00faa a partir de una ideolog\u00eda definida. Solo lo mueve el af\u00e1n de conseguir ganancias para Estados Unidos, en particular para las corporaciones y los ricos.\u00a0<\/b><\/p>\n<p><b>El <\/b><b><i>establishment <\/i><\/b><b>es su enemigo porque \u00e9ste ha apostado por la econom\u00eda especulativa y de servicios<\/b><span style=\"font-weight: 400;\"> y Trump pretende volver a una situaci\u00f3n en la que Estados Unidos sustente su econom\u00eda en la producci\u00f3n. Esto explica algunos de los nombramientos de Trump dirigidos a enfrentar al establishment, en particular Tulsi Gabbard como directora de inteligencia nacional y Hash Patel como director del FBI.<\/span><\/p>\n<p><span style=\"font-weight: 400;\">Trump pretende prolongar en el futuro su control del Estado a trav\u00e9s del vicepresidente J.D. Vance que es su \u201cdelf\u00edn\u201d. Solo que Vance si tiene una ideolog\u00eda definida alejada de los c\u00e1nones tradicionales. <\/span><b>La emergencia de Trump en pol\u00edtica y la b\u00fasqueda de la extensi\u00f3n de su influencia en el tiempo, es expresi\u00f3n de las grandes contradicciones que sufre el sistema pol\u00edtico estadounidense<\/b><span style=\"font-weight: 400;\"> que se est\u00e1 alejando de la dicotom\u00eda dem\u00f3crata-republicana o izquierda-derecha tradicional.\u00a0<\/span><\/p>\n<p><b>En ambos partidos se vive una crisis de identidad.<\/b><span style=\"font-weight: 400;\"> Entre los dem\u00f3cratas hay una corriente neoconservadora atlantista que se enfrenta al viejo partido que propici\u00f3 el Estado de bienestar, que no desea la guerra y que cree en la necesidad de incrementar la inversi\u00f3n social, todo lo cual manifiesta una discusi\u00f3n no resuelta. Sin embargo, sacaron a Bernie Sanders del camino de mala manera y de forma ilegal, dejando claro que la derecha de ese partido (que en Estados Unidos es considerado \u201cde izquierda\u201d) es la que manda.<\/span><\/p>\n<p><span style=\"font-weight: 400;\">Por su parte, el partido republicano, vieja organizaci\u00f3n conservadora y reaccionaria se debate tambi\u00e9n entre la corriente tradicionalista y el trumpismo anti-<\/span><i><span style=\"font-weight: 400;\">establishment<\/span><\/i><span style=\"font-weight: 400;\"> que propone una nueva forma de hacer pol\u00edtica. <\/span><b>En primera instancia, Trump se plantea intervenir el partido republicano para que la nueva generaci\u00f3n Vance lo controle a fin de \u201chacer a Am\u00e9rica grande de nuevo\u201d.<\/b><span style=\"font-weight: 400;\"> Si ello no es posible, es probable que Trump apunte a crear una organizaci\u00f3n pol\u00edtica propia atrayendo sectores de ambas partes del bipartidismo tradicional del pa\u00eds.<\/span><\/p>\n<p><b>Para leer la Primera parte del ensayo que analiza las razones para que Trump y Milei hayan ganado las elecciones en sus pa\u00edses:<\/b> <a href=\"https:\/\/hueleaazufre.com\/wordpress_a\/index.php\/2025\/01\/06\/por-que-gobiernan-trump-y-milei-i-parte\/\"><span style=\"font-weight: 400;\">\u00bfPor qu\u00e9 gobiernan Trump y Milei? I Parte &#8211;<\/span><\/a><\/p>\n<blockquote class=\"wp-embedded-content\" data-secret=\"YiLtH5vesv\"><p><a href=\"https:\/\/hueleaazufre.com\/wordpress_a\/index.php\/2025\/01\/06\/por-que-gobiernan-trump-y-milei-i-parte\/\">\u00bfPor qu\u00e9 gobiernan Trump y Milei? I Parte<\/a><\/p><\/blockquote>\n<p><iframe class=\"wp-embedded-content\" sandbox=\"allow-scripts\" security=\"restricted\" style=\"position: absolute; visibility: hidden;\" title=\"\u00ab\u00bfPor qu\u00e9 gobiernan Trump y Milei? I Parte\u00bb \u2014 \" src=\"https:\/\/hueleaazufre.com\/wordpress_a\/index.php\/2025\/01\/06\/por-que-gobiernan-trump-y-milei-i-parte\/embed\/#?secret=A7o3QGpG6l#?secret=YiLtH5vesv\" data-secret=\"YiLtH5vesv\" width=\"600\" height=\"338\" frameborder=\"0\" marginwidth=\"0\" marginheight=\"0\" scrolling=\"no\"><\/iframe><\/p>\n<p><b>Vance tiene un consistente hilo de pensamiento sustentado en la supremac\u00eda blanca<\/b><span style=\"font-weight: 400;\"> y la lucha contra el <\/span><i><span style=\"font-weight: 400;\">establishment <\/span><\/i><span style=\"font-weight: 400;\">al que considera retr\u00f3grado e inmovilizador. En esa medida, se asume como promotor de una clase dominante vinculada a estos principios y a una f\u00e9rrea defensa de la religi\u00f3n tradicional. <\/span><b>Curiosamente, tiene una gran identificaci\u00f3n con la clase obrera estadounidense, pero \u2014por supuesto\u2014 no en t\u00e9rminos marxistas<\/b><span style=\"font-weight: 400;\"> sino dentro de la concepci\u00f3n capitalista de viejo cu\u00f1o.\u00a0<\/span><\/p>\n<p><b>Rechaza las grandes corporaciones y los monopolios, a quienes considera responsables de estar destruyendo el capitalismo<\/b><span style=\"font-weight: 400;\">, toda vez que su pr\u00e1ctica conduce a dar al traste con la base de la econom\u00eda capitalista que es la competencia. Todo esto genera un mar de contradicciones que dificultan la compresi\u00f3n de lo que est\u00e1 ocurriendo\u00a0<\/span><\/p>\n<p><b>Lo cierto es que esta compleja situaci\u00f3n se evidenci\u00f3 en los resultados de los comicios,<\/b><span style=\"font-weight: 400;\"> la extrema derecha como un todo cubri\u00f3 el espectro electoral al estar presente tanto en el bando dem\u00f3crata como en el republicano. Por eso, m\u00e1s all\u00e1 que Trump haya representado al partido republicano, lo cierto es que est\u00e1 naciendo una tercera fuerza.\u00a0<\/span><\/p>\n<p><span style=\"font-weight: 400;\">Tal vez las expresiones m\u00e1s n\u00edtidas sean el nombramiento de Gabbard, una dem\u00f3crata de formaci\u00f3n y convicci\u00f3n y de Robert Kennedy Jr. un dem\u00f3crata de pura cepa y alcurnia como secretario de Salud y Servicios Humanos. <\/span><b>En esta dimensi\u00f3n, tambi\u00e9n se debe comprender el apoyo de los negros y los latinos a Trump<\/b><span style=\"font-weight: 400;\"> quien es abiertamente racista y supremacista. Ha quedado claro que los discursos tradicionales son parte del pasado.<\/span><\/p>\n<p><b>Lo \u00fanico que importa ahora es la econom\u00eda y la soluci\u00f3n de los problemas econ\u00f3micos de las mayor\u00edas.<\/b><span style=\"font-weight: 400;\"> Ya no cabe la tradicional distinci\u00f3n propia de la sociedad estadounidense entre los que tienen formaci\u00f3n universitaria y los que no. <\/span><b>Precisamente, la segregaci\u00f3n a partir de criterios como \u00e9ste son los que han arrojado en manos de Trump a importantes sectores excluidos de la sociedad.<\/b><\/p>\n<p><b>En resumen, Trump va a orientar su gobierno b\u00e1sicamente a solucionar problemas de la pol\u00edtica interna.<\/b><span style=\"font-weight: 400;\"> En cuanto al exterior, el centro de la inquietud estar\u00e1 puesto en China. Tratar\u00e1 de resolver el problema de Ucrania porque no est\u00e1 dispuesto a seguir desangrando la econom\u00eda estadounidense.\u00a0<\/span><\/p>\n<p><span style=\"font-weight: 400;\">La confrontaci\u00f3n con China tiene un componente de largo plazo y sist\u00e9mico y uno de corto plazo y coyuntural. Este \u00faltimo es el que fundamenta su apoyo a Taiw\u00e1n, pero por las mismas razones anteriores, no es una l\u00ednea roja para Trump. Lo seguir\u00e1 apoyando porque necesita las f\u00e1bricas de chips de la isla. Cuando logre la autosuficiencia en esa materia, Taiw\u00e1n dejar\u00e1 de ser un asunto \u00e1lgido para Estados Unidos. <\/span><b>Trump no est\u00e1 dispuesto a seguir sosteniendo un asunto que le significa una gran erogaci\u00f3n de recursos y que tuvo su origen en la guerra fr\u00eda. <\/b><span style=\"font-weight: 400;\">No es a trav\u00e9s de Taiw\u00e1n que Trump estructurar\u00e1 la confrontaci\u00f3n estrat\u00e9gica con China.<\/span><\/p>\n<p><span style=\"font-weight: 400;\">Hay que reiterarlo, Trump tiene como m\u00e9todo lanzar temas que no est\u00e1n en agenda para medir las respuestas que se originan en el enunciado. As\u00ed, cuando el asunto se pone en boga, ya est\u00e1 preparada y avanzada la implementaci\u00f3n de medidas a tomar.<\/span><b> Sus temas principales de pol\u00edtica exterior ser\u00e1n China, migraci\u00f3n y energ\u00eda y en torno a ellos se estructurar\u00e1 su accionar.<\/b><\/p>\n<p><b>Autor: Sergio Rodr\u00edguez Gelfenstein<\/b><\/p>\n<p><a href=\"http:\/\/www.sergioro07.blogspot.com\"><b>www.sergioro07.blogspot.com<\/b><\/a><\/p>\n","protected":false},"excerpt":{"rendered":"<p>A dos semanas de la entronizaci\u00f3n de Donald Trump como presidente de Estados Unidos me&#8230;<\/p>\n","protected":false},"author":1,"featured_media":2011,"comment_status":"open","ping_status":"closed","sticky":false,"template":"","format":"standard","meta":{"footnotes":""},"categories":[70,52],"tags":[204,169,54,199],"class_list":["post-2010","post","type-post","status-publish","format-standard","has-post-thumbnail","hentry","category-otras-voces","category-sergio-rodriguez-gelfenstein","tag-america-latina","tag-donald-trump","tag-eeuu","tag-politica"],"yoast_head":"<!-- This site is optimized with the Yoast SEO plugin v27.5 - https:\/\/yoast.com\/product\/yoast-seo-wordpress\/ -->\n<title>Algunas apreciaciones sobre el pr\u00f3ximo gobierno de Donald Trump -<\/title>\n<meta name=\"description\" content=\"A dos semanas de la entronizaci\u00f3n de Donald Trump como presidente de Estados Unidos me voy a aventurar a hacer algunas apreciaciones.\" \/>\n<meta name=\"robots\" content=\"index, follow, max-snippet:-1, max-image-preview:large, max-video-preview:-1\" \/>\n<link rel=\"canonical\" href=\"https:\/\/hueleaazufre.com\/wordpress_a\/index.php\/2025\/01\/10\/algunas-apreciaciones-sobre-el-proximo-gobierno-de-donald-trump\/\" \/>\n<meta property=\"og:locale\" content=\"es_ES\" \/>\n<meta property=\"og:type\" content=\"article\" \/>\n<meta property=\"og:title\" content=\"Algunas apreciaciones sobre el pr\u00f3ximo gobierno de Donald Trump -\" \/>\n<meta property=\"og:description\" content=\"A dos semanas de la entronizaci\u00f3n de Donald Trump como presidente de Estados Unidos me voy a aventurar a hacer algunas apreciaciones.\" \/>\n<meta property=\"og:url\" content=\"https:\/\/hueleaazufre.com\/wordpress_a\/index.php\/2025\/01\/10\/algunas-apreciaciones-sobre-el-proximo-gobierno-de-donald-trump\/\" \/>\n<meta property=\"article:published_time\" content=\"2025-01-10T18:15:44+00:00\" \/>\n<meta property=\"og:image\" content=\"https:\/\/hueleaazufre.com\/wordpress_a\/wp-content\/uploads\/2025\/01\/image1_0-2.jpg\" \/>\n\t<meta property=\"og:image:width\" content=\"1024\" \/>\n\t<meta property=\"og:image:height\" content=\"1024\" \/>\n\t<meta property=\"og:image:type\" content=\"image\/jpeg\" \/>\n<meta name=\"author\" content=\"Huele a azufre\" \/>\n<meta name=\"twitter:card\" content=\"summary_large_image\" \/>\n<meta name=\"twitter:label1\" content=\"Escrito por\" \/>\n\t<meta name=\"twitter:data1\" content=\"Huele a azufre\" \/>\n\t<meta name=\"twitter:label2\" content=\"Tiempo de lectura\" \/>\n\t<meta name=\"twitter:data2\" content=\"9 minutos\" \/>\n<script type=\"application\/ld+json\" class=\"yoast-schema-graph\">{\"@context\":\"https:\\\/\\\/schema.org\",\"@graph\":[{\"@type\":\"Article\",\"@id\":\"https:\\\/\\\/hueleaazufre.com\\\/wordpress_a\\\/index.php\\\/2025\\\/01\\\/10\\\/algunas-apreciaciones-sobre-el-proximo-gobierno-de-donald-trump\\\/#article\",\"isPartOf\":{\"@id\":\"https:\\\/\\\/hueleaazufre.com\\\/wordpress_a\\\/index.php\\\/2025\\\/01\\\/10\\\/algunas-apreciaciones-sobre-el-proximo-gobierno-de-donald-trump\\\/\"},\"author\":{\"name\":\"Huele a azufre\",\"@id\":\"https:\\\/\\\/hueleaazufre.com\\\/wordpress_a\\\/#\\\/schema\\\/person\\\/549dd871707ea7f9f1a686323ebe9baa\"},\"headline\":\"Algunas apreciaciones sobre el pr\u00f3ximo gobierno de Donald Trump\",\"datePublished\":\"2025-01-10T18:15:44+00:00\",\"mainEntityOfPage\":{\"@id\":\"https:\\\/\\\/hueleaazufre.com\\\/wordpress_a\\\/index.php\\\/2025\\\/01\\\/10\\\/algunas-apreciaciones-sobre-el-proximo-gobierno-de-donald-trump\\\/\"},\"wordCount\":2030,\"commentCount\":0,\"image\":{\"@id\":\"https:\\\/\\\/hueleaazufre.com\\\/wordpress_a\\\/index.php\\\/2025\\\/01\\\/10\\\/algunas-apreciaciones-sobre-el-proximo-gobierno-de-donald-trump\\\/#primaryimage\"},\"thumbnailUrl\":\"https:\\\/\\\/hueleaazufre.com\\\/wordpress_a\\\/wp-content\\\/uploads\\\/2025\\\/01\\\/image1_0-2.jpg\",\"keywords\":[\"Am\u00e9rica Latina\",\"Donald Trump\",\"EEUU\",\"pol\u00edtica\"],\"articleSection\":[\"Otras voces\",\"Sergio Rodr\u00edguez Gelfenstein\"],\"inLanguage\":\"es\",\"potentialAction\":[{\"@type\":\"CommentAction\",\"name\":\"Comment\",\"target\":[\"https:\\\/\\\/hueleaazufre.com\\\/wordpress_a\\\/index.php\\\/2025\\\/01\\\/10\\\/algunas-apreciaciones-sobre-el-proximo-gobierno-de-donald-trump\\\/#respond\"]}]},{\"@type\":\"WebPage\",\"@id\":\"https:\\\/\\\/hueleaazufre.com\\\/wordpress_a\\\/index.php\\\/2025\\\/01\\\/10\\\/algunas-apreciaciones-sobre-el-proximo-gobierno-de-donald-trump\\\/\",\"url\":\"https:\\\/\\\/hueleaazufre.com\\\/wordpress_a\\\/index.php\\\/2025\\\/01\\\/10\\\/algunas-apreciaciones-sobre-el-proximo-gobierno-de-donald-trump\\\/\",\"name\":\"Algunas apreciaciones sobre el pr\u00f3ximo gobierno de Donald Trump -\",\"isPartOf\":{\"@id\":\"https:\\\/\\\/hueleaazufre.com\\\/wordpress_a\\\/#website\"},\"primaryImageOfPage\":{\"@id\":\"https:\\\/\\\/hueleaazufre.com\\\/wordpress_a\\\/index.php\\\/2025\\\/01\\\/10\\\/algunas-apreciaciones-sobre-el-proximo-gobierno-de-donald-trump\\\/#primaryimage\"},\"image\":{\"@id\":\"https:\\\/\\\/hueleaazufre.com\\\/wordpress_a\\\/index.php\\\/2025\\\/01\\\/10\\\/algunas-apreciaciones-sobre-el-proximo-gobierno-de-donald-trump\\\/#primaryimage\"},\"thumbnailUrl\":\"https:\\\/\\\/hueleaazufre.com\\\/wordpress_a\\\/wp-content\\\/uploads\\\/2025\\\/01\\\/image1_0-2.jpg\",\"datePublished\":\"2025-01-10T18:15:44+00:00\",\"author\":{\"@id\":\"https:\\\/\\\/hueleaazufre.com\\\/wordpress_a\\\/#\\\/schema\\\/person\\\/549dd871707ea7f9f1a686323ebe9baa\"},\"description\":\"A dos semanas de la entronizaci\u00f3n de Donald Trump como presidente de Estados Unidos me voy a aventurar a hacer algunas apreciaciones.\",\"breadcrumb\":{\"@id\":\"https:\\\/\\\/hueleaazufre.com\\\/wordpress_a\\\/index.php\\\/2025\\\/01\\\/10\\\/algunas-apreciaciones-sobre-el-proximo-gobierno-de-donald-trump\\\/#breadcrumb\"},\"inLanguage\":\"es\",\"potentialAction\":[{\"@type\":\"ReadAction\",\"target\":[\"https:\\\/\\\/hueleaazufre.com\\\/wordpress_a\\\/index.php\\\/2025\\\/01\\\/10\\\/algunas-apreciaciones-sobre-el-proximo-gobierno-de-donald-trump\\\/\"]}]},{\"@type\":\"ImageObject\",\"inLanguage\":\"es\",\"@id\":\"https:\\\/\\\/hueleaazufre.com\\\/wordpress_a\\\/index.php\\\/2025\\\/01\\\/10\\\/algunas-apreciaciones-sobre-el-proximo-gobierno-de-donald-trump\\\/#primaryimage\",\"url\":\"https:\\\/\\\/hueleaazufre.com\\\/wordpress_a\\\/wp-content\\\/uploads\\\/2025\\\/01\\\/image1_0-2.jpg\",\"contentUrl\":\"https:\\\/\\\/hueleaazufre.com\\\/wordpress_a\\\/wp-content\\\/uploads\\\/2025\\\/01\\\/image1_0-2.jpg\",\"width\":1024,\"height\":1024,\"caption\":\"Donald Trump\"},{\"@type\":\"BreadcrumbList\",\"@id\":\"https:\\\/\\\/hueleaazufre.com\\\/wordpress_a\\\/index.php\\\/2025\\\/01\\\/10\\\/algunas-apreciaciones-sobre-el-proximo-gobierno-de-donald-trump\\\/#breadcrumb\",\"itemListElement\":[{\"@type\":\"ListItem\",\"position\":1,\"name\":\"Portada\",\"item\":\"https:\\\/\\\/hueleaazufre.com\\\/wordpress_a\\\/\"},{\"@type\":\"ListItem\",\"position\":2,\"name\":\"Algunas apreciaciones sobre el pr\u00f3ximo gobierno de Donald Trump\"}]},{\"@type\":\"WebSite\",\"@id\":\"https:\\\/\\\/hueleaazufre.com\\\/wordpress_a\\\/#website\",\"url\":\"https:\\\/\\\/hueleaazufre.com\\\/wordpress_a\\\/\",\"name\":\"\",\"description\":\"Huele a azufre es una plataforma digital de an\u00e1lisis geopol\u00edtico.\",\"potentialAction\":[{\"@type\":\"SearchAction\",\"target\":{\"@type\":\"EntryPoint\",\"urlTemplate\":\"https:\\\/\\\/hueleaazufre.com\\\/wordpress_a\\\/?s={search_term_string}\"},\"query-input\":{\"@type\":\"PropertyValueSpecification\",\"valueRequired\":true,\"valueName\":\"search_term_string\"}}],\"inLanguage\":\"es\"},{\"@type\":\"Person\",\"@id\":\"https:\\\/\\\/hueleaazufre.com\\\/wordpress_a\\\/#\\\/schema\\\/person\\\/549dd871707ea7f9f1a686323ebe9baa\",\"name\":\"Huele a azufre\",\"image\":{\"@type\":\"ImageObject\",\"inLanguage\":\"es\",\"@id\":\"https:\\\/\\\/secure.gravatar.com\\\/avatar\\\/e972d5c124b9bf80eb4c9d322a90dd86a59d447f5da36700a77516f13637d44e?s=96&d=mm&r=g\",\"url\":\"https:\\\/\\\/secure.gravatar.com\\\/avatar\\\/e972d5c124b9bf80eb4c9d322a90dd86a59d447f5da36700a77516f13637d44e?s=96&d=mm&r=g\",\"contentUrl\":\"https:\\\/\\\/secure.gravatar.com\\\/avatar\\\/e972d5c124b9bf80eb4c9d322a90dd86a59d447f5da36700a77516f13637d44e?s=96&d=mm&r=g\",\"caption\":\"Huele a azufre\"},\"description\":\"Huele a azufre es una plataforma digital de an\u00e1lisis geopol\u00edtico\u00a0 contrahegem\u00f3nico, que busca visibilizar las voces y los discursos silenciados por el poder medi\u00e1tico.\",\"sameAs\":[\"https:\\\/\\\/hueleaazufre.com\\\/wordpress_a\"],\"url\":\"https:\\\/\\\/hueleaazufre.com\\\/wordpress_a\\\/index.php\\\/author\\\/admin_tupapa\\\/\"}]}<\/script>\n<!-- \/ Yoast SEO plugin. -->","yoast_head_json":{"title":"Algunas apreciaciones sobre el pr\u00f3ximo gobierno de Donald Trump -","description":"A dos semanas de la entronizaci\u00f3n de Donald Trump como presidente de Estados Unidos me voy a aventurar a hacer algunas apreciaciones.","robots":{"index":"index","follow":"follow","max-snippet":"max-snippet:-1","max-image-preview":"max-image-preview:large","max-video-preview":"max-video-preview:-1"},"canonical":"https:\/\/hueleaazufre.com\/wordpress_a\/index.php\/2025\/01\/10\/algunas-apreciaciones-sobre-el-proximo-gobierno-de-donald-trump\/","og_locale":"es_ES","og_type":"article","og_title":"Algunas apreciaciones sobre el pr\u00f3ximo gobierno de Donald Trump -","og_description":"A dos semanas de la entronizaci\u00f3n de Donald Trump como presidente de Estados Unidos me voy a aventurar a hacer algunas apreciaciones.","og_url":"https:\/\/hueleaazufre.com\/wordpress_a\/index.php\/2025\/01\/10\/algunas-apreciaciones-sobre-el-proximo-gobierno-de-donald-trump\/","article_published_time":"2025-01-10T18:15:44+00:00","og_image":[{"width":1024,"height":1024,"url":"https:\/\/hueleaazufre.com\/wordpress_a\/wp-content\/uploads\/2025\/01\/image1_0-2.jpg","type":"image\/jpeg"}],"author":"Huele a azufre","twitter_card":"summary_large_image","twitter_misc":{"Escrito por":"Huele a azufre","Tiempo de lectura":"9 minutos"},"schema":{"@context":"https:\/\/schema.org","@graph":[{"@type":"Article","@id":"https:\/\/hueleaazufre.com\/wordpress_a\/index.php\/2025\/01\/10\/algunas-apreciaciones-sobre-el-proximo-gobierno-de-donald-trump\/#article","isPartOf":{"@id":"https:\/\/hueleaazufre.com\/wordpress_a\/index.php\/2025\/01\/10\/algunas-apreciaciones-sobre-el-proximo-gobierno-de-donald-trump\/"},"author":{"name":"Huele a azufre","@id":"https:\/\/hueleaazufre.com\/wordpress_a\/#\/schema\/person\/549dd871707ea7f9f1a686323ebe9baa"},"headline":"Algunas apreciaciones sobre el pr\u00f3ximo gobierno de Donald Trump","datePublished":"2025-01-10T18:15:44+00:00","mainEntityOfPage":{"@id":"https:\/\/hueleaazufre.com\/wordpress_a\/index.php\/2025\/01\/10\/algunas-apreciaciones-sobre-el-proximo-gobierno-de-donald-trump\/"},"wordCount":2030,"commentCount":0,"image":{"@id":"https:\/\/hueleaazufre.com\/wordpress_a\/index.php\/2025\/01\/10\/algunas-apreciaciones-sobre-el-proximo-gobierno-de-donald-trump\/#primaryimage"},"thumbnailUrl":"https:\/\/hueleaazufre.com\/wordpress_a\/wp-content\/uploads\/2025\/01\/image1_0-2.jpg","keywords":["Am\u00e9rica Latina","Donald Trump","EEUU","pol\u00edtica"],"articleSection":["Otras voces","Sergio Rodr\u00edguez Gelfenstein"],"inLanguage":"es","potentialAction":[{"@type":"CommentAction","name":"Comment","target":["https:\/\/hueleaazufre.com\/wordpress_a\/index.php\/2025\/01\/10\/algunas-apreciaciones-sobre-el-proximo-gobierno-de-donald-trump\/#respond"]}]},{"@type":"WebPage","@id":"https:\/\/hueleaazufre.com\/wordpress_a\/index.php\/2025\/01\/10\/algunas-apreciaciones-sobre-el-proximo-gobierno-de-donald-trump\/","url":"https:\/\/hueleaazufre.com\/wordpress_a\/index.php\/2025\/01\/10\/algunas-apreciaciones-sobre-el-proximo-gobierno-de-donald-trump\/","name":"Algunas apreciaciones sobre el pr\u00f3ximo gobierno de Donald Trump -","isPartOf":{"@id":"https:\/\/hueleaazufre.com\/wordpress_a\/#website"},"primaryImageOfPage":{"@id":"https:\/\/hueleaazufre.com\/wordpress_a\/index.php\/2025\/01\/10\/algunas-apreciaciones-sobre-el-proximo-gobierno-de-donald-trump\/#primaryimage"},"image":{"@id":"https:\/\/hueleaazufre.com\/wordpress_a\/index.php\/2025\/01\/10\/algunas-apreciaciones-sobre-el-proximo-gobierno-de-donald-trump\/#primaryimage"},"thumbnailUrl":"https:\/\/hueleaazufre.com\/wordpress_a\/wp-content\/uploads\/2025\/01\/image1_0-2.jpg","datePublished":"2025-01-10T18:15:44+00:00","author":{"@id":"https:\/\/hueleaazufre.com\/wordpress_a\/#\/schema\/person\/549dd871707ea7f9f1a686323ebe9baa"},"description":"A dos semanas de la entronizaci\u00f3n de Donald Trump como presidente de Estados Unidos me voy a aventurar a hacer algunas apreciaciones.","breadcrumb":{"@id":"https:\/\/hueleaazufre.com\/wordpress_a\/index.php\/2025\/01\/10\/algunas-apreciaciones-sobre-el-proximo-gobierno-de-donald-trump\/#breadcrumb"},"inLanguage":"es","potentialAction":[{"@type":"ReadAction","target":["https:\/\/hueleaazufre.com\/wordpress_a\/index.php\/2025\/01\/10\/algunas-apreciaciones-sobre-el-proximo-gobierno-de-donald-trump\/"]}]},{"@type":"ImageObject","inLanguage":"es","@id":"https:\/\/hueleaazufre.com\/wordpress_a\/index.php\/2025\/01\/10\/algunas-apreciaciones-sobre-el-proximo-gobierno-de-donald-trump\/#primaryimage","url":"https:\/\/hueleaazufre.com\/wordpress_a\/wp-content\/uploads\/2025\/01\/image1_0-2.jpg","contentUrl":"https:\/\/hueleaazufre.com\/wordpress_a\/wp-content\/uploads\/2025\/01\/image1_0-2.jpg","width":1024,"height":1024,"caption":"Donald Trump"},{"@type":"BreadcrumbList","@id":"https:\/\/hueleaazufre.com\/wordpress_a\/index.php\/2025\/01\/10\/algunas-apreciaciones-sobre-el-proximo-gobierno-de-donald-trump\/#breadcrumb","itemListElement":[{"@type":"ListItem","position":1,"name":"Portada","item":"https:\/\/hueleaazufre.com\/wordpress_a\/"},{"@type":"ListItem","position":2,"name":"Algunas apreciaciones sobre el pr\u00f3ximo gobierno de Donald Trump"}]},{"@type":"WebSite","@id":"https:\/\/hueleaazufre.com\/wordpress_a\/#website","url":"https:\/\/hueleaazufre.com\/wordpress_a\/","name":"","description":"Huele a azufre es una plataforma digital de an\u00e1lisis geopol\u00edtico.","potentialAction":[{"@type":"SearchAction","target":{"@type":"EntryPoint","urlTemplate":"https:\/\/hueleaazufre.com\/wordpress_a\/?s={search_term_string}"},"query-input":{"@type":"PropertyValueSpecification","valueRequired":true,"valueName":"search_term_string"}}],"inLanguage":"es"},{"@type":"Person","@id":"https:\/\/hueleaazufre.com\/wordpress_a\/#\/schema\/person\/549dd871707ea7f9f1a686323ebe9baa","name":"Huele a azufre","image":{"@type":"ImageObject","inLanguage":"es","@id":"https:\/\/secure.gravatar.com\/avatar\/e972d5c124b9bf80eb4c9d322a90dd86a59d447f5da36700a77516f13637d44e?s=96&d=mm&r=g","url":"https:\/\/secure.gravatar.com\/avatar\/e972d5c124b9bf80eb4c9d322a90dd86a59d447f5da36700a77516f13637d44e?s=96&d=mm&r=g","contentUrl":"https:\/\/secure.gravatar.com\/avatar\/e972d5c124b9bf80eb4c9d322a90dd86a59d447f5da36700a77516f13637d44e?s=96&d=mm&r=g","caption":"Huele a azufre"},"description":"Huele a azufre es una plataforma digital de an\u00e1lisis geopol\u00edtico\u00a0 contrahegem\u00f3nico, que busca visibilizar las voces y los discursos silenciados por el poder medi\u00e1tico.","sameAs":["https:\/\/hueleaazufre.com\/wordpress_a"],"url":"https:\/\/hueleaazufre.com\/wordpress_a\/index.php\/author\/admin_tupapa\/"}]}},"_links":{"self":[{"href":"https:\/\/hueleaazufre.com\/wordpress_a\/index.php\/wp-json\/wp\/v2\/posts\/2010","targetHints":{"allow":["GET"]}}],"collection":[{"href":"https:\/\/hueleaazufre.com\/wordpress_a\/index.php\/wp-json\/wp\/v2\/posts"}],"about":[{"href":"https:\/\/hueleaazufre.com\/wordpress_a\/index.php\/wp-json\/wp\/v2\/types\/post"}],"author":[{"embeddable":true,"href":"https:\/\/hueleaazufre.com\/wordpress_a\/index.php\/wp-json\/wp\/v2\/users\/1"}],"replies":[{"embeddable":true,"href":"https:\/\/hueleaazufre.com\/wordpress_a\/index.php\/wp-json\/wp\/v2\/comments?post=2010"}],"version-history":[{"count":1,"href":"https:\/\/hueleaazufre.com\/wordpress_a\/index.php\/wp-json\/wp\/v2\/posts\/2010\/revisions"}],"predecessor-version":[{"id":2012,"href":"https:\/\/hueleaazufre.com\/wordpress_a\/index.php\/wp-json\/wp\/v2\/posts\/2010\/revisions\/2012"}],"wp:featuredmedia":[{"embeddable":true,"href":"https:\/\/hueleaazufre.com\/wordpress_a\/index.php\/wp-json\/wp\/v2\/media\/2011"}],"wp:attachment":[{"href":"https:\/\/hueleaazufre.com\/wordpress_a\/index.php\/wp-json\/wp\/v2\/media?parent=2010"}],"wp:term":[{"taxonomy":"category","embeddable":true,"href":"https:\/\/hueleaazufre.com\/wordpress_a\/index.php\/wp-json\/wp\/v2\/categories?post=2010"},{"taxonomy":"post_tag","embeddable":true,"href":"https:\/\/hueleaazufre.com\/wordpress_a\/index.php\/wp-json\/wp\/v2\/tags?post=2010"}],"curies":[{"name":"wp","href":"https:\/\/api.w.org\/{rel}","templated":true}]}}