{"id":2025,"date":"2025-01-17T16:41:44","date_gmt":"2025-01-17T16:41:44","guid":{"rendered":"https:\/\/hueleaazufre.com\/wordpress_a\/?p=2025"},"modified":"2025-01-17T16:41:44","modified_gmt":"2025-01-17T16:41:44","slug":"acuerdo-de-alto-el-fuego-en-gaza-que-significa-y-que-podemos-esperar","status":"publish","type":"post","link":"https:\/\/hueleaazufre.com\/wordpress_a\/index.php\/2025\/01\/17\/acuerdo-de-alto-el-fuego-en-gaza-que-significa-y-que-podemos-esperar\/","title":{"rendered":"Acuerdo de alto el fuego en Gaza: \u00bfQu\u00e9 significa y qu\u00e9 podemos esperar?"},"content":{"rendered":"<p><b><i>A \u00faltima hora del mi\u00e9rcoles 16 de enero, se confirm\u00f3 la aprobaci\u00f3n de un acuerdo de alto el fuego entre Israel y HAMAS, cuyo inicio est\u00e1 previsto para el pr\u00f3ximo domingo, 19 de enero.<\/i><\/b><\/p>\n<p><b>El pacto, estructurado en tres fases, tiene como objetivo poner freno a la violencia que ha dejado una profunda devastaci\u00f3n en Gaza<\/b><span style=\"font-weight: 400;\">. Seg\u00fan fuentes cercanas a las negociaciones, los detalles de las segunda y tercera fases ser\u00e1n revelados en una fecha posterior.<\/span><\/p>\n<p><span style=\"font-weight: 400;\">El presidente de Estados Unidos, Joe Biden, tambi\u00e9n confirm\u00f3 el acuerdo en una rueda de prensa, destacando \u201cla relevancia de este avance para la regi\u00f3n y el mundo\u201d.<\/span><\/p>\n<p><b>Para leer sobre las pretensiones de balcanizar Siria:<\/b> <a href=\"https:\/\/hueleaazufre.com\/wordpress_a\/index.php\/2025\/01\/15\/siria-balcanizacion-y-estado-islamico\/\"><span style=\"font-weight: 400;\">Siria, balcanizaci\u00f3n y \u00abEstado isl\u00e1mico\u00bb &#8211;<\/span><\/a><\/p>\n<blockquote class=\"wp-embedded-content\" data-secret=\"JLV8Xxvne0\"><p><a href=\"https:\/\/hueleaazufre.com\/wordpress_a\/index.php\/2025\/01\/15\/siria-balcanizacion-y-estado-islamico\/\">Siria, balcanizaci\u00f3n y \u00abEstado isl\u00e1mico\u00bb<\/a><\/p><\/blockquote>\n<p><iframe class=\"wp-embedded-content\" sandbox=\"allow-scripts\" security=\"restricted\" style=\"position: absolute; visibility: hidden;\" title=\"\u00abSiria, balcanizaci\u00f3n y \u00abEstado isl\u00e1mico\u00bb\u00bb \u2014 \" src=\"https:\/\/hueleaazufre.com\/wordpress_a\/index.php\/2025\/01\/15\/siria-balcanizacion-y-estado-islamico\/embed\/#?secret=Ws6TiRIiDt#?secret=JLV8Xxvne0\" data-secret=\"JLV8Xxvne0\" width=\"600\" height=\"338\" frameborder=\"0\" marginwidth=\"0\" marginheight=\"0\" scrolling=\"no\"><\/iframe><\/p>\n<p><b>La primera fase del acuerdo de alto el fuego, que se extender\u00e1 durante seis semanas, tendr\u00e1 un enfoque humanitario fundamental.<\/b><span style=\"font-weight: 400;\"> En este periodo, se llevar\u00e1 a cabo un intercambio limitado de prisioneros y se incrementar\u00e1 significativamente la ayuda humanitaria destinada a Gaza. Adem\u00e1s, se prev\u00e9 la retirada parcial de las tropas israel\u00edes del enclave con el objetivo de aliviar la situaci\u00f3n en la regi\u00f3n.<\/span><\/p>\n<p><b>Como parte del pacto, treinta y tres prisioneros israel\u00edes, entre los que se incluyen mujeres, ni\u00f1os y personas mayores de 50 a\u00f1os, ser\u00e1n liberados.<\/b><span style=\"font-weight: 400;\"> Estos cautivos fueron capturados durante el ataque de HAMAS al sur de Israel el 7 de octubre de 2023. A cambio, Israel liberar\u00e1 a un n\u00famero mayor de prisioneros palestinos, incluyendo a unos mil detenidos tras los sucesos de octubre, y varios de los cuales cumplen condenas de cadena perpetua.<\/span><\/p>\n<p><b>Para leer recuento de las ganancias de ExxonMobil en aguas territoriales de Venezuela:<\/b> <a href=\"https:\/\/hueleaazufre.com\/wordpress_a\/index.php\/2025\/01\/15\/guyana-refuerza-su-servidumbre-ante-el-expolio-energetico-de-exxonmobil\/\"><span style=\"font-weight: 400;\">Guyana refuerza su servidumbre ante el expolio energ\u00e9tico de ExxonMobil &#8211;<\/span><\/a><\/p>\n<blockquote class=\"wp-embedded-content\" data-secret=\"fORLYMEcGD\"><p><a href=\"https:\/\/hueleaazufre.com\/wordpress_a\/index.php\/2025\/01\/15\/guyana-refuerza-su-servidumbre-ante-el-expolio-energetico-de-exxonmobil\/\">Guyana refuerza su servidumbre ante el expolio energ\u00e9tico de ExxonMobil<\/a><\/p><\/blockquote>\n<p><iframe class=\"wp-embedded-content\" sandbox=\"allow-scripts\" security=\"restricted\" style=\"position: absolute; visibility: hidden;\" title=\"\u00abGuyana refuerza su servidumbre ante el expolio energ\u00e9tico de ExxonMobil\u00bb \u2014 \" src=\"https:\/\/hueleaazufre.com\/wordpress_a\/index.php\/2025\/01\/15\/guyana-refuerza-su-servidumbre-ante-el-expolio-energetico-de-exxonmobil\/embed\/#?secret=PTfZS6Apnv#?secret=fORLYMEcGD\" data-secret=\"fORLYMEcGD\" width=\"600\" height=\"338\" frameborder=\"0\" marginwidth=\"0\" marginheight=\"0\" scrolling=\"no\"><\/iframe><\/p>\n<p><b>El acuerdo tambi\u00e9n establece que el intercambio de prisioneros comenzar\u00e1 una semana despu\u00e9s de la entrada en vigor del alto el fuego.<\/b><span style=\"font-weight: 400;\"> Paralelamente, se impulsar\u00e1 el retorno gradual de los civiles desplazados al norte de Gaza en las semanas siguientes a la tregua. Sin embargo, persisten dudas sobre el estado de algunos prisioneros israel\u00edes, ya que se estima que alrededor de la mitad de ellos podr\u00edan no estar con vida.<\/span><\/p>\n<p><span style=\"font-weight: 400;\">Seg\u00fan diversas informaciones de medios iran\u00edes y regionales, el intercambio de prisioneros ser\u00e1 acompa\u00f1ado por la retirada de las fuerzas israel\u00edes de las zonas urbanas de Gaza. Estas tropas se reubicar\u00e1n en \u00e1reas situadas a no m\u00e1s de 700 metros de la frontera con Israel.\u00a0<\/span><\/p>\n<p><span style=\"font-weight: 400;\">No obstante, se especula que el Corredor de Netzarim, una franja militarizada que divide Gaza y regula el movimiento en la zona, podr\u00eda quedar excluido de esta retirada. En ese caso, <\/span><b>el retiro de las fuerzas israel\u00edes del Corredor de Netzarim se llevar\u00eda a cabo de manera gradual.<\/b><\/p>\n<p><b>Asimismo, las fuerzas israel\u00edes reducir\u00e1n su presencia en el Corredor de Filadelfia, una zona fronteriza estrat\u00e9gica que conecta Gaza con Egipto.<\/b><span style=\"font-weight: 400;\"> Esta reducci\u00f3n culminar\u00e1 con una retirada total de las tropas israel\u00edes, prevista para un plazo de 50 d\u00edas despu\u00e9s de la entrada en vigor del acuerdo.<\/span><\/p>\n<p><span style=\"font-weight: 400;\">La segunda fase del acuerdo se enfoca en la liberaci\u00f3n de los prisioneros israel\u00edes restantes, a cambio de un n\u00famero determinado de prisioneros palestinos. Una vez completado este intercambio, el acuerdo estipula que Israel proceder\u00e1 con la retirada total de sus fuerzas militares de Gaza.<\/span><\/p>\n<p><b>Para leer sobre el rumbo escogido por el pueblo venezolano y su gobierno: <\/b><a href=\"https:\/\/hueleaazufre.com\/wordpress_a\/index.php\/2025\/01\/07\/10e-comienza-un-nuevo-ciclo-para-venezuela-exclusivo\/\"><span style=\"font-weight: 400;\">10E: comienza un nuevo ciclo para Venezuela EXCLUSIVO &#8211;<\/span><\/a><\/p>\n<blockquote class=\"wp-embedded-content\" data-secret=\"7CZCadr1pU\"><p><a href=\"https:\/\/hueleaazufre.com\/wordpress_a\/index.php\/2025\/01\/07\/10e-comienza-un-nuevo-ciclo-para-venezuela-exclusivo\/\">10E: comienza un nuevo ciclo para Venezuela EXCLUSIVO<\/a><\/p><\/blockquote>\n<p><iframe class=\"wp-embedded-content\" sandbox=\"allow-scripts\" security=\"restricted\" style=\"position: absolute; visibility: hidden;\" title=\"\u00ab10E: comienza un nuevo ciclo para Venezuela EXCLUSIVO\u00bb \u2014 \" src=\"https:\/\/hueleaazufre.com\/wordpress_a\/index.php\/2025\/01\/07\/10e-comienza-un-nuevo-ciclo-para-venezuela-exclusivo\/embed\/#?secret=QDPKmv7JtO#?secret=7CZCadr1pU\" data-secret=\"7CZCadr1pU\" width=\"600\" height=\"338\" frameborder=\"0\" marginwidth=\"0\" marginheight=\"0\" scrolling=\"no\"><\/iframe><\/p>\n<p><b>El ej\u00e9rcito israel\u00ed se retirar\u00e1 de manera gradual hacia una zona de amortiguaci\u00f3n cercana a la frontera,<\/b><span style=\"font-weight: 400;\"> repleg\u00e1ndose de los ejes de Nitzarim, en el centro de Gaza, y Filadelfia\/Salah al-Din, en el sur del enclave. <\/span><b>Esta retirada total estar\u00e1 condicionada a la liberaci\u00f3n de todos los prisioneros israel\u00edes<\/b><span style=\"font-weight: 400;\"> y a la salida completa de las tropas israel\u00edes de Gaza antes de que finalice esta fase del acuerdo.<\/span><\/p>\n<p><b>Un punto clave en las negociaciones es que Israel ha insistido en no recibir garant\u00edas escritas que impidan la reanudaci\u00f3n de sus ataques una vez que se haya completado la primera fase y devuelto a sus prisioneros civiles.<\/b><\/p>\n<p><span style=\"font-weight: 400;\">Por \u00faltimo, y seg\u00fan ha trascendido, si se cumplen las condiciones de la segunda fase, l<\/span><b>a tercera etapa del acuerdo consistir\u00e1 en la entrega de los cuerpos de los prisioneros restantes a cambio de un plan de reconstrucci\u00f3n de Gaza<\/b><span style=\"font-weight: 400;\">, que se llevar\u00e1 a cabo bajo supervisi\u00f3n internacional. Este plan de reconstrucci\u00f3n se desarrollar\u00e1 a lo largo de un periodo de entre tres y cinco a\u00f1os, con el objetivo de rehabilitar la infraestructura devastada y mejorar las condiciones de vida en la franja.<\/span><\/p>\n<p><b>A la hora de escribir este art\u00edculo, el primer ministro israel\u00ed, Benjam\u00edn Netanyahu, ha decidido posponer la votaci\u00f3n del gabinete sobre el acuerdo de alto el fuego<\/b><span style=\"font-weight: 400;\">, lo que representa un nuevo bloqueo a cualquier iniciativa que busque poner fin, aunque sea temporalmente, al genocidio en Gaza.\u00a0<\/span><\/p>\n<p><b>Este aplazamiento, una vez m\u00e1s, pone de manifiesto la falta de voluntad de Israel para comprometerse con una tregua<\/b><span style=\"font-weight: 400;\"> que permita aliviar la grave crisis humanitaria que afecta a la poblaci\u00f3n palestina.<\/span><\/p>\n<p><span style=\"font-weight: 400;\">En este contexto, es fundamental recordar que varios ministros del gabinete de Netanyahu, entre ellos el ministro de Finanzas Bezalel Smotrich, han sido muy expl\u00edcitos durante la \u00faltima semana acerca de su postura frente al acuerdo de alto el fuego. <\/span><b>Smotrich y otros miembros del gobierno han argumentado que dicho acuerdo ser\u00eda perjudicial para la seguridad nacional de Israel y han dejado claro que no votar\u00edan a favor del mismo<\/b><span style=\"font-weight: 400;\">. Adem\u00e1s, han amenazado con derribar el gobierno de Netanyahu si no se cumplen sus exigencias.<\/span><\/p>\n<p><span style=\"font-weight: 400;\">Smotrich, en particular, ha dejado entrever su postura m\u00e1s radical, pidiendo una garant\u00eda expl\u00edcita de Netanyahu de que Israel regresar\u00e1 a una guerra total y continuar\u00e1 luchando sin tregua hasta alcanzar todos sus objetivos. Sin embargo, despu\u00e9s de m\u00e1s de 15 meses de brutal genocidio, los \u00abobjetivos\u00bb israel\u00edes en Gaza, principalmente la eliminaci\u00f3n de Ham\u00e1s, siguen sin cumplirse.<\/span><\/p>\n<p><span style=\"font-weight: 400;\">En este mismo sentido se expres\u00f3 el presidente del Parlamento iran\u00ed, Mohamad Baqer Qalibaf, en la red social X, donde destac\u00f3 que la \u201cvaliente resistencia de Palestina\u201d durante 15 meses fue la que impidi\u00f3 que el r\u00e9gimen sionista alcanzara sus objetivos estrat\u00e9gicos.<\/span><\/p>\n<p><b>Por \u00faltimo, es necesario referirse a la postura del gobierno estadounidense<\/b><span style=\"font-weight: 400;\"> y, en concreto, a la administraci\u00f3n Biden, que ha sido acusada en numerosas ocasiones de ser directamente responsable del genocidio en Palestina. A pesar de los esfuerzos de Biden por presentar este acuerdo como un logro de su administraci\u00f3n, el legado del presidente estadounidense es indiscutiblemente el de bloquear un alto el fuego y armar y financiar un genocidio que ha durado m\u00e1s de 15 meses.<\/span><b> Para muchos ciudadanos palestinos, el legado de Biden est\u00e1 marcado por su incapacidad para frenar el sufrimiento palestino y su inquebrantable apoyo militar a Israel.<\/b><\/p>\n<p><span style=\"font-weight: 400;\">Como explic\u00f3 la usuaria @taraalami en un post en X, \u201cLa primera fase del acuerdo de alto el fuego entrar\u00e1 en vigor el 19 de enero, lo que significa que Biden y su administraci\u00f3n han insistido en continuar esta guerra contra Gaza hasta su \u00faltimo d\u00eda en el cargo, hasta su \u00faltimo aliento. Decir que es malvado es quedarse corto\u201d.<\/span><\/p>\n<p><b>Autor: Xavier Villar\/ HispanTV<\/b><\/p>\n<p><b><i>Para leer este art\u00edculo en su fuente original: <\/i><\/b><a href=\"https:\/\/www.hispantv.com\/noticias\/asia-occidental\/608339\/acuerdo-alto-fuego-gaza-significa\"><i><span style=\"font-weight: 400;\">Acuerdo de alto el fuego en Gaza: \u00bfQu\u00e9 significa y qu\u00e9 podemos esperar? | HISPANTV<\/span><\/i><\/a><\/p>\n","protected":false},"excerpt":{"rendered":"<p>A \u00faltima hora del mi\u00e9rcoles 16 de enero, se confirm\u00f3 la aprobaci\u00f3n de un acuerdo&#8230;<\/p>\n","protected":false},"author":1,"featured_media":2026,"comment_status":"open","ping_status":"closed","sticky":false,"template":"","format":"standard","meta":{"footnotes":""},"categories":[56],"tags":[603,91,206],"class_list":["post-2025","post","type-post","status-publish","format-standard","has-post-thumbnail","hentry","category-medios-aliados","tag-alto-el-fuego","tag-gaza","tag-hamas"],"yoast_head":"<!-- This site is optimized with the Yoast SEO plugin v27.5 - https:\/\/yoast.com\/product\/yoast-seo-wordpress\/ -->\n<title>Acuerdo de alto el fuego en Gaza: \u00bfQu\u00e9 significa y qu\u00e9 podemos esperar? -<\/title>\n<meta name=\"description\" content=\"A \u00faltima hora del mi\u00e9rcoles 16 de enero, se confirm\u00f3 la aprobaci\u00f3n de un acuerdo de alto el fuego entre Israel y HAMAS.\" \/>\n<meta name=\"robots\" content=\"index, follow, max-snippet:-1, max-image-preview:large, max-video-preview:-1\" \/>\n<link rel=\"canonical\" href=\"https:\/\/hueleaazufre.com\/wordpress_a\/index.php\/2025\/01\/17\/acuerdo-de-alto-el-fuego-en-gaza-que-significa-y-que-podemos-esperar\/\" \/>\n<meta property=\"og:locale\" content=\"es_ES\" \/>\n<meta property=\"og:type\" content=\"article\" \/>\n<meta property=\"og:title\" content=\"Acuerdo de alto el fuego en Gaza: \u00bfQu\u00e9 significa y qu\u00e9 podemos esperar? -\" \/>\n<meta property=\"og:description\" content=\"A \u00faltima hora del mi\u00e9rcoles 16 de enero, se confirm\u00f3 la aprobaci\u00f3n de un acuerdo de alto el fuego entre Israel y HAMAS.\" \/>\n<meta property=\"og:url\" content=\"https:\/\/hueleaazufre.com\/wordpress_a\/index.php\/2025\/01\/17\/acuerdo-de-alto-el-fuego-en-gaza-que-significa-y-que-podemos-esperar\/\" \/>\n<meta property=\"article:published_time\" content=\"2025-01-17T16:41:44+00:00\" \/>\n<meta property=\"og:image\" content=\"https:\/\/hueleaazufre.com\/wordpress_a\/wp-content\/uploads\/2025\/01\/1-5.webp\" \/>\n\t<meta property=\"og:image:width\" content=\"880\" \/>\n\t<meta property=\"og:image:height\" content=\"495\" \/>\n\t<meta property=\"og:image:type\" content=\"image\/webp\" \/>\n<meta name=\"author\" content=\"Huele a azufre\" \/>\n<meta name=\"twitter:card\" content=\"summary_large_image\" \/>\n<meta name=\"twitter:label1\" content=\"Escrito por\" \/>\n\t<meta name=\"twitter:data1\" content=\"Huele a azufre\" \/>\n\t<meta name=\"twitter:label2\" content=\"Tiempo de lectura\" \/>\n\t<meta name=\"twitter:data2\" content=\"6 minutos\" \/>\n<script type=\"application\/ld+json\" class=\"yoast-schema-graph\">{\"@context\":\"https:\\\/\\\/schema.org\",\"@graph\":[{\"@type\":\"Article\",\"@id\":\"https:\\\/\\\/hueleaazufre.com\\\/wordpress_a\\\/index.php\\\/2025\\\/01\\\/17\\\/acuerdo-de-alto-el-fuego-en-gaza-que-significa-y-que-podemos-esperar\\\/#article\",\"isPartOf\":{\"@id\":\"https:\\\/\\\/hueleaazufre.com\\\/wordpress_a\\\/index.php\\\/2025\\\/01\\\/17\\\/acuerdo-de-alto-el-fuego-en-gaza-que-significa-y-que-podemos-esperar\\\/\"},\"author\":{\"name\":\"Huele a azufre\",\"@id\":\"https:\\\/\\\/hueleaazufre.com\\\/wordpress_a\\\/#\\\/schema\\\/person\\\/549dd871707ea7f9f1a686323ebe9baa\"},\"headline\":\"Acuerdo de alto el fuego en Gaza: \u00bfQu\u00e9 significa y qu\u00e9 podemos esperar?\",\"datePublished\":\"2025-01-17T16:41:44+00:00\",\"mainEntityOfPage\":{\"@id\":\"https:\\\/\\\/hueleaazufre.com\\\/wordpress_a\\\/index.php\\\/2025\\\/01\\\/17\\\/acuerdo-de-alto-el-fuego-en-gaza-que-significa-y-que-podemos-esperar\\\/\"},\"wordCount\":1307,\"commentCount\":0,\"image\":{\"@id\":\"https:\\\/\\\/hueleaazufre.com\\\/wordpress_a\\\/index.php\\\/2025\\\/01\\\/17\\\/acuerdo-de-alto-el-fuego-en-gaza-que-significa-y-que-podemos-esperar\\\/#primaryimage\"},\"thumbnailUrl\":\"https:\\\/\\\/hueleaazufre.com\\\/wordpress_a\\\/wp-content\\\/uploads\\\/2025\\\/01\\\/1-5.webp\",\"keywords\":[\"alto el fuego\",\"Gaza\",\"HAMAS\"],\"articleSection\":[\"Medios aliados\"],\"inLanguage\":\"es\",\"potentialAction\":[{\"@type\":\"CommentAction\",\"name\":\"Comment\",\"target\":[\"https:\\\/\\\/hueleaazufre.com\\\/wordpress_a\\\/index.php\\\/2025\\\/01\\\/17\\\/acuerdo-de-alto-el-fuego-en-gaza-que-significa-y-que-podemos-esperar\\\/#respond\"]}]},{\"@type\":\"WebPage\",\"@id\":\"https:\\\/\\\/hueleaazufre.com\\\/wordpress_a\\\/index.php\\\/2025\\\/01\\\/17\\\/acuerdo-de-alto-el-fuego-en-gaza-que-significa-y-que-podemos-esperar\\\/\",\"url\":\"https:\\\/\\\/hueleaazufre.com\\\/wordpress_a\\\/index.php\\\/2025\\\/01\\\/17\\\/acuerdo-de-alto-el-fuego-en-gaza-que-significa-y-que-podemos-esperar\\\/\",\"name\":\"Acuerdo de alto el fuego en Gaza: \u00bfQu\u00e9 significa y qu\u00e9 podemos esperar? -\",\"isPartOf\":{\"@id\":\"https:\\\/\\\/hueleaazufre.com\\\/wordpress_a\\\/#website\"},\"primaryImageOfPage\":{\"@id\":\"https:\\\/\\\/hueleaazufre.com\\\/wordpress_a\\\/index.php\\\/2025\\\/01\\\/17\\\/acuerdo-de-alto-el-fuego-en-gaza-que-significa-y-que-podemos-esperar\\\/#primaryimage\"},\"image\":{\"@id\":\"https:\\\/\\\/hueleaazufre.com\\\/wordpress_a\\\/index.php\\\/2025\\\/01\\\/17\\\/acuerdo-de-alto-el-fuego-en-gaza-que-significa-y-que-podemos-esperar\\\/#primaryimage\"},\"thumbnailUrl\":\"https:\\\/\\\/hueleaazufre.com\\\/wordpress_a\\\/wp-content\\\/uploads\\\/2025\\\/01\\\/1-5.webp\",\"datePublished\":\"2025-01-17T16:41:44+00:00\",\"author\":{\"@id\":\"https:\\\/\\\/hueleaazufre.com\\\/wordpress_a\\\/#\\\/schema\\\/person\\\/549dd871707ea7f9f1a686323ebe9baa\"},\"description\":\"A \u00faltima hora del mi\u00e9rcoles 16 de enero, se confirm\u00f3 la aprobaci\u00f3n de un acuerdo de alto el fuego entre Israel y HAMAS.\",\"breadcrumb\":{\"@id\":\"https:\\\/\\\/hueleaazufre.com\\\/wordpress_a\\\/index.php\\\/2025\\\/01\\\/17\\\/acuerdo-de-alto-el-fuego-en-gaza-que-significa-y-que-podemos-esperar\\\/#breadcrumb\"},\"inLanguage\":\"es\",\"potentialAction\":[{\"@type\":\"ReadAction\",\"target\":[\"https:\\\/\\\/hueleaazufre.com\\\/wordpress_a\\\/index.php\\\/2025\\\/01\\\/17\\\/acuerdo-de-alto-el-fuego-en-gaza-que-significa-y-que-podemos-esperar\\\/\"]}]},{\"@type\":\"ImageObject\",\"inLanguage\":\"es\",\"@id\":\"https:\\\/\\\/hueleaazufre.com\\\/wordpress_a\\\/index.php\\\/2025\\\/01\\\/17\\\/acuerdo-de-alto-el-fuego-en-gaza-que-significa-y-que-podemos-esperar\\\/#primaryimage\",\"url\":\"https:\\\/\\\/hueleaazufre.com\\\/wordpress_a\\\/wp-content\\\/uploads\\\/2025\\\/01\\\/1-5.webp\",\"contentUrl\":\"https:\\\/\\\/hueleaazufre.com\\\/wordpress_a\\\/wp-content\\\/uploads\\\/2025\\\/01\\\/1-5.webp\",\"width\":880,\"height\":495,\"caption\":\"alto el fuego\"},{\"@type\":\"BreadcrumbList\",\"@id\":\"https:\\\/\\\/hueleaazufre.com\\\/wordpress_a\\\/index.php\\\/2025\\\/01\\\/17\\\/acuerdo-de-alto-el-fuego-en-gaza-que-significa-y-que-podemos-esperar\\\/#breadcrumb\",\"itemListElement\":[{\"@type\":\"ListItem\",\"position\":1,\"name\":\"Portada\",\"item\":\"https:\\\/\\\/hueleaazufre.com\\\/wordpress_a\\\/\"},{\"@type\":\"ListItem\",\"position\":2,\"name\":\"Acuerdo de alto el fuego en Gaza: \u00bfQu\u00e9 significa y qu\u00e9 podemos esperar?\"}]},{\"@type\":\"WebSite\",\"@id\":\"https:\\\/\\\/hueleaazufre.com\\\/wordpress_a\\\/#website\",\"url\":\"https:\\\/\\\/hueleaazufre.com\\\/wordpress_a\\\/\",\"name\":\"\",\"description\":\"Huele a azufre es una plataforma digital de an\u00e1lisis geopol\u00edtico.\",\"potentialAction\":[{\"@type\":\"SearchAction\",\"target\":{\"@type\":\"EntryPoint\",\"urlTemplate\":\"https:\\\/\\\/hueleaazufre.com\\\/wordpress_a\\\/?s={search_term_string}\"},\"query-input\":{\"@type\":\"PropertyValueSpecification\",\"valueRequired\":true,\"valueName\":\"search_term_string\"}}],\"inLanguage\":\"es\"},{\"@type\":\"Person\",\"@id\":\"https:\\\/\\\/hueleaazufre.com\\\/wordpress_a\\\/#\\\/schema\\\/person\\\/549dd871707ea7f9f1a686323ebe9baa\",\"name\":\"Huele a azufre\",\"image\":{\"@type\":\"ImageObject\",\"inLanguage\":\"es\",\"@id\":\"https:\\\/\\\/secure.gravatar.com\\\/avatar\\\/e972d5c124b9bf80eb4c9d322a90dd86a59d447f5da36700a77516f13637d44e?s=96&d=mm&r=g\",\"url\":\"https:\\\/\\\/secure.gravatar.com\\\/avatar\\\/e972d5c124b9bf80eb4c9d322a90dd86a59d447f5da36700a77516f13637d44e?s=96&d=mm&r=g\",\"contentUrl\":\"https:\\\/\\\/secure.gravatar.com\\\/avatar\\\/e972d5c124b9bf80eb4c9d322a90dd86a59d447f5da36700a77516f13637d44e?s=96&d=mm&r=g\",\"caption\":\"Huele a azufre\"},\"description\":\"Huele a azufre es una plataforma digital de an\u00e1lisis geopol\u00edtico\u00a0 contrahegem\u00f3nico, que busca visibilizar las voces y los discursos silenciados por el poder medi\u00e1tico.\",\"sameAs\":[\"https:\\\/\\\/hueleaazufre.com\\\/wordpress_a\"],\"url\":\"https:\\\/\\\/hueleaazufre.com\\\/wordpress_a\\\/index.php\\\/author\\\/admin_tupapa\\\/\"}]}<\/script>\n<!-- \/ Yoast SEO plugin. -->","yoast_head_json":{"title":"Acuerdo de alto el fuego en Gaza: \u00bfQu\u00e9 significa y qu\u00e9 podemos esperar? -","description":"A \u00faltima hora del mi\u00e9rcoles 16 de enero, se confirm\u00f3 la aprobaci\u00f3n de un acuerdo de alto el fuego entre Israel y HAMAS.","robots":{"index":"index","follow":"follow","max-snippet":"max-snippet:-1","max-image-preview":"max-image-preview:large","max-video-preview":"max-video-preview:-1"},"canonical":"https:\/\/hueleaazufre.com\/wordpress_a\/index.php\/2025\/01\/17\/acuerdo-de-alto-el-fuego-en-gaza-que-significa-y-que-podemos-esperar\/","og_locale":"es_ES","og_type":"article","og_title":"Acuerdo de alto el fuego en Gaza: \u00bfQu\u00e9 significa y qu\u00e9 podemos esperar? -","og_description":"A \u00faltima hora del mi\u00e9rcoles 16 de enero, se confirm\u00f3 la aprobaci\u00f3n de un acuerdo de alto el fuego entre Israel y HAMAS.","og_url":"https:\/\/hueleaazufre.com\/wordpress_a\/index.php\/2025\/01\/17\/acuerdo-de-alto-el-fuego-en-gaza-que-significa-y-que-podemos-esperar\/","article_published_time":"2025-01-17T16:41:44+00:00","og_image":[{"width":880,"height":495,"url":"https:\/\/hueleaazufre.com\/wordpress_a\/wp-content\/uploads\/2025\/01\/1-5.webp","type":"image\/webp"}],"author":"Huele a azufre","twitter_card":"summary_large_image","twitter_misc":{"Escrito por":"Huele a azufre","Tiempo de lectura":"6 minutos"},"schema":{"@context":"https:\/\/schema.org","@graph":[{"@type":"Article","@id":"https:\/\/hueleaazufre.com\/wordpress_a\/index.php\/2025\/01\/17\/acuerdo-de-alto-el-fuego-en-gaza-que-significa-y-que-podemos-esperar\/#article","isPartOf":{"@id":"https:\/\/hueleaazufre.com\/wordpress_a\/index.php\/2025\/01\/17\/acuerdo-de-alto-el-fuego-en-gaza-que-significa-y-que-podemos-esperar\/"},"author":{"name":"Huele a azufre","@id":"https:\/\/hueleaazufre.com\/wordpress_a\/#\/schema\/person\/549dd871707ea7f9f1a686323ebe9baa"},"headline":"Acuerdo de alto el fuego en Gaza: \u00bfQu\u00e9 significa y qu\u00e9 podemos esperar?","datePublished":"2025-01-17T16:41:44+00:00","mainEntityOfPage":{"@id":"https:\/\/hueleaazufre.com\/wordpress_a\/index.php\/2025\/01\/17\/acuerdo-de-alto-el-fuego-en-gaza-que-significa-y-que-podemos-esperar\/"},"wordCount":1307,"commentCount":0,"image":{"@id":"https:\/\/hueleaazufre.com\/wordpress_a\/index.php\/2025\/01\/17\/acuerdo-de-alto-el-fuego-en-gaza-que-significa-y-que-podemos-esperar\/#primaryimage"},"thumbnailUrl":"https:\/\/hueleaazufre.com\/wordpress_a\/wp-content\/uploads\/2025\/01\/1-5.webp","keywords":["alto el fuego","Gaza","HAMAS"],"articleSection":["Medios aliados"],"inLanguage":"es","potentialAction":[{"@type":"CommentAction","name":"Comment","target":["https:\/\/hueleaazufre.com\/wordpress_a\/index.php\/2025\/01\/17\/acuerdo-de-alto-el-fuego-en-gaza-que-significa-y-que-podemos-esperar\/#respond"]}]},{"@type":"WebPage","@id":"https:\/\/hueleaazufre.com\/wordpress_a\/index.php\/2025\/01\/17\/acuerdo-de-alto-el-fuego-en-gaza-que-significa-y-que-podemos-esperar\/","url":"https:\/\/hueleaazufre.com\/wordpress_a\/index.php\/2025\/01\/17\/acuerdo-de-alto-el-fuego-en-gaza-que-significa-y-que-podemos-esperar\/","name":"Acuerdo de alto el fuego en Gaza: \u00bfQu\u00e9 significa y qu\u00e9 podemos esperar? -","isPartOf":{"@id":"https:\/\/hueleaazufre.com\/wordpress_a\/#website"},"primaryImageOfPage":{"@id":"https:\/\/hueleaazufre.com\/wordpress_a\/index.php\/2025\/01\/17\/acuerdo-de-alto-el-fuego-en-gaza-que-significa-y-que-podemos-esperar\/#primaryimage"},"image":{"@id":"https:\/\/hueleaazufre.com\/wordpress_a\/index.php\/2025\/01\/17\/acuerdo-de-alto-el-fuego-en-gaza-que-significa-y-que-podemos-esperar\/#primaryimage"},"thumbnailUrl":"https:\/\/hueleaazufre.com\/wordpress_a\/wp-content\/uploads\/2025\/01\/1-5.webp","datePublished":"2025-01-17T16:41:44+00:00","author":{"@id":"https:\/\/hueleaazufre.com\/wordpress_a\/#\/schema\/person\/549dd871707ea7f9f1a686323ebe9baa"},"description":"A \u00faltima hora del mi\u00e9rcoles 16 de enero, se confirm\u00f3 la aprobaci\u00f3n de un acuerdo de alto el fuego entre Israel y HAMAS.","breadcrumb":{"@id":"https:\/\/hueleaazufre.com\/wordpress_a\/index.php\/2025\/01\/17\/acuerdo-de-alto-el-fuego-en-gaza-que-significa-y-que-podemos-esperar\/#breadcrumb"},"inLanguage":"es","potentialAction":[{"@type":"ReadAction","target":["https:\/\/hueleaazufre.com\/wordpress_a\/index.php\/2025\/01\/17\/acuerdo-de-alto-el-fuego-en-gaza-que-significa-y-que-podemos-esperar\/"]}]},{"@type":"ImageObject","inLanguage":"es","@id":"https:\/\/hueleaazufre.com\/wordpress_a\/index.php\/2025\/01\/17\/acuerdo-de-alto-el-fuego-en-gaza-que-significa-y-que-podemos-esperar\/#primaryimage","url":"https:\/\/hueleaazufre.com\/wordpress_a\/wp-content\/uploads\/2025\/01\/1-5.webp","contentUrl":"https:\/\/hueleaazufre.com\/wordpress_a\/wp-content\/uploads\/2025\/01\/1-5.webp","width":880,"height":495,"caption":"alto el fuego"},{"@type":"BreadcrumbList","@id":"https:\/\/hueleaazufre.com\/wordpress_a\/index.php\/2025\/01\/17\/acuerdo-de-alto-el-fuego-en-gaza-que-significa-y-que-podemos-esperar\/#breadcrumb","itemListElement":[{"@type":"ListItem","position":1,"name":"Portada","item":"https:\/\/hueleaazufre.com\/wordpress_a\/"},{"@type":"ListItem","position":2,"name":"Acuerdo de alto el fuego en Gaza: \u00bfQu\u00e9 significa y qu\u00e9 podemos esperar?"}]},{"@type":"WebSite","@id":"https:\/\/hueleaazufre.com\/wordpress_a\/#website","url":"https:\/\/hueleaazufre.com\/wordpress_a\/","name":"","description":"Huele a azufre es una plataforma digital de an\u00e1lisis geopol\u00edtico.","potentialAction":[{"@type":"SearchAction","target":{"@type":"EntryPoint","urlTemplate":"https:\/\/hueleaazufre.com\/wordpress_a\/?s={search_term_string}"},"query-input":{"@type":"PropertyValueSpecification","valueRequired":true,"valueName":"search_term_string"}}],"inLanguage":"es"},{"@type":"Person","@id":"https:\/\/hueleaazufre.com\/wordpress_a\/#\/schema\/person\/549dd871707ea7f9f1a686323ebe9baa","name":"Huele a azufre","image":{"@type":"ImageObject","inLanguage":"es","@id":"https:\/\/secure.gravatar.com\/avatar\/e972d5c124b9bf80eb4c9d322a90dd86a59d447f5da36700a77516f13637d44e?s=96&d=mm&r=g","url":"https:\/\/secure.gravatar.com\/avatar\/e972d5c124b9bf80eb4c9d322a90dd86a59d447f5da36700a77516f13637d44e?s=96&d=mm&r=g","contentUrl":"https:\/\/secure.gravatar.com\/avatar\/e972d5c124b9bf80eb4c9d322a90dd86a59d447f5da36700a77516f13637d44e?s=96&d=mm&r=g","caption":"Huele a azufre"},"description":"Huele a azufre es una plataforma digital de an\u00e1lisis geopol\u00edtico\u00a0 contrahegem\u00f3nico, que busca visibilizar las voces y los discursos silenciados por el poder medi\u00e1tico.","sameAs":["https:\/\/hueleaazufre.com\/wordpress_a"],"url":"https:\/\/hueleaazufre.com\/wordpress_a\/index.php\/author\/admin_tupapa\/"}]}},"_links":{"self":[{"href":"https:\/\/hueleaazufre.com\/wordpress_a\/index.php\/wp-json\/wp\/v2\/posts\/2025","targetHints":{"allow":["GET"]}}],"collection":[{"href":"https:\/\/hueleaazufre.com\/wordpress_a\/index.php\/wp-json\/wp\/v2\/posts"}],"about":[{"href":"https:\/\/hueleaazufre.com\/wordpress_a\/index.php\/wp-json\/wp\/v2\/types\/post"}],"author":[{"embeddable":true,"href":"https:\/\/hueleaazufre.com\/wordpress_a\/index.php\/wp-json\/wp\/v2\/users\/1"}],"replies":[{"embeddable":true,"href":"https:\/\/hueleaazufre.com\/wordpress_a\/index.php\/wp-json\/wp\/v2\/comments?post=2025"}],"version-history":[{"count":1,"href":"https:\/\/hueleaazufre.com\/wordpress_a\/index.php\/wp-json\/wp\/v2\/posts\/2025\/revisions"}],"predecessor-version":[{"id":2027,"href":"https:\/\/hueleaazufre.com\/wordpress_a\/index.php\/wp-json\/wp\/v2\/posts\/2025\/revisions\/2027"}],"wp:featuredmedia":[{"embeddable":true,"href":"https:\/\/hueleaazufre.com\/wordpress_a\/index.php\/wp-json\/wp\/v2\/media\/2026"}],"wp:attachment":[{"href":"https:\/\/hueleaazufre.com\/wordpress_a\/index.php\/wp-json\/wp\/v2\/media?parent=2025"}],"wp:term":[{"taxonomy":"category","embeddable":true,"href":"https:\/\/hueleaazufre.com\/wordpress_a\/index.php\/wp-json\/wp\/v2\/categories?post=2025"},{"taxonomy":"post_tag","embeddable":true,"href":"https:\/\/hueleaazufre.com\/wordpress_a\/index.php\/wp-json\/wp\/v2\/tags?post=2025"}],"curies":[{"name":"wp","href":"https:\/\/api.w.org\/{rel}","templated":true}]}}