{"id":2032,"date":"2025-01-20T17:07:01","date_gmt":"2025-01-20T17:07:01","guid":{"rendered":"https:\/\/hueleaazufre.com\/wordpress_a\/?p=2032"},"modified":"2025-01-20T17:07:01","modified_gmt":"2025-01-20T17:07:01","slug":"un-panorama-gris-el-nuevo-presidente-de-bolivia-seria-elegido-entre-gran-division-politica","status":"publish","type":"post","link":"https:\/\/hueleaazufre.com\/wordpress_a\/index.php\/2025\/01\/20\/un-panorama-gris-el-nuevo-presidente-de-bolivia-seria-elegido-entre-gran-division-politica\/","title":{"rendered":"\u00abUn panorama gris\u00bb: el nuevo presidente de Bolivia ser\u00eda elegido entre gran divisi\u00f3n pol\u00edtica"},"content":{"rendered":"<p><b>\u00abUn panorama gris\u00bb: el nuevo presidente de Bolivia ser\u00eda elegido entre gran divisi\u00f3n pol\u00edtica<\/b><\/p>\n<p><b><i>Pol\u00edticos del oficialismo y la oposici\u00f3n dialogan con sus bases para definir candidatos a la presidencia y a la Asamblea Legislativa en las elecciones de agosto pr\u00f3ximo. Con un Movimiento Al Socialismo (MAS) dividido, sus opositores tienen chance de volver al Gobierno luego de 20 a\u00f1os.<\/i><\/b><\/p>\n<p><b>La oposici\u00f3n al Gobierno del Movimiento Al Socialismo (MAS) se refuerza de cara a las elecciones generales de agosto<\/b><span style=\"font-weight: 400;\"> con la inclusi\u00f3n de m\u00e1s l\u00edderes pol\u00edticos. Mientras tanto, el <\/span><a href=\"https:\/\/noticiaslatam.lat\/20250114\/entre-optimismo-y-temores-de-ajuste-gobierno-de-arce-perfila-mejoras-en-la-economia-de-bolivia-1160478559.html\"><span style=\"font-weight: 400;\">oficialismo<\/span><\/a> <span style=\"font-weight: 400;\">est\u00e1 por concretar su divisi\u00f3n, con el anuncio de que el pr\u00f3ximo 25 de enero los seguidores del expresidente <\/span><a href=\"https:\/\/noticiaslatam.lat\/20250114\/sin-evo-morales-llega-a-la-capital-de-bolivia-la-marcha-opositora-al-gobierno-de-arce-1160452522.html\"><span style=\"font-weight: 400;\">Evo Morales<\/span><\/a> <span style=\"font-weight: 400;\">develar\u00e1n con qu\u00e9 nueva sigla van a participar de los comicios.<\/span><b> En este escenario, es previsible que el nombre del nuevo presidente boliviano se defina en segunda vuelta, a realizarse en octubre de este a\u00f1o.<\/b><\/p>\n<p><b>Por primera vez en dos d\u00e9cadas, el MAS est\u00e1 ante la posibilidad de no ganar en las elecciones presidenciales. <\/b><span style=\"font-weight: 400;\">El conflicto interno entre los seguidores de Morales y quienes apoyan al presidente <\/span><b>Luis Arce<\/b><span style=\"font-weight: 400;\"> tomaron estado p\u00fablico en 2024, cuando dos bloqueos nacionales (en febrero y octubre) afectaron seriamente a la econom\u00eda del pa\u00eds, adem\u00e1s de da\u00f1ar la imagen del partido en su conjunto.<\/span><\/p>\n<p><b>Para leer entrevista al escritor boliviano Rafael Bautista: <\/b><a href=\"https:\/\/hueleaazufre.com\/wordpress_a\/index.php\/2024\/12\/18\/la-grave-crisis-politica-en-bolivia-y-el-peligro-de-la-balcanizacion-de-latinoamerica\/\"><span style=\"font-weight: 400;\">La grave crisis pol\u00edtica en Bolivia y el peligro de \u201cla balcanizaci\u00f3n de Latinoam\u00e9rica\u201d &#8211;<\/span><\/a><\/p>\n<blockquote class=\"wp-embedded-content\" data-secret=\"nmAKTDhqYO\"><p><a href=\"https:\/\/hueleaazufre.com\/wordpress_a\/index.php\/2024\/12\/18\/la-grave-crisis-politica-en-bolivia-y-el-peligro-de-la-balcanizacion-de-latinoamerica\/\">La grave crisis pol\u00edtica en Bolivia y el peligro de \u201cla balcanizaci\u00f3n de Latinoam\u00e9rica\u201d<\/a><\/p><\/blockquote>\n<p><iframe class=\"wp-embedded-content\" sandbox=\"allow-scripts\" security=\"restricted\" style=\"position: absolute; visibility: hidden;\" title=\"\u00abLa grave crisis pol\u00edtica en Bolivia y el peligro de \u201cla balcanizaci\u00f3n de Latinoam\u00e9rica\u201d\u00bb \u2014 \" src=\"https:\/\/hueleaazufre.com\/wordpress_a\/index.php\/2024\/12\/18\/la-grave-crisis-politica-en-bolivia-y-el-peligro-de-la-balcanizacion-de-latinoamerica\/embed\/#?secret=oKNQXeZJjc#?secret=nmAKTDhqYO\" data-secret=\"nmAKTDhqYO\" width=\"600\" height=\"338\" frameborder=\"0\" marginwidth=\"0\" marginheight=\"0\" scrolling=\"no\"><\/iframe><\/p>\n<p><b>Las primeras encuestas muestran un panorama de fragmentaci\u00f3n<\/b><span style=\"font-weight: 400;\">, tanto entre quienes votan por el <\/span><a href=\"https:\/\/noticiaslatam.lat\/20241219\/arce-y-la-nueva-direccion-del-mas-se-preparan-para-las-elecciones-de-2025-en-bolivia-1159887790.html\"><span style=\"font-weight: 400;\">MAS<\/span><\/a> <span style=\"font-weight: 400;\">como entre quienes optan por la oposici\u00f3n. En este sentido, el bando que logre reagruparse y definir una candidatura \u00fanica tiene amplias posibilidades de quedarse con el Gobierno nacional.<\/span><\/p>\n<p><span style=\"font-weight: 400;\">El analista Marcelo Arequipa consider\u00f3: \u00abSi este domingo fueran las elecciones, ning\u00fan candidato obtendr\u00eda m\u00e1s del 20 % de votos. Esto nos pinta un panorama gris de cara a la elecci\u00f3n general. No va a ser f\u00e1cil que alg\u00fan candidato gane en primera vuelta\u00bb.<\/span><\/p>\n<p><b>Para leer otros t\u00f3picos sobre Bolivia: <\/b><span style=\"font-weight: 400;\">\u00a0<\/span><a href=\"https:\/\/hueleaazufre.com\/wordpress_a\/index.php\/2024\/06\/27\/bolivia-intento-golpe-de-estado\/\"><span style=\"font-weight: 400;\">Recursos Naturales y Poder: La Lucha por el Control en Bolivia y el Intento de Golpe de Estado contra Arce EXCLUSIVO &#8211;<\/span><\/a><\/p>\n<blockquote class=\"wp-embedded-content\" data-secret=\"7KShO62UMd\"><p><a href=\"https:\/\/hueleaazufre.com\/wordpress_a\/index.php\/2024\/06\/27\/bolivia-intento-golpe-de-estado\/\">Recursos Naturales y Poder: La Lucha por el Control en Bolivia y el Intento de Golpe de Estado contra Arce EXCLUSIVO<\/a><\/p><\/blockquote>\n<p><iframe class=\"wp-embedded-content\" sandbox=\"allow-scripts\" security=\"restricted\" style=\"position: absolute; visibility: hidden;\" title=\"\u00abRecursos Naturales y Poder: La Lucha por el Control en Bolivia y el Intento de Golpe de Estado contra Arce EXCLUSIVO\u00bb \u2014 \" src=\"https:\/\/hueleaazufre.com\/wordpress_a\/index.php\/2024\/06\/27\/bolivia-intento-golpe-de-estado\/embed\/#?secret=xBXC98KnF4#?secret=7KShO62UMd\" data-secret=\"7KShO62UMd\" width=\"600\" height=\"338\" frameborder=\"0\" marginwidth=\"0\" marginheight=\"0\" scrolling=\"no\"><\/iframe><\/p>\n<h2><b>\u00abNo hay una construcci\u00f3n colectiva de un proyecto pol\u00edtico\u00bb<\/b><\/h2>\n<p><span style=\"font-weight: 400;\">Aunque la oposici\u00f3n da claras se\u00f1ales de reagrupaci\u00f3n, a\u00fan no hay nada definido. La mayor coalici\u00f3n re\u00fane a expresidentes como <\/span><b>Jorge \u00abTuto\u00bb Quiroga<\/b><span style=\"font-weight: 400;\"> (2001-2002), <\/span><b>Carlos Mesa<\/b><span style=\"font-weight: 400;\"> (2003-2005), as\u00ed como al gobernador de Santa Cruz, <\/span><b>Luis Fernando Camacho<\/b><span style=\"font-weight: 400;\">, preso en la c\u00e1rcel de Chonchocoro por su participaci\u00f3n en el golpe de Estado de 2019, adem\u00e1s del empresario <\/span><b>Samuel Doria Medina<\/b><span style=\"font-weight: 400;\">.<\/span><\/p>\n<p><span style=\"font-weight: 400;\">El pasado 14 de enero, se sumaron a este bloque la precandidata Amparo Ballivi\u00e1n y el rector de la Universidad Aut\u00f3noma Gabriel Ren\u00e9 Moreno, Vicente Cu\u00e9llar, quien tiene apoyo en la ciudad de Santa Cruz.<\/span><\/p>\n<p><span style=\"font-weight: 400;\">Falta por definir qui\u00e9n se postular\u00e1 a la presidencia, qui\u00e9n a la vicepresidencia, as\u00ed como a las c\u00e1maras de senadores y diputados. Para acordarlo, deben realizar encuestas y evaluar cu\u00e1nto apoyo tiene cada uno.<\/span><\/p>\n<p><span style=\"font-weight: 400;\">La principal propuesta de la denominada Unidad de Oposici\u00f3n Democr\u00e1tica pasa por quitar al MAS del Gobierno nacional. <\/span><b>Algunos de sus integrantes, como Doria Media y Quiroga, adelantaron que de llegar a la presidencia aplicar\u00edan un plan de ajuste, con devaluaci\u00f3n<\/b><span style=\"font-weight: 400;\"> y un nuevo desembarco del Fondo Monetario Internacional (FMI).<\/span><\/p>\n<p><span style=\"font-weight: 400;\">Para Arequipa,<\/span><b> en el bloque opositor \u00abno hay una construcci\u00f3n colectiva de un proyecto pol\u00edtico\u00bb.<\/b><\/p>\n<p><span style=\"font-weight: 400;\">M\u00e1s all\u00e1 de los nombres de los candidatos, el analista explic\u00f3 que el nuevo presidente ser\u00e1 elegido por las dos fuerzas mayoritarias en Bolivia: <\/span><i><span style=\"font-weight: 400;\">masismo <\/span><\/i><span style=\"font-weight: 400;\">versus <\/span><i><span style=\"font-weight: 400;\">antimasismo<\/span><\/i><span style=\"font-weight: 400;\">.<\/span><\/p>\n<p><span style=\"font-weight: 400;\">\u00abNos dirigimos a una suerte de cohesi\u00f3n electoral entre un sector de votantes claramente antimasista contra un electorado masista. Son las dos identidades pol\u00edticas m\u00e1s fuertes del pa\u00eds\u00bb, consider\u00f3 el analista.<\/span><\/p>\n<p><span style=\"font-weight: 400;\">Y agreg\u00f3: \u00abHay que ver c\u00f3mo termina comport\u00e1ndose el electorado para ver qui\u00e9n es mayoritario: el masismo o el antimasismo\u00bb.<\/span><\/p>\n<h2><b>Otros opositores<\/b><\/h2>\n<p><span style=\"font-weight: 400;\">En 2008, el empresario aceitero <\/span><b>Branko Marinkovic<\/b><span style=\"font-weight: 400;\"> tom\u00f3 relevancia pol\u00edtica como presidente del Comit\u00e9 Pro Santa Cruz, que se consolid\u00f3 como un f\u00e9rreo opositor al <\/span><b>Gobierno de <\/b><a href=\"https:\/\/noticiaslatam.lat\/20250114\/sin-evo-morales-llega-a-la-capital-de-bolivia-la-marcha-opositora-al-gobierno-de-arce-1160452522.html\"><b>Morales<\/b><\/a> <span style=\"font-weight: 400;\">(2006-2019).<\/span><\/p>\n<p><b>En 2009, la Justicia boliviana lo vincul\u00f3 con la banda armada de Eduardo Rozsa Flores, que buscaba la separaci\u00f3n del departamento de Santa Cruz<\/b><span style=\"font-weight: 400;\"> para conformar otra rep\u00fablica independiente. Regres\u00f3 al pa\u00eds en 2019 para ser ministro del Gobierno de facto de <\/span><b>Jeanine \u00c1\u00f1ez <\/b><span style=\"font-weight: 400;\">(2019-2020).<\/span><\/p>\n<p><span style=\"font-weight: 400;\">Hasta el momento, Marinkovic rechaz\u00f3 sumarse al bloque mayoritario de oposici\u00f3n, al cual se refiri\u00f3 en duros t\u00e9rminos: <\/span><b>\u00abPara cambiar Bolivia necesitamos unidad en las ideas y no solo la ambici\u00f3n de poder de unos cuantos fracasados\u00bb.<\/b><\/p>\n<p><span style=\"font-weight: 400;\">Hac\u00eda alusi\u00f3n al poco \u00e9xito electoral de este bloque. Los dos que fueron presidentes, Mesa y Quiroga, accedieron al cargo porque eran vicepresidentes. El primero hac\u00eda binomio con Gonzalo S\u00e1nchez de Lozada (1993-1997 y 2002-2003), quien huy\u00f3 del pa\u00eds por su responsabilidad en el asesinato de al menos 67 personas en la denominada Guerra del Gas.<\/span><\/p>\n<p><span style=\"font-weight: 400;\">Quiroga, en cambio, asumi\u00f3 la presidencia cuando el titular <\/span><b>Hugo Banzer<\/b><span style=\"font-weight: 400;\"> (dictador militar entre 1971-1978 y presidente constitucional desde 1999 hasta 2001) abdic\u00f3 debido a su avanzada edad.<\/span><\/p>\n<h2><b>Las posibilidades de Reyes Villa<\/b><\/h2>\n<p><b>Otro candidato opositor que demuestra fortaleza en las encuestas es el alcalde de la ciudad de Cochabamba<\/b><span style=\"font-weight: 400;\">, el capit\u00e1n (retirado) Manfred Reyes Villa, quien en su rol castrense fue cercano al Gobierno de facto de Luis Garc\u00eda Meza (1980-1981).<\/span><\/p>\n<p><span style=\"font-weight: 400;\">En 2009, como gobernador (en ese entonces se dec\u00eda \u00abprefecto\u00bb) del departamento de Cochabamba, desafi\u00f3 al entonces presidente Evo Morales a realizar un refer\u00e9ndum revocatorio de mandato. As\u00ed le hizo un favor al oficialismo, porque Reyes Villa no logr\u00f3 rubricar su continuidad en el cargo. En cambio, Morales se reafirm\u00f3 en la presidencia.<\/span><\/p>\n<p><b>En el mismo a\u00f1o Reyes Villa se postul\u00f3 a la presidencia. Apenas super\u00f3 el 20 % de votos y entonces abandon\u00f3 el pa\u00eds<\/b><span style=\"font-weight: 400;\">, en medio de varias denuncias judiciales por supuestas irregularidades en su gesti\u00f3n. Cuando se impuso el golpe de 2019 tambi\u00e9n volvi\u00f3 a Bolivia. De inmediato la Justicia dio de baja los procesos en su contra.<\/span><\/p>\n<p><span style=\"font-weight: 400;\">\u00abManfred podr\u00eda tener un mejor respaldo que otros candidatos, que est\u00e1n desgastados y nunca han logrado algo, como Tuto o Doria Medina\u00bb, dijo a Sputnik el periodista Marcelo Patzi, de amplio recorrido en medios p\u00fablicos.<\/span><\/p>\n<p><b>\u00abEn los \u00faltimos a\u00f1os, Manfred se ha dado cuenta de que no le conviene asumir posiciones radicales,<\/b><span style=\"font-weight: 400;\"> como en 2008, cuando estaba junto al Comit\u00e9 Pro Santa Cruz. Es recordada su frase: &#8216;Adelante Santa Cruz con su independencia&#8217;, que le cost\u00f3 el cargo de prefecto\u00bb, record\u00f3.<\/span><\/p>\n<p><span style=\"font-weight: 400;\">Desde su regreso a Bolivia, Reyes Villa \u00abha sido m\u00e1s pr\u00e1ctico. Se dedic\u00f3 a la gesti\u00f3n antes que a los discursos pol\u00edticos radicales. Es de los pocos candidatos de derecha que actu\u00f3 h\u00e1bilmente\u00bb, consider\u00f3 Patzi.<\/span><\/p>\n<p><b>Autores: Sebasti\u00e1n Ochoa\/ Sputnik<\/b><\/p>\n<p><b><i>Para leer este art\u00edculo en su fuente original: <\/i><\/b><a href=\"https:\/\/noticiaslatam.lat\/20250117\/un-panorama-gris-el-nuevo-presidente-de-bolivia-seria-elegido-entre-gran-division-politica-1160535785.html\"><i><span style=\"font-weight: 400;\">\u00abUn panorama gris\u00bb: el nuevo presidente de Bolivia ser\u00eda elegido entre gran divisi\u00f3n pol\u00edtica &#8211; 17.01.2025, Sputnik Mundo<\/span><\/i><\/a><\/p>\n","protected":false},"excerpt":{"rendered":"<p>\u00abUn panorama gris\u00bb: el nuevo presidente de Bolivia ser\u00eda elegido entre gran divisi\u00f3n pol\u00edtica Pol\u00edticos&#8230;<\/p>\n","protected":false},"author":1,"featured_media":2033,"comment_status":"open","ping_status":"closed","sticky":false,"template":"","format":"standard","meta":{"footnotes":""},"categories":[70],"tags":[345,605,606,604],"class_list":["post-2032","post","type-post","status-publish","format-standard","has-post-thumbnail","hentry","category-otras-voces","tag-bolivia","tag-division-politica","tag-mas","tag-panorama-gris"],"yoast_head":"<!-- This site is optimized with the Yoast SEO plugin v27.5 - https:\/\/yoast.com\/product\/yoast-seo-wordpress\/ -->\n<title>&quot;Un panorama gris&quot;: el nuevo presidente de Bolivia ser\u00eda elegido entre gran divisi\u00f3n pol\u00edtica -<\/title>\n<meta name=\"description\" content=\"panorama gris. Pol\u00edticos del oficialismo y la oposici\u00f3n dialogan con sus bases para definir candidatos a la presidencia...\" \/>\n<meta name=\"robots\" content=\"index, follow, max-snippet:-1, max-image-preview:large, max-video-preview:-1\" \/>\n<link rel=\"canonical\" href=\"https:\/\/hueleaazufre.com\/wordpress_a\/index.php\/2025\/01\/20\/un-panorama-gris-el-nuevo-presidente-de-bolivia-seria-elegido-entre-gran-division-politica\/\" \/>\n<meta property=\"og:locale\" content=\"es_ES\" \/>\n<meta property=\"og:type\" content=\"article\" \/>\n<meta property=\"og:title\" content=\"&quot;Un panorama gris&quot;: el nuevo presidente de Bolivia ser\u00eda elegido entre gran divisi\u00f3n pol\u00edtica -\" \/>\n<meta property=\"og:description\" content=\"panorama gris. Pol\u00edticos del oficialismo y la oposici\u00f3n dialogan con sus bases para definir candidatos a la presidencia...\" \/>\n<meta property=\"og:url\" content=\"https:\/\/hueleaazufre.com\/wordpress_a\/index.php\/2025\/01\/20\/un-panorama-gris-el-nuevo-presidente-de-bolivia-seria-elegido-entre-gran-division-politica\/\" \/>\n<meta property=\"article:published_time\" content=\"2025-01-20T17:07:01+00:00\" \/>\n<meta property=\"og:image\" content=\"https:\/\/hueleaazufre.com\/wordpress_a\/wp-content\/uploads\/2025\/01\/1a.webp\" \/>\n\t<meta property=\"og:image:width\" content=\"1920\" \/>\n\t<meta property=\"og:image:height\" content=\"1079\" \/>\n\t<meta property=\"og:image:type\" content=\"image\/webp\" \/>\n<meta name=\"author\" content=\"Huele a azufre\" \/>\n<meta name=\"twitter:card\" content=\"summary_large_image\" \/>\n<meta name=\"twitter:label1\" content=\"Escrito por\" \/>\n\t<meta name=\"twitter:data1\" content=\"Huele a azufre\" \/>\n\t<meta name=\"twitter:label2\" content=\"Tiempo de lectura\" \/>\n\t<meta name=\"twitter:data2\" content=\"6 minutos\" \/>\n<script type=\"application\/ld+json\" class=\"yoast-schema-graph\">{\"@context\":\"https:\\\/\\\/schema.org\",\"@graph\":[{\"@type\":\"Article\",\"@id\":\"https:\\\/\\\/hueleaazufre.com\\\/wordpress_a\\\/index.php\\\/2025\\\/01\\\/20\\\/un-panorama-gris-el-nuevo-presidente-de-bolivia-seria-elegido-entre-gran-division-politica\\\/#article\",\"isPartOf\":{\"@id\":\"https:\\\/\\\/hueleaazufre.com\\\/wordpress_a\\\/index.php\\\/2025\\\/01\\\/20\\\/un-panorama-gris-el-nuevo-presidente-de-bolivia-seria-elegido-entre-gran-division-politica\\\/\"},\"author\":{\"name\":\"Huele a azufre\",\"@id\":\"https:\\\/\\\/hueleaazufre.com\\\/wordpress_a\\\/#\\\/schema\\\/person\\\/549dd871707ea7f9f1a686323ebe9baa\"},\"headline\":\"\u00abUn panorama gris\u00bb: el nuevo presidente de Bolivia ser\u00eda elegido entre gran divisi\u00f3n pol\u00edtica\",\"datePublished\":\"2025-01-20T17:07:01+00:00\",\"mainEntityOfPage\":{\"@id\":\"https:\\\/\\\/hueleaazufre.com\\\/wordpress_a\\\/index.php\\\/2025\\\/01\\\/20\\\/un-panorama-gris-el-nuevo-presidente-de-bolivia-seria-elegido-entre-gran-division-politica\\\/\"},\"wordCount\":1242,\"commentCount\":0,\"image\":{\"@id\":\"https:\\\/\\\/hueleaazufre.com\\\/wordpress_a\\\/index.php\\\/2025\\\/01\\\/20\\\/un-panorama-gris-el-nuevo-presidente-de-bolivia-seria-elegido-entre-gran-division-politica\\\/#primaryimage\"},\"thumbnailUrl\":\"https:\\\/\\\/hueleaazufre.com\\\/wordpress_a\\\/wp-content\\\/uploads\\\/2025\\\/01\\\/1a.webp\",\"keywords\":[\"Bolivia\",\"divisi\u00f3n pol\u00edtica\",\"MAS\",\"panorama gris\"],\"articleSection\":[\"Otras voces\"],\"inLanguage\":\"es\",\"potentialAction\":[{\"@type\":\"CommentAction\",\"name\":\"Comment\",\"target\":[\"https:\\\/\\\/hueleaazufre.com\\\/wordpress_a\\\/index.php\\\/2025\\\/01\\\/20\\\/un-panorama-gris-el-nuevo-presidente-de-bolivia-seria-elegido-entre-gran-division-politica\\\/#respond\"]}]},{\"@type\":\"WebPage\",\"@id\":\"https:\\\/\\\/hueleaazufre.com\\\/wordpress_a\\\/index.php\\\/2025\\\/01\\\/20\\\/un-panorama-gris-el-nuevo-presidente-de-bolivia-seria-elegido-entre-gran-division-politica\\\/\",\"url\":\"https:\\\/\\\/hueleaazufre.com\\\/wordpress_a\\\/index.php\\\/2025\\\/01\\\/20\\\/un-panorama-gris-el-nuevo-presidente-de-bolivia-seria-elegido-entre-gran-division-politica\\\/\",\"name\":\"\\\"Un panorama gris\\\": el nuevo presidente de Bolivia ser\u00eda elegido entre gran divisi\u00f3n pol\u00edtica -\",\"isPartOf\":{\"@id\":\"https:\\\/\\\/hueleaazufre.com\\\/wordpress_a\\\/#website\"},\"primaryImageOfPage\":{\"@id\":\"https:\\\/\\\/hueleaazufre.com\\\/wordpress_a\\\/index.php\\\/2025\\\/01\\\/20\\\/un-panorama-gris-el-nuevo-presidente-de-bolivia-seria-elegido-entre-gran-division-politica\\\/#primaryimage\"},\"image\":{\"@id\":\"https:\\\/\\\/hueleaazufre.com\\\/wordpress_a\\\/index.php\\\/2025\\\/01\\\/20\\\/un-panorama-gris-el-nuevo-presidente-de-bolivia-seria-elegido-entre-gran-division-politica\\\/#primaryimage\"},\"thumbnailUrl\":\"https:\\\/\\\/hueleaazufre.com\\\/wordpress_a\\\/wp-content\\\/uploads\\\/2025\\\/01\\\/1a.webp\",\"datePublished\":\"2025-01-20T17:07:01+00:00\",\"author\":{\"@id\":\"https:\\\/\\\/hueleaazufre.com\\\/wordpress_a\\\/#\\\/schema\\\/person\\\/549dd871707ea7f9f1a686323ebe9baa\"},\"description\":\"panorama gris. Pol\u00edticos del oficialismo y la oposici\u00f3n dialogan con sus bases para definir candidatos a la presidencia...\",\"breadcrumb\":{\"@id\":\"https:\\\/\\\/hueleaazufre.com\\\/wordpress_a\\\/index.php\\\/2025\\\/01\\\/20\\\/un-panorama-gris-el-nuevo-presidente-de-bolivia-seria-elegido-entre-gran-division-politica\\\/#breadcrumb\"},\"inLanguage\":\"es\",\"potentialAction\":[{\"@type\":\"ReadAction\",\"target\":[\"https:\\\/\\\/hueleaazufre.com\\\/wordpress_a\\\/index.php\\\/2025\\\/01\\\/20\\\/un-panorama-gris-el-nuevo-presidente-de-bolivia-seria-elegido-entre-gran-division-politica\\\/\"]}]},{\"@type\":\"ImageObject\",\"inLanguage\":\"es\",\"@id\":\"https:\\\/\\\/hueleaazufre.com\\\/wordpress_a\\\/index.php\\\/2025\\\/01\\\/20\\\/un-panorama-gris-el-nuevo-presidente-de-bolivia-seria-elegido-entre-gran-division-politica\\\/#primaryimage\",\"url\":\"https:\\\/\\\/hueleaazufre.com\\\/wordpress_a\\\/wp-content\\\/uploads\\\/2025\\\/01\\\/1a.webp\",\"contentUrl\":\"https:\\\/\\\/hueleaazufre.com\\\/wordpress_a\\\/wp-content\\\/uploads\\\/2025\\\/01\\\/1a.webp\",\"width\":1920,\"height\":1079,\"caption\":\"panorama gris\"},{\"@type\":\"BreadcrumbList\",\"@id\":\"https:\\\/\\\/hueleaazufre.com\\\/wordpress_a\\\/index.php\\\/2025\\\/01\\\/20\\\/un-panorama-gris-el-nuevo-presidente-de-bolivia-seria-elegido-entre-gran-division-politica\\\/#breadcrumb\",\"itemListElement\":[{\"@type\":\"ListItem\",\"position\":1,\"name\":\"Portada\",\"item\":\"https:\\\/\\\/hueleaazufre.com\\\/wordpress_a\\\/\"},{\"@type\":\"ListItem\",\"position\":2,\"name\":\"\u00abUn panorama gris\u00bb: el nuevo presidente de Bolivia ser\u00eda elegido entre gran divisi\u00f3n pol\u00edtica\"}]},{\"@type\":\"WebSite\",\"@id\":\"https:\\\/\\\/hueleaazufre.com\\\/wordpress_a\\\/#website\",\"url\":\"https:\\\/\\\/hueleaazufre.com\\\/wordpress_a\\\/\",\"name\":\"\",\"description\":\"Huele a azufre es una plataforma digital de an\u00e1lisis geopol\u00edtico.\",\"potentialAction\":[{\"@type\":\"SearchAction\",\"target\":{\"@type\":\"EntryPoint\",\"urlTemplate\":\"https:\\\/\\\/hueleaazufre.com\\\/wordpress_a\\\/?s={search_term_string}\"},\"query-input\":{\"@type\":\"PropertyValueSpecification\",\"valueRequired\":true,\"valueName\":\"search_term_string\"}}],\"inLanguage\":\"es\"},{\"@type\":\"Person\",\"@id\":\"https:\\\/\\\/hueleaazufre.com\\\/wordpress_a\\\/#\\\/schema\\\/person\\\/549dd871707ea7f9f1a686323ebe9baa\",\"name\":\"Huele a azufre\",\"image\":{\"@type\":\"ImageObject\",\"inLanguage\":\"es\",\"@id\":\"https:\\\/\\\/secure.gravatar.com\\\/avatar\\\/e972d5c124b9bf80eb4c9d322a90dd86a59d447f5da36700a77516f13637d44e?s=96&d=mm&r=g\",\"url\":\"https:\\\/\\\/secure.gravatar.com\\\/avatar\\\/e972d5c124b9bf80eb4c9d322a90dd86a59d447f5da36700a77516f13637d44e?s=96&d=mm&r=g\",\"contentUrl\":\"https:\\\/\\\/secure.gravatar.com\\\/avatar\\\/e972d5c124b9bf80eb4c9d322a90dd86a59d447f5da36700a77516f13637d44e?s=96&d=mm&r=g\",\"caption\":\"Huele a azufre\"},\"description\":\"Huele a azufre es una plataforma digital de an\u00e1lisis geopol\u00edtico\u00a0 contrahegem\u00f3nico, que busca visibilizar las voces y los discursos silenciados por el poder medi\u00e1tico.\",\"sameAs\":[\"https:\\\/\\\/hueleaazufre.com\\\/wordpress_a\"],\"url\":\"https:\\\/\\\/hueleaazufre.com\\\/wordpress_a\\\/index.php\\\/author\\\/admin_tupapa\\\/\"}]}<\/script>\n<!-- \/ Yoast SEO plugin. -->","yoast_head_json":{"title":"\"Un panorama gris\": el nuevo presidente de Bolivia ser\u00eda elegido entre gran divisi\u00f3n pol\u00edtica -","description":"panorama gris. Pol\u00edticos del oficialismo y la oposici\u00f3n dialogan con sus bases para definir candidatos a la presidencia...","robots":{"index":"index","follow":"follow","max-snippet":"max-snippet:-1","max-image-preview":"max-image-preview:large","max-video-preview":"max-video-preview:-1"},"canonical":"https:\/\/hueleaazufre.com\/wordpress_a\/index.php\/2025\/01\/20\/un-panorama-gris-el-nuevo-presidente-de-bolivia-seria-elegido-entre-gran-division-politica\/","og_locale":"es_ES","og_type":"article","og_title":"\"Un panorama gris\": el nuevo presidente de Bolivia ser\u00eda elegido entre gran divisi\u00f3n pol\u00edtica -","og_description":"panorama gris. Pol\u00edticos del oficialismo y la oposici\u00f3n dialogan con sus bases para definir candidatos a la presidencia...","og_url":"https:\/\/hueleaazufre.com\/wordpress_a\/index.php\/2025\/01\/20\/un-panorama-gris-el-nuevo-presidente-de-bolivia-seria-elegido-entre-gran-division-politica\/","article_published_time":"2025-01-20T17:07:01+00:00","og_image":[{"width":1920,"height":1079,"url":"https:\/\/hueleaazufre.com\/wordpress_a\/wp-content\/uploads\/2025\/01\/1a.webp","type":"image\/webp"}],"author":"Huele a azufre","twitter_card":"summary_large_image","twitter_misc":{"Escrito por":"Huele a azufre","Tiempo de lectura":"6 minutos"},"schema":{"@context":"https:\/\/schema.org","@graph":[{"@type":"Article","@id":"https:\/\/hueleaazufre.com\/wordpress_a\/index.php\/2025\/01\/20\/un-panorama-gris-el-nuevo-presidente-de-bolivia-seria-elegido-entre-gran-division-politica\/#article","isPartOf":{"@id":"https:\/\/hueleaazufre.com\/wordpress_a\/index.php\/2025\/01\/20\/un-panorama-gris-el-nuevo-presidente-de-bolivia-seria-elegido-entre-gran-division-politica\/"},"author":{"name":"Huele a azufre","@id":"https:\/\/hueleaazufre.com\/wordpress_a\/#\/schema\/person\/549dd871707ea7f9f1a686323ebe9baa"},"headline":"\u00abUn panorama gris\u00bb: el nuevo presidente de Bolivia ser\u00eda elegido entre gran divisi\u00f3n pol\u00edtica","datePublished":"2025-01-20T17:07:01+00:00","mainEntityOfPage":{"@id":"https:\/\/hueleaazufre.com\/wordpress_a\/index.php\/2025\/01\/20\/un-panorama-gris-el-nuevo-presidente-de-bolivia-seria-elegido-entre-gran-division-politica\/"},"wordCount":1242,"commentCount":0,"image":{"@id":"https:\/\/hueleaazufre.com\/wordpress_a\/index.php\/2025\/01\/20\/un-panorama-gris-el-nuevo-presidente-de-bolivia-seria-elegido-entre-gran-division-politica\/#primaryimage"},"thumbnailUrl":"https:\/\/hueleaazufre.com\/wordpress_a\/wp-content\/uploads\/2025\/01\/1a.webp","keywords":["Bolivia","divisi\u00f3n pol\u00edtica","MAS","panorama gris"],"articleSection":["Otras voces"],"inLanguage":"es","potentialAction":[{"@type":"CommentAction","name":"Comment","target":["https:\/\/hueleaazufre.com\/wordpress_a\/index.php\/2025\/01\/20\/un-panorama-gris-el-nuevo-presidente-de-bolivia-seria-elegido-entre-gran-division-politica\/#respond"]}]},{"@type":"WebPage","@id":"https:\/\/hueleaazufre.com\/wordpress_a\/index.php\/2025\/01\/20\/un-panorama-gris-el-nuevo-presidente-de-bolivia-seria-elegido-entre-gran-division-politica\/","url":"https:\/\/hueleaazufre.com\/wordpress_a\/index.php\/2025\/01\/20\/un-panorama-gris-el-nuevo-presidente-de-bolivia-seria-elegido-entre-gran-division-politica\/","name":"\"Un panorama gris\": el nuevo presidente de Bolivia ser\u00eda elegido entre gran divisi\u00f3n pol\u00edtica -","isPartOf":{"@id":"https:\/\/hueleaazufre.com\/wordpress_a\/#website"},"primaryImageOfPage":{"@id":"https:\/\/hueleaazufre.com\/wordpress_a\/index.php\/2025\/01\/20\/un-panorama-gris-el-nuevo-presidente-de-bolivia-seria-elegido-entre-gran-division-politica\/#primaryimage"},"image":{"@id":"https:\/\/hueleaazufre.com\/wordpress_a\/index.php\/2025\/01\/20\/un-panorama-gris-el-nuevo-presidente-de-bolivia-seria-elegido-entre-gran-division-politica\/#primaryimage"},"thumbnailUrl":"https:\/\/hueleaazufre.com\/wordpress_a\/wp-content\/uploads\/2025\/01\/1a.webp","datePublished":"2025-01-20T17:07:01+00:00","author":{"@id":"https:\/\/hueleaazufre.com\/wordpress_a\/#\/schema\/person\/549dd871707ea7f9f1a686323ebe9baa"},"description":"panorama gris. Pol\u00edticos del oficialismo y la oposici\u00f3n dialogan con sus bases para definir candidatos a la presidencia...","breadcrumb":{"@id":"https:\/\/hueleaazufre.com\/wordpress_a\/index.php\/2025\/01\/20\/un-panorama-gris-el-nuevo-presidente-de-bolivia-seria-elegido-entre-gran-division-politica\/#breadcrumb"},"inLanguage":"es","potentialAction":[{"@type":"ReadAction","target":["https:\/\/hueleaazufre.com\/wordpress_a\/index.php\/2025\/01\/20\/un-panorama-gris-el-nuevo-presidente-de-bolivia-seria-elegido-entre-gran-division-politica\/"]}]},{"@type":"ImageObject","inLanguage":"es","@id":"https:\/\/hueleaazufre.com\/wordpress_a\/index.php\/2025\/01\/20\/un-panorama-gris-el-nuevo-presidente-de-bolivia-seria-elegido-entre-gran-division-politica\/#primaryimage","url":"https:\/\/hueleaazufre.com\/wordpress_a\/wp-content\/uploads\/2025\/01\/1a.webp","contentUrl":"https:\/\/hueleaazufre.com\/wordpress_a\/wp-content\/uploads\/2025\/01\/1a.webp","width":1920,"height":1079,"caption":"panorama gris"},{"@type":"BreadcrumbList","@id":"https:\/\/hueleaazufre.com\/wordpress_a\/index.php\/2025\/01\/20\/un-panorama-gris-el-nuevo-presidente-de-bolivia-seria-elegido-entre-gran-division-politica\/#breadcrumb","itemListElement":[{"@type":"ListItem","position":1,"name":"Portada","item":"https:\/\/hueleaazufre.com\/wordpress_a\/"},{"@type":"ListItem","position":2,"name":"\u00abUn panorama gris\u00bb: el nuevo presidente de Bolivia ser\u00eda elegido entre gran divisi\u00f3n pol\u00edtica"}]},{"@type":"WebSite","@id":"https:\/\/hueleaazufre.com\/wordpress_a\/#website","url":"https:\/\/hueleaazufre.com\/wordpress_a\/","name":"","description":"Huele a azufre es una plataforma digital de an\u00e1lisis geopol\u00edtico.","potentialAction":[{"@type":"SearchAction","target":{"@type":"EntryPoint","urlTemplate":"https:\/\/hueleaazufre.com\/wordpress_a\/?s={search_term_string}"},"query-input":{"@type":"PropertyValueSpecification","valueRequired":true,"valueName":"search_term_string"}}],"inLanguage":"es"},{"@type":"Person","@id":"https:\/\/hueleaazufre.com\/wordpress_a\/#\/schema\/person\/549dd871707ea7f9f1a686323ebe9baa","name":"Huele a azufre","image":{"@type":"ImageObject","inLanguage":"es","@id":"https:\/\/secure.gravatar.com\/avatar\/e972d5c124b9bf80eb4c9d322a90dd86a59d447f5da36700a77516f13637d44e?s=96&d=mm&r=g","url":"https:\/\/secure.gravatar.com\/avatar\/e972d5c124b9bf80eb4c9d322a90dd86a59d447f5da36700a77516f13637d44e?s=96&d=mm&r=g","contentUrl":"https:\/\/secure.gravatar.com\/avatar\/e972d5c124b9bf80eb4c9d322a90dd86a59d447f5da36700a77516f13637d44e?s=96&d=mm&r=g","caption":"Huele a azufre"},"description":"Huele a azufre es una plataforma digital de an\u00e1lisis geopol\u00edtico\u00a0 contrahegem\u00f3nico, que busca visibilizar las voces y los discursos silenciados por el poder medi\u00e1tico.","sameAs":["https:\/\/hueleaazufre.com\/wordpress_a"],"url":"https:\/\/hueleaazufre.com\/wordpress_a\/index.php\/author\/admin_tupapa\/"}]}},"_links":{"self":[{"href":"https:\/\/hueleaazufre.com\/wordpress_a\/index.php\/wp-json\/wp\/v2\/posts\/2032","targetHints":{"allow":["GET"]}}],"collection":[{"href":"https:\/\/hueleaazufre.com\/wordpress_a\/index.php\/wp-json\/wp\/v2\/posts"}],"about":[{"href":"https:\/\/hueleaazufre.com\/wordpress_a\/index.php\/wp-json\/wp\/v2\/types\/post"}],"author":[{"embeddable":true,"href":"https:\/\/hueleaazufre.com\/wordpress_a\/index.php\/wp-json\/wp\/v2\/users\/1"}],"replies":[{"embeddable":true,"href":"https:\/\/hueleaazufre.com\/wordpress_a\/index.php\/wp-json\/wp\/v2\/comments?post=2032"}],"version-history":[{"count":1,"href":"https:\/\/hueleaazufre.com\/wordpress_a\/index.php\/wp-json\/wp\/v2\/posts\/2032\/revisions"}],"predecessor-version":[{"id":2034,"href":"https:\/\/hueleaazufre.com\/wordpress_a\/index.php\/wp-json\/wp\/v2\/posts\/2032\/revisions\/2034"}],"wp:featuredmedia":[{"embeddable":true,"href":"https:\/\/hueleaazufre.com\/wordpress_a\/index.php\/wp-json\/wp\/v2\/media\/2033"}],"wp:attachment":[{"href":"https:\/\/hueleaazufre.com\/wordpress_a\/index.php\/wp-json\/wp\/v2\/media?parent=2032"}],"wp:term":[{"taxonomy":"category","embeddable":true,"href":"https:\/\/hueleaazufre.com\/wordpress_a\/index.php\/wp-json\/wp\/v2\/categories?post=2032"},{"taxonomy":"post_tag","embeddable":true,"href":"https:\/\/hueleaazufre.com\/wordpress_a\/index.php\/wp-json\/wp\/v2\/tags?post=2032"}],"curies":[{"name":"wp","href":"https:\/\/api.w.org\/{rel}","templated":true}]}}