{"id":2041,"date":"2025-01-24T16:09:11","date_gmt":"2025-01-24T16:09:11","guid":{"rendered":"https:\/\/hueleaazufre.com\/wordpress_a\/?p=2041"},"modified":"2025-01-24T16:09:11","modified_gmt":"2025-01-24T16:09:11","slug":"artico-podra-la-paz-perdurar-a-pesar-de-trump","status":"publish","type":"post","link":"https:\/\/hueleaazufre.com\/wordpress_a\/index.php\/2025\/01\/24\/artico-podra-la-paz-perdurar-a-pesar-de-trump\/","title":{"rendered":"\u00c1rtico, \u00bfpodr\u00e1 la paz perdurar a pesar de Trump?"},"content":{"rendered":"<p><b>\u00c1rtico. Hasta hace alg\u00fan tiempo, poco y nada se sab\u00eda, y mucho menos se hablaba del Oc\u00e9ano Glaciar \u00c1rtico. <\/b><span style=\"font-weight: 400;\">Se relacionaba con una masa compacta e inexpugnable de hielo cercana al Polo Norte en la que pueblos pac\u00edficos desarrollaban su vida en comuni\u00f3n con la naturaleza y cient\u00edficos de todo el mundo desarrollaban investigaciones. Todo ello se ha visto alterado y lo que es peor, algunas potencias planetarias han fijado sus ojos en la regi\u00f3n con fines militares.<\/span><\/p>\n<p><span style=\"font-weight: 400;\">Se considera como territorio \u00e1rtico a aquel que medido desde el Polo Norte hasta el C\u00edrculo Polar \u00c1rtico (latitud 67\u00b0 al norte del ecuador), se extiende a lo largo de unos\u00a020 millones de kil\u00f3metros cuadrados\u00a0de superficie mar\u00edtima y terrestre, de los cuales 15,5 millones corresponden al Oc\u00e9ano \u00c1rtico.<\/span><\/p>\n<p><b>Para leer sobre la desregulaci\u00f3n sobre la protecci\u00f3n del ambiente y en el sector energ\u00e9tico en Estados Unidos de Trump:<\/b> <a href=\"https:\/\/hueleaazufre.com\/wordpress_a\/index.php\/2025\/01\/20\/bancos-de-estados-unidos-abandonan-las-alianzas-climaticas\/\"><span style=\"font-weight: 400;\">Los grandes bancos de Estados Unidos abandonan las alianzas clim\u00e1ticas &#8211;<\/span><\/a><\/p>\n<blockquote class=\"wp-embedded-content\" data-secret=\"WNUq3pgJCj\"><p><a href=\"https:\/\/hueleaazufre.com\/wordpress_a\/index.php\/2025\/01\/20\/bancos-de-estados-unidos-abandonan-las-alianzas-climaticas\/\">Los grandes bancos de Estados Unidos abandonan las alianzas clim\u00e1ticas<\/a><\/p><\/blockquote>\n<p><iframe class=\"wp-embedded-content\" sandbox=\"allow-scripts\" security=\"restricted\" style=\"position: absolute; visibility: hidden;\" title=\"\u00abLos grandes bancos de Estados Unidos abandonan las alianzas clim\u00e1ticas\u00bb \u2014 \" src=\"https:\/\/hueleaazufre.com\/wordpress_a\/index.php\/2025\/01\/20\/bancos-de-estados-unidos-abandonan-las-alianzas-climaticas\/embed\/#?secret=ax3H12EJ2u#?secret=WNUq3pgJCj\" data-secret=\"WNUq3pgJCj\" width=\"600\" height=\"338\" frameborder=\"0\" marginwidth=\"0\" marginheight=\"0\" scrolling=\"no\"><\/iframe><\/p>\n<p><b>Los hielos \u201ceternos\u201d del pasado han comenzado a desaparecer tras el avance aparentemente indetenible del cambio clim\u00e1tico<\/b><span style=\"font-weight: 400;\"> que ha abierto el acceso a recursos minerales desconocidos hasta ahora, al tiempo que se comienza a vislumbrar la posibilidad de establecer el tr\u00e1nsito mar\u00edtimo por una v\u00eda que se anunciaba \u2014solo unos a\u00f1os atr\u00e1s\u2014 como de complejidad extrema para la navegaci\u00f3n.\u00a0\u00a0<\/span><\/p>\n<p><b>En cuanto a recursos, vale establecer que actualmente el 90 % de la producci\u00f3n de gas y el 60 % de la de petr\u00f3leo de Rusia se producen en el \u00c1rtico<\/b><span style=\"font-weight: 400;\">. La regi\u00f3n tiene un extraordinario 60 % de las reservas de gas y petr\u00f3leo de Rusia. As\u00ed mismo, es rica en carb\u00f3n, diamantes, oro, n\u00edquel, cobalto, cobre, paladio, platino, zinc y tierras raras.<\/span><\/p>\n<p><b>Para leer an\u00e1lisis sobre las pr\u00f3ximas acciones de Trump para reconfigurar el tablero geopol\u00edtico y frenar la ca\u00edda de la hegemon\u00eda norteamericana:<\/b><span style=\"font-weight: 400;\">\u00a0 <\/span><a href=\"https:\/\/hueleaazufre.com\/wordpress_a\/index.php\/2025\/01\/20\/vuelta-de-trump-a-la-casa-blanca\/\"><span style=\"font-weight: 400;\">La vuelta de Trump a la Casa Blanca: un camino marcado de tensiones por el control de occidente &#8211;<\/span><\/a><\/p>\n<blockquote class=\"wp-embedded-content\" data-secret=\"2cVRDXbuKw\"><p><a href=\"https:\/\/hueleaazufre.com\/wordpress_a\/index.php\/2025\/01\/20\/vuelta-de-trump-a-la-casa-blanca\/\">La vuelta de Trump a la Casa Blanca: un camino marcado de tensiones por el control de occidente<\/a><\/p><\/blockquote>\n<p><iframe class=\"wp-embedded-content\" sandbox=\"allow-scripts\" security=\"restricted\" style=\"position: absolute; visibility: hidden;\" title=\"\u00abLa vuelta de Trump a la Casa Blanca: un camino marcado de tensiones por el control de occidente\u00bb \u2014 \" src=\"https:\/\/hueleaazufre.com\/wordpress_a\/index.php\/2025\/01\/20\/vuelta-de-trump-a-la-casa-blanca\/embed\/#?secret=YhZAlZVsEt#?secret=2cVRDXbuKw\" data-secret=\"2cVRDXbuKw\" width=\"600\" height=\"338\" frameborder=\"0\" marginwidth=\"0\" marginheight=\"0\" scrolling=\"no\"><\/iframe><\/p>\n<p><b>En otro \u00e1mbito, la navegaci\u00f3n por el \u00c1rtico acorta en gran medida la ruta comercial de China y de Asia con Europa<\/b><span style=\"font-weight: 400;\"> y ofrece una alternativa al canal de Suez y el Estrecho de la Malaca, que podr\u00edan ser bloqueados por una fuerza naval estadounidense en caso de desatarse un conflicto global.\u00a0<\/span><\/p>\n<p><b>Rusia considera que el \u00c1rtico es una v\u00eda navegable interna<\/b><span style=\"font-weight: 400;\">, lo cual plantea un problema no tanto por su utilizaci\u00f3n como v\u00eda comercial, sino que, <\/span><b>ante una eventual apertura, Estados Unidos y la Organizaci\u00f3n del Tratado del Atl\u00e1ntico Norte (OTAN) podr\u00edan asumir que sus barcos de guerra pueden transitar libremente<\/b><span style=\"font-weight: 400;\"> por un territorio que es de soberan\u00eda absoluta de Rusia, lo cual ha generado controversias en el marco del derecho mar\u00edtimo, toda vez que, amparados en la Convenci\u00f3n de las Naciones Unidas sobre el Derecho del Mar,\u00a0 incluso <\/span><b>pa\u00edses como Alemania, Jap\u00f3n y Corea del Sur, que realizan un intenso tr\u00e1fico mar\u00edtimo comercial, reclaman el derecho de paso internacional.\u00a0<\/b><\/p>\n<p><b>Mosc\u00fa ha hecho transitable la v\u00eda gracias a su flota de 40 rompehielos<\/b><span style=\"font-weight: 400;\">, incluidos cuatro de propulsi\u00f3n nuclear y una nueva serie prevista. Adem\u00e1s, se ha propuesto desarrollar la regi\u00f3n como zona tur\u00edstica y ha planeado construir\u00a0 en ella nuevas ciudades, puertos, aeropuertos y desarrollar polos cient\u00edficos e inform\u00e1ticos.<\/span><\/p>\n<blockquote>\n<h2><b><i>\u201cTrump ha revelado su deseo de hacerse de otro importante territorio \u00e1rtico cuando ha dicho que Canad\u00e1 deber\u00eda incorporarse a Estados Unidos. De esta manera, ha puesto presi\u00f3n sobre dos\u00a0 de sus aliados m\u00e1s cercanos, ambos socios en la OTAN\u201d<\/i><\/b><\/h2>\n<\/blockquote>\n<p><span style=\"font-weight: 400;\">En el caso de <\/span><b>China, aunque no es un Estado \u00e1rtico, ha manifestado algunas reivindicaciones en el marco de las leyes internacionales<\/b><span style=\"font-weight: 400;\"> respecto de sus pretensiones en la regi\u00f3n. En ese marco reclama derechos relacionados con la investigaci\u00f3n cient\u00edfica, la navegaci\u00f3n, el sobrevuelo, la pesca, el tendido de cables submarinos y tuber\u00edas en altamar y otras \u00e1reas mar\u00edtimas relevantes en el Oc\u00e9ano \u00c1rtico, y derechos a la exploraci\u00f3n y explotaci\u00f3n de recursos en la zona. <\/span><b>En la b\u00fasqueda de consolidar la v\u00eda como ruta alternativa, en 2012, un rompehielos chino realiz\u00f3 un tr\u00e1nsito completo a trav\u00e9s del \u00c1rtico hasta Islandia.<\/b><\/p>\n<p><span style=\"font-weight: 400;\">En el entorno del \u00c1rtico existen territorios soberanos de Rusia, Estados Unidos (Alaska), Canad\u00e1, Dinamarca (Groenlandia), Noruega e Islandia. Algunos de estos pa\u00edses reclaman una parte del territorio de esta regi\u00f3n: Estados Unidos (10 %), Canad\u00e1 (25 %), Dinamarca (20 %), Rusia (50 %) y Noruega (5 %).<\/span><\/p>\n<p><b>Para leer reflexiones sobre las amenazas del presidente electo de EE. UU., Donald Trump, de comprar Groenlandia:<\/b> <a href=\"https:\/\/hueleaazufre.com\/wordpress_a\/index.php\/2024\/12\/27\/trump-amenaza-con-dominar-el-canal-de-panama-canada-y-groenlandia\/\"><span style=\"font-weight: 400;\">Trump amenaza con dominar el canal de Panam\u00e1, Canad\u00e1 y Groenlandia &#8211;<\/span><\/a><\/p>\n<blockquote class=\"wp-embedded-content\" data-secret=\"DltdvkzQqI\"><p><a href=\"https:\/\/hueleaazufre.com\/wordpress_a\/index.php\/2024\/12\/27\/trump-amenaza-con-dominar-el-canal-de-panama-canada-y-groenlandia\/\">Trump amenaza con dominar el canal de Panam\u00e1, Canad\u00e1 y Groenlandia<\/a><\/p><\/blockquote>\n<p><iframe class=\"wp-embedded-content\" sandbox=\"allow-scripts\" security=\"restricted\" style=\"position: absolute; visibility: hidden;\" title=\"\u00abTrump amenaza con dominar el canal de Panam\u00e1, Canad\u00e1 y Groenlandia\u00bb \u2014 \" src=\"https:\/\/hueleaazufre.com\/wordpress_a\/index.php\/2024\/12\/27\/trump-amenaza-con-dominar-el-canal-de-panama-canada-y-groenlandia\/embed\/#?secret=ipqufuOi5G#?secret=DltdvkzQqI\" data-secret=\"DltdvkzQqI\" width=\"600\" height=\"338\" frameborder=\"0\" marginwidth=\"0\" marginheight=\"0\" scrolling=\"no\"><\/iframe><\/p>\n<p><span style=\"font-weight: 400;\">M\u00e1s recientemente, el presidente de Estados Unidos, <\/span><b>Donald Trump, ha fijado su mirada en la zona y ha manifestado su deseo de apropiarse de Groenlandia<\/b><span style=\"font-weight: 400;\"> (la isla m\u00e1s grande del mundo) hoy bajo dominio colonial de Dinamarca. Sumado a ello, Trump ha revelado su deseo de hacerse de otro importante territorio \u00e1rtico cuando ha dicho que Canad\u00e1 deber\u00eda incorporarse a Estados Unidos. De esta manera, ha puesto presi\u00f3n sobre dos\u00a0 de sus aliados m\u00e1s cercanos, ambos socios en la OTAN.<\/span><\/p>\n<p><b>La relevancia del \u00c1rtico como asunto de seguridad global no es nueva<\/b><span style=\"font-weight: 400;\">, toda vez que los pa\u00edses que tienen territorio sobre sus costas han tratado de preservar su presencia en \u00e9l, <\/span><b>pero ha sido en fechas m\u00e1s cercanas cuando ha cobrado una inusual notabilidad estableci\u00e9ndose una rivalidad estrat\u00e9gica nunca antes vista. <\/b><span style=\"font-weight: 400;\">Por un lado, Rusia y China y por el otro, Estados Unidos y la OTAN.<\/span><\/p>\n<p><b>Estados Unidos ha instalado radares de largo alcance en Alaska a partir de la hip\u00f3tesis de que un conflicto en la regi\u00f3n podr\u00eda tener incidencia en otros escenarios<\/b><span style=\"font-weight: 400;\">. Seg\u00fan Christopher Rierson, capit\u00e1n del Comando de Operaciones Especiales Norte de Estados Unidos, una deliberada ausencia en el \u00c1rtico podr\u00eda afectar a su pa\u00eds \u201cpor la interrupci\u00f3n de la infraestructura de proyecci\u00f3n de poder, lo que podr\u00eda comprometer el despliegue de capacidades avanzadas en el Indo-Pac\u00edfico y otros escenarios\u00bb.\u00a0<\/span><\/p>\n<p><span style=\"font-weight: 400;\">Por ello, Washington planea ampliar su base a\u00e9rea de Thule en Groenlandia, que alberga a la Fuerza Espacial de Estados Unidos y una red global de sensores de advertencia de misiles.<\/span><\/p>\n<blockquote>\n<h2><b><i>\u201c&#8230;el \u00c1rtico \u2018va a ser\u00a0el campo de batalla cr\u00edtico del futuro\u00a0porque a medida que el clima se calienta, el \u00c1rtico va a ser una v\u00eda que tal vez incluso reduzca el uso del canal de Panam\u00e1\u2019&#8230;\u201d<\/i><\/b><\/h2>\n<\/blockquote>\n<p><span style=\"font-weight: 400;\">En esa medida, la presencia militar de Estados Unidos ha ido creciendo aceleradamente. En febrero de 2023 realiz\u00f3 durante un mes los <\/span><a href=\"https:\/\/www.eucom.mil\/pressrelease\/42277\/us-forces-in-europe-to-take-part-in-exercise-arctic-forge\"><span style=\"font-weight: 400;\">ejercicios militares Arctic Forge 23, <\/span><i><span style=\"font-weight: 400;\">Defense Exercise North<\/span><\/i><span style=\"font-weight: 400;\"> y <\/span><i><span style=\"font-weight: 400;\">Joint Viking<\/span><\/i><span style=\"font-weight: 400;\"> en el \u00c1rtico<\/span><\/a><span style=\"font-weight: 400;\">. <\/span><b>Estas pr\u00e1cticas b\u00e9licas poco publicitadas fueron en conjunto con Finlandia y Noruega <\/b><span style=\"font-weight: 400;\">con el objetivo de \u201cdemostrar preparaci\u00f3n mediante el despliegue de una fuerza cre\u00edble en combate para aumentar el poder en el flanco norte de la OTAN\u201d seg\u00fan la informaci\u00f3n entregada por el Comando Europeo del Departamento de Defensa de Estados Unidos. <\/span><b>Participaron miembros de las fuerzas armadas de Estados Unidos, Reino Unido, Alemania, Pa\u00edses Bajos, Dinamarca, Finlandia y Noruega.<\/b><\/p>\n<p><span style=\"font-weight: 400;\">En este contexto Robert O\u00b4Brien, quien fuera Consejero de Seguridad nacional durante el primer gobierno de Donald Trump, afirm\u00f3 que<\/span><b> Groenlandia es \u00abuna autopista desde el \u00c1rtico hasta Am\u00e9rica del Norte\u00bb<\/b><span style=\"font-weight: 400;\">, y agreg\u00f3 que \u00a0el \u00c1rtico \u00abva a ser\u00a0el campo de batalla cr\u00edtico del futuro\u00a0porque a medida que el clima se calienta, el \u00c1rtico va a ser una v\u00eda que tal vez incluso reduzca el uso del canal de Panam\u00e1\u00bb. <\/span><b>Tal vez, sea este el hilo conductor entre dos temas a los que Trump le ha dado gran relevancia al afinar sus prioridades de pol\u00edtica exterior.\u00a0\u00a0<\/b><\/p>\n<p><span style=\"font-weight: 400;\">Por su parte, <\/span><b>la presencia de Rusia en el \u00c1rtico es trascendente toda vez que su frontera norte yace sobre su territorio<\/b><span style=\"font-weight: 400;\">. Eso la ha llevado a modernizar sus bases militares, mejorar su flota de submarinos y ampliar como ning\u00fan otro pa\u00eds su flota de rompehielos. Las inversiones rusas y chinas en la regi\u00f3n tambi\u00e9n han crecido.<\/span><\/p>\n<p><span style=\"font-weight: 400;\">En otro \u00e1mbito, este territorio no ha estado exento de disputas territoriales, no solo entre los pa\u00edses que poseen espacios terrestres o mar\u00edtimos sobre el \u00c1rtico y que han reivindicado soberan\u00eda sobre partes del mismo. Otros, como Suecia, Finlandia y China que no la tienen, han entrado en una controversia que apunta a la dif\u00edcil tarea de definir l\u00edmites de la plataforma continental y delimitar\u00a0 los espacios mar\u00edtimos.\u00a0<\/span><\/p>\n<p><b>Un tratado firmado en Par\u00eds, en 1920, estableci\u00f3 soberan\u00eda de cinco pa\u00edses sobre la regi\u00f3n: Rusia, Estados Unidos, Dinamarca, Noruega y Canad\u00e1<\/b><span style=\"font-weight: 400;\"> pero la Convenci\u00f3n de las Naciones Unidas sobre el Derecho del Mar de 1987 cambi\u00f3 los par\u00e1metros sobre los que se sustenta el Tratado de Par\u00eds, que no dice nada sobre la divisi\u00f3n sectorial del territorio. Rusia ratific\u00f3 la Convenci\u00f3n en 1997, pero Estados Unidos a\u00fan no lo ha hecho.<\/span><\/p>\n<p><b>En 1996 se cre\u00f3 el Consejo \u00c1rtico\u00a0como espacio intergubernamental en el que se deben discutir los asuntos a los que se enfrentan los gobiernos de los pa\u00edses\u00a0<\/b><a href=\"https:\/\/es.wikipedia.org\/wiki\/%C3%81rtico\"><b>\u00e1rticos<\/b><\/a><span style=\"font-weight: 400;\">\u00a0y los representantes de pueblos ind\u00edgenas de la regi\u00f3n. En 2022, tras el inicio de la operaci\u00f3n militar especial de Rusia en Ucrania los siete miembros occidentales (Noruega, Canad\u00e1, Dinamarca, Finlandia, Islandia, Suecia y Estados Unidos) decidieron comenzar a funcionar sin Rusia. Esta disposici\u00f3n elimin\u00f3 cualquier posibilidad de cooperaci\u00f3n en el \u00e1rea.<\/span><\/p>\n<p><span style=\"font-weight: 400;\">Estados Unidos ha decidido incrementar su presencia militar y tambi\u00e9n diplom\u00e1tica en la zona creando el puesto de \u201cEmbajador en misi\u00f3n especial para la regi\u00f3n del \u00c1rtico\u201d, adem\u00e1s comenz\u00f3 a desarrollar Fuerzas de Operaciones Especiales de su Ej\u00e9rcito para el \u00c1rtico.<\/span><\/p>\n<p><b>En particular se debe considerar la situaci\u00f3n de los pueblos originarios de la regi\u00f3n<\/b><span style=\"font-weight: 400;\">: los inuit (llamados com\u00fanmente esquimales) que viven en Alaska, Groenlandia y Canad\u00e1 (una poblaci\u00f3n total de 180 mil personas) y los sami que tienen su h\u00e1bitat en los otros pa\u00edses (20 mil en Suecia, 50 mil en Noruega, 8 mil en Finlandia y 2 mil en Rusia). Al parecer todo debate sobre la regi\u00f3n, obvia consultarlos a ellos que son los verdaderos due\u00f1os del territorio.<\/span><\/p>\n<p><b>Ambos pueblos tienen una organizaci\u00f3n que rebasa los Estados nacionales coordinando acciones en funci\u00f3n de su identidad y de intereses comunes<\/b><span style=\"font-weight: 400;\">. Los sami poseen un concejo compuesto por tres parlamentos que representan a los pueblos ind\u00edgenas de Suecia, Noruega y Finlandia. Los samis rusos est\u00e1n representados por ONG pero se han dividido en cuanto a su apoyo a la operaci\u00f3n militar rusa en Ucrania, una vez que, los que apoyaban a Mosc\u00fa fueron excluidos de la instancia.\u00a0<\/span><\/p>\n<p><b>En t\u00e9rminos geopol\u00edticos, la reciente cercan\u00eda de Rusia y China plantea preocupaciones a Estados Unidos y a Occidente en general<\/b><span style=\"font-weight: 400;\">. Sin poder dejar de considerar que la frontera norte de Rusia ocupa m\u00e1s de la mitad de la costa del oc\u00e9ano, la alianza con Beijing le ofrece al gigante asi\u00e1tico\u00a0 una ruta mar\u00edtima para su comercio con Europa.\u00a0<\/span><\/p>\n<p><span style=\"font-weight: 400;\">En una dimensi\u00f3n menor, se han visto \u2014m\u00e1s all\u00e1 de otras consecuencias\u2014 las repercusiones para la econom\u00eda europea el cierre del espacio a\u00e9reo ruso para naves de pa\u00edses del Viejo Continente en represalia; igual medida fue tomada por Europa. Una decisi\u00f3n similar en las v\u00edas mar\u00edtimas, acarrear\u00eda grandes da\u00f1os econ\u00f3micos a Europa.<\/span><\/p>\n<p><b>En resumen, la situaci\u00f3n en el \u00c1rtico se ha tornado altamente explosiva, <\/b><span style=\"font-weight: 400;\">sobre todo por la intenci\u00f3n del nuevo presidente de Estados Unidos de incursionar en la regi\u00f3n por la fuerza. Tras la incorporaci\u00f3n de Finlandia y Suecia a la OTAN, Rusia debe enfrentar la expansi\u00f3n de esta organizaci\u00f3n guerrerista tambi\u00e9n en esta regi\u00f3n trascendente para sus intereses geopol\u00edticos estrat\u00e9gicos.\u00a0<\/span><\/p>\n<p><span style=\"font-weight: 400;\">El pret\u00e9rito de tranquilidad y armon\u00eda de la regi\u00f3n tan hermosamente relatado en las dos novelas de Hans Ruesch, <\/span><i><span style=\"font-weight: 400;\">El pa\u00eds de las sombras largas<\/span><\/i><span style=\"font-weight: 400;\"> y <\/span><i><span style=\"font-weight: 400;\">Regreso al pa\u00eds de las sombras largas<\/span><\/i><span style=\"font-weight: 400;\">, parece no tener cabida en el futuro.\u00a0<\/span><\/p>\n<p><span style=\"font-weight: 400;\">La creciente presencia militar y la ambici\u00f3n expansionista de Estados Unidos y la OTAN amenazan con romper el equilibrio cuidadosamente mantenido incluso durante la guerra fr\u00eda. Es de esperar que prime la sensatez (tan escasa y alejada de los escenarios diplom\u00e1ticos de los \u00faltimos tiempos) y el \u00c1rtico pueda seguir siendo un espacio de armon\u00eda para los pueblos de la regi\u00f3n y para todo el mundo.<\/span><\/p>\n<p><b>Autor: Sergio Rodr\u00edguez Gelfenstein<\/b><\/p>\n<p><a href=\"http:\/\/www.sergioro07.blogspot.com\"><b>www.sergioro07.blogspot.com<\/b><\/a><\/p>\n<p>&nbsp;<\/p>\n","protected":false},"excerpt":{"rendered":"<p>\u00c1rtico. Hasta hace alg\u00fan tiempo, poco y nada se sab\u00eda, y mucho menos se hablaba&#8230;<\/p>\n","protected":false},"author":1,"featured_media":2042,"comment_status":"open","ping_status":"closed","sticky":false,"template":"","format":"standard","meta":{"footnotes":""},"categories":[70,52],"tags":[609,169,100,51],"class_list":["post-2041","post","type-post","status-publish","format-standard","has-post-thumbnail","hentry","category-otras-voces","category-sergio-rodriguez-gelfenstein","tag-artico","tag-donald-trump","tag-otan","tag-paz"],"yoast_head":"<!-- This site is optimized with the Yoast SEO plugin v27.5 - https:\/\/yoast.com\/product\/yoast-seo-wordpress\/ -->\n<title>\u00c1rtico, \u00bfpodr\u00e1 la paz perdurar a pesar de Trump? -<\/title>\n<meta name=\"description\" content=\"\u00c1rtico. Hasta hace alg\u00fan tiempo, poco y nada se sab\u00eda, y mucho menos se hablaba del Oc\u00e9ano Glaciar \u00c1rtico.\" \/>\n<meta name=\"robots\" content=\"index, follow, max-snippet:-1, max-image-preview:large, max-video-preview:-1\" \/>\n<link rel=\"canonical\" href=\"https:\/\/hueleaazufre.com\/wordpress_a\/index.php\/2025\/01\/24\/artico-podra-la-paz-perdurar-a-pesar-de-trump\/\" \/>\n<meta property=\"og:locale\" content=\"es_ES\" \/>\n<meta property=\"og:type\" content=\"article\" \/>\n<meta property=\"og:title\" content=\"\u00c1rtico, \u00bfpodr\u00e1 la paz perdurar a pesar de Trump? -\" \/>\n<meta property=\"og:description\" content=\"\u00c1rtico. Hasta hace alg\u00fan tiempo, poco y nada se sab\u00eda, y mucho menos se hablaba del Oc\u00e9ano Glaciar \u00c1rtico.\" \/>\n<meta property=\"og:url\" content=\"https:\/\/hueleaazufre.com\/wordpress_a\/index.php\/2025\/01\/24\/artico-podra-la-paz-perdurar-a-pesar-de-trump\/\" \/>\n<meta property=\"article:published_time\" content=\"2025-01-24T16:09:11+00:00\" \/>\n<meta property=\"og:image\" content=\"https:\/\/hueleaazufre.com\/wordpress_a\/wp-content\/uploads\/2025\/01\/1.jpg\" \/>\n\t<meta property=\"og:image:width\" content=\"1024\" \/>\n\t<meta property=\"og:image:height\" content=\"1024\" \/>\n\t<meta property=\"og:image:type\" content=\"image\/jpeg\" \/>\n<meta name=\"author\" content=\"Huele a azufre\" \/>\n<meta name=\"twitter:card\" content=\"summary_large_image\" \/>\n<meta name=\"twitter:label1\" content=\"Escrito por\" \/>\n\t<meta name=\"twitter:data1\" content=\"Huele a azufre\" \/>\n\t<meta name=\"twitter:label2\" content=\"Tiempo de lectura\" \/>\n\t<meta name=\"twitter:data2\" content=\"10 minutos\" \/>\n<script type=\"application\/ld+json\" class=\"yoast-schema-graph\">{\"@context\":\"https:\\\/\\\/schema.org\",\"@graph\":[{\"@type\":\"Article\",\"@id\":\"https:\\\/\\\/hueleaazufre.com\\\/wordpress_a\\\/index.php\\\/2025\\\/01\\\/24\\\/artico-podra-la-paz-perdurar-a-pesar-de-trump\\\/#article\",\"isPartOf\":{\"@id\":\"https:\\\/\\\/hueleaazufre.com\\\/wordpress_a\\\/index.php\\\/2025\\\/01\\\/24\\\/artico-podra-la-paz-perdurar-a-pesar-de-trump\\\/\"},\"author\":{\"name\":\"Huele a azufre\",\"@id\":\"https:\\\/\\\/hueleaazufre.com\\\/wordpress_a\\\/#\\\/schema\\\/person\\\/549dd871707ea7f9f1a686323ebe9baa\"},\"headline\":\"\u00c1rtico, \u00bfpodr\u00e1 la paz perdurar a pesar de Trump?\",\"datePublished\":\"2025-01-24T16:09:11+00:00\",\"mainEntityOfPage\":{\"@id\":\"https:\\\/\\\/hueleaazufre.com\\\/wordpress_a\\\/index.php\\\/2025\\\/01\\\/24\\\/artico-podra-la-paz-perdurar-a-pesar-de-trump\\\/\"},\"wordCount\":2199,\"commentCount\":0,\"image\":{\"@id\":\"https:\\\/\\\/hueleaazufre.com\\\/wordpress_a\\\/index.php\\\/2025\\\/01\\\/24\\\/artico-podra-la-paz-perdurar-a-pesar-de-trump\\\/#primaryimage\"},\"thumbnailUrl\":\"https:\\\/\\\/hueleaazufre.com\\\/wordpress_a\\\/wp-content\\\/uploads\\\/2025\\\/01\\\/1.jpg\",\"keywords\":[\"\u00c1rtico\",\"Donald Trump\",\"OTAN\",\"PAZ\"],\"articleSection\":[\"Otras voces\",\"Sergio Rodr\u00edguez Gelfenstein\"],\"inLanguage\":\"es\",\"potentialAction\":[{\"@type\":\"CommentAction\",\"name\":\"Comment\",\"target\":[\"https:\\\/\\\/hueleaazufre.com\\\/wordpress_a\\\/index.php\\\/2025\\\/01\\\/24\\\/artico-podra-la-paz-perdurar-a-pesar-de-trump\\\/#respond\"]}]},{\"@type\":\"WebPage\",\"@id\":\"https:\\\/\\\/hueleaazufre.com\\\/wordpress_a\\\/index.php\\\/2025\\\/01\\\/24\\\/artico-podra-la-paz-perdurar-a-pesar-de-trump\\\/\",\"url\":\"https:\\\/\\\/hueleaazufre.com\\\/wordpress_a\\\/index.php\\\/2025\\\/01\\\/24\\\/artico-podra-la-paz-perdurar-a-pesar-de-trump\\\/\",\"name\":\"\u00c1rtico, \u00bfpodr\u00e1 la paz perdurar a pesar de Trump? -\",\"isPartOf\":{\"@id\":\"https:\\\/\\\/hueleaazufre.com\\\/wordpress_a\\\/#website\"},\"primaryImageOfPage\":{\"@id\":\"https:\\\/\\\/hueleaazufre.com\\\/wordpress_a\\\/index.php\\\/2025\\\/01\\\/24\\\/artico-podra-la-paz-perdurar-a-pesar-de-trump\\\/#primaryimage\"},\"image\":{\"@id\":\"https:\\\/\\\/hueleaazufre.com\\\/wordpress_a\\\/index.php\\\/2025\\\/01\\\/24\\\/artico-podra-la-paz-perdurar-a-pesar-de-trump\\\/#primaryimage\"},\"thumbnailUrl\":\"https:\\\/\\\/hueleaazufre.com\\\/wordpress_a\\\/wp-content\\\/uploads\\\/2025\\\/01\\\/1.jpg\",\"datePublished\":\"2025-01-24T16:09:11+00:00\",\"author\":{\"@id\":\"https:\\\/\\\/hueleaazufre.com\\\/wordpress_a\\\/#\\\/schema\\\/person\\\/549dd871707ea7f9f1a686323ebe9baa\"},\"description\":\"\u00c1rtico. Hasta hace alg\u00fan tiempo, poco y nada se sab\u00eda, y mucho menos se hablaba del Oc\u00e9ano Glaciar \u00c1rtico.\",\"breadcrumb\":{\"@id\":\"https:\\\/\\\/hueleaazufre.com\\\/wordpress_a\\\/index.php\\\/2025\\\/01\\\/24\\\/artico-podra-la-paz-perdurar-a-pesar-de-trump\\\/#breadcrumb\"},\"inLanguage\":\"es\",\"potentialAction\":[{\"@type\":\"ReadAction\",\"target\":[\"https:\\\/\\\/hueleaazufre.com\\\/wordpress_a\\\/index.php\\\/2025\\\/01\\\/24\\\/artico-podra-la-paz-perdurar-a-pesar-de-trump\\\/\"]}]},{\"@type\":\"ImageObject\",\"inLanguage\":\"es\",\"@id\":\"https:\\\/\\\/hueleaazufre.com\\\/wordpress_a\\\/index.php\\\/2025\\\/01\\\/24\\\/artico-podra-la-paz-perdurar-a-pesar-de-trump\\\/#primaryimage\",\"url\":\"https:\\\/\\\/hueleaazufre.com\\\/wordpress_a\\\/wp-content\\\/uploads\\\/2025\\\/01\\\/1.jpg\",\"contentUrl\":\"https:\\\/\\\/hueleaazufre.com\\\/wordpress_a\\\/wp-content\\\/uploads\\\/2025\\\/01\\\/1.jpg\",\"width\":1024,\"height\":1024,\"caption\":\"\u00c1rtico\"},{\"@type\":\"BreadcrumbList\",\"@id\":\"https:\\\/\\\/hueleaazufre.com\\\/wordpress_a\\\/index.php\\\/2025\\\/01\\\/24\\\/artico-podra-la-paz-perdurar-a-pesar-de-trump\\\/#breadcrumb\",\"itemListElement\":[{\"@type\":\"ListItem\",\"position\":1,\"name\":\"Portada\",\"item\":\"https:\\\/\\\/hueleaazufre.com\\\/wordpress_a\\\/\"},{\"@type\":\"ListItem\",\"position\":2,\"name\":\"\u00c1rtico, \u00bfpodr\u00e1 la paz perdurar a pesar de Trump?\"}]},{\"@type\":\"WebSite\",\"@id\":\"https:\\\/\\\/hueleaazufre.com\\\/wordpress_a\\\/#website\",\"url\":\"https:\\\/\\\/hueleaazufre.com\\\/wordpress_a\\\/\",\"name\":\"\",\"description\":\"Huele a azufre es una plataforma digital de an\u00e1lisis geopol\u00edtico.\",\"potentialAction\":[{\"@type\":\"SearchAction\",\"target\":{\"@type\":\"EntryPoint\",\"urlTemplate\":\"https:\\\/\\\/hueleaazufre.com\\\/wordpress_a\\\/?s={search_term_string}\"},\"query-input\":{\"@type\":\"PropertyValueSpecification\",\"valueRequired\":true,\"valueName\":\"search_term_string\"}}],\"inLanguage\":\"es\"},{\"@type\":\"Person\",\"@id\":\"https:\\\/\\\/hueleaazufre.com\\\/wordpress_a\\\/#\\\/schema\\\/person\\\/549dd871707ea7f9f1a686323ebe9baa\",\"name\":\"Huele a azufre\",\"image\":{\"@type\":\"ImageObject\",\"inLanguage\":\"es\",\"@id\":\"https:\\\/\\\/secure.gravatar.com\\\/avatar\\\/e972d5c124b9bf80eb4c9d322a90dd86a59d447f5da36700a77516f13637d44e?s=96&d=mm&r=g\",\"url\":\"https:\\\/\\\/secure.gravatar.com\\\/avatar\\\/e972d5c124b9bf80eb4c9d322a90dd86a59d447f5da36700a77516f13637d44e?s=96&d=mm&r=g\",\"contentUrl\":\"https:\\\/\\\/secure.gravatar.com\\\/avatar\\\/e972d5c124b9bf80eb4c9d322a90dd86a59d447f5da36700a77516f13637d44e?s=96&d=mm&r=g\",\"caption\":\"Huele a azufre\"},\"description\":\"Huele a azufre es una plataforma digital de an\u00e1lisis geopol\u00edtico\u00a0 contrahegem\u00f3nico, que busca visibilizar las voces y los discursos silenciados por el poder medi\u00e1tico.\",\"sameAs\":[\"https:\\\/\\\/hueleaazufre.com\\\/wordpress_a\"],\"url\":\"https:\\\/\\\/hueleaazufre.com\\\/wordpress_a\\\/index.php\\\/author\\\/admin_tupapa\\\/\"}]}<\/script>\n<!-- \/ Yoast SEO plugin. -->","yoast_head_json":{"title":"\u00c1rtico, \u00bfpodr\u00e1 la paz perdurar a pesar de Trump? -","description":"\u00c1rtico. Hasta hace alg\u00fan tiempo, poco y nada se sab\u00eda, y mucho menos se hablaba del Oc\u00e9ano Glaciar \u00c1rtico.","robots":{"index":"index","follow":"follow","max-snippet":"max-snippet:-1","max-image-preview":"max-image-preview:large","max-video-preview":"max-video-preview:-1"},"canonical":"https:\/\/hueleaazufre.com\/wordpress_a\/index.php\/2025\/01\/24\/artico-podra-la-paz-perdurar-a-pesar-de-trump\/","og_locale":"es_ES","og_type":"article","og_title":"\u00c1rtico, \u00bfpodr\u00e1 la paz perdurar a pesar de Trump? -","og_description":"\u00c1rtico. Hasta hace alg\u00fan tiempo, poco y nada se sab\u00eda, y mucho menos se hablaba del Oc\u00e9ano Glaciar \u00c1rtico.","og_url":"https:\/\/hueleaazufre.com\/wordpress_a\/index.php\/2025\/01\/24\/artico-podra-la-paz-perdurar-a-pesar-de-trump\/","article_published_time":"2025-01-24T16:09:11+00:00","og_image":[{"width":1024,"height":1024,"url":"https:\/\/hueleaazufre.com\/wordpress_a\/wp-content\/uploads\/2025\/01\/1.jpg","type":"image\/jpeg"}],"author":"Huele a azufre","twitter_card":"summary_large_image","twitter_misc":{"Escrito por":"Huele a azufre","Tiempo de lectura":"10 minutos"},"schema":{"@context":"https:\/\/schema.org","@graph":[{"@type":"Article","@id":"https:\/\/hueleaazufre.com\/wordpress_a\/index.php\/2025\/01\/24\/artico-podra-la-paz-perdurar-a-pesar-de-trump\/#article","isPartOf":{"@id":"https:\/\/hueleaazufre.com\/wordpress_a\/index.php\/2025\/01\/24\/artico-podra-la-paz-perdurar-a-pesar-de-trump\/"},"author":{"name":"Huele a azufre","@id":"https:\/\/hueleaazufre.com\/wordpress_a\/#\/schema\/person\/549dd871707ea7f9f1a686323ebe9baa"},"headline":"\u00c1rtico, \u00bfpodr\u00e1 la paz perdurar a pesar de Trump?","datePublished":"2025-01-24T16:09:11+00:00","mainEntityOfPage":{"@id":"https:\/\/hueleaazufre.com\/wordpress_a\/index.php\/2025\/01\/24\/artico-podra-la-paz-perdurar-a-pesar-de-trump\/"},"wordCount":2199,"commentCount":0,"image":{"@id":"https:\/\/hueleaazufre.com\/wordpress_a\/index.php\/2025\/01\/24\/artico-podra-la-paz-perdurar-a-pesar-de-trump\/#primaryimage"},"thumbnailUrl":"https:\/\/hueleaazufre.com\/wordpress_a\/wp-content\/uploads\/2025\/01\/1.jpg","keywords":["\u00c1rtico","Donald Trump","OTAN","PAZ"],"articleSection":["Otras voces","Sergio Rodr\u00edguez Gelfenstein"],"inLanguage":"es","potentialAction":[{"@type":"CommentAction","name":"Comment","target":["https:\/\/hueleaazufre.com\/wordpress_a\/index.php\/2025\/01\/24\/artico-podra-la-paz-perdurar-a-pesar-de-trump\/#respond"]}]},{"@type":"WebPage","@id":"https:\/\/hueleaazufre.com\/wordpress_a\/index.php\/2025\/01\/24\/artico-podra-la-paz-perdurar-a-pesar-de-trump\/","url":"https:\/\/hueleaazufre.com\/wordpress_a\/index.php\/2025\/01\/24\/artico-podra-la-paz-perdurar-a-pesar-de-trump\/","name":"\u00c1rtico, \u00bfpodr\u00e1 la paz perdurar a pesar de Trump? -","isPartOf":{"@id":"https:\/\/hueleaazufre.com\/wordpress_a\/#website"},"primaryImageOfPage":{"@id":"https:\/\/hueleaazufre.com\/wordpress_a\/index.php\/2025\/01\/24\/artico-podra-la-paz-perdurar-a-pesar-de-trump\/#primaryimage"},"image":{"@id":"https:\/\/hueleaazufre.com\/wordpress_a\/index.php\/2025\/01\/24\/artico-podra-la-paz-perdurar-a-pesar-de-trump\/#primaryimage"},"thumbnailUrl":"https:\/\/hueleaazufre.com\/wordpress_a\/wp-content\/uploads\/2025\/01\/1.jpg","datePublished":"2025-01-24T16:09:11+00:00","author":{"@id":"https:\/\/hueleaazufre.com\/wordpress_a\/#\/schema\/person\/549dd871707ea7f9f1a686323ebe9baa"},"description":"\u00c1rtico. Hasta hace alg\u00fan tiempo, poco y nada se sab\u00eda, y mucho menos se hablaba del Oc\u00e9ano Glaciar \u00c1rtico.","breadcrumb":{"@id":"https:\/\/hueleaazufre.com\/wordpress_a\/index.php\/2025\/01\/24\/artico-podra-la-paz-perdurar-a-pesar-de-trump\/#breadcrumb"},"inLanguage":"es","potentialAction":[{"@type":"ReadAction","target":["https:\/\/hueleaazufre.com\/wordpress_a\/index.php\/2025\/01\/24\/artico-podra-la-paz-perdurar-a-pesar-de-trump\/"]}]},{"@type":"ImageObject","inLanguage":"es","@id":"https:\/\/hueleaazufre.com\/wordpress_a\/index.php\/2025\/01\/24\/artico-podra-la-paz-perdurar-a-pesar-de-trump\/#primaryimage","url":"https:\/\/hueleaazufre.com\/wordpress_a\/wp-content\/uploads\/2025\/01\/1.jpg","contentUrl":"https:\/\/hueleaazufre.com\/wordpress_a\/wp-content\/uploads\/2025\/01\/1.jpg","width":1024,"height":1024,"caption":"\u00c1rtico"},{"@type":"BreadcrumbList","@id":"https:\/\/hueleaazufre.com\/wordpress_a\/index.php\/2025\/01\/24\/artico-podra-la-paz-perdurar-a-pesar-de-trump\/#breadcrumb","itemListElement":[{"@type":"ListItem","position":1,"name":"Portada","item":"https:\/\/hueleaazufre.com\/wordpress_a\/"},{"@type":"ListItem","position":2,"name":"\u00c1rtico, \u00bfpodr\u00e1 la paz perdurar a pesar de Trump?"}]},{"@type":"WebSite","@id":"https:\/\/hueleaazufre.com\/wordpress_a\/#website","url":"https:\/\/hueleaazufre.com\/wordpress_a\/","name":"","description":"Huele a azufre es una plataforma digital de an\u00e1lisis geopol\u00edtico.","potentialAction":[{"@type":"SearchAction","target":{"@type":"EntryPoint","urlTemplate":"https:\/\/hueleaazufre.com\/wordpress_a\/?s={search_term_string}"},"query-input":{"@type":"PropertyValueSpecification","valueRequired":true,"valueName":"search_term_string"}}],"inLanguage":"es"},{"@type":"Person","@id":"https:\/\/hueleaazufre.com\/wordpress_a\/#\/schema\/person\/549dd871707ea7f9f1a686323ebe9baa","name":"Huele a azufre","image":{"@type":"ImageObject","inLanguage":"es","@id":"https:\/\/secure.gravatar.com\/avatar\/e972d5c124b9bf80eb4c9d322a90dd86a59d447f5da36700a77516f13637d44e?s=96&d=mm&r=g","url":"https:\/\/secure.gravatar.com\/avatar\/e972d5c124b9bf80eb4c9d322a90dd86a59d447f5da36700a77516f13637d44e?s=96&d=mm&r=g","contentUrl":"https:\/\/secure.gravatar.com\/avatar\/e972d5c124b9bf80eb4c9d322a90dd86a59d447f5da36700a77516f13637d44e?s=96&d=mm&r=g","caption":"Huele a azufre"},"description":"Huele a azufre es una plataforma digital de an\u00e1lisis geopol\u00edtico\u00a0 contrahegem\u00f3nico, que busca visibilizar las voces y los discursos silenciados por el poder medi\u00e1tico.","sameAs":["https:\/\/hueleaazufre.com\/wordpress_a"],"url":"https:\/\/hueleaazufre.com\/wordpress_a\/index.php\/author\/admin_tupapa\/"}]}},"_links":{"self":[{"href":"https:\/\/hueleaazufre.com\/wordpress_a\/index.php\/wp-json\/wp\/v2\/posts\/2041","targetHints":{"allow":["GET"]}}],"collection":[{"href":"https:\/\/hueleaazufre.com\/wordpress_a\/index.php\/wp-json\/wp\/v2\/posts"}],"about":[{"href":"https:\/\/hueleaazufre.com\/wordpress_a\/index.php\/wp-json\/wp\/v2\/types\/post"}],"author":[{"embeddable":true,"href":"https:\/\/hueleaazufre.com\/wordpress_a\/index.php\/wp-json\/wp\/v2\/users\/1"}],"replies":[{"embeddable":true,"href":"https:\/\/hueleaazufre.com\/wordpress_a\/index.php\/wp-json\/wp\/v2\/comments?post=2041"}],"version-history":[{"count":1,"href":"https:\/\/hueleaazufre.com\/wordpress_a\/index.php\/wp-json\/wp\/v2\/posts\/2041\/revisions"}],"predecessor-version":[{"id":2043,"href":"https:\/\/hueleaazufre.com\/wordpress_a\/index.php\/wp-json\/wp\/v2\/posts\/2041\/revisions\/2043"}],"wp:featuredmedia":[{"embeddable":true,"href":"https:\/\/hueleaazufre.com\/wordpress_a\/index.php\/wp-json\/wp\/v2\/media\/2042"}],"wp:attachment":[{"href":"https:\/\/hueleaazufre.com\/wordpress_a\/index.php\/wp-json\/wp\/v2\/media?parent=2041"}],"wp:term":[{"taxonomy":"category","embeddable":true,"href":"https:\/\/hueleaazufre.com\/wordpress_a\/index.php\/wp-json\/wp\/v2\/categories?post=2041"},{"taxonomy":"post_tag","embeddable":true,"href":"https:\/\/hueleaazufre.com\/wordpress_a\/index.php\/wp-json\/wp\/v2\/tags?post=2041"}],"curies":[{"name":"wp","href":"https:\/\/api.w.org\/{rel}","templated":true}]}}