{"id":2144,"date":"2025-02-19T15:27:16","date_gmt":"2025-02-19T15:27:16","guid":{"rendered":"https:\/\/hueleaazufre.com\/wordpress_a\/?p=2144"},"modified":"2025-07-10T18:38:43","modified_gmt":"2025-07-10T18:38:43","slug":"camilo-torres-sacerdote-para-la-eternidad","status":"publish","type":"post","link":"https:\/\/hueleaazufre.com\/wordpress_a\/index.php\/2025\/02\/19\/camilo-torres-sacerdote-para-la-eternidad\/","title":{"rendered":"Sacerdote para la eternidad"},"content":{"rendered":"<p><b>Por estos meses en 1965, hace 60 a\u00f1os, Camilo Torres se debat\u00eda en las incertidumbres que lo estaban llevando a separarse de su condici\u00f3n clerical,<\/b><span style=\"font-weight: 400;\"> en el l\u00e9xico popular: dejar la sotana. Claro que para nosotros, los terrenales, puede ser un acto formal o rutinario de cambiarnos la ropa; pero para \u00e9l, era su misma piel, su carne, su coraz\u00f3n y su propia alma.<\/span><\/p>\n<p><span style=\"font-weight: 400;\">Por eso, para muchos del pueblo y sobre todo los elenos nos llega al alma la canci\u00f3n que inicia diciendo: \u00abCura de negra sotana\u00bb&#8230;, pese a que el \u00abh\u00e1bito\u00bb no hace al monje, se hacen necesarias reflexiones de fondo.<\/span><\/p>\n<p><b>Para leer sobre c\u00f3mo los pa\u00edses del Occidente hegem\u00f3nico acorralan a gobiernos democr\u00e1ticamente electos:<\/b> <a href=\"https:\/\/hueleaazufre.com\/wordpress_a\/index.php\/2025\/02\/13\/democracia-asediada-etn\/\"><span style=\"font-weight: 400;\">Democracia asediada &#8211;<\/span><\/a><\/p>\n<blockquote class=\"wp-embedded-content\" data-secret=\"mh6KSRoaXE\"><p><a href=\"https:\/\/hueleaazufre.com\/wordpress_a\/index.php\/2025\/02\/13\/democracia-asediada-etn\/\">Democracia asediada<\/a><\/p><\/blockquote>\n<p><iframe class=\"wp-embedded-content\" sandbox=\"allow-scripts\" security=\"restricted\" style=\"position: absolute; visibility: hidden;\" title=\"\u00abDemocracia asediada\u00bb \u2014 \" src=\"https:\/\/hueleaazufre.com\/wordpress_a\/index.php\/2025\/02\/13\/democracia-asediada-etn\/embed\/#?secret=E11hmjPjah#?secret=mh6KSRoaXE\" data-secret=\"mh6KSRoaXE\" width=\"600\" height=\"338\" frameborder=\"0\" marginwidth=\"0\" marginheight=\"0\" scrolling=\"no\"><\/iframe><\/p>\n<p><b>Para Camilo tomar la ruta hacia el sacerdocio fue un proceso muy meditado, <\/b><span style=\"font-weight: 400;\">asumido con mucha conciencia y honestidad, para \u00e9l signific\u00f3 retomar el camino de Cristo, una vida dedicada a los dem\u00e1s sin esperar nada a cambio.<\/span><\/p>\n<p><span style=\"font-weight: 400;\">En una de sus visitas a los Llanos Orientales, mirando las inmensidades de ese universo de silencios se conecta con los dolores humanos que siguen esperando redenci\u00f3n, es entonces cuando se dice:<\/span><\/p>\n<p><i><span style=\"font-weight: 400;\">\u00abComprend\u00ed que la vida como yo la entend\u00eda, como la estaba viviendo, carec\u00eda de sentido. Pens\u00e9 que pod\u00eda ser m\u00e1s \u00fatil, pero en funci\u00f3n colectiva\u00bb<\/span><\/i><span style=\"font-weight: 400;\">.<\/span><\/p>\n<p><b>Para leer el entramado detr\u00e1s de los incendios en la Patagonia:<\/b> <a href=\"https:\/\/hueleaazufre.com\/wordpress_a\/index.php\/2025\/02\/17\/incendios-en-la-patagonia-argentina-el-negocio-detras-del-fuego\/\"><span style=\"font-weight: 400;\">Incendios en la Patagonia Argentina: el negocio detr\u00e1s del fuego y la construcci\u00f3n del enemigo interno &#8211;<\/span><\/a><\/p>\n<blockquote class=\"wp-embedded-content\" data-secret=\"YvfIFb0VI7\"><p><a href=\"https:\/\/hueleaazufre.com\/wordpress_a\/index.php\/2025\/02\/17\/incendios-en-la-patagonia-argentina-el-negocio-detras-del-fuego\/\">Incendios en la Patagonia Argentina: el negocio detr\u00e1s del fuego y la construcci\u00f3n del enemigo interno<\/a><\/p><\/blockquote>\n<p><iframe class=\"wp-embedded-content\" sandbox=\"allow-scripts\" security=\"restricted\" style=\"position: absolute; visibility: hidden;\" title=\"\u00abIncendios en la Patagonia Argentina: el negocio detr\u00e1s del fuego y la construcci\u00f3n del enemigo interno\u00bb \u2014 \" src=\"https:\/\/hueleaazufre.com\/wordpress_a\/index.php\/2025\/02\/17\/incendios-en-la-patagonia-argentina-el-negocio-detras-del-fuego\/embed\/#?secret=IG4P3uqlcT#?secret=YvfIFb0VI7\" data-secret=\"YvfIFb0VI7\" width=\"600\" height=\"338\" frameborder=\"0\" marginwidth=\"0\" marginheight=\"0\" scrolling=\"no\"><\/iframe><\/p>\n<p><b>Har\u00eda su recorrido de vida cada d\u00eda m\u00e1s comprometido con su esencia de sacerdote<\/b><span style=\"font-weight: 400;\">, con una rigurosa formaci\u00f3n intelectual como soci\u00f3logo e identificado con las pr\u00e1cticas sociales de los sacerdotes-obreros, en su relaci\u00f3n directa con los pobres y despose\u00eddos fue construyendo su esencia aut\u00e9nticamente revolucionaria, que el mismo sintetizar\u00eda en:<\/span><\/p>\n<p><i><span style=\"font-weight: 400;\">\u00abSoy revolucionario como colombiano, como soci\u00f3logo, como cristiano y como sacerdote:<\/span><\/i><\/p>\n<p><i><span style=\"font-weight: 400;\">Como colombiano, porque no puedo ser ajeno a las luchas de mi pueblo.<\/span><\/i><\/p>\n<p><i><span style=\"font-weight: 400;\">Como soci\u00f3logo, porque gracias al conocimiento cient\u00edfico que tengo de la realidad, he llegado al convencimiento de que las soluciones t\u00e9cnicas y eficaces no se logran sin una revoluci\u00f3n.<\/span><\/i><\/p>\n<p><i><span style=\"font-weight: 400;\">Como cristiano, porque la esencia del cristianismo es el amor al pr\u00f3jimo y solamente por la revoluci\u00f3n puede lograse el bien de la mayor\u00eda.<\/span><\/i><\/p>\n<p><i><span style=\"font-weight: 400;\">Como sacerdote, porque la entrega al pr\u00f3jimo que exige la revoluci\u00f3n es un requisito de caridad fraterna, indispensable para realizar el sacrificio de la Misa, que no es una ofrenda individual, sino de todo el pueblo de Dios por intermedio de Cristo\u00bb.<\/span><\/i><\/p>\n<p><b>En defensa de la integralidad de su esencia de sacerdote revolucionario tendr\u00eda que enfrentase a la Jerarqu\u00eda eclesi\u00e1stica <\/b><span style=\"font-weight: 400;\">encarnada en el cardenal Luis Concha, donde luego de un intercambio de cartas el Cardenal, el 28 de mayo de 1965, conclu\u00eda dici\u00e9ndole a Camilo:<\/span><\/p>\n<p><span style=\"font-weight: 400;\">\u201c<\/span><i><span style=\"font-weight: 400;\">&#8230;desde el principio de mi sacerdocio he estado absolutamente persuadido de que las directivas pontificias vedan al sacerdote intervenir en actividades pol\u00edticas y en cuestiones puramente t\u00e9cnicas y pr\u00e1cticas en materia de acci\u00f3n social propiamente dichas<\/span><\/i><span style=\"font-weight: 400;\">\u00ab. <\/span><i><span style=\"font-weight: 400;\">\u00a0\u00a0<\/span><\/i><\/p>\n<p><span style=\"font-weight: 400;\">Pero el Cardenal Concha ir\u00eda m\u00e1s all\u00e1 en su declaraci\u00f3n del 18 de junio donde se\u00f1al\u00f3:<\/span><\/p>\n<p><span style=\"font-weight: 400;\">\u00ab<\/span><i><span style=\"font-weight: 400;\">Las declaraciones del padre Camilo Torres son incompatibles con su car\u00e1cter sacerdotal y con el mismo h\u00e1bito eclesi\u00e1stico que viste. Puede suceder que estas dos circunstancias induzcan a algunos cat\u00f3licos a seguir las err\u00f3neas y perniciosas doctrinas que el padre Torres propone en sus programas<\/span><\/i><span style=\"font-weight: 400;\">\u00ab.<\/span><\/p>\n<p><span style=\"font-weight: 400;\">Camilo, luego de meditar profundamente, le escribe el 24 de junio al cardenal Concha y a la vez hace una declaraci\u00f3n donde se\u00f1ala:<\/span><\/p>\n<p><span style=\"font-weight: 400;\">\u201c<\/span><b><i>Yo opt\u00e9 por el cristianismo por considerar que en \u00e9l encontraba la forma m\u00e1s pura para servir al pr\u00f3jimo<\/i><\/b><i><span style=\"font-weight: 400;\">. Fui elegido por Cristo para ser sacerdote eternamente, motivado por el deseo de entregarme de tiempo completo al amor de mis semejantes. Como soci\u00f3logo, he querido que ese amor se vuelva eficaz, mediante la t\u00e9cnica y la ciencia; al analizar la sociedad colombiana me he dado cuenta de la necesidad de una revoluci\u00f3n para poder dar de comer al hambriento, de beber al sediento, vestir al desnudo y realizar el bienestar de las mayor\u00edas de nuestro pueblo<\/span><\/i><span style=\"font-weight: 400;\">\u00ab.<\/span><\/p>\n<p><span style=\"font-weight: 400;\">Luego concluye diciendo:<\/span><\/p>\n<p><span style=\"font-weight: 400;\">\u00ab<\/span><i><span style=\"font-weight: 400;\">Por eso, he pedido a Su Eminencia el cardenal que me libere de mis obligaciones clericales para poder servir al pueblo en el terreno temporal. Sacrifico uno de mis derechos que amo m\u00e1s profundamente: poder celebrar el culto externo de la Iglesia como sacerdote para crear las condiciones que hacen m\u00e1s aut\u00e9ntico ese culto<\/span><\/i><span style=\"font-weight: 400;\">\u00ab.<\/span><\/p>\n<p><b>De Roma recomendaron continuar el di\u00e1logo, pero el cardenal Concha, dos d\u00edas despu\u00e9s y sin respetar lo recomendado se tom\u00f3 la atribuci\u00f3n de reducir a Camilo al estado laic<\/b><span style=\"font-weight: 400;\">o.<\/span><\/p>\n<p><span style=\"font-weight: 400;\">Ser\u00edan d\u00edas dolorosos para Camilo, cuando sus amigos m\u00e1s cercanos le preguntan:\u00a0<\/span><\/p>\n<p><span style=\"font-weight: 400;\">\u2014\u00bfEs que piensas abandonar el sacerdocio?\u00a0<\/span><\/p>\n<p><span style=\"font-weight: 400;\">\u2014No, eso nunca. Precisamente ped\u00ed que me dejaran celebrar Misa los domingos. Se me dijo que no. Soy sacerdote&#8230; No improvis\u00e9 mi sacerdocio, pero se me niega la Misa. Podr\u00eda decirla en privado. Mi sacerdocio es de Cristo y le pertenece al pueblo. No puedo traicionar mi conciencia&#8230; \u2014respondi\u00f3 Camilo y en seguida llor\u00f3, llor\u00f3 mucho&#8230;\u00a0<\/span><\/p>\n<p><b>Fueron d\u00edas turbulentos para la humanidad de Camilo, pues la Jerarqu\u00eda eclesi\u00e1stica actuaba como la inquisici\u00f3n<\/b><span style=\"font-weight: 400;\">, vendr\u00edan nuevas declaraciones del cardenal Concha. En tan poco d\u00edas para el Cardenal, ya no ser\u00eda el Padre Camilo, sino simplemente un Se\u00f1or. Vuelve, entonces, el 20 de septiembre a remarcar sus sentencias:<\/span><\/p>\n<p><span style=\"font-weight: 400;\">\u00ab<\/span><i><span style=\"font-weight: 400;\">El Se\u00f1or Camilo Torres espont\u00e1neamente solicit\u00f3 la reducci\u00f3n al estado laical que le fue concedida. En virtud de la reducci\u00f3n al estado laical el Se\u00f1or Camilo Torres qued\u00f3 dispensado de las obligaciones al estado sacerdotal, exceptuada la obligaci\u00f3n del celibato.<\/span><\/i><\/p>\n<p><i><span style=\"font-weight: 400;\">La reducci\u00f3n al estado laical, que ciertamente no borra el car\u00e1cter sacerdotal que es indeleble, implica que el Se\u00f1or Camilo Torres no podr\u00e1 jam\u00e1s volver a ejercer el ministerio sacerdotal<\/span><\/i><span style=\"font-weight: 400;\">\u00ab.<\/span><\/p>\n<p><span style=\"font-weight: 400;\">El 30 de septiembre Camilo publicar\u00eda en su peri\u00f3dico del Frente Unido la declaraci\u00f3n donde explic\u00f3:<\/span><\/p>\n<p><span style=\"font-weight: 400;\">\u00ab<\/span><i><span style=\"font-weight: 400;\">Desgraciadamente el Cardenal da la sensaci\u00f3n de seguir en la misma t\u00f3nica: <\/span><\/i><b><i>sin explicar ni comprobar por qu\u00e9 estoy en contra de la Iglesia cat\u00f3lica. Parece que obrara bajo los grupos de presi\u00f3n que tienen sometido al pa\u00eds.<\/i><\/b><\/p>\n<p><i><span style=\"font-weight: 400;\">Las declaraciones p\u00fablicas de su Eminencia el Cardenal est\u00e1n en contra de sus declaraciones en privado. Cuando habl\u00e9 personalmente con el cardenal vimos que la \u00fanica f\u00f3rmula para conservar a salvo su conciencia y la m\u00eda era la que yo pedir\u00eda la reducci\u00f3n al estado laico. \u00c9l me dijo que era una decisi\u00f3n dolorosa para \u00e9l pero que esperaba que en el momento que yo considerara conveniente, pudiera volver al ejercicio de mi sacerdocio y \u00e9l me recibir\u00eda con los brazos abiertos<\/span><\/i><span style=\"font-weight: 400;\">\u00ab.<\/span><\/p>\n<p><b>Sin duda que Camilo se sinti\u00f3 enga\u00f1ado por el Cardenal, y m\u00e1s que por \u00e9l, por la jerarqu\u00eda de la iglesia presionada por la oligarqu\u00eda colombiana<\/b><span style=\"font-weight: 400;\">. Pero \u00e9l, a gusto de su pueblo, se sigue considerando sacerdote para la eternidad. Por eso, si bien la sotana no hace al cura, es un s\u00edmbolo de respeto, no puede actuarse como mercader en los templos con ella, o usarla como mercanc\u00eda para sacar r\u00e9ditos de imagen. Vale recordar que esas prendas sagradas deben ser tratadas con la m\u00e1xima consideraci\u00f3n, pues son patrimonio del pueblo.<\/span><\/p>\n<p><b>Hablando de la sotana de Camilo, lo m\u00e1s seguro es que ella apareci\u00f3 para reclamar el cuerpo que la visti\u00f3<\/b><span style=\"font-weight: 400;\">, cuerpo desaparecido por el mando militar con autorizaci\u00f3n del jefe de Estado, a quienes Isabelita, la madre de Camilo, les dijo:<\/span><\/p>\n<p><span style=\"font-weight: 400;\">\u00ab<\/span><i><span style=\"font-weight: 400;\">Soy la \u00fanica madre colombiana a la cual se le ha negado la entrega del cad\u00e1ver de su propio hijo.<\/span><\/i><\/p>\n<p><i><span style=\"font-weight: 400;\">Como cristiana y cat\u00f3lica practicante le recuerdo que cuando a Cristo crucificaron como &#8216;bandolero&#8217; no le negaron a la Virgen Mar\u00eda la gracia que a m\u00ed se me ha negado<\/span><\/i><span style=\"font-weight: 400;\">\u00ab.\u00a0<\/span><\/p>\n<p><b>Estamos ante un crimen de Estado, que ni en los tiempos de la Il\u00edada, muchos siglos antes del sacrificio de Cristo, cuando el derecho no exist\u00eda, pero s\u00ed el honor militar<\/b><span style=\"font-weight: 400;\">, el mism\u00edsimo Aquiles le permiti\u00f3 al Rey Pr\u00edamo rendirle honores a su hijo H\u00e9ctor, muerto en combate con \u00e9l, y colocarle en sus ojos las dos monedas para el barquero.<\/span><\/p>\n<p><span style=\"font-weight: 400;\">Qu\u00e9 lejos estamos del honor de esos tiempos que termina retando a quienes dicen defender los Derechos.<\/span><\/p>\n<p><b>Ahora, es mucho m\u00e1s delicado, Isabelita es parte de ese colectivo de madres que no han podido ni ver ni recoger los cad\u00e1veres de sus hijos<\/b><span style=\"font-weight: 400;\">, secuestrados y desaparecidos, pues la doctrina contrainsurgente de Estado, que orienta esas pr\u00e1cticas, ha sido imparable desde los tiempos de Camilo.<\/span><\/p>\n<p><b>Autor: Antonio Garc\u00eda<\/b><\/p>\n<p>&nbsp;<\/p>\n","protected":false},"excerpt":{"rendered":"<p>Por estos meses en 1965, hace 60 a\u00f1os, Camilo Torres se debat\u00eda en las incertidumbres&#8230;<\/p>\n","protected":false},"author":1,"featured_media":2145,"comment_status":"open","ping_status":"closed","sticky":false,"template":"","format":"standard","meta":{"footnotes":""},"categories":[12,70],"tags":[638,57,637],"class_list":["post-2144","post","type-post","status-publish","format-standard","has-post-thumbnail","hentry","category-antonio-garcia","category-otras-voces","tag-camilo-torres","tag-colombia","tag-sacerdote"],"yoast_head":"<!-- This site is optimized with the Yoast SEO plugin v27.5 - https:\/\/yoast.com\/product\/yoast-seo-wordpress\/ -->\n<title>Sacerdote para la eternidad -<\/title>\n<meta name=\"description\" content=\"Camilo Torres. Por estos meses en 1965, hace 60 a\u00f1os, se debat\u00eda en las incertidumbres que lo estaban llevando a separarse de su condici\u00f3n..\" \/>\n<meta name=\"robots\" content=\"index, follow, max-snippet:-1, max-image-preview:large, max-video-preview:-1\" \/>\n<link rel=\"canonical\" href=\"https:\/\/hueleaazufre.com\/wordpress_a\/index.php\/2025\/02\/19\/camilo-torres-sacerdote-para-la-eternidad\/\" \/>\n<meta property=\"og:locale\" content=\"es_ES\" \/>\n<meta property=\"og:type\" content=\"article\" \/>\n<meta property=\"og:title\" content=\"Sacerdote para la eternidad -\" \/>\n<meta property=\"og:description\" content=\"Camilo Torres. Por estos meses en 1965, hace 60 a\u00f1os, se debat\u00eda en las incertidumbres que lo estaban llevando a separarse de su condici\u00f3n..\" \/>\n<meta property=\"og:url\" content=\"https:\/\/hueleaazufre.com\/wordpress_a\/index.php\/2025\/02\/19\/camilo-torres-sacerdote-para-la-eternidad\/\" \/>\n<meta property=\"article:published_time\" content=\"2025-02-19T15:27:16+00:00\" \/>\n<meta property=\"article:modified_time\" content=\"2025-07-10T18:38:43+00:00\" \/>\n<meta property=\"og:image\" content=\"https:\/\/hueleaazufre.com\/wordpress_a\/wp-content\/uploads\/2025\/02\/2a-3.webp\" \/>\n\t<meta property=\"og:image:width\" content=\"400\" \/>\n\t<meta property=\"og:image:height\" content=\"399\" \/>\n\t<meta property=\"og:image:type\" content=\"image\/webp\" \/>\n<meta name=\"author\" content=\"Huele a azufre\" \/>\n<meta name=\"twitter:card\" content=\"summary_large_image\" \/>\n<meta name=\"twitter:label1\" content=\"Escrito por\" \/>\n\t<meta name=\"twitter:data1\" content=\"Huele a azufre\" \/>\n\t<meta name=\"twitter:label2\" content=\"Tiempo de lectura\" \/>\n\t<meta name=\"twitter:data2\" content=\"7 minutos\" \/>\n<script type=\"application\/ld+json\" class=\"yoast-schema-graph\">{\"@context\":\"https:\\\/\\\/schema.org\",\"@graph\":[{\"@type\":\"Article\",\"@id\":\"https:\\\/\\\/hueleaazufre.com\\\/wordpress_a\\\/index.php\\\/2025\\\/02\\\/19\\\/camilo-torres-sacerdote-para-la-eternidad\\\/#article\",\"isPartOf\":{\"@id\":\"https:\\\/\\\/hueleaazufre.com\\\/wordpress_a\\\/index.php\\\/2025\\\/02\\\/19\\\/camilo-torres-sacerdote-para-la-eternidad\\\/\"},\"author\":{\"name\":\"Huele a azufre\",\"@id\":\"https:\\\/\\\/hueleaazufre.com\\\/wordpress_a\\\/#\\\/schema\\\/person\\\/549dd871707ea7f9f1a686323ebe9baa\"},\"headline\":\"Sacerdote para la eternidad\",\"datePublished\":\"2025-02-19T15:27:16+00:00\",\"dateModified\":\"2025-07-10T18:38:43+00:00\",\"mainEntityOfPage\":{\"@id\":\"https:\\\/\\\/hueleaazufre.com\\\/wordpress_a\\\/index.php\\\/2025\\\/02\\\/19\\\/camilo-torres-sacerdote-para-la-eternidad\\\/\"},\"wordCount\":1546,\"commentCount\":0,\"image\":{\"@id\":\"https:\\\/\\\/hueleaazufre.com\\\/wordpress_a\\\/index.php\\\/2025\\\/02\\\/19\\\/camilo-torres-sacerdote-para-la-eternidad\\\/#primaryimage\"},\"thumbnailUrl\":\"https:\\\/\\\/hueleaazufre.com\\\/wordpress_a\\\/wp-content\\\/uploads\\\/2025\\\/02\\\/2a-3.webp\",\"keywords\":[\"Camilo Torres\",\"Colombia\",\"Sacerdote\"],\"articleSection\":[\"Antonio Garc\u00eda\u00a0\",\"Otras voces\"],\"inLanguage\":\"es\",\"potentialAction\":[{\"@type\":\"CommentAction\",\"name\":\"Comment\",\"target\":[\"https:\\\/\\\/hueleaazufre.com\\\/wordpress_a\\\/index.php\\\/2025\\\/02\\\/19\\\/camilo-torres-sacerdote-para-la-eternidad\\\/#respond\"]}]},{\"@type\":\"WebPage\",\"@id\":\"https:\\\/\\\/hueleaazufre.com\\\/wordpress_a\\\/index.php\\\/2025\\\/02\\\/19\\\/camilo-torres-sacerdote-para-la-eternidad\\\/\",\"url\":\"https:\\\/\\\/hueleaazufre.com\\\/wordpress_a\\\/index.php\\\/2025\\\/02\\\/19\\\/camilo-torres-sacerdote-para-la-eternidad\\\/\",\"name\":\"Sacerdote para la eternidad -\",\"isPartOf\":{\"@id\":\"https:\\\/\\\/hueleaazufre.com\\\/wordpress_a\\\/#website\"},\"primaryImageOfPage\":{\"@id\":\"https:\\\/\\\/hueleaazufre.com\\\/wordpress_a\\\/index.php\\\/2025\\\/02\\\/19\\\/camilo-torres-sacerdote-para-la-eternidad\\\/#primaryimage\"},\"image\":{\"@id\":\"https:\\\/\\\/hueleaazufre.com\\\/wordpress_a\\\/index.php\\\/2025\\\/02\\\/19\\\/camilo-torres-sacerdote-para-la-eternidad\\\/#primaryimage\"},\"thumbnailUrl\":\"https:\\\/\\\/hueleaazufre.com\\\/wordpress_a\\\/wp-content\\\/uploads\\\/2025\\\/02\\\/2a-3.webp\",\"datePublished\":\"2025-02-19T15:27:16+00:00\",\"dateModified\":\"2025-07-10T18:38:43+00:00\",\"author\":{\"@id\":\"https:\\\/\\\/hueleaazufre.com\\\/wordpress_a\\\/#\\\/schema\\\/person\\\/549dd871707ea7f9f1a686323ebe9baa\"},\"description\":\"Camilo Torres. Por estos meses en 1965, hace 60 a\u00f1os, se debat\u00eda en las incertidumbres que lo estaban llevando a separarse de su condici\u00f3n..\",\"breadcrumb\":{\"@id\":\"https:\\\/\\\/hueleaazufre.com\\\/wordpress_a\\\/index.php\\\/2025\\\/02\\\/19\\\/camilo-torres-sacerdote-para-la-eternidad\\\/#breadcrumb\"},\"inLanguage\":\"es\",\"potentialAction\":[{\"@type\":\"ReadAction\",\"target\":[\"https:\\\/\\\/hueleaazufre.com\\\/wordpress_a\\\/index.php\\\/2025\\\/02\\\/19\\\/camilo-torres-sacerdote-para-la-eternidad\\\/\"]}]},{\"@type\":\"ImageObject\",\"inLanguage\":\"es\",\"@id\":\"https:\\\/\\\/hueleaazufre.com\\\/wordpress_a\\\/index.php\\\/2025\\\/02\\\/19\\\/camilo-torres-sacerdote-para-la-eternidad\\\/#primaryimage\",\"url\":\"https:\\\/\\\/hueleaazufre.com\\\/wordpress_a\\\/wp-content\\\/uploads\\\/2025\\\/02\\\/2a-3.webp\",\"contentUrl\":\"https:\\\/\\\/hueleaazufre.com\\\/wordpress_a\\\/wp-content\\\/uploads\\\/2025\\\/02\\\/2a-3.webp\",\"width\":400,\"height\":399,\"caption\":\"Camilo Torres\"},{\"@type\":\"BreadcrumbList\",\"@id\":\"https:\\\/\\\/hueleaazufre.com\\\/wordpress_a\\\/index.php\\\/2025\\\/02\\\/19\\\/camilo-torres-sacerdote-para-la-eternidad\\\/#breadcrumb\",\"itemListElement\":[{\"@type\":\"ListItem\",\"position\":1,\"name\":\"Portada\",\"item\":\"https:\\\/\\\/hueleaazufre.com\\\/wordpress_a\\\/\"},{\"@type\":\"ListItem\",\"position\":2,\"name\":\"Sacerdote para la eternidad\"}]},{\"@type\":\"WebSite\",\"@id\":\"https:\\\/\\\/hueleaazufre.com\\\/wordpress_a\\\/#website\",\"url\":\"https:\\\/\\\/hueleaazufre.com\\\/wordpress_a\\\/\",\"name\":\"\",\"description\":\"Huele a azufre es una plataforma digital de an\u00e1lisis geopol\u00edtico.\",\"potentialAction\":[{\"@type\":\"SearchAction\",\"target\":{\"@type\":\"EntryPoint\",\"urlTemplate\":\"https:\\\/\\\/hueleaazufre.com\\\/wordpress_a\\\/?s={search_term_string}\"},\"query-input\":{\"@type\":\"PropertyValueSpecification\",\"valueRequired\":true,\"valueName\":\"search_term_string\"}}],\"inLanguage\":\"es\"},{\"@type\":\"Person\",\"@id\":\"https:\\\/\\\/hueleaazufre.com\\\/wordpress_a\\\/#\\\/schema\\\/person\\\/549dd871707ea7f9f1a686323ebe9baa\",\"name\":\"Huele a azufre\",\"image\":{\"@type\":\"ImageObject\",\"inLanguage\":\"es\",\"@id\":\"https:\\\/\\\/secure.gravatar.com\\\/avatar\\\/e972d5c124b9bf80eb4c9d322a90dd86a59d447f5da36700a77516f13637d44e?s=96&d=mm&r=g\",\"url\":\"https:\\\/\\\/secure.gravatar.com\\\/avatar\\\/e972d5c124b9bf80eb4c9d322a90dd86a59d447f5da36700a77516f13637d44e?s=96&d=mm&r=g\",\"contentUrl\":\"https:\\\/\\\/secure.gravatar.com\\\/avatar\\\/e972d5c124b9bf80eb4c9d322a90dd86a59d447f5da36700a77516f13637d44e?s=96&d=mm&r=g\",\"caption\":\"Huele a azufre\"},\"description\":\"Huele a azufre es una plataforma digital de an\u00e1lisis geopol\u00edtico\u00a0 contrahegem\u00f3nico, que busca visibilizar las voces y los discursos silenciados por el poder medi\u00e1tico.\",\"sameAs\":[\"https:\\\/\\\/hueleaazufre.com\\\/wordpress_a\"],\"url\":\"https:\\\/\\\/hueleaazufre.com\\\/wordpress_a\\\/index.php\\\/author\\\/admin_tupapa\\\/\"}]}<\/script>\n<!-- \/ Yoast SEO plugin. -->","yoast_head_json":{"title":"Sacerdote para la eternidad -","description":"Camilo Torres. Por estos meses en 1965, hace 60 a\u00f1os, se debat\u00eda en las incertidumbres que lo estaban llevando a separarse de su condici\u00f3n..","robots":{"index":"index","follow":"follow","max-snippet":"max-snippet:-1","max-image-preview":"max-image-preview:large","max-video-preview":"max-video-preview:-1"},"canonical":"https:\/\/hueleaazufre.com\/wordpress_a\/index.php\/2025\/02\/19\/camilo-torres-sacerdote-para-la-eternidad\/","og_locale":"es_ES","og_type":"article","og_title":"Sacerdote para la eternidad -","og_description":"Camilo Torres. Por estos meses en 1965, hace 60 a\u00f1os, se debat\u00eda en las incertidumbres que lo estaban llevando a separarse de su condici\u00f3n..","og_url":"https:\/\/hueleaazufre.com\/wordpress_a\/index.php\/2025\/02\/19\/camilo-torres-sacerdote-para-la-eternidad\/","article_published_time":"2025-02-19T15:27:16+00:00","article_modified_time":"2025-07-10T18:38:43+00:00","og_image":[{"width":400,"height":399,"url":"https:\/\/hueleaazufre.com\/wordpress_a\/wp-content\/uploads\/2025\/02\/2a-3.webp","type":"image\/webp"}],"author":"Huele a azufre","twitter_card":"summary_large_image","twitter_misc":{"Escrito por":"Huele a azufre","Tiempo de lectura":"7 minutos"},"schema":{"@context":"https:\/\/schema.org","@graph":[{"@type":"Article","@id":"https:\/\/hueleaazufre.com\/wordpress_a\/index.php\/2025\/02\/19\/camilo-torres-sacerdote-para-la-eternidad\/#article","isPartOf":{"@id":"https:\/\/hueleaazufre.com\/wordpress_a\/index.php\/2025\/02\/19\/camilo-torres-sacerdote-para-la-eternidad\/"},"author":{"name":"Huele a azufre","@id":"https:\/\/hueleaazufre.com\/wordpress_a\/#\/schema\/person\/549dd871707ea7f9f1a686323ebe9baa"},"headline":"Sacerdote para la eternidad","datePublished":"2025-02-19T15:27:16+00:00","dateModified":"2025-07-10T18:38:43+00:00","mainEntityOfPage":{"@id":"https:\/\/hueleaazufre.com\/wordpress_a\/index.php\/2025\/02\/19\/camilo-torres-sacerdote-para-la-eternidad\/"},"wordCount":1546,"commentCount":0,"image":{"@id":"https:\/\/hueleaazufre.com\/wordpress_a\/index.php\/2025\/02\/19\/camilo-torres-sacerdote-para-la-eternidad\/#primaryimage"},"thumbnailUrl":"https:\/\/hueleaazufre.com\/wordpress_a\/wp-content\/uploads\/2025\/02\/2a-3.webp","keywords":["Camilo Torres","Colombia","Sacerdote"],"articleSection":["Antonio Garc\u00eda\u00a0","Otras voces"],"inLanguage":"es","potentialAction":[{"@type":"CommentAction","name":"Comment","target":["https:\/\/hueleaazufre.com\/wordpress_a\/index.php\/2025\/02\/19\/camilo-torres-sacerdote-para-la-eternidad\/#respond"]}]},{"@type":"WebPage","@id":"https:\/\/hueleaazufre.com\/wordpress_a\/index.php\/2025\/02\/19\/camilo-torres-sacerdote-para-la-eternidad\/","url":"https:\/\/hueleaazufre.com\/wordpress_a\/index.php\/2025\/02\/19\/camilo-torres-sacerdote-para-la-eternidad\/","name":"Sacerdote para la eternidad -","isPartOf":{"@id":"https:\/\/hueleaazufre.com\/wordpress_a\/#website"},"primaryImageOfPage":{"@id":"https:\/\/hueleaazufre.com\/wordpress_a\/index.php\/2025\/02\/19\/camilo-torres-sacerdote-para-la-eternidad\/#primaryimage"},"image":{"@id":"https:\/\/hueleaazufre.com\/wordpress_a\/index.php\/2025\/02\/19\/camilo-torres-sacerdote-para-la-eternidad\/#primaryimage"},"thumbnailUrl":"https:\/\/hueleaazufre.com\/wordpress_a\/wp-content\/uploads\/2025\/02\/2a-3.webp","datePublished":"2025-02-19T15:27:16+00:00","dateModified":"2025-07-10T18:38:43+00:00","author":{"@id":"https:\/\/hueleaazufre.com\/wordpress_a\/#\/schema\/person\/549dd871707ea7f9f1a686323ebe9baa"},"description":"Camilo Torres. Por estos meses en 1965, hace 60 a\u00f1os, se debat\u00eda en las incertidumbres que lo estaban llevando a separarse de su condici\u00f3n..","breadcrumb":{"@id":"https:\/\/hueleaazufre.com\/wordpress_a\/index.php\/2025\/02\/19\/camilo-torres-sacerdote-para-la-eternidad\/#breadcrumb"},"inLanguage":"es","potentialAction":[{"@type":"ReadAction","target":["https:\/\/hueleaazufre.com\/wordpress_a\/index.php\/2025\/02\/19\/camilo-torres-sacerdote-para-la-eternidad\/"]}]},{"@type":"ImageObject","inLanguage":"es","@id":"https:\/\/hueleaazufre.com\/wordpress_a\/index.php\/2025\/02\/19\/camilo-torres-sacerdote-para-la-eternidad\/#primaryimage","url":"https:\/\/hueleaazufre.com\/wordpress_a\/wp-content\/uploads\/2025\/02\/2a-3.webp","contentUrl":"https:\/\/hueleaazufre.com\/wordpress_a\/wp-content\/uploads\/2025\/02\/2a-3.webp","width":400,"height":399,"caption":"Camilo Torres"},{"@type":"BreadcrumbList","@id":"https:\/\/hueleaazufre.com\/wordpress_a\/index.php\/2025\/02\/19\/camilo-torres-sacerdote-para-la-eternidad\/#breadcrumb","itemListElement":[{"@type":"ListItem","position":1,"name":"Portada","item":"https:\/\/hueleaazufre.com\/wordpress_a\/"},{"@type":"ListItem","position":2,"name":"Sacerdote para la eternidad"}]},{"@type":"WebSite","@id":"https:\/\/hueleaazufre.com\/wordpress_a\/#website","url":"https:\/\/hueleaazufre.com\/wordpress_a\/","name":"","description":"Huele a azufre es una plataforma digital de an\u00e1lisis geopol\u00edtico.","potentialAction":[{"@type":"SearchAction","target":{"@type":"EntryPoint","urlTemplate":"https:\/\/hueleaazufre.com\/wordpress_a\/?s={search_term_string}"},"query-input":{"@type":"PropertyValueSpecification","valueRequired":true,"valueName":"search_term_string"}}],"inLanguage":"es"},{"@type":"Person","@id":"https:\/\/hueleaazufre.com\/wordpress_a\/#\/schema\/person\/549dd871707ea7f9f1a686323ebe9baa","name":"Huele a azufre","image":{"@type":"ImageObject","inLanguage":"es","@id":"https:\/\/secure.gravatar.com\/avatar\/e972d5c124b9bf80eb4c9d322a90dd86a59d447f5da36700a77516f13637d44e?s=96&d=mm&r=g","url":"https:\/\/secure.gravatar.com\/avatar\/e972d5c124b9bf80eb4c9d322a90dd86a59d447f5da36700a77516f13637d44e?s=96&d=mm&r=g","contentUrl":"https:\/\/secure.gravatar.com\/avatar\/e972d5c124b9bf80eb4c9d322a90dd86a59d447f5da36700a77516f13637d44e?s=96&d=mm&r=g","caption":"Huele a azufre"},"description":"Huele a azufre es una plataforma digital de an\u00e1lisis geopol\u00edtico\u00a0 contrahegem\u00f3nico, que busca visibilizar las voces y los discursos silenciados por el poder medi\u00e1tico.","sameAs":["https:\/\/hueleaazufre.com\/wordpress_a"],"url":"https:\/\/hueleaazufre.com\/wordpress_a\/index.php\/author\/admin_tupapa\/"}]}},"_links":{"self":[{"href":"https:\/\/hueleaazufre.com\/wordpress_a\/index.php\/wp-json\/wp\/v2\/posts\/2144","targetHints":{"allow":["GET"]}}],"collection":[{"href":"https:\/\/hueleaazufre.com\/wordpress_a\/index.php\/wp-json\/wp\/v2\/posts"}],"about":[{"href":"https:\/\/hueleaazufre.com\/wordpress_a\/index.php\/wp-json\/wp\/v2\/types\/post"}],"author":[{"embeddable":true,"href":"https:\/\/hueleaazufre.com\/wordpress_a\/index.php\/wp-json\/wp\/v2\/users\/1"}],"replies":[{"embeddable":true,"href":"https:\/\/hueleaazufre.com\/wordpress_a\/index.php\/wp-json\/wp\/v2\/comments?post=2144"}],"version-history":[{"count":1,"href":"https:\/\/hueleaazufre.com\/wordpress_a\/index.php\/wp-json\/wp\/v2\/posts\/2144\/revisions"}],"predecessor-version":[{"id":2146,"href":"https:\/\/hueleaazufre.com\/wordpress_a\/index.php\/wp-json\/wp\/v2\/posts\/2144\/revisions\/2146"}],"wp:featuredmedia":[{"embeddable":true,"href":"https:\/\/hueleaazufre.com\/wordpress_a\/index.php\/wp-json\/wp\/v2\/media\/2145"}],"wp:attachment":[{"href":"https:\/\/hueleaazufre.com\/wordpress_a\/index.php\/wp-json\/wp\/v2\/media?parent=2144"}],"wp:term":[{"taxonomy":"category","embeddable":true,"href":"https:\/\/hueleaazufre.com\/wordpress_a\/index.php\/wp-json\/wp\/v2\/categories?post=2144"},{"taxonomy":"post_tag","embeddable":true,"href":"https:\/\/hueleaazufre.com\/wordpress_a\/index.php\/wp-json\/wp\/v2\/tags?post=2144"}],"curies":[{"name":"wp","href":"https:\/\/api.w.org\/{rel}","templated":true}]}}