{"id":2159,"date":"2025-02-22T15:30:58","date_gmt":"2025-02-22T15:30:58","guid":{"rendered":"https:\/\/hueleaazufre.com\/wordpress_a\/?p=2159"},"modified":"2025-02-22T15:30:58","modified_gmt":"2025-02-22T15:30:58","slug":"acontecimientos-de-bruselas-a-riad","status":"publish","type":"post","link":"https:\/\/hueleaazufre.com\/wordpress_a\/index.php\/2025\/02\/22\/acontecimientos-de-bruselas-a-riad\/","title":{"rendered":"De Bruselas a Riad, pasando por M\u00fanich: Ocho d\u00edas que estremecieron el mundo (I)"},"content":{"rendered":"<p><b>Los acontecimientos internacionales han tomado un ritmo extraordinariamente acelerado. <\/b><span style=\"font-weight: 400;\">He consultado con algunos colegas y hemos concluido que se est\u00e1 haciendo dif\u00edcil seguir el movimiento de hechos que est\u00e1n conmoviendo, transformando y reestructurando el sistema internacional a una velocidad nunca antes vista por lo menos en los \u00faltimos 80 a\u00f1os.<\/span><\/p>\n<p><span style=\"font-weight: 400;\">Lo cierto es que el mundo de la posguerra parece desmoronarse. El consenso logrado en 1945, en Yalta y Potsdam, acaba de recibir un golpe mortal en M\u00fanich.\u00a0<\/span><\/p>\n<p><b>Para leer entrevista a la Dra. Belinda S\u00e1nchez Ram\u00edrez directora de la Direcci\u00f3n de Inmunolog\u00eda e Inmunoterapia del Centro de Inmunolog\u00eda Molecular:<\/b> <a href=\"https:\/\/hueleaazufre.com\/wordpress_a\/index.php\/2025\/02\/17\/ciencia-y-soberania-la-biotecnologia-cubana\/\"><span style=\"font-weight: 400;\">Ciencia y soberan\u00eda: la biotecnolog\u00eda cubana al servicio del pueblo. I Parte &#8211;<\/span><\/a><\/p>\n<blockquote class=\"wp-embedded-content\" data-secret=\"F4fa1kAcwu\"><p><a href=\"https:\/\/hueleaazufre.com\/wordpress_a\/index.php\/2025\/02\/17\/ciencia-y-soberania-la-biotecnologia-cubana\/\">Ciencia y soberan\u00eda: la biotecnolog\u00eda cubana al servicio del pueblo. I Parte<\/a><\/p><\/blockquote>\n<p><iframe class=\"wp-embedded-content\" sandbox=\"allow-scripts\" security=\"restricted\" style=\"position: absolute; visibility: hidden;\" title=\"\u00abCiencia y soberan\u00eda: la biotecnolog\u00eda cubana al servicio del pueblo. I Parte\u00bb \u2014 \" src=\"https:\/\/hueleaazufre.com\/wordpress_a\/index.php\/2025\/02\/17\/ciencia-y-soberania-la-biotecnologia-cubana\/embed\/#?secret=KH0ziVqPNn#?secret=F4fa1kAcwu\" data-secret=\"F4fa1kAcwu\" width=\"600\" height=\"338\" frameborder=\"0\" marginwidth=\"0\" marginheight=\"0\" scrolling=\"no\"><\/iframe><\/p>\n<p><span style=\"font-weight: 400;\">Hagamos un somero recorrido de los acontecimientos de los \u00faltimos d\u00edas para constatar esta aseveraci\u00f3n que emana\u00a0 la impronta que la administraci\u00f3n Trump le est\u00e1 imponiendo al mundo:<\/span><\/p>\n<ul>\n<li style=\"font-weight: 400;\" aria-level=\"1\"><b>12 de febrero.<\/b><span style=\"font-weight: 400;\"> El presidente de Estados Unidos inform\u00f3 que hab\u00eda sostenido una \u201clarga y muy productiva\u201d llamada telef\u00f3nica con su hom\u00f3logo ruso Vladimir Putin. Dijo que este\u00a0 quiere que la guerra en Ucrania termine y que cree que habr\u00e1 un alto el fuego \u201cen un futuro no muy lejano\u201d. La llamada fue la primera conversaci\u00f3n conocida entre ambos presidentes desde que Trump asumi\u00f3 el cargo el mes pasado.\u00a0<\/span><\/li>\n<\/ul>\n<p><b>Para leer recuento de la \u201ccriptoestafa\u201d perpetrada por el presidente de Argentina, Javier Milei:<\/b> <a href=\"https:\/\/hueleaazufre.com\/wordpress_a\/index.php\/2025\/02\/19\/ultraderechista-homofobico-y-estafador\/\"><span style=\"font-weight: 400;\">Ultraderechista, homof\u00f3bico \u00bfy estafador? &#8211;<\/span><\/a><\/p>\n<blockquote class=\"wp-embedded-content\" data-secret=\"bzG7SiewM8\"><p><a href=\"https:\/\/hueleaazufre.com\/wordpress_a\/index.php\/2025\/02\/19\/ultraderechista-homofobico-y-estafador\/\">Ultraderechista, homof\u00f3bico \u00bfy estafador?<\/a><\/p><\/blockquote>\n<p><iframe class=\"wp-embedded-content\" sandbox=\"allow-scripts\" security=\"restricted\" style=\"position: absolute; visibility: hidden;\" title=\"\u00abUltraderechista, homof\u00f3bico \u00bfy estafador?\u00bb \u2014 \" src=\"https:\/\/hueleaazufre.com\/wordpress_a\/index.php\/2025\/02\/19\/ultraderechista-homofobico-y-estafador\/embed\/#?secret=yObTX4pDOC#?secret=bzG7SiewM8\" data-secret=\"bzG7SiewM8\" width=\"600\" height=\"338\" frameborder=\"0\" marginwidth=\"0\" marginheight=\"0\" scrolling=\"no\"><\/iframe><\/p>\n<ul>\n<li style=\"font-weight: 400;\" aria-level=\"1\"><b>12 de febrero<\/b><span style=\"font-weight: 400;\">. El\u00a0Secretario de Defensa de Estados Unidos, Pete Hegseth,\u00a0durante su reuni\u00f3n en Bruselas con los miembros de la Organizaci\u00f3n del Tratado del Atl\u00e1ntico Norte (OTAN),\u00a0declar\u00f3 \u201cdirectamente y sin ambig\u00fcedades\u201d que Washington\u00a0ya no priorizar\u00e1 la seguridad de Europa, determin\u00f3 que la guerra entre Ucrania y Rusia \u201cdebe terminar\u201d, pues su prioridad se enfoca en asegurar las fronteras del pa\u00eds norteamericano y evitar la guerra con China.<\/span><\/li>\n<\/ul>\n<p><b>Hegseth afirm\u00f3 que las realidades estrat\u00e9gicas actuales impiden que Estados Unidos siga siendo el principal garante de la seguridad en Europa. <\/b><span style=\"font-weight: 400;\">Estas mismas realidades obligan \u2014seg\u00fan el jefe del Pent\u00e1gono\u2014\u00a0 a una reducci\u00f3n de las fuerzas estadounidenses en la regi\u00f3n.\u00a0\u00a0La prioridad para Washington es enfrentar a China, a la que defini\u00f3 como \u201cun competidor de gran envergadura\u201d porque tiene la capacidad y la intenci\u00f3n de amenazar la seguridad nacional de Estados Unidos y sus intereses principales en la regi\u00f3n del Indo-Pac\u00edfico.\u00a0\u00a0\u00a0<\/span><\/p>\n<p><b>Hegseth subray\u00f3 que la disuasi\u00f3n de un conflicto con China en el Pac\u00edfico es la misi\u00f3n m\u00e1s importante de su despacho.<\/b><span style=\"font-weight: 400;\"> Reconoci\u00f3 la escasez de recursos y la necesidad de tomar decisiones dif\u00edciles para garantizar que el proceso no fracase.\u00a0<\/span><\/p>\n<p><b>El Secretario de Defensa inst\u00f3 a los aliados europeos, miembros de la OTAN, a asumir un liderazgo activo<\/b><span style=\"font-weight: 400;\">. Les dijo tajante que: \u201cLa Casa Blanca ya no tolerar\u00e1 una relaci\u00f3n desequilibrada que fomente la dependencia. En su lugar, la relaci\u00f3n entre Estados Unidos y Europa se centrar\u00e1 en capacitar a los pa\u00edses europeos para que asuman la responsabilidad de su propia seguridad\u201d.<\/span><\/p>\n<ul>\n<li style=\"font-weight: 400;\" aria-level=\"1\"><b>14 de febrero<\/b><span style=\"font-weight: 400;\">. El vicepresidente de Estados Unidos, J.D. Vance, pronunci\u00f3 un discurso durante la 61.\u00aa\u00a0<\/span><a href=\"https:\/\/actualidad.rt.com\/actualidad\/540125-inicia-conferencia-seguridad-munich\"><span style=\"font-weight: 400;\">Conferencia de Seguridad de M\u00fanich<\/span><\/a><span style=\"font-weight: 400;\">, en Alemania,\u00a0sorprendiendo tanto\u00a0a los presentes como a los pa\u00edses europeos aliados de Washington.\u00a0<\/span><\/li>\n<\/ul>\n<p><b>En la disertaci\u00f3n, el alto cargo estadounidense afirm\u00f3 que: \u00abLa amenaza que m\u00e1s me preocupa respecto a Europa no es Rusia, no es China<\/b><span style=\"font-weight: 400;\">, no es ning\u00fan otro actor externo. Lo que me preocupa es la amenaza desde dentro, el retroceso de Europa respecto a algunos de sus valores m\u00e1s fundamentales, valores compartidos con Estados Unidos\u00bb. Sin tomar en consideraci\u00f3n la perplejidad que generaban sus palabras, agreg\u00f3 que \u00abCuando vemos a las cortes europeas cancelando elecciones, con altos funcionarios amenazando con cancelar otras, tenemos que preguntarnos si nos ce\u00f1imos a unos est\u00e1ndares debidamente altos\u00bb.<\/span><\/p>\n<ul>\n<li style=\"font-weight: 400;\" aria-level=\"1\"><b>14 de febrero<\/b><span style=\"font-weight: 400;\">. <\/span><b>El senador republicano por Texas, John Cornyn,\u00a0 afirm\u00f3 que esperaba que los europeos reconocieran que su privilegio de aprovecharse de los Estados Unidos hab\u00eda llegado a su fin<\/b><span style=\"font-weight: 400;\"> y a\u00f1adi\u00f3 que: \u00abLo han pasado bastante bien, y esos d\u00edas ya terminaron\u201d.<\/span><\/li>\n<li style=\"font-weight: 400;\" aria-level=\"1\"><b>14 de febrero<\/b><span style=\"font-weight: 400;\">. Keir Giles, investigador principal del centro de estudios <\/span><i><span style=\"font-weight: 400;\">Chatham House<\/span><\/i><span style=\"font-weight: 400;\">, con sede en Londres, declar\u00f3 a\u00a0<\/span><a href=\"https:\/\/www.nbcnews.com\/news\/world\/europe-scrambles-ukraine-influence-bracing-vance-speech-rcna192378\"><i><span style=\"font-weight: 400;\">NBC News<\/span><\/i><\/a><span style=\"font-weight: 400;\">\u00a0que Europa ha ignorado d\u00e9cadas de se\u00f1ales de que la paciencia de Estados Unidos se ha estado \u00abagotando\u00bb con la dependencia de Europa de la defensa estadounidense.<\/span><\/li>\n<li style=\"font-weight: 400;\" aria-level=\"1\"><b>14 de febrero<\/b><span style=\"font-weight: 400;\">. Patrick Wintour, editor diplom\u00e1tico del diario brit\u00e1nico\u00a0<\/span><a href=\"https:\/\/www.theguardian.com\/world\/2025\/feb\/15\/jd-vance-munich-speech-laid-bare-collapse-transatlantic-alliance-us-europe\"><i><span style=\"font-weight: 400;\">The Guardian<\/span><\/i><\/a><span style=\"font-weight: 400;\">, destac\u00f3 que las palabras de Vance demostraron que \u00abla disputa preexistente entre Europa y Estados Unidos ya no ten\u00eda que ver con el reparto de las cargas militares o la naturaleza de la futura amenaza a la seguridad planteada por Rusia, sino con algo m\u00e1s fundamental: la sociedad\u00bb.<\/span><\/li>\n<li style=\"font-weight: 400;\" aria-level=\"1\"><b>16 de febrero<\/b><span style=\"font-weight: 400;\">. En una columna titulada \u201cEl asalto de Donald Trump a Europa\u201d, el peri\u00f3dico digital londinense <\/span><i><span style=\"font-weight: 400;\">The Economist<\/span><\/i><span style=\"font-weight: 400;\"> destac\u00f3 que los l\u00edderes europeos que asistieron a la conferencia de M\u00fanich quedaron \u00abat\u00f3nitos\u00bb al ver que la Administraci\u00f3n Trump \u00abech\u00f3 por tierra d\u00e9cadas de diplomacia que han sustentado a la OTAN como la alianza militar m\u00e1s exitosa de la historia moderna\u00bb.<\/span><\/li>\n<li style=\"font-weight: 400;\" aria-level=\"1\"><b>18 de febrero<\/b><span style=\"font-weight: 400;\">. El primer ministro de Hungr\u00eda se\u00f1al\u00f3 que: \u201cLa Uni\u00f3n Europea (UE) qued\u00f3 \u00abatrapada en la guerra\u00bb y conocer\u00e1 los resultados de las negociaciones sobre Ucrania por la prensa\u201d.<\/span><\/li>\n<li style=\"font-weight: 400;\" aria-level=\"1\"><b>18 de febrero<\/b><span style=\"font-weight: 400;\">. El primer ministro polaco, Donald Tusk, afirm\u00f3 que la cumbre de urgencia de la UE, celebrada en Par\u00eds, no tom\u00f3 ninguna decisi\u00f3n sobre el conflicto ucraniano.<\/span><b>\u00a0Las contradicciones entre los l\u00edderes reunidos impidieron que surgiera una soluci\u00f3n com\u00fan.<\/b><span style=\"font-weight: 400;\">\u00a0El portal Pol\u00edtico indic\u00f3 que, tras la reuni\u00f3n de 3 horas y media, sus reacciones fueron \u00abdecepcionantes\u00bb.<\/span><\/li>\n<li style=\"font-weight: 400;\" aria-level=\"1\"><b>19 de febrero<\/b><span style=\"font-weight: 400;\">. Un encuentro realizado en Riad, capital de Arabia Saudita, entre delegaciones de alto nivel de Rusia y Estados Unidos concluy\u00f3 exitosamente tras producirse un di\u00e1logo fluido y sin contratiempos, seg\u00fan inform\u00f3 el<\/span><b>\u00a0<\/b><span style=\"font-weight: 400;\">asesor presidencial del Kremlin, Yuri Ushakov, quien particip\u00f3 en el encuentro junto con el canciller Sergu\u00e9i Lavrov.\u00a0<\/span><\/li>\n<\/ul>\n<p><span style=\"font-weight: 400;\">Ushakov resalt\u00f3 que durante las conversaciones se abordaron todos los temas con seriedad y profundidad y adem\u00e1s, se logr\u00f3 un consenso para avanzar en las relaciones bilaterales.<\/span><\/p>\n<ul>\n<li style=\"font-weight: 400;\" aria-level=\"1\"><b>19 de febrero<\/b><span style=\"font-weight: 400;\">. Al referirse a la reacci\u00f3n de Ucrania y de su l\u00edder Volod\u00edmir Zelenski a las conversaciones entre Estados Unidos y Rusia en Riad, Arabia Saudita, el presidente Trump dijo: \u201cPi\u00e9nselo: un comediante de \u00e9xito modesto, Volod\u00edmir Zelenski, convenci\u00f3 a los Estados Unidos de Am\u00e9rica de gastar 350 mil millones de d\u00f3lares para entrar en una guerra que no se pod\u00eda ganar, que nunca tuvo que comenzar, pero una guerra que \u00e9l, sin los Estados Unidos y Trump, nunca podr\u00e1 resolver. Estados Unidos ha gastado 200 mil millones de d\u00f3lares m\u00e1s que Europa, y el dinero de Europa est\u00e1 garantizado, mientras que Estados Unidos no recibir\u00e1 nada a cambio. \u00bfPor qu\u00e9 el so\u00f1oliento Joe Biden no exigi\u00f3 la igualdad, ya que esta guerra es mucho m\u00e1s importante para Europa que para nosotros? Tenemos un gran y hermoso oc\u00e9ano como separaci\u00f3n. Adem\u00e1s de esto, Zelenski admite que la mitad del dinero que le enviamos est\u00e1 en falta. Se niega a tener elecciones, tiene un puntaje muy bajo en las encuestas y lo \u00fanico en lo que era bueno era en manipular a Biden \u2018como un viol\u00edn\u2019.\u00a0 Zelenski es un dictador sin elecciones que debe actuar r\u00e1pido o no le quedar\u00e1 ning\u00fan pa\u00eds. Mientras tanto, estamos negociando con \u00e9xito el fin de la guerra con Rusia, algo que todos admiten que solo Trump y la administraci\u00f3n Trump pueden hacer. Biden nunca lo intent\u00f3, Europa no ha logrado traer la paz y Zelenski probablemente quiera mantener el tren de la salsa\u2019 en marcha. Amo a Ucrania, pero Zelenski ha hecho un trabajo terrible, su pa\u00eds est\u00e1 destrozado y millones han muerto innecesariamente. Y as\u00ed contin\u00faa\u2026\u201d<\/span><\/li>\n<\/ul>\n<p><span style=\"font-weight: 400;\">Parafraseando el t\u00edtulo de\u00a0 aquel famoso libro de John Reed, podr\u00edamos hablar de \u201clos ocho d\u00edas que estremecieron el mundo\u201d. Los europeos est\u00e1n at\u00f3nitos y, como lo demostr\u00f3 su reuni\u00f3n cumbre de Par\u00eds, absolutamente desarticulados y sin capacidad de respuesta.\u00a0<\/span><\/p>\n<p><b>Asistieron a M\u00fanich esperando que Vance hablara de asuntos relacionados con la seguridad y defensa del bloque europeo pero, en su lugar, \u00abatac\u00f3 rotundamente\u00bb a los aliados de Washington<\/b><span style=\"font-weight: 400;\"> denunciando \u00abla desinformaci\u00f3n, la informaci\u00f3n err\u00f3nea y los derechos a la libertad de expresi\u00f3n\u00bb. Seg\u00fan RT, \u201cun alto funcionario europeo que habl\u00f3 con\u00a0<\/span><a href=\"https:\/\/foreignpolicy.com\/2025\/02\/14\/vance-speech-munich-msc-russia-ukraine-censorship-free-speech\/\"><i><span style=\"font-weight: 400;\">Foreign Policy<\/span><\/i><\/a><span style=\"font-weight: 400;\">,\u00a0bajo condici\u00f3n de anonimato, dijo que Vance \u00abmientras estaba en Alemania hizo algo en lo que los alemanes son bastante buenos: dar lecciones a otros\u00bb.<\/span><\/p>\n<p><b>Quien no fue sorprendida ni desarticulada fue Rusia<\/b><span style=\"font-weight: 400;\">. Desde 2014, con paciencia y visi\u00f3n de largo plazo articul\u00f3 un plan que ha ido cumpliendo al pie de la letra. Hace unos meses, el presidente Putin esboz\u00f3 su concepto de paz y su idea de nuevo orden internacional. Durante el foro \u201cInterconexi\u00f3n de tiempos y civilizaciones, base de la paz y el desarrollo\u201d que se celebr\u00f3 en Asjabad, capital de Turkmenist\u00e1n en octubre 2024, explic\u00f3 que: \u00ab&#8230;La paz global solamente puede lograrse teniendo en cuenta los intereses de todos los pueblos del planeta\u201d.\u00a0<\/span><\/p>\n<p><span style=\"font-weight: 400;\">En su discurso en el evento, el presidente ruso dio a conocer que su pa\u00eds estaba convencido de que la \u201cpaz universal y el desarrollo integral solo pueden garantizarse teniendo en cuenta las opiniones de cada pueblo, respetando, al mismo tiempo el derecho de cada Estado a su propio rumbo soberano, a su propia cosmovisi\u00f3n, a sus propias tradiciones e ideas religiosas\u00bb, se\u00f1alando adem\u00e1s que\u00a0 la mayor\u00eda de los Estados del mundo abogan por \u00abuna distribuci\u00f3n m\u00e1s equitativa de los beneficios\u00bb.<\/span><\/p>\n<p><b>Este fue el soporte que permiti\u00f3 que la semana pasada los mandatarios de Rusia y Estados Unidos conversaran por tel\u00e9fono<\/b><span style=\"font-weight: 400;\"> y acordaran dejar atr\u00e1s un per\u00edodo \u00ababsolutamente an\u00f3malo\u00bb de las relaciones entre ambos pa\u00edses, cuando no hubo contactos mutuos.<\/span><\/p>\n<p><b>Autor: Sergio Rodr\u00edguez Gelfenstein<\/b><\/p>\n<p><a href=\"http:\/\/www.sergioro07.blogspot.com\"><b>www.sergioro07.blogspot.com<\/b><\/a><\/p>\n","protected":false},"excerpt":{"rendered":"<p>Los acontecimientos internacionales han tomado un ritmo extraordinariamente acelerado. He consultado con algunos colegas y&#8230;<\/p>\n","protected":false},"author":1,"featured_media":2160,"comment_status":"open","ping_status":"closed","sticky":false,"template":"","format":"standard","meta":{"footnotes":""},"categories":[70,52],"tags":[144,100,148],"class_list":["post-2159","post","type-post","status-publish","format-standard","has-post-thumbnail","hentry","category-otras-voces","category-sergio-rodriguez-gelfenstein","tag-javier-milei","tag-otan","tag-trump"],"yoast_head":"<!-- This site is optimized with the Yoast SEO plugin v27.5 - https:\/\/yoast.com\/product\/yoast-seo-wordpress\/ -->\n<title>De Bruselas a Riad, pasando por M\u00fanich: Ocho d\u00edas que estremecieron el mundo (I) -<\/title>\n<meta name=\"description\" content=\"Los acontecimientos internacionales han tomado un ritmo extraordinariamente acelerado. Se est\u00e1 haciendo dif\u00edcil seguir el movimiento...\" \/>\n<meta name=\"robots\" content=\"index, follow, max-snippet:-1, max-image-preview:large, max-video-preview:-1\" \/>\n<link rel=\"canonical\" href=\"https:\/\/hueleaazufre.com\/wordpress_a\/index.php\/2025\/02\/22\/acontecimientos-de-bruselas-a-riad\/\" \/>\n<meta property=\"og:locale\" content=\"es_ES\" \/>\n<meta property=\"og:type\" content=\"article\" \/>\n<meta property=\"og:title\" content=\"De Bruselas a Riad, pasando por M\u00fanich: Ocho d\u00edas que estremecieron el mundo (I) -\" \/>\n<meta property=\"og:description\" content=\"Los acontecimientos internacionales han tomado un ritmo extraordinariamente acelerado. Se est\u00e1 haciendo dif\u00edcil seguir el movimiento...\" \/>\n<meta property=\"og:url\" content=\"https:\/\/hueleaazufre.com\/wordpress_a\/index.php\/2025\/02\/22\/acontecimientos-de-bruselas-a-riad\/\" \/>\n<meta property=\"article:published_time\" content=\"2025-02-22T15:30:58+00:00\" \/>\n<meta property=\"og:image\" content=\"https:\/\/hueleaazufre.com\/wordpress_a\/wp-content\/uploads\/2025\/02\/descargab.jpg\" \/>\n\t<meta property=\"og:image:width\" content=\"1622\" \/>\n\t<meta property=\"og:image:height\" content=\"1365\" \/>\n\t<meta property=\"og:image:type\" content=\"image\/jpeg\" \/>\n<meta name=\"author\" content=\"Huele a azufre\" \/>\n<meta name=\"twitter:card\" content=\"summary_large_image\" \/>\n<meta name=\"twitter:label1\" content=\"Escrito por\" \/>\n\t<meta name=\"twitter:data1\" content=\"Huele a azufre\" \/>\n\t<meta name=\"twitter:label2\" content=\"Tiempo de lectura\" \/>\n\t<meta name=\"twitter:data2\" content=\"8 minutos\" \/>\n<script type=\"application\/ld+json\" class=\"yoast-schema-graph\">{\"@context\":\"https:\\\/\\\/schema.org\",\"@graph\":[{\"@type\":\"Article\",\"@id\":\"https:\\\/\\\/hueleaazufre.com\\\/wordpress_a\\\/index.php\\\/2025\\\/02\\\/22\\\/acontecimientos-de-bruselas-a-riad\\\/#article\",\"isPartOf\":{\"@id\":\"https:\\\/\\\/hueleaazufre.com\\\/wordpress_a\\\/index.php\\\/2025\\\/02\\\/22\\\/acontecimientos-de-bruselas-a-riad\\\/\"},\"author\":{\"name\":\"Huele a azufre\",\"@id\":\"https:\\\/\\\/hueleaazufre.com\\\/wordpress_a\\\/#\\\/schema\\\/person\\\/549dd871707ea7f9f1a686323ebe9baa\"},\"headline\":\"De Bruselas a Riad, pasando por M\u00fanich: Ocho d\u00edas que estremecieron el mundo (I)\",\"datePublished\":\"2025-02-22T15:30:58+00:00\",\"mainEntityOfPage\":{\"@id\":\"https:\\\/\\\/hueleaazufre.com\\\/wordpress_a\\\/index.php\\\/2025\\\/02\\\/22\\\/acontecimientos-de-bruselas-a-riad\\\/\"},\"wordCount\":1754,\"commentCount\":0,\"image\":{\"@id\":\"https:\\\/\\\/hueleaazufre.com\\\/wordpress_a\\\/index.php\\\/2025\\\/02\\\/22\\\/acontecimientos-de-bruselas-a-riad\\\/#primaryimage\"},\"thumbnailUrl\":\"https:\\\/\\\/hueleaazufre.com\\\/wordpress_a\\\/wp-content\\\/uploads\\\/2025\\\/02\\\/descargab.jpg\",\"keywords\":[\"Javier Milei\",\"OTAN\",\"Trump\"],\"articleSection\":[\"Otras voces\",\"Sergio Rodr\u00edguez Gelfenstein\"],\"inLanguage\":\"es\",\"potentialAction\":[{\"@type\":\"CommentAction\",\"name\":\"Comment\",\"target\":[\"https:\\\/\\\/hueleaazufre.com\\\/wordpress_a\\\/index.php\\\/2025\\\/02\\\/22\\\/acontecimientos-de-bruselas-a-riad\\\/#respond\"]}]},{\"@type\":\"WebPage\",\"@id\":\"https:\\\/\\\/hueleaazufre.com\\\/wordpress_a\\\/index.php\\\/2025\\\/02\\\/22\\\/acontecimientos-de-bruselas-a-riad\\\/\",\"url\":\"https:\\\/\\\/hueleaazufre.com\\\/wordpress_a\\\/index.php\\\/2025\\\/02\\\/22\\\/acontecimientos-de-bruselas-a-riad\\\/\",\"name\":\"De Bruselas a Riad, pasando por M\u00fanich: Ocho d\u00edas que estremecieron el mundo (I) -\",\"isPartOf\":{\"@id\":\"https:\\\/\\\/hueleaazufre.com\\\/wordpress_a\\\/#website\"},\"primaryImageOfPage\":{\"@id\":\"https:\\\/\\\/hueleaazufre.com\\\/wordpress_a\\\/index.php\\\/2025\\\/02\\\/22\\\/acontecimientos-de-bruselas-a-riad\\\/#primaryimage\"},\"image\":{\"@id\":\"https:\\\/\\\/hueleaazufre.com\\\/wordpress_a\\\/index.php\\\/2025\\\/02\\\/22\\\/acontecimientos-de-bruselas-a-riad\\\/#primaryimage\"},\"thumbnailUrl\":\"https:\\\/\\\/hueleaazufre.com\\\/wordpress_a\\\/wp-content\\\/uploads\\\/2025\\\/02\\\/descargab.jpg\",\"datePublished\":\"2025-02-22T15:30:58+00:00\",\"author\":{\"@id\":\"https:\\\/\\\/hueleaazufre.com\\\/wordpress_a\\\/#\\\/schema\\\/person\\\/549dd871707ea7f9f1a686323ebe9baa\"},\"description\":\"Los acontecimientos internacionales han tomado un ritmo extraordinariamente acelerado. Se est\u00e1 haciendo dif\u00edcil seguir el movimiento...\",\"breadcrumb\":{\"@id\":\"https:\\\/\\\/hueleaazufre.com\\\/wordpress_a\\\/index.php\\\/2025\\\/02\\\/22\\\/acontecimientos-de-bruselas-a-riad\\\/#breadcrumb\"},\"inLanguage\":\"es\",\"potentialAction\":[{\"@type\":\"ReadAction\",\"target\":[\"https:\\\/\\\/hueleaazufre.com\\\/wordpress_a\\\/index.php\\\/2025\\\/02\\\/22\\\/acontecimientos-de-bruselas-a-riad\\\/\"]}]},{\"@type\":\"ImageObject\",\"inLanguage\":\"es\",\"@id\":\"https:\\\/\\\/hueleaazufre.com\\\/wordpress_a\\\/index.php\\\/2025\\\/02\\\/22\\\/acontecimientos-de-bruselas-a-riad\\\/#primaryimage\",\"url\":\"https:\\\/\\\/hueleaazufre.com\\\/wordpress_a\\\/wp-content\\\/uploads\\\/2025\\\/02\\\/descargab.jpg\",\"contentUrl\":\"https:\\\/\\\/hueleaazufre.com\\\/wordpress_a\\\/wp-content\\\/uploads\\\/2025\\\/02\\\/descargab.jpg\",\"width\":1622,\"height\":1365,\"caption\":\"acontecimientos\"},{\"@type\":\"BreadcrumbList\",\"@id\":\"https:\\\/\\\/hueleaazufre.com\\\/wordpress_a\\\/index.php\\\/2025\\\/02\\\/22\\\/acontecimientos-de-bruselas-a-riad\\\/#breadcrumb\",\"itemListElement\":[{\"@type\":\"ListItem\",\"position\":1,\"name\":\"Portada\",\"item\":\"https:\\\/\\\/hueleaazufre.com\\\/wordpress_a\\\/\"},{\"@type\":\"ListItem\",\"position\":2,\"name\":\"De Bruselas a Riad, pasando por M\u00fanich: Ocho d\u00edas que estremecieron el mundo (I)\"}]},{\"@type\":\"WebSite\",\"@id\":\"https:\\\/\\\/hueleaazufre.com\\\/wordpress_a\\\/#website\",\"url\":\"https:\\\/\\\/hueleaazufre.com\\\/wordpress_a\\\/\",\"name\":\"\",\"description\":\"Huele a azufre es una plataforma digital de an\u00e1lisis geopol\u00edtico.\",\"potentialAction\":[{\"@type\":\"SearchAction\",\"target\":{\"@type\":\"EntryPoint\",\"urlTemplate\":\"https:\\\/\\\/hueleaazufre.com\\\/wordpress_a\\\/?s={search_term_string}\"},\"query-input\":{\"@type\":\"PropertyValueSpecification\",\"valueRequired\":true,\"valueName\":\"search_term_string\"}}],\"inLanguage\":\"es\"},{\"@type\":\"Person\",\"@id\":\"https:\\\/\\\/hueleaazufre.com\\\/wordpress_a\\\/#\\\/schema\\\/person\\\/549dd871707ea7f9f1a686323ebe9baa\",\"name\":\"Huele a azufre\",\"image\":{\"@type\":\"ImageObject\",\"inLanguage\":\"es\",\"@id\":\"https:\\\/\\\/secure.gravatar.com\\\/avatar\\\/e972d5c124b9bf80eb4c9d322a90dd86a59d447f5da36700a77516f13637d44e?s=96&d=mm&r=g\",\"url\":\"https:\\\/\\\/secure.gravatar.com\\\/avatar\\\/e972d5c124b9bf80eb4c9d322a90dd86a59d447f5da36700a77516f13637d44e?s=96&d=mm&r=g\",\"contentUrl\":\"https:\\\/\\\/secure.gravatar.com\\\/avatar\\\/e972d5c124b9bf80eb4c9d322a90dd86a59d447f5da36700a77516f13637d44e?s=96&d=mm&r=g\",\"caption\":\"Huele a azufre\"},\"description\":\"Huele a azufre es una plataforma digital de an\u00e1lisis geopol\u00edtico\u00a0 contrahegem\u00f3nico, que busca visibilizar las voces y los discursos silenciados por el poder medi\u00e1tico.\",\"sameAs\":[\"https:\\\/\\\/hueleaazufre.com\\\/wordpress_a\"],\"url\":\"https:\\\/\\\/hueleaazufre.com\\\/wordpress_a\\\/index.php\\\/author\\\/admin_tupapa\\\/\"}]}<\/script>\n<!-- \/ Yoast SEO plugin. -->","yoast_head_json":{"title":"De Bruselas a Riad, pasando por M\u00fanich: Ocho d\u00edas que estremecieron el mundo (I) -","description":"Los acontecimientos internacionales han tomado un ritmo extraordinariamente acelerado. Se est\u00e1 haciendo dif\u00edcil seguir el movimiento...","robots":{"index":"index","follow":"follow","max-snippet":"max-snippet:-1","max-image-preview":"max-image-preview:large","max-video-preview":"max-video-preview:-1"},"canonical":"https:\/\/hueleaazufre.com\/wordpress_a\/index.php\/2025\/02\/22\/acontecimientos-de-bruselas-a-riad\/","og_locale":"es_ES","og_type":"article","og_title":"De Bruselas a Riad, pasando por M\u00fanich: Ocho d\u00edas que estremecieron el mundo (I) -","og_description":"Los acontecimientos internacionales han tomado un ritmo extraordinariamente acelerado. Se est\u00e1 haciendo dif\u00edcil seguir el movimiento...","og_url":"https:\/\/hueleaazufre.com\/wordpress_a\/index.php\/2025\/02\/22\/acontecimientos-de-bruselas-a-riad\/","article_published_time":"2025-02-22T15:30:58+00:00","og_image":[{"width":1622,"height":1365,"url":"https:\/\/hueleaazufre.com\/wordpress_a\/wp-content\/uploads\/2025\/02\/descargab.jpg","type":"image\/jpeg"}],"author":"Huele a azufre","twitter_card":"summary_large_image","twitter_misc":{"Escrito por":"Huele a azufre","Tiempo de lectura":"8 minutos"},"schema":{"@context":"https:\/\/schema.org","@graph":[{"@type":"Article","@id":"https:\/\/hueleaazufre.com\/wordpress_a\/index.php\/2025\/02\/22\/acontecimientos-de-bruselas-a-riad\/#article","isPartOf":{"@id":"https:\/\/hueleaazufre.com\/wordpress_a\/index.php\/2025\/02\/22\/acontecimientos-de-bruselas-a-riad\/"},"author":{"name":"Huele a azufre","@id":"https:\/\/hueleaazufre.com\/wordpress_a\/#\/schema\/person\/549dd871707ea7f9f1a686323ebe9baa"},"headline":"De Bruselas a Riad, pasando por M\u00fanich: Ocho d\u00edas que estremecieron el mundo (I)","datePublished":"2025-02-22T15:30:58+00:00","mainEntityOfPage":{"@id":"https:\/\/hueleaazufre.com\/wordpress_a\/index.php\/2025\/02\/22\/acontecimientos-de-bruselas-a-riad\/"},"wordCount":1754,"commentCount":0,"image":{"@id":"https:\/\/hueleaazufre.com\/wordpress_a\/index.php\/2025\/02\/22\/acontecimientos-de-bruselas-a-riad\/#primaryimage"},"thumbnailUrl":"https:\/\/hueleaazufre.com\/wordpress_a\/wp-content\/uploads\/2025\/02\/descargab.jpg","keywords":["Javier Milei","OTAN","Trump"],"articleSection":["Otras voces","Sergio Rodr\u00edguez Gelfenstein"],"inLanguage":"es","potentialAction":[{"@type":"CommentAction","name":"Comment","target":["https:\/\/hueleaazufre.com\/wordpress_a\/index.php\/2025\/02\/22\/acontecimientos-de-bruselas-a-riad\/#respond"]}]},{"@type":"WebPage","@id":"https:\/\/hueleaazufre.com\/wordpress_a\/index.php\/2025\/02\/22\/acontecimientos-de-bruselas-a-riad\/","url":"https:\/\/hueleaazufre.com\/wordpress_a\/index.php\/2025\/02\/22\/acontecimientos-de-bruselas-a-riad\/","name":"De Bruselas a Riad, pasando por M\u00fanich: Ocho d\u00edas que estremecieron el mundo (I) -","isPartOf":{"@id":"https:\/\/hueleaazufre.com\/wordpress_a\/#website"},"primaryImageOfPage":{"@id":"https:\/\/hueleaazufre.com\/wordpress_a\/index.php\/2025\/02\/22\/acontecimientos-de-bruselas-a-riad\/#primaryimage"},"image":{"@id":"https:\/\/hueleaazufre.com\/wordpress_a\/index.php\/2025\/02\/22\/acontecimientos-de-bruselas-a-riad\/#primaryimage"},"thumbnailUrl":"https:\/\/hueleaazufre.com\/wordpress_a\/wp-content\/uploads\/2025\/02\/descargab.jpg","datePublished":"2025-02-22T15:30:58+00:00","author":{"@id":"https:\/\/hueleaazufre.com\/wordpress_a\/#\/schema\/person\/549dd871707ea7f9f1a686323ebe9baa"},"description":"Los acontecimientos internacionales han tomado un ritmo extraordinariamente acelerado. Se est\u00e1 haciendo dif\u00edcil seguir el movimiento...","breadcrumb":{"@id":"https:\/\/hueleaazufre.com\/wordpress_a\/index.php\/2025\/02\/22\/acontecimientos-de-bruselas-a-riad\/#breadcrumb"},"inLanguage":"es","potentialAction":[{"@type":"ReadAction","target":["https:\/\/hueleaazufre.com\/wordpress_a\/index.php\/2025\/02\/22\/acontecimientos-de-bruselas-a-riad\/"]}]},{"@type":"ImageObject","inLanguage":"es","@id":"https:\/\/hueleaazufre.com\/wordpress_a\/index.php\/2025\/02\/22\/acontecimientos-de-bruselas-a-riad\/#primaryimage","url":"https:\/\/hueleaazufre.com\/wordpress_a\/wp-content\/uploads\/2025\/02\/descargab.jpg","contentUrl":"https:\/\/hueleaazufre.com\/wordpress_a\/wp-content\/uploads\/2025\/02\/descargab.jpg","width":1622,"height":1365,"caption":"acontecimientos"},{"@type":"BreadcrumbList","@id":"https:\/\/hueleaazufre.com\/wordpress_a\/index.php\/2025\/02\/22\/acontecimientos-de-bruselas-a-riad\/#breadcrumb","itemListElement":[{"@type":"ListItem","position":1,"name":"Portada","item":"https:\/\/hueleaazufre.com\/wordpress_a\/"},{"@type":"ListItem","position":2,"name":"De Bruselas a Riad, pasando por M\u00fanich: Ocho d\u00edas que estremecieron el mundo (I)"}]},{"@type":"WebSite","@id":"https:\/\/hueleaazufre.com\/wordpress_a\/#website","url":"https:\/\/hueleaazufre.com\/wordpress_a\/","name":"","description":"Huele a azufre es una plataforma digital de an\u00e1lisis geopol\u00edtico.","potentialAction":[{"@type":"SearchAction","target":{"@type":"EntryPoint","urlTemplate":"https:\/\/hueleaazufre.com\/wordpress_a\/?s={search_term_string}"},"query-input":{"@type":"PropertyValueSpecification","valueRequired":true,"valueName":"search_term_string"}}],"inLanguage":"es"},{"@type":"Person","@id":"https:\/\/hueleaazufre.com\/wordpress_a\/#\/schema\/person\/549dd871707ea7f9f1a686323ebe9baa","name":"Huele a azufre","image":{"@type":"ImageObject","inLanguage":"es","@id":"https:\/\/secure.gravatar.com\/avatar\/e972d5c124b9bf80eb4c9d322a90dd86a59d447f5da36700a77516f13637d44e?s=96&d=mm&r=g","url":"https:\/\/secure.gravatar.com\/avatar\/e972d5c124b9bf80eb4c9d322a90dd86a59d447f5da36700a77516f13637d44e?s=96&d=mm&r=g","contentUrl":"https:\/\/secure.gravatar.com\/avatar\/e972d5c124b9bf80eb4c9d322a90dd86a59d447f5da36700a77516f13637d44e?s=96&d=mm&r=g","caption":"Huele a azufre"},"description":"Huele a azufre es una plataforma digital de an\u00e1lisis geopol\u00edtico\u00a0 contrahegem\u00f3nico, que busca visibilizar las voces y los discursos silenciados por el poder medi\u00e1tico.","sameAs":["https:\/\/hueleaazufre.com\/wordpress_a"],"url":"https:\/\/hueleaazufre.com\/wordpress_a\/index.php\/author\/admin_tupapa\/"}]}},"_links":{"self":[{"href":"https:\/\/hueleaazufre.com\/wordpress_a\/index.php\/wp-json\/wp\/v2\/posts\/2159","targetHints":{"allow":["GET"]}}],"collection":[{"href":"https:\/\/hueleaazufre.com\/wordpress_a\/index.php\/wp-json\/wp\/v2\/posts"}],"about":[{"href":"https:\/\/hueleaazufre.com\/wordpress_a\/index.php\/wp-json\/wp\/v2\/types\/post"}],"author":[{"embeddable":true,"href":"https:\/\/hueleaazufre.com\/wordpress_a\/index.php\/wp-json\/wp\/v2\/users\/1"}],"replies":[{"embeddable":true,"href":"https:\/\/hueleaazufre.com\/wordpress_a\/index.php\/wp-json\/wp\/v2\/comments?post=2159"}],"version-history":[{"count":1,"href":"https:\/\/hueleaazufre.com\/wordpress_a\/index.php\/wp-json\/wp\/v2\/posts\/2159\/revisions"}],"predecessor-version":[{"id":2161,"href":"https:\/\/hueleaazufre.com\/wordpress_a\/index.php\/wp-json\/wp\/v2\/posts\/2159\/revisions\/2161"}],"wp:featuredmedia":[{"embeddable":true,"href":"https:\/\/hueleaazufre.com\/wordpress_a\/index.php\/wp-json\/wp\/v2\/media\/2160"}],"wp:attachment":[{"href":"https:\/\/hueleaazufre.com\/wordpress_a\/index.php\/wp-json\/wp\/v2\/media?parent=2159"}],"wp:term":[{"taxonomy":"category","embeddable":true,"href":"https:\/\/hueleaazufre.com\/wordpress_a\/index.php\/wp-json\/wp\/v2\/categories?post=2159"},{"taxonomy":"post_tag","embeddable":true,"href":"https:\/\/hueleaazufre.com\/wordpress_a\/index.php\/wp-json\/wp\/v2\/tags?post=2159"}],"curies":[{"name":"wp","href":"https:\/\/api.w.org\/{rel}","templated":true}]}}