{"id":2162,"date":"2025-02-23T13:51:11","date_gmt":"2025-02-23T13:51:11","guid":{"rendered":"https:\/\/hueleaazufre.com\/wordpress_a\/?p=2162"},"modified":"2025-02-27T14:51:51","modified_gmt":"2025-02-27T14:51:51","slug":"el-negocio-de-las-armas-y-las-tecnologias-de-la-guerra-en-colombia","status":"publish","type":"post","link":"https:\/\/hueleaazufre.com\/wordpress_a\/index.php\/2025\/02\/23\/el-negocio-de-las-armas-y-las-tecnologias-de-la-guerra-en-colombia\/","title":{"rendered":"El negocio de las armas y las tecnolog\u00edas de la guerra en Colombia"},"content":{"rendered":"<p><span style=\"font-weight: 400;\">Hay verdades que aunque parecen obvias, hay que repetirlas hasta el cansancio, para intentar que se vuelvan parte del conocimiento colectivo, porque solo as\u00ed encontrar\u00e1n los pueblos la consciencia que requiere la lucha por la justicia social, pol\u00edtica, econ\u00f3mica, cultural y hasta ecosist\u00e9mica que cada vez m\u00e1s es una lucha por la vida misma. <\/span><b>Ese fue el empe\u00f1o de Marx y de muchos otros y otras que han dedicado su vida a descifrar la realidad para transformarla.<\/b><\/p>\n<p><span style=\"font-weight: 400;\">Por eso, estas l\u00edneas intentar\u00e1n resumir algunas cosas que podr\u00edan resultar obvias, pero que por las razones anteriormente planteadas hemos repetido en reiteradas ocasiones y lo haremos una vez m\u00e1s: <\/span><b>el capitalismo requiere las econom\u00edas ilegales para sobrevivir a sus crisis, dinamizar permanentemente su econom\u00eda y alimentar mecanismos de acumulaci\u00f3n.<\/b><\/p>\n<p><b>Para leer recuento de la situaci\u00f3n de consumo de estupefacientes y narcotr\u00e1fico en Estados Unidos:<\/b> <a href=\"https:\/\/hueleaazufre.com\/wordpress_a\/index.php\/2025\/02\/15\/claudia-sheinbaum-empiecen-por-su-pais\/\"><span style=\"font-weight: 400;\">Claudia Sheinbaum: \u00abEmpiecen por su pa\u00eds\u201d &#8211;<\/span><\/a><span style=\"font-weight: 400;\">\u00a0<\/span><\/p>\n<blockquote class=\"wp-embedded-content\" data-secret=\"EDiihDCqTr\"><p><a href=\"https:\/\/hueleaazufre.com\/wordpress_a\/index.php\/2025\/02\/15\/claudia-sheinbaum-empiecen-por-su-pais\/\">Claudia Sheinbaum: \u00abEmpiecen por su pa\u00eds\u201d<\/a><\/p><\/blockquote>\n<p><iframe class=\"wp-embedded-content\" sandbox=\"allow-scripts\" security=\"restricted\" style=\"position: absolute; visibility: hidden;\" title=\"\u00abClaudia Sheinbaum: \u00abEmpiecen por su pa\u00eds\u201d\u00bb \u2014 \" src=\"https:\/\/hueleaazufre.com\/wordpress_a\/index.php\/2025\/02\/15\/claudia-sheinbaum-empiecen-por-su-pais\/embed\/#?secret=Va0CgYjFbr#?secret=EDiihDCqTr\" data-secret=\"EDiihDCqTr\" width=\"600\" height=\"338\" frameborder=\"0\" marginwidth=\"0\" marginheight=\"0\" scrolling=\"no\"><\/iframe><\/p>\n<p><b>Esa es la raz\u00f3n por la que cuando un negocio ilegal se cierra aparece otro m\u00e1s lucrativo y din\u00e1mico<\/b><span style=\"font-weight: 400;\">, y explica porqu\u00e9, entre los muchos problemas de la humanidad que no tienen soluci\u00f3n real dentro del capitalismo, hay que destacar al narcotr\u00e1fico y la empresa de la guerra, y dentro de ella, el tr\u00e1fico ilegal de armas. Ambos son lubricantes esenciales del sistema y est\u00e1n directamente relacionados entre s\u00ed.<\/span><\/p>\n<p><span style=\"font-weight: 400;\">Todo pa\u00eds en guerra es un gran mercado de armas y Colombia, es el \u00fanico pa\u00eds de la regi\u00f3n que no ha tenido un d\u00eda de paz desde la llegada de los conquistadores. Entr\u00f3 al siglo XXI en guerra y para agravar la situaci\u00f3n, desde el 2018 ostenta el t\u00edtulo de \u201csocio global de la OTAN\u201d.<\/span><\/p>\n<p><b>A pesar de los discursos negacionistas, este pa\u00eds latinoamericano contin\u00faa viviendo un violento conflicto armado que algunos an\u00e1lisis, ingenuos o parciales, califican como \u201cinterno\u201d <\/b><span style=\"font-weight: 400;\">cuando en realidad, esta guerra es causada, sostenida y alimentada por los grandes capitales mayoritariamente asentados en Estados Unidos de Am\u00e9rica, Israel y Europa, aunque nunca falta quien le eche la culpa a los p\u00e1jaros y empe\u00f1e su palabra en beatificar a las escopetas.\u00a0<\/span><\/p>\n<p><b>Para leer una revisi\u00f3n historiogr\u00e1fica de la adecuaci\u00f3n de la Doctrina Monroe, especialmente en Venezuela:<\/b> <a href=\"https:\/\/hueleaazufre.com\/wordpress_a\/index.php\/2025\/01\/24\/trump-2-0-o-la-doctrina-monroe-reloaded\/\"><span style=\"font-weight: 400;\">Trump 2.0 o la Doctrina Monroe reloaded &#8211;<\/span><\/a><\/p>\n<blockquote class=\"wp-embedded-content\" data-secret=\"klmmArxzVs\"><p><a href=\"https:\/\/hueleaazufre.com\/wordpress_a\/index.php\/2025\/01\/24\/trump-2-0-o-la-doctrina-monroe-reloaded\/\">Trump 2.0 o la Doctrina Monroe reloaded<\/a><\/p><\/blockquote>\n<p><iframe class=\"wp-embedded-content\" sandbox=\"allow-scripts\" security=\"restricted\" style=\"position: absolute; visibility: hidden;\" title=\"\u00abTrump 2.0 o la Doctrina Monroe reloaded\u00bb \u2014 \" src=\"https:\/\/hueleaazufre.com\/wordpress_a\/index.php\/2025\/01\/24\/trump-2-0-o-la-doctrina-monroe-reloaded\/embed\/#?secret=q89OouqArB#?secret=klmmArxzVs\" data-secret=\"klmmArxzVs\" width=\"600\" height=\"338\" frameborder=\"0\" marginwidth=\"0\" marginheight=\"0\" scrolling=\"no\"><\/iframe><\/p>\n<p><span style=\"font-weight: 400;\">Esos que pretenden culpar del narcotr\u00e1fico al campesinado que se ve obligado a sembrar la hoja de coca, son los mismos que culpan al delincuente que compra el arma ilegal para robar al trabajador que vive en la misma terrible pobreza que \u00e9l, pero <\/span><b>lavan la cara de las grandes empresas productoras y vendedoras de armas y tecnolog\u00eda de guerra, a los millonarios due\u00f1os de los bancos que lavan los capitales del tr\u00e1fico ilegal de armas y drogas<\/b><span style=\"font-weight: 400;\">, que en este pa\u00eds como en casi todo el mundo occidental, son tambi\u00e9n due\u00f1os de las grandes corporaciones medi\u00e1ticas que se encargan de ocultar el entramado de estos negocios vitales para el sistema hegem\u00f3nico, as\u00ed como la participaci\u00f3n de los gobiernos y las Fuerzas Militares extranjeras y nacionales.<\/span><\/p>\n<p><span style=\"font-weight: 400;\">A lo largo del siglo XX Colombia se consolid\u00f3 como cabeza de playa del imperialismo, y en las \u00faltimas d\u00e9cadas de esa centuria, tambi\u00e9n se convirti\u00f3 en el epicentro del narcotr\u00e1fico en Nuestra Am\u00e9rica y particularmente en Am\u00e9rica del Sur. Sin embargo, como tambi\u00e9n hemos dicho antes, <\/span><b>la crisis del mundo unipolar, ha significado que los Estados Unidos, como centro del imperio capitalista, relance su Doctrina Monroe sobre el continente y con ello, expanda el narcotr\u00e1fico,<\/b><span style=\"font-weight: 400;\"> el militarismo, el paramilitarismo y todos los negocios asociados con sus compa\u00f1\u00edas militares privadas y de seguridad por todos nuestros pa\u00edses, a los que considera, su patio trasero.\u00a0<\/span><\/p>\n<blockquote>\n<h2><b><i>\u201cPero tambi\u00e9n esas armas y tecnolog\u00edas se utilizan para espiar y atacar a Venezuela en las \u00faltimas dos d\u00e9cadas, realizar atentados en Ecuador y contra Ecuador como el bombardeo en Sucumb\u00edos, y hasta para asesinar presidentes como el haitiano, Jovenel Moise\u201d<\/i><\/b><\/h2>\n<\/blockquote>\n<p><b>Cuando todos estos negocios se expanden, es obvio que tambi\u00e9n se expande, el tr\u00e1fico ilegal de armas<\/b><span style=\"font-weight: 400;\">, el lavado de capitales, y todo el entramado que sirve para garantizar que menos del 1 % de la poblaci\u00f3n siga viviendo a costa del resto y del planeta mismo. Porque el tr\u00e1fico ilegal de armas no s\u00f3lo contribuye a su econom\u00eda sino que es tambi\u00e9n una herramienta para sostener los genocidios que garantizan el poder pol\u00edtico de esa minor\u00eda.<\/span><\/p>\n<p><b>Ese mercado de armas en Colombia, legal e ilegal, se utiliza en primer lugar para asesinar al propio pueblo colombiano<\/b><span style=\"font-weight: 400;\"> sosteniendo un proceso genocida para asegurar el control y el despojo de las riquezas colombianas.\u00a0<\/span><\/p>\n<p><span style=\"font-weight: 400;\">Pablo Casas, director de un estudio que desarrollara la Organizaci\u00f3n de las Naciones Unidas (ONU) sobre el tema en el 2006, dijo al respecto que, \u00abLa violencia en Colombia no es indiscriminada ni generalizada, es altamente selectiva\u00bb. <\/span><b>Esto se debe a que la injerencia estadounidense impuso al pa\u00eds su \u201cdoctrina del enemigo interno\u201d, (ahora actualizada en la \u201cdoctrina militar<\/b> <a href=\"https:\/\/redsalsweden.wordpress.com\/2017\/08\/25\/damasco-en-nuestramerica\/\"><b>Damasco<\/b><\/a><b>\u201d <\/b><span style=\"font-weight: 400;\">en el 2016, como un \u201csistema de amenazas permanente\u201d) que ha fundamentado el nacimiento y crecimiento del paramilitarismo como estrategia imperialista y justificado las reiteradas violaciones de derechos humanos cometidas por la Fuerza P\u00fablica. Pero tambi\u00e9n esas armas y tecnolog\u00edas se utilizan para espiar y atacar a Venezuela en las \u00faltimas dos d\u00e9cadas, realizar atentados en Ecuador y contra Ecuador como el <\/span><a href=\"https:\/\/inredh.org\/bombardeo-en-angostura\/\"><span style=\"font-weight: 400;\">bombardeo<\/span><\/a> <span style=\"font-weight: 400;\">en Sucumb\u00edos, y hasta para asesinar presidentes como el haitiano, Jovenel Moise.<\/span><\/p>\n<p><span style=\"font-weight: 400;\">Grandes empresas trasnacionales de armas y de servicios militares y de seguridad tienen sus principales sucursales latinoamericanas en este pa\u00eds, incluso dentro de bases militares como por ejemplo, Sirkosky, compa\u00f1\u00eda de Looked Martin que vende sus helic\u00f3pteros Black Hawk, equipos y servicios desde la Base de la Fuerza A\u00e9rea ubicada en<\/span> <a href=\"https:\/\/www.prnewswire.com\/news-releases\/sikorsky-colombia-ofrece-soporte-a-los-helicopteros-black-hawk-de-mexico-589491171.html\"><span style=\"font-weight: 400;\">Melgar<\/span><\/a><span style=\"font-weight: 400;\">, Cundinamarca, a clientes de todo el continente. <\/span><b>Lo que se\u00f1alan las cifras de todos los estudios serios es que donde circulan armas legales, circula un n\u00famero mayor de armas ilegales<\/b><span style=\"font-weight: 400;\"> porque entre otras cosas, generan muchas m\u00e1s ganancias a los poderosos mercaderes de la guerra.<\/span><\/p>\n<p><span style=\"font-weight: 400;\">Es imposible calcular el monto exacto del mercado ilegal de armas en Colombia, pero habr\u00eda que comenzar por decir que es el pa\u00eds que m\u00e1s armas y financiamiento para comprarlas, as\u00ed como tecnolog\u00eda de guerra, ha recibido de los Estados Unidos en toda la regi\u00f3n. <\/span><b>Los recursos enviados a Colombia son mil millonarios y muchos ocultos, en parte porque esas \u201cayudas\u201d se usan para lavar capitales de los propios pa\u00edses del Norte<\/b><span style=\"font-weight: 400;\"> y tambi\u00e9n porque ser\u00eda muy dif\u00edcil justificar ante la opini\u00f3n p\u00fablica su necesidad de mantener sumergido en la guerra a este pa\u00eds lleno de riquezas naturales y geoestrat\u00e9gicamente ubicado para controlar Nuestra Am\u00e9rica.<\/span><\/p>\n<p><span style=\"font-weight: 400;\">Seg\u00fan la Direcci\u00f3n Nacional de Planificaci\u00f3n del gobierno colombiano, tan s\u00f3lo el Plan Colombia signific\u00f3 la \u201cinversi\u00f3n\u201d de 9.600 millones de d\u00f3lares por parte de los Estados Unidos, de los cuales el 72 % fue destinado a la Fuerza P\u00fablica. <\/span><b>Cada a\u00f1o el gigante imperialista aprueba montos que rondan los 400 millones de d\u00f3lares para seguir apoyando la militarizaci\u00f3n y paramilitarizaci\u00f3n del pa\u00eds<\/b><span style=\"font-weight: 400;\"> lo que se traduce en genocidio y desplazamiento forzado.<\/span><\/p>\n<p><b>Los principales proveedores de armas del pa\u00eds son Estados Unidos, Israel y Francia.<\/b><span style=\"font-weight: 400;\"> Por lo que circulan en el territorio nacional fundamentalmente armas y tecnolog\u00eda de guerra de estos tres pa\u00edses. Sin embargo, un estudio del 2017 se\u00f1ala que m\u00e1s del 70 % de los homicidios en Colombia se cometen con armas de fuego ilegales procedentes de al menos veinte pa\u00edses.<\/span><\/p>\n<p><b>El narcotr\u00e1fico y el paramilitarismo consumen la mayor parte de esas armas, tambi\u00e9n las compran los grupos insurgentes<\/b><span style=\"font-weight: 400;\"> y por su puesto, los incontables grupos delincuenciales de distinta \u00edndole. Pero ese mercado ilegal de armas tambi\u00e9n nutre al propio Estado, tanto para ejecutar acciones irregulares que involucran a actores regulares de la Fuerza P\u00fablica, como para actividades ilegales realizadas por otras instituciones del Estado.<\/span><\/p>\n<p><span style=\"font-weight: 400;\">Tal es el caso del <\/span><i><span style=\"font-weight: 400;\">software <\/span><\/i><span style=\"font-weight: 400;\">esp\u00eda de fabricaci\u00f3n israel\u00ed llamad<\/span><span style=\"font-weight: 400;\">o<\/span> <a href=\"https:\/\/www.youtube.com\/watch?v=pK9z8b_3bWo&amp;t=28s\"><span style=\"font-weight: 400;\">\u201cPegasus\u201d<\/span><\/a><span style=\"font-weight: 400;\"> que seg\u00fan evidencias recientes, fue comprado en el a\u00f1o 2021, con 11 millones de d\u00f3lares inorg\u00e1nicos, en efectivo, presumiblemente provenientes de narcotr\u00e1fico (aunque luego el propio Joe Biden se hizo cargo del gasto), en un avi\u00f3n, sin dejar ning\u00fan tipo de rastro de la transacci\u00f3n. <\/span><b>El negocio fue hecho por el gobierno de Iv\u00e1n Duque, pero es s\u00f3lo una muestra de c\u00f3mo ese mercado ilegal tambi\u00e9n es usado por las fuerzas legales de un Estado represor y genocida.<\/b><\/p>\n<p><span style=\"font-weight: 400;\">Coinciden en Colombia las causales comunes de este mercado en el mundo: excedentes de otras guerras, robos de arsenales de este u otros pa\u00edses, pero tambi\u00e9n las ventas directas de empresas de seguridad privada y de empresas legalmente registradas. Lo que se evita mencionar en los estudios oficiales es el incalculable n\u00famero de armas y tecnolog\u00eda b\u00e9lica que han sido vendidos directamente por militares activos.<\/span><\/p>\n<p class=\"western\" align=\"justify\"><b>Tan s\u00f3lo en el 2024 fueron capturados tres suboficiales que seg\u00fan estim\u00f3 la Fiscal\u00eda, obten\u00edan ingresos anuales de m\u00e1s de 300 mil d\u00f3lares por la venta ilegal de armas y municiones<\/b><span style=\"font-weight: 400;\">. Casos muy similares se han presentado durante todos los gobiernos, lo que indica que es una actividad sistem\u00e1tica y que muy probablemente quienes han sido capturados hasta ahora son apenas la punta del iceberg, un peque\u00f1o eslab\u00f3n de la cadena.<\/span><\/p>\n<p><img fetchpriority=\"high\" decoding=\"async\" class=\"wp-image-2163 alignleft\" src=\"https:\/\/hueleaazufre.com\/wordpress_a\/wp-content\/uploads\/2025\/02\/Cuadro-armas-ilegales-241x300.jpg\" alt=\"\" width=\"479\" height=\"596\" srcset=\"https:\/\/hueleaazufre.com\/wordpress_a\/wp-content\/uploads\/2025\/02\/Cuadro-armas-ilegales-241x300.jpg 241w, https:\/\/hueleaazufre.com\/wordpress_a\/wp-content\/uploads\/2025\/02\/Cuadro-armas-ilegales.jpg 419w\" sizes=\"(max-width: 479px) 100vw, 479px\" \/><\/p>\n<p>&nbsp;<\/p>\n<p>&nbsp;<\/p>\n<p>&nbsp;<\/p>\n<p>&nbsp;<\/p>\n<p>&nbsp;<\/p>\n<p>&nbsp;<\/p>\n<p>&nbsp;<\/p>\n<p>&nbsp;<\/p>\n<p>&nbsp;<\/p>\n<p>&nbsp;<\/p>\n<p>&nbsp;<\/p>\n<p>&nbsp;<\/p>\n<p>&nbsp;<\/p>\n<p>&nbsp;<\/p>\n<p>&nbsp;<\/p>\n<p>&nbsp;<\/p>\n<p><span style=\"font-weight: 400;\">El negocio es tan pr\u00f3spero que en el a\u00f1o 2006, por ejemplo, Antonio Mar\u00eda Costa, director ejecutivo de la Oficina de las Naciones Unidas contra la Droga y el Delito (ONUDD), inst\u00f3 al gobierno colombiano a \u201cfortalecer el control de armas endureciendo los castigos para el tr\u00e1fico y portaci\u00f3n ilegal\u201d.<\/span><\/p>\n<p><span style=\"font-weight: 400;\">Mientras el narcotr\u00e1fico y la siembra de coca tiene una tendencia sostenida al crecimiento dentro del territorio colombiano que se mueve entre el 10 y el 50 % anual desde la d\u00e9cada de los 90 seg\u00fan las cifras de la ONUDD, es l\u00f3gico pensar que el tr\u00e1fico de armas ha tenido un aumento proporcional.<\/span><\/p>\n<p><span style=\"font-weight: 400;\">Si se observa el<\/span>  <span style=\"font-weight: 400;\">adjunto, por ejemplo, podr\u00e1 notarse que el n\u00famero de armas ilegales en Colombia pas\u00f3 del 5.4 % en 1994 al 8.6 % en 2017. Bas\u00e1ndonos en esas \u00faltimas cifras y suponiendo que una sola persona pueda tener de una a dos armas ilegales, podr\u00edamos pensar que <\/span><b>actualmente de los m\u00e1s de 53 millones de habitantes, entre 2.2 millones y 4.5 millones de personas poseen armas ilegales. <\/b><span style=\"font-weight: 400;\">Una cifra que devela lo que las corporaciones medi\u00e1ticas tratan de ocultar: Colombia vive la guerra m\u00e1s cruenta del continente y a los grandes poderes econ\u00f3micos no les interesa verla en Paz porque para ellos, la muerte no es m\u00e1s que un negocio imprescindible para sostener el sistema capitalista.<\/span><\/p>\n<p><span style=\"font-weight: 400;\">As\u00ed lo definimos junto a Olimpo C\u00e1rdenas Delgado en un libro que estamos escribiendo en coautor\u00eda y que a\u00fan se encuentra en proceso de edici\u00f3n.<\/span><\/p>\n<p><b>Autora: Mar\u00eda Fernanda Barreto\/ Nodal<\/b><\/p>\n<p><b><i>Para leer este art\u00edculo en su fuente original: <\/i><\/b><a href=\"https:\/\/www.nodal.am\/2025\/02\/el-negocio-de-las-armas-y-las-tecnologias-de-la-guerra-en-colombia-por-maria-fernanda-barreto\/\"><i><span style=\"font-weight: 400;\">El negocio de las armas y las tecnolog\u00edas de la guerra en Colombia &#8211; Por Mar\u00eda Fernanda Barreto \u2013 NODAL<\/span><\/i><\/a><\/p>\n<p>&nbsp;<\/p>\n<div id=\"sdendnote1\">\n<p class=\"sdendnote-western\">\n<\/div>\n","protected":false},"excerpt":{"rendered":"<p>Hay verdades que aunque parecen obvias, hay que repetirlas hasta el cansancio, para intentar que&#8230;<\/p>\n","protected":false},"author":1,"featured_media":2166,"comment_status":"open","ping_status":"closed","sticky":false,"template":"","format":"standard","meta":{"footnotes":""},"categories":[1],"tags":[645,647,648,646,174],"class_list":["post-2162","post","type-post","status-publish","format-standard","has-post-thumbnail","hentry","category-maria-fernanda-barreto","tag-armas","tag-armasilegales","tag-negociosilegales","tag-onudd","tag-capitalismo"],"yoast_head":"<!-- This site is optimized with the Yoast SEO plugin v27.5 - https:\/\/yoast.com\/product\/yoast-seo-wordpress\/ -->\n<title>El negocio de las armas y las tecnolog\u00edas de la guerra en Colombia -<\/title>\n<meta name=\"description\" content=\"El negocio. Hay verdades que aunque parecen obvias, hay que repetirlas hasta el cansancio, para intentar que se vuelvan parte del conocimiento colectivo.\" \/>\n<meta name=\"robots\" content=\"index, follow, max-snippet:-1, max-image-preview:large, max-video-preview:-1\" \/>\n<link rel=\"canonical\" href=\"https:\/\/hueleaazufre.com\/wordpress_a\/index.php\/2025\/02\/23\/el-negocio-de-las-armas-y-las-tecnologias-de-la-guerra-en-colombia\/\" \/>\n<meta property=\"og:locale\" content=\"es_ES\" \/>\n<meta property=\"og:type\" content=\"article\" \/>\n<meta property=\"og:title\" content=\"El negocio de las armas y las tecnolog\u00edas de la guerra en Colombia -\" \/>\n<meta property=\"og:description\" content=\"El negocio. Hay verdades que aunque parecen obvias, hay que repetirlas hasta el cansancio, para intentar que se vuelvan parte del conocimiento colectivo.\" \/>\n<meta property=\"og:url\" content=\"https:\/\/hueleaazufre.com\/wordpress_a\/index.php\/2025\/02\/23\/el-negocio-de-las-armas-y-las-tecnologias-de-la-guerra-en-colombia\/\" \/>\n<meta property=\"article:published_time\" content=\"2025-02-23T13:51:11+00:00\" \/>\n<meta property=\"article:modified_time\" content=\"2025-02-27T14:51:51+00:00\" \/>\n<meta property=\"og:image\" content=\"https:\/\/hueleaazufre.com\/wordpress_a\/wp-content\/uploads\/2025\/02\/armasenColombia.jpg\" \/>\n\t<meta property=\"og:image:width\" content=\"512\" \/>\n\t<meta property=\"og:image:height\" content=\"384\" \/>\n\t<meta property=\"og:image:type\" content=\"image\/jpeg\" \/>\n<meta name=\"author\" content=\"Huele a azufre\" \/>\n<meta name=\"twitter:card\" content=\"summary_large_image\" \/>\n<meta name=\"twitter:label1\" content=\"Escrito por\" \/>\n\t<meta name=\"twitter:data1\" content=\"Huele a azufre\" \/>\n\t<meta name=\"twitter:label2\" content=\"Tiempo de lectura\" \/>\n\t<meta name=\"twitter:data2\" content=\"9 minutos\" \/>\n<script type=\"application\/ld+json\" class=\"yoast-schema-graph\">{\"@context\":\"https:\\\/\\\/schema.org\",\"@graph\":[{\"@type\":\"Article\",\"@id\":\"https:\\\/\\\/hueleaazufre.com\\\/wordpress_a\\\/index.php\\\/2025\\\/02\\\/23\\\/el-negocio-de-las-armas-y-las-tecnologias-de-la-guerra-en-colombia\\\/#article\",\"isPartOf\":{\"@id\":\"https:\\\/\\\/hueleaazufre.com\\\/wordpress_a\\\/index.php\\\/2025\\\/02\\\/23\\\/el-negocio-de-las-armas-y-las-tecnologias-de-la-guerra-en-colombia\\\/\"},\"author\":{\"name\":\"Huele a azufre\",\"@id\":\"https:\\\/\\\/hueleaazufre.com\\\/wordpress_a\\\/#\\\/schema\\\/person\\\/549dd871707ea7f9f1a686323ebe9baa\"},\"headline\":\"El negocio de las armas y las tecnolog\u00edas de la guerra en Colombia\",\"datePublished\":\"2025-02-23T13:51:11+00:00\",\"dateModified\":\"2025-02-27T14:51:51+00:00\",\"mainEntityOfPage\":{\"@id\":\"https:\\\/\\\/hueleaazufre.com\\\/wordpress_a\\\/index.php\\\/2025\\\/02\\\/23\\\/el-negocio-de-las-armas-y-las-tecnologias-de-la-guerra-en-colombia\\\/\"},\"wordCount\":1981,\"commentCount\":0,\"image\":{\"@id\":\"https:\\\/\\\/hueleaazufre.com\\\/wordpress_a\\\/index.php\\\/2025\\\/02\\\/23\\\/el-negocio-de-las-armas-y-las-tecnologias-de-la-guerra-en-colombia\\\/#primaryimage\"},\"thumbnailUrl\":\"https:\\\/\\\/hueleaazufre.com\\\/wordpress_a\\\/wp-content\\\/uploads\\\/2025\\\/02\\\/armasenColombia.jpg\",\"keywords\":[\"#Armas\",\"#Armasilegales\",\"#Negociosilegales\",\"#ONUDD\",\"capitalismo\"],\"articleSection\":[\"Mar\u00eda Fernanda Barreto\"],\"inLanguage\":\"es\",\"potentialAction\":[{\"@type\":\"CommentAction\",\"name\":\"Comment\",\"target\":[\"https:\\\/\\\/hueleaazufre.com\\\/wordpress_a\\\/index.php\\\/2025\\\/02\\\/23\\\/el-negocio-de-las-armas-y-las-tecnologias-de-la-guerra-en-colombia\\\/#respond\"]}]},{\"@type\":\"WebPage\",\"@id\":\"https:\\\/\\\/hueleaazufre.com\\\/wordpress_a\\\/index.php\\\/2025\\\/02\\\/23\\\/el-negocio-de-las-armas-y-las-tecnologias-de-la-guerra-en-colombia\\\/\",\"url\":\"https:\\\/\\\/hueleaazufre.com\\\/wordpress_a\\\/index.php\\\/2025\\\/02\\\/23\\\/el-negocio-de-las-armas-y-las-tecnologias-de-la-guerra-en-colombia\\\/\",\"name\":\"El negocio de las armas y las tecnolog\u00edas de la guerra en Colombia -\",\"isPartOf\":{\"@id\":\"https:\\\/\\\/hueleaazufre.com\\\/wordpress_a\\\/#website\"},\"primaryImageOfPage\":{\"@id\":\"https:\\\/\\\/hueleaazufre.com\\\/wordpress_a\\\/index.php\\\/2025\\\/02\\\/23\\\/el-negocio-de-las-armas-y-las-tecnologias-de-la-guerra-en-colombia\\\/#primaryimage\"},\"image\":{\"@id\":\"https:\\\/\\\/hueleaazufre.com\\\/wordpress_a\\\/index.php\\\/2025\\\/02\\\/23\\\/el-negocio-de-las-armas-y-las-tecnologias-de-la-guerra-en-colombia\\\/#primaryimage\"},\"thumbnailUrl\":\"https:\\\/\\\/hueleaazufre.com\\\/wordpress_a\\\/wp-content\\\/uploads\\\/2025\\\/02\\\/armasenColombia.jpg\",\"datePublished\":\"2025-02-23T13:51:11+00:00\",\"dateModified\":\"2025-02-27T14:51:51+00:00\",\"author\":{\"@id\":\"https:\\\/\\\/hueleaazufre.com\\\/wordpress_a\\\/#\\\/schema\\\/person\\\/549dd871707ea7f9f1a686323ebe9baa\"},\"description\":\"El negocio. Hay verdades que aunque parecen obvias, hay que repetirlas hasta el cansancio, para intentar que se vuelvan parte del conocimiento colectivo.\",\"breadcrumb\":{\"@id\":\"https:\\\/\\\/hueleaazufre.com\\\/wordpress_a\\\/index.php\\\/2025\\\/02\\\/23\\\/el-negocio-de-las-armas-y-las-tecnologias-de-la-guerra-en-colombia\\\/#breadcrumb\"},\"inLanguage\":\"es\",\"potentialAction\":[{\"@type\":\"ReadAction\",\"target\":[\"https:\\\/\\\/hueleaazufre.com\\\/wordpress_a\\\/index.php\\\/2025\\\/02\\\/23\\\/el-negocio-de-las-armas-y-las-tecnologias-de-la-guerra-en-colombia\\\/\"]}]},{\"@type\":\"ImageObject\",\"inLanguage\":\"es\",\"@id\":\"https:\\\/\\\/hueleaazufre.com\\\/wordpress_a\\\/index.php\\\/2025\\\/02\\\/23\\\/el-negocio-de-las-armas-y-las-tecnologias-de-la-guerra-en-colombia\\\/#primaryimage\",\"url\":\"https:\\\/\\\/hueleaazufre.com\\\/wordpress_a\\\/wp-content\\\/uploads\\\/2025\\\/02\\\/armasenColombia.jpg\",\"contentUrl\":\"https:\\\/\\\/hueleaazufre.com\\\/wordpress_a\\\/wp-content\\\/uploads\\\/2025\\\/02\\\/armasenColombia.jpg\",\"width\":512,\"height\":384,\"caption\":\"negocio\"},{\"@type\":\"BreadcrumbList\",\"@id\":\"https:\\\/\\\/hueleaazufre.com\\\/wordpress_a\\\/index.php\\\/2025\\\/02\\\/23\\\/el-negocio-de-las-armas-y-las-tecnologias-de-la-guerra-en-colombia\\\/#breadcrumb\",\"itemListElement\":[{\"@type\":\"ListItem\",\"position\":1,\"name\":\"Portada\",\"item\":\"https:\\\/\\\/hueleaazufre.com\\\/wordpress_a\\\/\"},{\"@type\":\"ListItem\",\"position\":2,\"name\":\"El negocio de las armas y las tecnolog\u00edas de la guerra en Colombia\"}]},{\"@type\":\"WebSite\",\"@id\":\"https:\\\/\\\/hueleaazufre.com\\\/wordpress_a\\\/#website\",\"url\":\"https:\\\/\\\/hueleaazufre.com\\\/wordpress_a\\\/\",\"name\":\"\",\"description\":\"Huele a azufre es una plataforma digital de an\u00e1lisis geopol\u00edtico.\",\"potentialAction\":[{\"@type\":\"SearchAction\",\"target\":{\"@type\":\"EntryPoint\",\"urlTemplate\":\"https:\\\/\\\/hueleaazufre.com\\\/wordpress_a\\\/?s={search_term_string}\"},\"query-input\":{\"@type\":\"PropertyValueSpecification\",\"valueRequired\":true,\"valueName\":\"search_term_string\"}}],\"inLanguage\":\"es\"},{\"@type\":\"Person\",\"@id\":\"https:\\\/\\\/hueleaazufre.com\\\/wordpress_a\\\/#\\\/schema\\\/person\\\/549dd871707ea7f9f1a686323ebe9baa\",\"name\":\"Huele a azufre\",\"image\":{\"@type\":\"ImageObject\",\"inLanguage\":\"es\",\"@id\":\"https:\\\/\\\/secure.gravatar.com\\\/avatar\\\/e972d5c124b9bf80eb4c9d322a90dd86a59d447f5da36700a77516f13637d44e?s=96&d=mm&r=g\",\"url\":\"https:\\\/\\\/secure.gravatar.com\\\/avatar\\\/e972d5c124b9bf80eb4c9d322a90dd86a59d447f5da36700a77516f13637d44e?s=96&d=mm&r=g\",\"contentUrl\":\"https:\\\/\\\/secure.gravatar.com\\\/avatar\\\/e972d5c124b9bf80eb4c9d322a90dd86a59d447f5da36700a77516f13637d44e?s=96&d=mm&r=g\",\"caption\":\"Huele a azufre\"},\"description\":\"Huele a azufre es una plataforma digital de an\u00e1lisis geopol\u00edtico\u00a0 contrahegem\u00f3nico, que busca visibilizar las voces y los discursos silenciados por el poder medi\u00e1tico.\",\"sameAs\":[\"https:\\\/\\\/hueleaazufre.com\\\/wordpress_a\"],\"url\":\"https:\\\/\\\/hueleaazufre.com\\\/wordpress_a\\\/index.php\\\/author\\\/admin_tupapa\\\/\"}]}<\/script>\n<!-- \/ Yoast SEO plugin. -->","yoast_head_json":{"title":"El negocio de las armas y las tecnolog\u00edas de la guerra en Colombia -","description":"El negocio. Hay verdades que aunque parecen obvias, hay que repetirlas hasta el cansancio, para intentar que se vuelvan parte del conocimiento colectivo.","robots":{"index":"index","follow":"follow","max-snippet":"max-snippet:-1","max-image-preview":"max-image-preview:large","max-video-preview":"max-video-preview:-1"},"canonical":"https:\/\/hueleaazufre.com\/wordpress_a\/index.php\/2025\/02\/23\/el-negocio-de-las-armas-y-las-tecnologias-de-la-guerra-en-colombia\/","og_locale":"es_ES","og_type":"article","og_title":"El negocio de las armas y las tecnolog\u00edas de la guerra en Colombia -","og_description":"El negocio. Hay verdades que aunque parecen obvias, hay que repetirlas hasta el cansancio, para intentar que se vuelvan parte del conocimiento colectivo.","og_url":"https:\/\/hueleaazufre.com\/wordpress_a\/index.php\/2025\/02\/23\/el-negocio-de-las-armas-y-las-tecnologias-de-la-guerra-en-colombia\/","article_published_time":"2025-02-23T13:51:11+00:00","article_modified_time":"2025-02-27T14:51:51+00:00","og_image":[{"width":512,"height":384,"url":"https:\/\/hueleaazufre.com\/wordpress_a\/wp-content\/uploads\/2025\/02\/armasenColombia.jpg","type":"image\/jpeg"}],"author":"Huele a azufre","twitter_card":"summary_large_image","twitter_misc":{"Escrito por":"Huele a azufre","Tiempo de lectura":"9 minutos"},"schema":{"@context":"https:\/\/schema.org","@graph":[{"@type":"Article","@id":"https:\/\/hueleaazufre.com\/wordpress_a\/index.php\/2025\/02\/23\/el-negocio-de-las-armas-y-las-tecnologias-de-la-guerra-en-colombia\/#article","isPartOf":{"@id":"https:\/\/hueleaazufre.com\/wordpress_a\/index.php\/2025\/02\/23\/el-negocio-de-las-armas-y-las-tecnologias-de-la-guerra-en-colombia\/"},"author":{"name":"Huele a azufre","@id":"https:\/\/hueleaazufre.com\/wordpress_a\/#\/schema\/person\/549dd871707ea7f9f1a686323ebe9baa"},"headline":"El negocio de las armas y las tecnolog\u00edas de la guerra en Colombia","datePublished":"2025-02-23T13:51:11+00:00","dateModified":"2025-02-27T14:51:51+00:00","mainEntityOfPage":{"@id":"https:\/\/hueleaazufre.com\/wordpress_a\/index.php\/2025\/02\/23\/el-negocio-de-las-armas-y-las-tecnologias-de-la-guerra-en-colombia\/"},"wordCount":1981,"commentCount":0,"image":{"@id":"https:\/\/hueleaazufre.com\/wordpress_a\/index.php\/2025\/02\/23\/el-negocio-de-las-armas-y-las-tecnologias-de-la-guerra-en-colombia\/#primaryimage"},"thumbnailUrl":"https:\/\/hueleaazufre.com\/wordpress_a\/wp-content\/uploads\/2025\/02\/armasenColombia.jpg","keywords":["#Armas","#Armasilegales","#Negociosilegales","#ONUDD","capitalismo"],"articleSection":["Mar\u00eda Fernanda Barreto"],"inLanguage":"es","potentialAction":[{"@type":"CommentAction","name":"Comment","target":["https:\/\/hueleaazufre.com\/wordpress_a\/index.php\/2025\/02\/23\/el-negocio-de-las-armas-y-las-tecnologias-de-la-guerra-en-colombia\/#respond"]}]},{"@type":"WebPage","@id":"https:\/\/hueleaazufre.com\/wordpress_a\/index.php\/2025\/02\/23\/el-negocio-de-las-armas-y-las-tecnologias-de-la-guerra-en-colombia\/","url":"https:\/\/hueleaazufre.com\/wordpress_a\/index.php\/2025\/02\/23\/el-negocio-de-las-armas-y-las-tecnologias-de-la-guerra-en-colombia\/","name":"El negocio de las armas y las tecnolog\u00edas de la guerra en Colombia -","isPartOf":{"@id":"https:\/\/hueleaazufre.com\/wordpress_a\/#website"},"primaryImageOfPage":{"@id":"https:\/\/hueleaazufre.com\/wordpress_a\/index.php\/2025\/02\/23\/el-negocio-de-las-armas-y-las-tecnologias-de-la-guerra-en-colombia\/#primaryimage"},"image":{"@id":"https:\/\/hueleaazufre.com\/wordpress_a\/index.php\/2025\/02\/23\/el-negocio-de-las-armas-y-las-tecnologias-de-la-guerra-en-colombia\/#primaryimage"},"thumbnailUrl":"https:\/\/hueleaazufre.com\/wordpress_a\/wp-content\/uploads\/2025\/02\/armasenColombia.jpg","datePublished":"2025-02-23T13:51:11+00:00","dateModified":"2025-02-27T14:51:51+00:00","author":{"@id":"https:\/\/hueleaazufre.com\/wordpress_a\/#\/schema\/person\/549dd871707ea7f9f1a686323ebe9baa"},"description":"El negocio. Hay verdades que aunque parecen obvias, hay que repetirlas hasta el cansancio, para intentar que se vuelvan parte del conocimiento colectivo.","breadcrumb":{"@id":"https:\/\/hueleaazufre.com\/wordpress_a\/index.php\/2025\/02\/23\/el-negocio-de-las-armas-y-las-tecnologias-de-la-guerra-en-colombia\/#breadcrumb"},"inLanguage":"es","potentialAction":[{"@type":"ReadAction","target":["https:\/\/hueleaazufre.com\/wordpress_a\/index.php\/2025\/02\/23\/el-negocio-de-las-armas-y-las-tecnologias-de-la-guerra-en-colombia\/"]}]},{"@type":"ImageObject","inLanguage":"es","@id":"https:\/\/hueleaazufre.com\/wordpress_a\/index.php\/2025\/02\/23\/el-negocio-de-las-armas-y-las-tecnologias-de-la-guerra-en-colombia\/#primaryimage","url":"https:\/\/hueleaazufre.com\/wordpress_a\/wp-content\/uploads\/2025\/02\/armasenColombia.jpg","contentUrl":"https:\/\/hueleaazufre.com\/wordpress_a\/wp-content\/uploads\/2025\/02\/armasenColombia.jpg","width":512,"height":384,"caption":"negocio"},{"@type":"BreadcrumbList","@id":"https:\/\/hueleaazufre.com\/wordpress_a\/index.php\/2025\/02\/23\/el-negocio-de-las-armas-y-las-tecnologias-de-la-guerra-en-colombia\/#breadcrumb","itemListElement":[{"@type":"ListItem","position":1,"name":"Portada","item":"https:\/\/hueleaazufre.com\/wordpress_a\/"},{"@type":"ListItem","position":2,"name":"El negocio de las armas y las tecnolog\u00edas de la guerra en Colombia"}]},{"@type":"WebSite","@id":"https:\/\/hueleaazufre.com\/wordpress_a\/#website","url":"https:\/\/hueleaazufre.com\/wordpress_a\/","name":"","description":"Huele a azufre es una plataforma digital de an\u00e1lisis geopol\u00edtico.","potentialAction":[{"@type":"SearchAction","target":{"@type":"EntryPoint","urlTemplate":"https:\/\/hueleaazufre.com\/wordpress_a\/?s={search_term_string}"},"query-input":{"@type":"PropertyValueSpecification","valueRequired":true,"valueName":"search_term_string"}}],"inLanguage":"es"},{"@type":"Person","@id":"https:\/\/hueleaazufre.com\/wordpress_a\/#\/schema\/person\/549dd871707ea7f9f1a686323ebe9baa","name":"Huele a azufre","image":{"@type":"ImageObject","inLanguage":"es","@id":"https:\/\/secure.gravatar.com\/avatar\/e972d5c124b9bf80eb4c9d322a90dd86a59d447f5da36700a77516f13637d44e?s=96&d=mm&r=g","url":"https:\/\/secure.gravatar.com\/avatar\/e972d5c124b9bf80eb4c9d322a90dd86a59d447f5da36700a77516f13637d44e?s=96&d=mm&r=g","contentUrl":"https:\/\/secure.gravatar.com\/avatar\/e972d5c124b9bf80eb4c9d322a90dd86a59d447f5da36700a77516f13637d44e?s=96&d=mm&r=g","caption":"Huele a azufre"},"description":"Huele a azufre es una plataforma digital de an\u00e1lisis geopol\u00edtico\u00a0 contrahegem\u00f3nico, que busca visibilizar las voces y los discursos silenciados por el poder medi\u00e1tico.","sameAs":["https:\/\/hueleaazufre.com\/wordpress_a"],"url":"https:\/\/hueleaazufre.com\/wordpress_a\/index.php\/author\/admin_tupapa\/"}]}},"_links":{"self":[{"href":"https:\/\/hueleaazufre.com\/wordpress_a\/index.php\/wp-json\/wp\/v2\/posts\/2162","targetHints":{"allow":["GET"]}}],"collection":[{"href":"https:\/\/hueleaazufre.com\/wordpress_a\/index.php\/wp-json\/wp\/v2\/posts"}],"about":[{"href":"https:\/\/hueleaazufre.com\/wordpress_a\/index.php\/wp-json\/wp\/v2\/types\/post"}],"author":[{"embeddable":true,"href":"https:\/\/hueleaazufre.com\/wordpress_a\/index.php\/wp-json\/wp\/v2\/users\/1"}],"replies":[{"embeddable":true,"href":"https:\/\/hueleaazufre.com\/wordpress_a\/index.php\/wp-json\/wp\/v2\/comments?post=2162"}],"version-history":[{"count":5,"href":"https:\/\/hueleaazufre.com\/wordpress_a\/index.php\/wp-json\/wp\/v2\/posts\/2162\/revisions"}],"predecessor-version":[{"id":2172,"href":"https:\/\/hueleaazufre.com\/wordpress_a\/index.php\/wp-json\/wp\/v2\/posts\/2162\/revisions\/2172"}],"wp:featuredmedia":[{"embeddable":true,"href":"https:\/\/hueleaazufre.com\/wordpress_a\/index.php\/wp-json\/wp\/v2\/media\/2166"}],"wp:attachment":[{"href":"https:\/\/hueleaazufre.com\/wordpress_a\/index.php\/wp-json\/wp\/v2\/media?parent=2162"}],"wp:term":[{"taxonomy":"category","embeddable":true,"href":"https:\/\/hueleaazufre.com\/wordpress_a\/index.php\/wp-json\/wp\/v2\/categories?post=2162"},{"taxonomy":"post_tag","embeddable":true,"href":"https:\/\/hueleaazufre.com\/wordpress_a\/index.php\/wp-json\/wp\/v2\/tags?post=2162"}],"curies":[{"name":"wp","href":"https:\/\/api.w.org\/{rel}","templated":true}]}}