{"id":2188,"date":"2025-03-04T16:59:46","date_gmt":"2025-03-04T16:59:46","guid":{"rendered":"https:\/\/hueleaazufre.com\/wordpress_a\/?p=2188"},"modified":"2025-03-04T16:59:46","modified_gmt":"2025-03-04T16:59:46","slug":"ucrania-y-los-chacales","status":"publish","type":"post","link":"https:\/\/hueleaazufre.com\/wordpress_a\/index.php\/2025\/03\/04\/ucrania-y-los-chacales\/","title":{"rendered":"Ucrania y los chacales"},"content":{"rendered":"<p><b>Este 24 de febrero se cumpli\u00f3 el tercer a\u00f1o del inicio de la Operaci\u00f3n Militar Especial rusa en Ucrania.<\/b><span style=\"font-weight: 400;\"> Decenas de miles de muertos despu\u00e9s, la guerra parece estarse acercando a sus acordes finales, en la medida en que el principal aliado, impulsor y financista del lado ucraniano, <\/span><b>los Estados Unidos, parecen estar verificando bajo el gobierno de Donald Trump un giro radical en su posici\u00f3n en torno al conflicto.<\/b><\/p>\n<p><span style=\"font-weight: 400;\">En esta hora, la devastada Ucrania, sobre cuyo suelo se ha librado principalmente el conflicto, comprueba con amargura hacia d\u00f3nde la ha llevado la intromisi\u00f3n occidental en su suerte. Desde el Euromaidan en 2014, que llev\u00f3 al derrocamiento del presidente V\u00edctor Yanukovich, considerado en los c\u00edrculos pol\u00edticos occidentales como pro-ruso, <\/span><b>el pa\u00eds ha visto como el entreguismo de sus \u00e9lites y la intromisi\u00f3n extranjera han acelerado la confrontaci\u00f3n interna y el enfrentamiento con Rusia.<\/b><\/p>\n<p><b>Para leer sobre la dependencia de las refiner\u00edas en Estados Unidos de las importaciones petroleras de crudo pesado y extrapesado:<\/b> <a href=\"https:\/\/hueleaazufre.com\/wordpress_a\/index.php\/2025\/03\/01\/chevron-el-dano-autoinfligido-de-ee-uu\/\"><span style=\"font-weight: 400;\">El da\u00f1o autoinfligido de EE. UU. por la revocaci\u00f3n de la licencia a Chevron &#8211;<\/span><\/a><\/p>\n<blockquote class=\"wp-embedded-content\" data-secret=\"MoIK7IrYyG\"><p><a href=\"https:\/\/hueleaazufre.com\/wordpress_a\/index.php\/2025\/03\/01\/chevron-el-dano-autoinfligido-de-ee-uu\/\">El da\u00f1o autoinfligido de EE. UU. por la revocaci\u00f3n de la licencia a Chevron<\/a><\/p><\/blockquote>\n<p><iframe class=\"wp-embedded-content\" sandbox=\"allow-scripts\" security=\"restricted\" style=\"position: absolute; visibility: hidden;\" title=\"\u00abEl da\u00f1o autoinfligido de EE. UU. por la revocaci\u00f3n de la licencia a Chevron\u00bb \u2014 \" src=\"https:\/\/hueleaazufre.com\/wordpress_a\/index.php\/2025\/03\/01\/chevron-el-dano-autoinfligido-de-ee-uu\/embed\/#?secret=K5rsVEqv9S#?secret=MoIK7IrYyG\" data-secret=\"MoIK7IrYyG\" width=\"600\" height=\"338\" frameborder=\"0\" marginwidth=\"0\" marginheight=\"0\" scrolling=\"no\"><\/iframe><\/p>\n<p><span style=\"font-weight: 400;\">Con total cinismo, pol\u00edticos como Victoria Nuland o la excanciller alemana Angela Merkel han reconocido en el pasado sus esfuerzos por tensar las relaciones con Rusia y, una vez iniciado el conflicto, su presi\u00f3n sobre Kiev para detener los di\u00e1logos de paz en Minsk.\u00a0<\/span><\/p>\n<p><span style=\"font-weight: 400;\">El ex premier brit\u00e1nico, Boris Johnson, quien en su momento jug\u00f3 un papel cr\u00edtico en la decisi\u00f3n de Kiev de continuar y profundizar la guerra, se da el lujo de volver por estos d\u00edas a la capital ucraniana e incluso dar consejos: a Ucrania, aceptar el acuerdo de minerales propuesto por Estados Unidos y a Londres y otras potencias europeas enviar tropas a Ucrania \u201cpara brindar una sensaci\u00f3n de seguridad y tranquilidad a los ucranianos en el contexto de ese acuerdo de paz\u201d.<\/span><\/p>\n<p><b>Para leer una revisi\u00f3n de la balanza entre China, EE. UU. y Rusia:<\/b> <a href=\"https:\/\/hueleaazufre.com\/wordpress_a\/index.php\/2025\/02\/27\/de-bruselas-a-riad-ocho-dias-que-estremecieron-el-mundo-ii\/\"><span style=\"font-weight: 400;\">De Bruselas a Riad, pasando por M\u00fanich: Ocho d\u00edas que estremecieron el mundo (II) &#8211;<\/span><\/a><\/p>\n<blockquote class=\"wp-embedded-content\" data-secret=\"CYGv4Hhdzo\"><p><a href=\"https:\/\/hueleaazufre.com\/wordpress_a\/index.php\/2025\/02\/27\/de-bruselas-a-riad-ocho-dias-que-estremecieron-el-mundo-ii\/\">De Bruselas a Riad, pasando por M\u00fanich: Ocho d\u00edas que estremecieron el mundo (II)<\/a><\/p><\/blockquote>\n<p><iframe class=\"wp-embedded-content\" sandbox=\"allow-scripts\" security=\"restricted\" style=\"position: absolute; visibility: hidden;\" title=\"\u00abDe Bruselas a Riad, pasando por M\u00fanich: Ocho d\u00edas que estremecieron el mundo (II)\u00bb \u2014 \" src=\"https:\/\/hueleaazufre.com\/wordpress_a\/index.php\/2025\/02\/27\/de-bruselas-a-riad-ocho-dias-que-estremecieron-el-mundo-ii\/embed\/#?secret=Dd0XqtUYKj#?secret=CYGv4Hhdzo\" data-secret=\"CYGv4Hhdzo\" width=\"600\" height=\"338\" frameborder=\"0\" marginwidth=\"0\" marginheight=\"0\" scrolling=\"no\"><\/iframe><\/p>\n<p><span style=\"font-weight: 400;\">Recientemente el medio <\/span><i><span style=\"font-weight: 400;\">Wikileaks <\/span><\/i><span style=\"font-weight: 400;\">confirm\u00f3 lo que ya todas y todos sab\u00edamos. <\/span><b>Occidente era perfectamente consciente de que acercar a Ucrania a la Organizaci\u00f3n del Tratado del Atl\u00e1ntico Norte (OTAN) podr\u00eda causar una guerra con Mosc\u00fa.<\/b><span style=\"font-weight: 400;\"> Un an\u00e1lisis de los cables emitidos por los embajadores de las principales potencias occidentales en Ucrania en la etapa previa al estallido de la guerra, revela numerosas advertencias de estos y sus temores a las consecuencias de continuar presionando para la entrada de Ucrania al bloque atlantista.\u00a0\u00a0<\/span><\/p>\n<p><span style=\"font-weight: 400;\">La propia Rusia advirti\u00f3 en numerosas ocasiones sobre el tema, pero en los pasillos del Pent\u00e1gono sonaban los tambores de la guerra y se empuj\u00f3 hasta lograrla.<\/span><\/p>\n<blockquote>\n<h2><b><i>\u201cTrump y sus ac\u00f3litos ven la principal amenaza para la hegemon\u00eda norteamericana en el ascenso de China, lo cual convierte a Europa y a la Guerra de Ucrania en un escenario de segundo orden\u201d<\/i><\/b><\/h2>\n<\/blockquote>\n<p><b>Europa, en su papel subordinado, se sum\u00f3 progresivamente al conflicto, a\u00fan a costa de sus propios intereses.<\/b><span style=\"font-weight: 400;\"> A las sanciones contra Rusia siguieron los paquetes de ayuda econ\u00f3mica y militar a Ucrania, que no han parado de crecer, a\u00fan a costa de atender los crecientes problemas sociales y econ\u00f3micos que aquejan al bloque.\u00a0<\/span><\/p>\n<p><b>El resultado pr\u00e1ctico ha sido la desaceleraci\u00f3n econ\u00f3mica de la mayor econom\u00eda europea, Alemania<\/b><span style=\"font-weight: 400;\">; la dependencia del gas y petr\u00f3leo m\u00e1s caro de Estados Unidos y algunos pa\u00edses del Golfo; inflaci\u00f3n, mayor \u00edndice de pobreza y desempleo y un ascenso de la ultraderecha, de la mano con la crisis pol\u00edtica que ha golpeado en los \u00faltimos tiempos a pa\u00edses como Alemania y Francia.<\/span><\/p>\n<p><span style=\"font-weight: 400;\">Con la llegada de Trump y el giro m\u00e1s agresivamente nacionalista de los Estados Unidos,<\/span><b> el centro de atenci\u00f3n geopol\u00edtico de la Casa Blanca se ha trasladado radical y velozmente hacia Asia.<\/b><span style=\"font-weight: 400;\"> Trump y sus ac\u00f3litos ven la principal amenaza para la hegemon\u00eda norteamericana en el ascenso de China, lo cual convierte a Europa y a la Guerra de Ucrania en un escenario de segundo orden, que conviene m\u00e1s zanjar con un acuerdo ventajoso.<\/span><\/p>\n<p><span style=\"font-weight: 400;\">Y es lo que est\u00e1n haciendo. <\/span><b>En las rondas de negociaciones celebradas en Arabia Saudita y en di\u00e1logos posteriores de alto nivel con Rusia, se ha excluido por completo a Europa y a Ucrania<\/b><span style=\"font-weight: 400;\">, y esto a pesar de las numerosas declaraciones, entre el ruego y la amenaza, de diversos l\u00edderes europeos y las maniobras tragic\u00f3micas de Zelensky, quien ha pasado a una velocidad pasmosa de ser el h\u00e9roe celebrado por la revista <\/span><i><span style=\"font-weight: 400;\">Time <\/span><\/i><span style=\"font-weight: 400;\">a un dictador corrupto y cuestionado, con posibles problemas de drogadicci\u00f3n y con miedo a celebrar elecciones por su impopularidad.\u00a0<\/span><\/p>\n<p><span style=\"font-weight: 400;\">El giro simb\u00f3lico de los principales medios cartelizados de Occidente en el tratamiento de la guerra en Ucrania y la figura de Zelensky en particular, <\/span><b>evidencia su car\u00e1cter de herramientas subordinadas al poder y ense\u00f1a mucho sobre el \u201cperiodismo libre\u201d que promulgan Estados Unidos y sus aliados.\u00a0<\/b><\/p>\n<p><span style=\"font-weight: 400;\">Como a\u00f1adido tragic\u00f3mico destaca la reciente discusi\u00f3n entre Trump y Zelensky en el Despacho Oval de la Casa Blanca, que no solo evidenci\u00f3 la fractura entre ambos gobiernos sino que ha tenido como uno de sus resultados directos el anuncio de la suspensi\u00f3n de ayuda militar de Estados Unidos a Kiev hasta que el presidente Trump est\u00e9 convencido de que este demuestra un \u201ccompromiso de buena fe con la paz\u201d, seg\u00fan informan <\/span><i><span style=\"font-weight: 400;\">Bloomberg <\/span><\/i><span style=\"font-weight: 400;\">y <\/span><i><span style=\"font-weight: 400;\">Fox News<\/span><\/i><span style=\"font-weight: 400;\">, citando a un funcionario de la Casa Blanca.<\/span><\/p>\n<blockquote>\n<h2><b><i>\u201cRusia tiene grandes reservas de hidrocarburos, tierras raras y otros recursos estrat\u00e9gicos, que estar\u00eda dispuesta a abrir al capital norteamericano bajo condiciones propicias, tal como evidencian las recientes declaraciones de Kiril Dm\u00edtriev\u201d<\/i><\/b><\/h2>\n<\/blockquote>\n<p><span style=\"font-weight: 400;\">Al pactar con Putin desconociendo a Europa y Ucrania, Trump parece tener varios objetivos en la mira. El primero, resolver un conflicto duradero y complejo, lo cual forma parte de sus promesas de campa\u00f1a. <\/span><b>Lo segundo es construir lazos con Rusia, pa\u00eds que ha demostrado capacidades militares muy superiores a las de la OTAN<\/b><span style=\"font-weight: 400;\"> y cuya alianza estrat\u00e9gica con China preocupa mucho m\u00e1s a Washington que sacrificar al pe\u00f3n ucraniano y las rabietas del subordinado y dependiente bloque europeo.<\/span><\/p>\n<p><span style=\"font-weight: 400;\">En lo personal, Trump y Putin tienen elementos en com\u00fan que pueden facilitar un relativo acercamiento. <\/span><b>Ambos son nacionalistas fervientes, preocupados por el papel de sus respectivos pa\u00edses en la nueva escena geopol\u00edtica<\/b><span style=\"font-weight: 400;\"> que inevitablemente se est\u00e1 configurando en el mundo actual, sobre todo con la emergencia de nuevos y pujantes actores, como el bloque BRICS+.\u00a0<\/span><\/p>\n<p><b>Ambos, adem\u00e1s, tienen un enfoque conservador en materia de familia, derechos reproductivos y sexuales, etc.<\/b><span style=\"font-weight: 400;\"> Rusia tiene grandes reservas de hidrocarburos, tierras raras y otros recursos estrat\u00e9gicos, que estar\u00eda dispuesta a abrir al capital norteamericano bajo condiciones propicias, tal como evidencian las recientes declaraciones de Kiril Dm\u00edtriev, representante especial de la Presidencia rusa para las inversiones y cooperaci\u00f3n econ\u00f3mica con pa\u00edses extranjeros en reacci\u00f3n a varias afirmaciones de Trump.<\/span><\/p>\n<p><b>Esto, por supuesto, no quiere decir que Rusia vaya a aceptar un papel subordinado en sus relaciones con Estados Unidos<\/b><span style=\"font-weight: 400;\">. Para el gigante euroasi\u00e1tico terminar la guerra representar\u00eda un inmenso alivio econ\u00f3mico, y m\u00e1s si viene acompa\u00f1ada de ganancias territoriales y pol\u00edticas y de una fuerte inversi\u00f3n de capital norteamericano en \u00e1reas claves de su econom\u00eda. <\/span><b>Tampoco parece probable que Rusia vaya a abandonar su cada vez m\u00e1s estrat\u00e9gica asociaci\u00f3n con Beijing<\/b><span style=\"font-weight: 400;\">, principal socio comercial y aliado confiable en el complejo escenario pol\u00edtico internacional.\u00a0<\/span><\/p>\n<p><b>Rusia, como gran potencia en la pugna contrahegem\u00f3nica que se libra en la actualidad, tiene su propia agenda e intereses<\/b><span style=\"font-weight: 400;\">, y ya ha comprobado en carne propia las veleidades pol\u00edticas de Occidente y el poco valor de sus promesas. Baste solo recordar la que le hicieron en su momento a Gorbachov sobre la no expansi\u00f3n de la OTAN en Europa Oriental.<\/span><\/p>\n<p><span style=\"font-weight: 400;\">Europa, por su parte, ha tenido que hacerse cargo no solo de la exclusi\u00f3n en un tema que consideran de importancia estrat\u00e9gica, sino que adem\u00e1s el nuevo Secretario de Defensa de los Estados Unidos les dijo con descarnada claridad que les correspond\u00eda a ellos, <\/span><b>de ahora en adelante, hacerse responsable de su propia seguridad, la cual Washington ven\u00eda asumiendo desde el fin de la Segunda Guerra Mundial.<\/b><\/p>\n<p><b>Para leer una reflexi\u00f3n sobre la expansi\u00f3n del ilegal negocio de las armas y la guerra en Colombia:<\/b> <a href=\"https:\/\/hueleaazufre.com\/wordpress_a\/index.php\/2025\/02\/23\/el-negocio-de-las-armas-y-las-tecnologias-de-la-guerra-en-colombia\/\"><span style=\"font-weight: 400;\">El negocio de las armas y las tecnolog\u00edas de la guerra en Colombia &#8211;<\/span><\/a><\/p>\n<blockquote class=\"wp-embedded-content\" data-secret=\"Xhvngw1yQb\"><p><a href=\"https:\/\/hueleaazufre.com\/wordpress_a\/index.php\/2025\/02\/23\/el-negocio-de-las-armas-y-las-tecnologias-de-la-guerra-en-colombia\/\">El negocio de las armas y las tecnolog\u00edas de la guerra en Colombia<\/a><\/p><\/blockquote>\n<p><iframe class=\"wp-embedded-content\" sandbox=\"allow-scripts\" security=\"restricted\" style=\"position: absolute; visibility: hidden;\" title=\"\u00abEl negocio de las armas y las tecnolog\u00edas de la guerra en Colombia\u00bb \u2014 \" src=\"https:\/\/hueleaazufre.com\/wordpress_a\/index.php\/2025\/02\/23\/el-negocio-de-las-armas-y-las-tecnologias-de-la-guerra-en-colombia\/embed\/#?secret=pWfH7A9okN#?secret=Xhvngw1yQb\" data-secret=\"Xhvngw1yQb\" width=\"600\" height=\"338\" frameborder=\"0\" marginwidth=\"0\" marginheight=\"0\" scrolling=\"no\"><\/iframe><\/p>\n<p><span style=\"font-weight: 400;\">En un acto que pretende ser de reafirmaci\u00f3n de soberan\u00eda y de sus propias capacidades, varios l\u00edderes se reunieron este 24 de febrero para anunciar su voluntad de continuar apoyando a Ucrania. <\/span><b>En el encuentro llamado <\/b><b><i>Support Ukrain<\/i><\/b><b>e, Espa\u00f1a se comprometi\u00f3 a aportar unos mil millones de euros al pa\u00eds, <\/b><span style=\"font-weight: 400;\">distribuidos entre equipamiento militar, ayudas de diverso tipo y proyectos de reconstrucci\u00f3n en los que participar\u00e1n empresas espa\u00f1olas.\u00a0<\/span><\/p>\n<p><span style=\"font-weight: 400;\">Suecia, por su parte, anunci\u00f3 un nuevo paquete militar de unos cien millones de euros para reforzar la defensa a\u00e9rea ucraniana y Noruega prometi\u00f3 otros mil millones para ayuda civil y humanitaria, 300 millones para suministros de gas y otros 400 para la reconstrucci\u00f3n el\u00e9ctrica.\u00a0<\/span><\/p>\n<p><span style=\"font-weight: 400;\">Reino Unido prometi\u00f3 5600 millones de libras en ayudas, as\u00ed como facilitar el entrenamiento de tropas ucranianas. Finlandia anunci\u00f3 4,5 millones para la reconstrucci\u00f3n del pa\u00eds, y el Canad\u00e1 de Trudeau afirm\u00f3 que su pa\u00eds transferir\u00e1 25 veh\u00edculos blindados LAV III, 4 simuladores F-16, millones de municiones y 5 mil millones de los beneficios de los activos congelados de Rusia.<\/span><\/p>\n<p><b>A pesar de esta fanfarria, tres hechos aparecen incontestables: la ayuda anunciada es insuficiente para las necesidades actuales de Kiev<\/b><span style=\"font-weight: 400;\">, la industria militar europea es incapaz de darle respuesta a las demandas de un conflicto de esta intensidad y Ucrania est\u00e1 sufriendo catastr\u00f3ficas derrotas en todos los frentes, lo cual acerca al pa\u00eds a un punto cr\u00edtico en el cual no podr\u00e1 continuar el conflicto, al menos no sin los Estados Unidos.\u00a0<\/span><\/p>\n<p><b>Ucrania, a los ojos del poder actual en Washington, est\u00e1 lista para ser sacrificada en el altar de la geopol\u00edtica.<\/b><span style=\"font-weight: 400;\"> Es claro que se dan pasos concretos para llegar al fin del conflicto, aunque implique imponerle a Ucrania una paz onerosa. Los principales impulsores de la guerra, hoy buscan repartirse el pastel una vez hayan callado las armas. Luego del jugoso negocio de la guerra, viene el no menos jugoso negocio de la deuda de guerra, la deuda para la reconstrucci\u00f3n del pa\u00eds y el saqueo de los recursos naturales.\u00a0<\/span><\/p>\n<p><span style=\"font-weight: 400;\">Usada y en proceso de ser desechada, Ucrania aprender\u00e1 de la peor manera el funcionamiento de la geopol\u00edtica de chacales que impone el imperialismo a sus vasallos. La ca\u00edda y asesinato simb\u00f3lico de Zelensky, quien ha sido hasta ahora un lacayo fiel, ser\u00e1 la expresi\u00f3n simb\u00f3lica de este proceso.\u00a0<\/span><\/p>\n<p><b>Al final, el pueblo ucraniano deber\u00e1 salir adelante con un pa\u00eds destrozado por una guerra que se pudo haber evitado<\/b><span style=\"font-weight: 400;\">, con una \u00e9lites corruptas que no solo se han robado la riqueza del pa\u00eds, sino que se han robado y se robar\u00e1n los recursos internacionales que entren para su reconstrucci\u00f3n, una naci\u00f3n cada vez m\u00e1s dependiente del capital extranjero y donde el conflicto b\u00e9lico y el nacionalismo han despertado monstruos que la crisis de la postguerra alimentar\u00e1, con consecuencias incalculables para el futuro del pa\u00eds y la regi\u00f3n.<\/span><\/p>\n<p><b>Autor: Jos\u00e9 Ernesto Novaez Guerrero<\/b><\/p>\n<p><span style=\"font-weight: 400;\">@NovaezJose<\/span><\/p>\n<p>&nbsp;<\/p>\n<p>&nbsp;<\/p>\n","protected":false},"excerpt":{"rendered":"<p>Este 24 de febrero se cumpli\u00f3 el tercer a\u00f1o del inicio de la Operaci\u00f3n Militar&#8230;<\/p>\n","protected":false},"author":1,"featured_media":2189,"comment_status":"open","ping_status":"closed","sticky":false,"template":"","format":"standard","meta":{"footnotes":""},"categories":[69,84],"tags":[169,360,134,162,656],"class_list":["post-2188","post","type-post","status-publish","format-standard","has-post-thumbnail","hentry","category-exclusivo","category-jose-ernesto-novaez-guerrero","tag-donald-trump","tag-europa","tag-rusia","tag-ucrania","tag-zelensky"],"yoast_head":"<!-- This site is optimized with the Yoast SEO plugin v27.5 - https:\/\/yoast.com\/product\/yoast-seo-wordpress\/ -->\n<title>Ucrania y los chacales -<\/title>\n<meta name=\"description\" content=\"Este 24 de febrero se cumpli\u00f3 el tercer a\u00f1o del inicio de la Operaci\u00f3n Militar Especial rusa en Ucrania Decenas de miles de muertos...\" \/>\n<meta name=\"robots\" content=\"index, follow, max-snippet:-1, max-image-preview:large, max-video-preview:-1\" \/>\n<link rel=\"canonical\" href=\"https:\/\/hueleaazufre.com\/wordpress_a\/index.php\/2025\/03\/04\/ucrania-y-los-chacales\/\" \/>\n<meta property=\"og:locale\" content=\"es_ES\" \/>\n<meta property=\"og:type\" content=\"article\" \/>\n<meta property=\"og:title\" content=\"Ucrania y los chacales -\" \/>\n<meta property=\"og:description\" content=\"Este 24 de febrero se cumpli\u00f3 el tercer a\u00f1o del inicio de la Operaci\u00f3n Militar Especial rusa en Ucrania Decenas de miles de muertos...\" \/>\n<meta property=\"og:url\" content=\"https:\/\/hueleaazufre.com\/wordpress_a\/index.php\/2025\/03\/04\/ucrania-y-los-chacales\/\" \/>\n<meta property=\"article:published_time\" content=\"2025-03-04T16:59:46+00:00\" \/>\n<meta property=\"og:image\" content=\"https:\/\/hueleaazufre.com\/wordpress_a\/wp-content\/uploads\/2025\/03\/freepik__the-style-is-candid-image-photography-with-natural__97751.png\" \/>\n\t<meta property=\"og:image:width\" content=\"896\" \/>\n\t<meta property=\"og:image:height\" content=\"1152\" \/>\n\t<meta property=\"og:image:type\" content=\"image\/png\" \/>\n<meta name=\"author\" content=\"Huele a azufre\" \/>\n<meta name=\"twitter:card\" content=\"summary_large_image\" \/>\n<meta name=\"twitter:label1\" content=\"Escrito por\" \/>\n\t<meta name=\"twitter:data1\" content=\"Huele a azufre\" \/>\n\t<meta name=\"twitter:label2\" content=\"Tiempo de lectura\" \/>\n\t<meta name=\"twitter:data2\" content=\"9 minutos\" \/>\n<script type=\"application\/ld+json\" class=\"yoast-schema-graph\">{\"@context\":\"https:\\\/\\\/schema.org\",\"@graph\":[{\"@type\":\"Article\",\"@id\":\"https:\\\/\\\/hueleaazufre.com\\\/wordpress_a\\\/index.php\\\/2025\\\/03\\\/04\\\/ucrania-y-los-chacales\\\/#article\",\"isPartOf\":{\"@id\":\"https:\\\/\\\/hueleaazufre.com\\\/wordpress_a\\\/index.php\\\/2025\\\/03\\\/04\\\/ucrania-y-los-chacales\\\/\"},\"author\":{\"name\":\"Huele a azufre\",\"@id\":\"https:\\\/\\\/hueleaazufre.com\\\/wordpress_a\\\/#\\\/schema\\\/person\\\/549dd871707ea7f9f1a686323ebe9baa\"},\"headline\":\"Ucrania y los chacales\",\"datePublished\":\"2025-03-04T16:59:46+00:00\",\"mainEntityOfPage\":{\"@id\":\"https:\\\/\\\/hueleaazufre.com\\\/wordpress_a\\\/index.php\\\/2025\\\/03\\\/04\\\/ucrania-y-los-chacales\\\/\"},\"wordCount\":2017,\"commentCount\":0,\"image\":{\"@id\":\"https:\\\/\\\/hueleaazufre.com\\\/wordpress_a\\\/index.php\\\/2025\\\/03\\\/04\\\/ucrania-y-los-chacales\\\/#primaryimage\"},\"thumbnailUrl\":\"https:\\\/\\\/hueleaazufre.com\\\/wordpress_a\\\/wp-content\\\/uploads\\\/2025\\\/03\\\/freepik__the-style-is-candid-image-photography-with-natural__97751.png\",\"keywords\":[\"Donald Trump\",\"Europa\",\"Rusia\",\"Ucrania\",\"Zelensky\"],\"articleSection\":[\"Exclusivo\",\"Jos\u00e9 Ernesto Nov\u00e1ez Guerrero\"],\"inLanguage\":\"es\",\"potentialAction\":[{\"@type\":\"CommentAction\",\"name\":\"Comment\",\"target\":[\"https:\\\/\\\/hueleaazufre.com\\\/wordpress_a\\\/index.php\\\/2025\\\/03\\\/04\\\/ucrania-y-los-chacales\\\/#respond\"]}]},{\"@type\":\"WebPage\",\"@id\":\"https:\\\/\\\/hueleaazufre.com\\\/wordpress_a\\\/index.php\\\/2025\\\/03\\\/04\\\/ucrania-y-los-chacales\\\/\",\"url\":\"https:\\\/\\\/hueleaazufre.com\\\/wordpress_a\\\/index.php\\\/2025\\\/03\\\/04\\\/ucrania-y-los-chacales\\\/\",\"name\":\"Ucrania y los chacales -\",\"isPartOf\":{\"@id\":\"https:\\\/\\\/hueleaazufre.com\\\/wordpress_a\\\/#website\"},\"primaryImageOfPage\":{\"@id\":\"https:\\\/\\\/hueleaazufre.com\\\/wordpress_a\\\/index.php\\\/2025\\\/03\\\/04\\\/ucrania-y-los-chacales\\\/#primaryimage\"},\"image\":{\"@id\":\"https:\\\/\\\/hueleaazufre.com\\\/wordpress_a\\\/index.php\\\/2025\\\/03\\\/04\\\/ucrania-y-los-chacales\\\/#primaryimage\"},\"thumbnailUrl\":\"https:\\\/\\\/hueleaazufre.com\\\/wordpress_a\\\/wp-content\\\/uploads\\\/2025\\\/03\\\/freepik__the-style-is-candid-image-photography-with-natural__97751.png\",\"datePublished\":\"2025-03-04T16:59:46+00:00\",\"author\":{\"@id\":\"https:\\\/\\\/hueleaazufre.com\\\/wordpress_a\\\/#\\\/schema\\\/person\\\/549dd871707ea7f9f1a686323ebe9baa\"},\"description\":\"Este 24 de febrero se cumpli\u00f3 el tercer a\u00f1o del inicio de la Operaci\u00f3n Militar Especial rusa en Ucrania Decenas de miles de muertos...\",\"breadcrumb\":{\"@id\":\"https:\\\/\\\/hueleaazufre.com\\\/wordpress_a\\\/index.php\\\/2025\\\/03\\\/04\\\/ucrania-y-los-chacales\\\/#breadcrumb\"},\"inLanguage\":\"es\",\"potentialAction\":[{\"@type\":\"ReadAction\",\"target\":[\"https:\\\/\\\/hueleaazufre.com\\\/wordpress_a\\\/index.php\\\/2025\\\/03\\\/04\\\/ucrania-y-los-chacales\\\/\"]}]},{\"@type\":\"ImageObject\",\"inLanguage\":\"es\",\"@id\":\"https:\\\/\\\/hueleaazufre.com\\\/wordpress_a\\\/index.php\\\/2025\\\/03\\\/04\\\/ucrania-y-los-chacales\\\/#primaryimage\",\"url\":\"https:\\\/\\\/hueleaazufre.com\\\/wordpress_a\\\/wp-content\\\/uploads\\\/2025\\\/03\\\/freepik__the-style-is-candid-image-photography-with-natural__97751.png\",\"contentUrl\":\"https:\\\/\\\/hueleaazufre.com\\\/wordpress_a\\\/wp-content\\\/uploads\\\/2025\\\/03\\\/freepik__the-style-is-candid-image-photography-with-natural__97751.png\",\"width\":896,\"height\":1152,\"caption\":\"Ucrania\"},{\"@type\":\"BreadcrumbList\",\"@id\":\"https:\\\/\\\/hueleaazufre.com\\\/wordpress_a\\\/index.php\\\/2025\\\/03\\\/04\\\/ucrania-y-los-chacales\\\/#breadcrumb\",\"itemListElement\":[{\"@type\":\"ListItem\",\"position\":1,\"name\":\"Portada\",\"item\":\"https:\\\/\\\/hueleaazufre.com\\\/wordpress_a\\\/\"},{\"@type\":\"ListItem\",\"position\":2,\"name\":\"Ucrania y los chacales\"}]},{\"@type\":\"WebSite\",\"@id\":\"https:\\\/\\\/hueleaazufre.com\\\/wordpress_a\\\/#website\",\"url\":\"https:\\\/\\\/hueleaazufre.com\\\/wordpress_a\\\/\",\"name\":\"\",\"description\":\"Huele a azufre es una plataforma digital de an\u00e1lisis geopol\u00edtico.\",\"potentialAction\":[{\"@type\":\"SearchAction\",\"target\":{\"@type\":\"EntryPoint\",\"urlTemplate\":\"https:\\\/\\\/hueleaazufre.com\\\/wordpress_a\\\/?s={search_term_string}\"},\"query-input\":{\"@type\":\"PropertyValueSpecification\",\"valueRequired\":true,\"valueName\":\"search_term_string\"}}],\"inLanguage\":\"es\"},{\"@type\":\"Person\",\"@id\":\"https:\\\/\\\/hueleaazufre.com\\\/wordpress_a\\\/#\\\/schema\\\/person\\\/549dd871707ea7f9f1a686323ebe9baa\",\"name\":\"Huele a azufre\",\"image\":{\"@type\":\"ImageObject\",\"inLanguage\":\"es\",\"@id\":\"https:\\\/\\\/secure.gravatar.com\\\/avatar\\\/e972d5c124b9bf80eb4c9d322a90dd86a59d447f5da36700a77516f13637d44e?s=96&d=mm&r=g\",\"url\":\"https:\\\/\\\/secure.gravatar.com\\\/avatar\\\/e972d5c124b9bf80eb4c9d322a90dd86a59d447f5da36700a77516f13637d44e?s=96&d=mm&r=g\",\"contentUrl\":\"https:\\\/\\\/secure.gravatar.com\\\/avatar\\\/e972d5c124b9bf80eb4c9d322a90dd86a59d447f5da36700a77516f13637d44e?s=96&d=mm&r=g\",\"caption\":\"Huele a azufre\"},\"description\":\"Huele a azufre es una plataforma digital de an\u00e1lisis geopol\u00edtico\u00a0 contrahegem\u00f3nico, que busca visibilizar las voces y los discursos silenciados por el poder medi\u00e1tico.\",\"sameAs\":[\"https:\\\/\\\/hueleaazufre.com\\\/wordpress_a\"],\"url\":\"https:\\\/\\\/hueleaazufre.com\\\/wordpress_a\\\/index.php\\\/author\\\/admin_tupapa\\\/\"}]}<\/script>\n<!-- \/ Yoast SEO plugin. -->","yoast_head_json":{"title":"Ucrania y los chacales -","description":"Este 24 de febrero se cumpli\u00f3 el tercer a\u00f1o del inicio de la Operaci\u00f3n Militar Especial rusa en Ucrania Decenas de miles de muertos...","robots":{"index":"index","follow":"follow","max-snippet":"max-snippet:-1","max-image-preview":"max-image-preview:large","max-video-preview":"max-video-preview:-1"},"canonical":"https:\/\/hueleaazufre.com\/wordpress_a\/index.php\/2025\/03\/04\/ucrania-y-los-chacales\/","og_locale":"es_ES","og_type":"article","og_title":"Ucrania y los chacales -","og_description":"Este 24 de febrero se cumpli\u00f3 el tercer a\u00f1o del inicio de la Operaci\u00f3n Militar Especial rusa en Ucrania Decenas de miles de muertos...","og_url":"https:\/\/hueleaazufre.com\/wordpress_a\/index.php\/2025\/03\/04\/ucrania-y-los-chacales\/","article_published_time":"2025-03-04T16:59:46+00:00","og_image":[{"width":896,"height":1152,"url":"https:\/\/hueleaazufre.com\/wordpress_a\/wp-content\/uploads\/2025\/03\/freepik__the-style-is-candid-image-photography-with-natural__97751.png","type":"image\/png"}],"author":"Huele a azufre","twitter_card":"summary_large_image","twitter_misc":{"Escrito por":"Huele a azufre","Tiempo de lectura":"9 minutos"},"schema":{"@context":"https:\/\/schema.org","@graph":[{"@type":"Article","@id":"https:\/\/hueleaazufre.com\/wordpress_a\/index.php\/2025\/03\/04\/ucrania-y-los-chacales\/#article","isPartOf":{"@id":"https:\/\/hueleaazufre.com\/wordpress_a\/index.php\/2025\/03\/04\/ucrania-y-los-chacales\/"},"author":{"name":"Huele a azufre","@id":"https:\/\/hueleaazufre.com\/wordpress_a\/#\/schema\/person\/549dd871707ea7f9f1a686323ebe9baa"},"headline":"Ucrania y los chacales","datePublished":"2025-03-04T16:59:46+00:00","mainEntityOfPage":{"@id":"https:\/\/hueleaazufre.com\/wordpress_a\/index.php\/2025\/03\/04\/ucrania-y-los-chacales\/"},"wordCount":2017,"commentCount":0,"image":{"@id":"https:\/\/hueleaazufre.com\/wordpress_a\/index.php\/2025\/03\/04\/ucrania-y-los-chacales\/#primaryimage"},"thumbnailUrl":"https:\/\/hueleaazufre.com\/wordpress_a\/wp-content\/uploads\/2025\/03\/freepik__the-style-is-candid-image-photography-with-natural__97751.png","keywords":["Donald Trump","Europa","Rusia","Ucrania","Zelensky"],"articleSection":["Exclusivo","Jos\u00e9 Ernesto Nov\u00e1ez Guerrero"],"inLanguage":"es","potentialAction":[{"@type":"CommentAction","name":"Comment","target":["https:\/\/hueleaazufre.com\/wordpress_a\/index.php\/2025\/03\/04\/ucrania-y-los-chacales\/#respond"]}]},{"@type":"WebPage","@id":"https:\/\/hueleaazufre.com\/wordpress_a\/index.php\/2025\/03\/04\/ucrania-y-los-chacales\/","url":"https:\/\/hueleaazufre.com\/wordpress_a\/index.php\/2025\/03\/04\/ucrania-y-los-chacales\/","name":"Ucrania y los chacales -","isPartOf":{"@id":"https:\/\/hueleaazufre.com\/wordpress_a\/#website"},"primaryImageOfPage":{"@id":"https:\/\/hueleaazufre.com\/wordpress_a\/index.php\/2025\/03\/04\/ucrania-y-los-chacales\/#primaryimage"},"image":{"@id":"https:\/\/hueleaazufre.com\/wordpress_a\/index.php\/2025\/03\/04\/ucrania-y-los-chacales\/#primaryimage"},"thumbnailUrl":"https:\/\/hueleaazufre.com\/wordpress_a\/wp-content\/uploads\/2025\/03\/freepik__the-style-is-candid-image-photography-with-natural__97751.png","datePublished":"2025-03-04T16:59:46+00:00","author":{"@id":"https:\/\/hueleaazufre.com\/wordpress_a\/#\/schema\/person\/549dd871707ea7f9f1a686323ebe9baa"},"description":"Este 24 de febrero se cumpli\u00f3 el tercer a\u00f1o del inicio de la Operaci\u00f3n Militar Especial rusa en Ucrania Decenas de miles de muertos...","breadcrumb":{"@id":"https:\/\/hueleaazufre.com\/wordpress_a\/index.php\/2025\/03\/04\/ucrania-y-los-chacales\/#breadcrumb"},"inLanguage":"es","potentialAction":[{"@type":"ReadAction","target":["https:\/\/hueleaazufre.com\/wordpress_a\/index.php\/2025\/03\/04\/ucrania-y-los-chacales\/"]}]},{"@type":"ImageObject","inLanguage":"es","@id":"https:\/\/hueleaazufre.com\/wordpress_a\/index.php\/2025\/03\/04\/ucrania-y-los-chacales\/#primaryimage","url":"https:\/\/hueleaazufre.com\/wordpress_a\/wp-content\/uploads\/2025\/03\/freepik__the-style-is-candid-image-photography-with-natural__97751.png","contentUrl":"https:\/\/hueleaazufre.com\/wordpress_a\/wp-content\/uploads\/2025\/03\/freepik__the-style-is-candid-image-photography-with-natural__97751.png","width":896,"height":1152,"caption":"Ucrania"},{"@type":"BreadcrumbList","@id":"https:\/\/hueleaazufre.com\/wordpress_a\/index.php\/2025\/03\/04\/ucrania-y-los-chacales\/#breadcrumb","itemListElement":[{"@type":"ListItem","position":1,"name":"Portada","item":"https:\/\/hueleaazufre.com\/wordpress_a\/"},{"@type":"ListItem","position":2,"name":"Ucrania y los chacales"}]},{"@type":"WebSite","@id":"https:\/\/hueleaazufre.com\/wordpress_a\/#website","url":"https:\/\/hueleaazufre.com\/wordpress_a\/","name":"","description":"Huele a azufre es una plataforma digital de an\u00e1lisis geopol\u00edtico.","potentialAction":[{"@type":"SearchAction","target":{"@type":"EntryPoint","urlTemplate":"https:\/\/hueleaazufre.com\/wordpress_a\/?s={search_term_string}"},"query-input":{"@type":"PropertyValueSpecification","valueRequired":true,"valueName":"search_term_string"}}],"inLanguage":"es"},{"@type":"Person","@id":"https:\/\/hueleaazufre.com\/wordpress_a\/#\/schema\/person\/549dd871707ea7f9f1a686323ebe9baa","name":"Huele a azufre","image":{"@type":"ImageObject","inLanguage":"es","@id":"https:\/\/secure.gravatar.com\/avatar\/e972d5c124b9bf80eb4c9d322a90dd86a59d447f5da36700a77516f13637d44e?s=96&d=mm&r=g","url":"https:\/\/secure.gravatar.com\/avatar\/e972d5c124b9bf80eb4c9d322a90dd86a59d447f5da36700a77516f13637d44e?s=96&d=mm&r=g","contentUrl":"https:\/\/secure.gravatar.com\/avatar\/e972d5c124b9bf80eb4c9d322a90dd86a59d447f5da36700a77516f13637d44e?s=96&d=mm&r=g","caption":"Huele a azufre"},"description":"Huele a azufre es una plataforma digital de an\u00e1lisis geopol\u00edtico\u00a0 contrahegem\u00f3nico, que busca visibilizar las voces y los discursos silenciados por el poder medi\u00e1tico.","sameAs":["https:\/\/hueleaazufre.com\/wordpress_a"],"url":"https:\/\/hueleaazufre.com\/wordpress_a\/index.php\/author\/admin_tupapa\/"}]}},"_links":{"self":[{"href":"https:\/\/hueleaazufre.com\/wordpress_a\/index.php\/wp-json\/wp\/v2\/posts\/2188","targetHints":{"allow":["GET"]}}],"collection":[{"href":"https:\/\/hueleaazufre.com\/wordpress_a\/index.php\/wp-json\/wp\/v2\/posts"}],"about":[{"href":"https:\/\/hueleaazufre.com\/wordpress_a\/index.php\/wp-json\/wp\/v2\/types\/post"}],"author":[{"embeddable":true,"href":"https:\/\/hueleaazufre.com\/wordpress_a\/index.php\/wp-json\/wp\/v2\/users\/1"}],"replies":[{"embeddable":true,"href":"https:\/\/hueleaazufre.com\/wordpress_a\/index.php\/wp-json\/wp\/v2\/comments?post=2188"}],"version-history":[{"count":1,"href":"https:\/\/hueleaazufre.com\/wordpress_a\/index.php\/wp-json\/wp\/v2\/posts\/2188\/revisions"}],"predecessor-version":[{"id":2190,"href":"https:\/\/hueleaazufre.com\/wordpress_a\/index.php\/wp-json\/wp\/v2\/posts\/2188\/revisions\/2190"}],"wp:featuredmedia":[{"embeddable":true,"href":"https:\/\/hueleaazufre.com\/wordpress_a\/index.php\/wp-json\/wp\/v2\/media\/2189"}],"wp:attachment":[{"href":"https:\/\/hueleaazufre.com\/wordpress_a\/index.php\/wp-json\/wp\/v2\/media?parent=2188"}],"wp:term":[{"taxonomy":"category","embeddable":true,"href":"https:\/\/hueleaazufre.com\/wordpress_a\/index.php\/wp-json\/wp\/v2\/categories?post=2188"},{"taxonomy":"post_tag","embeddable":true,"href":"https:\/\/hueleaazufre.com\/wordpress_a\/index.php\/wp-json\/wp\/v2\/tags?post=2188"}],"curies":[{"name":"wp","href":"https:\/\/api.w.org\/{rel}","templated":true}]}}