{"id":2238,"date":"2025-03-19T21:29:37","date_gmt":"2025-03-19T21:29:37","guid":{"rendered":"https:\/\/hueleaazufre.com\/wordpress_a\/?p=2238"},"modified":"2025-03-19T21:34:29","modified_gmt":"2025-03-19T21:34:29","slug":"confederacion-de-estados-del-sahel-herramienta-o-futuro-africano-para-la-descolonizacion","status":"publish","type":"post","link":"https:\/\/hueleaazufre.com\/wordpress_a\/index.php\/2025\/03\/19\/confederacion-de-estados-del-sahel-herramienta-o-futuro-africano-para-la-descolonizacion\/","title":{"rendered":"Confederaci\u00f3n de Estados del Sahel \u00bfherramienta o futuro africano para la descolonizaci\u00f3n?"},"content":{"rendered":"<div class=\"entry-headline\">\n<p>Sahel. En el coraz\u00f3n del continente africano, Burkina Faso, Mal\u00ed y N\u00edger han dado un giro dr\u00e1stico en su historia reciente, emprendiendo un proceso de profunda descolonizaci\u00f3n y reconfiguraci\u00f3n geopol\u00edtica.<\/p>\n<\/div>\n<div class=\"entry-content\">\n<p>Como proceso de descolonizaci\u00f3n, la Confederaci\u00f3n de Estados del Sahel, ofrece a trav\u00e9s de medidas concretas una salida \u00bfdefinitiva? de la dependencia colonial. La defensa de los recursos naturales, las alianzas en torno a la seguridad y la lucha conjunta contra el terrorismo parecen ser el camino que Mali, Burkina Faso y N\u00edger le quieren mostrar al resto del continente. La uni\u00f3n fraterna que comenzaron a demostrar estos pa\u00edses, a partir de sendos procesos de \u201cgolpes de Estado\u201d, se remonta incluso a otro tiempo, donde la regi\u00f3n permanec\u00eda unificada. La llegada de los colonizadores, en este caso la Francia imperial fragment\u00f3 la zona para su mejor prop\u00f3sito. El saqueo de las riquezas y recursos naturales que engrosaron las arcas de Paris y enriquecieron a empresas privadas ligadas a la explotaci\u00f3n minera, parece haber llegado a su fin en este lado del mundo donde la AES se ha hecho fuerte, incluso seduciendo a otros pa\u00edses de la regi\u00f3n a sumarse a esta cruzada descolonizadora.<\/p>\n<p>En el coraz\u00f3n del continente africano, Burkina Faso, Mal\u00ed y N\u00edger han dado un giro dr\u00e1stico en su historia reciente, emprendiendo un proceso de profunda descolonizaci\u00f3n y reconfiguraci\u00f3n geopol\u00edtica. La creaci\u00f3n de la Confederaci\u00f3n de Estados del Sahel no solo representa un esfuerzo colectivo por consolidar su soberan\u00eda, sino que tambi\u00e9n es un desaf\u00edo directo al modelo de injerencia externa que ha caracterizado su historia poscolonial. La expulsi\u00f3n de tropas extranjeras, la ruptura con instituciones regionales alineadas con intereses occidentales y la implementaci\u00f3n de pol\u00edticas econ\u00f3micas independientes han marcado un punto de inflexi\u00f3n. Este art\u00edculo analiza en profundidad las medidas adoptadas, su contexto y sus repercusiones en el futuro de la regi\u00f3n.<\/p>\n<figure class=\"wp-block-image size-full\"><a href=\"https:\/\/noticiaspia.com\/wp-content\/uploads\/2025\/03\/sahel-va-768x432.jpg.webp\"><img fetchpriority=\"high\" decoding=\"async\" class=\"wp-image-59621\" src=\"https:\/\/noticiaspia.com\/wp-content\/uploads\/2025\/03\/sahel-va-768x432.jpg.webp\" sizes=\"auto, (max-width: 768px) 100vw, 768px\" srcset=\"https:\/\/noticiaspia.com\/wp-content\/uploads\/2025\/03\/sahel-va-768x432.jpg.webp 768w, https:\/\/noticiaspia.com\/wp-content\/uploads\/2025\/03\/sahel-va-768x432.jpg-300x169.webp 300w\" alt=\"\" width=\"768\" height=\"432\" \/><\/a><\/figure>\n<p>Desde el punto de vista pol\u00edtico, la salida de estos pa\u00edses de la Comunidad Econ\u00f3mica de Estados de \u00c1frica Occidental (CEDEAO) supuso un quiebre con una estructura que hab\u00eda impuesto sanciones tras los golpes de Estado que llevaron al poder a gobiernos militares en cada uno de ellos. Durante d\u00e9cadas, la CEDEAO funcion\u00f3 como un actor clave en la supervisi\u00f3n del orden pol\u00edtico regional, pero tambi\u00e9n como un mecanismo de influencia de Francia y otras potencias extranjeras. La decisi\u00f3n de estos pa\u00edses de abandonar la organizaci\u00f3n refleja una determinaci\u00f3n de desligarse de estructuras que, seg\u00fan sus l\u00edderes, perpetuaban la dependencia econ\u00f3mica y pol\u00edtica. Sin embargo, esta ruptura no estuvo exenta de costos: el comercio intrarregional cay\u00f3 un 12 % en el primer a\u00f1o posterior a la salida, aunque analistas proyectan que nuevos acuerdos bilaterales y el fortalecimiento del mercado interno podr\u00edan compensar esta p\u00e9rdida para 2025.<\/p>\n<p>En el \u00e1mbito de la seguridad, la expulsi\u00f3n de las tropas francesas y la ruptura de acuerdos militares con Francia marcaron un antes y un despu\u00e9s en la estrategia defensiva de la regi\u00f3n. La Operaci\u00f3n Barkhane, activa desde 2013, hab\u00eda sido justificada como un esfuerzo para contener la insurgencia yihadista en el Sahel, pero la percepci\u00f3n ciudadana sobre su efectividad se deterior\u00f3 con el tiempo. Encuestas realizadas en los \u00faltimos a\u00f1os indicaban que m\u00e1s del 60 % de la poblaci\u00f3n consideraba que la presencia militar francesa no hab\u00eda mejorado la seguridad y, en algunos casos, incluso la hab\u00eda empeorado. La retirada de estas fuerzas no estuvo exenta de desaf\u00edos: la criminalidad en algunas zonas aument\u00f3 temporalmente en un 20 %, aunque la llegada de asesores militares rusos y el establecimiento de una fuerza conjunta entre Burkina Faso, Mal\u00ed y N\u00edger han contribuido a reducir el n\u00famero de ataques en un 30 % en ciertas \u00e1reas.<\/p>\n<figure class=\"wp-block-embed is-type-wp-embed is-provider-pia-global wp-block-embed-pia-global\">\n<div class=\"wp-block-embed__wrapper\"><iframe class=\"wp-embedded-content\" title=\"\u00abEl Sahel tiene su Confederaci\u00f3n, un (otro) duro golpe al colonialismo\u00bb \u2014 Pia Global\" src=\"https:\/\/noticiaspia.com\/el-sahel-tiene-su-confederacion-un-otro-duro-golpe-al-colonialismo\/embed\/#?secret=MgeMNd9sA3#?secret=Cvkj3RCamI\" width=\"600\" height=\"479\" frameborder=\"0\" marginwidth=\"0\" marginheight=\"0\" scrolling=\"no\" sandbox=\"allow-scripts\" data-secret=\"Cvkj3RCamI\" data-mce-fragment=\"1\"><\/iframe><\/div>\n<\/figure>\n<p>Este nuevo bloque tambi\u00e9n ha optado por reformas econ\u00f3micas que apuntan a una mayor autonom\u00eda. Durante d\u00e9cadas, los tres pa\u00edses dependieron del franco CFA, una moneda vinculada al euro y bajo control del Tesoro franc\u00e9s, lo que limitaba su capacidad de implementar pol\u00edticas monetarias soberanas. La propuesta de una moneda propia dentro de la Confederaci\u00f3n de Estados del Sahel busca corregir esta situaci\u00f3n y, seg\u00fan estimaciones del FMI, podr\u00eda reducir la inflaci\u00f3n en un 8 %. A la par, el fortalecimiento de instituciones financieras regionales ha facilitado el acceso al cr\u00e9dito para peque\u00f1os productores agr\u00edcolas, con un incremento del 40 % en las solicitudes de financiamiento para el desarrollo rural.<\/p>\n<p>Uno de los aspectos m\u00e1s innovadores de este proceso ha sido la reforma del sistema judicial, que ha incorporado pr\u00e1cticas tradicionales para hacer el acceso a la justicia m\u00e1s eficiente y acorde a las realidades locales. Hist\u00f3ricamente, el sistema legal en estos pa\u00edses hab\u00eda estado basado en c\u00f3digos de origen colonial que no siempre se adaptaban a las necesidades de la poblaci\u00f3n. La creaci\u00f3n de m\u00e1s de 200 tribunales en zonas rurales ha contribuido a mejorar la confianza en el sistema, con encuestas que muestran un aumento del 35 % en la percepci\u00f3n positiva de la justicia local.<\/p>\n<p>En el \u00e1mbito de los derechos humanos, los gobiernos del Sahel han optado por un doble enfoque: por un lado, denunciar ante foros internacionales las violaciones cometidas en el marco de la lucha contra el terrorismo, y por otro, iniciar procesos judiciales internos contra responsables de abusos, tanto de grupos armados como de las fuerzas estatales. Esta estrategia ha permitido que la asistencia humanitaria internacional aumente un 50 %, aunque organizaciones de derechos humanos siguen se\u00f1alando desaf\u00edos en la implementaci\u00f3n de mecanismos de rendici\u00f3n de cuentas.<\/p>\n<p>Adem\u00e1s de la seguridad y la econom\u00eda, la Confederaci\u00f3n del Sahel ha puesto \u00e9nfasis en la promoci\u00f3n de la educaci\u00f3n y la cultura aut\u00f3ctona. Durante d\u00e9cadas, los sistemas educativos siguieron modelos impuestos desde el periodo colonial, marginando las lenguas y tradiciones locales. En el \u00faltimo a\u00f1o, m\u00e1s de 50 programas de educaci\u00f3n han sido reformados para incluir el uso de idiomas ind\u00edgenas, con un impacto directo en la tasa de matriculaci\u00f3n escolar, que ha aumentado en un 20 % en zonas rurales. Paralelamente, la producci\u00f3n cultural y art\u00edstica ha recibido un impulso con programas estatales de apoyo, fomentando la identidad nacional y el sentido de pertenencia entre los ciudadanos.<\/p>\n<p>Las nuevas alianzas internacionales han sido otro eje central de la estrategia del Sahel. Hist\u00f3ricamente alineados con Francia y otros pa\u00edses occidentales, estos gobiernos han diversificado sus relaciones diplom\u00e1ticas y econ\u00f3micas, estableciendo acuerdos con Rusia y China, entre otros actores. La inversi\u00f3n extranjera en infraestructura ha crecido un 30 % en el \u00faltimo a\u00f1o, particularmente en la construcci\u00f3n de carreteras y redes el\u00e9ctricas, mejorando el acceso a servicios b\u00e1sicos en zonas rurales.<\/p>\n<figure class=\"wp-block-embed is-type-wp-embed is-provider-pia-global wp-block-embed-pia-global\">\n<div class=\"wp-block-embed__wrapper\"><iframe class=\"wp-embedded-content\" title=\"\u00abConfederaci\u00f3n de Estados del Sahel, el nuevo enemigo de Occidente en \u00c1frica\u00bb \u2014 Pia Global\" src=\"https:\/\/noticiaspia.com\/confederacion-de-estados-del-sahel-el-nuevo-enemigo-de-occidente-en-africa\/embed\/#?secret=esvc8GlTOU#?secret=CGa0rIGI1P\" width=\"600\" height=\"576\" frameborder=\"0\" marginwidth=\"0\" marginheight=\"0\" scrolling=\"no\" sandbox=\"allow-scripts\" data-secret=\"CGa0rIGI1P\" data-mce-fragment=\"1\"><\/iframe><\/div>\n<\/figure>\n<p>El impacto de estos cambios no se ha limitado solo a Burkina Faso, Mal\u00ed y N\u00edger. Pa\u00edses vecinos como Senegal, Chad, Ben\u00edn y Ghana han comenzado a evaluar las implicaciones de este nuevo bloque. En Chad, el gobierno ha mostrado inter\u00e9s en establecer acuerdos de cooperaci\u00f3n con la Confederaci\u00f3n, mientras que en Ben\u00edn y Ghana se han generado debates internos sobre la posibilidad de alejarse de la CEDEAO y sumarse a una estructura con mayor autonom\u00eda econ\u00f3mica y pol\u00edtica. Senegal, tradicionalmente alineado con Francia, enfrenta un dilema estrat\u00e9gico, ya que sectores pol\u00edticos y sociales han comenzado a exigir una mayor independencia en l\u00ednea con el modelo del Sahel. La posibilidad de expansi\u00f3n de la Confederaci\u00f3n de Estados del Sahel no solo consolidar\u00eda un bloque con una mayor capacidad de negociaci\u00f3n, sino que podr\u00eda redefinir el equilibrio de poder en \u00c1frica Occidental.<\/p>\n<p>El futuro del Sahel se encuentra en una encrucijada. Si bien la ruptura con estructuras neocoloniales ha sido aclamada como un paso hacia la soberan\u00eda real, los desaf\u00edos persisten. El \u00e9xito de la Confederaci\u00f3n de Estados del Sahel depender\u00e1 de su capacidad para consolidar sus estructuras pol\u00edticas, garantizar estabilidad interna y mantener relaciones internacionales equilibradas que le permitan seguir avanzando en su desarrollo econ\u00f3mico y social. La historia de \u00c1frica ha estado marcada por intentos de independencia que han sido sofocados por injerencias externas y conflictos internos. Sin embargo, lo que ocurre hoy en el Sahel sugiere que una nueva narrativa est\u00e1 tomando forma, una en la que estos pa\u00edses buscan, por primera vez en mucho tiempo, escribir su propio destino.<\/p>\n<p><a href=\"https:\/\/noticiaspia.com\/confederacion-de-estados-del-sahel-herramienta-o-futuro-africano-para-la-descolonizacion\/\"><b>Fuente: Periodismo Internacional Alternativo \/ \u00a0Beto Cremonte<\/b><\/a><\/p>\n<\/div>\n","protected":false},"excerpt":{"rendered":"<p>Sahel. En el coraz\u00f3n del continente africano, Burkina Faso, Mal\u00ed y N\u00edger han dado un&#8230;<\/p>\n","protected":false},"author":1,"featured_media":2239,"comment_status":"open","ping_status":"closed","sticky":false,"template":"","format":"standard","meta":{"footnotes":""},"categories":[70],"tags":[184,524,670],"class_list":["post-2238","post","type-post","status-publish","format-standard","has-post-thumbnail","hentry","category-otras-voces","tag-africa","tag-descolonizacion","tag-sahel"],"yoast_head":"<!-- This site is optimized with the Yoast SEO plugin v27.4 - https:\/\/yoast.com\/product\/yoast-seo-wordpress\/ -->\n<title>Confederaci\u00f3n de Estados del Sahel \u00bfherramienta o futuro africano para la descolonizaci\u00f3n? -<\/title>\n<meta name=\"description\" content=\"Sahel. En el coraz\u00f3n del continente africano, Burkina Faso, Mal\u00ed y N\u00edger han dado un giro dr\u00e1stico en su historia reciente, emprendiendo un proceso de profunda descolonizaci\u00f3n y reconfiguraci\u00f3n geopol\u00edtica.\" \/>\n<meta name=\"robots\" content=\"index, follow, max-snippet:-1, max-image-preview:large, max-video-preview:-1\" \/>\n<link rel=\"canonical\" href=\"https:\/\/hueleaazufre.com\/wordpress_a\/index.php\/2025\/03\/19\/confederacion-de-estados-del-sahel-herramienta-o-futuro-africano-para-la-descolonizacion\/\" \/>\n<meta property=\"og:locale\" content=\"es_ES\" \/>\n<meta property=\"og:type\" content=\"article\" \/>\n<meta property=\"og:title\" content=\"Confederaci\u00f3n de Estados del Sahel \u00bfherramienta o futuro africano para la descolonizaci\u00f3n? -\" \/>\n<meta property=\"og:description\" content=\"Sahel. En el coraz\u00f3n del continente africano, Burkina Faso, Mal\u00ed y N\u00edger han dado un giro dr\u00e1stico en su historia reciente, emprendiendo un proceso de profunda descolonizaci\u00f3n y reconfiguraci\u00f3n geopol\u00edtica.\" \/>\n<meta property=\"og:url\" content=\"https:\/\/hueleaazufre.com\/wordpress_a\/index.php\/2025\/03\/19\/confederacion-de-estados-del-sahel-herramienta-o-futuro-africano-para-la-descolonizacion\/\" \/>\n<meta property=\"article:published_time\" content=\"2025-03-19T21:29:37+00:00\" \/>\n<meta property=\"article:modified_time\" content=\"2025-03-19T21:34:29+00:00\" \/>\n<meta property=\"og:image\" content=\"https:\/\/hueleaazufre.com\/wordpress_a\/wp-content\/uploads\/2025\/03\/1a.webp\" \/>\n\t<meta property=\"og:image:width\" content=\"768\" \/>\n\t<meta property=\"og:image:height\" content=\"432\" \/>\n\t<meta property=\"og:image:type\" content=\"image\/webp\" \/>\n<meta name=\"author\" content=\"Huele a azufre\" \/>\n<meta name=\"twitter:card\" content=\"summary_large_image\" \/>\n<meta name=\"twitter:label1\" content=\"Escrito por\" \/>\n\t<meta name=\"twitter:data1\" content=\"Huele a azufre\" \/>\n\t<meta name=\"twitter:label2\" content=\"Tiempo de lectura\" \/>\n\t<meta name=\"twitter:data2\" content=\"7 minutos\" \/>\n<script type=\"application\/ld+json\" class=\"yoast-schema-graph\">{\"@context\":\"https:\\\/\\\/schema.org\",\"@graph\":[{\"@type\":\"Article\",\"@id\":\"https:\\\/\\\/hueleaazufre.com\\\/wordpress_a\\\/index.php\\\/2025\\\/03\\\/19\\\/confederacion-de-estados-del-sahel-herramienta-o-futuro-africano-para-la-descolonizacion\\\/#article\",\"isPartOf\":{\"@id\":\"https:\\\/\\\/hueleaazufre.com\\\/wordpress_a\\\/index.php\\\/2025\\\/03\\\/19\\\/confederacion-de-estados-del-sahel-herramienta-o-futuro-africano-para-la-descolonizacion\\\/\"},\"author\":{\"name\":\"Huele a azufre\",\"@id\":\"https:\\\/\\\/hueleaazufre.com\\\/wordpress_a\\\/#\\\/schema\\\/person\\\/549dd871707ea7f9f1a686323ebe9baa\"},\"headline\":\"Confederaci\u00f3n de Estados del Sahel \u00bfherramienta o futuro africano para la descolonizaci\u00f3n?\",\"datePublished\":\"2025-03-19T21:29:37+00:00\",\"dateModified\":\"2025-03-19T21:34:29+00:00\",\"mainEntityOfPage\":{\"@id\":\"https:\\\/\\\/hueleaazufre.com\\\/wordpress_a\\\/index.php\\\/2025\\\/03\\\/19\\\/confederacion-de-estados-del-sahel-herramienta-o-futuro-africano-para-la-descolonizacion\\\/\"},\"wordCount\":1485,\"commentCount\":0,\"image\":{\"@id\":\"https:\\\/\\\/hueleaazufre.com\\\/wordpress_a\\\/index.php\\\/2025\\\/03\\\/19\\\/confederacion-de-estados-del-sahel-herramienta-o-futuro-africano-para-la-descolonizacion\\\/#primaryimage\"},\"thumbnailUrl\":\"https:\\\/\\\/hueleaazufre.com\\\/wordpress_a\\\/wp-content\\\/uploads\\\/2025\\\/03\\\/1a.webp\",\"keywords\":[\"\u00c1frica\",\"Descolonizaci\u00f3n\",\"Sahel\"],\"articleSection\":[\"Otras voces\"],\"inLanguage\":\"es\",\"potentialAction\":[{\"@type\":\"CommentAction\",\"name\":\"Comment\",\"target\":[\"https:\\\/\\\/hueleaazufre.com\\\/wordpress_a\\\/index.php\\\/2025\\\/03\\\/19\\\/confederacion-de-estados-del-sahel-herramienta-o-futuro-africano-para-la-descolonizacion\\\/#respond\"]}]},{\"@type\":\"WebPage\",\"@id\":\"https:\\\/\\\/hueleaazufre.com\\\/wordpress_a\\\/index.php\\\/2025\\\/03\\\/19\\\/confederacion-de-estados-del-sahel-herramienta-o-futuro-africano-para-la-descolonizacion\\\/\",\"url\":\"https:\\\/\\\/hueleaazufre.com\\\/wordpress_a\\\/index.php\\\/2025\\\/03\\\/19\\\/confederacion-de-estados-del-sahel-herramienta-o-futuro-africano-para-la-descolonizacion\\\/\",\"name\":\"Confederaci\u00f3n de Estados del Sahel \u00bfherramienta o futuro africano para la descolonizaci\u00f3n? -\",\"isPartOf\":{\"@id\":\"https:\\\/\\\/hueleaazufre.com\\\/wordpress_a\\\/#website\"},\"primaryImageOfPage\":{\"@id\":\"https:\\\/\\\/hueleaazufre.com\\\/wordpress_a\\\/index.php\\\/2025\\\/03\\\/19\\\/confederacion-de-estados-del-sahel-herramienta-o-futuro-africano-para-la-descolonizacion\\\/#primaryimage\"},\"image\":{\"@id\":\"https:\\\/\\\/hueleaazufre.com\\\/wordpress_a\\\/index.php\\\/2025\\\/03\\\/19\\\/confederacion-de-estados-del-sahel-herramienta-o-futuro-africano-para-la-descolonizacion\\\/#primaryimage\"},\"thumbnailUrl\":\"https:\\\/\\\/hueleaazufre.com\\\/wordpress_a\\\/wp-content\\\/uploads\\\/2025\\\/03\\\/1a.webp\",\"datePublished\":\"2025-03-19T21:29:37+00:00\",\"dateModified\":\"2025-03-19T21:34:29+00:00\",\"author\":{\"@id\":\"https:\\\/\\\/hueleaazufre.com\\\/wordpress_a\\\/#\\\/schema\\\/person\\\/549dd871707ea7f9f1a686323ebe9baa\"},\"description\":\"Sahel. En el coraz\u00f3n del continente africano, Burkina Faso, Mal\u00ed y N\u00edger han dado un giro dr\u00e1stico en su historia reciente, emprendiendo un proceso de profunda descolonizaci\u00f3n y reconfiguraci\u00f3n geopol\u00edtica.\",\"breadcrumb\":{\"@id\":\"https:\\\/\\\/hueleaazufre.com\\\/wordpress_a\\\/index.php\\\/2025\\\/03\\\/19\\\/confederacion-de-estados-del-sahel-herramienta-o-futuro-africano-para-la-descolonizacion\\\/#breadcrumb\"},\"inLanguage\":\"es\",\"potentialAction\":[{\"@type\":\"ReadAction\",\"target\":[\"https:\\\/\\\/hueleaazufre.com\\\/wordpress_a\\\/index.php\\\/2025\\\/03\\\/19\\\/confederacion-de-estados-del-sahel-herramienta-o-futuro-africano-para-la-descolonizacion\\\/\"]}]},{\"@type\":\"ImageObject\",\"inLanguage\":\"es\",\"@id\":\"https:\\\/\\\/hueleaazufre.com\\\/wordpress_a\\\/index.php\\\/2025\\\/03\\\/19\\\/confederacion-de-estados-del-sahel-herramienta-o-futuro-africano-para-la-descolonizacion\\\/#primaryimage\",\"url\":\"https:\\\/\\\/hueleaazufre.com\\\/wordpress_a\\\/wp-content\\\/uploads\\\/2025\\\/03\\\/1a.webp\",\"contentUrl\":\"https:\\\/\\\/hueleaazufre.com\\\/wordpress_a\\\/wp-content\\\/uploads\\\/2025\\\/03\\\/1a.webp\",\"width\":768,\"height\":432,\"caption\":\"Sahel\"},{\"@type\":\"BreadcrumbList\",\"@id\":\"https:\\\/\\\/hueleaazufre.com\\\/wordpress_a\\\/index.php\\\/2025\\\/03\\\/19\\\/confederacion-de-estados-del-sahel-herramienta-o-futuro-africano-para-la-descolonizacion\\\/#breadcrumb\",\"itemListElement\":[{\"@type\":\"ListItem\",\"position\":1,\"name\":\"Portada\",\"item\":\"https:\\\/\\\/hueleaazufre.com\\\/wordpress_a\\\/\"},{\"@type\":\"ListItem\",\"position\":2,\"name\":\"Confederaci\u00f3n de Estados del Sahel \u00bfherramienta o futuro africano para la descolonizaci\u00f3n?\"}]},{\"@type\":\"WebSite\",\"@id\":\"https:\\\/\\\/hueleaazufre.com\\\/wordpress_a\\\/#website\",\"url\":\"https:\\\/\\\/hueleaazufre.com\\\/wordpress_a\\\/\",\"name\":\"\",\"description\":\"Huele a azufre es una plataforma digital de an\u00e1lisis geopol\u00edtico.\",\"potentialAction\":[{\"@type\":\"SearchAction\",\"target\":{\"@type\":\"EntryPoint\",\"urlTemplate\":\"https:\\\/\\\/hueleaazufre.com\\\/wordpress_a\\\/?s={search_term_string}\"},\"query-input\":{\"@type\":\"PropertyValueSpecification\",\"valueRequired\":true,\"valueName\":\"search_term_string\"}}],\"inLanguage\":\"es\"},{\"@type\":\"Person\",\"@id\":\"https:\\\/\\\/hueleaazufre.com\\\/wordpress_a\\\/#\\\/schema\\\/person\\\/549dd871707ea7f9f1a686323ebe9baa\",\"name\":\"Huele a azufre\",\"image\":{\"@type\":\"ImageObject\",\"inLanguage\":\"es\",\"@id\":\"https:\\\/\\\/secure.gravatar.com\\\/avatar\\\/e972d5c124b9bf80eb4c9d322a90dd86a59d447f5da36700a77516f13637d44e?s=96&d=mm&r=g\",\"url\":\"https:\\\/\\\/secure.gravatar.com\\\/avatar\\\/e972d5c124b9bf80eb4c9d322a90dd86a59d447f5da36700a77516f13637d44e?s=96&d=mm&r=g\",\"contentUrl\":\"https:\\\/\\\/secure.gravatar.com\\\/avatar\\\/e972d5c124b9bf80eb4c9d322a90dd86a59d447f5da36700a77516f13637d44e?s=96&d=mm&r=g\",\"caption\":\"Huele a azufre\"},\"description\":\"Huele a azufre es una plataforma digital de an\u00e1lisis geopol\u00edtico\u00a0 contrahegem\u00f3nico, que busca visibilizar las voces y los discursos silenciados por el poder medi\u00e1tico.\",\"sameAs\":[\"https:\\\/\\\/hueleaazufre.com\\\/wordpress_a\"],\"url\":\"https:\\\/\\\/hueleaazufre.com\\\/wordpress_a\\\/index.php\\\/author\\\/admin_tupapa\\\/\"}]}<\/script>\n<!-- \/ Yoast SEO plugin. -->","yoast_head_json":{"title":"Confederaci\u00f3n de Estados del Sahel \u00bfherramienta o futuro africano para la descolonizaci\u00f3n? -","description":"Sahel. En el coraz\u00f3n del continente africano, Burkina Faso, Mal\u00ed y N\u00edger han dado un giro dr\u00e1stico en su historia reciente, emprendiendo un proceso de profunda descolonizaci\u00f3n y reconfiguraci\u00f3n geopol\u00edtica.","robots":{"index":"index","follow":"follow","max-snippet":"max-snippet:-1","max-image-preview":"max-image-preview:large","max-video-preview":"max-video-preview:-1"},"canonical":"https:\/\/hueleaazufre.com\/wordpress_a\/index.php\/2025\/03\/19\/confederacion-de-estados-del-sahel-herramienta-o-futuro-africano-para-la-descolonizacion\/","og_locale":"es_ES","og_type":"article","og_title":"Confederaci\u00f3n de Estados del Sahel \u00bfherramienta o futuro africano para la descolonizaci\u00f3n? -","og_description":"Sahel. En el coraz\u00f3n del continente africano, Burkina Faso, Mal\u00ed y N\u00edger han dado un giro dr\u00e1stico en su historia reciente, emprendiendo un proceso de profunda descolonizaci\u00f3n y reconfiguraci\u00f3n geopol\u00edtica.","og_url":"https:\/\/hueleaazufre.com\/wordpress_a\/index.php\/2025\/03\/19\/confederacion-de-estados-del-sahel-herramienta-o-futuro-africano-para-la-descolonizacion\/","article_published_time":"2025-03-19T21:29:37+00:00","article_modified_time":"2025-03-19T21:34:29+00:00","og_image":[{"width":768,"height":432,"url":"https:\/\/hueleaazufre.com\/wordpress_a\/wp-content\/uploads\/2025\/03\/1a.webp","type":"image\/webp"}],"author":"Huele a azufre","twitter_card":"summary_large_image","twitter_misc":{"Escrito por":"Huele a azufre","Tiempo de lectura":"7 minutos"},"schema":{"@context":"https:\/\/schema.org","@graph":[{"@type":"Article","@id":"https:\/\/hueleaazufre.com\/wordpress_a\/index.php\/2025\/03\/19\/confederacion-de-estados-del-sahel-herramienta-o-futuro-africano-para-la-descolonizacion\/#article","isPartOf":{"@id":"https:\/\/hueleaazufre.com\/wordpress_a\/index.php\/2025\/03\/19\/confederacion-de-estados-del-sahel-herramienta-o-futuro-africano-para-la-descolonizacion\/"},"author":{"name":"Huele a azufre","@id":"https:\/\/hueleaazufre.com\/wordpress_a\/#\/schema\/person\/549dd871707ea7f9f1a686323ebe9baa"},"headline":"Confederaci\u00f3n de Estados del Sahel \u00bfherramienta o futuro africano para la descolonizaci\u00f3n?","datePublished":"2025-03-19T21:29:37+00:00","dateModified":"2025-03-19T21:34:29+00:00","mainEntityOfPage":{"@id":"https:\/\/hueleaazufre.com\/wordpress_a\/index.php\/2025\/03\/19\/confederacion-de-estados-del-sahel-herramienta-o-futuro-africano-para-la-descolonizacion\/"},"wordCount":1485,"commentCount":0,"image":{"@id":"https:\/\/hueleaazufre.com\/wordpress_a\/index.php\/2025\/03\/19\/confederacion-de-estados-del-sahel-herramienta-o-futuro-africano-para-la-descolonizacion\/#primaryimage"},"thumbnailUrl":"https:\/\/hueleaazufre.com\/wordpress_a\/wp-content\/uploads\/2025\/03\/1a.webp","keywords":["\u00c1frica","Descolonizaci\u00f3n","Sahel"],"articleSection":["Otras voces"],"inLanguage":"es","potentialAction":[{"@type":"CommentAction","name":"Comment","target":["https:\/\/hueleaazufre.com\/wordpress_a\/index.php\/2025\/03\/19\/confederacion-de-estados-del-sahel-herramienta-o-futuro-africano-para-la-descolonizacion\/#respond"]}]},{"@type":"WebPage","@id":"https:\/\/hueleaazufre.com\/wordpress_a\/index.php\/2025\/03\/19\/confederacion-de-estados-del-sahel-herramienta-o-futuro-africano-para-la-descolonizacion\/","url":"https:\/\/hueleaazufre.com\/wordpress_a\/index.php\/2025\/03\/19\/confederacion-de-estados-del-sahel-herramienta-o-futuro-africano-para-la-descolonizacion\/","name":"Confederaci\u00f3n de Estados del Sahel \u00bfherramienta o futuro africano para la descolonizaci\u00f3n? -","isPartOf":{"@id":"https:\/\/hueleaazufre.com\/wordpress_a\/#website"},"primaryImageOfPage":{"@id":"https:\/\/hueleaazufre.com\/wordpress_a\/index.php\/2025\/03\/19\/confederacion-de-estados-del-sahel-herramienta-o-futuro-africano-para-la-descolonizacion\/#primaryimage"},"image":{"@id":"https:\/\/hueleaazufre.com\/wordpress_a\/index.php\/2025\/03\/19\/confederacion-de-estados-del-sahel-herramienta-o-futuro-africano-para-la-descolonizacion\/#primaryimage"},"thumbnailUrl":"https:\/\/hueleaazufre.com\/wordpress_a\/wp-content\/uploads\/2025\/03\/1a.webp","datePublished":"2025-03-19T21:29:37+00:00","dateModified":"2025-03-19T21:34:29+00:00","author":{"@id":"https:\/\/hueleaazufre.com\/wordpress_a\/#\/schema\/person\/549dd871707ea7f9f1a686323ebe9baa"},"description":"Sahel. En el coraz\u00f3n del continente africano, Burkina Faso, Mal\u00ed y N\u00edger han dado un giro dr\u00e1stico en su historia reciente, emprendiendo un proceso de profunda descolonizaci\u00f3n y reconfiguraci\u00f3n geopol\u00edtica.","breadcrumb":{"@id":"https:\/\/hueleaazufre.com\/wordpress_a\/index.php\/2025\/03\/19\/confederacion-de-estados-del-sahel-herramienta-o-futuro-africano-para-la-descolonizacion\/#breadcrumb"},"inLanguage":"es","potentialAction":[{"@type":"ReadAction","target":["https:\/\/hueleaazufre.com\/wordpress_a\/index.php\/2025\/03\/19\/confederacion-de-estados-del-sahel-herramienta-o-futuro-africano-para-la-descolonizacion\/"]}]},{"@type":"ImageObject","inLanguage":"es","@id":"https:\/\/hueleaazufre.com\/wordpress_a\/index.php\/2025\/03\/19\/confederacion-de-estados-del-sahel-herramienta-o-futuro-africano-para-la-descolonizacion\/#primaryimage","url":"https:\/\/hueleaazufre.com\/wordpress_a\/wp-content\/uploads\/2025\/03\/1a.webp","contentUrl":"https:\/\/hueleaazufre.com\/wordpress_a\/wp-content\/uploads\/2025\/03\/1a.webp","width":768,"height":432,"caption":"Sahel"},{"@type":"BreadcrumbList","@id":"https:\/\/hueleaazufre.com\/wordpress_a\/index.php\/2025\/03\/19\/confederacion-de-estados-del-sahel-herramienta-o-futuro-africano-para-la-descolonizacion\/#breadcrumb","itemListElement":[{"@type":"ListItem","position":1,"name":"Portada","item":"https:\/\/hueleaazufre.com\/wordpress_a\/"},{"@type":"ListItem","position":2,"name":"Confederaci\u00f3n de Estados del Sahel \u00bfherramienta o futuro africano para la descolonizaci\u00f3n?"}]},{"@type":"WebSite","@id":"https:\/\/hueleaazufre.com\/wordpress_a\/#website","url":"https:\/\/hueleaazufre.com\/wordpress_a\/","name":"","description":"Huele a azufre es una plataforma digital de an\u00e1lisis geopol\u00edtico.","potentialAction":[{"@type":"SearchAction","target":{"@type":"EntryPoint","urlTemplate":"https:\/\/hueleaazufre.com\/wordpress_a\/?s={search_term_string}"},"query-input":{"@type":"PropertyValueSpecification","valueRequired":true,"valueName":"search_term_string"}}],"inLanguage":"es"},{"@type":"Person","@id":"https:\/\/hueleaazufre.com\/wordpress_a\/#\/schema\/person\/549dd871707ea7f9f1a686323ebe9baa","name":"Huele a azufre","image":{"@type":"ImageObject","inLanguage":"es","@id":"https:\/\/secure.gravatar.com\/avatar\/e972d5c124b9bf80eb4c9d322a90dd86a59d447f5da36700a77516f13637d44e?s=96&d=mm&r=g","url":"https:\/\/secure.gravatar.com\/avatar\/e972d5c124b9bf80eb4c9d322a90dd86a59d447f5da36700a77516f13637d44e?s=96&d=mm&r=g","contentUrl":"https:\/\/secure.gravatar.com\/avatar\/e972d5c124b9bf80eb4c9d322a90dd86a59d447f5da36700a77516f13637d44e?s=96&d=mm&r=g","caption":"Huele a azufre"},"description":"Huele a azufre es una plataforma digital de an\u00e1lisis geopol\u00edtico\u00a0 contrahegem\u00f3nico, que busca visibilizar las voces y los discursos silenciados por el poder medi\u00e1tico.","sameAs":["https:\/\/hueleaazufre.com\/wordpress_a"],"url":"https:\/\/hueleaazufre.com\/wordpress_a\/index.php\/author\/admin_tupapa\/"}]}},"_links":{"self":[{"href":"https:\/\/hueleaazufre.com\/wordpress_a\/index.php\/wp-json\/wp\/v2\/posts\/2238","targetHints":{"allow":["GET"]}}],"collection":[{"href":"https:\/\/hueleaazufre.com\/wordpress_a\/index.php\/wp-json\/wp\/v2\/posts"}],"about":[{"href":"https:\/\/hueleaazufre.com\/wordpress_a\/index.php\/wp-json\/wp\/v2\/types\/post"}],"author":[{"embeddable":true,"href":"https:\/\/hueleaazufre.com\/wordpress_a\/index.php\/wp-json\/wp\/v2\/users\/1"}],"replies":[{"embeddable":true,"href":"https:\/\/hueleaazufre.com\/wordpress_a\/index.php\/wp-json\/wp\/v2\/comments?post=2238"}],"version-history":[{"count":2,"href":"https:\/\/hueleaazufre.com\/wordpress_a\/index.php\/wp-json\/wp\/v2\/posts\/2238\/revisions"}],"predecessor-version":[{"id":2242,"href":"https:\/\/hueleaazufre.com\/wordpress_a\/index.php\/wp-json\/wp\/v2\/posts\/2238\/revisions\/2242"}],"wp:featuredmedia":[{"embeddable":true,"href":"https:\/\/hueleaazufre.com\/wordpress_a\/index.php\/wp-json\/wp\/v2\/media\/2239"}],"wp:attachment":[{"href":"https:\/\/hueleaazufre.com\/wordpress_a\/index.php\/wp-json\/wp\/v2\/media?parent=2238"}],"wp:term":[{"taxonomy":"category","embeddable":true,"href":"https:\/\/hueleaazufre.com\/wordpress_a\/index.php\/wp-json\/wp\/v2\/categories?post=2238"},{"taxonomy":"post_tag","embeddable":true,"href":"https:\/\/hueleaazufre.com\/wordpress_a\/index.php\/wp-json\/wp\/v2\/tags?post=2238"}],"curies":[{"name":"wp","href":"https:\/\/api.w.org\/{rel}","templated":true}]}}