{"id":2243,"date":"2025-03-19T21:41:58","date_gmt":"2025-03-19T21:41:58","guid":{"rendered":"https:\/\/hueleaazufre.com\/wordpress_a\/?p=2243"},"modified":"2025-03-19T21:41:58","modified_gmt":"2025-03-19T21:41:58","slug":"geopolitica-en-la-corte-internacional-de-injusticia","status":"publish","type":"post","link":"https:\/\/hueleaazufre.com\/wordpress_a\/index.php\/2025\/03\/19\/geopolitica-en-la-corte-internacional-de-injusticia\/","title":{"rendered":"Geopol\u00edtica en la Corte Internacional de Injusticia"},"content":{"rendered":"<p>El pr\u00f3ximo mes de agosto Venezuela se presentar\u00e1 ante la Corte Internacional de Justicia con el prop\u00f3sito de exponer la \u201cduplica\u201d a la demanda interpuesta por Guyana quien usa el Arbitraje del Laudo de 1899 en Paris como \u00fanico documento que justifica su posesi\u00f3n sobre el territorio de la Guayana Esequiba.<\/p>\n<p>Venezuela por el contrario ha mostrado y expondr\u00e1n nuevos alegatos que le confieren el derecho internacional sustentado en un archivo documental jur\u00eddico e hist\u00f3rico que muestra todas las pruebas que sustentan su reclamo al territorio de la Guayana Esequiba, incluyendo lo instituido en el Acuerdo de Ginebra de 1966.<\/p>\n<p>Guyana\u00a0 y Venezuela se pronunciaron favorablemente cuando\u00a0<em>\u201cAcordaron que cualquier controversia entre los dos Estados se resolver\u00e1 de conformidad con el derecho internacional, incluido el Acuerdo de Ginebra de 17 de febrero de 1966\u201d<\/em>\u00a0seg\u00fan los texto del art\u00edculo 2 firmados entre los presidente \u00a0Irfan Ali de Guyana y Nicol\u00e1s Maduro Moros de Venezuela, en la Declaraci\u00f3n de Argyle realizada en San Vicente y las Granadinas, el 14 de diciembre de 2023,<\/p>\n<p>Lo que debemos conocer en perspectiva hist\u00f3rica inmediata es que la Vicepresidenta\u00a0 de la actual CIJ es la jueza ugandesa\u00a0Julia Sebuntinde que fue la \u00fanica magistrada \u00a0que vot\u00f3 en contra de los 17 jueces que favorecieron una \u201c<em>decisi\u00f3n anticipada para ordenar seis medidas provisionales para proteger a los palestinos en Gaza\u201d<\/em>. Es decir para proteger a la poblaci\u00f3n palestina contra un genocidio en desarrollo en 2024 que se consum\u00f3 y cuyas pruebas son p\u00fablicas, notorias y comunicacionales con el arrase de la poblaci\u00f3n palestina en Gaza..<\/p>\n<p>El alegato del jueza Sebuntine \u00a0se bas\u00f3 en una interpretaci\u00f3n extravagante de la siguiente manera: \u201c<em>En mi respetuosa opini\u00f3n disidente, la disputa entre el Estado de Israel y el pueblo de Palestina es esencial e hist\u00f3ricamente, pol\u00edtica<\/em>\u201d. \u201c<em>No se trata de una controversia jur\u00eddica susceptible de soluci\u00f3n judicial por parte de la Corte\u201d,<\/em><\/p>\n<p>Sur\u00e1frica que fue el pa\u00eds que lider\u00f3 el alegado ante la CIJ a favor del pueblo palestino qued\u00f3 estupefacta, as\u00ed como el mundo civilizado cuando la jueza explic\u00f3 que\u00a0<em>\u201cSud\u00e1frica no demostr\u00f3 que los actos supuestamente cometidos por Israel fueron \u201ccometidos con la intenci\u00f3n genocida necesaria y que, como resultado, pueden caer del \u00e1mbito de aplicaci\u00f3n de la Convenci\u00f3n sobre el Genocidio\u201d.\u00a0<\/em>No aclares que oscurece, por Dios. Y esa ser\u00e1 una de las juezas que tendr\u00e1 la CIJ para calificar la disputa territorial entre Venezuela y Guyana.<\/p>\n<p><a href=\"https:\/\/www.telesurtv.net\/opinion\/geopolitica-en-la-corte-internacional-de-injusticia\/\"><strong>Fuente: Telesur<\/strong><\/a><\/p>\n","protected":false},"excerpt":{"rendered":"<p>El pr\u00f3ximo mes de agosto Venezuela se presentar\u00e1 ante la Corte Internacional de Justicia con&#8230;<\/p>\n","protected":false},"author":1,"featured_media":2244,"comment_status":"open","ping_status":"closed","sticky":false,"template":"","format":"standard","meta":{"footnotes":""},"categories":[56],"tags":[31,72,30],"class_list":["post-2243","post","type-post","status-publish","format-standard","has-post-thumbnail","hentry","category-medios-aliados","tag-geopolitica","tag-guyana","tag-venezuela"],"yoast_head":"<!-- This site is optimized with the Yoast SEO plugin v27.4 - https:\/\/yoast.com\/product\/yoast-seo-wordpress\/ -->\n<title>Geopol\u00edtica en la Corte Internacional de Injusticia -<\/title>\n<meta name=\"description\" content=\"Geopol\u00edtica. El pr\u00f3ximo mes de agosto Venezuela se presentar\u00e1 ante la Corte Internacional de Justicia con el prop\u00f3sito de exponer...\" \/>\n<meta name=\"robots\" content=\"index, follow, max-snippet:-1, max-image-preview:large, max-video-preview:-1\" \/>\n<link rel=\"canonical\" href=\"https:\/\/hueleaazufre.com\/wordpress_a\/index.php\/2025\/03\/19\/geopolitica-en-la-corte-internacional-de-injusticia\/\" \/>\n<meta property=\"og:locale\" content=\"es_ES\" \/>\n<meta property=\"og:type\" content=\"article\" \/>\n<meta property=\"og:title\" content=\"Geopol\u00edtica en la Corte Internacional de Injusticia -\" \/>\n<meta property=\"og:description\" content=\"Geopol\u00edtica. El pr\u00f3ximo mes de agosto Venezuela se presentar\u00e1 ante la Corte Internacional de Justicia con el prop\u00f3sito de exponer...\" \/>\n<meta property=\"og:url\" content=\"https:\/\/hueleaazufre.com\/wordpress_a\/index.php\/2025\/03\/19\/geopolitica-en-la-corte-internacional-de-injusticia\/\" \/>\n<meta property=\"article:published_time\" content=\"2025-03-19T21:41:58+00:00\" \/>\n<meta property=\"og:image\" content=\"https:\/\/hueleaazufre.com\/wordpress_a\/wp-content\/uploads\/2025\/03\/2a.webp\" \/>\n\t<meta property=\"og:image:width\" content=\"768\" \/>\n\t<meta property=\"og:image:height\" content=\"463\" \/>\n\t<meta property=\"og:image:type\" content=\"image\/webp\" \/>\n<meta name=\"author\" content=\"Huele a azufre\" \/>\n<meta name=\"twitter:card\" content=\"summary_large_image\" \/>\n<meta name=\"twitter:label1\" content=\"Escrito por\" \/>\n\t<meta name=\"twitter:data1\" content=\"Huele a azufre\" \/>\n\t<meta name=\"twitter:label2\" content=\"Tiempo de lectura\" \/>\n\t<meta name=\"twitter:data2\" content=\"3 minutos\" \/>\n<script type=\"application\/ld+json\" class=\"yoast-schema-graph\">{\"@context\":\"https:\\\/\\\/schema.org\",\"@graph\":[{\"@type\":\"Article\",\"@id\":\"https:\\\/\\\/hueleaazufre.com\\\/wordpress_a\\\/index.php\\\/2025\\\/03\\\/19\\\/geopolitica-en-la-corte-internacional-de-injusticia\\\/#article\",\"isPartOf\":{\"@id\":\"https:\\\/\\\/hueleaazufre.com\\\/wordpress_a\\\/index.php\\\/2025\\\/03\\\/19\\\/geopolitica-en-la-corte-internacional-de-injusticia\\\/\"},\"author\":{\"name\":\"Huele a azufre\",\"@id\":\"https:\\\/\\\/hueleaazufre.com\\\/wordpress_a\\\/#\\\/schema\\\/person\\\/549dd871707ea7f9f1a686323ebe9baa\"},\"headline\":\"Geopol\u00edtica en la Corte Internacional de Injusticia\",\"datePublished\":\"2025-03-19T21:41:58+00:00\",\"mainEntityOfPage\":{\"@id\":\"https:\\\/\\\/hueleaazufre.com\\\/wordpress_a\\\/index.php\\\/2025\\\/03\\\/19\\\/geopolitica-en-la-corte-internacional-de-injusticia\\\/\"},\"wordCount\":428,\"commentCount\":0,\"image\":{\"@id\":\"https:\\\/\\\/hueleaazufre.com\\\/wordpress_a\\\/index.php\\\/2025\\\/03\\\/19\\\/geopolitica-en-la-corte-internacional-de-injusticia\\\/#primaryimage\"},\"thumbnailUrl\":\"https:\\\/\\\/hueleaazufre.com\\\/wordpress_a\\\/wp-content\\\/uploads\\\/2025\\\/03\\\/2a.webp\",\"keywords\":[\"Geopol\u00edtica\",\"Guyana\",\"Venezuela\"],\"articleSection\":[\"Medios aliados\"],\"inLanguage\":\"es\",\"potentialAction\":[{\"@type\":\"CommentAction\",\"name\":\"Comment\",\"target\":[\"https:\\\/\\\/hueleaazufre.com\\\/wordpress_a\\\/index.php\\\/2025\\\/03\\\/19\\\/geopolitica-en-la-corte-internacional-de-injusticia\\\/#respond\"]}]},{\"@type\":\"WebPage\",\"@id\":\"https:\\\/\\\/hueleaazufre.com\\\/wordpress_a\\\/index.php\\\/2025\\\/03\\\/19\\\/geopolitica-en-la-corte-internacional-de-injusticia\\\/\",\"url\":\"https:\\\/\\\/hueleaazufre.com\\\/wordpress_a\\\/index.php\\\/2025\\\/03\\\/19\\\/geopolitica-en-la-corte-internacional-de-injusticia\\\/\",\"name\":\"Geopol\u00edtica en la Corte Internacional de Injusticia -\",\"isPartOf\":{\"@id\":\"https:\\\/\\\/hueleaazufre.com\\\/wordpress_a\\\/#website\"},\"primaryImageOfPage\":{\"@id\":\"https:\\\/\\\/hueleaazufre.com\\\/wordpress_a\\\/index.php\\\/2025\\\/03\\\/19\\\/geopolitica-en-la-corte-internacional-de-injusticia\\\/#primaryimage\"},\"image\":{\"@id\":\"https:\\\/\\\/hueleaazufre.com\\\/wordpress_a\\\/index.php\\\/2025\\\/03\\\/19\\\/geopolitica-en-la-corte-internacional-de-injusticia\\\/#primaryimage\"},\"thumbnailUrl\":\"https:\\\/\\\/hueleaazufre.com\\\/wordpress_a\\\/wp-content\\\/uploads\\\/2025\\\/03\\\/2a.webp\",\"datePublished\":\"2025-03-19T21:41:58+00:00\",\"author\":{\"@id\":\"https:\\\/\\\/hueleaazufre.com\\\/wordpress_a\\\/#\\\/schema\\\/person\\\/549dd871707ea7f9f1a686323ebe9baa\"},\"description\":\"Geopol\u00edtica. El pr\u00f3ximo mes de agosto Venezuela se presentar\u00e1 ante la Corte Internacional de Justicia con el prop\u00f3sito de exponer...\",\"breadcrumb\":{\"@id\":\"https:\\\/\\\/hueleaazufre.com\\\/wordpress_a\\\/index.php\\\/2025\\\/03\\\/19\\\/geopolitica-en-la-corte-internacional-de-injusticia\\\/#breadcrumb\"},\"inLanguage\":\"es\",\"potentialAction\":[{\"@type\":\"ReadAction\",\"target\":[\"https:\\\/\\\/hueleaazufre.com\\\/wordpress_a\\\/index.php\\\/2025\\\/03\\\/19\\\/geopolitica-en-la-corte-internacional-de-injusticia\\\/\"]}]},{\"@type\":\"ImageObject\",\"inLanguage\":\"es\",\"@id\":\"https:\\\/\\\/hueleaazufre.com\\\/wordpress_a\\\/index.php\\\/2025\\\/03\\\/19\\\/geopolitica-en-la-corte-internacional-de-injusticia\\\/#primaryimage\",\"url\":\"https:\\\/\\\/hueleaazufre.com\\\/wordpress_a\\\/wp-content\\\/uploads\\\/2025\\\/03\\\/2a.webp\",\"contentUrl\":\"https:\\\/\\\/hueleaazufre.com\\\/wordpress_a\\\/wp-content\\\/uploads\\\/2025\\\/03\\\/2a.webp\",\"width\":768,\"height\":463,\"caption\":\"Geopol\u00edtica\"},{\"@type\":\"BreadcrumbList\",\"@id\":\"https:\\\/\\\/hueleaazufre.com\\\/wordpress_a\\\/index.php\\\/2025\\\/03\\\/19\\\/geopolitica-en-la-corte-internacional-de-injusticia\\\/#breadcrumb\",\"itemListElement\":[{\"@type\":\"ListItem\",\"position\":1,\"name\":\"Portada\",\"item\":\"https:\\\/\\\/hueleaazufre.com\\\/wordpress_a\\\/\"},{\"@type\":\"ListItem\",\"position\":2,\"name\":\"Geopol\u00edtica en la Corte Internacional de Injusticia\"}]},{\"@type\":\"WebSite\",\"@id\":\"https:\\\/\\\/hueleaazufre.com\\\/wordpress_a\\\/#website\",\"url\":\"https:\\\/\\\/hueleaazufre.com\\\/wordpress_a\\\/\",\"name\":\"\",\"description\":\"Huele a azufre es una plataforma digital de an\u00e1lisis geopol\u00edtico.\",\"potentialAction\":[{\"@type\":\"SearchAction\",\"target\":{\"@type\":\"EntryPoint\",\"urlTemplate\":\"https:\\\/\\\/hueleaazufre.com\\\/wordpress_a\\\/?s={search_term_string}\"},\"query-input\":{\"@type\":\"PropertyValueSpecification\",\"valueRequired\":true,\"valueName\":\"search_term_string\"}}],\"inLanguage\":\"es\"},{\"@type\":\"Person\",\"@id\":\"https:\\\/\\\/hueleaazufre.com\\\/wordpress_a\\\/#\\\/schema\\\/person\\\/549dd871707ea7f9f1a686323ebe9baa\",\"name\":\"Huele a azufre\",\"image\":{\"@type\":\"ImageObject\",\"inLanguage\":\"es\",\"@id\":\"https:\\\/\\\/secure.gravatar.com\\\/avatar\\\/e972d5c124b9bf80eb4c9d322a90dd86a59d447f5da36700a77516f13637d44e?s=96&d=mm&r=g\",\"url\":\"https:\\\/\\\/secure.gravatar.com\\\/avatar\\\/e972d5c124b9bf80eb4c9d322a90dd86a59d447f5da36700a77516f13637d44e?s=96&d=mm&r=g\",\"contentUrl\":\"https:\\\/\\\/secure.gravatar.com\\\/avatar\\\/e972d5c124b9bf80eb4c9d322a90dd86a59d447f5da36700a77516f13637d44e?s=96&d=mm&r=g\",\"caption\":\"Huele a azufre\"},\"description\":\"Huele a azufre es una plataforma digital de an\u00e1lisis geopol\u00edtico\u00a0 contrahegem\u00f3nico, que busca visibilizar las voces y los discursos silenciados por el poder medi\u00e1tico.\",\"sameAs\":[\"https:\\\/\\\/hueleaazufre.com\\\/wordpress_a\"],\"url\":\"https:\\\/\\\/hueleaazufre.com\\\/wordpress_a\\\/index.php\\\/author\\\/admin_tupapa\\\/\"}]}<\/script>\n<!-- \/ Yoast SEO plugin. -->","yoast_head_json":{"title":"Geopol\u00edtica en la Corte Internacional de Injusticia -","description":"Geopol\u00edtica. El pr\u00f3ximo mes de agosto Venezuela se presentar\u00e1 ante la Corte Internacional de Justicia con el prop\u00f3sito de exponer...","robots":{"index":"index","follow":"follow","max-snippet":"max-snippet:-1","max-image-preview":"max-image-preview:large","max-video-preview":"max-video-preview:-1"},"canonical":"https:\/\/hueleaazufre.com\/wordpress_a\/index.php\/2025\/03\/19\/geopolitica-en-la-corte-internacional-de-injusticia\/","og_locale":"es_ES","og_type":"article","og_title":"Geopol\u00edtica en la Corte Internacional de Injusticia -","og_description":"Geopol\u00edtica. El pr\u00f3ximo mes de agosto Venezuela se presentar\u00e1 ante la Corte Internacional de Justicia con el prop\u00f3sito de exponer...","og_url":"https:\/\/hueleaazufre.com\/wordpress_a\/index.php\/2025\/03\/19\/geopolitica-en-la-corte-internacional-de-injusticia\/","article_published_time":"2025-03-19T21:41:58+00:00","og_image":[{"width":768,"height":463,"url":"https:\/\/hueleaazufre.com\/wordpress_a\/wp-content\/uploads\/2025\/03\/2a.webp","type":"image\/webp"}],"author":"Huele a azufre","twitter_card":"summary_large_image","twitter_misc":{"Escrito por":"Huele a azufre","Tiempo de lectura":"3 minutos"},"schema":{"@context":"https:\/\/schema.org","@graph":[{"@type":"Article","@id":"https:\/\/hueleaazufre.com\/wordpress_a\/index.php\/2025\/03\/19\/geopolitica-en-la-corte-internacional-de-injusticia\/#article","isPartOf":{"@id":"https:\/\/hueleaazufre.com\/wordpress_a\/index.php\/2025\/03\/19\/geopolitica-en-la-corte-internacional-de-injusticia\/"},"author":{"name":"Huele a azufre","@id":"https:\/\/hueleaazufre.com\/wordpress_a\/#\/schema\/person\/549dd871707ea7f9f1a686323ebe9baa"},"headline":"Geopol\u00edtica en la Corte Internacional de Injusticia","datePublished":"2025-03-19T21:41:58+00:00","mainEntityOfPage":{"@id":"https:\/\/hueleaazufre.com\/wordpress_a\/index.php\/2025\/03\/19\/geopolitica-en-la-corte-internacional-de-injusticia\/"},"wordCount":428,"commentCount":0,"image":{"@id":"https:\/\/hueleaazufre.com\/wordpress_a\/index.php\/2025\/03\/19\/geopolitica-en-la-corte-internacional-de-injusticia\/#primaryimage"},"thumbnailUrl":"https:\/\/hueleaazufre.com\/wordpress_a\/wp-content\/uploads\/2025\/03\/2a.webp","keywords":["Geopol\u00edtica","Guyana","Venezuela"],"articleSection":["Medios aliados"],"inLanguage":"es","potentialAction":[{"@type":"CommentAction","name":"Comment","target":["https:\/\/hueleaazufre.com\/wordpress_a\/index.php\/2025\/03\/19\/geopolitica-en-la-corte-internacional-de-injusticia\/#respond"]}]},{"@type":"WebPage","@id":"https:\/\/hueleaazufre.com\/wordpress_a\/index.php\/2025\/03\/19\/geopolitica-en-la-corte-internacional-de-injusticia\/","url":"https:\/\/hueleaazufre.com\/wordpress_a\/index.php\/2025\/03\/19\/geopolitica-en-la-corte-internacional-de-injusticia\/","name":"Geopol\u00edtica en la Corte Internacional de Injusticia -","isPartOf":{"@id":"https:\/\/hueleaazufre.com\/wordpress_a\/#website"},"primaryImageOfPage":{"@id":"https:\/\/hueleaazufre.com\/wordpress_a\/index.php\/2025\/03\/19\/geopolitica-en-la-corte-internacional-de-injusticia\/#primaryimage"},"image":{"@id":"https:\/\/hueleaazufre.com\/wordpress_a\/index.php\/2025\/03\/19\/geopolitica-en-la-corte-internacional-de-injusticia\/#primaryimage"},"thumbnailUrl":"https:\/\/hueleaazufre.com\/wordpress_a\/wp-content\/uploads\/2025\/03\/2a.webp","datePublished":"2025-03-19T21:41:58+00:00","author":{"@id":"https:\/\/hueleaazufre.com\/wordpress_a\/#\/schema\/person\/549dd871707ea7f9f1a686323ebe9baa"},"description":"Geopol\u00edtica. El pr\u00f3ximo mes de agosto Venezuela se presentar\u00e1 ante la Corte Internacional de Justicia con el prop\u00f3sito de exponer...","breadcrumb":{"@id":"https:\/\/hueleaazufre.com\/wordpress_a\/index.php\/2025\/03\/19\/geopolitica-en-la-corte-internacional-de-injusticia\/#breadcrumb"},"inLanguage":"es","potentialAction":[{"@type":"ReadAction","target":["https:\/\/hueleaazufre.com\/wordpress_a\/index.php\/2025\/03\/19\/geopolitica-en-la-corte-internacional-de-injusticia\/"]}]},{"@type":"ImageObject","inLanguage":"es","@id":"https:\/\/hueleaazufre.com\/wordpress_a\/index.php\/2025\/03\/19\/geopolitica-en-la-corte-internacional-de-injusticia\/#primaryimage","url":"https:\/\/hueleaazufre.com\/wordpress_a\/wp-content\/uploads\/2025\/03\/2a.webp","contentUrl":"https:\/\/hueleaazufre.com\/wordpress_a\/wp-content\/uploads\/2025\/03\/2a.webp","width":768,"height":463,"caption":"Geopol\u00edtica"},{"@type":"BreadcrumbList","@id":"https:\/\/hueleaazufre.com\/wordpress_a\/index.php\/2025\/03\/19\/geopolitica-en-la-corte-internacional-de-injusticia\/#breadcrumb","itemListElement":[{"@type":"ListItem","position":1,"name":"Portada","item":"https:\/\/hueleaazufre.com\/wordpress_a\/"},{"@type":"ListItem","position":2,"name":"Geopol\u00edtica en la Corte Internacional de Injusticia"}]},{"@type":"WebSite","@id":"https:\/\/hueleaazufre.com\/wordpress_a\/#website","url":"https:\/\/hueleaazufre.com\/wordpress_a\/","name":"","description":"Huele a azufre es una plataforma digital de an\u00e1lisis geopol\u00edtico.","potentialAction":[{"@type":"SearchAction","target":{"@type":"EntryPoint","urlTemplate":"https:\/\/hueleaazufre.com\/wordpress_a\/?s={search_term_string}"},"query-input":{"@type":"PropertyValueSpecification","valueRequired":true,"valueName":"search_term_string"}}],"inLanguage":"es"},{"@type":"Person","@id":"https:\/\/hueleaazufre.com\/wordpress_a\/#\/schema\/person\/549dd871707ea7f9f1a686323ebe9baa","name":"Huele a azufre","image":{"@type":"ImageObject","inLanguage":"es","@id":"https:\/\/secure.gravatar.com\/avatar\/e972d5c124b9bf80eb4c9d322a90dd86a59d447f5da36700a77516f13637d44e?s=96&d=mm&r=g","url":"https:\/\/secure.gravatar.com\/avatar\/e972d5c124b9bf80eb4c9d322a90dd86a59d447f5da36700a77516f13637d44e?s=96&d=mm&r=g","contentUrl":"https:\/\/secure.gravatar.com\/avatar\/e972d5c124b9bf80eb4c9d322a90dd86a59d447f5da36700a77516f13637d44e?s=96&d=mm&r=g","caption":"Huele a azufre"},"description":"Huele a azufre es una plataforma digital de an\u00e1lisis geopol\u00edtico\u00a0 contrahegem\u00f3nico, que busca visibilizar las voces y los discursos silenciados por el poder medi\u00e1tico.","sameAs":["https:\/\/hueleaazufre.com\/wordpress_a"],"url":"https:\/\/hueleaazufre.com\/wordpress_a\/index.php\/author\/admin_tupapa\/"}]}},"_links":{"self":[{"href":"https:\/\/hueleaazufre.com\/wordpress_a\/index.php\/wp-json\/wp\/v2\/posts\/2243","targetHints":{"allow":["GET"]}}],"collection":[{"href":"https:\/\/hueleaazufre.com\/wordpress_a\/index.php\/wp-json\/wp\/v2\/posts"}],"about":[{"href":"https:\/\/hueleaazufre.com\/wordpress_a\/index.php\/wp-json\/wp\/v2\/types\/post"}],"author":[{"embeddable":true,"href":"https:\/\/hueleaazufre.com\/wordpress_a\/index.php\/wp-json\/wp\/v2\/users\/1"}],"replies":[{"embeddable":true,"href":"https:\/\/hueleaazufre.com\/wordpress_a\/index.php\/wp-json\/wp\/v2\/comments?post=2243"}],"version-history":[{"count":1,"href":"https:\/\/hueleaazufre.com\/wordpress_a\/index.php\/wp-json\/wp\/v2\/posts\/2243\/revisions"}],"predecessor-version":[{"id":2245,"href":"https:\/\/hueleaazufre.com\/wordpress_a\/index.php\/wp-json\/wp\/v2\/posts\/2243\/revisions\/2245"}],"wp:featuredmedia":[{"embeddable":true,"href":"https:\/\/hueleaazufre.com\/wordpress_a\/index.php\/wp-json\/wp\/v2\/media\/2244"}],"wp:attachment":[{"href":"https:\/\/hueleaazufre.com\/wordpress_a\/index.php\/wp-json\/wp\/v2\/media?parent=2243"}],"wp:term":[{"taxonomy":"category","embeddable":true,"href":"https:\/\/hueleaazufre.com\/wordpress_a\/index.php\/wp-json\/wp\/v2\/categories?post=2243"},{"taxonomy":"post_tag","embeddable":true,"href":"https:\/\/hueleaazufre.com\/wordpress_a\/index.php\/wp-json\/wp\/v2\/tags?post=2243"}],"curies":[{"name":"wp","href":"https:\/\/api.w.org\/{rel}","templated":true}]}}