{"id":2260,"date":"2025-03-24T15:26:37","date_gmt":"2025-03-24T15:26:37","guid":{"rendered":"https:\/\/hueleaazufre.com\/wordpress_a\/?p=2260"},"modified":"2025-03-24T15:26:37","modified_gmt":"2025-03-24T15:26:37","slug":"los-migrantes-venezolanos","status":"publish","type":"post","link":"https:\/\/hueleaazufre.com\/wordpress_a\/index.php\/2025\/03\/24\/los-migrantes-venezolanos\/","title":{"rendered":"Los migrantes venezolanos, Abu Ghraib y los campos de concentraci\u00f3n de Bukele"},"content":{"rendered":"<p>Los migrantes venezolanos.<\/p>\n<p>Las primeras bombas que lanza el imperialismo en el ejercicio de la violencia y la dominaci\u00f3n son la injuria y la mentira. En este sentido, \u201cla lucha contra el terrorismo\u201d como argumento legitimador para la injerencia, la tortura y la guerra son una conocida artima\u00f1a utilizada por EEUU para imponer a sangre y fuego un r\u00e9gimen en el que sus intereses econ\u00f3micos y geopol\u00edticos se aseguren, siempre empapando con sangre y tapiando con escombros los conceptos de democracia y libertad. Un ejemplo claro de ello fue la operaci\u00f3n que realizaron contra el \u201cterrorismo\u201d en Irak, pa\u00eds al que destrozaron buscando unas armas de destrucci\u00f3n masiva que nunca existieron. En el proceso invadieron un pa\u00eds, derrocaron un gobierno, asesinaron lideres pol\u00edticos en actos p\u00fablicos, instalaron 11 bases militares, impusieron un r\u00e9gimen que permiti\u00f3 la persecuci\u00f3n y la tortura, para finalmente volver a demostrar que la \u201cdemocracia\u201d y \u201cla libertad\u201d no son el fin de estas operaciones, pues luego de 20 a\u00f1os, Irak, el segundo mayor productor de la Organizaci\u00f3n de Pa\u00edses Exportadores de Petr\u00f3leo, que genera unos 8.000 millones de d\u00f3lares al mes en coordinaci\u00f3n con corporaciones estadounidenses, es incapaz de proveer servicios b\u00e1sicos a su poblaci\u00f3n, que sufre dentro de su alma calamidades mayores, pues las cicatrices de la tortura y la humillaci\u00f3n no son f\u00e1ciles de borrar, por lo contrario quedan en la memoria de una manera tan dram\u00e1tica como las serie de obras de Fernando Botero llamadas Abu Ghraib \u00a1Qu\u00e9 terrible pregunta me llega a la mente al ver las pinturas del afamado pintor colombiano! \u00bfSer\u00e1 m\u00e1s inhumano lo hecho por los nazis en las c\u00e1maras de gas de Auschwitz o lo hecho por los gringos en las c\u00e1rceles de Irak?<\/p>\n<p>La palabra \u201cterrorismo\u201d hoy se utiliza para calificar a una organizaci\u00f3n criminal en la que pretenden inscribir a todos los venezolanos y venezolanas por el simple hecho de ser migrante en un contexto pol\u00edtico donde EEUU acosa, a fin de imponer su \u201cdemocracia\u201d y su \u201clibertad\u201d al pa\u00eds que, no casualmente, ostenta la primera reserva petrolera del mundo. En esa persecuci\u00f3n muchos venezolanos, empujados por las consecuencias econ\u00f3micas y sociales que se desprendieron de la asfixia que los EEUU y sus aliados ejercieron contra la econom\u00eda venezolana al imponer m\u00e1s de 1.028 medidas coercitivas unilaterales, las cuales han sido catalogadas por la ONU como ilegales y que constituyen una forma de tortura social contra un pueblo, han sufrido calamidades innumerables. Estas medidas en s\u00ed son cr\u00edmenes que atentan contra la dignidad humana al buscar afectar la seguridad alimentaria, socavar la eficiencia en el sistema salud y sumir en la oscuridad a todo un pa\u00eds a trav\u00e9s del colapso de su econom\u00eda. Por si fuera poco fustigar a la poblaci\u00f3n que ha resistido en Venezuela de manera victoriosa, el presidente de los EEUU, Donald Trump, ampar\u00e1ndose en la Ley de enemigos extranjeros (1798) ha publicado a trav\u00e9s de la p\u00e1gina web de la casa blanca un decreto que garantiza las condiciones jur\u00eddicas y operativa para una gran operaci\u00f3n de persecuci\u00f3n al estilo nazi contra los venezolanos en EEUU. En consecuencia, mientras escribo estas l\u00edneas m\u00e1s de 300 familias reclaman a sus hijos exigiendo justicia frente a una decisi\u00f3n que criminaliza la migraci\u00f3n, estigmatiza a una naci\u00f3n, justifica la tortura y viola los derechos humanos \u00bfNo es esto fascismo?<\/p>\n<p>\u00abEl Triunfo de la Muerte\u00bb es otra obra a la que debo hacer referencia, pues nos confronta con cuerpos apilados que recuerdan al holocausto nazi, miradas vac\u00edas de prisioneros despojados de humanidad y s\u00edmbolos que hacen pensar en el horror. Este cuadro es una de las mejores obras de toda la producci\u00f3n de F\u00e9lix Nussbaum el cual se encuentra en Osnabr\u00fcck, su ciudad natal. Esta obra, creada en contexto de la persecuci\u00f3n de jud\u00edos, comunistas, negros y disidentes pol\u00edticos en la Alemania de Hitler, hoy dialoga con las fotograf\u00edas y videos de TikTok del Centro de Confinamiento del Terrorismo (CECOT) en El Salvador: c\u00e1rceles donde 53.000 presos viven en celdas min\u00fasculas y fr\u00edas, bajo r\u00e9gimen de perpetua incomunicaci\u00f3n, violencia programada y sumisi\u00f3n.<\/p>\n<p>En estas mismas c\u00e1rceles creadas por Bukele hoy se env\u00eda a los venezolanos que EEUU utiliza como s\u00edmbolos del castigo. Frente a esta pol\u00edtica de acoso imperialista, ya no contra una revoluci\u00f3n, sino contra un pueblo, es pertinente tomar en cuenta las ideas de Zygmunt Bauman en su libro \u201cHolocausto y modernidad\u201d y entender que todo imperio necesitas sus barbaros aunque tenga que inventarlos, m\u00e1s en una humanidad que se enfrenta a la crisis de sus propio paradigma civilizatorio, con un capitalismo que se desquebraja entre la desigualdad y la guerra, haci\u00e9ndonos pensar que es necesaria una nueva modernidad, no \u00e9sta que nos lleva a la persecuci\u00f3n de nuestro propio g\u00e9nero, de genocidio en genocidio; no est\u00e1 que crea campos de concentraci\u00f3n \u201cmodernos\u201d.<\/p>\n<p>Cuando el secretario ejecutivo de ALBA-TCP, Jorge Arreaza, cataloga de neonazi a la pol\u00edtica de Trump y Bukele est\u00e1 denunciando el resurgimiento del fascismo con nuevos m\u00e9todos y estrategias. Cuando en 1945 se liberaron los campos de concentraci\u00f3n, se encontraron 7.000 kg de cabello humano; en 2023, las c\u00e1rceles salvadore\u00f1as exhiben otro tipo de trofeos, por ejemplo, 12.000 tatuajes removidos y 5.800 confesiones bajo tortura seg\u00fan la CIDH. Esto ya es grave desde el punto de vista de los derechos humanos, no obstante, se hace mucho peor la situaci\u00f3n al incluir a los venezolanos entre estos reclusos, ya que, est\u00e1n secuestrando personas y criminalizando la migraci\u00f3n por intereses pol\u00edticos y econ\u00f3micos. Esto constituye un peligroso precedente y nos hace pensar que Trump y Bukele m\u00e1s temprano que tarde levantar\u00e1n con descaro su brazo derecho saludando una esv\u00e1stica disfrazada de d\u00f3lar, como ya lo ha hecho su magnate transhumano, Elon Musk.<\/p>\n<p>F\u00e9lix Nussbaum, poco antes de ser detenido en Bruselas le dio muchas de sus obras a uno de sus amigos y le dijo: \u201cSi yo muriera, no permitas que a mis obras les sucediera lo mismo, mu\u00e9stralas al mundo\u201d, Fernando Botero a su vez habla de dejar un testimonio de la violencia y los horrores cometidos por la humanidad. Esto me hace pensar que la persecuci\u00f3n y la tortura no es solo contra los cuerpos, sino tambi\u00e9n contra el esp\u00edritu, contra la cultura. Con la invasi\u00f3n de Estados Unidos a Irak, el pueblo tambi\u00e9n perdi\u00f3 gran parte de su patrimonio cultural, saqueadores entraron a los museos, bibliotecas y sitios arqueol\u00f3gicos destruyendo y robando bienes que se remontan a la Mesopotamia antigua. Tambi\u00e9n sucede con Rusia, a la que tratan de atacar incluso a trav\u00e9s de la cancelaci\u00f3n de Pushkin y la exclusi\u00f3n de sus deportistas en eventos internacionales. Asimismo, hace unos d\u00edas en Espa\u00f1a se vetaron 3 pel\u00edculas venezolanas, entre ellas una que muestra la vida de Al\u00ed Primera, cantor del pueblo, defensor de la cultura popular y militante de la revoluci\u00f3n \u00bfSer\u00e1 esto casual o es un ataque integral contra la venezolanidad? La respuesta huele a azufre, pero no triunfar\u00e1 la muerte.<\/p>\n<p><a class=\"td-modal-image\" href=\"https:\/\/redradiove.com\/wp-content\/uploads\/2025\/03\/Imagen-de-WhatsApp-2025-03-21-a-las-10.52.56_1f8408b2.jpg\"><img fetchpriority=\"high\" decoding=\"async\" class=\"aligncenter size-full wp-image-238155\" src=\"https:\/\/redradiove.com\/wp-content\/uploads\/2025\/03\/Imagen-de-WhatsApp-2025-03-21-a-las-10.52.56_1f8408b2.jpg\" alt=\"\" width=\"850\" height=\"715\" \/><\/a><\/p>\n<p>&nbsp;<\/p>\n<p>&nbsp;<\/p>\n<p><a href=\"https:\/\/redradiove.com\/los-migrantes-venezolanos-abu-ghraib-y-los-campos-de-concentracion-de-bukele\/\"><strong>Fuente: Red radiove\/David G\u00f3mez Rodr\u00edguez<\/strong><\/a><\/p>\n","protected":false},"excerpt":{"rendered":"<p>Los migrantes venezolanos. Las primeras bombas que lanza el imperialismo en el ejercicio de la&#8230;<\/p>\n","protected":false},"author":1,"featured_media":2261,"comment_status":"open","ping_status":"closed","sticky":false,"template":"","format":"standard","meta":{"footnotes":""},"categories":[70],"tags":[543,89,675,676,30],"class_list":["post-2260","post","type-post","status-publish","format-standard","has-post-thumbnail","hentry","category-otras-voces","tag-bukele","tag-ee-uu","tag-migrantes","tag-venezolanos","tag-venezuela"],"yoast_head":"<!-- This site is optimized with the Yoast SEO plugin v27.5 - https:\/\/yoast.com\/product\/yoast-seo-wordpress\/ -->\n<title>Los migrantes venezolanos, Abu Ghraib y los campos de concentraci\u00f3n de Bukele -<\/title>\n<meta name=\"description\" content=\"Migrantes venezolanos. Las primeras bombas que lanza el imperialismo en el ejercicio de la violencia y la dominaci\u00f3n son la injuria...\" \/>\n<meta name=\"robots\" content=\"index, follow, max-snippet:-1, max-image-preview:large, max-video-preview:-1\" \/>\n<link rel=\"canonical\" href=\"https:\/\/hueleaazufre.com\/wordpress_a\/index.php\/2025\/03\/24\/los-migrantes-venezolanos\/\" \/>\n<meta property=\"og:locale\" content=\"es_ES\" \/>\n<meta property=\"og:type\" content=\"article\" \/>\n<meta property=\"og:title\" content=\"Los migrantes venezolanos, Abu Ghraib y los campos de concentraci\u00f3n de Bukele -\" \/>\n<meta property=\"og:description\" content=\"Migrantes venezolanos. Las primeras bombas que lanza el imperialismo en el ejercicio de la violencia y la dominaci\u00f3n son la injuria...\" \/>\n<meta property=\"og:url\" content=\"https:\/\/hueleaazufre.com\/wordpress_a\/index.php\/2025\/03\/24\/los-migrantes-venezolanos\/\" \/>\n<meta property=\"article:published_time\" content=\"2025-03-24T15:26:37+00:00\" \/>\n<meta property=\"og:image\" content=\"https:\/\/hueleaazufre.com\/wordpress_a\/wp-content\/uploads\/2025\/03\/1.webp\" \/>\n\t<meta property=\"og:image:width\" content=\"1250\" \/>\n\t<meta property=\"og:image:height\" content=\"833\" \/>\n\t<meta property=\"og:image:type\" content=\"image\/webp\" \/>\n<meta name=\"author\" content=\"Huele a azufre\" \/>\n<meta name=\"twitter:card\" content=\"summary_large_image\" \/>\n<meta name=\"twitter:label1\" content=\"Escrito por\" \/>\n\t<meta name=\"twitter:data1\" content=\"Huele a azufre\" \/>\n\t<meta name=\"twitter:label2\" content=\"Tiempo de lectura\" \/>\n\t<meta name=\"twitter:data2\" content=\"6 minutos\" \/>\n<script type=\"application\/ld+json\" class=\"yoast-schema-graph\">{\"@context\":\"https:\\\/\\\/schema.org\",\"@graph\":[{\"@type\":\"Article\",\"@id\":\"https:\\\/\\\/hueleaazufre.com\\\/wordpress_a\\\/index.php\\\/2025\\\/03\\\/24\\\/los-migrantes-venezolanos\\\/#article\",\"isPartOf\":{\"@id\":\"https:\\\/\\\/hueleaazufre.com\\\/wordpress_a\\\/index.php\\\/2025\\\/03\\\/24\\\/los-migrantes-venezolanos\\\/\"},\"author\":{\"name\":\"Huele a azufre\",\"@id\":\"https:\\\/\\\/hueleaazufre.com\\\/wordpress_a\\\/#\\\/schema\\\/person\\\/549dd871707ea7f9f1a686323ebe9baa\"},\"headline\":\"Los migrantes venezolanos, Abu Ghraib y los campos de concentraci\u00f3n de Bukele\",\"datePublished\":\"2025-03-24T15:26:37+00:00\",\"mainEntityOfPage\":{\"@id\":\"https:\\\/\\\/hueleaazufre.com\\\/wordpress_a\\\/index.php\\\/2025\\\/03\\\/24\\\/los-migrantes-venezolanos\\\/\"},\"wordCount\":1267,\"commentCount\":0,\"image\":{\"@id\":\"https:\\\/\\\/hueleaazufre.com\\\/wordpress_a\\\/index.php\\\/2025\\\/03\\\/24\\\/los-migrantes-venezolanos\\\/#primaryimage\"},\"thumbnailUrl\":\"https:\\\/\\\/hueleaazufre.com\\\/wordpress_a\\\/wp-content\\\/uploads\\\/2025\\\/03\\\/1.webp\",\"keywords\":[\"Bukele\",\"EE.UU\",\"migrantes\",\"venezolanos\",\"Venezuela\"],\"articleSection\":[\"Otras voces\"],\"inLanguage\":\"es\",\"potentialAction\":[{\"@type\":\"CommentAction\",\"name\":\"Comment\",\"target\":[\"https:\\\/\\\/hueleaazufre.com\\\/wordpress_a\\\/index.php\\\/2025\\\/03\\\/24\\\/los-migrantes-venezolanos\\\/#respond\"]}]},{\"@type\":\"WebPage\",\"@id\":\"https:\\\/\\\/hueleaazufre.com\\\/wordpress_a\\\/index.php\\\/2025\\\/03\\\/24\\\/los-migrantes-venezolanos\\\/\",\"url\":\"https:\\\/\\\/hueleaazufre.com\\\/wordpress_a\\\/index.php\\\/2025\\\/03\\\/24\\\/los-migrantes-venezolanos\\\/\",\"name\":\"Los migrantes venezolanos, Abu Ghraib y los campos de concentraci\u00f3n de Bukele -\",\"isPartOf\":{\"@id\":\"https:\\\/\\\/hueleaazufre.com\\\/wordpress_a\\\/#website\"},\"primaryImageOfPage\":{\"@id\":\"https:\\\/\\\/hueleaazufre.com\\\/wordpress_a\\\/index.php\\\/2025\\\/03\\\/24\\\/los-migrantes-venezolanos\\\/#primaryimage\"},\"image\":{\"@id\":\"https:\\\/\\\/hueleaazufre.com\\\/wordpress_a\\\/index.php\\\/2025\\\/03\\\/24\\\/los-migrantes-venezolanos\\\/#primaryimage\"},\"thumbnailUrl\":\"https:\\\/\\\/hueleaazufre.com\\\/wordpress_a\\\/wp-content\\\/uploads\\\/2025\\\/03\\\/1.webp\",\"datePublished\":\"2025-03-24T15:26:37+00:00\",\"author\":{\"@id\":\"https:\\\/\\\/hueleaazufre.com\\\/wordpress_a\\\/#\\\/schema\\\/person\\\/549dd871707ea7f9f1a686323ebe9baa\"},\"description\":\"Migrantes venezolanos. Las primeras bombas que lanza el imperialismo en el ejercicio de la violencia y la dominaci\u00f3n son la injuria...\",\"breadcrumb\":{\"@id\":\"https:\\\/\\\/hueleaazufre.com\\\/wordpress_a\\\/index.php\\\/2025\\\/03\\\/24\\\/los-migrantes-venezolanos\\\/#breadcrumb\"},\"inLanguage\":\"es\",\"potentialAction\":[{\"@type\":\"ReadAction\",\"target\":[\"https:\\\/\\\/hueleaazufre.com\\\/wordpress_a\\\/index.php\\\/2025\\\/03\\\/24\\\/los-migrantes-venezolanos\\\/\"]}]},{\"@type\":\"ImageObject\",\"inLanguage\":\"es\",\"@id\":\"https:\\\/\\\/hueleaazufre.com\\\/wordpress_a\\\/index.php\\\/2025\\\/03\\\/24\\\/los-migrantes-venezolanos\\\/#primaryimage\",\"url\":\"https:\\\/\\\/hueleaazufre.com\\\/wordpress_a\\\/wp-content\\\/uploads\\\/2025\\\/03\\\/1.webp\",\"contentUrl\":\"https:\\\/\\\/hueleaazufre.com\\\/wordpress_a\\\/wp-content\\\/uploads\\\/2025\\\/03\\\/1.webp\",\"width\":1250,\"height\":833,\"caption\":\"migrantes\"},{\"@type\":\"BreadcrumbList\",\"@id\":\"https:\\\/\\\/hueleaazufre.com\\\/wordpress_a\\\/index.php\\\/2025\\\/03\\\/24\\\/los-migrantes-venezolanos\\\/#breadcrumb\",\"itemListElement\":[{\"@type\":\"ListItem\",\"position\":1,\"name\":\"Portada\",\"item\":\"https:\\\/\\\/hueleaazufre.com\\\/wordpress_a\\\/\"},{\"@type\":\"ListItem\",\"position\":2,\"name\":\"Los migrantes venezolanos, Abu Ghraib y los campos de concentraci\u00f3n de Bukele\"}]},{\"@type\":\"WebSite\",\"@id\":\"https:\\\/\\\/hueleaazufre.com\\\/wordpress_a\\\/#website\",\"url\":\"https:\\\/\\\/hueleaazufre.com\\\/wordpress_a\\\/\",\"name\":\"\",\"description\":\"Huele a azufre es una plataforma digital de an\u00e1lisis geopol\u00edtico.\",\"potentialAction\":[{\"@type\":\"SearchAction\",\"target\":{\"@type\":\"EntryPoint\",\"urlTemplate\":\"https:\\\/\\\/hueleaazufre.com\\\/wordpress_a\\\/?s={search_term_string}\"},\"query-input\":{\"@type\":\"PropertyValueSpecification\",\"valueRequired\":true,\"valueName\":\"search_term_string\"}}],\"inLanguage\":\"es\"},{\"@type\":\"Person\",\"@id\":\"https:\\\/\\\/hueleaazufre.com\\\/wordpress_a\\\/#\\\/schema\\\/person\\\/549dd871707ea7f9f1a686323ebe9baa\",\"name\":\"Huele a azufre\",\"image\":{\"@type\":\"ImageObject\",\"inLanguage\":\"es\",\"@id\":\"https:\\\/\\\/secure.gravatar.com\\\/avatar\\\/e972d5c124b9bf80eb4c9d322a90dd86a59d447f5da36700a77516f13637d44e?s=96&d=mm&r=g\",\"url\":\"https:\\\/\\\/secure.gravatar.com\\\/avatar\\\/e972d5c124b9bf80eb4c9d322a90dd86a59d447f5da36700a77516f13637d44e?s=96&d=mm&r=g\",\"contentUrl\":\"https:\\\/\\\/secure.gravatar.com\\\/avatar\\\/e972d5c124b9bf80eb4c9d322a90dd86a59d447f5da36700a77516f13637d44e?s=96&d=mm&r=g\",\"caption\":\"Huele a azufre\"},\"description\":\"Huele a azufre es una plataforma digital de an\u00e1lisis geopol\u00edtico\u00a0 contrahegem\u00f3nico, que busca visibilizar las voces y los discursos silenciados por el poder medi\u00e1tico.\",\"sameAs\":[\"https:\\\/\\\/hueleaazufre.com\\\/wordpress_a\"],\"url\":\"https:\\\/\\\/hueleaazufre.com\\\/wordpress_a\\\/index.php\\\/author\\\/admin_tupapa\\\/\"}]}<\/script>\n<!-- \/ Yoast SEO plugin. -->","yoast_head_json":{"title":"Los migrantes venezolanos, Abu Ghraib y los campos de concentraci\u00f3n de Bukele -","description":"Migrantes venezolanos. Las primeras bombas que lanza el imperialismo en el ejercicio de la violencia y la dominaci\u00f3n son la injuria...","robots":{"index":"index","follow":"follow","max-snippet":"max-snippet:-1","max-image-preview":"max-image-preview:large","max-video-preview":"max-video-preview:-1"},"canonical":"https:\/\/hueleaazufre.com\/wordpress_a\/index.php\/2025\/03\/24\/los-migrantes-venezolanos\/","og_locale":"es_ES","og_type":"article","og_title":"Los migrantes venezolanos, Abu Ghraib y los campos de concentraci\u00f3n de Bukele -","og_description":"Migrantes venezolanos. Las primeras bombas que lanza el imperialismo en el ejercicio de la violencia y la dominaci\u00f3n son la injuria...","og_url":"https:\/\/hueleaazufre.com\/wordpress_a\/index.php\/2025\/03\/24\/los-migrantes-venezolanos\/","article_published_time":"2025-03-24T15:26:37+00:00","og_image":[{"width":1250,"height":833,"url":"https:\/\/hueleaazufre.com\/wordpress_a\/wp-content\/uploads\/2025\/03\/1.webp","type":"image\/webp"}],"author":"Huele a azufre","twitter_card":"summary_large_image","twitter_misc":{"Escrito por":"Huele a azufre","Tiempo de lectura":"6 minutos"},"schema":{"@context":"https:\/\/schema.org","@graph":[{"@type":"Article","@id":"https:\/\/hueleaazufre.com\/wordpress_a\/index.php\/2025\/03\/24\/los-migrantes-venezolanos\/#article","isPartOf":{"@id":"https:\/\/hueleaazufre.com\/wordpress_a\/index.php\/2025\/03\/24\/los-migrantes-venezolanos\/"},"author":{"name":"Huele a azufre","@id":"https:\/\/hueleaazufre.com\/wordpress_a\/#\/schema\/person\/549dd871707ea7f9f1a686323ebe9baa"},"headline":"Los migrantes venezolanos, Abu Ghraib y los campos de concentraci\u00f3n de Bukele","datePublished":"2025-03-24T15:26:37+00:00","mainEntityOfPage":{"@id":"https:\/\/hueleaazufre.com\/wordpress_a\/index.php\/2025\/03\/24\/los-migrantes-venezolanos\/"},"wordCount":1267,"commentCount":0,"image":{"@id":"https:\/\/hueleaazufre.com\/wordpress_a\/index.php\/2025\/03\/24\/los-migrantes-venezolanos\/#primaryimage"},"thumbnailUrl":"https:\/\/hueleaazufre.com\/wordpress_a\/wp-content\/uploads\/2025\/03\/1.webp","keywords":["Bukele","EE.UU","migrantes","venezolanos","Venezuela"],"articleSection":["Otras voces"],"inLanguage":"es","potentialAction":[{"@type":"CommentAction","name":"Comment","target":["https:\/\/hueleaazufre.com\/wordpress_a\/index.php\/2025\/03\/24\/los-migrantes-venezolanos\/#respond"]}]},{"@type":"WebPage","@id":"https:\/\/hueleaazufre.com\/wordpress_a\/index.php\/2025\/03\/24\/los-migrantes-venezolanos\/","url":"https:\/\/hueleaazufre.com\/wordpress_a\/index.php\/2025\/03\/24\/los-migrantes-venezolanos\/","name":"Los migrantes venezolanos, Abu Ghraib y los campos de concentraci\u00f3n de Bukele -","isPartOf":{"@id":"https:\/\/hueleaazufre.com\/wordpress_a\/#website"},"primaryImageOfPage":{"@id":"https:\/\/hueleaazufre.com\/wordpress_a\/index.php\/2025\/03\/24\/los-migrantes-venezolanos\/#primaryimage"},"image":{"@id":"https:\/\/hueleaazufre.com\/wordpress_a\/index.php\/2025\/03\/24\/los-migrantes-venezolanos\/#primaryimage"},"thumbnailUrl":"https:\/\/hueleaazufre.com\/wordpress_a\/wp-content\/uploads\/2025\/03\/1.webp","datePublished":"2025-03-24T15:26:37+00:00","author":{"@id":"https:\/\/hueleaazufre.com\/wordpress_a\/#\/schema\/person\/549dd871707ea7f9f1a686323ebe9baa"},"description":"Migrantes venezolanos. Las primeras bombas que lanza el imperialismo en el ejercicio de la violencia y la dominaci\u00f3n son la injuria...","breadcrumb":{"@id":"https:\/\/hueleaazufre.com\/wordpress_a\/index.php\/2025\/03\/24\/los-migrantes-venezolanos\/#breadcrumb"},"inLanguage":"es","potentialAction":[{"@type":"ReadAction","target":["https:\/\/hueleaazufre.com\/wordpress_a\/index.php\/2025\/03\/24\/los-migrantes-venezolanos\/"]}]},{"@type":"ImageObject","inLanguage":"es","@id":"https:\/\/hueleaazufre.com\/wordpress_a\/index.php\/2025\/03\/24\/los-migrantes-venezolanos\/#primaryimage","url":"https:\/\/hueleaazufre.com\/wordpress_a\/wp-content\/uploads\/2025\/03\/1.webp","contentUrl":"https:\/\/hueleaazufre.com\/wordpress_a\/wp-content\/uploads\/2025\/03\/1.webp","width":1250,"height":833,"caption":"migrantes"},{"@type":"BreadcrumbList","@id":"https:\/\/hueleaazufre.com\/wordpress_a\/index.php\/2025\/03\/24\/los-migrantes-venezolanos\/#breadcrumb","itemListElement":[{"@type":"ListItem","position":1,"name":"Portada","item":"https:\/\/hueleaazufre.com\/wordpress_a\/"},{"@type":"ListItem","position":2,"name":"Los migrantes venezolanos, Abu Ghraib y los campos de concentraci\u00f3n de Bukele"}]},{"@type":"WebSite","@id":"https:\/\/hueleaazufre.com\/wordpress_a\/#website","url":"https:\/\/hueleaazufre.com\/wordpress_a\/","name":"","description":"Huele a azufre es una plataforma digital de an\u00e1lisis geopol\u00edtico.","potentialAction":[{"@type":"SearchAction","target":{"@type":"EntryPoint","urlTemplate":"https:\/\/hueleaazufre.com\/wordpress_a\/?s={search_term_string}"},"query-input":{"@type":"PropertyValueSpecification","valueRequired":true,"valueName":"search_term_string"}}],"inLanguage":"es"},{"@type":"Person","@id":"https:\/\/hueleaazufre.com\/wordpress_a\/#\/schema\/person\/549dd871707ea7f9f1a686323ebe9baa","name":"Huele a azufre","image":{"@type":"ImageObject","inLanguage":"es","@id":"https:\/\/secure.gravatar.com\/avatar\/e972d5c124b9bf80eb4c9d322a90dd86a59d447f5da36700a77516f13637d44e?s=96&d=mm&r=g","url":"https:\/\/secure.gravatar.com\/avatar\/e972d5c124b9bf80eb4c9d322a90dd86a59d447f5da36700a77516f13637d44e?s=96&d=mm&r=g","contentUrl":"https:\/\/secure.gravatar.com\/avatar\/e972d5c124b9bf80eb4c9d322a90dd86a59d447f5da36700a77516f13637d44e?s=96&d=mm&r=g","caption":"Huele a azufre"},"description":"Huele a azufre es una plataforma digital de an\u00e1lisis geopol\u00edtico\u00a0 contrahegem\u00f3nico, que busca visibilizar las voces y los discursos silenciados por el poder medi\u00e1tico.","sameAs":["https:\/\/hueleaazufre.com\/wordpress_a"],"url":"https:\/\/hueleaazufre.com\/wordpress_a\/index.php\/author\/admin_tupapa\/"}]}},"_links":{"self":[{"href":"https:\/\/hueleaazufre.com\/wordpress_a\/index.php\/wp-json\/wp\/v2\/posts\/2260","targetHints":{"allow":["GET"]}}],"collection":[{"href":"https:\/\/hueleaazufre.com\/wordpress_a\/index.php\/wp-json\/wp\/v2\/posts"}],"about":[{"href":"https:\/\/hueleaazufre.com\/wordpress_a\/index.php\/wp-json\/wp\/v2\/types\/post"}],"author":[{"embeddable":true,"href":"https:\/\/hueleaazufre.com\/wordpress_a\/index.php\/wp-json\/wp\/v2\/users\/1"}],"replies":[{"embeddable":true,"href":"https:\/\/hueleaazufre.com\/wordpress_a\/index.php\/wp-json\/wp\/v2\/comments?post=2260"}],"version-history":[{"count":2,"href":"https:\/\/hueleaazufre.com\/wordpress_a\/index.php\/wp-json\/wp\/v2\/posts\/2260\/revisions"}],"predecessor-version":[{"id":2263,"href":"https:\/\/hueleaazufre.com\/wordpress_a\/index.php\/wp-json\/wp\/v2\/posts\/2260\/revisions\/2263"}],"wp:featuredmedia":[{"embeddable":true,"href":"https:\/\/hueleaazufre.com\/wordpress_a\/index.php\/wp-json\/wp\/v2\/media\/2261"}],"wp:attachment":[{"href":"https:\/\/hueleaazufre.com\/wordpress_a\/index.php\/wp-json\/wp\/v2\/media?parent=2260"}],"wp:term":[{"taxonomy":"category","embeddable":true,"href":"https:\/\/hueleaazufre.com\/wordpress_a\/index.php\/wp-json\/wp\/v2\/categories?post=2260"},{"taxonomy":"post_tag","embeddable":true,"href":"https:\/\/hueleaazufre.com\/wordpress_a\/index.php\/wp-json\/wp\/v2\/tags?post=2260"}],"curies":[{"name":"wp","href":"https:\/\/api.w.org\/{rel}","templated":true}]}}