{"id":2287,"date":"2025-03-28T17:52:30","date_gmt":"2025-03-28T17:52:30","guid":{"rendered":"https:\/\/hueleaazufre.com\/wordpress_a\/?p=2287"},"modified":"2025-03-28T17:52:30","modified_gmt":"2025-03-28T17:52:30","slug":"dia-mundial-de-al-quds-palestina-en-el-corazon","status":"publish","type":"post","link":"https:\/\/hueleaazufre.com\/wordpress_a\/index.php\/2025\/03\/28\/dia-mundial-de-al-quds-palestina-en-el-corazon\/","title":{"rendered":"D\u00eda Mundial de Al-Quds: Palestina en el coraz\u00f3n"},"content":{"rendered":"<p>Hoy que lleva consigo hacer presente, todos y cada uno de los elementos concretos y aquellos simb\u00f3licos, m\u00e1s que nunca, el tener a Palestina en la mente, el coraz\u00f3n y la acci\u00f3n es fundamental. Un imperativo que hacen de esta tierra y su pueblo, el centro de nuestra defensa.<\/p>\n<p>La exigencia de llevar adelante y propiciar su autodeterminaci\u00f3n frente a 77 a\u00f1os de ocupaci\u00f3n, colonizaci\u00f3n y exterminio a manos del r\u00e9gimen nacionalsionista israel\u00ed. La protecci\u00f3n de sus derechos humanos, en especial respecto de las mujeres y ni\u00f1os de esta Palestina sometida al asesinato b\u00e1rbaro, diario, devastador, impulsado por las hordas de soldados de un ente que tiene como lema, la aniquilaci\u00f3n del pueblo palestino.<\/p>\n<p>Todo ello incrementado tras el 7 de octubre de 20023 que se ha saldado, hasta hoy con 50 mil asesinatos. 200 mil si consideramos el estudio de la Revista M\u00e9dica brit\u00e1nica<em>\u00a0The Lancet<\/em>\u00a0(1) que adiciona a aquellos fallecidos por patolog\u00edas no atendidas, neonatos sin atenci\u00f3n, mujeres embarazadas, decenas de miles de hombres, mujeres y ni\u00f1os, bajo los escombros. Personas afectadas de enfermedades por falta de alimentos, afectados de alg\u00fan c\u00e1ncer u otra afecci\u00f3n si atenci\u00f3n.<\/p>\n<p>Tropas SS \u2013 soldados sionistas \u2013 acompa\u00f1ados en su labor criminal por colonos paramilitares, los m\u00e1s extremistas de una sociedad israel\u00ed en esencia violenta. Asentados ilegalmente en suelo palestino, todos ellos miembros de una secta sedienta de sangre, que ha sido enfrentada hace 77 a\u00f1os ya por las organizaciones y movimientos de resistencia palestina parte de un eje tenaz, pleno de voluntad y conciencia regional. Punto referencial a la hora de hablar de valor, dignidad y lucha por su autodeterminaci\u00f3n y que en estos d\u00edas en el marco de un hito hist\u00f3rico nos dice que Palestina est\u00e1 m\u00e1s viva que nunca.<\/p>\n<p><strong>Hito fundamental<\/strong><\/p>\n<p>Me refiero \u2013 como suelo hacerlo cada a\u00f1o &#8211; a la conmemoraci\u00f3n del D\u00eda Mundial de Al-Quds. Cuyo origen lo encontramos hace m\u00e1s de cuatro d\u00e9cadas. En agosto del a\u00f1o 1979, a escasos meses del triunfo de la Revoluci\u00f3n Iran\u00ed, su l\u00edder, el fallecido Imam Jomeini design\u00f3 el \u00faltimo viernes del ramad\u00e1n como el D\u00eda Mundial de Al-Quds \u2013 nombre de Jerusal\u00e9n, La santa, en \u00e1rabe &#8211; destinado a colocar la causa del pueblo palestino en el centro de las preocupaciones de la comunidad musulmana &#8211; la Umma &#8211; del mundo entero.<\/p>\n<p>En agosto de1979 el l\u00edder de la revoluci\u00f3n isl\u00e1mica, Imam Jomeini declar\u00f3\u00a0\u201cA lo largo de todos estos a\u00f1os, he advertido a los musulmanes del peligro del ocupante israel\u00ed, que estos d\u00edas ha intensificado sus feroces ataques a los hermanos y hermanas palestinos, y que est\u00e1 bombardeando especialmente las casas de los combatientes palestinos en el Sur del L\u00edbano\u00a0para aniquilarlos. Pido al com\u00fan de los musulmanes del mundo y a los gobiernos isl\u00e1micos que se unan para acortarle la mano al invasor y a sus partidarios, e invito al conjunto de los musulmanes del mundo a elegir como \u00abD\u00eda de Al-Quds\u00bb el \u00faltimo viernes del mes bendito de ramad\u00e1n, que es uno de los\u00a0d\u00edas del destino\u00a0y puede ser decisivo para la suerte de los palestinos y proclamar en manifestaciones la solidaridad internacional de los musulmanes en apoyo a los derechos legales del pueblo musulm\u00e1n. A Dios alt\u00edsimo le pido la victoria de los musulmanes sobre quienes lo niegan. Sea con ustedes la paz, la misericordia de Dios y sus bendiciones. Ruhollah Musawi Jomeini\u201d (2)<\/p>\n<p><img fetchpriority=\"high\" decoding=\"async\" src=\"https:\/\/cdn.hispantv.com\/hispanmedia\/files\/images\/original\/20250327\/21134481.jpg\" alt=\"\" width=\"570\" height=\"321\" \/><\/p>\n<p>46 a\u00f1os despu\u00e9s de esta proclamaci\u00f3n, este D\u00eda Mundial de Al-Quds y la expresi\u00f3n de millones de musulmanes se expresar\u00e1 en las calles, junto a la exigencia del fin del genocidio, de la ocupaci\u00f3n, el expolio, usurpaci\u00f3n y cr\u00edmenes cotidianos que se comete contra la poblaci\u00f3n palestina, como tambi\u00e9n contra el L\u00edbano, Siria y el proceso de desestabilizaci\u00f3n permanente contra la rep\u00fablica isl\u00e1mica de ir\u00e1n.<\/p>\n<p>El D\u00eda Mundial de Al-Quds, en el marco del incremento del genocidio nos empuja a exigir la liberaci\u00f3n de los territorios palestinos ocupados por la entidad sionista y al mismo tiempo denunciar los ataques que el pueblo palestino sufre por m\u00e1s de siete d\u00e9cadas a manos del r\u00e9gimen m\u00e1s criminal que ha existido en la humanidad desde fines de la Segunda Guerra Mundial, violadora de las leyes internacionales, las resoluciones emanadas de la organizaci\u00f3n de las Naciones Unidas y de los derechos humanos del pueblo palestino a manos de un r\u00e9gimen civil militar acusado de cr\u00edmenes de guerra y lesa humanidad. .<\/p>\n<p>Derechos violados progresivamente desde el a\u00f1o 1948 cuando Estados Unidos e Inglaterra, tras el fin de la Segunda Guerra Mundial permiten el surgimiento de la entidad sionista, generando con ello al Nakba \u2013 la cat\u00e1strofe cuyo resultado fue la salida del hogar palestino de gran parte de su poblaci\u00f3n, constituy\u00e9ndose en refugiados en Jordania, el L\u00edbano, Siria, Cisjordania y la Franja de Gaza. Seg\u00fan datos actualizados a diciembre del a\u00f1o 2024, son 6,5 millones las personas que est\u00e1n registradas como refugiadas en Asia occidental. De estas, 2,3 millones viven en 58 campos reconocidos como tales. Palestinos que, armados de sus llaves, aquellas que portan de sus casas usurpadas volver\u00e1n con todo su ser a su tierra, a la que pertenecen (3)<\/p>\n<p>Al Nakba \u2013conocida como la cat\u00e1strofe en \u00e1rabe\u2013 representa uno de los hitos m\u00e1s tr\u00e1gicos, sangrientos y violatorios del derecho internacional del cual se tenga memoria. El 14 de mayo del a\u00f1o 1948, con el nacimiento artero de una entidad a la cual denominaron \u00abIsrael\u00bb se marca la consolidaci\u00f3n de una pol\u00edtica sistem\u00e1tica de robo, usurpaci\u00f3n, desestabilizaci\u00f3n, agresi\u00f3n y exterminio del pueblo palestino. No se trata s\u00f3lo de una fecha infausta y tr\u00e1gica, es tambi\u00e9n la muestra evidente del fracaso original de la Organizaci\u00f3n de las Naciones Unidas (ONU), que hab\u00eda emitido la resoluci\u00f3n N\u00b0 181 de noviembre de 1947 (1) recomendando la partici\u00f3n del territorio palestino en un Estado jud\u00edo y uno palestino.<\/p>\n<p>La disposici\u00f3n no solo fue absurda, inmoral, carente del m\u00ednimo juicio de inteligencia en el plano de las relaciones internacionales, sino que facilit\u00f3 la consolidaci\u00f3n de las pol\u00edticas hegem\u00f3nicas de las potencias occidentales lideradas fundamentalmente por Estados Unidos,\u00a0con apoyo de los otrora imperios franc\u00e9s y brit\u00e1nico, inconformes con el papel secundario que comenzaron a desempe\u00f1ar tras el fin de la Segunda Guerra Mundial (SGM).<\/p>\n<p><img decoding=\"async\" src=\"https:\/\/cdn.hispantv.com\/hispanmedia\/files\/images\/original\/20250327\/21170122.jpg\" alt=\"\" width=\"570\" height=\"321\" \/><\/p>\n<p>En esta realidad de injusticia, con millones de palestinos viviendo en condiciones precarias, sin avizorar su autodeterminaci\u00f3n como pueblo y sometidos a la acci\u00f3n criminal de la potencia ocupante, el instaurar y conmemorar el D\u00eda Mundial de Al-Quds &#8211; el \u00faltimo viernes de cada ramad\u00e1n \u2013 el noveno mes en el calendario isl\u00e1mico de la H\u00e9gira Lunar \u2013 ha allanado el camino para unificar a la Umma en torno a apoyar la lucha del pueblo palestino. Una necesidad vital, visto el incremento de las agresiones contra los pueblos, especialmente del levante mediterr\u00e1neo<\/p>\n<p>Tener presente el D\u00eda Mundial de Al-Quds, conmemorarlo, difundirlo \u2013 a pesar del silencio de los medios de comunicaci\u00f3n occidentales &#8211; salir las calles, repudiar la pol\u00edtica genocida del nacionalsionismo israel\u00ed, la ideolog\u00eda criminal del sionismo y dar a conocer que el pueblo palestino est\u00e1 m\u00e1s vivo que nunca, es una tarea y un deber fundamental de todos los seres humanos sin distinci\u00f3n de raza, nacionalidad o religi\u00f3n.<\/p>\n<p>Conmemorar el D\u00eda Mundial de Al-Quds exige masividad, compromiso, llevar adelante un movimiento a gran escala, que congregue e impulse el compromiso de apoyo a palestina y a la Umma contra el r\u00e9gimen sionista y sus avales. Hacerlos responder de sus cr\u00edmenes contra el pueblo oprimido de Palestina. El D\u00eda Mundial de Al-Quds es un punto esencial de esperanza, de poner a la capital de palestina y su pueblo como eje central de nuestras preocupaciones, para salvar a Al-Quds y liberar los territorios ocupados por los usurpadores.<\/p>\n<p>En el actual contexto de agresi\u00f3n contra el L\u00edbano, Siria, Yemen y la propia Palestina, incluyendo en ello la guerra h\u00edbrida contra la Rep\u00fablica Isl\u00e1mica de Ir\u00e1n, bajo el objetivo del nazisionismo de invisibilizar la causa del pueblo palestino, resulta fundamental conmemorar el D\u00eda Mundial de Al-Quds. El sostener con fuerza que la Tormenta de Al-Aqsa es parte de la defensa de Al-Quds, es la expresi\u00f3n de la resistencia heroica del pueblo palestino.<\/p>\n<p><img decoding=\"async\" src=\"https:\/\/cdn.hispantv.com\/hispanmedia\/files\/images\/original\/20250327\/21154209.jpg\" alt=\"\" width=\"570\" height=\"320\" \/><\/p>\n<p>De esa manera se mantiene vigente la situaci\u00f3n de oprobio, violencia, usurpaci\u00f3n y genocidio que vive d\u00eda a d\u00eda el pueblo palestino. Cuando se conmemora el D\u00eda Mundial de Al-Quds se le dice al mundo: Palestina y el sacrificio de sus hombres y mujeres, la muerte de sus miles de hijos no es en vano. Se le grita al mundo que la ocupaci\u00f3n y los cr\u00edmenes de Israel deben cesar y trabajar por apoyar a Palestina con todos los medios que la moral y la justicia exige.<\/p>\n<p><strong>Al-Quds: capital eterna e indivisible de Palestina<\/strong><\/p>\n<p>Palestina representa una bofetada a la dignidad del mundo. Un llamado de atenci\u00f3n, la exigencia de apoyar con todos los medios que se tengan a mano a palestina y su resistencia. defender la vida de sus habitantes, recuperar los territorios usurpados. Expulsar a los colonos que en forma criminal ocupan los territorios de Palestina, que construyen asentamientos y muros. El gritar y dar a conocer esta realidad, manifestarse en las calles del mundo es visibilizar la dignidad del pueblo palestino y mantener vigente la memoria de miles y miles de sus hijos que han muerto, precisamente, para defender sus derechos durante la ocupaci\u00f3n de su tierra. Ese es el mejor homenaje para un pueblo heroico.<\/p>\n<p>El D\u00eda Mundial de Al-Quds tiene un enorme significado, pleno de simbolismo pues hablamos de Al-Quds \u2013 la santa \u2013 para millones de musulmanes que ven en ella la primera Qibla y el segundo santuario m\u00e1s sagrado. Por esto, resulta una exigencia para la Umma, que los enemigos de esa fe no sigan manteniendo el dominio y la ocupaci\u00f3n de Al-Quds. impedir con la fuerza de la raz\u00f3n y de las armas si es preciso, que el sionismo elimine todo rastro del mundo musulm\u00e1n y siga manteniendo la ocupaci\u00f3n desvergonzada e inmoral de esta ciudad.<\/p>\n<p>Se requiere un impulso del despertar isl\u00e1mico, que permita sacarnos la venda de los ojos y demostrar que no puede haber paz mientras Palestina siga ocupada. No habr\u00e1 paz en Asia occidental mientras exista algo que se denomine sionismo. Mientras exista una entidad israel\u00ed que le niega sus derechos a musulmanes y cristianos, mientras siga utilizando la segregaci\u00f3n, la tergiversaci\u00f3n de la historia y apele a supuestos derechos divinos, para apropiarse de una tierra que no les pertenece e impedir el acceso a los lugares que son sagrados para dos mil millones de seres humanos.<\/p>\n<p>La Judaizaci\u00f3n de Al-Quds es un crimen, como lo es el genocidio en Gaza y Cisjordania, la pol\u00edtica de asentamientos, la construcci\u00f3n de un muro vergonzoso, el arrasar aldeas palestinas, quitar la residencia a todo aquel jerosolimitano que trasgreda las leyes del ocupante, expulsar su gente y ejecutar operaciones militares destinadas a exterminar a un pueblo que les impide concretar un robo y los cr\u00edmenes asociados. Todo ello bajo la mirada c\u00f3mplice de las potencias europeas, el compromiso financiero militar y diplom\u00e1tico de Estados Unidos y la conformaci\u00f3n de una alianza de monarqu\u00edas y reg\u00edmenes \u00e1rabes corruptos.<\/p>\n<p>No debemos permitir olvidar los cr\u00edmenes de Israel o permitir que el pueblo palestino se sienta desesperado. La voz de todos los musulmanes en el D\u00eda Mundial de Al-Quds ser\u00e1 el de la unidad de los musulmanes y la del apoyo al pueblo palestino.<\/p>\n<p>El D\u00eda Mundial de Al-Quds rebasa los muros de esta milenaria ciudad y deviene en luz de esperanza para la Umma, un faro, un norte para los pueblos de Asia Occidental agredidos permanentemente. Por ello, no est\u00e1 permitido olvidar la lucha del pueblo palestino y su derecho a la libertad, como tampoco que los palestinos han sido v\u00edctimas de la traici\u00f3n de gobiernos que han llegado a acuerdos con la entidad sionista que los ha invadido y ocupado. Esto no debe desaparecer del recuerdo y de la denuncia permanente. Al-Quds debe manifestarse d\u00eda a d\u00eda. No hay olvido ni perd\u00f3n respecto a los cr\u00edmenes cometidos contra el pueblo palestino, expresados simb\u00f3licamente en la conmemoraci\u00f3n del D\u00eda Mundial de Al-Quds.<\/p>\n<p>El tener presente siempre Al-Quds es tener en nuestra mente y en nuestro coraz\u00f3n, que hay pueblos que luchan por su libertad, que hay pueblos que tienen muy presente la dignidad, la soberan\u00eda, la necesidad de tener siempre como norte la justicia, el respeto a la legalidad internacional por sobre todas las cosas. Para los pueblos del mundo, el D\u00eda Mundial de Al-Quds es un llamado, una alerta, un mensaje. Es perseguir los objetivos de justicia social, de justicia universal y, sobre todo, recuperar los derechos del pueblo palestino. Un pueblo que debe sentir que el mundo los recuerda, que el mundo los apoya y que m\u00e1s temprano que tarde, el sionismo pagar\u00e1 cada uno de sus cr\u00edmenes. Esos palestinos deben ser arropados con el coraz\u00f3n en llamas de una humanidad ansiosa de justicia.<\/p>\n<p>Pablo Jofr\u00e9 Leal.<\/p>\n<p>Art\u00edculo para Hispantv.<\/p>\n<p>Permitida su reproducci\u00f3n citando la fuente.<\/p>\n<ol>\n<li>https:\/\/www.thelancet.com\/journals\/lancet\/article\/PIIS0140-6736(24)01169-3\/fulltext<\/li>\n<li>https:\/\/noticiaspia.com\/palestina-gloriosa-y-digna-en-el-dia-mundial-de-al-quds\/<\/li>\n<li>El nacimiento del ente sionista intensific\u00f3 el proceso de expulsi\u00f3n del pueblo palestino de sus tierras at\u00e1vicas.\u00a0Fue aquel el punto de partida de un proceso tr\u00e1gico marcado por el crimen, el robo tierras y el asentamiento en ellas de colonos extremistas, y la destrucci\u00f3n de todo aquello que represente la historia y cultura palestinas. Al Nakba es el descalabro demogr\u00e1fico, econ\u00f3mico y territorial, el inicio de un proceso basado en el terror, el racismo, el exterminio y la consiguiente sionizaci\u00f3n de la Palestina Hist\u00f3rica, pero tambi\u00e9n la constante resistencia de un pueblo digno, valiente, noble.\u00a0https:\/\/espanol.almayadeen.net\/articles\/1857084\/al-nakba&#8211;una-pol%C3%ADtica-de-soluci%C3%B3n-final-nazisionista<\/li>\n<\/ol>\n<p>&nbsp;<\/p>\n<p><a href=\"https:\/\/www.hispantv.com\/noticias\/opinion\/612281\/dia-mundial-alquds-palestina-corazon\"><strong>Fuente: Hispantv\/Jofr\u00e9 Leal<\/strong><\/a><\/p>\n","protected":false},"excerpt":{"rendered":"<p>Hoy que lleva consigo hacer presente, todos y cada uno de los elementos concretos y&#8230;<\/p>\n","protected":false},"author":1,"featured_media":2288,"comment_status":"open","ping_status":"closed","sticky":false,"template":"","format":"standard","meta":{"footnotes":""},"categories":[56],"tags":[686,32,104],"class_list":["post-2287","post","type-post","status-publish","format-standard","has-post-thumbnail","hentry","category-medios-aliados","tag-al-quds","tag-onu","tag-palestina"],"yoast_head":"<!-- This site is optimized with the Yoast SEO plugin v27.5 - https:\/\/yoast.com\/product\/yoast-seo-wordpress\/ -->\n<title>D\u00eda Mundial de Al-Quds: Palestina en el coraz\u00f3n -<\/title>\n<meta name=\"description\" content=\"Al-Quds. Hoy [...] m\u00e1s que nunca, el tener a Palestina en la mente, el coraz\u00f3n y la acci\u00f3n es fundamental.\" \/>\n<meta name=\"robots\" content=\"index, follow, max-snippet:-1, max-image-preview:large, max-video-preview:-1\" \/>\n<link rel=\"canonical\" href=\"https:\/\/hueleaazufre.com\/wordpress_a\/index.php\/2025\/03\/28\/dia-mundial-de-al-quds-palestina-en-el-corazon\/\" \/>\n<meta property=\"og:locale\" content=\"es_ES\" \/>\n<meta property=\"og:type\" content=\"article\" \/>\n<meta property=\"og:title\" content=\"D\u00eda Mundial de Al-Quds: Palestina en el coraz\u00f3n -\" \/>\n<meta property=\"og:description\" content=\"Al-Quds. Hoy [...] m\u00e1s que nunca, el tener a Palestina en la mente, el coraz\u00f3n y la acci\u00f3n es fundamental.\" \/>\n<meta property=\"og:url\" content=\"https:\/\/hueleaazufre.com\/wordpress_a\/index.php\/2025\/03\/28\/dia-mundial-de-al-quds-palestina-en-el-corazon\/\" \/>\n<meta property=\"article:published_time\" content=\"2025-03-28T17:52:30+00:00\" \/>\n<meta property=\"og:image\" content=\"https:\/\/hueleaazufre.com\/wordpress_a\/wp-content\/uploads\/2025\/03\/2-2.webp\" \/>\n\t<meta property=\"og:image:width\" content=\"880\" \/>\n\t<meta property=\"og:image:height\" content=\"495\" \/>\n\t<meta property=\"og:image:type\" content=\"image\/webp\" \/>\n<meta name=\"author\" content=\"Huele a azufre\" \/>\n<meta name=\"twitter:card\" content=\"summary_large_image\" \/>\n<meta name=\"twitter:label1\" content=\"Escrito por\" \/>\n\t<meta name=\"twitter:data1\" content=\"Huele a azufre\" \/>\n\t<meta name=\"twitter:label2\" content=\"Tiempo de lectura\" \/>\n\t<meta name=\"twitter:data2\" content=\"12 minutos\" \/>\n<script type=\"application\/ld+json\" class=\"yoast-schema-graph\">{\"@context\":\"https:\\\/\\\/schema.org\",\"@graph\":[{\"@type\":\"Article\",\"@id\":\"https:\\\/\\\/hueleaazufre.com\\\/wordpress_a\\\/index.php\\\/2025\\\/03\\\/28\\\/dia-mundial-de-al-quds-palestina-en-el-corazon\\\/#article\",\"isPartOf\":{\"@id\":\"https:\\\/\\\/hueleaazufre.com\\\/wordpress_a\\\/index.php\\\/2025\\\/03\\\/28\\\/dia-mundial-de-al-quds-palestina-en-el-corazon\\\/\"},\"author\":{\"name\":\"Huele a azufre\",\"@id\":\"https:\\\/\\\/hueleaazufre.com\\\/wordpress_a\\\/#\\\/schema\\\/person\\\/549dd871707ea7f9f1a686323ebe9baa\"},\"headline\":\"D\u00eda Mundial de Al-Quds: Palestina en el coraz\u00f3n\",\"datePublished\":\"2025-03-28T17:52:30+00:00\",\"mainEntityOfPage\":{\"@id\":\"https:\\\/\\\/hueleaazufre.com\\\/wordpress_a\\\/index.php\\\/2025\\\/03\\\/28\\\/dia-mundial-de-al-quds-palestina-en-el-corazon\\\/\"},\"wordCount\":2453,\"commentCount\":0,\"image\":{\"@id\":\"https:\\\/\\\/hueleaazufre.com\\\/wordpress_a\\\/index.php\\\/2025\\\/03\\\/28\\\/dia-mundial-de-al-quds-palestina-en-el-corazon\\\/#primaryimage\"},\"thumbnailUrl\":\"https:\\\/\\\/hueleaazufre.com\\\/wordpress_a\\\/wp-content\\\/uploads\\\/2025\\\/03\\\/2-2.webp\",\"keywords\":[\"Al-Quds\",\"ONU\",\"Palestina\"],\"articleSection\":[\"Medios aliados\"],\"inLanguage\":\"es\",\"potentialAction\":[{\"@type\":\"CommentAction\",\"name\":\"Comment\",\"target\":[\"https:\\\/\\\/hueleaazufre.com\\\/wordpress_a\\\/index.php\\\/2025\\\/03\\\/28\\\/dia-mundial-de-al-quds-palestina-en-el-corazon\\\/#respond\"]}]},{\"@type\":\"WebPage\",\"@id\":\"https:\\\/\\\/hueleaazufre.com\\\/wordpress_a\\\/index.php\\\/2025\\\/03\\\/28\\\/dia-mundial-de-al-quds-palestina-en-el-corazon\\\/\",\"url\":\"https:\\\/\\\/hueleaazufre.com\\\/wordpress_a\\\/index.php\\\/2025\\\/03\\\/28\\\/dia-mundial-de-al-quds-palestina-en-el-corazon\\\/\",\"name\":\"D\u00eda Mundial de Al-Quds: Palestina en el coraz\u00f3n -\",\"isPartOf\":{\"@id\":\"https:\\\/\\\/hueleaazufre.com\\\/wordpress_a\\\/#website\"},\"primaryImageOfPage\":{\"@id\":\"https:\\\/\\\/hueleaazufre.com\\\/wordpress_a\\\/index.php\\\/2025\\\/03\\\/28\\\/dia-mundial-de-al-quds-palestina-en-el-corazon\\\/#primaryimage\"},\"image\":{\"@id\":\"https:\\\/\\\/hueleaazufre.com\\\/wordpress_a\\\/index.php\\\/2025\\\/03\\\/28\\\/dia-mundial-de-al-quds-palestina-en-el-corazon\\\/#primaryimage\"},\"thumbnailUrl\":\"https:\\\/\\\/hueleaazufre.com\\\/wordpress_a\\\/wp-content\\\/uploads\\\/2025\\\/03\\\/2-2.webp\",\"datePublished\":\"2025-03-28T17:52:30+00:00\",\"author\":{\"@id\":\"https:\\\/\\\/hueleaazufre.com\\\/wordpress_a\\\/#\\\/schema\\\/person\\\/549dd871707ea7f9f1a686323ebe9baa\"},\"description\":\"Al-Quds. Hoy [...] m\u00e1s que nunca, el tener a Palestina en la mente, el coraz\u00f3n y la acci\u00f3n es fundamental.\",\"breadcrumb\":{\"@id\":\"https:\\\/\\\/hueleaazufre.com\\\/wordpress_a\\\/index.php\\\/2025\\\/03\\\/28\\\/dia-mundial-de-al-quds-palestina-en-el-corazon\\\/#breadcrumb\"},\"inLanguage\":\"es\",\"potentialAction\":[{\"@type\":\"ReadAction\",\"target\":[\"https:\\\/\\\/hueleaazufre.com\\\/wordpress_a\\\/index.php\\\/2025\\\/03\\\/28\\\/dia-mundial-de-al-quds-palestina-en-el-corazon\\\/\"]}]},{\"@type\":\"ImageObject\",\"inLanguage\":\"es\",\"@id\":\"https:\\\/\\\/hueleaazufre.com\\\/wordpress_a\\\/index.php\\\/2025\\\/03\\\/28\\\/dia-mundial-de-al-quds-palestina-en-el-corazon\\\/#primaryimage\",\"url\":\"https:\\\/\\\/hueleaazufre.com\\\/wordpress_a\\\/wp-content\\\/uploads\\\/2025\\\/03\\\/2-2.webp\",\"contentUrl\":\"https:\\\/\\\/hueleaazufre.com\\\/wordpress_a\\\/wp-content\\\/uploads\\\/2025\\\/03\\\/2-2.webp\",\"width\":880,\"height\":495,\"caption\":\"Al-Quds\"},{\"@type\":\"BreadcrumbList\",\"@id\":\"https:\\\/\\\/hueleaazufre.com\\\/wordpress_a\\\/index.php\\\/2025\\\/03\\\/28\\\/dia-mundial-de-al-quds-palestina-en-el-corazon\\\/#breadcrumb\",\"itemListElement\":[{\"@type\":\"ListItem\",\"position\":1,\"name\":\"Portada\",\"item\":\"https:\\\/\\\/hueleaazufre.com\\\/wordpress_a\\\/\"},{\"@type\":\"ListItem\",\"position\":2,\"name\":\"D\u00eda Mundial de Al-Quds: Palestina en el coraz\u00f3n\"}]},{\"@type\":\"WebSite\",\"@id\":\"https:\\\/\\\/hueleaazufre.com\\\/wordpress_a\\\/#website\",\"url\":\"https:\\\/\\\/hueleaazufre.com\\\/wordpress_a\\\/\",\"name\":\"\",\"description\":\"Huele a azufre es una plataforma digital de an\u00e1lisis geopol\u00edtico.\",\"potentialAction\":[{\"@type\":\"SearchAction\",\"target\":{\"@type\":\"EntryPoint\",\"urlTemplate\":\"https:\\\/\\\/hueleaazufre.com\\\/wordpress_a\\\/?s={search_term_string}\"},\"query-input\":{\"@type\":\"PropertyValueSpecification\",\"valueRequired\":true,\"valueName\":\"search_term_string\"}}],\"inLanguage\":\"es\"},{\"@type\":\"Person\",\"@id\":\"https:\\\/\\\/hueleaazufre.com\\\/wordpress_a\\\/#\\\/schema\\\/person\\\/549dd871707ea7f9f1a686323ebe9baa\",\"name\":\"Huele a azufre\",\"image\":{\"@type\":\"ImageObject\",\"inLanguage\":\"es\",\"@id\":\"https:\\\/\\\/secure.gravatar.com\\\/avatar\\\/e972d5c124b9bf80eb4c9d322a90dd86a59d447f5da36700a77516f13637d44e?s=96&d=mm&r=g\",\"url\":\"https:\\\/\\\/secure.gravatar.com\\\/avatar\\\/e972d5c124b9bf80eb4c9d322a90dd86a59d447f5da36700a77516f13637d44e?s=96&d=mm&r=g\",\"contentUrl\":\"https:\\\/\\\/secure.gravatar.com\\\/avatar\\\/e972d5c124b9bf80eb4c9d322a90dd86a59d447f5da36700a77516f13637d44e?s=96&d=mm&r=g\",\"caption\":\"Huele a azufre\"},\"description\":\"Huele a azufre es una plataforma digital de an\u00e1lisis geopol\u00edtico\u00a0 contrahegem\u00f3nico, que busca visibilizar las voces y los discursos silenciados por el poder medi\u00e1tico.\",\"sameAs\":[\"https:\\\/\\\/hueleaazufre.com\\\/wordpress_a\"],\"url\":\"https:\\\/\\\/hueleaazufre.com\\\/wordpress_a\\\/index.php\\\/author\\\/admin_tupapa\\\/\"}]}<\/script>\n<!-- \/ Yoast SEO plugin. -->","yoast_head_json":{"title":"D\u00eda Mundial de Al-Quds: Palestina en el coraz\u00f3n -","description":"Al-Quds. Hoy [...] m\u00e1s que nunca, el tener a Palestina en la mente, el coraz\u00f3n y la acci\u00f3n es fundamental.","robots":{"index":"index","follow":"follow","max-snippet":"max-snippet:-1","max-image-preview":"max-image-preview:large","max-video-preview":"max-video-preview:-1"},"canonical":"https:\/\/hueleaazufre.com\/wordpress_a\/index.php\/2025\/03\/28\/dia-mundial-de-al-quds-palestina-en-el-corazon\/","og_locale":"es_ES","og_type":"article","og_title":"D\u00eda Mundial de Al-Quds: Palestina en el coraz\u00f3n -","og_description":"Al-Quds. Hoy [...] m\u00e1s que nunca, el tener a Palestina en la mente, el coraz\u00f3n y la acci\u00f3n es fundamental.","og_url":"https:\/\/hueleaazufre.com\/wordpress_a\/index.php\/2025\/03\/28\/dia-mundial-de-al-quds-palestina-en-el-corazon\/","article_published_time":"2025-03-28T17:52:30+00:00","og_image":[{"width":880,"height":495,"url":"https:\/\/hueleaazufre.com\/wordpress_a\/wp-content\/uploads\/2025\/03\/2-2.webp","type":"image\/webp"}],"author":"Huele a azufre","twitter_card":"summary_large_image","twitter_misc":{"Escrito por":"Huele a azufre","Tiempo de lectura":"12 minutos"},"schema":{"@context":"https:\/\/schema.org","@graph":[{"@type":"Article","@id":"https:\/\/hueleaazufre.com\/wordpress_a\/index.php\/2025\/03\/28\/dia-mundial-de-al-quds-palestina-en-el-corazon\/#article","isPartOf":{"@id":"https:\/\/hueleaazufre.com\/wordpress_a\/index.php\/2025\/03\/28\/dia-mundial-de-al-quds-palestina-en-el-corazon\/"},"author":{"name":"Huele a azufre","@id":"https:\/\/hueleaazufre.com\/wordpress_a\/#\/schema\/person\/549dd871707ea7f9f1a686323ebe9baa"},"headline":"D\u00eda Mundial de Al-Quds: Palestina en el coraz\u00f3n","datePublished":"2025-03-28T17:52:30+00:00","mainEntityOfPage":{"@id":"https:\/\/hueleaazufre.com\/wordpress_a\/index.php\/2025\/03\/28\/dia-mundial-de-al-quds-palestina-en-el-corazon\/"},"wordCount":2453,"commentCount":0,"image":{"@id":"https:\/\/hueleaazufre.com\/wordpress_a\/index.php\/2025\/03\/28\/dia-mundial-de-al-quds-palestina-en-el-corazon\/#primaryimage"},"thumbnailUrl":"https:\/\/hueleaazufre.com\/wordpress_a\/wp-content\/uploads\/2025\/03\/2-2.webp","keywords":["Al-Quds","ONU","Palestina"],"articleSection":["Medios aliados"],"inLanguage":"es","potentialAction":[{"@type":"CommentAction","name":"Comment","target":["https:\/\/hueleaazufre.com\/wordpress_a\/index.php\/2025\/03\/28\/dia-mundial-de-al-quds-palestina-en-el-corazon\/#respond"]}]},{"@type":"WebPage","@id":"https:\/\/hueleaazufre.com\/wordpress_a\/index.php\/2025\/03\/28\/dia-mundial-de-al-quds-palestina-en-el-corazon\/","url":"https:\/\/hueleaazufre.com\/wordpress_a\/index.php\/2025\/03\/28\/dia-mundial-de-al-quds-palestina-en-el-corazon\/","name":"D\u00eda Mundial de Al-Quds: Palestina en el coraz\u00f3n -","isPartOf":{"@id":"https:\/\/hueleaazufre.com\/wordpress_a\/#website"},"primaryImageOfPage":{"@id":"https:\/\/hueleaazufre.com\/wordpress_a\/index.php\/2025\/03\/28\/dia-mundial-de-al-quds-palestina-en-el-corazon\/#primaryimage"},"image":{"@id":"https:\/\/hueleaazufre.com\/wordpress_a\/index.php\/2025\/03\/28\/dia-mundial-de-al-quds-palestina-en-el-corazon\/#primaryimage"},"thumbnailUrl":"https:\/\/hueleaazufre.com\/wordpress_a\/wp-content\/uploads\/2025\/03\/2-2.webp","datePublished":"2025-03-28T17:52:30+00:00","author":{"@id":"https:\/\/hueleaazufre.com\/wordpress_a\/#\/schema\/person\/549dd871707ea7f9f1a686323ebe9baa"},"description":"Al-Quds. Hoy [...] m\u00e1s que nunca, el tener a Palestina en la mente, el coraz\u00f3n y la acci\u00f3n es fundamental.","breadcrumb":{"@id":"https:\/\/hueleaazufre.com\/wordpress_a\/index.php\/2025\/03\/28\/dia-mundial-de-al-quds-palestina-en-el-corazon\/#breadcrumb"},"inLanguage":"es","potentialAction":[{"@type":"ReadAction","target":["https:\/\/hueleaazufre.com\/wordpress_a\/index.php\/2025\/03\/28\/dia-mundial-de-al-quds-palestina-en-el-corazon\/"]}]},{"@type":"ImageObject","inLanguage":"es","@id":"https:\/\/hueleaazufre.com\/wordpress_a\/index.php\/2025\/03\/28\/dia-mundial-de-al-quds-palestina-en-el-corazon\/#primaryimage","url":"https:\/\/hueleaazufre.com\/wordpress_a\/wp-content\/uploads\/2025\/03\/2-2.webp","contentUrl":"https:\/\/hueleaazufre.com\/wordpress_a\/wp-content\/uploads\/2025\/03\/2-2.webp","width":880,"height":495,"caption":"Al-Quds"},{"@type":"BreadcrumbList","@id":"https:\/\/hueleaazufre.com\/wordpress_a\/index.php\/2025\/03\/28\/dia-mundial-de-al-quds-palestina-en-el-corazon\/#breadcrumb","itemListElement":[{"@type":"ListItem","position":1,"name":"Portada","item":"https:\/\/hueleaazufre.com\/wordpress_a\/"},{"@type":"ListItem","position":2,"name":"D\u00eda Mundial de Al-Quds: Palestina en el coraz\u00f3n"}]},{"@type":"WebSite","@id":"https:\/\/hueleaazufre.com\/wordpress_a\/#website","url":"https:\/\/hueleaazufre.com\/wordpress_a\/","name":"","description":"Huele a azufre es una plataforma digital de an\u00e1lisis geopol\u00edtico.","potentialAction":[{"@type":"SearchAction","target":{"@type":"EntryPoint","urlTemplate":"https:\/\/hueleaazufre.com\/wordpress_a\/?s={search_term_string}"},"query-input":{"@type":"PropertyValueSpecification","valueRequired":true,"valueName":"search_term_string"}}],"inLanguage":"es"},{"@type":"Person","@id":"https:\/\/hueleaazufre.com\/wordpress_a\/#\/schema\/person\/549dd871707ea7f9f1a686323ebe9baa","name":"Huele a azufre","image":{"@type":"ImageObject","inLanguage":"es","@id":"https:\/\/secure.gravatar.com\/avatar\/e972d5c124b9bf80eb4c9d322a90dd86a59d447f5da36700a77516f13637d44e?s=96&d=mm&r=g","url":"https:\/\/secure.gravatar.com\/avatar\/e972d5c124b9bf80eb4c9d322a90dd86a59d447f5da36700a77516f13637d44e?s=96&d=mm&r=g","contentUrl":"https:\/\/secure.gravatar.com\/avatar\/e972d5c124b9bf80eb4c9d322a90dd86a59d447f5da36700a77516f13637d44e?s=96&d=mm&r=g","caption":"Huele a azufre"},"description":"Huele a azufre es una plataforma digital de an\u00e1lisis geopol\u00edtico\u00a0 contrahegem\u00f3nico, que busca visibilizar las voces y los discursos silenciados por el poder medi\u00e1tico.","sameAs":["https:\/\/hueleaazufre.com\/wordpress_a"],"url":"https:\/\/hueleaazufre.com\/wordpress_a\/index.php\/author\/admin_tupapa\/"}]}},"_links":{"self":[{"href":"https:\/\/hueleaazufre.com\/wordpress_a\/index.php\/wp-json\/wp\/v2\/posts\/2287","targetHints":{"allow":["GET"]}}],"collection":[{"href":"https:\/\/hueleaazufre.com\/wordpress_a\/index.php\/wp-json\/wp\/v2\/posts"}],"about":[{"href":"https:\/\/hueleaazufre.com\/wordpress_a\/index.php\/wp-json\/wp\/v2\/types\/post"}],"author":[{"embeddable":true,"href":"https:\/\/hueleaazufre.com\/wordpress_a\/index.php\/wp-json\/wp\/v2\/users\/1"}],"replies":[{"embeddable":true,"href":"https:\/\/hueleaazufre.com\/wordpress_a\/index.php\/wp-json\/wp\/v2\/comments?post=2287"}],"version-history":[{"count":1,"href":"https:\/\/hueleaazufre.com\/wordpress_a\/index.php\/wp-json\/wp\/v2\/posts\/2287\/revisions"}],"predecessor-version":[{"id":2289,"href":"https:\/\/hueleaazufre.com\/wordpress_a\/index.php\/wp-json\/wp\/v2\/posts\/2287\/revisions\/2289"}],"wp:featuredmedia":[{"embeddable":true,"href":"https:\/\/hueleaazufre.com\/wordpress_a\/index.php\/wp-json\/wp\/v2\/media\/2288"}],"wp:attachment":[{"href":"https:\/\/hueleaazufre.com\/wordpress_a\/index.php\/wp-json\/wp\/v2\/media?parent=2287"}],"wp:term":[{"taxonomy":"category","embeddable":true,"href":"https:\/\/hueleaazufre.com\/wordpress_a\/index.php\/wp-json\/wp\/v2\/categories?post=2287"},{"taxonomy":"post_tag","embeddable":true,"href":"https:\/\/hueleaazufre.com\/wordpress_a\/index.php\/wp-json\/wp\/v2\/tags?post=2287"}],"curies":[{"name":"wp","href":"https:\/\/api.w.org\/{rel}","templated":true}]}}