{"id":2290,"date":"2025-03-28T18:04:31","date_gmt":"2025-03-28T18:04:31","guid":{"rendered":"https:\/\/hueleaazufre.com\/wordpress_a\/?p=2290"},"modified":"2025-03-28T18:34:56","modified_gmt":"2025-03-28T18:34:56","slug":"el-miedo-como-discurso-politico-y-mediatico-esta-mentalizando-la-ue-a-su-poblacion-para-la-guerra","status":"publish","type":"post","link":"https:\/\/hueleaazufre.com\/wordpress_a\/index.php\/2025\/03\/28\/el-miedo-como-discurso-politico-y-mediatico-esta-mentalizando-la-ue-a-su-poblacion-para-la-guerra\/","title":{"rendered":"El miedo como discurso pol\u00edtico y medi\u00e1tico: \u00bfest\u00e1 mentalizando la UE a su poblaci\u00f3n para la guerra?"},"content":{"rendered":"<div class=\"article__header\">\n<div class=\"article__announce-text\">El rumbo belicista de Bruselas propicia la publicaci\u00f3n de un manual europeo de supervivencia en caso de crisis. La ciudadan\u00eda europea cree que la UE deber\u00eda centrarse en cuestiones de defensa y seguridad, seg\u00fan una encuesta del Europarlamento. Pero tal \u00e1nimo no cala en Espa\u00f1a e Italia. El discurso del miedo busca consolidar la opini\u00f3n p\u00fablica.<\/div>\n<\/div>\n<div class=\"article__body\">\n<div class=\"article__block\" data-type=\"text\">\n<div class=\"article__text\">Los planes de rearme de la Comisi\u00f3n Europea (CE) comienzan a tener efecto en la vida cotidiana de los ciudadanos de la UE. Bruselas ha aprobado un manual especial de supervivencia que insta a proveerse de v\u00edveres, agua, bater\u00edas, medicamentos y botiquines de primeros auxilios para poder subsistir durante 72 horas en caso de crisis extrema, como una guerra.<\/div>\n<div><\/div>\n<\/div>\n<div class=\"article__block\" data-type=\"text\">\n<div class=\"article__text\">Bas\u00e1ndose en las\u00a0<a href=\"https:\/\/noticiaslatam.lat\/20241108\/hoja-de-ruta-de-la-ue-para-militarizar-la-vida-civil-preparandose-para-la-guerra-con-rusia-1158878148.html\" target=\"_blank\" rel=\"noopener\">recomendaciones del informe Niinisto<\/a>\u00a0y tras la publicaci\u00f3n en 2024 de gu\u00edas similares en Suecia y Finlandia, la UE parece invocar un clima preb\u00e9lico similar a los d\u00edas m\u00e1s tensos de la\u00a0<strong>Guerra Fr\u00eda<\/strong>. El ambiente reinante comienza a incidir en la opini\u00f3n p\u00fablica comunitaria, que considera mayoritariamente (el 36%) que las cuestiones de la defensa y la seguridad son los aspectos en los que la UE \u00abdeber\u00eda centrarse\u00bb para \u00abreforzar su posici\u00f3n en el mundo\u00bb.<\/div>\n<\/div>\n<div class=\"article__block\" data-type=\"text\">\n<div class=\"article__text\">As\u00ed se\u00a0<a href=\"https:\/\/europa.eu\/eurobarometer\/surveys\/detail\/3492\" target=\"_blank\" rel=\"noopener\">consigna<\/a>\u00a0en el\u00a0<strong>Eurobar\u00f3metro<\/strong>\u00a0de invierno, la serie de encuestas semestrales que lleva a cabo el Parlamento Europeo y que en esta ocasi\u00f3n ha preguntado por las necesidades m\u00e1s apremiantes de la UE y de su ciudadan\u00eda. Con una muestra de m\u00e1s de 26.000 encuestados, el estudio constata que tras la defensa y la seguridad, la competitividad (32%), la independencia energ\u00e9tica (27%) y la seguridad alimentaria (25%) son los temas en los que la UE debe trabajar m\u00e1s.<\/div>\n<\/div>\n<div class=\"article__block\" data-type=\"article\" data-article=\"main-photo\">\n<div><\/div>\n<div class=\"article__article m-image\">\n<div class=\"article__article-desc\">\n<div class=\"article__article-rubric\"><a title=\"S\u00e9ptimo piso\" href=\"https:\/\/noticiaslatam.lat\/septimo-piso\/\">S\u00e9ptimo piso<\/a><\/div>\n<p><a class=\"article__article-title\" title=\"Los pa\u00edses n\u00f3rdicos preparan a la poblaci\u00f3n: &quot;Militarizan la conciencia&quot;\" href=\"https:\/\/noticiaslatam.lat\/20241121\/los-paises-nordicos-preparan-a-la-poblacion-militarizan-la-conciencia-1159178009.html\">Los pa\u00edses n\u00f3rdicos preparan a la poblaci\u00f3n: \u00abMilitarizan la conciencia\u00bb<\/a><\/p>\n<\/div>\n<div class=\"article__article-info\" data-type=\"audio\">\n<div class=\"elem-info\">\n<div class=\"elem-info__date convert-date\" data-unixtime=\"1732176840\"><\/div>\n<div class=\"elem-info__views\" data-id=\"1159178009\"><\/div>\n<div class=\"elem-info__share\">\n<div class=\"share\" data-id=\"1159178009\" data-url=\"https:\/\/noticiaslatam.lat\/20241121\/los-paises-nordicos-preparan-a-la-poblacion-militarizan-la-conciencia-1159178009.html\" data-title=\"Los pa\u00edses n\u00f3rdicos preparan a la poblaci\u00f3n: &quot;Militarizan la conciencia&quot;\"><\/div>\n<\/div>\n<\/div>\n<\/div>\n<\/div>\n<\/div>\n<div class=\"article__block\" data-type=\"text\">\n<div class=\"article__text\">La defensa es el principal motivo de preocupaci\u00f3n para el 56% de los lituanos, el 52% de los daneses y el 49% de los finlandeses. B\u00e9lgica, Alemania o Pa\u00edses Bajos tambi\u00e9n muestran \u00edndices superiores a la media. Pero para Italia, Portugal, Eslovenia, Grecia, Hungr\u00eda, Bulgaria e incluso Estonia, la prioridad es la \u00abcompetitividad, la econom\u00eda y la industria\u00bb.<\/div>\n<\/div>\n<div class=\"article__block\" data-type=\"h2\">\n<div id=\"1161729399-1161729404\" class=\"article__block-anchor\"><\/div>\n<h2 id=\"1161729399-1\" class=\"article__h2\">Espa\u00f1a disiente<\/h2>\n<\/div>\n<div class=\"article__block\" data-type=\"text\">\n<div class=\"article__text\">En el caso de Espa\u00f1a, solo el 20% de sus encuestados se\u00f1alan la defensa y la seguridad como necesidades prioritarias de la UE, ubic\u00e1ndola en\u00a0<strong>quinta posici\u00f3n<\/strong>. En Italia son el 31%. El asunto principal para los espa\u00f1oles es la \u00abeducaci\u00f3n e investigaci\u00f3n\u00bb (el 40%), punto en el que coinciden los chipriotas (46%). Y para Ruman\u00eda, Eslovaquia, Austria, Croacia e Irlanda, lo m\u00e1s perentorio es la seguridad alimentaria y la agricultura.<\/div>\n<\/div>\n<div class=\"article__block\" data-type=\"text\">\n<div class=\"article__text\">Los principales problemas se\u00f1alados por los espa\u00f1oles a modo personal son la inflaci\u00f3n (44%), la sanidad p\u00fablica (40%),\u00a0<a href=\"https:\/\/noticiaslatam.lat\/20241204\/el-impacto-de-la-inflacion-acumulada-en-espana-cuando-la-crianza-de-los-hijos-te-hace-pobre-1159500260.html\" target=\"_blank\" rel=\"noopener\">la lucha contra la pobreza<\/a>\u00a0(35%) y la econom\u00eda y el empleo (35%). La \u00abdefensa y seguridad de la UE\u00bb solo es prioritaria para el 14% de ellos y para el 26% de italianos y portugueses. \u00bfEmpiezan a perfilarse disonancias en la UE sobre el rumbo belicista elegido por Bruselas?<\/div>\n<\/div>\n<div class=\"article__block\" data-type=\"text\">\n<div class=\"article__text\">\u00abEl caso espa\u00f1ol es paradigm\u00e1tico\u00bb, explica a Sputnik la soci\u00f3loga\u00a0<strong>Nahia Sanzo<\/strong>, integrante de\u00a0<em>GeopolitikaZ<\/em>, un grupo de investigaci\u00f3n multidisciplinar de la Universidad del Pa\u00eds Vasco (UPV\/EHU), que se\u00f1ala una disonancia entre las respuestas a preguntas \u00abideol\u00f3gicas\u00bb y a las que atienden a prioridades de la \u00abvida real\u00bb.<\/div>\n<\/div>\n<div class=\"article__block\" data-type=\"quote\">\n<div class=\"article__quote\">\n<div class=\"article__quote-bg\">\n<div class=\"article__quote-bg-line\"><\/div>\n<\/div>\n<div class=\"article__quote-text\">\u00abLos datos actuales se pueden interpretar como la percepci\u00f3n de que Espa\u00f1a no est\u00e1 cumpliendo con su parte y ha de aumentar el gasto militar para llegar al m\u00ednimo al que se comprometieron los pa\u00edses miembros de la OTAN\u00bb, explica a Sputnik.<\/div>\n<div class=\"article__quote-info\">\n<div class=\"elem-info\">\n<div class=\"elem-info__share\">\n<div class=\"share\" data-id=\"1161729399\" data-url=\"https:\/\/noticiaslatam.lat\/20250328\/el-miedo-como-discurso-politico-y-mediatico-esta-mentalizando-la-ue-a-su-poblacion-para-la-guerra-1161729399.html?share-block=1161729667\" data-title=\"&quot;Los datos actuales se pueden interpretar como la percepci\u00f3n de que Espa\u00f1a no est\u00e1 cumpliendo con su parte y ha de aumentar el gasto militar para llegar al m\u00ednimo al que se comprometieron los pa\u00edses miembros de la OTAN&quot;, explica a Sputnik.\"><\/div>\n<\/div>\n<\/div>\n<\/div>\n<\/div>\n<\/div>\n<div class=\"article__block\" data-type=\"text\">\n<div class=\"article__text\">Otros estudios, como los del Centro de Investigaciones Sociol\u00f3gicas (CIS) y Yougov, revelan un apoyo sustancial (75% y 65%, respectivamente) a la idea de la creaci\u00f3n de un Ej\u00e9rcito europeo. \u00abPero son preguntas que se hacen en el vac\u00edo, sin que quede claro cu\u00e1les son las implicaciones\u00bb, aclara esta soci\u00f3loga, que destaca que la opini\u00f3n p\u00fablica<strong>\u00a0podr\u00eda cambiar\u00a0<\/strong>una vez se especifique\u00a0<a href=\"https:\/\/noticiaslatam.lat\/20250116\/la-otan-pide-mas-gasto-militar-y-menos-estado-del-bienestar-puede-resistirse-espana-1160502713.html\" target=\"_blank\" rel=\"noopener\">c\u00f3mo se financiar\u00e1 tal gasto y cu\u00e1les ser\u00e1n sus contrapartidas<\/a>.<\/div>\n<\/div>\n<div class=\"article__block\" data-type=\"quote\">\n<div class=\"article__quote\">\n<div class=\"article__quote-bg\">\n<div class=\"article__quote-bg-line\"><\/div>\n<\/div>\n<div class=\"article__quote-text\">\u00abEste Eurobar\u00f3metro se realiz\u00f3 antes del discurso de\u00a0<strong>Pete Hegseth\u00a0<\/strong>[secretario de Defensa de EEUU] ante sus aliados europeos de la OTAN, que supuso el punto de inflexi\u00f3n en el discurso estadounidense y, sobre todo, el extremo nerviosismo de los pa\u00edses de la UE que finalmente ha dado lugar al plan ReArm Europe\u00bb, afirma.<\/div>\n<div class=\"article__quote-info\">\n<div class=\"elem-info\">\n<div class=\"elem-info__share\">\n<div class=\"share\" data-id=\"1161729399\" data-url=\"https:\/\/noticiaslatam.lat\/20250328\/el-miedo-como-discurso-politico-y-mediatico-esta-mentalizando-la-ue-a-su-poblacion-para-la-guerra-1161729399.html?share-block=1161729668\" data-title=\"&quot;Este Eurobar\u00f3metro se realiz\u00f3 antes del discurso de Pete Hegseth [secretario de Defensa de EEUU] ante sus aliados europeos de la OTAN, que supuso el punto de inflexi\u00f3n en el discurso estadounidense y, sobre todo, el extremo nerviosismo de los pa\u00edses de la UE que finalmente ha dado lugar al plan ReArm Europe&quot;, afirma.\"><\/div>\n<\/div>\n<\/div>\n<\/div>\n<\/div>\n<\/div>\n<div class=\"article__block\" data-type=\"text\">\n<div class=\"article__text\">En la\u00a0<a href=\"https:\/\/www.cis.es\/documents\/d\/cis\/es3502marMT_a\" target=\"_blank\" rel=\"noopener\">encuesta<\/a>\u00a0del CIS, cuando se pregunt\u00f3 por los problemas de Espa\u00f1a y de los propios espa\u00f1oles, el conflicto en Ucrania y las \u00abguerras en general\u00bb preocupa al 1% y 0,4%, respectivamente, de los consultados.<\/div>\n<\/div>\n<div class=\"article__block\" data-type=\"h2\">\n<div id=\"1161729399-1161729412\" class=\"article__block-anchor\"><\/div>\n<h2 id=\"1161729399-2\" class=\"article__h2\">Infundiendo temor<\/h2>\n<\/div>\n<div class=\"article__block\" data-type=\"text\">\n<div class=\"article__text\">En el marco de su Estrategia de Preparaci\u00f3n, emanada de las propuestas contenidas en el\u00a0<strong>informe Niinisto<\/strong>\u00a0de 2024, la CE establece pautas para lograr la autosuficiencia de la poblaci\u00f3n durante 72 horas en situaciones de guerra o cat\u00e1strofe medioambiental.<\/div>\n<\/div>\n<div class=\"article__block\" data-type=\"text\">\n<div class=\"article__text\">\u00abDebemos prepararnos para incidentes y crisis a gran escala y de car\u00e1cter intersectorial, incluida la posibilidad de una agresi\u00f3n armada, que afecten a uno o m\u00e1s Estados miembros\u00bb, reza en el texto del documento, donde se alude al acopio de v\u00edveres no perecederos, medicamentos y bater\u00edas. La eurocomisaria de Igualdad, Preparaci\u00f3n y Gesti\u00f3n de crisis, la belga\u00a0<strong>Hadja Lahbib<\/strong>, incluso ha publicado un v\u00eddeo en su cuenta oficial en X, donde de manera desenfadada explica la necesidad de proveerse de linternas, dinero en efectivo o navajas multiusos.<\/div>\n<\/div>\n<div class=\"article__block\" data-type=\"social\">\n<div class=\"ria-tweet\">\n<p dir=\"ltr\" lang=\"en\">Today, the EU launches its new\u00a0<a href=\"https:\/\/twitter.com\/hashtag\/Preparedness?src=hash&amp;ref_src=twsrc%5Etfw\">#Preparedness<\/a>\u00a0Strategy.<\/p>\n<p>\u201cReady for anything\u201d \u2014 this must be our new European way of life. Our motto and\u00a0<a href=\"https:\/\/twitter.com\/hashtag\/hashtag?src=hash&amp;ref_src=twsrc%5Etfw\">#hashtag<\/a>.\u00a0<a href=\"https:\/\/t.co\/fA1z8ZvMDA\">pic.twitter.com\/fA1z8ZvMDA<\/a><\/p>\n<p>\u2014 Hadja Lahbib (@hadjalahbib)\u00a0<a href=\"https:\/\/twitter.com\/hadjalahbib\/status\/1904858985972351264?ref_src=twsrc%5Etfw\">March 26, 2025<\/a><\/p>\n<\/div>\n<\/div>\n<div class=\"article__block\" data-type=\"text\">\n<div class=\"article__text\">Salvo excepciones, el\u00a0<strong>discurso del miedo<\/strong>\u00a0en los mensajes pol\u00edticos y medi\u00e1ticos es \u00abgeneralizado\u00bb, advierte Sanzo. El fin es contribuir a la creaci\u00f3n de una tendencia con la que \u00abseguir a la mayor\u00eda\u00bb, a\u00f1ade.<\/div>\n<\/div>\n<div class=\"article__block\" data-type=\"h2\">\n<div id=\"1161729399-1161729416\" class=\"article__block-anchor\"><\/div>\n<h2 id=\"1161729399-3\" class=\"article__h2\">\u00bfQui\u00e9n va a invadir la UE?<\/h2>\n<\/div>\n<div class=\"article__block\" data-type=\"text\">\n<div class=\"article__text\">Cabe preguntarse si la promoci\u00f3n del miedo ante una perspectiva de un hipot\u00e9tico enfrentamiento armado con Rusia busca justificar el plan de rearme de la UE\u00a0<a href=\"https:\/\/noticiaslatam.lat\/20250308\/la-ue-consagra-su-rumbo-al-enfrentamiento-claves-de-una-cumbre-de-ambiente-caldeado-por-macron-1161489539.html\" target=\"_blank\" rel=\"noopener\">y los 800.000 millones de euros que costar\u00e1<\/a>.<\/div>\n<\/div>\n<div class=\"article__block\" data-type=\"text\">\n<div class=\"article__text\">\u00abEl \u00fanico peligro de guerra con Rusia es el que agita la UE para justificar los enormes gastos militares de los que suculentas comisiones acabar\u00e1n en sus bolsillos\u00bb, declara a Sputnik\u00a0<strong>\u00c1ngeles Maestro<\/strong>, portavoz de la Plataforma de Madrid contra la OTAN y las Bases. Las inversiones en defensa conforman el vector de desarrollo econ\u00f3mico elegido por Bruselas para los pr\u00f3ximos a\u00f1os, un rumbo del que, una vez asumido, resultar\u00e1 complicado desviarse.<\/div>\n<\/div>\n<div class=\"article__block\" data-type=\"quote\">\n<div class=\"article__quote\">\n<div class=\"article__quote-bg\">\n<div class=\"article__quote-bg-line\"><\/div>\n<\/div>\n<div class=\"article__quote-text\">\u00abEl verdadero objetivo [de la UE] es el gasto militar y para ello hay que crear un enemigo\u00bb, reitera Maestro.<\/div>\n<div class=\"article__quote-info\">\n<div class=\"elem-info\">\n<div class=\"elem-info__share\">\n<div class=\"share\" data-id=\"1161729399\" data-url=\"https:\/\/noticiaslatam.lat\/20250328\/el-miedo-como-discurso-politico-y-mediatico-esta-mentalizando-la-ue-a-su-poblacion-para-la-guerra-1161729399.html?share-block=1161729670\" data-title=\"&quot;El verdadero objetivo [de la UE] es el gasto militar y para ello hay que crear un enemigo&quot;, reitera Maestro.\"><\/div>\n<\/div>\n<\/div>\n<\/div>\n<\/div>\n<\/div>\n<div class=\"article__block\" data-type=\"text\">\n<div class=\"article__text\">Es una situaci\u00f3n que no ayuda a rebajar la tensi\u00f3n ni a estimular las v\u00edas hacia la paz. La Estrategia de Preparaci\u00f3n, cuyo antecedente m\u00e1s cercano es la publicaci\u00f3n en 2024 de gu\u00edas de supervivencia en Suecia y Finlandia,\u00a0<a href=\"https:\/\/noticiaslatam.lat\/20250325\/el-kremlin-moscu-y-washington-analizan-los-resultados-de-las-consultas-bilaterales-en-riad-1161705972.html\" target=\"_blank\" rel=\"noopener\">coincide (y contrasta) con las negociaciones preliminares de paz entre EEUU y Rusia en Riad<\/a>. Ante la supuesta amenaza rusa para la UE, en Espa\u00f1a recuerdan los planes de Trump contra la integridad territorial de la Uni\u00f3n.<\/div>\n<\/div>\n<div class=\"article__block\" data-type=\"text\">\n<div class=\"article__text\">\u00abQuien est\u00e1 mucho m\u00e1s cerca de invadir un pa\u00eds de la UE es su jefe, el jefe de la OTAN, el se\u00f1or Donald Trump, que s\u00ed ha amenazado con invadir Groenlandia\u00bb,\u00a0<a href=\"https:\/\/x.com\/ionebelarra\/status\/1904918282273952246\" target=\"_blank\" rel=\"noopener\">espet\u00f3<\/a>\u00a0a Pedro S\u00e1nchez en sede parlamentaria la l\u00edder de Podemos,\u00a0<strong>Ione Belarra<\/strong>, quien adem\u00e1s compar\u00f3 la amenaza rusa con la afirmaci\u00f3n brit\u00e1nico-estadounidense en 2003 de que Irak ten\u00eda armas de destrucci\u00f3n masiva.<\/div>\n<\/div>\n<div class=\"article__block\" data-type=\"article\" data-article=\"main-photo\">\n<div class=\"article__article m-image\">\n<div class=\"article__article-desc\">\n<div class=\"article__article-rubric\"><a title=\"Al contado\" href=\"https:\/\/noticiaslatam.lat\/radio_al_contado\/\">Al contado<\/a><\/div>\n<p><a class=\"article__article-title\" title=\"Hilarante: la UE quiere militarizarse, pero no tiene suficiente p\u00f3lvora ni TNT\" href=\"https:\/\/noticiaslatam.lat\/20250325\/hilarante-la-ue-quiere-militarizarse-pero-no-tiene-suficiente-polvora-ni-tnt-1161707222.html\">Hilarante: la UE quiere militarizarse, pero no tiene suficiente p\u00f3lvora ni TNT<\/a><\/p>\n<\/div>\n<div class=\"article__article-info\" data-type=\"audio\">\n<div class=\"elem-info\">\n<div class=\"elem-info__views\" data-id=\"1161707222\"><\/div>\n<div class=\"elem-info__share\">\n<div class=\"share\" data-id=\"1161707222\" data-url=\"https:\/\/noticiaslatam.lat\/20250325\/hilarante-la-ue-quiere-militarizarse-pero-no-tiene-suficiente-polvora-ni-tnt-1161707222.html\" data-title=\"Hilarante: la UE quiere militarizarse, pero no tiene suficiente p\u00f3lvora ni TNT\"><\/div>\n<\/div>\n<\/div>\n<\/div>\n<\/div>\n<\/div>\n<div class=\"article__block\" data-type=\"text\">\n<div class=\"article__text\">Cabe resaltar en este punto la contradicci\u00f3n que representa Dinamarca, sin fronteras con Rusia ni litigios con Mosc\u00fa, pero con una opini\u00f3n p\u00fablica a favor del rearme europeo. \u00abSe podr\u00eda pensar que su poblaci\u00f3n est\u00e1 preocupada por las\u00a0<a href=\"https:\/\/noticiaslatam.lat\/20250324\/groenlandia-considera-injerencia-extranjera-la-visita-de-una-delegacion-de-eeuu-1161698375.html\" target=\"_blank\" rel=\"noopener\">menciones de Trump a la adquisici\u00f3n de Groenlandia<\/a>, pero su primera ministra insiste repetidamente en que el peligro no es EEUU, sino Rusia\u00bb, recuerda Sanzo.<\/div>\n<\/div>\n<div class=\"article__block\" data-type=\"text\">\n<div class=\"article__text\">En este sentido, la\u00a0<strong>l\u00ednea oficial<\/strong>\u00a0del discurso pol\u00edtico y medi\u00e1tico en la UE llama a reforzar la idea de \u00abla amenaza rusa\u00bb aun cuando la integridad territorial est\u00e1 siendo en realidad amenazada \u00abpor un aliado y miembro de la OTAN, y no por el supuesto enemigo\u00bb, a\u00f1ade. A su juicio, las \u00abprisas\u00bb de la UE para armarse no obedecen a ninguna amenaza procedente de Rusia, \u00absino al cambio de postura de EEUU\u00bb.<\/div>\n<\/div>\n<div class=\"article__block\" data-type=\"quote\">\n<div class=\"article__quote\">\n<div class=\"article__quote-bg\">\n<div class=\"article__quote-bg-line\"><\/div>\n<\/div>\n<div class=\"article__quote-text\">\u00abPero el discurso va a seguir bas\u00e1ndose en la amenaza rusa para conseguir el favor de la poblaci\u00f3n, lo que da lugar a que las encuestas muestren grandes diferencias entre pa\u00edses\u00bb, concluye Sanzo.<\/div>\n<\/div>\n<\/div>\n<\/div>\n<div><\/div>\n<div><a href=\"https:\/\/noticiaslatam.lat\/20250328\/el-miedo-como-discurso-politico-y-mediatico-esta-mentalizando-la-ue-a-su-poblacion-para-la-guerra-1161729399.html\"><strong>Fuente: Sputnik\/Yarisley Urrutia<\/strong><\/a><\/div>\n","protected":false},"excerpt":{"rendered":"<p>El rumbo belicista de Bruselas propicia la publicaci\u00f3n de un manual europeo de supervivencia en&#8230;<\/p>\n","protected":false},"author":1,"featured_media":2291,"comment_status":"open","ping_status":"closed","sticky":false,"template":"","format":"standard","meta":{"footnotes":""},"categories":[70],"tags":[687,8,79],"class_list":["post-2290","post","type-post","status-publish","format-standard","has-post-thumbnail","hentry","category-otras-voces","tag-bruselas","tag-guerra","tag-ue"],"yoast_head":"<!-- This site is optimized with the Yoast SEO plugin v27.5 - https:\/\/yoast.com\/product\/yoast-seo-wordpress\/ -->\n<title>El miedo como discurso pol\u00edtico y medi\u00e1tico: \u00bfest\u00e1 mentalizando la UE a su poblaci\u00f3n para la guerra? -<\/title>\n<meta name=\"description\" content=\"UE. El rumbo belicista de Bruselas propicia la publicaci\u00f3n de un manual europeo de supervivencia en caso de crisis.\" \/>\n<meta name=\"robots\" content=\"index, follow, max-snippet:-1, max-image-preview:large, max-video-preview:-1\" \/>\n<link rel=\"canonical\" href=\"https:\/\/hueleaazufre.com\/wordpress_a\/index.php\/2025\/03\/28\/el-miedo-como-discurso-politico-y-mediatico-esta-mentalizando-la-ue-a-su-poblacion-para-la-guerra\/\" \/>\n<meta property=\"og:locale\" content=\"es_ES\" \/>\n<meta property=\"og:type\" content=\"article\" \/>\n<meta property=\"og:title\" content=\"El miedo como discurso pol\u00edtico y medi\u00e1tico: \u00bfest\u00e1 mentalizando la UE a su poblaci\u00f3n para la guerra? -\" \/>\n<meta property=\"og:description\" content=\"UE. El rumbo belicista de Bruselas propicia la publicaci\u00f3n de un manual europeo de supervivencia en caso de crisis.\" \/>\n<meta property=\"og:url\" content=\"https:\/\/hueleaazufre.com\/wordpress_a\/index.php\/2025\/03\/28\/el-miedo-como-discurso-politico-y-mediatico-esta-mentalizando-la-ue-a-su-poblacion-para-la-guerra\/\" \/>\n<meta property=\"article:published_time\" content=\"2025-03-28T18:04:31+00:00\" \/>\n<meta property=\"article:modified_time\" content=\"2025-03-28T18:34:56+00:00\" \/>\n<meta property=\"og:image\" content=\"https:\/\/hueleaazufre.com\/wordpress_a\/wp-content\/uploads\/2025\/03\/3a.webp\" \/>\n\t<meta property=\"og:image:width\" content=\"1920\" \/>\n\t<meta property=\"og:image:height\" content=\"1080\" \/>\n\t<meta property=\"og:image:type\" content=\"image\/webp\" \/>\n<meta name=\"author\" content=\"Huele a azufre\" \/>\n<meta name=\"twitter:card\" content=\"summary_large_image\" \/>\n<meta name=\"twitter:label1\" content=\"Escrito por\" \/>\n\t<meta name=\"twitter:data1\" content=\"Huele a azufre\" \/>\n\t<meta name=\"twitter:label2\" content=\"Tiempo de lectura\" \/>\n\t<meta name=\"twitter:data2\" content=\"7 minutos\" \/>\n<script type=\"application\/ld+json\" class=\"yoast-schema-graph\">{\"@context\":\"https:\\\/\\\/schema.org\",\"@graph\":[{\"@type\":\"Article\",\"@id\":\"https:\\\/\\\/hueleaazufre.com\\\/wordpress_a\\\/index.php\\\/2025\\\/03\\\/28\\\/el-miedo-como-discurso-politico-y-mediatico-esta-mentalizando-la-ue-a-su-poblacion-para-la-guerra\\\/#article\",\"isPartOf\":{\"@id\":\"https:\\\/\\\/hueleaazufre.com\\\/wordpress_a\\\/index.php\\\/2025\\\/03\\\/28\\\/el-miedo-como-discurso-politico-y-mediatico-esta-mentalizando-la-ue-a-su-poblacion-para-la-guerra\\\/\"},\"author\":{\"name\":\"Huele a azufre\",\"@id\":\"https:\\\/\\\/hueleaazufre.com\\\/wordpress_a\\\/#\\\/schema\\\/person\\\/549dd871707ea7f9f1a686323ebe9baa\"},\"headline\":\"El miedo como discurso pol\u00edtico y medi\u00e1tico: \u00bfest\u00e1 mentalizando la UE a su poblaci\u00f3n para la guerra?\",\"datePublished\":\"2025-03-28T18:04:31+00:00\",\"dateModified\":\"2025-03-28T18:34:56+00:00\",\"mainEntityOfPage\":{\"@id\":\"https:\\\/\\\/hueleaazufre.com\\\/wordpress_a\\\/index.php\\\/2025\\\/03\\\/28\\\/el-miedo-como-discurso-politico-y-mediatico-esta-mentalizando-la-ue-a-su-poblacion-para-la-guerra\\\/\"},\"wordCount\":1522,\"commentCount\":0,\"image\":{\"@id\":\"https:\\\/\\\/hueleaazufre.com\\\/wordpress_a\\\/index.php\\\/2025\\\/03\\\/28\\\/el-miedo-como-discurso-politico-y-mediatico-esta-mentalizando-la-ue-a-su-poblacion-para-la-guerra\\\/#primaryimage\"},\"thumbnailUrl\":\"https:\\\/\\\/hueleaazufre.com\\\/wordpress_a\\\/wp-content\\\/uploads\\\/2025\\\/03\\\/3a.webp\",\"keywords\":[\"Bruselas\",\"Guerra\",\"UE\"],\"articleSection\":[\"Otras voces\"],\"inLanguage\":\"es\",\"potentialAction\":[{\"@type\":\"CommentAction\",\"name\":\"Comment\",\"target\":[\"https:\\\/\\\/hueleaazufre.com\\\/wordpress_a\\\/index.php\\\/2025\\\/03\\\/28\\\/el-miedo-como-discurso-politico-y-mediatico-esta-mentalizando-la-ue-a-su-poblacion-para-la-guerra\\\/#respond\"]}]},{\"@type\":\"WebPage\",\"@id\":\"https:\\\/\\\/hueleaazufre.com\\\/wordpress_a\\\/index.php\\\/2025\\\/03\\\/28\\\/el-miedo-como-discurso-politico-y-mediatico-esta-mentalizando-la-ue-a-su-poblacion-para-la-guerra\\\/\",\"url\":\"https:\\\/\\\/hueleaazufre.com\\\/wordpress_a\\\/index.php\\\/2025\\\/03\\\/28\\\/el-miedo-como-discurso-politico-y-mediatico-esta-mentalizando-la-ue-a-su-poblacion-para-la-guerra\\\/\",\"name\":\"El miedo como discurso pol\u00edtico y medi\u00e1tico: \u00bfest\u00e1 mentalizando la UE a su poblaci\u00f3n para la guerra? -\",\"isPartOf\":{\"@id\":\"https:\\\/\\\/hueleaazufre.com\\\/wordpress_a\\\/#website\"},\"primaryImageOfPage\":{\"@id\":\"https:\\\/\\\/hueleaazufre.com\\\/wordpress_a\\\/index.php\\\/2025\\\/03\\\/28\\\/el-miedo-como-discurso-politico-y-mediatico-esta-mentalizando-la-ue-a-su-poblacion-para-la-guerra\\\/#primaryimage\"},\"image\":{\"@id\":\"https:\\\/\\\/hueleaazufre.com\\\/wordpress_a\\\/index.php\\\/2025\\\/03\\\/28\\\/el-miedo-como-discurso-politico-y-mediatico-esta-mentalizando-la-ue-a-su-poblacion-para-la-guerra\\\/#primaryimage\"},\"thumbnailUrl\":\"https:\\\/\\\/hueleaazufre.com\\\/wordpress_a\\\/wp-content\\\/uploads\\\/2025\\\/03\\\/3a.webp\",\"datePublished\":\"2025-03-28T18:04:31+00:00\",\"dateModified\":\"2025-03-28T18:34:56+00:00\",\"author\":{\"@id\":\"https:\\\/\\\/hueleaazufre.com\\\/wordpress_a\\\/#\\\/schema\\\/person\\\/549dd871707ea7f9f1a686323ebe9baa\"},\"description\":\"UE. El rumbo belicista de Bruselas propicia la publicaci\u00f3n de un manual europeo de supervivencia en caso de crisis.\",\"breadcrumb\":{\"@id\":\"https:\\\/\\\/hueleaazufre.com\\\/wordpress_a\\\/index.php\\\/2025\\\/03\\\/28\\\/el-miedo-como-discurso-politico-y-mediatico-esta-mentalizando-la-ue-a-su-poblacion-para-la-guerra\\\/#breadcrumb\"},\"inLanguage\":\"es\",\"potentialAction\":[{\"@type\":\"ReadAction\",\"target\":[\"https:\\\/\\\/hueleaazufre.com\\\/wordpress_a\\\/index.php\\\/2025\\\/03\\\/28\\\/el-miedo-como-discurso-politico-y-mediatico-esta-mentalizando-la-ue-a-su-poblacion-para-la-guerra\\\/\"]}]},{\"@type\":\"ImageObject\",\"inLanguage\":\"es\",\"@id\":\"https:\\\/\\\/hueleaazufre.com\\\/wordpress_a\\\/index.php\\\/2025\\\/03\\\/28\\\/el-miedo-como-discurso-politico-y-mediatico-esta-mentalizando-la-ue-a-su-poblacion-para-la-guerra\\\/#primaryimage\",\"url\":\"https:\\\/\\\/hueleaazufre.com\\\/wordpress_a\\\/wp-content\\\/uploads\\\/2025\\\/03\\\/3a.webp\",\"contentUrl\":\"https:\\\/\\\/hueleaazufre.com\\\/wordpress_a\\\/wp-content\\\/uploads\\\/2025\\\/03\\\/3a.webp\",\"width\":1920,\"height\":1080},{\"@type\":\"BreadcrumbList\",\"@id\":\"https:\\\/\\\/hueleaazufre.com\\\/wordpress_a\\\/index.php\\\/2025\\\/03\\\/28\\\/el-miedo-como-discurso-politico-y-mediatico-esta-mentalizando-la-ue-a-su-poblacion-para-la-guerra\\\/#breadcrumb\",\"itemListElement\":[{\"@type\":\"ListItem\",\"position\":1,\"name\":\"Portada\",\"item\":\"https:\\\/\\\/hueleaazufre.com\\\/wordpress_a\\\/\"},{\"@type\":\"ListItem\",\"position\":2,\"name\":\"El miedo como discurso pol\u00edtico y medi\u00e1tico: \u00bfest\u00e1 mentalizando la UE a su poblaci\u00f3n para la guerra?\"}]},{\"@type\":\"WebSite\",\"@id\":\"https:\\\/\\\/hueleaazufre.com\\\/wordpress_a\\\/#website\",\"url\":\"https:\\\/\\\/hueleaazufre.com\\\/wordpress_a\\\/\",\"name\":\"\",\"description\":\"Huele a azufre es una plataforma digital de an\u00e1lisis geopol\u00edtico.\",\"potentialAction\":[{\"@type\":\"SearchAction\",\"target\":{\"@type\":\"EntryPoint\",\"urlTemplate\":\"https:\\\/\\\/hueleaazufre.com\\\/wordpress_a\\\/?s={search_term_string}\"},\"query-input\":{\"@type\":\"PropertyValueSpecification\",\"valueRequired\":true,\"valueName\":\"search_term_string\"}}],\"inLanguage\":\"es\"},{\"@type\":\"Person\",\"@id\":\"https:\\\/\\\/hueleaazufre.com\\\/wordpress_a\\\/#\\\/schema\\\/person\\\/549dd871707ea7f9f1a686323ebe9baa\",\"name\":\"Huele a azufre\",\"image\":{\"@type\":\"ImageObject\",\"inLanguage\":\"es\",\"@id\":\"https:\\\/\\\/secure.gravatar.com\\\/avatar\\\/e972d5c124b9bf80eb4c9d322a90dd86a59d447f5da36700a77516f13637d44e?s=96&d=mm&r=g\",\"url\":\"https:\\\/\\\/secure.gravatar.com\\\/avatar\\\/e972d5c124b9bf80eb4c9d322a90dd86a59d447f5da36700a77516f13637d44e?s=96&d=mm&r=g\",\"contentUrl\":\"https:\\\/\\\/secure.gravatar.com\\\/avatar\\\/e972d5c124b9bf80eb4c9d322a90dd86a59d447f5da36700a77516f13637d44e?s=96&d=mm&r=g\",\"caption\":\"Huele a azufre\"},\"description\":\"Huele a azufre es una plataforma digital de an\u00e1lisis geopol\u00edtico\u00a0 contrahegem\u00f3nico, que busca visibilizar las voces y los discursos silenciados por el poder medi\u00e1tico.\",\"sameAs\":[\"https:\\\/\\\/hueleaazufre.com\\\/wordpress_a\"],\"url\":\"https:\\\/\\\/hueleaazufre.com\\\/wordpress_a\\\/index.php\\\/author\\\/admin_tupapa\\\/\"}]}<\/script>\n<!-- \/ Yoast SEO plugin. -->","yoast_head_json":{"title":"El miedo como discurso pol\u00edtico y medi\u00e1tico: \u00bfest\u00e1 mentalizando la UE a su poblaci\u00f3n para la guerra? -","description":"UE. El rumbo belicista de Bruselas propicia la publicaci\u00f3n de un manual europeo de supervivencia en caso de crisis.","robots":{"index":"index","follow":"follow","max-snippet":"max-snippet:-1","max-image-preview":"max-image-preview:large","max-video-preview":"max-video-preview:-1"},"canonical":"https:\/\/hueleaazufre.com\/wordpress_a\/index.php\/2025\/03\/28\/el-miedo-como-discurso-politico-y-mediatico-esta-mentalizando-la-ue-a-su-poblacion-para-la-guerra\/","og_locale":"es_ES","og_type":"article","og_title":"El miedo como discurso pol\u00edtico y medi\u00e1tico: \u00bfest\u00e1 mentalizando la UE a su poblaci\u00f3n para la guerra? -","og_description":"UE. El rumbo belicista de Bruselas propicia la publicaci\u00f3n de un manual europeo de supervivencia en caso de crisis.","og_url":"https:\/\/hueleaazufre.com\/wordpress_a\/index.php\/2025\/03\/28\/el-miedo-como-discurso-politico-y-mediatico-esta-mentalizando-la-ue-a-su-poblacion-para-la-guerra\/","article_published_time":"2025-03-28T18:04:31+00:00","article_modified_time":"2025-03-28T18:34:56+00:00","og_image":[{"width":1920,"height":1080,"url":"https:\/\/hueleaazufre.com\/wordpress_a\/wp-content\/uploads\/2025\/03\/3a.webp","type":"image\/webp"}],"author":"Huele a azufre","twitter_card":"summary_large_image","twitter_misc":{"Escrito por":"Huele a azufre","Tiempo de lectura":"7 minutos"},"schema":{"@context":"https:\/\/schema.org","@graph":[{"@type":"Article","@id":"https:\/\/hueleaazufre.com\/wordpress_a\/index.php\/2025\/03\/28\/el-miedo-como-discurso-politico-y-mediatico-esta-mentalizando-la-ue-a-su-poblacion-para-la-guerra\/#article","isPartOf":{"@id":"https:\/\/hueleaazufre.com\/wordpress_a\/index.php\/2025\/03\/28\/el-miedo-como-discurso-politico-y-mediatico-esta-mentalizando-la-ue-a-su-poblacion-para-la-guerra\/"},"author":{"name":"Huele a azufre","@id":"https:\/\/hueleaazufre.com\/wordpress_a\/#\/schema\/person\/549dd871707ea7f9f1a686323ebe9baa"},"headline":"El miedo como discurso pol\u00edtico y medi\u00e1tico: \u00bfest\u00e1 mentalizando la UE a su poblaci\u00f3n para la guerra?","datePublished":"2025-03-28T18:04:31+00:00","dateModified":"2025-03-28T18:34:56+00:00","mainEntityOfPage":{"@id":"https:\/\/hueleaazufre.com\/wordpress_a\/index.php\/2025\/03\/28\/el-miedo-como-discurso-politico-y-mediatico-esta-mentalizando-la-ue-a-su-poblacion-para-la-guerra\/"},"wordCount":1522,"commentCount":0,"image":{"@id":"https:\/\/hueleaazufre.com\/wordpress_a\/index.php\/2025\/03\/28\/el-miedo-como-discurso-politico-y-mediatico-esta-mentalizando-la-ue-a-su-poblacion-para-la-guerra\/#primaryimage"},"thumbnailUrl":"https:\/\/hueleaazufre.com\/wordpress_a\/wp-content\/uploads\/2025\/03\/3a.webp","keywords":["Bruselas","Guerra","UE"],"articleSection":["Otras voces"],"inLanguage":"es","potentialAction":[{"@type":"CommentAction","name":"Comment","target":["https:\/\/hueleaazufre.com\/wordpress_a\/index.php\/2025\/03\/28\/el-miedo-como-discurso-politico-y-mediatico-esta-mentalizando-la-ue-a-su-poblacion-para-la-guerra\/#respond"]}]},{"@type":"WebPage","@id":"https:\/\/hueleaazufre.com\/wordpress_a\/index.php\/2025\/03\/28\/el-miedo-como-discurso-politico-y-mediatico-esta-mentalizando-la-ue-a-su-poblacion-para-la-guerra\/","url":"https:\/\/hueleaazufre.com\/wordpress_a\/index.php\/2025\/03\/28\/el-miedo-como-discurso-politico-y-mediatico-esta-mentalizando-la-ue-a-su-poblacion-para-la-guerra\/","name":"El miedo como discurso pol\u00edtico y medi\u00e1tico: \u00bfest\u00e1 mentalizando la UE a su poblaci\u00f3n para la guerra? -","isPartOf":{"@id":"https:\/\/hueleaazufre.com\/wordpress_a\/#website"},"primaryImageOfPage":{"@id":"https:\/\/hueleaazufre.com\/wordpress_a\/index.php\/2025\/03\/28\/el-miedo-como-discurso-politico-y-mediatico-esta-mentalizando-la-ue-a-su-poblacion-para-la-guerra\/#primaryimage"},"image":{"@id":"https:\/\/hueleaazufre.com\/wordpress_a\/index.php\/2025\/03\/28\/el-miedo-como-discurso-politico-y-mediatico-esta-mentalizando-la-ue-a-su-poblacion-para-la-guerra\/#primaryimage"},"thumbnailUrl":"https:\/\/hueleaazufre.com\/wordpress_a\/wp-content\/uploads\/2025\/03\/3a.webp","datePublished":"2025-03-28T18:04:31+00:00","dateModified":"2025-03-28T18:34:56+00:00","author":{"@id":"https:\/\/hueleaazufre.com\/wordpress_a\/#\/schema\/person\/549dd871707ea7f9f1a686323ebe9baa"},"description":"UE. El rumbo belicista de Bruselas propicia la publicaci\u00f3n de un manual europeo de supervivencia en caso de crisis.","breadcrumb":{"@id":"https:\/\/hueleaazufre.com\/wordpress_a\/index.php\/2025\/03\/28\/el-miedo-como-discurso-politico-y-mediatico-esta-mentalizando-la-ue-a-su-poblacion-para-la-guerra\/#breadcrumb"},"inLanguage":"es","potentialAction":[{"@type":"ReadAction","target":["https:\/\/hueleaazufre.com\/wordpress_a\/index.php\/2025\/03\/28\/el-miedo-como-discurso-politico-y-mediatico-esta-mentalizando-la-ue-a-su-poblacion-para-la-guerra\/"]}]},{"@type":"ImageObject","inLanguage":"es","@id":"https:\/\/hueleaazufre.com\/wordpress_a\/index.php\/2025\/03\/28\/el-miedo-como-discurso-politico-y-mediatico-esta-mentalizando-la-ue-a-su-poblacion-para-la-guerra\/#primaryimage","url":"https:\/\/hueleaazufre.com\/wordpress_a\/wp-content\/uploads\/2025\/03\/3a.webp","contentUrl":"https:\/\/hueleaazufre.com\/wordpress_a\/wp-content\/uploads\/2025\/03\/3a.webp","width":1920,"height":1080},{"@type":"BreadcrumbList","@id":"https:\/\/hueleaazufre.com\/wordpress_a\/index.php\/2025\/03\/28\/el-miedo-como-discurso-politico-y-mediatico-esta-mentalizando-la-ue-a-su-poblacion-para-la-guerra\/#breadcrumb","itemListElement":[{"@type":"ListItem","position":1,"name":"Portada","item":"https:\/\/hueleaazufre.com\/wordpress_a\/"},{"@type":"ListItem","position":2,"name":"El miedo como discurso pol\u00edtico y medi\u00e1tico: \u00bfest\u00e1 mentalizando la UE a su poblaci\u00f3n para la guerra?"}]},{"@type":"WebSite","@id":"https:\/\/hueleaazufre.com\/wordpress_a\/#website","url":"https:\/\/hueleaazufre.com\/wordpress_a\/","name":"","description":"Huele a azufre es una plataforma digital de an\u00e1lisis geopol\u00edtico.","potentialAction":[{"@type":"SearchAction","target":{"@type":"EntryPoint","urlTemplate":"https:\/\/hueleaazufre.com\/wordpress_a\/?s={search_term_string}"},"query-input":{"@type":"PropertyValueSpecification","valueRequired":true,"valueName":"search_term_string"}}],"inLanguage":"es"},{"@type":"Person","@id":"https:\/\/hueleaazufre.com\/wordpress_a\/#\/schema\/person\/549dd871707ea7f9f1a686323ebe9baa","name":"Huele a azufre","image":{"@type":"ImageObject","inLanguage":"es","@id":"https:\/\/secure.gravatar.com\/avatar\/e972d5c124b9bf80eb4c9d322a90dd86a59d447f5da36700a77516f13637d44e?s=96&d=mm&r=g","url":"https:\/\/secure.gravatar.com\/avatar\/e972d5c124b9bf80eb4c9d322a90dd86a59d447f5da36700a77516f13637d44e?s=96&d=mm&r=g","contentUrl":"https:\/\/secure.gravatar.com\/avatar\/e972d5c124b9bf80eb4c9d322a90dd86a59d447f5da36700a77516f13637d44e?s=96&d=mm&r=g","caption":"Huele a azufre"},"description":"Huele a azufre es una plataforma digital de an\u00e1lisis geopol\u00edtico\u00a0 contrahegem\u00f3nico, que busca visibilizar las voces y los discursos silenciados por el poder medi\u00e1tico.","sameAs":["https:\/\/hueleaazufre.com\/wordpress_a"],"url":"https:\/\/hueleaazufre.com\/wordpress_a\/index.php\/author\/admin_tupapa\/"}]}},"_links":{"self":[{"href":"https:\/\/hueleaazufre.com\/wordpress_a\/index.php\/wp-json\/wp\/v2\/posts\/2290","targetHints":{"allow":["GET"]}}],"collection":[{"href":"https:\/\/hueleaazufre.com\/wordpress_a\/index.php\/wp-json\/wp\/v2\/posts"}],"about":[{"href":"https:\/\/hueleaazufre.com\/wordpress_a\/index.php\/wp-json\/wp\/v2\/types\/post"}],"author":[{"embeddable":true,"href":"https:\/\/hueleaazufre.com\/wordpress_a\/index.php\/wp-json\/wp\/v2\/users\/1"}],"replies":[{"embeddable":true,"href":"https:\/\/hueleaazufre.com\/wordpress_a\/index.php\/wp-json\/wp\/v2\/comments?post=2290"}],"version-history":[{"count":2,"href":"https:\/\/hueleaazufre.com\/wordpress_a\/index.php\/wp-json\/wp\/v2\/posts\/2290\/revisions"}],"predecessor-version":[{"id":2293,"href":"https:\/\/hueleaazufre.com\/wordpress_a\/index.php\/wp-json\/wp\/v2\/posts\/2290\/revisions\/2293"}],"wp:featuredmedia":[{"embeddable":true,"href":"https:\/\/hueleaazufre.com\/wordpress_a\/index.php\/wp-json\/wp\/v2\/media\/2291"}],"wp:attachment":[{"href":"https:\/\/hueleaazufre.com\/wordpress_a\/index.php\/wp-json\/wp\/v2\/media?parent=2290"}],"wp:term":[{"taxonomy":"category","embeddable":true,"href":"https:\/\/hueleaazufre.com\/wordpress_a\/index.php\/wp-json\/wp\/v2\/categories?post=2290"},{"taxonomy":"post_tag","embeddable":true,"href":"https:\/\/hueleaazufre.com\/wordpress_a\/index.php\/wp-json\/wp\/v2\/tags?post=2290"}],"curies":[{"name":"wp","href":"https:\/\/api.w.org\/{rel}","templated":true}]}}