{"id":2297,"date":"2025-03-31T17:44:25","date_gmt":"2025-03-31T17:44:25","guid":{"rendered":"https:\/\/hueleaazufre.com\/wordpress_a\/?p=2297"},"modified":"2025-03-31T17:44:25","modified_gmt":"2025-03-31T17:44:25","slug":"el-salvador-retroceso-civilizatorio","status":"publish","type":"post","link":"https:\/\/hueleaazufre.com\/wordpress_a\/index.php\/2025\/03\/31\/el-salvador-retroceso-civilizatorio\/","title":{"rendered":"El Salvador: retroceso civilizatorio"},"content":{"rendered":"<div class=\"entry-headline\">\n<p>El 16 de marzo de 2025 quedar\u00e1 en la historia de El Salvador como una de sus p\u00e1ginas m\u00e1s oscuras; el d\u00eda que una peque\u00f1a naci\u00f3n soberana y digna, con un pueblo que ha dado m\u00faltiples muestras de lucha y rebeld\u00eda retrocedi\u00f3, por decisi\u00f3n de un grupo de poder vende patria, a las formas m\u00e1s indignas de dependencia, el colonialismo.<\/p>\n<\/div>\n<div class=\"entry-content\">\n<p>Al mismo tiempo, esa fecha se transforma en s\u00edmbolo de un retroceso civilizatorio, cuando de un plumazo se pretende aplastar la historia moderna del derecho internacional, de normas internacionales de derecho humanitario, de reglas aceptadas en todo el planeta, pero hoy avasalladas por una cabeza imperial que pretende convertirse en tirano del mundo. Un retorno a las formas m\u00e1s inhumanas de trata de personas como el esclavismo, y la fuerza como doctrina y ley preponderante. Un desaf\u00edo que toca al mundo entero enfrentar.<\/p>\n<p><strong>Vergonzoso retorno al colonialismo<\/strong><\/p>\n<p>La primera gira del Secretario de Estado, Marco Rubio por algunas naciones de Centroam\u00e9rica, demostr\u00f3 los niveles de sumisi\u00f3n y entrega a una potencia extranjera, tanto de recursos como de voluntad pol\u00edtica por parte de gobernantes locales, indignos de ser llamados estadistas.<\/p>\n<p>Pocos personajes, sin embargo, mostraron tal nivel de servilismo y postraci\u00f3n ante un amo imperial como el jefe del Estado salvadore\u00f1o frente al pro-c\u00f3nsul de Washington, expresando ofertas que har\u00edan revolverse en sus tumbas a los h\u00e9roes y hero\u00ednas que lucharon por una aut\u00e9ntica y definitiva independencia de aquellos poderes imperiales.<\/p>\n<p>Este 16 de marzo se materializ\u00f3 la traici\u00f3n a todo aquello que pudiera significar patriotismo, defensa de la soberan\u00eda, m\u00ednimo sentido de dignidad nacional.<\/p>\n<p><em>El Salvador no es patio trasero de nadie<\/em>, dec\u00eda el mismo personaje hace apenas unos a\u00f1os. Y solo minti\u00f3 relativamente; hoy el pa\u00eds no es patio trasero sino colonia carcelaria y celda de torturas al servicio de una potencia extranjera.<\/p>\n<p>Un Guant\u00e1namo, pero con diferencias substanciales, porque Cuba jam\u00e1s abandon\u00f3 su lucha anticolonial en reclamo de su territorio, esquilmado por la fuerza bruta de marines yanquis. En el caso de El Salvador, la entrega es voluntaria, por un pu\u00f1ado de d\u00f3lares, casi el equivalente a aquellas 30 monedas de oro.<\/p>\n<p>Hoy Jes\u00fas, el traicionado, es el pueblo, el mismo pueblo de Monse\u00f1or Romero, asesinado hace justamente 45 a\u00f1os, por otro precio infame.<\/p>\n<p>Pero ahora la v\u00edctima no es solo el pueblo salvadore\u00f1o, sometido a sucesivos reg\u00edmenes de excepci\u00f3n, que vienen anulando derechos constitucionales de forma ininterrumpida los \u00faltimos tres a\u00f1os. Ahora se suman ciudadanos extranjeros, como los 238 inmigrantes venezolanos presentados, sin pruebas, por la prensa hegem\u00f3nica mundial como delincuentes.<\/p>\n<p>Los privados ilegalmente de libertad permanecer\u00e1n en las c\u00e1rceles salvadore\u00f1as por un a\u00f1o, per\u00edodo que puede ser renovado, seg\u00fan el mandatario salvadore\u00f1o. El pa\u00eds recibir\u00eda a cambio un pago de $6 millones. Es el precio de la dignidad nacional.<\/p>\n<p>Esta semana el peri\u00f3dico La Prensa Gr\u00e1fica, public\u00f3 una entrevista con\u00a0Daniel Zovatto, acad\u00e9mico relacionado con tanques de pensamiento de derecha, como IDEA internacional o el Woodrow Wilson International Center. Es decir que no se trata de la cr\u00edtica de\u00a0<em>\u201cun lun\u00e1tico de la izquierda radical\u201d<\/em>, que suele agitar el temperamento de Donald Trump ante cualquier observaci\u00f3n a sus pol\u00edticas. Zovatto resume con bastante precisi\u00f3n el proceso:<\/p>\n<p><em>\u201c[\u2026]\u00a0afirma que desde el regreso de Donald Trump al poder en Estados Unidos se est\u00e1 configurando un nuevo orden internacional basado de nuevo en la fuerza. En ese escenario, afirma, Trump ejerce una pol\u00edtica exterior transaccional con las grandes potencias y una de chantaje con los pa\u00edses d\u00e9biles, a quienes les impone su voluntad. De Am\u00e9rica Latina, destaca el caso de Nayib Bukele quien, a su juicio, no solo cedi\u00f3 a las exigencias del presidente estadounidense, sino que ofreci\u00f3 hacer todav\u00eda m\u00e1s. \u00bfLa raz\u00f3n? Garantizarse impunidad para seguir profundizando su gobierno autoritario.\u201d<\/em><\/p>\n<figure class=\"wp-block-image size-large\"><a href=\"https:\/\/noticiaspia.com\/wp-content\/uploads\/2025\/03\/image-96.png\"><img fetchpriority=\"high\" decoding=\"async\" class=\"wp-image-59963\" src=\"https:\/\/noticiaspia.com\/wp-content\/uploads\/2025\/03\/image-96-1024x263.png\" sizes=\"(max-width: 1024px) 100vw, 1024px\" srcset=\"https:\/\/noticiaspia.com\/wp-content\/uploads\/2025\/03\/image-96-1024x263.png 1024w, https:\/\/noticiaspia.com\/wp-content\/uploads\/2025\/03\/image-96-300x77.png 300w, https:\/\/noticiaspia.com\/wp-content\/uploads\/2025\/03\/image-96-768x197.png 768w, https:\/\/noticiaspia.com\/wp-content\/uploads\/2025\/03\/image-96-810x208.png 810w, https:\/\/noticiaspia.com\/wp-content\/uploads\/2025\/03\/image-96.png 1099w\" alt=\"\" width=\"1024\" height=\"263\" \/><\/a><\/figure>\n<p><strong>Recordando Abu Ghraib<\/strong><\/p>\n<p>Aunque los hechos conmocionen hoy a una parte muy importante de la sociedad mundial y, desgraciadamente, alegren a esa otra parte de las sociedades que avanzan a paso redoblado a la deshumanizaci\u00f3n dist\u00f3pica que nos ofrece el neofascismo ascendente, se trata de un hecho que tiene ra\u00edces hist\u00f3ricas; es decir, que no es nuevo, particularmente en el accionar despiadado de fuerzas imperiales.<\/p>\n<p>Se est\u00e1 re-institucionalizando el tr\u00e1fico internacional de personas privadas de libertad y sin derechos. Un regreso a tiempos donde, por ejemplo, el esclavismo y otras formas denigrantes de deshumanizaci\u00f3n, criminalizaci\u00f3n y tratos degradantes hacia determinados grupos sociales, en virtud de raza, nacionalidad, credo, g\u00e9nero o posiciones pol\u00edticas, era aceptado legalmente en muchos pa\u00edses.<\/p>\n<p>No es por casualidad que la ley que utilizan en EEUU para deportar migrantes, en particular de Venezuela hacia un tercer pa\u00eds, reconocido internacionalmente por su violaci\u00f3n sistem\u00e1tica a los derechos humanos, y a su sistema penal carcelario, punitivo y degradante, violatorio de las Reglas Mandela, reconocidas mundialmente como el est\u00e1ndar que debe seguirse en el trato a prisioneros de cualquier naturaleza, sea la anacr\u00f3nica ley de enemigos extranjeros de 1798.<\/p>\n<p>Debieron recurrir a ese artilugio porque solo leyes anteriores al cuerpo legal internacional construido a partir de las lecciones que dejaron la primera y segunda guerras mundiales, podr\u00edan\u00a0<em>\u201cjustificar\u201d<\/em>\u00a0tratos de semejante arbitrariedad y salvajismo.<\/p>\n<p>Por eso estas medidas representan un retroceso civilizatorio, tanto desde EEUU como desde el gobierno Bukele y sus tratos inhumanos y degradantes a prisioneros. Porque pretenden presentar esa realidad cruel e intolerable como aceptable ante la comunidad internacional. Divulgan las vergonzosas im\u00e1genes con orgullo. Con su l\u00f3gica, las reglas de juego no ser\u00e1n las del derecho internacional humanitario, sino la fuerza.<\/p>\n<p>Desde el inicio del siglo XXI, es decir en la historia reciente, encontramos m\u00e1s de una referencia a las expresiones que hoy Donald Trump y su grupo utilizan para justificar la criminalizaci\u00f3n y condena sin juicio contra personas que son vistas como\u00a0<em>\u201cestorbos\u201d<\/em>\u00a0a las pol\u00edticas imperiales de turno, en este caso la poblaci\u00f3n migrante.<\/p>\n<p>Recordemos, por ejemplo, Abu Ghraib, en Irak, o los casos de las prisiones secretas y centros de tortura en Afganist\u00e1n y otros pa\u00edses. Todo empez\u00f3 con posterioridad a los atentados del 11S, durante la presidencia de G. W. Bush, con la declaraci\u00f3n en EEUU de guerra al terrorismo y las leyes especiales para perseguirlo en su territorio. Durante la invasi\u00f3n a Irak aplican el concepto de extraterritorialidad, para buscar lugares donde las fuerzas de la coalici\u00f3n pudieran secuestrar y torturar prisioneros, en territorios donde las leyes locales no afectaran a los responsables.<\/p>\n<p>En ese periodo, el gobierno de EEUU intent\u00f3 reescribir las Convenciones de Ginebra de 1949, para desmantelar muchas de sus protecciones m\u00e1s importantes. Estas incluyen el derecho de todos los detenidos en un conflicto armado a no ser sometidos a tratos humillantes ni degradantes, as\u00ed como a la tortura y otras formas de interrogatorio coercitivo.<\/p>\n<p>El Pent\u00e1gono y el Departamento de Justicia desarrollaron como argumento legal que el presidente, como comandante en jefe de las fuerzas armadas, no estaba sujeto a las leyes estadounidenses ni internacionales que proh\u00edben la tortura, al actuar para proteger la seguridad nacional, y que dichas leyes podr\u00edan incluso ser inconstitucionales si obstaculizaban la guerra contra el terrorismo.<\/p>\n<p>Estados Unidos comenz\u00f3 a crear prisiones extraterritoriales como la de la Bah\u00eda de Guant\u00e1namo, en Cuba; mantuvo a otros detenidos en \u00ablugares no revelados\u00bb; y envi\u00f3 a sospechosos de terrorismo sin proceso legal a pa\u00edses donde se les extra\u00eda informaci\u00f3n a golpes.<\/p>\n<p>Todo aquello comenz\u00f3 con la declaraci\u00f3n de guerra al terrorismo, contra enemigos residentes en EEUU; el mismo lenguaje elige hoy, no por casualidad, la administraci\u00f3n Trump.<\/p>\n<p>Hoy declaran a los migrantes enemigos internos, invasores y\u00a0<em>\u201cterroristas\u201d<\/em>. Sin juicio, sin jueces, sin abogados, sin pruebas, son condenados a una prisi\u00f3n reconocida por su brutalidad y condiciones inhumanas en El Salvador. \u00a0La palabra\u00a0<em>\u201cguerra\u201d<\/em>\u00a0y\u00a0<em>\u201cterrorismo\u201d<\/em>\u00a0no se usan a la ligera; tienen, por el contrario, una clara intencionalidad para justificar las acciones salvajes que estamos viendo.<\/p>\n<p>Ante semejantes aberraciones, el derecho internacional humanitario deber\u00eda habilitar el espacio jur\u00eddico internacional para juzgar y, en su caso, condenar a sus m\u00e1ximos responsables. Posiblemente la\u00a0<em>\u201cextraterritorialidad\u201d<\/em>\u00a0afectar\u00eda positivamente a la administraci\u00f3n Trump, pero muy negativamente al presidente de El Salvador, quien sin duda ser\u00eda el primero en ser llevado a los tribunales internacionales, en el probable caso que aparezcan denuncias por violaciones a los DDHH en las c\u00e1rceles, contra estos prisioneros sin causa, retenidos ilegalmente en El Salvador.<\/p>\n<p>En los hechos, este grupo de migrantes se encuentra en un limbo jur\u00eddico. No han sido acusados m\u00e1s que por el presidente y el servicio de migraci\u00f3n de EEUU, pero jam\u00e1s un juez los conden\u00f3 en debido proceso, porque ni siquiera existi\u00f3 proceso.<\/p>\n<p>En 2022, el costo de mantener a un preso en Estados Unidos variaba\u00a0entre 46.000 y 52.000 d\u00f3lares anuales, dependiendo del tipo de centro de detenci\u00f3n. En El Salvador, por 6 millones de d\u00f3lares, el gobierno estima gastar $20.000 por persona. Sin duda, en p\u00e9simas condiciones y sin verificaci\u00f3n internacional, ese gasto puede reducirse dram\u00e1ticamente a costa de la comida y las condiciones de vida del prisionero.<\/p>\n<p>\u00bfQu\u00e9 distingue estos m\u00e9todos de los nazis enviando jud\u00edos, gitanos, homosexuales y comunistas a campos de concentraci\u00f3n? Se les da tratamiento de delincuentes y los condenan por ser inmigrantes indocumentados<strong>.\u00a0<\/strong>Con justa raz\u00f3n, el gobierno de Venezuela afirma que se trata del secuestro de sus ciudadanos.<\/p>\n<p>La situaci\u00f3n que enfrentan estas personas encarceladas en El Salvador no se diferencia de otros miles de inocentes que siguen encerrados en condiciones infrahumanas. Hasta el gobierno, a pesar del cinismo desvergonzado del encargado presidencial de justificar las violaciones a los DDHH, Andr\u00e9s Guzm\u00e1n, ha debido reconocer que al menos ocho mil de las personas salvadore\u00f1as a quienes encarcel\u00f3, eran inocentes. Muchas siguen de todos modos encarceladas, a pesar de las \u00f3rdenes judiciales de libertad. M\u00e1s de 300 han fallecido.<\/p>\n<p>Lo venimos diciendo desde hace a\u00f1os. Hoy, la situaci\u00f3n de los deportados pone en primer plano el tema. El FMLN emiti\u00f3 a principios de la semana un comunicado en solidaridad, condenando estos hechos y exigiendo el retorno de estas personas a su patria.<\/p>\n<p>Que la acci\u00f3n solidaria internacional contribuya al pronto retorno de todos los ciudadanos venezolanos a su pa\u00eds, a poner fin a los tratos inhumanos y degradantes en las c\u00e1rceles del r\u00e9gimen, y a cesar la persecuci\u00f3n pol\u00edtica que se vive bajo la dictadura de Bukele.<\/p>\n<p>&nbsp;<\/p>\n<p><a href=\"https:\/\/noticiaspia.com\/el-salvador-retroceso-civilizatorio\/\"><strong>Fuente: PIA\/Ra\u00fal Llarull<\/strong><\/a><\/p>\n<\/div>\n","protected":false},"excerpt":{"rendered":"<p>El 16 de marzo de 2025 quedar\u00e1 en la historia de El Salvador como una&#8230;<\/p>\n","protected":false},"author":1,"featured_media":2298,"comment_status":"open","ping_status":"closed","sticky":false,"template":"","format":"standard","meta":{"footnotes":""},"categories":[56],"tags":[689,503,89,209,688],"class_list":["post-2297","post","type-post","status-publish","format-standard","has-post-thumbnail","hentry","category-medios-aliados","tag-civilizatorio","tag-colonialismo","tag-ee-uu","tag-el-salvador","tag-retroceso"],"yoast_head":"<!-- This site is optimized with the Yoast SEO plugin v27.5 - https:\/\/yoast.com\/product\/yoast-seo-wordpress\/ -->\n<title>El Salvador: retroceso civilizatorio -<\/title>\n<meta name=\"description\" content=\"El 16 de marzo de 2025 quedar\u00e1 en la historia de El Salvador como una de sus p\u00e1ginas m\u00e1s oscuras...\" \/>\n<meta name=\"robots\" content=\"index, follow, max-snippet:-1, max-image-preview:large, max-video-preview:-1\" \/>\n<link rel=\"canonical\" href=\"https:\/\/hueleaazufre.com\/wordpress_a\/index.php\/2025\/03\/31\/el-salvador-retroceso-civilizatorio\/\" \/>\n<meta property=\"og:locale\" content=\"es_ES\" \/>\n<meta property=\"og:type\" content=\"article\" \/>\n<meta property=\"og:title\" content=\"El Salvador: retroceso civilizatorio -\" \/>\n<meta property=\"og:description\" content=\"El 16 de marzo de 2025 quedar\u00e1 en la historia de El Salvador como una de sus p\u00e1ginas m\u00e1s oscuras...\" \/>\n<meta property=\"og:url\" content=\"https:\/\/hueleaazufre.com\/wordpress_a\/index.php\/2025\/03\/31\/el-salvador-retroceso-civilizatorio\/\" \/>\n<meta property=\"article:published_time\" content=\"2025-03-31T17:44:25+00:00\" \/>\n<meta property=\"og:image\" content=\"https:\/\/hueleaazufre.com\/wordpress_a\/wp-content\/uploads\/2025\/03\/2a-1.webp\" \/>\n\t<meta property=\"og:image:width\" content=\"609\" \/>\n\t<meta property=\"og:image:height\" content=\"380\" \/>\n\t<meta property=\"og:image:type\" content=\"image\/webp\" \/>\n<meta name=\"author\" content=\"Huele a azufre\" \/>\n<meta name=\"twitter:card\" content=\"summary_large_image\" \/>\n<meta name=\"twitter:label1\" content=\"Escrito por\" \/>\n\t<meta name=\"twitter:data1\" content=\"Huele a azufre\" \/>\n\t<meta name=\"twitter:label2\" content=\"Tiempo de lectura\" \/>\n\t<meta name=\"twitter:data2\" content=\"9 minutos\" \/>\n<script type=\"application\/ld+json\" class=\"yoast-schema-graph\">{\"@context\":\"https:\\\/\\\/schema.org\",\"@graph\":[{\"@type\":\"Article\",\"@id\":\"https:\\\/\\\/hueleaazufre.com\\\/wordpress_a\\\/index.php\\\/2025\\\/03\\\/31\\\/el-salvador-retroceso-civilizatorio\\\/#article\",\"isPartOf\":{\"@id\":\"https:\\\/\\\/hueleaazufre.com\\\/wordpress_a\\\/index.php\\\/2025\\\/03\\\/31\\\/el-salvador-retroceso-civilizatorio\\\/\"},\"author\":{\"name\":\"Huele a azufre\",\"@id\":\"https:\\\/\\\/hueleaazufre.com\\\/wordpress_a\\\/#\\\/schema\\\/person\\\/549dd871707ea7f9f1a686323ebe9baa\"},\"headline\":\"El Salvador: retroceso civilizatorio\",\"datePublished\":\"2025-03-31T17:44:25+00:00\",\"mainEntityOfPage\":{\"@id\":\"https:\\\/\\\/hueleaazufre.com\\\/wordpress_a\\\/index.php\\\/2025\\\/03\\\/31\\\/el-salvador-retroceso-civilizatorio\\\/\"},\"wordCount\":1830,\"commentCount\":0,\"image\":{\"@id\":\"https:\\\/\\\/hueleaazufre.com\\\/wordpress_a\\\/index.php\\\/2025\\\/03\\\/31\\\/el-salvador-retroceso-civilizatorio\\\/#primaryimage\"},\"thumbnailUrl\":\"https:\\\/\\\/hueleaazufre.com\\\/wordpress_a\\\/wp-content\\\/uploads\\\/2025\\\/03\\\/2a-1.webp\",\"keywords\":[\"civilizatorio\",\"colonialismo\",\"EE.UU\",\"El Salvador\",\"retroceso\"],\"articleSection\":[\"Medios aliados\"],\"inLanguage\":\"es\",\"potentialAction\":[{\"@type\":\"CommentAction\",\"name\":\"Comment\",\"target\":[\"https:\\\/\\\/hueleaazufre.com\\\/wordpress_a\\\/index.php\\\/2025\\\/03\\\/31\\\/el-salvador-retroceso-civilizatorio\\\/#respond\"]}]},{\"@type\":\"WebPage\",\"@id\":\"https:\\\/\\\/hueleaazufre.com\\\/wordpress_a\\\/index.php\\\/2025\\\/03\\\/31\\\/el-salvador-retroceso-civilizatorio\\\/\",\"url\":\"https:\\\/\\\/hueleaazufre.com\\\/wordpress_a\\\/index.php\\\/2025\\\/03\\\/31\\\/el-salvador-retroceso-civilizatorio\\\/\",\"name\":\"El Salvador: retroceso civilizatorio -\",\"isPartOf\":{\"@id\":\"https:\\\/\\\/hueleaazufre.com\\\/wordpress_a\\\/#website\"},\"primaryImageOfPage\":{\"@id\":\"https:\\\/\\\/hueleaazufre.com\\\/wordpress_a\\\/index.php\\\/2025\\\/03\\\/31\\\/el-salvador-retroceso-civilizatorio\\\/#primaryimage\"},\"image\":{\"@id\":\"https:\\\/\\\/hueleaazufre.com\\\/wordpress_a\\\/index.php\\\/2025\\\/03\\\/31\\\/el-salvador-retroceso-civilizatorio\\\/#primaryimage\"},\"thumbnailUrl\":\"https:\\\/\\\/hueleaazufre.com\\\/wordpress_a\\\/wp-content\\\/uploads\\\/2025\\\/03\\\/2a-1.webp\",\"datePublished\":\"2025-03-31T17:44:25+00:00\",\"author\":{\"@id\":\"https:\\\/\\\/hueleaazufre.com\\\/wordpress_a\\\/#\\\/schema\\\/person\\\/549dd871707ea7f9f1a686323ebe9baa\"},\"description\":\"El 16 de marzo de 2025 quedar\u00e1 en la historia de El Salvador como una de sus p\u00e1ginas m\u00e1s oscuras...\",\"breadcrumb\":{\"@id\":\"https:\\\/\\\/hueleaazufre.com\\\/wordpress_a\\\/index.php\\\/2025\\\/03\\\/31\\\/el-salvador-retroceso-civilizatorio\\\/#breadcrumb\"},\"inLanguage\":\"es\",\"potentialAction\":[{\"@type\":\"ReadAction\",\"target\":[\"https:\\\/\\\/hueleaazufre.com\\\/wordpress_a\\\/index.php\\\/2025\\\/03\\\/31\\\/el-salvador-retroceso-civilizatorio\\\/\"]}]},{\"@type\":\"ImageObject\",\"inLanguage\":\"es\",\"@id\":\"https:\\\/\\\/hueleaazufre.com\\\/wordpress_a\\\/index.php\\\/2025\\\/03\\\/31\\\/el-salvador-retroceso-civilizatorio\\\/#primaryimage\",\"url\":\"https:\\\/\\\/hueleaazufre.com\\\/wordpress_a\\\/wp-content\\\/uploads\\\/2025\\\/03\\\/2a-1.webp\",\"contentUrl\":\"https:\\\/\\\/hueleaazufre.com\\\/wordpress_a\\\/wp-content\\\/uploads\\\/2025\\\/03\\\/2a-1.webp\",\"width\":609,\"height\":380},{\"@type\":\"BreadcrumbList\",\"@id\":\"https:\\\/\\\/hueleaazufre.com\\\/wordpress_a\\\/index.php\\\/2025\\\/03\\\/31\\\/el-salvador-retroceso-civilizatorio\\\/#breadcrumb\",\"itemListElement\":[{\"@type\":\"ListItem\",\"position\":1,\"name\":\"Portada\",\"item\":\"https:\\\/\\\/hueleaazufre.com\\\/wordpress_a\\\/\"},{\"@type\":\"ListItem\",\"position\":2,\"name\":\"El Salvador: retroceso civilizatorio\"}]},{\"@type\":\"WebSite\",\"@id\":\"https:\\\/\\\/hueleaazufre.com\\\/wordpress_a\\\/#website\",\"url\":\"https:\\\/\\\/hueleaazufre.com\\\/wordpress_a\\\/\",\"name\":\"\",\"description\":\"Huele a azufre es una plataforma digital de an\u00e1lisis geopol\u00edtico.\",\"potentialAction\":[{\"@type\":\"SearchAction\",\"target\":{\"@type\":\"EntryPoint\",\"urlTemplate\":\"https:\\\/\\\/hueleaazufre.com\\\/wordpress_a\\\/?s={search_term_string}\"},\"query-input\":{\"@type\":\"PropertyValueSpecification\",\"valueRequired\":true,\"valueName\":\"search_term_string\"}}],\"inLanguage\":\"es\"},{\"@type\":\"Person\",\"@id\":\"https:\\\/\\\/hueleaazufre.com\\\/wordpress_a\\\/#\\\/schema\\\/person\\\/549dd871707ea7f9f1a686323ebe9baa\",\"name\":\"Huele a azufre\",\"image\":{\"@type\":\"ImageObject\",\"inLanguage\":\"es\",\"@id\":\"https:\\\/\\\/secure.gravatar.com\\\/avatar\\\/e972d5c124b9bf80eb4c9d322a90dd86a59d447f5da36700a77516f13637d44e?s=96&d=mm&r=g\",\"url\":\"https:\\\/\\\/secure.gravatar.com\\\/avatar\\\/e972d5c124b9bf80eb4c9d322a90dd86a59d447f5da36700a77516f13637d44e?s=96&d=mm&r=g\",\"contentUrl\":\"https:\\\/\\\/secure.gravatar.com\\\/avatar\\\/e972d5c124b9bf80eb4c9d322a90dd86a59d447f5da36700a77516f13637d44e?s=96&d=mm&r=g\",\"caption\":\"Huele a azufre\"},\"description\":\"Huele a azufre es una plataforma digital de an\u00e1lisis geopol\u00edtico\u00a0 contrahegem\u00f3nico, que busca visibilizar las voces y los discursos silenciados por el poder medi\u00e1tico.\",\"sameAs\":[\"https:\\\/\\\/hueleaazufre.com\\\/wordpress_a\"],\"url\":\"https:\\\/\\\/hueleaazufre.com\\\/wordpress_a\\\/index.php\\\/author\\\/admin_tupapa\\\/\"}]}<\/script>\n<!-- \/ Yoast SEO plugin. -->","yoast_head_json":{"title":"El Salvador: retroceso civilizatorio -","description":"El 16 de marzo de 2025 quedar\u00e1 en la historia de El Salvador como una de sus p\u00e1ginas m\u00e1s oscuras...","robots":{"index":"index","follow":"follow","max-snippet":"max-snippet:-1","max-image-preview":"max-image-preview:large","max-video-preview":"max-video-preview:-1"},"canonical":"https:\/\/hueleaazufre.com\/wordpress_a\/index.php\/2025\/03\/31\/el-salvador-retroceso-civilizatorio\/","og_locale":"es_ES","og_type":"article","og_title":"El Salvador: retroceso civilizatorio -","og_description":"El 16 de marzo de 2025 quedar\u00e1 en la historia de El Salvador como una de sus p\u00e1ginas m\u00e1s oscuras...","og_url":"https:\/\/hueleaazufre.com\/wordpress_a\/index.php\/2025\/03\/31\/el-salvador-retroceso-civilizatorio\/","article_published_time":"2025-03-31T17:44:25+00:00","og_image":[{"width":609,"height":380,"url":"https:\/\/hueleaazufre.com\/wordpress_a\/wp-content\/uploads\/2025\/03\/2a-1.webp","type":"image\/webp"}],"author":"Huele a azufre","twitter_card":"summary_large_image","twitter_misc":{"Escrito por":"Huele a azufre","Tiempo de lectura":"9 minutos"},"schema":{"@context":"https:\/\/schema.org","@graph":[{"@type":"Article","@id":"https:\/\/hueleaazufre.com\/wordpress_a\/index.php\/2025\/03\/31\/el-salvador-retroceso-civilizatorio\/#article","isPartOf":{"@id":"https:\/\/hueleaazufre.com\/wordpress_a\/index.php\/2025\/03\/31\/el-salvador-retroceso-civilizatorio\/"},"author":{"name":"Huele a azufre","@id":"https:\/\/hueleaazufre.com\/wordpress_a\/#\/schema\/person\/549dd871707ea7f9f1a686323ebe9baa"},"headline":"El Salvador: retroceso civilizatorio","datePublished":"2025-03-31T17:44:25+00:00","mainEntityOfPage":{"@id":"https:\/\/hueleaazufre.com\/wordpress_a\/index.php\/2025\/03\/31\/el-salvador-retroceso-civilizatorio\/"},"wordCount":1830,"commentCount":0,"image":{"@id":"https:\/\/hueleaazufre.com\/wordpress_a\/index.php\/2025\/03\/31\/el-salvador-retroceso-civilizatorio\/#primaryimage"},"thumbnailUrl":"https:\/\/hueleaazufre.com\/wordpress_a\/wp-content\/uploads\/2025\/03\/2a-1.webp","keywords":["civilizatorio","colonialismo","EE.UU","El Salvador","retroceso"],"articleSection":["Medios aliados"],"inLanguage":"es","potentialAction":[{"@type":"CommentAction","name":"Comment","target":["https:\/\/hueleaazufre.com\/wordpress_a\/index.php\/2025\/03\/31\/el-salvador-retroceso-civilizatorio\/#respond"]}]},{"@type":"WebPage","@id":"https:\/\/hueleaazufre.com\/wordpress_a\/index.php\/2025\/03\/31\/el-salvador-retroceso-civilizatorio\/","url":"https:\/\/hueleaazufre.com\/wordpress_a\/index.php\/2025\/03\/31\/el-salvador-retroceso-civilizatorio\/","name":"El Salvador: retroceso civilizatorio -","isPartOf":{"@id":"https:\/\/hueleaazufre.com\/wordpress_a\/#website"},"primaryImageOfPage":{"@id":"https:\/\/hueleaazufre.com\/wordpress_a\/index.php\/2025\/03\/31\/el-salvador-retroceso-civilizatorio\/#primaryimage"},"image":{"@id":"https:\/\/hueleaazufre.com\/wordpress_a\/index.php\/2025\/03\/31\/el-salvador-retroceso-civilizatorio\/#primaryimage"},"thumbnailUrl":"https:\/\/hueleaazufre.com\/wordpress_a\/wp-content\/uploads\/2025\/03\/2a-1.webp","datePublished":"2025-03-31T17:44:25+00:00","author":{"@id":"https:\/\/hueleaazufre.com\/wordpress_a\/#\/schema\/person\/549dd871707ea7f9f1a686323ebe9baa"},"description":"El 16 de marzo de 2025 quedar\u00e1 en la historia de El Salvador como una de sus p\u00e1ginas m\u00e1s oscuras...","breadcrumb":{"@id":"https:\/\/hueleaazufre.com\/wordpress_a\/index.php\/2025\/03\/31\/el-salvador-retroceso-civilizatorio\/#breadcrumb"},"inLanguage":"es","potentialAction":[{"@type":"ReadAction","target":["https:\/\/hueleaazufre.com\/wordpress_a\/index.php\/2025\/03\/31\/el-salvador-retroceso-civilizatorio\/"]}]},{"@type":"ImageObject","inLanguage":"es","@id":"https:\/\/hueleaazufre.com\/wordpress_a\/index.php\/2025\/03\/31\/el-salvador-retroceso-civilizatorio\/#primaryimage","url":"https:\/\/hueleaazufre.com\/wordpress_a\/wp-content\/uploads\/2025\/03\/2a-1.webp","contentUrl":"https:\/\/hueleaazufre.com\/wordpress_a\/wp-content\/uploads\/2025\/03\/2a-1.webp","width":609,"height":380},{"@type":"BreadcrumbList","@id":"https:\/\/hueleaazufre.com\/wordpress_a\/index.php\/2025\/03\/31\/el-salvador-retroceso-civilizatorio\/#breadcrumb","itemListElement":[{"@type":"ListItem","position":1,"name":"Portada","item":"https:\/\/hueleaazufre.com\/wordpress_a\/"},{"@type":"ListItem","position":2,"name":"El Salvador: retroceso civilizatorio"}]},{"@type":"WebSite","@id":"https:\/\/hueleaazufre.com\/wordpress_a\/#website","url":"https:\/\/hueleaazufre.com\/wordpress_a\/","name":"","description":"Huele a azufre es una plataforma digital de an\u00e1lisis geopol\u00edtico.","potentialAction":[{"@type":"SearchAction","target":{"@type":"EntryPoint","urlTemplate":"https:\/\/hueleaazufre.com\/wordpress_a\/?s={search_term_string}"},"query-input":{"@type":"PropertyValueSpecification","valueRequired":true,"valueName":"search_term_string"}}],"inLanguage":"es"},{"@type":"Person","@id":"https:\/\/hueleaazufre.com\/wordpress_a\/#\/schema\/person\/549dd871707ea7f9f1a686323ebe9baa","name":"Huele a azufre","image":{"@type":"ImageObject","inLanguage":"es","@id":"https:\/\/secure.gravatar.com\/avatar\/e972d5c124b9bf80eb4c9d322a90dd86a59d447f5da36700a77516f13637d44e?s=96&d=mm&r=g","url":"https:\/\/secure.gravatar.com\/avatar\/e972d5c124b9bf80eb4c9d322a90dd86a59d447f5da36700a77516f13637d44e?s=96&d=mm&r=g","contentUrl":"https:\/\/secure.gravatar.com\/avatar\/e972d5c124b9bf80eb4c9d322a90dd86a59d447f5da36700a77516f13637d44e?s=96&d=mm&r=g","caption":"Huele a azufre"},"description":"Huele a azufre es una plataforma digital de an\u00e1lisis geopol\u00edtico\u00a0 contrahegem\u00f3nico, que busca visibilizar las voces y los discursos silenciados por el poder medi\u00e1tico.","sameAs":["https:\/\/hueleaazufre.com\/wordpress_a"],"url":"https:\/\/hueleaazufre.com\/wordpress_a\/index.php\/author\/admin_tupapa\/"}]}},"_links":{"self":[{"href":"https:\/\/hueleaazufre.com\/wordpress_a\/index.php\/wp-json\/wp\/v2\/posts\/2297","targetHints":{"allow":["GET"]}}],"collection":[{"href":"https:\/\/hueleaazufre.com\/wordpress_a\/index.php\/wp-json\/wp\/v2\/posts"}],"about":[{"href":"https:\/\/hueleaazufre.com\/wordpress_a\/index.php\/wp-json\/wp\/v2\/types\/post"}],"author":[{"embeddable":true,"href":"https:\/\/hueleaazufre.com\/wordpress_a\/index.php\/wp-json\/wp\/v2\/users\/1"}],"replies":[{"embeddable":true,"href":"https:\/\/hueleaazufre.com\/wordpress_a\/index.php\/wp-json\/wp\/v2\/comments?post=2297"}],"version-history":[{"count":1,"href":"https:\/\/hueleaazufre.com\/wordpress_a\/index.php\/wp-json\/wp\/v2\/posts\/2297\/revisions"}],"predecessor-version":[{"id":2299,"href":"https:\/\/hueleaazufre.com\/wordpress_a\/index.php\/wp-json\/wp\/v2\/posts\/2297\/revisions\/2299"}],"wp:featuredmedia":[{"embeddable":true,"href":"https:\/\/hueleaazufre.com\/wordpress_a\/index.php\/wp-json\/wp\/v2\/media\/2298"}],"wp:attachment":[{"href":"https:\/\/hueleaazufre.com\/wordpress_a\/index.php\/wp-json\/wp\/v2\/media?parent=2297"}],"wp:term":[{"taxonomy":"category","embeddable":true,"href":"https:\/\/hueleaazufre.com\/wordpress_a\/index.php\/wp-json\/wp\/v2\/categories?post=2297"},{"taxonomy":"post_tag","embeddable":true,"href":"https:\/\/hueleaazufre.com\/wordpress_a\/index.php\/wp-json\/wp\/v2\/tags?post=2297"}],"curies":[{"name":"wp","href":"https:\/\/api.w.org\/{rel}","templated":true}]}}