{"id":2332,"date":"2025-04-07T20:58:36","date_gmt":"2025-04-07T20:58:36","guid":{"rendered":"https:\/\/hueleaazufre.com\/wordpress_a\/?p=2332"},"modified":"2025-04-07T20:58:36","modified_gmt":"2025-04-07T20:58:36","slug":"el-fin-de-la-globalizacion-neoliberal","status":"publish","type":"post","link":"https:\/\/hueleaazufre.com\/wordpress_a\/index.php\/2025\/04\/07\/el-fin-de-la-globalizacion-neoliberal\/","title":{"rendered":"El fin de la globalizaci\u00f3n neoliberal"},"content":{"rendered":"<p>Es una reconstituci\u00f3n hegem\u00f3nica a punta de pistola econ\u00f3mica, que puede acabar si\u00e9ndolo con armas reales, porque en procesos de crisis de hegemon\u00eda se da siempre, de forma inevitable, una agudizaci\u00f3n de las contradicciones entre las potencias.<\/p>\n<p><strong>Donald Trump adora vivir en el filo de la noticia.<\/strong>\u00a0El espect\u00e1culo permanente es parte de su estrategia pol\u00edtica. Aunque no es el \u00fanico presidente que adora las c\u00e1maras, su condici\u00f3n de presidente de los Estados Unidos y el impacto global de las medidas que desde su administraci\u00f3n se puedan tomar, hace inevitable seguir y calibrar cada uno de sus pasos. Sobre todo porque en este segundo mandato el magnate republicano parece dispuesto a alterar las reglas del juego pol\u00edtico norteamericano y global.<\/p>\n<p><strong>En menos de cien d\u00edas desde que asumiera el cargo, su pol\u00e9mico engendro, el Departamento de Eficiencia Gubernamental, dirigido por Elon Musk, ha generado numerosas pol\u00e9micas y tensiones al seno incluso del propio partido republicano, en la medida en que elimina puestos de trabajo, cierra agencias gubernamentales y mete las narices en casi todas las esferas del gobierno estadounidense.<\/strong><\/p>\n<blockquote><p>El propio Trump ha revuelto el avispero pol\u00edtico interno, con declaraciones que alimentan la fractura pol\u00edtica del pa\u00eds y afirmaciones cada vez m\u00e1s expl\u00edcitas sobre su posible reelecci\u00f3n para un tercer mandato, a pesar de que una enmienda constitucional de los a\u00f1os 50 lo proh\u00edbe expl\u00edcitamente.<\/p><\/blockquote>\n<p>En lo internacional ha generado\u00a0<strong>tensiones con sus vecinos m\u00e1s cercanos, Canad\u00e1 y M\u00e9xico<\/strong>, ha declarado su\u00a0<strong>intenci\u00f3n de hacerse con Groenlandia y el Canal de Panam\u00e1,\u00a0<\/strong>ha\u00a0<strong>arremetido contra la Uni\u00f3n Europea y la OTAN, ha tenido una actitud contradictoria respecto a la Guerra de Ucrania y este 2 de abril, como guinda del pastel, acaba de desatar un terremoto econ\u00f3mico de consecuencias impredecibles.<\/strong>\u00a0De manera expedita y pr\u00e1cticamente sin anuncio previo,<strong>\u00a0Trump comunic\u00f3 un nuevo paquete arancelario que comprende a la casi totalidad de los pa\u00edses del mundo actual. Para mayor rimbombancia, esta medida fue bautizada como \u201cLiberation Day\u201d.\u00a0<\/strong><\/p>\n<p>A todos los pa\u00edses en esa lista, considerados \u201cinfractores\u201d por Estados Unidos, se aplica un arancel base del 10 por ciento, a lo cual se a\u00f1aden tasas adicionales sobre criterios sumamente arbitrarios. As\u00ed, los montos anunciados van desde un 49 por ciento a<strong>\u00a0Cambodia,<\/strong>\u00a046 por ciento a\u00a0<strong>Vietnam\u00a0<\/strong>y 34 por ciento a\u00a0<strong>China<\/strong>, pasando por un 47 por ciento a\u00a0<strong>Madagascar\u00a0<\/strong>y 50 por ciento a\u00a0<strong>Lesotho<\/strong>\u00a0hasta un 37 por ciento a la lejana isla de\u00a0<strong>Reuni\u00f3n.<\/strong>\u00a0<strong>\u201cIsrael\u201d,<\/strong>\u00a0aliado y c\u00f3mplice del r\u00e9gimen norteamericano, recibe un 17 por ciento de aranceles y como\u00a0<strong>nota rid\u00edcula, se aplica un arancel del 10 por ciento a las islas de Heard y McDonald, habitadas solo por ping\u00fcinos y fauna salvaje.<\/strong>\u00a0<strong>Quedan fuera de este frenes\u00ed arancelario pa\u00edses como Cuba, Corea del Norte y Rusia, fuertemente sancionados y pr\u00e1cticamente sin ning\u00fan v\u00ednculo comercial con Estados Unidos en la actualidad.<\/strong><\/p>\n<p>Desde el\u00a0<strong>d\u00eda 9 de abril comenzar\u00e1n a aplicarse estos aranceles,\u00a0<\/strong>que Trump denomina como tarifas rec\u00edprocas y que, seg\u00fan sus propias expresiones, deben contribuir a poner fin a \u201cd\u00e9cadas de abuso comercial\u201d contra los Estados Unidos. Adicionalmente se anunci\u00f3 que en mayo se eliminar\u00e1 el tratamiento libre de impuestos para peque\u00f1os paquetes procedentes de China, lo cual afectar\u00e1 a\u00a0<strong>gigantes del comercio electr\u00f3nico chino como Shein y Temu,\u00a0<\/strong>con fuerte presencia en el mercado norteamericano.\u00a0<strong>Asimismo, entrar\u00e1 en vigor el arancel de un 25 por ciento a todos los autom\u00f3viles fabricados fuera de los Estados Unidos.\u00a0<\/strong><\/p>\n<blockquote><p>Seg\u00fan c\u00e1lculos del\u00a0<strong>asesor comercial de la Casa Blanca, Peter Navarro,<\/strong>\u00a0recogidos por\u00a0<em>BBC<\/em>, estos paquetes arancelarios pueden generar ingresos en torno a los 600 mil millones de d\u00f3lares, adem\u00e1s de, hipot\u00e9ticamente, estimular la industria nacional y recuperar empleos en el sector manufacturero.<\/p><\/blockquote>\n<p>Por supuesto, las reacciones internacionales no se han hecho esperar. China, principal objetivo declarado de la actual administraci\u00f3n de la Casa Blanca, exigi\u00f3 la anulaci\u00f3n de las medidas y advirti\u00f3 que, de no ser as\u00ed, el pa\u00eds tomar\u00e1 contramedidas para proteger sus intereses. En Europa se lamentaron profundamente por el trato aplicado por su amo y se\u00f1or, en palabras de\u00a0<strong>Von der Leyen<\/strong>\u00a0\u201cdefraudados por nuestro aliado m\u00e1s antiguo\u201d, a la par que anunciaron que est\u00e1n preparando medidas para lidiar con estos nuevos aranceles. Algo similar anunci\u00f3 el\u00a0<strong>presidente interino de Corea del Sur.<\/strong><\/p>\n<div class=\"related-section\"><\/div>\n<p>Pero sin dudas la m\u00e1s impactante respuesta a los anuncios de la Casa Blanca la han protagonizado las bolsas de valores. Los mercados de Estados Unidos registraron una fuerte ca\u00edda, similar a la vivida durante la pandemia de la covid- 19. El<strong>\u00a0\u00edndice Dow Jones Industrial Average<\/strong>\u00a0cay\u00f3 un 2,9 por ciento y el\u00a0<strong>NASDAQ\u00a0<\/strong>un 4,5 por ciento. Las grandes tecnol\u00f3gicas fueron las m\u00e1s golpeadas. Seg\u00fan refiere\u00a0<em>Bloomberg<\/em>,\u00a0<strong>Apple<\/strong>\u00a0tuvo p\u00e9rdidas de casi 280 mil millones de d\u00f3lares,\u00a0<strong>Nvidia<\/strong>\u00a0en el entorno de los 145 mil millones de d\u00f3lares y\u00a0<strong>Amazon<\/strong>\u00a0unos 142 mil millones. Quiz\u00e1s no resulte ocioso recordar que muchos de los CEO de estas tecnol\u00f3gicas acompa\u00f1aron a Trump el d\u00eda de su toma de posesi\u00f3n del cargo presidencial.<\/p>\n<p>Tambi\u00e9n los aranceles a pa\u00edses como\u00a0<strong>Vietnam<\/strong>\u00a0golpean fuertemente a empresas como\u00a0<strong>Apple y Nike<\/strong>, las cuales recolocaron sus f\u00e1bricas en el pa\u00eds asi\u00e1tico al inicio de la guerra comercial con China y hoy ven fuertemente comprometidas sus l\u00edneas de suministros.<\/p>\n<p><strong>Estas medidas de Trump son su particular manera de dar respuesta a la profunda crisis de la econom\u00eda norteamericana.<\/strong>\u00a0Crisis que tiene uno de sus m\u00e1s claros indicadores en gigantesco d\u00e9ficit que arrastra la naci\u00f3n y que el magnate pretende revertir. Para ello, Trump ha arremetido contra el dogma neoliberal del capitalismo de libre mercado y ha vuelto a las viejas pr\u00e1cticas proteccionistas que est\u00e1n en los or\u00edgenes de la naci\u00f3n norteamericana.<\/p>\n<p><strong>Desde sus primeros a\u00f1os de independencia, Estados Unidos aplic\u00f3 aranceles selectivos a un grupo de productos, con el objetivo de favorecer el desarrollo de una industria local.<\/strong>\u00a0Era la etapa en la cual se estaba verificando el paso de la industria manufacturera a la maquinaria y la joven naci\u00f3n norteamericana fue capaz de alcanzar el ritmo en relaci\u00f3n con la superpotencia brit\u00e1nica y llegar a superarla, luego de la Primera Guerra Mundial.<\/p>\n<p><strong>La Segunda Guerra Mundial consolid\u00f3 la hegemon\u00eda norteamericana sobre una Europa devastada y el mundo colonial y semicolonial.<\/strong>\u00a0Consecuencia directa de esta dominaci\u00f3n fueron la emergencia de una serie de organizaciones y reglas que hasta hoy han sido centrales a la vida pol\u00edtica internacional. La promoci\u00f3n del neoliberalismo en contra del proteccionismo del per\u00edodo de entreguerras y la segunda postguerra respond\u00eda a la necesidad hegem\u00f3nica del capital financiero norteamericano de moverse con la mayor libertad posible, con el fin de ampliar los mercados, acceder a nuevas fuentes de materias primas y reducir constantemente los costos de producci\u00f3n. Esta tendencia llega a su paroxismo en los a\u00f1os 80 y 90 del siglo XX, donde la desregulaci\u00f3n incluso en las sociedades centrales del capitalismo contempor\u00e1neo, permite una masiva transferencia de capital y tecnolog\u00eda a pa\u00edses subdesarrollados, fundamentalmente en el sudeste asi\u00e1tico.<\/p>\n<p><strong>Sin embargo, con el ascenso y consolidaci\u00f3n de China primero como potencia econ\u00f3mica y luego pol\u00edtica y militar, las reglas del juego del orden econ\u00f3mico neoliberal dejaron de ser tan ventajosas para el capital norteamericano.\u00a0<\/strong>Por un lado los chinos incorporaron los adelantos tecnol\u00f3gicos de Occidente y fueron capaces en un corto per\u00edodo de tiempo de replicarlos y superarlos, invirtiendo significativamente en el desarrollo profesional de su fuerza laboral y en la investigaci\u00f3n. La presencia de un fuerte estado central con un claro programa de desarrollo constitu\u00eda un freno contra lo que Marx denomin\u00f3 como \u201cla anarqu\u00eda de la producci\u00f3n\u201d, al tiempo tambi\u00e9n que acotaba la penetraci\u00f3n e incidencia del capital exterior en el mercado chino. Pronto las empresas del gigante asi\u00e1tico estuvieron en condiciones de competir con sus hom\u00f3logas occidentales en la arena internacional y, en un corto plazo de apenas dos d\u00e9cadas, han desplazado a Estados Unidos como principal socio comercial de la mayor parte del globo.<\/p>\n<blockquote><p>La gran contradicci\u00f3n para Estados Unidos hoy es que, aunque tiene grandes reservas de capital financiero y la hegemon\u00eda del d\u00f3lar, adem\u00e1s de su poder\u00edo militar, no tienen una capacidad productiva real al nivel de la de China. Adem\u00e1s, tienen dependencia estrat\u00e9gica de la importaci\u00f3n de recursos claves y se han quedado rezagados en \u00e1reas tecnol\u00f3gicas centrales, como las comunicaciones o las energ\u00edas renovables.<\/p><\/blockquote>\n<p>Los aranceles de Trump se pueden interpretar, entonces, como un intento por recuperar esa industria norteamericana que se traslad\u00f3 al exterior en los decenios neoliberales, al tiempo que se crea una burbuja proteccionista que favorezca su desarrollo a pesar de su menor competitividad con respecto a las producciones de terceros pa\u00edses. Un ejemplo que se ha citado mucho en an\u00e1lisis recientes es el de las\u00a0<strong>energ\u00edas renovables.<\/strong>\u00a0Los paneles solares producidos en Estados Unidos son significativamente m\u00e1s caros y menos eficientes que los producidos en China. Igual pasa con un importante sector de productos tecnol\u00f3gicos de gama media, el rango de consumo fundamental de la clase trabajadora, donde China ha dominado por una mejor relaci\u00f3n calidad-precio.<\/p>\n<p>Muchos otros productos importados ver\u00e1n crecer significativamente su precio en el mercado norteamericano y algunos directamente no tienen sustituto en la producci\u00f3n interna. Desde los vinos franceses y el aceite de oliva espa\u00f1ol, hasta una gran variedad de frutas y vegetales pasar\u00e1n a estar cada vez m\u00e1s lejos del poder adquisitivo de la clase trabajadora, contribuyendo, sin dudas, a la din\u00e1mica inflacionaria que ya vive el pa\u00eds.<\/p>\n<p><strong>Estos aranceles son un golpe de gracia a la Organizaci\u00f3n Mundial del Comercio y a la cacareada globalizaci\u00f3n.<\/strong>\u00a0Est\u00e1n en l\u00ednea con el proyecto de reconfigurar un nuevo orden mundial, sobre nuevas reglas que favorezcan la econom\u00eda norteamericana.\u00a0<strong>Es una reconstituci\u00f3n hegem\u00f3nica a punta de pistola econ\u00f3mica,<\/strong>\u00a0que puede acabar si\u00e9ndolo con armas reales, porque en procesos de crisis de hegemon\u00eda se da siempre, de forma inevitable, una agudizaci\u00f3n de las contradicciones entre las potencias.<\/p>\n<p>&nbsp;<\/p>\n<p><a href=\"https:\/\/espanol.almayadeen.net\/articles\/2000915\/el-fin-de-la-globalizaci%C3%B3n-neoliberal?utm_source=mango-searchx&amp;utm_medium=title_and_relatives&amp;utm_campaign=el%20fin%20de%20la%20globalizaci%C3%B3n\"><strong>Fuente: Al Mayadeen\/Jos\u00e9 Ernesto Nov\u00e1ez Guerrero\u00a0<\/strong><\/a><\/p>\n","protected":false},"excerpt":{"rendered":"<p>Es una reconstituci\u00f3n hegem\u00f3nica a punta de pistola econ\u00f3mica, que puede acabar si\u00e9ndolo con armas&#8230;<\/p>\n","protected":false},"author":1,"featured_media":2333,"comment_status":"open","ping_status":"closed","sticky":false,"template":"","format":"standard","meta":{"footnotes":""},"categories":[84,56],"tags":[707,475,706,708],"class_list":["post-2332","post","type-post","status-publish","format-standard","has-post-thumbnail","hentry","category-jose-ernesto-novaez-guerrero","category-medios-aliados","tag-apple","tag-globalizacion","tag-neoliberal","tag-nike"],"yoast_head":"<!-- This site is optimized with the Yoast SEO plugin v27.5 - https:\/\/yoast.com\/product\/yoast-seo-wordpress\/ -->\n<title>El fin de la globalizaci\u00f3n neoliberal -<\/title>\n<meta name=\"description\" content=\"Globalizaci\u00f3n. Es una reconstituci\u00f3n hegem\u00f3nica a punta de pistola econ\u00f3mica, que puede acabar si\u00e9ndolo con armas reales...\" \/>\n<meta name=\"robots\" content=\"index, follow, max-snippet:-1, max-image-preview:large, max-video-preview:-1\" \/>\n<link rel=\"canonical\" href=\"https:\/\/hueleaazufre.com\/wordpress_a\/index.php\/2025\/04\/07\/el-fin-de-la-globalizacion-neoliberal\/\" \/>\n<meta property=\"og:locale\" content=\"es_ES\" \/>\n<meta property=\"og:type\" content=\"article\" \/>\n<meta property=\"og:title\" content=\"El fin de la globalizaci\u00f3n neoliberal -\" \/>\n<meta property=\"og:description\" content=\"Globalizaci\u00f3n. Es una reconstituci\u00f3n hegem\u00f3nica a punta de pistola econ\u00f3mica, que puede acabar si\u00e9ndolo con armas reales...\" \/>\n<meta property=\"og:url\" content=\"https:\/\/hueleaazufre.com\/wordpress_a\/index.php\/2025\/04\/07\/el-fin-de-la-globalizacion-neoliberal\/\" \/>\n<meta property=\"article:published_time\" content=\"2025-04-07T20:58:36+00:00\" \/>\n<meta property=\"og:image\" content=\"https:\/\/hueleaazufre.com\/wordpress_a\/wp-content\/uploads\/2025\/04\/2a-1.webp\" \/>\n\t<meta property=\"og:image:width\" content=\"838\" \/>\n\t<meta property=\"og:image:height\" content=\"590\" \/>\n\t<meta property=\"og:image:type\" content=\"image\/webp\" \/>\n<meta name=\"author\" content=\"Huele a azufre\" \/>\n<meta name=\"twitter:card\" content=\"summary_large_image\" \/>\n<meta name=\"twitter:label1\" content=\"Escrito por\" \/>\n\t<meta name=\"twitter:data1\" content=\"Huele a azufre\" \/>\n\t<meta name=\"twitter:label2\" content=\"Tiempo de lectura\" \/>\n\t<meta name=\"twitter:data2\" content=\"8 minutos\" \/>\n<script type=\"application\/ld+json\" class=\"yoast-schema-graph\">{\"@context\":\"https:\\\/\\\/schema.org\",\"@graph\":[{\"@type\":\"Article\",\"@id\":\"https:\\\/\\\/hueleaazufre.com\\\/wordpress_a\\\/index.php\\\/2025\\\/04\\\/07\\\/el-fin-de-la-globalizacion-neoliberal\\\/#article\",\"isPartOf\":{\"@id\":\"https:\\\/\\\/hueleaazufre.com\\\/wordpress_a\\\/index.php\\\/2025\\\/04\\\/07\\\/el-fin-de-la-globalizacion-neoliberal\\\/\"},\"author\":{\"name\":\"Huele a azufre\",\"@id\":\"https:\\\/\\\/hueleaazufre.com\\\/wordpress_a\\\/#\\\/schema\\\/person\\\/549dd871707ea7f9f1a686323ebe9baa\"},\"headline\":\"El fin de la globalizaci\u00f3n neoliberal\",\"datePublished\":\"2025-04-07T20:58:36+00:00\",\"mainEntityOfPage\":{\"@id\":\"https:\\\/\\\/hueleaazufre.com\\\/wordpress_a\\\/index.php\\\/2025\\\/04\\\/07\\\/el-fin-de-la-globalizacion-neoliberal\\\/\"},\"wordCount\":1784,\"commentCount\":0,\"image\":{\"@id\":\"https:\\\/\\\/hueleaazufre.com\\\/wordpress_a\\\/index.php\\\/2025\\\/04\\\/07\\\/el-fin-de-la-globalizacion-neoliberal\\\/#primaryimage\"},\"thumbnailUrl\":\"https:\\\/\\\/hueleaazufre.com\\\/wordpress_a\\\/wp-content\\\/uploads\\\/2025\\\/04\\\/2a-1.webp\",\"keywords\":[\"Apple\",\"globalizaci\u00f3n\",\"neoliberal\",\"Nike\"],\"articleSection\":[\"Jos\u00e9 Ernesto Nov\u00e1ez Guerrero\",\"Medios aliados\"],\"inLanguage\":\"es\",\"potentialAction\":[{\"@type\":\"CommentAction\",\"name\":\"Comment\",\"target\":[\"https:\\\/\\\/hueleaazufre.com\\\/wordpress_a\\\/index.php\\\/2025\\\/04\\\/07\\\/el-fin-de-la-globalizacion-neoliberal\\\/#respond\"]}]},{\"@type\":\"WebPage\",\"@id\":\"https:\\\/\\\/hueleaazufre.com\\\/wordpress_a\\\/index.php\\\/2025\\\/04\\\/07\\\/el-fin-de-la-globalizacion-neoliberal\\\/\",\"url\":\"https:\\\/\\\/hueleaazufre.com\\\/wordpress_a\\\/index.php\\\/2025\\\/04\\\/07\\\/el-fin-de-la-globalizacion-neoliberal\\\/\",\"name\":\"El fin de la globalizaci\u00f3n neoliberal -\",\"isPartOf\":{\"@id\":\"https:\\\/\\\/hueleaazufre.com\\\/wordpress_a\\\/#website\"},\"primaryImageOfPage\":{\"@id\":\"https:\\\/\\\/hueleaazufre.com\\\/wordpress_a\\\/index.php\\\/2025\\\/04\\\/07\\\/el-fin-de-la-globalizacion-neoliberal\\\/#primaryimage\"},\"image\":{\"@id\":\"https:\\\/\\\/hueleaazufre.com\\\/wordpress_a\\\/index.php\\\/2025\\\/04\\\/07\\\/el-fin-de-la-globalizacion-neoliberal\\\/#primaryimage\"},\"thumbnailUrl\":\"https:\\\/\\\/hueleaazufre.com\\\/wordpress_a\\\/wp-content\\\/uploads\\\/2025\\\/04\\\/2a-1.webp\",\"datePublished\":\"2025-04-07T20:58:36+00:00\",\"author\":{\"@id\":\"https:\\\/\\\/hueleaazufre.com\\\/wordpress_a\\\/#\\\/schema\\\/person\\\/549dd871707ea7f9f1a686323ebe9baa\"},\"description\":\"Globalizaci\u00f3n. Es una reconstituci\u00f3n hegem\u00f3nica a punta de pistola econ\u00f3mica, que puede acabar si\u00e9ndolo con armas reales...\",\"breadcrumb\":{\"@id\":\"https:\\\/\\\/hueleaazufre.com\\\/wordpress_a\\\/index.php\\\/2025\\\/04\\\/07\\\/el-fin-de-la-globalizacion-neoliberal\\\/#breadcrumb\"},\"inLanguage\":\"es\",\"potentialAction\":[{\"@type\":\"ReadAction\",\"target\":[\"https:\\\/\\\/hueleaazufre.com\\\/wordpress_a\\\/index.php\\\/2025\\\/04\\\/07\\\/el-fin-de-la-globalizacion-neoliberal\\\/\"]}]},{\"@type\":\"ImageObject\",\"inLanguage\":\"es\",\"@id\":\"https:\\\/\\\/hueleaazufre.com\\\/wordpress_a\\\/index.php\\\/2025\\\/04\\\/07\\\/el-fin-de-la-globalizacion-neoliberal\\\/#primaryimage\",\"url\":\"https:\\\/\\\/hueleaazufre.com\\\/wordpress_a\\\/wp-content\\\/uploads\\\/2025\\\/04\\\/2a-1.webp\",\"contentUrl\":\"https:\\\/\\\/hueleaazufre.com\\\/wordpress_a\\\/wp-content\\\/uploads\\\/2025\\\/04\\\/2a-1.webp\",\"width\":838,\"height\":590},{\"@type\":\"BreadcrumbList\",\"@id\":\"https:\\\/\\\/hueleaazufre.com\\\/wordpress_a\\\/index.php\\\/2025\\\/04\\\/07\\\/el-fin-de-la-globalizacion-neoliberal\\\/#breadcrumb\",\"itemListElement\":[{\"@type\":\"ListItem\",\"position\":1,\"name\":\"Portada\",\"item\":\"https:\\\/\\\/hueleaazufre.com\\\/wordpress_a\\\/\"},{\"@type\":\"ListItem\",\"position\":2,\"name\":\"El fin de la globalizaci\u00f3n neoliberal\"}]},{\"@type\":\"WebSite\",\"@id\":\"https:\\\/\\\/hueleaazufre.com\\\/wordpress_a\\\/#website\",\"url\":\"https:\\\/\\\/hueleaazufre.com\\\/wordpress_a\\\/\",\"name\":\"\",\"description\":\"Huele a azufre es una plataforma digital de an\u00e1lisis geopol\u00edtico.\",\"potentialAction\":[{\"@type\":\"SearchAction\",\"target\":{\"@type\":\"EntryPoint\",\"urlTemplate\":\"https:\\\/\\\/hueleaazufre.com\\\/wordpress_a\\\/?s={search_term_string}\"},\"query-input\":{\"@type\":\"PropertyValueSpecification\",\"valueRequired\":true,\"valueName\":\"search_term_string\"}}],\"inLanguage\":\"es\"},{\"@type\":\"Person\",\"@id\":\"https:\\\/\\\/hueleaazufre.com\\\/wordpress_a\\\/#\\\/schema\\\/person\\\/549dd871707ea7f9f1a686323ebe9baa\",\"name\":\"Huele a azufre\",\"image\":{\"@type\":\"ImageObject\",\"inLanguage\":\"es\",\"@id\":\"https:\\\/\\\/secure.gravatar.com\\\/avatar\\\/e972d5c124b9bf80eb4c9d322a90dd86a59d447f5da36700a77516f13637d44e?s=96&d=mm&r=g\",\"url\":\"https:\\\/\\\/secure.gravatar.com\\\/avatar\\\/e972d5c124b9bf80eb4c9d322a90dd86a59d447f5da36700a77516f13637d44e?s=96&d=mm&r=g\",\"contentUrl\":\"https:\\\/\\\/secure.gravatar.com\\\/avatar\\\/e972d5c124b9bf80eb4c9d322a90dd86a59d447f5da36700a77516f13637d44e?s=96&d=mm&r=g\",\"caption\":\"Huele a azufre\"},\"description\":\"Huele a azufre es una plataforma digital de an\u00e1lisis geopol\u00edtico\u00a0 contrahegem\u00f3nico, que busca visibilizar las voces y los discursos silenciados por el poder medi\u00e1tico.\",\"sameAs\":[\"https:\\\/\\\/hueleaazufre.com\\\/wordpress_a\"],\"url\":\"https:\\\/\\\/hueleaazufre.com\\\/wordpress_a\\\/index.php\\\/author\\\/admin_tupapa\\\/\"}]}<\/script>\n<!-- \/ Yoast SEO plugin. -->","yoast_head_json":{"title":"El fin de la globalizaci\u00f3n neoliberal -","description":"Globalizaci\u00f3n. Es una reconstituci\u00f3n hegem\u00f3nica a punta de pistola econ\u00f3mica, que puede acabar si\u00e9ndolo con armas reales...","robots":{"index":"index","follow":"follow","max-snippet":"max-snippet:-1","max-image-preview":"max-image-preview:large","max-video-preview":"max-video-preview:-1"},"canonical":"https:\/\/hueleaazufre.com\/wordpress_a\/index.php\/2025\/04\/07\/el-fin-de-la-globalizacion-neoliberal\/","og_locale":"es_ES","og_type":"article","og_title":"El fin de la globalizaci\u00f3n neoliberal -","og_description":"Globalizaci\u00f3n. Es una reconstituci\u00f3n hegem\u00f3nica a punta de pistola econ\u00f3mica, que puede acabar si\u00e9ndolo con armas reales...","og_url":"https:\/\/hueleaazufre.com\/wordpress_a\/index.php\/2025\/04\/07\/el-fin-de-la-globalizacion-neoliberal\/","article_published_time":"2025-04-07T20:58:36+00:00","og_image":[{"width":838,"height":590,"url":"https:\/\/hueleaazufre.com\/wordpress_a\/wp-content\/uploads\/2025\/04\/2a-1.webp","type":"image\/webp"}],"author":"Huele a azufre","twitter_card":"summary_large_image","twitter_misc":{"Escrito por":"Huele a azufre","Tiempo de lectura":"8 minutos"},"schema":{"@context":"https:\/\/schema.org","@graph":[{"@type":"Article","@id":"https:\/\/hueleaazufre.com\/wordpress_a\/index.php\/2025\/04\/07\/el-fin-de-la-globalizacion-neoliberal\/#article","isPartOf":{"@id":"https:\/\/hueleaazufre.com\/wordpress_a\/index.php\/2025\/04\/07\/el-fin-de-la-globalizacion-neoliberal\/"},"author":{"name":"Huele a azufre","@id":"https:\/\/hueleaazufre.com\/wordpress_a\/#\/schema\/person\/549dd871707ea7f9f1a686323ebe9baa"},"headline":"El fin de la globalizaci\u00f3n neoliberal","datePublished":"2025-04-07T20:58:36+00:00","mainEntityOfPage":{"@id":"https:\/\/hueleaazufre.com\/wordpress_a\/index.php\/2025\/04\/07\/el-fin-de-la-globalizacion-neoliberal\/"},"wordCount":1784,"commentCount":0,"image":{"@id":"https:\/\/hueleaazufre.com\/wordpress_a\/index.php\/2025\/04\/07\/el-fin-de-la-globalizacion-neoliberal\/#primaryimage"},"thumbnailUrl":"https:\/\/hueleaazufre.com\/wordpress_a\/wp-content\/uploads\/2025\/04\/2a-1.webp","keywords":["Apple","globalizaci\u00f3n","neoliberal","Nike"],"articleSection":["Jos\u00e9 Ernesto Nov\u00e1ez Guerrero","Medios aliados"],"inLanguage":"es","potentialAction":[{"@type":"CommentAction","name":"Comment","target":["https:\/\/hueleaazufre.com\/wordpress_a\/index.php\/2025\/04\/07\/el-fin-de-la-globalizacion-neoliberal\/#respond"]}]},{"@type":"WebPage","@id":"https:\/\/hueleaazufre.com\/wordpress_a\/index.php\/2025\/04\/07\/el-fin-de-la-globalizacion-neoliberal\/","url":"https:\/\/hueleaazufre.com\/wordpress_a\/index.php\/2025\/04\/07\/el-fin-de-la-globalizacion-neoliberal\/","name":"El fin de la globalizaci\u00f3n neoliberal -","isPartOf":{"@id":"https:\/\/hueleaazufre.com\/wordpress_a\/#website"},"primaryImageOfPage":{"@id":"https:\/\/hueleaazufre.com\/wordpress_a\/index.php\/2025\/04\/07\/el-fin-de-la-globalizacion-neoliberal\/#primaryimage"},"image":{"@id":"https:\/\/hueleaazufre.com\/wordpress_a\/index.php\/2025\/04\/07\/el-fin-de-la-globalizacion-neoliberal\/#primaryimage"},"thumbnailUrl":"https:\/\/hueleaazufre.com\/wordpress_a\/wp-content\/uploads\/2025\/04\/2a-1.webp","datePublished":"2025-04-07T20:58:36+00:00","author":{"@id":"https:\/\/hueleaazufre.com\/wordpress_a\/#\/schema\/person\/549dd871707ea7f9f1a686323ebe9baa"},"description":"Globalizaci\u00f3n. Es una reconstituci\u00f3n hegem\u00f3nica a punta de pistola econ\u00f3mica, que puede acabar si\u00e9ndolo con armas reales...","breadcrumb":{"@id":"https:\/\/hueleaazufre.com\/wordpress_a\/index.php\/2025\/04\/07\/el-fin-de-la-globalizacion-neoliberal\/#breadcrumb"},"inLanguage":"es","potentialAction":[{"@type":"ReadAction","target":["https:\/\/hueleaazufre.com\/wordpress_a\/index.php\/2025\/04\/07\/el-fin-de-la-globalizacion-neoliberal\/"]}]},{"@type":"ImageObject","inLanguage":"es","@id":"https:\/\/hueleaazufre.com\/wordpress_a\/index.php\/2025\/04\/07\/el-fin-de-la-globalizacion-neoliberal\/#primaryimage","url":"https:\/\/hueleaazufre.com\/wordpress_a\/wp-content\/uploads\/2025\/04\/2a-1.webp","contentUrl":"https:\/\/hueleaazufre.com\/wordpress_a\/wp-content\/uploads\/2025\/04\/2a-1.webp","width":838,"height":590},{"@type":"BreadcrumbList","@id":"https:\/\/hueleaazufre.com\/wordpress_a\/index.php\/2025\/04\/07\/el-fin-de-la-globalizacion-neoliberal\/#breadcrumb","itemListElement":[{"@type":"ListItem","position":1,"name":"Portada","item":"https:\/\/hueleaazufre.com\/wordpress_a\/"},{"@type":"ListItem","position":2,"name":"El fin de la globalizaci\u00f3n neoliberal"}]},{"@type":"WebSite","@id":"https:\/\/hueleaazufre.com\/wordpress_a\/#website","url":"https:\/\/hueleaazufre.com\/wordpress_a\/","name":"","description":"Huele a azufre es una plataforma digital de an\u00e1lisis geopol\u00edtico.","potentialAction":[{"@type":"SearchAction","target":{"@type":"EntryPoint","urlTemplate":"https:\/\/hueleaazufre.com\/wordpress_a\/?s={search_term_string}"},"query-input":{"@type":"PropertyValueSpecification","valueRequired":true,"valueName":"search_term_string"}}],"inLanguage":"es"},{"@type":"Person","@id":"https:\/\/hueleaazufre.com\/wordpress_a\/#\/schema\/person\/549dd871707ea7f9f1a686323ebe9baa","name":"Huele a azufre","image":{"@type":"ImageObject","inLanguage":"es","@id":"https:\/\/secure.gravatar.com\/avatar\/e972d5c124b9bf80eb4c9d322a90dd86a59d447f5da36700a77516f13637d44e?s=96&d=mm&r=g","url":"https:\/\/secure.gravatar.com\/avatar\/e972d5c124b9bf80eb4c9d322a90dd86a59d447f5da36700a77516f13637d44e?s=96&d=mm&r=g","contentUrl":"https:\/\/secure.gravatar.com\/avatar\/e972d5c124b9bf80eb4c9d322a90dd86a59d447f5da36700a77516f13637d44e?s=96&d=mm&r=g","caption":"Huele a azufre"},"description":"Huele a azufre es una plataforma digital de an\u00e1lisis geopol\u00edtico\u00a0 contrahegem\u00f3nico, que busca visibilizar las voces y los discursos silenciados por el poder medi\u00e1tico.","sameAs":["https:\/\/hueleaazufre.com\/wordpress_a"],"url":"https:\/\/hueleaazufre.com\/wordpress_a\/index.php\/author\/admin_tupapa\/"}]}},"_links":{"self":[{"href":"https:\/\/hueleaazufre.com\/wordpress_a\/index.php\/wp-json\/wp\/v2\/posts\/2332","targetHints":{"allow":["GET"]}}],"collection":[{"href":"https:\/\/hueleaazufre.com\/wordpress_a\/index.php\/wp-json\/wp\/v2\/posts"}],"about":[{"href":"https:\/\/hueleaazufre.com\/wordpress_a\/index.php\/wp-json\/wp\/v2\/types\/post"}],"author":[{"embeddable":true,"href":"https:\/\/hueleaazufre.com\/wordpress_a\/index.php\/wp-json\/wp\/v2\/users\/1"}],"replies":[{"embeddable":true,"href":"https:\/\/hueleaazufre.com\/wordpress_a\/index.php\/wp-json\/wp\/v2\/comments?post=2332"}],"version-history":[{"count":1,"href":"https:\/\/hueleaazufre.com\/wordpress_a\/index.php\/wp-json\/wp\/v2\/posts\/2332\/revisions"}],"predecessor-version":[{"id":2334,"href":"https:\/\/hueleaazufre.com\/wordpress_a\/index.php\/wp-json\/wp\/v2\/posts\/2332\/revisions\/2334"}],"wp:featuredmedia":[{"embeddable":true,"href":"https:\/\/hueleaazufre.com\/wordpress_a\/index.php\/wp-json\/wp\/v2\/media\/2333"}],"wp:attachment":[{"href":"https:\/\/hueleaazufre.com\/wordpress_a\/index.php\/wp-json\/wp\/v2\/media?parent=2332"}],"wp:term":[{"taxonomy":"category","embeddable":true,"href":"https:\/\/hueleaazufre.com\/wordpress_a\/index.php\/wp-json\/wp\/v2\/categories?post=2332"},{"taxonomy":"post_tag","embeddable":true,"href":"https:\/\/hueleaazufre.com\/wordpress_a\/index.php\/wp-json\/wp\/v2\/tags?post=2332"}],"curies":[{"name":"wp","href":"https:\/\/api.w.org\/{rel}","templated":true}]}}