{"id":2335,"date":"2025-04-07T21:03:29","date_gmt":"2025-04-07T21:03:29","guid":{"rendered":"https:\/\/hueleaazufre.com\/wordpress_a\/?p=2335"},"modified":"2025-04-07T21:08:08","modified_gmt":"2025-04-07T21:08:08","slug":"aranceles-los-coletazos-del-huracan-arancelario-de-trump-en-latinoamerica","status":"publish","type":"post","link":"https:\/\/hueleaazufre.com\/wordpress_a\/index.php\/2025\/04\/07\/aranceles-los-coletazos-del-huracan-arancelario-de-trump-en-latinoamerica\/","title":{"rendered":"Los coletazos del &#8216;hurac\u00e1n&#8217; arancelario de Trump en Latinoam\u00e9rica"},"content":{"rendered":"<p>Los\u00a0<a href=\"https:\/\/actualidad.rt.com\/actualidad\/544977-trump-declara-guerra-arancelaria-paises\" target=\"_blank\" rel=\"noopener noreferrer\">aranceles<\/a>\u00a0de 10\u202f% impuestos por EE.UU. a la mayor\u00eda de pa\u00edses latinoamericanos han tenido efectos inmediatos y diversos en la regi\u00f3n. Mientras algunas bolsas de valores despiertan el inter\u00e9s de inversores por quedar parcialmente fuera del conflicto, sectores clave como el agr\u00edcola \u2014motor de exportaciones en Brasil, Colombia, Ecuador o Per\u00fa\u2014 se ven amenazados.<\/p>\n<p>Seg\u00fan la agencia\u00a0<a href=\"https:\/\/www.reuters.com\/markets\/latam-assets-may-receive-trade-war-boost-investors-say-2025-04-04\/\" target=\"_blank\" rel=\"noopener noreferrer\">Reuters<\/a>, las acciones y los bonos de Am\u00e9rica Latina podr\u00edan convertirse en \u00ab<strong>ganadores inesperados<\/strong>\u00ab, ya que han despertado el inter\u00e9s de inversores que buscan alternativas fuera de EE.UU.<\/p>\n<figure class=\"RTImage-root\">\n<div class=\"RTImage-image RTImage-original\"><picture class=\"Picture-root Picture-original\"><source srcset=\" https:\/\/mf.b37mrtl.ru\/actualidad\/public_images\/2025.04\/original\/67f3be4359bf5b3be010616f.jpg 850w, https:\/\/mf.b37mrtl.ru\/actualidad\/public_images\/2025.04\/original\/67f3be4359bf5b3be010616f.jpg 1960w, \" media=\"(-webkit-min-device-pixel-ratio: 2) and (min-resolution: 120dpi)\" sizes=\"912px\" data-srcset=\" https:\/\/mf.b37mrtl.ru\/actualidad\/public_images\/2025.04\/original\/67f3be4359bf5b3be010616f.jpg 850w, https:\/\/mf.b37mrtl.ru\/actualidad\/public_images\/2025.04\/original\/67f3be4359bf5b3be010616f.jpg 1960w, \" \/><source srcset=\" https:\/\/mf.b37mrtl.ru\/actualidad\/public_images\/2025.04\/original\/67f3be4359bf5b3be010616f.jpg 460w, https:\/\/mf.b37mrtl.ru\/actualidad\/public_images\/2025.04\/original\/67f3be4359bf5b3be010616f.jpg 980w, \" sizes=\"912px\" data-srcset=\" https:\/\/mf.b37mrtl.ru\/actualidad\/public_images\/2025.04\/original\/67f3be4359bf5b3be010616f.jpg 460w, https:\/\/mf.b37mrtl.ru\/actualidad\/public_images\/2025.04\/original\/67f3be4359bf5b3be010616f.jpg 980w, \" \/><img decoding=\"async\" class=\"Picture-root Picture-original lazyautosizes lazyloaded\" src=\"https:\/\/mf.b37mrtl.ru\/actualidad\/public_images\/2025.04\/original\/67f3be4359bf5b3be010616f.jpg\" sizes=\"912px\" alt=\"\" data-sizes=\"auto\" data-src=\"https:\/\/mf.b37mrtl.ru\/actualidad\/public_images\/2025.04\/original\/67f3be4359bf5b3be010616f.jpg\" \/><\/picture><\/div><figcaption class=\"RTImage-footer\"><span class=\"RTImage-source\"><span class=\"RTImage-captionItem\">Cris Faga \/ NurPhoto<\/span><span class=\"RTImage-captionItem\">\u00a0\/ Gettyimages.ru<\/span><\/span><\/figcaption><\/figure>\n<p>\u00abEn perspectiva, claramente estamos en\u00a0<strong>un nuevo paradigma comercial<\/strong>\u00a0<strong>y en un proceso de reorganizaci\u00f3n<\/strong>\u00a0del comercio global. Suponiendo que esto derive en bloques comerciales m\u00e1s regionalizados, Am\u00e9rica Latina saldr\u00eda beneficiada en ese escenario\u00bb, coment\u00f3\u00a0Kathryn Exum, codirectora de investigaci\u00f3n soberana en Gramercy.<\/p>\n<p>Asimismo, reiter\u00f3 que \u00abquiz\u00e1s empiece a aumentar el flujo de inversiones\u00bb para la regi\u00f3n. \u00abQue se trate de flujos de IED [inversi\u00f3n extranjera directa] o de flujos de cartera depender\u00e1 del pa\u00eds en cuesti\u00f3n y si hablamos de corto o mediano plazo\u00bb, coment\u00f3.<\/p>\n<p data-start=\"1988\" data-end=\"2184\">En Brasil y M\u00e9xico,\u00a0<strong>las dos mayores econom\u00edas de la regi\u00f3n<\/strong>, los mercados burs\u00e1tiles han subido este a\u00f1o y sus monedas se han fortalecido frente al d\u00f3lar.<\/p>\n<p data-start=\"1988\" data-end=\"2184\">Seg\u00fan los\u00a0economistas consultados por la agencia de prensa, el gigante latinoamericano est\u00e1 mejor posicionado que otros pa\u00edses para enfrentar los aranceles, mientras que\u00a0<a href=\"https:\/\/actualidad-rt.com\/actualidad\/545241-mexico-primer-golpe-aranceles-trump\" target=\"_blank\" rel=\"noopener noreferrer\">M\u00e9xico<\/a>\u00a0mantiene un trato preferencial desde la perspectiva comercial de EE.UU.<\/p>\n<h3 data-start=\"1988\" data-end=\"2184\"><strong>Sector agr\u00edcola\u00a0<\/strong><\/h3>\n<p data-start=\"2418\" data-end=\"3509\">Pero no todas las se\u00f1ales son positivas. Uno de los sectores m\u00e1s vulnerables ante la imposici\u00f3n de aranceles es el agr\u00edcola.\u00a0Seg\u00fan\u00a0<a href=\"https:\/\/efe.com\/economia\/2025-04-07\/aranceles-latinoamerica-exportaciones\/\" target=\"_blank\" rel=\"noopener noreferrer\">Efe<\/a>, los aranceles amenazan sobre todo en pa\u00edses como Brasil (caf\u00e9, carne, az\u00facar); Colombia (caf\u00e9, flores, banano); Ecuador (banano, camar\u00f3n, cacao); Per\u00fa (ar\u00e1ndanos, uvas, caf\u00e9) y Chile (frutas y vino).<\/p>\n<figure class=\"RTImage-root\">\n<div class=\"RTImage-image RTImage-original\"><picture class=\"Picture-root Picture-original\"><source srcset=\" https:\/\/mf.b37mrtl.ru\/actualidad\/public_images\/2025.04\/original\/67f3d44ae9ff7166ba063179.jpg 850w, https:\/\/mf.b37mrtl.ru\/actualidad\/public_images\/2025.04\/original\/67f3d44ae9ff7166ba063179.jpg 1960w, \" media=\"(-webkit-min-device-pixel-ratio: 2) and (min-resolution: 120dpi)\" sizes=\"912px\" data-srcset=\" https:\/\/mf.b37mrtl.ru\/actualidad\/public_images\/2025.04\/original\/67f3d44ae9ff7166ba063179.jpg 850w, https:\/\/mf.b37mrtl.ru\/actualidad\/public_images\/2025.04\/original\/67f3d44ae9ff7166ba063179.jpg 1960w, \" \/><source srcset=\" https:\/\/mf.b37mrtl.ru\/actualidad\/public_images\/2025.04\/original\/67f3d44ae9ff7166ba063179.jpg 460w, https:\/\/mf.b37mrtl.ru\/actualidad\/public_images\/2025.04\/original\/67f3d44ae9ff7166ba063179.jpg 980w, \" sizes=\"912px\" data-srcset=\" https:\/\/mf.b37mrtl.ru\/actualidad\/public_images\/2025.04\/original\/67f3d44ae9ff7166ba063179.jpg 460w, https:\/\/mf.b37mrtl.ru\/actualidad\/public_images\/2025.04\/original\/67f3d44ae9ff7166ba063179.jpg 980w, \" \/><img decoding=\"async\" class=\"Picture-root Picture-original lazyautosizes lazyloaded\" src=\"https:\/\/mf.b37mrtl.ru\/actualidad\/public_images\/2025.04\/original\/67f3d44ae9ff7166ba063179.jpg\" sizes=\"912px\" alt=\"\" data-sizes=\"auto\" data-src=\"https:\/\/mf.b37mrtl.ru\/actualidad\/public_images\/2025.04\/original\/67f3d44ae9ff7166ba063179.jpg\" \/><\/picture><\/div><figcaption class=\"RTImage-footer\"><span class=\"RTImage-source\"><span class=\"RTImage-captionItem\">izzetugutmen<\/span><span class=\"RTImage-captionItem\">\u00a0\/ Gettyimages.ru<\/span><\/span><\/figcaption><\/figure>\n<p data-start=\"2418\" data-end=\"3509\">A su vez, Argentina teme por la miel y los limones. Mientras, Uruguay destaca con carne bovina y Rep\u00fablica Dominicana con az\u00facar, caf\u00e9 y tabaco.\u00a0<a href=\"https:\/\/actualidad-rt.com\/actualidad\/545235-plan-mexico-hacer-frente-trump\" target=\"_blank\" rel=\"noopener noreferrer\">M\u00e9xico<\/a><strong>\u00a0qued\u00f3 fuera de las tarifas gracias al\u00a0Tratado entre con EE.UU. y Canad\u00e1 (T-MEC).<\/strong><\/p>\n<p data-start=\"632\" data-end=\"1094\">En Centroam\u00e9rica, los productos m\u00e1s vulnerables son los que se dedican a rubros como el\u00a0banano, la pi\u00f1a, el caf\u00e9 y el az\u00facar, claves para Costa Rica, Guatemala, Honduras y Panam\u00e1.\u00a0El Salvador depende m\u00e1s de sus exportaciones textiles, mientras que\u00a0Bolivia mantiene un volumen bajo, centrado en casta\u00f1a, quinua y minerales.<\/p>\n<p data-start=\"2418\" data-end=\"3509\">Los nuevos aranceles podr\u00edan\u00a0<strong>reducir dr\u00e1sticamente la competitividad de estos productos<\/strong>\u00a0en el mercado estadounidense, lo que afectar\u00eda no solo a los exportadores, sino tambi\u00e9n a las econom\u00edas nacionales que dependen de ese flujo comercial.<\/p>\n<p data-start=\"2418\" data-end=\"3509\">Samy Muaddi, jefe de renta fija de mercados emergentes en T. Rowe Price, indic\u00f3 que los pa\u00edses que registran \u00abd\u00e9ficits gemelos (fiscal y comercial)\u00bb se ver\u00e1n perjudicados en un entorno de condiciones financieras m\u00e1s estrictas.<\/p>\n<div class=\"ReadMore-root Section-root Section-is1to3-xs_is1to1\" data-widgets=\"ReadMore\">\n<div class=\"Section-container Section-isRow-isTop-isWrap\">\n<article class=\"Card-root Card-is1to1 Card-default \">\n<div class=\"Card-imageWrap\">\n<div class=\"Card-picture\"><picture class=\"Picture-root Picture-default\"><source srcset=\" https:\/\/mf.b37mrtl.ru\/actualidad\/public_images\/2025.04\/thumbnail\/67f3b46859bf5b3e09711a87.jpg 850w, https:\/\/mf.b37mrtl.ru\/actualidad\/public_images\/2025.04\/article\/67f3b46859bf5b3e09711a87.jpg 1960w, \" media=\"(-webkit-min-device-pixel-ratio: 2) and (min-resolution: 120dpi)\" sizes=\"280px\" data-srcset=\" https:\/\/mf.b37mrtl.ru\/actualidad\/public_images\/2025.04\/thumbnail\/67f3b46859bf5b3e09711a87.jpg 850w, https:\/\/mf.b37mrtl.ru\/actualidad\/public_images\/2025.04\/article\/67f3b46859bf5b3e09711a87.jpg 1960w, \" \/><source srcset=\" https:\/\/mf.b37mrtl.ru\/actualidad\/public_images\/2025.04\/thumbnail\/67f3b46859bf5b3e09711a87.jpg 460, https:\/\/mf.b37mrtl.ru\/actualidad\/public_images\/2025.04\/article\/67f3b46859bf5b3e09711a87.jpg 980w, \" sizes=\"280px\" data-srcset=\" https:\/\/mf.b37mrtl.ru\/actualidad\/public_images\/2025.04\/thumbnail\/67f3b46859bf5b3e09711a87.jpg 460, https:\/\/mf.b37mrtl.ru\/actualidad\/public_images\/2025.04\/article\/67f3b46859bf5b3e09711a87.jpg 980w, \" \/><img decoding=\"async\" class=\"Picture-root Picture-default lazyautosizes lazyloaded\" src=\"https:\/\/mf.b37mrtl.ru\/actualidad\/public_images\/2025.04\/thumbnail\/67f3b46859bf5b3e09711a87.jpg\" sizes=\"280px\" alt=\"Trump: &quot;China, cuyos mercados se hunden, acaba de subir sus aranceles un 34 %&quot;\" data-sizes=\"auto\" data-src=\"https:\/\/mf.b37mrtl.ru\/actualidad\/public_images\/2025.04\/thumbnail\/67f3b46859bf5b3e09711a87.jpg\" \/><\/picture><\/div>\n<\/div>\n<div class=\"Card-contentWrap\">\n<div class=\"Card-content\">\n<div class=\"Card-title\">\n<div class=\"HeaderNews-root HeaderNews-type_6 \"><a class=\"Link-root Link-isFullCard \" href=\"https:\/\/actualidad.rt.com\/actualidad\/545565-trump-china-mercados-hunden-aranceles\">Trump: \u00abChina, cuyos mercados se hunden, acaba de subir sus aranceles un 34 %\u00bb<\/a><\/div>\n<\/div>\n<\/div>\n<\/div>\n<\/article>\n<\/div>\n<\/div>\n<p data-start=\"3960\" data-end=\"4502\">Por su parte, el investigador Thomas Fingar, del Centro de Econom\u00eda e Instituciones de China en la Universidad de Stanford, coment\u00f3\u00a0a\u00a0<a href=\"https:\/\/www1.folha.uol.com.br\/mundo\/2025\/04\/tarifas-fazem-china-parecer-melhor-do-que-e-mas-ninguem-ocupara-lugar-dos-eua-diz-pesquisador-de-stanford.shtml\" target=\"_blank\" rel=\"noopener noreferrer\">Folha de S.Paulo<\/a>, que\u00a0\u00abuna tarifa del 10\u202f% aplicada de forma general a toda Am\u00e9rica Latina\u00a0<strong>no otorga ninguna ventaja comparativa entre pa\u00edses<\/strong>\u00ab.<\/p>\n<p data-start=\"3960\" data-end=\"4502\">\u00abSe exportar\u00e1 la misma cantidad y nosotros pagaremos m\u00e1s por el producto que sea. Flores de Colombia, uvas,\u00a0vino de Argentina o Chile. Como el arancel es general, no le da ventaja a Chile con el vino frente a Argentina, porque ambos tienen lo mismo. La mayor parte de lo que Am\u00e9rica Latina exporta a EE.UU. no va a China\u00bb, destac\u00f3.<\/p>\n<p data-start=\"3960\" data-end=\"4502\">Para el experto, los pa\u00edses de la regi\u00f3n\u00a0<strong>no podr\u00e1n aprovechar la situaci\u00f3n<\/strong>, ya que sus productos podr\u00edan perder\u00a0competitividad de forma generalizada y, en su criterio, no existir\u00e1 un mercado alternativo capaz de absorber sus exportaciones en los mismos vol\u00famenes.<\/p>\n<p data-start=\"3960\" data-end=\"4502\">\n<p data-start=\"3960\" data-end=\"4502\"><a href=\"https:\/\/actualidad.rt.com\/actualidad\/545555-guerra-arancelaria-trump-america-latina\"><strong>Fuente: RT<\/strong><\/a><\/p>\n","protected":false},"excerpt":{"rendered":"<p>Los\u00a0aranceles\u00a0de 10\u202f% impuestos por EE.UU. a la mayor\u00eda de pa\u00edses latinoamericanos han tenido efectos inmediatos&#8230;<\/p>\n","protected":false},"author":1,"featured_media":2336,"comment_status":"open","ping_status":"closed","sticky":false,"template":"","format":"standard","meta":{"footnotes":""},"categories":[56],"tags":[709,89,221,148],"class_list":["post-2335","post","type-post","status-publish","format-standard","has-post-thumbnail","hentry","category-medios-aliados","tag-aranceles","tag-ee-uu","tag-latinoamerica","tag-trump"],"yoast_head":"<!-- This site is optimized with the Yoast SEO plugin v27.5 - https:\/\/yoast.com\/product\/yoast-seo-wordpress\/ -->\n<title>Los coletazos del &#039;hurac\u00e1n&#039; arancelario de Trump en Latinoam\u00e9rica -<\/title>\n<meta name=\"description\" content=\"Aranceles. Algunas bolsas de valores despiertan el inter\u00e9s de los inversores, mientras otros mercados ven amenazados varios sectores clave\" \/>\n<meta name=\"robots\" content=\"index, follow, max-snippet:-1, max-image-preview:large, max-video-preview:-1\" \/>\n<link rel=\"canonical\" href=\"https:\/\/hueleaazufre.com\/wordpress_a\/index.php\/2025\/04\/07\/aranceles-los-coletazos-del-huracan-arancelario-de-trump-en-latinoamerica\/\" \/>\n<meta property=\"og:locale\" content=\"es_ES\" \/>\n<meta property=\"og:type\" content=\"article\" \/>\n<meta property=\"og:title\" content=\"Los coletazos del &#039;hurac\u00e1n&#039; arancelario de Trump en Latinoam\u00e9rica -\" \/>\n<meta property=\"og:description\" content=\"Aranceles. Algunas bolsas de valores despiertan el inter\u00e9s de los inversores, mientras otros mercados ven amenazados varios sectores clave\" \/>\n<meta property=\"og:url\" content=\"https:\/\/hueleaazufre.com\/wordpress_a\/index.php\/2025\/04\/07\/aranceles-los-coletazos-del-huracan-arancelario-de-trump-en-latinoamerica\/\" \/>\n<meta property=\"article:published_time\" content=\"2025-04-07T21:03:29+00:00\" \/>\n<meta property=\"article:modified_time\" content=\"2025-04-07T21:08:08+00:00\" \/>\n<meta property=\"og:image\" content=\"https:\/\/hueleaazufre.com\/wordpress_a\/wp-content\/uploads\/2025\/04\/3a.webp\" \/>\n\t<meta property=\"og:image:width\" content=\"1104\" \/>\n\t<meta property=\"og:image:height\" content=\"622\" \/>\n\t<meta property=\"og:image:type\" content=\"image\/webp\" \/>\n<meta name=\"author\" content=\"Huele a azufre\" \/>\n<meta name=\"twitter:card\" content=\"summary_large_image\" \/>\n<meta name=\"twitter:label1\" content=\"Escrito por\" \/>\n\t<meta name=\"twitter:data1\" content=\"Huele a azufre\" \/>\n\t<meta name=\"twitter:label2\" content=\"Tiempo de lectura\" \/>\n\t<meta name=\"twitter:data2\" content=\"4 minutos\" \/>\n<script type=\"application\/ld+json\" class=\"yoast-schema-graph\">{\"@context\":\"https:\\\/\\\/schema.org\",\"@graph\":[{\"@type\":\"Article\",\"@id\":\"https:\\\/\\\/hueleaazufre.com\\\/wordpress_a\\\/index.php\\\/2025\\\/04\\\/07\\\/aranceles-los-coletazos-del-huracan-arancelario-de-trump-en-latinoamerica\\\/#article\",\"isPartOf\":{\"@id\":\"https:\\\/\\\/hueleaazufre.com\\\/wordpress_a\\\/index.php\\\/2025\\\/04\\\/07\\\/aranceles-los-coletazos-del-huracan-arancelario-de-trump-en-latinoamerica\\\/\"},\"author\":{\"name\":\"Huele a azufre\",\"@id\":\"https:\\\/\\\/hueleaazufre.com\\\/wordpress_a\\\/#\\\/schema\\\/person\\\/549dd871707ea7f9f1a686323ebe9baa\"},\"headline\":\"Los coletazos del &#8216;hurac\u00e1n&#8217; arancelario de Trump en Latinoam\u00e9rica\",\"datePublished\":\"2025-04-07T21:03:29+00:00\",\"dateModified\":\"2025-04-07T21:08:08+00:00\",\"mainEntityOfPage\":{\"@id\":\"https:\\\/\\\/hueleaazufre.com\\\/wordpress_a\\\/index.php\\\/2025\\\/04\\\/07\\\/aranceles-los-coletazos-del-huracan-arancelario-de-trump-en-latinoamerica\\\/\"},\"wordCount\":701,\"commentCount\":0,\"image\":{\"@id\":\"https:\\\/\\\/hueleaazufre.com\\\/wordpress_a\\\/index.php\\\/2025\\\/04\\\/07\\\/aranceles-los-coletazos-del-huracan-arancelario-de-trump-en-latinoamerica\\\/#primaryimage\"},\"thumbnailUrl\":\"https:\\\/\\\/hueleaazufre.com\\\/wordpress_a\\\/wp-content\\\/uploads\\\/2025\\\/04\\\/3a.webp\",\"keywords\":[\"aranceles\",\"EE.UU\",\"latinoamerica\",\"Trump\"],\"articleSection\":[\"Medios aliados\"],\"inLanguage\":\"es\",\"potentialAction\":[{\"@type\":\"CommentAction\",\"name\":\"Comment\",\"target\":[\"https:\\\/\\\/hueleaazufre.com\\\/wordpress_a\\\/index.php\\\/2025\\\/04\\\/07\\\/aranceles-los-coletazos-del-huracan-arancelario-de-trump-en-latinoamerica\\\/#respond\"]}]},{\"@type\":\"WebPage\",\"@id\":\"https:\\\/\\\/hueleaazufre.com\\\/wordpress_a\\\/index.php\\\/2025\\\/04\\\/07\\\/aranceles-los-coletazos-del-huracan-arancelario-de-trump-en-latinoamerica\\\/\",\"url\":\"https:\\\/\\\/hueleaazufre.com\\\/wordpress_a\\\/index.php\\\/2025\\\/04\\\/07\\\/aranceles-los-coletazos-del-huracan-arancelario-de-trump-en-latinoamerica\\\/\",\"name\":\"Los coletazos del 'hurac\u00e1n' arancelario de Trump en Latinoam\u00e9rica -\",\"isPartOf\":{\"@id\":\"https:\\\/\\\/hueleaazufre.com\\\/wordpress_a\\\/#website\"},\"primaryImageOfPage\":{\"@id\":\"https:\\\/\\\/hueleaazufre.com\\\/wordpress_a\\\/index.php\\\/2025\\\/04\\\/07\\\/aranceles-los-coletazos-del-huracan-arancelario-de-trump-en-latinoamerica\\\/#primaryimage\"},\"image\":{\"@id\":\"https:\\\/\\\/hueleaazufre.com\\\/wordpress_a\\\/index.php\\\/2025\\\/04\\\/07\\\/aranceles-los-coletazos-del-huracan-arancelario-de-trump-en-latinoamerica\\\/#primaryimage\"},\"thumbnailUrl\":\"https:\\\/\\\/hueleaazufre.com\\\/wordpress_a\\\/wp-content\\\/uploads\\\/2025\\\/04\\\/3a.webp\",\"datePublished\":\"2025-04-07T21:03:29+00:00\",\"dateModified\":\"2025-04-07T21:08:08+00:00\",\"author\":{\"@id\":\"https:\\\/\\\/hueleaazufre.com\\\/wordpress_a\\\/#\\\/schema\\\/person\\\/549dd871707ea7f9f1a686323ebe9baa\"},\"description\":\"Aranceles. Algunas bolsas de valores despiertan el inter\u00e9s de los inversores, mientras otros mercados ven amenazados varios sectores clave\",\"breadcrumb\":{\"@id\":\"https:\\\/\\\/hueleaazufre.com\\\/wordpress_a\\\/index.php\\\/2025\\\/04\\\/07\\\/aranceles-los-coletazos-del-huracan-arancelario-de-trump-en-latinoamerica\\\/#breadcrumb\"},\"inLanguage\":\"es\",\"potentialAction\":[{\"@type\":\"ReadAction\",\"target\":[\"https:\\\/\\\/hueleaazufre.com\\\/wordpress_a\\\/index.php\\\/2025\\\/04\\\/07\\\/aranceles-los-coletazos-del-huracan-arancelario-de-trump-en-latinoamerica\\\/\"]}]},{\"@type\":\"ImageObject\",\"inLanguage\":\"es\",\"@id\":\"https:\\\/\\\/hueleaazufre.com\\\/wordpress_a\\\/index.php\\\/2025\\\/04\\\/07\\\/aranceles-los-coletazos-del-huracan-arancelario-de-trump-en-latinoamerica\\\/#primaryimage\",\"url\":\"https:\\\/\\\/hueleaazufre.com\\\/wordpress_a\\\/wp-content\\\/uploads\\\/2025\\\/04\\\/3a.webp\",\"contentUrl\":\"https:\\\/\\\/hueleaazufre.com\\\/wordpress_a\\\/wp-content\\\/uploads\\\/2025\\\/04\\\/3a.webp\",\"width\":1104,\"height\":622,\"caption\":\"\u00a0aranceles\u00a0\"},{\"@type\":\"BreadcrumbList\",\"@id\":\"https:\\\/\\\/hueleaazufre.com\\\/wordpress_a\\\/index.php\\\/2025\\\/04\\\/07\\\/aranceles-los-coletazos-del-huracan-arancelario-de-trump-en-latinoamerica\\\/#breadcrumb\",\"itemListElement\":[{\"@type\":\"ListItem\",\"position\":1,\"name\":\"Portada\",\"item\":\"https:\\\/\\\/hueleaazufre.com\\\/wordpress_a\\\/\"},{\"@type\":\"ListItem\",\"position\":2,\"name\":\"Los coletazos del &#8216;hurac\u00e1n&#8217; arancelario de Trump en Latinoam\u00e9rica\"}]},{\"@type\":\"WebSite\",\"@id\":\"https:\\\/\\\/hueleaazufre.com\\\/wordpress_a\\\/#website\",\"url\":\"https:\\\/\\\/hueleaazufre.com\\\/wordpress_a\\\/\",\"name\":\"\",\"description\":\"Huele a azufre es una plataforma digital de an\u00e1lisis geopol\u00edtico.\",\"potentialAction\":[{\"@type\":\"SearchAction\",\"target\":{\"@type\":\"EntryPoint\",\"urlTemplate\":\"https:\\\/\\\/hueleaazufre.com\\\/wordpress_a\\\/?s={search_term_string}\"},\"query-input\":{\"@type\":\"PropertyValueSpecification\",\"valueRequired\":true,\"valueName\":\"search_term_string\"}}],\"inLanguage\":\"es\"},{\"@type\":\"Person\",\"@id\":\"https:\\\/\\\/hueleaazufre.com\\\/wordpress_a\\\/#\\\/schema\\\/person\\\/549dd871707ea7f9f1a686323ebe9baa\",\"name\":\"Huele a azufre\",\"image\":{\"@type\":\"ImageObject\",\"inLanguage\":\"es\",\"@id\":\"https:\\\/\\\/secure.gravatar.com\\\/avatar\\\/e972d5c124b9bf80eb4c9d322a90dd86a59d447f5da36700a77516f13637d44e?s=96&d=mm&r=g\",\"url\":\"https:\\\/\\\/secure.gravatar.com\\\/avatar\\\/e972d5c124b9bf80eb4c9d322a90dd86a59d447f5da36700a77516f13637d44e?s=96&d=mm&r=g\",\"contentUrl\":\"https:\\\/\\\/secure.gravatar.com\\\/avatar\\\/e972d5c124b9bf80eb4c9d322a90dd86a59d447f5da36700a77516f13637d44e?s=96&d=mm&r=g\",\"caption\":\"Huele a azufre\"},\"description\":\"Huele a azufre es una plataforma digital de an\u00e1lisis geopol\u00edtico\u00a0 contrahegem\u00f3nico, que busca visibilizar las voces y los discursos silenciados por el poder medi\u00e1tico.\",\"sameAs\":[\"https:\\\/\\\/hueleaazufre.com\\\/wordpress_a\"],\"url\":\"https:\\\/\\\/hueleaazufre.com\\\/wordpress_a\\\/index.php\\\/author\\\/admin_tupapa\\\/\"}]}<\/script>\n<!-- \/ Yoast SEO plugin. -->","yoast_head_json":{"title":"Los coletazos del 'hurac\u00e1n' arancelario de Trump en Latinoam\u00e9rica -","description":"Aranceles. Algunas bolsas de valores despiertan el inter\u00e9s de los inversores, mientras otros mercados ven amenazados varios sectores clave","robots":{"index":"index","follow":"follow","max-snippet":"max-snippet:-1","max-image-preview":"max-image-preview:large","max-video-preview":"max-video-preview:-1"},"canonical":"https:\/\/hueleaazufre.com\/wordpress_a\/index.php\/2025\/04\/07\/aranceles-los-coletazos-del-huracan-arancelario-de-trump-en-latinoamerica\/","og_locale":"es_ES","og_type":"article","og_title":"Los coletazos del 'hurac\u00e1n' arancelario de Trump en Latinoam\u00e9rica -","og_description":"Aranceles. Algunas bolsas de valores despiertan el inter\u00e9s de los inversores, mientras otros mercados ven amenazados varios sectores clave","og_url":"https:\/\/hueleaazufre.com\/wordpress_a\/index.php\/2025\/04\/07\/aranceles-los-coletazos-del-huracan-arancelario-de-trump-en-latinoamerica\/","article_published_time":"2025-04-07T21:03:29+00:00","article_modified_time":"2025-04-07T21:08:08+00:00","og_image":[{"width":1104,"height":622,"url":"https:\/\/hueleaazufre.com\/wordpress_a\/wp-content\/uploads\/2025\/04\/3a.webp","type":"image\/webp"}],"author":"Huele a azufre","twitter_card":"summary_large_image","twitter_misc":{"Escrito por":"Huele a azufre","Tiempo de lectura":"4 minutos"},"schema":{"@context":"https:\/\/schema.org","@graph":[{"@type":"Article","@id":"https:\/\/hueleaazufre.com\/wordpress_a\/index.php\/2025\/04\/07\/aranceles-los-coletazos-del-huracan-arancelario-de-trump-en-latinoamerica\/#article","isPartOf":{"@id":"https:\/\/hueleaazufre.com\/wordpress_a\/index.php\/2025\/04\/07\/aranceles-los-coletazos-del-huracan-arancelario-de-trump-en-latinoamerica\/"},"author":{"name":"Huele a azufre","@id":"https:\/\/hueleaazufre.com\/wordpress_a\/#\/schema\/person\/549dd871707ea7f9f1a686323ebe9baa"},"headline":"Los coletazos del &#8216;hurac\u00e1n&#8217; arancelario de Trump en Latinoam\u00e9rica","datePublished":"2025-04-07T21:03:29+00:00","dateModified":"2025-04-07T21:08:08+00:00","mainEntityOfPage":{"@id":"https:\/\/hueleaazufre.com\/wordpress_a\/index.php\/2025\/04\/07\/aranceles-los-coletazos-del-huracan-arancelario-de-trump-en-latinoamerica\/"},"wordCount":701,"commentCount":0,"image":{"@id":"https:\/\/hueleaazufre.com\/wordpress_a\/index.php\/2025\/04\/07\/aranceles-los-coletazos-del-huracan-arancelario-de-trump-en-latinoamerica\/#primaryimage"},"thumbnailUrl":"https:\/\/hueleaazufre.com\/wordpress_a\/wp-content\/uploads\/2025\/04\/3a.webp","keywords":["aranceles","EE.UU","latinoamerica","Trump"],"articleSection":["Medios aliados"],"inLanguage":"es","potentialAction":[{"@type":"CommentAction","name":"Comment","target":["https:\/\/hueleaazufre.com\/wordpress_a\/index.php\/2025\/04\/07\/aranceles-los-coletazos-del-huracan-arancelario-de-trump-en-latinoamerica\/#respond"]}]},{"@type":"WebPage","@id":"https:\/\/hueleaazufre.com\/wordpress_a\/index.php\/2025\/04\/07\/aranceles-los-coletazos-del-huracan-arancelario-de-trump-en-latinoamerica\/","url":"https:\/\/hueleaazufre.com\/wordpress_a\/index.php\/2025\/04\/07\/aranceles-los-coletazos-del-huracan-arancelario-de-trump-en-latinoamerica\/","name":"Los coletazos del 'hurac\u00e1n' arancelario de Trump en Latinoam\u00e9rica -","isPartOf":{"@id":"https:\/\/hueleaazufre.com\/wordpress_a\/#website"},"primaryImageOfPage":{"@id":"https:\/\/hueleaazufre.com\/wordpress_a\/index.php\/2025\/04\/07\/aranceles-los-coletazos-del-huracan-arancelario-de-trump-en-latinoamerica\/#primaryimage"},"image":{"@id":"https:\/\/hueleaazufre.com\/wordpress_a\/index.php\/2025\/04\/07\/aranceles-los-coletazos-del-huracan-arancelario-de-trump-en-latinoamerica\/#primaryimage"},"thumbnailUrl":"https:\/\/hueleaazufre.com\/wordpress_a\/wp-content\/uploads\/2025\/04\/3a.webp","datePublished":"2025-04-07T21:03:29+00:00","dateModified":"2025-04-07T21:08:08+00:00","author":{"@id":"https:\/\/hueleaazufre.com\/wordpress_a\/#\/schema\/person\/549dd871707ea7f9f1a686323ebe9baa"},"description":"Aranceles. Algunas bolsas de valores despiertan el inter\u00e9s de los inversores, mientras otros mercados ven amenazados varios sectores clave","breadcrumb":{"@id":"https:\/\/hueleaazufre.com\/wordpress_a\/index.php\/2025\/04\/07\/aranceles-los-coletazos-del-huracan-arancelario-de-trump-en-latinoamerica\/#breadcrumb"},"inLanguage":"es","potentialAction":[{"@type":"ReadAction","target":["https:\/\/hueleaazufre.com\/wordpress_a\/index.php\/2025\/04\/07\/aranceles-los-coletazos-del-huracan-arancelario-de-trump-en-latinoamerica\/"]}]},{"@type":"ImageObject","inLanguage":"es","@id":"https:\/\/hueleaazufre.com\/wordpress_a\/index.php\/2025\/04\/07\/aranceles-los-coletazos-del-huracan-arancelario-de-trump-en-latinoamerica\/#primaryimage","url":"https:\/\/hueleaazufre.com\/wordpress_a\/wp-content\/uploads\/2025\/04\/3a.webp","contentUrl":"https:\/\/hueleaazufre.com\/wordpress_a\/wp-content\/uploads\/2025\/04\/3a.webp","width":1104,"height":622,"caption":"\u00a0aranceles\u00a0"},{"@type":"BreadcrumbList","@id":"https:\/\/hueleaazufre.com\/wordpress_a\/index.php\/2025\/04\/07\/aranceles-los-coletazos-del-huracan-arancelario-de-trump-en-latinoamerica\/#breadcrumb","itemListElement":[{"@type":"ListItem","position":1,"name":"Portada","item":"https:\/\/hueleaazufre.com\/wordpress_a\/"},{"@type":"ListItem","position":2,"name":"Los coletazos del &#8216;hurac\u00e1n&#8217; arancelario de Trump en Latinoam\u00e9rica"}]},{"@type":"WebSite","@id":"https:\/\/hueleaazufre.com\/wordpress_a\/#website","url":"https:\/\/hueleaazufre.com\/wordpress_a\/","name":"","description":"Huele a azufre es una plataforma digital de an\u00e1lisis geopol\u00edtico.","potentialAction":[{"@type":"SearchAction","target":{"@type":"EntryPoint","urlTemplate":"https:\/\/hueleaazufre.com\/wordpress_a\/?s={search_term_string}"},"query-input":{"@type":"PropertyValueSpecification","valueRequired":true,"valueName":"search_term_string"}}],"inLanguage":"es"},{"@type":"Person","@id":"https:\/\/hueleaazufre.com\/wordpress_a\/#\/schema\/person\/549dd871707ea7f9f1a686323ebe9baa","name":"Huele a azufre","image":{"@type":"ImageObject","inLanguage":"es","@id":"https:\/\/secure.gravatar.com\/avatar\/e972d5c124b9bf80eb4c9d322a90dd86a59d447f5da36700a77516f13637d44e?s=96&d=mm&r=g","url":"https:\/\/secure.gravatar.com\/avatar\/e972d5c124b9bf80eb4c9d322a90dd86a59d447f5da36700a77516f13637d44e?s=96&d=mm&r=g","contentUrl":"https:\/\/secure.gravatar.com\/avatar\/e972d5c124b9bf80eb4c9d322a90dd86a59d447f5da36700a77516f13637d44e?s=96&d=mm&r=g","caption":"Huele a azufre"},"description":"Huele a azufre es una plataforma digital de an\u00e1lisis geopol\u00edtico\u00a0 contrahegem\u00f3nico, que busca visibilizar las voces y los discursos silenciados por el poder medi\u00e1tico.","sameAs":["https:\/\/hueleaazufre.com\/wordpress_a"],"url":"https:\/\/hueleaazufre.com\/wordpress_a\/index.php\/author\/admin_tupapa\/"}]}},"_links":{"self":[{"href":"https:\/\/hueleaazufre.com\/wordpress_a\/index.php\/wp-json\/wp\/v2\/posts\/2335","targetHints":{"allow":["GET"]}}],"collection":[{"href":"https:\/\/hueleaazufre.com\/wordpress_a\/index.php\/wp-json\/wp\/v2\/posts"}],"about":[{"href":"https:\/\/hueleaazufre.com\/wordpress_a\/index.php\/wp-json\/wp\/v2\/types\/post"}],"author":[{"embeddable":true,"href":"https:\/\/hueleaazufre.com\/wordpress_a\/index.php\/wp-json\/wp\/v2\/users\/1"}],"replies":[{"embeddable":true,"href":"https:\/\/hueleaazufre.com\/wordpress_a\/index.php\/wp-json\/wp\/v2\/comments?post=2335"}],"version-history":[{"count":3,"href":"https:\/\/hueleaazufre.com\/wordpress_a\/index.php\/wp-json\/wp\/v2\/posts\/2335\/revisions"}],"predecessor-version":[{"id":2339,"href":"https:\/\/hueleaazufre.com\/wordpress_a\/index.php\/wp-json\/wp\/v2\/posts\/2335\/revisions\/2339"}],"wp:featuredmedia":[{"embeddable":true,"href":"https:\/\/hueleaazufre.com\/wordpress_a\/index.php\/wp-json\/wp\/v2\/media\/2336"}],"wp:attachment":[{"href":"https:\/\/hueleaazufre.com\/wordpress_a\/index.php\/wp-json\/wp\/v2\/media?parent=2335"}],"wp:term":[{"taxonomy":"category","embeddable":true,"href":"https:\/\/hueleaazufre.com\/wordpress_a\/index.php\/wp-json\/wp\/v2\/categories?post=2335"},{"taxonomy":"post_tag","embeddable":true,"href":"https:\/\/hueleaazufre.com\/wordpress_a\/index.php\/wp-json\/wp\/v2\/tags?post=2335"}],"curies":[{"name":"wp","href":"https:\/\/api.w.org\/{rel}","templated":true}]}}