{"id":2348,"date":"2025-04-09T22:56:56","date_gmt":"2025-04-09T22:56:56","guid":{"rendered":"https:\/\/hueleaazufre.com\/wordpress_a\/?p=2348"},"modified":"2025-04-09T22:56:56","modified_gmt":"2025-04-09T22:56:56","slug":"efecto-trump-el-mercosur-se-vuelve-mas-atractivo-para-la-union-europea","status":"publish","type":"post","link":"https:\/\/hueleaazufre.com\/wordpress_a\/index.php\/2025\/04\/09\/efecto-trump-el-mercosur-se-vuelve-mas-atractivo-para-la-union-europea\/","title":{"rendered":"Efecto Trump: \u00bfel Mercosur se vuelve m\u00e1s atractivo para la Uni\u00f3n Europea?"},"content":{"rendered":"<div class=\"article__header\">\n<div class=\"article__announce-text\">Los aranceles impuestos por EEUU llevaron a varios l\u00edderes de la Uni\u00f3n Europea a reflotar la urgencia por aprobar el acuerdo de libre comercio con el Mercosur. Analistas consultados por Sputnik se\u00f1alaron que podr\u00eda ser una \u00abgran oportunidad\u00bb para el bloque sudamericano, aunque Europa podr\u00eda verlo solo como un \u00abactor de reparto\u00bb.<\/div>\n<div><\/div>\n<\/div>\n<div class=\"article__body\">\n<div class=\"article__block\" data-type=\"text\">\n<div class=\"article__text\">El\u00a0<a href=\"https:\/\/noticiaslatam.lat\/20250408\/la-confrontacion-economica-entre-china-y-eeuu-puede-llegar-a-un-punto-muerto-estrategico-1161939902.html\" target=\"_blank\" rel=\"noopener\">escenario de \u00abguerra comercial\u00bb desatado por los aranceles<\/a>\u00a0anunciados por EEUU\u00a0<strong>podr\u00eda convertir al aplazado acuerdo de libre comercio con el Mercosur<\/strong>, en una prioridad para una Uni\u00f3n Europea necesitada de nuevos mercados. Al menos eso podr\u00eda decirse luego de que la presidenta de la Comisi\u00f3n Europea, Ursula von der Leyen, colocara al bloque sudamericano como uno de los ejes de su nuevo foco comercial.<\/div>\n<\/div>\n<div class=\"article__block\" data-type=\"text\">\n<div class=\"article__text\">\u00ab<strong>Nos centraremos en el 83% del comercio global m\u00e1s all\u00e1 de EEUU<\/strong>\u00ab, asever\u00f3 la jerarca europea, se\u00f1alando a los acuerdos con Suiza, M\u00e9xico y el Mercosur como ejemplos de campos a profundizar por el bloque europeo. Las palabras de Von der Leyen coinciden con algunas muestras de inter\u00e9s recientes, como la del ministro de Econom\u00eda de Espa\u00f1a, Carlos Cuerpo, de terminar de ratificar el acuerdo antes del final de 2025 o recientes apoyos de los gobiernos de Suecia y Finlandia.<\/div>\n<\/div>\n<div class=\"article__block\" data-type=\"quote\">\n<div class=\"article__quote\">\n<div class=\"article__quote-bg\">\n<div class=\"article__quote-bg-line\"><\/div>\n<\/div>\n<div class=\"article__quote-text\">\u00abClaramente ya es una pol\u00edtica oficial de la Uni\u00f3n Europea acelerar el acuerdo con el Mercosur porque todo el mundo es conteste de que este tipo de acuerdos pasan a ser centrales en estos momentos\u00bb, dijo a Sputnik el economista y analista comercial argentino Miguel Ponce.<\/div>\n<div class=\"article__quote-info\">\n<div class=\"elem-info\">\n<div class=\"elem-info__share\">\n<div class=\"share m-active\" data-id=\"1161949825\" data-url=\"https:\/\/noticiaslatam.lat\/20250409\/efecto-trump-el-mercosur-se-vuelve-mas-atractivo-para-la-union-europea-1161949825.html?share-block=1161949828\" data-title=\"&quot;Claramente ya es una pol\u00edtica oficial de la Uni\u00f3n Europea acelerar el acuerdo con el Mercosur porque todo el mundo es conteste de que este tipo de acuerdos pasan a ser centrales en estos momentos&quot;, dijo a Sputnik el economista y analista comercial argentino Miguel Ponce.\"><\/div>\n<\/div>\n<\/div>\n<\/div>\n<\/div>\n<\/div>\n<div class=\"article__block\" data-type=\"text\">\n<div class=\"article__text\">Para el experto, la Uni\u00f3n Europea reconoce la \u00aburgencia\u00bb de que el acuerdo con el Mercosur entre en vigencia debido a que los aranceles impuestos por EEUU generar\u00e1n la necesidad de\u00a0<strong>colocar en otros mercados los productos que el mundo ya no logre vender<\/strong>\u00a0a la plaza estadounidense.<\/div>\n<\/div>\n<div class=\"article__block\" data-type=\"text\">\n<div class=\"article__text\">Al mismo tiempo, se\u00f1al\u00f3 Ponce, la UE sabe que las restricciones estadounidenses\u00a0<strong>provocar\u00e1n \u00abun sobrante de\u00a0<em>stock<\/em>\u00bb de productos chinos<\/strong>\u00a0que el gigante asi\u00e1tico querr\u00e1 redirigir principalmente a los mercados de Europa y de Am\u00e9rica Latina.<\/div>\n<\/div>\n<div class=\"article__block\" data-type=\"article\" data-article=\"main-photo\">\n<div class=\"article__article m-image\"><a class=\"article__article-image\" title=\"El Mercosur &quot;debe hacer una revisi\u00f3n&quot; de su postura hacia EEUU tras aranceles de Trump\" href=\"https:\/\/noticiaslatam.lat\/20250405\/el-mercosur-debe-hacer-una-revision-de-su-postura-hacia-eeuu-tras-aranceles-de-trump-1161884323.html\"><img fetchpriority=\"high\" decoding=\"async\" class=\"\" title=\"Mercosur \" src=\"https:\/\/cdn.img.noticiaslatam.lat\/img\/07e7\/01\/18\/1134989317_0:313:2272:1222_1920x0_80_0_0_cec9e7c588052f823d95403605e88e7a.jpg.webp\" srcset=\"https:\/\/cdn.img.noticiaslatam.lat\/img\/07e7\/01\/18\/1134989317_0:313:2272:1222_640x0_80_0_0_2305f3cfdab71bdc4daf9d730fdaebf7.jpg.webp 640w,https:\/\/cdn.img.noticiaslatam.lat\/img\/07e7\/01\/18\/1134989317_0:313:2272:1222_1280x0_80_0_0_63cfb2960cdaaa6bf6f9fea87ac19ce1.jpg.webp 1280w,https:\/\/cdn.img.noticiaslatam.lat\/img\/07e7\/01\/18\/1134989317_0:313:2272:1222_1920x0_80_0_0_cec9e7c588052f823d95403605e88e7a.jpg.webp 1920w\" alt=\"Mercosur  - Sputnik Mundo, 1920, 05.04.2025\" width=\"1920\" height=\"768\" data-source-sid=\"cc_by_20\" data-srcset=\"https:\/\/cdn.img.noticiaslatam.lat\/img\/07e7\/01\/18\/1134989317_0:313:2272:1222_640x0_80_0_0_2305f3cfdab71bdc4daf9d730fdaebf7.jpg.webp 640w,https:\/\/cdn.img.noticiaslatam.lat\/img\/07e7\/01\/18\/1134989317_0:313:2272:1222_1280x0_80_0_0_63cfb2960cdaaa6bf6f9fea87ac19ce1.jpg.webp 1280w,https:\/\/cdn.img.noticiaslatam.lat\/img\/07e7\/01\/18\/1134989317_0:313:2272:1222_1920x0_80_0_0_cec9e7c588052f823d95403605e88e7a.jpg.webp 1920w\" \/><\/a><\/p>\n<div class=\"article__article-desc\">\n<div class=\"article__article-rubric\"><a title=\"Am\u00e9rica Latina\" href=\"https:\/\/noticiaslatam.lat\/america-latina\/\">Am\u00e9rica Latina<\/a><\/div>\n<p><a class=\"article__article-title\" title=\"El Mercosur &quot;debe hacer una revisi\u00f3n&quot; de su postura hacia EEUU tras aranceles de Trump\" href=\"https:\/\/noticiaslatam.lat\/20250405\/el-mercosur-debe-hacer-una-revision-de-su-postura-hacia-eeuu-tras-aranceles-de-trump-1161884323.html\">El Mercosur \u00abdebe hacer una revisi\u00f3n\u00bb de su postura hacia EEUU tras aranceles de Trump<\/a><\/div>\n<div class=\"article__article-info\" data-type=\"article\">\n<div class=\"elem-info\">\n<div class=\"elem-info__date convert-date m-active\" data-unixtime=\"1743838320\">5 de abril, 07:32 GMT<\/div>\n<div class=\"elem-info__share\">\n<div class=\"share m-active\" data-id=\"1161884323\" data-url=\"https:\/\/noticiaslatam.lat\/20250405\/el-mercosur-debe-hacer-una-revision-de-su-postura-hacia-eeuu-tras-aranceles-de-trump-1161884323.html\" data-title=\"El Mercosur &quot;debe hacer una revisi\u00f3n&quot; de su postura hacia EEUU tras aranceles de Trump\"><\/div>\n<\/div>\n<\/div>\n<\/div>\n<\/div>\n<\/div>\n<div class=\"article__block\" data-type=\"text\">\n<div class=\"article__text\">Por eso, Ponce consider\u00f3 que el presidente argentino, Javier Milei, se encuentra ante una \u00aboportunidad\u00bb hist\u00f3rica de dar ese paso, dado que hasta junio de 2025 mantendr\u00e1 la presidencia pro tempore del bloque sudamericano. En ese sentido, r<strong>emarc\u00f3 que Europa podr\u00eda \u00ababsorber\u00bb algunas de las exportaciones que dejen de ingresar a EEUU<\/strong>.<\/div>\n<\/div>\n<div class=\"article__block\" data-type=\"text\">\n<div class=\"article__text\">Tambi\u00e9n consultado por Sputnik, el analista internacional argentino Juan Alberto Rial coincidi\u00f3 en el que nuevo escenario parece haber generado \u00ab<strong>un inter\u00e9s mayor que el que exist\u00eda hace unos a\u00f1os\u00bb en algunos pa\u00edses europeos<\/strong>. Para el experto, el Mercosur ser\u00eda \u00abun socio ideal\u00bb para la Uni\u00f3n Europea, en tanto se trata de \u00abeconom\u00edas complementarias\u00bb, conectando el potencial industrial europeo con las\u00a0<em>commodities<\/em>\u00a0producidas en los pa\u00edses del Mercosur.<\/div>\n<\/div>\n<div class=\"article__block\" data-type=\"text\">\n<div class=\"article__text\">Sin embargo, se mostr\u00f3 menos optimista en relaci\u00f3n con un cambio sustancial en la postura europea, se\u00f1alando que \u00ab<strong>el peso de los obst\u00e1culos sigue siendo mayor que el de los incentivos<\/strong>\u00ab.<\/div>\n<\/div>\n<div class=\"article__block\" data-type=\"quote\">\n<div class=\"article__quote\">\n<div class=\"article__quote-bg\">\n<div class=\"article__quote-bg-line\"><\/div>\n<\/div>\n<div class=\"article__quote-text\">\u00abEl de Francia sigue siendo el obst\u00e1culo m\u00e1s importante y va a ser muy dif\u00edcil que esa conducta se modifique. Hay un fort\u00edsimo lobby del sector agropecuario que impide que algunos de los socios principales de la UE levanten la mano el d\u00eda que se busque la ratificaci\u00f3n del acuerdo\u00bb, explic\u00f3.<\/div>\n<div class=\"article__quote-info\">\n<div class=\"elem-info\">\n<div class=\"elem-info__share\">\n<div class=\"share m-active\" data-id=\"1161949825\" data-url=\"https:\/\/noticiaslatam.lat\/20250409\/efecto-trump-el-mercosur-se-vuelve-mas-atractivo-para-la-union-europea-1161949825.html?share-block=1161949835\" data-title=\"&quot;El de Francia sigue siendo el obst\u00e1culo m\u00e1s importante y va a ser muy dif\u00edcil que esa conducta se modifique. Hay un fort\u00edsimo lobby del sector agropecuario que impide que algunos de los socios principales de la UE levanten la mano el d\u00eda que se busque la ratificaci\u00f3n del acuerdo&quot;, explic\u00f3.\"><\/div>\n<\/div>\n<\/div>\n<\/div>\n<\/div>\n<\/div>\n<div class=\"article__block\" data-type=\"text\">\n<div class=\"article__text\">Si bien admiti\u00f3 el problema del rechazo franc\u00e9s, Ponce record\u00f3 que el propio ministro de Econom\u00eda franc\u00e9s, \u00c9ric Lombard, se\u00f1al\u00f3 a comienzos de abril la necesidad de \u00ab<strong>acelerar las discusiones en favor del Mercosur<\/strong>\u00bb ante el escenario de aranceles estadounidenses, tras un encuentro en Par\u00eds con su par brasile\u00f1o Fernando Haddad. \u00abSi quedaban alg\u00fan tipo de dudas al respecto, ya no puede haberlas.<strong>\u00a0Es mucho m\u00e1s urgente resolver lo grueso de las diferencias que pueda haber<\/strong>\u00a0o la influencia que todav\u00eda tenga el lobby agr\u00edcola ganadero franc\u00e9s\u00bb, coment\u00f3 el economista.<\/div>\n<\/div>\n<div class=\"article__block\" data-type=\"h2\">\n<div id=\"1161949825-1161949837\" class=\"article__block-anchor\"><\/div>\n<h2 id=\"1161949825-1\" class=\"article__h2\">El Mercosur no sustituye a EEUU<\/h2>\n<\/div>\n<div class=\"article__block\" data-type=\"text\">\n<div class=\"article__text\">Rial, por su parte, insisti\u00f3 en que, a pesar de las palabras de Von der Leyen, el Mercosur no es visto por Europa como una alternativa al mercado norteamericano. \u00abEEUU es pr\u00e1cticamente el 20% del PBI global. Independientemente de que el Mercosur no es un mercado despreciable,\u00a0<strong>no tiene parang\u00f3n con EEUU<\/strong>\u00ab, enfatiz\u00f3.<\/div>\n<\/div>\n<div class=\"article__block\" data-type=\"text\">\n<div class=\"article__text\">La advertencia del analista argentino coincide con dichos de la ministra de Agricultura francesa, Annie Genevard, quien asegur\u00f3 que el acuerdo con el Mercosur \u00abno es un remedio\u00bb para los aranceles. \u00ab<strong>El Mercosur era malo ayer y sigue si\u00e9ndolo<\/strong>, en mi opini\u00f3n, para los cruciales sectores agr\u00edcola y agroalimentario de nuestro pa\u00eds\u00bb, afirm\u00f3 la jerarca en declaraciones a\u00a0<em>Radio J<\/em>\u00a0consignadas por\u00a0<em>AFP<\/em>.<\/div>\n<\/div>\n<div class=\"article__block\" data-type=\"article\" data-article=\"main-photo\">\n<div class=\"article__article m-image\"><a class=\"article__article-image\" title=\"\u00bfCu\u00e1l es la mejor defensa ante los aranceles de Washington? Sheinbaum tiene la respuesta\" href=\"https:\/\/noticiaslatam.lat\/20250406\/cual-es-la-mejor-defensa-ante-los-aranceles-de-washington-sheinbaum-tiene-la-respuesta-1161899893.html\"><img decoding=\"async\" class=\"\" title=\"Claudia Sheinbaum, presidenta de M\u00e9xico\" src=\"https:\/\/cdn.img.noticiaslatam.lat\/img\/07e9\/04\/06\/1161899738_0:84:1500:684_1920x0_80_0_0_b13c0e7a122102a7262d5f22261d8e3f.jpg.webp\" srcset=\"https:\/\/cdn.img.noticiaslatam.lat\/img\/07e9\/04\/06\/1161899738_0:84:1500:684_640x0_80_0_0_a52f9848b3f98d17c4e45cc38b7fcd1f.jpg.webp 640w,https:\/\/cdn.img.noticiaslatam.lat\/img\/07e9\/04\/06\/1161899738_0:84:1500:684_1280x0_80_0_0_876c62307154e2659d7d04c6de6c93cc.jpg.webp 1280w,https:\/\/cdn.img.noticiaslatam.lat\/img\/07e9\/04\/06\/1161899738_0:84:1500:684_1920x0_80_0_0_b13c0e7a122102a7262d5f22261d8e3f.jpg.webp 1920w\" alt=\"Claudia Sheinbaum, presidenta de M\u00e9xico - Sputnik Mundo, 1920, 06.04.2025\" width=\"1920\" height=\"768\" data-source-sid=\"not_sputnik_photo\" data-srcset=\"https:\/\/cdn.img.noticiaslatam.lat\/img\/07e9\/04\/06\/1161899738_0:84:1500:684_640x0_80_0_0_a52f9848b3f98d17c4e45cc38b7fcd1f.jpg.webp 640w,https:\/\/cdn.img.noticiaslatam.lat\/img\/07e9\/04\/06\/1161899738_0:84:1500:684_1280x0_80_0_0_876c62307154e2659d7d04c6de6c93cc.jpg.webp 1280w,https:\/\/cdn.img.noticiaslatam.lat\/img\/07e9\/04\/06\/1161899738_0:84:1500:684_1920x0_80_0_0_b13c0e7a122102a7262d5f22261d8e3f.jpg.webp 1920w\" \/><\/a><\/p>\n<div class=\"article__article-desc\">\n<div class=\"article__article-rubric\"><a title=\"Am\u00e9rica Latina\" href=\"https:\/\/noticiaslatam.lat\/america-latina\/\">Am\u00e9rica Latina<\/a><\/div>\n<p><a class=\"article__article-title\" title=\"\u00bfCu\u00e1l es la mejor defensa ante los aranceles de Washington? Sheinbaum tiene la respuesta\" href=\"https:\/\/noticiaslatam.lat\/20250406\/cual-es-la-mejor-defensa-ante-los-aranceles-de-washington-sheinbaum-tiene-la-respuesta-1161899893.html\">\u00bfCu\u00e1l es la mejor defensa ante los aranceles de Washington? Sheinbaum tiene la respuesta<\/a><\/div>\n<div class=\"article__article-info\" data-type=\"article\">\n<div class=\"elem-info\">\n<div class=\"elem-info__date convert-date m-active\" data-unixtime=\"1743909420\">6 de abril, 03:17 GMT<\/div>\n<div class=\"elem-info__share\">\n<div class=\"share m-active\" data-id=\"1161899893\" data-url=\"https:\/\/noticiaslatam.lat\/20250406\/cual-es-la-mejor-defensa-ante-los-aranceles-de-washington-sheinbaum-tiene-la-respuesta-1161899893.html\" data-title=\"\u00bfCu\u00e1l es la mejor defensa ante los aranceles de Washington? Sheinbaum tiene la respuesta\"><\/div>\n<\/div>\n<\/div>\n<\/div>\n<\/div>\n<\/div>\n<div class=\"article__block\" data-type=\"text\">\n<div class=\"article__text\">Por eso, Rial entiende que lo m\u00e1s probable es que<strong>\u00a0los esfuerzos europeos se centren mucho m\u00e1s en mejorar su v\u00ednculo con Washington<\/strong>\u00a0que en \u00absustituir\u00bb su potencial con mercados alternativos.<\/div>\n<\/div>\n<div class=\"article__block\" data-type=\"quote\">\n<div class=\"article__quote\">\n<div class=\"article__quote-bg\">\n<div class=\"article__quote-bg-line\"><\/div>\n<\/div>\n<div class=\"article__quote-text\">\u00abIndependientemente que el Mercosur parezca m\u00e1s atractivo, en estos momentos la Uni\u00f3n Europea va a tratar de recuperar el socio natural que tiene en EEUU y no pagar los costos de una guerra comercial abierta a escala global\u00bb, sostuvo el analista internacional.<\/div>\n<div class=\"article__quote-info\">\n<div class=\"elem-info\">\n<div class=\"elem-info__share\">\n<div class=\"share m-active\" data-id=\"1161949825\" data-url=\"https:\/\/noticiaslatam.lat\/20250409\/efecto-trump-el-mercosur-se-vuelve-mas-atractivo-para-la-union-europea-1161949825.html?share-block=1161949842\" data-title=\"&quot;Independientemente que el Mercosur parezca m\u00e1s atractivo, en estos momentos la Uni\u00f3n Europea va a tratar de recuperar el socio natural que tiene en EEUU y no pagar los costos de una guerra comercial abierta a escala global&quot;, sostuvo el analista internacional.\"><\/div>\n<\/div>\n<\/div>\n<\/div>\n<\/div>\n<\/div>\n<div class=\"article__block\" data-type=\"text\">\n<div class=\"article__text\">As\u00ed las cosas, Rial consider\u00f3 que\u00a0<strong>el Mercosur no ha dejado de ser un \u00abactor de reparto\u00bb<\/strong>\u00a0o \u00aben el peor de los casos una carta de intercambio\u00bb en la estrategia de europea por no perder la sinton\u00eda con Washington.<\/div>\n<\/div>\n<div class=\"article__block\" data-type=\"text\">\n<div class=\"article__text\">Ponce, en tanto, remarc\u00f3 que el Mercosur tampoco deber\u00eda quedarse esperando \u00fanicamente por Europa, sino tambi\u00e9n \u00ab<strong>tirar l\u00edneas hacia el lado de los BRICS y de \u00c1frica<\/strong>\u00bb como mercados emergentes en medio de la incertidumbre global. Asimismo, opin\u00f3 que el bloque sudamericano \u00ab<strong>hacer esfuerzos por mejorar su funcionamiento interno<\/strong>\u00ab, alejando los fantasmas sobre que el bloque es una traba para el comercio de sus integrantes.<\/div>\n<\/div>\n<div class=\"article__block\" data-type=\"text\">\n<div class=\"article__text\">Rial apunt\u00f3, en una l\u00ednea similar, que el Mercosur debe poner como \u00abprimer rengl\u00f3n en su agenda\u00bb su propia \u00absupervivencia\u00bb, levantando la tensi\u00f3n generada entre sus gobiernos. Si bien subray\u00f3 que es \u00abpoco probable\u00bb que Argentina abandone el bloque, afirm\u00f3 que el Mercosur deber\u00eda\u00a0<strong>emprender un proceso de \u00abmodernizaci\u00f3n y flexibilizaci\u00f3n\u00bb<\/strong>\u00a0que no destruya el acuerdo, pero s\u00ed lo haga \u00abcompetitivo\u00bb.<\/div>\n<\/div>\n<\/div>\n<div><\/div>\n<div><\/div>\n<div><a href=\"https:\/\/noticiaslatam.lat\/author_pintado_sergio\/\"><strong>Fuente: Sputnik\/Sergio Pintado<\/strong><\/a><\/div>\n","protected":false},"excerpt":{"rendered":"<p>Los aranceles impuestos por EEUU llevaron a varios l\u00edderes de la Uni\u00f3n Europea a reflotar&#8230;<\/p>\n","protected":false},"author":1,"featured_media":2349,"comment_status":"open","ping_status":"closed","sticky":false,"template":"","format":"standard","meta":{"footnotes":""},"categories":[70],"tags":[89,360,513],"class_list":["post-2348","post","type-post","status-publish","format-standard","has-post-thumbnail","hentry","category-otras-voces","tag-ee-uu","tag-europa","tag-mercosur"],"yoast_head":"<!-- This site is optimized with the Yoast SEO plugin v27.5 - https:\/\/yoast.com\/product\/yoast-seo-wordpress\/ -->\n<title>Efecto Trump: \u00bfel Mercosur se vuelve m\u00e1s atractivo para la Uni\u00f3n Europea? -<\/title>\n<meta name=\"description\" content=\"El\u00a0escenario de &quot;guerra comercial&quot; desatado por los aranceles\u00a0anunciados por EEUU\u00a0podr\u00eda convertir al aplazado acuerdo de libre comercio con el Mercosur, en una prioridad para una Uni\u00f3n Europea.\" \/>\n<meta name=\"robots\" content=\"index, follow, max-snippet:-1, max-image-preview:large, max-video-preview:-1\" \/>\n<link rel=\"canonical\" href=\"https:\/\/hueleaazufre.com\/wordpress_a\/index.php\/2025\/04\/09\/efecto-trump-el-mercosur-se-vuelve-mas-atractivo-para-la-union-europea\/\" \/>\n<meta property=\"og:locale\" content=\"es_ES\" \/>\n<meta property=\"og:type\" content=\"article\" \/>\n<meta property=\"og:title\" content=\"Efecto Trump: \u00bfel Mercosur se vuelve m\u00e1s atractivo para la Uni\u00f3n Europea? -\" \/>\n<meta property=\"og:description\" content=\"El\u00a0escenario de &quot;guerra comercial&quot; desatado por los aranceles\u00a0anunciados por EEUU\u00a0podr\u00eda convertir al aplazado acuerdo de libre comercio con el Mercosur, en una prioridad para una Uni\u00f3n Europea.\" \/>\n<meta property=\"og:url\" content=\"https:\/\/hueleaazufre.com\/wordpress_a\/index.php\/2025\/04\/09\/efecto-trump-el-mercosur-se-vuelve-mas-atractivo-para-la-union-europea\/\" \/>\n<meta property=\"article:published_time\" content=\"2025-04-09T22:56:56+00:00\" \/>\n<meta property=\"og:image\" content=\"https:\/\/hueleaazufre.com\/wordpress_a\/wp-content\/uploads\/2025\/04\/3a-1.webp\" \/>\n\t<meta property=\"og:image:width\" content=\"589\" \/>\n\t<meta property=\"og:image:height\" content=\"900\" \/>\n\t<meta property=\"og:image:type\" content=\"image\/webp\" \/>\n<meta name=\"author\" content=\"Huele a azufre\" \/>\n<meta name=\"twitter:card\" content=\"summary_large_image\" \/>\n<meta name=\"twitter:label1\" content=\"Escrito por\" \/>\n\t<meta name=\"twitter:data1\" content=\"Huele a azufre\" \/>\n\t<meta name=\"twitter:label2\" content=\"Tiempo de lectura\" \/>\n\t<meta name=\"twitter:data2\" content=\"6 minutos\" \/>\n<script type=\"application\/ld+json\" class=\"yoast-schema-graph\">{\"@context\":\"https:\\\/\\\/schema.org\",\"@graph\":[{\"@type\":\"Article\",\"@id\":\"https:\\\/\\\/hueleaazufre.com\\\/wordpress_a\\\/index.php\\\/2025\\\/04\\\/09\\\/efecto-trump-el-mercosur-se-vuelve-mas-atractivo-para-la-union-europea\\\/#article\",\"isPartOf\":{\"@id\":\"https:\\\/\\\/hueleaazufre.com\\\/wordpress_a\\\/index.php\\\/2025\\\/04\\\/09\\\/efecto-trump-el-mercosur-se-vuelve-mas-atractivo-para-la-union-europea\\\/\"},\"author\":{\"name\":\"Huele a azufre\",\"@id\":\"https:\\\/\\\/hueleaazufre.com\\\/wordpress_a\\\/#\\\/schema\\\/person\\\/549dd871707ea7f9f1a686323ebe9baa\"},\"headline\":\"Efecto Trump: \u00bfel Mercosur se vuelve m\u00e1s atractivo para la Uni\u00f3n Europea?\",\"datePublished\":\"2025-04-09T22:56:56+00:00\",\"mainEntityOfPage\":{\"@id\":\"https:\\\/\\\/hueleaazufre.com\\\/wordpress_a\\\/index.php\\\/2025\\\/04\\\/09\\\/efecto-trump-el-mercosur-se-vuelve-mas-atractivo-para-la-union-europea\\\/\"},\"wordCount\":1113,\"commentCount\":0,\"image\":{\"@id\":\"https:\\\/\\\/hueleaazufre.com\\\/wordpress_a\\\/index.php\\\/2025\\\/04\\\/09\\\/efecto-trump-el-mercosur-se-vuelve-mas-atractivo-para-la-union-europea\\\/#primaryimage\"},\"thumbnailUrl\":\"https:\\\/\\\/hueleaazufre.com\\\/wordpress_a\\\/wp-content\\\/uploads\\\/2025\\\/04\\\/3a-1.webp\",\"keywords\":[\"EE.UU\",\"Europa\",\"Mercosur\"],\"articleSection\":[\"Otras voces\"],\"inLanguage\":\"es\",\"potentialAction\":[{\"@type\":\"CommentAction\",\"name\":\"Comment\",\"target\":[\"https:\\\/\\\/hueleaazufre.com\\\/wordpress_a\\\/index.php\\\/2025\\\/04\\\/09\\\/efecto-trump-el-mercosur-se-vuelve-mas-atractivo-para-la-union-europea\\\/#respond\"]}]},{\"@type\":\"WebPage\",\"@id\":\"https:\\\/\\\/hueleaazufre.com\\\/wordpress_a\\\/index.php\\\/2025\\\/04\\\/09\\\/efecto-trump-el-mercosur-se-vuelve-mas-atractivo-para-la-union-europea\\\/\",\"url\":\"https:\\\/\\\/hueleaazufre.com\\\/wordpress_a\\\/index.php\\\/2025\\\/04\\\/09\\\/efecto-trump-el-mercosur-se-vuelve-mas-atractivo-para-la-union-europea\\\/\",\"name\":\"Efecto Trump: \u00bfel Mercosur se vuelve m\u00e1s atractivo para la Uni\u00f3n Europea? -\",\"isPartOf\":{\"@id\":\"https:\\\/\\\/hueleaazufre.com\\\/wordpress_a\\\/#website\"},\"primaryImageOfPage\":{\"@id\":\"https:\\\/\\\/hueleaazufre.com\\\/wordpress_a\\\/index.php\\\/2025\\\/04\\\/09\\\/efecto-trump-el-mercosur-se-vuelve-mas-atractivo-para-la-union-europea\\\/#primaryimage\"},\"image\":{\"@id\":\"https:\\\/\\\/hueleaazufre.com\\\/wordpress_a\\\/index.php\\\/2025\\\/04\\\/09\\\/efecto-trump-el-mercosur-se-vuelve-mas-atractivo-para-la-union-europea\\\/#primaryimage\"},\"thumbnailUrl\":\"https:\\\/\\\/hueleaazufre.com\\\/wordpress_a\\\/wp-content\\\/uploads\\\/2025\\\/04\\\/3a-1.webp\",\"datePublished\":\"2025-04-09T22:56:56+00:00\",\"author\":{\"@id\":\"https:\\\/\\\/hueleaazufre.com\\\/wordpress_a\\\/#\\\/schema\\\/person\\\/549dd871707ea7f9f1a686323ebe9baa\"},\"description\":\"El\u00a0escenario de \\\"guerra comercial\\\" desatado por los aranceles\u00a0anunciados por EEUU\u00a0podr\u00eda convertir al aplazado acuerdo de libre comercio con el Mercosur, en una prioridad para una Uni\u00f3n Europea.\",\"breadcrumb\":{\"@id\":\"https:\\\/\\\/hueleaazufre.com\\\/wordpress_a\\\/index.php\\\/2025\\\/04\\\/09\\\/efecto-trump-el-mercosur-se-vuelve-mas-atractivo-para-la-union-europea\\\/#breadcrumb\"},\"inLanguage\":\"es\",\"potentialAction\":[{\"@type\":\"ReadAction\",\"target\":[\"https:\\\/\\\/hueleaazufre.com\\\/wordpress_a\\\/index.php\\\/2025\\\/04\\\/09\\\/efecto-trump-el-mercosur-se-vuelve-mas-atractivo-para-la-union-europea\\\/\"]}]},{\"@type\":\"ImageObject\",\"inLanguage\":\"es\",\"@id\":\"https:\\\/\\\/hueleaazufre.com\\\/wordpress_a\\\/index.php\\\/2025\\\/04\\\/09\\\/efecto-trump-el-mercosur-se-vuelve-mas-atractivo-para-la-union-europea\\\/#primaryimage\",\"url\":\"https:\\\/\\\/hueleaazufre.com\\\/wordpress_a\\\/wp-content\\\/uploads\\\/2025\\\/04\\\/3a-1.webp\",\"contentUrl\":\"https:\\\/\\\/hueleaazufre.com\\\/wordpress_a\\\/wp-content\\\/uploads\\\/2025\\\/04\\\/3a-1.webp\",\"width\":589,\"height\":900},{\"@type\":\"BreadcrumbList\",\"@id\":\"https:\\\/\\\/hueleaazufre.com\\\/wordpress_a\\\/index.php\\\/2025\\\/04\\\/09\\\/efecto-trump-el-mercosur-se-vuelve-mas-atractivo-para-la-union-europea\\\/#breadcrumb\",\"itemListElement\":[{\"@type\":\"ListItem\",\"position\":1,\"name\":\"Portada\",\"item\":\"https:\\\/\\\/hueleaazufre.com\\\/wordpress_a\\\/\"},{\"@type\":\"ListItem\",\"position\":2,\"name\":\"Efecto Trump: \u00bfel Mercosur se vuelve m\u00e1s atractivo para la Uni\u00f3n Europea?\"}]},{\"@type\":\"WebSite\",\"@id\":\"https:\\\/\\\/hueleaazufre.com\\\/wordpress_a\\\/#website\",\"url\":\"https:\\\/\\\/hueleaazufre.com\\\/wordpress_a\\\/\",\"name\":\"\",\"description\":\"Huele a azufre es una plataforma digital de an\u00e1lisis geopol\u00edtico.\",\"potentialAction\":[{\"@type\":\"SearchAction\",\"target\":{\"@type\":\"EntryPoint\",\"urlTemplate\":\"https:\\\/\\\/hueleaazufre.com\\\/wordpress_a\\\/?s={search_term_string}\"},\"query-input\":{\"@type\":\"PropertyValueSpecification\",\"valueRequired\":true,\"valueName\":\"search_term_string\"}}],\"inLanguage\":\"es\"},{\"@type\":\"Person\",\"@id\":\"https:\\\/\\\/hueleaazufre.com\\\/wordpress_a\\\/#\\\/schema\\\/person\\\/549dd871707ea7f9f1a686323ebe9baa\",\"name\":\"Huele a azufre\",\"image\":{\"@type\":\"ImageObject\",\"inLanguage\":\"es\",\"@id\":\"https:\\\/\\\/secure.gravatar.com\\\/avatar\\\/e972d5c124b9bf80eb4c9d322a90dd86a59d447f5da36700a77516f13637d44e?s=96&d=mm&r=g\",\"url\":\"https:\\\/\\\/secure.gravatar.com\\\/avatar\\\/e972d5c124b9bf80eb4c9d322a90dd86a59d447f5da36700a77516f13637d44e?s=96&d=mm&r=g\",\"contentUrl\":\"https:\\\/\\\/secure.gravatar.com\\\/avatar\\\/e972d5c124b9bf80eb4c9d322a90dd86a59d447f5da36700a77516f13637d44e?s=96&d=mm&r=g\",\"caption\":\"Huele a azufre\"},\"description\":\"Huele a azufre es una plataforma digital de an\u00e1lisis geopol\u00edtico\u00a0 contrahegem\u00f3nico, que busca visibilizar las voces y los discursos silenciados por el poder medi\u00e1tico.\",\"sameAs\":[\"https:\\\/\\\/hueleaazufre.com\\\/wordpress_a\"],\"url\":\"https:\\\/\\\/hueleaazufre.com\\\/wordpress_a\\\/index.php\\\/author\\\/admin_tupapa\\\/\"}]}<\/script>\n<!-- \/ Yoast SEO plugin. -->","yoast_head_json":{"title":"Efecto Trump: \u00bfel Mercosur se vuelve m\u00e1s atractivo para la Uni\u00f3n Europea? -","description":"El\u00a0escenario de \"guerra comercial\" desatado por los aranceles\u00a0anunciados por EEUU\u00a0podr\u00eda convertir al aplazado acuerdo de libre comercio con el Mercosur, en una prioridad para una Uni\u00f3n Europea.","robots":{"index":"index","follow":"follow","max-snippet":"max-snippet:-1","max-image-preview":"max-image-preview:large","max-video-preview":"max-video-preview:-1"},"canonical":"https:\/\/hueleaazufre.com\/wordpress_a\/index.php\/2025\/04\/09\/efecto-trump-el-mercosur-se-vuelve-mas-atractivo-para-la-union-europea\/","og_locale":"es_ES","og_type":"article","og_title":"Efecto Trump: \u00bfel Mercosur se vuelve m\u00e1s atractivo para la Uni\u00f3n Europea? -","og_description":"El\u00a0escenario de \"guerra comercial\" desatado por los aranceles\u00a0anunciados por EEUU\u00a0podr\u00eda convertir al aplazado acuerdo de libre comercio con el Mercosur, en una prioridad para una Uni\u00f3n Europea.","og_url":"https:\/\/hueleaazufre.com\/wordpress_a\/index.php\/2025\/04\/09\/efecto-trump-el-mercosur-se-vuelve-mas-atractivo-para-la-union-europea\/","article_published_time":"2025-04-09T22:56:56+00:00","og_image":[{"width":589,"height":900,"url":"https:\/\/hueleaazufre.com\/wordpress_a\/wp-content\/uploads\/2025\/04\/3a-1.webp","type":"image\/webp"}],"author":"Huele a azufre","twitter_card":"summary_large_image","twitter_misc":{"Escrito por":"Huele a azufre","Tiempo de lectura":"6 minutos"},"schema":{"@context":"https:\/\/schema.org","@graph":[{"@type":"Article","@id":"https:\/\/hueleaazufre.com\/wordpress_a\/index.php\/2025\/04\/09\/efecto-trump-el-mercosur-se-vuelve-mas-atractivo-para-la-union-europea\/#article","isPartOf":{"@id":"https:\/\/hueleaazufre.com\/wordpress_a\/index.php\/2025\/04\/09\/efecto-trump-el-mercosur-se-vuelve-mas-atractivo-para-la-union-europea\/"},"author":{"name":"Huele a azufre","@id":"https:\/\/hueleaazufre.com\/wordpress_a\/#\/schema\/person\/549dd871707ea7f9f1a686323ebe9baa"},"headline":"Efecto Trump: \u00bfel Mercosur se vuelve m\u00e1s atractivo para la Uni\u00f3n Europea?","datePublished":"2025-04-09T22:56:56+00:00","mainEntityOfPage":{"@id":"https:\/\/hueleaazufre.com\/wordpress_a\/index.php\/2025\/04\/09\/efecto-trump-el-mercosur-se-vuelve-mas-atractivo-para-la-union-europea\/"},"wordCount":1113,"commentCount":0,"image":{"@id":"https:\/\/hueleaazufre.com\/wordpress_a\/index.php\/2025\/04\/09\/efecto-trump-el-mercosur-se-vuelve-mas-atractivo-para-la-union-europea\/#primaryimage"},"thumbnailUrl":"https:\/\/hueleaazufre.com\/wordpress_a\/wp-content\/uploads\/2025\/04\/3a-1.webp","keywords":["EE.UU","Europa","Mercosur"],"articleSection":["Otras voces"],"inLanguage":"es","potentialAction":[{"@type":"CommentAction","name":"Comment","target":["https:\/\/hueleaazufre.com\/wordpress_a\/index.php\/2025\/04\/09\/efecto-trump-el-mercosur-se-vuelve-mas-atractivo-para-la-union-europea\/#respond"]}]},{"@type":"WebPage","@id":"https:\/\/hueleaazufre.com\/wordpress_a\/index.php\/2025\/04\/09\/efecto-trump-el-mercosur-se-vuelve-mas-atractivo-para-la-union-europea\/","url":"https:\/\/hueleaazufre.com\/wordpress_a\/index.php\/2025\/04\/09\/efecto-trump-el-mercosur-se-vuelve-mas-atractivo-para-la-union-europea\/","name":"Efecto Trump: \u00bfel Mercosur se vuelve m\u00e1s atractivo para la Uni\u00f3n Europea? -","isPartOf":{"@id":"https:\/\/hueleaazufre.com\/wordpress_a\/#website"},"primaryImageOfPage":{"@id":"https:\/\/hueleaazufre.com\/wordpress_a\/index.php\/2025\/04\/09\/efecto-trump-el-mercosur-se-vuelve-mas-atractivo-para-la-union-europea\/#primaryimage"},"image":{"@id":"https:\/\/hueleaazufre.com\/wordpress_a\/index.php\/2025\/04\/09\/efecto-trump-el-mercosur-se-vuelve-mas-atractivo-para-la-union-europea\/#primaryimage"},"thumbnailUrl":"https:\/\/hueleaazufre.com\/wordpress_a\/wp-content\/uploads\/2025\/04\/3a-1.webp","datePublished":"2025-04-09T22:56:56+00:00","author":{"@id":"https:\/\/hueleaazufre.com\/wordpress_a\/#\/schema\/person\/549dd871707ea7f9f1a686323ebe9baa"},"description":"El\u00a0escenario de \"guerra comercial\" desatado por los aranceles\u00a0anunciados por EEUU\u00a0podr\u00eda convertir al aplazado acuerdo de libre comercio con el Mercosur, en una prioridad para una Uni\u00f3n Europea.","breadcrumb":{"@id":"https:\/\/hueleaazufre.com\/wordpress_a\/index.php\/2025\/04\/09\/efecto-trump-el-mercosur-se-vuelve-mas-atractivo-para-la-union-europea\/#breadcrumb"},"inLanguage":"es","potentialAction":[{"@type":"ReadAction","target":["https:\/\/hueleaazufre.com\/wordpress_a\/index.php\/2025\/04\/09\/efecto-trump-el-mercosur-se-vuelve-mas-atractivo-para-la-union-europea\/"]}]},{"@type":"ImageObject","inLanguage":"es","@id":"https:\/\/hueleaazufre.com\/wordpress_a\/index.php\/2025\/04\/09\/efecto-trump-el-mercosur-se-vuelve-mas-atractivo-para-la-union-europea\/#primaryimage","url":"https:\/\/hueleaazufre.com\/wordpress_a\/wp-content\/uploads\/2025\/04\/3a-1.webp","contentUrl":"https:\/\/hueleaazufre.com\/wordpress_a\/wp-content\/uploads\/2025\/04\/3a-1.webp","width":589,"height":900},{"@type":"BreadcrumbList","@id":"https:\/\/hueleaazufre.com\/wordpress_a\/index.php\/2025\/04\/09\/efecto-trump-el-mercosur-se-vuelve-mas-atractivo-para-la-union-europea\/#breadcrumb","itemListElement":[{"@type":"ListItem","position":1,"name":"Portada","item":"https:\/\/hueleaazufre.com\/wordpress_a\/"},{"@type":"ListItem","position":2,"name":"Efecto Trump: \u00bfel Mercosur se vuelve m\u00e1s atractivo para la Uni\u00f3n Europea?"}]},{"@type":"WebSite","@id":"https:\/\/hueleaazufre.com\/wordpress_a\/#website","url":"https:\/\/hueleaazufre.com\/wordpress_a\/","name":"","description":"Huele a azufre es una plataforma digital de an\u00e1lisis geopol\u00edtico.","potentialAction":[{"@type":"SearchAction","target":{"@type":"EntryPoint","urlTemplate":"https:\/\/hueleaazufre.com\/wordpress_a\/?s={search_term_string}"},"query-input":{"@type":"PropertyValueSpecification","valueRequired":true,"valueName":"search_term_string"}}],"inLanguage":"es"},{"@type":"Person","@id":"https:\/\/hueleaazufre.com\/wordpress_a\/#\/schema\/person\/549dd871707ea7f9f1a686323ebe9baa","name":"Huele a azufre","image":{"@type":"ImageObject","inLanguage":"es","@id":"https:\/\/secure.gravatar.com\/avatar\/e972d5c124b9bf80eb4c9d322a90dd86a59d447f5da36700a77516f13637d44e?s=96&d=mm&r=g","url":"https:\/\/secure.gravatar.com\/avatar\/e972d5c124b9bf80eb4c9d322a90dd86a59d447f5da36700a77516f13637d44e?s=96&d=mm&r=g","contentUrl":"https:\/\/secure.gravatar.com\/avatar\/e972d5c124b9bf80eb4c9d322a90dd86a59d447f5da36700a77516f13637d44e?s=96&d=mm&r=g","caption":"Huele a azufre"},"description":"Huele a azufre es una plataforma digital de an\u00e1lisis geopol\u00edtico\u00a0 contrahegem\u00f3nico, que busca visibilizar las voces y los discursos silenciados por el poder medi\u00e1tico.","sameAs":["https:\/\/hueleaazufre.com\/wordpress_a"],"url":"https:\/\/hueleaazufre.com\/wordpress_a\/index.php\/author\/admin_tupapa\/"}]}},"_links":{"self":[{"href":"https:\/\/hueleaazufre.com\/wordpress_a\/index.php\/wp-json\/wp\/v2\/posts\/2348","targetHints":{"allow":["GET"]}}],"collection":[{"href":"https:\/\/hueleaazufre.com\/wordpress_a\/index.php\/wp-json\/wp\/v2\/posts"}],"about":[{"href":"https:\/\/hueleaazufre.com\/wordpress_a\/index.php\/wp-json\/wp\/v2\/types\/post"}],"author":[{"embeddable":true,"href":"https:\/\/hueleaazufre.com\/wordpress_a\/index.php\/wp-json\/wp\/v2\/users\/1"}],"replies":[{"embeddable":true,"href":"https:\/\/hueleaazufre.com\/wordpress_a\/index.php\/wp-json\/wp\/v2\/comments?post=2348"}],"version-history":[{"count":1,"href":"https:\/\/hueleaazufre.com\/wordpress_a\/index.php\/wp-json\/wp\/v2\/posts\/2348\/revisions"}],"predecessor-version":[{"id":2350,"href":"https:\/\/hueleaazufre.com\/wordpress_a\/index.php\/wp-json\/wp\/v2\/posts\/2348\/revisions\/2350"}],"wp:featuredmedia":[{"embeddable":true,"href":"https:\/\/hueleaazufre.com\/wordpress_a\/index.php\/wp-json\/wp\/v2\/media\/2349"}],"wp:attachment":[{"href":"https:\/\/hueleaazufre.com\/wordpress_a\/index.php\/wp-json\/wp\/v2\/media?parent=2348"}],"wp:term":[{"taxonomy":"category","embeddable":true,"href":"https:\/\/hueleaazufre.com\/wordpress_a\/index.php\/wp-json\/wp\/v2\/categories?post=2348"},{"taxonomy":"post_tag","embeddable":true,"href":"https:\/\/hueleaazufre.com\/wordpress_a\/index.php\/wp-json\/wp\/v2\/tags?post=2348"}],"curies":[{"name":"wp","href":"https:\/\/api.w.org\/{rel}","templated":true}]}}