{"id":2355,"date":"2025-04-11T14:41:45","date_gmt":"2025-04-11T14:41:45","guid":{"rendered":"https:\/\/hueleaazufre.com\/wordpress_a\/?p=2355"},"modified":"2025-04-11T14:41:45","modified_gmt":"2025-04-11T14:41:45","slug":"maduro-reivindica-la-integracion-en-la-celac","status":"publish","type":"post","link":"https:\/\/hueleaazufre.com\/wordpress_a\/index.php\/2025\/04\/11\/maduro-reivindica-la-integracion-en-la-celac\/","title":{"rendered":"Presidente Maduro reivindica la integraci\u00f3n y la multipolaridad en la Celac"},"content":{"rendered":"<p>\u00abNo es opci\u00f3n para nuestra Am\u00e9rica un nuevo coloniaje, un nuevo esclavismo. La \u00fanica opci\u00f3n es avanzar unidos por una emancipaci\u00f3n verdadera\u00bb, fue una de las frases con las que el presidente Nicol\u00e1s Maduro\u00a0<a href=\"https:\/\/www.youtube.com\/watch?v=KGoK822j83s\" target=\"_blank\" rel=\"noopener\">particip\u00f3<\/a>\u00a0en la IX Cumbre presidencial de la Comunidad de Estados Latinoamericanos y Caribe\u00f1os (Celac).<\/p>\n<p>El mandatario, quien no asisti\u00f3 por razones de seguridad a Tegucigalpa, capital de\u00a0Honduras, emiti\u00f3 su discurso v\u00eda teleconferencia en un encuentro cuya agenda\u00a0<a href=\"https:\/\/www.nodal.am\/2025\/04\/la-celac-celebra-cumbre-en-honduras-en-un-clima-marcado-por-las-politicas-migratorias-y-comerciales-de-trump\/\" target=\"_blank\" rel=\"noopener\">estuvo marcada<\/a>\u00a0por la preocupaci\u00f3n regional ante las recientes pol\u00edticas migratorias y comerciales impulsadas por el presidente estadounidense Donald Trump. Las deportaciones masivas de migrantes desde Estados Unidos y la imposici\u00f3n de un\u00a0<a href=\"https:\/\/www.elfinanciero.com.mx\/mundo\/2025\/04\/05\/arancel-global-de-trump-entra-en-vigor-que-sabemos-de-las-tarifas-a-las-importaciones-de-eu\/\">arancel global del 10%<\/a>\u00a0a productos importados por Washington afectan a pa\u00edses de Am\u00e9rica Latina, y tambi\u00e9n a socios comerciales europeos.<\/p>\n<h3><strong>La Celac entre\u00a0<\/strong><strong>pasos y\u00a0<\/strong><strong>zarpazos<\/strong><\/h3>\n<p>Maduro hizo un recorrido sobre las cumbres previas, los avances y los intentos de zarpazos que han intentado desarticular el mecanismo intergubernamental para el di\u00e1logo y la integraci\u00f3n continental.\u00a0En el breve recorrido hist\u00f3rico, destac\u00f3 los encuentros en Salvador de Bah\u00eda (Brasil) en 2008, Canc\u00fan (M\u00e9xico) en 2010, Caracas en 2011, Santiago de Chile (2013), La Habana en 2014, Quito (2016), Santo Domingo (2017) y M\u00e9xico (2021).<\/p>\n<p>El mandatario resalt\u00f3 los retos que tiene la Celac, e inst\u00f3 a que \u00abnuestra uni\u00f3n tiene que reinventarse y adaptarse de manera creadora a los tiempos que est\u00e1n en pleno proceso de desarrollo\u00bb. Agreg\u00f3 que la uni\u00f3n en la diversidad \u00abfue posible gracias a un gran di\u00e1logo entre las distintas corrientes y proyectos de opini\u00f3n\u00bb.<\/p>\n<p>Es destacable que la Celac tuvo avances notables en un tiempo cuando muchos gobiernos de la regi\u00f3n ten\u00edan orientaci\u00f3n progresista. Sin embargo, cuando cambi\u00f3 la correlaci\u00f3n de fuerzas, los proyectos sat\u00e9lites de Estados Unidos buscaron desintegrarla y\u00a0<a href=\"https:\/\/misionverdad.com\/globalistan\/las-maniobras-de-eeuu-para-desplazar-la-celac\" target=\"_blank\" rel=\"noopener\">vaciar de sentido<\/a>\u00a0su horizonte.<\/p>\n<p>&nbsp;<\/p>\n<div class=\"media media-element-container media-article_full media-wysiwyg-align-center\">\n<div id=\"file-7597\" class=\"file file-image file-image-jpeg\">\n<h2 class=\"element-invisible\"><a href=\"https:\/\/misionverdad.com\/file\/7597\">22_ZC_L1849_P.jpg<\/a><\/h2>\n<div class=\"content\">\n<div class=\"img-file\"><img fetchpriority=\"high\" decoding=\"async\" class=\"media-element img-responsive\" src=\"https:\/\/misionverdad.com\/sites\/default\/files\/22_ZC_L1849_P.jpg\" alt=\"\" width=\"725\" height=\"576\" data-delta=\"1\" \/><\/div>\n<div class=\"img-meta\">Ante la Celac Maduro destac\u00f3 que la uni\u00f3n en la diversidad \u00abfue posible gracias a un gran di\u00e1logo entre las distintas corrientes y proyectos de opini\u00f3n\u00bb\u00a0<span class=\"photo-credit\">(Foto: Prensa Presidencial)<\/span><\/div>\n<\/div>\n<\/div>\n<\/div>\n<p>Un mecanismo creado para avanzar hacia la integraci\u00f3n regional, la unidad y equilibrio cuidadoso de la diversidad pol\u00edtica, econ\u00f3mica, social y cultural de Am\u00e9rica Latina y el Caribe, recibi\u00f3 lo que Maduro denomin\u00f3 \u00abzarpazos\u00bb.<\/p>\n<p>El Jefe de Estado\u00a0se refiri\u00f3 al\u00a0<a href=\"https:\/\/misionverdad.com\/venezuela\/lecciones-que-dejo-el-grupo-de-lima-seis-anos-de-su-creacion\" target=\"_blank\" rel=\"noopener\">Grupo de Lima<\/a>, una agrupaci\u00f3n de pa\u00edses conformada \u00abpara venir contra Venezuela, que se estrell\u00f3 con la fuerza de la resistencia heroica e hist\u00f3rica de nuestro pueblo\u00bb. Precisamente, a partir del auge y ca\u00edda de dicho grupo fue que la Celac comenz\u00f3 a perder ritmo y se intentaron diluir tanto sus objetivos como sus metas de integraci\u00f3n.<\/p>\n<h3><strong>Propuestas que apuntan a ser m\u00e1s fuertes<\/strong><\/h3>\n<p>El n\u00facleo de la intervenci\u00f3n del presidente venezolano fue la unidad en medio de una realidad geopol\u00edtica compleja, caracterizada por la eventual\u00a0<a href=\"https:\/\/misionverdad.com\/traducciones\/los-tres-objetivos-que-trump-pretende-lograr-con-su-guerra-comercial-global\" target=\"_blank\" rel=\"noopener\">guerra comercial\u00a0<\/a>decretada por Trump mediante la imposici\u00f3n masiva de aranceles punitivos.<\/p>\n<p>Al decir que \u00abla uni\u00f3n de nuestros pueblos es una obligaci\u00f3n y debe ser construida con base en el patrimonio que hemos logrado aportar\u00bb,\u00a0Maduro propuso dinamizar la Celac mediante las siguientes acciones:<\/p>\n<ul>\n<li>Reactivar los consejos de ministros conjuntos en econom\u00eda, salud, educaci\u00f3n, ciencia y tecnolog\u00eda.<\/li>\n<li>La constituci\u00f3n de una Secretar\u00eda General que sea dirigida en funci\u00f3n de darle seguimiento oportuno y capacidad de reuni\u00f3n.<\/li>\n<\/ul>\n<p>Respecto a los consejos de ministros, manifest\u00f3 que deben aportar \u00abexperiencias e ideas para una acci\u00f3n com\u00fan que nos vaya unificando en la tarea diaria, en el trabajo diario y en el logro permanente\u00bb.\u00a0Esto con el objeto de \u00abpensarse a mediano y largo plazo y construir su institucionalidad\u00bb.<\/p>\n<p>La Celac requiere, acorde a la perspectiva del presidente venezolano,\u00a0una estructura fuerte que atienda temas claves para que Am\u00e9rica Latina sea un nodo geopol\u00edtico con voz propia, centrado en la din\u00e1mica real de un mundo multipolar.<\/p>\n<p>Entre sus\u00a0<a href=\"https:\/\/celacinternational.org\/celac-4\/\" target=\"_blank\" rel=\"noopener\">prop\u00f3sitos<\/a>, el mecanismo se ha planteado llegar a consensos en temas como desarrollo social, educaci\u00f3n, desarme nuclear, agricultura familiar, cultura, finanzas, energ\u00eda y medio ambiente.<\/p>\n<p>La\u00a0<a href=\"https:\/\/celacinternational.org\/vission-celac-2030\/\" target=\"_blank\" rel=\"noopener\">visi\u00f3n propuesta<\/a>\u00a0abarca metas concretas como la modernizaci\u00f3n de la transportaci\u00f3n ferroviaria, un sistema educativo avanzado con equipos de alta tecnolog\u00eda, la modernizaci\u00f3n de los sistemas de salud y \u00abHambre cero\u00bb. Dichas metas han avanzado con menor velocidad de la esperada debido, precisamente, a la debilidad en la voluntad de distintos actores para implementar pasos concretos.<\/p>\n<h3><strong>Reinventarse ante la agresi\u00f3n<\/strong><\/h3>\n<p>La insistencia de Maduro en cuanto a la unidad tiene un contexto claro:<\/p>\n<ul>\n<li>Las\u00a0<a href=\"https:\/\/cuadernosandinista.com\/2022\/10\/26\/nicaragua-venezuela-y-cuba-condenan-bloqueos-de-ee-uu\/\" target=\"_blank\" rel=\"noopener\">sanciones ilegales y medidas coercitivas<\/a>\u00a0contra Cuba, Nicaragua y Venezuela, que describi\u00f3 como \u00abun forma de agresi\u00f3n multiforme\u00bb; la escalada a una guerra comercial y arancelaria contra 180 pa\u00edses del mundo; y lo que calific\u00f3 como \u00abel fin de la globalizaci\u00f3n occidental\u00bb.<\/li>\n<li>La\u00a0<a href=\"https:\/\/misionverdad.com\/venezuela\/desmontando-la-maquinaria-de-fake-news-contra-la-migracion-venezolana\" target=\"_blank\" rel=\"noopener\">aplicaci\u00f3n<\/a>\u00a0de la Ley contra Enemigos Extranjeros de 1798 a migrantes venezolanos, que es considerada contraria al derecho p\u00fablico y a los derechos humanos internacionalmente. Expres\u00f3 que se trata de \u00abla agresi\u00f3n civilizatoria m\u00e1s grave desde la \u00e9poca del fascismo y del nazismo contra los pueblos migrantes en Estados Unidos\u00bb.<\/li>\n<\/ul>\n<p>Denunci\u00f3 la ola arancelaria de Trump como una manera de imponer \u00abun modelo hegem\u00f3nico econ\u00f3mico-comercial, que sencillamente ponga fin a el mundo multipolar que ha nacido en las \u00faltimas d\u00e9cadas con el desarrollo econ\u00f3mico de nuevas potencias, de nuevos pa\u00edses y de nuevas regiones\u00bb.<\/p>\n<p>Se trata de otra arremetida que busca la \u00abdominaci\u00f3n imperial\u00bb, ante la cual el mandatario hizo un llamado a la creatividad y a la constancia. \u00abSon muchas cosas que podemos hacer para reinventarnos\u00bb, expres\u00f3. Maduro llam\u00f3 a levantar la voz ante este nuevo escenario impuesto por las \u00e9lites estadounidenses y a generar propuestas \u00abcomo un bloque poderoso de opini\u00f3n con propuestas de acci\u00f3n\u00bb. Se\u00f1al\u00f3 c\u00f3mo algunos gobiernos opinan contra otros, otros callan o negocian y conversan individualmente mientras la agresi\u00f3n avanza.<\/p>\n<p>&nbsp;<\/p>\n<div class=\"media media-element-container media-full media-wysiwyg-align-center\">\n<div id=\"file-7599\" class=\"file file-image file-image-jpeg\">\n<h2 class=\"element-invisible\"><a href=\"https:\/\/misionverdad.com\/file\/7599\">06_ZC_L1683_P.jpg<\/a><\/h2>\n<div class=\"content\">\n<div class=\"img-file\"><img decoding=\"async\" class=\"media-element img-responsive\" src=\"https:\/\/misionverdad.com\/sites\/default\/files\/06_ZC_L1683_P.jpg\" alt=\"\" width=\"781\" height=\"753\" data-delta=\"2\" \/><\/div>\n<div class=\"img-meta\"><span class=\"photo-credit\">(Foto: Prensa Presidencial)<\/span><\/div>\n<\/div>\n<\/div>\n<\/div>\n<p>Al respecto, insisti\u00f3 en que \u00abla independencia de este siglo XXI es una independencia por construir solo desde nuestros propios esfuerzos\u00bb\u00a0y apel\u00f3 a la frase \u00abNada tenemos que esperar sino de nosotros mismos\u00bb, expresada por el general uruguayo Jos\u00e9 Gervasio Artigas en 1816. Tambi\u00e9n record\u00f3 al Libertador Sim\u00f3n Bol\u00edvar en 1821, quien manifest\u00f3 que \u00abla prudencia aconseja que no esperemos nada de Espa\u00f1a ni fiemos nuestra suerte sino a nuestras propias fuerzas\u00bb.<\/p>\n<p>El presidente contrapuso el \u00abnuevo esclavismo\u00bb de las sanciones y aranceles a la unidad que se requiere en la regi\u00f3n, por ello anim\u00f3 al gobierno de Colombia, que\u00a0<a href=\"http:\/\/spanish.people.com.cn\/n3\/2025\/0410\/c31617-20300290.html\" target=\"_blank\" rel=\"noopener\">asume la presidencia<\/a>\u00a0<em>pro tempore<\/em>, a m\u00e1s esfuerzos para obtener m\u00e1s resultados.<\/p>\n<p>El reimpulso de la Celac es la aspiraci\u00f3n de muchos gobiernos de la regi\u00f3n, una necesidad en tiempos de aceleraci\u00f3n de la maquinaria dominante por parte de Estados Unidos. Venezuela aparece como voz que busca el despertar de un espacio vital para vencer la pobreza y la exclusi\u00f3n en Am\u00e9rica Latina y el Caribe.<\/p>\n<p>Abrir el camino hacia una mayor unidad redundar\u00eda en la calidad de vida de millones de latinoamericanos y evitar\u00eda que la migraci\u00f3n se convierta en una opci\u00f3n tr\u00e1gica para las clases trabajadoras y sus familias. Adem\u00e1s, la cooperaci\u00f3n regional fortalecer\u00eda las econom\u00edas regionales estableciendo mercados m\u00e1s fuertes y menos vulnerables a las imposiciones de \u00e9lites occidentales.<\/p>\n<p>Maduro fue uno de los pocos, sino el \u00fanico, de los l\u00edderes regionales que abord\u00f3 el concepto de multipolaridad como necesidad y ruta para la regi\u00f3n. Le dio un lugar central en su discurso, tanto como a la independencia y la integraci\u00f3n, que se\u00f1al\u00f3 como requisito impostergable para construir un solo bloque que tenga influencia en un contexto de reorganizaci\u00f3n del sistema-mundo.<\/p>\n<p>&nbsp;<\/p>\n<p><a href=\"https:\/\/misionverdad.com\/venezuela\/presidente-maduro-reivindica-la-integracion-y-la-multipolaridad-en-la-celac\"><strong>Fuente: Mision Verdad<\/strong><\/a><\/p>\n","protected":false},"excerpt":{"rendered":"<p>\u00abNo es opci\u00f3n para nuestra Am\u00e9rica un nuevo coloniaje, un nuevo esclavismo. La \u00fanica opci\u00f3n&#8230;<\/p>\n","protected":false},"author":1,"featured_media":2356,"comment_status":"open","ping_status":"closed","sticky":false,"template":"","format":"standard","meta":{"footnotes":""},"categories":[56],"tags":[158,714,81],"class_list":["post-2355","post","type-post","status-publish","format-standard","has-post-thumbnail","hentry","category-medios-aliados","tag-celac","tag-integracion","tag-nicolas-maduro"],"yoast_head":"<!-- This site is optimized with the Yoast SEO plugin v27.5 - https:\/\/yoast.com\/product\/yoast-seo-wordpress\/ -->\n<title>Presidente Maduro reivindica la integraci\u00f3n y la multipolaridad en la Celac -<\/title>\n<meta name=\"description\" content=\"Celac. No es opci\u00f3n para nuestra Am\u00e9rica un nuevo coloniaje, un nuevo esclavismo. La \u00fanica opci\u00f3n es avanzar unidos por una emancipaci\u00f3n...\" \/>\n<meta name=\"robots\" content=\"index, follow, max-snippet:-1, max-image-preview:large, max-video-preview:-1\" \/>\n<link rel=\"canonical\" href=\"https:\/\/hueleaazufre.com\/wordpress_a\/index.php\/2025\/04\/11\/maduro-reivindica-la-integracion-en-la-celac\/\" \/>\n<meta property=\"og:locale\" content=\"es_ES\" \/>\n<meta property=\"og:type\" content=\"article\" \/>\n<meta property=\"og:title\" content=\"Presidente Maduro reivindica la integraci\u00f3n y la multipolaridad en la Celac -\" \/>\n<meta property=\"og:description\" content=\"Celac. No es opci\u00f3n para nuestra Am\u00e9rica un nuevo coloniaje, un nuevo esclavismo. La \u00fanica opci\u00f3n es avanzar unidos por una emancipaci\u00f3n...\" \/>\n<meta property=\"og:url\" content=\"https:\/\/hueleaazufre.com\/wordpress_a\/index.php\/2025\/04\/11\/maduro-reivindica-la-integracion-en-la-celac\/\" \/>\n<meta property=\"article:published_time\" content=\"2025-04-11T14:41:45+00:00\" \/>\n<meta property=\"og:image\" content=\"https:\/\/hueleaazufre.com\/wordpress_a\/wp-content\/uploads\/2025\/04\/2a-2.webp\" \/>\n\t<meta property=\"og:image:width\" content=\"712\" \/>\n\t<meta property=\"og:image:height\" content=\"400\" \/>\n\t<meta property=\"og:image:type\" content=\"image\/webp\" \/>\n<meta name=\"author\" content=\"Huele a azufre\" \/>\n<meta name=\"twitter:card\" content=\"summary_large_image\" \/>\n<meta name=\"twitter:label1\" content=\"Escrito por\" \/>\n\t<meta name=\"twitter:data1\" content=\"Huele a azufre\" \/>\n\t<meta name=\"twitter:label2\" content=\"Tiempo de lectura\" \/>\n\t<meta name=\"twitter:data2\" content=\"7 minutos\" \/>\n<script type=\"application\/ld+json\" class=\"yoast-schema-graph\">{\"@context\":\"https:\\\/\\\/schema.org\",\"@graph\":[{\"@type\":\"Article\",\"@id\":\"https:\\\/\\\/hueleaazufre.com\\\/wordpress_a\\\/index.php\\\/2025\\\/04\\\/11\\\/maduro-reivindica-la-integracion-en-la-celac\\\/#article\",\"isPartOf\":{\"@id\":\"https:\\\/\\\/hueleaazufre.com\\\/wordpress_a\\\/index.php\\\/2025\\\/04\\\/11\\\/maduro-reivindica-la-integracion-en-la-celac\\\/\"},\"author\":{\"name\":\"Huele a azufre\",\"@id\":\"https:\\\/\\\/hueleaazufre.com\\\/wordpress_a\\\/#\\\/schema\\\/person\\\/549dd871707ea7f9f1a686323ebe9baa\"},\"headline\":\"Presidente Maduro reivindica la integraci\u00f3n y la multipolaridad en la Celac\",\"datePublished\":\"2025-04-11T14:41:45+00:00\",\"mainEntityOfPage\":{\"@id\":\"https:\\\/\\\/hueleaazufre.com\\\/wordpress_a\\\/index.php\\\/2025\\\/04\\\/11\\\/maduro-reivindica-la-integracion-en-la-celac\\\/\"},\"wordCount\":1352,\"commentCount\":0,\"image\":{\"@id\":\"https:\\\/\\\/hueleaazufre.com\\\/wordpress_a\\\/index.php\\\/2025\\\/04\\\/11\\\/maduro-reivindica-la-integracion-en-la-celac\\\/#primaryimage\"},\"thumbnailUrl\":\"https:\\\/\\\/hueleaazufre.com\\\/wordpress_a\\\/wp-content\\\/uploads\\\/2025\\\/04\\\/2a-2.webp\",\"keywords\":[\"CELAC\",\"integraci\u00f3n\",\"Nicol\u00e1s Maduro\"],\"articleSection\":[\"Medios aliados\"],\"inLanguage\":\"es\",\"potentialAction\":[{\"@type\":\"CommentAction\",\"name\":\"Comment\",\"target\":[\"https:\\\/\\\/hueleaazufre.com\\\/wordpress_a\\\/index.php\\\/2025\\\/04\\\/11\\\/maduro-reivindica-la-integracion-en-la-celac\\\/#respond\"]}]},{\"@type\":\"WebPage\",\"@id\":\"https:\\\/\\\/hueleaazufre.com\\\/wordpress_a\\\/index.php\\\/2025\\\/04\\\/11\\\/maduro-reivindica-la-integracion-en-la-celac\\\/\",\"url\":\"https:\\\/\\\/hueleaazufre.com\\\/wordpress_a\\\/index.php\\\/2025\\\/04\\\/11\\\/maduro-reivindica-la-integracion-en-la-celac\\\/\",\"name\":\"Presidente Maduro reivindica la integraci\u00f3n y la multipolaridad en la Celac -\",\"isPartOf\":{\"@id\":\"https:\\\/\\\/hueleaazufre.com\\\/wordpress_a\\\/#website\"},\"primaryImageOfPage\":{\"@id\":\"https:\\\/\\\/hueleaazufre.com\\\/wordpress_a\\\/index.php\\\/2025\\\/04\\\/11\\\/maduro-reivindica-la-integracion-en-la-celac\\\/#primaryimage\"},\"image\":{\"@id\":\"https:\\\/\\\/hueleaazufre.com\\\/wordpress_a\\\/index.php\\\/2025\\\/04\\\/11\\\/maduro-reivindica-la-integracion-en-la-celac\\\/#primaryimage\"},\"thumbnailUrl\":\"https:\\\/\\\/hueleaazufre.com\\\/wordpress_a\\\/wp-content\\\/uploads\\\/2025\\\/04\\\/2a-2.webp\",\"datePublished\":\"2025-04-11T14:41:45+00:00\",\"author\":{\"@id\":\"https:\\\/\\\/hueleaazufre.com\\\/wordpress_a\\\/#\\\/schema\\\/person\\\/549dd871707ea7f9f1a686323ebe9baa\"},\"description\":\"Celac. No es opci\u00f3n para nuestra Am\u00e9rica un nuevo coloniaje, un nuevo esclavismo. La \u00fanica opci\u00f3n es avanzar unidos por una emancipaci\u00f3n...\",\"breadcrumb\":{\"@id\":\"https:\\\/\\\/hueleaazufre.com\\\/wordpress_a\\\/index.php\\\/2025\\\/04\\\/11\\\/maduro-reivindica-la-integracion-en-la-celac\\\/#breadcrumb\"},\"inLanguage\":\"es\",\"potentialAction\":[{\"@type\":\"ReadAction\",\"target\":[\"https:\\\/\\\/hueleaazufre.com\\\/wordpress_a\\\/index.php\\\/2025\\\/04\\\/11\\\/maduro-reivindica-la-integracion-en-la-celac\\\/\"]}]},{\"@type\":\"ImageObject\",\"inLanguage\":\"es\",\"@id\":\"https:\\\/\\\/hueleaazufre.com\\\/wordpress_a\\\/index.php\\\/2025\\\/04\\\/11\\\/maduro-reivindica-la-integracion-en-la-celac\\\/#primaryimage\",\"url\":\"https:\\\/\\\/hueleaazufre.com\\\/wordpress_a\\\/wp-content\\\/uploads\\\/2025\\\/04\\\/2a-2.webp\",\"contentUrl\":\"https:\\\/\\\/hueleaazufre.com\\\/wordpress_a\\\/wp-content\\\/uploads\\\/2025\\\/04\\\/2a-2.webp\",\"width\":712,\"height\":400,\"caption\":\"Celac\"},{\"@type\":\"BreadcrumbList\",\"@id\":\"https:\\\/\\\/hueleaazufre.com\\\/wordpress_a\\\/index.php\\\/2025\\\/04\\\/11\\\/maduro-reivindica-la-integracion-en-la-celac\\\/#breadcrumb\",\"itemListElement\":[{\"@type\":\"ListItem\",\"position\":1,\"name\":\"Portada\",\"item\":\"https:\\\/\\\/hueleaazufre.com\\\/wordpress_a\\\/\"},{\"@type\":\"ListItem\",\"position\":2,\"name\":\"Presidente Maduro reivindica la integraci\u00f3n y la multipolaridad en la Celac\"}]},{\"@type\":\"WebSite\",\"@id\":\"https:\\\/\\\/hueleaazufre.com\\\/wordpress_a\\\/#website\",\"url\":\"https:\\\/\\\/hueleaazufre.com\\\/wordpress_a\\\/\",\"name\":\"\",\"description\":\"Huele a azufre es una plataforma digital de an\u00e1lisis geopol\u00edtico.\",\"potentialAction\":[{\"@type\":\"SearchAction\",\"target\":{\"@type\":\"EntryPoint\",\"urlTemplate\":\"https:\\\/\\\/hueleaazufre.com\\\/wordpress_a\\\/?s={search_term_string}\"},\"query-input\":{\"@type\":\"PropertyValueSpecification\",\"valueRequired\":true,\"valueName\":\"search_term_string\"}}],\"inLanguage\":\"es\"},{\"@type\":\"Person\",\"@id\":\"https:\\\/\\\/hueleaazufre.com\\\/wordpress_a\\\/#\\\/schema\\\/person\\\/549dd871707ea7f9f1a686323ebe9baa\",\"name\":\"Huele a azufre\",\"image\":{\"@type\":\"ImageObject\",\"inLanguage\":\"es\",\"@id\":\"https:\\\/\\\/secure.gravatar.com\\\/avatar\\\/e972d5c124b9bf80eb4c9d322a90dd86a59d447f5da36700a77516f13637d44e?s=96&d=mm&r=g\",\"url\":\"https:\\\/\\\/secure.gravatar.com\\\/avatar\\\/e972d5c124b9bf80eb4c9d322a90dd86a59d447f5da36700a77516f13637d44e?s=96&d=mm&r=g\",\"contentUrl\":\"https:\\\/\\\/secure.gravatar.com\\\/avatar\\\/e972d5c124b9bf80eb4c9d322a90dd86a59d447f5da36700a77516f13637d44e?s=96&d=mm&r=g\",\"caption\":\"Huele a azufre\"},\"description\":\"Huele a azufre es una plataforma digital de an\u00e1lisis geopol\u00edtico\u00a0 contrahegem\u00f3nico, que busca visibilizar las voces y los discursos silenciados por el poder medi\u00e1tico.\",\"sameAs\":[\"https:\\\/\\\/hueleaazufre.com\\\/wordpress_a\"],\"url\":\"https:\\\/\\\/hueleaazufre.com\\\/wordpress_a\\\/index.php\\\/author\\\/admin_tupapa\\\/\"}]}<\/script>\n<!-- \/ Yoast SEO plugin. -->","yoast_head_json":{"title":"Presidente Maduro reivindica la integraci\u00f3n y la multipolaridad en la Celac -","description":"Celac. No es opci\u00f3n para nuestra Am\u00e9rica un nuevo coloniaje, un nuevo esclavismo. La \u00fanica opci\u00f3n es avanzar unidos por una emancipaci\u00f3n...","robots":{"index":"index","follow":"follow","max-snippet":"max-snippet:-1","max-image-preview":"max-image-preview:large","max-video-preview":"max-video-preview:-1"},"canonical":"https:\/\/hueleaazufre.com\/wordpress_a\/index.php\/2025\/04\/11\/maduro-reivindica-la-integracion-en-la-celac\/","og_locale":"es_ES","og_type":"article","og_title":"Presidente Maduro reivindica la integraci\u00f3n y la multipolaridad en la Celac -","og_description":"Celac. No es opci\u00f3n para nuestra Am\u00e9rica un nuevo coloniaje, un nuevo esclavismo. La \u00fanica opci\u00f3n es avanzar unidos por una emancipaci\u00f3n...","og_url":"https:\/\/hueleaazufre.com\/wordpress_a\/index.php\/2025\/04\/11\/maduro-reivindica-la-integracion-en-la-celac\/","article_published_time":"2025-04-11T14:41:45+00:00","og_image":[{"width":712,"height":400,"url":"https:\/\/hueleaazufre.com\/wordpress_a\/wp-content\/uploads\/2025\/04\/2a-2.webp","type":"image\/webp"}],"author":"Huele a azufre","twitter_card":"summary_large_image","twitter_misc":{"Escrito por":"Huele a azufre","Tiempo de lectura":"7 minutos"},"schema":{"@context":"https:\/\/schema.org","@graph":[{"@type":"Article","@id":"https:\/\/hueleaazufre.com\/wordpress_a\/index.php\/2025\/04\/11\/maduro-reivindica-la-integracion-en-la-celac\/#article","isPartOf":{"@id":"https:\/\/hueleaazufre.com\/wordpress_a\/index.php\/2025\/04\/11\/maduro-reivindica-la-integracion-en-la-celac\/"},"author":{"name":"Huele a azufre","@id":"https:\/\/hueleaazufre.com\/wordpress_a\/#\/schema\/person\/549dd871707ea7f9f1a686323ebe9baa"},"headline":"Presidente Maduro reivindica la integraci\u00f3n y la multipolaridad en la Celac","datePublished":"2025-04-11T14:41:45+00:00","mainEntityOfPage":{"@id":"https:\/\/hueleaazufre.com\/wordpress_a\/index.php\/2025\/04\/11\/maduro-reivindica-la-integracion-en-la-celac\/"},"wordCount":1352,"commentCount":0,"image":{"@id":"https:\/\/hueleaazufre.com\/wordpress_a\/index.php\/2025\/04\/11\/maduro-reivindica-la-integracion-en-la-celac\/#primaryimage"},"thumbnailUrl":"https:\/\/hueleaazufre.com\/wordpress_a\/wp-content\/uploads\/2025\/04\/2a-2.webp","keywords":["CELAC","integraci\u00f3n","Nicol\u00e1s Maduro"],"articleSection":["Medios aliados"],"inLanguage":"es","potentialAction":[{"@type":"CommentAction","name":"Comment","target":["https:\/\/hueleaazufre.com\/wordpress_a\/index.php\/2025\/04\/11\/maduro-reivindica-la-integracion-en-la-celac\/#respond"]}]},{"@type":"WebPage","@id":"https:\/\/hueleaazufre.com\/wordpress_a\/index.php\/2025\/04\/11\/maduro-reivindica-la-integracion-en-la-celac\/","url":"https:\/\/hueleaazufre.com\/wordpress_a\/index.php\/2025\/04\/11\/maduro-reivindica-la-integracion-en-la-celac\/","name":"Presidente Maduro reivindica la integraci\u00f3n y la multipolaridad en la Celac -","isPartOf":{"@id":"https:\/\/hueleaazufre.com\/wordpress_a\/#website"},"primaryImageOfPage":{"@id":"https:\/\/hueleaazufre.com\/wordpress_a\/index.php\/2025\/04\/11\/maduro-reivindica-la-integracion-en-la-celac\/#primaryimage"},"image":{"@id":"https:\/\/hueleaazufre.com\/wordpress_a\/index.php\/2025\/04\/11\/maduro-reivindica-la-integracion-en-la-celac\/#primaryimage"},"thumbnailUrl":"https:\/\/hueleaazufre.com\/wordpress_a\/wp-content\/uploads\/2025\/04\/2a-2.webp","datePublished":"2025-04-11T14:41:45+00:00","author":{"@id":"https:\/\/hueleaazufre.com\/wordpress_a\/#\/schema\/person\/549dd871707ea7f9f1a686323ebe9baa"},"description":"Celac. No es opci\u00f3n para nuestra Am\u00e9rica un nuevo coloniaje, un nuevo esclavismo. La \u00fanica opci\u00f3n es avanzar unidos por una emancipaci\u00f3n...","breadcrumb":{"@id":"https:\/\/hueleaazufre.com\/wordpress_a\/index.php\/2025\/04\/11\/maduro-reivindica-la-integracion-en-la-celac\/#breadcrumb"},"inLanguage":"es","potentialAction":[{"@type":"ReadAction","target":["https:\/\/hueleaazufre.com\/wordpress_a\/index.php\/2025\/04\/11\/maduro-reivindica-la-integracion-en-la-celac\/"]}]},{"@type":"ImageObject","inLanguage":"es","@id":"https:\/\/hueleaazufre.com\/wordpress_a\/index.php\/2025\/04\/11\/maduro-reivindica-la-integracion-en-la-celac\/#primaryimage","url":"https:\/\/hueleaazufre.com\/wordpress_a\/wp-content\/uploads\/2025\/04\/2a-2.webp","contentUrl":"https:\/\/hueleaazufre.com\/wordpress_a\/wp-content\/uploads\/2025\/04\/2a-2.webp","width":712,"height":400,"caption":"Celac"},{"@type":"BreadcrumbList","@id":"https:\/\/hueleaazufre.com\/wordpress_a\/index.php\/2025\/04\/11\/maduro-reivindica-la-integracion-en-la-celac\/#breadcrumb","itemListElement":[{"@type":"ListItem","position":1,"name":"Portada","item":"https:\/\/hueleaazufre.com\/wordpress_a\/"},{"@type":"ListItem","position":2,"name":"Presidente Maduro reivindica la integraci\u00f3n y la multipolaridad en la Celac"}]},{"@type":"WebSite","@id":"https:\/\/hueleaazufre.com\/wordpress_a\/#website","url":"https:\/\/hueleaazufre.com\/wordpress_a\/","name":"","description":"Huele a azufre es una plataforma digital de an\u00e1lisis geopol\u00edtico.","potentialAction":[{"@type":"SearchAction","target":{"@type":"EntryPoint","urlTemplate":"https:\/\/hueleaazufre.com\/wordpress_a\/?s={search_term_string}"},"query-input":{"@type":"PropertyValueSpecification","valueRequired":true,"valueName":"search_term_string"}}],"inLanguage":"es"},{"@type":"Person","@id":"https:\/\/hueleaazufre.com\/wordpress_a\/#\/schema\/person\/549dd871707ea7f9f1a686323ebe9baa","name":"Huele a azufre","image":{"@type":"ImageObject","inLanguage":"es","@id":"https:\/\/secure.gravatar.com\/avatar\/e972d5c124b9bf80eb4c9d322a90dd86a59d447f5da36700a77516f13637d44e?s=96&d=mm&r=g","url":"https:\/\/secure.gravatar.com\/avatar\/e972d5c124b9bf80eb4c9d322a90dd86a59d447f5da36700a77516f13637d44e?s=96&d=mm&r=g","contentUrl":"https:\/\/secure.gravatar.com\/avatar\/e972d5c124b9bf80eb4c9d322a90dd86a59d447f5da36700a77516f13637d44e?s=96&d=mm&r=g","caption":"Huele a azufre"},"description":"Huele a azufre es una plataforma digital de an\u00e1lisis geopol\u00edtico\u00a0 contrahegem\u00f3nico, que busca visibilizar las voces y los discursos silenciados por el poder medi\u00e1tico.","sameAs":["https:\/\/hueleaazufre.com\/wordpress_a"],"url":"https:\/\/hueleaazufre.com\/wordpress_a\/index.php\/author\/admin_tupapa\/"}]}},"_links":{"self":[{"href":"https:\/\/hueleaazufre.com\/wordpress_a\/index.php\/wp-json\/wp\/v2\/posts\/2355","targetHints":{"allow":["GET"]}}],"collection":[{"href":"https:\/\/hueleaazufre.com\/wordpress_a\/index.php\/wp-json\/wp\/v2\/posts"}],"about":[{"href":"https:\/\/hueleaazufre.com\/wordpress_a\/index.php\/wp-json\/wp\/v2\/types\/post"}],"author":[{"embeddable":true,"href":"https:\/\/hueleaazufre.com\/wordpress_a\/index.php\/wp-json\/wp\/v2\/users\/1"}],"replies":[{"embeddable":true,"href":"https:\/\/hueleaazufre.com\/wordpress_a\/index.php\/wp-json\/wp\/v2\/comments?post=2355"}],"version-history":[{"count":1,"href":"https:\/\/hueleaazufre.com\/wordpress_a\/index.php\/wp-json\/wp\/v2\/posts\/2355\/revisions"}],"predecessor-version":[{"id":2357,"href":"https:\/\/hueleaazufre.com\/wordpress_a\/index.php\/wp-json\/wp\/v2\/posts\/2355\/revisions\/2357"}],"wp:featuredmedia":[{"embeddable":true,"href":"https:\/\/hueleaazufre.com\/wordpress_a\/index.php\/wp-json\/wp\/v2\/media\/2356"}],"wp:attachment":[{"href":"https:\/\/hueleaazufre.com\/wordpress_a\/index.php\/wp-json\/wp\/v2\/media?parent=2355"}],"wp:term":[{"taxonomy":"category","embeddable":true,"href":"https:\/\/hueleaazufre.com\/wordpress_a\/index.php\/wp-json\/wp\/v2\/categories?post=2355"},{"taxonomy":"post_tag","embeddable":true,"href":"https:\/\/hueleaazufre.com\/wordpress_a\/index.php\/wp-json\/wp\/v2\/tags?post=2355"}],"curies":[{"name":"wp","href":"https:\/\/api.w.org\/{rel}","templated":true}]}}