{"id":2383,"date":"2025-04-14T22:23:52","date_gmt":"2025-04-14T22:23:52","guid":{"rendered":"https:\/\/hueleaazufre.com\/wordpress_a\/?p=2383"},"modified":"2025-04-14T22:23:52","modified_gmt":"2025-04-14T22:23:52","slug":"aranceles-de-trump-a-la-europa-globalista","status":"publish","type":"post","link":"https:\/\/hueleaazufre.com\/wordpress_a\/index.php\/2025\/04\/14\/aranceles-de-trump-a-la-europa-globalista\/","title":{"rendered":"\u00bfC\u00f3mo han afectado los aranceles de Trump a la Europa globalista?"},"content":{"rendered":"<div class=\"entry-headline\">\n<p>Republicano o dem\u00f3crata, Europa es un competidor industrial para EEUU, por lo que \u00bfcu\u00e1l es la diferencia entre Biden y Trump en su pol\u00edtica hacia la Comunidad Europea?<\/p>\n<\/div>\n<div class=\"entry-content\">\n<p>Europa devela cada vez con mayor claridad la cruda realidad de que la culpa de todos sus males no se debe a la \u2018agresiva Rusia\u2019 ni a la \u2018autocracia de China\u2019, e incluso, cuando analizamos los intereses estadounidenses sobre la regi\u00f3n, los verdaderos enemigos de la prosperidad europea se encuentran dentro del continente y liderando las principales estructuras comunitarias.<\/p>\n<p>Tras las declaraciones de Trump sobre la aplicaci\u00f3n de aranceles, la guerra comercial internacional desat\u00f3 un enorme caos, y en Europa, como era de esperarse, profundiz\u00f3 a\u00fan m\u00e1s las m\u00faltiples crisis que atraviesa la regi\u00f3n.<\/p>\n<p>El continente europeo ha sido uno de los m\u00e1s afectados por la decisi\u00f3n del presidente norteamericano. La periodista europea, Mar\u00eda Zornoza,\u00a0<a href=\"https:\/\/noticiaspia.com\/negociar-contraatacar-y-diversificar-asi-se-prepara-la-ue-para-la-guerra-comercial-con-trump\/\">explica<\/a>\u00a0que \u201clas medidas proteccionistas del republicano afectar\u00e1n a 360.000 millones de euros en las exportaciones del bloque, pero el impacto sobre los m\u00e1s vulnerables ser\u00e1 todav\u00eda mayor\u201d.<\/p>\n<p>De acuerdo a informaci\u00f3n en EuroNews, los mercados europeos de renta variable vivieron su \u201cpeor sesi\u00f3n desde el estallido de la pandemia del COVID-19 en marzo de 2020, mientras los inversores siguen huyendo de los activos de riesgo. El Euro STOXX 50 ca\u00eda un 6% a las 10:00 CEST, lo que eleva sus p\u00e9rdidas de las tres \u00faltimas sesiones al 14%. El m\u00e1s amplio STOXX 600 cay\u00f3 un 5,7%, ampliando al 13% su descenso tras el anuncio de los aranceles. El DAX alem\u00e1n se hundi\u00f3 un 7,2%, marcando su sesi\u00f3n m\u00e1s severa desde el 12 de marzo de 2020, mientras que el FTSE MIB italiano cay\u00f3 un 6,5% y el IBEX 35 espa\u00f1ol perdi\u00f3 un 6%\u201d.<\/p>\n<p>Seg\u00fan RT, \u201clos mercados burs\u00e1tiles europeos cayeron el lunes por la ma\u00f1ana. El \u00edndice paneuropeo Stoxx 600, que sigue a las empresas l\u00edderes de la regi\u00f3n, cay\u00f3 m\u00e1s de un 6% poco despu\u00e9s de su apertura, alcanzando su nivel m\u00e1s bajo desde diciembre de 2023. El DAX de Alemania cay\u00f3 casi un 10%, el CAC 40 de Francia cay\u00f3 un 6,6% y el FTSE MIB de Italia cay\u00f3 un 5,7%. En Londres, el \u00edndice FTSE 100 de acciones de primera l\u00ednea cay\u00f3 un 6%, marcando su peor d\u00eda desde los primeros d\u00edas de la pandemia de Covid-19 en 2020. Todas las acciones del \u00edndice estaban en n\u00fameros rojos una hora despu\u00e9s de la apertura del mercado\u201d.<\/p>\n<p>Ambos medios informaban que las acciones de empresas bancarias y de defensa tambi\u00e9n ca\u00edan. \u201cEl fabricante de armas alem\u00e1n Rheinmetall se desplom\u00f3 casi un 24%, y la brit\u00e1nica Rolls-Royce perdi\u00f3 un 12%. Las empresas mineras y de inversi\u00f3n tambi\u00e9n estuvieron entre las m\u00e1s afectadas\u201d, comunic\u00f3 RT.<\/p>\n<p>Por su parte, EuroNews destac\u00f3 que \u201clos bancos europeos se llevaron la peor parte, con una ca\u00edda del 10% para Banco Sabadell, del 9,2% para Raiffeisen Bank International y del 8,6% para ING Groep. Tambi\u00e9n cayeron Banco BPM (-7,7%), Commerzbank (-7,6%), CaixaBank (-7,1%), BPER Banca (-6,7%) e Intesa Sanpaolo (-6,3%). El sector industrial tambi\u00e9n sufri\u00f3 fuertes p\u00e9rdidas. La alemana Rheinmetall AG se desplom\u00f3 un 15,3%, Safran cay\u00f3 un 10%, y MTU Aero Engines AG y Thyssenkrupp cayeron un 9,5% cada una. HeidelbergCement, Leonardo SpA, Airbus y Siemens Energy cayeron entre un 8% y un 9,2%. Las empresas de lujo y bienes de consumo, a menudo sensibles a las perturbaciones del comercio mundial, tambi\u00e9n bajaron. Kering cay\u00f3 un 9,9%, Richemont un 8,2% y Burberry un 7,8%. Salvatore Ferragamo, Herm\u00e8s, Moncler, Adidas, Puma y LVMH registraron p\u00e9rdidas de entre el 6% y el 12%\u201d.<\/p>\n<p>Adem\u00e1s, las decisiones de Trump han repercutido fuertemente en la pol\u00edtica europea. El primer reflejo de la presidenta de la Comisi\u00f3n Europea, \u00darsula von der Leyen, fue dar una conferencia de prensa en donde cargaba la culpa a Trump de la crisis que se avecina, como si desconociera la actual alarmante crisis que atraviesa Europa debido a las decisiones tomada por la c\u00fapula de Bruselas en sus enfrentamiento con Mosc\u00fa. Por supuesto, lo siguiente fue apelar a la unidad del bloque, un objetivo que viene persiguiendo sin \u00e9xitos.<\/p>\n<p><iframe id=\"instagram-embed-0\" class=\"instagram-media instagram-media-rendered\" src=\"https:\/\/www.instagram.com\/reel\/DH_xskuSe-w\/embed\/captioned\/?cr=1&amp;v=14&amp;wp=540&amp;rd=https%3A%2F%2Fnoticiaspia.com&amp;rp=%2Fcomo-han-afectado-los-aranceles-de-trump-a-la-europa-globalista%2F#%7B%22ci%22%3A0%2C%22os%22%3A42308.29999999999%2C%22ls%22%3A12612.5%2C%22le%22%3A41577.29999999999%7D\" height=\"1071\" frameborder=\"0\" scrolling=\"no\" allowfullscreen=\"allowfullscreen\" data-instgrm-payload-id=\"instagram-media-payload-0\" data-mce-fragment=\"1\"><\/iframe>Por su parte, Macron recomend\u00f3 que las empresas francesas y europeas pausesn o dejen de invertir en Estados Unidos, \u201c\u00bfQu\u00e9 mensaje enviar\u00edamos teniendo a grandes actores europeos invirtiendo miles de millones de euros en la econom\u00eda estadounidense en un momento en el que [Estados Unidos] nos est\u00e1 golpeando?\u201d. La especialista Rachel Marsden respondi\u00f3, \u201clas principales econom\u00edas de la UE ya estaban en dificultades mucho antes de que aparecieran los aranceles de Trump, como resultado de las propias acciones del bloque, incitadas no por Trump sino por la administraci\u00f3n de Biden, a quien consideraban su mejor amigo. El sector industrial alem\u00e1n se est\u00e1 contrayendo. Francia est\u00e1 sufriendo despidos masivos. El grupo alem\u00e1n DHL, la empresa de log\u00edstica, est\u00e1 recortando 8.000 puestos de trabajo. Pero s\u00ed, hagamos que las empresas europeas se dejen aconsejar por los mismos que las han metido en este l\u00edo para salir de \u00e9l. Es como recibir consejos de seguridad contra incendios de un pir\u00f3mano justo despu\u00e9s de que lance una cerilla a las cortinas de tu sal\u00f3n\u201d.<\/p>\n<figure class=\"wp-block-embed is-type-wp-embed is-provider-pia-global wp-block-embed-pia-global\">\n<div class=\"wp-block-embed__wrapper\"><iframe class=\"wp-embedded-content\" title=\"\u00abEl arte de (no) pactar: \u00bfpuede la UE hacer frente a los aranceles de Trump?\u00bb \u2014 Pia Global\" src=\"https:\/\/noticiaspia.com\/el-arte-de-no-pactar-puede-la-ue-hacer-frente-a-los-aranceles-de-trump\/embed\/#?secret=icG0KZLFqX#?secret=Q57w1NaJ4o\" width=\"600\" height=\"555\" frameborder=\"0\" marginwidth=\"0\" marginheight=\"0\" scrolling=\"no\" sandbox=\"allow-scripts\" data-secret=\"Q57w1NaJ4o\" data-mce-fragment=\"1\"><\/iframe><\/div>\n<\/figure>\n<p>El segundo acto reflejo fue intentar negociar con EEUU, enviando al negociador europeo y responsable de Comercio, Maros Sefcovic para solicitar una pol\u00edtica de aranceles cero por cero para los bienes industriales. \u201cHe sido claro: los aranceles estadounidenses son perjudiciales e injustificados. La relaci\u00f3n comercial entre la UE y EEUU necesita un nuevo enfoque. La UE est\u00e1 comprometida con unas negociaciones significativas, pero tambi\u00e9n est\u00e1 preparada para defender nuestros intereses\u201d, dijo Sefcovic. No obstante, el rechazo por parte de Trump a la propuesta europea fue inmediato.<\/p>\n<p>Adem\u00e1s, en un comunicado directo desde Bruselas anunciaban que \u00abla UE considera que los aranceles estadounidenses son injustificados y perjudiciales, ya que causan perjuicios econ\u00f3micos a ambas partes, as\u00ed como a la econom\u00eda mundial. La UE ha manifestado su clara preferencia por alcanzar acuerdos negociados con EEUU que sean equilibrados y mutuamente beneficiosos\u00bb,con la esperanza de que Estados Unidos acceda a negociar.<\/p>\n<p>El siguiente paso de la Comisi\u00f3n Europea fue decidir un plan de tres pasos:\u00a0 negociar, responder y diversificar.<\/p>\n<figure class=\"wp-block-embed is-type-wp-embed is-provider-pia-global wp-block-embed-pia-global\">\n<div class=\"wp-block-embed__wrapper\"><iframe class=\"wp-embedded-content\" title=\"\u00abNegociar, contraatacar y diversificar: as\u00ed se prepara la UE para la guerra comercial con Trump\u00bb \u2014 Pia Global\" src=\"https:\/\/noticiaspia.com\/negociar-contraatacar-y-diversificar-asi-se-prepara-la-ue-para-la-guerra-comercial-con-trump\/embed\/#?secret=CHb6ntJi9d#?secret=yboEEXNnts\" width=\"600\" height=\"546\" frameborder=\"0\" marginwidth=\"0\" marginheight=\"0\" scrolling=\"no\" sandbox=\"allow-scripts\" data-secret=\"yboEEXNnts\" data-mce-fragment=\"1\"><\/iframe><\/div>\n<\/figure>\n<p>En pocos d\u00edas, la UE intent\u00f3 negociar aranceles cero por cero sin \u00e9xito; tuvo la primera Cumbre UE-Asia Central a la vez que inform\u00f3 que posee planes de abrir negociaciones con Nuestra Am\u00e9rica; decidieron la imposici\u00f3n del 25% de aranceles a un amplio listado de productos estadounidenses; lo congelaron por 90 d\u00edas tras la pausa de aranceles que anunci\u00f3 Donald Trump para todo el mundo, excepto para China; y envi\u00f3 a Meloni para dialogar con Washington y a Sanchez a China para negociar con Xi Jinping.<\/p>\n<p>\u201cTomamos nota del anuncio del presidente Trump. Queremos darle una oportunidad a las negociaciones. Mientras ultimamos la adopci\u00f3n de las contramedidas de la UE que contaron con el firme apoyo de nuestros Estados miembros, las suspenderemos durante 90 d\u00edas. Si las negociaciones no son satisfactorias, entrar\u00e1n en vigor nuestras contramedidas. Contin\u00faan los trabajos preparatorios sobre nuevas contramedidas. Como he dicho antes, todas las opciones siguen sobre la mesa\u201d, asegur\u00f3 Ursula von der Leyen.<\/p>\n<p>Recordemos que la Uni\u00f3n Europea posee competencia exclusiva sobre la pol\u00edtica comercial de la Comunidad Europea. En este sentido, el mi\u00e9rcoles los miembros comunitarios se reunieron para decidir sobre el contraataque a EEUU, eligiendo la imposici\u00f3n del 25% de aranceles a productos estadounidenses. La decisi\u00f3n cont\u00f3 con la aprobaci\u00f3n de todos los miembros, excepto Hungr\u00eda.<\/p>\n<p>Si bien se han paralizado los aranceles rec\u00edprocos, el gobierno estadounidense contin\u00faa con los aranceles a la industria automotriz, al acero y al aluminio. Por lo que, Bruselas fren\u00f3 la entrada en vigor del 25% pero no as\u00ed el trabajo de preparaci\u00f3n de los miembros.<\/p>\n<p>La decisi\u00f3n de respuesta arancelaria al 25% de la UE fue cantada como una victoria por parte de von der Leyen que hace un largo tiempo no encuentra el consenso y unidad dentro de la Comunidad Europea. De hecho, para lograr la aprobaci\u00f3n de la mayor\u00eda tuvo que ceder a ciertos requisitos de determinados productos de pa\u00edses como Francia e Italia.<\/p>\n<p>No obstante, la medida de Trump significa una nueva bomba al interior de la UE, sus \u00e9lites y los intentos de centralizar a\u00fan m\u00e1s su poder. Una UE liderada por el globalismo atlantista que viene atravesando un fuerte debilitamiento tras la ruptura transatl\u00e1ntica, por las consecuencias de sus propias decisiones intentando sancionar a Rusia; que ya no posee el apoyo en unidad sobre la crisis ucraniana y por eso tuvieron que armar la cumbre de Par\u00eds que no es propio de la UE y que incorpora actores por fuera de la comunidad como Reino Unido, Turqu\u00eda y Canad\u00e1; y que ya no puede sostener el discurso antiruso para justificar la crisis.<\/p>\n<p>La pol\u00edtica de Trump, por un lado, podr\u00eda profundizar la crisis de unidad de la UE, debido a que existe la posibilidad de que algunos pa\u00edses decidan resolver sus problemas nacionales con EEUU de forma bilateral priorizando sus intereses nacionales y no desde las estructuras de Bruselas que s\u00f3lo ha demostrado incapacidad, inoperancia y que no persigue los intereses europeos sino los proyectos geopol\u00edticos del globalismo atlantista.<\/p>\n<p>Por otro lado, si entendemos que la pol\u00edtica de sustituci\u00f3n de importaciones y arancelaria de Trump es parte de la guerra comercial en el marco de la lucha interimperial contra el globalismo, es esperable que la pol\u00edtica norteamericana profundice tambi\u00e9n la crisis de liderazgo en Bruselas y al mismo proyecto globalista atlantista en la regi\u00f3n.<\/p>\n<p>Durante una entrevista para el medio Negocios TV, el analista pol\u00edtico econ\u00f3mico, James Levy-Newman, explic\u00f3 que \u201cse puede decir que es una guerra de aranceles? S\u00ed, pero es una guerra contra el globalismo, incluso yo dir\u00eda m\u00e1s all\u00e1, se puede decir que eso de las tarifas es como un tipo de medicina. Por ejemplo, para una persona que tiene c\u00e1ncer hay quimioterapia, bueno, el presidente est\u00e1 aplicando quimioterapia al sistema de intercambio mundial, intentando corregir los excesos de globalismo que han llevado a la destrucci\u00f3n de la clase media de clase media en Europa, de clase media en Estados Unidos, de la clase media en todo el mundo occidental\u201d.<\/p>\n<p>El gobierno estadounidense ha considerado a Europa como un competidor directo, en especial en el \u00e1mbito industrial, explica el analista e investigador internacional Gabriel Merino en di\u00e1logo con PIA Global.<\/p>\n<p>\u201cPara el trumpismo, para Estados Unidos, si hay algo que las fuerzas nacionalistas ven como un problema es la competencia con Europa. Ya hab\u00edamos visto que en su primer mandato, Donald Trump, hab\u00eda tirado abajo un acuerdo de comercio e inversiones, una suerte de acuerdo de libre comercio que hab\u00eda puesto en marcha Obama y Trump lo tir\u00f3 abajo junto con el TPP. El Estados Unidos de Trump ve como un competidor en t\u00e9rminos industriales productivos a Europa\u201d.<\/p>\n<figure class=\"wp-block-image\"><img decoding=\"async\" src=\"https:\/\/lh7-rt.googleusercontent.com\/docsz\/AD_4nXfbpVynvL12d5I0EfnHfn2szmc9w9DGZSEh1oi0g2Nm7HmcYE-J708Qaj6tVGvE8KTbOLG5l9BixHxS61EyJVmasnCfD6VYLRgpGa5_Py_Zwemu9Qr_6TiXMSpHHPC6qfI90Aa0TQ?key=5vDJUXAEyvaHPxpBl_PtM8fM\" alt=\"\" \/><\/figure>\n<p>Tambi\u00e9n podemos dar cuenta que para la administraci\u00f3n dem\u00f3crata, Europa tambi\u00e9n es competencia que, a diferencia del republicanismo de Trump, busca debilitarlo construyendolo como subordinado geopol\u00edtico a trav\u00e9s de una \u00e9lite impuesta liderando los dispositivos como la UE o la OTAN.<\/p>\n<p>Durante el gobierno de Biden, que represent\u00f3 al proyecto globalista, se ha utilizado la crisis ucraniana como guerra proxy para debilitar a Europa atacando principalmente a sus dos grandes potencias, Alemania y Francia, (aunque tambi\u00e9n ha utilizado herramientas m\u00e1s directas como el IRA y la Ley CHIPS) mientras profundiza el proyecto atlantista en la regi\u00f3n cultivando una \u00e9lite que tiene como tarea una construcci\u00f3n sostenida por los intereses geoestrat\u00e9gicos del globalismo y no a partir de los intereses de los pueblos europeos. Esto se debe gracias a la centralidad que ha adquirido la UE como instituci\u00f3n que dirige el rumbo exterior europeo liderado por actores pol\u00edticos que no han sido elegidos por la ciudadan\u00eda y que son empleados del globalismo.<\/p>\n<p>El globalismo atlantista europeo est\u00e1 centrado en la alianza entre EEUU y Europa a partir de la OTAN, por lo que su principal eje de inter\u00e9s es la defensa y seguridad frente a quienes considera sus enemigos. Todo gira alrededor de los intereses estadounidenses en este proyecto, enfocados en la seguridad, libre mercado y el discurso del orden basado en normas y valores occidentales. Con el nuevo gobierno de Trump, gran opositor al globalismo, este grupo ya no se encuentra dirigiendo EEUU, como fue la administraci\u00f3n Biden, por lo que las elites globalistas europeas se encuentran hu\u00e9rfanas resistiendose a su debacle.<\/p>\n<p>Por supuesto, no hay que perder de vista que, el hecho de que el globalismo ya no cuente con el poder presidencial en la Casa Blanca, los actores que sostienen el proyecto globalista tanto en EEUU como en Europa contin\u00faan operando.<\/p>\n<p>En el continente europeo, este grupo se encuentra arraigado a las estructuras de la Uni\u00f3n Europea, y su principal cara visible es la reelegida presidenta de la Comisi\u00f3n Europea \u00darsula von der Leyen, pero tambi\u00e9n la actual Alta Representante de Asuntos Exteriores de la UE, Kaja Kallas, el anterior Alto Representante, Josep Borrell, el actual Secretario General de la OTAN, Mark Rutte, el anterior Secretario General, Jens Stoltenberg. Pero tambi\u00e9n contin\u00faan operando en \u201clas sombras\u201d la orquestadora del euromaidan Victoria Nuland y su esposo Robert Kagan, Hillary Clinton, George Soros\u2026<\/p>\n<p>Por lo que resulta importante resaltar que los acontecimientos belicistas que se viven en Europa no representan a los intereses de la regi\u00f3n ni tampoco expresan todo lo que sucede en Europa. Ha sido parte de la construcci\u00f3n hegem\u00f3nica que las instituciones de la UE se autoatribuyan la representatividad de todo el continente y tomen decisiones que afecten a toda la regi\u00f3n sin siquiera ser una estructura elegida democr\u00e1ticamente por sus ciudadanos.<\/p>\n<figure class=\"wp-block-embed is-type-wp-embed is-provider-pia-global wp-block-embed-pia-global\">\n<div class=\"wp-block-embed__wrapper\"><iframe class=\"wp-embedded-content\" title=\"\u00abEl globalismo atlantista de las \u00e9lites europeas se resisten a su derrota\u00bb \u2014 Pia Global\" src=\"https:\/\/noticiaspia.com\/el-globalismo-atlantista-de-las-elites-europeas-se-resisten-a-su-derrota\/embed\/#?secret=rX1teSO0dI#?secret=tdyewwt9Zg\" width=\"600\" height=\"483\" frameborder=\"0\" marginwidth=\"0\" marginheight=\"0\" scrolling=\"no\" sandbox=\"allow-scripts\" data-secret=\"tdyewwt9Zg\" data-mce-fragment=\"1\"><\/iframe><\/div>\n<\/figure>\n<p>Por otro lado, Trump, golpea al proyecto de esa \u00e9lite europea a partir del tipo de proyecto proteccionista con pol\u00edticas como los aranceles y la sustituci\u00f3n de importaciones a la vez que profundiza la grieta transatl\u00e1ntica, las m\u00faltiples crisis europeas y enciende una bomba al interior de las instituciones de Bruselas.<\/p>\n<p>Aunque, el efecto Trump en las \u00e9lites europeas ha servido al proyecto de Rearme europeo, que contin\u00faa satisfaciendo los intereses estadounidenses, y a la b\u00fasqueda de centralidad de Bruselas para la supervivencia de las \u00e9lites globalistas atlantistas. Recordemos que el Rearme implica por un lado la construcci\u00f3n de una industria militar, a mediano y largo plazo, que depende de la interoperabilidad y en gran medida de algunas herramientas de la OTAN (es decir EEUU) y depende tambi\u00e9n de la energ\u00eda, mucho m\u00e1s cara, importada de EEUU; mientras que, por otro lado, implica la financiaci\u00f3n a partir de las estructuras de Bruselas hacia los pa\u00edses miembros, esto significa endeudamiento y mayor sobredeterminaci\u00f3n por parte de la UE sobre las decisiones de cada Estado comunitario, construyendo a\u00fan m\u00e1s la centralidad de las decisiones en pol\u00edtica exterior en manos del globalismo atlantista.<\/p>\n<p>Tambi\u00e9n hay que tener en cuenta que esto podr\u00eda significar un gran costo para Trump ya que, si bien el inter\u00e9s de las \u00e9lites europeas frente a Bruselas no es buscar \u2018autonom\u00eda estrat\u00e9gica europea\u2019, si podr\u00eda implicar que Europa se vuelque hacia otro mundo, fortaleciendo los v\u00ednculos con China y partes del Sur Global, probablemente utilizando el doble rasero y flexibilizando la carta de \u201clos valores y normas internacionales\u201d.<\/p>\n<p>En este sentido, ser\u00e1 un desaf\u00edo para las \u00e9lites europeas acostumbradas a establecer relaciones internacionales bajo el paraguas de Washington y una soberbia colonial. El especialista Mehmet Enes Be\u015fer, dice que \u201cEuropa debe ser capaz de resistirse a formular su pol\u00edtica hacia China desde el punto de vista singular del transatlanticismo. Los c\u00e1lculos de segunda mano no resultar\u00e1n una estrategia sostenible a largo plazo cuando se trate de representar los intereses de la UE. En su lugar, es necesario un enfoque equilibrado y basado en hechos, que proteja los valores de Europa y, al mismo tiempo, sea capaz de buscar una cooperaci\u00f3n tangible en asuntos de inter\u00e9s global\u201d.<\/p>\n<figure class=\"wp-block-embed is-type-wp-embed is-provider-pia-global wp-block-embed-pia-global\">\n<div class=\"wp-block-embed__wrapper\"><iframe class=\"wp-embedded-content\" title=\"\u00abConvertir la rivalidad estrat\u00e9gica en resistencia estrat\u00e9gica\u00bb \u2014 Pia Global\" src=\"https:\/\/noticiaspia.com\/convertir-la-rivalidad-estrategica-en-resistencia-estrategica\/embed\/#?secret=d3uwsB9Wxo#?secret=ohlnNNeMGl\" width=\"600\" height=\"534\" frameborder=\"0\" marginwidth=\"0\" marginheight=\"0\" scrolling=\"no\" sandbox=\"allow-scripts\" data-secret=\"ohlnNNeMGl\" data-mce-fragment=\"1\"><\/iframe><\/div>\n<\/figure>\n<p>&nbsp;<\/p>\n<p>Foto de portada: Derechos de autor Copyright 2025 The Associated Press. All rights reserved.<\/p>\n<p><a href=\"https:\/\/noticiaspia.com\/como-han-afectado-los-aranceles-de-trump-a-la-europa-globalista\/\"><strong>Fuente: PIA Global\/Micaela Constantini<\/strong><\/a><\/p>\n<\/div>\n","protected":false},"excerpt":{"rendered":"<p>Republicano o dem\u00f3crata, Europa es un competidor industrial para EEUU, por lo que \u00bfcu\u00e1l es&#8230;<\/p>\n","protected":false},"author":1,"featured_media":2384,"comment_status":"open","ping_status":"closed","sticky":false,"template":"","format":"standard","meta":{"footnotes":""},"categories":[56],"tags":[709,360,148],"class_list":["post-2383","post","type-post","status-publish","format-standard","has-post-thumbnail","hentry","category-medios-aliados","tag-aranceles","tag-europa","tag-trump"],"yoast_head":"<!-- This site is optimized with the Yoast SEO plugin v27.5 - https:\/\/yoast.com\/product\/yoast-seo-wordpress\/ -->\n<title>\u00bfC\u00f3mo han afectado los aranceles de Trump a la Europa globalista? -<\/title>\n<meta name=\"description\" content=\"Aranceles. Europa devela cada vez con mayor claridad la cruda realidad de que la culpa de todos sus males no se debe a la \u2018agresiva Rusia\u2019...\" \/>\n<meta name=\"robots\" content=\"index, follow, max-snippet:-1, max-image-preview:large, max-video-preview:-1\" \/>\n<link rel=\"canonical\" href=\"https:\/\/hueleaazufre.com\/wordpress_a\/index.php\/2025\/04\/14\/aranceles-de-trump-a-la-europa-globalista\/\" \/>\n<meta property=\"og:locale\" content=\"es_ES\" \/>\n<meta property=\"og:type\" content=\"article\" \/>\n<meta property=\"og:title\" content=\"\u00bfC\u00f3mo han afectado los aranceles de Trump a la Europa globalista? -\" \/>\n<meta property=\"og:description\" content=\"Aranceles. Europa devela cada vez con mayor claridad la cruda realidad de que la culpa de todos sus males no se debe a la \u2018agresiva Rusia\u2019...\" \/>\n<meta property=\"og:url\" content=\"https:\/\/hueleaazufre.com\/wordpress_a\/index.php\/2025\/04\/14\/aranceles-de-trump-a-la-europa-globalista\/\" \/>\n<meta property=\"article:published_time\" content=\"2025-04-14T22:23:52+00:00\" \/>\n<meta property=\"og:image\" content=\"https:\/\/hueleaazufre.com\/wordpress_a\/wp-content\/uploads\/2025\/04\/1a-3.webp\" \/>\n\t<meta property=\"og:image:width\" content=\"810\" \/>\n\t<meta property=\"og:image:height\" content=\"409\" \/>\n\t<meta property=\"og:image:type\" content=\"image\/webp\" \/>\n<meta name=\"author\" content=\"Huele a azufre\" \/>\n<meta name=\"twitter:card\" content=\"summary_large_image\" \/>\n<meta name=\"twitter:label1\" content=\"Escrito por\" \/>\n\t<meta name=\"twitter:data1\" content=\"Huele a azufre\" \/>\n\t<meta name=\"twitter:label2\" content=\"Tiempo de lectura\" \/>\n\t<meta name=\"twitter:data2\" content=\"13 minutos\" \/>\n<script type=\"application\/ld+json\" class=\"yoast-schema-graph\">{\"@context\":\"https:\\\/\\\/schema.org\",\"@graph\":[{\"@type\":\"Article\",\"@id\":\"https:\\\/\\\/hueleaazufre.com\\\/wordpress_a\\\/index.php\\\/2025\\\/04\\\/14\\\/aranceles-de-trump-a-la-europa-globalista\\\/#article\",\"isPartOf\":{\"@id\":\"https:\\\/\\\/hueleaazufre.com\\\/wordpress_a\\\/index.php\\\/2025\\\/04\\\/14\\\/aranceles-de-trump-a-la-europa-globalista\\\/\"},\"author\":{\"name\":\"Huele a azufre\",\"@id\":\"https:\\\/\\\/hueleaazufre.com\\\/wordpress_a\\\/#\\\/schema\\\/person\\\/549dd871707ea7f9f1a686323ebe9baa\"},\"headline\":\"\u00bfC\u00f3mo han afectado los aranceles de Trump a la Europa globalista?\",\"datePublished\":\"2025-04-14T22:23:52+00:00\",\"mainEntityOfPage\":{\"@id\":\"https:\\\/\\\/hueleaazufre.com\\\/wordpress_a\\\/index.php\\\/2025\\\/04\\\/14\\\/aranceles-de-trump-a-la-europa-globalista\\\/\"},\"wordCount\":2781,\"commentCount\":0,\"image\":{\"@id\":\"https:\\\/\\\/hueleaazufre.com\\\/wordpress_a\\\/index.php\\\/2025\\\/04\\\/14\\\/aranceles-de-trump-a-la-europa-globalista\\\/#primaryimage\"},\"thumbnailUrl\":\"https:\\\/\\\/hueleaazufre.com\\\/wordpress_a\\\/wp-content\\\/uploads\\\/2025\\\/04\\\/1a-3.webp\",\"keywords\":[\"aranceles\",\"Europa\",\"Trump\"],\"articleSection\":[\"Medios aliados\"],\"inLanguage\":\"es\",\"potentialAction\":[{\"@type\":\"CommentAction\",\"name\":\"Comment\",\"target\":[\"https:\\\/\\\/hueleaazufre.com\\\/wordpress_a\\\/index.php\\\/2025\\\/04\\\/14\\\/aranceles-de-trump-a-la-europa-globalista\\\/#respond\"]}]},{\"@type\":\"WebPage\",\"@id\":\"https:\\\/\\\/hueleaazufre.com\\\/wordpress_a\\\/index.php\\\/2025\\\/04\\\/14\\\/aranceles-de-trump-a-la-europa-globalista\\\/\",\"url\":\"https:\\\/\\\/hueleaazufre.com\\\/wordpress_a\\\/index.php\\\/2025\\\/04\\\/14\\\/aranceles-de-trump-a-la-europa-globalista\\\/\",\"name\":\"\u00bfC\u00f3mo han afectado los aranceles de Trump a la Europa globalista? -\",\"isPartOf\":{\"@id\":\"https:\\\/\\\/hueleaazufre.com\\\/wordpress_a\\\/#website\"},\"primaryImageOfPage\":{\"@id\":\"https:\\\/\\\/hueleaazufre.com\\\/wordpress_a\\\/index.php\\\/2025\\\/04\\\/14\\\/aranceles-de-trump-a-la-europa-globalista\\\/#primaryimage\"},\"image\":{\"@id\":\"https:\\\/\\\/hueleaazufre.com\\\/wordpress_a\\\/index.php\\\/2025\\\/04\\\/14\\\/aranceles-de-trump-a-la-europa-globalista\\\/#primaryimage\"},\"thumbnailUrl\":\"https:\\\/\\\/hueleaazufre.com\\\/wordpress_a\\\/wp-content\\\/uploads\\\/2025\\\/04\\\/1a-3.webp\",\"datePublished\":\"2025-04-14T22:23:52+00:00\",\"author\":{\"@id\":\"https:\\\/\\\/hueleaazufre.com\\\/wordpress_a\\\/#\\\/schema\\\/person\\\/549dd871707ea7f9f1a686323ebe9baa\"},\"description\":\"Aranceles. Europa devela cada vez con mayor claridad la cruda realidad de que la culpa de todos sus males no se debe a la \u2018agresiva Rusia\u2019...\",\"breadcrumb\":{\"@id\":\"https:\\\/\\\/hueleaazufre.com\\\/wordpress_a\\\/index.php\\\/2025\\\/04\\\/14\\\/aranceles-de-trump-a-la-europa-globalista\\\/#breadcrumb\"},\"inLanguage\":\"es\",\"potentialAction\":[{\"@type\":\"ReadAction\",\"target\":[\"https:\\\/\\\/hueleaazufre.com\\\/wordpress_a\\\/index.php\\\/2025\\\/04\\\/14\\\/aranceles-de-trump-a-la-europa-globalista\\\/\"]}]},{\"@type\":\"ImageObject\",\"inLanguage\":\"es\",\"@id\":\"https:\\\/\\\/hueleaazufre.com\\\/wordpress_a\\\/index.php\\\/2025\\\/04\\\/14\\\/aranceles-de-trump-a-la-europa-globalista\\\/#primaryimage\",\"url\":\"https:\\\/\\\/hueleaazufre.com\\\/wordpress_a\\\/wp-content\\\/uploads\\\/2025\\\/04\\\/1a-3.webp\",\"contentUrl\":\"https:\\\/\\\/hueleaazufre.com\\\/wordpress_a\\\/wp-content\\\/uploads\\\/2025\\\/04\\\/1a-3.webp\",\"width\":810,\"height\":409,\"caption\":\"aranceles\"},{\"@type\":\"BreadcrumbList\",\"@id\":\"https:\\\/\\\/hueleaazufre.com\\\/wordpress_a\\\/index.php\\\/2025\\\/04\\\/14\\\/aranceles-de-trump-a-la-europa-globalista\\\/#breadcrumb\",\"itemListElement\":[{\"@type\":\"ListItem\",\"position\":1,\"name\":\"Portada\",\"item\":\"https:\\\/\\\/hueleaazufre.com\\\/wordpress_a\\\/\"},{\"@type\":\"ListItem\",\"position\":2,\"name\":\"\u00bfC\u00f3mo han afectado los aranceles de Trump a la Europa globalista?\"}]},{\"@type\":\"WebSite\",\"@id\":\"https:\\\/\\\/hueleaazufre.com\\\/wordpress_a\\\/#website\",\"url\":\"https:\\\/\\\/hueleaazufre.com\\\/wordpress_a\\\/\",\"name\":\"\",\"description\":\"Huele a azufre es una plataforma digital de an\u00e1lisis geopol\u00edtico.\",\"potentialAction\":[{\"@type\":\"SearchAction\",\"target\":{\"@type\":\"EntryPoint\",\"urlTemplate\":\"https:\\\/\\\/hueleaazufre.com\\\/wordpress_a\\\/?s={search_term_string}\"},\"query-input\":{\"@type\":\"PropertyValueSpecification\",\"valueRequired\":true,\"valueName\":\"search_term_string\"}}],\"inLanguage\":\"es\"},{\"@type\":\"Person\",\"@id\":\"https:\\\/\\\/hueleaazufre.com\\\/wordpress_a\\\/#\\\/schema\\\/person\\\/549dd871707ea7f9f1a686323ebe9baa\",\"name\":\"Huele a azufre\",\"image\":{\"@type\":\"ImageObject\",\"inLanguage\":\"es\",\"@id\":\"https:\\\/\\\/secure.gravatar.com\\\/avatar\\\/e972d5c124b9bf80eb4c9d322a90dd86a59d447f5da36700a77516f13637d44e?s=96&d=mm&r=g\",\"url\":\"https:\\\/\\\/secure.gravatar.com\\\/avatar\\\/e972d5c124b9bf80eb4c9d322a90dd86a59d447f5da36700a77516f13637d44e?s=96&d=mm&r=g\",\"contentUrl\":\"https:\\\/\\\/secure.gravatar.com\\\/avatar\\\/e972d5c124b9bf80eb4c9d322a90dd86a59d447f5da36700a77516f13637d44e?s=96&d=mm&r=g\",\"caption\":\"Huele a azufre\"},\"description\":\"Huele a azufre es una plataforma digital de an\u00e1lisis geopol\u00edtico\u00a0 contrahegem\u00f3nico, que busca visibilizar las voces y los discursos silenciados por el poder medi\u00e1tico.\",\"sameAs\":[\"https:\\\/\\\/hueleaazufre.com\\\/wordpress_a\"],\"url\":\"https:\\\/\\\/hueleaazufre.com\\\/wordpress_a\\\/index.php\\\/author\\\/admin_tupapa\\\/\"}]}<\/script>\n<!-- \/ Yoast SEO plugin. -->","yoast_head_json":{"title":"\u00bfC\u00f3mo han afectado los aranceles de Trump a la Europa globalista? -","description":"Aranceles. Europa devela cada vez con mayor claridad la cruda realidad de que la culpa de todos sus males no se debe a la \u2018agresiva Rusia\u2019...","robots":{"index":"index","follow":"follow","max-snippet":"max-snippet:-1","max-image-preview":"max-image-preview:large","max-video-preview":"max-video-preview:-1"},"canonical":"https:\/\/hueleaazufre.com\/wordpress_a\/index.php\/2025\/04\/14\/aranceles-de-trump-a-la-europa-globalista\/","og_locale":"es_ES","og_type":"article","og_title":"\u00bfC\u00f3mo han afectado los aranceles de Trump a la Europa globalista? -","og_description":"Aranceles. Europa devela cada vez con mayor claridad la cruda realidad de que la culpa de todos sus males no se debe a la \u2018agresiva Rusia\u2019...","og_url":"https:\/\/hueleaazufre.com\/wordpress_a\/index.php\/2025\/04\/14\/aranceles-de-trump-a-la-europa-globalista\/","article_published_time":"2025-04-14T22:23:52+00:00","og_image":[{"width":810,"height":409,"url":"https:\/\/hueleaazufre.com\/wordpress_a\/wp-content\/uploads\/2025\/04\/1a-3.webp","type":"image\/webp"}],"author":"Huele a azufre","twitter_card":"summary_large_image","twitter_misc":{"Escrito por":"Huele a azufre","Tiempo de lectura":"13 minutos"},"schema":{"@context":"https:\/\/schema.org","@graph":[{"@type":"Article","@id":"https:\/\/hueleaazufre.com\/wordpress_a\/index.php\/2025\/04\/14\/aranceles-de-trump-a-la-europa-globalista\/#article","isPartOf":{"@id":"https:\/\/hueleaazufre.com\/wordpress_a\/index.php\/2025\/04\/14\/aranceles-de-trump-a-la-europa-globalista\/"},"author":{"name":"Huele a azufre","@id":"https:\/\/hueleaazufre.com\/wordpress_a\/#\/schema\/person\/549dd871707ea7f9f1a686323ebe9baa"},"headline":"\u00bfC\u00f3mo han afectado los aranceles de Trump a la Europa globalista?","datePublished":"2025-04-14T22:23:52+00:00","mainEntityOfPage":{"@id":"https:\/\/hueleaazufre.com\/wordpress_a\/index.php\/2025\/04\/14\/aranceles-de-trump-a-la-europa-globalista\/"},"wordCount":2781,"commentCount":0,"image":{"@id":"https:\/\/hueleaazufre.com\/wordpress_a\/index.php\/2025\/04\/14\/aranceles-de-trump-a-la-europa-globalista\/#primaryimage"},"thumbnailUrl":"https:\/\/hueleaazufre.com\/wordpress_a\/wp-content\/uploads\/2025\/04\/1a-3.webp","keywords":["aranceles","Europa","Trump"],"articleSection":["Medios aliados"],"inLanguage":"es","potentialAction":[{"@type":"CommentAction","name":"Comment","target":["https:\/\/hueleaazufre.com\/wordpress_a\/index.php\/2025\/04\/14\/aranceles-de-trump-a-la-europa-globalista\/#respond"]}]},{"@type":"WebPage","@id":"https:\/\/hueleaazufre.com\/wordpress_a\/index.php\/2025\/04\/14\/aranceles-de-trump-a-la-europa-globalista\/","url":"https:\/\/hueleaazufre.com\/wordpress_a\/index.php\/2025\/04\/14\/aranceles-de-trump-a-la-europa-globalista\/","name":"\u00bfC\u00f3mo han afectado los aranceles de Trump a la Europa globalista? -","isPartOf":{"@id":"https:\/\/hueleaazufre.com\/wordpress_a\/#website"},"primaryImageOfPage":{"@id":"https:\/\/hueleaazufre.com\/wordpress_a\/index.php\/2025\/04\/14\/aranceles-de-trump-a-la-europa-globalista\/#primaryimage"},"image":{"@id":"https:\/\/hueleaazufre.com\/wordpress_a\/index.php\/2025\/04\/14\/aranceles-de-trump-a-la-europa-globalista\/#primaryimage"},"thumbnailUrl":"https:\/\/hueleaazufre.com\/wordpress_a\/wp-content\/uploads\/2025\/04\/1a-3.webp","datePublished":"2025-04-14T22:23:52+00:00","author":{"@id":"https:\/\/hueleaazufre.com\/wordpress_a\/#\/schema\/person\/549dd871707ea7f9f1a686323ebe9baa"},"description":"Aranceles. Europa devela cada vez con mayor claridad la cruda realidad de que la culpa de todos sus males no se debe a la \u2018agresiva Rusia\u2019...","breadcrumb":{"@id":"https:\/\/hueleaazufre.com\/wordpress_a\/index.php\/2025\/04\/14\/aranceles-de-trump-a-la-europa-globalista\/#breadcrumb"},"inLanguage":"es","potentialAction":[{"@type":"ReadAction","target":["https:\/\/hueleaazufre.com\/wordpress_a\/index.php\/2025\/04\/14\/aranceles-de-trump-a-la-europa-globalista\/"]}]},{"@type":"ImageObject","inLanguage":"es","@id":"https:\/\/hueleaazufre.com\/wordpress_a\/index.php\/2025\/04\/14\/aranceles-de-trump-a-la-europa-globalista\/#primaryimage","url":"https:\/\/hueleaazufre.com\/wordpress_a\/wp-content\/uploads\/2025\/04\/1a-3.webp","contentUrl":"https:\/\/hueleaazufre.com\/wordpress_a\/wp-content\/uploads\/2025\/04\/1a-3.webp","width":810,"height":409,"caption":"aranceles"},{"@type":"BreadcrumbList","@id":"https:\/\/hueleaazufre.com\/wordpress_a\/index.php\/2025\/04\/14\/aranceles-de-trump-a-la-europa-globalista\/#breadcrumb","itemListElement":[{"@type":"ListItem","position":1,"name":"Portada","item":"https:\/\/hueleaazufre.com\/wordpress_a\/"},{"@type":"ListItem","position":2,"name":"\u00bfC\u00f3mo han afectado los aranceles de Trump a la Europa globalista?"}]},{"@type":"WebSite","@id":"https:\/\/hueleaazufre.com\/wordpress_a\/#website","url":"https:\/\/hueleaazufre.com\/wordpress_a\/","name":"","description":"Huele a azufre es una plataforma digital de an\u00e1lisis geopol\u00edtico.","potentialAction":[{"@type":"SearchAction","target":{"@type":"EntryPoint","urlTemplate":"https:\/\/hueleaazufre.com\/wordpress_a\/?s={search_term_string}"},"query-input":{"@type":"PropertyValueSpecification","valueRequired":true,"valueName":"search_term_string"}}],"inLanguage":"es"},{"@type":"Person","@id":"https:\/\/hueleaazufre.com\/wordpress_a\/#\/schema\/person\/549dd871707ea7f9f1a686323ebe9baa","name":"Huele a azufre","image":{"@type":"ImageObject","inLanguage":"es","@id":"https:\/\/secure.gravatar.com\/avatar\/e972d5c124b9bf80eb4c9d322a90dd86a59d447f5da36700a77516f13637d44e?s=96&d=mm&r=g","url":"https:\/\/secure.gravatar.com\/avatar\/e972d5c124b9bf80eb4c9d322a90dd86a59d447f5da36700a77516f13637d44e?s=96&d=mm&r=g","contentUrl":"https:\/\/secure.gravatar.com\/avatar\/e972d5c124b9bf80eb4c9d322a90dd86a59d447f5da36700a77516f13637d44e?s=96&d=mm&r=g","caption":"Huele a azufre"},"description":"Huele a azufre es una plataforma digital de an\u00e1lisis geopol\u00edtico\u00a0 contrahegem\u00f3nico, que busca visibilizar las voces y los discursos silenciados por el poder medi\u00e1tico.","sameAs":["https:\/\/hueleaazufre.com\/wordpress_a"],"url":"https:\/\/hueleaazufre.com\/wordpress_a\/index.php\/author\/admin_tupapa\/"}]}},"_links":{"self":[{"href":"https:\/\/hueleaazufre.com\/wordpress_a\/index.php\/wp-json\/wp\/v2\/posts\/2383","targetHints":{"allow":["GET"]}}],"collection":[{"href":"https:\/\/hueleaazufre.com\/wordpress_a\/index.php\/wp-json\/wp\/v2\/posts"}],"about":[{"href":"https:\/\/hueleaazufre.com\/wordpress_a\/index.php\/wp-json\/wp\/v2\/types\/post"}],"author":[{"embeddable":true,"href":"https:\/\/hueleaazufre.com\/wordpress_a\/index.php\/wp-json\/wp\/v2\/users\/1"}],"replies":[{"embeddable":true,"href":"https:\/\/hueleaazufre.com\/wordpress_a\/index.php\/wp-json\/wp\/v2\/comments?post=2383"}],"version-history":[{"count":1,"href":"https:\/\/hueleaazufre.com\/wordpress_a\/index.php\/wp-json\/wp\/v2\/posts\/2383\/revisions"}],"predecessor-version":[{"id":2385,"href":"https:\/\/hueleaazufre.com\/wordpress_a\/index.php\/wp-json\/wp\/v2\/posts\/2383\/revisions\/2385"}],"wp:featuredmedia":[{"embeddable":true,"href":"https:\/\/hueleaazufre.com\/wordpress_a\/index.php\/wp-json\/wp\/v2\/media\/2384"}],"wp:attachment":[{"href":"https:\/\/hueleaazufre.com\/wordpress_a\/index.php\/wp-json\/wp\/v2\/media?parent=2383"}],"wp:term":[{"taxonomy":"category","embeddable":true,"href":"https:\/\/hueleaazufre.com\/wordpress_a\/index.php\/wp-json\/wp\/v2\/categories?post=2383"},{"taxonomy":"post_tag","embeddable":true,"href":"https:\/\/hueleaazufre.com\/wordpress_a\/index.php\/wp-json\/wp\/v2\/tags?post=2383"}],"curies":[{"name":"wp","href":"https:\/\/api.w.org\/{rel}","templated":true}]}}