{"id":2493,"date":"2025-05-02T22:45:44","date_gmt":"2025-05-02T22:45:44","guid":{"rendered":"https:\/\/hueleaazufre.com\/wordpress_a\/?p=2493"},"modified":"2025-05-02T22:45:44","modified_gmt":"2025-05-02T22:45:44","slug":"la-sombra-que-crece-dentro-del-proyecto-de-estado-israeli","status":"publish","type":"post","link":"https:\/\/hueleaazufre.com\/wordpress_a\/index.php\/2025\/05\/02\/la-sombra-que-crece-dentro-del-proyecto-de-estado-israeli\/","title":{"rendered":"La sombra que crece dentro del proyecto de Estado israel\u00ed"},"content":{"rendered":"<p class=\"graf--startsWithDoubleQuote\">Pero se sentar\u00e1 el Juez, y le quitar\u00e1n su dominio para que sea destruido y arruinado hasta el fin, y que el reino, y el dominio y la majestad de los reinos debajo de todo el cielo sean dados al pueblo de los santos del Alt\u00edsimo, cuyo reino es reino eterno, y todos los dominios le servir\u00e1n y obedecer\u00e1n<\/p>\n<p class=\"graf--startsWithDoubleQuote\">\u00a0 \u00a0 \u00a0 \u00a0 \u00a0 \u00a0 \u00a0 \u00a0 \u00a0 \u00a0 \u00a0 \u00a0 \u00a0 \u00a0 \u00a0 \u00a0 \u00a0 \u00a0 \u00a0 \u00a0 \u00a0 \u00a0 \u00a0 \u00a0 \u00a0 \u00a0 \u00a0 \u00a0 \u00a0 \u00a0 \u00a0 \u00a0 \u00a0 \u00a0 \u00a0 \u00a0 \u00a0 \u00a0 \u00a0 \u00a0 \u00a0 \u00a0 \u00a0 \u00a0 \u00a0 \u00a0 \u00a0 \u00a0 \u00a0 \u00a0 \u00a0 \u00a0 \u00a0 \u00a0 \u00a0 \u00a0 \u00a0 \u00a0 \u00a0 \u00a0 \u00a0 \u00a0 \u00a0 \u00a0 \u00a0 \u00a0 \u00a0 \u00a0 \u00a0 \u00a0 \u00a0 \u00a0 \u00a0 \u00a0 \u00a0 \u00a0 \u00a0 \u00a0 \u00a0 \u00a0 \u00a0 \u00a0 \u00a0 \u00a0 \u00a0 \u00a0 \u00a0 \u00a0 \u00a0 \u00a0 \u00a0 \u00a0 \u00a0 \u00a0 \u00a0 \u00a0 \u00a0 \u00a0 \u00a0 \u00a0 \u00a0 \u00a0 \u00a0 \u00a0 \u00a0 \u00a0 \u00a0 \u00a0 \u00a0 \u00a0 \u00a0 \u00a0 \u00a0 \u00a0 \u00a0 \u00a0 \u00a0 \u00a0 \u00a0 \u00a0 \u00a0 \u00a0 \u00a0 \u00a0 \u00a0 \u00a0 \u00a0 \u00a0 \u00a0 \u00a0 \u00a0 \u00a0 \u00a0 \u00a0 \u00a0 \u00a0 \u00a0 \u00a0 \u00a0 \u00a0 \u00a0 \u00a0 \u00a0 \u00a0 \u00a0 \u00a0 \u00a0 \u00a0 \u00a0 \u00a0 \u00a0 \u00a0 \u00a0 \u00a0 \u00a0 \u00a0 \u00a0 \u00a0 \u00a0 \u00a0 \u00a0 \u00a0 \u00a0 \u00a0 \u00a0 \u00a0 \u00a0 \u00a0 \u00a0 \u00a0 \u00a0 \u00a0 \u00a0 \u00a0 \u00a0 \u00a0 \u00a0 \u00a0 \u00a0 \u00a0 \u00a0 \u00a0 \u00a0 \u00a0 \u00a0 \u00a0 \u00a0 \u00a0 \u00a0 \u00a0 \u00a0 \u00a0 \u00a0 \u00a0 \u00a0 \u00a0 \u00a0 \u00a0 \u00a0 \u00a0 \u00a0 \u00a0 \u00a0 \u00a0 \u00a0 \u00a0 \u00a0 \u00a0 \u00a0 \u00a0 \u00a0 \u00a0 \u00a0 \u00a0Daniel, 7:26-27<\/p>\n<p>La destrucci\u00f3n y ocupaci\u00f3n abierta, expl\u00edcita y total que busca Israel en Gaza es proporcional a la corrosi\u00f3n interna de su sociedad en este momento.<\/p>\n<p>A mayores misiles contra carpas de refugiados repletas de ni\u00f1os, hospitales y escuelas, mayor abismo en el alma de la sociedad que perpetra el exterminio.<\/p>\n<p>El proyecto de naci\u00f3n-pr\u00f3tesis del Reino Unido, Europa y Estados Unidos para librarse de la carga de antisemitismo haciendo que el mundo \u00e1rabe pague la deuda no ha llegado a su centenario, y las l\u00edneas de tensi\u00f3n interna se hacen cada vez m\u00e1s vol\u00e1tiles.<\/p>\n<p>Esto antecede, por varios a\u00f1os, al desencadenamiento y externalizaci\u00f3n sobre su colonia con la energ\u00eda del exterminio que sigui\u00f3 a la operaci\u00f3n Diluvio de Al Aqsa, el 7 de octubre de 2023.<\/p>\n<p>Pero en el proceso gradual de hacer\u00a0<em>de jure<\/em>\u00a0el Estado colonial, segregacionista y dependiente del exterminio, lo que ya era una situaci\u00f3n\u00a0<em>de facto<\/em>\u00a0est\u00e1 conduciendo a la desnudez pol\u00edtica y moral, mientras que con esa evidencia irremediablemente se inflinge heridas mortales.<\/p>\n<h3>1. La pluralidad rabiosa en ascenso: constituci\u00f3n y ontolog\u00eda<\/h3>\n<p>Gradual y despu\u00e9s repentinamente \u2014valga el clich\u00e9\u2014 la sociedad y la pol\u00edtica israel\u00ed se han movido pronunciadamente hacia la derecha.<\/p>\n<p>Inevitablemente, en el centro de este desplazamiento, las interpretaciones en torno al sionismo tienen un papel determinante en lo que ya es, en esencia, un choque.<\/p>\n<p>La convenci\u00f3n pr\u00e1cticamente obliga a la t\u00edpica distribuci\u00f3n izquierda-derecha, aunque el centro de gravedad lo representa el sionismo y la ocupaci\u00f3n. Eso no se discute, la diferencia, si acaso, es de matices.<\/p>\n<p>Como bien se sabe, el Estado de Israel se fund\u00f3 sobre la expulsi\u00f3n de la poblaci\u00f3n nativa, su expoliaci\u00f3n y expropiaci\u00f3n. Y b\u00e1sicamente traslad\u00f3 la matriz angloeuropea.<\/p>\n<p>Se aten\u00fae o juegue un papel expl\u00edcito y central, en su origen, pero sobre todo desde 1967, el estatus de ocupante y reproductor de la tradici\u00f3n colonial impregna y define todo.<\/p>\n<p>Es dif\u00edcil disociar tal condici\u00f3n al pase de factura que trae la historia. La \u00abdemocracia israel\u00ed\u00bb\u00a0no solo se bas\u00f3 en la expulsi\u00f3n y subyugaci\u00f3n de la poblaci\u00f3n \u00e1rabe, fuera musulmana o cristiana. Desde el inicio ten\u00eda otros ciudadanos manifiestamente de segunda.<\/p>\n<p>La memoria del Holocausto, de la Shoah, ha cambiado a lo largo del tiempo y en los primeros a\u00f1os muchos de los primeros colonos, incluidos \u00abpadres fundadores\u00bb\u00a0como Ben-Guri\u00f3n, ve\u00edan con recelo a los sobrevivientes.<\/p>\n<p>Y no con reserva, sino con desd\u00e9n manifiesto, los ashkenazis han visto secularmente a los jud\u00edos originarios del propio oriente y el norte de \u00c1frica, de ascendencia \u00e1rabe, los mizraj\u00edes.<\/p>\n<p>Muchos de ellos, como los jud\u00edos iraqu\u00edes, expulsados de ciudades como Baghdad, producto del terrorismo sionista.<\/p>\n<p>El paso del tiempo produjo una serie de clases subalternas en la que las inferiores, como los \u00e1rabes israel\u00edes, serv\u00edan a trav\u00e9s de una exclusi\u00f3n m\u00e1s profunda de v\u00e1lvula de escape a los que siguen m\u00e1s arriba en la pir\u00e1mide, los mizraj\u00edes, mientras que todas las palancas centrales de poder fueron delineadas y hasta hace poco totalmente controladas por los ashkenazis, provenientes de Europa.<\/p>\n<p>La democracia israel\u00ed nunca ha sido una democracia.<\/p>\n<p>Si le ponemos\u00a0<em>fast forward<\/em>\u00a0a los d\u00edas de hoy, tenemos el avance gradual de los mizraj\u00edes dentro de las palancas de poder institucional y pol\u00edtico.<\/p>\n<p>Y esto se da a la par de las expresiones m\u00e1s radicales ideol\u00f3gicamente, cuyos fundamentos son teocr\u00e1ticos, violentamente excluyentes y, literalmente, apocal\u00edpticos. La derecha religiosa.<\/p>\n<p>Esta es la \u00ab<a href=\"https:\/\/strategic-culture.su\/news\/2025\/03\/17\/kingdom-of-judea-vs-state-of-israel\/\" target=\"_blank\" rel=\"noopener\">pluralidad rabiosa<\/a>\u00bb\u00a0e irredenta que ha pr\u00e1cticamente insurgido en el panorama pol\u00edtico.<\/p>\n<p>Estas facciones son esenciales para sostener en este momento pol\u00edtico a Benjamin Netanyahu y, por extensi\u00f3n, al Likud.<\/p>\n<p>Menajem Begin, terrorista, fundamentalista sionista y premio N\u00f3bel de la Paz fund\u00f3 el partido en los a\u00f1os 70 basado en el revisionismo sionista de Jabotinsky.<\/p>\n<p>El partido, adem\u00e1s de asumir el destino manifiesto sionista, que en nada desenton\u00f3 con el fascismo ni le hizo malas caras, a la vez confluye con las versiones m\u00e1s for\u00e1neas y tiene un poderoso ascendente en el\u00a0<em>establishment<\/em>\u00a0de la pol\u00edtica exterior estadounidense, siendo en esencia el cap\u00edtulo israel\u00ed de los neoconservadores.<\/p>\n<p>Esta alianza est\u00e1 liderando los choques de transformaci\u00f3n del Estado que, a la vez, se aleja de la hegemon\u00eda ashkenazi en la Knesset (el parlamento), en los tribunales y en el\u00a0<em>establishment<\/em>\u00a0de seguridad.<\/p>\n<p>Pero ese reflejo estructural tiene varias dimensiones y condiciona todo el juego.<\/p>\n<p>Se manifiesta, por ejemplo, a partir de un presunto antagonismo entre el \u00ab<a href=\"https:\/\/www.jns.org\/a-deep-state-doesnt-get-any-deeper-than-this\/\" target=\"_blank\" rel=\"noopener\">estado profundo<\/a>\u00bb\u00a0ashkenazi y \u00abel pueblo\u00bb, transfiriendo el esquema de \u00abbatalla cultural\u00bb que ha venido teniendo la pol\u00edtica en Estados Unidos y en Europa.<\/p>\n<p>Los actores no electos de la continuidad administrativa, los bur\u00f3cratas de las instancias de poder, alzados contra Netanyahu y las mayor\u00edas, es decir, la democracia, como rezar\u00eda esa versi\u00f3n.<\/p>\n<p>Una narrativa a veces demasiado bien redondeada.<\/p>\n<p>El enfrentamiento contra el actual primer ministro, bajo esa l\u00f3gica, se manifiesta en los distintos procesos judiciales que enfrenta, y existen comparaciones con el estilo de\u00a0<em>lawfare\u00a0<\/em>que los dem\u00f3cratas y las instituciones desencadenaron contra Trump a prop\u00f3sito del desvirtuado y fallido Russiagate.<\/p>\n<p>Esto \u00faltimo incluye cooperaci\u00f3n que se prolonga,\u00a0<a href=\"https:\/\/www.jns.org\/a-deep-state-doesnt-get-any-deeper-than-this\/\" target=\"_blank\" rel=\"noopener\">seg\u00fan algunos<\/a>, a ONG y otras extensiones que favorecen a la \u00abizquierda\u00bb; igual cooperaci\u00f3n, m\u00e1s intensiva, existe entre los republicanos y el Likud.<\/p>\n<p>Por el otro, el mesianismo y el irredentismo de las expresiones a la derecha del Likud\u00a0<a href=\"https:\/\/theconversation.com\/the-growing-influence-of-israels-ultranationalist-settler-movement-248568\" target=\"_blank\" rel=\"noopener\">es una fuerza que ya act\u00faa dentro del Estado\u00a0<\/a>y que presiona e impone su agenda como condici\u00f3n.<\/p>\n<p>Itamar Ben-Gvir, el actual ministro de seguridad, y Bezalel Smotrich, ministro de finanzas, representan las instancias de ese ala de mayor altura dentro de la geometr\u00eda del poder.<\/p>\n<p>\u00abLo que exacerba esta fractura societaria\u00bb,\u00a0<a href=\"https:\/\/strategic-culture.su\/news\/2025\/03\/17\/kingdom-of-judea-vs-state-of-israel\/\" target=\"_blank\" rel=\"noopener\">escribe<\/a>\u00a0Alastair Crooke, \u00abson dos cosas: primero, es etnocultural; segundo, ideol\u00f3gico. El tercer componente es el m\u00e1s explosivo: la escatolog\u00eda\u00bb.<\/p>\n<p>Este \u00faltimo elemento de la \u00abpluralidad rabiosa\u00bb, representado por gente como Ben Gvir o Smotrich, promueve la visi\u00f3n apocal\u00edptica que conducir\u00e1 al Gran Israel, que demanda la expulsi\u00f3n total de palestinos de la Palestina hist\u00f3rica judaizando a Al Aqsa y levantando el Reino de Judea.<\/p>\n<p>En el centro de esta disputa act\u00faa la propia \u00abjudaidad\u00bb\u00a0del juda\u00edsmo, la cual es la versi\u00f3n verdadera. Fundamentalismo. Escatolog\u00eda.<\/p>\n<p>Hoy en d\u00eda los puntos principales de la refriega, a pesar de que no se limiten exclusivamente a eso, se concentran en la campa\u00f1a de exterminio, el destino de los rehenes tomados el 7 de octubre, y el qu\u00e9 hacer con la \u00aboportunidad\u00bb\u00a0que ofrece la guerra respecto al proyecto sionista.<\/p>\n<p>Si por un lado tenemos las manifestaciones en las que confluye la pugna por un acuerdo con el que se liberen los rehenes, por el otro se intensifica la expansi\u00f3n\u00a0<em>offside<\/em>\u00a0de los colonos en Cisjordania, ansiosos por hacer lo mismo en Gaza.<\/p>\n<p>Un caldo de cultivo, entonces, con muchas expresiones est\u00e1 conduciendo a una tensi\u00f3n que muchos dentro del propio poder constituido, y fuera, ven con alarma.<\/p>\n<p>El rumbo de la guerra y el exterminio, los procesos judiciales dentro y fuera del pa\u00eds, la crisis constitucional en ciernes y sus manifestaciones recientes, todo pasa, en este momento, por Netanyahu.<\/p>\n<p>\u00abHay que decir la verdad. Devolver a los rehenes no es el objetivo m\u00e1s importante&#8230; Decidamos acabar con Gaza de una vez por todas. Devolvamos la confianza del pueblo y demostremos que podemos lograr nuestros objetivos y destruir Ham\u00e1s\u00bb,\u00a0<a href=\"https:\/\/www.ynetespanol.com\/global\/israel\/article\/byebh141ll\" target=\"_blank\" rel=\"noopener\">manifest\u00f3<\/a>\u00a0Bezalel Smotrich hace unos d\u00edas atr\u00e1s.<\/p>\n<p>Desde finales de 2023 Ben Gvir reparte armamento a colonos y otros ciudadanos bajo el pretexto de la autodefensa.\u00a0<a href=\"https:\/\/www.haaretz.com\/israel-news\/2024-03-19\/ty-article\/.premium\/far-right-israeli-minister-celebrates-handing-out-100k-gun-permits-since-oct-7\/0000018e-5682-dc6f-adff-df87a3ae0000\" target=\"_blank\" rel=\"noopener\">M\u00e1s de cien mil fusiles de asalto<\/a>, llegados a este punto.<\/p>\n<h3>2. Crisis de identidad no es igual a conciencia moral, pero podr\u00eda serlo<\/h3>\n<p>Gaza ahora es la l\u00ednea definitoria. El rumbo de la guerra va a ser el rumbo de lo que ser\u00e1 la sociedad israel\u00ed una vez que alcance a ejecutar, o no, la limpieza \u00e9tnica.<\/p>\n<p>Dicho, parece una verdad evidente, pero decirlo, en muchos lugares, atenta contra las actuales definiciones de normalidad tanto individual como colectivamente.<\/p>\n<p>Lo que est\u00e1 sucediendo, y lo que ahora pase, se convierte en el destino del proyecto de Israel.<\/p>\n<p>Claramente los consensos no est\u00e1n resueltos y as\u00ed como para la sociedad israel\u00ed, como para la palestina, la soluci\u00f3n de los dos Estados y todo lo que proven\u00eda de Oslo est\u00e1 patentemente muerto.<\/p>\n<p>Antes del Diluvio de Al Aqsa, en 2023, avanzaba de un estado germinal la legitimidad de no cumplir con el servicio militar,\u00a0<a href=\"https:\/\/www.972mag.com\/israeli-army-refusal-crisis-gaza-war\/\" target=\"_blank\" rel=\"noopener\">seg\u00fan Meron Rapaport<\/a>, incluso m\u00e1s all\u00e1 de la izquierda, el terreno habitual y minoritario donde siempre han existido.<\/p>\n<p>Despu\u00e9s del 7 de octubre esta corriente se silenci\u00f3 mientras que la sociedad se concentraba en torno a la \u00abunidad nacional\u00bb.<\/p>\n<p>Gideon Levy incluso llega a decir que el 8 de octubre de 2023\u00a0<a href=\"https:\/\/www.youtube.com\/watch?v=SoZHKUgaEo8\" target=\"_blank\" rel=\"noopener\">desapareci\u00f3 por completo<\/a>\u00a0la izquierda del panorama.<\/p>\n<p>Tras el desplome del cese al fuego el 18 de marzo comenzaron a aparecer grietas importantes respecto al consenso de la guerra.<\/p>\n<p>Rapaport, cotejando la data, sugiere que desde el inicio de la guerra 100 mil personas se han negado a prestar servicios militares y participar en la guerra.<\/p>\n<p><a href=\"https:\/\/en.idi.org.il\/articles\/59019\" target=\"_blank\" rel=\"noopener\">El \u00faltimo estudio<\/a>\u00a0del Israel Democracy Institute rese\u00f1a que es una mayor\u00eda en ascenso la que ahora considera m\u00e1s importante la liberaci\u00f3n de los rehenes que \u00abderrocar a Ham\u00e1s\u00bb.<\/p>\n<p>68%, frente a 25% que prioriza destruir a Ham\u00e1s, en la liberaci\u00f3n, y por lo tanto lo estar\u00eda a favor de alg\u00fan tipo de acuerdo de cese al fuego.<\/p>\n<p>Esto se da,\u00a0<a href=\"https:\/\/en.idi.org.il\/articles\/59019\" target=\"_blank\" rel=\"noopener\">seg\u00fan el estudio<\/a>, dentro de un clima m\u00e1s pesimista respecto al futuro del mandato democr\u00e1tico, el futuro de la situaci\u00f3n econ\u00f3mica y el de la cohesi\u00f3n social. El optimismo es m\u00e1s alto respecto al futuro de la situaci\u00f3n de seguridad.<\/p>\n<p>Entre los que creen y los que est\u00e1n convencidos de que es imposible cumplir con ambos objetivos suman 49%, no obstante registrar el punto m\u00e1s alto en cuanto a la percepci\u00f3n de retorno de la vida individual a la normalidad.<\/p>\n<p>Frente a eso, y volviendo al punto, las razones por las que m\u00e1s gente rechaza el servicio militar son diversas, en buena medida \u00abno ideol\u00f3gicas\u00bb.<\/p>\n<p>Yael Berda, soci\u00f3loga de la Universidad Hebrea, le dice a Rapaport que, aunque son una minor\u00eda,\u00a0<a href=\"https:\/\/www.972mag.com\/israeli-army-refusal-crisis-gaza-war\/\" target=\"_blank\" rel=\"noopener\">existen<\/a>\u00a0quienes lo hacen por haber ido a Gaza y rechazar lo que vieron.<\/p>\n<p>Para enero de este a\u00f1o las propias Fuerzas de Defensa Israel\u00edes (FDI)\u00a0<a href=\"https:\/\/www.timesofisrael.com\/idf-suicide-rate-rises-amid-ongoing-war-and-mass-reservist-call-ups\/\" target=\"_blank\" rel=\"noopener\">admit\u00edan<\/a>\u00a0que desde el 7 de octubre de 2023 se han suicidado 28 soldados, n\u00famero que implica un aumento exponencial respecto a a\u00f1os anteriores.<\/p>\n<p>Otros lo hacen debido a que perdieron la fe en el gobierno por no haber hecho m\u00e1s por los rehenes, mientras que otro grupo decide contra el \u00abdiscurso de sacrificio\u00bb del ala fundamentaista de los Ben Gvir y Smotrichs.<\/p>\n<p>Denunciando mezquindades pol\u00edticas y personales \u2014Netanyahu\u2014 como intereses que no favorecen a la seguridad, el 10 de abril alrededor de mil pilotos y reservistas de la Fuerza A\u00e9rea\u00a0<a href=\"https:\/\/www.haaretz.com\/israel-news\/2025-04-10\/ty-article\/.premium\/25-air-force-reservists-pull-support-for-letter-signed-by-970-criticizing-gaza-war\/00000196-1be8-dc5b-af96-7bfd1b780000\" target=\"_blank\" rel=\"noopener\">firmaron una carta p\u00fablica<\/a>\u00a0exigiendo el fin de las hostilidades y un acuerdo de liberaci\u00f3n, con tan solo 35 de 970 retract\u00e1ndose.<\/p>\n<p>Luego lo repitieron, con la misma demanda,\u00a0<a href=\"https:\/\/www.timesofisrael.com\/liveblog_entry\/reservists-from-idfs-8200-intel-unit-back-pilots-who-called-for-hostages-release\/\" target=\"_blank\" rel=\"noopener\">250 oficiales de la Unidad 8200<\/a>, el\u00a0brazo de \u00e9lite de la inteligencia militar \u2014que con inteligencia artificial\u00a0<a href=\"https:\/\/www.972mag.com\/lavender-ai-israeli-army-gaza\/\" target=\"_blank\" rel=\"noopener\">arm\u00f3 los bancos de objetivos<\/a>\u00a0en Gaza, por lo que queda en entredicho lo colateral e, incluso, lo indiscriminado.<\/p>\n<p>Tambi\u00e9n un conjunto de exoficiales de la Armada y m\u00e9dicos de la reserva publicaron\u00a0<a href=\"https:\/\/www.timesofisrael.com\/liveblog_entry\/reservists-from-idfs-8200-intel-unit-back-pilots-who-called-for-hostages-release\/\" target=\"_blank\" rel=\"noopener\">respaldando a los pilotos<\/a>.\u00a0<a href=\"https:\/\/www.theguardian.com\/world\/2025\/apr\/14\/israel-government-gaza-hostages-mossad-criticism\" target=\"_blank\" rel=\"noopener\">Igualmente<\/a>\u00a0exagentes del Mossad y 1 500 del cuerpo de blindados y paracaidistas del Ej\u00e9rcito.<\/p>\n<p>Pareciera aceptable reconocer que ah\u00ed confluyen tanto los objetivos expl\u00edcitos \u2014la liberaci\u00f3n de los rehenes mediante acuerdo\u2014 con los reflejos pol\u00edticos m\u00e1s profundos. La otra pugna.<\/p>\n<p>Un cese al fuego y una normalizaci\u00f3n llevar\u00edan a que en tiempos de paz Netanyahu vuelva a encarar sus distintos procesos judiciales y, dada las tensiones pol\u00edticas, un llamado a elecciones.<\/p>\n<p>Bibi arrastra y concentra todo. En buena medida es su propia obra.<\/p>\n<p>Una fractura ya no en lo pol\u00edtico sino en lo militar, en el nervio, ser\u00eda la mayor cat\u00e1strofe.<\/p>\n<p>Por eso mismo, para los halcones el disenso pre 7 de octubre sobre el servicio obligatorio y estas manifestaciones p\u00fablicas de los estamentos de seguridad y militar son responsables de la vulneraci\u00f3n del esfuerzo, incluso, de la laxitud que permiti\u00f3 que la acci\u00f3n armada de octubre de 2023 fuera posible.<\/p>\n<h3>3. \u00bfGuerra civil?<\/h3>\n<p>Al menos hasta ahora dos exprimer ministros,\u00a0<a href=\"https:\/\/www.haaretz.com\/opinion\/2025-04-11\/ty-article-opinion\/.premium\/israel-is-closer-to-a-civil-war-than-ever-before\/00000196-2497-d78d-a1de-3c9ff06b0000\" target=\"_blank\" rel=\"noopener\">Ehud Olmert<\/a>\u00a0y\u00a0<a href=\"https:\/\/www.jpost.com\/israel-news\/politics-and-diplomacy\/article-847274\" target=\"_blank\" rel=\"noopener\">Ehud Barak<\/a>, han alertado sobre el peligro de una guerra civil. Ambos, tambi\u00e9n, han sido severamente cr\u00edticos acerca de la respuesta de Israel y la calle ciega forzada que hoy representa la guerra contra Gaza.<\/p>\n<p>Yair Lapid, una de las principales figuras de la oposici\u00f3n,\u00a0<a href=\"https:\/\/www.timesofisrael.com\/liveblog_entry\/lapid-urges-tax-rebellion-general-strike-if-government-defies-ruling-of-high-court\/\" target=\"_blank\" rel=\"noopener\">comparte el temor y llama a desobedecer<\/a>\u00a0al gobierno si este logra alcanzar en el parlamento que se apruebe\u00a0<a href=\"https:\/\/www.haaretz.com\/israel-news\/2025-03-25\/ty-article-magazine\/tracking-the-legislative-blitz-where-does-netanyahus-judicial-overhaul-stand\/00000195-ccf0-da24-affd-fff46fd80001\" target=\"_blank\" rel=\"noopener\">la abrasiva reforma legislativa y judicial<\/a>.<\/p>\n<p>Esta reforma que ataca, entre otras cosas, la designaci\u00f3n de los jueces de la Corte Suprema, formula leyes que disminuyen, cuando no impiden, el escrutinio legal de las acciones del ejecutivo en todos sus ministerios, lo cual desaf\u00eda el mandato de las cortes frente a las instancias pol\u00edticas mientras profundiza aun m\u00e1s, mediante reformas en materia de ciudadan\u00eda, el propio r\u00e9gimen de\u00a0<em>apartheid<\/em>.<\/p>\n<p>No es lo \u00faltimo lo que estar\u00e1 de primero en las listas de Olmert, Barak o Lapid.<\/p>\n<p>Los cap\u00edtulos m\u00e1s actuales de esta saga lo encarnan en este punto la renuncia\/despido de Ronen Bar, el jefe del servicio de inteligencia exterior, el Shin Bet, y a continuaci\u00f3n el de la fiscal general, Gali Baharav-Miara, y el rol de la fiscal\u00eda.<\/p>\n<p>Que algunos ven, a prop\u00f3sito de los distintos esc\u00e1ndalos por corrupci\u00f3n de Netanyahu, en los cuales tambi\u00e9n quieren encuadrar el \u00abminiCatargate\u00bb, centradas todas las denuncias por\u00a0prevaricaci\u00f3n, tr\u00e1fico de influencias, malversaci\u00f3n, sobre la esfera de los medios.<\/p>\n<p>El Catargate no ha asociado directamente a Netanyahu en este punto, pero ah\u00ed los sectores liberales ven una bala de plata con la que la fiscal\u00a0<a href=\"https:\/\/www.jpost.com\/israel-news\/article-851130\" target=\"_blank\" rel=\"noopener\">pudiera declarar incapaz de gobernar<\/a>\u00a0al pol\u00edtico que m\u00e1s tiempo ha estado en el poder en la historia.<\/p>\n<p>Pero lo de Catar, sus\u00a0<em>lobbies<\/em>\u00a0y su influencia van m\u00e1s all\u00e1 de la interacci\u00f3n entre unos asesores de medios de la oficina del primer ministro y destacan el apoyo financiero a Ham\u00e1s, por lo que abre varias preguntas.<\/p>\n<p>Sea como sea, es una verdad hist\u00f3rica que Israel, Netanyahu en particular, jugaron un papel preponderante en el ascenso de Ham\u00e1s para socavar las bases de la OLP.<\/p>\n<p>Pero lo que pudiera haber de esa influencia, y lo que desde el punto de vista israel\u00ed pas\u00f3 el 7 de octubre, hace que todo sea m\u00e1s turbio de lo que ya es.<\/p>\n<p>En el proceso de Bar, que un tribunal le impidi\u00f3 ser despedido pero que renunciar\u00e1 de todos modos el 15 de julio,\u00a0<a href=\"https:\/\/www.haaretz.com\/israel-news\/2025-04-21\/ty-article\/.premium\/shin-bet-chiefs-affidavit-paints-a-damning-picture-of-israeli-pm-netanyahu\/00000196-5926-d9fc-adbf-5d2f66030000\" target=\"_blank\" rel=\"noopener\">la arista m\u00e1s explosiva<\/a>\u00a0se encuentra en la interrogante sobre qui\u00e9n fue el responsable en no alertar, o no tomar en cuenta las alertas, los d\u00edas antes de que se lanzara la operaci\u00f3n de la resistencia palestina.<\/p>\n<p>En d\u00f3nde cae la culpa pesar\u00eda distinto, mientras en la actualidad existe una guerra\u00a0<a href=\"https:\/\/www.haaretz.com\/israel-news\/2025-04-28\/ty-article\/.premium\/seeking-to-write-oct-7-history-netanyahus-affidavit-shows-why-hes-blocking-state-probe\/00000196-7949-dc28-a3f6-7bcdc7af0000\" target=\"_blank\" rel=\"noopener\">de declaraciones juradas<\/a>\u00a0entre Bar y Netanyahu.<\/p>\n<p>Pero no es lo mismo que la responsabilidad recaiga sobre el Shin Bet que personalmente sobre el primer ministro.<\/p>\n<p>Una comisi\u00f3n que investigue podr\u00eda ser el peor enemigo de este \u00faltimo. Pero, si las condiciones lo favorecen, podr\u00eda ser el mejor amigo. Todo es un asunto de<em>\u00a0timing<\/em>.<\/p>\n<p>Ehud Olmert delinea\u00a0<a href=\"https:\/\/www.haaretz.com\/opinion\/2025-04-11\/ty-article-opinion\/.premium\/israel-is-closer-to-a-civil-war-than-ever-before\/00000196-2497-d78d-a1de-3c9ff06b0000\" target=\"_blank\" rel=\"noopener\">en una nota de opini\u00f3n en Haaretz<\/a>\u00a0las fases y pasos que tendr\u00eda la guerra civil. Donde, seg\u00fan \u00e9l, est\u00e1n por entrar en la segunda etapa. Una decididamente m\u00e1s muscular.<\/p>\n<p>En ella, predice el exprimer ministro de Kadima y bombardero de Beirut, la toma del poder en las instituciones y medios la llevar\u00e1 a cabo la gente armada por Ben Gvir,\u00a0<a href=\"https:\/\/www.haaretz.com\/israel-news\/2024-08-02\/ty-article-magazine\/.highlight\/how-i-found-myself-inside-a-settler-pogrom\/00000191-0eb0-dba6-a59d-0efb03b80000\" target=\"_blank\" rel=\"noopener\">los letales campurusos<\/a>, colonos fundamentalistas, seguidores del hijo de\u00a0<a href=\"https:\/\/www.theguardian.com\/news\/2025\/mar\/20\/meir-kahane-israel-kach-ben-gvir-long-dead-extremist\" target=\"_blank\" rel=\"noopener\">Meir Kahane<\/a>, o formaciones armadas y fanatizadas similares.<\/p>\n<p>Pero para Tom Segev muchas de estas declaraciones son alarmistas,\u00a0<a href=\"https:\/\/www.haaretz.com\/israel-news\/2025-04-04\/ty-article-magazine\/.highlight\/looking-back-israeli-historian-tom-segev-thinks-zionism-was-a-mistake\/00000195-fd06-df89-a39f-fd37929f0000\" target=\"_blank\" rel=\"noopener\">no habr\u00e1 guerra civil, afirma<\/a>, porque no hay partes iguales: existe una mayor\u00eda clara, y no son los ashkenazi.<\/p>\n<p>Aun as\u00ed, seg\u00fan el Jewish People Policy Institute,\u00a0<a href=\"https:\/\/www.jpost.com\/israel-news\/politics-and-diplomacy\/article-848821\" target=\"_blank\" rel=\"noopener\">60% de la poblaci\u00f3n teme una guerra civil<\/a>. Esto entona con declaraciones del presidente de la Corte Suprema, Aharon Barak, que afirm\u00f3 el 20 de marzo en televisi\u00f3n que el pa\u00eds est\u00e1 \u00ab<a href=\"https:\/\/www.jpost.com\/israel-news\/politics-and-diplomacy\/article-847274\" target=\"_blank\" rel=\"noopener\">a un instante<\/a>\u00bb\u00a0de ese escenario.<\/p>\n<p>El 25 de marzo Dudi Amsalem, miembro del parlamento por el Likud y actual ministro de cooperaci\u00f3n regional, declar\u00f3 tambi\u00e9n en televisi\u00f3n\u00a0<a href=\"https:\/\/www.jpost.com\/israel-news\/article-847765\" target=\"_blank\" rel=\"noopener\">que se deber\u00eda ir a la guerra civil<\/a>\u00a0para \u00abderrotar a la izquierda que no acepta nuestra posici\u00f3n\u00bb.<\/p>\n<p>Sea cual sea el escenario, ser\u00e1 amargo.<\/p>\n<h3>4. Hambre, censura, emboscadas (y el grado cero de la moral)<\/h3>\n<p>Uno pudiera pensar que lo mejor que le hab\u00eda pasado a Netanyahu hab\u00eda sido el colapso del gobierno de Al Assad, hasta que Trump gan\u00f3 las elecciones.<\/p>\n<p>El breve periodo de cese al fuego y liberaci\u00f3n de 33\u00a0rehenes israel\u00edes \u2014y 600 rehenes palestinos\u2014, con un calculado despliegue en Gaza de las Brigadas al Qassam, el brazo armado de Ham\u00e1s, al frente de las dem\u00e1s facciones de la resistencia armada palestina supusieron una pesadilla para el primer ministro.<\/p>\n<p>En primer lugar porque la pulcritud visual, la coordinaci\u00f3n y el manejo de medios produc\u00edan un impacto pol\u00edtico y psicol\u00f3gico devastador.<\/p>\n<p>El objetivo central y declarado de degradar y eliminar Ham\u00e1s de Gaza, tras 17 meses de una fuerza abrumadora, ten\u00eda en frente una estructura militar bien engranada que segu\u00eda en pie.<\/p>\n<p>El cese al fuego, adem\u00e1s, constitu\u00eda una capitulaci\u00f3n para Ben Gvir y Smotrich, que renunciaron a la alianza de gobierno poniendo como condici\u00f3n volver al holocausto.<\/p>\n<p>Para empeorar las cosas, a pesar del respaldo casi irrestricto de Trump, el estilo de negociaci\u00f3n varias veces ha sacado del proceso a la propia Israel.<\/p>\n<p>El momento de mayor alarma lo supuso Adam Boehler, enviado especial del presidente estadounidense, al reunirse con emisarios de Ham\u00e1s y declarar que Estados Unidos\u00a0<a href=\"https:\/\/www.axios.com\/2025\/03\/09\/adam-boehler-hamas-israel-talks\" target=\"_blank\" rel=\"noopener\">no es un agente de Israel<\/a>\u00a0y act\u00faa en funci\u00f3n de sus propios intereses. En el medio, para m\u00e1s inri, de la primera fase del cese al fuego.<\/p>\n<p>En ese momento se desencaden\u00f3 la furia sobre Boehler, quien qued\u00f3 pr\u00e1cticamente pulverizado del bucle.\u00a0<a href=\"https:\/\/www.middleeasteye.net\/video\/netanyahu-commits-bloodbath-gaza-save-himself\" target=\"_blank\" rel=\"noopener\">Ya sin ese obst\u00e1culo<\/a>, depurando su gobierno, facilitando el retorno de los dos ministros fundamentalistas, es que impide la segunda fase, desploma el di\u00e1logo y abre el peor cap\u00edtulo del exterminio,\u00a0<a href=\"https:\/\/misionverdad.com\/globalistan\/gaza-esta-poco-de-ser-borrada-del-mapa\" target=\"_blank\" rel=\"noopener\">que es el que estamos viendo ahora<\/a>.<\/p>\n<p>El que mejor le sirve a Netanyahu para no caer.<\/p>\n<p>No solo es que los planes de llevar a cero el ingreso de ayuda humanitaria y hasta de destruir los dep\u00f3sitos donde todav\u00eda queda algo sean una medida para acelerar e intensificar el desplazamiento o la muerte, sino que desde el punto de vista estricto del an\u00e1lisis militar el actual jefe del Estado mayor,\u00a0<a href=\"https:\/\/www.haaretz.com\/middle-east-news\/2025-04-27\/ty-article\/.premium\/hamas-doesnt-seem-keen-on-surrendering-and-trump-could-stop-to-israels-war-efforts-soon\/00000196-7379-de13-add7-737b3e2f0000\" target=\"_blank\" rel=\"noopener\">seg\u00fan Amos Harel<\/a>, se prepara para dar la noticia de que no ser\u00e1 tan f\u00e1cil la expulsi\u00f3n y la ocupaci\u00f3n. Que demandar\u00e1 m\u00e1s esfuerzos y gente para eso.<\/p>\n<p>En d\u00edas recientes ha aumentado r\u00e1pidamente el n\u00famero de muertos, de v\u00edctimas fatales\u00a0<a href=\"https:\/\/thecradle.co\/articles\/hamas-turns-military-disadvantage-into-opportunity-in-gaza-report\" target=\"_blank\" rel=\"noopener\">y de emboscadas complejas<\/a>\u00a0que ralentizan el envi\u00f3n militar para \u00abterminar el trabajo\u00bb.<\/p>\n<p>De todos modos, independiente de las l\u00edneas de tensi\u00f3n interna, el mayor viento de cola en este momento se lo ofrece el gobierno de Estados Unidos, en todos los niveles.<\/p>\n<p>Ya lo hac\u00eda antes, pero no de la manera complaciente e intensiva que ahora ejerce la administraci\u00f3n Trump, en contraste con la relaci\u00f3n pasivo-agresiva con los dem\u00f3cratas, adem\u00e1s de la pol\u00edtica zombie habilitadora de todo de Biden y Blinken.<\/p>\n<p>Por supuesto que son muchas las maneras como est\u00e1n anudadas las situaciones de Israel y Estados Unidos, pero a falta de espacio conviene resaltar al menos de pasada el tsunami de censura que cada vez es m\u00e1s amplio, profundo y violento en torno a las definiciones y acepciones de antisemitismo, y las medidas, incluso extralegales, que toman.<\/p>\n<p>Esto, naturalmente, resalta el papel decisivamente proactivo que certifica que es Estados Unidos el que permite con todas sus letras que el genocidio contin\u00fae, junto con Reino Unido y Alemania.<\/p>\n<p>Constata, tambi\u00e9n, la propagaci\u00f3n del estado amoral con el que se hacen m\u00e1s tolerables acciones militares contra civiles en otras latitudes, como Yemen.<\/p>\n<p>Sea cual sea el desenlace, varios polvorines pueden, con ciertas garant\u00edas, saltar. Conforme avancen las tendencias m\u00e1s destructivas, amparadas por Estados Unidos, se seguir\u00e1 profundizando el abismo.<\/p>\n<p>El 23 de abril se conmemor\u00f3, como todos los a\u00f1os, la Shoah y sus v\u00edctimas. Muchos de los actuales estudiosos del Holocausto,\u00a0<a href=\"https:\/\/www.haaretz.com\/opinion\/2025-04-23\/ty-article-opinion\/.premium\/my-thoughts-during-the-siren\/00000196-63c3-de67-a5df-fbdf57d60000\" target=\"_blank\" rel=\"noopener\">recoge Gideon Levy en su columna<\/a>, sin hacer analog\u00edas exactas, re\u00fanen varios de los art\u00edculos que estos acad\u00e9micos escribieron a prop\u00f3sito de la fecha, en los que se remarca la desaz\u00f3n y el estado de cuestionamiento a partir de lo que ocurre en Gaza, en especial luego del colapso del cese al fuego a mediados de marzo.<\/p>\n<p>Logren o no aniquilar Gaza, Israel no podr\u00e1 negar m\u00e1s nunca su estatus proteico, cabeza de playa y colonia.<\/p>\n<p>Babilonia cay\u00f3 en una noche.<\/p>\n<p>&nbsp;<\/p>\n<p><a href=\"https:\/\/misionverdad.com\/globalistan\/la-sombra-que-crece-dentro-del-proyecto-de-estado-israeli\"><strong>Fuente: Mision Verdad \/ Diego Sequera<\/strong><\/a><\/p>\n","protected":false},"excerpt":{"rendered":"<p>Pero se sentar\u00e1 el Juez, y le quitar\u00e1n su dominio para que sea destruido y&#8230;<\/p>\n","protected":false},"author":1,"featured_media":2496,"comment_status":"open","ping_status":"closed","sticky":false,"template":"","format":"standard","meta":{"footnotes":""},"categories":[56],"tags":[751,203,360,25,681],"class_list":["post-2493","post","type-post","status-publish","format-standard","has-post-thumbnail","hentry","category-medios-aliados","tag-constitucion","tag-democracia","tag-europa","tag-israel","tag-misiles"],"yoast_head":"<!-- This site is optimized with the Yoast SEO plugin v27.5 - https:\/\/yoast.com\/product\/yoast-seo-wordpress\/ -->\n<title>La sombra que crece dentro del proyecto de Estado israel\u00ed -<\/title>\n<meta name=\"description\" content=\"La destrucci\u00f3n y ocupaci\u00f3n abierta, expl\u00edcita y total que busca Israel en Gaza es proporcional a la corrosi\u00f3n interna de su sociedad en este momento.\" \/>\n<meta name=\"robots\" content=\"index, follow, max-snippet:-1, max-image-preview:large, max-video-preview:-1\" \/>\n<link rel=\"canonical\" href=\"https:\/\/hueleaazufre.com\/wordpress_a\/index.php\/2025\/05\/02\/la-sombra-que-crece-dentro-del-proyecto-de-estado-israeli\/\" \/>\n<meta property=\"og:locale\" content=\"es_ES\" \/>\n<meta property=\"og:type\" content=\"article\" \/>\n<meta property=\"og:title\" content=\"La sombra que crece dentro del proyecto de Estado israel\u00ed -\" \/>\n<meta property=\"og:description\" content=\"La destrucci\u00f3n y ocupaci\u00f3n abierta, expl\u00edcita y total que busca Israel en Gaza es proporcional a la corrosi\u00f3n interna de su sociedad en este momento.\" \/>\n<meta property=\"og:url\" content=\"https:\/\/hueleaazufre.com\/wordpress_a\/index.php\/2025\/05\/02\/la-sombra-que-crece-dentro-del-proyecto-de-estado-israeli\/\" \/>\n<meta property=\"article:published_time\" content=\"2025-05-02T22:45:44+00:00\" \/>\n<meta property=\"og:image\" content=\"https:\/\/hueleaazufre.com\/wordpress_a\/wp-content\/uploads\/2025\/05\/1a.jpg\" \/>\n\t<meta property=\"og:image:width\" content=\"712\" \/>\n\t<meta property=\"og:image:height\" content=\"400\" \/>\n\t<meta property=\"og:image:type\" content=\"image\/jpeg\" \/>\n<meta name=\"author\" content=\"Huele a azufre\" \/>\n<meta name=\"twitter:card\" content=\"summary_large_image\" \/>\n<meta name=\"twitter:label1\" content=\"Escrito por\" \/>\n\t<meta name=\"twitter:data1\" content=\"Huele a azufre\" \/>\n\t<meta name=\"twitter:label2\" content=\"Tiempo de lectura\" \/>\n\t<meta name=\"twitter:data2\" content=\"17 minutos\" \/>\n<script type=\"application\/ld+json\" class=\"yoast-schema-graph\">{\"@context\":\"https:\\\/\\\/schema.org\",\"@graph\":[{\"@type\":\"Article\",\"@id\":\"https:\\\/\\\/hueleaazufre.com\\\/wordpress_a\\\/index.php\\\/2025\\\/05\\\/02\\\/la-sombra-que-crece-dentro-del-proyecto-de-estado-israeli\\\/#article\",\"isPartOf\":{\"@id\":\"https:\\\/\\\/hueleaazufre.com\\\/wordpress_a\\\/index.php\\\/2025\\\/05\\\/02\\\/la-sombra-que-crece-dentro-del-proyecto-de-estado-israeli\\\/\"},\"author\":{\"name\":\"Huele a azufre\",\"@id\":\"https:\\\/\\\/hueleaazufre.com\\\/wordpress_a\\\/#\\\/schema\\\/person\\\/549dd871707ea7f9f1a686323ebe9baa\"},\"headline\":\"La sombra que crece dentro del proyecto de Estado israel\u00ed\",\"datePublished\":\"2025-05-02T22:45:44+00:00\",\"mainEntityOfPage\":{\"@id\":\"https:\\\/\\\/hueleaazufre.com\\\/wordpress_a\\\/index.php\\\/2025\\\/05\\\/02\\\/la-sombra-que-crece-dentro-del-proyecto-de-estado-israeli\\\/\"},\"wordCount\":3799,\"commentCount\":0,\"image\":{\"@id\":\"https:\\\/\\\/hueleaazufre.com\\\/wordpress_a\\\/index.php\\\/2025\\\/05\\\/02\\\/la-sombra-que-crece-dentro-del-proyecto-de-estado-israeli\\\/#primaryimage\"},\"thumbnailUrl\":\"https:\\\/\\\/hueleaazufre.com\\\/wordpress_a\\\/wp-content\\\/uploads\\\/2025\\\/05\\\/1a.jpg\",\"keywords\":[\"constituci\u00f3n\",\"democracia\",\"Europa\",\"Israel\",\"misiles\"],\"articleSection\":[\"Medios aliados\"],\"inLanguage\":\"es\",\"potentialAction\":[{\"@type\":\"CommentAction\",\"name\":\"Comment\",\"target\":[\"https:\\\/\\\/hueleaazufre.com\\\/wordpress_a\\\/index.php\\\/2025\\\/05\\\/02\\\/la-sombra-que-crece-dentro-del-proyecto-de-estado-israeli\\\/#respond\"]}]},{\"@type\":\"WebPage\",\"@id\":\"https:\\\/\\\/hueleaazufre.com\\\/wordpress_a\\\/index.php\\\/2025\\\/05\\\/02\\\/la-sombra-que-crece-dentro-del-proyecto-de-estado-israeli\\\/\",\"url\":\"https:\\\/\\\/hueleaazufre.com\\\/wordpress_a\\\/index.php\\\/2025\\\/05\\\/02\\\/la-sombra-que-crece-dentro-del-proyecto-de-estado-israeli\\\/\",\"name\":\"La sombra que crece dentro del proyecto de Estado israel\u00ed -\",\"isPartOf\":{\"@id\":\"https:\\\/\\\/hueleaazufre.com\\\/wordpress_a\\\/#website\"},\"primaryImageOfPage\":{\"@id\":\"https:\\\/\\\/hueleaazufre.com\\\/wordpress_a\\\/index.php\\\/2025\\\/05\\\/02\\\/la-sombra-que-crece-dentro-del-proyecto-de-estado-israeli\\\/#primaryimage\"},\"image\":{\"@id\":\"https:\\\/\\\/hueleaazufre.com\\\/wordpress_a\\\/index.php\\\/2025\\\/05\\\/02\\\/la-sombra-que-crece-dentro-del-proyecto-de-estado-israeli\\\/#primaryimage\"},\"thumbnailUrl\":\"https:\\\/\\\/hueleaazufre.com\\\/wordpress_a\\\/wp-content\\\/uploads\\\/2025\\\/05\\\/1a.jpg\",\"datePublished\":\"2025-05-02T22:45:44+00:00\",\"author\":{\"@id\":\"https:\\\/\\\/hueleaazufre.com\\\/wordpress_a\\\/#\\\/schema\\\/person\\\/549dd871707ea7f9f1a686323ebe9baa\"},\"description\":\"La destrucci\u00f3n y ocupaci\u00f3n abierta, expl\u00edcita y total que busca Israel en Gaza es proporcional a la corrosi\u00f3n interna de su sociedad en este momento.\",\"breadcrumb\":{\"@id\":\"https:\\\/\\\/hueleaazufre.com\\\/wordpress_a\\\/index.php\\\/2025\\\/05\\\/02\\\/la-sombra-que-crece-dentro-del-proyecto-de-estado-israeli\\\/#breadcrumb\"},\"inLanguage\":\"es\",\"potentialAction\":[{\"@type\":\"ReadAction\",\"target\":[\"https:\\\/\\\/hueleaazufre.com\\\/wordpress_a\\\/index.php\\\/2025\\\/05\\\/02\\\/la-sombra-que-crece-dentro-del-proyecto-de-estado-israeli\\\/\"]}]},{\"@type\":\"ImageObject\",\"inLanguage\":\"es\",\"@id\":\"https:\\\/\\\/hueleaazufre.com\\\/wordpress_a\\\/index.php\\\/2025\\\/05\\\/02\\\/la-sombra-que-crece-dentro-del-proyecto-de-estado-israeli\\\/#primaryimage\",\"url\":\"https:\\\/\\\/hueleaazufre.com\\\/wordpress_a\\\/wp-content\\\/uploads\\\/2025\\\/05\\\/1a.jpg\",\"contentUrl\":\"https:\\\/\\\/hueleaazufre.com\\\/wordpress_a\\\/wp-content\\\/uploads\\\/2025\\\/05\\\/1a.jpg\",\"width\":712,\"height\":400},{\"@type\":\"BreadcrumbList\",\"@id\":\"https:\\\/\\\/hueleaazufre.com\\\/wordpress_a\\\/index.php\\\/2025\\\/05\\\/02\\\/la-sombra-que-crece-dentro-del-proyecto-de-estado-israeli\\\/#breadcrumb\",\"itemListElement\":[{\"@type\":\"ListItem\",\"position\":1,\"name\":\"Portada\",\"item\":\"https:\\\/\\\/hueleaazufre.com\\\/wordpress_a\\\/\"},{\"@type\":\"ListItem\",\"position\":2,\"name\":\"La sombra que crece dentro del proyecto de Estado israel\u00ed\"}]},{\"@type\":\"WebSite\",\"@id\":\"https:\\\/\\\/hueleaazufre.com\\\/wordpress_a\\\/#website\",\"url\":\"https:\\\/\\\/hueleaazufre.com\\\/wordpress_a\\\/\",\"name\":\"\",\"description\":\"Huele a azufre es una plataforma digital de an\u00e1lisis geopol\u00edtico.\",\"potentialAction\":[{\"@type\":\"SearchAction\",\"target\":{\"@type\":\"EntryPoint\",\"urlTemplate\":\"https:\\\/\\\/hueleaazufre.com\\\/wordpress_a\\\/?s={search_term_string}\"},\"query-input\":{\"@type\":\"PropertyValueSpecification\",\"valueRequired\":true,\"valueName\":\"search_term_string\"}}],\"inLanguage\":\"es\"},{\"@type\":\"Person\",\"@id\":\"https:\\\/\\\/hueleaazufre.com\\\/wordpress_a\\\/#\\\/schema\\\/person\\\/549dd871707ea7f9f1a686323ebe9baa\",\"name\":\"Huele a azufre\",\"image\":{\"@type\":\"ImageObject\",\"inLanguage\":\"es\",\"@id\":\"https:\\\/\\\/secure.gravatar.com\\\/avatar\\\/e972d5c124b9bf80eb4c9d322a90dd86a59d447f5da36700a77516f13637d44e?s=96&d=mm&r=g\",\"url\":\"https:\\\/\\\/secure.gravatar.com\\\/avatar\\\/e972d5c124b9bf80eb4c9d322a90dd86a59d447f5da36700a77516f13637d44e?s=96&d=mm&r=g\",\"contentUrl\":\"https:\\\/\\\/secure.gravatar.com\\\/avatar\\\/e972d5c124b9bf80eb4c9d322a90dd86a59d447f5da36700a77516f13637d44e?s=96&d=mm&r=g\",\"caption\":\"Huele a azufre\"},\"description\":\"Huele a azufre es una plataforma digital de an\u00e1lisis geopol\u00edtico\u00a0 contrahegem\u00f3nico, que busca visibilizar las voces y los discursos silenciados por el poder medi\u00e1tico.\",\"sameAs\":[\"https:\\\/\\\/hueleaazufre.com\\\/wordpress_a\"],\"url\":\"https:\\\/\\\/hueleaazufre.com\\\/wordpress_a\\\/index.php\\\/author\\\/admin_tupapa\\\/\"}]}<\/script>\n<!-- \/ Yoast SEO plugin. -->","yoast_head_json":{"title":"La sombra que crece dentro del proyecto de Estado israel\u00ed -","description":"La destrucci\u00f3n y ocupaci\u00f3n abierta, expl\u00edcita y total que busca Israel en Gaza es proporcional a la corrosi\u00f3n interna de su sociedad en este momento.","robots":{"index":"index","follow":"follow","max-snippet":"max-snippet:-1","max-image-preview":"max-image-preview:large","max-video-preview":"max-video-preview:-1"},"canonical":"https:\/\/hueleaazufre.com\/wordpress_a\/index.php\/2025\/05\/02\/la-sombra-que-crece-dentro-del-proyecto-de-estado-israeli\/","og_locale":"es_ES","og_type":"article","og_title":"La sombra que crece dentro del proyecto de Estado israel\u00ed -","og_description":"La destrucci\u00f3n y ocupaci\u00f3n abierta, expl\u00edcita y total que busca Israel en Gaza es proporcional a la corrosi\u00f3n interna de su sociedad en este momento.","og_url":"https:\/\/hueleaazufre.com\/wordpress_a\/index.php\/2025\/05\/02\/la-sombra-que-crece-dentro-del-proyecto-de-estado-israeli\/","article_published_time":"2025-05-02T22:45:44+00:00","og_image":[{"width":712,"height":400,"url":"https:\/\/hueleaazufre.com\/wordpress_a\/wp-content\/uploads\/2025\/05\/1a.jpg","type":"image\/jpeg"}],"author":"Huele a azufre","twitter_card":"summary_large_image","twitter_misc":{"Escrito por":"Huele a azufre","Tiempo de lectura":"17 minutos"},"schema":{"@context":"https:\/\/schema.org","@graph":[{"@type":"Article","@id":"https:\/\/hueleaazufre.com\/wordpress_a\/index.php\/2025\/05\/02\/la-sombra-que-crece-dentro-del-proyecto-de-estado-israeli\/#article","isPartOf":{"@id":"https:\/\/hueleaazufre.com\/wordpress_a\/index.php\/2025\/05\/02\/la-sombra-que-crece-dentro-del-proyecto-de-estado-israeli\/"},"author":{"name":"Huele a azufre","@id":"https:\/\/hueleaazufre.com\/wordpress_a\/#\/schema\/person\/549dd871707ea7f9f1a686323ebe9baa"},"headline":"La sombra que crece dentro del proyecto de Estado israel\u00ed","datePublished":"2025-05-02T22:45:44+00:00","mainEntityOfPage":{"@id":"https:\/\/hueleaazufre.com\/wordpress_a\/index.php\/2025\/05\/02\/la-sombra-que-crece-dentro-del-proyecto-de-estado-israeli\/"},"wordCount":3799,"commentCount":0,"image":{"@id":"https:\/\/hueleaazufre.com\/wordpress_a\/index.php\/2025\/05\/02\/la-sombra-que-crece-dentro-del-proyecto-de-estado-israeli\/#primaryimage"},"thumbnailUrl":"https:\/\/hueleaazufre.com\/wordpress_a\/wp-content\/uploads\/2025\/05\/1a.jpg","keywords":["constituci\u00f3n","democracia","Europa","Israel","misiles"],"articleSection":["Medios aliados"],"inLanguage":"es","potentialAction":[{"@type":"CommentAction","name":"Comment","target":["https:\/\/hueleaazufre.com\/wordpress_a\/index.php\/2025\/05\/02\/la-sombra-que-crece-dentro-del-proyecto-de-estado-israeli\/#respond"]}]},{"@type":"WebPage","@id":"https:\/\/hueleaazufre.com\/wordpress_a\/index.php\/2025\/05\/02\/la-sombra-que-crece-dentro-del-proyecto-de-estado-israeli\/","url":"https:\/\/hueleaazufre.com\/wordpress_a\/index.php\/2025\/05\/02\/la-sombra-que-crece-dentro-del-proyecto-de-estado-israeli\/","name":"La sombra que crece dentro del proyecto de Estado israel\u00ed -","isPartOf":{"@id":"https:\/\/hueleaazufre.com\/wordpress_a\/#website"},"primaryImageOfPage":{"@id":"https:\/\/hueleaazufre.com\/wordpress_a\/index.php\/2025\/05\/02\/la-sombra-que-crece-dentro-del-proyecto-de-estado-israeli\/#primaryimage"},"image":{"@id":"https:\/\/hueleaazufre.com\/wordpress_a\/index.php\/2025\/05\/02\/la-sombra-que-crece-dentro-del-proyecto-de-estado-israeli\/#primaryimage"},"thumbnailUrl":"https:\/\/hueleaazufre.com\/wordpress_a\/wp-content\/uploads\/2025\/05\/1a.jpg","datePublished":"2025-05-02T22:45:44+00:00","author":{"@id":"https:\/\/hueleaazufre.com\/wordpress_a\/#\/schema\/person\/549dd871707ea7f9f1a686323ebe9baa"},"description":"La destrucci\u00f3n y ocupaci\u00f3n abierta, expl\u00edcita y total que busca Israel en Gaza es proporcional a la corrosi\u00f3n interna de su sociedad en este momento.","breadcrumb":{"@id":"https:\/\/hueleaazufre.com\/wordpress_a\/index.php\/2025\/05\/02\/la-sombra-que-crece-dentro-del-proyecto-de-estado-israeli\/#breadcrumb"},"inLanguage":"es","potentialAction":[{"@type":"ReadAction","target":["https:\/\/hueleaazufre.com\/wordpress_a\/index.php\/2025\/05\/02\/la-sombra-que-crece-dentro-del-proyecto-de-estado-israeli\/"]}]},{"@type":"ImageObject","inLanguage":"es","@id":"https:\/\/hueleaazufre.com\/wordpress_a\/index.php\/2025\/05\/02\/la-sombra-que-crece-dentro-del-proyecto-de-estado-israeli\/#primaryimage","url":"https:\/\/hueleaazufre.com\/wordpress_a\/wp-content\/uploads\/2025\/05\/1a.jpg","contentUrl":"https:\/\/hueleaazufre.com\/wordpress_a\/wp-content\/uploads\/2025\/05\/1a.jpg","width":712,"height":400},{"@type":"BreadcrumbList","@id":"https:\/\/hueleaazufre.com\/wordpress_a\/index.php\/2025\/05\/02\/la-sombra-que-crece-dentro-del-proyecto-de-estado-israeli\/#breadcrumb","itemListElement":[{"@type":"ListItem","position":1,"name":"Portada","item":"https:\/\/hueleaazufre.com\/wordpress_a\/"},{"@type":"ListItem","position":2,"name":"La sombra que crece dentro del proyecto de Estado israel\u00ed"}]},{"@type":"WebSite","@id":"https:\/\/hueleaazufre.com\/wordpress_a\/#website","url":"https:\/\/hueleaazufre.com\/wordpress_a\/","name":"","description":"Huele a azufre es una plataforma digital de an\u00e1lisis geopol\u00edtico.","potentialAction":[{"@type":"SearchAction","target":{"@type":"EntryPoint","urlTemplate":"https:\/\/hueleaazufre.com\/wordpress_a\/?s={search_term_string}"},"query-input":{"@type":"PropertyValueSpecification","valueRequired":true,"valueName":"search_term_string"}}],"inLanguage":"es"},{"@type":"Person","@id":"https:\/\/hueleaazufre.com\/wordpress_a\/#\/schema\/person\/549dd871707ea7f9f1a686323ebe9baa","name":"Huele a azufre","image":{"@type":"ImageObject","inLanguage":"es","@id":"https:\/\/secure.gravatar.com\/avatar\/e972d5c124b9bf80eb4c9d322a90dd86a59d447f5da36700a77516f13637d44e?s=96&d=mm&r=g","url":"https:\/\/secure.gravatar.com\/avatar\/e972d5c124b9bf80eb4c9d322a90dd86a59d447f5da36700a77516f13637d44e?s=96&d=mm&r=g","contentUrl":"https:\/\/secure.gravatar.com\/avatar\/e972d5c124b9bf80eb4c9d322a90dd86a59d447f5da36700a77516f13637d44e?s=96&d=mm&r=g","caption":"Huele a azufre"},"description":"Huele a azufre es una plataforma digital de an\u00e1lisis geopol\u00edtico\u00a0 contrahegem\u00f3nico, que busca visibilizar las voces y los discursos silenciados por el poder medi\u00e1tico.","sameAs":["https:\/\/hueleaazufre.com\/wordpress_a"],"url":"https:\/\/hueleaazufre.com\/wordpress_a\/index.php\/author\/admin_tupapa\/"}]}},"_links":{"self":[{"href":"https:\/\/hueleaazufre.com\/wordpress_a\/index.php\/wp-json\/wp\/v2\/posts\/2493","targetHints":{"allow":["GET"]}}],"collection":[{"href":"https:\/\/hueleaazufre.com\/wordpress_a\/index.php\/wp-json\/wp\/v2\/posts"}],"about":[{"href":"https:\/\/hueleaazufre.com\/wordpress_a\/index.php\/wp-json\/wp\/v2\/types\/post"}],"author":[{"embeddable":true,"href":"https:\/\/hueleaazufre.com\/wordpress_a\/index.php\/wp-json\/wp\/v2\/users\/1"}],"replies":[{"embeddable":true,"href":"https:\/\/hueleaazufre.com\/wordpress_a\/index.php\/wp-json\/wp\/v2\/comments?post=2493"}],"version-history":[{"count":1,"href":"https:\/\/hueleaazufre.com\/wordpress_a\/index.php\/wp-json\/wp\/v2\/posts\/2493\/revisions"}],"predecessor-version":[{"id":2497,"href":"https:\/\/hueleaazufre.com\/wordpress_a\/index.php\/wp-json\/wp\/v2\/posts\/2493\/revisions\/2497"}],"wp:featuredmedia":[{"embeddable":true,"href":"https:\/\/hueleaazufre.com\/wordpress_a\/index.php\/wp-json\/wp\/v2\/media\/2496"}],"wp:attachment":[{"href":"https:\/\/hueleaazufre.com\/wordpress_a\/index.php\/wp-json\/wp\/v2\/media?parent=2493"}],"wp:term":[{"taxonomy":"category","embeddable":true,"href":"https:\/\/hueleaazufre.com\/wordpress_a\/index.php\/wp-json\/wp\/v2\/categories?post=2493"},{"taxonomy":"post_tag","embeddable":true,"href":"https:\/\/hueleaazufre.com\/wordpress_a\/index.php\/wp-json\/wp\/v2\/tags?post=2493"}],"curies":[{"name":"wp","href":"https:\/\/api.w.org\/{rel}","templated":true}]}}