{"id":2507,"date":"2025-05-02T23:22:21","date_gmt":"2025-05-02T23:22:21","guid":{"rendered":"https:\/\/hueleaazufre.com\/wordpress_a\/?p=2507"},"modified":"2025-05-02T23:22:21","modified_gmt":"2025-05-02T23:22:21","slug":"comparacion-sobre-la-segunda-guerra-mundial","status":"publish","type":"post","link":"https:\/\/hueleaazufre.com\/wordpress_a\/index.php\/2025\/05\/02\/comparacion-sobre-la-segunda-guerra-mundial\/","title":{"rendered":"Odiosa, original (y necesaria) comparaci\u00f3n sobre la Segunda Guerra Mundial"},"content":{"rendered":"<p>Se acercan las fechas conmemorativas sobre el final de la Segunda Guerra Mundial en Europa y, como cada a\u00f1o, desde el Norte Global redoblan esfuerzos para reescribir la historia. Por lo que, inevitable (y gustosamente), nos corresponde cuadruplicar esfuerzos para recordarla tal cual como fue.<\/p>\n<p>Y en esta ocasi\u00f3n lo haremos de una forma que pudiera parecer tan original como caprichosa, pero que tiene todo su sentido: compararemos el rol de Dinamarca durante aquel sangriento conflicto con el de Bielorrusia. Pronto entender\u00e1n por qu\u00e9.<\/p>\n<h3>&#8216;Crema danesa&#8217;<\/h3>\n<p>Cuando la Alemania Nazi invadi\u00f3 Dinamarca, el 9 de abril de 1940, la resistencia de la naci\u00f3n escandinava dur\u00f3 apenas seis horas. No seis meses, o semanas, o aunque fuera d\u00edas, no: seis horas. Que en realidad pudieron haber sido cuatro, solo que algunas fuerzas militares danesas siguieron resistiendo un par de horas m\u00e1s porque no sab\u00edan que el Gobierno ya hab\u00eda capitulado.<\/p>\n<p>Copenhague se hab\u00eda declarado neutral al inicio del estallido, en septiembre de 1939, y confiaba en que su acuerdo con Berl\u00edn de reducir sus fuerzas armadas a la mitad y, sobre todo, su pacto de no agresi\u00f3n alcanzado con las autoridades nazis meses antes los librar\u00edan del conflicto. No fue as\u00ed.<\/p>\n<p>La fulgurante invasi\u00f3n nazi de Dinamarca, que dej\u00f3 alrededor de 20 v\u00edctimas mortales en total, fue denominada jocosamente por los invasores como \u00abel frente de crema\u00bb, por la casi nula resistencia que encontraron. Los daneses, para ser orgullosos descendientes de los vikingos, resultaron ser bastante blandengues, \u00bfno creen?<\/p>\n<blockquote><p>Por supuesto, todo comportamiento del tipo no demasiado heroico, suele venir acompa\u00f1ado de un sinf\u00edn de excusas. Y la historiograf\u00eda danesa no es una excepci\u00f3n<\/p><\/blockquote>\n<p>Tras la invasi\u00f3n, las autoridades locales se encogieron de hombros y durante los cinco a\u00f1os que dur\u00f3 la ocupaci\u00f3n permitieron que los nazis se pasearan por territorio dan\u00e9s como perro por su casa. Los ocupantes agradecieron esa &#8216;cremosa&#8217; hospitalidad autorizando que el Gobierno y parlamento locales, de mayor\u00eda socialdem\u00f3crata, funcionara casi normalmente. \u00abCasi\u00bb porque, a petici\u00f3n de los nazis, las autoridades danesas (violando su propia Constituci\u00f3n) prohibieron al partido comunista dan\u00e9s y varios de sus miembros fueron encarcelados o deportados a Alemania. La polic\u00eda y sistema judicial y hasta la jefatura del Estado, en manos del rey Cristian X, siguieron como si nada.<\/p>\n<p>No hubo resistencia armada de ninguna clase hasta 1943, reci\u00e9n cuando la guerra en Europa comenzaba a voltearse de lado y los nazis apretaron por primera vez las tuercas a los daneses, a los que hasta entonces no hab\u00edan querido molestar demasiado porque los ve\u00edan como sus hermanos arios.<\/p>\n<figure class=\"RTImage-root\">\n<div class=\"RTImage-image RTImage-original\"><picture class=\"Picture-root Picture-original\"><source srcset=\" \nhttps:\/\/mf.b37mrtl.ru\/actualidad\/public_images\/2025.04\/original\/68121a1ae9ff7139d77abfa8.jpg 850w,\n                                    https:\/\/mf.b37mrtl.ru\/actualidad\/public_images\/2025.04\/original\/68121a1ae9ff7139d77abfa8.jpg 1960w,            \" media=\"(-webkit-min-device-pixel-ratio: 2) and (min-resolution: 120dpi)\" sizes=\"912px\" data-srcset=\"\n                                            https:\/\/mf.b37mrtl.ru\/actualidad\/public_images\/2025.04\/original\/68121a1ae9ff7139d77abfa8.jpg 850w,\n                                    https:\/\/mf.b37mrtl.ru\/actualidad\/public_images\/2025.04\/original\/68121a1ae9ff7139d77abfa8.jpg 1960w,            \" \/><source srcset=\" \nhttps:\/\/mf.b37mrtl.ru\/actualidad\/public_images\/2025.04\/original\/68121a1ae9ff7139d77abfa8.jpg 460w,\n                                  https:\/\/mf.b37mrtl.ru\/actualidad\/public_images\/2025.04\/original\/68121a1ae9ff7139d77abfa8.jpg 980w,\n            \" sizes=\"912px\" data-srcset=\"\n                                            https:\/\/mf.b37mrtl.ru\/actualidad\/public_images\/2025.04\/original\/68121a1ae9ff7139d77abfa8.jpg 460w,\n                                  https:\/\/mf.b37mrtl.ru\/actualidad\/public_images\/2025.04\/original\/68121a1ae9ff7139d77abfa8.jpg 980w,\n            \" \/><img decoding=\"async\" class=\"Picture-root Picture-original lazyautosizes lazyloaded\" src=\"https:\/\/mf.b37mrtl.ru\/actualidad\/public_images\/2025.04\/original\/68121a1ae9ff7139d77abfa8.jpg\" sizes=\"912px\" alt=\"\" data-sizes=\"auto\" data-src=\"https:\/\/mf.b37mrtl.ru\/actualidad\/public_images\/2025.04\/original\/68121a1ae9ff7139d77abfa8.jpg\" \/><\/picture><\/div><figcaption class=\"RTImage-footer\"><span class=\"RTImage-caption\"><span class=\"RTImage-captionItem\">Ciudadanos daneses escuchan los t\u00e9rminos de la ocupaci\u00f3n nazi (1940)<\/span><\/span><span class=\"RTImage-source\"><span class=\"RTImage-captionItem\">Gettyimages.ru<\/span><\/span><\/figcaption><\/figure>\n<p>Por supuesto, todo comportamiento del tipo no demasiado heroico, suele venir acompa\u00f1ado de un sinf\u00edn de excusas. Y la historiograf\u00eda danesa no es una excepci\u00f3n a este respecto: en general, tanta pasividad se justifica con que Dinamarca no ten\u00eda un ej\u00e9rcito capaz de enfrentar la maquinaria de guerra nazi y que haberse opuesto hubiera resultado en muchas m\u00e1s v\u00edctimas, incluidas las de la peque\u00f1a comunidad jud\u00eda danesa, que en gran medida result\u00f3 ilesa de la ocupaci\u00f3n. Bien. Son argumentos hasta cierto punto respetables. M\u00e1s adelante los analizamos.<\/p>\n<p>Antes, un par\u00e9ntesis para hacer comparaciones odiosas. Para ello, nos trasladamos a la misma \u00e9poca del siglo XX, pero m\u00e1s hacia el Este: Bielorrusia. \u00bfPor qu\u00e9 Bielorrusia, si en aquel entonces no era un pa\u00eds independiente, sino parte de la Uni\u00f3n Sovi\u00e9tica? \u00bfPor qu\u00e9 no comparar el caso dan\u00e9s ante la invasi\u00f3n nazi con la respuesta de toda la Uni\u00f3n Sovi\u00e9tica o de la mayor de sus integrantes, Rusia? Pues, precisamente, porque entonces no ser\u00eda una comparaci\u00f3n justa, por el tama\u00f1o de cada una. Pero con Bielorrusia lo es mucho m\u00e1s, y no solo en t\u00e9rminos demogr\u00e1ficos, territoriales o militares.<\/p>\n<h3>Un frente nada &#8216;cremoso&#8217;<\/h3>\n<p>Cuando las tropas nazis invadieron la Uni\u00f3n Sovi\u00e9tica, el 22 de junio de 1941, la Rep\u00fablica Socialista Sovi\u00e9tica de Bielorrusia estaba en plena l\u00ednea del frente. La Operaci\u00f3n Barbarroja y la invasi\u00f3n tipo rel\u00e1mpago no se encontr\u00f3 con ning\u00fan &#8216;frente de crema&#8217; en ninguna de las fronteras sovi\u00e9ticas, pero los que estaban m\u00e1s cerca del Reich llevaron sin duda la peor parte.<\/p>\n<p>Pese a la feroz resistencia del Ej\u00e9rcito Rojo en todos los choques, las tropas nazis lograron llegar hasta Minsk y, para finales de agosto de ese a\u00f1o, el actual territorio perteneciente a Bielorrusia qued\u00f3 ocupado por los nazis, que hasta instalaron una administraci\u00f3n central en la capital. Sin embargo, aunque los bielorrusos bien podr\u00edan haberse comportado, digamos, m\u00e1s &#8216;dinamarquesamente&#8217;, lament\u00e1ndose de que ya no ten\u00edan Ej\u00e9rcito y de que los nazis eran demasiado poderosos y rindi\u00e9ndose mansamente, la gran mayor\u00eda de la poblaci\u00f3n local tom\u00f3 una actitud muy diferente.<\/p>\n<figure class=\"RTImage-root\">\n<div class=\"RTImage-image RTImage-original\"><picture class=\"Picture-root Picture-original\"><source srcset=\" \nhttps:\/\/mf.b37mrtl.ru\/actualidad\/public_images\/2025.04\/original\/68121a5ae9ff713ada716c31.jpg 850w,\n                                    https:\/\/mf.b37mrtl.ru\/actualidad\/public_images\/2025.04\/original\/68121a5ae9ff713ada716c31.jpg 1960w,            \" media=\"(-webkit-min-device-pixel-ratio: 2) and (min-resolution: 120dpi)\" sizes=\"912px\" data-srcset=\"\n                                            https:\/\/mf.b37mrtl.ru\/actualidad\/public_images\/2025.04\/original\/68121a5ae9ff713ada716c31.jpg 850w,\n                                    https:\/\/mf.b37mrtl.ru\/actualidad\/public_images\/2025.04\/original\/68121a5ae9ff713ada716c31.jpg 1960w,            \" \/><source srcset=\" \nhttps:\/\/mf.b37mrtl.ru\/actualidad\/public_images\/2025.04\/original\/68121a5ae9ff713ada716c31.jpg 460w,\n                                  https:\/\/mf.b37mrtl.ru\/actualidad\/public_images\/2025.04\/original\/68121a5ae9ff713ada716c31.jpg 980w,\n            \" sizes=\"912px\" data-srcset=\"\n                                            https:\/\/mf.b37mrtl.ru\/actualidad\/public_images\/2025.04\/original\/68121a5ae9ff713ada716c31.jpg 460w,\n                                  https:\/\/mf.b37mrtl.ru\/actualidad\/public_images\/2025.04\/original\/68121a5ae9ff713ada716c31.jpg 980w,\n            \" \/><img decoding=\"async\" class=\"Picture-root Picture-original lazyautosizes lazyloaded\" src=\"https:\/\/mf.b37mrtl.ru\/actualidad\/public_images\/2025.04\/original\/68121a5ae9ff713ada716c31.jpg\" sizes=\"912px\" alt=\"\" data-sizes=\"auto\" data-src=\"https:\/\/mf.b37mrtl.ru\/actualidad\/public_images\/2025.04\/original\/68121a5ae9ff713ada716c31.jpg\" \/><\/picture><\/div><figcaption class=\"RTImage-footer\"><span class=\"RTImage-caption\"><span class=\"RTImage-captionItem\">Partisanos bielorrusos en acci\u00f3n (c.1942)<\/span><\/span><span class=\"RTImage-source\"><span class=\"RTImage-captionItem\">E.Sitnin<\/span><span class=\"RTImage-captionItem\">\u00a0\/ Sputnik<\/span><\/span><\/figcaption><\/figure>\n<p>Desde el primer d\u00eda, cientos de miles de bielorrusos se echaron al monte y comenzaron a resistirse ferozmente contra el invasor, mediante emboscadas, sabotajes y ataques armados puntuales pero constantes, que convirtieron la misi\u00f3n nazi en un infierno. Lo hicieron como pudieron, de forma r\u00fastica, escondi\u00e9ndose en los bosques, con armas de contrabando o explosivos caseros, sin un ej\u00e9rcito regular.<\/p>\n<p>Se calcula que casi medio mill\u00f3n de personas integraron el movimiento partisano en Bielorrusia y realizaron acciones contra los nazis. M\u00e1s de 200.000 de ellas son conmemoradas en una\u00a0<a href=\"https:\/\/partizany.by\/\" target=\"_blank\" rel=\"noopener noreferrer\">web<\/a>, donde aparecen mencionados por nombre, apellido y nacionalidad. L\u00f3gicamente, la gran mayor\u00eda son bielorrusos, pero tambi\u00e9n hay rusos y de otros pueblos que integraban la URSS, as\u00ed como extranjeros que viv\u00edan en la zona al momento de la invasi\u00f3n alemana.<\/p>\n<h3>Una acci\u00f3n de resistencia de pel\u00edcula<\/h3>\n<p>Podr\u00edamos mencionar centenares de sus acciones de resistencia, pero destacaremos apenas una de ellas, protagonizada por tres partisanas: Maria Osipova, Nadezhda Troy\u00e1n y Yelena Mazanik. La primera organiz\u00f3 el operativo, la segunda consigui\u00f3 el explosivo y la tercera lo plant\u00f3 en el lugar acordado: debajo de la cama de Wilhelm Kube, el &#8216;generalkomissar&#8217; de las SS, designado por Hitler como m\u00e1xima autoridad nazi en territorio bielorruso, que muri\u00f3 en la explosi\u00f3n sin sospechar qui\u00e9n era en realidad la doncella que trabajaba en su hogar. Las tres partisanas salieron vivas de la Segunda Guerra Mundial y fueron condecoradas como Hero\u00ednas de la Uni\u00f3n Sovi\u00e9tica.<\/p>\n<blockquote><p>Por supuesto, el precio que pag\u00f3 la Bielorrusia sovi\u00e9tica por resistir al nazismo fue alt\u00edsimo.\u00a0Dos millones de habitantes, incluidos los de origen jud\u00edo, fueron asesinados por los ocupantes.<\/p><\/blockquote>\n<p>Ni siquiera el intento de los invasores de ganarse el favor de los locales mediante pactos con el nacionalismo bielorruso quebr\u00f3 el esp\u00edritu de lucha y resistencia local. Hubo colaboracionistas nazis, pero fueron muy minoritarios frente al movimiento partisano.<\/p>\n<p>Por supuesto, el precio que pag\u00f3 la Bielorrusia sovi\u00e9tica por resistir al nazismo fue alt\u00edsimo. Los invasores deportaron cientos de miles de personas hacia Alemania como mano de obra esclava o para ser exterminada o ambas; arrasaron con al menos 9.000 asentamientos, en ocasiones sin dejar a nadie vivo. Dos millones de habitantes, incluidos los de origen jud\u00edo, fueron asesinados por los ocupantes durante los tres a\u00f1os de presencia nazi.<\/p>\n<h3>Dos actitudes muy diferentes<\/h3>\n<p>Habr\u00e1 quien diga que entiende ambas formas de reaccionar ante la invasi\u00f3n nazi, tanto la danesa como la bielorrusa, que cada una tuvo sus pros y sus contras: gracias a la &#8216;actitud danesa&#8217;, Dinamarca y sus habitantes casi no sufrieron da\u00f1os y gracias a la &#8216;actitud bielorrusa&#8217; se derrot\u00f3 a Hitler. Y todos contentos.<\/p>\n<blockquote><p>Se trata de entender si se est\u00e1 entre quienes se rinden a las primeras de cambio o entre quienes resisten, pese a todos los obst\u00e1culos. Si uno est\u00e1 dispuesto a luchar por lo que cree justo, o prefiere sentarse a esperar que luchen otros.<\/p><\/blockquote>\n<p>Sin embargo, no es dif\u00edcil deducir qu\u00e9 habr\u00eda pasado en este mundo si los bielorrusos tambi\u00e9n hubieran tomado una &#8216;filosof\u00eda danesa&#8217; ante las tropas nazis, y con ellos los rusos y dem\u00e1s integrantes de la Uni\u00f3n Sovi\u00e9tica. O podemos voltear la pregunta y elucubrar cu\u00e1nto antes habr\u00eda llegado el final del Tercer Reich si varios de los pa\u00edses de la Europa Occidental \u2013no solo Dinamarca\u2013, que hoy reparten carnets de buen comportamiento por doquier, hubieran puesto el pecho en lugar de quedarse silbando y mirando para otro lado.<\/p>\n<p>Y la respuesta a ambos interrogantes es la misma, porque la historia y el rol que cada qui\u00e9n jug\u00f3 en ella son lo que son, no lo que digan los sucesivos intentos de distorsionarla. En el fuero interno de cada qui\u00e9n, la comparaci\u00f3n que elegimos no versa sobre nacionalidades, sino sobre modos de entender la humanidad y a uno mismo.<\/p>\n<p>Se trata de entender si se est\u00e1 entre quienes se rinden a las primeras de cambio o entre quienes resisten, pese a todos los obst\u00e1culos. Si uno est\u00e1 dispuesto a luchar por lo que cree justo, o prefiere sentarse a esperar que luchen otros. Si, en fin, pese a todos los riesgos, se est\u00e1 dispuesto a hacer historia o m\u00e1s bien se conforma con no arriesgar nada y ser olvidado por ella.<\/p>\n<p>Y si la respuesta es completamente sincera, no nos acompa\u00f1ar\u00e1 solamente cuando se acerca el 9 de mayo, sino en cada momento de nuestras vidas.<\/p>\n<p>&nbsp;<\/p>\n<p><em>El presente texto es una adaptaci\u00f3n de un video realizado por el equipo de \u00a1Ah\u00ed les va!, escrito y dirigido por Mirko Casale\u00a0\u00a0<\/em><\/p>\n<p>&nbsp;<\/p>\n<p><a href=\"https:\/\/esrt.space\/opinion\/mirko-casale\/548311-odiosa-original-necesaria-comparacion-segunda-guerra-mundial\"><strong>Fuente: Rt\/Mirko Casale<\/strong><\/a><\/p>\n","protected":false},"excerpt":{"rendered":"<p>Se acercan las fechas conmemorativas sobre el final de la Segunda Guerra Mundial en Europa&#8230;<\/p>\n","protected":false},"author":1,"featured_media":2508,"comment_status":"open","ping_status":"closed","sticky":false,"template":"","format":"standard","meta":{"footnotes":""},"categories":[70],"tags":[253,8,732,753,752],"class_list":["post-2507","post","type-post","status-publish","format-standard","has-post-thumbnail","hentry","category-otras-voces","tag-alemania","tag-guerra","tag-mundial","tag-norte-global","tag-segunda"],"yoast_head":"<!-- This site is optimized with the Yoast SEO plugin v27.5 - https:\/\/yoast.com\/product\/yoast-seo-wordpress\/ -->\n<title>Odiosa, original (y necesaria) comparaci\u00f3n sobre la Segunda Guerra Mundial -<\/title>\n<meta name=\"description\" content=\"Comparaci\u00f3n. Se acercan las fechas conmemorativas sobre el final de la Segunda Guerra Mundial en Europa....\" \/>\n<meta name=\"robots\" content=\"index, follow, max-snippet:-1, max-image-preview:large, max-video-preview:-1\" \/>\n<link rel=\"canonical\" href=\"https:\/\/hueleaazufre.com\/wordpress_a\/index.php\/2025\/05\/02\/comparacion-sobre-la-segunda-guerra-mundial\/\" \/>\n<meta property=\"og:locale\" content=\"es_ES\" \/>\n<meta property=\"og:type\" content=\"article\" \/>\n<meta property=\"og:title\" content=\"Odiosa, original (y necesaria) comparaci\u00f3n sobre la Segunda Guerra Mundial -\" \/>\n<meta property=\"og:description\" content=\"Comparaci\u00f3n. Se acercan las fechas conmemorativas sobre el final de la Segunda Guerra Mundial en Europa....\" \/>\n<meta property=\"og:url\" content=\"https:\/\/hueleaazufre.com\/wordpress_a\/index.php\/2025\/05\/02\/comparacion-sobre-la-segunda-guerra-mundial\/\" \/>\n<meta property=\"article:published_time\" content=\"2025-05-02T23:22:21+00:00\" \/>\n<meta property=\"og:image\" content=\"https:\/\/hueleaazufre.com\/wordpress_a\/wp-content\/uploads\/2025\/05\/3a.jpg\" \/>\n\t<meta property=\"og:image:width\" content=\"1104\" \/>\n\t<meta property=\"og:image:height\" content=\"622\" \/>\n\t<meta property=\"og:image:type\" content=\"image\/jpeg\" \/>\n<meta name=\"author\" content=\"Huele a azufre\" \/>\n<meta name=\"twitter:card\" content=\"summary_large_image\" \/>\n<meta name=\"twitter:label1\" content=\"Escrito por\" \/>\n\t<meta name=\"twitter:data1\" content=\"Huele a azufre\" \/>\n\t<meta name=\"twitter:label2\" content=\"Tiempo de lectura\" \/>\n\t<meta name=\"twitter:data2\" content=\"8 minutos\" \/>\n<script type=\"application\/ld+json\" class=\"yoast-schema-graph\">{\"@context\":\"https:\\\/\\\/schema.org\",\"@graph\":[{\"@type\":\"Article\",\"@id\":\"https:\\\/\\\/hueleaazufre.com\\\/wordpress_a\\\/index.php\\\/2025\\\/05\\\/02\\\/comparacion-sobre-la-segunda-guerra-mundial\\\/#article\",\"isPartOf\":{\"@id\":\"https:\\\/\\\/hueleaazufre.com\\\/wordpress_a\\\/index.php\\\/2025\\\/05\\\/02\\\/comparacion-sobre-la-segunda-guerra-mundial\\\/\"},\"author\":{\"name\":\"Huele a azufre\",\"@id\":\"https:\\\/\\\/hueleaazufre.com\\\/wordpress_a\\\/#\\\/schema\\\/person\\\/549dd871707ea7f9f1a686323ebe9baa\"},\"headline\":\"Odiosa, original (y necesaria) comparaci\u00f3n sobre la Segunda Guerra Mundial\",\"datePublished\":\"2025-05-02T23:22:21+00:00\",\"mainEntityOfPage\":{\"@id\":\"https:\\\/\\\/hueleaazufre.com\\\/wordpress_a\\\/index.php\\\/2025\\\/05\\\/02\\\/comparacion-sobre-la-segunda-guerra-mundial\\\/\"},\"wordCount\":1673,\"commentCount\":0,\"image\":{\"@id\":\"https:\\\/\\\/hueleaazufre.com\\\/wordpress_a\\\/index.php\\\/2025\\\/05\\\/02\\\/comparacion-sobre-la-segunda-guerra-mundial\\\/#primaryimage\"},\"thumbnailUrl\":\"https:\\\/\\\/hueleaazufre.com\\\/wordpress_a\\\/wp-content\\\/uploads\\\/2025\\\/05\\\/3a.jpg\",\"keywords\":[\"Alemania\",\"Guerra\",\"mundial\",\"Norte Global\",\"Segunda\"],\"articleSection\":[\"Otras voces\"],\"inLanguage\":\"es\",\"potentialAction\":[{\"@type\":\"CommentAction\",\"name\":\"Comment\",\"target\":[\"https:\\\/\\\/hueleaazufre.com\\\/wordpress_a\\\/index.php\\\/2025\\\/05\\\/02\\\/comparacion-sobre-la-segunda-guerra-mundial\\\/#respond\"]}]},{\"@type\":\"WebPage\",\"@id\":\"https:\\\/\\\/hueleaazufre.com\\\/wordpress_a\\\/index.php\\\/2025\\\/05\\\/02\\\/comparacion-sobre-la-segunda-guerra-mundial\\\/\",\"url\":\"https:\\\/\\\/hueleaazufre.com\\\/wordpress_a\\\/index.php\\\/2025\\\/05\\\/02\\\/comparacion-sobre-la-segunda-guerra-mundial\\\/\",\"name\":\"Odiosa, original (y necesaria) comparaci\u00f3n sobre la Segunda Guerra Mundial -\",\"isPartOf\":{\"@id\":\"https:\\\/\\\/hueleaazufre.com\\\/wordpress_a\\\/#website\"},\"primaryImageOfPage\":{\"@id\":\"https:\\\/\\\/hueleaazufre.com\\\/wordpress_a\\\/index.php\\\/2025\\\/05\\\/02\\\/comparacion-sobre-la-segunda-guerra-mundial\\\/#primaryimage\"},\"image\":{\"@id\":\"https:\\\/\\\/hueleaazufre.com\\\/wordpress_a\\\/index.php\\\/2025\\\/05\\\/02\\\/comparacion-sobre-la-segunda-guerra-mundial\\\/#primaryimage\"},\"thumbnailUrl\":\"https:\\\/\\\/hueleaazufre.com\\\/wordpress_a\\\/wp-content\\\/uploads\\\/2025\\\/05\\\/3a.jpg\",\"datePublished\":\"2025-05-02T23:22:21+00:00\",\"author\":{\"@id\":\"https:\\\/\\\/hueleaazufre.com\\\/wordpress_a\\\/#\\\/schema\\\/person\\\/549dd871707ea7f9f1a686323ebe9baa\"},\"description\":\"Comparaci\u00f3n. Se acercan las fechas conmemorativas sobre el final de la Segunda Guerra Mundial en Europa....\",\"breadcrumb\":{\"@id\":\"https:\\\/\\\/hueleaazufre.com\\\/wordpress_a\\\/index.php\\\/2025\\\/05\\\/02\\\/comparacion-sobre-la-segunda-guerra-mundial\\\/#breadcrumb\"},\"inLanguage\":\"es\",\"potentialAction\":[{\"@type\":\"ReadAction\",\"target\":[\"https:\\\/\\\/hueleaazufre.com\\\/wordpress_a\\\/index.php\\\/2025\\\/05\\\/02\\\/comparacion-sobre-la-segunda-guerra-mundial\\\/\"]}]},{\"@type\":\"ImageObject\",\"inLanguage\":\"es\",\"@id\":\"https:\\\/\\\/hueleaazufre.com\\\/wordpress_a\\\/index.php\\\/2025\\\/05\\\/02\\\/comparacion-sobre-la-segunda-guerra-mundial\\\/#primaryimage\",\"url\":\"https:\\\/\\\/hueleaazufre.com\\\/wordpress_a\\\/wp-content\\\/uploads\\\/2025\\\/05\\\/3a.jpg\",\"contentUrl\":\"https:\\\/\\\/hueleaazufre.com\\\/wordpress_a\\\/wp-content\\\/uploads\\\/2025\\\/05\\\/3a.jpg\",\"width\":1104,\"height\":622,\"caption\":\"Comparaci\u00f3n\"},{\"@type\":\"BreadcrumbList\",\"@id\":\"https:\\\/\\\/hueleaazufre.com\\\/wordpress_a\\\/index.php\\\/2025\\\/05\\\/02\\\/comparacion-sobre-la-segunda-guerra-mundial\\\/#breadcrumb\",\"itemListElement\":[{\"@type\":\"ListItem\",\"position\":1,\"name\":\"Portada\",\"item\":\"https:\\\/\\\/hueleaazufre.com\\\/wordpress_a\\\/\"},{\"@type\":\"ListItem\",\"position\":2,\"name\":\"Odiosa, original (y necesaria) comparaci\u00f3n sobre la Segunda Guerra Mundial\"}]},{\"@type\":\"WebSite\",\"@id\":\"https:\\\/\\\/hueleaazufre.com\\\/wordpress_a\\\/#website\",\"url\":\"https:\\\/\\\/hueleaazufre.com\\\/wordpress_a\\\/\",\"name\":\"\",\"description\":\"Huele a azufre es una plataforma digital de an\u00e1lisis geopol\u00edtico.\",\"potentialAction\":[{\"@type\":\"SearchAction\",\"target\":{\"@type\":\"EntryPoint\",\"urlTemplate\":\"https:\\\/\\\/hueleaazufre.com\\\/wordpress_a\\\/?s={search_term_string}\"},\"query-input\":{\"@type\":\"PropertyValueSpecification\",\"valueRequired\":true,\"valueName\":\"search_term_string\"}}],\"inLanguage\":\"es\"},{\"@type\":\"Person\",\"@id\":\"https:\\\/\\\/hueleaazufre.com\\\/wordpress_a\\\/#\\\/schema\\\/person\\\/549dd871707ea7f9f1a686323ebe9baa\",\"name\":\"Huele a azufre\",\"image\":{\"@type\":\"ImageObject\",\"inLanguage\":\"es\",\"@id\":\"https:\\\/\\\/secure.gravatar.com\\\/avatar\\\/e972d5c124b9bf80eb4c9d322a90dd86a59d447f5da36700a77516f13637d44e?s=96&d=mm&r=g\",\"url\":\"https:\\\/\\\/secure.gravatar.com\\\/avatar\\\/e972d5c124b9bf80eb4c9d322a90dd86a59d447f5da36700a77516f13637d44e?s=96&d=mm&r=g\",\"contentUrl\":\"https:\\\/\\\/secure.gravatar.com\\\/avatar\\\/e972d5c124b9bf80eb4c9d322a90dd86a59d447f5da36700a77516f13637d44e?s=96&d=mm&r=g\",\"caption\":\"Huele a azufre\"},\"description\":\"Huele a azufre es una plataforma digital de an\u00e1lisis geopol\u00edtico\u00a0 contrahegem\u00f3nico, que busca visibilizar las voces y los discursos silenciados por el poder medi\u00e1tico.\",\"sameAs\":[\"https:\\\/\\\/hueleaazufre.com\\\/wordpress_a\"],\"url\":\"https:\\\/\\\/hueleaazufre.com\\\/wordpress_a\\\/index.php\\\/author\\\/admin_tupapa\\\/\"}]}<\/script>\n<!-- \/ Yoast SEO plugin. -->","yoast_head_json":{"title":"Odiosa, original (y necesaria) comparaci\u00f3n sobre la Segunda Guerra Mundial -","description":"Comparaci\u00f3n. Se acercan las fechas conmemorativas sobre el final de la Segunda Guerra Mundial en Europa....","robots":{"index":"index","follow":"follow","max-snippet":"max-snippet:-1","max-image-preview":"max-image-preview:large","max-video-preview":"max-video-preview:-1"},"canonical":"https:\/\/hueleaazufre.com\/wordpress_a\/index.php\/2025\/05\/02\/comparacion-sobre-la-segunda-guerra-mundial\/","og_locale":"es_ES","og_type":"article","og_title":"Odiosa, original (y necesaria) comparaci\u00f3n sobre la Segunda Guerra Mundial -","og_description":"Comparaci\u00f3n. Se acercan las fechas conmemorativas sobre el final de la Segunda Guerra Mundial en Europa....","og_url":"https:\/\/hueleaazufre.com\/wordpress_a\/index.php\/2025\/05\/02\/comparacion-sobre-la-segunda-guerra-mundial\/","article_published_time":"2025-05-02T23:22:21+00:00","og_image":[{"width":1104,"height":622,"url":"https:\/\/hueleaazufre.com\/wordpress_a\/wp-content\/uploads\/2025\/05\/3a.jpg","type":"image\/jpeg"}],"author":"Huele a azufre","twitter_card":"summary_large_image","twitter_misc":{"Escrito por":"Huele a azufre","Tiempo de lectura":"8 minutos"},"schema":{"@context":"https:\/\/schema.org","@graph":[{"@type":"Article","@id":"https:\/\/hueleaazufre.com\/wordpress_a\/index.php\/2025\/05\/02\/comparacion-sobre-la-segunda-guerra-mundial\/#article","isPartOf":{"@id":"https:\/\/hueleaazufre.com\/wordpress_a\/index.php\/2025\/05\/02\/comparacion-sobre-la-segunda-guerra-mundial\/"},"author":{"name":"Huele a azufre","@id":"https:\/\/hueleaazufre.com\/wordpress_a\/#\/schema\/person\/549dd871707ea7f9f1a686323ebe9baa"},"headline":"Odiosa, original (y necesaria) comparaci\u00f3n sobre la Segunda Guerra Mundial","datePublished":"2025-05-02T23:22:21+00:00","mainEntityOfPage":{"@id":"https:\/\/hueleaazufre.com\/wordpress_a\/index.php\/2025\/05\/02\/comparacion-sobre-la-segunda-guerra-mundial\/"},"wordCount":1673,"commentCount":0,"image":{"@id":"https:\/\/hueleaazufre.com\/wordpress_a\/index.php\/2025\/05\/02\/comparacion-sobre-la-segunda-guerra-mundial\/#primaryimage"},"thumbnailUrl":"https:\/\/hueleaazufre.com\/wordpress_a\/wp-content\/uploads\/2025\/05\/3a.jpg","keywords":["Alemania","Guerra","mundial","Norte Global","Segunda"],"articleSection":["Otras voces"],"inLanguage":"es","potentialAction":[{"@type":"CommentAction","name":"Comment","target":["https:\/\/hueleaazufre.com\/wordpress_a\/index.php\/2025\/05\/02\/comparacion-sobre-la-segunda-guerra-mundial\/#respond"]}]},{"@type":"WebPage","@id":"https:\/\/hueleaazufre.com\/wordpress_a\/index.php\/2025\/05\/02\/comparacion-sobre-la-segunda-guerra-mundial\/","url":"https:\/\/hueleaazufre.com\/wordpress_a\/index.php\/2025\/05\/02\/comparacion-sobre-la-segunda-guerra-mundial\/","name":"Odiosa, original (y necesaria) comparaci\u00f3n sobre la Segunda Guerra Mundial -","isPartOf":{"@id":"https:\/\/hueleaazufre.com\/wordpress_a\/#website"},"primaryImageOfPage":{"@id":"https:\/\/hueleaazufre.com\/wordpress_a\/index.php\/2025\/05\/02\/comparacion-sobre-la-segunda-guerra-mundial\/#primaryimage"},"image":{"@id":"https:\/\/hueleaazufre.com\/wordpress_a\/index.php\/2025\/05\/02\/comparacion-sobre-la-segunda-guerra-mundial\/#primaryimage"},"thumbnailUrl":"https:\/\/hueleaazufre.com\/wordpress_a\/wp-content\/uploads\/2025\/05\/3a.jpg","datePublished":"2025-05-02T23:22:21+00:00","author":{"@id":"https:\/\/hueleaazufre.com\/wordpress_a\/#\/schema\/person\/549dd871707ea7f9f1a686323ebe9baa"},"description":"Comparaci\u00f3n. Se acercan las fechas conmemorativas sobre el final de la Segunda Guerra Mundial en Europa....","breadcrumb":{"@id":"https:\/\/hueleaazufre.com\/wordpress_a\/index.php\/2025\/05\/02\/comparacion-sobre-la-segunda-guerra-mundial\/#breadcrumb"},"inLanguage":"es","potentialAction":[{"@type":"ReadAction","target":["https:\/\/hueleaazufre.com\/wordpress_a\/index.php\/2025\/05\/02\/comparacion-sobre-la-segunda-guerra-mundial\/"]}]},{"@type":"ImageObject","inLanguage":"es","@id":"https:\/\/hueleaazufre.com\/wordpress_a\/index.php\/2025\/05\/02\/comparacion-sobre-la-segunda-guerra-mundial\/#primaryimage","url":"https:\/\/hueleaazufre.com\/wordpress_a\/wp-content\/uploads\/2025\/05\/3a.jpg","contentUrl":"https:\/\/hueleaazufre.com\/wordpress_a\/wp-content\/uploads\/2025\/05\/3a.jpg","width":1104,"height":622,"caption":"Comparaci\u00f3n"},{"@type":"BreadcrumbList","@id":"https:\/\/hueleaazufre.com\/wordpress_a\/index.php\/2025\/05\/02\/comparacion-sobre-la-segunda-guerra-mundial\/#breadcrumb","itemListElement":[{"@type":"ListItem","position":1,"name":"Portada","item":"https:\/\/hueleaazufre.com\/wordpress_a\/"},{"@type":"ListItem","position":2,"name":"Odiosa, original (y necesaria) comparaci\u00f3n sobre la Segunda Guerra Mundial"}]},{"@type":"WebSite","@id":"https:\/\/hueleaazufre.com\/wordpress_a\/#website","url":"https:\/\/hueleaazufre.com\/wordpress_a\/","name":"","description":"Huele a azufre es una plataforma digital de an\u00e1lisis geopol\u00edtico.","potentialAction":[{"@type":"SearchAction","target":{"@type":"EntryPoint","urlTemplate":"https:\/\/hueleaazufre.com\/wordpress_a\/?s={search_term_string}"},"query-input":{"@type":"PropertyValueSpecification","valueRequired":true,"valueName":"search_term_string"}}],"inLanguage":"es"},{"@type":"Person","@id":"https:\/\/hueleaazufre.com\/wordpress_a\/#\/schema\/person\/549dd871707ea7f9f1a686323ebe9baa","name":"Huele a azufre","image":{"@type":"ImageObject","inLanguage":"es","@id":"https:\/\/secure.gravatar.com\/avatar\/e972d5c124b9bf80eb4c9d322a90dd86a59d447f5da36700a77516f13637d44e?s=96&d=mm&r=g","url":"https:\/\/secure.gravatar.com\/avatar\/e972d5c124b9bf80eb4c9d322a90dd86a59d447f5da36700a77516f13637d44e?s=96&d=mm&r=g","contentUrl":"https:\/\/secure.gravatar.com\/avatar\/e972d5c124b9bf80eb4c9d322a90dd86a59d447f5da36700a77516f13637d44e?s=96&d=mm&r=g","caption":"Huele a azufre"},"description":"Huele a azufre es una plataforma digital de an\u00e1lisis geopol\u00edtico\u00a0 contrahegem\u00f3nico, que busca visibilizar las voces y los discursos silenciados por el poder medi\u00e1tico.","sameAs":["https:\/\/hueleaazufre.com\/wordpress_a"],"url":"https:\/\/hueleaazufre.com\/wordpress_a\/index.php\/author\/admin_tupapa\/"}]}},"_links":{"self":[{"href":"https:\/\/hueleaazufre.com\/wordpress_a\/index.php\/wp-json\/wp\/v2\/posts\/2507","targetHints":{"allow":["GET"]}}],"collection":[{"href":"https:\/\/hueleaazufre.com\/wordpress_a\/index.php\/wp-json\/wp\/v2\/posts"}],"about":[{"href":"https:\/\/hueleaazufre.com\/wordpress_a\/index.php\/wp-json\/wp\/v2\/types\/post"}],"author":[{"embeddable":true,"href":"https:\/\/hueleaazufre.com\/wordpress_a\/index.php\/wp-json\/wp\/v2\/users\/1"}],"replies":[{"embeddable":true,"href":"https:\/\/hueleaazufre.com\/wordpress_a\/index.php\/wp-json\/wp\/v2\/comments?post=2507"}],"version-history":[{"count":1,"href":"https:\/\/hueleaazufre.com\/wordpress_a\/index.php\/wp-json\/wp\/v2\/posts\/2507\/revisions"}],"predecessor-version":[{"id":2509,"href":"https:\/\/hueleaazufre.com\/wordpress_a\/index.php\/wp-json\/wp\/v2\/posts\/2507\/revisions\/2509"}],"wp:featuredmedia":[{"embeddable":true,"href":"https:\/\/hueleaazufre.com\/wordpress_a\/index.php\/wp-json\/wp\/v2\/media\/2508"}],"wp:attachment":[{"href":"https:\/\/hueleaazufre.com\/wordpress_a\/index.php\/wp-json\/wp\/v2\/media?parent=2507"}],"wp:term":[{"taxonomy":"category","embeddable":true,"href":"https:\/\/hueleaazufre.com\/wordpress_a\/index.php\/wp-json\/wp\/v2\/categories?post=2507"},{"taxonomy":"post_tag","embeddable":true,"href":"https:\/\/hueleaazufre.com\/wordpress_a\/index.php\/wp-json\/wp\/v2\/tags?post=2507"}],"curies":[{"name":"wp","href":"https:\/\/api.w.org\/{rel}","templated":true}]}}