{"id":2538,"date":"2025-05-09T21:54:56","date_gmt":"2025-05-09T21:54:56","guid":{"rendered":"https:\/\/hueleaazufre.com\/wordpress_a\/?p=2538"},"modified":"2025-05-09T22:19:42","modified_gmt":"2025-05-09T22:19:42","slug":"dia-de-la-victoria-lucha-contra-las-bestias-pardas-ayer-y-hoy","status":"publish","type":"post","link":"https:\/\/hueleaazufre.com\/wordpress_a\/index.php\/2025\/05\/09\/dia-de-la-victoria-lucha-contra-las-bestias-pardas-ayer-y-hoy\/","title":{"rendered":"D\u00eda de la Victoria: Lucha contra las bestias pardas ayer y hoy"},"content":{"rendered":"<p>En este mes de mayo del 2025, deseo reflotar un art\u00edculo escrito hace algunos a\u00f1os y que hoy, m\u00e1s que nunca, en la conmemoraci\u00f3n de los 80 a\u00f1os del triunfo de las fuerzas sovi\u00e9ticas contra las bestias pardas nazis, creo fundamental realzarla como una de las gestas m\u00e1s importantes del siglo XX.<\/p>\n<p>Recordemos que, el 9 de mayo del a\u00f1o 1945, el ej\u00e9rcito rojo sovi\u00e9tico concret\u00f3 su victoria contra el Tercer Reich dominado por la ideolog\u00eda supremacista, racista y genocida del nacionalsocialismo. Un triunfo logrado con un esfuerzo monumental del pueblo sovi\u00e9tico, que cost\u00f3 la vida de 27 millones de ciudadanos de la extinta Uni\u00f3n de Rep\u00fablicas Socialistas Sovi\u00e9ticas (URSS) principalmente rusos.<\/p>\n<p>&nbsp;<\/p>\n<figure class=\"wp-block-image size-full\"><img decoding=\"async\" class=\"wp-image-163537\" title=\"D\u00eda de la Victoria: Lucha contra las bestias pardas ayer y hoy 2\" src=\"https:\/\/ikona.telesurtv.net\/content\/uploads\/2025\/05\/articulo-jofre-bandera-reichstag.jpg.webp\" alt=\"articulo jofre bandera reichstag.jpg\" width=\"170\" height=\"209\" \/><\/figure>\n<p>&nbsp;<\/p>\n<p>Estos millones de hombres y mujeres, ofrendaron su vida para la liberaci\u00f3n de su patria y con ello a parte importante de una Europa que hoy, de la mano de una dirigencia nefasta pretende conmemorar sin reconocer los m\u00e9ritos de aquel pueblo que permiti\u00f3 su liberaci\u00f3n. Una muestra evidente del desprecio por la historia que personajes como Emmanuel Macron, presidente de Francia, Ursula Von der Leyen, presidenta de la Comisi\u00f3n Europea, el primer ministro de Gran Breta\u00f1a Keir Starmer, tratan de hacer primar en una lectura de la historia que desconoce el esfuerzo principal ruso en salvar a esos mismos pa\u00edses del dominio nazi, de los cuales provienen estos personajes. Ingratos y sobre todo negacionistas.<\/p>\n<p>Una Europa que sufri\u00f3 m\u00e1s de un lustro de ocupaci\u00f3n y cr\u00edmenes a manos de uno de los reg\u00edmenes m\u00e1s criminales que haya dado la humanidad con el siglo XX, como fue la entidad nazi, s\u00f3lo comparable para aquellos que pueden sentirse lejanos de aquellos a\u00f1os de la SGM, a la entidad nacionalsionista israel\u00ed. Una creaci\u00f3n artificiosa que surge al escenario internacional el a\u00f1o 1948 y que ha sido fiel alumno de aquellos procesos de genocidio implementados por el Tercer Reich y que ha llevado a la pr\u00e1ctica, hasta el d\u00eda de hoy, contra el pueblo palestino a quien ocupa, coloniza y extermina.<\/p>\n<p>Europa liberada por la ex URSS de un r\u00e9gimen, que se hab\u00eda impuesto a sangre y fuego entre los a\u00f1os 1939 y 1945 generando una de las guerras m\u00e1s mort\u00edferas que haya conocido la humanidad. Han transcurrido 80 a\u00f1os desde el fin de la Segunda Guerra Mundial (SGM) o Gran Guerra Patria como la denomina el pueblo ruso (1)<strong>,\u00a0<\/strong>cuyo Gobierno, como ha sido tradicional, ya sea bajo la ex URSS o la actual Federaci\u00f3n Rusa, ha decidido a pesar de amenazas y una situaci\u00f3n de beligerancia, que se extiende ya por 3 a\u00f1os, conmemorar tal fecha con un monumental desfile en la Plaza Roja de Mosc\u00fa. Los presidentes de China, Xi Jinping, y de Brasil, Luiz In\u00e1cio Lula da Silva, figuran entre los 20 dirigentes extranjeros que se espera asistan.<\/p>\n<p>Esto, en un marco de conflicto b\u00e9lico contra Estados Unidos, la OTAN y el testaferro ucraniano cuyo presidente de facto Volodimir Zelenski, rechaz\u00f3 la propuesta del presidente ruso Vladimir Putin de un alto al fuego por tres d\u00edas y amenaz\u00f3, altanero y soberbio a la Federaci\u00f3n Rusa \u201cAhora mismo, est\u00e1n preocupados (Rusia) por si pueden celebrar su desfile militar, y con raz\u00f3n. Pero lo que realmente deber\u00eda preocuparles es que esta guerra sigue su curso\u2026Para todos los pa\u00edses que han viajado o viajan para el 9 de mayo, nuestra postura es muy sencilla: no podemos hacernos responsables de lo que ocurra en el territorio de la Federaci\u00f3n de Rusia. Ellos les proporcionan seguridad y, por tanto, no les daremos ninguna garant\u00eda\u00bb.(2)<\/p>\n<p>El secretario del Comit\u00e9 para Asuntos de Seguridad, Defensa e Inteligencia del Parlamento ucraniano, Rom\u00e1n Kostenko, en apoyo a Zelenski sostuvo que \u201cUcrania tiene capacidades\u00a0para atacar la Plaza Roja\u00a0de Mosc\u00fa cuando acoja el desfile militar. El pasado s\u00e1bado 3 de mayo, el l\u00edder del r\u00e9gimen de Kiev incluso amenaz\u00f3 a todos aquellos que decidan reunirse en la Plaza Roja para conmemorar el D\u00eda de la Victoria. Las palabras ucranianas reflejan una desesperaci\u00f3n, que s\u00f3lo los lleva al suicidio pol\u00edtico y militar.<\/p>\n<p>Ante esta intimidaci\u00f3n, el vicepresidente del Consejo de Seguridad de Rusia, Dmitri Medv\u00e9dev, se\u00f1al\u00f3 firmemente que \u201cel cabr\u00f3n verde sin afeitar dijo que rechaza la oferta de Putin de un alto el fuego de tres d\u00edas para el 9 de mayo y que no puede garantizar la seguridad de los l\u00edderes mundiales en Mosc\u00fa \u00bfQui\u00e9n busca sus garant\u00edas? Solo es una provocaci\u00f3n verbal. Nada m\u00e1s. Zelenski\u00a0entiende que, de haber una provocaci\u00f3n real en el D\u00eda de la Victoria, nadie garantiza que Kiev llegue al 10 de mayo\u201d. Un desfile que se realiza en el marco de la guerra de Rusia destinado a desnazificar y desmilitarizar a Ucrania, cuyo pa\u00eds desde el a\u00f1o 2014 se ha convertido en parte de la estrategia de cerco contra el pa\u00eds euroasi\u00e1tico. Una pr\u00e1ctica que tiene, como eje principal, la expansi\u00f3n de la Organizaci\u00f3n del Tratado del Atl\u00e1ntico Norte (OTAN) hacia la frontera occidental rusa.<\/p>\n<p>La enraizada revista militar ruso, con miles de efectivos militares, carros de combate, tanques, blindados, sistemas de misiles son muestra del poder\u00edo militar ruso, que genera permanentemente sinf\u00edn de conjeturas, surgidas, esencialmente, de los medios de informaci\u00f3n occidentales, que hoy tratan de darle un significado de una posible suspensi\u00f3n del desfile o incluso un ataque v\u00eda drones contra la Plaza Roja pero\u2026 la pregunta es: \u00bfSe atrever\u00e1n Washington y sus cervatillos europeos de la OTAN a autorizar a Zelenski a atacar un desfile que cuente con la presencia no solo del l\u00edder ruso, sino invitados de la talla de Xi Jinping?<\/p>\n<p>&nbsp;<\/p>\n<figure class=\"wp-block-image size-full\"><img decoding=\"async\" class=\"wp-image-163538\" title=\"D\u00eda de la Victoria: Lucha contra las bestias pardas ayer y hoy 3\" src=\"https:\/\/ikona.telesurtv.net\/content\/uploads\/2025\/05\/articulo-jofre-putin-y-xi.jpg.webp\" alt=\"articulo jofre putin y\" width=\"224\" height=\"168\" \/><\/figure>\n<p>&nbsp;<\/p>\n<p>Indudablemente esta es una visi\u00f3n interesada y repetida hasta el hartazgo, por gran parte de las cadenas informativas occidentales, ya sea en sus variantes radiales, impresas, televisivas, como tambi\u00e9n redes sociales, en una campa\u00f1a de rusofobia con noticias falsas pero tambi\u00e9n de incrementar la posibilidad de actos terroristas en la capital rusa que impliquen una respuesta de tal envergadura que los medios occidentales presente la necesaria y justa respuesta rusa como un declaraci\u00f3n de guerra al \u201cmundo\u201d. Recordemos que hoy la Federaci\u00f3n Rusa sufre un uso coordinado de acciones pol\u00edticas, diplom\u00e1ticas, operaciones sicol\u00f3gicas propias de una guerra h\u00edbrida, como no se hab\u00eda experimentado desde las operaciones militares en la invasi\u00f3n a Afganist\u00e1n, Irak o Libia.<\/p>\n<p>Para esta demonizaci\u00f3n de Rusia se han prestado gobiernos, medios de desinformaci\u00f3n y manipulaci\u00f3n, redes sociales, organizaciones deportivas como la FIFA, el Comit\u00e9 Ol\u00edmpico, en una operaci\u00f3n calculada, masiva pero tremendamente hip\u00f3crita, pues en ninguna de las guerras de agresi\u00f3n de Occidente contra Libia, Siria, Irak, Afganist\u00e1n, por citar aquellas donde Washington y la OTAN han tenido un papel central, se hab\u00eda expresado tal muestra lloriqueante y lastimera.<\/p>\n<p>Como tampoco en aquellas guerras, desestabilizaciones e incluso la pol\u00edtica genocida del r\u00e9gimen sionista que ocupa y coloniza Palestina desde el a\u00f1o 1948 a la fecha, en un proceso de caracter\u00edsticas similares al generado por el Tercer Reich contra los pa\u00edses que ocup\u00f3 y coloniz\u00f3 durante los a\u00f1os del nazismo. Una Palestina donde se han conformado dos grandes campos de concentraci\u00f3n como son la Franja de Gaza y Cisjordania.<\/p>\n<p>Menciono a Palestina, donde Gaza sufre, desde el 7 de octubre del a\u00f1o 2023 tras la Operaci\u00f3n de la resistencia palestina \u201cTormenta de Al Aqsa\u201d el incremento de la pol\u00edtica de genocidio sionista que ha significado, en 19 meses de bombardeos y ataques masivos, el asesinato de 55 mil hombres y mujeres, de los cuales 20 mil son ni\u00f1os. 150 mil heridos y la destrucci\u00f3n del 80% de los edificios, casas, infraestructura sanitaria (hospitales) infraestructura vial, industrias, mezquitas, iglesias. Todo esto considerado una crisis humanitaria, que no se observaba desde la SGM y donde la pol\u00edtica de negar el agua y los alimentos como pol\u00edtica de soluci\u00f3n final, al estilo de aquella planeada en la conferencia de los jerarcas nazis en Wannsee (3)<strong>\u00a0<\/strong>es parte de la conducta habitual del r\u00e9gimen nacionalsionista, aliado incondicional de los mismos que atacan hoy a Rusia.<\/p>\n<p>Igual proceso de ceguera, sordera y mudez frente a los ataques contra Yemen, atacada hasta el a\u00f1o 2023 por una coalici\u00f3n de pa\u00edses liderados por Arabia saud\u00ed, Emiratos \u00c1rabes Unidos, Marruecos y mercenarios. Y hoy, por Estados Unidos y Gran Breta\u00f1a junto al r\u00e9gimen sionista que de esa manera lleva a cabo estos ataques frente a la decisi\u00f3n de la resistencia de Yemen de apoyar al pueblo palestino. Sumemos a la monarqu\u00eda marroqu\u00ed, que domina y avasalla el territorio del pueblo saharaui desde el a\u00f1o 1975 hasta hoy, sin que exista, en ninguno de estos hechos violatorio del derecho internacional y los derechos de millones de hombres, mujeres y ni\u00f1os ese\u00a0rasgar vestiduras o llamar al mundo a castigar a estas entidades criminales. Esa conducta, simplemente no existe. Hipocres\u00eda a favor de bestias pardas siglo XXI.<\/p>\n<p>Es la hipocres\u00eda m\u00e1xima, te\u00f1ida de racismo pues cuando se trata de ucranianos blancos, europeos, cercanos a las posiciones hegem\u00f3nicas occidentales todo el aparataje pol\u00edtico y comunicacional se moviliza. Cuando las v\u00edctimas, por millones, son negros, latinos, \u00e1rabes, no hay luces y menos a\u00fan los colores de sus banderas iluminan\u00a0los hitos monumentales de las capitales europeas. Para sirios, palestinos, iraqu\u00edes, libios, entre otros, no hay presencia medi\u00e1tica de artistas como Bono, actrices como Angelina Jolie visitando sus ciudades destruidas. No se expresa la FIFA contra los cr\u00edmenes del sionismo en Palestina, con mensajes contra el apartheid en los estadios.<\/p>\n<p>Existe una mirada para blancos, europeos, occidentales y otra para ese mundo despreciado por los que vociferan sobre el respeto a los derechos humanos, la integridad territorial, el derecho a la autodeterminaci\u00f3n, pero apoyan a organizaciones claramente nacionalsocialistas del\u00a0r\u00e9gimen de Kiev y sus batallones nazistas como el batall\u00f3n Azov, Batall\u00f3n Dnipro, Batall\u00f3n Aidar, Pravy Sektor, Batkivshchyna, entre otros responsables de la tortura y asesinato de prisioneros de guerra rusos. No existe cr\u00edtica a la pol\u00edtica de glorificaci\u00f3n de nazis ucranianos como Step\u00e1n Bandera considerado un h\u00e9roe por el r\u00e9gimen de kievita. Adicionemos tambi\u00e9n el exterminio de la poblaci\u00f3n rusoparlante del Donb\u00e1s, que desde el a\u00f1o 2014 a la fecha han sufrido la muerte de 20 mil de sus habitantes a manos de las tropas nazis ucranianas.<\/p>\n<p>&nbsp;<\/p>\n<figure class=\"wp-block-image size-full\"><img fetchpriority=\"high\" decoding=\"async\" class=\"wp-image-163539\" title=\"D\u00eda de la Victoria: Lucha contra las bestias pardas ayer y hoy 4\" src=\"https:\/\/ikona.telesurtv.net\/content\/uploads\/2025\/05\/articulo-jofre-neonazis-ucrania.jpg.webp\" sizes=\"(max-width: 391px) 100vw, 391px\" srcset=\"https:\/\/ikona.telesurtv.net\/content\/uploads\/2025\/05\/articulo-jofre-neonazis-ucrania-300x166.jpg.webp 300w, https:\/\/ikona.telesurtv.net\/content\/uploads\/2025\/05\/articulo-jofre-neonazis-ucrania.jpg.webp 391w\" alt=\"articulo jofre neonazis ucrania.jpg\" width=\"391\" height=\"217\" \/><\/figure>\n<p>&nbsp;<\/p>\n<p>Una Europa que hoy ataca todo lo que sea ruso, que ocupa a sus testaferros polacos, para as\u00ed agredir a diplom\u00e1ticos de la federaci\u00f3n rusa, que violenta los monumentos y profana las tumbas de los soldados rusos ca\u00eddos en la liberaci\u00f3n de esa Polonia que invisibiliza su pasado situ\u00e1ndose en la campa\u00f1a de rusofobia m\u00e1s abyecta que haya vivido ese continente. Una Europa, principalmente aquella fronteriza o cercana a Rusia, incluyendo a Suecia y Finlandia, cuyos gobiernos se han dejado seducir por los cantos de sirena de la Organizaci\u00f3n del Tratado del Atl\u00e1ntico Norte (OTAN) y una Uni\u00f3n Europea que tiene a pa\u00edses menos desarrollados como suministradores de mano de obra, materias primas y freno a procesos migratorios.<\/p>\n<p>Pa\u00edses que sue\u00f1an\u00a0con los oropeles de la Europa conducida por Francia y Alemania, principalmente. \u00a0Una Europa falta de soberan\u00eda y dignidad, cuya pol\u00edtica exterior tiene sello estadounidense, que han elevado su aporte a la OTAN en proporciones dictadas precisamente por Washington y que han debido hipotecar su propio mercado energ\u00e9tico con Rusia a favor de los intereses de los grupos de presi\u00f3n energ\u00e9ticos norteamericanos. Pa\u00edses sin integridad moral, sin soberan\u00eda, carentes de dignidad y cervatillos de este caballo desbocado llamado Donald Trump. Una Europa que entrega dinero a raudales a Ucrania, pero se lo niega a sus trabajadores, jubilados, sanidad p\u00fablica y educaci\u00f3n.<\/p>\n<p>Esa Europa cruzada de gobiernos sometidos, vasallos, donde la ultraderecha ha obtenido r\u00e9ditos importantes con el discurso antiinmigrante, dominado por el unilateralismo de la pol\u00edtica estadounidense. Una Europa ultraderechista donde las posiciones cercanas al nacionalsocialismo han reflotado con enorme peligrosidad, impulsadas, en el caso de Ucrania, desde el a\u00f1o 1991 por Washington y sus instituciones desestabilizadoras, as\u00ed reconocido por la secretaria de Estado adjunta de Estados Unidos para Asuntos Europeos quien \u00abEstados unidos ha invertido cerca de 5.000 millones de d\u00f3lares en Ucrania desde 1991, desde que se convirti\u00f3 en un Estado independiente despu\u00e9s de la desintegraci\u00f3n de la Uni\u00f3n Sovi\u00e9tica\u201d(4). Este dinero se ha gastado para apoyar las aspiraciones del pueblo ucraniano, que quiere tener un gobierno fuerte y democr\u00e1tico que represente sus intereses\u00bb, asegur\u00f3 Nuland a la cadena CNN en febrero del a\u00f1o 2014<strong>.<\/strong><\/p>\n<p>Un par de meses despu\u00e9s de ser derrocado el presidente V\u00edctor Yanukovich. Dinero que financi\u00f3 grupos Pro Otanistas y Pro Europeistas, entre ellas organizaciones nazis y que en n\u00famero se suma a los 450 mil millones de d\u00f3lares entregados por Estados Unidos y la Uni\u00f3n Europea desde febrero del 2022 del gobierno de facto de Zelenski en armas y dinero, para as\u00ed mantener la burocracia civil de su gobierno.<\/p>\n<p>Un ej\u00e9rcito en decadencia, con miles de desertores y que s\u00f3lo se mantiene precariamente en pie gracias a ese apoyo occidental. Un pa\u00eds hipotecado, con parte importante de sus tierras agr\u00edcolas en manos de BlackRock, sus minerales raros a disposici\u00f3n de Washington y con pretensiones territoriales en su parte occidental por su aliado polaco.<\/p>\n<p>&nbsp;<\/p>\n<figure class=\"wp-block-image size-full\"><img loading=\"lazy\" decoding=\"async\" class=\"wp-image-163540\" title=\"D\u00eda de la Victoria: Lucha contra las bestias pardas ayer y hoy 5\" src=\"https:\/\/ikona.telesurtv.net\/content\/uploads\/2025\/05\/articulo-jofre-ucrania-negocio.jpg.webp\" alt=\"articulo jofre ucrania negocio.jpg\" width=\"249\" height=\"140\" \/><\/figure>\n<p>&nbsp;<\/p>\n<p>Hoy, como ayer, el pueblo ruso se enfrenta a la amenaza nazi, la diferencia radica en que el r\u00e9gimen del ex comediante y actual presidente de facto ucraniano y su gobierno cuentan con el apoyo de una Europa, que se olvid\u00f3 del peligro del nazismo y un Estados Unidos que juega sus cartas de dominio, no importando si ello significa consolidar reg\u00edmenes, que a poco andar generar\u00e1n enormes tensiones sociales y amenazas a sus propias poblaciones. Rusia no est\u00e1 equivocada en la b\u00fasqueda de obtener las garant\u00edas de seguridad exigidas desde el a\u00f1o 1991.<\/p>\n<p>No est\u00e1 equivocado el mandatario Vladimir Putin en definir al r\u00e9gimen de Kiev como un peligro para la Federaci\u00f3n Rusa.\u00a0La lucha en Ucrania hoy tiene un sello anti nazista evidente, y agreg\u00f3 que igualmente antisionista por la similitud que ambas visiones de mundo tratan de imponer en el mundo, por m\u00e1s que los medios de informaci\u00f3n occidentales pretendan ocultarlo. El desfile militar, este 9 de mayo en Mosc\u00fa, ser\u00e1 un recordatorio que el\u00a0combate\u00a0contra el nazismo, as\u00ed como contra el sionismo y otras ideolog\u00edas criminales, no ha terminado.<\/p>\n<p>El tradicional desfile del 9 de mayo en Mosc\u00fa, as\u00ed como en toda Rusia, est\u00e1 dedicado a honrar las grandes haza\u00f1as del pueblo sovi\u00e9tico que luch\u00f3 contra el nazismo, pero tambi\u00e9n es un punto de referencia de no ceder frente a las amenazas de ese Occidente negacionista y plagado de conductas destinadas a cercenar la historia e imponer una narrativa contra los pueblos. Hoy m\u00e1s que nunca se hace necesario recordar la victoria contra las bestias pardas de ayer vestidas con uniformes alemanes y aquellas a vencer hoy bajo ropajes sionistas.<\/p>\n<p>&nbsp;<\/p>\n<p><strong>Notas:<\/strong><\/p>\n<p>(1) En Rusia se denomina como \u2018Gran Guerra Patria\u2019 al per\u00edodo de la Segunda Guerra Mundial que va desde la invasi\u00f3n nazi de la URSS, que comenz\u00f3 el 22 de junio de 1941 y se prolong\u00f3 hasta la ca\u00edda de Berl\u00edn, y la capitulaci\u00f3n de Alemania, el 9 de mayo de 1945. Se estima que en esos cuatro a\u00f1os de conflicto perdieron la vida m\u00e1s de 26 millones de sovi\u00e9ticos. https:\/\/actualidad.rt.com\/actualidad\/429171-video-rusia-conmemorar-dia-victoria-gran-guerra-patria<\/p>\n<p>(2) https:\/\/actualidad.rt.com\/actualidad\/548675-oficina-zelenski-publicar-imagen-drones-plaza-roja-llamas<\/p>\n<p>(3) Conferencia llevada a cabo el 20 de enero del a\u00f1o 1942 en Wannsee, en los suburbios de Berl\u00edn entre pol\u00edticos, bur\u00f3cratas y militares nazis donde, se verific\u00f3 la planificaci\u00f3n de cuestiones operativas de lo que posteriormente ser\u00eda llamada la \u201csoluci\u00f3n final jud\u00eda\u201d. La Conferencia de Wannsee ha generado un enorme debate en el seno de la sociedad israel\u00ed sobre los alcances de este encuentro y si de verdad en ella se trat\u00f3 el tema del exterminio de los europeos de creencia jud\u00eda, que terminar\u00eda en el llamado genocidio llevado a cabo por el nacionalsocialismo. Para nuestro objetivo de asimilar esa conferencia al Plan Dalet resulta evidente que este plan Sionista, generado antes de conformar la entidad sionista el 14 de mayo del a\u00f1o 1948 donde, al igual que en Wannsee se habla de \u201cdisminuci\u00f3n natural de la poblaci\u00f3n palestina\u201d, tratamiento adecuado para sionizar palestina\u201d \u201cdiferentes formas de soluci\u00f3n\u201d que se expresar\u00e1n en arrasar las aldeas y pueblos palestinos, deportar a su poblaci\u00f3n, cambiar los nombres del \u00e1rabe al hebreo, demoler piedra sobre piedra las viviendas, reescribir la historia de miles de a\u00f1os del pueblo originario y fantasear con los mitos fundacionales cuya base son dos cuentos, propios del mundo de Marvel que de pruebas hist\u00f3ricas serias: un pueblo elegido al cual se le prometi\u00f3 una tierra. <a href=\"https:\/\/rebelion.org\/la-conferencia-de-wannsee-verdad-y-mito\/\" target=\"_blank\" rel=\"noopener\">https:\/\/rebelion.org\/la-conferencia-de-wannsee-verdad-y-mito\/<\/a><\/p>\n<p>(4) https:\/\/www.eldiarioar.com\/mundo\/fuck-the-european-union-diez-anos-politicas-coherentes-eeuu-ucrania_129_8709451.html<\/p>\n<p>&nbsp;<\/p>\n<p><a href=\"https:\/\/www.telesurtv.net\/blogs\/dia-de-la-victoria-lucha-contra-las-bestias-pardas-ayer-y-hoy\/\"><strong>Fuente: Telesur\/Pablo Jofr\u00e9 Leal<\/strong><\/a><\/p>\n","protected":false},"excerpt":{"rendered":"<p>En este mes de mayo del 2025, deseo reflotar un art\u00edculo escrito hace algunos a\u00f1os&#8230;<\/p>\n","protected":false},"author":1,"featured_media":2539,"comment_status":"open","ping_status":"closed","sticky":false,"template":"","format":"standard","meta":{"footnotes":""},"categories":[56],"tags":[360,616,236],"class_list":["post-2538","post","type-post","status-publish","format-standard","has-post-thumbnail","hentry","category-medios-aliados","tag-europa","tag-ocupacion","tag-urss"],"yoast_head":"<!-- This site is optimized with the Yoast SEO plugin v27.5 - https:\/\/yoast.com\/product\/yoast-seo-wordpress\/ -->\n<title>D\u00eda de la Victoria: Lucha contra las bestias pardas ayer y hoy -<\/title>\n<meta name=\"description\" content=\"En este mes de mayo del 2025, deseo reflotar un art\u00edculo escrito hace algunos a\u00f1os y que hoy, m\u00e1s que nunca, en la conmemoraci\u00f3n de los 80 a\u00f1os del triunfo de las fuerzas sovi\u00e9ticas contra las bestias pardas nazis, creo fundamental realzarla como una de las gestas m\u00e1s importantes del siglo XX.\" \/>\n<meta name=\"robots\" content=\"index, follow, max-snippet:-1, max-image-preview:large, max-video-preview:-1\" \/>\n<link rel=\"canonical\" href=\"https:\/\/hueleaazufre.com\/wordpress_a\/index.php\/2025\/05\/09\/dia-de-la-victoria-lucha-contra-las-bestias-pardas-ayer-y-hoy\/\" \/>\n<meta property=\"og:locale\" content=\"es_ES\" \/>\n<meta property=\"og:type\" content=\"article\" \/>\n<meta property=\"og:title\" content=\"D\u00eda de la Victoria: Lucha contra las bestias pardas ayer y hoy -\" \/>\n<meta property=\"og:description\" content=\"En este mes de mayo del 2025, deseo reflotar un art\u00edculo escrito hace algunos a\u00f1os y que hoy, m\u00e1s que nunca, en la conmemoraci\u00f3n de los 80 a\u00f1os del triunfo de las fuerzas sovi\u00e9ticas contra las bestias pardas nazis, creo fundamental realzarla como una de las gestas m\u00e1s importantes del siglo XX.\" \/>\n<meta property=\"og:url\" content=\"https:\/\/hueleaazufre.com\/wordpress_a\/index.php\/2025\/05\/09\/dia-de-la-victoria-lucha-contra-las-bestias-pardas-ayer-y-hoy\/\" \/>\n<meta property=\"article:published_time\" content=\"2025-05-09T21:54:56+00:00\" \/>\n<meta property=\"article:modified_time\" content=\"2025-05-09T22:19:42+00:00\" \/>\n<meta property=\"og:image\" content=\"https:\/\/hueleaazufre.com\/wordpress_a\/wp-content\/uploads\/2025\/05\/1a-2.webp\" \/>\n\t<meta property=\"og:image:width\" content=\"768\" \/>\n\t<meta property=\"og:image:height\" content=\"432\" \/>\n\t<meta property=\"og:image:type\" content=\"image\/webp\" \/>\n<meta name=\"author\" content=\"Huele a azufre\" \/>\n<meta name=\"twitter:card\" content=\"summary_large_image\" \/>\n<meta name=\"twitter:label1\" content=\"Escrito por\" \/>\n\t<meta name=\"twitter:data1\" content=\"Huele a azufre\" \/>\n\t<meta name=\"twitter:label2\" content=\"Tiempo de lectura\" \/>\n\t<meta name=\"twitter:data2\" content=\"14 minutos\" \/>\n<script type=\"application\/ld+json\" class=\"yoast-schema-graph\">{\"@context\":\"https:\\\/\\\/schema.org\",\"@graph\":[{\"@type\":\"Article\",\"@id\":\"https:\\\/\\\/hueleaazufre.com\\\/wordpress_a\\\/index.php\\\/2025\\\/05\\\/09\\\/dia-de-la-victoria-lucha-contra-las-bestias-pardas-ayer-y-hoy\\\/#article\",\"isPartOf\":{\"@id\":\"https:\\\/\\\/hueleaazufre.com\\\/wordpress_a\\\/index.php\\\/2025\\\/05\\\/09\\\/dia-de-la-victoria-lucha-contra-las-bestias-pardas-ayer-y-hoy\\\/\"},\"author\":{\"name\":\"Huele a azufre\",\"@id\":\"https:\\\/\\\/hueleaazufre.com\\\/wordpress_a\\\/#\\\/schema\\\/person\\\/549dd871707ea7f9f1a686323ebe9baa\"},\"headline\":\"D\u00eda de la Victoria: Lucha contra las bestias pardas ayer y hoy\",\"datePublished\":\"2025-05-09T21:54:56+00:00\",\"dateModified\":\"2025-05-09T22:19:42+00:00\",\"mainEntityOfPage\":{\"@id\":\"https:\\\/\\\/hueleaazufre.com\\\/wordpress_a\\\/index.php\\\/2025\\\/05\\\/09\\\/dia-de-la-victoria-lucha-contra-las-bestias-pardas-ayer-y-hoy\\\/\"},\"wordCount\":2962,\"commentCount\":0,\"image\":{\"@id\":\"https:\\\/\\\/hueleaazufre.com\\\/wordpress_a\\\/index.php\\\/2025\\\/05\\\/09\\\/dia-de-la-victoria-lucha-contra-las-bestias-pardas-ayer-y-hoy\\\/#primaryimage\"},\"thumbnailUrl\":\"https:\\\/\\\/hueleaazufre.com\\\/wordpress_a\\\/wp-content\\\/uploads\\\/2025\\\/05\\\/1a-2.webp\",\"keywords\":[\"Europa\",\"ocupaci\u00f3n\",\"URSS\"],\"articleSection\":[\"Medios aliados\"],\"inLanguage\":\"es\",\"potentialAction\":[{\"@type\":\"CommentAction\",\"name\":\"Comment\",\"target\":[\"https:\\\/\\\/hueleaazufre.com\\\/wordpress_a\\\/index.php\\\/2025\\\/05\\\/09\\\/dia-de-la-victoria-lucha-contra-las-bestias-pardas-ayer-y-hoy\\\/#respond\"]}]},{\"@type\":\"WebPage\",\"@id\":\"https:\\\/\\\/hueleaazufre.com\\\/wordpress_a\\\/index.php\\\/2025\\\/05\\\/09\\\/dia-de-la-victoria-lucha-contra-las-bestias-pardas-ayer-y-hoy\\\/\",\"url\":\"https:\\\/\\\/hueleaazufre.com\\\/wordpress_a\\\/index.php\\\/2025\\\/05\\\/09\\\/dia-de-la-victoria-lucha-contra-las-bestias-pardas-ayer-y-hoy\\\/\",\"name\":\"D\u00eda de la Victoria: Lucha contra las bestias pardas ayer y hoy -\",\"isPartOf\":{\"@id\":\"https:\\\/\\\/hueleaazufre.com\\\/wordpress_a\\\/#website\"},\"primaryImageOfPage\":{\"@id\":\"https:\\\/\\\/hueleaazufre.com\\\/wordpress_a\\\/index.php\\\/2025\\\/05\\\/09\\\/dia-de-la-victoria-lucha-contra-las-bestias-pardas-ayer-y-hoy\\\/#primaryimage\"},\"image\":{\"@id\":\"https:\\\/\\\/hueleaazufre.com\\\/wordpress_a\\\/index.php\\\/2025\\\/05\\\/09\\\/dia-de-la-victoria-lucha-contra-las-bestias-pardas-ayer-y-hoy\\\/#primaryimage\"},\"thumbnailUrl\":\"https:\\\/\\\/hueleaazufre.com\\\/wordpress_a\\\/wp-content\\\/uploads\\\/2025\\\/05\\\/1a-2.webp\",\"datePublished\":\"2025-05-09T21:54:56+00:00\",\"dateModified\":\"2025-05-09T22:19:42+00:00\",\"author\":{\"@id\":\"https:\\\/\\\/hueleaazufre.com\\\/wordpress_a\\\/#\\\/schema\\\/person\\\/549dd871707ea7f9f1a686323ebe9baa\"},\"description\":\"En este mes de mayo del 2025, deseo reflotar un art\u00edculo escrito hace algunos a\u00f1os y que hoy, m\u00e1s que nunca, en la conmemoraci\u00f3n de los 80 a\u00f1os del triunfo de las fuerzas sovi\u00e9ticas contra las bestias pardas nazis, creo fundamental realzarla como una de las gestas m\u00e1s importantes del siglo XX.\",\"breadcrumb\":{\"@id\":\"https:\\\/\\\/hueleaazufre.com\\\/wordpress_a\\\/index.php\\\/2025\\\/05\\\/09\\\/dia-de-la-victoria-lucha-contra-las-bestias-pardas-ayer-y-hoy\\\/#breadcrumb\"},\"inLanguage\":\"es\",\"potentialAction\":[{\"@type\":\"ReadAction\",\"target\":[\"https:\\\/\\\/hueleaazufre.com\\\/wordpress_a\\\/index.php\\\/2025\\\/05\\\/09\\\/dia-de-la-victoria-lucha-contra-las-bestias-pardas-ayer-y-hoy\\\/\"]}]},{\"@type\":\"ImageObject\",\"inLanguage\":\"es\",\"@id\":\"https:\\\/\\\/hueleaazufre.com\\\/wordpress_a\\\/index.php\\\/2025\\\/05\\\/09\\\/dia-de-la-victoria-lucha-contra-las-bestias-pardas-ayer-y-hoy\\\/#primaryimage\",\"url\":\"https:\\\/\\\/hueleaazufre.com\\\/wordpress_a\\\/wp-content\\\/uploads\\\/2025\\\/05\\\/1a-2.webp\",\"contentUrl\":\"https:\\\/\\\/hueleaazufre.com\\\/wordpress_a\\\/wp-content\\\/uploads\\\/2025\\\/05\\\/1a-2.webp\",\"width\":768,\"height\":432},{\"@type\":\"BreadcrumbList\",\"@id\":\"https:\\\/\\\/hueleaazufre.com\\\/wordpress_a\\\/index.php\\\/2025\\\/05\\\/09\\\/dia-de-la-victoria-lucha-contra-las-bestias-pardas-ayer-y-hoy\\\/#breadcrumb\",\"itemListElement\":[{\"@type\":\"ListItem\",\"position\":1,\"name\":\"Portada\",\"item\":\"https:\\\/\\\/hueleaazufre.com\\\/wordpress_a\\\/\"},{\"@type\":\"ListItem\",\"position\":2,\"name\":\"D\u00eda de la Victoria: Lucha contra las bestias pardas ayer y hoy\"}]},{\"@type\":\"WebSite\",\"@id\":\"https:\\\/\\\/hueleaazufre.com\\\/wordpress_a\\\/#website\",\"url\":\"https:\\\/\\\/hueleaazufre.com\\\/wordpress_a\\\/\",\"name\":\"\",\"description\":\"Huele a azufre es una plataforma digital de an\u00e1lisis geopol\u00edtico.\",\"potentialAction\":[{\"@type\":\"SearchAction\",\"target\":{\"@type\":\"EntryPoint\",\"urlTemplate\":\"https:\\\/\\\/hueleaazufre.com\\\/wordpress_a\\\/?s={search_term_string}\"},\"query-input\":{\"@type\":\"PropertyValueSpecification\",\"valueRequired\":true,\"valueName\":\"search_term_string\"}}],\"inLanguage\":\"es\"},{\"@type\":\"Person\",\"@id\":\"https:\\\/\\\/hueleaazufre.com\\\/wordpress_a\\\/#\\\/schema\\\/person\\\/549dd871707ea7f9f1a686323ebe9baa\",\"name\":\"Huele a azufre\",\"image\":{\"@type\":\"ImageObject\",\"inLanguage\":\"es\",\"@id\":\"https:\\\/\\\/secure.gravatar.com\\\/avatar\\\/e972d5c124b9bf80eb4c9d322a90dd86a59d447f5da36700a77516f13637d44e?s=96&d=mm&r=g\",\"url\":\"https:\\\/\\\/secure.gravatar.com\\\/avatar\\\/e972d5c124b9bf80eb4c9d322a90dd86a59d447f5da36700a77516f13637d44e?s=96&d=mm&r=g\",\"contentUrl\":\"https:\\\/\\\/secure.gravatar.com\\\/avatar\\\/e972d5c124b9bf80eb4c9d322a90dd86a59d447f5da36700a77516f13637d44e?s=96&d=mm&r=g\",\"caption\":\"Huele a azufre\"},\"description\":\"Huele a azufre es una plataforma digital de an\u00e1lisis geopol\u00edtico\u00a0 contrahegem\u00f3nico, que busca visibilizar las voces y los discursos silenciados por el poder medi\u00e1tico.\",\"sameAs\":[\"https:\\\/\\\/hueleaazufre.com\\\/wordpress_a\"],\"url\":\"https:\\\/\\\/hueleaazufre.com\\\/wordpress_a\\\/index.php\\\/author\\\/admin_tupapa\\\/\"}]}<\/script>\n<!-- \/ Yoast SEO plugin. -->","yoast_head_json":{"title":"D\u00eda de la Victoria: Lucha contra las bestias pardas ayer y hoy -","description":"En este mes de mayo del 2025, deseo reflotar un art\u00edculo escrito hace algunos a\u00f1os y que hoy, m\u00e1s que nunca, en la conmemoraci\u00f3n de los 80 a\u00f1os del triunfo de las fuerzas sovi\u00e9ticas contra las bestias pardas nazis, creo fundamental realzarla como una de las gestas m\u00e1s importantes del siglo XX.","robots":{"index":"index","follow":"follow","max-snippet":"max-snippet:-1","max-image-preview":"max-image-preview:large","max-video-preview":"max-video-preview:-1"},"canonical":"https:\/\/hueleaazufre.com\/wordpress_a\/index.php\/2025\/05\/09\/dia-de-la-victoria-lucha-contra-las-bestias-pardas-ayer-y-hoy\/","og_locale":"es_ES","og_type":"article","og_title":"D\u00eda de la Victoria: Lucha contra las bestias pardas ayer y hoy -","og_description":"En este mes de mayo del 2025, deseo reflotar un art\u00edculo escrito hace algunos a\u00f1os y que hoy, m\u00e1s que nunca, en la conmemoraci\u00f3n de los 80 a\u00f1os del triunfo de las fuerzas sovi\u00e9ticas contra las bestias pardas nazis, creo fundamental realzarla como una de las gestas m\u00e1s importantes del siglo XX.","og_url":"https:\/\/hueleaazufre.com\/wordpress_a\/index.php\/2025\/05\/09\/dia-de-la-victoria-lucha-contra-las-bestias-pardas-ayer-y-hoy\/","article_published_time":"2025-05-09T21:54:56+00:00","article_modified_time":"2025-05-09T22:19:42+00:00","og_image":[{"width":768,"height":432,"url":"https:\/\/hueleaazufre.com\/wordpress_a\/wp-content\/uploads\/2025\/05\/1a-2.webp","type":"image\/webp"}],"author":"Huele a azufre","twitter_card":"summary_large_image","twitter_misc":{"Escrito por":"Huele a azufre","Tiempo de lectura":"14 minutos"},"schema":{"@context":"https:\/\/schema.org","@graph":[{"@type":"Article","@id":"https:\/\/hueleaazufre.com\/wordpress_a\/index.php\/2025\/05\/09\/dia-de-la-victoria-lucha-contra-las-bestias-pardas-ayer-y-hoy\/#article","isPartOf":{"@id":"https:\/\/hueleaazufre.com\/wordpress_a\/index.php\/2025\/05\/09\/dia-de-la-victoria-lucha-contra-las-bestias-pardas-ayer-y-hoy\/"},"author":{"name":"Huele a azufre","@id":"https:\/\/hueleaazufre.com\/wordpress_a\/#\/schema\/person\/549dd871707ea7f9f1a686323ebe9baa"},"headline":"D\u00eda de la Victoria: Lucha contra las bestias pardas ayer y hoy","datePublished":"2025-05-09T21:54:56+00:00","dateModified":"2025-05-09T22:19:42+00:00","mainEntityOfPage":{"@id":"https:\/\/hueleaazufre.com\/wordpress_a\/index.php\/2025\/05\/09\/dia-de-la-victoria-lucha-contra-las-bestias-pardas-ayer-y-hoy\/"},"wordCount":2962,"commentCount":0,"image":{"@id":"https:\/\/hueleaazufre.com\/wordpress_a\/index.php\/2025\/05\/09\/dia-de-la-victoria-lucha-contra-las-bestias-pardas-ayer-y-hoy\/#primaryimage"},"thumbnailUrl":"https:\/\/hueleaazufre.com\/wordpress_a\/wp-content\/uploads\/2025\/05\/1a-2.webp","keywords":["Europa","ocupaci\u00f3n","URSS"],"articleSection":["Medios aliados"],"inLanguage":"es","potentialAction":[{"@type":"CommentAction","name":"Comment","target":["https:\/\/hueleaazufre.com\/wordpress_a\/index.php\/2025\/05\/09\/dia-de-la-victoria-lucha-contra-las-bestias-pardas-ayer-y-hoy\/#respond"]}]},{"@type":"WebPage","@id":"https:\/\/hueleaazufre.com\/wordpress_a\/index.php\/2025\/05\/09\/dia-de-la-victoria-lucha-contra-las-bestias-pardas-ayer-y-hoy\/","url":"https:\/\/hueleaazufre.com\/wordpress_a\/index.php\/2025\/05\/09\/dia-de-la-victoria-lucha-contra-las-bestias-pardas-ayer-y-hoy\/","name":"D\u00eda de la Victoria: Lucha contra las bestias pardas ayer y hoy -","isPartOf":{"@id":"https:\/\/hueleaazufre.com\/wordpress_a\/#website"},"primaryImageOfPage":{"@id":"https:\/\/hueleaazufre.com\/wordpress_a\/index.php\/2025\/05\/09\/dia-de-la-victoria-lucha-contra-las-bestias-pardas-ayer-y-hoy\/#primaryimage"},"image":{"@id":"https:\/\/hueleaazufre.com\/wordpress_a\/index.php\/2025\/05\/09\/dia-de-la-victoria-lucha-contra-las-bestias-pardas-ayer-y-hoy\/#primaryimage"},"thumbnailUrl":"https:\/\/hueleaazufre.com\/wordpress_a\/wp-content\/uploads\/2025\/05\/1a-2.webp","datePublished":"2025-05-09T21:54:56+00:00","dateModified":"2025-05-09T22:19:42+00:00","author":{"@id":"https:\/\/hueleaazufre.com\/wordpress_a\/#\/schema\/person\/549dd871707ea7f9f1a686323ebe9baa"},"description":"En este mes de mayo del 2025, deseo reflotar un art\u00edculo escrito hace algunos a\u00f1os y que hoy, m\u00e1s que nunca, en la conmemoraci\u00f3n de los 80 a\u00f1os del triunfo de las fuerzas sovi\u00e9ticas contra las bestias pardas nazis, creo fundamental realzarla como una de las gestas m\u00e1s importantes del siglo XX.","breadcrumb":{"@id":"https:\/\/hueleaazufre.com\/wordpress_a\/index.php\/2025\/05\/09\/dia-de-la-victoria-lucha-contra-las-bestias-pardas-ayer-y-hoy\/#breadcrumb"},"inLanguage":"es","potentialAction":[{"@type":"ReadAction","target":["https:\/\/hueleaazufre.com\/wordpress_a\/index.php\/2025\/05\/09\/dia-de-la-victoria-lucha-contra-las-bestias-pardas-ayer-y-hoy\/"]}]},{"@type":"ImageObject","inLanguage":"es","@id":"https:\/\/hueleaazufre.com\/wordpress_a\/index.php\/2025\/05\/09\/dia-de-la-victoria-lucha-contra-las-bestias-pardas-ayer-y-hoy\/#primaryimage","url":"https:\/\/hueleaazufre.com\/wordpress_a\/wp-content\/uploads\/2025\/05\/1a-2.webp","contentUrl":"https:\/\/hueleaazufre.com\/wordpress_a\/wp-content\/uploads\/2025\/05\/1a-2.webp","width":768,"height":432},{"@type":"BreadcrumbList","@id":"https:\/\/hueleaazufre.com\/wordpress_a\/index.php\/2025\/05\/09\/dia-de-la-victoria-lucha-contra-las-bestias-pardas-ayer-y-hoy\/#breadcrumb","itemListElement":[{"@type":"ListItem","position":1,"name":"Portada","item":"https:\/\/hueleaazufre.com\/wordpress_a\/"},{"@type":"ListItem","position":2,"name":"D\u00eda de la Victoria: Lucha contra las bestias pardas ayer y hoy"}]},{"@type":"WebSite","@id":"https:\/\/hueleaazufre.com\/wordpress_a\/#website","url":"https:\/\/hueleaazufre.com\/wordpress_a\/","name":"","description":"Huele a azufre es una plataforma digital de an\u00e1lisis geopol\u00edtico.","potentialAction":[{"@type":"SearchAction","target":{"@type":"EntryPoint","urlTemplate":"https:\/\/hueleaazufre.com\/wordpress_a\/?s={search_term_string}"},"query-input":{"@type":"PropertyValueSpecification","valueRequired":true,"valueName":"search_term_string"}}],"inLanguage":"es"},{"@type":"Person","@id":"https:\/\/hueleaazufre.com\/wordpress_a\/#\/schema\/person\/549dd871707ea7f9f1a686323ebe9baa","name":"Huele a azufre","image":{"@type":"ImageObject","inLanguage":"es","@id":"https:\/\/secure.gravatar.com\/avatar\/e972d5c124b9bf80eb4c9d322a90dd86a59d447f5da36700a77516f13637d44e?s=96&d=mm&r=g","url":"https:\/\/secure.gravatar.com\/avatar\/e972d5c124b9bf80eb4c9d322a90dd86a59d447f5da36700a77516f13637d44e?s=96&d=mm&r=g","contentUrl":"https:\/\/secure.gravatar.com\/avatar\/e972d5c124b9bf80eb4c9d322a90dd86a59d447f5da36700a77516f13637d44e?s=96&d=mm&r=g","caption":"Huele a azufre"},"description":"Huele a azufre es una plataforma digital de an\u00e1lisis geopol\u00edtico\u00a0 contrahegem\u00f3nico, que busca visibilizar las voces y los discursos silenciados por el poder medi\u00e1tico.","sameAs":["https:\/\/hueleaazufre.com\/wordpress_a"],"url":"https:\/\/hueleaazufre.com\/wordpress_a\/index.php\/author\/admin_tupapa\/"}]}},"_links":{"self":[{"href":"https:\/\/hueleaazufre.com\/wordpress_a\/index.php\/wp-json\/wp\/v2\/posts\/2538","targetHints":{"allow":["GET"]}}],"collection":[{"href":"https:\/\/hueleaazufre.com\/wordpress_a\/index.php\/wp-json\/wp\/v2\/posts"}],"about":[{"href":"https:\/\/hueleaazufre.com\/wordpress_a\/index.php\/wp-json\/wp\/v2\/types\/post"}],"author":[{"embeddable":true,"href":"https:\/\/hueleaazufre.com\/wordpress_a\/index.php\/wp-json\/wp\/v2\/users\/1"}],"replies":[{"embeddable":true,"href":"https:\/\/hueleaazufre.com\/wordpress_a\/index.php\/wp-json\/wp\/v2\/comments?post=2538"}],"version-history":[{"count":3,"href":"https:\/\/hueleaazufre.com\/wordpress_a\/index.php\/wp-json\/wp\/v2\/posts\/2538\/revisions"}],"predecessor-version":[{"id":2548,"href":"https:\/\/hueleaazufre.com\/wordpress_a\/index.php\/wp-json\/wp\/v2\/posts\/2538\/revisions\/2548"}],"wp:featuredmedia":[{"embeddable":true,"href":"https:\/\/hueleaazufre.com\/wordpress_a\/index.php\/wp-json\/wp\/v2\/media\/2539"}],"wp:attachment":[{"href":"https:\/\/hueleaazufre.com\/wordpress_a\/index.php\/wp-json\/wp\/v2\/media?parent=2538"}],"wp:term":[{"taxonomy":"category","embeddable":true,"href":"https:\/\/hueleaazufre.com\/wordpress_a\/index.php\/wp-json\/wp\/v2\/categories?post=2538"},{"taxonomy":"post_tag","embeddable":true,"href":"https:\/\/hueleaazufre.com\/wordpress_a\/index.php\/wp-json\/wp\/v2\/tags?post=2538"}],"curies":[{"name":"wp","href":"https:\/\/api.w.org\/{rel}","templated":true}]}}