{"id":2550,"date":"2025-05-13T12:35:12","date_gmt":"2025-05-13T12:35:12","guid":{"rendered":"https:\/\/hueleaazufre.com\/wordpress_a\/?p=2550"},"modified":"2025-07-10T18:38:42","modified_gmt":"2025-07-10T18:38:42","slug":"a-las-medidas-de-trump-resistencia-y-esperanza","status":"publish","type":"post","link":"https:\/\/hueleaazufre.com\/wordpress_a\/index.php\/2025\/05\/13\/a-las-medidas-de-trump-resistencia-y-esperanza\/","title":{"rendered":"A las medidas de Trump: resistencia y esperanza"},"content":{"rendered":"<p dir=\"auto\">Desde la tercera semana de enero no hay d\u00eda en que Trump no sea noticia ni motivo de diversos acontecimientos en su pa\u00eds como en el mundo entero. No es para menos, desde el mismo d\u00eda que inici\u00f3 su segundo mandato emiti\u00f3 \u00f3rdenes ejecutivas que afectan a unos y otros de sus conciudadanos, as\u00ed como a la comunidad internacional, en los planos econ\u00f3mico, pol\u00edtico, militar, ambiental, salud, educaci\u00f3n, y otros aspectos.<\/p>\n<p dir=\"auto\">Son medidas que muestran la dimensi\u00f3n de una contrarrevoluci\u00f3n, la m\u00e1s pretenciosa y agresiva a que haya podido asistir la humanidad, que busca arriar derechos de diverso car\u00e1cter alcanzados por la humanidad luego de d\u00e9cadas de lucha e infinidad de v\u00edctimas, humanidad luchando contra jornadas de trabajo de diez y m\u00e1s horas, por contratos a t\u00e9rmino fijo, por seguridad social, salud, educaci\u00f3n, interrupci\u00f3n del embarazo, libre desarrollo de la personalidad, y pare de contar.<\/p>\n<p dir=\"auto\">Entre sus pretensiones regresivas est\u00e1 el derecho a la protesta, con v\u00edctimas en primera instancia en los propios Estados Unidos, entre estudiantes no oriundos de este pa\u00eds y que denuncian el genocidio del que est\u00e1 siendo objeto el pueblo palestino.<\/p>\n<p dir=\"auto\">Las personas migrantes ilegales, por lo general empobrecidos de unos y otros pa\u00edses y que aspiran a contar con un trabajo que les genere ingresos para enviar a sus familias en los diferentes lugares de origen, son criminalizadas, perseguidas, encarceladas y repatriadas en condiciones violatorias de los m\u00e1s elementales derechos humanos. No contentos con ello, los magnates y gobernantes con aire de emperadores que rigen hoy la Casa Blanca deciden enviar a cientos de los apresados a sitios de castigo y venganza, m\u00e1s que de encierro, en los que impera el terror, como Guant\u00e1namo y la mega c\u00e1rcel construida por el actual gobierno salvadore\u00f1o.<\/p>\n<p dir=\"auto\">El derecho a la educaci\u00f3n, sin censuras ni negaci\u00f3n del conocimiento como aprendizaje libre, deliberante, cuestionador, tambi\u00e9n queda en el ojo de quienes consideran que quienes piensen diferente a ellos son \u201cterroristas\u201d o \u201cindeseables izquierdistas\u201d. Y como en tiempos que se cre\u00edan superados, se impone la negativa a poder consultar libros portadores de ideas que no comparten los Torquemada del siglo XXI.<\/p>\n<p dir=\"auto\">En este plano de retroceso social tambi\u00e9n entran los derechos de quienes se reivindican Lgtbiq+, en particular aquellas personas que se reivindican transg\u00e9nero, derecho sociocultural negado bajo el argumento biol\u00f3gico de reconocer solo la existencia de dos sexos, olvidando el car\u00e1cter cultural de la diversidad de g\u00e9nero.<\/p>\n<p dir=\"auto\">Su ofensiva persigue el derecho a la interrupci\u00f3n del embarazo, y tambi\u00e9n reactiva la pena de muerte en diversos estados de su naci\u00f3n federada, en especial para migrantes inculpados por el asesinato de un polic\u00eda o de agentes del servicio judicial.<\/p>\n<p dir=\"auto\">El desconocimiento, asimismo, del cambio clim\u00e1tico, y revivir con ello o re potenciar la explotaci\u00f3n de carb\u00f3n as\u00ed como ampliar la producci\u00f3n de petr\u00f3leo v\u00eda fracking, haciendo m\u00e1s lejanos los objetivos de la comunidad internacional de parar el calentamiento global, realidad agravada con el desconocimiento de las agendas aprobadas por las COP desde d\u00e9cadas atr\u00e1s.<\/p>\n<p dir=\"auto\">Una contrarrevoluci\u00f3n que busca imponer a que los diversos pa\u00edses del mundo financien, v\u00eda aranceles, el d\u00e9ficit fiscal de un imperio embriagado en su defensa militar, con un inmenso ej\u00e9rcito ubicado allende sus fronteras en m\u00e1s de 850 bases militares desde donde monitorea a todos los que considera sus potenciales enemigos, y desde ah\u00ed mismo asegura el control de territorios fundamentales desplegando operaciones de todo tipo.<\/p>\n<p dir=\"auto\">Si bien ese conjunto de medidas, y otras m\u00e1s, generaron un tsunami que en primera instancia impact\u00f3 el cuerpo social de la sociedad gringa, su fuerza no alcanz\u00f3 a derrumbar las banderas de la resistencia, que ahora, va retomando gradualmente su sitial a lo largo y ancho de su territorio nacional.<\/p>\n<p dir=\"auto\">En 50 estados de los EEUU se han suscitado, durante el fin de semana del 19-20 de abril, no menos de mil 200 acciones de protesta en contra de las medidas de los magnates que ahora encabezan el gobierno y sus prop\u00f3sitos autoritarios. Otra considerable cantidad de masivas protestas hab\u00edan tenido lugar una semana antes.<\/p>\n<p dir=\"auto\">En otro plano, en el escenario global, diversos pa\u00edses se resisten ante las medidas comerciales tomadas y abren un escenario de largas disputas, as\u00ed como negociaciones de las cuales, con seguridad, saldr\u00e1 un marco geopol\u00edtico que dibujar\u00e1 con mayor precisi\u00f3n el real multilateralismo al que ha ingresado la comunidad global desde a\u00f1os atr\u00e1s.<\/p>\n<p dir=\"auto\">Son realidades que van aparejadas a las agendas que motivan el fortalecimiento, en este plano, de agendas como las que encabeza la alianza Brics, o las que saldr\u00e1n de la cumbre COP30 a realizarse en territorio brasile\u00f1o el pr\u00f3ximo noviembre.<\/p>\n<p dir=\"auto\">En el plano de las resistencias, aunque ya no animadas ni circunscritas al repudio suscitado por la agresiva y reaccionaria agenda trumpista, resalta el rechazo a mega obras que irrespetan los derecho de los pueblos ind\u00edgenas, que invaden sus tierras o implican su arrinconamiento, como resalt\u00f3 en Chile el pasado 20 de abril al ser incineradas 47 camionetas y cinco retroexcavadoras en rechazo a la construcci\u00f3n de una hidroel\u00e9ctrica en la regi\u00f3n de Biob\u00edo, a la que se oponen pueblos originarios de este pa\u00eds.<\/p>\n<p dir=\"auto\">Es una acci\u00f3n que nos permite resaltar la existencia de pueblos que pese a la ofensiva ideol\u00f3gica, pol\u00edtica y medi\u00e1tica en marcha, no renuncian a su derecho a ser y existir seg\u00fan sus creencias y legado milenario.<\/p>\n<p dir=\"auto\">Reacciones pol\u00edticas y resistencias sociales como las ac\u00e1 resaltadas, que permiten concluir que pese a la contrarrevoluci\u00f3n en marcha, con su componente cultural aqu\u00ed no abordado, se atisban luces que indican que no todo est\u00e1 perdido y que la contrarrevoluci\u00f3n puesta en marcha, de manera m\u00e1s evidente por el bloque de poder que representa Trump, a\u00fan tiene muchas barricadas por superar. Como tambi\u00e9n las tiene el colonialismo que trata de revivir oculto tras las m\u00e1s varias medidas comerciales, econ\u00f3micas, industriales, militares y mucho m\u00e1s.<\/p>\n<p dir=\"auto\">\n<p dir=\"auto\"><strong>Fuente: Antonio Garcia\u00a0\u00a0<\/strong><\/p>\n","protected":false},"excerpt":{"rendered":"<p>Desde la tercera semana de enero no hay d\u00eda en que Trump no sea noticia&#8230;<\/p>\n","protected":false},"author":1,"featured_media":2552,"comment_status":"open","ping_status":"closed","sticky":false,"template":"","format":"standard","meta":{"footnotes":""},"categories":[12,70],"tags":[169,89,675,767,378],"class_list":["post-2550","post","type-post","status-publish","format-standard","has-post-thumbnail","hentry","category-antonio-garcia","category-otras-voces","tag-donald-trump","tag-ee-uu","tag-migrantes","tag-protestas","tag-resistencia"],"yoast_head":"<!-- This site is optimized with the Yoast SEO plugin v27.5 - https:\/\/yoast.com\/product\/yoast-seo-wordpress\/ -->\n<title>A las medidas de Trump: resistencia y esperanza -<\/title>\n<meta name=\"description\" content=\"Desde la tercera semana de enero no hay d\u00eda en que Trump no sea noticia ni motivo de diversos acontecimientos en su pa\u00eds como en el mundo entero.\" \/>\n<meta name=\"robots\" content=\"index, follow, max-snippet:-1, max-image-preview:large, max-video-preview:-1\" \/>\n<link rel=\"canonical\" href=\"https:\/\/hueleaazufre.com\/wordpress_a\/index.php\/2025\/05\/13\/a-las-medidas-de-trump-resistencia-y-esperanza\/\" \/>\n<meta property=\"og:locale\" content=\"es_ES\" \/>\n<meta property=\"og:type\" content=\"article\" \/>\n<meta property=\"og:title\" content=\"A las medidas de Trump: resistencia y esperanza -\" \/>\n<meta property=\"og:description\" content=\"Desde la tercera semana de enero no hay d\u00eda en que Trump no sea noticia ni motivo de diversos acontecimientos en su pa\u00eds como en el mundo entero.\" \/>\n<meta property=\"og:url\" content=\"https:\/\/hueleaazufre.com\/wordpress_a\/index.php\/2025\/05\/13\/a-las-medidas-de-trump-resistencia-y-esperanza\/\" \/>\n<meta property=\"article:published_time\" content=\"2025-05-13T12:35:12+00:00\" \/>\n<meta property=\"article:modified_time\" content=\"2025-07-10T18:38:42+00:00\" \/>\n<meta property=\"og:image\" content=\"https:\/\/hueleaazufre.com\/wordpress_a\/wp-content\/uploads\/2025\/05\/freepik__the-style-is-candid-image-photography-with-natural__49362.png\" \/>\n\t<meta property=\"og:image:width\" content=\"1024\" \/>\n\t<meta property=\"og:image:height\" content=\"1024\" \/>\n\t<meta property=\"og:image:type\" content=\"image\/png\" \/>\n<meta name=\"author\" content=\"Huele a azufre\" \/>\n<meta name=\"twitter:card\" content=\"summary_large_image\" \/>\n<meta name=\"twitter:label1\" content=\"Escrito por\" \/>\n\t<meta name=\"twitter:data1\" content=\"Huele a azufre\" \/>\n\t<meta name=\"twitter:label2\" content=\"Tiempo de lectura\" \/>\n\t<meta name=\"twitter:data2\" content=\"5 minutos\" \/>\n<script type=\"application\/ld+json\" class=\"yoast-schema-graph\">{\"@context\":\"https:\\\/\\\/schema.org\",\"@graph\":[{\"@type\":\"Article\",\"@id\":\"https:\\\/\\\/hueleaazufre.com\\\/wordpress_a\\\/index.php\\\/2025\\\/05\\\/13\\\/a-las-medidas-de-trump-resistencia-y-esperanza\\\/#article\",\"isPartOf\":{\"@id\":\"https:\\\/\\\/hueleaazufre.com\\\/wordpress_a\\\/index.php\\\/2025\\\/05\\\/13\\\/a-las-medidas-de-trump-resistencia-y-esperanza\\\/\"},\"author\":{\"name\":\"Huele a azufre\",\"@id\":\"https:\\\/\\\/hueleaazufre.com\\\/wordpress_a\\\/#\\\/schema\\\/person\\\/549dd871707ea7f9f1a686323ebe9baa\"},\"headline\":\"A las medidas de Trump: resistencia y esperanza\",\"datePublished\":\"2025-05-13T12:35:12+00:00\",\"dateModified\":\"2025-07-10T18:38:42+00:00\",\"mainEntityOfPage\":{\"@id\":\"https:\\\/\\\/hueleaazufre.com\\\/wordpress_a\\\/index.php\\\/2025\\\/05\\\/13\\\/a-las-medidas-de-trump-resistencia-y-esperanza\\\/\"},\"wordCount\":1053,\"commentCount\":0,\"image\":{\"@id\":\"https:\\\/\\\/hueleaazufre.com\\\/wordpress_a\\\/index.php\\\/2025\\\/05\\\/13\\\/a-las-medidas-de-trump-resistencia-y-esperanza\\\/#primaryimage\"},\"thumbnailUrl\":\"https:\\\/\\\/hueleaazufre.com\\\/wordpress_a\\\/wp-content\\\/uploads\\\/2025\\\/05\\\/freepik__the-style-is-candid-image-photography-with-natural__49362.png\",\"keywords\":[\"Donald Trump\",\"EE.UU\",\"migrantes\",\"Protestas\",\"resistencia\"],\"articleSection\":[\"Antonio Garc\u00eda\u00a0\",\"Otras voces\"],\"inLanguage\":\"es\",\"potentialAction\":[{\"@type\":\"CommentAction\",\"name\":\"Comment\",\"target\":[\"https:\\\/\\\/hueleaazufre.com\\\/wordpress_a\\\/index.php\\\/2025\\\/05\\\/13\\\/a-las-medidas-de-trump-resistencia-y-esperanza\\\/#respond\"]}]},{\"@type\":\"WebPage\",\"@id\":\"https:\\\/\\\/hueleaazufre.com\\\/wordpress_a\\\/index.php\\\/2025\\\/05\\\/13\\\/a-las-medidas-de-trump-resistencia-y-esperanza\\\/\",\"url\":\"https:\\\/\\\/hueleaazufre.com\\\/wordpress_a\\\/index.php\\\/2025\\\/05\\\/13\\\/a-las-medidas-de-trump-resistencia-y-esperanza\\\/\",\"name\":\"A las medidas de Trump: resistencia y esperanza -\",\"isPartOf\":{\"@id\":\"https:\\\/\\\/hueleaazufre.com\\\/wordpress_a\\\/#website\"},\"primaryImageOfPage\":{\"@id\":\"https:\\\/\\\/hueleaazufre.com\\\/wordpress_a\\\/index.php\\\/2025\\\/05\\\/13\\\/a-las-medidas-de-trump-resistencia-y-esperanza\\\/#primaryimage\"},\"image\":{\"@id\":\"https:\\\/\\\/hueleaazufre.com\\\/wordpress_a\\\/index.php\\\/2025\\\/05\\\/13\\\/a-las-medidas-de-trump-resistencia-y-esperanza\\\/#primaryimage\"},\"thumbnailUrl\":\"https:\\\/\\\/hueleaazufre.com\\\/wordpress_a\\\/wp-content\\\/uploads\\\/2025\\\/05\\\/freepik__the-style-is-candid-image-photography-with-natural__49362.png\",\"datePublished\":\"2025-05-13T12:35:12+00:00\",\"dateModified\":\"2025-07-10T18:38:42+00:00\",\"author\":{\"@id\":\"https:\\\/\\\/hueleaazufre.com\\\/wordpress_a\\\/#\\\/schema\\\/person\\\/549dd871707ea7f9f1a686323ebe9baa\"},\"description\":\"Desde la tercera semana de enero no hay d\u00eda en que Trump no sea noticia ni motivo de diversos acontecimientos en su pa\u00eds como en el mundo entero.\",\"breadcrumb\":{\"@id\":\"https:\\\/\\\/hueleaazufre.com\\\/wordpress_a\\\/index.php\\\/2025\\\/05\\\/13\\\/a-las-medidas-de-trump-resistencia-y-esperanza\\\/#breadcrumb\"},\"inLanguage\":\"es\",\"potentialAction\":[{\"@type\":\"ReadAction\",\"target\":[\"https:\\\/\\\/hueleaazufre.com\\\/wordpress_a\\\/index.php\\\/2025\\\/05\\\/13\\\/a-las-medidas-de-trump-resistencia-y-esperanza\\\/\"]}]},{\"@type\":\"ImageObject\",\"inLanguage\":\"es\",\"@id\":\"https:\\\/\\\/hueleaazufre.com\\\/wordpress_a\\\/index.php\\\/2025\\\/05\\\/13\\\/a-las-medidas-de-trump-resistencia-y-esperanza\\\/#primaryimage\",\"url\":\"https:\\\/\\\/hueleaazufre.com\\\/wordpress_a\\\/wp-content\\\/uploads\\\/2025\\\/05\\\/freepik__the-style-is-candid-image-photography-with-natural__49362.png\",\"contentUrl\":\"https:\\\/\\\/hueleaazufre.com\\\/wordpress_a\\\/wp-content\\\/uploads\\\/2025\\\/05\\\/freepik__the-style-is-candid-image-photography-with-natural__49362.png\",\"width\":1024,\"height\":1024},{\"@type\":\"BreadcrumbList\",\"@id\":\"https:\\\/\\\/hueleaazufre.com\\\/wordpress_a\\\/index.php\\\/2025\\\/05\\\/13\\\/a-las-medidas-de-trump-resistencia-y-esperanza\\\/#breadcrumb\",\"itemListElement\":[{\"@type\":\"ListItem\",\"position\":1,\"name\":\"Portada\",\"item\":\"https:\\\/\\\/hueleaazufre.com\\\/wordpress_a\\\/\"},{\"@type\":\"ListItem\",\"position\":2,\"name\":\"A las medidas de Trump: resistencia y esperanza\"}]},{\"@type\":\"WebSite\",\"@id\":\"https:\\\/\\\/hueleaazufre.com\\\/wordpress_a\\\/#website\",\"url\":\"https:\\\/\\\/hueleaazufre.com\\\/wordpress_a\\\/\",\"name\":\"\",\"description\":\"Huele a azufre es una plataforma digital de an\u00e1lisis geopol\u00edtico.\",\"potentialAction\":[{\"@type\":\"SearchAction\",\"target\":{\"@type\":\"EntryPoint\",\"urlTemplate\":\"https:\\\/\\\/hueleaazufre.com\\\/wordpress_a\\\/?s={search_term_string}\"},\"query-input\":{\"@type\":\"PropertyValueSpecification\",\"valueRequired\":true,\"valueName\":\"search_term_string\"}}],\"inLanguage\":\"es\"},{\"@type\":\"Person\",\"@id\":\"https:\\\/\\\/hueleaazufre.com\\\/wordpress_a\\\/#\\\/schema\\\/person\\\/549dd871707ea7f9f1a686323ebe9baa\",\"name\":\"Huele a azufre\",\"image\":{\"@type\":\"ImageObject\",\"inLanguage\":\"es\",\"@id\":\"https:\\\/\\\/secure.gravatar.com\\\/avatar\\\/e972d5c124b9bf80eb4c9d322a90dd86a59d447f5da36700a77516f13637d44e?s=96&d=mm&r=g\",\"url\":\"https:\\\/\\\/secure.gravatar.com\\\/avatar\\\/e972d5c124b9bf80eb4c9d322a90dd86a59d447f5da36700a77516f13637d44e?s=96&d=mm&r=g\",\"contentUrl\":\"https:\\\/\\\/secure.gravatar.com\\\/avatar\\\/e972d5c124b9bf80eb4c9d322a90dd86a59d447f5da36700a77516f13637d44e?s=96&d=mm&r=g\",\"caption\":\"Huele a azufre\"},\"description\":\"Huele a azufre es una plataforma digital de an\u00e1lisis geopol\u00edtico\u00a0 contrahegem\u00f3nico, que busca visibilizar las voces y los discursos silenciados por el poder medi\u00e1tico.\",\"sameAs\":[\"https:\\\/\\\/hueleaazufre.com\\\/wordpress_a\"],\"url\":\"https:\\\/\\\/hueleaazufre.com\\\/wordpress_a\\\/index.php\\\/author\\\/admin_tupapa\\\/\"}]}<\/script>\n<!-- \/ Yoast SEO plugin. -->","yoast_head_json":{"title":"A las medidas de Trump: resistencia y esperanza -","description":"Desde la tercera semana de enero no hay d\u00eda en que Trump no sea noticia ni motivo de diversos acontecimientos en su pa\u00eds como en el mundo entero.","robots":{"index":"index","follow":"follow","max-snippet":"max-snippet:-1","max-image-preview":"max-image-preview:large","max-video-preview":"max-video-preview:-1"},"canonical":"https:\/\/hueleaazufre.com\/wordpress_a\/index.php\/2025\/05\/13\/a-las-medidas-de-trump-resistencia-y-esperanza\/","og_locale":"es_ES","og_type":"article","og_title":"A las medidas de Trump: resistencia y esperanza -","og_description":"Desde la tercera semana de enero no hay d\u00eda en que Trump no sea noticia ni motivo de diversos acontecimientos en su pa\u00eds como en el mundo entero.","og_url":"https:\/\/hueleaazufre.com\/wordpress_a\/index.php\/2025\/05\/13\/a-las-medidas-de-trump-resistencia-y-esperanza\/","article_published_time":"2025-05-13T12:35:12+00:00","article_modified_time":"2025-07-10T18:38:42+00:00","og_image":[{"width":1024,"height":1024,"url":"https:\/\/hueleaazufre.com\/wordpress_a\/wp-content\/uploads\/2025\/05\/freepik__the-style-is-candid-image-photography-with-natural__49362.png","type":"image\/png"}],"author":"Huele a azufre","twitter_card":"summary_large_image","twitter_misc":{"Escrito por":"Huele a azufre","Tiempo de lectura":"5 minutos"},"schema":{"@context":"https:\/\/schema.org","@graph":[{"@type":"Article","@id":"https:\/\/hueleaazufre.com\/wordpress_a\/index.php\/2025\/05\/13\/a-las-medidas-de-trump-resistencia-y-esperanza\/#article","isPartOf":{"@id":"https:\/\/hueleaazufre.com\/wordpress_a\/index.php\/2025\/05\/13\/a-las-medidas-de-trump-resistencia-y-esperanza\/"},"author":{"name":"Huele a azufre","@id":"https:\/\/hueleaazufre.com\/wordpress_a\/#\/schema\/person\/549dd871707ea7f9f1a686323ebe9baa"},"headline":"A las medidas de Trump: resistencia y esperanza","datePublished":"2025-05-13T12:35:12+00:00","dateModified":"2025-07-10T18:38:42+00:00","mainEntityOfPage":{"@id":"https:\/\/hueleaazufre.com\/wordpress_a\/index.php\/2025\/05\/13\/a-las-medidas-de-trump-resistencia-y-esperanza\/"},"wordCount":1053,"commentCount":0,"image":{"@id":"https:\/\/hueleaazufre.com\/wordpress_a\/index.php\/2025\/05\/13\/a-las-medidas-de-trump-resistencia-y-esperanza\/#primaryimage"},"thumbnailUrl":"https:\/\/hueleaazufre.com\/wordpress_a\/wp-content\/uploads\/2025\/05\/freepik__the-style-is-candid-image-photography-with-natural__49362.png","keywords":["Donald Trump","EE.UU","migrantes","Protestas","resistencia"],"articleSection":["Antonio Garc\u00eda\u00a0","Otras voces"],"inLanguage":"es","potentialAction":[{"@type":"CommentAction","name":"Comment","target":["https:\/\/hueleaazufre.com\/wordpress_a\/index.php\/2025\/05\/13\/a-las-medidas-de-trump-resistencia-y-esperanza\/#respond"]}]},{"@type":"WebPage","@id":"https:\/\/hueleaazufre.com\/wordpress_a\/index.php\/2025\/05\/13\/a-las-medidas-de-trump-resistencia-y-esperanza\/","url":"https:\/\/hueleaazufre.com\/wordpress_a\/index.php\/2025\/05\/13\/a-las-medidas-de-trump-resistencia-y-esperanza\/","name":"A las medidas de Trump: resistencia y esperanza -","isPartOf":{"@id":"https:\/\/hueleaazufre.com\/wordpress_a\/#website"},"primaryImageOfPage":{"@id":"https:\/\/hueleaazufre.com\/wordpress_a\/index.php\/2025\/05\/13\/a-las-medidas-de-trump-resistencia-y-esperanza\/#primaryimage"},"image":{"@id":"https:\/\/hueleaazufre.com\/wordpress_a\/index.php\/2025\/05\/13\/a-las-medidas-de-trump-resistencia-y-esperanza\/#primaryimage"},"thumbnailUrl":"https:\/\/hueleaazufre.com\/wordpress_a\/wp-content\/uploads\/2025\/05\/freepik__the-style-is-candid-image-photography-with-natural__49362.png","datePublished":"2025-05-13T12:35:12+00:00","dateModified":"2025-07-10T18:38:42+00:00","author":{"@id":"https:\/\/hueleaazufre.com\/wordpress_a\/#\/schema\/person\/549dd871707ea7f9f1a686323ebe9baa"},"description":"Desde la tercera semana de enero no hay d\u00eda en que Trump no sea noticia ni motivo de diversos acontecimientos en su pa\u00eds como en el mundo entero.","breadcrumb":{"@id":"https:\/\/hueleaazufre.com\/wordpress_a\/index.php\/2025\/05\/13\/a-las-medidas-de-trump-resistencia-y-esperanza\/#breadcrumb"},"inLanguage":"es","potentialAction":[{"@type":"ReadAction","target":["https:\/\/hueleaazufre.com\/wordpress_a\/index.php\/2025\/05\/13\/a-las-medidas-de-trump-resistencia-y-esperanza\/"]}]},{"@type":"ImageObject","inLanguage":"es","@id":"https:\/\/hueleaazufre.com\/wordpress_a\/index.php\/2025\/05\/13\/a-las-medidas-de-trump-resistencia-y-esperanza\/#primaryimage","url":"https:\/\/hueleaazufre.com\/wordpress_a\/wp-content\/uploads\/2025\/05\/freepik__the-style-is-candid-image-photography-with-natural__49362.png","contentUrl":"https:\/\/hueleaazufre.com\/wordpress_a\/wp-content\/uploads\/2025\/05\/freepik__the-style-is-candid-image-photography-with-natural__49362.png","width":1024,"height":1024},{"@type":"BreadcrumbList","@id":"https:\/\/hueleaazufre.com\/wordpress_a\/index.php\/2025\/05\/13\/a-las-medidas-de-trump-resistencia-y-esperanza\/#breadcrumb","itemListElement":[{"@type":"ListItem","position":1,"name":"Portada","item":"https:\/\/hueleaazufre.com\/wordpress_a\/"},{"@type":"ListItem","position":2,"name":"A las medidas de Trump: resistencia y esperanza"}]},{"@type":"WebSite","@id":"https:\/\/hueleaazufre.com\/wordpress_a\/#website","url":"https:\/\/hueleaazufre.com\/wordpress_a\/","name":"","description":"Huele a azufre es una plataforma digital de an\u00e1lisis geopol\u00edtico.","potentialAction":[{"@type":"SearchAction","target":{"@type":"EntryPoint","urlTemplate":"https:\/\/hueleaazufre.com\/wordpress_a\/?s={search_term_string}"},"query-input":{"@type":"PropertyValueSpecification","valueRequired":true,"valueName":"search_term_string"}}],"inLanguage":"es"},{"@type":"Person","@id":"https:\/\/hueleaazufre.com\/wordpress_a\/#\/schema\/person\/549dd871707ea7f9f1a686323ebe9baa","name":"Huele a azufre","image":{"@type":"ImageObject","inLanguage":"es","@id":"https:\/\/secure.gravatar.com\/avatar\/e972d5c124b9bf80eb4c9d322a90dd86a59d447f5da36700a77516f13637d44e?s=96&d=mm&r=g","url":"https:\/\/secure.gravatar.com\/avatar\/e972d5c124b9bf80eb4c9d322a90dd86a59d447f5da36700a77516f13637d44e?s=96&d=mm&r=g","contentUrl":"https:\/\/secure.gravatar.com\/avatar\/e972d5c124b9bf80eb4c9d322a90dd86a59d447f5da36700a77516f13637d44e?s=96&d=mm&r=g","caption":"Huele a azufre"},"description":"Huele a azufre es una plataforma digital de an\u00e1lisis geopol\u00edtico\u00a0 contrahegem\u00f3nico, que busca visibilizar las voces y los discursos silenciados por el poder medi\u00e1tico.","sameAs":["https:\/\/hueleaazufre.com\/wordpress_a"],"url":"https:\/\/hueleaazufre.com\/wordpress_a\/index.php\/author\/admin_tupapa\/"}]}},"_links":{"self":[{"href":"https:\/\/hueleaazufre.com\/wordpress_a\/index.php\/wp-json\/wp\/v2\/posts\/2550","targetHints":{"allow":["GET"]}}],"collection":[{"href":"https:\/\/hueleaazufre.com\/wordpress_a\/index.php\/wp-json\/wp\/v2\/posts"}],"about":[{"href":"https:\/\/hueleaazufre.com\/wordpress_a\/index.php\/wp-json\/wp\/v2\/types\/post"}],"author":[{"embeddable":true,"href":"https:\/\/hueleaazufre.com\/wordpress_a\/index.php\/wp-json\/wp\/v2\/users\/1"}],"replies":[{"embeddable":true,"href":"https:\/\/hueleaazufre.com\/wordpress_a\/index.php\/wp-json\/wp\/v2\/comments?post=2550"}],"version-history":[{"count":1,"href":"https:\/\/hueleaazufre.com\/wordpress_a\/index.php\/wp-json\/wp\/v2\/posts\/2550\/revisions"}],"predecessor-version":[{"id":2553,"href":"https:\/\/hueleaazufre.com\/wordpress_a\/index.php\/wp-json\/wp\/v2\/posts\/2550\/revisions\/2553"}],"wp:featuredmedia":[{"embeddable":true,"href":"https:\/\/hueleaazufre.com\/wordpress_a\/index.php\/wp-json\/wp\/v2\/media\/2552"}],"wp:attachment":[{"href":"https:\/\/hueleaazufre.com\/wordpress_a\/index.php\/wp-json\/wp\/v2\/media?parent=2550"}],"wp:term":[{"taxonomy":"category","embeddable":true,"href":"https:\/\/hueleaazufre.com\/wordpress_a\/index.php\/wp-json\/wp\/v2\/categories?post=2550"},{"taxonomy":"post_tag","embeddable":true,"href":"https:\/\/hueleaazufre.com\/wordpress_a\/index.php\/wp-json\/wp\/v2\/tags?post=2550"}],"curies":[{"name":"wp","href":"https:\/\/api.w.org\/{rel}","templated":true}]}}