{"id":2561,"date":"2025-05-13T12:59:03","date_gmt":"2025-05-13T12:59:03","guid":{"rendered":"https:\/\/hueleaazufre.com\/wordpress_a\/?p=2561"},"modified":"2025-05-13T13:01:48","modified_gmt":"2025-05-13T13:01:48","slug":"elementos-claves-de-la-visita-del-presidente-maduro-a-rusia","status":"publish","type":"post","link":"https:\/\/hueleaazufre.com\/wordpress_a\/index.php\/2025\/05\/13\/elementos-claves-de-la-visita-del-presidente-maduro-a-rusia\/","title":{"rendered":"Elementos claves de la visita del presidente Maduro a Rusia"},"content":{"rendered":"<p>Para participar en el 80\u00a0aniversario de la victoria de la Uni\u00f3n Sovi\u00e9tica\u00a0sobre la Alemania nazi en la Gran Guerra Patria (1941-1945), el presidente venezolano Nicol\u00e1s Maduro lleg\u00f3 a Rusia el pasado martes 6 de mayo. Junto a su comitiva despleg\u00f3 una serie de actividades que, m\u00e1s all\u00e1 de las actividades de\u00a0conmemoraci\u00f3n, constituy\u00f3 avances hacia la consolidaci\u00f3n de la unidad con el pa\u00eds euroasi\u00e1tico y otros aliados del bloque multipolar.<\/p>\n<p>La jornada es un hito para recordar el\u00a0<a href=\"https:\/\/esrt.space\/actualidad\/546722-urss-libero-europa-nazismo-hito-occidente-olvidar\" target=\"_blank\" rel=\"noopener\">triunfo<\/a>\u00a0del Ej\u00e9rcito Rojo sobre las fuerzas militares nazis lideradas por Adolf Hitler, entonces canciller alem\u00e1n, el 9 de mayo de 1945. Desde las \u00e9lites occidentales se ha intentado\u00a0<a href=\"https:\/\/rebelion.org\/la-hazana-sovietica-y-la-ignorancia-de-trump\/\" target=\"_blank\" rel=\"noopener\">invisibilizar<\/a>\u00a0la importante contribuci\u00f3n sovi\u00e9tica a la derrota del fascismo, sin embargo, seg\u00fan el analista argentino Jorge Elbaum, en la Plaza Roja estuvieron presentes l\u00edderes de pa\u00edses que\u00a0<a href=\"https:\/\/t.me\/SputnikMundo\/120279\" target=\"_blank\" rel=\"noopener\">representan 60% de la poblaci\u00f3n<\/a>\u00a0mundial.<\/p>\n<p>Estonia y otros pa\u00edses b\u00e1lticos\u00a0<a href=\"https:\/\/t.me\/SputnikMundo\/120246\" target=\"_blank\" rel=\"noopener\">prohibieron<\/a>\u00a0el uso de su espacio a\u00e9reo a los dirigentes que viajaban a Mosc\u00fa, lo que afect\u00f3 a los mandatarios de Cuba y Brasil, Miguel D\u00edaz-Canel y Luiz In\u00e1cio Lula da Silva, respectivamente, as\u00ed como al premier eslovaco, Robert Fico.<\/p>\n<p>Asistieron mandatarios y altos representantes de 17 pa\u00edses asi\u00e1ticos, 14 de \u00c1frica, 2 europeos y 4 de Am\u00e9rica. Adem\u00e1s, participaron en el desfile agrupaciones militares de China, Azerbaiy\u00e1n, Vietnam, Bielorrusia, Egipto, Kazajist\u00e1n, Kirguist\u00e1n, Laos, Mongolia, Myanmar, Tayikist\u00e1n, Turkmenist\u00e1n y Uzbekist\u00e1n.<\/p>\n<h3>Rusia-Venezuela: Un acuerdo \u00abpoderoso, significativo e importante\u00bb<\/h3>\n<p>Al aterrizar en Mosc\u00fa el Jefe de Estado venezolano poste\u00f3: \u00abVenimos a conmemorar, con mucha sensibilidad y conciencia hist\u00f3rica, el 80 aniversario de la Victoria en la Gran Guerra Patria\u00bb. Ratific\u00f3 que \u00abel camino de la humanidad tiene que ser de paz, entendimiento y respeto a la igualdad de los Estados\u00bb y se solidariz\u00f3 con el presidente Putin, con el pueblo ruso y con los pueblos de lo que fue la Uni\u00f3n Sovi\u00e9tica.<\/p>\n<div class=\"media media-element-container media-article_full media-wysiwyg-align-center\">\n<div id=\"file-7679\" class=\"file file-image file-image-jpeg\">\n<div class=\"content\">\n<div class=\"img-file\"><img fetchpriority=\"high\" decoding=\"async\" class=\"media-element img-responsive\" src=\"https:\/\/misionverdad.com\/sites\/default\/files\/photo_2025-05-08_17-42-23.jpg\" alt=\"\" width=\"601\" height=\"400\" data-delta=\"1\" \/><\/div>\n<div class=\"img-meta\">\u00abEs impresionante el esfuerzo hecho por el pueblo de la Uni\u00f3n Sovi\u00e9tica hace 80 a\u00f1os para acabar la maquinaria de guerra infernal articulada por el nazifascismo\u00bb, destac\u00f3 el mandatario venezolano\u00a0<span class=\"photo-credit\">(Foto: Prensa Presidencial)<\/span><\/div>\n<\/div>\n<\/div>\n<\/div>\n<p>Al d\u00eda siguiente se desarroll\u00f3 la reuni\u00f3n bilateral entre ambos presidentes para la firma del\u00a0<a href=\"https:\/\/misionverdad.com\/venezuela\/analizando-el-acuerdo-de-asociacion-estrategica-entre-rusia-y-venezuela\" target=\"_blank\" rel=\"noopener\">Acuerdo sobre Asociaci\u00f3n y Cooperaci\u00f3n Estrat\u00e9gica<\/a>\u00a0por 10 a\u00f1os, el cual convierte a Venezuela en el primer pa\u00eds de Am\u00e9rica Latina en elevar relaciones al m\u00e1s alto nivel diplom\u00e1tico con Rusia, cuyo objetivo es impulsar la colaboraci\u00f3n en los \u00e1mbitos militar, econ\u00f3mico, energ\u00e9tico, tecnol\u00f3gico y pol\u00edtico.<\/p>\n<p>Cabe recordar que Venezuela y Rusia tambi\u00e9n cumplen 80 a\u00f1os de relaciones bilaterales este a\u00f1o. Adem\u00e1s, en noviembre pasado\u00a0<a href=\"https:\/\/misionverdad.com\/venezuela\/el-salto-cualitativo-de-la-relacion-estrategica-venezuela-rusia\" target=\"_blank\" rel=\"noopener\">se deline\u00f3 un mapa<\/a>\u00a0de acuerdos en el marco de la XVIII Reuni\u00f3n de la Comisi\u00f3n Intergubernamental de Alto Nivel (CIAN) efectuada en Caracas. Esta ruta se enfoca en el intercambio tecnol\u00f3gico y la diversificaci\u00f3n econ\u00f3mica para lograr un nuevo equilibrio geopol\u00edtico favorable al Sur Global.<\/p>\n<div class=\"media media-element-container media-article_full media-wysiwyg-align-center\">\n<div id=\"file-7680\" class=\"file file-image file-image-jpeg\">\n<div class=\"content\">\n<div class=\"img-file\"><img decoding=\"async\" class=\"media-element img-responsive\" src=\"https:\/\/misionverdad.com\/sites\/default\/files\/06MG__0119_P_0.jpg\" alt=\"\" width=\"653\" height=\"669\" data-delta=\"2\" \/><\/div>\n<div class=\"img-meta\">El acuerdo desaf\u00eda el ilegal bloqueo occidental al promover un sistema financiero independiente y la expansi\u00f3n de cooperaci\u00f3n en energ\u00eda, tecnolog\u00eda y defensa\u00a0<span class=\"photo-credit\">(Foto: Prensa Presidencial)<\/span><\/div>\n<\/div>\n<\/div>\n<\/div>\n<p>El mandatario venezolano destac\u00f3 que ambos aniversarios representan \u00abun buen momento\u00bb\u00a0para impulsar la cooperaci\u00f3n bilateral y convertirla en una \u00abrelaci\u00f3n integral\u00bb.\u00a0Por su parte, Putin se mostr\u00f3 \u00abmuy agradecido\u00bb\u00a0de que el presidente venezolano \u00abhaya encontrado tiempo para viajar a Mosc\u00fa en un d\u00eda tan especial\u00bb\u00a0para Rusia.<\/p>\n<p>El acuerdo desaf\u00eda el ilegal bloqueo occidental al promover un sistema financiero independiente y la expansi\u00f3n de la articulaci\u00f3n en los \u00e1mbitos de la energ\u00eda, la tecnolog\u00eda y la defensa. El pacto,\u00a0<a href=\"https:\/\/venezuela-news.com\/portavoz-del-kremlin-califico-de-poderoso-y-significativo-el-tratado-firmado-por-maduro-y-putin\/\" target=\"_blank\" rel=\"noopener\">calificado<\/a>\u00a0como \u00abpoderoso, significativo e importante\u00bb por el portavoz del Kremlin, Dmitri Peskov, incluye inversiones conjuntas en petr\u00f3leo y gas, la instalaci\u00f3n de una estaci\u00f3n del sistema satelital ruso Glonass en Venezuela, y colaboraci\u00f3n en seguridad militar. Adem\u00e1s, Mosc\u00fa y Caracas\u00a0buscan aumentar su coordinaci\u00f3n en foros energ\u00e9ticos como la OPEP+ y el Foro de Pa\u00edses Exportadores de Gas.<\/p>\n<p>La alianza tambi\u00e9n abarca \u00e1reas como innovaci\u00f3n tecnol\u00f3gica, salud p\u00fablica y lucha contra el terrorismo, bajo \u00ablos ideales de Bol\u00edvar y Ch\u00e1vez\u00bb, destac\u00f3 Maduro. El comercio bilateral creci\u00f3 64% hasta alcanzar 200 millones de d\u00f3lares, cifra que Putin consider\u00f3 prometedora.<\/p>\n<p>Adem\u00e1s, ambos destacaron que esta asociaci\u00f3n responde a los intereses binacionales y refuerza proyectos en investigaci\u00f3n cient\u00edfica, desarrollo de vacunas y estrategias contra amenazas globales como el fascismo. La cooperaci\u00f3n retoma la sinergia establecida durante la pandemia y consolida Venezuela como un actor relevante en la esfera global junto a Rusia.<\/p>\n<h3><strong>Multipolaridad en construcci\u00f3n permanente<\/strong><\/h3>\n<p>El 8 de mayo Maduro\u00a0<a href=\"https:\/\/t.me\/misionverdad\/12197\">se reuni\u00f3<\/a>\u00a0con el jefe de la Rep\u00fablica de Chechenia, que es parte de la Federaci\u00f3n Rusa.\u00a0El mandatario venezolano\u00a0<a href=\"https:\/\/t.me\/prensapresidencial\/16689\" target=\"_blank\" rel=\"noopener\">afirm\u00f3<\/a>\u00a0que \u00abla patria de Bol\u00edvar ratifica su compromiso de promover la hermandad entre los pueblos, para as\u00ed seguir juntos en defensa de la autodeterminaci\u00f3n y la diplomacia bolivariana de paz\u00bb. Ambos pa\u00edses buscan construir un mundo multipolar y pluric\u00e9ntrico basado en la igualdad y el respeto mutuo.<\/p>\n<p>Luego\u00a0<a href=\"https:\/\/t.me\/SputnikMundo\/120271\">asisti\u00f3 a una\u00a0<\/a><a href=\"https:\/\/t.me\/SputnikMundo\/120271\">ceremonia<\/a>\u00a0de ofrendas florales en la plaza Bol\u00edvar de Mosc\u00fa, acompa\u00f1ado del presidente cubano Miguel D\u00edaz-Canel. All\u00ed rindieron homenaje al h\u00e9roe venezolano destacando la relevancia de la victoria sovi\u00e9tica contra el fascismo. \u00abEn la ceremonia en Mosc\u00fa reafirmamos el legado de Bol\u00edvar y su lucha por la libertad. Nuestro compromiso con la soberan\u00eda y la justicia permanece intacto\u00bb,\u00a0destac\u00f3 Maduro.<\/p>\n<div class=\"media media-element-container media-article_full media-wysiwyg-align-center\">\n<div id=\"file-7685\" class=\"file file-image file-image-jpeg\">\n<div class=\"content\">\n<div class=\"img-file\"><img decoding=\"async\" class=\"media-element img-responsive\" src=\"https:\/\/misionverdad.com\/sites\/default\/files\/photo_2025-05-08_10-09-42.jpg\" alt=\"\" width=\"550\" height=\"366\" data-delta=\"4\" \/><\/div>\n<div class=\"img-meta\">Junto a j\u00f3venes de distintas nacionalidades, Maduro y D\u00edaz-Canel honraron la memoria heroica del Libertador\u00a0<span class=\"photo-credit\">(Foto: Prensa Presidencial)<\/span><\/div>\n<\/div>\n<\/div>\n<\/div>\n<p>La ocasi\u00f3n sirvi\u00f3 para profundizar lazos con distintos actores claves en la construcci\u00f3n de nuevas relaciones basadas en la multipolaridad. Maduro se reuni\u00f3 con su hom\u00f3logo de Burkina Faso, Ibrahim Traore, para reimpulsar la relaci\u00f3n binacional tras la\u00a0<a href=\"https:\/\/ultimasnoticias.com.ve\/politica\/venezuela-y-burkina-faso-reafirman-lazos-y-sellan-cooperacion-estrategica\/\">visita oficial<\/a>\u00a0a Venezuela del primer ministro burkin\u00e9s, Apollinaire Kyelem de Tambela, en mayo de 2023.<\/p>\n<p>Se realiz\u00f3 seguimiento a los 22 acuerdos alcanzados durante la I Reuni\u00f3n de la Comisi\u00f3n Mixta Venezuela-Burkina Faso, celebrada en Caracas los d\u00edas 6 y 7 de febrero de 2024, los cuales abarcan \u00e1reas como educaci\u00f3n, ciencia y tecnolog\u00eda, defensa, protecci\u00f3n civil, seguridad interior, agricultura y energ\u00eda, relevantes para avanzar en la cooperaci\u00f3n Sur-Sur.<\/p>\n<div class=\"media media-element-container media-article_full media-wysiwyg-align-center\">\n<div id=\"file-7687\" class=\"file file-image file-image-jpeg\">\n<div class=\"content\">\n<div class=\"img-file\"><img loading=\"lazy\" decoding=\"async\" class=\"media-element img-responsive\" src=\"https:\/\/misionverdad.com\/sites\/default\/files\/photo_2025-05-08_09-48-34.jpg\" alt=\"\" width=\"631\" height=\"655\" data-delta=\"6\" \/><\/div>\n<div class=\"img-meta\">Traor\u00e9 y Maduro hicieron seguimiento a los 22 acuerdos bilaterales alcanzados en 2024 para avanzar en la cooperaci\u00f3n Sur-Sur\u00a0<span class=\"photo-credit\">(Foto: Prensa Presidencial)<\/span><\/div>\n<\/div>\n<\/div>\n<\/div>\n<p>El l\u00edder burkin\u00e9s, cuyo gobierno expuls\u00f3 las tropas francesas del pa\u00eds en 2023, ha hecho grandes avances en la atenci\u00f3n m\u00e9dica, la educaci\u00f3n, la infraestructura y la reconfiguraci\u00f3n econ\u00f3mica de su pa\u00eds. Esto ha permitido que el pueblo de Burkina Faso comience a cosechar los beneficios de sus propios recursos, en lugar de ser un punto de extracci\u00f3n para las corporaciones estadounidenses y europeas.<\/p>\n<p class=\"western\">La siguiente reuni\u00f3n fue con su hom\u00f3logo de Kazajist\u00e1n, Kassym-Jomart Tokayev, con quien\u00a0<a href=\"https:\/\/t.me\/NicolasMaduroMoros\/35470\">avanz\u00f3 en los lazos diplom\u00e1ticos<\/a>. Estos han evolucionado significativamente desde hace varias d\u00e9cadas en energ\u00eda, pol\u00edtica internacional y acuerdos multilaterales.<\/p>\n<div class=\"media media-element-container media-article_full media-wysiwyg-align-center\">\n<div id=\"file-7686\" class=\"file file-image file-image-jpeg\">\n<div class=\"content\">\n<div class=\"img-file\"><img loading=\"lazy\" decoding=\"async\" class=\"media-element img-responsive\" src=\"https:\/\/misionverdad.com\/sites\/default\/files\/photo_2025-05-08_17-54-11.jpg\" alt=\"\" width=\"601\" height=\"400\" data-delta=\"5\" \/><\/div>\n<div class=\"img-meta\">Energ\u00eda, pol\u00edtica internacional y acuerdos multilaterales fueron parte de la agenda entre los mandatarios de Venezuela y Kazajist\u00e1n\u00a0<span class=\"photo-credit\">(Foto: Prensa Presidencial)<\/span><\/div>\n<\/div>\n<\/div>\n<\/div>\n<p class=\"western\">La ocasi\u00f3n sirvi\u00f3 para\u00a0<a href=\"https:\/\/www.eluniversal.com\/politica\/207279\/venezuela-y-kazajistan-refuerzan-acuerdos-estrategicos-en-moscu\" target=\"_blank\" rel=\"noopener\">puntualizar aspectos importantes<\/a>\u00a0sobre el intercambio energ\u00e9tico y los v\u00ednculos en esta materia, especialmente en el sector petrolero, donde Venezuela tiene una amplia experiencia en producci\u00f3n y refinaci\u00f3n, adem\u00e1s de ser un polo energ\u00e9tico continental de gran alcance.\u00a0Tambi\u00e9n se discuti\u00f3 la exportaci\u00f3n de productos venezolanos con alto potencial para el mercado centroasi\u00e1tico, entre los que destacan el cacao y el caf\u00e9.<\/p>\n<p class=\"western\">En el encuentro bilateral con el presidente cubano Miguel D\u00edaz-Canel\u00a0<a href=\"https:\/\/t.me\/NicolasMaduroMoros\/35458\">se reafirm\u00f3 el compromiso<\/a>\u00a0entre los dos pa\u00edses caribe\u00f1os hacia la cooperaci\u00f3n estrat\u00e9gica y la construcci\u00f3n de alianzas solidarias en un contexto global.<\/p>\n<p class=\"western\">Los mandatarios compartieron memorias y an\u00e9cdotas enriquecedoras, adem\u00e1s de que Maduro resalt\u00f3 que \u00abCuba en ninguna circunstancia est\u00e1 sola, ni estar\u00e1 sola; Cuba tendr\u00e1 el apoyo de los pueblos del mundo y de los gobiernos sensibles, valientes y humanistas\u00bb.<\/p>\n<p>El Jefe de Estado tambi\u00e9n visit\u00f3 al Patriarca de la Iglesia Ortodoxa Rusa, Cirilo de Mosc\u00fa \u2014o Vlad\u00edmir Mikhailovich\u2014, en los espacios hist\u00f3ricos de la Catedral de Cristo Salvador, quien expres\u00f3 su admiraci\u00f3n por Venezuela y destac\u00f3 la \u00abbuena actitud\u00bb\u00a0del mandatario con el papel decisivo que desempe\u00f1\u00f3 el pueblo ruso en la Gran Victoria de la Guerra Patria sobre el nazismo\u00bb.<\/p>\n<div class=\"media media-element-container media-article_full media-wysiwyg-align-center\">\n<div id=\"file-7688\" class=\"file file-image file-image-jpeg\">\n<div class=\"content\">\n<div class=\"img-file\"><img loading=\"lazy\" decoding=\"async\" class=\"media-element img-responsive\" src=\"https:\/\/misionverdad.com\/sites\/default\/files\/photo_2025-05-08_16-49-26.jpg\" alt=\"\" width=\"535\" height=\"356\" data-delta=\"7\" \/><\/div>\n<div class=\"img-meta\">Durante el encuentro con el patriarca Cirilo de Mosc\u00fa Maduro afirm\u00f3 que \u00abestamos construyendo un mundo multipolar donde podamos convivir las grandes potencias con pa\u00edses intermedios y peque\u00f1os\u00bb\u00a0<span class=\"photo-credit\">(Foto: Prensa Presidencial)<\/span><\/div>\n<\/div>\n<\/div>\n<\/div>\n<p>Maduro afirm\u00f3 que \u00abel mundo fue unipolar, pero ya no lo es. Ustedes tienen una gran historia como Iglesia y, por primera vez en la historia de la humanidad, est\u00e1 surgiendo un grupo de superpotencias no colonialistas. Estamos construyendo un mundo multipolar donde podamos convivir las grandes potencias con pa\u00edses intermedios y peque\u00f1os\u00bb.<\/p>\n<h3 class=\"western\"><strong>M\u00e1s all\u00e1 de lo simb\u00f3lico: Contra el fascismo y el hegemonismo<\/strong><\/h3>\n<p class=\"western\">El d\u00eda del aniversario de la Victoria, 9 de mayo, el presidente asisti\u00f3 al evento central de la gira: el desfile militar en la simb\u00f3lica Plaza Roja de Mosc\u00fa. All\u00ed estuvieron, al menos, 29 jefes de Estado presenciando el paso de\u00a0<a href=\"https:\/\/actualidad.rt.com\/actualidad\/548804-desfile-militar-moscu-victoria-nazis\">m\u00e1s de 180 unidades<\/a>\u00a0militares, entre las que destacaron columnas de infanter\u00eda, la exhibici\u00f3n de equipo militar y el sobrevuelo de aviones.<\/p>\n<div class=\"media media-element-container media-article_full media-wysiwyg-align-center\">\n<div id=\"file-7689\" class=\"file file-image file-image-jpeg\">\n<div class=\"content\">\n<div class=\"img-file\"><img loading=\"lazy\" decoding=\"async\" class=\"media-element img-responsive\" src=\"https:\/\/misionverdad.com\/sites\/default\/files\/07_EG_9204_P.jpg\" alt=\"\" width=\"542\" height=\"424\" data-delta=\"8\" \/><\/div>\n<div class=\"img-meta\">El presidente Maduro y la primera dama, Cilia Flores, llegando al desfile conmemorativo en la simb\u00f3lica Plaza Roja de Mosc\u00fa\u00a0<span class=\"photo-credit\">(Foto: Prensa Presidencial)<\/span><\/div>\n<\/div>\n<\/div>\n<\/div>\n<p class=\"western\">El acto incluy\u00f3 el izado de la bandera estatal de Rusia, un discurso del presidente ruso Vlad\u00edmir Putin, felicitaciones de los dirigentes de otros pa\u00edses, as\u00ed como un minuto de silencio en memoria de los h\u00e9roes ca\u00eddos. A la salida de la actividad el presidente\u00a0<a href=\"https:\/\/www.instagram.com\/reel\/DJb7sgstLbD\/?igsh=aGl5bjV6NGt1MTQ=\">fue aplaudido<\/a>\u00a0por el pueblo ruso presente.<\/p>\n<p class=\"western\">Al cierre del viernes el presidente se reuni\u00f3 con su par chino, Xi Jinping, para revisar los m\u00e1s de 600 acuerdos bilaterales suscritos a trav\u00e9s de la Comisi\u00f3n Mixta de Alto Nivel. Estos abarcan \u00e1reas estrat\u00e9gicas como energ\u00eda, petr\u00f3leo, econom\u00eda, comercio, salud y telecomunicaciones.<\/p>\n<p class=\"western\">Los nexos, enmarcados en una Asociaci\u00f3n Estrat\u00e9gica a Toda Prueba y Todo Tiempo, se han consolidado como piedra angular de la pol\u00edtica exterior venezolana y son parte fundamental de la estrategia china hacia Am\u00e9rica Latina. Recientemente la vicepresidenta ejecutiva de la Rep\u00fablica y ministra de Hidrocarburos, Delcy Rodr\u00edguez, desarroll\u00f3 una agenda de trabajo en China donde se\u00a0<a href=\"http:\/\/misionverdad.com\/venezuela\/claves-geopoliticas-de-la-visita-de-la-vicepresidenta-delcy-rodriguez-china\" target=\"_blank\" rel=\"noopener\">concretaron aspectos<\/a>\u00a0de esta asociaci\u00f3n, por lo que esta reuni\u00f3n bilateral confirma el buen posicionamiento de Venezuela dentro del eje multipolar.<\/p>\n<div class=\"media media-element-container media-article_full media-wysiwyg-align-center\">\n<div id=\"file-7690\" class=\"file file-image file-image-jpeg\">\n<div class=\"content\">\n<div class=\"img-file\"><img loading=\"lazy\" decoding=\"async\" class=\"media-element img-responsive\" src=\"https:\/\/misionverdad.com\/sites\/default\/files\/photo_2025-05-09_12-20-10.jpg\" alt=\"\" width=\"588\" height=\"391\" data-delta=\"9\" \/><\/div>\n<div class=\"img-meta\">La cooperaci\u00f3n estrecha entre Venezuela y China ha permitido a ambas naciones desarrollar una resistencia compartida frente a presiones, guerras comerciales y sanciones impuestas por potencias occidentales\u00a0<span class=\"photo-credit\">(Foto: Prensa Presidencial)<\/span><\/div>\n<\/div>\n<\/div>\n<\/div>\n<p class=\"western\">La cooperaci\u00f3n estrecha ha permitido a ambas naciones desarrollar una resistencia compartida frente a presiones internacionales, guerras comerciales y sanciones econ\u00f3micas, particularmente aquellas impuestas por potencias occidentales.<\/p>\n<h3 class=\"western\"><strong>Un momento decisivo<\/strong><\/h3>\n<p class=\"western\">La presencia de Maduro en Rusia ha permitido\u00a0reforzar\u00a0los v\u00ednculos entre ambos pa\u00edses y, por elevaci\u00f3n, con el mundo multipolar. Esto ocurre en un momento decisivo frente a la guerra comercial de Estados Unidos y ante la aparici\u00f3n de nuevas definiciones de fascismo y supremacismo desde los pa\u00edses del Norte Global.<\/p>\n<p class=\"western\">En espacios como el aniversario de la derrota de estos flagelos ha sido oportuno profundizar las relaciones diplom\u00e1ticas con agendas estrat\u00e9gicas, lo cual es crucial para que Venezuela sostenga y avance en su recuperaci\u00f3n econ\u00f3mica. Adem\u00e1s permitir\u00e1 que el pa\u00eds pueda consolidar la estabilidad social y pol\u00edtica que se ha intentado perturbar mediante la permanente agenda de cambio de r\u00e9gimen propalada desde Washington.<\/p>\n<p class=\"western\">Para el pa\u00eds esta visita ha sido vital con vistas a continuar estableciendo s\u00f3lidos\u00a0lazos con China y Rusia, las dos potencias impulsoras del eje de los Brics, que hoy est\u00e1n influyendo significativamente, el primero en la esfera econ\u00f3mica y el segundo en la geopol\u00edtica y militar, sobre el destino del mundo.<\/p>\n<p>&nbsp;<\/p>\n<p><a href=\"https:\/\/misionverdad.com\/venezuela\/elementos-claves-de-la-visita-del-presidente-maduro-rusia\"><strong>Fuente: Misi\u00f3n Verdad<\/strong><\/a><\/p>\n","protected":false},"excerpt":{"rendered":"<p>Para participar en el 80\u00a0aniversario de la victoria de la Uni\u00f3n Sovi\u00e9tica\u00a0sobre la Alemania nazi&#8230;<\/p>\n","protected":false},"author":1,"featured_media":2562,"comment_status":"open","ping_status":"closed","sticky":false,"template":"","format":"standard","meta":{"footnotes":""},"categories":[56],"tags":[53,81,77,134,30],"class_list":["post-2561","post","type-post","status-publish","format-standard","has-post-thumbnail","hentry","category-medios-aliados","tag-china","tag-nicolas-maduro","tag-revolucion","tag-rusia","tag-venezuela"],"yoast_head":"<!-- This site is optimized with the Yoast SEO plugin v27.5 - https:\/\/yoast.com\/product\/yoast-seo-wordpress\/ -->\n<title>Elementos claves de la visita del presidente Maduro a Rusia -<\/title>\n<meta name=\"description\" content=\"Para participar en el 80\u00a0aniversario de la victoria de la Uni\u00f3n Sovi\u00e9tica\u00a0sobre la Alemania nazi en la Gran Guerra Patria (1941-1945), el presidente venezolano Nicol\u00e1s Maduro lleg\u00f3 a Rusia el pasado martes 6 de mayo.\" \/>\n<meta name=\"robots\" content=\"index, follow, max-snippet:-1, max-image-preview:large, max-video-preview:-1\" \/>\n<link rel=\"canonical\" href=\"https:\/\/hueleaazufre.com\/wordpress_a\/index.php\/2025\/05\/13\/elementos-claves-de-la-visita-del-presidente-maduro-a-rusia\/\" \/>\n<meta property=\"og:locale\" content=\"es_ES\" \/>\n<meta property=\"og:type\" content=\"article\" \/>\n<meta property=\"og:title\" content=\"Elementos claves de la visita del presidente Maduro a Rusia -\" \/>\n<meta property=\"og:description\" content=\"Para participar en el 80\u00a0aniversario de la victoria de la Uni\u00f3n Sovi\u00e9tica\u00a0sobre la Alemania nazi en la Gran Guerra Patria (1941-1945), el presidente venezolano Nicol\u00e1s Maduro lleg\u00f3 a Rusia el pasado martes 6 de mayo.\" \/>\n<meta property=\"og:url\" content=\"https:\/\/hueleaazufre.com\/wordpress_a\/index.php\/2025\/05\/13\/elementos-claves-de-la-visita-del-presidente-maduro-a-rusia\/\" \/>\n<meta property=\"article:published_time\" content=\"2025-05-13T12:59:03+00:00\" \/>\n<meta property=\"article:modified_time\" content=\"2025-05-13T13:01:48+00:00\" \/>\n<meta property=\"og:image\" content=\"https:\/\/hueleaazufre.com\/wordpress_a\/wp-content\/uploads\/2025\/05\/4a-1.webp\" \/>\n\t<meta property=\"og:image:width\" content=\"712\" \/>\n\t<meta property=\"og:image:height\" content=\"400\" \/>\n\t<meta property=\"og:image:type\" content=\"image\/webp\" \/>\n<meta name=\"author\" content=\"Huele a azufre\" \/>\n<meta name=\"twitter:card\" content=\"summary_large_image\" \/>\n<meta name=\"twitter:label1\" content=\"Escrito por\" \/>\n\t<meta name=\"twitter:data1\" content=\"Huele a azufre\" \/>\n\t<meta name=\"twitter:label2\" content=\"Tiempo de lectura\" \/>\n\t<meta name=\"twitter:data2\" content=\"11 minutos\" \/>\n<script type=\"application\/ld+json\" class=\"yoast-schema-graph\">{\"@context\":\"https:\\\/\\\/schema.org\",\"@graph\":[{\"@type\":\"Article\",\"@id\":\"https:\\\/\\\/hueleaazufre.com\\\/wordpress_a\\\/index.php\\\/2025\\\/05\\\/13\\\/elementos-claves-de-la-visita-del-presidente-maduro-a-rusia\\\/#article\",\"isPartOf\":{\"@id\":\"https:\\\/\\\/hueleaazufre.com\\\/wordpress_a\\\/index.php\\\/2025\\\/05\\\/13\\\/elementos-claves-de-la-visita-del-presidente-maduro-a-rusia\\\/\"},\"author\":{\"name\":\"Huele a azufre\",\"@id\":\"https:\\\/\\\/hueleaazufre.com\\\/wordpress_a\\\/#\\\/schema\\\/person\\\/549dd871707ea7f9f1a686323ebe9baa\"},\"headline\":\"Elementos claves de la visita del presidente Maduro a Rusia\",\"datePublished\":\"2025-05-13T12:59:03+00:00\",\"dateModified\":\"2025-05-13T13:01:48+00:00\",\"mainEntityOfPage\":{\"@id\":\"https:\\\/\\\/hueleaazufre.com\\\/wordpress_a\\\/index.php\\\/2025\\\/05\\\/13\\\/elementos-claves-de-la-visita-del-presidente-maduro-a-rusia\\\/\"},\"wordCount\":2119,\"commentCount\":0,\"image\":{\"@id\":\"https:\\\/\\\/hueleaazufre.com\\\/wordpress_a\\\/index.php\\\/2025\\\/05\\\/13\\\/elementos-claves-de-la-visita-del-presidente-maduro-a-rusia\\\/#primaryimage\"},\"thumbnailUrl\":\"https:\\\/\\\/hueleaazufre.com\\\/wordpress_a\\\/wp-content\\\/uploads\\\/2025\\\/05\\\/4a-1.webp\",\"keywords\":[\"china\",\"Nicol\u00e1s Maduro\",\"revoluci\u00f3n\",\"Rusia\",\"Venezuela\"],\"articleSection\":[\"Medios aliados\"],\"inLanguage\":\"es\",\"potentialAction\":[{\"@type\":\"CommentAction\",\"name\":\"Comment\",\"target\":[\"https:\\\/\\\/hueleaazufre.com\\\/wordpress_a\\\/index.php\\\/2025\\\/05\\\/13\\\/elementos-claves-de-la-visita-del-presidente-maduro-a-rusia\\\/#respond\"]}]},{\"@type\":\"WebPage\",\"@id\":\"https:\\\/\\\/hueleaazufre.com\\\/wordpress_a\\\/index.php\\\/2025\\\/05\\\/13\\\/elementos-claves-de-la-visita-del-presidente-maduro-a-rusia\\\/\",\"url\":\"https:\\\/\\\/hueleaazufre.com\\\/wordpress_a\\\/index.php\\\/2025\\\/05\\\/13\\\/elementos-claves-de-la-visita-del-presidente-maduro-a-rusia\\\/\",\"name\":\"Elementos claves de la visita del presidente Maduro a Rusia -\",\"isPartOf\":{\"@id\":\"https:\\\/\\\/hueleaazufre.com\\\/wordpress_a\\\/#website\"},\"primaryImageOfPage\":{\"@id\":\"https:\\\/\\\/hueleaazufre.com\\\/wordpress_a\\\/index.php\\\/2025\\\/05\\\/13\\\/elementos-claves-de-la-visita-del-presidente-maduro-a-rusia\\\/#primaryimage\"},\"image\":{\"@id\":\"https:\\\/\\\/hueleaazufre.com\\\/wordpress_a\\\/index.php\\\/2025\\\/05\\\/13\\\/elementos-claves-de-la-visita-del-presidente-maduro-a-rusia\\\/#primaryimage\"},\"thumbnailUrl\":\"https:\\\/\\\/hueleaazufre.com\\\/wordpress_a\\\/wp-content\\\/uploads\\\/2025\\\/05\\\/4a-1.webp\",\"datePublished\":\"2025-05-13T12:59:03+00:00\",\"dateModified\":\"2025-05-13T13:01:48+00:00\",\"author\":{\"@id\":\"https:\\\/\\\/hueleaazufre.com\\\/wordpress_a\\\/#\\\/schema\\\/person\\\/549dd871707ea7f9f1a686323ebe9baa\"},\"description\":\"Para participar en el 80\u00a0aniversario de la victoria de la Uni\u00f3n Sovi\u00e9tica\u00a0sobre la Alemania nazi en la Gran Guerra Patria (1941-1945), el presidente venezolano Nicol\u00e1s Maduro lleg\u00f3 a Rusia el pasado martes 6 de mayo.\",\"breadcrumb\":{\"@id\":\"https:\\\/\\\/hueleaazufre.com\\\/wordpress_a\\\/index.php\\\/2025\\\/05\\\/13\\\/elementos-claves-de-la-visita-del-presidente-maduro-a-rusia\\\/#breadcrumb\"},\"inLanguage\":\"es\",\"potentialAction\":[{\"@type\":\"ReadAction\",\"target\":[\"https:\\\/\\\/hueleaazufre.com\\\/wordpress_a\\\/index.php\\\/2025\\\/05\\\/13\\\/elementos-claves-de-la-visita-del-presidente-maduro-a-rusia\\\/\"]}]},{\"@type\":\"ImageObject\",\"inLanguage\":\"es\",\"@id\":\"https:\\\/\\\/hueleaazufre.com\\\/wordpress_a\\\/index.php\\\/2025\\\/05\\\/13\\\/elementos-claves-de-la-visita-del-presidente-maduro-a-rusia\\\/#primaryimage\",\"url\":\"https:\\\/\\\/hueleaazufre.com\\\/wordpress_a\\\/wp-content\\\/uploads\\\/2025\\\/05\\\/4a-1.webp\",\"contentUrl\":\"https:\\\/\\\/hueleaazufre.com\\\/wordpress_a\\\/wp-content\\\/uploads\\\/2025\\\/05\\\/4a-1.webp\",\"width\":712,\"height\":400},{\"@type\":\"BreadcrumbList\",\"@id\":\"https:\\\/\\\/hueleaazufre.com\\\/wordpress_a\\\/index.php\\\/2025\\\/05\\\/13\\\/elementos-claves-de-la-visita-del-presidente-maduro-a-rusia\\\/#breadcrumb\",\"itemListElement\":[{\"@type\":\"ListItem\",\"position\":1,\"name\":\"Portada\",\"item\":\"https:\\\/\\\/hueleaazufre.com\\\/wordpress_a\\\/\"},{\"@type\":\"ListItem\",\"position\":2,\"name\":\"Elementos claves de la visita del presidente Maduro a Rusia\"}]},{\"@type\":\"WebSite\",\"@id\":\"https:\\\/\\\/hueleaazufre.com\\\/wordpress_a\\\/#website\",\"url\":\"https:\\\/\\\/hueleaazufre.com\\\/wordpress_a\\\/\",\"name\":\"\",\"description\":\"Huele a azufre es una plataforma digital de an\u00e1lisis geopol\u00edtico.\",\"potentialAction\":[{\"@type\":\"SearchAction\",\"target\":{\"@type\":\"EntryPoint\",\"urlTemplate\":\"https:\\\/\\\/hueleaazufre.com\\\/wordpress_a\\\/?s={search_term_string}\"},\"query-input\":{\"@type\":\"PropertyValueSpecification\",\"valueRequired\":true,\"valueName\":\"search_term_string\"}}],\"inLanguage\":\"es\"},{\"@type\":\"Person\",\"@id\":\"https:\\\/\\\/hueleaazufre.com\\\/wordpress_a\\\/#\\\/schema\\\/person\\\/549dd871707ea7f9f1a686323ebe9baa\",\"name\":\"Huele a azufre\",\"image\":{\"@type\":\"ImageObject\",\"inLanguage\":\"es\",\"@id\":\"https:\\\/\\\/secure.gravatar.com\\\/avatar\\\/e972d5c124b9bf80eb4c9d322a90dd86a59d447f5da36700a77516f13637d44e?s=96&d=mm&r=g\",\"url\":\"https:\\\/\\\/secure.gravatar.com\\\/avatar\\\/e972d5c124b9bf80eb4c9d322a90dd86a59d447f5da36700a77516f13637d44e?s=96&d=mm&r=g\",\"contentUrl\":\"https:\\\/\\\/secure.gravatar.com\\\/avatar\\\/e972d5c124b9bf80eb4c9d322a90dd86a59d447f5da36700a77516f13637d44e?s=96&d=mm&r=g\",\"caption\":\"Huele a azufre\"},\"description\":\"Huele a azufre es una plataforma digital de an\u00e1lisis geopol\u00edtico\u00a0 contrahegem\u00f3nico, que busca visibilizar las voces y los discursos silenciados por el poder medi\u00e1tico.\",\"sameAs\":[\"https:\\\/\\\/hueleaazufre.com\\\/wordpress_a\"],\"url\":\"https:\\\/\\\/hueleaazufre.com\\\/wordpress_a\\\/index.php\\\/author\\\/admin_tupapa\\\/\"}]}<\/script>\n<!-- \/ Yoast SEO plugin. -->","yoast_head_json":{"title":"Elementos claves de la visita del presidente Maduro a Rusia -","description":"Para participar en el 80\u00a0aniversario de la victoria de la Uni\u00f3n Sovi\u00e9tica\u00a0sobre la Alemania nazi en la Gran Guerra Patria (1941-1945), el presidente venezolano Nicol\u00e1s Maduro lleg\u00f3 a Rusia el pasado martes 6 de mayo.","robots":{"index":"index","follow":"follow","max-snippet":"max-snippet:-1","max-image-preview":"max-image-preview:large","max-video-preview":"max-video-preview:-1"},"canonical":"https:\/\/hueleaazufre.com\/wordpress_a\/index.php\/2025\/05\/13\/elementos-claves-de-la-visita-del-presidente-maduro-a-rusia\/","og_locale":"es_ES","og_type":"article","og_title":"Elementos claves de la visita del presidente Maduro a Rusia -","og_description":"Para participar en el 80\u00a0aniversario de la victoria de la Uni\u00f3n Sovi\u00e9tica\u00a0sobre la Alemania nazi en la Gran Guerra Patria (1941-1945), el presidente venezolano Nicol\u00e1s Maduro lleg\u00f3 a Rusia el pasado martes 6 de mayo.","og_url":"https:\/\/hueleaazufre.com\/wordpress_a\/index.php\/2025\/05\/13\/elementos-claves-de-la-visita-del-presidente-maduro-a-rusia\/","article_published_time":"2025-05-13T12:59:03+00:00","article_modified_time":"2025-05-13T13:01:48+00:00","og_image":[{"width":712,"height":400,"url":"https:\/\/hueleaazufre.com\/wordpress_a\/wp-content\/uploads\/2025\/05\/4a-1.webp","type":"image\/webp"}],"author":"Huele a azufre","twitter_card":"summary_large_image","twitter_misc":{"Escrito por":"Huele a azufre","Tiempo de lectura":"11 minutos"},"schema":{"@context":"https:\/\/schema.org","@graph":[{"@type":"Article","@id":"https:\/\/hueleaazufre.com\/wordpress_a\/index.php\/2025\/05\/13\/elementos-claves-de-la-visita-del-presidente-maduro-a-rusia\/#article","isPartOf":{"@id":"https:\/\/hueleaazufre.com\/wordpress_a\/index.php\/2025\/05\/13\/elementos-claves-de-la-visita-del-presidente-maduro-a-rusia\/"},"author":{"name":"Huele a azufre","@id":"https:\/\/hueleaazufre.com\/wordpress_a\/#\/schema\/person\/549dd871707ea7f9f1a686323ebe9baa"},"headline":"Elementos claves de la visita del presidente Maduro a Rusia","datePublished":"2025-05-13T12:59:03+00:00","dateModified":"2025-05-13T13:01:48+00:00","mainEntityOfPage":{"@id":"https:\/\/hueleaazufre.com\/wordpress_a\/index.php\/2025\/05\/13\/elementos-claves-de-la-visita-del-presidente-maduro-a-rusia\/"},"wordCount":2119,"commentCount":0,"image":{"@id":"https:\/\/hueleaazufre.com\/wordpress_a\/index.php\/2025\/05\/13\/elementos-claves-de-la-visita-del-presidente-maduro-a-rusia\/#primaryimage"},"thumbnailUrl":"https:\/\/hueleaazufre.com\/wordpress_a\/wp-content\/uploads\/2025\/05\/4a-1.webp","keywords":["china","Nicol\u00e1s Maduro","revoluci\u00f3n","Rusia","Venezuela"],"articleSection":["Medios aliados"],"inLanguage":"es","potentialAction":[{"@type":"CommentAction","name":"Comment","target":["https:\/\/hueleaazufre.com\/wordpress_a\/index.php\/2025\/05\/13\/elementos-claves-de-la-visita-del-presidente-maduro-a-rusia\/#respond"]}]},{"@type":"WebPage","@id":"https:\/\/hueleaazufre.com\/wordpress_a\/index.php\/2025\/05\/13\/elementos-claves-de-la-visita-del-presidente-maduro-a-rusia\/","url":"https:\/\/hueleaazufre.com\/wordpress_a\/index.php\/2025\/05\/13\/elementos-claves-de-la-visita-del-presidente-maduro-a-rusia\/","name":"Elementos claves de la visita del presidente Maduro a Rusia -","isPartOf":{"@id":"https:\/\/hueleaazufre.com\/wordpress_a\/#website"},"primaryImageOfPage":{"@id":"https:\/\/hueleaazufre.com\/wordpress_a\/index.php\/2025\/05\/13\/elementos-claves-de-la-visita-del-presidente-maduro-a-rusia\/#primaryimage"},"image":{"@id":"https:\/\/hueleaazufre.com\/wordpress_a\/index.php\/2025\/05\/13\/elementos-claves-de-la-visita-del-presidente-maduro-a-rusia\/#primaryimage"},"thumbnailUrl":"https:\/\/hueleaazufre.com\/wordpress_a\/wp-content\/uploads\/2025\/05\/4a-1.webp","datePublished":"2025-05-13T12:59:03+00:00","dateModified":"2025-05-13T13:01:48+00:00","author":{"@id":"https:\/\/hueleaazufre.com\/wordpress_a\/#\/schema\/person\/549dd871707ea7f9f1a686323ebe9baa"},"description":"Para participar en el 80\u00a0aniversario de la victoria de la Uni\u00f3n Sovi\u00e9tica\u00a0sobre la Alemania nazi en la Gran Guerra Patria (1941-1945), el presidente venezolano Nicol\u00e1s Maduro lleg\u00f3 a Rusia el pasado martes 6 de mayo.","breadcrumb":{"@id":"https:\/\/hueleaazufre.com\/wordpress_a\/index.php\/2025\/05\/13\/elementos-claves-de-la-visita-del-presidente-maduro-a-rusia\/#breadcrumb"},"inLanguage":"es","potentialAction":[{"@type":"ReadAction","target":["https:\/\/hueleaazufre.com\/wordpress_a\/index.php\/2025\/05\/13\/elementos-claves-de-la-visita-del-presidente-maduro-a-rusia\/"]}]},{"@type":"ImageObject","inLanguage":"es","@id":"https:\/\/hueleaazufre.com\/wordpress_a\/index.php\/2025\/05\/13\/elementos-claves-de-la-visita-del-presidente-maduro-a-rusia\/#primaryimage","url":"https:\/\/hueleaazufre.com\/wordpress_a\/wp-content\/uploads\/2025\/05\/4a-1.webp","contentUrl":"https:\/\/hueleaazufre.com\/wordpress_a\/wp-content\/uploads\/2025\/05\/4a-1.webp","width":712,"height":400},{"@type":"BreadcrumbList","@id":"https:\/\/hueleaazufre.com\/wordpress_a\/index.php\/2025\/05\/13\/elementos-claves-de-la-visita-del-presidente-maduro-a-rusia\/#breadcrumb","itemListElement":[{"@type":"ListItem","position":1,"name":"Portada","item":"https:\/\/hueleaazufre.com\/wordpress_a\/"},{"@type":"ListItem","position":2,"name":"Elementos claves de la visita del presidente Maduro a Rusia"}]},{"@type":"WebSite","@id":"https:\/\/hueleaazufre.com\/wordpress_a\/#website","url":"https:\/\/hueleaazufre.com\/wordpress_a\/","name":"","description":"Huele a azufre es una plataforma digital de an\u00e1lisis geopol\u00edtico.","potentialAction":[{"@type":"SearchAction","target":{"@type":"EntryPoint","urlTemplate":"https:\/\/hueleaazufre.com\/wordpress_a\/?s={search_term_string}"},"query-input":{"@type":"PropertyValueSpecification","valueRequired":true,"valueName":"search_term_string"}}],"inLanguage":"es"},{"@type":"Person","@id":"https:\/\/hueleaazufre.com\/wordpress_a\/#\/schema\/person\/549dd871707ea7f9f1a686323ebe9baa","name":"Huele a azufre","image":{"@type":"ImageObject","inLanguage":"es","@id":"https:\/\/secure.gravatar.com\/avatar\/e972d5c124b9bf80eb4c9d322a90dd86a59d447f5da36700a77516f13637d44e?s=96&d=mm&r=g","url":"https:\/\/secure.gravatar.com\/avatar\/e972d5c124b9bf80eb4c9d322a90dd86a59d447f5da36700a77516f13637d44e?s=96&d=mm&r=g","contentUrl":"https:\/\/secure.gravatar.com\/avatar\/e972d5c124b9bf80eb4c9d322a90dd86a59d447f5da36700a77516f13637d44e?s=96&d=mm&r=g","caption":"Huele a azufre"},"description":"Huele a azufre es una plataforma digital de an\u00e1lisis geopol\u00edtico\u00a0 contrahegem\u00f3nico, que busca visibilizar las voces y los discursos silenciados por el poder medi\u00e1tico.","sameAs":["https:\/\/hueleaazufre.com\/wordpress_a"],"url":"https:\/\/hueleaazufre.com\/wordpress_a\/index.php\/author\/admin_tupapa\/"}]}},"_links":{"self":[{"href":"https:\/\/hueleaazufre.com\/wordpress_a\/index.php\/wp-json\/wp\/v2\/posts\/2561","targetHints":{"allow":["GET"]}}],"collection":[{"href":"https:\/\/hueleaazufre.com\/wordpress_a\/index.php\/wp-json\/wp\/v2\/posts"}],"about":[{"href":"https:\/\/hueleaazufre.com\/wordpress_a\/index.php\/wp-json\/wp\/v2\/types\/post"}],"author":[{"embeddable":true,"href":"https:\/\/hueleaazufre.com\/wordpress_a\/index.php\/wp-json\/wp\/v2\/users\/1"}],"replies":[{"embeddable":true,"href":"https:\/\/hueleaazufre.com\/wordpress_a\/index.php\/wp-json\/wp\/v2\/comments?post=2561"}],"version-history":[{"count":3,"href":"https:\/\/hueleaazufre.com\/wordpress_a\/index.php\/wp-json\/wp\/v2\/posts\/2561\/revisions"}],"predecessor-version":[{"id":2565,"href":"https:\/\/hueleaazufre.com\/wordpress_a\/index.php\/wp-json\/wp\/v2\/posts\/2561\/revisions\/2565"}],"wp:featuredmedia":[{"embeddable":true,"href":"https:\/\/hueleaazufre.com\/wordpress_a\/index.php\/wp-json\/wp\/v2\/media\/2562"}],"wp:attachment":[{"href":"https:\/\/hueleaazufre.com\/wordpress_a\/index.php\/wp-json\/wp\/v2\/media?parent=2561"}],"wp:term":[{"taxonomy":"category","embeddable":true,"href":"https:\/\/hueleaazufre.com\/wordpress_a\/index.php\/wp-json\/wp\/v2\/categories?post=2561"},{"taxonomy":"post_tag","embeddable":true,"href":"https:\/\/hueleaazufre.com\/wordpress_a\/index.php\/wp-json\/wp\/v2\/tags?post=2561"}],"curies":[{"name":"wp","href":"https:\/\/api.w.org\/{rel}","templated":true}]}}