{"id":2572,"date":"2025-05-14T23:04:15","date_gmt":"2025-05-14T23:04:15","guid":{"rendered":"https:\/\/hueleaazufre.com\/wordpress_a\/?p=2572"},"modified":"2025-05-14T23:04:15","modified_gmt":"2025-05-14T23:04:15","slug":"disputar-con-estrategias-de-poder-popular","status":"publish","type":"post","link":"https:\/\/hueleaazufre.com\/wordpress_a\/index.php\/2025\/05\/14\/disputar-con-estrategias-de-poder-popular\/","title":{"rendered":"Disputar con estrategias de poder popular"},"content":{"rendered":"<p><span style=\"font-weight: 400;\">Am\u00e9rica Latina debe rechazar las agresiones Trump y apuntalar un modelo econ\u00f3mico propio asentado en tres pilares: resistir la dominaci\u00f3n de Estados Unidos, renegociar en bloque con China y privilegiar la integraci\u00f3n regional.<\/span><\/p>\n<p><span style=\"font-weight: 400;\">La batalla contra la dominaci\u00f3n imperial estadounidense es prioritaria, porque la regi\u00f3n no puede encarar proyectos de desenvolvimiento sin conquistar la soberan\u00eda pol\u00edtica. Esa independencia est\u00e1 sofocada por las embajadas, las bases militares y las presiones de Washington.<\/span><\/p>\n<p><span style=\"font-weight: 400;\">La renegociaci\u00f3n econ\u00f3mica en bloque con China es a su vez indispensable, para superar primarizaci\u00f3n, la ausencia de transferencias tecnol\u00f3gicas y la inversi\u00f3n en \u00e1reas no prioritarias.<\/span><\/p>\n<p><span style=\"font-weight: 400;\">Con la unidad regional se podr\u00eda comenzar a incidir en el escenario mundial. Frente a la rivalidad de las grandes potencias, los fr\u00e1giles Estados de la periferia s\u00f3lo podr\u00e1n hacer valer su voz si act\u00faan en forma conjunta. Esa geopol\u00edtica de los d\u00e9biles es el \u00fanico contrapeso efectivo, a la irrelevancia actual de los fragmentados pa\u00edses latinoamericanos (Katz, 2024: 291-304).<\/span><\/p>\n<p><b>REDISTRIBUCI\u00d3N CON SOBERAN\u00cdA COMERCIAL<\/b><\/p>\n<p><span style=\"font-weight: 400;\">Una acci\u00f3n regional conjunta facilitar\u00eda la gestaci\u00f3n de proyectos econ\u00f3micos populares, centrados en la soberan\u00eda energ\u00e9tica, financiera y alimenticia y asentados en la redistribuci\u00f3n de los ingresos.<\/span><\/p>\n<p><span style=\"font-weight: 400;\">La reversi\u00f3n de la desigualdad es impostergable en la regi\u00f3n m\u00e1s inequitativa del planeta, d\u00f3nde el 10 % m\u00e1s acaudalado acapara el 71 % de la riqueza total. Am\u00e9rica Latina no padece la carencia de recursos, sino una oprobiosa concentraci\u00f3n de esos fondos en pocas manos.<\/span><\/p>\n<p><span style=\"font-weight: 400;\">El desamparo, la miseria y la desposesi\u00f3n del grueso de la poblaci\u00f3n regional coexiste con la expansi\u00f3n de grandes fortunas. Desde el 2020 la riqueza de los 91 milmillonarios de la regi\u00f3n creci\u00f3<\/span> <span style=\"font-weight: 400;\">cinco veces m\u00e1s r\u00e1pido que el PIB de la regi\u00f3n, mientras 201 millones de personas (32,1 % del total) viven en la pobreza y 82 millones (13,1%) soportan la indigencia (Pedrazzoli, 2025).\u00a0 \u00a0 \u00a0 \u00a0 <\/span><\/p>\n<p><span style=\"font-weight: 400;\">La modificaci\u00f3n del sistema fiscal regresivo es el instrumento inmediato para comenzar a remediar esa infamia. El fraude, la evasi\u00f3n y la elusi\u00f3n fiscal han generado la expatriaci\u00f3n del 27 % de la riqueza en los para\u00edsos fiscales. Con un impuesto progresivo al patrimonio, se podr\u00edan recaudar los 50.000 millones de d\u00f3lares requeridos para modificar ese dram\u00e1tico escenario.<\/span><\/p>\n<p><span style=\"font-weight: 400;\">El instrumento impositivo podr\u00eda ser tambi\u00e9n pertinente como repuesta al ultim\u00e1tum arancelario de Trump. La aplicaci\u00f3n de grav\u00e1menes a los beneficiarios de esas tarifas radicados en la regi\u00f3n, complementar\u00eda las contramedidas comerciales a la andanada del magnate (Zucman, 2025).<\/span><\/p>\n<p><span style=\"font-weight: 400;\">La reforma fiscal progresiva es una asignatura pendiente del primer ciclo progresista, que resulta insoslayable para revertir los aspectos negativos de esos procesos (Garc\u00eda Linera, 2025).<\/span><\/p>\n<p><span style=\"font-weight: 400;\">La confrontaci\u00f3n inmediata es con el bilateralismo auspiciado por Trump. El potentado multiplica las exigencias y los chantajes para imponer negociaciones divididas con cada gobierno de la regi\u00f3n.<\/span><\/p>\n<p><span style=\"font-weight: 400;\">Despliega su conocida rudeza para generar desconcierto entre sus interlocutores, acentuando la docilidad de las clases dominantes. Las elites de la regi\u00f3n han quedado desconcertadas por esas amenazas. Siempre idealizaron a Estados Unidos como el referente de sus conductas y aceptaron la agenda pol\u00edtica fijada por Washington. Pero ahora perciben que los negocios se localizan en China y no encuentran caminos para lidiar con esa disyuntiva.<\/span><\/p>\n<p><span style=\"font-weight: 400;\">Trump busca forzar lealtades imponiendo tratativas sin reglas. Utiliza a los vasallos de la ultraderecha para hacer valer sus demandas. La actitud de los gobiernos de Argentina, Paraguay y Ecuador en la reciente reuni\u00f3n CELAC fue un bot\u00f3n de muestra de esa presi\u00f3n. Vetaron cualquier objeci\u00f3n a las pol\u00edticas del presidente norteamericano, incluso en las modalidades el\u00edpticas propuestas para alcanzar alg\u00fan consenso. Posteriormente, los cipayos del mandante festejaron como un gran logro, que Trump dispusiera aranceles de tan solo el 10 % para el grueso de la zona.<\/span><\/p>\n<p><span style=\"font-weight: 400;\">El modelo de tratativas balcanizadas que promueve la Casa Blanca conduce a la ruina de Am\u00e9rica Latina. Esa fractura acentuar\u00e1 la adversidad de los convenios suscriptos durante las \u00faltimas d\u00e9cadas de globalizaci\u00f3n neoliberal. Esos tratados favorecieron a los exportadores locales, en desmedro del crecimiento interno e introdujeron normas de liberalizaci\u00f3n financiera y flexibilizaci\u00f3n laboral, que acrecentaron la desigualdad, la explotaci\u00f3n laboral y el extractivismo.<\/span><\/p>\n<p><span style=\"font-weight: 400;\">\u00a0\u00a0\u00a0\u00a0\u00a0\u00a0\u00a0\u00a0<\/span> <span style=\"font-weight: 400;\">En la nueva etapa de proteccionismo trumpista, la balcanizaci\u00f3n podr\u00eda resultar m\u00e1s nociva. M\u00e9xico quedar\u00eda desguarnecido frente al chantaje arancelario del 25%, que el magnate ha puesto sobre la mesa. Sin el soporte latinoamericano, tendr\u00eda pocas espaldas para disputar con aproximaciones a los BRICS o convenios con China.<\/span><\/p>\n<p><span style=\"font-weight: 400;\">Las flaquezas de Sudam\u00e9rica ser\u00e1n mucho mayores, si Trump logra que Milei quiebre el MERCOSUR o impide que Lula contin\u00fae motorizando la desdolarizaci\u00f3n. Para contrarrestar esos peligros hay que retomar la integraci\u00f3n latinoamericana.<\/span><\/p>\n<p><span style=\"font-weight: 400;\">Varios pasos en esa direcci\u00f3n despuntaron en la d\u00e9cada pasada. Se elaboraron proyectos de entidades financieras comunes (Banco del Sur) y de fondos cogestionados de reservas, junto a modalidades embrionarias de monedas zonales y acciones comunes contra la pesadilla de la deuda externa. Reanudar ese camino permitir\u00eda resistir la andanada de Trump con opciones ya elaboradas en la regi\u00f3n.<\/span><\/p>\n<p><b>OTRO MODELO DE INDUSTRIALIZACI\u00d3N<\/b><\/p>\n<p><span style=\"font-weight: 400;\">La cruda propuesta trumpista de reindustrializar a Estados Unidos -repatriando empresas localizadas en Am\u00e9rica Latina- para volver a exportar manufacturas al <\/span><i><span style=\"font-weight: 400;\">Patio Trasero<\/span><\/i><span style=\"font-weight: 400;\">, transparenta el duro escenario fabril de la regi\u00f3n.<\/span><\/p>\n<p><span style=\"font-weight: 400;\">Toda la zona ha quedado afectada (como el resto del planeta) por la conversi\u00f3n de Asia en el gran taller del mundo. Esa mutaci\u00f3n quebrant\u00f3 el homog\u00e9neo desarrollo industrial previo de las econom\u00edas medianas, generando tres situaciones diferenciadas.<\/span><\/p>\n<p><span style=\"font-weight: 400;\">En M\u00e9xico, la expansi\u00f3n de las maquilas coron\u00f3 la reestructuraci\u00f3n de Monterrey y el declive productivo del Centro. En Argentina, la desindustrializaci\u00f3n ha sido fulminante y superior a otras econom\u00edas del mismo porte. En Brasil, prevaleci\u00f3 un resultado intermedio de retroceso relativo, sin destrucci\u00f3n significativa de plantas o procesos de fabricaci\u00f3n.<\/span><\/p>\n<p><span style=\"font-weight: 400;\">\u00a0\u00a0\u00a0\u00a0\u00a0\u00a0\u00a0\u00a0<\/span> <span style=\"font-weight: 400;\">La reversi\u00f3n de esas tres adversidades exige contraponer al ultim\u00e1tum de Trump, un modelo de reindustrializaci\u00f3n centrado en la expansi\u00f3n del mercado interno y la mejora del poder adquisitivo. Ese esquema se ubica en las ant\u00edpodas del fomento unilateral a las exportaciones y se asienta en pol\u00edticas estatales de regulaci\u00f3n de la inversi\u00f3n.<\/span><\/p>\n<p><span style=\"font-weight: 400;\">Ese curso presupone, adem\u00e1s, la canalizaci\u00f3n industrial de los recursos provenientes de la renta agraria, energ\u00e9tica o minera, dejando atr\u00e1s los mitos que objetan ese financiamiento. A escala regional, implica forjar los anillos energ\u00e9ticos y digitales requeridos para apuntalar la reconstrucci\u00f3n (o reorientaci\u00f3n) del tejido fabril.<\/span><\/p>\n<p><span style=\"font-weight: 400;\">\u00a0\u00a0\u00a0\u00a0\u00a0\u00a0\u00a0\u00a0<\/span> <span style=\"font-weight: 400;\">Los problemas de la industria latinoamericana no provienen s\u00f3lo de la falta de inversi\u00f3n, la reducida calificaci\u00f3n de los trabajadores o la fragilidad de la infraestructura. Sus mayores escollos derivan de la dependencia financiera, productiva y comercial, que impone transferencia de excedentes al exterior. Ese drenaje es convalidado por las clases dominantes, que est\u00e1n m\u00e1s preocupadas por el estallido (y \u00e9xito) de las revueltas populares que por el desarrollo de sus propios pa\u00edses.<\/span><\/p>\n<p><span style=\"font-weight: 400;\">\u00a0\u00a0\u00a0\u00a0\u00a0\u00a0\u00a0\u00a0<\/span> <span style=\"font-weight: 400;\">M\u00e9xico ocupa un lugar central en los debates industriales porque es el epicentro de la agresi\u00f3n proteccionista de Trump. Esa ofensiva visibiliza la realidad oculta de las maquilas, que el neoliberalismo exalta y la heterodoxia justifica.<\/span><\/p>\n<p><span style=\"font-weight: 400;\">Ese esquema se asienta en la explotaci\u00f3n de la fuerza de trabajo barata, para exportar productos fragmentados a Estados Unidos desde las armadur\u00edas de la frontera. La fantas\u00eda de facilitar con ese entramado el desembarco del pa\u00eds en el Primer Mundo ha quedado definitivamente desmentida. Increment\u00f3 el sometimiento y la vulnerabilidad de M\u00e9xico frente a las exigencias (y vaivenes) del gigante del Norte, en una relaci\u00f3n carente de reciprocidad.<\/span><\/p>\n<p><span style=\"font-weight: 400;\">El proteccionismo de Trump ha puesto de relieve esa falta de autonom\u00eda, porque el socio menor no puede complacer al magnate, sustituyendo los componentes chinos. Carece de sost\u00e9n econ\u00f3mico propio para intentar ese amoldamiento (The Economist, 2025).<\/span><\/p>\n<p><span style=\"font-weight: 400;\">\u00a0\u00a0\u00a0\u00a0\u00a0\u00a0\u00a0\u00a0<\/span> <span style=\"font-weight: 400;\">Las maquilas son endebles por su especializaci\u00f3n en las fases m\u00e1s rudimentarias del proceso fabril. M\u00e9xico es el s\u00e9ptimo ensamblador mundial de autom\u00f3viles y el cuarto productor de autopartes, pero desarrolla esa actividad en los eslabones m\u00e1s d\u00e9biles de la cadena productiva, con modalidades laborales tayloristas y total exclusi\u00f3n de la innovaci\u00f3n, el dise\u00f1o o la elaboraci\u00f3n de productos (Crossa, 2024).<\/span><\/p>\n<p><span style=\"font-weight: 400;\">\u00a0\u00a0\u00a0\u00a0\u00a0\u00a0\u00a0\u00a0<\/span> <span style=\"font-weight: 400;\">Las maquilas son un infierno de precarizaci\u00f3n laboral, bajo condiciones inhumanas de trabajo y feminicidios ocultos. En esos sufrimientos se asientan los altos beneficios del modelo (Oprinari, 2020).<\/span><\/p>\n<p><span style=\"font-weight: 400;\">\u00a0\u00a0\u00a0\u00a0\u00a0\u00a0\u00a0\u00a0<\/span> <span style=\"font-weight: 400;\">La reversi\u00f3n de esa opresi\u00f3n mediante la introducci\u00f3n de derechos sociales, deber\u00eda empalmar con otro esquema de industrializaci\u00f3n, integrando las maquilas al entramado fabril nacional. Esa complementaci\u00f3n permitir\u00eda reorientar la producci\u00f3n hacia las prioridades del desenvolvimiento interno (Morales, 2000).<\/span><\/p>\n<p><span style=\"font-weight: 400;\">Pero ese anhelo -actualmente asociado al emblema de erigir una \u00a8industria con bienestar\u201d- exige resistir y doblegar el ultim\u00e1tum de Trump. S\u00f3lo esa victoria impedir\u00e1 la recesi\u00f3n, el desempleo y la crisis may\u00fascula, que tiende a generar el desatado proteccionismo del magnate.<\/span><\/p>\n<p><b>UNASUR, CELAC Y BRICS<\/b><\/p>\n<p><span style=\"font-weight: 400;\">El retorno de Trump provoc\u00f3 inicialmente una gran perplejidad entre los gobiernos progresistas. Las reacciones de Sheinbaum, Petro y Lula fueron cautelosas y abrieron un comp\u00e1s de espera para negociar aranceles y reubicar inmigrantes. Hubo pocos pronunciamientos o iniciativas conjuntas (Suazo, 2025).<\/span><\/p>\n<p><span style=\"font-weight: 400;\">\u00a0\u00a0\u00a0\u00a0\u00a0\u00a0\u00a0\u00a0<\/span> <span style=\"font-weight: 400;\">Finalmente, la CELAC se reuni\u00f3 en Honduras y emiti\u00f3 una declaraci\u00f3n, pero con pocas propuestas concretas. Como ya es habitual en esos encuentros, las declamaciones superaron a las acciones efectivas (Szalkowicz, 2025)<\/span><\/p>\n<p><span style=\"font-weight: 400;\">\u00a0\u00a0\u00a0\u00a0\u00a0\u00a0\u00a0\u00a0<\/span> <span style=\"font-weight: 400;\">El c\u00f3nclave eludi\u00f3 los temas conflictivos (sanciones a Venezuela, solidaridad con Palestina, devastaci\u00f3n imperial de Hait\u00ed) y el resultado final fue muy distinto al que imperaba en las reuniones de la d\u00e9cada pasada (Colotti, 2025). El protagonismo de Ch\u00e1vez no ha encontrado sustituto y persiste la ausencia de las \u00a8Cumbre de Pueblos\u00a8, que incorporaban una t\u00f3nica m\u00e1s radical a esos c\u00f3nclaves.<\/span><\/p>\n<p><span style=\"font-weight: 400;\">\u00a0\u00a0\u00a0\u00a0\u00a0\u00a0\u00a0\u00a0<\/span> <span style=\"font-weight: 400;\">Los dos principales organismos forjados en ese per\u00edodo -UNASUR y CELAC-han quedado muy afectados por la ola conservadora y se encuentran estancados. UNASUR despunt\u00f3 con un Tratado Constitutivo en el 2008 -que fue ratificado por 9 de sus miembros- y comenz\u00f3 a funcionar en 2011. M\u00e9xico qued\u00f3 excluido de esa secuencia y Bolivia, Ecuador o Venezuela intentaron infructuosamente favorecer desde all\u00ed su ingreso al MERCOSUR. La regla del consenso neutraliz\u00f3, adem\u00e1s, el dinamismo de una instituci\u00f3n aborrecida por la derecha.<\/span><\/p>\n<p><span style=\"font-weight: 400;\">CELAC no lleg\u00f3 a gestar un tratado constitutivo, ni tampoco un cuerpo burocr\u00e1tico permanente para su gesti\u00f3n. Fue motorizada por L\u00f3pez Obrador como contrapeso de la OEA y cont\u00f3 con el tenue gui\u00f1o de Alberto Fern\u00e1ndez.<\/span><\/p>\n<p><span style=\"font-weight: 400;\">Algunos analistas atribuyen la quietud de ambas instancias a la rigidez de su funcionamiento interno (Campa, 2025). Pero el trasfondo de esa inacci\u00f3n es la vacilaci\u00f3n de los gobiernos progresistas, que promovieron organismos sin motorizarlos. El estancamiento fue impuesto en los hechos por las clases dominantes, que objetan, desconf\u00edan o rechazan la integraci\u00f3n latinoamericana. Esos sectores preservan el horizonte balcanizado legado por sus antecesores.<\/span><\/p>\n<p><span style=\"font-weight: 400;\">La dependencia hist\u00f3rica a las metr\u00f3polis sofoca todos los intentos de enlace regional. Esa frustraci\u00f3n es tambi\u00e9n potenciada por la carencia de un pa\u00eds articulador del proyecto integrador. Brasil no juega en Am\u00e9rica Latina, el papel econ\u00f3mico que tuvo Alemania en el surgimiento de la Uni\u00f3n Europea y en la actualidad, apuesta m\u00e1s a los BRICS, que a UNASUR o la CELAC.<\/span><\/p>\n<p><span style=\"font-weight: 400;\">Lula contin\u00faa la pol\u00edtica de Estado auspiciada por Itamaraty para afianzar la incidencia de Brasil dentro de los BRICS. Ese pent\u00e1gono ha mutado en forma sustancial en los \u00faltimos veinte a\u00f1os. Surgi\u00f3 para ordenar inversiones de corto plazo en los mercados emergentes y devino en un pilar protag\u00f3nico de la econom\u00eda global. Ya act\u00faa como un bloque econ\u00f3mico, albergando al 46% de la poblaci\u00f3n mundial y administrando el 37% del PIB del planeta. Se est\u00e1 ampliando a nuevos miembros y hay decenas de pa\u00edses en la cola de ingreso.<\/span><\/p>\n<p><span style=\"font-weight: 400;\">Los BRICS apuestan a crear un mercado de productos agroalimentarios, proyectan un salto financiero con el Nuevo Banco de Desarrollo y eval\u00faan opciones de cauta desdolarizaci\u00f3n. Esas iniciativas podr\u00edan adoptar formas m\u00e1s aceleradas, si Trump se empe\u00f1a en reforzar coercitivamente la preeminencia del d\u00f3lar. El grupo est\u00e1 forjando, adem\u00e1s, un sistema opcional al SWIFT, en el manejo de las transferencias internacionales y avanza en fijar normas preferenciales para el comercio intra-BRICS.<\/span><\/p>\n<p><span style=\"font-weight: 400;\">\u00a0\u00a0\u00a0\u00a0\u00a0\u00a0\u00a0\u00a0<\/span> <span style=\"font-weight: 400;\">Brasil sigue una conducta antit\u00e9tica a la Argentina. Mientras que Bolsonaro mantuvo la pertenencia a esa asociaci\u00f3n, Milei rechazo el ingreso a ese conglomerado. Dilapid\u00f3 con ese suicidio, la gran oportunidad para sumar la maltrecha econom\u00eda argentina, a un bloque muy propicio para su comercio exterior. Esa resoluci\u00f3n afecta seriamente los negocios de las clases dominantes, que aprobaron el <\/span><i><span style=\"font-weight: 400;\">haraquiri<\/span><\/i><span style=\"font-weight: 400;\"> por ciego alineamiento con Estados Unidos y premeditado anhelo destructivo del movimiento popular.<\/span><\/p>\n<p><span style=\"font-weight: 400;\">\u00a0\u00a0\u00a0\u00a0\u00a0\u00a0\u00a0\u00a0<\/span> <span style=\"font-weight: 400;\">Brasil act\u00faa en los BRICS con c\u00e1lculos propios, que chocan con la integraci\u00f3n latinoamericana y por eso vet\u00f3 el ingreso de Venezuela a esa asociaci\u00f3n. Esa funesta postura, fue probablemente incentivada por las negociaciones con Guyana (en tensi\u00f3n con Caracas), para el abastecimiento petrolero. Pero Lula repiti\u00f3 en los hechos su obstrucci\u00f3n del Banco del Sur para privilegiar la expansi\u00f3n del BNDS. Los BRICS podr\u00edan ser de enorme utilidad para integraci\u00f3n soberana, si Brasil reorientara sus proyectos estrat\u00e9gicos hacia la regi\u00f3n.<\/span><\/p>\n<p><span style=\"font-weight: 400;\">\u00a0<\/span><\/p>\n<p><b>DISPUTA A PLENO<\/b><\/p>\n<p><span style=\"font-weight: 400;\">El primer Trump promovi\u00f3 una restauraci\u00f3n conservadora, que en Am\u00e9rica Latina fue doblegada en las calles y en las urnas. De esa derrota emergi\u00f3 la segunda oleada progresista del 2019-2023, que persiste en la actualidad con una gran mayor\u00eda de gobiernos de centroizquierda y victorias electorales recientes en M\u00e9xico y Uruguay.<\/span><\/p>\n<p><span style=\"font-weight: 400;\">\u00a0\u00a0\u00a0\u00a0\u00a0\u00a0\u00a0\u00a0<\/span> <span style=\"font-weight: 400;\">Conviene tomar nota de este contexto, frente a la err\u00f3nea percepci\u00f3n que el magnate encabeza una oleada exitosa e irrefrenable. Se ha demostrado que el trumpismo no es infalible, si despunta una decidida acci\u00f3n para vencerlo.<\/span><\/p>\n<p><span style=\"font-weight: 400;\">\u00a0\u00a0\u00a0\u00a0\u00a0\u00a0\u00a0\u00a0<\/span> <span style=\"font-weight: 400;\">Trump ya enfrenta grandes rechazos. Su campa\u00f1a para restaurar la presencia militar yanqui en Panam\u00e1 ha desencadenado importantes protestas y la pulseada de Sheinbaum con la Casa Blanca incentiv\u00f3 enormes manifestaciones en el centro de M\u00e9xico.<\/span><\/p>\n<p><span style=\"font-weight: 400;\">\u00a0\u00a0\u00a0\u00a0\u00a0\u00a0\u00a0\u00a0<\/span> <span style=\"font-weight: 400;\">El Departamento de Estado ha recibido tambi\u00e9n varias cachetadas en el terreno diplom\u00e1tico. Su campa\u00f1a contra Cuba choc\u00f3 con la resistencia de Barbados y Jamaica, que contin\u00faan elogiando la tarea solidaria de los m\u00e9dicos de la revoluci\u00f3n. Washington tampoco logr\u00f3 imponer su candidato anticastrista en el nuevo secretariado de la OEA y debi\u00f3 aceptar una figura de Surinam ajena a las confabulaciones de la Casa Blanca (Ellner, 2025).<\/span><\/p>\n<p><span style=\"font-weight: 400;\">\u00a0\u00a0\u00a0\u00a0\u00a0\u00a0\u00a0\u00a0<\/span> <span style=\"font-weight: 400;\">Ciertamente Trump logr\u00f3 forjar un bloque ultraderechista servil con Milei, Bukele y el ratificado Noboa. La victoria electoral de su vasallo en Ecuador, ilustra hasta qu\u00e9 punto el sendero hacia el autoritarismo transita por el fraude electoral.<\/span><\/p>\n<p><span style=\"font-weight: 400;\">En el ballotage, Noboa consum\u00f3 el extra\u00f1o milagro estad\u00edstico de obtener todos los votos en disputa. Esa ventaja no se registr\u00f3 en la segunda vuelta de ninguna elecci\u00f3n latinoamericana y el secreto del ins\u00f3lito guarismo radica en la intimidaci\u00f3n represiva y la monta\u00f1a de irregularidades registrada en los comicios. La escandalosa manipulaci\u00f3n de los resultados, no suscit\u00f3 ninguna molestia entre los cancilleres y medios de comunicaci\u00f3n, que durante semanas aturdieron a sus auditorios demandando las actas de la elecci\u00f3n venezolana (Calero, 2025).<\/span><\/p>\n<p><span style=\"font-weight: 400;\">Pero la permanencia del pe\u00f3n ecuatoriano mediante el fraude, no modifica el tablero general de Am\u00e9rica Latina. La oposici\u00f3n a Trump es mayoritaria y se impone debatir c\u00f3mo ampliar y radicalizar ese campo de rechazo.<\/span><\/p>\n<p><span style=\"font-weight: 400;\">Esa batalla requiere la unidad frente al enemigo ultraderechista, que podr\u00eda usufructuar de la divisi\u00f3n en la centroizquierda para retomar el gobierno (Bolivia). Tambi\u00e9n supone continuar el ejemplo de las coaliciones que articulan variedad posturas, para sacudir el escenario tradicional (Puerto Rico).<\/span><\/p>\n<p><span style=\"font-weight: 400;\">La lucha contra la derecha exige evitar, adem\u00e1s, los fuertes desenga\u00f1os que alimentan la oleada reaccionaria. Esa decepci\u00f3n fue traum\u00e1tica en Argentina y desemboc\u00f3 en la presidencia de Milei.<\/span><\/p>\n<p><span style=\"font-weight: 400;\">Para impedir la canalizaci\u00f3n regresiva de la desesperanza popular hay que construir a tiempo alternativas de izquierda. Esa labor es urgente frente a los gobiernos que incumplen las promesas y se amoldan a las exigencias de los capitalistas (Chile).<\/span><\/p>\n<p><span style=\"font-weight: 400;\">\u00a0\u00a0\u00a0\u00a0\u00a0\u00a0\u00a0\u00a0<\/span> <span style=\"font-weight: 400;\">Desaf\u00edos de otro tipo se presentan en los pa\u00edses donde la derecha ha sufrido derrotas significativas (Venezuela) y despuntan escenarios para disputar el poder econ\u00f3mico, medi\u00e1tico, judicial y militar, avanzando en la erradicaci\u00f3n del capitalismo.<\/span><\/p>\n<p><span style=\"font-weight: 400;\">El resurgimiento de las comunas abre una instancia para motorizar ese proyecto.<\/span><\/p>\n<p><span style=\"font-weight: 400;\">En todos los casos el escenario actual requiere gobiernos populares fuertes, con capacidad para confrontar con el autoritarismo de la derecha. El declive del constitucionalismo liberal tiende a modifica el simplificado contrapunto entre \u00a8democracia o dictadura\u00a8 por una contraposici\u00f3n m\u00e1s realista del Poder Popular con la tiran\u00eda de los poderosos. Este nuevo dato confiere otro perfil a la batalla contra ultraderecha.<\/span><\/p>\n<p><b>RESUMEN<\/b><\/p>\n<p><span style=\"font-weight: 400;\">\u00a0<\/span><span style=\"font-weight: 400;\">Am\u00e9rica Latina debe generar respuestas conjuntas a la agresi\u00f3n de Trump, combinando la redistribuci\u00f3n del ingreso con la soberan\u00eda comercial y un modelo de industrializaci\u00f3n asentado en la recuperaci\u00f3n del poder de compra. La integraci\u00f3n regional exige superar la presi\u00f3n balcanizadora de las clases dominantes, que estanca a UNASUR y la CELAC. Un enlace promisorio con los BRICS presupone, adem\u00e1s, otra postura de Brasil. Con proyectos de poder popular se pueden superar las vacilaciones del progresismo.<\/span><\/p>\n<p><b>REFERENCIAS<\/b><\/p>\n<p><span style=\"font-weight: 400;\">-Katz, Claudio (2024). <\/span><i><span style=\"font-weight: 400;\">Am\u00e9rica Latina en la encrucijada global,<\/span><\/i><span style=\"font-weight: 400;\"> Buenos Aires Batalla de Ideas; La Habana: Editorial de Ciencias Sociales<\/span><\/p>\n<p><span style=\"font-weight: 400;\">-Pedrazzoli, Mara (2025). Desigualdad creciente y tributaci\u00f3n regresiva, https:\/\/www.pagina12.com<\/span><\/p>\n<p><span style=\"font-weight: 400;\">-Zucman, Gabriel (2025) La oportunidad para lanzar el impuesto contra los ultrarricos<\/span><a href=\"https:\/\/www.pagina12.com.ar\/808810-la-oportunidad-para-lanzar-el-impuesto-contra-los-ultrarrico\"> <span style=\"font-weight: 400;\">https:\/\/www.pagina12.com.ar\/808810-la-oportunidad-para-lanzar-el-impuesto-contra-los-ultrarrico<\/span><\/a><\/p>\n<p><span style=\"font-weight: 400;\">-Garc\u00eda Linera, \u00c1lvaro (2025). Am\u00e9rica Latina y el \u00abneoliberalismo soberanista\u00bb https:\/\/espai-marx.net\/?p=17248 \u00a0 \u00a0 <\/span><\/p>\n<p><span style=\"font-weight: 400;\">-The Economist (2025). Trump cree que M\u00e9xico es un caballo de Troya del mercantilismo chino https:\/\/www.infobae.com\/economist\/2025\/01\/06\/trump-cree-que-mexico-es-un-caballo-de-troya-del-mercantilismo-chino\/<\/span><\/p>\n<p><span style=\"font-weight: 400;\">-Crossa, M. (2024). Asimetr\u00edas regionales, modelo exportador y despotismo laboral: el caso de las maquilas de autopartes en M\u00e9xico. Cuadernos de Econom\u00eda Cr\u00edtica, 10(19), 65-88<\/span><\/p>\n<p><span style=\"font-weight: 400;\">-Oprinari, Pablo (2020). Maquiladoras: explotaci\u00f3n capitalista y resistencia obrera en la frontera norte de M\u00e9xico 31 de mayo https:\/\/www.laizquierdadiario.com\/Maquiladoras-explotacion-capitalista-y-resistencia-obrera-en-la-frontera-norte-de-Mexico-161448<\/span><\/p>\n<p><span style=\"font-weight: 400;\">-Morales, Josefina (2000). Maquila 2000 El eslab\u00f3n industrial: cuatro im\u00e1genes de la maquila en M\u00e9xico. M\u00e9xico, D.F: Nuestro Tiempo<\/span><\/p>\n<p><span style=\"font-weight: 400;\">-Suazo, Javier (2025). CELAC frente a las pol\u00edticas de Donald Trump, 30\/01\/2025<\/span><a href=\"https:\/\/rebelion.org\/celac-frente-a-las-politicas-de-donald-trump\/\"> <span style=\"font-weight: 400;\">https:\/\/rebelion.org\/celac-frente-a-las-politicas-de-donald-trump\/<\/span><\/a><\/p>\n<p><span style=\"font-weight: 400;\">-Szalkowicz, Gerardo (2025) Los soldados de Donald Trump en Am\u00e9rica Latina, 19 feb,<\/span><a href=\"https:\/\/www.elsaltodiario.com\/america-latina\/bukele-milei-boluarte-soldados-trump-america-latina\"> <span style=\"font-weight: 400;\">https:\/\/www.elsaltodiario.com\/america-latina\/bukele-milei-boluarte-soldados-trump-america-latina<\/span><\/a><\/p>\n<p><span style=\"font-weight: 400;\">-Colotti, Geraldina (2025). La CELAC concluy\u00f3 en Honduras una tensa cumbre en tiempos de Trump<\/span><a href=\"https:\/\/www.resumenlatinoamericano.org\/2025\/04\/12\/nuestramerica-la-celac-concluyo-en-honduras-una-tensa-cumbre-en-tiempos-de-trump\/\"> <span style=\"font-weight: 400;\">https:\/\/www.resumenlatinoamericano.org\/2025\/04\/12\/nuestramerica-la-celac-concluyo-en-honduras-una-tensa-cumbre-en-tiempos-de-trump\/<\/span><\/a><\/p>\n<p><span style=\"font-weight: 400;\">-Campa, Mario (2025) CELAC, Unasur o BRICS: El falso dilema de la integraci\u00f3n regional, Diario Red, https:\/\/www.diario-red.com\/opinion\/mario-campa\/celac-unasur-brics-falso-dilema-integracion-regional\/20250422120000046164.html<\/span><\/p>\n<p><span style=\"font-weight: 400;\">-Ellner, Steve (2025). Donald Trump Is Weakening US Influence in Latin America<\/span><a href=\"https:\/\/jacobin.com\/2025\/04\/trump-deportations-oas-sheinbaum-lula\"> <span style=\"font-weight: 400;\">https:\/\/jacobin.com\/2025\/04\/trump-deportations-oas-sheinbaum-lula<\/span><\/a><\/p>\n<p><span style=\"font-weight: 400;\">-Calero, C\u00e9sar G (2025) Gonz\u00e1lez denunci\u00f3 fraude, https:\/\/www.resumenlatinoamericano.org\/2025\/04\/14\/ecuador-el-pais-se-encamina-hacia-un-regimen-autocratico-tras-el-triunfo-de-noboa-en-las-presidenciales\/<\/span><\/p>\n<p><span style=\"font-weight: 400;\">[1]<\/span><span style=\"font-weight: 400;\">Economista, investigador del CONICET, profesor de la UBA, miembro del EDI. Su p\u00e1gina web es:<\/span><a href=\"http:\/\/www.lahaine.org\/katz\"> <span style=\"font-weight: 400;\">www.lahaine.org\/katz<\/span><\/a><\/p>\n<p>&nbsp;<\/p>\n<p>Fuente: Claudio Katz<\/p>\n","protected":false},"excerpt":{"rendered":"<p>Am\u00e9rica Latina debe rechazar las agresiones Trump y apuntalar un modelo econ\u00f3mico propio asentado en&#8230;<\/p>\n","protected":false},"author":1,"featured_media":2573,"comment_status":"open","ping_status":"closed","sticky":false,"template":"","format":"standard","meta":{"footnotes":""},"categories":[38,70],"tags":[204,53,89,148],"class_list":["post-2572","post","type-post","status-publish","format-standard","has-post-thumbnail","hentry","category-claudio-katz","category-otras-voces","tag-america-latina","tag-china","tag-ee-uu","tag-trump"],"yoast_head":"<!-- This site is optimized with the Yoast SEO plugin v27.5 - https:\/\/yoast.com\/product\/yoast-seo-wordpress\/ -->\n<title>Disputar con estrategias de poder popular -<\/title>\n<meta name=\"description\" content=\"Am\u00e9rica Latina debe rechazar las agresiones Trump y apuntalar un modelo econ\u00f3mico propio asentado en tres pilares.\" \/>\n<meta name=\"robots\" content=\"index, follow, max-snippet:-1, max-image-preview:large, max-video-preview:-1\" \/>\n<link rel=\"canonical\" href=\"https:\/\/hueleaazufre.com\/wordpress_a\/index.php\/2025\/05\/14\/disputar-con-estrategias-de-poder-popular\/\" \/>\n<meta property=\"og:locale\" content=\"es_ES\" \/>\n<meta property=\"og:type\" content=\"article\" \/>\n<meta property=\"og:title\" content=\"Disputar con estrategias de poder popular -\" \/>\n<meta property=\"og:description\" content=\"Am\u00e9rica Latina debe rechazar las agresiones Trump y apuntalar un modelo econ\u00f3mico propio asentado en tres pilares.\" \/>\n<meta property=\"og:url\" content=\"https:\/\/hueleaazufre.com\/wordpress_a\/index.php\/2025\/05\/14\/disputar-con-estrategias-de-poder-popular\/\" \/>\n<meta property=\"article:published_time\" content=\"2025-05-14T23:04:15+00:00\" \/>\n<meta property=\"og:image\" content=\"https:\/\/hueleaazufre.com\/wordpress_a\/wp-content\/uploads\/2025\/05\/freepik__the-style-is-candid-image-photography-with-natural__26286.png\" \/>\n\t<meta property=\"og:image:width\" content=\"1024\" \/>\n\t<meta property=\"og:image:height\" content=\"1024\" \/>\n\t<meta property=\"og:image:type\" content=\"image\/png\" \/>\n<meta name=\"author\" content=\"Huele a azufre\" \/>\n<meta name=\"twitter:card\" content=\"summary_large_image\" \/>\n<meta name=\"twitter:label1\" content=\"Escrito por\" \/>\n\t<meta name=\"twitter:data1\" content=\"Huele a azufre\" \/>\n\t<meta name=\"twitter:label2\" content=\"Tiempo de lectura\" \/>\n\t<meta name=\"twitter:data2\" content=\"14 minutos\" \/>\n<script type=\"application\/ld+json\" class=\"yoast-schema-graph\">{\"@context\":\"https:\\\/\\\/schema.org\",\"@graph\":[{\"@type\":\"Article\",\"@id\":\"https:\\\/\\\/hueleaazufre.com\\\/wordpress_a\\\/index.php\\\/2025\\\/05\\\/14\\\/disputar-con-estrategias-de-poder-popular\\\/#article\",\"isPartOf\":{\"@id\":\"https:\\\/\\\/hueleaazufre.com\\\/wordpress_a\\\/index.php\\\/2025\\\/05\\\/14\\\/disputar-con-estrategias-de-poder-popular\\\/\"},\"author\":{\"name\":\"Huele a azufre\",\"@id\":\"https:\\\/\\\/hueleaazufre.com\\\/wordpress_a\\\/#\\\/schema\\\/person\\\/549dd871707ea7f9f1a686323ebe9baa\"},\"headline\":\"Disputar con estrategias de poder popular\",\"datePublished\":\"2025-05-14T23:04:15+00:00\",\"mainEntityOfPage\":{\"@id\":\"https:\\\/\\\/hueleaazufre.com\\\/wordpress_a\\\/index.php\\\/2025\\\/05\\\/14\\\/disputar-con-estrategias-de-poder-popular\\\/\"},\"wordCount\":3290,\"commentCount\":0,\"image\":{\"@id\":\"https:\\\/\\\/hueleaazufre.com\\\/wordpress_a\\\/index.php\\\/2025\\\/05\\\/14\\\/disputar-con-estrategias-de-poder-popular\\\/#primaryimage\"},\"thumbnailUrl\":\"https:\\\/\\\/hueleaazufre.com\\\/wordpress_a\\\/wp-content\\\/uploads\\\/2025\\\/05\\\/freepik__the-style-is-candid-image-photography-with-natural__26286.png\",\"keywords\":[\"Am\u00e9rica Latina\",\"china\",\"EE.UU\",\"Trump\"],\"articleSection\":[\"Claudio Katz\",\"Otras voces\"],\"inLanguage\":\"es\",\"potentialAction\":[{\"@type\":\"CommentAction\",\"name\":\"Comment\",\"target\":[\"https:\\\/\\\/hueleaazufre.com\\\/wordpress_a\\\/index.php\\\/2025\\\/05\\\/14\\\/disputar-con-estrategias-de-poder-popular\\\/#respond\"]}]},{\"@type\":\"WebPage\",\"@id\":\"https:\\\/\\\/hueleaazufre.com\\\/wordpress_a\\\/index.php\\\/2025\\\/05\\\/14\\\/disputar-con-estrategias-de-poder-popular\\\/\",\"url\":\"https:\\\/\\\/hueleaazufre.com\\\/wordpress_a\\\/index.php\\\/2025\\\/05\\\/14\\\/disputar-con-estrategias-de-poder-popular\\\/\",\"name\":\"Disputar con estrategias de poder popular -\",\"isPartOf\":{\"@id\":\"https:\\\/\\\/hueleaazufre.com\\\/wordpress_a\\\/#website\"},\"primaryImageOfPage\":{\"@id\":\"https:\\\/\\\/hueleaazufre.com\\\/wordpress_a\\\/index.php\\\/2025\\\/05\\\/14\\\/disputar-con-estrategias-de-poder-popular\\\/#primaryimage\"},\"image\":{\"@id\":\"https:\\\/\\\/hueleaazufre.com\\\/wordpress_a\\\/index.php\\\/2025\\\/05\\\/14\\\/disputar-con-estrategias-de-poder-popular\\\/#primaryimage\"},\"thumbnailUrl\":\"https:\\\/\\\/hueleaazufre.com\\\/wordpress_a\\\/wp-content\\\/uploads\\\/2025\\\/05\\\/freepik__the-style-is-candid-image-photography-with-natural__26286.png\",\"datePublished\":\"2025-05-14T23:04:15+00:00\",\"author\":{\"@id\":\"https:\\\/\\\/hueleaazufre.com\\\/wordpress_a\\\/#\\\/schema\\\/person\\\/549dd871707ea7f9f1a686323ebe9baa\"},\"description\":\"Am\u00e9rica Latina debe rechazar las agresiones Trump y apuntalar un modelo econ\u00f3mico propio asentado en tres pilares.\",\"breadcrumb\":{\"@id\":\"https:\\\/\\\/hueleaazufre.com\\\/wordpress_a\\\/index.php\\\/2025\\\/05\\\/14\\\/disputar-con-estrategias-de-poder-popular\\\/#breadcrumb\"},\"inLanguage\":\"es\",\"potentialAction\":[{\"@type\":\"ReadAction\",\"target\":[\"https:\\\/\\\/hueleaazufre.com\\\/wordpress_a\\\/index.php\\\/2025\\\/05\\\/14\\\/disputar-con-estrategias-de-poder-popular\\\/\"]}]},{\"@type\":\"ImageObject\",\"inLanguage\":\"es\",\"@id\":\"https:\\\/\\\/hueleaazufre.com\\\/wordpress_a\\\/index.php\\\/2025\\\/05\\\/14\\\/disputar-con-estrategias-de-poder-popular\\\/#primaryimage\",\"url\":\"https:\\\/\\\/hueleaazufre.com\\\/wordpress_a\\\/wp-content\\\/uploads\\\/2025\\\/05\\\/freepik__the-style-is-candid-image-photography-with-natural__26286.png\",\"contentUrl\":\"https:\\\/\\\/hueleaazufre.com\\\/wordpress_a\\\/wp-content\\\/uploads\\\/2025\\\/05\\\/freepik__the-style-is-candid-image-photography-with-natural__26286.png\",\"width\":1024,\"height\":1024},{\"@type\":\"BreadcrumbList\",\"@id\":\"https:\\\/\\\/hueleaazufre.com\\\/wordpress_a\\\/index.php\\\/2025\\\/05\\\/14\\\/disputar-con-estrategias-de-poder-popular\\\/#breadcrumb\",\"itemListElement\":[{\"@type\":\"ListItem\",\"position\":1,\"name\":\"Portada\",\"item\":\"https:\\\/\\\/hueleaazufre.com\\\/wordpress_a\\\/\"},{\"@type\":\"ListItem\",\"position\":2,\"name\":\"Disputar con estrategias de poder popular\"}]},{\"@type\":\"WebSite\",\"@id\":\"https:\\\/\\\/hueleaazufre.com\\\/wordpress_a\\\/#website\",\"url\":\"https:\\\/\\\/hueleaazufre.com\\\/wordpress_a\\\/\",\"name\":\"\",\"description\":\"Huele a azufre es una plataforma digital de an\u00e1lisis geopol\u00edtico.\",\"potentialAction\":[{\"@type\":\"SearchAction\",\"target\":{\"@type\":\"EntryPoint\",\"urlTemplate\":\"https:\\\/\\\/hueleaazufre.com\\\/wordpress_a\\\/?s={search_term_string}\"},\"query-input\":{\"@type\":\"PropertyValueSpecification\",\"valueRequired\":true,\"valueName\":\"search_term_string\"}}],\"inLanguage\":\"es\"},{\"@type\":\"Person\",\"@id\":\"https:\\\/\\\/hueleaazufre.com\\\/wordpress_a\\\/#\\\/schema\\\/person\\\/549dd871707ea7f9f1a686323ebe9baa\",\"name\":\"Huele a azufre\",\"image\":{\"@type\":\"ImageObject\",\"inLanguage\":\"es\",\"@id\":\"https:\\\/\\\/secure.gravatar.com\\\/avatar\\\/e972d5c124b9bf80eb4c9d322a90dd86a59d447f5da36700a77516f13637d44e?s=96&d=mm&r=g\",\"url\":\"https:\\\/\\\/secure.gravatar.com\\\/avatar\\\/e972d5c124b9bf80eb4c9d322a90dd86a59d447f5da36700a77516f13637d44e?s=96&d=mm&r=g\",\"contentUrl\":\"https:\\\/\\\/secure.gravatar.com\\\/avatar\\\/e972d5c124b9bf80eb4c9d322a90dd86a59d447f5da36700a77516f13637d44e?s=96&d=mm&r=g\",\"caption\":\"Huele a azufre\"},\"description\":\"Huele a azufre es una plataforma digital de an\u00e1lisis geopol\u00edtico\u00a0 contrahegem\u00f3nico, que busca visibilizar las voces y los discursos silenciados por el poder medi\u00e1tico.\",\"sameAs\":[\"https:\\\/\\\/hueleaazufre.com\\\/wordpress_a\"],\"url\":\"https:\\\/\\\/hueleaazufre.com\\\/wordpress_a\\\/index.php\\\/author\\\/admin_tupapa\\\/\"}]}<\/script>\n<!-- \/ Yoast SEO plugin. -->","yoast_head_json":{"title":"Disputar con estrategias de poder popular -","description":"Am\u00e9rica Latina debe rechazar las agresiones Trump y apuntalar un modelo econ\u00f3mico propio asentado en tres pilares.","robots":{"index":"index","follow":"follow","max-snippet":"max-snippet:-1","max-image-preview":"max-image-preview:large","max-video-preview":"max-video-preview:-1"},"canonical":"https:\/\/hueleaazufre.com\/wordpress_a\/index.php\/2025\/05\/14\/disputar-con-estrategias-de-poder-popular\/","og_locale":"es_ES","og_type":"article","og_title":"Disputar con estrategias de poder popular -","og_description":"Am\u00e9rica Latina debe rechazar las agresiones Trump y apuntalar un modelo econ\u00f3mico propio asentado en tres pilares.","og_url":"https:\/\/hueleaazufre.com\/wordpress_a\/index.php\/2025\/05\/14\/disputar-con-estrategias-de-poder-popular\/","article_published_time":"2025-05-14T23:04:15+00:00","og_image":[{"width":1024,"height":1024,"url":"https:\/\/hueleaazufre.com\/wordpress_a\/wp-content\/uploads\/2025\/05\/freepik__the-style-is-candid-image-photography-with-natural__26286.png","type":"image\/png"}],"author":"Huele a azufre","twitter_card":"summary_large_image","twitter_misc":{"Escrito por":"Huele a azufre","Tiempo de lectura":"14 minutos"},"schema":{"@context":"https:\/\/schema.org","@graph":[{"@type":"Article","@id":"https:\/\/hueleaazufre.com\/wordpress_a\/index.php\/2025\/05\/14\/disputar-con-estrategias-de-poder-popular\/#article","isPartOf":{"@id":"https:\/\/hueleaazufre.com\/wordpress_a\/index.php\/2025\/05\/14\/disputar-con-estrategias-de-poder-popular\/"},"author":{"name":"Huele a azufre","@id":"https:\/\/hueleaazufre.com\/wordpress_a\/#\/schema\/person\/549dd871707ea7f9f1a686323ebe9baa"},"headline":"Disputar con estrategias de poder popular","datePublished":"2025-05-14T23:04:15+00:00","mainEntityOfPage":{"@id":"https:\/\/hueleaazufre.com\/wordpress_a\/index.php\/2025\/05\/14\/disputar-con-estrategias-de-poder-popular\/"},"wordCount":3290,"commentCount":0,"image":{"@id":"https:\/\/hueleaazufre.com\/wordpress_a\/index.php\/2025\/05\/14\/disputar-con-estrategias-de-poder-popular\/#primaryimage"},"thumbnailUrl":"https:\/\/hueleaazufre.com\/wordpress_a\/wp-content\/uploads\/2025\/05\/freepik__the-style-is-candid-image-photography-with-natural__26286.png","keywords":["Am\u00e9rica Latina","china","EE.UU","Trump"],"articleSection":["Claudio Katz","Otras voces"],"inLanguage":"es","potentialAction":[{"@type":"CommentAction","name":"Comment","target":["https:\/\/hueleaazufre.com\/wordpress_a\/index.php\/2025\/05\/14\/disputar-con-estrategias-de-poder-popular\/#respond"]}]},{"@type":"WebPage","@id":"https:\/\/hueleaazufre.com\/wordpress_a\/index.php\/2025\/05\/14\/disputar-con-estrategias-de-poder-popular\/","url":"https:\/\/hueleaazufre.com\/wordpress_a\/index.php\/2025\/05\/14\/disputar-con-estrategias-de-poder-popular\/","name":"Disputar con estrategias de poder popular -","isPartOf":{"@id":"https:\/\/hueleaazufre.com\/wordpress_a\/#website"},"primaryImageOfPage":{"@id":"https:\/\/hueleaazufre.com\/wordpress_a\/index.php\/2025\/05\/14\/disputar-con-estrategias-de-poder-popular\/#primaryimage"},"image":{"@id":"https:\/\/hueleaazufre.com\/wordpress_a\/index.php\/2025\/05\/14\/disputar-con-estrategias-de-poder-popular\/#primaryimage"},"thumbnailUrl":"https:\/\/hueleaazufre.com\/wordpress_a\/wp-content\/uploads\/2025\/05\/freepik__the-style-is-candid-image-photography-with-natural__26286.png","datePublished":"2025-05-14T23:04:15+00:00","author":{"@id":"https:\/\/hueleaazufre.com\/wordpress_a\/#\/schema\/person\/549dd871707ea7f9f1a686323ebe9baa"},"description":"Am\u00e9rica Latina debe rechazar las agresiones Trump y apuntalar un modelo econ\u00f3mico propio asentado en tres pilares.","breadcrumb":{"@id":"https:\/\/hueleaazufre.com\/wordpress_a\/index.php\/2025\/05\/14\/disputar-con-estrategias-de-poder-popular\/#breadcrumb"},"inLanguage":"es","potentialAction":[{"@type":"ReadAction","target":["https:\/\/hueleaazufre.com\/wordpress_a\/index.php\/2025\/05\/14\/disputar-con-estrategias-de-poder-popular\/"]}]},{"@type":"ImageObject","inLanguage":"es","@id":"https:\/\/hueleaazufre.com\/wordpress_a\/index.php\/2025\/05\/14\/disputar-con-estrategias-de-poder-popular\/#primaryimage","url":"https:\/\/hueleaazufre.com\/wordpress_a\/wp-content\/uploads\/2025\/05\/freepik__the-style-is-candid-image-photography-with-natural__26286.png","contentUrl":"https:\/\/hueleaazufre.com\/wordpress_a\/wp-content\/uploads\/2025\/05\/freepik__the-style-is-candid-image-photography-with-natural__26286.png","width":1024,"height":1024},{"@type":"BreadcrumbList","@id":"https:\/\/hueleaazufre.com\/wordpress_a\/index.php\/2025\/05\/14\/disputar-con-estrategias-de-poder-popular\/#breadcrumb","itemListElement":[{"@type":"ListItem","position":1,"name":"Portada","item":"https:\/\/hueleaazufre.com\/wordpress_a\/"},{"@type":"ListItem","position":2,"name":"Disputar con estrategias de poder popular"}]},{"@type":"WebSite","@id":"https:\/\/hueleaazufre.com\/wordpress_a\/#website","url":"https:\/\/hueleaazufre.com\/wordpress_a\/","name":"","description":"Huele a azufre es una plataforma digital de an\u00e1lisis geopol\u00edtico.","potentialAction":[{"@type":"SearchAction","target":{"@type":"EntryPoint","urlTemplate":"https:\/\/hueleaazufre.com\/wordpress_a\/?s={search_term_string}"},"query-input":{"@type":"PropertyValueSpecification","valueRequired":true,"valueName":"search_term_string"}}],"inLanguage":"es"},{"@type":"Person","@id":"https:\/\/hueleaazufre.com\/wordpress_a\/#\/schema\/person\/549dd871707ea7f9f1a686323ebe9baa","name":"Huele a azufre","image":{"@type":"ImageObject","inLanguage":"es","@id":"https:\/\/secure.gravatar.com\/avatar\/e972d5c124b9bf80eb4c9d322a90dd86a59d447f5da36700a77516f13637d44e?s=96&d=mm&r=g","url":"https:\/\/secure.gravatar.com\/avatar\/e972d5c124b9bf80eb4c9d322a90dd86a59d447f5da36700a77516f13637d44e?s=96&d=mm&r=g","contentUrl":"https:\/\/secure.gravatar.com\/avatar\/e972d5c124b9bf80eb4c9d322a90dd86a59d447f5da36700a77516f13637d44e?s=96&d=mm&r=g","caption":"Huele a azufre"},"description":"Huele a azufre es una plataforma digital de an\u00e1lisis geopol\u00edtico\u00a0 contrahegem\u00f3nico, que busca visibilizar las voces y los discursos silenciados por el poder medi\u00e1tico.","sameAs":["https:\/\/hueleaazufre.com\/wordpress_a"],"url":"https:\/\/hueleaazufre.com\/wordpress_a\/index.php\/author\/admin_tupapa\/"}]}},"_links":{"self":[{"href":"https:\/\/hueleaazufre.com\/wordpress_a\/index.php\/wp-json\/wp\/v2\/posts\/2572","targetHints":{"allow":["GET"]}}],"collection":[{"href":"https:\/\/hueleaazufre.com\/wordpress_a\/index.php\/wp-json\/wp\/v2\/posts"}],"about":[{"href":"https:\/\/hueleaazufre.com\/wordpress_a\/index.php\/wp-json\/wp\/v2\/types\/post"}],"author":[{"embeddable":true,"href":"https:\/\/hueleaazufre.com\/wordpress_a\/index.php\/wp-json\/wp\/v2\/users\/1"}],"replies":[{"embeddable":true,"href":"https:\/\/hueleaazufre.com\/wordpress_a\/index.php\/wp-json\/wp\/v2\/comments?post=2572"}],"version-history":[{"count":1,"href":"https:\/\/hueleaazufre.com\/wordpress_a\/index.php\/wp-json\/wp\/v2\/posts\/2572\/revisions"}],"predecessor-version":[{"id":2574,"href":"https:\/\/hueleaazufre.com\/wordpress_a\/index.php\/wp-json\/wp\/v2\/posts\/2572\/revisions\/2574"}],"wp:featuredmedia":[{"embeddable":true,"href":"https:\/\/hueleaazufre.com\/wordpress_a\/index.php\/wp-json\/wp\/v2\/media\/2573"}],"wp:attachment":[{"href":"https:\/\/hueleaazufre.com\/wordpress_a\/index.php\/wp-json\/wp\/v2\/media?parent=2572"}],"wp:term":[{"taxonomy":"category","embeddable":true,"href":"https:\/\/hueleaazufre.com\/wordpress_a\/index.php\/wp-json\/wp\/v2\/categories?post=2572"},{"taxonomy":"post_tag","embeddable":true,"href":"https:\/\/hueleaazufre.com\/wordpress_a\/index.php\/wp-json\/wp\/v2\/tags?post=2572"}],"curies":[{"name":"wp","href":"https:\/\/api.w.org\/{rel}","templated":true}]}}