{"id":2634,"date":"2025-05-28T22:04:21","date_gmt":"2025-05-28T22:04:21","guid":{"rendered":"https:\/\/hueleaazufre.com\/wordpress_a\/?p=2634"},"modified":"2025-05-28T22:04:21","modified_gmt":"2025-05-28T22:04:21","slug":"zona-norte-extrema-de-la-alta-guajira-beneficio-o-nueva-forma-de-dominacion","status":"publish","type":"post","link":"https:\/\/hueleaazufre.com\/wordpress_a\/index.php\/2025\/05\/28\/zona-norte-extrema-de-la-alta-guajira-beneficio-o-nueva-forma-de-dominacion\/","title":{"rendered":"\u201cZona Norte Extrema\u201d de la Alta Guajira: \u00bfbeneficio o nueva forma de dominaci\u00f3n?"},"content":{"rendered":"<p>En el coraz\u00f3n \u00e1rido de La Guajira colombiana, donde el viento sopla historias de resistencia y la tierra guarda memorias ancestrales, se libra una batalla silenciosa pero determinante para el futuro de la naci\u00f3n Wayuu.<\/p>\n<p>El proyecto de decreto para convertir la Alta Guajira en una Entidad Territorial Ind\u00edgena de la Zona Norte Extrema (ETI-ZNE), arropado con el discurso de desarrollo y autonom\u00eda, esconde una madeja de intereses pol\u00edticos, econ\u00f3micos y neocoloniales que amenazan con fracturar no solo un territorio, sino una cosmovisi\u00f3n milenaria.<\/p>\n<p>El decreto est\u00e1 listo y las voces a favor secuestraron el debate antes de que \u00e9ste se diera. Otras muchas voces y liderazgos, no tomados en cuenta, siguen enarbolando la bandera de la unidad territorial del pueblo wayuu, que nada tiene que ver con el parapeto burocr\u00e1tico que nos intentan vender como \u201cprogreso\u201d.<\/p>\n<p>La Alta Guajira acumula d\u00e9cadas de despojos, atropellos, imposiciones coloniales y abandono estatal. Hoy est\u00e1 en la mira de este decreto que busca facilitar la entrada de megaproyectos e\u00f3licos y de hidr\u00f3geno verde en los territorios de los corregimientos Nazareht, Taroa, Puerto estrella, Punta Espada, Castilletes, Puerto L\u00f3pez, Siapana, Guaretp\u00e1 y Tawaira.<\/p>\n<p>Y ya esto representa un primer problema. Como sucedi\u00f3 con otros proyectos como el ferrocarril del Cerrej\u00f3n, con esta propuesta \u201clos resguardos de la Media y Alta Guajira sufrir\u00e1n una especie de segregaci\u00f3n territorial\u201d, como bien apunta un editorial de Diario del Norte del 2 de mayo pasado.<\/p>\n<p>Aparentemente se cae la propuesta de crear un nuevo municipio segregado de Uribia y se implementa un r\u00e9gimen transitorio con normas fiscales y administrativas especiales seg\u00fan la ley de ordenamiento territorial que, dicho sea de paso, no cuenta con normas ni reglamentaci\u00f3n que le permitan facilitar tal tr\u00e1nsito ni se ha implementado en ning\u00fan territorio ind\u00edgena en ning\u00fan momento.<\/p>\n<p>Detr\u00e1s de la iniciativa, impulsada por figuras como el senador Alfredo Deluque, un sector de la dirigencia wayuu, y respaldada por el gobierno Petro, se tejen preguntas inc\u00f3modas: \u00bfEs este un esfuerzo genuino por mejorar la calidad de vida de las comunidades, o una estrategia para allanar el camino al extractivismo del siglo XXI?<\/p>\n<p>Hoy se cuestiona la viabilidad fiscal, \u00e9tica pol\u00edtica y cultural de dividir Uribia porque, una vez m\u00e1s, se pretende decidir sobre los territorios ind\u00edgenas sin su consentimiento, adem\u00e1s porque la configuraci\u00f3n de un ordenamiento jur\u00eddico basado en las normas de \u201coccidente\u201d chocan directamente con los modos de vida y organizaci\u00f3n wayuu, quienes cuentan con sistema pol\u00edtico, social, cultural y de organizaci\u00f3n propios.<\/p>\n<p>En juego est\u00e1 la autonom\u00eda de un pueblo que ha defendido su tierra frente a la codicia del imperio espa\u00f1ol, de la rep\u00fablica, de la colombianizaci\u00f3n y de intensas y alienantes campa\u00f1as de evangelizaci\u00f3n; pueblo cuyo tejido social se ha visto violentado y vulnerado sistem\u00e1ticamente por la actividad minera, por la invasi\u00f3n de la cultura\u00a0<em>alijuna<\/em>, por la normatividad excluyente de la institucionalidad colombiana, y que ahora enfrenta un nuevo monstruo disfrazado de \u201cdesarrollo verde\u201d que bien podr\u00eda replicar viejas din\u00e1micas de exclusi\u00f3n.<\/p>\n<p><strong>Intereses<\/strong><\/p>\n<p>En enero, el senador Alfredo Deluque present\u00f3 ante la Asamblea Departamental de La Guajira la propuesta de convertir la Alta Guajira en un nuevo municipio, con la finalidad de garantizar \u201cmayor autonom\u00eda administrativa y acceso directo a recursos estatales. Mejor atenci\u00f3n a las necesidades b\u00e1sicas (agua, educaci\u00f3n, salud) de la poblaci\u00f3n\u201d mayoritariamente ind\u00edgena wayuu.\u00a0 Busca, adem\u00e1s, fortalecer la presencia del Estado en una zona hist\u00f3ricamente marginada.<\/p>\n<p>No se alcanza a magnificar ni entender el impacto y las repercusiones de la propuesta, bien sea como nuevo municipio o como r\u00e9gimen transitorio, la prioridad en la narrativa la tienen los pol\u00edticos y columnistas que defienden la propuesta de Deluque.<\/p>\n<p>La creaci\u00f3n de un nuevo municipio implica el aumento de estructuras administrativas, es decir, alcald\u00eda, concejo y entidades de control, lo que terminar\u00e1 multiplicando los cargos p\u00fablicos y procesos burocr\u00e1ticos, en un territorio que pr\u00e1cticamente no produce m\u00e1s que para la subsistencia, basado en una econom\u00eda comunitaria de intercambio. \u00bfDe d\u00f3nde saldr\u00e1n los recursos para mantener el nuevo aparato burocr\u00e1tico?<\/p>\n<p>Esto facilitar\u00eda el clientelismo y la malversaci\u00f3n de fondos por parte de un peque\u00f1o grupo en un departamento con graves antecedentes de corrupci\u00f3n y de impunidad. Tambi\u00e9n incidir\u00e1 en el aumento del poder burocr\u00e1tico de un reducido sector que por d\u00e9cadas se ha beneficiado del Estado en detrimento de su propio pueblo.<\/p>\n<p>Como bien advierte el columnista Luis Alfonso Colmenares, la iniciativa parece m\u00e1s bien una estrategia pol\u00edtica que una soluci\u00f3n real a los problemas que enfrentan las comunidades en este territorio: \u201cEs un claro ejemplo de oportunismo pol\u00edtico. No se puede ignorar que esta propuesta surge en un contexto electoral, bajo la estrategia del\u00a0<em>divide y reinar\u00e1s<\/em>, en una regi\u00f3n hist\u00f3ricamente marginada. Apela a un discurso populista que promete autonom\u00eda administrativa sin ofrecer soluciones reales\u201d, precis\u00f3 Colmenares en el art\u00edculo titulado\u00a0<em>Alta Guajira: una propuesta inviable y oportunista<\/em>.<\/p>\n<div id=\"attachment_15902\" class=\"wp-caption aligncenter\"><img fetchpriority=\"high\" decoding=\"async\" class=\"wp-image-15902 size-full\" src=\"https:\/\/periferiaprensa.com\/wp-content\/uploads\/2025\/05\/deluque.jpg\" alt=\"\" width=\"360\" height=\"360\" aria-describedby=\"caption-attachment-15902\" \/><\/p>\n<p id=\"caption-attachment-15902\" class=\"wp-caption-text\">Pieza publicitaria de Alfredo Deluque, antiguo representante de la c\u00e1mara por La Guajira<\/p>\n<\/div>\n<p>Para el investigador social y coordinador de la Mesa Minero Energ\u00e9tica y Ambiental por la Paz, Jes\u00fas Rafael Gamarra Luna, \u201cextra\u00f1amente coinciden en la iniciativa el clan pol\u00edtico encabezado por Alfredo Deluque y alguna dirigencia wayuu. Y, por supuesto, al presidente Petro tambi\u00e9n le pareci\u00f3 un excelente prop\u00f3sito y hoy ya est\u00e1 el decreto\u201d.<\/p>\n<p>Lo problem\u00e1tico, aclara Gamarra Luna en entrevista para este trabajo, es que \u201cno hubo consenso en el pueblo Wayuu para tomar tan determinante decisi\u00f3n; tampoco hubo una construcci\u00f3n pedag\u00f3gica incluyente; fue una decisi\u00f3n tomada desde los altos liderazgos\u201d.<\/p>\n<p>Eduardo Castro, en una columna publicada en mayo en Diario del Norte, advirti\u00f3 tambi\u00e9n que no hubo una consulta p\u00fablica: \u201c\u00bfD\u00f3nde est\u00e1n los palabreros, los Eirr\u00fck\u00fc, los ancianos que entienden mejor que nadie qu\u00e9 significa territorio, cultura y dignidad? \u00bfAcaso autonom\u00eda significa levantar una estructura de papel y llenarla con funcionarios nombrados desde el centro del pa\u00eds?\u201d.<\/p>\n<p>Dividir a Uribia tiene m\u00e1s de intereses pol\u00edticos y econ\u00f3micos de unos pocos que visi\u00f3n y estrategia para superar las serias limitaciones que enfrenta el pueblo Wayuu en la Alta Guajira.<\/p>\n<p><strong>Impactos y limitaciones<\/strong><\/p>\n<p>Con este proyecto se les dar\u00e1 prioridad a las l\u00f3gicas estales por encima de la cosmovisi\u00f3n comunitaria, la fragmentaci\u00f3n ser\u00e1 uno de los objetivos de quienes impulsan p\u00fablicamente esta propuesta, ya que con ello diluyen la fuerza pol\u00edtica y cultural de los sectores y dirigencia que no respaldan la propuesta.<\/p>\n<p>A pesar del peso pol\u00edtico del senador Deluque y sus ac\u00f3litos, los intereses econ\u00f3micos que esperan a la sombra son los que determinar\u00e1n el destino de este proyecto.<\/p>\n<p>Alterar\u00edan con ello el ya desquebrajado equilibrio de poder de La Guajira, enfrentando a Uribia (que perder\u00eda territorio) con el nuevo municipio en una especie de disputa por la renta de los viejos y nuevos proyectos extractivos.<\/p>\n<p>\u201cEn el ambiente existe la sensaci\u00f3n de que se ha creado una barrera infranqueable entre el pueblo Wayuu del norte extremo y los otros. Aquellos como lo leg\u00edtimo; lo otro, en decadencia y sumido en la corrupci\u00f3n, como el camino equivocado\u201d, explica el investigador y dirigente social Gamarra Luna.<\/p>\n<p>Y este discurso simplista de lo leg\u00edtimo frente a lo corrompido, t\u00e1cito en quienes defienden la creaci\u00f3n de una nueva entidad, no hace m\u00e1s que profundizar \u201cla atomizaci\u00f3n que ha venido sufriendo el pueblo Wayuu, por injerencia en su gobierno propio. Esto tendr\u00e1 un gran impacto, por supuesto negativo, en el proceso de transici\u00f3n energ\u00e9tica que se desarrolla en La Guajira\u201d, advierte Gamarra.<\/p>\n<p>Para el coordinador de la Mesa Social Minero Energ\u00e9tica, la transici\u00f3n energ\u00e9tica en el territorio requiere una mirada colectiva, de consenso y la creaci\u00f3n de un nuevo municipio lo que har\u00eda es \u201ccontribuir a parcelar, a\u00fan m\u00e1s, los desarrollos de la transici\u00f3n energ\u00e9tica. Incluso, esto puede ahondar las desigualdades en los desarrollos de las comunidades y de los territorios\u201d.<\/p>\n<p>Asalta otra preocupaci\u00f3n, y es la que expone el columnista Colmenares: \u201c\u00bfDe qu\u00e9 vivir\u00eda el nuevo ente territorial? \u00bfDe las regal\u00edas y transferencias destinadas a los resguardos ind\u00edgenas, pero que solo benefician a los gobernantes y al entorno de algunas autoridades tradicionales que viven como jeques \u00e1rabes?\u201d<\/p>\n<p>\u201cLa falta de recursos propios lo condenar\u00eda a la inoperancia administrativa y a mantenerse en un foco de corrupci\u00f3n, como ocurre en otros municipios de La Guajira, algo que el senador Deluque conoce muy bien\u201d, precisa Colmenares, quien tambi\u00e9n recuerda que la creaci\u00f3n de los municipios de Albania, Manaure, Dibulla, La Jagua del Pilar, Urumita y El Molino no se tradujo en la mejora sustancial de la calidad de vida de su gente ni en el desarrollo de fuerzas productivas propias.<\/p>\n<p>La ETI-ZNE \u201cno tiene c\u00f3mo sostenerse por s\u00ed misma\u201d, recalca Castro, \u201ces una casa sin cimientos. No recauda ni un peso, y depender\u00e1 del presupuesto nacional, o sea, de los impuestos de todos los colombianos. Eso no es autonom\u00eda, eso es dependencia con otro nombre\u201d.<\/p>\n<p>Entonces asalta la duda sobre la Zona Norte Extrema de la Alta Guajira: \u00bfbeneficiar\u00e1 a las comunidades o se trata de nueva forma de dominaci\u00f3n?<\/p>\n<div id=\"attachment_15903\" class=\"wp-caption aligncenter\"><img decoding=\"async\" class=\"wp-image-15903 size-full\" src=\"https:\/\/periferiaprensa.com\/wp-content\/uploads\/2025\/05\/Parque-eolico.jpg\" alt=\"\" width=\"1024\" height=\"768\" aria-describedby=\"caption-attachment-15903\" \/><\/p>\n<p id=\"caption-attachment-15903\" class=\"wp-caption-text\">Parque e\u00f3lico Jeipirachi<\/p>\n<\/div>\n<p><strong>Geopol\u00edtica<\/strong><\/p>\n<p>De la propuesta pueden derivar problemas geopol\u00edticos que tensionar\u00edan las relaciones con Venezuela. No aclaran los l\u00edmites y condicionantes del proyecto, ni toman en cuenta la importante y estrat\u00e9gica frontera compartida con Venezuela en todo el corredor norte guajiro.<\/p>\n<p>Tampoco toman en cuenta el car\u00e1cter de libre movilidad del pueblo wayuu, que se desplaza de un pa\u00eds a otro porque ancestralmente su territorio es uno solo: la Pen\u00ednsula de la Guajira, que abarca Venezuela y Colombia.<\/p>\n<p>En este sentido, Gamarra Luna nos adelanta un panorama un poco m\u00e1s complejo: \u201cEn el territorio existen fuerzas que han buscado balcanizar la regi\u00f3n, es decir, construir autonom\u00edas territoriales en funci\u00f3n de intereses geopol\u00edticos globales. Por ejemplo, l\u00edderes globales e imperialistas han querido separar al occidental estado Zulia de Venezuela, sum\u00e1ndole otras regiones peninsulares como la Guajira. Y est\u00e1s pretensiones se ajustan a lo que ha venido exigiendo Trump a otros pa\u00edses: anexionarse Panam\u00e1, Canad\u00e1, el Golfo de M\u00e9xico\u201d.<\/p>\n<p>Otra preocupaci\u00f3n es que, en lo econ\u00f3mico, la iniciativa no ofrece detalles de c\u00f3mo impactar\u00eda la ya menguada econom\u00eda tradicional wayuu. Todos los proyectos extractivos o ajenos a la cosmovisi\u00f3n wayuu entraron al territorio y erosionaron el tejido social de esta naci\u00f3n, desplazaron formas de econom\u00eda propia, los condenaron las migajas que entrega el Estado o los obligaron a vivir en condiciones de vulnerabilidad cr\u00edtica, incluso los desplazaron como sujetos activos para el intercambio comercial con otras regiones y el Caribe.<\/p>\n<p>Un nuevo municipio o entidad que no tome en cuenta la consulta previa, que no parta del consenso, erosionar\u00eda a\u00fan m\u00e1s el tejido comunitario y la integridad territorial de la Naci\u00f3n Wayuu. Como alerta Castro: \u201cLa autonom\u00eda ind\u00edgena no puede ser usada como una coartada para repartir burocracia, ni como una herencia de familia para quienes se creen due\u00f1os del desierto\u2026 la dignidad no se decreta: se construye con verdad, con respeto y con justicia\u201d.<\/p>\n<p><strong>Paramilitarizaci\u00f3n<\/strong><\/p>\n<p>Otro asunto que pasa por alto es la intromisi\u00f3n \u201csilenciosa\u201d de organizaciones armadas de car\u00e1cter paramilitar como las AGC, quienes cuentan adem\u00e1s con los servicios de bandas del crimen organizado como el Tren de Aragua, toda vez que comenzar\u00edan a amenazar liderazgos y comunidades enteras para desarrollar sus planes militares y econ\u00f3micos, y, por ende, permitir los planes de desarrollo estatales o empresariales que se intenten imponer en la regi\u00f3n.<\/p>\n<p>M\u00e1s que una probabilidad, hoy la presencia de las AGC o el Tren de Aragua en la Alta Guajira es un hecho. Como en otros territorios, l\u00edderes y comunidades guardan silencio para preservar la vida, sobre todo porque no conf\u00edan en las autoridades ni en la fuerza p\u00fablica, que muchas veces es acusada de mantener connivencia con estos actores.<\/p>\n<p>Nadie niega hoy lo que signific\u00f3 la creaci\u00f3n en 2002 del Frente Contrainsurgencia Wayuu del Bloque Norte de las AUC y su responsabilidad en la masacre de Bah\u00eda Portete, perpetrada el 18 de abril de 2004; crimen ejecutado en connivencia con el Ej\u00e9rcito, motivo por el cual el Tribunal Contencioso Administrativo de Cundinamarca le orden\u00f3 a la Naci\u00f3n indemnizar a la comunidad ind\u00edgena, una sentencia que condena al Ministerio de la Defensa y el Ej\u00e9rcito Nacional espec\u00edficamente.<\/p>\n<p>Un d\u00eda despu\u00e9s de la masacre de Bah\u00eda Portete, el 19 de abril de 2004, \u00c1lvaro Uribe V\u00e9lez inauguraba el primer parque e\u00f3lico denominado Jep\u00edrachi, ubicado entre Cabo de la Vela y Puerto Bol\u00edvar; apenas una hora de distancia entre un punto y otro.<\/p>\n<p>Aunque nunca se estableci\u00f3 una conexi\u00f3n entre un hecho y otro (entre la masacre de Bah\u00eda Portete y la inauguraci\u00f3n del parque e\u00f3lico Jep\u00edrachi), es totalmente pertinente pensar que el crecimiento de una nueva estructura paramilitar en el territorio afectar\u00eda la vida en el territorio, los liderazgos y la autonom\u00eda de las comunidades.<\/p>\n<p>Como en el pasado, la impunidad sigue siendo una de las trabas m\u00e1s complejas que enfrentan las v\u00edctimas y el pa\u00eds entero. A pesar de la condena a la Naci\u00f3n por el caso de Bah\u00eda Portete, el Ministerio de Defensa apel\u00f3 la decisi\u00f3n y hasta el sol de hoy no ha resarcido a las v\u00edctimas.<\/p>\n<div id=\"attachment_15904\" class=\"wp-caption aligncenter\"><img decoding=\"async\" class=\"wp-image-15904 size-full\" src=\"https:\/\/periferiaprensa.com\/wp-content\/uploads\/2025\/05\/protesta-guajira.jpeg\" alt=\"\" width=\"850\" height=\"478\" aria-describedby=\"caption-attachment-15904\" \/><\/p>\n<p id=\"caption-attachment-15904\" class=\"wp-caption-text\">Ind\u00edgenas wayuu protestan contra el proyecto e\u00f3lico Guajira 1<\/p>\n<\/div>\n<p><strong>Legalidad Cuestionable<\/strong><\/p>\n<p>Para que este proyecto de ley encuentre curso, debe cumplir con una serie de requisitos legales y constitucionales. Seg\u00fan la normativa colombiana, la divisi\u00f3n de un municipio y creaci\u00f3n de uno nuevo requiere cumplir con:<\/p>\n<ol>\n<li>Ley 136 de 1994 y Ley 1551 de 2012, que exigen: poblaci\u00f3n m\u00ednima, el \u00e1rea a segregar debe superar los 25,000 habitantes (aunque hay excepciones para zonas \u00e9tnicas).<\/li>\n<li>Viabilidad econ\u00f3mica: demostrar capacidad para financiar servicios b\u00e1sicos (salud, educaci\u00f3n, agua) sin depender exclusivamente de transferencias nacionales. Por eso no se puede perder de vista qui\u00e9nes estar\u00edan detr\u00e1s de la propuesta en cuesti\u00f3n, porque desplegar\u00edan todo su lobby pol\u00edtico para conseguir el objetivo.<\/li>\n<\/ol>\n<p>Y, como explica Colmenares, la actividad econ\u00f3mica propia de los Wayuu no se ser\u00eda compatible con las exigencias tributarias que implica el manejo de un nuevo municipio.<\/p>\n<ol start=\"3\">\n<li>Infraestructura: contar con una cabecera municipal apta (v\u00edas, edificios p\u00fablicos). En este punto vale aclarar que, aunque la familia Deluque y sus aliados en La Guajira son en su mayor\u00eda opositores al gobierno de Petro, tras bastidores son quienes operan los recursos destinados los \u00faltimos a\u00f1os para atender las demandas de esta regi\u00f3n.<\/li>\n<\/ol>\n<p>Este inciso es necesario porque este sector ha acompa\u00f1ado, al menos de manera t\u00e1cita, cada propuesta econ\u00f3mica y de infraestructura hecha por el Gobierno en la Alta Guajira: la creaci\u00f3n del aeropuerto internacional, proyectos de modernizaci\u00f3n vial y de instalaci\u00f3n de granjas solares, planes de transici\u00f3n energ\u00e9tica y de hidr\u00f3geno verde.<\/p>\n<ol start=\"4\">\n<li>Consulta previa, libre e informada: obligatoria por el Convenio 169 de la OIT, dado que Uribia es territorio ind\u00edgena. Las comunidades Wayuu deben aprobar la propuesta.<\/li>\n<\/ol>\n<p>Sobre este punto se debe recordar que los actuales proyectos de energ\u00eda e\u00f3lica no han progresado porque la administraci\u00f3n Duque prioriz\u00f3 los parques por encima de la ley y de los intereses del pueblo wayuu, feri\u00f3 el territorio de manera il\u00edcita; incluso, transnacionales aprovecharon la complacencia e ineptitud del Ministerio del Interior para sabotear, manosear o manipular distintos procesos de consulta previa.<\/p>\n<p>Al respecto, queremos citar un art\u00edculo de la activista, periodista e investigadora Natalia Orduz Salinas, publicado en abril de 2020 en el portal de la fundaci\u00f3n Heinrich-B\u00f6ll-Stiftung, porque da luces sobre el no cumplimiento de la consulta previa en relaci\u00f3n con los parques e\u00f3licos:<\/p>\n<p>\u201cEl gobierno y las empresas entienden las consultas como un mero requisito formal y no como una v\u00eda efectiva para que las comunidades participen de manera efectiva en las decisiones que afectan sus derechos territoriales y culturales, entre otros derechos. Como consecuencia, se realizan consultas m\u00faltiples sobre actividades fragmentadas. Esta proliferaci\u00f3n de consultas con pocos alcances es muy costosa para los pueblos ind\u00edgenas. El l\u00edder arhuaco Cayetano Torres, de hecho, llam\u00f3 a este fen\u00f3meno \u201cconsultitis\u201d y lo describi\u00f3 como \u201cotra pandemia social, procedimientos que usurpan los espacios y tiempos culturales\u201d, en otras palabras, como otra forma de exterminio de los pueblos\u201d.<\/p>\n<p>El Instituto de Estudios para el Desarrollo y la Paz (Indepaz) ha dedicado varias investigaciones para estudiar los impactos de los parques e\u00f3licos en el territorio, y en espec\u00edfico, la manipulaci\u00f3n de los procesos de consulta previa. Estas han sido sus conclusiones:<\/p>\n<ul>\n<li>Las comunidades no han sido informadas sobre la magnitud de cada uno de los proyectos ni del cambio que sufrir\u00e1 el territorio que habitan. No alcanzan a visualizar la magnitud de un parque e\u00f3lico y los impactos ambientales y de movilidad que provocar\u00e1n.<\/li>\n<li>Las empresas, aprovechando la mediocridad y complacencia del Ministerio del Interior, han realizado las consultas previas de manera fragmentada para, de esta manera, aprobar los proyectos a costa de la unidad territorial.<\/li>\n<li>Los estudios de impacto ambiental han sido manipulados porque no cuentan con el apoyo y la participaci\u00f3n de las comunidades.<\/li>\n<li>Tampoco se han tomado en cuenta las observaciones, propuestas y\/o reclamos de las comunidades.<\/li>\n<\/ul>\n<p>Esto lo saben muy bien los que promueven la creaci\u00f3n de esta nueva entidad. Por lo tanto, apostar\u00e1n por seguir dividiendo el territorio y la unidad de las autoridades wayuu, aprovechando la d\u00e9bil y corrompida arquitectura institucional del Estado.<\/p>\n<p>Si no ha existido un consenso amplio entre las familias y comunidades wayuu en torno a los parques e\u00f3licos, menos existir\u00e1 en un asunto tan delicado como la creaci\u00f3n de un nuevo municipio, lo que aumentar\u00e1 las tensiones y las disputas entre clanes.<\/p>\n<ol start=\"5\">\n<li>Aprobaci\u00f3n legislativa: votaci\u00f3n favorable en la Asamblea Departamental de La Guajira y posible referendo popular en el \u00e1rea afectada. De antemano, los que defienden la propuesta de Deluque tienen una ventaja importante.<\/li>\n<\/ol>\n<p>A pesar de las m\u00e1s de tres d\u00e9cadas de explotaci\u00f3n minera y actividad extractiva en La Guajira, las condiciones de las comunidades wayuu, campesinas y afro empeoran todos los a\u00f1os. Pensar que la creaci\u00f3n de un nuevo municipio puede impulsar el bienestar y desarrollo de las comunidades ind\u00edgenas de la zona norte de la Alta Guajira es ingenuo e incomprensible.<\/p>\n<p>&nbsp;<\/p>\n<p><a href=\"https:\/\/periferiaprensa.com\/zona-norte-extrema-de-la-alta-guajira-beneficio-o-nueva-forma-de-dominacion\/\"><strong>Fuente: Prensa Periferia\/\u00c1ngel Mor\u00e1n y Miguel Prieto<\/strong><\/a><\/p>\n","protected":false},"excerpt":{"rendered":"<p>En el coraz\u00f3n \u00e1rido de La Guajira colombiana, donde el viento sopla historias de resistencia&#8230;<\/p>\n","protected":false},"author":1,"featured_media":2635,"comment_status":"open","ping_status":"closed","sticky":false,"template":"","format":"standard","meta":{"footnotes":""},"categories":[70],"tags":[57,677,788],"class_list":["post-2634","post","type-post","status-publish","format-standard","has-post-thumbnail","hentry","category-otras-voces","tag-colombia","tag-dominacion","tag-guajira"],"yoast_head":"<!-- This site is optimized with the Yoast SEO plugin v27.5 - https:\/\/yoast.com\/product\/yoast-seo-wordpress\/ -->\n<title>\u201cZona Norte Extrema\u201d de la Alta Guajira: \u00bfbeneficio o nueva forma de dominaci\u00f3n? -<\/title>\n<meta name=\"description\" content=\"En el coraz\u00f3n \u00e1rido de La Guajira colombiana, donde el viento sopla historias de resistencia y la tierra guarda memorias ancestrales, se libra una batalla silenciosa.\" \/>\n<meta name=\"robots\" content=\"index, follow, max-snippet:-1, max-image-preview:large, max-video-preview:-1\" \/>\n<link rel=\"canonical\" href=\"https:\/\/hueleaazufre.com\/wordpress_a\/index.php\/2025\/05\/28\/zona-norte-extrema-de-la-alta-guajira-beneficio-o-nueva-forma-de-dominacion\/\" \/>\n<meta property=\"og:locale\" content=\"es_ES\" \/>\n<meta property=\"og:type\" content=\"article\" \/>\n<meta property=\"og:title\" content=\"\u201cZona Norte Extrema\u201d de la Alta Guajira: \u00bfbeneficio o nueva forma de dominaci\u00f3n? -\" \/>\n<meta property=\"og:description\" content=\"En el coraz\u00f3n \u00e1rido de La Guajira colombiana, donde el viento sopla historias de resistencia y la tierra guarda memorias ancestrales, se libra una batalla silenciosa.\" \/>\n<meta property=\"og:url\" content=\"https:\/\/hueleaazufre.com\/wordpress_a\/index.php\/2025\/05\/28\/zona-norte-extrema-de-la-alta-guajira-beneficio-o-nueva-forma-de-dominacion\/\" \/>\n<meta property=\"article:published_time\" content=\"2025-05-28T22:04:21+00:00\" \/>\n<meta property=\"og:image\" content=\"https:\/\/hueleaazufre.com\/wordpress_a\/wp-content\/uploads\/2025\/05\/3a.jpeg\" \/>\n\t<meta property=\"og:image:width\" content=\"980\" \/>\n\t<meta property=\"og:image:height\" content=\"654\" \/>\n\t<meta property=\"og:image:type\" content=\"image\/jpeg\" \/>\n<meta name=\"author\" content=\"Huele a azufre\" \/>\n<meta name=\"twitter:card\" content=\"summary_large_image\" \/>\n<meta name=\"twitter:label1\" content=\"Escrito por\" \/>\n\t<meta name=\"twitter:data1\" content=\"Huele a azufre\" \/>\n\t<meta name=\"twitter:label2\" content=\"Tiempo de lectura\" \/>\n\t<meta name=\"twitter:data2\" content=\"15 minutos\" \/>\n<script type=\"application\/ld+json\" class=\"yoast-schema-graph\">{\"@context\":\"https:\\\/\\\/schema.org\",\"@graph\":[{\"@type\":\"Article\",\"@id\":\"https:\\\/\\\/hueleaazufre.com\\\/wordpress_a\\\/index.php\\\/2025\\\/05\\\/28\\\/zona-norte-extrema-de-la-alta-guajira-beneficio-o-nueva-forma-de-dominacion\\\/#article\",\"isPartOf\":{\"@id\":\"https:\\\/\\\/hueleaazufre.com\\\/wordpress_a\\\/index.php\\\/2025\\\/05\\\/28\\\/zona-norte-extrema-de-la-alta-guajira-beneficio-o-nueva-forma-de-dominacion\\\/\"},\"author\":{\"name\":\"Huele a azufre\",\"@id\":\"https:\\\/\\\/hueleaazufre.com\\\/wordpress_a\\\/#\\\/schema\\\/person\\\/549dd871707ea7f9f1a686323ebe9baa\"},\"headline\":\"\u201cZona Norte Extrema\u201d de la Alta Guajira: \u00bfbeneficio o nueva forma de dominaci\u00f3n?\",\"datePublished\":\"2025-05-28T22:04:21+00:00\",\"mainEntityOfPage\":{\"@id\":\"https:\\\/\\\/hueleaazufre.com\\\/wordpress_a\\\/index.php\\\/2025\\\/05\\\/28\\\/zona-norte-extrema-de-la-alta-guajira-beneficio-o-nueva-forma-de-dominacion\\\/\"},\"wordCount\":3258,\"commentCount\":0,\"image\":{\"@id\":\"https:\\\/\\\/hueleaazufre.com\\\/wordpress_a\\\/index.php\\\/2025\\\/05\\\/28\\\/zona-norte-extrema-de-la-alta-guajira-beneficio-o-nueva-forma-de-dominacion\\\/#primaryimage\"},\"thumbnailUrl\":\"https:\\\/\\\/hueleaazufre.com\\\/wordpress_a\\\/wp-content\\\/uploads\\\/2025\\\/05\\\/3a.jpeg\",\"keywords\":[\"Colombia\",\"dominaci\u00f3n\",\"Guajira\"],\"articleSection\":[\"Otras voces\"],\"inLanguage\":\"es\",\"potentialAction\":[{\"@type\":\"CommentAction\",\"name\":\"Comment\",\"target\":[\"https:\\\/\\\/hueleaazufre.com\\\/wordpress_a\\\/index.php\\\/2025\\\/05\\\/28\\\/zona-norte-extrema-de-la-alta-guajira-beneficio-o-nueva-forma-de-dominacion\\\/#respond\"]}]},{\"@type\":\"WebPage\",\"@id\":\"https:\\\/\\\/hueleaazufre.com\\\/wordpress_a\\\/index.php\\\/2025\\\/05\\\/28\\\/zona-norte-extrema-de-la-alta-guajira-beneficio-o-nueva-forma-de-dominacion\\\/\",\"url\":\"https:\\\/\\\/hueleaazufre.com\\\/wordpress_a\\\/index.php\\\/2025\\\/05\\\/28\\\/zona-norte-extrema-de-la-alta-guajira-beneficio-o-nueva-forma-de-dominacion\\\/\",\"name\":\"\u201cZona Norte Extrema\u201d de la Alta Guajira: \u00bfbeneficio o nueva forma de dominaci\u00f3n? -\",\"isPartOf\":{\"@id\":\"https:\\\/\\\/hueleaazufre.com\\\/wordpress_a\\\/#website\"},\"primaryImageOfPage\":{\"@id\":\"https:\\\/\\\/hueleaazufre.com\\\/wordpress_a\\\/index.php\\\/2025\\\/05\\\/28\\\/zona-norte-extrema-de-la-alta-guajira-beneficio-o-nueva-forma-de-dominacion\\\/#primaryimage\"},\"image\":{\"@id\":\"https:\\\/\\\/hueleaazufre.com\\\/wordpress_a\\\/index.php\\\/2025\\\/05\\\/28\\\/zona-norte-extrema-de-la-alta-guajira-beneficio-o-nueva-forma-de-dominacion\\\/#primaryimage\"},\"thumbnailUrl\":\"https:\\\/\\\/hueleaazufre.com\\\/wordpress_a\\\/wp-content\\\/uploads\\\/2025\\\/05\\\/3a.jpeg\",\"datePublished\":\"2025-05-28T22:04:21+00:00\",\"author\":{\"@id\":\"https:\\\/\\\/hueleaazufre.com\\\/wordpress_a\\\/#\\\/schema\\\/person\\\/549dd871707ea7f9f1a686323ebe9baa\"},\"description\":\"En el coraz\u00f3n \u00e1rido de La Guajira colombiana, donde el viento sopla historias de resistencia y la tierra guarda memorias ancestrales, se libra una batalla silenciosa.\",\"breadcrumb\":{\"@id\":\"https:\\\/\\\/hueleaazufre.com\\\/wordpress_a\\\/index.php\\\/2025\\\/05\\\/28\\\/zona-norte-extrema-de-la-alta-guajira-beneficio-o-nueva-forma-de-dominacion\\\/#breadcrumb\"},\"inLanguage\":\"es\",\"potentialAction\":[{\"@type\":\"ReadAction\",\"target\":[\"https:\\\/\\\/hueleaazufre.com\\\/wordpress_a\\\/index.php\\\/2025\\\/05\\\/28\\\/zona-norte-extrema-de-la-alta-guajira-beneficio-o-nueva-forma-de-dominacion\\\/\"]}]},{\"@type\":\"ImageObject\",\"inLanguage\":\"es\",\"@id\":\"https:\\\/\\\/hueleaazufre.com\\\/wordpress_a\\\/index.php\\\/2025\\\/05\\\/28\\\/zona-norte-extrema-de-la-alta-guajira-beneficio-o-nueva-forma-de-dominacion\\\/#primaryimage\",\"url\":\"https:\\\/\\\/hueleaazufre.com\\\/wordpress_a\\\/wp-content\\\/uploads\\\/2025\\\/05\\\/3a.jpeg\",\"contentUrl\":\"https:\\\/\\\/hueleaazufre.com\\\/wordpress_a\\\/wp-content\\\/uploads\\\/2025\\\/05\\\/3a.jpeg\",\"width\":980,\"height\":654},{\"@type\":\"BreadcrumbList\",\"@id\":\"https:\\\/\\\/hueleaazufre.com\\\/wordpress_a\\\/index.php\\\/2025\\\/05\\\/28\\\/zona-norte-extrema-de-la-alta-guajira-beneficio-o-nueva-forma-de-dominacion\\\/#breadcrumb\",\"itemListElement\":[{\"@type\":\"ListItem\",\"position\":1,\"name\":\"Portada\",\"item\":\"https:\\\/\\\/hueleaazufre.com\\\/wordpress_a\\\/\"},{\"@type\":\"ListItem\",\"position\":2,\"name\":\"\u201cZona Norte Extrema\u201d de la Alta Guajira: \u00bfbeneficio o nueva forma de dominaci\u00f3n?\"}]},{\"@type\":\"WebSite\",\"@id\":\"https:\\\/\\\/hueleaazufre.com\\\/wordpress_a\\\/#website\",\"url\":\"https:\\\/\\\/hueleaazufre.com\\\/wordpress_a\\\/\",\"name\":\"\",\"description\":\"Huele a azufre es una plataforma digital de an\u00e1lisis geopol\u00edtico.\",\"potentialAction\":[{\"@type\":\"SearchAction\",\"target\":{\"@type\":\"EntryPoint\",\"urlTemplate\":\"https:\\\/\\\/hueleaazufre.com\\\/wordpress_a\\\/?s={search_term_string}\"},\"query-input\":{\"@type\":\"PropertyValueSpecification\",\"valueRequired\":true,\"valueName\":\"search_term_string\"}}],\"inLanguage\":\"es\"},{\"@type\":\"Person\",\"@id\":\"https:\\\/\\\/hueleaazufre.com\\\/wordpress_a\\\/#\\\/schema\\\/person\\\/549dd871707ea7f9f1a686323ebe9baa\",\"name\":\"Huele a azufre\",\"image\":{\"@type\":\"ImageObject\",\"inLanguage\":\"es\",\"@id\":\"https:\\\/\\\/secure.gravatar.com\\\/avatar\\\/e972d5c124b9bf80eb4c9d322a90dd86a59d447f5da36700a77516f13637d44e?s=96&d=mm&r=g\",\"url\":\"https:\\\/\\\/secure.gravatar.com\\\/avatar\\\/e972d5c124b9bf80eb4c9d322a90dd86a59d447f5da36700a77516f13637d44e?s=96&d=mm&r=g\",\"contentUrl\":\"https:\\\/\\\/secure.gravatar.com\\\/avatar\\\/e972d5c124b9bf80eb4c9d322a90dd86a59d447f5da36700a77516f13637d44e?s=96&d=mm&r=g\",\"caption\":\"Huele a azufre\"},\"description\":\"Huele a azufre es una plataforma digital de an\u00e1lisis geopol\u00edtico\u00a0 contrahegem\u00f3nico, que busca visibilizar las voces y los discursos silenciados por el poder medi\u00e1tico.\",\"sameAs\":[\"https:\\\/\\\/hueleaazufre.com\\\/wordpress_a\"],\"url\":\"https:\\\/\\\/hueleaazufre.com\\\/wordpress_a\\\/index.php\\\/author\\\/admin_tupapa\\\/\"}]}<\/script>\n<!-- \/ Yoast SEO plugin. -->","yoast_head_json":{"title":"\u201cZona Norte Extrema\u201d de la Alta Guajira: \u00bfbeneficio o nueva forma de dominaci\u00f3n? -","description":"En el coraz\u00f3n \u00e1rido de La Guajira colombiana, donde el viento sopla historias de resistencia y la tierra guarda memorias ancestrales, se libra una batalla silenciosa.","robots":{"index":"index","follow":"follow","max-snippet":"max-snippet:-1","max-image-preview":"max-image-preview:large","max-video-preview":"max-video-preview:-1"},"canonical":"https:\/\/hueleaazufre.com\/wordpress_a\/index.php\/2025\/05\/28\/zona-norte-extrema-de-la-alta-guajira-beneficio-o-nueva-forma-de-dominacion\/","og_locale":"es_ES","og_type":"article","og_title":"\u201cZona Norte Extrema\u201d de la Alta Guajira: \u00bfbeneficio o nueva forma de dominaci\u00f3n? -","og_description":"En el coraz\u00f3n \u00e1rido de La Guajira colombiana, donde el viento sopla historias de resistencia y la tierra guarda memorias ancestrales, se libra una batalla silenciosa.","og_url":"https:\/\/hueleaazufre.com\/wordpress_a\/index.php\/2025\/05\/28\/zona-norte-extrema-de-la-alta-guajira-beneficio-o-nueva-forma-de-dominacion\/","article_published_time":"2025-05-28T22:04:21+00:00","og_image":[{"width":980,"height":654,"url":"https:\/\/hueleaazufre.com\/wordpress_a\/wp-content\/uploads\/2025\/05\/3a.jpeg","type":"image\/jpeg"}],"author":"Huele a azufre","twitter_card":"summary_large_image","twitter_misc":{"Escrito por":"Huele a azufre","Tiempo de lectura":"15 minutos"},"schema":{"@context":"https:\/\/schema.org","@graph":[{"@type":"Article","@id":"https:\/\/hueleaazufre.com\/wordpress_a\/index.php\/2025\/05\/28\/zona-norte-extrema-de-la-alta-guajira-beneficio-o-nueva-forma-de-dominacion\/#article","isPartOf":{"@id":"https:\/\/hueleaazufre.com\/wordpress_a\/index.php\/2025\/05\/28\/zona-norte-extrema-de-la-alta-guajira-beneficio-o-nueva-forma-de-dominacion\/"},"author":{"name":"Huele a azufre","@id":"https:\/\/hueleaazufre.com\/wordpress_a\/#\/schema\/person\/549dd871707ea7f9f1a686323ebe9baa"},"headline":"\u201cZona Norte Extrema\u201d de la Alta Guajira: \u00bfbeneficio o nueva forma de dominaci\u00f3n?","datePublished":"2025-05-28T22:04:21+00:00","mainEntityOfPage":{"@id":"https:\/\/hueleaazufre.com\/wordpress_a\/index.php\/2025\/05\/28\/zona-norte-extrema-de-la-alta-guajira-beneficio-o-nueva-forma-de-dominacion\/"},"wordCount":3258,"commentCount":0,"image":{"@id":"https:\/\/hueleaazufre.com\/wordpress_a\/index.php\/2025\/05\/28\/zona-norte-extrema-de-la-alta-guajira-beneficio-o-nueva-forma-de-dominacion\/#primaryimage"},"thumbnailUrl":"https:\/\/hueleaazufre.com\/wordpress_a\/wp-content\/uploads\/2025\/05\/3a.jpeg","keywords":["Colombia","dominaci\u00f3n","Guajira"],"articleSection":["Otras voces"],"inLanguage":"es","potentialAction":[{"@type":"CommentAction","name":"Comment","target":["https:\/\/hueleaazufre.com\/wordpress_a\/index.php\/2025\/05\/28\/zona-norte-extrema-de-la-alta-guajira-beneficio-o-nueva-forma-de-dominacion\/#respond"]}]},{"@type":"WebPage","@id":"https:\/\/hueleaazufre.com\/wordpress_a\/index.php\/2025\/05\/28\/zona-norte-extrema-de-la-alta-guajira-beneficio-o-nueva-forma-de-dominacion\/","url":"https:\/\/hueleaazufre.com\/wordpress_a\/index.php\/2025\/05\/28\/zona-norte-extrema-de-la-alta-guajira-beneficio-o-nueva-forma-de-dominacion\/","name":"\u201cZona Norte Extrema\u201d de la Alta Guajira: \u00bfbeneficio o nueva forma de dominaci\u00f3n? -","isPartOf":{"@id":"https:\/\/hueleaazufre.com\/wordpress_a\/#website"},"primaryImageOfPage":{"@id":"https:\/\/hueleaazufre.com\/wordpress_a\/index.php\/2025\/05\/28\/zona-norte-extrema-de-la-alta-guajira-beneficio-o-nueva-forma-de-dominacion\/#primaryimage"},"image":{"@id":"https:\/\/hueleaazufre.com\/wordpress_a\/index.php\/2025\/05\/28\/zona-norte-extrema-de-la-alta-guajira-beneficio-o-nueva-forma-de-dominacion\/#primaryimage"},"thumbnailUrl":"https:\/\/hueleaazufre.com\/wordpress_a\/wp-content\/uploads\/2025\/05\/3a.jpeg","datePublished":"2025-05-28T22:04:21+00:00","author":{"@id":"https:\/\/hueleaazufre.com\/wordpress_a\/#\/schema\/person\/549dd871707ea7f9f1a686323ebe9baa"},"description":"En el coraz\u00f3n \u00e1rido de La Guajira colombiana, donde el viento sopla historias de resistencia y la tierra guarda memorias ancestrales, se libra una batalla silenciosa.","breadcrumb":{"@id":"https:\/\/hueleaazufre.com\/wordpress_a\/index.php\/2025\/05\/28\/zona-norte-extrema-de-la-alta-guajira-beneficio-o-nueva-forma-de-dominacion\/#breadcrumb"},"inLanguage":"es","potentialAction":[{"@type":"ReadAction","target":["https:\/\/hueleaazufre.com\/wordpress_a\/index.php\/2025\/05\/28\/zona-norte-extrema-de-la-alta-guajira-beneficio-o-nueva-forma-de-dominacion\/"]}]},{"@type":"ImageObject","inLanguage":"es","@id":"https:\/\/hueleaazufre.com\/wordpress_a\/index.php\/2025\/05\/28\/zona-norte-extrema-de-la-alta-guajira-beneficio-o-nueva-forma-de-dominacion\/#primaryimage","url":"https:\/\/hueleaazufre.com\/wordpress_a\/wp-content\/uploads\/2025\/05\/3a.jpeg","contentUrl":"https:\/\/hueleaazufre.com\/wordpress_a\/wp-content\/uploads\/2025\/05\/3a.jpeg","width":980,"height":654},{"@type":"BreadcrumbList","@id":"https:\/\/hueleaazufre.com\/wordpress_a\/index.php\/2025\/05\/28\/zona-norte-extrema-de-la-alta-guajira-beneficio-o-nueva-forma-de-dominacion\/#breadcrumb","itemListElement":[{"@type":"ListItem","position":1,"name":"Portada","item":"https:\/\/hueleaazufre.com\/wordpress_a\/"},{"@type":"ListItem","position":2,"name":"\u201cZona Norte Extrema\u201d de la Alta Guajira: \u00bfbeneficio o nueva forma de dominaci\u00f3n?"}]},{"@type":"WebSite","@id":"https:\/\/hueleaazufre.com\/wordpress_a\/#website","url":"https:\/\/hueleaazufre.com\/wordpress_a\/","name":"","description":"Huele a azufre es una plataforma digital de an\u00e1lisis geopol\u00edtico.","potentialAction":[{"@type":"SearchAction","target":{"@type":"EntryPoint","urlTemplate":"https:\/\/hueleaazufre.com\/wordpress_a\/?s={search_term_string}"},"query-input":{"@type":"PropertyValueSpecification","valueRequired":true,"valueName":"search_term_string"}}],"inLanguage":"es"},{"@type":"Person","@id":"https:\/\/hueleaazufre.com\/wordpress_a\/#\/schema\/person\/549dd871707ea7f9f1a686323ebe9baa","name":"Huele a azufre","image":{"@type":"ImageObject","inLanguage":"es","@id":"https:\/\/secure.gravatar.com\/avatar\/e972d5c124b9bf80eb4c9d322a90dd86a59d447f5da36700a77516f13637d44e?s=96&d=mm&r=g","url":"https:\/\/secure.gravatar.com\/avatar\/e972d5c124b9bf80eb4c9d322a90dd86a59d447f5da36700a77516f13637d44e?s=96&d=mm&r=g","contentUrl":"https:\/\/secure.gravatar.com\/avatar\/e972d5c124b9bf80eb4c9d322a90dd86a59d447f5da36700a77516f13637d44e?s=96&d=mm&r=g","caption":"Huele a azufre"},"description":"Huele a azufre es una plataforma digital de an\u00e1lisis geopol\u00edtico\u00a0 contrahegem\u00f3nico, que busca visibilizar las voces y los discursos silenciados por el poder medi\u00e1tico.","sameAs":["https:\/\/hueleaazufre.com\/wordpress_a"],"url":"https:\/\/hueleaazufre.com\/wordpress_a\/index.php\/author\/admin_tupapa\/"}]}},"_links":{"self":[{"href":"https:\/\/hueleaazufre.com\/wordpress_a\/index.php\/wp-json\/wp\/v2\/posts\/2634","targetHints":{"allow":["GET"]}}],"collection":[{"href":"https:\/\/hueleaazufre.com\/wordpress_a\/index.php\/wp-json\/wp\/v2\/posts"}],"about":[{"href":"https:\/\/hueleaazufre.com\/wordpress_a\/index.php\/wp-json\/wp\/v2\/types\/post"}],"author":[{"embeddable":true,"href":"https:\/\/hueleaazufre.com\/wordpress_a\/index.php\/wp-json\/wp\/v2\/users\/1"}],"replies":[{"embeddable":true,"href":"https:\/\/hueleaazufre.com\/wordpress_a\/index.php\/wp-json\/wp\/v2\/comments?post=2634"}],"version-history":[{"count":1,"href":"https:\/\/hueleaazufre.com\/wordpress_a\/index.php\/wp-json\/wp\/v2\/posts\/2634\/revisions"}],"predecessor-version":[{"id":2636,"href":"https:\/\/hueleaazufre.com\/wordpress_a\/index.php\/wp-json\/wp\/v2\/posts\/2634\/revisions\/2636"}],"wp:featuredmedia":[{"embeddable":true,"href":"https:\/\/hueleaazufre.com\/wordpress_a\/index.php\/wp-json\/wp\/v2\/media\/2635"}],"wp:attachment":[{"href":"https:\/\/hueleaazufre.com\/wordpress_a\/index.php\/wp-json\/wp\/v2\/media?parent=2634"}],"wp:term":[{"taxonomy":"category","embeddable":true,"href":"https:\/\/hueleaazufre.com\/wordpress_a\/index.php\/wp-json\/wp\/v2\/categories?post=2634"},{"taxonomy":"post_tag","embeddable":true,"href":"https:\/\/hueleaazufre.com\/wordpress_a\/index.php\/wp-json\/wp\/v2\/tags?post=2634"}],"curies":[{"name":"wp","href":"https:\/\/api.w.org\/{rel}","templated":true}]}}