{"id":2823,"date":"2025-07-02T23:34:36","date_gmt":"2025-07-02T23:34:36","guid":{"rendered":"https:\/\/hueleaazufre.com\/wordpress_a\/?p=2823"},"modified":"2025-07-02T23:34:36","modified_gmt":"2025-07-02T23:34:36","slug":"el-eterno-retorno-del-terrorismo-transnacional-contra-venezuela","status":"publish","type":"post","link":"https:\/\/hueleaazufre.com\/wordpress_a\/index.php\/2025\/07\/02\/el-eterno-retorno-del-terrorismo-transnacional-contra-venezuela\/","title":{"rendered":"El eterno retorno del terrorismo transnacional contra Venezuela"},"content":{"rendered":"<div class=\"field field-name-body field-type-text-with-summary field-label-hidden body-text\">\n<div class=\"field-item even\">\n<p>En rueda de prensa del 1.\u00b0 de julio, el ministro del Poder Popular para Relaciones Interiores, Justicia y Paz, Diosdado Cabello,\u00a0<a href=\"https:\/\/www.telesurtv.net\/venezuela-desmantela-plan-terrorista-extrema-derecha-desestabilizar\/\" target=\"_blank\" rel=\"noopener\">revel\u00f3<\/a>\u00a0una compleja trama de conspiraci\u00f3n internacional que, desde Colombia y con respaldo log\u00edstico de agencias estadounidenses, pretend\u00eda ejecutar atentados terroristas en territorio venezolano.<\/p>\n<p>La operaci\u00f3n, desmantelada por cuerpos de inteligencia del Estado, ha permitido la detenci\u00f3n de m\u00faltiples actores implicados en una red criminal dedicada al tr\u00e1fico de armas, planificaci\u00f3n de atentados de alto impacto pol\u00edtico y articulaci\u00f3n de matrices falsas para justificar posibles agresiones extranjeras contra Venezuela.<\/p>\n<p>Seg\u00fan explic\u00f3 el ministro Cabello, esta estructura clandestina ten\u00eda como objetivo generar caos en el pa\u00eds en v\u00edsperas del proceso electoral municipal del pr\u00f3ximo 27 de julio, replicando mecanismos de guerra h\u00edbrida y operaciones encubiertas promovidas hist\u00f3ricamente por sectores de poder en Washington.<\/p>\n<p>La operaci\u00f3n encaja en una serie de acciones que el Estado venezolano ha denunciado como parte de una estrategia persistente de desestabilizaci\u00f3n, en la cual confluyen actores pol\u00edticos de la extrema derecha local, como Mar\u00eda Corina Machado y otros dirigentes opositores, con figuras del poder pol\u00edtico colombiano y agencias extranjeras de inteligencia, en particular el Bur\u00f3 Federal de Investigaciones (FBI, por sus siglas en ingl\u00e9s).<\/p>\n<h3>Traslado de explosivos a la capital<\/h3>\n<p>El ministro Cabello\u00a0<a href=\"https:\/\/ultimasnoticias.com.ve\/politica\/cabello-anuncio-la-incautacion-de-5-dispositivos-detonadores-para-larga-distancia\/\" target=\"_blank\" rel=\"noopener\">anunci\u00f3<\/a>\u00a0la captura de Ender Yesid G\u00f3mez Soto, ciudadano colombiano cuya misi\u00f3n era introducir explosivos desde Colombia hasta Caracas, donde planeaba detonar cargas en instituciones p\u00fablicas como el Consejo Nacional Electoral (CNE), el Tribunal Supremo de Justicia (TSJ), el Fuerte Tiuna y la Embajada de Colombia.<\/p>\n<p>El detenido portaba dispositivos capaces de activar detonadores el\u00e9ctricos conectados a cargas de C4 mediante frecuencias radiales. Este tipo de tecnolog\u00eda, con capacidad para activar explosivos a m\u00e1s de tres cuadras de distancia, demuestra el grado de sofisticaci\u00f3n de la operaci\u00f3n.<\/p>\n<p>Durante su testimonio, G\u00f3mez Soto confes\u00f3 haber sido reclutado por otros ciudadanos colombianos identificados como alias Abel y alias El Flaco.<\/p>\n<p>Seg\u00fan su declaraci\u00f3n, recibi\u00f3 pagos para trasladar explosivos y ha estado involucrado en operaciones similares desde 2024, incluso transportando ciudadanos extranjeros, uno de ellos estadounidense, con intenciones de ejecutar atentados contra l\u00edderes pol\u00edticos venezolanos.<\/p>\n<p class=\"graf--startsWithDoubleQuote\">\u00abEl d\u00eda 9 de junio del presente a\u00f1o, alias Abel me contact\u00f3 para trasladarle unos explosivos escondidos en una llanta de repuesto hasta Ure\u00f1a (Venezuela), los cuales iban a ser entregados a alias el Flaco. \u00c9l los iba a trasladar hasta Caracas e instalar en el Fuerte Tiuna, en el CNE, en el TSJ, en la Embajada de Colombia ubicada en Venezuela y por esa misi\u00f3n me dieron la suma de 700 mil pesos colombianos\u00bb,\u00a0<a href=\"https:\/\/www.infobae.com\/colombia\/2025\/07\/01\/diosdado-cabello-anuncio-que-un-colombiano-fue-detenido-por-ingresar-material-explosivo-para-realizar-un-atentado-terrorista-en-venezuela\/\" target=\"_blank\" rel=\"noopener\">confes\u00f3<\/a>\u00a0G\u00f3mez Soto.<\/p>\n<p>Las fuerzas de seguridad tambi\u00e9n detuvieron a otros ciudadanos implicados directamente con esta c\u00e9lula. Entre ellos destacan Eleomar Vargas, alias \u00abZacar\u00edas\u00bb, y Marlon Meza, quienes portaban fusiles, granadas y tel\u00e9fonos celulares con informaci\u00f3n comprometedora.<\/p>\n<p>Las detenciones ocurrieron en operativos desplegados en Caracas, espec\u00edficamente en Los Ruices, y en regiones fronterizas como el estado Zulia.<\/p>\n<p>El propio Cabello advirti\u00f3 que \u00abno es solo una operaci\u00f3n de narcotr\u00e1fico, es una trama de conspiraci\u00f3n, terrorismo y bandas que han perdido por completo los escr\u00fapulos\u00bb, a\u00f1adiendo que se identificaron objetivos estrat\u00e9gicos como sistemas el\u00e9ctricos, hospitales y embajadas como blancos de esta organizaci\u00f3n criminal.<\/p>\n<p>El ministro venezolano indic\u00f3 tambi\u00e9n que las autoridades han desplegado protocolos especiales en las zonas orientales del pa\u00eds, donde se presume la existencia de c\u00e9lulas dormidas.<\/p>\n<p class=\"graf--startsWithDoubleQuote\">\u00abTodo lo que planea la extrema derecha tiene un fin: generar condiciones en Venezuela para que quien tenga las armas\u00a0salga y con eso enviar un mensaje a Estados Unidos para que piensen que est\u00e1n haciendo algo y ver si consiguen un traidor a la patria\u00bb, advirti\u00f3.<\/p>\n<p>Asimismo, Cabello record\u00f3 que el gobierno venezolano ya hab\u00eda denunciado previamente que Iv\u00e1n Simonovis articulaba planes para provocar explosiones en hospitales y otros espacios p\u00fablicos. En ese contexto, se incautaron explosivos y detonadores el\u00e9ctricos en el estado Barinas.<\/p>\n<h3>El caso del cient\u00edfico<\/h3>\n<p>Dentro de las investigaciones en curso, el ministro Cabello\u00a0<a href=\"https:\/\/efectococuyo.com\/politica\/cabello-confirma-nombre-de-cientifico-de-72-anos-detenido-y-anuncia-nuevas-aprehensiones\/\" target=\"_blank\" rel=\"noopener\">inform\u00f3<\/a>\u00a0sobre la detenci\u00f3n de Armando Jos\u00e9 Garc\u00eda Miragaya, ciudadano venezolano y exvicepresidente de Control de PDVSA en 2003. De acuerdo con los elementos presentados, Garc\u00eda Miragaya,\u00a0cient\u00edfico retirado,\u00a0manten\u00eda comunicaci\u00f3n con funcionarios del FBI, a quienes habr\u00eda suministrado informaci\u00f3n relacionada con ubicaciones estrat\u00e9gicas en el territorio nacional.<\/p>\n<p>La misi\u00f3n del exfuncionario consist\u00eda en proveer coordenadas de infraestructuras cr\u00edticas, como la refiner\u00eda de Amuay en Falc\u00f3n y zonas cercanas a la represa de Guri en Bol\u00edvar, para alimentar el expediente de una posible intervenci\u00f3n extranjera.<\/p>\n<p>La informaci\u00f3n enviada ten\u00eda como prop\u00f3sito reforzar las acusaciones infundadas de Mar\u00eda Corina Machado sobre la supuesta existencia de \u00abbases militares iran\u00edes\u00bb en territorio venezolano, un argumento orientado a justificar una posible acci\u00f3n militar contra el pa\u00eds por parte de Estados Unidos o sus aliados.<\/p>\n<p>Cabello fue enf\u00e1tico al se\u00f1alar que el FBI no act\u00faa de forma aut\u00f3noma y que estas operaciones responden a una l\u00ednea estrat\u00e9gica autorizada desde los niveles superiores del poder pol\u00edtico en Washington.<\/p>\n<p>Hist\u00f3ricamente, el FBI ha participado en operaciones encubiertas fuera de Estados Unidos. Un ejemplo concreto de ello es la\u00a0<a href=\"https:\/\/regtechtimes.com\/cold-war-sabotage-operation-fbi-covert-strategy\/\" target=\"_blank\" rel=\"noopener\">\u00abOperaci\u00f3n Intering\u00bb<\/a>, que trat\u00f3 de una campa\u00f1a encubierta durante la Guerra Fr\u00eda en la que el bur\u00f3, mediante una red de intermediarios y fachadas, saboteaba tecnolog\u00eda enviada a la Uni\u00f3n Sovi\u00e9tica.<\/p>\n<p>Por su parte, la CIA era la agencia encargada de la entrega clandestina de armamento y apoyo a grupos en el extranjero, como en la\u00a0<a href=\"https:\/\/www.telesurtv.net\/blogs\/operacion-ajax-golpe-de-estado-en-iran\/\" target=\"_blank\" rel=\"noopener\">Operaci\u00f3n Ajax<\/a>\u00a0en Ir\u00e1n (1953) y en la asistencia a grupos anticomunistas en Am\u00e9rica Latina y otras regiones, complementando as\u00ed el accionar coordinado de las instancias estadounidenses en intervenciones extranjeras.<\/p>\n<p class=\"graf--startsWithDoubleQuote\">\u00abEsto no es una acci\u00f3n improvisada, es una operaci\u00f3n encubierta estructurada con el fin de sembrar pruebas falsas que permitan legitimar un ataque a Venezuela\u00bb, indic\u00f3 el ministro.<\/p>\n<p>La denuncia p\u00fablica se produce en un contexto donde Venezuela ha venido alertando sobre intentos de desestabilizaci\u00f3n ejecutados en conjunto por actores locales, organizaciones criminales transnacionales y enemigos internacionales.<\/p>\n<p>El ministro Cabello vincul\u00f3 directamente a expresidentes colombianos, como \u00c1lvaro Uribe, Iv\u00e1n Duque y Andr\u00e9s Pastrana, con las mafias del narcotr\u00e1fico y conspiraciones contra Venezuela, destacando que sus acciones tienen por objetivo abrir corredores para el tr\u00e1fico ilegal de armas y drogas con fines pol\u00edticos.<\/p>\n<p>Asimismo, se\u00f1al\u00f3 que un sector de la oposici\u00f3n venezolana contin\u00faa buscando provocar escenarios de caos en per\u00edodos electorales, como ya intentaron hacerlo durante las elecciones regionales y parlamentarias del 25 de mayo de 2025.<\/p>\n<blockquote>\n<p class=\"graf--startsWithDoubleQuote\">\u00abLo que buscan es mostrar que aqu\u00ed hay una situaci\u00f3n fuera de control para enviar se\u00f1ales al Departamento de Estado norteamericano y atraer una intervenci\u00f3n internacional\u00bb, reiter\u00f3 Cabello.<\/p>\n<\/blockquote>\n<p>El funcionario agreg\u00f3 que la operaci\u00f3n contin\u00faa abierta, y que el Estado venezolano se mantendr\u00e1 en alerta para prevenir cualquier nuevo intento de desestabilizaci\u00f3n.<\/p>\n<p>Estas revelaciones, respaldadas por pruebas documentales y testimonios, refuerzan la denuncia sostenida por el Estado venezolano sobre la existencia de una estrategia internacional, promovida desde Washington, orientada a socavar la estabilidad del pa\u00eds: nada nuevo, a pesar de los m\u00e9todos criminales para intentarlo. Se trata de una operaci\u00f3n de largo aliento, donde convergen intereses pol\u00edticos externos, redes delictivas transnacionales y actores locales alineados con la agenda de \u00abcambio de r\u00e9gimen\u00bb.<\/p>\n<p><a href=\"https:\/\/misionverdad.com\/venezuela\/el-eterno-retorno-del-terrorismo-transnacional-contra-venezuela\"><strong>Fuente: Misi\u00f3n Verdad<\/strong><\/a><\/p>\n<p>&nbsp;<\/p>\n<\/div>\n<\/div>\n","protected":false},"excerpt":{"rendered":"<p>En rueda de prensa del 1.\u00b0 de julio, el ministro del Poder Popular para Relaciones&#8230;<\/p>\n","protected":false},"author":1,"featured_media":2824,"comment_status":"open","ping_status":"closed","sticky":false,"template":"","format":"standard","meta":{"footnotes":""},"categories":[56],"tags":[838,455,30],"class_list":["post-2823","post","type-post","status-publish","format-standard","has-post-thumbnail","hentry","category-medios-aliados","tag-diosdado-cabello","tag-terrorismo","tag-venezuela"],"yoast_head":"<!-- This site is optimized with the Yoast SEO plugin v27.5 - https:\/\/yoast.com\/product\/yoast-seo-wordpress\/ -->\n<title>El eterno retorno del terrorismo transnacional contra Venezuela -<\/title>\n<meta name=\"description\" content=\"En rueda de prensa del 1.\u00b0 de julio, el ministro del Poder Popular para Relaciones Interiores, Justicia y Paz, Diosdado Cabello, revel\u00f3 una compleja trama de conspiraci\u00f3n internacional.\" \/>\n<meta name=\"robots\" content=\"index, follow, max-snippet:-1, max-image-preview:large, max-video-preview:-1\" \/>\n<link rel=\"canonical\" href=\"https:\/\/hueleaazufre.com\/wordpress_a\/index.php\/2025\/07\/02\/el-eterno-retorno-del-terrorismo-transnacional-contra-venezuela\/\" \/>\n<meta property=\"og:locale\" content=\"es_ES\" \/>\n<meta property=\"og:type\" content=\"article\" \/>\n<meta property=\"og:title\" content=\"El eterno retorno del terrorismo transnacional contra Venezuela -\" \/>\n<meta property=\"og:description\" content=\"En rueda de prensa del 1.\u00b0 de julio, el ministro del Poder Popular para Relaciones Interiores, Justicia y Paz, Diosdado Cabello, revel\u00f3 una compleja trama de conspiraci\u00f3n internacional.\" \/>\n<meta property=\"og:url\" content=\"https:\/\/hueleaazufre.com\/wordpress_a\/index.php\/2025\/07\/02\/el-eterno-retorno-del-terrorismo-transnacional-contra-venezuela\/\" \/>\n<meta property=\"article:published_time\" content=\"2025-07-02T23:34:36+00:00\" \/>\n<meta property=\"og:image\" content=\"https:\/\/hueleaazufre.com\/wordpress_a\/wp-content\/uploads\/2025\/07\/1a.webp\" \/>\n\t<meta property=\"og:image:width\" content=\"712\" \/>\n\t<meta property=\"og:image:height\" content=\"400\" \/>\n\t<meta property=\"og:image:type\" content=\"image\/webp\" \/>\n<meta name=\"author\" content=\"Huele a azufre\" \/>\n<meta name=\"twitter:card\" content=\"summary_large_image\" \/>\n<meta name=\"twitter:label1\" content=\"Escrito por\" \/>\n\t<meta name=\"twitter:data1\" content=\"Huele a azufre\" \/>\n\t<meta name=\"twitter:label2\" content=\"Tiempo de lectura\" \/>\n\t<meta name=\"twitter:data2\" content=\"6 minutos\" \/>\n<script type=\"application\/ld+json\" class=\"yoast-schema-graph\">{\"@context\":\"https:\\\/\\\/schema.org\",\"@graph\":[{\"@type\":\"Article\",\"@id\":\"https:\\\/\\\/hueleaazufre.com\\\/wordpress_a\\\/index.php\\\/2025\\\/07\\\/02\\\/el-eterno-retorno-del-terrorismo-transnacional-contra-venezuela\\\/#article\",\"isPartOf\":{\"@id\":\"https:\\\/\\\/hueleaazufre.com\\\/wordpress_a\\\/index.php\\\/2025\\\/07\\\/02\\\/el-eterno-retorno-del-terrorismo-transnacional-contra-venezuela\\\/\"},\"author\":{\"name\":\"Huele a azufre\",\"@id\":\"https:\\\/\\\/hueleaazufre.com\\\/wordpress_a\\\/#\\\/schema\\\/person\\\/549dd871707ea7f9f1a686323ebe9baa\"},\"headline\":\"El eterno retorno del terrorismo transnacional contra Venezuela\",\"datePublished\":\"2025-07-02T23:34:36+00:00\",\"mainEntityOfPage\":{\"@id\":\"https:\\\/\\\/hueleaazufre.com\\\/wordpress_a\\\/index.php\\\/2025\\\/07\\\/02\\\/el-eterno-retorno-del-terrorismo-transnacional-contra-venezuela\\\/\"},\"wordCount\":1307,\"commentCount\":0,\"image\":{\"@id\":\"https:\\\/\\\/hueleaazufre.com\\\/wordpress_a\\\/index.php\\\/2025\\\/07\\\/02\\\/el-eterno-retorno-del-terrorismo-transnacional-contra-venezuela\\\/#primaryimage\"},\"thumbnailUrl\":\"https:\\\/\\\/hueleaazufre.com\\\/wordpress_a\\\/wp-content\\\/uploads\\\/2025\\\/07\\\/1a.webp\",\"keywords\":[\"Diosdado Cabello\",\"terrorismo\",\"Venezuela\"],\"articleSection\":[\"Medios aliados\"],\"inLanguage\":\"es\",\"potentialAction\":[{\"@type\":\"CommentAction\",\"name\":\"Comment\",\"target\":[\"https:\\\/\\\/hueleaazufre.com\\\/wordpress_a\\\/index.php\\\/2025\\\/07\\\/02\\\/el-eterno-retorno-del-terrorismo-transnacional-contra-venezuela\\\/#respond\"]}]},{\"@type\":\"WebPage\",\"@id\":\"https:\\\/\\\/hueleaazufre.com\\\/wordpress_a\\\/index.php\\\/2025\\\/07\\\/02\\\/el-eterno-retorno-del-terrorismo-transnacional-contra-venezuela\\\/\",\"url\":\"https:\\\/\\\/hueleaazufre.com\\\/wordpress_a\\\/index.php\\\/2025\\\/07\\\/02\\\/el-eterno-retorno-del-terrorismo-transnacional-contra-venezuela\\\/\",\"name\":\"El eterno retorno del terrorismo transnacional contra Venezuela -\",\"isPartOf\":{\"@id\":\"https:\\\/\\\/hueleaazufre.com\\\/wordpress_a\\\/#website\"},\"primaryImageOfPage\":{\"@id\":\"https:\\\/\\\/hueleaazufre.com\\\/wordpress_a\\\/index.php\\\/2025\\\/07\\\/02\\\/el-eterno-retorno-del-terrorismo-transnacional-contra-venezuela\\\/#primaryimage\"},\"image\":{\"@id\":\"https:\\\/\\\/hueleaazufre.com\\\/wordpress_a\\\/index.php\\\/2025\\\/07\\\/02\\\/el-eterno-retorno-del-terrorismo-transnacional-contra-venezuela\\\/#primaryimage\"},\"thumbnailUrl\":\"https:\\\/\\\/hueleaazufre.com\\\/wordpress_a\\\/wp-content\\\/uploads\\\/2025\\\/07\\\/1a.webp\",\"datePublished\":\"2025-07-02T23:34:36+00:00\",\"author\":{\"@id\":\"https:\\\/\\\/hueleaazufre.com\\\/wordpress_a\\\/#\\\/schema\\\/person\\\/549dd871707ea7f9f1a686323ebe9baa\"},\"description\":\"En rueda de prensa del 1.\u00b0 de julio, el ministro del Poder Popular para Relaciones Interiores, Justicia y Paz, Diosdado Cabello, revel\u00f3 una compleja trama de conspiraci\u00f3n internacional.\",\"breadcrumb\":{\"@id\":\"https:\\\/\\\/hueleaazufre.com\\\/wordpress_a\\\/index.php\\\/2025\\\/07\\\/02\\\/el-eterno-retorno-del-terrorismo-transnacional-contra-venezuela\\\/#breadcrumb\"},\"inLanguage\":\"es\",\"potentialAction\":[{\"@type\":\"ReadAction\",\"target\":[\"https:\\\/\\\/hueleaazufre.com\\\/wordpress_a\\\/index.php\\\/2025\\\/07\\\/02\\\/el-eterno-retorno-del-terrorismo-transnacional-contra-venezuela\\\/\"]}]},{\"@type\":\"ImageObject\",\"inLanguage\":\"es\",\"@id\":\"https:\\\/\\\/hueleaazufre.com\\\/wordpress_a\\\/index.php\\\/2025\\\/07\\\/02\\\/el-eterno-retorno-del-terrorismo-transnacional-contra-venezuela\\\/#primaryimage\",\"url\":\"https:\\\/\\\/hueleaazufre.com\\\/wordpress_a\\\/wp-content\\\/uploads\\\/2025\\\/07\\\/1a.webp\",\"contentUrl\":\"https:\\\/\\\/hueleaazufre.com\\\/wordpress_a\\\/wp-content\\\/uploads\\\/2025\\\/07\\\/1a.webp\",\"width\":712,\"height\":400},{\"@type\":\"BreadcrumbList\",\"@id\":\"https:\\\/\\\/hueleaazufre.com\\\/wordpress_a\\\/index.php\\\/2025\\\/07\\\/02\\\/el-eterno-retorno-del-terrorismo-transnacional-contra-venezuela\\\/#breadcrumb\",\"itemListElement\":[{\"@type\":\"ListItem\",\"position\":1,\"name\":\"Portada\",\"item\":\"https:\\\/\\\/hueleaazufre.com\\\/wordpress_a\\\/\"},{\"@type\":\"ListItem\",\"position\":2,\"name\":\"El eterno retorno del terrorismo transnacional contra Venezuela\"}]},{\"@type\":\"WebSite\",\"@id\":\"https:\\\/\\\/hueleaazufre.com\\\/wordpress_a\\\/#website\",\"url\":\"https:\\\/\\\/hueleaazufre.com\\\/wordpress_a\\\/\",\"name\":\"\",\"description\":\"Huele a azufre es una plataforma digital de an\u00e1lisis geopol\u00edtico.\",\"potentialAction\":[{\"@type\":\"SearchAction\",\"target\":{\"@type\":\"EntryPoint\",\"urlTemplate\":\"https:\\\/\\\/hueleaazufre.com\\\/wordpress_a\\\/?s={search_term_string}\"},\"query-input\":{\"@type\":\"PropertyValueSpecification\",\"valueRequired\":true,\"valueName\":\"search_term_string\"}}],\"inLanguage\":\"es\"},{\"@type\":\"Person\",\"@id\":\"https:\\\/\\\/hueleaazufre.com\\\/wordpress_a\\\/#\\\/schema\\\/person\\\/549dd871707ea7f9f1a686323ebe9baa\",\"name\":\"Huele a azufre\",\"image\":{\"@type\":\"ImageObject\",\"inLanguage\":\"es\",\"@id\":\"https:\\\/\\\/secure.gravatar.com\\\/avatar\\\/e972d5c124b9bf80eb4c9d322a90dd86a59d447f5da36700a77516f13637d44e?s=96&d=mm&r=g\",\"url\":\"https:\\\/\\\/secure.gravatar.com\\\/avatar\\\/e972d5c124b9bf80eb4c9d322a90dd86a59d447f5da36700a77516f13637d44e?s=96&d=mm&r=g\",\"contentUrl\":\"https:\\\/\\\/secure.gravatar.com\\\/avatar\\\/e972d5c124b9bf80eb4c9d322a90dd86a59d447f5da36700a77516f13637d44e?s=96&d=mm&r=g\",\"caption\":\"Huele a azufre\"},\"description\":\"Huele a azufre es una plataforma digital de an\u00e1lisis geopol\u00edtico\u00a0 contrahegem\u00f3nico, que busca visibilizar las voces y los discursos silenciados por el poder medi\u00e1tico.\",\"sameAs\":[\"https:\\\/\\\/hueleaazufre.com\\\/wordpress_a\"],\"url\":\"https:\\\/\\\/hueleaazufre.com\\\/wordpress_a\\\/index.php\\\/author\\\/admin_tupapa\\\/\"}]}<\/script>\n<!-- \/ Yoast SEO plugin. -->","yoast_head_json":{"title":"El eterno retorno del terrorismo transnacional contra Venezuela -","description":"En rueda de prensa del 1.\u00b0 de julio, el ministro del Poder Popular para Relaciones Interiores, Justicia y Paz, Diosdado Cabello, revel\u00f3 una compleja trama de conspiraci\u00f3n internacional.","robots":{"index":"index","follow":"follow","max-snippet":"max-snippet:-1","max-image-preview":"max-image-preview:large","max-video-preview":"max-video-preview:-1"},"canonical":"https:\/\/hueleaazufre.com\/wordpress_a\/index.php\/2025\/07\/02\/el-eterno-retorno-del-terrorismo-transnacional-contra-venezuela\/","og_locale":"es_ES","og_type":"article","og_title":"El eterno retorno del terrorismo transnacional contra Venezuela -","og_description":"En rueda de prensa del 1.\u00b0 de julio, el ministro del Poder Popular para Relaciones Interiores, Justicia y Paz, Diosdado Cabello, revel\u00f3 una compleja trama de conspiraci\u00f3n internacional.","og_url":"https:\/\/hueleaazufre.com\/wordpress_a\/index.php\/2025\/07\/02\/el-eterno-retorno-del-terrorismo-transnacional-contra-venezuela\/","article_published_time":"2025-07-02T23:34:36+00:00","og_image":[{"width":712,"height":400,"url":"https:\/\/hueleaazufre.com\/wordpress_a\/wp-content\/uploads\/2025\/07\/1a.webp","type":"image\/webp"}],"author":"Huele a azufre","twitter_card":"summary_large_image","twitter_misc":{"Escrito por":"Huele a azufre","Tiempo de lectura":"6 minutos"},"schema":{"@context":"https:\/\/schema.org","@graph":[{"@type":"Article","@id":"https:\/\/hueleaazufre.com\/wordpress_a\/index.php\/2025\/07\/02\/el-eterno-retorno-del-terrorismo-transnacional-contra-venezuela\/#article","isPartOf":{"@id":"https:\/\/hueleaazufre.com\/wordpress_a\/index.php\/2025\/07\/02\/el-eterno-retorno-del-terrorismo-transnacional-contra-venezuela\/"},"author":{"name":"Huele a azufre","@id":"https:\/\/hueleaazufre.com\/wordpress_a\/#\/schema\/person\/549dd871707ea7f9f1a686323ebe9baa"},"headline":"El eterno retorno del terrorismo transnacional contra Venezuela","datePublished":"2025-07-02T23:34:36+00:00","mainEntityOfPage":{"@id":"https:\/\/hueleaazufre.com\/wordpress_a\/index.php\/2025\/07\/02\/el-eterno-retorno-del-terrorismo-transnacional-contra-venezuela\/"},"wordCount":1307,"commentCount":0,"image":{"@id":"https:\/\/hueleaazufre.com\/wordpress_a\/index.php\/2025\/07\/02\/el-eterno-retorno-del-terrorismo-transnacional-contra-venezuela\/#primaryimage"},"thumbnailUrl":"https:\/\/hueleaazufre.com\/wordpress_a\/wp-content\/uploads\/2025\/07\/1a.webp","keywords":["Diosdado Cabello","terrorismo","Venezuela"],"articleSection":["Medios aliados"],"inLanguage":"es","potentialAction":[{"@type":"CommentAction","name":"Comment","target":["https:\/\/hueleaazufre.com\/wordpress_a\/index.php\/2025\/07\/02\/el-eterno-retorno-del-terrorismo-transnacional-contra-venezuela\/#respond"]}]},{"@type":"WebPage","@id":"https:\/\/hueleaazufre.com\/wordpress_a\/index.php\/2025\/07\/02\/el-eterno-retorno-del-terrorismo-transnacional-contra-venezuela\/","url":"https:\/\/hueleaazufre.com\/wordpress_a\/index.php\/2025\/07\/02\/el-eterno-retorno-del-terrorismo-transnacional-contra-venezuela\/","name":"El eterno retorno del terrorismo transnacional contra Venezuela -","isPartOf":{"@id":"https:\/\/hueleaazufre.com\/wordpress_a\/#website"},"primaryImageOfPage":{"@id":"https:\/\/hueleaazufre.com\/wordpress_a\/index.php\/2025\/07\/02\/el-eterno-retorno-del-terrorismo-transnacional-contra-venezuela\/#primaryimage"},"image":{"@id":"https:\/\/hueleaazufre.com\/wordpress_a\/index.php\/2025\/07\/02\/el-eterno-retorno-del-terrorismo-transnacional-contra-venezuela\/#primaryimage"},"thumbnailUrl":"https:\/\/hueleaazufre.com\/wordpress_a\/wp-content\/uploads\/2025\/07\/1a.webp","datePublished":"2025-07-02T23:34:36+00:00","author":{"@id":"https:\/\/hueleaazufre.com\/wordpress_a\/#\/schema\/person\/549dd871707ea7f9f1a686323ebe9baa"},"description":"En rueda de prensa del 1.\u00b0 de julio, el ministro del Poder Popular para Relaciones Interiores, Justicia y Paz, Diosdado Cabello, revel\u00f3 una compleja trama de conspiraci\u00f3n internacional.","breadcrumb":{"@id":"https:\/\/hueleaazufre.com\/wordpress_a\/index.php\/2025\/07\/02\/el-eterno-retorno-del-terrorismo-transnacional-contra-venezuela\/#breadcrumb"},"inLanguage":"es","potentialAction":[{"@type":"ReadAction","target":["https:\/\/hueleaazufre.com\/wordpress_a\/index.php\/2025\/07\/02\/el-eterno-retorno-del-terrorismo-transnacional-contra-venezuela\/"]}]},{"@type":"ImageObject","inLanguage":"es","@id":"https:\/\/hueleaazufre.com\/wordpress_a\/index.php\/2025\/07\/02\/el-eterno-retorno-del-terrorismo-transnacional-contra-venezuela\/#primaryimage","url":"https:\/\/hueleaazufre.com\/wordpress_a\/wp-content\/uploads\/2025\/07\/1a.webp","contentUrl":"https:\/\/hueleaazufre.com\/wordpress_a\/wp-content\/uploads\/2025\/07\/1a.webp","width":712,"height":400},{"@type":"BreadcrumbList","@id":"https:\/\/hueleaazufre.com\/wordpress_a\/index.php\/2025\/07\/02\/el-eterno-retorno-del-terrorismo-transnacional-contra-venezuela\/#breadcrumb","itemListElement":[{"@type":"ListItem","position":1,"name":"Portada","item":"https:\/\/hueleaazufre.com\/wordpress_a\/"},{"@type":"ListItem","position":2,"name":"El eterno retorno del terrorismo transnacional contra Venezuela"}]},{"@type":"WebSite","@id":"https:\/\/hueleaazufre.com\/wordpress_a\/#website","url":"https:\/\/hueleaazufre.com\/wordpress_a\/","name":"","description":"Huele a azufre es una plataforma digital de an\u00e1lisis geopol\u00edtico.","potentialAction":[{"@type":"SearchAction","target":{"@type":"EntryPoint","urlTemplate":"https:\/\/hueleaazufre.com\/wordpress_a\/?s={search_term_string}"},"query-input":{"@type":"PropertyValueSpecification","valueRequired":true,"valueName":"search_term_string"}}],"inLanguage":"es"},{"@type":"Person","@id":"https:\/\/hueleaazufre.com\/wordpress_a\/#\/schema\/person\/549dd871707ea7f9f1a686323ebe9baa","name":"Huele a azufre","image":{"@type":"ImageObject","inLanguage":"es","@id":"https:\/\/secure.gravatar.com\/avatar\/e972d5c124b9bf80eb4c9d322a90dd86a59d447f5da36700a77516f13637d44e?s=96&d=mm&r=g","url":"https:\/\/secure.gravatar.com\/avatar\/e972d5c124b9bf80eb4c9d322a90dd86a59d447f5da36700a77516f13637d44e?s=96&d=mm&r=g","contentUrl":"https:\/\/secure.gravatar.com\/avatar\/e972d5c124b9bf80eb4c9d322a90dd86a59d447f5da36700a77516f13637d44e?s=96&d=mm&r=g","caption":"Huele a azufre"},"description":"Huele a azufre es una plataforma digital de an\u00e1lisis geopol\u00edtico\u00a0 contrahegem\u00f3nico, que busca visibilizar las voces y los discursos silenciados por el poder medi\u00e1tico.","sameAs":["https:\/\/hueleaazufre.com\/wordpress_a"],"url":"https:\/\/hueleaazufre.com\/wordpress_a\/index.php\/author\/admin_tupapa\/"}]}},"_links":{"self":[{"href":"https:\/\/hueleaazufre.com\/wordpress_a\/index.php\/wp-json\/wp\/v2\/posts\/2823","targetHints":{"allow":["GET"]}}],"collection":[{"href":"https:\/\/hueleaazufre.com\/wordpress_a\/index.php\/wp-json\/wp\/v2\/posts"}],"about":[{"href":"https:\/\/hueleaazufre.com\/wordpress_a\/index.php\/wp-json\/wp\/v2\/types\/post"}],"author":[{"embeddable":true,"href":"https:\/\/hueleaazufre.com\/wordpress_a\/index.php\/wp-json\/wp\/v2\/users\/1"}],"replies":[{"embeddable":true,"href":"https:\/\/hueleaazufre.com\/wordpress_a\/index.php\/wp-json\/wp\/v2\/comments?post=2823"}],"version-history":[{"count":1,"href":"https:\/\/hueleaazufre.com\/wordpress_a\/index.php\/wp-json\/wp\/v2\/posts\/2823\/revisions"}],"predecessor-version":[{"id":2825,"href":"https:\/\/hueleaazufre.com\/wordpress_a\/index.php\/wp-json\/wp\/v2\/posts\/2823\/revisions\/2825"}],"wp:featuredmedia":[{"embeddable":true,"href":"https:\/\/hueleaazufre.com\/wordpress_a\/index.php\/wp-json\/wp\/v2\/media\/2824"}],"wp:attachment":[{"href":"https:\/\/hueleaazufre.com\/wordpress_a\/index.php\/wp-json\/wp\/v2\/media?parent=2823"}],"wp:term":[{"taxonomy":"category","embeddable":true,"href":"https:\/\/hueleaazufre.com\/wordpress_a\/index.php\/wp-json\/wp\/v2\/categories?post=2823"},{"taxonomy":"post_tag","embeddable":true,"href":"https:\/\/hueleaazufre.com\/wordpress_a\/index.php\/wp-json\/wp\/v2\/tags?post=2823"}],"curies":[{"name":"wp","href":"https:\/\/api.w.org\/{rel}","templated":true}]}}