{"id":2866,"date":"2025-07-10T03:17:37","date_gmt":"2025-07-10T03:17:37","guid":{"rendered":"https:\/\/hueleaazufre.com\/wordpress_a\/?p=2866"},"modified":"2025-07-10T03:17:37","modified_gmt":"2025-07-10T03:17:37","slug":"la-academia-como-herramienta-imperialista-en-colombia","status":"publish","type":"post","link":"https:\/\/hueleaazufre.com\/wordpress_a\/index.php\/2025\/07\/10\/la-academia-como-herramienta-imperialista-en-colombia\/","title":{"rendered":"La academia como herramienta imperialista en Colombia."},"content":{"rendered":"<p>Que la academia est\u00e9 al servicio del imperialismo no tiene mucho de novedoso, mucho menos en un pa\u00eds tan subordinado a los Estados Unidos como Colombia, donde la pol\u00edtica contrainsurgente ha encontrado espacio hasta en las Universidades. Sin embargo, el papel de la Universidad Sergio Arboleda (USA) de Colombia resulta digno de ser denunciado.<\/p>\n<p>Esta universidad colombiana lleva el nombre de un l\u00edder conservador y esclavista caucano, cuyo compromiso con esa pr\u00e1ctica criminal lo llevo a tomar parte activa en la guerra de 1851, un conflicto que se inici\u00f3 como un levantamiento de terratenientes contra la medida de abolici\u00f3n que hab\u00eda adoptado el gobierno de Jos\u00e9 Hilario L\u00f3pez. Lo que deja claro desde un principio, el v\u00ednculo de esta instituci\u00f3n con las ideas conservadoras y retr\u00f3gradas.<\/p>\n<p>Como muchas otras instituciones educativas del pa\u00eds, nace bajo la figura de una Fundaci\u00f3n que realmente encubre un negocio familiar. Fue concebida por un grupo de ex alumnos de la universidad javeriana, preocupados por el florecimiento de visiones pluralistas en su alma mater, decidieron conformar una instituci\u00f3n acad\u00e9mica refractaria a ideas progresistas, en medio del boom del narcotr\u00e1fico y el paramilitarismo.<\/p>\n<p>El primero de ellos es el hijo del ex presidente conservado Laureano G\u00f3mez, \u00c1lvaro G\u00f3mez Hurtado, quien con su verbo anticomunista instig\u00f3 la violenta y desmedida operaci\u00f3n militar contra el campesinado que se organizaba ante el abandono estatal en la d\u00e9cada de los sesenta, acus\u00e1ndolos de pretender constituir gobiernos marxistas ilegales. \u00a0Le acompa\u00f1aba un ex funcionario del gobierno de su padre, el abogado Rodrigo Noguera Laborde.<\/p>\n<p>A pesar de sus or\u00edgenes est\u00e1 universidad no hab\u00eda destacado por aportar muchos tecn\u00f3cratas o l\u00edderes pol\u00edticos relevantes para la vida nacional desde su fundaci\u00f3n en 1984, hasta que en 2018 un ilustre desconocido, Iv\u00e1n Duque, graduado de este claustro, fue electo presidente de la Rep\u00fablica, obviamente no por sus capacidades pol\u00edticas o intelectuales, sino por designaci\u00f3n del genocida \u00c1lvaro Uribe V\u00e9lez.<\/p>\n<p>Como era de esperarse, los directivos de la Sergio estaban exultantes, y no s\u00f3lo porque el nombre de su instituci\u00f3n estuviera ligado al cargo pol\u00edtico m\u00e1s importante del pa\u00eds, sino porque ellos estaban completamente compenetrados con el proyecto pol\u00edtico que Duque representaba.<\/p>\n<p>El nuevo gobierno le abri\u00f3 oportunidades a la instituci\u00f3n para aprovechar la jugosa contrataci\u00f3n estatal y asign\u00f3 en altos cargos del Estado a egresados de esta instituci\u00f3n. Uno de ellos fue su gran amigo, Francisco Barbosa, qui\u00e9n lleg\u00f3 a ser Fiscal de Colombia gracias a su respaldo, y cuyo rol como l\u00edder de una <a href=\"https:\/\/revistaraya.com\/maria-fernanda-barreto\/312-francisco-barbosa-y-la-red-internacional-para-lawfare.html\">red para el lawfare<\/a> en Nuestra Am\u00e9rica, fue denunciado por la escritora colombo venezolana Mar\u00eda Fernanda Barreto en la Revista Raya, hace dos a\u00f1os. Otro caso fue el de la mism\u00edsima hija de Rodrigo Noguera, Ana Catalina Noguera, qui\u00e9n lleg\u00f3 a ocupar un importante cargo en la Fiscal\u00eda y termin\u00f3 condenada por probados v\u00ednculos con negocios del narcotr\u00e1fico y corrupci\u00f3n policial. Tambi\u00e9n Ernesto Lucena, cuyo principal m\u00e9rito para ser nombrado Ministro del Deporte, fue el de ser hijastro del fundador de la USA.<\/p>\n<p>Por la n\u00f3mina de esta universidad han pasado militares espa\u00f1oles franquistas disfrazados de acad\u00e9micos , sacerdotes acusados de pederastia, por eso tampoco sorprende encontrar en all\u00ed agentes de inteligencia y ex militares colombianos vinculados a violaciones de derechos humanos.<\/p>\n<p>M\u00e1s all\u00e1 de las labores directas de sus egresados ya mencionados contra los gobiernos revolucionarios y progresistas de la regi\u00f3n, este negocio familiar disfrazado de centro educativo, ha tratado de investir con un velo acad\u00e9mico la pol\u00edtica injerencista que se ejecuta desde Colombia.<\/p>\n<p>El ex dictador venezolano Pedro Carmona Estanga, por ejemplo, encontr\u00f3 en ella empleo inmediato luego de ocupar por menos de 48 hr. El Palacio de Miraflores tras el golpe de Estado a Hugo Ch\u00e1vez en el a\u00f1o 2002 y escapar de su pa\u00eds.<\/p>\n<p>Todo esto demuestra, que hay una l\u00ednea pol\u00edtica clara en esta instituci\u00f3n, contraria al esp\u00edritu universitario, que va recogiendo incluso intelectuales progresistas como el profesor de Ciencias Pol\u00edticas, Sergio \u00c1ngel Baquero para ponerlos al servicio de su empresa intelectual contra revolucionaria.<\/p>\n<p>Este docente es editor de la revista \u201cForo cubano\u201d y fundador del \u201cPrograma Cuba\u201d en 2018, de los que continuamente emanan an\u00e1lisis e informaciones tendenciosas sobre la isla, que adem\u00e1s se autodefine como un espacio de articulaci\u00f3n de las ONG. \u00c1ngel tambi\u00e9n fue especialmente activo en la pantomima internacional protagonizada por Juan Guaid\u00f3. Sus dos grandes \u201ctemas de estudio\u201d, son Cuba y Venezuela. Lo llamativo es que hasta el a\u00f1o 2015 sus temas de trabajo estaban m\u00e1s centrados en problemas conceptuales y metodol\u00f3gicos de la ciencia pol\u00edtica, as\u00ed como en aspectos de la gobernanza popular, la defensa de los derechos de las comunidades \u00e9tnicas y el buen vivir como base para la organizaci\u00f3n de modelos de organizaci\u00f3n territorial alternativos al liberalismo.<\/p>\n<p>Ahora, recurriendo a marcos te\u00f3ricos propuestos por importantes intelectuales cr\u00edticos como Enrique Dussel o Boaventura de Sousa, se convirti\u00f3 en uno de los muchos \u201cdecoloniales\u201d que se alinean con los discursos imperialistas, como es el caso del venezolano Edgardo Lander, entre otros.<\/p>\n<p>A partir del 2017, \u00c1ngel comenz\u00f3 a convertirse en caja de resonancia de \u201can\u00e1lisis pol\u00edticos\u201d que sustentan la pol\u00edtica exterior norteamericana para la cuenca del Caribe. Iniciando ese a\u00f1o con un beligerante articulo acad\u00e9mico suyo contra Ch\u00e1vez, Maduro y el proyecto pol\u00edtico del PSUV, en un \u201ctiming\u201d muy conveniente, pues el documento apareci\u00f3 luego de las violent\u00edsimas Guarimbas de ese a\u00f1o. Luego de un par de escritos m\u00e1s sobre Venezuela, \u00c1ngel enfil\u00f3 su trabajo contra Cuba, tratando temas como el mundo acad\u00e9mico, la cultura, la pol\u00edtica y la vida cotidiana.<\/p>\n<p>Adem\u00e1s, \u00c1ngel comenz\u00f3 a contactar con sus colegas de otras universidades en donde se mueve el Programa Cuba, como la Universidad Javeriana, la Konrad Lorenz e incluso de la misma Universidad Nacional.<\/p>\n<p>Cuando se adelant\u00f3 el concierto en la frontera, \u00c1ngel segu\u00eda los eventos con mucha atenci\u00f3n, y muchas veces expres\u00f3 su opini\u00f3n pretendidamente acad\u00e9mica para decir que esos eventos ser\u00edan el fin del gobierno venezolano y que hab\u00eda que prepararse para apoyar un nuevo periodo en la historia de Venezuela.<\/p>\n<p>Ahora volv\u00eda a invocar a Boaventura, pero ya no para exaltar sus aportes cr\u00edticos a la construcci\u00f3n de un conocimiento no euroc\u00e9ntrico y descolonizado, sino para insultarlo por su exigencia a la comunidad internacional de respetar la soberan\u00eda venezolana. Pronto su discurso se extender\u00eda tambi\u00e9n <a href=\"https:\/\/www.youtube.com\/watch?v=fZ25HOgsj00\">contra Cuba<\/a>, cuyas supuestas manos ve\u00eda tras todo intento de soberan\u00eda de los pueblos, como d\u00e9cadas atr\u00e1s lo hiciera \u00c1lvaro G\u00f3mez Hurtado.<\/p>\n<p>Por supuesto, este tipo de operaciones logran apoyo directo desde Miami, como el que este profesor que se presenta como decolonial, ha tejido con Mario Pent\u00f3n, con quien maneja las becas del Programa Cuba, con el que justifica, los ya dif\u00edciles de justificar, financiamientos para su militancia anticomunista.<\/p>\n<p>Obviamente, esta Universidad no es la \u00fanica expresi\u00f3n de c\u00f3mo la academia y algunos de sus intelectuales se colocan al servicio de la ultraderecha, e incluso directamente del Pent\u00e1gono, en Colombia y Nuestra Am\u00e9rica, para respaldar las operaciones m\u00e1s violentas contra los pueblos. Muchos investigadores cubanos, argentinos e incluso colombianos han estudiado y denunciado durante d\u00e9cadas, la injerencia directa de los Estados Unidos y la imposici\u00f3n del discurso contrainsurgente en Foros acad\u00e9micos, revistas, investigaciones y aulas de clase. Los financiamientos a estas operaciones se realizan directamente desde los campus estadounidenses, pero tambi\u00e9n a trav\u00e9s de Fundaciones y Organizaciones No Gubernamentales, algunas que incluso, posan de progres. El reciente recorte de los fondos de la USAID ejecutado por el gobierno de Donald Trump, nos ense\u00f1\u00f3 apenas la punta del iceberg.<\/p>\n<p>&nbsp;<\/p>\n<p><strong>Fuente: Teresa Moscoso.<\/strong><\/p>\n<p>&nbsp;<\/p>\n","protected":false},"excerpt":{"rendered":"<p>Que la academia est\u00e9 al servicio del imperialismo no tiene mucho de novedoso, mucho menos&#8230;<\/p>\n","protected":false},"author":1,"featured_media":2867,"comment_status":"open","ping_status":"closed","sticky":false,"template":"","format":"standard","meta":{"footnotes":""},"categories":[69],"tags":[850,57,89,851],"class_list":["post-2866","post","type-post","status-publish","format-standard","has-post-thumbnail","hentry","category-exclusivo","tag-academia","tag-colombia","tag-ee-uu","tag-imperialista"],"yoast_head":"<!-- This site is optimized with the Yoast SEO plugin v27.5 - https:\/\/yoast.com\/product\/yoast-seo-wordpress\/ -->\n<title>La academia como herramienta imperialista en Colombia. -<\/title>\n<meta name=\"description\" content=\"Que la academia est\u00e9 al servicio del imperialismo no tiene mucho de novedoso, mucho menos en un pa\u00eds tan subordinado a los Estados Unidos.\" \/>\n<meta name=\"robots\" content=\"index, follow, max-snippet:-1, max-image-preview:large, max-video-preview:-1\" \/>\n<link rel=\"canonical\" href=\"https:\/\/hueleaazufre.com\/wordpress_a\/index.php\/2025\/07\/10\/la-academia-como-herramienta-imperialista-en-colombia\/\" \/>\n<meta property=\"og:locale\" content=\"es_ES\" \/>\n<meta property=\"og:type\" content=\"article\" \/>\n<meta property=\"og:title\" content=\"La academia como herramienta imperialista en Colombia. -\" \/>\n<meta property=\"og:description\" content=\"Que la academia est\u00e9 al servicio del imperialismo no tiene mucho de novedoso, mucho menos en un pa\u00eds tan subordinado a los Estados Unidos.\" \/>\n<meta property=\"og:url\" content=\"https:\/\/hueleaazufre.com\/wordpress_a\/index.php\/2025\/07\/10\/la-academia-como-herramienta-imperialista-en-colombia\/\" \/>\n<meta property=\"article:published_time\" content=\"2025-07-10T03:17:37+00:00\" \/>\n<meta property=\"og:image\" content=\"https:\/\/hueleaazufre.com\/wordpress_a\/wp-content\/uploads\/2025\/07\/Gemini_Generated_Image_o8tcvto8tcvto8tc-1024x1024.png\" \/>\n\t<meta property=\"og:image:width\" content=\"1024\" \/>\n\t<meta property=\"og:image:height\" content=\"1024\" \/>\n\t<meta property=\"og:image:type\" content=\"image\/png\" \/>\n<meta name=\"author\" content=\"Huele a azufre\" \/>\n<meta name=\"twitter:card\" content=\"summary_large_image\" \/>\n<meta name=\"twitter:label1\" content=\"Escrito por\" \/>\n\t<meta name=\"twitter:data1\" content=\"Huele a azufre\" \/>\n\t<meta name=\"twitter:label2\" content=\"Tiempo de lectura\" \/>\n\t<meta name=\"twitter:data2\" content=\"6 minutos\" \/>\n<script type=\"application\/ld+json\" class=\"yoast-schema-graph\">{\"@context\":\"https:\\\/\\\/schema.org\",\"@graph\":[{\"@type\":\"Article\",\"@id\":\"https:\\\/\\\/hueleaazufre.com\\\/wordpress_a\\\/index.php\\\/2025\\\/07\\\/10\\\/la-academia-como-herramienta-imperialista-en-colombia\\\/#article\",\"isPartOf\":{\"@id\":\"https:\\\/\\\/hueleaazufre.com\\\/wordpress_a\\\/index.php\\\/2025\\\/07\\\/10\\\/la-academia-como-herramienta-imperialista-en-colombia\\\/\"},\"author\":{\"name\":\"Huele a azufre\",\"@id\":\"https:\\\/\\\/hueleaazufre.com\\\/wordpress_a\\\/#\\\/schema\\\/person\\\/549dd871707ea7f9f1a686323ebe9baa\"},\"headline\":\"La academia como herramienta imperialista en Colombia.\",\"datePublished\":\"2025-07-10T03:17:37+00:00\",\"mainEntityOfPage\":{\"@id\":\"https:\\\/\\\/hueleaazufre.com\\\/wordpress_a\\\/index.php\\\/2025\\\/07\\\/10\\\/la-academia-como-herramienta-imperialista-en-colombia\\\/\"},\"wordCount\":1365,\"commentCount\":0,\"image\":{\"@id\":\"https:\\\/\\\/hueleaazufre.com\\\/wordpress_a\\\/index.php\\\/2025\\\/07\\\/10\\\/la-academia-como-herramienta-imperialista-en-colombia\\\/#primaryimage\"},\"thumbnailUrl\":\"https:\\\/\\\/hueleaazufre.com\\\/wordpress_a\\\/wp-content\\\/uploads\\\/2025\\\/07\\\/Gemini_Generated_Image_o8tcvto8tcvto8tc.png\",\"keywords\":[\"academia\",\"Colombia\",\"EE.UU\",\"imperialista\"],\"articleSection\":[\"Exclusivo\"],\"inLanguage\":\"es\",\"potentialAction\":[{\"@type\":\"CommentAction\",\"name\":\"Comment\",\"target\":[\"https:\\\/\\\/hueleaazufre.com\\\/wordpress_a\\\/index.php\\\/2025\\\/07\\\/10\\\/la-academia-como-herramienta-imperialista-en-colombia\\\/#respond\"]}]},{\"@type\":\"WebPage\",\"@id\":\"https:\\\/\\\/hueleaazufre.com\\\/wordpress_a\\\/index.php\\\/2025\\\/07\\\/10\\\/la-academia-como-herramienta-imperialista-en-colombia\\\/\",\"url\":\"https:\\\/\\\/hueleaazufre.com\\\/wordpress_a\\\/index.php\\\/2025\\\/07\\\/10\\\/la-academia-como-herramienta-imperialista-en-colombia\\\/\",\"name\":\"La academia como herramienta imperialista en Colombia. -\",\"isPartOf\":{\"@id\":\"https:\\\/\\\/hueleaazufre.com\\\/wordpress_a\\\/#website\"},\"primaryImageOfPage\":{\"@id\":\"https:\\\/\\\/hueleaazufre.com\\\/wordpress_a\\\/index.php\\\/2025\\\/07\\\/10\\\/la-academia-como-herramienta-imperialista-en-colombia\\\/#primaryimage\"},\"image\":{\"@id\":\"https:\\\/\\\/hueleaazufre.com\\\/wordpress_a\\\/index.php\\\/2025\\\/07\\\/10\\\/la-academia-como-herramienta-imperialista-en-colombia\\\/#primaryimage\"},\"thumbnailUrl\":\"https:\\\/\\\/hueleaazufre.com\\\/wordpress_a\\\/wp-content\\\/uploads\\\/2025\\\/07\\\/Gemini_Generated_Image_o8tcvto8tcvto8tc.png\",\"datePublished\":\"2025-07-10T03:17:37+00:00\",\"author\":{\"@id\":\"https:\\\/\\\/hueleaazufre.com\\\/wordpress_a\\\/#\\\/schema\\\/person\\\/549dd871707ea7f9f1a686323ebe9baa\"},\"description\":\"Que la academia est\u00e9 al servicio del imperialismo no tiene mucho de novedoso, mucho menos en un pa\u00eds tan subordinado a los Estados Unidos.\",\"breadcrumb\":{\"@id\":\"https:\\\/\\\/hueleaazufre.com\\\/wordpress_a\\\/index.php\\\/2025\\\/07\\\/10\\\/la-academia-como-herramienta-imperialista-en-colombia\\\/#breadcrumb\"},\"inLanguage\":\"es\",\"potentialAction\":[{\"@type\":\"ReadAction\",\"target\":[\"https:\\\/\\\/hueleaazufre.com\\\/wordpress_a\\\/index.php\\\/2025\\\/07\\\/10\\\/la-academia-como-herramienta-imperialista-en-colombia\\\/\"]}]},{\"@type\":\"ImageObject\",\"inLanguage\":\"es\",\"@id\":\"https:\\\/\\\/hueleaazufre.com\\\/wordpress_a\\\/index.php\\\/2025\\\/07\\\/10\\\/la-academia-como-herramienta-imperialista-en-colombia\\\/#primaryimage\",\"url\":\"https:\\\/\\\/hueleaazufre.com\\\/wordpress_a\\\/wp-content\\\/uploads\\\/2025\\\/07\\\/Gemini_Generated_Image_o8tcvto8tcvto8tc.png\",\"contentUrl\":\"https:\\\/\\\/hueleaazufre.com\\\/wordpress_a\\\/wp-content\\\/uploads\\\/2025\\\/07\\\/Gemini_Generated_Image_o8tcvto8tcvto8tc.png\",\"width\":2048,\"height\":2048},{\"@type\":\"BreadcrumbList\",\"@id\":\"https:\\\/\\\/hueleaazufre.com\\\/wordpress_a\\\/index.php\\\/2025\\\/07\\\/10\\\/la-academia-como-herramienta-imperialista-en-colombia\\\/#breadcrumb\",\"itemListElement\":[{\"@type\":\"ListItem\",\"position\":1,\"name\":\"Portada\",\"item\":\"https:\\\/\\\/hueleaazufre.com\\\/wordpress_a\\\/\"},{\"@type\":\"ListItem\",\"position\":2,\"name\":\"La academia como herramienta imperialista en Colombia.\"}]},{\"@type\":\"WebSite\",\"@id\":\"https:\\\/\\\/hueleaazufre.com\\\/wordpress_a\\\/#website\",\"url\":\"https:\\\/\\\/hueleaazufre.com\\\/wordpress_a\\\/\",\"name\":\"\",\"description\":\"Huele a azufre es una plataforma digital de an\u00e1lisis geopol\u00edtico.\",\"potentialAction\":[{\"@type\":\"SearchAction\",\"target\":{\"@type\":\"EntryPoint\",\"urlTemplate\":\"https:\\\/\\\/hueleaazufre.com\\\/wordpress_a\\\/?s={search_term_string}\"},\"query-input\":{\"@type\":\"PropertyValueSpecification\",\"valueRequired\":true,\"valueName\":\"search_term_string\"}}],\"inLanguage\":\"es\"},{\"@type\":\"Person\",\"@id\":\"https:\\\/\\\/hueleaazufre.com\\\/wordpress_a\\\/#\\\/schema\\\/person\\\/549dd871707ea7f9f1a686323ebe9baa\",\"name\":\"Huele a azufre\",\"image\":{\"@type\":\"ImageObject\",\"inLanguage\":\"es\",\"@id\":\"https:\\\/\\\/secure.gravatar.com\\\/avatar\\\/e972d5c124b9bf80eb4c9d322a90dd86a59d447f5da36700a77516f13637d44e?s=96&d=mm&r=g\",\"url\":\"https:\\\/\\\/secure.gravatar.com\\\/avatar\\\/e972d5c124b9bf80eb4c9d322a90dd86a59d447f5da36700a77516f13637d44e?s=96&d=mm&r=g\",\"contentUrl\":\"https:\\\/\\\/secure.gravatar.com\\\/avatar\\\/e972d5c124b9bf80eb4c9d322a90dd86a59d447f5da36700a77516f13637d44e?s=96&d=mm&r=g\",\"caption\":\"Huele a azufre\"},\"description\":\"Huele a azufre es una plataforma digital de an\u00e1lisis geopol\u00edtico\u00a0 contrahegem\u00f3nico, que busca visibilizar las voces y los discursos silenciados por el poder medi\u00e1tico.\",\"sameAs\":[\"https:\\\/\\\/hueleaazufre.com\\\/wordpress_a\"],\"url\":\"https:\\\/\\\/hueleaazufre.com\\\/wordpress_a\\\/index.php\\\/author\\\/admin_tupapa\\\/\"}]}<\/script>\n<!-- \/ Yoast SEO plugin. -->","yoast_head_json":{"title":"La academia como herramienta imperialista en Colombia. -","description":"Que la academia est\u00e9 al servicio del imperialismo no tiene mucho de novedoso, mucho menos en un pa\u00eds tan subordinado a los Estados Unidos.","robots":{"index":"index","follow":"follow","max-snippet":"max-snippet:-1","max-image-preview":"max-image-preview:large","max-video-preview":"max-video-preview:-1"},"canonical":"https:\/\/hueleaazufre.com\/wordpress_a\/index.php\/2025\/07\/10\/la-academia-como-herramienta-imperialista-en-colombia\/","og_locale":"es_ES","og_type":"article","og_title":"La academia como herramienta imperialista en Colombia. -","og_description":"Que la academia est\u00e9 al servicio del imperialismo no tiene mucho de novedoso, mucho menos en un pa\u00eds tan subordinado a los Estados Unidos.","og_url":"https:\/\/hueleaazufre.com\/wordpress_a\/index.php\/2025\/07\/10\/la-academia-como-herramienta-imperialista-en-colombia\/","article_published_time":"2025-07-10T03:17:37+00:00","og_image":[{"width":1024,"height":1024,"url":"https:\/\/hueleaazufre.com\/wordpress_a\/wp-content\/uploads\/2025\/07\/Gemini_Generated_Image_o8tcvto8tcvto8tc-1024x1024.png","type":"image\/png"}],"author":"Huele a azufre","twitter_card":"summary_large_image","twitter_misc":{"Escrito por":"Huele a azufre","Tiempo de lectura":"6 minutos"},"schema":{"@context":"https:\/\/schema.org","@graph":[{"@type":"Article","@id":"https:\/\/hueleaazufre.com\/wordpress_a\/index.php\/2025\/07\/10\/la-academia-como-herramienta-imperialista-en-colombia\/#article","isPartOf":{"@id":"https:\/\/hueleaazufre.com\/wordpress_a\/index.php\/2025\/07\/10\/la-academia-como-herramienta-imperialista-en-colombia\/"},"author":{"name":"Huele a azufre","@id":"https:\/\/hueleaazufre.com\/wordpress_a\/#\/schema\/person\/549dd871707ea7f9f1a686323ebe9baa"},"headline":"La academia como herramienta imperialista en Colombia.","datePublished":"2025-07-10T03:17:37+00:00","mainEntityOfPage":{"@id":"https:\/\/hueleaazufre.com\/wordpress_a\/index.php\/2025\/07\/10\/la-academia-como-herramienta-imperialista-en-colombia\/"},"wordCount":1365,"commentCount":0,"image":{"@id":"https:\/\/hueleaazufre.com\/wordpress_a\/index.php\/2025\/07\/10\/la-academia-como-herramienta-imperialista-en-colombia\/#primaryimage"},"thumbnailUrl":"https:\/\/hueleaazufre.com\/wordpress_a\/wp-content\/uploads\/2025\/07\/Gemini_Generated_Image_o8tcvto8tcvto8tc.png","keywords":["academia","Colombia","EE.UU","imperialista"],"articleSection":["Exclusivo"],"inLanguage":"es","potentialAction":[{"@type":"CommentAction","name":"Comment","target":["https:\/\/hueleaazufre.com\/wordpress_a\/index.php\/2025\/07\/10\/la-academia-como-herramienta-imperialista-en-colombia\/#respond"]}]},{"@type":"WebPage","@id":"https:\/\/hueleaazufre.com\/wordpress_a\/index.php\/2025\/07\/10\/la-academia-como-herramienta-imperialista-en-colombia\/","url":"https:\/\/hueleaazufre.com\/wordpress_a\/index.php\/2025\/07\/10\/la-academia-como-herramienta-imperialista-en-colombia\/","name":"La academia como herramienta imperialista en Colombia. -","isPartOf":{"@id":"https:\/\/hueleaazufre.com\/wordpress_a\/#website"},"primaryImageOfPage":{"@id":"https:\/\/hueleaazufre.com\/wordpress_a\/index.php\/2025\/07\/10\/la-academia-como-herramienta-imperialista-en-colombia\/#primaryimage"},"image":{"@id":"https:\/\/hueleaazufre.com\/wordpress_a\/index.php\/2025\/07\/10\/la-academia-como-herramienta-imperialista-en-colombia\/#primaryimage"},"thumbnailUrl":"https:\/\/hueleaazufre.com\/wordpress_a\/wp-content\/uploads\/2025\/07\/Gemini_Generated_Image_o8tcvto8tcvto8tc.png","datePublished":"2025-07-10T03:17:37+00:00","author":{"@id":"https:\/\/hueleaazufre.com\/wordpress_a\/#\/schema\/person\/549dd871707ea7f9f1a686323ebe9baa"},"description":"Que la academia est\u00e9 al servicio del imperialismo no tiene mucho de novedoso, mucho menos en un pa\u00eds tan subordinado a los Estados Unidos.","breadcrumb":{"@id":"https:\/\/hueleaazufre.com\/wordpress_a\/index.php\/2025\/07\/10\/la-academia-como-herramienta-imperialista-en-colombia\/#breadcrumb"},"inLanguage":"es","potentialAction":[{"@type":"ReadAction","target":["https:\/\/hueleaazufre.com\/wordpress_a\/index.php\/2025\/07\/10\/la-academia-como-herramienta-imperialista-en-colombia\/"]}]},{"@type":"ImageObject","inLanguage":"es","@id":"https:\/\/hueleaazufre.com\/wordpress_a\/index.php\/2025\/07\/10\/la-academia-como-herramienta-imperialista-en-colombia\/#primaryimage","url":"https:\/\/hueleaazufre.com\/wordpress_a\/wp-content\/uploads\/2025\/07\/Gemini_Generated_Image_o8tcvto8tcvto8tc.png","contentUrl":"https:\/\/hueleaazufre.com\/wordpress_a\/wp-content\/uploads\/2025\/07\/Gemini_Generated_Image_o8tcvto8tcvto8tc.png","width":2048,"height":2048},{"@type":"BreadcrumbList","@id":"https:\/\/hueleaazufre.com\/wordpress_a\/index.php\/2025\/07\/10\/la-academia-como-herramienta-imperialista-en-colombia\/#breadcrumb","itemListElement":[{"@type":"ListItem","position":1,"name":"Portada","item":"https:\/\/hueleaazufre.com\/wordpress_a\/"},{"@type":"ListItem","position":2,"name":"La academia como herramienta imperialista en Colombia."}]},{"@type":"WebSite","@id":"https:\/\/hueleaazufre.com\/wordpress_a\/#website","url":"https:\/\/hueleaazufre.com\/wordpress_a\/","name":"","description":"Huele a azufre es una plataforma digital de an\u00e1lisis geopol\u00edtico.","potentialAction":[{"@type":"SearchAction","target":{"@type":"EntryPoint","urlTemplate":"https:\/\/hueleaazufre.com\/wordpress_a\/?s={search_term_string}"},"query-input":{"@type":"PropertyValueSpecification","valueRequired":true,"valueName":"search_term_string"}}],"inLanguage":"es"},{"@type":"Person","@id":"https:\/\/hueleaazufre.com\/wordpress_a\/#\/schema\/person\/549dd871707ea7f9f1a686323ebe9baa","name":"Huele a azufre","image":{"@type":"ImageObject","inLanguage":"es","@id":"https:\/\/secure.gravatar.com\/avatar\/e972d5c124b9bf80eb4c9d322a90dd86a59d447f5da36700a77516f13637d44e?s=96&d=mm&r=g","url":"https:\/\/secure.gravatar.com\/avatar\/e972d5c124b9bf80eb4c9d322a90dd86a59d447f5da36700a77516f13637d44e?s=96&d=mm&r=g","contentUrl":"https:\/\/secure.gravatar.com\/avatar\/e972d5c124b9bf80eb4c9d322a90dd86a59d447f5da36700a77516f13637d44e?s=96&d=mm&r=g","caption":"Huele a azufre"},"description":"Huele a azufre es una plataforma digital de an\u00e1lisis geopol\u00edtico\u00a0 contrahegem\u00f3nico, que busca visibilizar las voces y los discursos silenciados por el poder medi\u00e1tico.","sameAs":["https:\/\/hueleaazufre.com\/wordpress_a"],"url":"https:\/\/hueleaazufre.com\/wordpress_a\/index.php\/author\/admin_tupapa\/"}]}},"_links":{"self":[{"href":"https:\/\/hueleaazufre.com\/wordpress_a\/index.php\/wp-json\/wp\/v2\/posts\/2866","targetHints":{"allow":["GET"]}}],"collection":[{"href":"https:\/\/hueleaazufre.com\/wordpress_a\/index.php\/wp-json\/wp\/v2\/posts"}],"about":[{"href":"https:\/\/hueleaazufre.com\/wordpress_a\/index.php\/wp-json\/wp\/v2\/types\/post"}],"author":[{"embeddable":true,"href":"https:\/\/hueleaazufre.com\/wordpress_a\/index.php\/wp-json\/wp\/v2\/users\/1"}],"replies":[{"embeddable":true,"href":"https:\/\/hueleaazufre.com\/wordpress_a\/index.php\/wp-json\/wp\/v2\/comments?post=2866"}],"version-history":[{"count":1,"href":"https:\/\/hueleaazufre.com\/wordpress_a\/index.php\/wp-json\/wp\/v2\/posts\/2866\/revisions"}],"predecessor-version":[{"id":2868,"href":"https:\/\/hueleaazufre.com\/wordpress_a\/index.php\/wp-json\/wp\/v2\/posts\/2866\/revisions\/2868"}],"wp:featuredmedia":[{"embeddable":true,"href":"https:\/\/hueleaazufre.com\/wordpress_a\/index.php\/wp-json\/wp\/v2\/media\/2867"}],"wp:attachment":[{"href":"https:\/\/hueleaazufre.com\/wordpress_a\/index.php\/wp-json\/wp\/v2\/media?parent=2866"}],"wp:term":[{"taxonomy":"category","embeddable":true,"href":"https:\/\/hueleaazufre.com\/wordpress_a\/index.php\/wp-json\/wp\/v2\/categories?post=2866"},{"taxonomy":"post_tag","embeddable":true,"href":"https:\/\/hueleaazufre.com\/wordpress_a\/index.php\/wp-json\/wp\/v2\/tags?post=2866"}],"curies":[{"name":"wp","href":"https:\/\/api.w.org\/{rel}","templated":true}]}}