{"id":2882,"date":"2025-07-14T20:14:20","date_gmt":"2025-07-14T20:14:20","guid":{"rendered":"https:\/\/hueleaazufre.com\/wordpress_a\/?p=2882"},"modified":"2025-07-14T20:45:04","modified_gmt":"2025-07-14T20:45:04","slug":"las-provocaciones-del-sionismo","status":"publish","type":"post","link":"https:\/\/hueleaazufre.com\/wordpress_a\/index.php\/2025\/07\/14\/las-provocaciones-del-sionismo\/","title":{"rendered":"Las provocaciones del sionismo"},"content":{"rendered":"<p>La ofensiva a gran escala que el mundo est\u00e1 sufriendo por parte de esa\u00a0<strong>alianza de la muerte<\/strong>\u00a0que conforman el\u00a0<strong>sionismo y el imperialismo, con Benjam\u00ed Netanyahu y Domald Trump\u00a0<\/strong>como sus m\u00e1ximos referentes, no deja de sorprender a medida que se van sumando acciones de una brutalidad pocas veces vistas.<\/p>\n<p>El pueblo palestino, adem\u00e1s de ser bombardeado intermitentemente, sufrir una\u00a0<strong>situaci\u00f3n de hambruna extrema\u00a0<\/strong>y no tener m\u00e1s soporte para subsistir que sus propias fuerzas y la esperanza de un futuro emancipatorio (sin esos dos elementos, es dificil que no se sucumba), ahora se entera por el boca a boca, ya que tampoco hay ya el m\u00ednimo servicio de internet que los comunicaba con el mundo exterior, que el\u00a0<strong>primer ministro genocida de la entidad sionista lo propone a Trump como\u00a0<a href=\"https:\/\/espanol.almayadeen.net\/noticias\/politica\/2041198\/trump--no-hay-obst%C3%A1culos-para-un-alto-al-fuego-entre-hamas-e\">Premio Nobel de la Paz,<\/a>\u00a0por \u00absus grandes aportes\u00bb a la misma.<\/strong><\/p>\n<p>No es una broma, este tipo de gente est\u00e1 acostumbrada a la impunidad como estilo de vida. Por eso, quienes m\u00e1s puntos suman para ser juzgados como criminales de guerra, se dan el lujo de candidatearse, haciendo gala de un\u00a0<strong>pacifismo ba\u00f1ado en sangre,<\/strong>\u00a0y lanzar diariamente discursos de odio para justificar sus vesan\u00edas. Ambos, y sus c\u00f3mplices habituales hablan de paz mientras siguen sosteniendo una guerra desigual en la que los cad\u00e1veres y los escombros inundan de tristeza y horror lo que hasta hace menos de dos a\u00f1os albergaba una ciudad con una personalidad especial, surgida de la resistencia de todo un pueblo.<\/p>\n<p>Es totalmente cierto, que mencionar a\u00a0<strong>Gaza le provoca a la mafia judeo-norteamericana una sensaci\u00f3n similar al que sienten los opresores cobardes cuando se los desenmascara.\u00a0<\/strong>El saber que\u00a0<strong>mientras un solo palestino quede con vida, no podr\u00e1n dormir tranquilos por todos los cr\u00edmenes cometidos.<\/strong>\u00a0Ese escalofr\u00edo que seguramente recorre el cuerpo y el cerebro de muchos de los soldados sionistas que asesinan por diversi\u00f3n, que aplican torturas inimaginables en las prisiones de exterminio o se ensa\u00f1an con los pocos medios de comunicaci\u00f3n que est\u00e1n en los territorios ocupados, informando de qu\u00e9 dimensi\u00f3n es este nuevo Holocausto.<\/p>\n<p>En este \u00faltimo rubro, la constataci\u00f3n de que alrededor de\u00a0<strong>225 periodistas fueron asesinados,<\/strong>\u00a0<strong>la gran mayor\u00eda de ellos en Gaza,\u00a0<\/strong>habla por s\u00ed sola de que la entidad sionista no deja de perseguir implacablemente a quienes, al riesgo de su propia vida, cuentan la verdad sobre el genocidio. A eso se suman las\u00a0<strong>detenciones<\/strong>, como la\u00a0<strong>m\u00e1s reciente, en la Cisjordania ocupada,<\/strong>\u00a0del responsable de la\u00a0<strong>cadena pan\u00e1rabe\u00a0<em>Al Mayadeen<\/em>, el conocido comunicador\u00a0<a href=\"https:\/\/espanol.almayadeen.net\/noticias\/politica\/2042201\/-israel--prorroga-arresto-del-colega-de-al-mayadeen--nasser\">Nasser Al-Lahham<\/a>, quien fue enviado a la prisi\u00f3n de exterminio de Offer.<\/strong><\/p>\n<p>En ese marco, teniendo en cuenta que las\u00a0<strong>cifras reales de palestinos y palestinas asesinadas supera con creces los 150 mil,<\/strong>\u00a0o que hay familias enteras de las que ya no queda un solo miembro de la misma, despu\u00e9s de siglos de existencia en la zona,\u00a0<strong>hablar de Premio Nobel de la Paz para los verdugos es algo m\u00e1s que una provocaci\u00f3n.<\/strong>\u00a0A eso se le agrega que la\u00a0<strong>colaboraci\u00f3n con el sionismo de pa\u00edses europeos,<\/strong>\u00a0\u00a0que siguen vendiendo armas a \u00abIsrael\u00bb, o\u00a0<strong>irrespetan la orden de la\u00a0<a href=\"https:\/\/espanol.almayadeen.net\/noticias\/politica\/2002579\/corte-internacional-de-justicia-iniciar%C3%A1-audiencias-sobre--i?utm_source=mango-searchx&amp;utm_medium=title_and_relatives&amp;utm_campaign=%20Corte%20Internacional%20de%20Justicia%20\">\u00a0Corte Internacional de Justicia\u00a0<\/a>de detener a Netanyahu.<\/strong>\u00a0Por el contrario,\u00a0<strong>esta misma semana, Italia, Francia y Grecia le abrieron el espacio a\u00e9reo para que el monstruo de \u00abTel Aviv\u00bb viajara sin inconvenientes.<\/strong>\u00a0De esta manera, le otorgan al ejecutor de cr\u00edmenes de lesa humanidad la posibilidad de que siga haci\u00e9ndolo sin mayores preocupaciones.<\/p>\n<h3>El papel de las embajadas sionistas<\/h3>\n<p>Otro elemento a tener en cuenta en el circuito del respaldo a las brutalidades sionistas es el papel que desempe\u00f1an las\u00a0<strong>embajadas israel\u00edes en distintos pa\u00edses<\/strong>. All\u00ed est\u00e1 el caso de\u00a0<strong>Argentina,\u00a0<\/strong>donde \u00abIsrael\u00bb no solo tiene diplom\u00e1ticos y entidades paralelas que se dedican a hostigar a todo aquel que se identifique con el pueblo palestino, sino que adem\u00e1s el propio presidente\u00a0<strong>Milei y su ministra de Seguridad<\/strong>, se han convertido en la\u00a0<strong>mayor referencia de apoyo al genocidio, imitando a Donald Trump<\/strong>. En ese sentido, Argentina vota a favor de \u00abIsrael\u00bb en foros internacionales, permite que colonos-soldados israel\u00edes se paseen por la Patagonia como si fuera territorio propio, y en el\u00a0<strong>colmo de la colonizaci\u00f3n israerlo-estadounidense, env\u00edan marinos para respaldar a las tropas imperiales que hostigan a Yemen.<\/strong><\/p>\n<p>Con esa misma prepotencia y contando con complicidades internas, el resto de las<strong>\u00a0embajadas sionistas en Nuestram\u00e9rica enjuician con total descaro a pol\u00edticos, acad\u00e9micos u organizaciones sociales que apoyan a Palestina.\u00a0<\/strong>Piden prisi\u00f3n para ellos y si eso no sucede, acusan a los gobiernos de antisemitas, por no cumplir con \u00absu\u00bb mandato.<\/p>\n<p>Eso es lo que ocurri\u00f3 esta semana en el<strong>\u00a0Estado espa\u00f1ol,\u00a0<\/strong>cuando la\u00a0<strong>embajada de la estrella de David, con el apoyo de la prensa af\u00edn (o sea casi toda) criminaliz\u00f3 a las decenas de miles de vascos y vascas que en la tradicional fiesta de San Ferm\u00edn, en Pamplona, vivaron a Palestina<\/strong>.Y lo hicieron tanto desde el palco central como desde el llano. All\u00ed, el\u00a0<strong>colectivo Yala Navarra con Palestina,\u00a0<\/strong>fue quien abri\u00f3 la fiesta con un\u00a0<strong>discurso reivindicativo de ese pueblo valiente que resiste y pelea contra sus opresores. \u00a0<\/strong><\/p>\n<p>Abajo, en la\u00a0<strong>plaza frente al Ayuntamiento, en los balcones que rodean la misma, y en cada rinc\u00f3n de la ciudad, la bandera palestina flameaba orgullosa,\u00a0<\/strong>enmarcando ese sentimiento de\u00a0<strong>solidaridad internacionalista,<\/strong>\u00a0y un coro de miles de personas, respondieron a la vez con gritos de<strong>\u00a0\u00abPalestina libre\u00bb<\/strong>.\u00a0<strong>Para que ese estallido de voces solidarias se pudiera escuchar simb\u00f3licamente en los confines de Khan Yunis, Al-Mawasi o Tulkarem.<\/strong><\/p>\n<p>Esto es lo que la siniestra embajada ni el gobierno que representan jam\u00e1s van a entender. El sentimiento palestino ya no est\u00e1 solamente enclavado en territorio \u00e1rabe, sino que\u00a0<strong>vive y palpita en los millones de hombres y mujeres que en el\u00a0<a href=\"https:\/\/espanol.almayadeen.net\/noticias\/politica\/2037329\/maduro-exigi%C3%B3-alto-al-fuego-en-gaza-y-llam%C3%B3-a-frenar-escalad\">mundo apoyan su causa<\/a><\/strong>, que boicotean sus productos, que se niegan a viajar a \u00abIsrael\u00bb a pesar de recibir invitaciones \u00abtentadoras\u00bb, que denuncian a los asesinos en todos los \u00e1mbitos.<\/p>\n<p>Esta decisi\u00f3n de desenmascarar las mentiras del sionismo y sus colaterales, es parte de una victoria que se va construyendo d\u00eda a d\u00eda, derivada del enorme\u00a0<strong>esfuerzo que la resistencia palestina viene haciendo desde 1948, y que a partir del 7 de octubre de 2023 cobr\u00f3 dimensiones de epopeya.<\/strong><\/p>\n<p><a href=\"https:\/\/espanol.almayadeen.net\/articles\/2042321\/las-provocaciones-del-sionismo\"><strong>Fuente: Al Mayadeen\/Carlos Azn\u00e1rez\u00a0<\/strong><\/a><\/p>\n","protected":false},"excerpt":{"rendered":"<p>La ofensiva a gran escala que el mundo est\u00e1 sufriendo por parte de esa\u00a0alianza de&#8230;<\/p>\n","protected":false},"author":1,"featured_media":2883,"comment_status":"open","ping_status":"closed","sticky":false,"template":"","format":"standard","meta":{"footnotes":""},"categories":[56],"tags":[169,87,24],"class_list":["post-2882","post","type-post","status-publish","format-standard","has-post-thumbnail","hentry","category-medios-aliados","tag-donald-trump","tag-netanyahu","tag-sionismo"],"yoast_head":"<!-- This site is optimized with the Yoast SEO plugin v27.5 - https:\/\/yoast.com\/product\/yoast-seo-wordpress\/ -->\n<title>Las provocaciones del sionismo -<\/title>\n<meta name=\"description\" content=\"La ofensiva a gran escala que el mundo est\u00e1 sufriendo por parte de esa\u00a0alianza de la muerte\u00a0que conforman el\u00a0sionismo y el imperialismo, con Benjam\u00ed Netanyahu y Domald Trump.\" \/>\n<meta name=\"robots\" content=\"index, follow, max-snippet:-1, max-image-preview:large, max-video-preview:-1\" \/>\n<link rel=\"canonical\" href=\"https:\/\/hueleaazufre.com\/wordpress_a\/index.php\/2025\/07\/14\/las-provocaciones-del-sionismo\/\" \/>\n<meta property=\"og:locale\" content=\"es_ES\" \/>\n<meta property=\"og:type\" content=\"article\" \/>\n<meta property=\"og:title\" content=\"Las provocaciones del sionismo -\" \/>\n<meta property=\"og:description\" content=\"La ofensiva a gran escala que el mundo est\u00e1 sufriendo por parte de esa\u00a0alianza de la muerte\u00a0que conforman el\u00a0sionismo y el imperialismo, con Benjam\u00ed Netanyahu y Domald Trump.\" \/>\n<meta property=\"og:url\" content=\"https:\/\/hueleaazufre.com\/wordpress_a\/index.php\/2025\/07\/14\/las-provocaciones-del-sionismo\/\" \/>\n<meta property=\"article:published_time\" content=\"2025-07-14T20:14:20+00:00\" \/>\n<meta property=\"article:modified_time\" content=\"2025-07-14T20:45:04+00:00\" \/>\n<meta property=\"og:image\" content=\"https:\/\/hueleaazufre.com\/wordpress_a\/wp-content\/uploads\/2025\/07\/1a-5.webp\" \/>\n\t<meta property=\"og:image:width\" content=\"1000\" \/>\n\t<meta property=\"og:image:height\" content=\"597\" \/>\n\t<meta property=\"og:image:type\" content=\"image\/webp\" \/>\n<meta name=\"author\" content=\"Huele a azufre\" \/>\n<meta name=\"twitter:card\" content=\"summary_large_image\" \/>\n<meta name=\"twitter:label1\" content=\"Escrito por\" \/>\n\t<meta name=\"twitter:data1\" content=\"Huele a azufre\" \/>\n\t<meta name=\"twitter:label2\" content=\"Tiempo de lectura\" \/>\n\t<meta name=\"twitter:data2\" content=\"5 minutos\" \/>\n<script type=\"application\/ld+json\" class=\"yoast-schema-graph\">{\"@context\":\"https:\\\/\\\/schema.org\",\"@graph\":[{\"@type\":\"Article\",\"@id\":\"https:\\\/\\\/hueleaazufre.com\\\/wordpress_a\\\/index.php\\\/2025\\\/07\\\/14\\\/las-provocaciones-del-sionismo\\\/#article\",\"isPartOf\":{\"@id\":\"https:\\\/\\\/hueleaazufre.com\\\/wordpress_a\\\/index.php\\\/2025\\\/07\\\/14\\\/las-provocaciones-del-sionismo\\\/\"},\"author\":{\"name\":\"Huele a azufre\",\"@id\":\"https:\\\/\\\/hueleaazufre.com\\\/wordpress_a\\\/#\\\/schema\\\/person\\\/549dd871707ea7f9f1a686323ebe9baa\"},\"headline\":\"Las provocaciones del sionismo\",\"datePublished\":\"2025-07-14T20:14:20+00:00\",\"dateModified\":\"2025-07-14T20:45:04+00:00\",\"mainEntityOfPage\":{\"@id\":\"https:\\\/\\\/hueleaazufre.com\\\/wordpress_a\\\/index.php\\\/2025\\\/07\\\/14\\\/las-provocaciones-del-sionismo\\\/\"},\"wordCount\":1101,\"commentCount\":0,\"image\":{\"@id\":\"https:\\\/\\\/hueleaazufre.com\\\/wordpress_a\\\/index.php\\\/2025\\\/07\\\/14\\\/las-provocaciones-del-sionismo\\\/#primaryimage\"},\"thumbnailUrl\":\"https:\\\/\\\/hueleaazufre.com\\\/wordpress_a\\\/wp-content\\\/uploads\\\/2025\\\/07\\\/1a-5.webp\",\"keywords\":[\"Donald Trump\",\"Netanyahu\",\"Sionismo\"],\"articleSection\":[\"Medios aliados\"],\"inLanguage\":\"es\",\"potentialAction\":[{\"@type\":\"CommentAction\",\"name\":\"Comment\",\"target\":[\"https:\\\/\\\/hueleaazufre.com\\\/wordpress_a\\\/index.php\\\/2025\\\/07\\\/14\\\/las-provocaciones-del-sionismo\\\/#respond\"]}]},{\"@type\":\"WebPage\",\"@id\":\"https:\\\/\\\/hueleaazufre.com\\\/wordpress_a\\\/index.php\\\/2025\\\/07\\\/14\\\/las-provocaciones-del-sionismo\\\/\",\"url\":\"https:\\\/\\\/hueleaazufre.com\\\/wordpress_a\\\/index.php\\\/2025\\\/07\\\/14\\\/las-provocaciones-del-sionismo\\\/\",\"name\":\"Las provocaciones del sionismo -\",\"isPartOf\":{\"@id\":\"https:\\\/\\\/hueleaazufre.com\\\/wordpress_a\\\/#website\"},\"primaryImageOfPage\":{\"@id\":\"https:\\\/\\\/hueleaazufre.com\\\/wordpress_a\\\/index.php\\\/2025\\\/07\\\/14\\\/las-provocaciones-del-sionismo\\\/#primaryimage\"},\"image\":{\"@id\":\"https:\\\/\\\/hueleaazufre.com\\\/wordpress_a\\\/index.php\\\/2025\\\/07\\\/14\\\/las-provocaciones-del-sionismo\\\/#primaryimage\"},\"thumbnailUrl\":\"https:\\\/\\\/hueleaazufre.com\\\/wordpress_a\\\/wp-content\\\/uploads\\\/2025\\\/07\\\/1a-5.webp\",\"datePublished\":\"2025-07-14T20:14:20+00:00\",\"dateModified\":\"2025-07-14T20:45:04+00:00\",\"author\":{\"@id\":\"https:\\\/\\\/hueleaazufre.com\\\/wordpress_a\\\/#\\\/schema\\\/person\\\/549dd871707ea7f9f1a686323ebe9baa\"},\"description\":\"La ofensiva a gran escala que el mundo est\u00e1 sufriendo por parte de esa\u00a0alianza de la muerte\u00a0que conforman el\u00a0sionismo y el imperialismo, con Benjam\u00ed Netanyahu y Domald Trump.\",\"breadcrumb\":{\"@id\":\"https:\\\/\\\/hueleaazufre.com\\\/wordpress_a\\\/index.php\\\/2025\\\/07\\\/14\\\/las-provocaciones-del-sionismo\\\/#breadcrumb\"},\"inLanguage\":\"es\",\"potentialAction\":[{\"@type\":\"ReadAction\",\"target\":[\"https:\\\/\\\/hueleaazufre.com\\\/wordpress_a\\\/index.php\\\/2025\\\/07\\\/14\\\/las-provocaciones-del-sionismo\\\/\"]}]},{\"@type\":\"ImageObject\",\"inLanguage\":\"es\",\"@id\":\"https:\\\/\\\/hueleaazufre.com\\\/wordpress_a\\\/index.php\\\/2025\\\/07\\\/14\\\/las-provocaciones-del-sionismo\\\/#primaryimage\",\"url\":\"https:\\\/\\\/hueleaazufre.com\\\/wordpress_a\\\/wp-content\\\/uploads\\\/2025\\\/07\\\/1a-5.webp\",\"contentUrl\":\"https:\\\/\\\/hueleaazufre.com\\\/wordpress_a\\\/wp-content\\\/uploads\\\/2025\\\/07\\\/1a-5.webp\",\"width\":1000,\"height\":597},{\"@type\":\"BreadcrumbList\",\"@id\":\"https:\\\/\\\/hueleaazufre.com\\\/wordpress_a\\\/index.php\\\/2025\\\/07\\\/14\\\/las-provocaciones-del-sionismo\\\/#breadcrumb\",\"itemListElement\":[{\"@type\":\"ListItem\",\"position\":1,\"name\":\"Portada\",\"item\":\"https:\\\/\\\/hueleaazufre.com\\\/wordpress_a\\\/\"},{\"@type\":\"ListItem\",\"position\":2,\"name\":\"Las provocaciones del sionismo\"}]},{\"@type\":\"WebSite\",\"@id\":\"https:\\\/\\\/hueleaazufre.com\\\/wordpress_a\\\/#website\",\"url\":\"https:\\\/\\\/hueleaazufre.com\\\/wordpress_a\\\/\",\"name\":\"\",\"description\":\"Huele a azufre es una plataforma digital de an\u00e1lisis geopol\u00edtico.\",\"potentialAction\":[{\"@type\":\"SearchAction\",\"target\":{\"@type\":\"EntryPoint\",\"urlTemplate\":\"https:\\\/\\\/hueleaazufre.com\\\/wordpress_a\\\/?s={search_term_string}\"},\"query-input\":{\"@type\":\"PropertyValueSpecification\",\"valueRequired\":true,\"valueName\":\"search_term_string\"}}],\"inLanguage\":\"es\"},{\"@type\":\"Person\",\"@id\":\"https:\\\/\\\/hueleaazufre.com\\\/wordpress_a\\\/#\\\/schema\\\/person\\\/549dd871707ea7f9f1a686323ebe9baa\",\"name\":\"Huele a azufre\",\"image\":{\"@type\":\"ImageObject\",\"inLanguage\":\"es\",\"@id\":\"https:\\\/\\\/secure.gravatar.com\\\/avatar\\\/e972d5c124b9bf80eb4c9d322a90dd86a59d447f5da36700a77516f13637d44e?s=96&d=mm&r=g\",\"url\":\"https:\\\/\\\/secure.gravatar.com\\\/avatar\\\/e972d5c124b9bf80eb4c9d322a90dd86a59d447f5da36700a77516f13637d44e?s=96&d=mm&r=g\",\"contentUrl\":\"https:\\\/\\\/secure.gravatar.com\\\/avatar\\\/e972d5c124b9bf80eb4c9d322a90dd86a59d447f5da36700a77516f13637d44e?s=96&d=mm&r=g\",\"caption\":\"Huele a azufre\"},\"description\":\"Huele a azufre es una plataforma digital de an\u00e1lisis geopol\u00edtico\u00a0 contrahegem\u00f3nico, que busca visibilizar las voces y los discursos silenciados por el poder medi\u00e1tico.\",\"sameAs\":[\"https:\\\/\\\/hueleaazufre.com\\\/wordpress_a\"],\"url\":\"https:\\\/\\\/hueleaazufre.com\\\/wordpress_a\\\/index.php\\\/author\\\/admin_tupapa\\\/\"}]}<\/script>\n<!-- \/ Yoast SEO plugin. -->","yoast_head_json":{"title":"Las provocaciones del sionismo -","description":"La ofensiva a gran escala que el mundo est\u00e1 sufriendo por parte de esa\u00a0alianza de la muerte\u00a0que conforman el\u00a0sionismo y el imperialismo, con Benjam\u00ed Netanyahu y Domald Trump.","robots":{"index":"index","follow":"follow","max-snippet":"max-snippet:-1","max-image-preview":"max-image-preview:large","max-video-preview":"max-video-preview:-1"},"canonical":"https:\/\/hueleaazufre.com\/wordpress_a\/index.php\/2025\/07\/14\/las-provocaciones-del-sionismo\/","og_locale":"es_ES","og_type":"article","og_title":"Las provocaciones del sionismo -","og_description":"La ofensiva a gran escala que el mundo est\u00e1 sufriendo por parte de esa\u00a0alianza de la muerte\u00a0que conforman el\u00a0sionismo y el imperialismo, con Benjam\u00ed Netanyahu y Domald Trump.","og_url":"https:\/\/hueleaazufre.com\/wordpress_a\/index.php\/2025\/07\/14\/las-provocaciones-del-sionismo\/","article_published_time":"2025-07-14T20:14:20+00:00","article_modified_time":"2025-07-14T20:45:04+00:00","og_image":[{"width":1000,"height":597,"url":"https:\/\/hueleaazufre.com\/wordpress_a\/wp-content\/uploads\/2025\/07\/1a-5.webp","type":"image\/webp"}],"author":"Huele a azufre","twitter_card":"summary_large_image","twitter_misc":{"Escrito por":"Huele a azufre","Tiempo de lectura":"5 minutos"},"schema":{"@context":"https:\/\/schema.org","@graph":[{"@type":"Article","@id":"https:\/\/hueleaazufre.com\/wordpress_a\/index.php\/2025\/07\/14\/las-provocaciones-del-sionismo\/#article","isPartOf":{"@id":"https:\/\/hueleaazufre.com\/wordpress_a\/index.php\/2025\/07\/14\/las-provocaciones-del-sionismo\/"},"author":{"name":"Huele a azufre","@id":"https:\/\/hueleaazufre.com\/wordpress_a\/#\/schema\/person\/549dd871707ea7f9f1a686323ebe9baa"},"headline":"Las provocaciones del sionismo","datePublished":"2025-07-14T20:14:20+00:00","dateModified":"2025-07-14T20:45:04+00:00","mainEntityOfPage":{"@id":"https:\/\/hueleaazufre.com\/wordpress_a\/index.php\/2025\/07\/14\/las-provocaciones-del-sionismo\/"},"wordCount":1101,"commentCount":0,"image":{"@id":"https:\/\/hueleaazufre.com\/wordpress_a\/index.php\/2025\/07\/14\/las-provocaciones-del-sionismo\/#primaryimage"},"thumbnailUrl":"https:\/\/hueleaazufre.com\/wordpress_a\/wp-content\/uploads\/2025\/07\/1a-5.webp","keywords":["Donald Trump","Netanyahu","Sionismo"],"articleSection":["Medios aliados"],"inLanguage":"es","potentialAction":[{"@type":"CommentAction","name":"Comment","target":["https:\/\/hueleaazufre.com\/wordpress_a\/index.php\/2025\/07\/14\/las-provocaciones-del-sionismo\/#respond"]}]},{"@type":"WebPage","@id":"https:\/\/hueleaazufre.com\/wordpress_a\/index.php\/2025\/07\/14\/las-provocaciones-del-sionismo\/","url":"https:\/\/hueleaazufre.com\/wordpress_a\/index.php\/2025\/07\/14\/las-provocaciones-del-sionismo\/","name":"Las provocaciones del sionismo -","isPartOf":{"@id":"https:\/\/hueleaazufre.com\/wordpress_a\/#website"},"primaryImageOfPage":{"@id":"https:\/\/hueleaazufre.com\/wordpress_a\/index.php\/2025\/07\/14\/las-provocaciones-del-sionismo\/#primaryimage"},"image":{"@id":"https:\/\/hueleaazufre.com\/wordpress_a\/index.php\/2025\/07\/14\/las-provocaciones-del-sionismo\/#primaryimage"},"thumbnailUrl":"https:\/\/hueleaazufre.com\/wordpress_a\/wp-content\/uploads\/2025\/07\/1a-5.webp","datePublished":"2025-07-14T20:14:20+00:00","dateModified":"2025-07-14T20:45:04+00:00","author":{"@id":"https:\/\/hueleaazufre.com\/wordpress_a\/#\/schema\/person\/549dd871707ea7f9f1a686323ebe9baa"},"description":"La ofensiva a gran escala que el mundo est\u00e1 sufriendo por parte de esa\u00a0alianza de la muerte\u00a0que conforman el\u00a0sionismo y el imperialismo, con Benjam\u00ed Netanyahu y Domald Trump.","breadcrumb":{"@id":"https:\/\/hueleaazufre.com\/wordpress_a\/index.php\/2025\/07\/14\/las-provocaciones-del-sionismo\/#breadcrumb"},"inLanguage":"es","potentialAction":[{"@type":"ReadAction","target":["https:\/\/hueleaazufre.com\/wordpress_a\/index.php\/2025\/07\/14\/las-provocaciones-del-sionismo\/"]}]},{"@type":"ImageObject","inLanguage":"es","@id":"https:\/\/hueleaazufre.com\/wordpress_a\/index.php\/2025\/07\/14\/las-provocaciones-del-sionismo\/#primaryimage","url":"https:\/\/hueleaazufre.com\/wordpress_a\/wp-content\/uploads\/2025\/07\/1a-5.webp","contentUrl":"https:\/\/hueleaazufre.com\/wordpress_a\/wp-content\/uploads\/2025\/07\/1a-5.webp","width":1000,"height":597},{"@type":"BreadcrumbList","@id":"https:\/\/hueleaazufre.com\/wordpress_a\/index.php\/2025\/07\/14\/las-provocaciones-del-sionismo\/#breadcrumb","itemListElement":[{"@type":"ListItem","position":1,"name":"Portada","item":"https:\/\/hueleaazufre.com\/wordpress_a\/"},{"@type":"ListItem","position":2,"name":"Las provocaciones del sionismo"}]},{"@type":"WebSite","@id":"https:\/\/hueleaazufre.com\/wordpress_a\/#website","url":"https:\/\/hueleaazufre.com\/wordpress_a\/","name":"","description":"Huele a azufre es una plataforma digital de an\u00e1lisis geopol\u00edtico.","potentialAction":[{"@type":"SearchAction","target":{"@type":"EntryPoint","urlTemplate":"https:\/\/hueleaazufre.com\/wordpress_a\/?s={search_term_string}"},"query-input":{"@type":"PropertyValueSpecification","valueRequired":true,"valueName":"search_term_string"}}],"inLanguage":"es"},{"@type":"Person","@id":"https:\/\/hueleaazufre.com\/wordpress_a\/#\/schema\/person\/549dd871707ea7f9f1a686323ebe9baa","name":"Huele a azufre","image":{"@type":"ImageObject","inLanguage":"es","@id":"https:\/\/secure.gravatar.com\/avatar\/e972d5c124b9bf80eb4c9d322a90dd86a59d447f5da36700a77516f13637d44e?s=96&d=mm&r=g","url":"https:\/\/secure.gravatar.com\/avatar\/e972d5c124b9bf80eb4c9d322a90dd86a59d447f5da36700a77516f13637d44e?s=96&d=mm&r=g","contentUrl":"https:\/\/secure.gravatar.com\/avatar\/e972d5c124b9bf80eb4c9d322a90dd86a59d447f5da36700a77516f13637d44e?s=96&d=mm&r=g","caption":"Huele a azufre"},"description":"Huele a azufre es una plataforma digital de an\u00e1lisis geopol\u00edtico\u00a0 contrahegem\u00f3nico, que busca visibilizar las voces y los discursos silenciados por el poder medi\u00e1tico.","sameAs":["https:\/\/hueleaazufre.com\/wordpress_a"],"url":"https:\/\/hueleaazufre.com\/wordpress_a\/index.php\/author\/admin_tupapa\/"}]}},"_links":{"self":[{"href":"https:\/\/hueleaazufre.com\/wordpress_a\/index.php\/wp-json\/wp\/v2\/posts\/2882","targetHints":{"allow":["GET"]}}],"collection":[{"href":"https:\/\/hueleaazufre.com\/wordpress_a\/index.php\/wp-json\/wp\/v2\/posts"}],"about":[{"href":"https:\/\/hueleaazufre.com\/wordpress_a\/index.php\/wp-json\/wp\/v2\/types\/post"}],"author":[{"embeddable":true,"href":"https:\/\/hueleaazufre.com\/wordpress_a\/index.php\/wp-json\/wp\/v2\/users\/1"}],"replies":[{"embeddable":true,"href":"https:\/\/hueleaazufre.com\/wordpress_a\/index.php\/wp-json\/wp\/v2\/comments?post=2882"}],"version-history":[{"count":2,"href":"https:\/\/hueleaazufre.com\/wordpress_a\/index.php\/wp-json\/wp\/v2\/posts\/2882\/revisions"}],"predecessor-version":[{"id":2892,"href":"https:\/\/hueleaazufre.com\/wordpress_a\/index.php\/wp-json\/wp\/v2\/posts\/2882\/revisions\/2892"}],"wp:featuredmedia":[{"embeddable":true,"href":"https:\/\/hueleaazufre.com\/wordpress_a\/index.php\/wp-json\/wp\/v2\/media\/2883"}],"wp:attachment":[{"href":"https:\/\/hueleaazufre.com\/wordpress_a\/index.php\/wp-json\/wp\/v2\/media?parent=2882"}],"wp:term":[{"taxonomy":"category","embeddable":true,"href":"https:\/\/hueleaazufre.com\/wordpress_a\/index.php\/wp-json\/wp\/v2\/categories?post=2882"},{"taxonomy":"post_tag","embeddable":true,"href":"https:\/\/hueleaazufre.com\/wordpress_a\/index.php\/wp-json\/wp\/v2\/tags?post=2882"}],"curies":[{"name":"wp","href":"https:\/\/api.w.org\/{rel}","templated":true}]}}